{"id":14866,"date":"2022-05-05T08:00:27","date_gmt":"2022-05-05T06:00:27","guid":{"rendered":"https:\/\/www.welovecycling.com\/hu\/?p=14866"},"modified":"2022-04-29T16:35:07","modified_gmt":"2022-04-29T14:35:07","slug":"ezert-van-szuksegunk-tobb-csak-nokbol-allo-minden-szintre-kiterjedo-sportesemenyre-interju-liz-caraccioloval","status":"publish","type":"post","link":"https:\/\/www.welovecycling.com\/hu\/kozosseg-es-kultura\/ezert-van-szuksegunk-tobb-csak-nokbol-allo-minden-szintre-kiterjedo-sportesemenyre-interju-liz-caraccioloval\/","title":{"rendered":"Ez\u00e9rt van sz\u00fcks\u00e9g\u00fcnk t\u00f6bb, csak n\u0151kb\u0151l \u00e1ll\u00f3, minden szintre kiterjed\u0151 sportesem\u00e9nyre: Interj\u00fa Liz Caracciol\u00f3val"},"content":{"rendered":"<p><strong>&#8220;Hiszem, hogy nagy \u00e9rt\u00e9ket k\u00e9pvisel, ha hasonl\u00f3an gondolkod\u00f3 embereket tal\u00e1lunk, akik osztoznak a szem\u00e9lyes fejl\u0151d\u00e9s ir\u00e1nti v\u00e1gyban. Akkor kapod a legnagyobb t\u00e1mogat\u00e1st, amikor kil\u00e9psz a komfortz\u00f3n\u00e1db\u00f3l, \u00e9s amikor a legkiszolg\u00e1ltatottabbnak \u00e9rzed magad.&#8221;<\/strong><\/p>\n<p><!--more--><\/p>\n<p>Egy ker\u00e9kp\u00e1ros esem\u00e9nyen val\u00f3 r\u00e9szv\u00e9tel \u00e9letresz\u00f3l\u00f3 \u00e9lm\u00e9ny lehet. Att\u00f3l kezdve, hogy tal\u00e1lkozol valakivel, aki v\u00e9g\u00fcl kedves bar\u00e1tod vagy mentorod lesz, eg\u00e9szen addig, hogy bebizony\u00edtod magadnak, hogy el\u00e9g b\u00e1tor vagy ahhoz, hogy kipr\u00f3b\u00e1lj valami \u00fajat &#8211; rengeteg var\u00e1zslatos lehet\u0151s\u00e9get jelent, amikor a ker\u00e9kp\u00e1rosok \u00f6sszej\u00f6nnek \u00e9s kih\u00edv\u00e1sokat \u00e1ll\u00edtanak maguk el\u00e9.<\/p>\n<p>Sajnos a rendezv\u00e9nyek megf\u00e9leml\u00edt\u0151, exkluz\u00edvnak t\u0171n\u0151 terek is lehetnek, amik miatt sok bicikli rajong\u00f3 ink\u00e1bb kihagyja ezeket. K\u00fcl\u00f6n\u00f6sen a n\u0151k gyakran eml\u00edtik, hogy kirekesztve vagy t\u00falterheltnek \u00e9rzik magukat a versenyeken, \u00e9s ez tov\u00e1bbra is az egyik f\u0151 oka annak, hogy a r\u00e9szv\u00e9teli ar\u00e1nyuk alacsonyabb.<\/p>\n<figure id=\"attachment_14867\" aria-describedby=\"caption-attachment-14867\" style=\"width: 1022px\" class=\"wp-caption alignnone\"><a href=\"https:\/\/d2p6e6u75xmxt8.cloudfront.net\/12\/2022\/04\/Ignite-ride.jpg\"><img loading=\"lazy\" decoding=\"async\" class=\"wp-image-14867 size-full\" src=\"https:\/\/d2p6e6u75xmxt8.cloudfront.net\/12\/2022\/04\/Ignite-ride.jpg\" alt=\"Ignite All Women's Bike Ride\" width=\"1022\" height=\"681\" srcset=\"https:\/\/d2p6e6u75xmxt8.cloudfront.net\/12\/2022\/04\/Ignite-ride.jpg 1022w, https:\/\/d2p6e6u75xmxt8.cloudfront.net\/12\/2022\/04\/Ignite-ride-300x200.jpg 300w, https:\/\/d2p6e6u75xmxt8.cloudfront.net\/12\/2022\/04\/Ignite-ride-768x512.jpg 768w, https:\/\/d2p6e6u75xmxt8.cloudfront.net\/12\/2022\/04\/Ignite-ride-272x182.jpg 272w\" sizes=\"auto, (max-width: 1022px) 100vw, 1022px\" \/><\/a><figcaption id=\"caption-attachment-14867\" class=\"wp-caption-text\">\u00a9 Ignite<\/figcaption><\/figure>\n<p>Liz Caracciolo ezen pr\u00f3b\u00e1l v\u00e1ltoztatni. A szem\u00e9lyes fejl\u0151d\u00e9s, az \u00fczleti \u00e9let \u00e9s a fitnesz szak\u00e9rt\u0151jek\u00e9nt Liz annak szentelte az \u00e9let\u00e9t, hogy fizikailag \u00e9s ment\u00e1lisan is kiteljes\u00edtse a benne rejl\u0151 lehet\u0151s\u00e9geket, \u00e9s hogy m\u00e1s n\u0151knek is seg\u00edtsen ebben. A f\u0151iskol\u00e1n a kos\u00e1rlabdap\u00e1lya szt\u00e1rja volt, emellett t\u00f6bb tucat versenyen, maratonon \u00e9s triatlonon indult m\u00e1r, k\u00f6zt\u00fck az arizonai Ironmanen is. Most pedig az a c\u00e9lja, hogy min\u00e9l t\u00f6bb n\u0151i ker\u00e9kp\u00e1rosnak adjon \u00edzel\u00edt\u0151t ezekb\u0151l a siker\u00e9lm\u00e9nyekb\u0151l.<\/p>\n<p>Az elm\u00falt h\u00e9tv\u00e9g\u00e9n szervezete, az Ignite Events megrendezte az els\u0151 inkluz\u00edv, kiz\u00e1r\u00f3lag n\u0151knek sz\u00f3l\u00f3 ker\u00e9kp\u00e1ros esem\u00e9nyt, minden koroszt\u00e1lynak, minden tud\u00e1sszintnek megfelel\u0151 p\u00e1ly\u00e1kkal az arizonai Fountain Hillsben, az Egyes\u00fclt \u00c1llamokban. Az \u00e1prilis 10-\u00e9n megrendezett, t\u00f6bbnapos esem\u00e9ny lehet\u0151s\u00e9get adott a n\u0151knek arra, hogy \u00f6sszej\u00f6jjenek, \u00e9s szem\u00e9lyes fejl\u0151d\u00e9s\u00fckre koncentr\u00e1ljanak, \u00e1polj\u00e1k kapcsolataikat \u00e9s megval\u00f3s\u00edts\u00e1k saj\u00e1t maguk el\u00e9 \u00e1ll\u00edtott kih\u00edv\u00e1saikat. A vend\u00e9gel\u0151ad\u00f3k, szak\u00e9rt\u0151k \u00e9s szervez\u0151k is rendelkez\u00e9s\u00fckre \u00e1lltak, hogy t\u00e1mogat\u00e1st ny\u00fajtsanak, \u00edgy ez az esem\u00e9ny arr\u00f3l sz\u00f3lt, hogy a r\u00e9sztvev\u0151k egy elk\u00f6telezett \u00e9s \u00f6sszetart\u00f3 k\u00f6z\u00f6ss\u00e9g r\u00e9sz\u00e9v\u00e9 v\u00e1ljanak, \u00e9s legy\u0151zz\u00e9k a sportesem\u00e9nyekhez val\u00f3 csatlakoz\u00e1ssal j\u00e1r\u00f3 f\u00e9lelmet. Mivel ezt a koncepci\u00f3t nyilv\u00e1nval\u00f3an szeretj\u00fck, \u00f6r\u00fclt\u00fcnk, hogy lehet\u0151s\u00e9g\u00fcnk ny\u00edlt Lizzel besz\u00e9lgetni a sportban a kiz\u00e1r\u00f3lag n\u0151k sz\u00e1m\u00e1ra fenntartott terek fontoss\u00e1g\u00e1r\u00f3l, arr\u00f3l, hogyan lehet megtal\u00e1lni az eg\u00e9szs\u00e9ges egyens\u00falyt a versenyz\u00e9sben, \u00e9s mi\u00e9rt van sz\u00fcks\u00e9g t\u00f6bb er\u0151forr\u00e1sra a ker\u00e9kp\u00e1roz\u00e1s ment\u00e1lis terheinek kezel\u00e9s\u00e9hez.<\/p>\n<h4><strong>Sz\u00f3val, Liz, azt kell mondanom, hogy nagyon leny\u0171g\u00f6z\u0151 sportol\u00f3i h\u00e1tt\u00e9rrel rendelkezel! Persze nem mindenkit hajt az, hogy olyan szinten \u0171zze a dolgokat, mint te. M\u00e9gis, azt hiszem, valami, ami szinte mindenkivel, aki beleszeretett egy sport\u00e1gba, megt\u00f6rt\u00e9nik, az az, hogy miut\u00e1n \u00faj kih\u00edv\u00e1sokat keresel, \u00e9s elkezdesz m\u00e9rf\u00f6ldk\u00f6veket el\u00e9rni, magabiztosabbnak \u00e9rezheted magad, ahhoz, hogy valami m\u00e1st is kipr\u00f3b\u00e1lj. A k\u00f6zelg\u0151 rendezv\u00e9nyen hogyan seg\u00edtesz a n\u0151knek abban, hogy kiakn\u00e1zz\u00e1k ezt a lehet\u0151s\u00e9get?<\/strong><\/h4>\n<p>A rendezv\u00e9nyt pontosan ezzel a sz\u00e1nd\u00e9kkal tervezt\u00fck. Olyasmit akartunk k\u00edn\u00e1lni, amik vonzz\u00e1k a kezd\u0151 \u00e9s a halad\u00f3 versenyz\u0151ket is. Azt akartuk, hogy a sport\u00e1gba bel\u00e9p\u0151 n\u0151k m\u00e1r az esem\u00e9ny kezdet\u00e9n, a rajtra val\u00f3 felk\u00e9sz\u00fcl\u00e9s sor\u00e1n l\u00e1ss\u00e1k, hogy mi minden lehets\u00e9ges. A kezd\u0151k megn\u00e9zhetik, hogyan teljes\u00edtik a kih\u00edv\u00e1sokat a profibbak, a profik pedig seg\u00edtenek a kezd\u0151knek. V\u00e9g\u00fcl pedig a k\u00f6z\u00f6ss\u00e9g\u00fcnk digit\u00e1lis csatorn\u00e1kon kereszt\u00fcl kapcsol\u00f3dik \u00f6ssze, ahol a r\u00e9sztvev\u0151k megoszthatj\u00e1k tapasztalataikat \u00e9s eredm\u00e9nyeiket, \u00edgy minden tag egy\u00fctt \u00f6r\u00fclhet a sikereiknek!<\/p>\n<h4><strong>Ez fantasztikusan hangzik! A k\u00fcl\u00f6nb\u00f6z\u0151 szintek mellett milyen er\u0151forr\u00e1sokat k\u00edn\u00e1ltok, amik seg\u00edtenek a n\u0151knek a sport vagy a ker\u00e9kp\u00e1roz\u00e1s ment\u00e1lis aspektus\u00e1nak kidolgoz\u00e1s\u00e1ban?<\/strong><\/h4>\n<p>Micsoda remek k\u00e9rd\u00e9s! A hat\u00e1raink feszeget\u00e9se mag\u00e1ban foglalja azt is, hogy el\u0151sz\u00f6r csin\u00e1lunk valami \u00fajat. Mi ehhez a fizikai tev\u00e9keny\u00e9gek k\u00fcl\u00f6nb\u00f6z\u0151 aspektusaival foglalkoz\u00f3 szakembereket adunk. Tud\u00e1sukat vide\u00f3interj\u00fakon kereszt\u00fcl osztjuk meg a k\u00f6z\u00f6ss\u00e9g\u00fcnkkel, hogy olyan ter\u00fcleteken eduk\u00e1ljuk \u0151ket, mint az \u00e1sv\u00e1nyi anyagok szerepe, \u00e9s a test regener\u00e1ci\u00f3ja, az eg\u00e9szs\u00e9ges \u00e9s er\u0151s \u00e1llapot fenntart\u00e1sa, \u00e9s a hat\u00e1rok feszeget\u00e9se. Azzal, hogy inform\u00e1ci\u00f3t \u00e9s hozz\u00e1f\u00e9r\u00e9st biztos\u00edtunk ezekhez az er\u0151forr\u00e1sokhoz, \u00fagy gondoljuk, hogy pozit\u00edvan befoly\u00e1soljuk az emberek gondolkod\u00e1s\u00e1t, mert cs\u00f6kkentj\u00fck a bizonytalans\u00e1got \u00e9s a f\u00e9lelmet, \u00edgy k\u00f6nnyebben kimozdulnak a komfortz\u00f3n\u00e1jukb\u00f3l.<\/p>\n<figure id=\"attachment_14868\" aria-describedby=\"caption-attachment-14868\" style=\"width: 1022px\" class=\"wp-caption alignnone\"><a href=\"https:\/\/d2p6e6u75xmxt8.cloudfront.net\/12\/2022\/04\/Ignite-all-women-ride.jpg\"><img loading=\"lazy\" decoding=\"async\" class=\"wp-image-14868 size-full\" src=\"https:\/\/d2p6e6u75xmxt8.cloudfront.net\/12\/2022\/04\/Ignite-all-women-ride.jpg\" alt=\"Ignite all women's ride\" width=\"1022\" height=\"681\" srcset=\"https:\/\/d2p6e6u75xmxt8.cloudfront.net\/12\/2022\/04\/Ignite-all-women-ride.jpg 1022w, https:\/\/d2p6e6u75xmxt8.cloudfront.net\/12\/2022\/04\/Ignite-all-women-ride-300x200.jpg 300w, https:\/\/d2p6e6u75xmxt8.cloudfront.net\/12\/2022\/04\/Ignite-all-women-ride-768x512.jpg 768w, https:\/\/d2p6e6u75xmxt8.cloudfront.net\/12\/2022\/04\/Ignite-all-women-ride-272x182.jpg 272w\" sizes=\"auto, (max-width: 1022px) 100vw, 1022px\" \/><\/a><figcaption id=\"caption-attachment-14868\" class=\"wp-caption-text\">\u00a9 Ignite<\/figcaption><\/figure>\n<h4><strong>Van valamilyen tan\u00e1csod azoknak a n\u0151knek, akik amat\u0151ri biciklisek, \u00e9rdekli \u0151ket a sport\u00e1g, de nem tudj\u00e1k legy\u0151zni az imposztor-szindr\u00f3m\u00e1t?<\/strong><\/h4>\n<p>Igen! Vegy\u00e9tek fel a kapcsolatot m\u00e1sokkal (ak\u00e1r az IGNITE k\u00f6z\u00f6ss\u00e9g\u00fcnk\u00f6n kereszt\u00fcl, ak\u00e1r olyan emberekkel, akiknek van ker\u00e9kp\u00e1ros tapasztalatuk). Sokan, akik szeretik a sportot, sz\u00edvesen v\u00e1laszolnak a k\u00e9rd\u00e9seidre \u00e9s megosztanak olyan tippeket, amelyek pozit\u00edvabb\u00e1 teszik a teker\u00e9st. Egy m\u00e1sik nagyszer\u0171 lehet\u0151s\u00e9g, hogy a helyi ker\u00e9kp\u00e1rboltoddal felv\u00e9ve a kapcsolatot, tal\u00e1lsz egy csoportos ker\u00e9kp\u00e1rt\u00far\u00e1t a k\u00f6zeledben. Ha \u0151k nem is rendeznek saj\u00e1t csoportos t\u00far\u00e1kat, biztosan tudnak a k\u00f6rny\u00e9ken n\u00e9h\u00e1ny csoportr\u00f3l. Magyar\u00e1zd el, hogy m\u00e9g \u00faj vagy a sport\u00e1gban, \u00e9s seg\u00edteni fognak megtal\u00e1lni a neked val\u00f3 t\u00e1rsas\u00e1got!<\/p>\n<h4><strong>Mi\u00e9rt tartod fontosnak, hogy a n\u0151k sz\u00e1m\u00e1ra k\u00fcl\u00f6n teret biztos\u00edtsunk mind a sportban, mind \u00e1ltal\u00e1ban a t\u00e1rsadalomban?<\/strong><\/h4>\n<p>\u00c1ltal\u00e1noss\u00e1gban \u00fagy v\u00e9lem, hogy nagy \u00e9rt\u00e9ket k\u00e9pvisel a hasonl\u00f3 gondolkod\u00e1s\u00fa emberek megtal\u00e1l\u00e1sa, akik osztoznak a szem\u00e9lyes n\u00f6veked\u00e9s \u00e9s fejl\u0151d\u00e9s ir\u00e1nti v\u00e1gyban. \u00cdgy ott lesznek veled m\u00e1sok, akik t\u00e1mogat\u00e1st ny\u00fajtanak, amikor kil\u00e9psz a komfortz\u00f3n\u00e1db\u00f3l \u00e9s a legkiszolg\u00e1ltatottabbnak \u00e9rzed magad &#8211; a n\u0151k sz\u00e1m\u00e1ra kialak\u00edtott terek a t\u00e1mogat\u00e1s \u00e9s a k\u00f6z\u00f6s tapasztalatok r\u00e9v\u00e9n kik\u00f6vezhetik az utat.<\/p>\n<h4><strong>Szerinted mik a legjelent\u0151sebb akad\u00e1lyok, amik g\u00e1tolj\u00e1k a n\u0151ket a ker\u00e9kp\u00e1roz\u00e1sban? Milyen er\u0151forr\u00e1sok \u00e1llnak majd rendelkez\u00e9sre a rendezv\u00e9nyen, hogy seg\u00edtsenek ezek lek\u00fczd\u00e9s\u00e9ben?<\/strong><\/h4>\n<p>A ker\u00e9kp\u00e1roz\u00e1s egyik kritikus \u00f6sszetev\u0151je a felszerel\u00e9s. Id\u0151be telik megtanulni a mechanik\u00e1t, \u00e9s \u00fagy \u00e9rezni, hogy jobban ir\u00e1ny\u00edthatod a ker\u00e9kp\u00e1roz\u00e1s \u00e9lm\u00e9ny\u00e9t. Emellett a forgalommal egy\u00fctt val\u00f3 teker\u00e9s is gyakori aggodalom a f\u00e9lelem a biztons\u00e1g szempontj\u00e1b\u00f3l. Rendezv\u00e9ny\u00fcnk lehet\u0151s\u00e9get biztos\u00edt a bicikliseknek, hogy megtapasztalj\u00e1k a hosszabb t\u00e1v\u00fa orsz\u00e1g\u00fati teker\u00e9st egy k\u00e9nyelmesebb k\u00f6rnyezetben.<\/p>\n<h4><strong>Mit mondan\u00e1l azoknak a n\u0151knek, akik szeretn\u00e9nek form\u00e1ba lend\u00fclni, de nem biztosak a versenyz\u00e9s gondolat\u00e1ban? Mit gondolsz, milyen szerepet j\u00e1tszik a versenyz\u00e9s, \u00e9s hogyan tudod biztos\u00edtani, hogy a hozz\u00e1 val\u00f3 viszonyod eg\u00e9szs\u00e9ges maradjon?<\/strong><\/h4>\n<p>A versenyek t\u00f6bbet ny\u00fajtanak, mint lehet\u0151s\u00e9get a verseng\u00e9sre. Olyan alkalmak ezek, amikor a hasonl\u00f3an gondolkod\u00f3 emberek \u00f6sszej\u00f6nnek, hogy valami sz\u00e1mukra fontosat val\u00f3s\u00edtsanak meg. A c\u00e9l lehet, hogy mag\u00e1ban foglalja a m\u00e1sokkal val\u00f3 verseng\u00e9st. A c\u00e9l lehet minden m\u00e1s is, kezdve egy szem\u00e9lyes kih\u00edv\u00e1s el\u00e9r\u00e9s\u00e9t\u0151l, mint p\u00e9ld\u00e1ul egy esem\u00e9ny teljes\u00edt\u00e9se, vagy egy sport vagy tev\u00e9kenys\u00e9g meg\u00fcnnepl\u00e9s\u00e9re \u00f6sszegy\u0171l\u0151 nagy csoport energi\u00e1j\u00e1nak \u00e9s szellemis\u00e9g\u00e9nek \u00e9lvezete. A verseng\u00e9s sok embert motiv\u00e1lhat arra, hogy kil\u00e9pjen a komfortz\u00f3n\u00e1j\u00e1b\u00f3l. M\u00e1sokat pedig egyszer\u0171en csak inspir\u00e1lhatnak a k\u00f6r\u00fcl\u00f6tt\u00fck l\u00e9v\u0151k arra, hogy kipr\u00f3b\u00e1ljanak valami \u00fajat, vagy \u00e9lvezz\u00e9k a folyamatot, hogy el\u00e9rjenek egy \u00faj c\u00e9lt, amit maguknak \u00e1ll\u00edtottak fel. Engem szem\u00e9ly szerint mind motiv\u00e1l ezek k\u00f6z\u00fcl!<\/p>\n","protected":false},"excerpt":{"rendered":"<p>&#8220;Hiszem, hogy nagy \u00e9rt\u00e9ket k\u00e9pvisel, ha hasonl\u00f3an gondolkod\u00f3 embereket tal\u00e1lunk, akik osztoznak a szem\u00e9lyes fejl\u0151d\u00e9s ir\u00e1nti v\u00e1gyban. Akkor kapod a [&hellip;]<\/p>\n","protected":false},"author":71,"featured_media":14870,"comment_status":"open","ping_status":"open","sticky":false,"template":"","format":"standard","meta":{"footnotes":""},"categories":[12],"tags":[],"global-categories":[],"class_list":["post-14866","post","type-post","status-publish","format-standard","has-post-thumbnail","hentry","category-kozosseg-es-kultura"],"yoast_head":"<!-- This site is optimized with the Yoast SEO Premium plugin v25.3 (Yoast SEO v25.9) - https:\/\/yoast.com\/wordpress\/plugins\/seo\/ -->\n<title>Ez\u00e9rt van sz\u00fcks\u00e9g\u00fcnk t\u00f6bb, csak n\u0151kb\u0151l \u00e1ll\u00f3, minden szintre kiterjed\u0151 sportesem\u00e9nyre: Interj\u00fa Liz Caracciol\u00f3val<\/title>\n<meta name=\"description\" content=\"&quot;Hiszem, hogy nagy \u00e9rt\u00e9ket k\u00e9pvisel, ha hasonl\u00f3an gondolkod\u00f3 embereket tal\u00e1lunk, akik osztoznak a szem\u00e9lyes fejl\u0151d\u00e9s ir\u00e1nti v\u00e1gyban. Akkor kapod a legnagyobb t\u00e1mogat\u00e1st, amikor kil\u00e9psz a komfortz\u00f3n\u00e1db\u00f3l, \u00e9s amikor a legkiszolg\u00e1ltatottabbnak \u00e9rzed magad.&quot;\" \/>\n<meta name=\"robots\" content=\"index, follow, max-snippet:-1, max-image-preview:large, max-video-preview:-1\" \/>\n<link rel=\"canonical\" href=\"https:\/\/www.welovecycling.com\/hu\/kozosseg-es-kultura\/ezert-van-szuksegunk-tobb-csak-nokbol-allo-minden-szintre-kiterjedo-sportesemenyre-interju-liz-caraccioloval\/\" \/>\n<meta property=\"og:locale\" content=\"hu_HU\" \/>\n<meta property=\"og:type\" content=\"article\" \/>\n<meta property=\"og:title\" content=\"Ez\u00e9rt van sz\u00fcks\u00e9g\u00fcnk t\u00f6bb, csak n\u0151kb\u0151l \u00e1ll\u00f3, minden szintre kiterjed\u0151 sportesem\u00e9nyre: Interj\u00fa Liz Caracciol\u00f3val\" \/>\n<meta property=\"og:description\" content=\"&quot;Hiszem, hogy nagy \u00e9rt\u00e9ket k\u00e9pvisel, ha hasonl\u00f3an gondolkod\u00f3 embereket tal\u00e1lunk, akik osztoznak a szem\u00e9lyes fejl\u0151d\u00e9s ir\u00e1nti v\u00e1gyban. Akkor kapod a legnagyobb t\u00e1mogat\u00e1st, amikor kil\u00e9psz a komfortz\u00f3n\u00e1db\u00f3l, \u00e9s amikor a legkiszolg\u00e1ltatottabbnak \u00e9rzed magad.&quot;\" \/>\n<meta property=\"og:url\" content=\"https:\/\/www.welovecycling.com\/hu\/kozosseg-es-kultura\/ezert-van-szuksegunk-tobb-csak-nokbol-allo-minden-szintre-kiterjedo-sportesemenyre-interju-liz-caraccioloval\/\" \/>\n<meta property=\"og:site_name\" content=\"\u0160koda We Love Cycling - Magyarorsz\u00e1g\" \/>\n<meta property=\"article:publisher\" content=\"https:\/\/www.facebook.com\/WeLoveCyclingHungary\/\" \/>\n<meta property=\"article:published_time\" content=\"2022-05-05T06:00:27+00:00\" \/>\n<meta property=\"og:image\" content=\"https:\/\/d2p6e6u75xmxt8.cloudfront.net\/12\/2022\/04\/Ignite-ride-CVR.jpg\" \/>\n\t<meta property=\"og:image:width\" content=\"1366\" \/>\n\t<meta property=\"og:image:height\" content=\"600\" \/>\n\t<meta property=\"og:image:type\" content=\"image\/jpeg\" \/>\n<meta name=\"author\" content=\"hegyizs\" \/>\n<meta name=\"twitter:card\" content=\"summary_large_image\" \/>\n<meta name=\"twitter:label1\" content=\"Written by\" \/>\n\t<meta name=\"twitter:data1\" content=\"Megan Flottorp\" \/>\n\t<meta name=\"twitter:label2\" content=\"Est. reading time\" \/>\n\t<meta name=\"twitter:data2\" content=\"6\" \/>\n<script type=\"application\/ld+json\" class=\"yoast-schema-graph\">{\"@context\":\"https:\/\/schema.org\",\"@graph\":[{\"@type\":\"WebPage\",\"@id\":\"https:\/\/www.welovecycling.com\/hu\/kozosseg-es-kultura\/ezert-van-szuksegunk-tobb-csak-nokbol-allo-minden-szintre-kiterjedo-sportesemenyre-interju-liz-caraccioloval\/\",\"url\":\"https:\/\/www.welovecycling.com\/hu\/kozosseg-es-kultura\/ezert-van-szuksegunk-tobb-csak-nokbol-allo-minden-szintre-kiterjedo-sportesemenyre-interju-liz-caraccioloval\/\",\"name\":\"Ez\u00e9rt van sz\u00fcks\u00e9g\u00fcnk t\u00f6bb, csak n\u0151kb\u0151l \u00e1ll\u00f3, minden szintre kiterjed\u0151 sportesem\u00e9nyre: Interj\u00fa Liz Caracciol\u00f3val\",\"isPartOf\":{\"@id\":\"https:\/\/www.welovecycling.com\/hu\/#website\"},\"primaryImageOfPage\":{\"@id\":\"https:\/\/www.welovecycling.com\/hu\/kozosseg-es-kultura\/ezert-van-szuksegunk-tobb-csak-nokbol-allo-minden-szintre-kiterjedo-sportesemenyre-interju-liz-caraccioloval\/#primaryimage\"},\"image\":{\"@id\":\"https:\/\/www.welovecycling.com\/hu\/kozosseg-es-kultura\/ezert-van-szuksegunk-tobb-csak-nokbol-allo-minden-szintre-kiterjedo-sportesemenyre-interju-liz-caraccioloval\/#primaryimage\"},\"thumbnailUrl\":\"https:\/\/d2p6e6u75xmxt8.cloudfront.net\/12\/2022\/04\/Ignite-ride-CVR.jpg\",\"datePublished\":\"2022-05-05T06:00:27+00:00\",\"author\":{\"@id\":\"https:\/\/www.welovecycling.com\/hu\/#\/schema\/person\/414a2aebf1801691a5320edb6468e194\"},\"description\":\"\\\"Hiszem, hogy nagy \u00e9rt\u00e9ket k\u00e9pvisel, ha hasonl\u00f3an gondolkod\u00f3 embereket tal\u00e1lunk, akik osztoznak a szem\u00e9lyes fejl\u0151d\u00e9s ir\u00e1nti v\u00e1gyban. Akkor kapod a legnagyobb t\u00e1mogat\u00e1st, amikor kil\u00e9psz a komfortz\u00f3n\u00e1db\u00f3l, \u00e9s amikor a legkiszolg\u00e1ltatottabbnak \u00e9rzed magad.\\\"\",\"breadcrumb\":{\"@id\":\"https:\/\/www.welovecycling.com\/hu\/kozosseg-es-kultura\/ezert-van-szuksegunk-tobb-csak-nokbol-allo-minden-szintre-kiterjedo-sportesemenyre-interju-liz-caraccioloval\/#breadcrumb\"},\"inLanguage\":\"hu\",\"potentialAction\":[{\"@type\":\"ReadAction\",\"target\":[\"https:\/\/www.welovecycling.com\/hu\/kozosseg-es-kultura\/ezert-van-szuksegunk-tobb-csak-nokbol-allo-minden-szintre-kiterjedo-sportesemenyre-interju-liz-caraccioloval\/\"]}]},{\"@type\":\"ImageObject\",\"inLanguage\":\"hu\",\"@id\":\"https:\/\/www.welovecycling.com\/hu\/kozosseg-es-kultura\/ezert-van-szuksegunk-tobb-csak-nokbol-allo-minden-szintre-kiterjedo-sportesemenyre-interju-liz-caraccioloval\/#primaryimage\",\"url\":\"https:\/\/d2p6e6u75xmxt8.cloudfront.net\/12\/2022\/04\/Ignite-ride-CVR.jpg\",\"contentUrl\":\"https:\/\/d2p6e6u75xmxt8.cloudfront.net\/12\/2022\/04\/Ignite-ride-CVR.jpg\",\"width\":1366,\"height\":600,\"caption\":\"Ignite ride\"},{\"@type\":\"BreadcrumbList\",\"@id\":\"https:\/\/www.welovecycling.com\/hu\/kozosseg-es-kultura\/ezert-van-szuksegunk-tobb-csak-nokbol-allo-minden-szintre-kiterjedo-sportesemenyre-interju-liz-caraccioloval\/#breadcrumb\",\"itemListElement\":[{\"@type\":\"ListItem\",\"position\":1,\"name\":\"Home\",\"item\":\"https:\/\/www.welovecycling.com\/hu\/\"},{\"@type\":\"ListItem\",\"position\":2,\"name\":\"Ez\u00e9rt van sz\u00fcks\u00e9g\u00fcnk t\u00f6bb, csak n\u0151kb\u0151l \u00e1ll\u00f3, minden szintre kiterjed\u0151 sportesem\u00e9nyre: Interj\u00fa Liz Caracciol\u00f3val\"}]},{\"@type\":\"WebSite\",\"@id\":\"https:\/\/www.welovecycling.com\/hu\/#website\",\"url\":\"https:\/\/www.welovecycling.com\/hu\/\",\"name\":\"\u0160koda We Love Cycling - Magyarorsz\u00e1g\",\"description\":\"\u0160koda WeLoveCycling\",\"potentialAction\":[{\"@type\":\"SearchAction\",\"target\":{\"@type\":\"EntryPoint\",\"urlTemplate\":\"https:\/\/www.welovecycling.com\/hu\/?s={search_term_string}\"},\"query-input\":{\"@type\":\"PropertyValueSpecification\",\"valueRequired\":true,\"valueName\":\"search_term_string\"}}],\"inLanguage\":\"hu\"},{\"@type\":\"Person\",\"@id\":\"https:\/\/www.welovecycling.com\/hu\/#\/schema\/person\/414a2aebf1801691a5320edb6468e194\",\"name\":\"hegyizs\",\"image\":{\"@type\":\"ImageObject\",\"inLanguage\":\"hu\",\"@id\":\"https:\/\/www.welovecycling.com\/hu\/#\/schema\/person\/image\/\",\"url\":\"https:\/\/secure.gravatar.com\/avatar\/02cf8a7906b8cf90cecb4679defac7cfd33a1c2e3b88e4903d947f3bb58eedd3?s=96&d=mm&r=g\",\"contentUrl\":\"https:\/\/secure.gravatar.com\/avatar\/02cf8a7906b8cf90cecb4679defac7cfd33a1c2e3b88e4903d947f3bb58eedd3?s=96&d=mm&r=g\",\"caption\":\"hegyizs\"},\"url\":\"https:\/\/www.welovecycling.com\/hu\/author\/hegyizs\/\"}]}<\/script>\n<!-- \/ Yoast SEO Premium plugin. -->","yoast_head_json":{"title":"Ez\u00e9rt van sz\u00fcks\u00e9g\u00fcnk t\u00f6bb, csak n\u0151kb\u0151l \u00e1ll\u00f3, minden szintre kiterjed\u0151 sportesem\u00e9nyre: Interj\u00fa Liz Caracciol\u00f3val","description":"\"Hiszem, hogy nagy \u00e9rt\u00e9ket k\u00e9pvisel, ha hasonl\u00f3an gondolkod\u00f3 embereket tal\u00e1lunk, akik osztoznak a szem\u00e9lyes fejl\u0151d\u00e9s ir\u00e1nti v\u00e1gyban. Akkor kapod a legnagyobb t\u00e1mogat\u00e1st, amikor kil\u00e9psz a komfortz\u00f3n\u00e1db\u00f3l, \u00e9s amikor a legkiszolg\u00e1ltatottabbnak \u00e9rzed magad.\"","robots":{"index":"index","follow":"follow","max-snippet":"max-snippet:-1","max-image-preview":"max-image-preview:large","max-video-preview":"max-video-preview:-1"},"canonical":"https:\/\/www.welovecycling.com\/hu\/kozosseg-es-kultura\/ezert-van-szuksegunk-tobb-csak-nokbol-allo-minden-szintre-kiterjedo-sportesemenyre-interju-liz-caraccioloval\/","og_locale":"hu_HU","og_type":"article","og_title":"Ez\u00e9rt van sz\u00fcks\u00e9g\u00fcnk t\u00f6bb, csak n\u0151kb\u0151l \u00e1ll\u00f3, minden szintre kiterjed\u0151 sportesem\u00e9nyre: Interj\u00fa Liz Caracciol\u00f3val","og_description":"\"Hiszem, hogy nagy \u00e9rt\u00e9ket k\u00e9pvisel, ha hasonl\u00f3an gondolkod\u00f3 embereket tal\u00e1lunk, akik osztoznak a szem\u00e9lyes fejl\u0151d\u00e9s ir\u00e1nti v\u00e1gyban. Akkor kapod a legnagyobb t\u00e1mogat\u00e1st, amikor kil\u00e9psz a komfortz\u00f3n\u00e1db\u00f3l, \u00e9s amikor a legkiszolg\u00e1ltatottabbnak \u00e9rzed magad.\"","og_url":"https:\/\/www.welovecycling.com\/hu\/kozosseg-es-kultura\/ezert-van-szuksegunk-tobb-csak-nokbol-allo-minden-szintre-kiterjedo-sportesemenyre-interju-liz-caraccioloval\/","og_site_name":"\u0160koda We Love Cycling - Magyarorsz\u00e1g","article_publisher":"https:\/\/www.facebook.com\/WeLoveCyclingHungary\/","article_published_time":"2022-05-05T06:00:27+00:00","og_image":[{"width":1366,"height":600,"url":"https:\/\/d2p6e6u75xmxt8.cloudfront.net\/12\/2022\/04\/Ignite-ride-CVR.jpg","type":"image\/jpeg"}],"author":"hegyizs","twitter_card":"summary_large_image","twitter_misc":{"Written by":"Megan Flottorp","Est. reading time":"6"},"schema":{"@context":"https:\/\/schema.org","@graph":[{"@type":"WebPage","@id":"https:\/\/www.welovecycling.com\/hu\/kozosseg-es-kultura\/ezert-van-szuksegunk-tobb-csak-nokbol-allo-minden-szintre-kiterjedo-sportesemenyre-interju-liz-caraccioloval\/","url":"https:\/\/www.welovecycling.com\/hu\/kozosseg-es-kultura\/ezert-van-szuksegunk-tobb-csak-nokbol-allo-minden-szintre-kiterjedo-sportesemenyre-interju-liz-caraccioloval\/","name":"Ez\u00e9rt van sz\u00fcks\u00e9g\u00fcnk t\u00f6bb, csak n\u0151kb\u0151l \u00e1ll\u00f3, minden szintre kiterjed\u0151 sportesem\u00e9nyre: Interj\u00fa Liz Caracciol\u00f3val","isPartOf":{"@id":"https:\/\/www.welovecycling.com\/hu\/#website"},"primaryImageOfPage":{"@id":"https:\/\/www.welovecycling.com\/hu\/kozosseg-es-kultura\/ezert-van-szuksegunk-tobb-csak-nokbol-allo-minden-szintre-kiterjedo-sportesemenyre-interju-liz-caraccioloval\/#primaryimage"},"image":{"@id":"https:\/\/www.welovecycling.com\/hu\/kozosseg-es-kultura\/ezert-van-szuksegunk-tobb-csak-nokbol-allo-minden-szintre-kiterjedo-sportesemenyre-interju-liz-caraccioloval\/#primaryimage"},"thumbnailUrl":"https:\/\/d2p6e6u75xmxt8.cloudfront.net\/12\/2022\/04\/Ignite-ride-CVR.jpg","datePublished":"2022-05-05T06:00:27+00:00","author":{"@id":"https:\/\/www.welovecycling.com\/hu\/#\/schema\/person\/414a2aebf1801691a5320edb6468e194"},"description":"\"Hiszem, hogy nagy \u00e9rt\u00e9ket k\u00e9pvisel, ha hasonl\u00f3an gondolkod\u00f3 embereket tal\u00e1lunk, akik osztoznak a szem\u00e9lyes fejl\u0151d\u00e9s ir\u00e1nti v\u00e1gyban. Akkor kapod a legnagyobb t\u00e1mogat\u00e1st, amikor kil\u00e9psz a komfortz\u00f3n\u00e1db\u00f3l, \u00e9s amikor a legkiszolg\u00e1ltatottabbnak \u00e9rzed magad.\"","breadcrumb":{"@id":"https:\/\/www.welovecycling.com\/hu\/kozosseg-es-kultura\/ezert-van-szuksegunk-tobb-csak-nokbol-allo-minden-szintre-kiterjedo-sportesemenyre-interju-liz-caraccioloval\/#breadcrumb"},"inLanguage":"hu","potentialAction":[{"@type":"ReadAction","target":["https:\/\/www.welovecycling.com\/hu\/kozosseg-es-kultura\/ezert-van-szuksegunk-tobb-csak-nokbol-allo-minden-szintre-kiterjedo-sportesemenyre-interju-liz-caraccioloval\/"]}]},{"@type":"ImageObject","inLanguage":"hu","@id":"https:\/\/www.welovecycling.com\/hu\/kozosseg-es-kultura\/ezert-van-szuksegunk-tobb-csak-nokbol-allo-minden-szintre-kiterjedo-sportesemenyre-interju-liz-caraccioloval\/#primaryimage","url":"https:\/\/d2p6e6u75xmxt8.cloudfront.net\/12\/2022\/04\/Ignite-ride-CVR.jpg","contentUrl":"https:\/\/d2p6e6u75xmxt8.cloudfront.net\/12\/2022\/04\/Ignite-ride-CVR.jpg","width":1366,"height":600,"caption":"Ignite ride"},{"@type":"BreadcrumbList","@id":"https:\/\/www.welovecycling.com\/hu\/kozosseg-es-kultura\/ezert-van-szuksegunk-tobb-csak-nokbol-allo-minden-szintre-kiterjedo-sportesemenyre-interju-liz-caraccioloval\/#breadcrumb","itemListElement":[{"@type":"ListItem","position":1,"name":"Home","item":"https:\/\/www.welovecycling.com\/hu\/"},{"@type":"ListItem","position":2,"name":"Ez\u00e9rt van sz\u00fcks\u00e9g\u00fcnk t\u00f6bb, csak n\u0151kb\u0151l \u00e1ll\u00f3, minden szintre kiterjed\u0151 sportesem\u00e9nyre: Interj\u00fa Liz Caracciol\u00f3val"}]},{"@type":"WebSite","@id":"https:\/\/www.welovecycling.com\/hu\/#website","url":"https:\/\/www.welovecycling.com\/hu\/","name":"\u0160koda We Love Cycling - Magyarorsz\u00e1g","description":"\u0160koda WeLoveCycling","potentialAction":[{"@type":"SearchAction","target":{"@type":"EntryPoint","urlTemplate":"https:\/\/www.welovecycling.com\/hu\/?s={search_term_string}"},"query-input":{"@type":"PropertyValueSpecification","valueRequired":true,"valueName":"search_term_string"}}],"inLanguage":"hu"},{"@type":"Person","@id":"https:\/\/www.welovecycling.com\/hu\/#\/schema\/person\/414a2aebf1801691a5320edb6468e194","name":"hegyizs","image":{"@type":"ImageObject","inLanguage":"hu","@id":"https:\/\/www.welovecycling.com\/hu\/#\/schema\/person\/image\/","url":"https:\/\/secure.gravatar.com\/avatar\/02cf8a7906b8cf90cecb4679defac7cfd33a1c2e3b88e4903d947f3bb58eedd3?s=96&d=mm&r=g","contentUrl":"https:\/\/secure.gravatar.com\/avatar\/02cf8a7906b8cf90cecb4679defac7cfd33a1c2e3b88e4903d947f3bb58eedd3?s=96&d=mm&r=g","caption":"hegyizs"},"url":"https:\/\/www.welovecycling.com\/hu\/author\/hegyizs\/"}]}},"_links":{"self":[{"href":"https:\/\/www.welovecycling.com\/hu\/wp-json\/wp\/v2\/posts\/14866","targetHints":{"allow":["GET"]}}],"collection":[{"href":"https:\/\/www.welovecycling.com\/hu\/wp-json\/wp\/v2\/posts"}],"about":[{"href":"https:\/\/www.welovecycling.com\/hu\/wp-json\/wp\/v2\/types\/post"}],"author":[{"embeddable":true,"href":"https:\/\/www.welovecycling.com\/hu\/wp-json\/wp\/v2\/users\/71"}],"replies":[{"embeddable":true,"href":"https:\/\/www.welovecycling.com\/hu\/wp-json\/wp\/v2\/comments?post=14866"}],"version-history":[{"count":2,"href":"https:\/\/www.welovecycling.com\/hu\/wp-json\/wp\/v2\/posts\/14866\/revisions"}],"predecessor-version":[{"id":14876,"href":"https:\/\/www.welovecycling.com\/hu\/wp-json\/wp\/v2\/posts\/14866\/revisions\/14876"}],"wp:featuredmedia":[{"embeddable":true,"href":"https:\/\/www.welovecycling.com\/hu\/wp-json\/wp\/v2\/media\/14870"}],"wp:attachment":[{"href":"https:\/\/www.welovecycling.com\/hu\/wp-json\/wp\/v2\/media?parent=14866"}],"wp:term":[{"taxonomy":"category","embeddable":true,"href":"https:\/\/www.welovecycling.com\/hu\/wp-json\/wp\/v2\/categories?post=14866"},{"taxonomy":"post_tag","embeddable":true,"href":"https:\/\/www.welovecycling.com\/hu\/wp-json\/wp\/v2\/tags?post=14866"},{"taxonomy":"global-categories","embeddable":true,"href":"https:\/\/www.welovecycling.com\/hu\/wp-json\/wp\/v2\/global-categories?post=14866"}],"curies":[{"name":"wp","href":"https:\/\/api.w.org\/{rel}","templated":true}]}}