{"id":14859,"date":"2022-05-06T08:00:26","date_gmt":"2022-05-06T06:00:26","guid":{"rendered":"https:\/\/www.welovecycling.com\/hu\/?p=14859"},"modified":"2022-04-29T16:35:56","modified_gmt":"2022-04-29T14:35:56","slug":"10-dolog-amit-ne-mondj-egy-noi-biciklisnek","status":"publish","type":"post","link":"https:\/\/www.welovecycling.com\/hu\/kozosseg-es-kultura\/10-dolog-amit-ne-mondj-egy-noi-biciklisnek\/","title":{"rendered":"10 dolog, amit ne mondj egy n\u0151i biciklisnek"},"content":{"rendered":"<p><strong>B\u00e1r a c\u00edm ezt sugallhatja, ez a cikk nem csak a f\u00e9rfiaknak sz\u00f3l. B\u00e1r jellemz\u0151en a f\u00e9rfiak esnek bele abba a hib\u00e1ba, hogy m\u00e1shogy besz\u00e9lnek a n\u0151i ker\u00e9kp\u00e1rosokkal, de term\u00e9szetesen mindenki sz\u00e1m\u00e1ra tanuls\u00e1gos lehet, hogy mik azok a dolgok, amiket szerint\u00fcnk nem illik mondani.<\/strong><\/p>\n<p><!--more--><\/p>\n<p>Eg\u00e9sz \u00e9letemben a biciklivel \u00e9s a bicikliz\u00e9ssel foglalkoztam. Sz\u00f3 szerint mindennel, ami ezzel kapcsolatos, az \u00fczletekben az elad\u00f3kt\u00f3l \u00e9s szerel\u0151kt\u0151l kezdve az orsz\u00e1g\u00fati, p\u00e1lya-, cyclo-cross- \u00e9s hegyiker\u00e9kp\u00e1r-versenyz\u00e9sen \u00e1t a ker\u00e9kp\u00e1ros tartalmak \u00edr\u00e1s\u00e1ig \u00e9s a profi csapatokkal val\u00f3 egy\u00fcttm\u0171k\u00f6d\u00e9sig. Ismerem a t\u00e9m\u00e1t, \u00e9s tudom, hogy vannak m\u00e9g hozz\u00e1m hasonl\u00f3 n\u0151k. De nem \u00e1ll\u00edtom, hogy minden n\u0151t k\u00e9pviselek. Az al\u00e1bbi &#8220;tapasztalatok&#8221; a saj\u00e1tjaim, de tal\u00e1n n\u00e9h\u00e1nyan felismerik magukat benn\u00fck. L\u00e1ssunk hozz\u00e1!<\/p>\n<figure id=\"attachment_14860\" aria-describedby=\"caption-attachment-14860\" style=\"width: 1000px\" class=\"wp-caption alignnone\"><a href=\"https:\/\/d2p6e6u75xmxt8.cloudfront.net\/12\/2022\/04\/Woman-cycling-profimedia-0141217695.jpg\"><img loading=\"lazy\" decoding=\"async\" class=\"wp-image-14860 size-full\" src=\"https:\/\/d2p6e6u75xmxt8.cloudfront.net\/12\/2022\/04\/Woman-cycling-profimedia-0141217695.jpg\" alt=\"Woman cycling\" width=\"1000\" height=\"664\" srcset=\"https:\/\/d2p6e6u75xmxt8.cloudfront.net\/12\/2022\/04\/Woman-cycling-profimedia-0141217695.jpg 1000w, https:\/\/d2p6e6u75xmxt8.cloudfront.net\/12\/2022\/04\/Woman-cycling-profimedia-0141217695-300x199.jpg 300w, https:\/\/d2p6e6u75xmxt8.cloudfront.net\/12\/2022\/04\/Woman-cycling-profimedia-0141217695-768x510.jpg 768w, https:\/\/d2p6e6u75xmxt8.cloudfront.net\/12\/2022\/04\/Woman-cycling-profimedia-0141217695-272x182.jpg 272w\" sizes=\"auto, (max-width: 1000px) 100vw, 1000px\" \/><\/a><figcaption id=\"caption-attachment-14860\" class=\"wp-caption-text\"><em>Mit ne mondj egy n\u0151i biciklisnek? \u00a9 Profimedia<\/em><\/figcaption><\/figure>\n<h2><strong>Eln\u00e9z\u00e9st, uram!<\/strong><\/h2>\n<p>A legt\u00f6bb n\u0151nek van, hogy a haja hosszabb \u00e9s van, hogy r\u00f6videbb. A r\u00f6vid haj hat\u00e1rozottan praktikusabb a sportol\u00f3 emberek sz\u00e1m\u00e1ra, \u00e9s egy sisak k\u00f6nnyen t\u00f6nkreteheti a frizur\u00e1t.<\/p>\n<p>Amikor sisak van rajtam, nem t\u00fal neh\u00e9z \u00f6sszet\u00e9veszteni egy f\u00e9rfi biciklissel, k\u00fcl\u00f6n\u00f6sen, ha h\u00e1tulr\u00f3l l\u00e1tsz. Ez el\u00e9g gyakran el\u0151fordul. Ne hidd, hogy minden r\u00f6vid haj\u00fa biciklis f\u00e9rfi! Nem a hajunk hossza hat\u00e1rozza meg a n\u0151iess\u00e9g\u00fcnket.<\/p>\n<h2><strong>Besz\u00e9lhetn\u00e9k egy szerel\u0151vel?<\/strong><\/h2>\n<p>Rengeteg m\u0171helyben dolgoztam m\u00e1r. Szeretem a k\u00e9tkezi munk\u00e1t, mechanikai be\u00e1ll\u00edtotts\u00e1g\u00fa vagyok. Ker\u00e9kp\u00e1rosk\u00e9nt az, hogy megtanultam, hogyan fejlesszem a felszerel\u00e9sem, sz\u00fcks\u00e9gszer\u0171s\u00e9g, gazdas\u00e1goss\u00e1g \u00e9s \u00e9rdekl\u0151d\u00e9s k\u00e9rd\u00e9se volt. A szerel\u0151v\u00e9 v\u00e1l\u00e1s term\u00e9szetesen j\u00f6tt.<\/p>\n<p>Minden m\u0171hely dics\u00e9retet \u00e9rdemel, ahol n\u0151i szerel\u0151ket alkalmaznak. Elk\u00e9pzelhet\u0151, hogy neked is vissza kellene fognod magad, amikor az \u00fcgyfelek \u00fagy j\u00f6nnek oda a pulthoz, hogy ez az els\u0151 k\u00e9rd\u00e9s\u00fck hozz\u00e1d: <em>\u201cBesz\u00e9lhetn\u00e9k egy szerel\u0151vel<\/em>?\u201d Hell\u00f3, itt van egy pont el\u0151tted, a m\u0171hely k\u00f6t\u00e9ny\u00e9ben, szersz\u00e1mmal a kez\u00e9ben, piszkos kezekkel \u00e9s k\u00f6rm\u00f6kkel. Ezen mit nem lehet \u00e9rteni? Nyisd ki a szemed \u00e9s tedd f\u00e9lre az el\u0151\u00edt\u00e9leteid arr\u00f3l, milyen nem\u0171nek is k\u00e9ne lennie egy szerel\u0151nek!<\/p>\n<h2><strong>Sz\u00fcks\u00e9ged van seg\u00edts\u00e9gre?<\/strong><\/h2>\n<p>B\u00e1r a legt\u00f6bb n\u0151 \u00e9rt\u00e9keli a lovagiass\u00e1got (nevezz\u00fck, aminek akarjuk) vagy egy egyszer\u0171 kedves gesztust b\u00e1rki r\u00e9sz\u00e9r\u0151l, aki sz\u00fcks\u00e9g eset\u00e9n felaj\u00e1nlja a seg\u00edts\u00e9g\u00e9t, a k\u00fcl\u00f6nbs\u00e9g nyilv\u00e1nval\u00f3. Persze jobb, mint az ellenkez\u0151je, vagyis ha senkinek sem jut esz\u00e9be seg\u00edteni a bajbajutottaknak.<\/p>\n<p>\u00c9n azonban t\u00f6bb mint k\u00e9pes vagyok arra, hogy megjav\u00edtsam a defektemet az \u00fat sz\u00e9l\u00e9n. Igen, a mai szigor\u00fabb gumiszabv\u00e1nyok mellett n\u00e9ha neh\u00e9z a felnire feltenni a gumit, de neked is neh\u00e9z. K\u00f6sz\u00f6n\u00f6m. Meg tudom oldani. Most, hogy udvariasan visszautas\u00edtottam az aj\u00e1nlatod, k\u00e9rlek, menj tov\u00e1bb. Nincs sz\u00fcks\u00e9gem fel\u00fcgyeletre.<\/p>\n<p>H\u00e1ny ember kell egy gumicser\u00e9hez? R\u00e9gebben minden h\u00e9tv\u00e9g\u00e9n egy csapat sr\u00e1ccal tekertem. Egy hideg t\u00e9li napon, k\u00f6r\u00fclbel\u00fcl n\u00e9gyen pr\u00f3b\u00e1ltak seg\u00edteni egy m\u00e1sik sr\u00e1cnak gumit cser\u00e9lni. \u00c9n csak \u00e1lltam \u00e9s n\u00e9ztem, am\u00edg el nem kezdtem f\u00e1zni \u00e9s k\u00f6zbe nem l\u00e9ptem. Harminc m\u00e1sodperc alatt felraktam a gumit, felpump\u00e1ltam, \u00e9s m\u00e1r ment\u00fcnk is tov\u00e1bb. Az eg\u00e9sz a technik\u00e1r\u00f3l sz\u00f3l, nem az er\u0151r\u0151l.<\/p>\n<h2><strong>A bar\u00e1tod vagy apuk\u00e1d vett r\u00e1 a ker\u00e9kp\u00e1roz\u00e1sra?<\/strong><\/h2>\n<p>Mi\u00e9rt gondolj\u00e1k egyesek, hogy a n\u0151knek sz\u00fcks\u00e9g\u00fck van egy f\u00e9rfira az \u00e9let\u00fckben, hogy r\u00e1vegy\u00e9k \u0151ket a ker\u00e9kp\u00e1roz\u00e1sra? Hah\u00f3! Nek\u00fcnk is megvan a magunk esze \u00e9s \u00e9rdekl\u0151d\u00e9si k\u00f6re, k\u00e9pesek vagyunk magunk eld\u00f6nteni, hogy ker\u00e9kp\u00e1rozunk-e, csatlakozunk-e egy csoportos biciklit\u00far\u00e1hoz vagy regisztr\u00e1lunk-e a k\u00f6vetkez\u0151 Gran Fond\u00f3ra.<\/p>\n<h2><strong>Nem f\u00e9lsz att\u00f3l, hogy nagy combjaid lesznek?<\/strong><\/h2>\n<p>Komolyan? Ezt k\u00e9rdezed t\u0151lem? A legt\u00f6bb kem\u00e9nyvonalas n\u0151i ker\u00e9kp\u00e1rosnak, akit ismerek, karcs\u00fa, izmos \u00e9s remek\u00fcl kin\u00e9z\u0151 l\u00e1bai vannak! Nem \u00e1llok olyan rosszul, ezt elmondhatom magamr\u00f3l (pozit\u00edv testk\u00e9p, igen!); de n\u00e9h\u00e1nyukra irigykedem. Mivel nem vagyok profi biciklis, nyilv\u00e1n nem teszek bele ugyanannyi kilom\u00e9tert, \u00e9s nem fogok ugyanolyan eredm\u00e9nyeket el\u00e9rni. Ez a helyzet velej\u00e1r\u00f3ja.<\/p>\n<p>Sz\u00f3val nem, nem f\u00e9lek att\u00f3l, hogy er\u0151s, izmos combokat kapok. Minden form\u00e1ban \u00e9s m\u00e9retben l\u00e9tez\u00fcnk. Tekerj\u00e9tek csak a ped\u00e1lokat, h\u00f6lgyeim!<\/p>\n<h2><strong>Soha nem lesz f\u00e9rjed, ha \u00edgy folytatod a teker\u00e9st.<\/strong><\/h2>\n<p>Eml\u00e9kszel m\u00e9g azokra a sr\u00e1cokra, akikkel h\u00e9tv\u00e9gente egy\u00fctt tekertem? Ezt nem egyszer mondt\u00e1k nekem. Mindannyian bele akart\u00e1k \u00fctni az orrukat a mag\u00e1n\u00fcgyeimbe, \u00e9s folyamatosan azt mondt\u00e1k nekem, hogy a f\u00e9rfiak nem akarnak olyan n\u0151vel lenni, aki jobb biciklis, mint \u0151k.<\/p>\n<p>Rengeteg olyan f\u00e9rfi van, aki tiszteli \u00e9s becs\u00fcli a sportos n\u0151ket. Nem \u00e9rzik, hogy vesz\u00e9lyben lenne a f\u00e9rfiass\u00e1guk \u00e9s joggal szeretik, hogy a feles\u00e9g\u00fck vagy a partner\u00fck egy vag\u00e1ny biciklis. Nem hallgattam r\u00e1juk, \u00e9s neked sem kell!<\/p>\n<p>Egy\u00e9bk\u00e9nt a f\u00e9rjemet is ker\u00e9kp\u00e1ron ismertem meg. Nagyszer\u0171 dolog, ha van egy partnered, aki osztozik a kedvenc tev\u00e9kenys\u00e9gedben. Egy\u00fctt teker\u00fcnk, \u00e9s senki sem rohan, hogy &#8220;id\u0151ben&#8221; \u00e9rjen haza a m\u00e1sikhoz.<\/p>\n<h2><strong>A n\u0151k a test\u00fcket haszn\u00e1lj\u00e1k a ker\u00e9kp\u00e1ros cuccok forgalmaz\u00e1s\u00e1ra<\/strong><\/h2>\n<p>Ok\u00e9, ezt senki sem mondta nekem konkr\u00e9tan, de rendszeresen l\u00e1tom az interneten \u00e9s a k\u00f6z\u00f6ss\u00e9gi m\u00e9di\u00e1ban. H\u00fazd fel a cipz\u00e1rat a mezen, kedvesem! Olvasd el a c\u00e9lozgat\u00e1sokat a kommentekben. T\u00e9nyleg azt akarod, hogy t\u00e1rgyk\u00e9nt kezeljenek, \u00e9s nem megfelel\u0151 viccek c\u00e9lt\u00e1bl\u00e1ja legy\u00e9l?<\/p>\n<h2><strong>H\u00fasv\u00e9ti toj\u00e1snak akarsz t\u0171nni?<\/strong><\/h2>\n<p>Ezt a megjegyz\u00e9st sem mondta nekem soha senki, ink\u00e1bb a t\u00e1rsadalomra reflekt\u00e1lok. Mi\u00e9rt, mi\u00e9rt, mi\u00e9rt, mi\u00e9rt gy\u00e1rt sok ker\u00e9kp\u00e1ros m\u00e1rka olyan n\u0151i ruh\u00e1kat, amelyekben \u00fagy n\u00e9z\u00fcnk ki, mint a h\u00fasv\u00e9ti toj\u00e1sok? Tal\u00e1n egy nap a civiliz\u00e1ci\u00f3nk elmozdul ett\u0151l a ber\u00f6gz\u0151d\u00e9st\u0151l, hogy a n\u0151i ruh\u00e1knak sz\u00ednesnek kell lenni\u00fck. Addig is, legal\u00e1bb k\u00edn\u00e1ljanak t\u00f6bb sz\u00ednt a r\u00f3zsasz\u00ednn\u00e9l \u00e9s a lil\u00e1n\u00e1l!<\/p>\n<p>\u00c9s besz\u00e9lhetn\u00e9nk a zsebekr\u0151l? Sok n\u0151i ker\u00e9kp\u00e1ros trik\u00f3nak csak k\u00e9t zsebe van, nem pedig a szok\u00e1sos h\u00e1rom. Vajon kevesebbet kell cipeln\u00fcnk, mint f\u00e9rfi t\u00e1rsainknak, mik\u00f6zben ker\u00e9kp\u00e1rozunk? Vagy tal\u00e1n azt hiszik, hogy mi csak nem teker\u00fcnk olyan messzire?<\/p>\n<h2><strong>A lassabb csoportos t\u00fara f\u00e9l \u00f3ra m\u00falva indul.<\/strong><\/h2>\n<p>Hozz\u00e1m besz\u00e9lsz? T\u00e9nyleg? Semmit sem tudsz r\u00f3lam vagy az el\u00e9rt szintemr\u0151l, m\u00e9gis azt felt\u00e9telezed, hogy az\u00e9rt, mert n\u0151 vagyok, lassabb csoportban kell tekernem. Mi van ezzel? Fogadok, hogy le tudlak hagyni az emelked\u0151n, de mi\u00e9rt nem hagyod, hogy el\u0151bb megmutassam, mit tudok, miel\u0151tt \u00edt\u00e9lkezel?<\/p>\n<h2><strong>Vannak profi n\u0151i orsz\u00e1g\u00fati versenycsapatok?<\/strong><\/h2>\n<p>\u00c9s m\u00e9g te nevezed magad ker\u00e9kp\u00e1rrajong\u00f3nak. Barlangban \u00e9lsz? Igen, l\u00e9teznek \u00e9s vir\u00e1goznak a profi n\u0151i orsz\u00e1g\u00fati versenycsapatok! 14 WorldTour n\u0151i csapat van, \u00e9s tov\u00e1bbi 49 csapat versenyez kontinent\u00e1lis szinten! Ez rengeteg n\u0151, akik profi szinten tekernek. Fantasztikus, hogy a fiatal n\u0151knek vil\u00e1gszerte profi n\u0151i orsz\u00e1g\u00fati versenyz\u0151k \u00e9s bajnokok \u00e1llnak p\u00e9ldak\u00e9p\u00fcl. Ez a j\u00f6v\u0151ben csak m\u00e9g t\u00f6bb n\u0151t fog arra \u00f6szt\u00f6n\u00f6zni, hogy csatlakozzon a sport\u00e1ghoz.<\/p>\n","protected":false},"excerpt":{"rendered":"<p>B\u00e1r a c\u00edm ezt sugallhatja, ez a cikk nem csak a f\u00e9rfiaknak sz\u00f3l. B\u00e1r jellemz\u0151en a f\u00e9rfiak esnek bele abba [&hellip;]<\/p>\n","protected":false},"author":71,"featured_media":14862,"comment_status":"open","ping_status":"open","sticky":false,"template":"","format":"standard","meta":{"footnotes":""},"categories":[12],"tags":[],"global-categories":[],"class_list":["post-14859","post","type-post","status-publish","format-standard","has-post-thumbnail","hentry","category-kozosseg-es-kultura"],"yoast_head":"<!-- This site is optimized with the Yoast SEO Premium plugin v25.3 (Yoast SEO v25.9) - https:\/\/yoast.com\/wordpress\/plugins\/seo\/ -->\n<title>10 dolog, amit ne mondj egy n\u0151i biciklisnek<\/title>\n<meta name=\"description\" content=\"B\u00e1r a c\u00edm ezt sugallhatja, ez a cikk nem csak a f\u00e9rfiaknak sz\u00f3l. B\u00e1r jellemz\u0151en a f\u00e9rfiak esnek bele abba a hib\u00e1ba, hogy m\u00e1shogy besz\u00e9lnek a n\u0151i ker\u00e9kp\u00e1rosokkal, de term\u00e9szetesen mindenki sz\u00e1m\u00e1ra tanuls\u00e1gos lehet, hogy mik azok a dolgok, amiket szerint\u00fcnk nem illik mondani.\" \/>\n<meta name=\"robots\" content=\"index, follow, max-snippet:-1, max-image-preview:large, max-video-preview:-1\" \/>\n<link rel=\"canonical\" href=\"https:\/\/www.welovecycling.com\/hu\/kozosseg-es-kultura\/10-dolog-amit-ne-mondj-egy-noi-biciklisnek\/\" \/>\n<meta property=\"og:locale\" content=\"hu_HU\" \/>\n<meta property=\"og:type\" content=\"article\" \/>\n<meta property=\"og:title\" content=\"10 dolog, amit ne mondj egy n\u0151i biciklisnek\" \/>\n<meta property=\"og:description\" content=\"B\u00e1r a c\u00edm ezt sugallhatja, ez a cikk nem csak a f\u00e9rfiaknak sz\u00f3l. B\u00e1r jellemz\u0151en a f\u00e9rfiak esnek bele abba a hib\u00e1ba, hogy m\u00e1shogy besz\u00e9lnek a n\u0151i ker\u00e9kp\u00e1rosokkal, de term\u00e9szetesen mindenki sz\u00e1m\u00e1ra tanuls\u00e1gos lehet, hogy mik azok a dolgok, amiket szerint\u00fcnk nem illik mondani.\" \/>\n<meta property=\"og:url\" content=\"https:\/\/www.welovecycling.com\/hu\/kozosseg-es-kultura\/10-dolog-amit-ne-mondj-egy-noi-biciklisnek\/\" \/>\n<meta property=\"og:site_name\" content=\"\u0160koda We Love Cycling - Magyarorsz\u00e1g\" \/>\n<meta property=\"article:publisher\" content=\"https:\/\/www.facebook.com\/WeLoveCyclingHungary\/\" \/>\n<meta property=\"article:published_time\" content=\"2022-05-06T06:00:26+00:00\" \/>\n<meta property=\"og:image\" content=\"https:\/\/d2p6e6u75xmxt8.cloudfront.net\/12\/2022\/04\/Woman-cycling-city-profimedia-0655625991-CVR.jpg\" \/>\n\t<meta property=\"og:image:width\" content=\"1366\" \/>\n\t<meta property=\"og:image:height\" content=\"600\" \/>\n\t<meta property=\"og:image:type\" content=\"image\/jpeg\" \/>\n<meta name=\"author\" content=\"hegyizs\" \/>\n<meta name=\"twitter:card\" content=\"summary_large_image\" \/>\n<meta name=\"twitter:label1\" content=\"Written by\" \/>\n\t<meta name=\"twitter:data1\" content=\"Andrea Champredonde\" \/>\n\t<meta name=\"twitter:label2\" content=\"Est. reading time\" \/>\n\t<meta name=\"twitter:data2\" content=\"6\" \/>\n<script type=\"application\/ld+json\" class=\"yoast-schema-graph\">{\"@context\":\"https:\/\/schema.org\",\"@graph\":[{\"@type\":\"WebPage\",\"@id\":\"https:\/\/www.welovecycling.com\/hu\/kozosseg-es-kultura\/10-dolog-amit-ne-mondj-egy-noi-biciklisnek\/\",\"url\":\"https:\/\/www.welovecycling.com\/hu\/kozosseg-es-kultura\/10-dolog-amit-ne-mondj-egy-noi-biciklisnek\/\",\"name\":\"10 dolog, amit ne mondj egy n\u0151i biciklisnek\",\"isPartOf\":{\"@id\":\"https:\/\/www.welovecycling.com\/hu\/#website\"},\"primaryImageOfPage\":{\"@id\":\"https:\/\/www.welovecycling.com\/hu\/kozosseg-es-kultura\/10-dolog-amit-ne-mondj-egy-noi-biciklisnek\/#primaryimage\"},\"image\":{\"@id\":\"https:\/\/www.welovecycling.com\/hu\/kozosseg-es-kultura\/10-dolog-amit-ne-mondj-egy-noi-biciklisnek\/#primaryimage\"},\"thumbnailUrl\":\"https:\/\/d2p6e6u75xmxt8.cloudfront.net\/12\/2022\/04\/Woman-cycling-city-profimedia-0655625991-CVR.jpg\",\"datePublished\":\"2022-05-06T06:00:26+00:00\",\"author\":{\"@id\":\"https:\/\/www.welovecycling.com\/hu\/#\/schema\/person\/414a2aebf1801691a5320edb6468e194\"},\"description\":\"B\u00e1r a c\u00edm ezt sugallhatja, ez a cikk nem csak a f\u00e9rfiaknak sz\u00f3l. B\u00e1r jellemz\u0151en a f\u00e9rfiak esnek bele abba a hib\u00e1ba, hogy m\u00e1shogy besz\u00e9lnek a n\u0151i ker\u00e9kp\u00e1rosokkal, de term\u00e9szetesen mindenki sz\u00e1m\u00e1ra tanuls\u00e1gos lehet, hogy mik azok a dolgok, amiket szerint\u00fcnk nem illik mondani.\",\"breadcrumb\":{\"@id\":\"https:\/\/www.welovecycling.com\/hu\/kozosseg-es-kultura\/10-dolog-amit-ne-mondj-egy-noi-biciklisnek\/#breadcrumb\"},\"inLanguage\":\"hu\",\"potentialAction\":[{\"@type\":\"ReadAction\",\"target\":[\"https:\/\/www.welovecycling.com\/hu\/kozosseg-es-kultura\/10-dolog-amit-ne-mondj-egy-noi-biciklisnek\/\"]}]},{\"@type\":\"ImageObject\",\"inLanguage\":\"hu\",\"@id\":\"https:\/\/www.welovecycling.com\/hu\/kozosseg-es-kultura\/10-dolog-amit-ne-mondj-egy-noi-biciklisnek\/#primaryimage\",\"url\":\"https:\/\/d2p6e6u75xmxt8.cloudfront.net\/12\/2022\/04\/Woman-cycling-city-profimedia-0655625991-CVR.jpg\",\"contentUrl\":\"https:\/\/d2p6e6u75xmxt8.cloudfront.net\/12\/2022\/04\/Woman-cycling-city-profimedia-0655625991-CVR.jpg\",\"width\":1366,\"height\":600,\"caption\":\"Urban cycling\"},{\"@type\":\"BreadcrumbList\",\"@id\":\"https:\/\/www.welovecycling.com\/hu\/kozosseg-es-kultura\/10-dolog-amit-ne-mondj-egy-noi-biciklisnek\/#breadcrumb\",\"itemListElement\":[{\"@type\":\"ListItem\",\"position\":1,\"name\":\"Home\",\"item\":\"https:\/\/www.welovecycling.com\/hu\/\"},{\"@type\":\"ListItem\",\"position\":2,\"name\":\"10 dolog, amit ne mondj egy n\u0151i biciklisnek\"}]},{\"@type\":\"WebSite\",\"@id\":\"https:\/\/www.welovecycling.com\/hu\/#website\",\"url\":\"https:\/\/www.welovecycling.com\/hu\/\",\"name\":\"\u0160koda We Love Cycling - Magyarorsz\u00e1g\",\"description\":\"\u0160koda WeLoveCycling\",\"potentialAction\":[{\"@type\":\"SearchAction\",\"target\":{\"@type\":\"EntryPoint\",\"urlTemplate\":\"https:\/\/www.welovecycling.com\/hu\/?s={search_term_string}\"},\"query-input\":{\"@type\":\"PropertyValueSpecification\",\"valueRequired\":true,\"valueName\":\"search_term_string\"}}],\"inLanguage\":\"hu\"},{\"@type\":\"Person\",\"@id\":\"https:\/\/www.welovecycling.com\/hu\/#\/schema\/person\/414a2aebf1801691a5320edb6468e194\",\"name\":\"hegyizs\",\"image\":{\"@type\":\"ImageObject\",\"inLanguage\":\"hu\",\"@id\":\"https:\/\/www.welovecycling.com\/hu\/#\/schema\/person\/image\/\",\"url\":\"https:\/\/secure.gravatar.com\/avatar\/02cf8a7906b8cf90cecb4679defac7cfd33a1c2e3b88e4903d947f3bb58eedd3?s=96&d=mm&r=g\",\"contentUrl\":\"https:\/\/secure.gravatar.com\/avatar\/02cf8a7906b8cf90cecb4679defac7cfd33a1c2e3b88e4903d947f3bb58eedd3?s=96&d=mm&r=g\",\"caption\":\"hegyizs\"},\"url\":\"https:\/\/www.welovecycling.com\/hu\/author\/hegyizs\/\"}]}<\/script>\n<!-- \/ Yoast SEO Premium plugin. -->","yoast_head_json":{"title":"10 dolog, amit ne mondj egy n\u0151i biciklisnek","description":"B\u00e1r a c\u00edm ezt sugallhatja, ez a cikk nem csak a f\u00e9rfiaknak sz\u00f3l. B\u00e1r jellemz\u0151en a f\u00e9rfiak esnek bele abba a hib\u00e1ba, hogy m\u00e1shogy besz\u00e9lnek a n\u0151i ker\u00e9kp\u00e1rosokkal, de term\u00e9szetesen mindenki sz\u00e1m\u00e1ra tanuls\u00e1gos lehet, hogy mik azok a dolgok, amiket szerint\u00fcnk nem illik mondani.","robots":{"index":"index","follow":"follow","max-snippet":"max-snippet:-1","max-image-preview":"max-image-preview:large","max-video-preview":"max-video-preview:-1"},"canonical":"https:\/\/www.welovecycling.com\/hu\/kozosseg-es-kultura\/10-dolog-amit-ne-mondj-egy-noi-biciklisnek\/","og_locale":"hu_HU","og_type":"article","og_title":"10 dolog, amit ne mondj egy n\u0151i biciklisnek","og_description":"B\u00e1r a c\u00edm ezt sugallhatja, ez a cikk nem csak a f\u00e9rfiaknak sz\u00f3l. B\u00e1r jellemz\u0151en a f\u00e9rfiak esnek bele abba a hib\u00e1ba, hogy m\u00e1shogy besz\u00e9lnek a n\u0151i ker\u00e9kp\u00e1rosokkal, de term\u00e9szetesen mindenki sz\u00e1m\u00e1ra tanuls\u00e1gos lehet, hogy mik azok a dolgok, amiket szerint\u00fcnk nem illik mondani.","og_url":"https:\/\/www.welovecycling.com\/hu\/kozosseg-es-kultura\/10-dolog-amit-ne-mondj-egy-noi-biciklisnek\/","og_site_name":"\u0160koda We Love Cycling - Magyarorsz\u00e1g","article_publisher":"https:\/\/www.facebook.com\/WeLoveCyclingHungary\/","article_published_time":"2022-05-06T06:00:26+00:00","og_image":[{"width":1366,"height":600,"url":"https:\/\/d2p6e6u75xmxt8.cloudfront.net\/12\/2022\/04\/Woman-cycling-city-profimedia-0655625991-CVR.jpg","type":"image\/jpeg"}],"author":"hegyizs","twitter_card":"summary_large_image","twitter_misc":{"Written by":"Andrea Champredonde","Est. reading time":"6"},"schema":{"@context":"https:\/\/schema.org","@graph":[{"@type":"WebPage","@id":"https:\/\/www.welovecycling.com\/hu\/kozosseg-es-kultura\/10-dolog-amit-ne-mondj-egy-noi-biciklisnek\/","url":"https:\/\/www.welovecycling.com\/hu\/kozosseg-es-kultura\/10-dolog-amit-ne-mondj-egy-noi-biciklisnek\/","name":"10 dolog, amit ne mondj egy n\u0151i biciklisnek","isPartOf":{"@id":"https:\/\/www.welovecycling.com\/hu\/#website"},"primaryImageOfPage":{"@id":"https:\/\/www.welovecycling.com\/hu\/kozosseg-es-kultura\/10-dolog-amit-ne-mondj-egy-noi-biciklisnek\/#primaryimage"},"image":{"@id":"https:\/\/www.welovecycling.com\/hu\/kozosseg-es-kultura\/10-dolog-amit-ne-mondj-egy-noi-biciklisnek\/#primaryimage"},"thumbnailUrl":"https:\/\/d2p6e6u75xmxt8.cloudfront.net\/12\/2022\/04\/Woman-cycling-city-profimedia-0655625991-CVR.jpg","datePublished":"2022-05-06T06:00:26+00:00","author":{"@id":"https:\/\/www.welovecycling.com\/hu\/#\/schema\/person\/414a2aebf1801691a5320edb6468e194"},"description":"B\u00e1r a c\u00edm ezt sugallhatja, ez a cikk nem csak a f\u00e9rfiaknak sz\u00f3l. B\u00e1r jellemz\u0151en a f\u00e9rfiak esnek bele abba a hib\u00e1ba, hogy m\u00e1shogy besz\u00e9lnek a n\u0151i ker\u00e9kp\u00e1rosokkal, de term\u00e9szetesen mindenki sz\u00e1m\u00e1ra tanuls\u00e1gos lehet, hogy mik azok a dolgok, amiket szerint\u00fcnk nem illik mondani.","breadcrumb":{"@id":"https:\/\/www.welovecycling.com\/hu\/kozosseg-es-kultura\/10-dolog-amit-ne-mondj-egy-noi-biciklisnek\/#breadcrumb"},"inLanguage":"hu","potentialAction":[{"@type":"ReadAction","target":["https:\/\/www.welovecycling.com\/hu\/kozosseg-es-kultura\/10-dolog-amit-ne-mondj-egy-noi-biciklisnek\/"]}]},{"@type":"ImageObject","inLanguage":"hu","@id":"https:\/\/www.welovecycling.com\/hu\/kozosseg-es-kultura\/10-dolog-amit-ne-mondj-egy-noi-biciklisnek\/#primaryimage","url":"https:\/\/d2p6e6u75xmxt8.cloudfront.net\/12\/2022\/04\/Woman-cycling-city-profimedia-0655625991-CVR.jpg","contentUrl":"https:\/\/d2p6e6u75xmxt8.cloudfront.net\/12\/2022\/04\/Woman-cycling-city-profimedia-0655625991-CVR.jpg","width":1366,"height":600,"caption":"Urban cycling"},{"@type":"BreadcrumbList","@id":"https:\/\/www.welovecycling.com\/hu\/kozosseg-es-kultura\/10-dolog-amit-ne-mondj-egy-noi-biciklisnek\/#breadcrumb","itemListElement":[{"@type":"ListItem","position":1,"name":"Home","item":"https:\/\/www.welovecycling.com\/hu\/"},{"@type":"ListItem","position":2,"name":"10 dolog, amit ne mondj egy n\u0151i biciklisnek"}]},{"@type":"WebSite","@id":"https:\/\/www.welovecycling.com\/hu\/#website","url":"https:\/\/www.welovecycling.com\/hu\/","name":"\u0160koda We Love Cycling - Magyarorsz\u00e1g","description":"\u0160koda WeLoveCycling","potentialAction":[{"@type":"SearchAction","target":{"@type":"EntryPoint","urlTemplate":"https:\/\/www.welovecycling.com\/hu\/?s={search_term_string}"},"query-input":{"@type":"PropertyValueSpecification","valueRequired":true,"valueName":"search_term_string"}}],"inLanguage":"hu"},{"@type":"Person","@id":"https:\/\/www.welovecycling.com\/hu\/#\/schema\/person\/414a2aebf1801691a5320edb6468e194","name":"hegyizs","image":{"@type":"ImageObject","inLanguage":"hu","@id":"https:\/\/www.welovecycling.com\/hu\/#\/schema\/person\/image\/","url":"https:\/\/secure.gravatar.com\/avatar\/02cf8a7906b8cf90cecb4679defac7cfd33a1c2e3b88e4903d947f3bb58eedd3?s=96&d=mm&r=g","contentUrl":"https:\/\/secure.gravatar.com\/avatar\/02cf8a7906b8cf90cecb4679defac7cfd33a1c2e3b88e4903d947f3bb58eedd3?s=96&d=mm&r=g","caption":"hegyizs"},"url":"https:\/\/www.welovecycling.com\/hu\/author\/hegyizs\/"}]}},"_links":{"self":[{"href":"https:\/\/www.welovecycling.com\/hu\/wp-json\/wp\/v2\/posts\/14859","targetHints":{"allow":["GET"]}}],"collection":[{"href":"https:\/\/www.welovecycling.com\/hu\/wp-json\/wp\/v2\/posts"}],"about":[{"href":"https:\/\/www.welovecycling.com\/hu\/wp-json\/wp\/v2\/types\/post"}],"author":[{"embeddable":true,"href":"https:\/\/www.welovecycling.com\/hu\/wp-json\/wp\/v2\/users\/71"}],"replies":[{"embeddable":true,"href":"https:\/\/www.welovecycling.com\/hu\/wp-json\/wp\/v2\/comments?post=14859"}],"version-history":[{"count":2,"href":"https:\/\/www.welovecycling.com\/hu\/wp-json\/wp\/v2\/posts\/14859\/revisions"}],"predecessor-version":[{"id":14874,"href":"https:\/\/www.welovecycling.com\/hu\/wp-json\/wp\/v2\/posts\/14859\/revisions\/14874"}],"wp:featuredmedia":[{"embeddable":true,"href":"https:\/\/www.welovecycling.com\/hu\/wp-json\/wp\/v2\/media\/14862"}],"wp:attachment":[{"href":"https:\/\/www.welovecycling.com\/hu\/wp-json\/wp\/v2\/media?parent=14859"}],"wp:term":[{"taxonomy":"category","embeddable":true,"href":"https:\/\/www.welovecycling.com\/hu\/wp-json\/wp\/v2\/categories?post=14859"},{"taxonomy":"post_tag","embeddable":true,"href":"https:\/\/www.welovecycling.com\/hu\/wp-json\/wp\/v2\/tags?post=14859"},{"taxonomy":"global-categories","embeddable":true,"href":"https:\/\/www.welovecycling.com\/hu\/wp-json\/wp\/v2\/global-categories?post=14859"}],"curies":[{"name":"wp","href":"https:\/\/api.w.org\/{rel}","templated":true}]}}