{"id":14855,"date":"2022-05-02T08:00:53","date_gmt":"2022-05-02T06:00:53","guid":{"rendered":"https:\/\/www.welovecycling.com\/hu\/?p=14855"},"modified":"2022-04-29T16:33:49","modified_gmt":"2022-04-29T14:33:49","slug":"ha-nincs-keznel-potbelso-legalabb-defektjavito-legyen","status":"publish","type":"post","link":"https:\/\/www.welovecycling.com\/hu\/edzes-es-eletmod\/ha-nincs-keznel-potbelso-legalabb-defektjavito-legyen\/","title":{"rendered":"Ha nincs k\u00e9zn\u00e9l p\u00f3tbels\u0151, legal\u00e1bb defektjav\u00edt\u00f3 legyen!"},"content":{"rendered":"<p><strong>A defektjav\u00edt\u00f3 k\u00e9szlet haszn\u00e1lata nem atomfizika, de a biztons\u00e1g kedv\u00e9\u00e9rt n\u00e9zz\u00fck \u00e1t gyorsan a helyes haszn\u00e1lat\u00e1t.<\/strong><!--more--><\/p>\n<p>Nemr\u00e9g m\u00e1r <a href=\"https:\/\/www.welovecycling.com\/hu\/edzes-es-eletmod\/defekt-van-panik-nincs-igy-cserelj-gumit-sajat-kezuleg-nehany-perc-alatt\/\">bemutattuk<\/a>, hogyan tudunk gumibels\u0151t cser\u00e9lni defekt eset\u00e9n \u2013 hossz\u00fa t\u00e1von egy\u00e9rtelm\u0171en ez a legjobb megold\u00e1s, ha eff\u00e9le bossz\u00fas\u00e1g \u00e9ri az embert (m\u00e1rpedig \u00f6r\u00f6k bring\u00e1s alapigazs\u00e1g, hogy aki rendszeresen haszn\u00e1lja a ker\u00e9kp\u00e1rj\u00e1t, az vagy el\u0151bb, vagy ut\u00f3bb, de szinte biztosan szembes\u00fcl ezzel a probl\u00e9m\u00e1val).<\/p>\n<p>Azonban nem minden esetben \u00e1ll rendelkez\u00e9s\u00fcnkre tartal\u00e9k gumibels\u0151, sokszor csak egy minim\u00e1lis helyet foglal\u00f3, fill\u00e9res defektjav\u00edt\u00f3, m\u00e1s n\u00e9ven foltjav\u00edt\u00f3 k\u00e9szlet van k\u00e9zn\u00e9l. (Vagy legal\u00e1bbis er\u0151sen javasoljuk, hogy ha bring\u00e1zni indulunk, legal\u00e1bb az egyik legyen n\u00e1lunk, teh\u00e1t vagy p\u00f3t-gumibels\u0151, vagy defektjav\u00edt\u00f3, az ezekhez duk\u00e1l\u00f3 kicsiny szersz\u00e1mokkal \u2013 pl. gumileszed\u0151, k\u00e9zipumpa \u2013, \u00fagy semmik\u00e9ppen se induljunk \u00fatnak, hogy egyik sincs, mert k\u00fcl\u00f6nben a kellemes kikapcsol\u00f3d\u00e1snak indul\u00f3 szabadid\u0151s tev\u00e9kenys\u00e9g\u00fcnk k\u00f6nnyen r\u00e9m\u00e1lomba fordulhat \u00e1t).<\/p>\n<p>A j\u00f3 h\u00edr, hogy ezek a defektjav\u00edt\u00f3k nyilv\u00e1n nem v\u00e9letlen\u00fcl k\u00e9sz\u00fclnek, \u00e9s a 21. sz\u00e1zadi technol\u00f3gia kor\u00e1ban m\u00e1r haszn\u00e1lnak is: ideig-\u00f3r\u00e1ig ezekkel is biztosan kih\u00fazhatjuk (hogy ne kelljen \u00f3r\u00e1kat tolnunk a bring\u00e1nkat), legal\u00e1bb addig, am\u00edg haza nem \u00e9r\u00fcnk, hogy azt\u00e1n ki tudjuk cser\u00e9lni a s\u00e9r\u00fclt gumit egy \u00fajra.<\/p>\n<figure id=\"attachment_14857\" aria-describedby=\"caption-attachment-14857\" style=\"width: 1024px\" class=\"wp-caption alignnone\"><img loading=\"lazy\" decoding=\"async\" class=\"size-large wp-image-14857\" src=\"https:\/\/d2p6e6u75xmxt8.cloudfront.net\/12\/2022\/04\/le-bicycle-puncture-repair-kit-26935-lifestyle-1024x1024.jpg\" alt=\"\" width=\"1024\" height=\"1024\" srcset=\"https:\/\/d2p6e6u75xmxt8.cloudfront.net\/12\/2022\/04\/le-bicycle-puncture-repair-kit-26935-lifestyle.jpg 1024w, https:\/\/d2p6e6u75xmxt8.cloudfront.net\/12\/2022\/04\/le-bicycle-puncture-repair-kit-26935-lifestyle-300x300.jpg 300w, https:\/\/d2p6e6u75xmxt8.cloudfront.net\/12\/2022\/04\/le-bicycle-puncture-repair-kit-26935-lifestyle-150x150.jpg 150w, https:\/\/d2p6e6u75xmxt8.cloudfront.net\/12\/2022\/04\/le-bicycle-puncture-repair-kit-26935-lifestyle-768x768.jpg 768w\" sizes=\"auto, (max-width: 1024px) 100vw, 1024px\" \/><figcaption id=\"caption-attachment-14857\" class=\"wp-caption-text\">Forr\u00e1s: Rex London<\/figcaption><\/figure>\n<p>A defektjav\u00edt\u00f3 haszn\u00e1lata nem atomfizika, (f\u0151leg, hogy a legt\u00f6bbh\u00f6z ma m\u00e1r \u00e1br\u00e1kkal felokos\u00edtott haszn\u00e1lati utas\u00edt\u00e1s is j\u00e1r), de az\u00e9rt a biztons\u00e1g kedv\u00e9\u00e9rt vegy\u00fck \u00e1t gyorsan, mert nagyon bosszant\u00f3 lehet, ha a sebtiben megtoldozott-foldozott lyukn\u00e1l nem stimmel valami a tapasszal vagy a ragaszt\u00f3val (pl. nem sz\u00e1rad meg rendesen), \u00e9s a ker\u00e9k kiszerel\u00e9se, bels\u0151 kiszed\u00e9se, majd ut\u00f3bbi visszarak\u00e1sa \u00e9s el\u0151bbi visszaszerel\u00e9se ut\u00e1n megint kezdhetj\u00fck az eg\u00e9szet el\u00f6lr\u0151l\u2026<\/p>\n<p>A defektjav\u00edt\u00f3khoz automatikusan j\u00e1r egy kis darab smirglipap\u00edr, \u00e9s nem v\u00e9letlen\u00fcl: miut\u00e1n megtal\u00e1ltuk a s\u00e9r\u00fcl\u00e9st a bels\u0151n (v\u00edz alatt a legk\u00f6nnyebb, figyelni a kis bubor\u00e9kokat \u2013 m\u00e1r ha van a k\u00f6zelben v\u00edz), a lyuk k\u00f6r\u00fcl alaposan d\u00f6rzs\u00f6lj\u00fck \u00e1t a fel\u00fcletet, hogy jobban r\u00e1tapadjon majd a ragaszt\u00f3 \u00e9s a tapasz. Ezut\u00e1n a tubusb\u00f3l nyomjunk a led\u00f6rzs\u00f6lt fel\u00fcletre (\u00e9sszel, nem kell teljesen \u201eel\u00e1ztatni\u201d), majd figyelj\u00fcnk, \u00e9s v\u00e1rjuk meg, am\u00edg <strong>teljesen <\/strong>meg nem sz\u00e1rad. Ha teljesen megsz\u00e1radt, a v\u00e9d\u0151f\u00f3li\u00e1t\u00f3l megszabad\u00edtott jav\u00edt\u00f3tapaszt erre a ter\u00fcletre pontosan, er\u0151teljesen r\u00e1nyomjuk, \u00e9s n\u00e9h\u00e1ny m\u00e1sodpercig er\u0151sen \u201er\u00e1d\u00f6rzs\u00f6lj\u00fck\u201d. V\u00e1rjunk egy kicsit, hogy minden teljesen megk\u00f6ss\u00f6n \u2013 a mai, gyorsan sz\u00e1rad\u00f3 ragaszt\u00f3k kor\u00e1ban 5-10 percn\u00e9l t\u00f6bbet m\u00e1r nem kell szobroznunk \u2013, majd a <a href=\"https:\/\/www.welovecycling.com\/hu\/edzes-es-eletmod\/defekt-van-panik-nincs-igy-cserelj-gumit-sajat-kezuleg-nehany-perc-alatt\/\">tanult m\u00f3don<\/a> helyezz\u00fck vissza a gumit \u00e9s a kereket, \u00e9s folytathatjuk is utunkat a k\u00f6vetkez\u0151 gumicsere-lehet\u0151s\u00e9gig.<\/p>\n<lite-youtube videoid=Q2sKMqB9QCg params=\"enablejsapi=1\" style=\"background-image: url('https:\/\/i.ytimg.com\/vi_webp\/Q2sKMqB9QCg\/maxresdefault.webp');\"><\/lite-youtube>\n<p><em>Bor\u00edt\u00f3k\u00e9p forr\u00e1sa: GeekSportsGuide<\/em><\/p>\n","protected":false},"excerpt":{"rendered":"<p>A defektjav\u00edt\u00f3 k\u00e9szlet haszn\u00e1lata nem atomfizika, de a biztons\u00e1g kedv\u00e9\u00e9rt n\u00e9zz\u00fck \u00e1t gyorsan a helyes haszn\u00e1lat\u00e1t.<\/p>\n","protected":false},"author":71,"featured_media":14856,"comment_status":"open","ping_status":"open","sticky":false,"template":"","format":"standard","meta":{"footnotes":""},"categories":[6],"tags":[],"global-categories":[],"class_list":["post-14855","post","type-post","status-publish","format-standard","has-post-thumbnail","hentry","category-edzes-es-eletmod"],"yoast_head":"<!-- This site is optimized with the Yoast SEO Premium plugin v25.3 (Yoast SEO v25.9) - https:\/\/yoast.com\/wordpress\/plugins\/seo\/ -->\n<title>Ha nincs k\u00e9zn\u00e9l p\u00f3tbels\u0151, legal\u00e1bb defektjav\u00edt\u00f3 legyen!<\/title>\n<meta name=\"description\" content=\"A defektjav\u00edt\u00f3 k\u00e9szlet haszn\u00e1lata nem atomfizika, de a biztons\u00e1g kedv\u00e9\u00e9rt n\u00e9zz\u00fck \u00e1t gyorsan a helyes haszn\u00e1lat\u00e1t.\" \/>\n<meta name=\"robots\" content=\"index, follow, max-snippet:-1, max-image-preview:large, max-video-preview:-1\" \/>\n<link rel=\"canonical\" href=\"https:\/\/www.welovecycling.com\/hu\/edzes-es-eletmod\/ha-nincs-keznel-potbelso-legalabb-defektjavito-legyen\/\" \/>\n<meta property=\"og:locale\" content=\"hu_HU\" \/>\n<meta property=\"og:type\" content=\"article\" \/>\n<meta property=\"og:title\" content=\"Ha nincs k\u00e9zn\u00e9l p\u00f3tbels\u0151, legal\u00e1bb defektjav\u00edt\u00f3 legyen!\" \/>\n<meta property=\"og:description\" content=\"A defektjav\u00edt\u00f3 k\u00e9szlet haszn\u00e1lata nem atomfizika, de a biztons\u00e1g kedv\u00e9\u00e9rt n\u00e9zz\u00fck \u00e1t gyorsan a helyes haszn\u00e1lat\u00e1t.\" \/>\n<meta property=\"og:url\" content=\"https:\/\/www.welovecycling.com\/hu\/edzes-es-eletmod\/ha-nincs-keznel-potbelso-legalabb-defektjavito-legyen\/\" \/>\n<meta property=\"og:site_name\" content=\"\u0160koda We Love Cycling - Magyarorsz\u00e1g\" \/>\n<meta property=\"article:publisher\" content=\"https:\/\/www.facebook.com\/WeLoveCyclingHungary\/\" \/>\n<meta property=\"article:published_time\" content=\"2022-05-02T06:00:53+00:00\" \/>\n<meta property=\"og:image\" content=\"https:\/\/d2p6e6u75xmxt8.cloudfront.net\/12\/2022\/04\/HOW-TO-FIX-A-BIKE-PUNCTURE.jpg\" \/>\n\t<meta property=\"og:image:width\" content=\"1280\" \/>\n\t<meta property=\"og:image:height\" content=\"853\" \/>\n\t<meta property=\"og:image:type\" content=\"image\/jpeg\" \/>\n<meta name=\"author\" content=\"hegyizs\" \/>\n<meta name=\"twitter:card\" content=\"summary_large_image\" \/>\n<meta name=\"twitter:label1\" content=\"Written by\" \/>\n\t<meta name=\"twitter:data1\" content=\"WLC\" \/>\n\t<meta name=\"twitter:label2\" content=\"Est. reading time\" \/>\n\t<meta name=\"twitter:data2\" content=\"3 minutes\" \/>\n<script type=\"application\/ld+json\" class=\"yoast-schema-graph\">{\"@context\":\"https:\/\/schema.org\",\"@graph\":[{\"@type\":\"WebPage\",\"@id\":\"https:\/\/www.welovecycling.com\/hu\/edzes-es-eletmod\/ha-nincs-keznel-potbelso-legalabb-defektjavito-legyen\/\",\"url\":\"https:\/\/www.welovecycling.com\/hu\/edzes-es-eletmod\/ha-nincs-keznel-potbelso-legalabb-defektjavito-legyen\/\",\"name\":\"Ha nincs k\u00e9zn\u00e9l p\u00f3tbels\u0151, legal\u00e1bb defektjav\u00edt\u00f3 legyen!\",\"isPartOf\":{\"@id\":\"https:\/\/www.welovecycling.com\/hu\/#website\"},\"primaryImageOfPage\":{\"@id\":\"https:\/\/www.welovecycling.com\/hu\/edzes-es-eletmod\/ha-nincs-keznel-potbelso-legalabb-defektjavito-legyen\/#primaryimage\"},\"image\":{\"@id\":\"https:\/\/www.welovecycling.com\/hu\/edzes-es-eletmod\/ha-nincs-keznel-potbelso-legalabb-defektjavito-legyen\/#primaryimage\"},\"thumbnailUrl\":\"https:\/\/d2p6e6u75xmxt8.cloudfront.net\/12\/2022\/04\/HOW-TO-FIX-A-BIKE-PUNCTURE.jpg\",\"datePublished\":\"2022-05-02T06:00:53+00:00\",\"author\":{\"@id\":\"https:\/\/www.welovecycling.com\/hu\/#\/schema\/person\/414a2aebf1801691a5320edb6468e194\"},\"description\":\"A defektjav\u00edt\u00f3 k\u00e9szlet haszn\u00e1lata nem atomfizika, de a biztons\u00e1g kedv\u00e9\u00e9rt n\u00e9zz\u00fck \u00e1t gyorsan a helyes haszn\u00e1lat\u00e1t.\",\"breadcrumb\":{\"@id\":\"https:\/\/www.welovecycling.com\/hu\/edzes-es-eletmod\/ha-nincs-keznel-potbelso-legalabb-defektjavito-legyen\/#breadcrumb\"},\"inLanguage\":\"hu\",\"potentialAction\":[{\"@type\":\"ReadAction\",\"target\":[\"https:\/\/www.welovecycling.com\/hu\/edzes-es-eletmod\/ha-nincs-keznel-potbelso-legalabb-defektjavito-legyen\/\"]}]},{\"@type\":\"ImageObject\",\"inLanguage\":\"hu\",\"@id\":\"https:\/\/www.welovecycling.com\/hu\/edzes-es-eletmod\/ha-nincs-keznel-potbelso-legalabb-defektjavito-legyen\/#primaryimage\",\"url\":\"https:\/\/d2p6e6u75xmxt8.cloudfront.net\/12\/2022\/04\/HOW-TO-FIX-A-BIKE-PUNCTURE.jpg\",\"contentUrl\":\"https:\/\/d2p6e6u75xmxt8.cloudfront.net\/12\/2022\/04\/HOW-TO-FIX-A-BIKE-PUNCTURE.jpg\",\"width\":1280,\"height\":853},{\"@type\":\"BreadcrumbList\",\"@id\":\"https:\/\/www.welovecycling.com\/hu\/edzes-es-eletmod\/ha-nincs-keznel-potbelso-legalabb-defektjavito-legyen\/#breadcrumb\",\"itemListElement\":[{\"@type\":\"ListItem\",\"position\":1,\"name\":\"Home\",\"item\":\"https:\/\/www.welovecycling.com\/hu\/\"},{\"@type\":\"ListItem\",\"position\":2,\"name\":\"Ha nincs k\u00e9zn\u00e9l p\u00f3tbels\u0151, legal\u00e1bb defektjav\u00edt\u00f3 legyen!\"}]},{\"@type\":\"WebSite\",\"@id\":\"https:\/\/www.welovecycling.com\/hu\/#website\",\"url\":\"https:\/\/www.welovecycling.com\/hu\/\",\"name\":\"\u0160koda We Love Cycling - Magyarorsz\u00e1g\",\"description\":\"\u0160koda WeLoveCycling\",\"potentialAction\":[{\"@type\":\"SearchAction\",\"target\":{\"@type\":\"EntryPoint\",\"urlTemplate\":\"https:\/\/www.welovecycling.com\/hu\/?s={search_term_string}\"},\"query-input\":{\"@type\":\"PropertyValueSpecification\",\"valueRequired\":true,\"valueName\":\"search_term_string\"}}],\"inLanguage\":\"hu\"},{\"@type\":\"Person\",\"@id\":\"https:\/\/www.welovecycling.com\/hu\/#\/schema\/person\/414a2aebf1801691a5320edb6468e194\",\"name\":\"hegyizs\",\"image\":{\"@type\":\"ImageObject\",\"inLanguage\":\"hu\",\"@id\":\"https:\/\/www.welovecycling.com\/hu\/#\/schema\/person\/image\/\",\"url\":\"https:\/\/secure.gravatar.com\/avatar\/02cf8a7906b8cf90cecb4679defac7cfd33a1c2e3b88e4903d947f3bb58eedd3?s=96&d=mm&r=g\",\"contentUrl\":\"https:\/\/secure.gravatar.com\/avatar\/02cf8a7906b8cf90cecb4679defac7cfd33a1c2e3b88e4903d947f3bb58eedd3?s=96&d=mm&r=g\",\"caption\":\"hegyizs\"},\"url\":\"https:\/\/www.welovecycling.com\/hu\/author\/hegyizs\/\"}]}<\/script>\n<!-- \/ Yoast SEO Premium plugin. -->","yoast_head_json":{"title":"Ha nincs k\u00e9zn\u00e9l p\u00f3tbels\u0151, legal\u00e1bb defektjav\u00edt\u00f3 legyen!","description":"A defektjav\u00edt\u00f3 k\u00e9szlet haszn\u00e1lata nem atomfizika, de a biztons\u00e1g kedv\u00e9\u00e9rt n\u00e9zz\u00fck \u00e1t gyorsan a helyes haszn\u00e1lat\u00e1t.","robots":{"index":"index","follow":"follow","max-snippet":"max-snippet:-1","max-image-preview":"max-image-preview:large","max-video-preview":"max-video-preview:-1"},"canonical":"https:\/\/www.welovecycling.com\/hu\/edzes-es-eletmod\/ha-nincs-keznel-potbelso-legalabb-defektjavito-legyen\/","og_locale":"hu_HU","og_type":"article","og_title":"Ha nincs k\u00e9zn\u00e9l p\u00f3tbels\u0151, legal\u00e1bb defektjav\u00edt\u00f3 legyen!","og_description":"A defektjav\u00edt\u00f3 k\u00e9szlet haszn\u00e1lata nem atomfizika, de a biztons\u00e1g kedv\u00e9\u00e9rt n\u00e9zz\u00fck \u00e1t gyorsan a helyes haszn\u00e1lat\u00e1t.","og_url":"https:\/\/www.welovecycling.com\/hu\/edzes-es-eletmod\/ha-nincs-keznel-potbelso-legalabb-defektjavito-legyen\/","og_site_name":"\u0160koda We Love Cycling - Magyarorsz\u00e1g","article_publisher":"https:\/\/www.facebook.com\/WeLoveCyclingHungary\/","article_published_time":"2022-05-02T06:00:53+00:00","og_image":[{"width":1280,"height":853,"url":"https:\/\/d2p6e6u75xmxt8.cloudfront.net\/12\/2022\/04\/HOW-TO-FIX-A-BIKE-PUNCTURE.jpg","type":"image\/jpeg"}],"author":"hegyizs","twitter_card":"summary_large_image","twitter_misc":{"Written by":"WLC","Est. reading time":"3 minutes"},"schema":{"@context":"https:\/\/schema.org","@graph":[{"@type":"WebPage","@id":"https:\/\/www.welovecycling.com\/hu\/edzes-es-eletmod\/ha-nincs-keznel-potbelso-legalabb-defektjavito-legyen\/","url":"https:\/\/www.welovecycling.com\/hu\/edzes-es-eletmod\/ha-nincs-keznel-potbelso-legalabb-defektjavito-legyen\/","name":"Ha nincs k\u00e9zn\u00e9l p\u00f3tbels\u0151, legal\u00e1bb defektjav\u00edt\u00f3 legyen!","isPartOf":{"@id":"https:\/\/www.welovecycling.com\/hu\/#website"},"primaryImageOfPage":{"@id":"https:\/\/www.welovecycling.com\/hu\/edzes-es-eletmod\/ha-nincs-keznel-potbelso-legalabb-defektjavito-legyen\/#primaryimage"},"image":{"@id":"https:\/\/www.welovecycling.com\/hu\/edzes-es-eletmod\/ha-nincs-keznel-potbelso-legalabb-defektjavito-legyen\/#primaryimage"},"thumbnailUrl":"https:\/\/d2p6e6u75xmxt8.cloudfront.net\/12\/2022\/04\/HOW-TO-FIX-A-BIKE-PUNCTURE.jpg","datePublished":"2022-05-02T06:00:53+00:00","author":{"@id":"https:\/\/www.welovecycling.com\/hu\/#\/schema\/person\/414a2aebf1801691a5320edb6468e194"},"description":"A defektjav\u00edt\u00f3 k\u00e9szlet haszn\u00e1lata nem atomfizika, de a biztons\u00e1g kedv\u00e9\u00e9rt n\u00e9zz\u00fck \u00e1t gyorsan a helyes haszn\u00e1lat\u00e1t.","breadcrumb":{"@id":"https:\/\/www.welovecycling.com\/hu\/edzes-es-eletmod\/ha-nincs-keznel-potbelso-legalabb-defektjavito-legyen\/#breadcrumb"},"inLanguage":"hu","potentialAction":[{"@type":"ReadAction","target":["https:\/\/www.welovecycling.com\/hu\/edzes-es-eletmod\/ha-nincs-keznel-potbelso-legalabb-defektjavito-legyen\/"]}]},{"@type":"ImageObject","inLanguage":"hu","@id":"https:\/\/www.welovecycling.com\/hu\/edzes-es-eletmod\/ha-nincs-keznel-potbelso-legalabb-defektjavito-legyen\/#primaryimage","url":"https:\/\/d2p6e6u75xmxt8.cloudfront.net\/12\/2022\/04\/HOW-TO-FIX-A-BIKE-PUNCTURE.jpg","contentUrl":"https:\/\/d2p6e6u75xmxt8.cloudfront.net\/12\/2022\/04\/HOW-TO-FIX-A-BIKE-PUNCTURE.jpg","width":1280,"height":853},{"@type":"BreadcrumbList","@id":"https:\/\/www.welovecycling.com\/hu\/edzes-es-eletmod\/ha-nincs-keznel-potbelso-legalabb-defektjavito-legyen\/#breadcrumb","itemListElement":[{"@type":"ListItem","position":1,"name":"Home","item":"https:\/\/www.welovecycling.com\/hu\/"},{"@type":"ListItem","position":2,"name":"Ha nincs k\u00e9zn\u00e9l p\u00f3tbels\u0151, legal\u00e1bb defektjav\u00edt\u00f3 legyen!"}]},{"@type":"WebSite","@id":"https:\/\/www.welovecycling.com\/hu\/#website","url":"https:\/\/www.welovecycling.com\/hu\/","name":"\u0160koda We Love Cycling - Magyarorsz\u00e1g","description":"\u0160koda WeLoveCycling","potentialAction":[{"@type":"SearchAction","target":{"@type":"EntryPoint","urlTemplate":"https:\/\/www.welovecycling.com\/hu\/?s={search_term_string}"},"query-input":{"@type":"PropertyValueSpecification","valueRequired":true,"valueName":"search_term_string"}}],"inLanguage":"hu"},{"@type":"Person","@id":"https:\/\/www.welovecycling.com\/hu\/#\/schema\/person\/414a2aebf1801691a5320edb6468e194","name":"hegyizs","image":{"@type":"ImageObject","inLanguage":"hu","@id":"https:\/\/www.welovecycling.com\/hu\/#\/schema\/person\/image\/","url":"https:\/\/secure.gravatar.com\/avatar\/02cf8a7906b8cf90cecb4679defac7cfd33a1c2e3b88e4903d947f3bb58eedd3?s=96&d=mm&r=g","contentUrl":"https:\/\/secure.gravatar.com\/avatar\/02cf8a7906b8cf90cecb4679defac7cfd33a1c2e3b88e4903d947f3bb58eedd3?s=96&d=mm&r=g","caption":"hegyizs"},"url":"https:\/\/www.welovecycling.com\/hu\/author\/hegyizs\/"}]}},"_links":{"self":[{"href":"https:\/\/www.welovecycling.com\/hu\/wp-json\/wp\/v2\/posts\/14855","targetHints":{"allow":["GET"]}}],"collection":[{"href":"https:\/\/www.welovecycling.com\/hu\/wp-json\/wp\/v2\/posts"}],"about":[{"href":"https:\/\/www.welovecycling.com\/hu\/wp-json\/wp\/v2\/types\/post"}],"author":[{"embeddable":true,"href":"https:\/\/www.welovecycling.com\/hu\/wp-json\/wp\/v2\/users\/71"}],"replies":[{"embeddable":true,"href":"https:\/\/www.welovecycling.com\/hu\/wp-json\/wp\/v2\/comments?post=14855"}],"version-history":[{"count":1,"href":"https:\/\/www.welovecycling.com\/hu\/wp-json\/wp\/v2\/posts\/14855\/revisions"}],"predecessor-version":[{"id":14858,"href":"https:\/\/www.welovecycling.com\/hu\/wp-json\/wp\/v2\/posts\/14855\/revisions\/14858"}],"wp:featuredmedia":[{"embeddable":true,"href":"https:\/\/www.welovecycling.com\/hu\/wp-json\/wp\/v2\/media\/14856"}],"wp:attachment":[{"href":"https:\/\/www.welovecycling.com\/hu\/wp-json\/wp\/v2\/media?parent=14855"}],"wp:term":[{"taxonomy":"category","embeddable":true,"href":"https:\/\/www.welovecycling.com\/hu\/wp-json\/wp\/v2\/categories?post=14855"},{"taxonomy":"post_tag","embeddable":true,"href":"https:\/\/www.welovecycling.com\/hu\/wp-json\/wp\/v2\/tags?post=14855"},{"taxonomy":"global-categories","embeddable":true,"href":"https:\/\/www.welovecycling.com\/hu\/wp-json\/wp\/v2\/global-categories?post=14855"}],"curies":[{"name":"wp","href":"https:\/\/api.w.org\/{rel}","templated":true}]}}