{"id":14820,"date":"2022-04-27T13:42:30","date_gmt":"2022-04-27T11:42:30","guid":{"rendered":"https:\/\/www.welovecycling.com\/hu\/?p=14820"},"modified":"2022-04-27T14:04:47","modified_gmt":"2022-04-27T12:04:47","slug":"rajtnal-az-elsport-legjobbjai-tour-de-hongrie-2022","status":"publish","type":"post","link":"https:\/\/www.welovecycling.com\/hu\/tdh2022\/rajtnal-az-elsport-legjobbjai-tour-de-hongrie-2022\/","title":{"rendered":"Rajtn\u00e1l az \u00e9lsport legjobbjai \u2013 Tour de Hongrie 2022"},"content":{"rendered":"<p><strong>Hihetetlen mez\u0151ny \u00e1llt \u00f6ssze a Magyar K\u00f6rversenyre, a vil\u00e1g legjobb csapatai \u00e9rkeznek az orsz\u00e1gba, hogy \u00f6sszem\u00e9rj\u00e9k erej\u00fcket, k\u00f6zt\u00fck pedig kilenc magyar k\u00fczd majd els\u0151sorban a feh\u00e9r trik\u00f3\u00e9rt \u2013 \u00e9s m\u00e9g, ki tudja, mi\u00e9rt! K\u00e9ts\u00e9gtelen\u00fcl izgalmas verseny v\u00e1r r\u00e1nk, \u00e9s m\u00e1r most b\u00fcszkes\u00e9ggel t\u00f6lt el, hogy a vil\u00e1g minden t\u00e1j\u00e1r\u00f3l elit sportol\u00f3k \u00e9rkeznek hozz\u00e1nk, \u00e9s viszik h\u00edr\u00fcl a TV-ad\u00e1sokon, h\u00edreken \u00e9s saj\u00e1t \u00e9lm\u00e9nyeiken kereszt\u00fcl az orsz\u00e1g term\u00e9szeti \u00e9s kultur\u00e1lis \u00e9rt\u00e9keinek sz\u00e9ps\u00e9g\u00e9t.<\/strong><!--more--><\/p>\n<p>M\u00e1jus 11. \u00e9s 15. k\u00f6z\u00f6tt zajlik majd a Tour de Hongrie, Magyarorsz\u00e1g legn\u00e9pszer\u0171bb k\u00f6rversenye, ahol igaz\u00e1n sz\u00ednes mez\u0151ny \u00e1ll majd rajthoz. Olyan nevek \u00e9rkeznek hozz\u00e1nk, mint az INEOS Grenadiers, a Quick-Step Alpha Vinyl Team, a Movistar, a Jumbo-Visma, a Trek-Segafredo \u00e9s m\u00e9g sorolhatn\u00e1nk. A teljes list\u00e1t, \u00e9s a legfontosabb tudnival\u00f3kat a csapatokr\u00f3l <a href=\"https:\/\/www.welovecycling.com\/hu\/tdh2022\/ezek-a-csapatok-indulnak-iden-a-tour-de-hongrie-n\/\" target=\"_blank\" rel=\"noopener\"><u>ebben a cikkben<\/u><\/a> \u00e9red el.<\/p>\n<p>Kilenc <a href=\"https:\/\/www.welovecycling.com\/hu\/tdh2022\/magyar-indulok-a-tour-de-hongrie-n-ismerd-meg-oket-szurkolj-nekik\/\" target=\"_blank\" rel=\"noopener\"><u>magyar versenyz\u0151nek<\/u><\/a> is szurkolhatunk id\u00e9n: a magyar v\u00e1logatott tagjai m\u00e9g nem v\u00e9glegesek, a nemzetk\u00f6zi csapatokban indul\u00f3k viszont igen: Szarka Gergely, Kusztor P\u00e9ter \u00e9s Filut\u00e1s Viktor mutathatja meg, mire k\u00e9pes hazai p\u00e1ly\u00e1n. Vajon ki viszi el id\u00e9n a feh\u00e9r trik\u00f3t? Vagy marad Pelik\u00e1n J\u00e1nosn\u00e1l?<\/p>\n<h2><strong>Less be a kulissz\u00e1k m\u00f6g\u00e9!<\/strong><\/h2>\n<p>Mi is nagyon k\u00edv\u00e1ncsiak vagyunk az eredm\u00e9nyekre, de tal\u00e1n a verseny h\u00e1tter\u00e9ben zajl\u00f3 izgalmakra m\u00e9g ink\u00e1bb. H\u00e1romr\u00e9szes podcast-sorozatunkban a m\u00e1r eml\u00edtett Filut\u00e1s Viktorral, Eisenkrammer K\u00e1rollyal, a verseny f\u0151szervez\u0151j\u00e9vel, \u00e9s a versenyigazgat\u00f3val, Szilasi L\u00e1szl\u00f3val besz\u00e9lgett\u00fcnk, akik mind a saj\u00e1t szemsz\u00f6g\u00fckb\u0151l engedtek betekint\u00e9st a verseny l\u00fcktet\u0151 sz\u00edv\u00e9be-lelk\u00e9be. A felv\u00e9telek hamarosan el\u00e9rhet\u0151ek lesznek az oldalon!<\/p>\n<h2><strong>Bringa\u00fat az orsz\u00e1g kincsei k\u00f6z\u00f6tt<\/strong><\/h2>\n<p>A 2022-es TdH \u00fatvonala sz\u00e1mos olyan kincset rejt, ami az \u00e9rintett telep\u00fcl\u00e9sek lak\u00f3inak igencsak ismer\u0151sek, m\u00e1sokat &#8211; \u00e9s f\u0151leg a k\u00fclf\u00f6ldieket &#8211; viszont \u00e1mulattal t\u00f6lthet el. A monument\u00e1lis Di\u00f3sgy\u0151ri v\u00e1r, a karakteres TV-torony a K\u00e9kes-tet\u0151n, a sz\u00e9kesfeh\u00e9rv\u00e1ri Orsz\u00e1galma \u00e9s a k\u00fcl\u00f6nlegesen sz\u00ednpomp\u00e1s Bory-v\u00e1r, a karcagi sz\u00e9lmalom, a hercegk\u00fati pincesor, a ny\u00edregyh\u00e1zai templom, a Megyer-hegyi tengerszem vagy ak\u00e1r a Korda Filmpark is mind olyan kincsek, melyekre igaz\u00e1n b\u00fcszk\u00e9k lehet\u00fcnk. \u00c9s k\u00f6z\u00f6tt\u00fck kacskaring\u00f3zik majd az \u00fatvonal, \u00e9s rajta a vil\u00e1gmez\u0151ny!<\/p>\n<figure id=\"attachment_14822\" aria-describedby=\"caption-attachment-14822\" style=\"width: 1024px\" class=\"wp-caption alignnone\"><img loading=\"lazy\" decoding=\"async\" class=\"size-large wp-image-14822\" src=\"https:\/\/d2p6e6u75xmxt8.cloudfront.net\/12\/2022\/04\/terkep2022nagy-1024x660.jpg\" alt=\"\" width=\"1024\" height=\"660\" srcset=\"https:\/\/d2p6e6u75xmxt8.cloudfront.net\/12\/2022\/04\/terkep2022nagy-1024x660.jpg 1024w, https:\/\/d2p6e6u75xmxt8.cloudfront.net\/12\/2022\/04\/terkep2022nagy-300x193.jpg 300w, https:\/\/d2p6e6u75xmxt8.cloudfront.net\/12\/2022\/04\/terkep2022nagy-768x495.jpg 768w, https:\/\/d2p6e6u75xmxt8.cloudfront.net\/12\/2022\/04\/terkep2022nagy.jpg 1402w\" sizes=\"auto, (max-width: 1024px) 100vw, 1024px\" \/><figcaption id=\"caption-attachment-14822\" class=\"wp-caption-text\">A 2022-es Tour de Hongrie \u00fatvonala. Forr\u00e1s: tourdehongrie.hu<\/figcaption><\/figure>\n<h2><strong>Tekerj te is, \u00e9s l\u00e1ss csod\u00e1t!<\/strong><\/h2>\n<p>M\u0171eml\u00e9keket, term\u00e9szeti kincseket, v\u00e1rakat, vagy a kir\u00e1lyetap befut\u00f3j\u00e1t \u00e9l\u0151ben! V\u00e1lassz ki egy tetsz\u0151leges etapot az idei Tour de Hongrie szakaszai k\u00f6z\u00fcl, teljes\u00edtsd egy h\u00e9t alatt a t\u00e1vj\u00e1t \u00e9s a szintemelked\u00e9s\u00e9t, \u00e9s nyerj bring\u00e1s aj\u00e1nd\u00e9kcsomagot vagy k\u00e9t darab VIP bel\u00e9p\u0151t a verseny utols\u00f3 szakasz\u00e1ra!<\/p>\n<p><img loading=\"lazy\" decoding=\"async\" class=\"alignnone size-large wp-image-14823\" src=\"https:\/\/d2p6e6u75xmxt8.cloudfront.net\/12\/2022\/04\/WL007_tour_de_hongrie_2022_nyer_header_1280x525-1024x420.png\" alt=\"\" width=\"1024\" height=\"420\" srcset=\"https:\/\/d2p6e6u75xmxt8.cloudfront.net\/12\/2022\/04\/WL007_tour_de_hongrie_2022_nyer_header_1280x525-1024x420.png 1024w, https:\/\/d2p6e6u75xmxt8.cloudfront.net\/12\/2022\/04\/WL007_tour_de_hongrie_2022_nyer_header_1280x525-300x123.png 300w, https:\/\/d2p6e6u75xmxt8.cloudfront.net\/12\/2022\/04\/WL007_tour_de_hongrie_2022_nyer_header_1280x525-768x315.png 768w, https:\/\/d2p6e6u75xmxt8.cloudfront.net\/12\/2022\/04\/WL007_tour_de_hongrie_2022_nyer_header_1280x525.png 1280w\" sizes=\"auto, (max-width: 1024px) 100vw, 1024px\" \/><\/p>\n<p>Tudjuk, hogy bring\u00e1sk\u00e9nt tele vagy akarater\u0151vel \u00e9s kitart\u00e1ssal, \u00e9s azt is, hogy limit\u00e1lt id\u0151d van a hobbidra, mert annyi minden m\u00e1st csin\u00e1lsz mellette. \u00c9pp ez\u00e9rt alak\u00edtottuk \u00e1t a Tour de Hongrie-t \u00fagy, hogy nektek, hobbiker\u00e9kp\u00e1rosoknak sz\u00f3ljon. Elt\u00f6r\u00f6lt\u00fck az id\u0151- \u00e9s t\u00e9rbeli korl\u00e1tokat, \u00e9s nem hagytunk m\u00e1st, csak azt a kih\u00edv\u00e1st, amit puszta elk\u00f6telezetts\u00e9ggel teljes\u00edteni tudtok. Tekerd le a v\u00e1lasztott szakaszt b\u00e1rhol, maximum h\u00e9t nap alatt, k\u00fcldd el nek\u00fcnk az \u00f6sszes teker\u00e9st tartalmaz\u00f3 Strava-profilodat \u00e9s m\u00e1ris r\u00e9szt vehetsz a sorsol\u00e1sban!<\/p>\n<p><a href=\"https:\/\/www.welovecycling.com\/hu\/tourdehongrie-vip\/\">A j\u00e1t\u00e9k r\u00e9szleteir\u0151l itt olvashatsz.<\/a><\/p>\n<h2><strong>Ne maradj le!<\/strong><\/h2>\n<p>\u00c9lsporttal kapcsolatos \u00e9rdekess\u00e9gek\u00e9rt, az es\u00e9lyek latolgat\u00e1s\u00e1\u00e9rt, a verseny alatt a napi h\u00edrek\u00e9rt \u00e9s a podcastek\u00e9rt k\u00f6vesd <a href=\"https:\/\/www.welovecycling.com\/hu\/tourdehongrie2022\/\">a Tour de Hongrie-nak szentelt oldalunkat<\/a> \u00e9s a <a href=\"https:\/\/www.facebook.com\/WeLoveCyclingHungary\">Facebook csatorn\u00e1nkat<\/a>, vagy <a href=\"https:\/\/www.welovecycling.com\/hu\/hirlevel\/\">iratkozz fel h\u00edrlevel\u00fcnkre<\/a>!<\/p>\n","protected":false},"excerpt":{"rendered":"<p>Hihetetlen mez\u0151ny \u00e1llt \u00f6ssze a Magyar K\u00f6rversenyre, a vil\u00e1g legjobb csapatai \u00e9rkeznek az orsz\u00e1gba, hogy \u00f6sszem\u00e9rj\u00e9k erej\u00fcket, k\u00f6zt\u00fck pedig kilenc [&hellip;]<\/p>\n","protected":false},"author":71,"featured_media":14850,"comment_status":"open","ping_status":"open","sticky":false,"template":"","format":"standard","meta":{"footnotes":""},"categories":[471],"tags":[],"global-categories":[419],"class_list":["post-14820","post","type-post","status-publish","format-standard","has-post-thumbnail","hentry","category-tdh2022","global-categories-cycling"],"yoast_head":"<!-- This site is optimized with the Yoast SEO Premium plugin v25.3 (Yoast SEO v25.9) - https:\/\/yoast.com\/wordpress\/plugins\/seo\/ -->\n<title>Rajtn\u00e1l az \u00e9lsport legjobbjai \u2013 Tour de Hongrie 2022<\/title>\n<meta name=\"description\" content=\"Hihetetlen mez\u0151ny \u00e1llt \u00f6ssze a Magyar K\u00f6rversenyre, a vil\u00e1g legjobb csapatai \u00e9rkeznek az orsz\u00e1gba, hogy \u00f6sszem\u00e9rj\u00e9k erej\u00fcket, k\u00f6zt\u00fck pedig kilenc magyar k\u00fczd majd els\u0151sorban a feh\u00e9r trik\u00f3\u00e9rt \u2013 \u00e9s m\u00e9g, ki tudja, mi\u00e9rt! K\u00e9ts\u00e9gtelen\u00fcl izgalmas verseny v\u00e1r r\u00e1nk, \u00e9s m\u00e1r most b\u00fcszkes\u00e9ggel t\u00f6lt el, hogy a vil\u00e1g minden t\u00e1j\u00e1r\u00f3l elit sportol\u00f3k \u00e9rkeznek hozz\u00e1nk, \u00e9s viszik h\u00edr\u00fcl a TV-ad\u00e1sokon, h\u00edreken \u00e9s saj\u00e1t \u00e9lm\u00e9nyeiken kereszt\u00fcl az orsz\u00e1g term\u00e9szeti \u00e9s kultur\u00e1lis \u00e9rt\u00e9keinek sz\u00e9ps\u00e9g\u00e9t.\" \/>\n<meta name=\"robots\" content=\"index, follow, max-snippet:-1, max-image-preview:large, max-video-preview:-1\" \/>\n<link rel=\"canonical\" href=\"https:\/\/www.welovecycling.com\/hu\/tdh2022\/rajtnal-az-elsport-legjobbjai-tour-de-hongrie-2022\/\" \/>\n<meta property=\"og:locale\" content=\"hu_HU\" \/>\n<meta property=\"og:type\" content=\"article\" \/>\n<meta property=\"og:title\" content=\"Rajtn\u00e1l az \u00e9lsport legjobbjai \u2013 Tour de Hongrie 2022\" \/>\n<meta property=\"og:description\" content=\"Hihetetlen mez\u0151ny \u00e1llt \u00f6ssze a Magyar K\u00f6rversenyre, a vil\u00e1g legjobb csapatai \u00e9rkeznek az orsz\u00e1gba, hogy \u00f6sszem\u00e9rj\u00e9k erej\u00fcket, k\u00f6zt\u00fck pedig kilenc magyar k\u00fczd majd els\u0151sorban a feh\u00e9r trik\u00f3\u00e9rt \u2013 \u00e9s m\u00e9g, ki tudja, mi\u00e9rt! K\u00e9ts\u00e9gtelen\u00fcl izgalmas verseny v\u00e1r r\u00e1nk, \u00e9s m\u00e1r most b\u00fcszkes\u00e9ggel t\u00f6lt el, hogy a vil\u00e1g minden t\u00e1j\u00e1r\u00f3l elit sportol\u00f3k \u00e9rkeznek hozz\u00e1nk, \u00e9s viszik h\u00edr\u00fcl a TV-ad\u00e1sokon, h\u00edreken \u00e9s saj\u00e1t \u00e9lm\u00e9nyeiken kereszt\u00fcl az orsz\u00e1g term\u00e9szeti \u00e9s kultur\u00e1lis \u00e9rt\u00e9keinek sz\u00e9ps\u00e9g\u00e9t.\" \/>\n<meta property=\"og:url\" content=\"https:\/\/www.welovecycling.com\/hu\/tdh2022\/rajtnal-az-elsport-legjobbjai-tour-de-hongrie-2022\/\" \/>\n<meta property=\"og:site_name\" content=\"\u0160koda We Love Cycling - Magyarorsz\u00e1g\" \/>\n<meta property=\"article:publisher\" content=\"https:\/\/www.facebook.com\/WeLoveCyclingHungary\/\" \/>\n<meta property=\"article:published_time\" content=\"2022-04-27T11:42:30+00:00\" \/>\n<meta property=\"article:modified_time\" content=\"2022-04-27T12:04:47+00:00\" \/>\n<meta property=\"og:image\" content=\"https:\/\/d2p6e6u75xmxt8.cloudfront.net\/12\/2022\/04\/WL007_tour_de_hongrie_2022cikk.jpg\" \/>\n\t<meta property=\"og:image:width\" content=\"1920\" \/>\n\t<meta property=\"og:image:height\" content=\"788\" \/>\n\t<meta property=\"og:image:type\" content=\"image\/jpeg\" \/>\n<meta name=\"author\" content=\"hegyizs\" \/>\n<meta name=\"twitter:card\" content=\"summary_large_image\" \/>\n<meta name=\"twitter:label1\" content=\"Written by\" \/>\n\t<meta name=\"twitter:data1\" content=\"WLC\" \/>\n\t<meta name=\"twitter:label2\" content=\"Est. reading time\" \/>\n\t<meta name=\"twitter:data2\" content=\"4 minutes\" \/>\n<script type=\"application\/ld+json\" class=\"yoast-schema-graph\">{\"@context\":\"https:\/\/schema.org\",\"@graph\":[{\"@type\":\"WebPage\",\"@id\":\"https:\/\/www.welovecycling.com\/hu\/tdh2022\/rajtnal-az-elsport-legjobbjai-tour-de-hongrie-2022\/\",\"url\":\"https:\/\/www.welovecycling.com\/hu\/tdh2022\/rajtnal-az-elsport-legjobbjai-tour-de-hongrie-2022\/\",\"name\":\"Rajtn\u00e1l az \u00e9lsport legjobbjai \u2013 Tour de Hongrie 2022\",\"isPartOf\":{\"@id\":\"https:\/\/www.welovecycling.com\/hu\/#website\"},\"primaryImageOfPage\":{\"@id\":\"https:\/\/www.welovecycling.com\/hu\/tdh2022\/rajtnal-az-elsport-legjobbjai-tour-de-hongrie-2022\/#primaryimage\"},\"image\":{\"@id\":\"https:\/\/www.welovecycling.com\/hu\/tdh2022\/rajtnal-az-elsport-legjobbjai-tour-de-hongrie-2022\/#primaryimage\"},\"thumbnailUrl\":\"https:\/\/d2p6e6u75xmxt8.cloudfront.net\/12\/2022\/04\/WL007_tour_de_hongrie_2022cikk.jpg\",\"datePublished\":\"2022-04-27T11:42:30+00:00\",\"dateModified\":\"2022-04-27T12:04:47+00:00\",\"author\":{\"@id\":\"https:\/\/www.welovecycling.com\/hu\/#\/schema\/person\/414a2aebf1801691a5320edb6468e194\"},\"description\":\"Hihetetlen mez\u0151ny \u00e1llt \u00f6ssze a Magyar K\u00f6rversenyre, a vil\u00e1g legjobb csapatai \u00e9rkeznek az orsz\u00e1gba, hogy \u00f6sszem\u00e9rj\u00e9k erej\u00fcket, k\u00f6zt\u00fck pedig kilenc magyar k\u00fczd majd els\u0151sorban a feh\u00e9r trik\u00f3\u00e9rt \u2013 \u00e9s m\u00e9g, ki tudja, mi\u00e9rt! K\u00e9ts\u00e9gtelen\u00fcl izgalmas verseny v\u00e1r r\u00e1nk, \u00e9s m\u00e1r most b\u00fcszkes\u00e9ggel t\u00f6lt el, hogy a vil\u00e1g minden t\u00e1j\u00e1r\u00f3l elit sportol\u00f3k \u00e9rkeznek hozz\u00e1nk, \u00e9s viszik h\u00edr\u00fcl a TV-ad\u00e1sokon, h\u00edreken \u00e9s saj\u00e1t \u00e9lm\u00e9nyeiken kereszt\u00fcl az orsz\u00e1g term\u00e9szeti \u00e9s kultur\u00e1lis \u00e9rt\u00e9keinek sz\u00e9ps\u00e9g\u00e9t.\",\"breadcrumb\":{\"@id\":\"https:\/\/www.welovecycling.com\/hu\/tdh2022\/rajtnal-az-elsport-legjobbjai-tour-de-hongrie-2022\/#breadcrumb\"},\"inLanguage\":\"hu\",\"potentialAction\":[{\"@type\":\"ReadAction\",\"target\":[\"https:\/\/www.welovecycling.com\/hu\/tdh2022\/rajtnal-az-elsport-legjobbjai-tour-de-hongrie-2022\/\"]}]},{\"@type\":\"ImageObject\",\"inLanguage\":\"hu\",\"@id\":\"https:\/\/www.welovecycling.com\/hu\/tdh2022\/rajtnal-az-elsport-legjobbjai-tour-de-hongrie-2022\/#primaryimage\",\"url\":\"https:\/\/d2p6e6u75xmxt8.cloudfront.net\/12\/2022\/04\/WL007_tour_de_hongrie_2022cikk.jpg\",\"contentUrl\":\"https:\/\/d2p6e6u75xmxt8.cloudfront.net\/12\/2022\/04\/WL007_tour_de_hongrie_2022cikk.jpg\",\"width\":1920,\"height\":788},{\"@type\":\"BreadcrumbList\",\"@id\":\"https:\/\/www.welovecycling.com\/hu\/tdh2022\/rajtnal-az-elsport-legjobbjai-tour-de-hongrie-2022\/#breadcrumb\",\"itemListElement\":[{\"@type\":\"ListItem\",\"position\":1,\"name\":\"Home\",\"item\":\"https:\/\/www.welovecycling.com\/hu\/\"},{\"@type\":\"ListItem\",\"position\":2,\"name\":\"Rajtn\u00e1l az \u00e9lsport legjobbjai \u2013 Tour de Hongrie 2022\"}]},{\"@type\":\"WebSite\",\"@id\":\"https:\/\/www.welovecycling.com\/hu\/#website\",\"url\":\"https:\/\/www.welovecycling.com\/hu\/\",\"name\":\"\u0160koda We Love Cycling - Magyarorsz\u00e1g\",\"description\":\"\u0160koda WeLoveCycling\",\"potentialAction\":[{\"@type\":\"SearchAction\",\"target\":{\"@type\":\"EntryPoint\",\"urlTemplate\":\"https:\/\/www.welovecycling.com\/hu\/?s={search_term_string}\"},\"query-input\":{\"@type\":\"PropertyValueSpecification\",\"valueRequired\":true,\"valueName\":\"search_term_string\"}}],\"inLanguage\":\"hu\"},{\"@type\":\"Person\",\"@id\":\"https:\/\/www.welovecycling.com\/hu\/#\/schema\/person\/414a2aebf1801691a5320edb6468e194\",\"name\":\"hegyizs\",\"image\":{\"@type\":\"ImageObject\",\"inLanguage\":\"hu\",\"@id\":\"https:\/\/www.welovecycling.com\/hu\/#\/schema\/person\/image\/\",\"url\":\"https:\/\/secure.gravatar.com\/avatar\/02cf8a7906b8cf90cecb4679defac7cfd33a1c2e3b88e4903d947f3bb58eedd3?s=96&d=mm&r=g\",\"contentUrl\":\"https:\/\/secure.gravatar.com\/avatar\/02cf8a7906b8cf90cecb4679defac7cfd33a1c2e3b88e4903d947f3bb58eedd3?s=96&d=mm&r=g\",\"caption\":\"hegyizs\"},\"url\":\"https:\/\/www.welovecycling.com\/hu\/author\/hegyizs\/\"}]}<\/script>\n<!-- \/ Yoast SEO Premium plugin. -->","yoast_head_json":{"title":"Rajtn\u00e1l az \u00e9lsport legjobbjai \u2013 Tour de Hongrie 2022","description":"Hihetetlen mez\u0151ny \u00e1llt \u00f6ssze a Magyar K\u00f6rversenyre, a vil\u00e1g legjobb csapatai \u00e9rkeznek az orsz\u00e1gba, hogy \u00f6sszem\u00e9rj\u00e9k erej\u00fcket, k\u00f6zt\u00fck pedig kilenc magyar k\u00fczd majd els\u0151sorban a feh\u00e9r trik\u00f3\u00e9rt \u2013 \u00e9s m\u00e9g, ki tudja, mi\u00e9rt! K\u00e9ts\u00e9gtelen\u00fcl izgalmas verseny v\u00e1r r\u00e1nk, \u00e9s m\u00e1r most b\u00fcszkes\u00e9ggel t\u00f6lt el, hogy a vil\u00e1g minden t\u00e1j\u00e1r\u00f3l elit sportol\u00f3k \u00e9rkeznek hozz\u00e1nk, \u00e9s viszik h\u00edr\u00fcl a TV-ad\u00e1sokon, h\u00edreken \u00e9s saj\u00e1t \u00e9lm\u00e9nyeiken kereszt\u00fcl az orsz\u00e1g term\u00e9szeti \u00e9s kultur\u00e1lis \u00e9rt\u00e9keinek sz\u00e9ps\u00e9g\u00e9t.","robots":{"index":"index","follow":"follow","max-snippet":"max-snippet:-1","max-image-preview":"max-image-preview:large","max-video-preview":"max-video-preview:-1"},"canonical":"https:\/\/www.welovecycling.com\/hu\/tdh2022\/rajtnal-az-elsport-legjobbjai-tour-de-hongrie-2022\/","og_locale":"hu_HU","og_type":"article","og_title":"Rajtn\u00e1l az \u00e9lsport legjobbjai \u2013 Tour de Hongrie 2022","og_description":"Hihetetlen mez\u0151ny \u00e1llt \u00f6ssze a Magyar K\u00f6rversenyre, a vil\u00e1g legjobb csapatai \u00e9rkeznek az orsz\u00e1gba, hogy \u00f6sszem\u00e9rj\u00e9k erej\u00fcket, k\u00f6zt\u00fck pedig kilenc magyar k\u00fczd majd els\u0151sorban a feh\u00e9r trik\u00f3\u00e9rt \u2013 \u00e9s m\u00e9g, ki tudja, mi\u00e9rt! K\u00e9ts\u00e9gtelen\u00fcl izgalmas verseny v\u00e1r r\u00e1nk, \u00e9s m\u00e1r most b\u00fcszkes\u00e9ggel t\u00f6lt el, hogy a vil\u00e1g minden t\u00e1j\u00e1r\u00f3l elit sportol\u00f3k \u00e9rkeznek hozz\u00e1nk, \u00e9s viszik h\u00edr\u00fcl a TV-ad\u00e1sokon, h\u00edreken \u00e9s saj\u00e1t \u00e9lm\u00e9nyeiken kereszt\u00fcl az orsz\u00e1g term\u00e9szeti \u00e9s kultur\u00e1lis \u00e9rt\u00e9keinek sz\u00e9ps\u00e9g\u00e9t.","og_url":"https:\/\/www.welovecycling.com\/hu\/tdh2022\/rajtnal-az-elsport-legjobbjai-tour-de-hongrie-2022\/","og_site_name":"\u0160koda We Love Cycling - Magyarorsz\u00e1g","article_publisher":"https:\/\/www.facebook.com\/WeLoveCyclingHungary\/","article_published_time":"2022-04-27T11:42:30+00:00","article_modified_time":"2022-04-27T12:04:47+00:00","og_image":[{"width":1920,"height":788,"url":"https:\/\/d2p6e6u75xmxt8.cloudfront.net\/12\/2022\/04\/WL007_tour_de_hongrie_2022cikk.jpg","type":"image\/jpeg"}],"author":"hegyizs","twitter_card":"summary_large_image","twitter_misc":{"Written by":"WLC","Est. reading time":"4 minutes"},"schema":{"@context":"https:\/\/schema.org","@graph":[{"@type":"WebPage","@id":"https:\/\/www.welovecycling.com\/hu\/tdh2022\/rajtnal-az-elsport-legjobbjai-tour-de-hongrie-2022\/","url":"https:\/\/www.welovecycling.com\/hu\/tdh2022\/rajtnal-az-elsport-legjobbjai-tour-de-hongrie-2022\/","name":"Rajtn\u00e1l az \u00e9lsport legjobbjai \u2013 Tour de Hongrie 2022","isPartOf":{"@id":"https:\/\/www.welovecycling.com\/hu\/#website"},"primaryImageOfPage":{"@id":"https:\/\/www.welovecycling.com\/hu\/tdh2022\/rajtnal-az-elsport-legjobbjai-tour-de-hongrie-2022\/#primaryimage"},"image":{"@id":"https:\/\/www.welovecycling.com\/hu\/tdh2022\/rajtnal-az-elsport-legjobbjai-tour-de-hongrie-2022\/#primaryimage"},"thumbnailUrl":"https:\/\/d2p6e6u75xmxt8.cloudfront.net\/12\/2022\/04\/WL007_tour_de_hongrie_2022cikk.jpg","datePublished":"2022-04-27T11:42:30+00:00","dateModified":"2022-04-27T12:04:47+00:00","author":{"@id":"https:\/\/www.welovecycling.com\/hu\/#\/schema\/person\/414a2aebf1801691a5320edb6468e194"},"description":"Hihetetlen mez\u0151ny \u00e1llt \u00f6ssze a Magyar K\u00f6rversenyre, a vil\u00e1g legjobb csapatai \u00e9rkeznek az orsz\u00e1gba, hogy \u00f6sszem\u00e9rj\u00e9k erej\u00fcket, k\u00f6zt\u00fck pedig kilenc magyar k\u00fczd majd els\u0151sorban a feh\u00e9r trik\u00f3\u00e9rt \u2013 \u00e9s m\u00e9g, ki tudja, mi\u00e9rt! K\u00e9ts\u00e9gtelen\u00fcl izgalmas verseny v\u00e1r r\u00e1nk, \u00e9s m\u00e1r most b\u00fcszkes\u00e9ggel t\u00f6lt el, hogy a vil\u00e1g minden t\u00e1j\u00e1r\u00f3l elit sportol\u00f3k \u00e9rkeznek hozz\u00e1nk, \u00e9s viszik h\u00edr\u00fcl a TV-ad\u00e1sokon, h\u00edreken \u00e9s saj\u00e1t \u00e9lm\u00e9nyeiken kereszt\u00fcl az orsz\u00e1g term\u00e9szeti \u00e9s kultur\u00e1lis \u00e9rt\u00e9keinek sz\u00e9ps\u00e9g\u00e9t.","breadcrumb":{"@id":"https:\/\/www.welovecycling.com\/hu\/tdh2022\/rajtnal-az-elsport-legjobbjai-tour-de-hongrie-2022\/#breadcrumb"},"inLanguage":"hu","potentialAction":[{"@type":"ReadAction","target":["https:\/\/www.welovecycling.com\/hu\/tdh2022\/rajtnal-az-elsport-legjobbjai-tour-de-hongrie-2022\/"]}]},{"@type":"ImageObject","inLanguage":"hu","@id":"https:\/\/www.welovecycling.com\/hu\/tdh2022\/rajtnal-az-elsport-legjobbjai-tour-de-hongrie-2022\/#primaryimage","url":"https:\/\/d2p6e6u75xmxt8.cloudfront.net\/12\/2022\/04\/WL007_tour_de_hongrie_2022cikk.jpg","contentUrl":"https:\/\/d2p6e6u75xmxt8.cloudfront.net\/12\/2022\/04\/WL007_tour_de_hongrie_2022cikk.jpg","width":1920,"height":788},{"@type":"BreadcrumbList","@id":"https:\/\/www.welovecycling.com\/hu\/tdh2022\/rajtnal-az-elsport-legjobbjai-tour-de-hongrie-2022\/#breadcrumb","itemListElement":[{"@type":"ListItem","position":1,"name":"Home","item":"https:\/\/www.welovecycling.com\/hu\/"},{"@type":"ListItem","position":2,"name":"Rajtn\u00e1l az \u00e9lsport legjobbjai \u2013 Tour de Hongrie 2022"}]},{"@type":"WebSite","@id":"https:\/\/www.welovecycling.com\/hu\/#website","url":"https:\/\/www.welovecycling.com\/hu\/","name":"\u0160koda We Love Cycling - Magyarorsz\u00e1g","description":"\u0160koda WeLoveCycling","potentialAction":[{"@type":"SearchAction","target":{"@type":"EntryPoint","urlTemplate":"https:\/\/www.welovecycling.com\/hu\/?s={search_term_string}"},"query-input":{"@type":"PropertyValueSpecification","valueRequired":true,"valueName":"search_term_string"}}],"inLanguage":"hu"},{"@type":"Person","@id":"https:\/\/www.welovecycling.com\/hu\/#\/schema\/person\/414a2aebf1801691a5320edb6468e194","name":"hegyizs","image":{"@type":"ImageObject","inLanguage":"hu","@id":"https:\/\/www.welovecycling.com\/hu\/#\/schema\/person\/image\/","url":"https:\/\/secure.gravatar.com\/avatar\/02cf8a7906b8cf90cecb4679defac7cfd33a1c2e3b88e4903d947f3bb58eedd3?s=96&d=mm&r=g","contentUrl":"https:\/\/secure.gravatar.com\/avatar\/02cf8a7906b8cf90cecb4679defac7cfd33a1c2e3b88e4903d947f3bb58eedd3?s=96&d=mm&r=g","caption":"hegyizs"},"url":"https:\/\/www.welovecycling.com\/hu\/author\/hegyizs\/"}]}},"_links":{"self":[{"href":"https:\/\/www.welovecycling.com\/hu\/wp-json\/wp\/v2\/posts\/14820","targetHints":{"allow":["GET"]}}],"collection":[{"href":"https:\/\/www.welovecycling.com\/hu\/wp-json\/wp\/v2\/posts"}],"about":[{"href":"https:\/\/www.welovecycling.com\/hu\/wp-json\/wp\/v2\/types\/post"}],"author":[{"embeddable":true,"href":"https:\/\/www.welovecycling.com\/hu\/wp-json\/wp\/v2\/users\/71"}],"replies":[{"embeddable":true,"href":"https:\/\/www.welovecycling.com\/hu\/wp-json\/wp\/v2\/comments?post=14820"}],"version-history":[{"count":2,"href":"https:\/\/www.welovecycling.com\/hu\/wp-json\/wp\/v2\/posts\/14820\/revisions"}],"predecessor-version":[{"id":14848,"href":"https:\/\/www.welovecycling.com\/hu\/wp-json\/wp\/v2\/posts\/14820\/revisions\/14848"}],"wp:featuredmedia":[{"embeddable":true,"href":"https:\/\/www.welovecycling.com\/hu\/wp-json\/wp\/v2\/media\/14850"}],"wp:attachment":[{"href":"https:\/\/www.welovecycling.com\/hu\/wp-json\/wp\/v2\/media?parent=14820"}],"wp:term":[{"taxonomy":"category","embeddable":true,"href":"https:\/\/www.welovecycling.com\/hu\/wp-json\/wp\/v2\/categories?post=14820"},{"taxonomy":"post_tag","embeddable":true,"href":"https:\/\/www.welovecycling.com\/hu\/wp-json\/wp\/v2\/tags?post=14820"},{"taxonomy":"global-categories","embeddable":true,"href":"https:\/\/www.welovecycling.com\/hu\/wp-json\/wp\/v2\/global-categories?post=14820"}],"curies":[{"name":"wp","href":"https:\/\/api.w.org\/{rel}","templated":true}]}}