{"id":14747,"date":"2022-04-26T15:25:46","date_gmt":"2022-04-26T13:25:46","guid":{"rendered":"https:\/\/www.welovecycling.com\/hu\/?p=14747"},"modified":"2022-05-06T09:22:16","modified_gmt":"2022-05-06T07:22:16","slug":"magyar-indulok-a-tour-de-hongrie-n-ismerd-meg-oket-szurkolj-nekik","status":"publish","type":"post","link":"https:\/\/www.welovecycling.com\/hu\/tdh2022\/magyar-indulok-a-tour-de-hongrie-n-ismerd-meg-oket-szurkolj-nekik\/","title":{"rendered":"Magyar indul\u00f3k a Tour de Hongrie-n: ismerd meg \u0151ket, szurkolj nekik!"},"content":{"rendered":"<p><strong>Ak\u00e1rmennyire is szeretj\u00fck \u00e9s tisztelj\u00fck a legnagyobb k\u00fclf\u00f6ldi ker\u00e9kp\u00e1rversenyz\u0151ket, az igazi \u00f6r\u00f6m m\u00e9gis az, hogy magyar indul\u00f3k versenyezhetnek vel\u00fck egy vil\u00e1gsz\u00ednvonal\u00fa versenyen. N\u00e9zz\u00fck, kik \u00e1llnak id\u00e9n a Tour de Hongrie rajtj\u00e1hoz a v\u00e1logatott tagjak\u00e9nt, \u00e9s a nemzetk\u00f6zi csapatokban!<\/strong><!--more--><\/p>\n<p>Id\u00e9n huszonh\u00e1rom ist\u00e1ll\u00f3 indul a TdH-n, k\u00f6zt\u00fck sz\u00e1mos vil\u00e1gszinten versenyz\u0151 csapat. Az orsz\u00e1g legnagyobb k\u00f6rversenye m\u00e1ra nemzetk\u00f6zileg is n\u00e9pszer\u0171v\u00e9 n\u0151tte ki mag\u00e1t, azonban hi\u00e1ba a k\u00fclf\u00f6ldi szt\u00e1rok, a magyar indul\u00f3k m\u00e9gis k\u00fcl\u00f6nleges helyet foglalnak el a sz\u00edv\u00fcnkben. Pontosabban, kilenc k\u00fcl\u00f6nleges helyet \u2013 egyel\u0151re.<\/p>\n<p><strong>A magyar v\u00e1logatott<\/strong><\/p>\n<p>D\u00e9r Zsolt, a v\u00e1logatott sz\u00f6vets\u00e9gi kapit\u00e1nya m\u00e9g nem jel\u00f6lte ki a v\u00e9gleges csapatot, a hat helyre jelenleg kilencen p\u00e1ly\u00e1znak.<\/p>\n<p><strong>Orosz Gerg\u0151<\/strong><\/p>\n<figure id=\"attachment_14898\" aria-describedby=\"caption-attachment-14898\" style=\"width: 720px\" class=\"wp-caption alignnone\"><a href=\"https:\/\/d2p6e6u75xmxt8.cloudfront.net\/12\/2022\/04\/Geri-Pannon.jpg\"><img loading=\"lazy\" decoding=\"async\" class=\"size-full wp-image-14898\" src=\"https:\/\/d2p6e6u75xmxt8.cloudfront.net\/12\/2022\/04\/Geri-Pannon.jpg\" alt=\"\" width=\"720\" height=\"960\" srcset=\"https:\/\/d2p6e6u75xmxt8.cloudfront.net\/12\/2022\/04\/Geri-Pannon.jpg 720w, https:\/\/d2p6e6u75xmxt8.cloudfront.net\/12\/2022\/04\/Geri-Pannon-225x300.jpg 225w\" sizes=\"auto, (max-width: 720px) 100vw, 720px\" \/><\/a><figcaption id=\"caption-attachment-14898\" class=\"wp-caption-text\">Fot\u00f3: Bringasport.hu<\/figcaption><\/figure>\n<p>A 22 \u00e9ves ker\u00e9kp\u00e1ros els\u0151 junior orsz\u00e1g\u00fati vb-j\u00e9n az igen sz\u00e9p teljes\u00edtm\u00e9nynek sz\u00e1m\u00edt\u00f3 62. helyet \u00e9rte el 2017-ben, amire h\u00e9t \u00e9ven \u00e1t k\u00e9sz\u00fclt \u2013 (kor\u00e1bban cyclocross \u00e9s p\u00e1lyaker\u00e9kp\u00e1r versenyeken is k\u00e9pviselte az orsz\u00e1got). M\u00e1r akkor azt nyilatkozta, hogy az a c\u00e9lja, hogy beker\u00fclj\u00f6n egy WorldTour csapatba, \u00e9s k\u00e9szen \u00e1ll r\u00e1, hogy megm\u00e1ssza a l\u00e9pcs\u0151fokokat ehhez. Jelenleg a francia Uci continental Cross Team Legendre csapat\u00e1ban teker.<\/p>\n<p><strong>Karl \u00c1d\u00e1m<\/strong><\/p>\n<figure id=\"attachment_14749\" aria-describedby=\"caption-attachment-14749\" style=\"width: 1080px\" class=\"wp-caption alignnone\"><a href=\"https:\/\/d2p6e6u75xmxt8.cloudfront.net\/12\/2022\/04\/21362288_1453685574711282_607568113_o.jpg\"><img loading=\"lazy\" decoding=\"async\" class=\"size-full wp-image-14749\" src=\"https:\/\/d2p6e6u75xmxt8.cloudfront.net\/12\/2022\/04\/21362288_1453685574711282_607568113_o.jpg\" alt=\"\" width=\"1080\" height=\"720\" srcset=\"https:\/\/d2p6e6u75xmxt8.cloudfront.net\/12\/2022\/04\/21362288_1453685574711282_607568113_o.jpg 1080w, https:\/\/d2p6e6u75xmxt8.cloudfront.net\/12\/2022\/04\/21362288_1453685574711282_607568113_o-300x200.jpg 300w, https:\/\/d2p6e6u75xmxt8.cloudfront.net\/12\/2022\/04\/21362288_1453685574711282_607568113_o-1024x683.jpg 1024w, https:\/\/d2p6e6u75xmxt8.cloudfront.net\/12\/2022\/04\/21362288_1453685574711282_607568113_o-768x512.jpg 768w, https:\/\/d2p6e6u75xmxt8.cloudfront.net\/12\/2022\/04\/21362288_1453685574711282_607568113_o-272x182.jpg 272w\" sizes=\"auto, (max-width: 1080px) 100vw, 1080px\" \/><\/a><figcaption id=\"caption-attachment-14749\" class=\"wp-caption-text\">Karl \u00c1d\u00e1m, k\u00f6z\u00e9pen. Fot\u00f3: Bikemag<\/figcaption><\/figure>\n<p>\u00c1d\u00e1m 2015-ben hatodik lett a serd\u00fcl\u0151 Tour de France-k\u00e9nt emlegetett ASK\u00d6-Radjugendtour-on, k\u00e9t \u00e9vvel k\u00e9s\u0151bb a 14. helyet \u00e9rte el GP R\u00fcebliland versenyen, szint\u00e9n a magyar v\u00e1logatott tagjak\u00e9nt, \u00e9s egy U19-es magyar bajnoki c\u00edmmel is b\u00fcszk\u00e9lkedhet. U23-ask\u00e9nt, 2018-ban lett a UC Monaco region\u00e1lis csapat\u00e1nak tagja, 2020-ban az ist\u00e1ll\u00f3 sz\u00edneiben megnyerte a Ronde de Montauroux-t. Edz\u0151je, Rusovszki G\u00e1bor a Nemzeti Sportnak adott interj\u00faj\u00e1ban elmondta, rem\u00e9li, hogy \u00c1d\u00e1m nem szakad el teljesen a magyar csapatt\u00f3l \u2013 \u00e9s szerencs\u00e9re rem\u00e9nyei beigazol\u00f3dtak, \u00edgy van r\u00e1 es\u00e9ly, hogy l\u00e1tjuk az idei TdH-n a rajtn\u00e1l.<\/p>\n<p><strong>Hrenk\u00f3 Norbert<\/strong><\/p>\n<figure id=\"attachment_14763\" aria-describedby=\"caption-attachment-14763\" style=\"width: 1080px\" class=\"wp-caption alignnone\"><a href=\"https:\/\/d2p6e6u75xmxt8.cloudfront.net\/12\/2022\/04\/Hegyi_OB_Hrenko-Norbert-1080x675-1.jpg\"><img loading=\"lazy\" decoding=\"async\" class=\"size-full wp-image-14763\" src=\"https:\/\/d2p6e6u75xmxt8.cloudfront.net\/12\/2022\/04\/Hegyi_OB_Hrenko-Norbert-1080x675-1.jpg\" alt=\"\" width=\"1080\" height=\"675\" srcset=\"https:\/\/d2p6e6u75xmxt8.cloudfront.net\/12\/2022\/04\/Hegyi_OB_Hrenko-Norbert-1080x675-1.jpg 1080w, https:\/\/d2p6e6u75xmxt8.cloudfront.net\/12\/2022\/04\/Hegyi_OB_Hrenko-Norbert-1080x675-1-300x188.jpg 300w, https:\/\/d2p6e6u75xmxt8.cloudfront.net\/12\/2022\/04\/Hegyi_OB_Hrenko-Norbert-1080x675-1-1024x640.jpg 1024w, https:\/\/d2p6e6u75xmxt8.cloudfront.net\/12\/2022\/04\/Hegyi_OB_Hrenko-Norbert-1080x675-1-768x480.jpg 768w\" sizes=\"auto, (max-width: 1080px) 100vw, 1080px\" \/><\/a><figcaption id=\"caption-attachment-14763\" class=\"wp-caption-text\">Fot\u00f3: Hiros.hu<\/figcaption><\/figure>\n<p>A 21 \u00e9ves Norbert a Ny\u00edregyh\u00e1zi Ker\u00e9kp\u00e1ros Sport Egyes\u00fcletben kezdte p\u00e1lyafut\u00e1s\u00e1t, k\u00e9t \u00e9vvel k\u00e9s\u0151bb pedig Id\u0151futamban Junior Magyar Bajnok lett. 2020-ban egy olasz csapatban, a Team Tripetetol\u00f3ban folytatta, egy \u00e9v m\u00falva viszont a koronav\u00edrus miatt k\u00e9nytelen volt hazat\u00e9rni. Itthon gy\u0171jt\u00f6tte teh\u00e1t a sz\u00e9p eredm\u00e9nyeket, negyedik helyez\u00e9st \u00e9rt el az OB-n, azt\u00e1n m\u00e1r az MKB Cycling Team tagjak\u00e9nt harmadik a hegyi orsz\u00e1gos bajnoks\u00e1gon, \u00e9s m\u00e9g sorolhatn\u00e1nk. Tavaly rajthoz \u00e1llt a Tour de Hongrie-n, \u00e9s lehet, hogy ez id\u00e9n sem lesz m\u00e1sk\u00e9pp. 2022-ben pedig \u00fajabb felk\u00e9s\u00e9rt kapott Olaszorsz\u00e1gb\u00f3l \u00e9s al\u00e1\u00edrta a szerz\u0151d\u00e9s\u00e9t a Solme-Olmo-Metalmont csapat\u00e1val!<\/p>\n<p><strong>Sz\u00edj\u00e1rt\u00f3 Z\u00e9t\u00e9ny<\/strong><\/p>\n<figure id=\"attachment_14751\" aria-describedby=\"caption-attachment-14751\" style=\"width: 1920px\" class=\"wp-caption alignnone\"><a href=\"https:\/\/d2p6e6u75xmxt8.cloudfront.net\/12\/2022\/04\/232314426_534438251137006_1374260067009699945_n.jpg\"><img loading=\"lazy\" decoding=\"async\" class=\"size-extra-large wp-image-14751\" src=\"https:\/\/d2p6e6u75xmxt8.cloudfront.net\/12\/2022\/04\/232314426_534438251137006_1374260067009699945_n-1920x1440.jpg\" alt=\"\" width=\"1920\" height=\"1440\" srcset=\"https:\/\/d2p6e6u75xmxt8.cloudfront.net\/12\/2022\/04\/232314426_534438251137006_1374260067009699945_n-1920x1440.jpg 1920w, https:\/\/d2p6e6u75xmxt8.cloudfront.net\/12\/2022\/04\/232314426_534438251137006_1374260067009699945_n-300x225.jpg 300w, https:\/\/d2p6e6u75xmxt8.cloudfront.net\/12\/2022\/04\/232314426_534438251137006_1374260067009699945_n-1024x768.jpg 1024w, https:\/\/d2p6e6u75xmxt8.cloudfront.net\/12\/2022\/04\/232314426_534438251137006_1374260067009699945_n-768x576.jpg 768w, https:\/\/d2p6e6u75xmxt8.cloudfront.net\/12\/2022\/04\/232314426_534438251137006_1374260067009699945_n-1536x1152.jpg 1536w, https:\/\/d2p6e6u75xmxt8.cloudfront.net\/12\/2022\/04\/232314426_534438251137006_1374260067009699945_n.jpg 2048w, https:\/\/d2p6e6u75xmxt8.cloudfront.net\/12\/2022\/04\/232314426_534438251137006_1374260067009699945_n-1920x1440.jpg 1920w\" sizes=\"auto, (max-width: 1920px) 100vw, 1920px\" \/><\/a><figcaption id=\"caption-attachment-14751\" class=\"wp-caption-text\">Sz\u00edj\u00e1rt\u00f3 Z\u00e9t\u00e9ny (jobb oldalon). Fot\u00f3: BringaSport<\/figcaption><\/figure>\n<p>A k\u00e9tszeres koroszt\u00e1lyos id\u0151futam magyar bajnok Z\u00e9t\u00e9ny m\u00e9g csak 19 \u00e9ves, de m\u00e1r \u00e1llhatott dobog\u00f3n k\u00fclf\u00f6ld\u00f6n is: tavaly Belg\u00e1rdban, az U19-es Belgrade Trophy Milan Panicon \u00f6sszetett harmadik helyez\u00e9st \u00e9rt el. Ugyanebben az \u00e9vben elhozta a legjobb magyarnak j\u00e1r\u00f3 trik\u00f3t One Belt One Road Nations\u2019 Cup ifj\u00fas\u00e1gi vil\u00e1gkup\u00e1r\u00f3l, id\u00e9n pedig, ahogy Karl \u00c1d\u00e1m, \u0151 is UC Monaco region\u00e1lis csapat\u00e1ban folytatja.<\/p>\n<p><strong>M\u00e9sz\u00e1ros Bence<\/strong><\/p>\n<figure id=\"attachment_14752\" aria-describedby=\"caption-attachment-14752\" style=\"width: 1080px\" class=\"wp-caption alignnone\"><a href=\"https:\/\/d2p6e6u75xmxt8.cloudfront.net\/12\/2022\/04\/38301083_1722572214456465_2459732984509497344_o.jpg\"><img loading=\"lazy\" decoding=\"async\" class=\"size-full wp-image-14752\" src=\"https:\/\/d2p6e6u75xmxt8.cloudfront.net\/12\/2022\/04\/38301083_1722572214456465_2459732984509497344_o.jpg\" alt=\"\" width=\"1080\" height=\"1080\" srcset=\"https:\/\/d2p6e6u75xmxt8.cloudfront.net\/12\/2022\/04\/38301083_1722572214456465_2459732984509497344_o.jpg 1080w, https:\/\/d2p6e6u75xmxt8.cloudfront.net\/12\/2022\/04\/38301083_1722572214456465_2459732984509497344_o-300x300.jpg 300w, https:\/\/d2p6e6u75xmxt8.cloudfront.net\/12\/2022\/04\/38301083_1722572214456465_2459732984509497344_o-1024x1024.jpg 1024w, https:\/\/d2p6e6u75xmxt8.cloudfront.net\/12\/2022\/04\/38301083_1722572214456465_2459732984509497344_o-150x150.jpg 150w, https:\/\/d2p6e6u75xmxt8.cloudfront.net\/12\/2022\/04\/38301083_1722572214456465_2459732984509497344_o-768x768.jpg 768w\" sizes=\"auto, (max-width: 1080px) 100vw, 1080px\" \/><\/a><figcaption id=\"caption-attachment-14752\" class=\"wp-caption-text\">Fot\u00f3: Bikemag<\/figcaption><\/figure>\n<p>Az orsz\u00e1g\u00fati U17-es magyar bajnok, M\u00e9sz\u00e1ros Bence 2019-ben igazolt a holland ut\u00e1np\u00f3tl\u00e1s Willebrord Wil Vooruit csapat\u00e1hoz, \u00e9s m\u00e9g ebben az \u00e9vben megnyerte az osztr\u00e1k 58. Internationales Kirschbl\u00fctenrennen egynapos verseny\u00e9t. Tavaly \u0151 is al\u00e1\u00edrt az UC Monaco region\u00e1lis csapat\u00e1n\u00e1l, \u00edgy id\u00e9n m\u00e1r e legjobb holland ut\u00e1np\u00f3tl\u00e1s csapatban tekerhet!<\/p>\n<p><strong>Pelik\u00e1n J\u00e1nos<\/strong><\/p>\n<figure id=\"attachment_14765\" aria-describedby=\"caption-attachment-14765\" style=\"width: 1920px\" class=\"wp-caption alignnone\"><a href=\"https:\/\/d2p6e6u75xmxt8.cloudfront.net\/12\/2022\/04\/pelikan-nyer-gemenc-2019.jpg\"><img loading=\"lazy\" decoding=\"async\" class=\"size-extra-large wp-image-14765\" src=\"https:\/\/d2p6e6u75xmxt8.cloudfront.net\/12\/2022\/04\/pelikan-nyer-gemenc-2019-1920x1280.jpg\" alt=\"\" width=\"1920\" height=\"1280\" srcset=\"https:\/\/d2p6e6u75xmxt8.cloudfront.net\/12\/2022\/04\/pelikan-nyer-gemenc-2019-1920x1280.jpg 1920w, https:\/\/d2p6e6u75xmxt8.cloudfront.net\/12\/2022\/04\/pelikan-nyer-gemenc-2019-300x200.jpg 300w, https:\/\/d2p6e6u75xmxt8.cloudfront.net\/12\/2022\/04\/pelikan-nyer-gemenc-2019-1024x683.jpg 1024w, https:\/\/d2p6e6u75xmxt8.cloudfront.net\/12\/2022\/04\/pelikan-nyer-gemenc-2019-768x512.jpg 768w, https:\/\/d2p6e6u75xmxt8.cloudfront.net\/12\/2022\/04\/pelikan-nyer-gemenc-2019-1536x1024.jpg 1536w, https:\/\/d2p6e6u75xmxt8.cloudfront.net\/12\/2022\/04\/pelikan-nyer-gemenc-2019-272x182.jpg 272w, https:\/\/d2p6e6u75xmxt8.cloudfront.net\/12\/2022\/04\/pelikan-nyer-gemenc-2019.jpg 2048w, https:\/\/d2p6e6u75xmxt8.cloudfront.net\/12\/2022\/04\/pelikan-nyer-gemenc-2019-1920x1280.jpg 1920w\" sizes=\"auto, (max-width: 1920px) 100vw, 1920px\" \/><\/a><figcaption id=\"caption-attachment-14765\" class=\"wp-caption-text\">Fot\u00f3: Flowcycle<\/figcaption><\/figure>\n<p>A 27 \u00e9ves Pelik\u00e1n J\u00e1nos neve ismer\u0151s lehet azoknak, akik k\u00f6vetik a TdH t\u00f6rt\u00e9net\u00e9t: az \u0151 neve d\u00edszeleg ugyanis a feh\u00e9r trik\u00f3 mellett. J\u00e1nos sz\u00e1mtalan eredm\u00e9nyre lehet b\u00fcszke, hogy csak n\u00e9h\u00e1nyat eml\u00edts\u00fcnk: h\u00e1romszoros feln\u0151tt magyar bajnok, 2017-ben megnyerte az osztr\u00e1k Grand Prix S\u00fcdk\u00e4rnten versenyt, 2019-ben a Debrecen-Ibrany V4-et, tavaly pedig a h\u00edres feh\u00e9r mezt a Tour de Hongrie-n. Az\u00f3ta lediplom\u00e1zott, \u00e9s most \u00fajra a rajthoz \u00e1llhat a k\u00f6rversenyen!<\/p>\n<p><strong>D. Kov\u00e1cs D\u00e1vid<\/strong><\/p>\n<figure id=\"attachment_14754\" aria-describedby=\"caption-attachment-14754\" style=\"width: 1500px\" class=\"wp-caption alignnone\"><a href=\"https:\/\/d2p6e6u75xmxt8.cloudfront.net\/12\/2022\/04\/d_kovacs_david.jpg\"><img loading=\"lazy\" decoding=\"async\" class=\"size-full wp-image-14754\" src=\"https:\/\/d2p6e6u75xmxt8.cloudfront.net\/12\/2022\/04\/d_kovacs_david.jpg\" alt=\"\" width=\"1500\" height=\"997\" srcset=\"https:\/\/d2p6e6u75xmxt8.cloudfront.net\/12\/2022\/04\/d_kovacs_david.jpg 1500w, https:\/\/d2p6e6u75xmxt8.cloudfront.net\/12\/2022\/04\/d_kovacs_david-300x199.jpg 300w, https:\/\/d2p6e6u75xmxt8.cloudfront.net\/12\/2022\/04\/d_kovacs_david-1024x681.jpg 1024w, https:\/\/d2p6e6u75xmxt8.cloudfront.net\/12\/2022\/04\/d_kovacs_david-768x510.jpg 768w, https:\/\/d2p6e6u75xmxt8.cloudfront.net\/12\/2022\/04\/d_kovacs_david-272x182.jpg 272w\" sizes=\"auto, (max-width: 1500px) 100vw, 1500px\" \/><\/a><figcaption id=\"caption-attachment-14754\" class=\"wp-caption-text\">Fot\u00f3: Bikemag<\/figcaption><\/figure>\n<p>D\u00e1vid t\u00f6bbsz\u00f6r\u00f6s magyar koroszt\u00e1lyos bajnok, 2015-ben r\u00e9szt vett a richmondi orsz\u00e1g\u00fati vil\u00e1gbajnoks\u00e1gon, 2016-ban \u00fajra bajnok lett az U23-as koroszt\u00e1lyban, majd kisebb kihagy\u00e1s ut\u00e1n brit csapatokn\u00e1l, 2021-ben az Electro Hiper Europ\u00e1n\u00e1l folytatta. M\u00e1r l\u00e1thattuk a Tour de Hongrie-n versenyezni kor\u00e1bban, \u00e9s k\u00f6nnyen lehet, hogy nem utolj\u00e1ra.<\/p>\n<p><strong>R\u00f3zsa Bal\u00e1zs<\/strong><\/p>\n<figure id=\"attachment_14755\" aria-describedby=\"caption-attachment-14755\" style=\"width: 1225px\" class=\"wp-caption alignnone\"><a href=\"https:\/\/d2p6e6u75xmxt8.cloudfront.net\/12\/2022\/04\/Halmagyi_Zsolt_Lorand-2.jpeg\"><img loading=\"lazy\" decoding=\"async\" class=\"size-full wp-image-14755\" src=\"https:\/\/d2p6e6u75xmxt8.cloudfront.net\/12\/2022\/04\/Halmagyi_Zsolt_Lorand-2.jpeg\" alt=\"\" width=\"1225\" height=\"816\" srcset=\"https:\/\/d2p6e6u75xmxt8.cloudfront.net\/12\/2022\/04\/Halmagyi_Zsolt_Lorand-2.jpeg 1225w, https:\/\/d2p6e6u75xmxt8.cloudfront.net\/12\/2022\/04\/Halmagyi_Zsolt_Lorand-2-300x200.jpeg 300w, https:\/\/d2p6e6u75xmxt8.cloudfront.net\/12\/2022\/04\/Halmagyi_Zsolt_Lorand-2-1024x682.jpeg 1024w, https:\/\/d2p6e6u75xmxt8.cloudfront.net\/12\/2022\/04\/Halmagyi_Zsolt_Lorand-2-768x512.jpeg 768w, https:\/\/d2p6e6u75xmxt8.cloudfront.net\/12\/2022\/04\/Halmagyi_Zsolt_Lorand-2-272x182.jpeg 272w\" sizes=\"auto, (max-width: 1225px) 100vw, 1225px\" \/><\/a><figcaption id=\"caption-attachment-14755\" class=\"wp-caption-text\">Fot\u00f3: gyarmatihirek.hu<\/figcaption><\/figure>\n<p>Bal\u00e1zs n\u00e9gy \u00e9vesen kezdett el sportolni, \u00e9s 18 \u00e9vesen nyerte el a magyar orsz\u00e1g\u00fati bajnoki c\u00edmet. 2016-ban megszerezte a V4 verseny szlov\u00e1kiai \u00e1llom\u00e1s\u00e1nak els\u0151 hely\u00e9t a Szuper Beton sz\u00edneiben, a legjobb magyar eredm\u00e9nyt \u00e9rte el a Carpathian Couriers Race-en, \u00e9s a top10-ben v\u00e9gzett a Sz\u00e9kely K\u00f6rversenyen. H\u00e1rom \u00e9vet tekert a luxemburgi Team Differdange-Geba csapatban, majd 2020-ban a Team Nov\u00e1khoz igazolt. Jelenleg a magyar Team Epronex- Gesubikewear-n\u00e9l teker.\u00a0 2017 kiv\u00e9tel\u00e9vel minden Tour de Hongrie-n ott volt, 2016-ban megszerezte a legjobb magyarnak j\u00e1r\u00f3 feh\u00e9r trik\u00f3t. Tavaly m\u00e1sodik lett a 2020\/21-es Cyclo-cross Magyar Kup\u00e1n, \u00e9s a sprint- \u00e9s a hegyi trik\u00f3t is megszerezte a Tour de Bulgari\u00e1n. Rem\u00e9lj\u00fck, hogy az idei TdH-n sem marad mez n\u00e9lk\u00fcl!<\/p>\n<p><strong>Fejes G\u00e1bor<\/strong><\/p>\n<figure id=\"attachment_14759\" aria-describedby=\"caption-attachment-14759\" style=\"width: 1288px\" class=\"wp-caption alignnone\"><a href=\"https:\/\/d2p6e6u75xmxt8.cloudfront.net\/12\/2022\/04\/TIR_6295.jpg\"><img loading=\"lazy\" decoding=\"async\" class=\"size-full wp-image-14759\" src=\"https:\/\/d2p6e6u75xmxt8.cloudfront.net\/12\/2022\/04\/TIR_6295.jpg\" alt=\"\" width=\"1288\" height=\"746\" srcset=\"https:\/\/d2p6e6u75xmxt8.cloudfront.net\/12\/2022\/04\/TIR_6295.jpg 1288w, https:\/\/d2p6e6u75xmxt8.cloudfront.net\/12\/2022\/04\/TIR_6295-300x174.jpg 300w, https:\/\/d2p6e6u75xmxt8.cloudfront.net\/12\/2022\/04\/TIR_6295-1024x593.jpg 1024w, https:\/\/d2p6e6u75xmxt8.cloudfront.net\/12\/2022\/04\/TIR_6295-768x445.jpg 768w\" sizes=\"auto, (max-width: 1288px) 100vw, 1288px\" \/><\/a><figcaption id=\"caption-attachment-14759\" class=\"wp-caption-text\">Fot\u00f3: Bikemag<\/figcaption><\/figure>\n<p>A n\u00e9gyszeres feln\u0151tt magyar id\u0151futam-bajnok 2010 \u00f3ta versenyez profik k\u00f6z\u00f6tt, de m\u00e1r 2008-ban \u00e9s 2009-ben, ut\u00e1np\u00f3tl\u00e1sban is id\u0151futam bajnok lett. G\u00e1bor nemcsak orsz\u00e1g\u00faton, hanem CX \u00e9s MTB \u00e1gazatokban is indul, a Linartech Magyar Kup\u00e1t nagy f\u00f6l\u00e9nnyel nyerte 2015-ben, \u00e9s a budapesti cyclo-cross bajnoki c\u00edmmel is b\u00fcszk\u00e9lkedhet. 2021-ben megszerezte a Hegyi Orsz\u00e1gos Bajnoks\u00e1g elit bajnoki c\u00edm\u00e9t. Jelenleg a CK Spartak Tlma\u010de csapatban teker.<\/p>\n<p><strong>Magyarok nemzetk\u00f6zi csapatokban<\/strong><\/p>\n<p><strong>Filut\u00e1s Viktor<\/strong><\/p>\n<figure id=\"attachment_14760\" aria-describedby=\"caption-attachment-14760\" style=\"width: 1200px\" class=\"wp-caption alignnone\"><a href=\"https:\/\/d2p6e6u75xmxt8.cloudfront.net\/12\/2022\/04\/3157931-64714348-2560-1440.jpg\"><img loading=\"lazy\" decoding=\"async\" class=\"size-full wp-image-14760\" src=\"https:\/\/d2p6e6u75xmxt8.cloudfront.net\/12\/2022\/04\/3157931-64714348-2560-1440.jpg\" alt=\"\" width=\"1200\" height=\"675\" srcset=\"https:\/\/d2p6e6u75xmxt8.cloudfront.net\/12\/2022\/04\/3157931-64714348-2560-1440.jpg 1200w, https:\/\/d2p6e6u75xmxt8.cloudfront.net\/12\/2022\/04\/3157931-64714348-2560-1440-300x169.jpg 300w, https:\/\/d2p6e6u75xmxt8.cloudfront.net\/12\/2022\/04\/3157931-64714348-2560-1440-1024x576.jpg 1024w, https:\/\/d2p6e6u75xmxt8.cloudfront.net\/12\/2022\/04\/3157931-64714348-2560-1440-768x432.jpg 768w\" sizes=\"auto, (max-width: 1200px) 100vw, 1200px\" \/><\/a><figcaption id=\"caption-attachment-14760\" class=\"wp-caption-text\">2021-ben megv\u00e9dte Viktor a magyar bajnoki c\u00edmet. Fot\u00f3: Vanik Zolt\u00e1n\/Bringasport<\/figcaption><\/figure>\n<p>A magyar bajnoki c\u00edmv\u00e9d\u0151 \u00fajra indul a Tour de Hongrie-n, id\u00e9n a szlov\u00e9n Adria Mobil sz\u00edneiben. Viktor rengeteg elismer\u00e9sre m\u00e9lt\u00f3 eredm\u00e9nnyel, \u00e9s egy hihetetlen rekorddal a h\u00e1ta m\u00f6g\u00f6tt v\u00e1g bele a versenybe. 2017-ben \u0151 lett a legjobb magyar versenyz\u0151 a Visegr\u00e1d 4 ker\u00e9kp\u00e1rversenyen, magyar cs\u00facsot d\u00f6nt\u00f6tt egy \u00e9vvel k\u00e9s\u0151bb a portug\u00e1liai koroszt\u00e1lyos p\u00e1lya Eur\u00f3pa-bajnoks\u00e1gon \u2013 amit 2021-ben \u00fajra fel\u00fclm\u00falt -, a k\u00f6vetkez\u0151 \u00e9vekben pedig szint\u00e9n sz\u00e9p eredm\u00e9nyekkel vett r\u00e9szt a p\u00e1lya vb-ken. 2018-ban ott volt a Giro D\u2019Itali\u00e1n, 2019 \u00f3ta pedig a Tour de Hongrie-n is indul.<\/p>\n<p><strong>Kusztor P\u00e9ter<\/strong><\/p>\n<figure id=\"attachment_14761\" aria-describedby=\"caption-attachment-14761\" style=\"width: 768px\" class=\"wp-caption alignnone\"><a href=\"https:\/\/d2p6e6u75xmxt8.cloudfront.net\/12\/2022\/04\/1920_peter-006-991080_769x512t0_ic.jpg\"><img loading=\"lazy\" decoding=\"async\" class=\"size-full wp-image-14761\" src=\"https:\/\/d2p6e6u75xmxt8.cloudfront.net\/12\/2022\/04\/1920_peter-006-991080_769x512t0_ic.jpg\" alt=\"\" width=\"768\" height=\"512\" srcset=\"https:\/\/d2p6e6u75xmxt8.cloudfront.net\/12\/2022\/04\/1920_peter-006-991080_769x512t0_ic.jpg 768w, https:\/\/d2p6e6u75xmxt8.cloudfront.net\/12\/2022\/04\/1920_peter-006-991080_769x512t0_ic-300x200.jpg 300w, https:\/\/d2p6e6u75xmxt8.cloudfront.net\/12\/2022\/04\/1920_peter-006-991080_769x512t0_ic-272x182.jpg 272w\" sizes=\"auto, (max-width: 768px) 100vw, 768px\" \/><\/a><figcaption id=\"caption-attachment-14761\" class=\"wp-caption-text\">Fot\u00f3: Velo.hu<\/figcaption><\/figure>\n<p>A h\u00e1romszoros magyar bajnok, Kusztor P\u00e9ter 2005 \u00f3ra versenyez, rengeteg top10-helyez\u00e9st \u00e9rt el magyar \u00e9s nemzetk\u00f6zi esem\u00e9nyeken, \u00e9s sz\u00e1mos UCI-versenyen \u00e1llhatott dobog\u00f3ra. 2018-ban megnyerte a V4 ker\u00e9kp\u00e1rversenyt, a 2011-es Tour de Bretagne versenyen \u00f6sszetettben el\u00e9rt gy\u0151zelm\u00e9re pedig igaz\u00e1n b\u00fcszke lehet. 2008-ban r\u00e9szt vett az olimpi\u00e1n, majd t\u00edz \u00e9vvel k\u00e9s\u0151bb egyes t\u00edpus\u00fa cukorbetegs\u00e9ggel diagnosztiz\u00e1lt\u00e1k. Egy \u00e9vvel k\u00e9s\u0151bb csatlakozott a cukorbetegekb\u0151l \u00e1ll\u00f3 amerikai Team Novo Nordisk csapathoz, \u00e9s vel\u00fck indul az idei TdH-n is.<\/p>\n<p><strong>Szarka Gergely<\/strong><\/p>\n<figure id=\"attachment_14762\" aria-describedby=\"caption-attachment-14762\" style=\"width: 1370px\" class=\"wp-caption alignnone\"><a href=\"https:\/\/d2p6e6u75xmxt8.cloudfront.net\/12\/2022\/04\/orszaguti_ob_elit_2019_ibrany-3.jpg\"><img loading=\"lazy\" decoding=\"async\" class=\"size-full wp-image-14762\" src=\"https:\/\/d2p6e6u75xmxt8.cloudfront.net\/12\/2022\/04\/orszaguti_ob_elit_2019_ibrany-3.jpg\" alt=\"\" width=\"1370\" height=\"1000\" srcset=\"https:\/\/d2p6e6u75xmxt8.cloudfront.net\/12\/2022\/04\/orszaguti_ob_elit_2019_ibrany-3.jpg 1370w, https:\/\/d2p6e6u75xmxt8.cloudfront.net\/12\/2022\/04\/orszaguti_ob_elit_2019_ibrany-3-300x219.jpg 300w, https:\/\/d2p6e6u75xmxt8.cloudfront.net\/12\/2022\/04\/orszaguti_ob_elit_2019_ibrany-3-1024x747.jpg 1024w, https:\/\/d2p6e6u75xmxt8.cloudfront.net\/12\/2022\/04\/orszaguti_ob_elit_2019_ibrany-3-768x561.jpg 768w\" sizes=\"auto, (max-width: 1370px) 100vw, 1370px\" \/><\/a><figcaption id=\"caption-attachment-14762\" class=\"wp-caption-text\">Szarka Gergely (k\u00f6z\u00e9pen) 2019-ben volt magyar bajnok. Fot\u00f3: Bikemag<\/figcaption><\/figure>\n<p>A 23 \u00e9ves ker\u00e9kp\u00e1ros 2019-ben szerezte meg a magyar bajnoki c\u00edmet, sz\u00e1mos nemzetk\u00f6zi versenyen vett r\u00e9szt, t\u00f6bbek k\u00f6z\u00f6tt a Coppi e Bartalin, az Antalyai K\u00f6rversenyen, \u00e9s a Szic\u00edliai K\u00f6rversenyen. Ahogy az elm\u00falt k\u00e9t \u00e9vben, id\u00e9n is indul csapata, a rom\u00e1n bejegyz\u00e9s\u0171 Giotti Victoria-Savini Due (UCI Continental Team) a Tour de Hongrie-n, \u00edgy neki is szurkolhatunk majd a verseny alatt. Gergely nemr\u00e9g beker\u00fclt a WLC H\u0151s\u00f6k Csarnok\u00e1ba is, hiszen a tavalyi kaotikus \u00e9vben neki is alkalmazkodnia kellett a k\u00f6r\u00fclm\u00e9nyekhez, \u00e9s teljes \u00e1ll\u00e1s mellett k\u00e9sz\u00fclt fel az idei szezonra. Ez pedig igenis h\u0151sies<a href=\"mailto:https:\/\/www.welovecycling.com\/hu\/wlc-heroes\/a-bringazas-hosei-szarka-gergely-aki-teljes-allas-mellett-is-teljesen-profi\/\">! Itt olvashatsz r\u00f3la b\u0151vebben.<\/a><\/p>\n<p><em>Ez a l\u00e9tsz\u00e1m m\u00e9g b\u0151v\u00fclhet, ha az EOLO-Kometa nem ind\u00edtja mindk\u00e9t magyar versenyz\u0151j\u00e9t a Giro d\u2019Itali\u00e1n \u2013 ezesetben Dina M\u00e1rton vagy Fetter Erik is csatlakozhat a Tour de Hongrie mez\u0151ny\u00e9hez. <\/em><\/p>\n<p>&nbsp;<\/p>\n","protected":false},"excerpt":{"rendered":"<p>Ak\u00e1rmennyire is szeretj\u00fck \u00e9s tisztelj\u00fck a legnagyobb k\u00fclf\u00f6ldi ker\u00e9kp\u00e1rversenyz\u0151ket, az igazi \u00f6r\u00f6m m\u00e9gis az, hogy magyar indul\u00f3k versenyezhetnek vel\u00fck egy [&hellip;]<\/p>\n","protected":false},"author":145,"featured_media":14766,"comment_status":"open","ping_status":"open","sticky":false,"template":"","format":"standard","meta":{"footnotes":""},"categories":[471],"tags":[],"global-categories":[419],"class_list":["post-14747","post","type-post","status-publish","format-standard","has-post-thumbnail","hentry","category-tdh2022","global-categories-cycling"],"yoast_head":"<!-- This site is optimized with the Yoast SEO Premium plugin v25.3 (Yoast SEO v25.9) - https:\/\/yoast.com\/wordpress\/plugins\/seo\/ -->\n<title>Magyar indul\u00f3k a Tour de Hongrie-n: ismerd meg \u0151ket, szurkolj nekik! - \u0160koda We Love Cycling - Magyarorsz\u00e1g<\/title>\n<meta name=\"robots\" content=\"index, follow, max-snippet:-1, max-image-preview:large, max-video-preview:-1\" \/>\n<link rel=\"canonical\" href=\"https:\/\/www.welovecycling.com\/hu\/tdh2022\/magyar-indulok-a-tour-de-hongrie-n-ismerd-meg-oket-szurkolj-nekik\/\" \/>\n<meta property=\"og:locale\" content=\"hu_HU\" \/>\n<meta property=\"og:type\" content=\"article\" \/>\n<meta property=\"og:title\" content=\"Magyar indul\u00f3k a Tour de Hongrie-n: ismerd meg \u0151ket, szurkolj nekik!\" \/>\n<meta property=\"og:description\" content=\"Ak\u00e1rmennyire is szeretj\u00fck \u00e9s tisztelj\u00fck a legnagyobb k\u00fclf\u00f6ldi ker\u00e9kp\u00e1rversenyz\u0151ket, az igazi \u00f6r\u00f6m m\u00e9gis az, hogy magyar indul\u00f3k versenyezhetnek vel\u00fck egy [&hellip;]\" \/>\n<meta property=\"og:url\" content=\"https:\/\/www.welovecycling.com\/hu\/tdh2022\/magyar-indulok-a-tour-de-hongrie-n-ismerd-meg-oket-szurkolj-nekik\/\" \/>\n<meta property=\"og:site_name\" content=\"\u0160koda We Love Cycling - Magyarorsz\u00e1g\" \/>\n<meta property=\"article:publisher\" content=\"https:\/\/www.facebook.com\/WeLoveCyclingHungary\/\" \/>\n<meta property=\"article:published_time\" content=\"2022-04-26T13:25:46+00:00\" \/>\n<meta property=\"article:modified_time\" content=\"2022-05-06T07:22:16+00:00\" \/>\n<meta property=\"og:image\" content=\"https:\/\/d2p6e6u75xmxt8.cloudfront.net\/12\/2022\/04\/210516-1508_tdh_5sz_HZS_1878.jpg\" \/>\n\t<meta property=\"og:image:width\" content=\"1728\" \/>\n\t<meta property=\"og:image:height\" content=\"1152\" \/>\n\t<meta property=\"og:image:type\" content=\"image\/jpeg\" \/>\n<meta name=\"author\" content=\"kitti\" \/>\n<meta name=\"twitter:card\" content=\"summary_large_image\" \/>\n<meta name=\"twitter:label1\" content=\"Written by\" \/>\n\t<meta name=\"twitter:data1\" content=\"We Love Cycling\" \/>\n\t<meta name=\"twitter:label2\" content=\"Est. reading time\" \/>\n\t<meta name=\"twitter:data2\" content=\"8 minutes\" \/>\n<script type=\"application\/ld+json\" class=\"yoast-schema-graph\">{\"@context\":\"https:\/\/schema.org\",\"@graph\":[{\"@type\":\"WebPage\",\"@id\":\"https:\/\/www.welovecycling.com\/hu\/tdh2022\/magyar-indulok-a-tour-de-hongrie-n-ismerd-meg-oket-szurkolj-nekik\/\",\"url\":\"https:\/\/www.welovecycling.com\/hu\/tdh2022\/magyar-indulok-a-tour-de-hongrie-n-ismerd-meg-oket-szurkolj-nekik\/\",\"name\":\"Magyar indul\u00f3k a Tour de Hongrie-n: ismerd meg \u0151ket, szurkolj nekik! - \u0160koda We Love Cycling - Magyarorsz\u00e1g\",\"isPartOf\":{\"@id\":\"https:\/\/www.welovecycling.com\/hu\/#website\"},\"primaryImageOfPage\":{\"@id\":\"https:\/\/www.welovecycling.com\/hu\/tdh2022\/magyar-indulok-a-tour-de-hongrie-n-ismerd-meg-oket-szurkolj-nekik\/#primaryimage\"},\"image\":{\"@id\":\"https:\/\/www.welovecycling.com\/hu\/tdh2022\/magyar-indulok-a-tour-de-hongrie-n-ismerd-meg-oket-szurkolj-nekik\/#primaryimage\"},\"thumbnailUrl\":\"https:\/\/d2p6e6u75xmxt8.cloudfront.net\/12\/2022\/04\/210516-1508_tdh_5sz_HZS_1878.jpg\",\"datePublished\":\"2022-04-26T13:25:46+00:00\",\"dateModified\":\"2022-05-06T07:22:16+00:00\",\"author\":{\"@id\":\"https:\/\/www.welovecycling.com\/hu\/#\/schema\/person\/bec7dcdbcc59f58489cf603e4040ced1\"},\"breadcrumb\":{\"@id\":\"https:\/\/www.welovecycling.com\/hu\/tdh2022\/magyar-indulok-a-tour-de-hongrie-n-ismerd-meg-oket-szurkolj-nekik\/#breadcrumb\"},\"inLanguage\":\"hu\",\"potentialAction\":[{\"@type\":\"ReadAction\",\"target\":[\"https:\/\/www.welovecycling.com\/hu\/tdh2022\/magyar-indulok-a-tour-de-hongrie-n-ismerd-meg-oket-szurkolj-nekik\/\"]}]},{\"@type\":\"ImageObject\",\"inLanguage\":\"hu\",\"@id\":\"https:\/\/www.welovecycling.com\/hu\/tdh2022\/magyar-indulok-a-tour-de-hongrie-n-ismerd-meg-oket-szurkolj-nekik\/#primaryimage\",\"url\":\"https:\/\/d2p6e6u75xmxt8.cloudfront.net\/12\/2022\/04\/210516-1508_tdh_5sz_HZS_1878.jpg\",\"contentUrl\":\"https:\/\/d2p6e6u75xmxt8.cloudfront.net\/12\/2022\/04\/210516-1508_tdh_5sz_HZS_1878.jpg\",\"width\":1728,\"height\":1152,\"caption\":\"tdh_5 szakasz Budapest - Budapest\"},{\"@type\":\"BreadcrumbList\",\"@id\":\"https:\/\/www.welovecycling.com\/hu\/tdh2022\/magyar-indulok-a-tour-de-hongrie-n-ismerd-meg-oket-szurkolj-nekik\/#breadcrumb\",\"itemListElement\":[{\"@type\":\"ListItem\",\"position\":1,\"name\":\"Home\",\"item\":\"https:\/\/www.welovecycling.com\/hu\/\"},{\"@type\":\"ListItem\",\"position\":2,\"name\":\"Magyar indul\u00f3k a Tour de Hongrie-n: ismerd meg \u0151ket, szurkolj nekik!\"}]},{\"@type\":\"WebSite\",\"@id\":\"https:\/\/www.welovecycling.com\/hu\/#website\",\"url\":\"https:\/\/www.welovecycling.com\/hu\/\",\"name\":\"\u0160koda We Love Cycling - Magyarorsz\u00e1g\",\"description\":\"\u0160koda WeLoveCycling\",\"potentialAction\":[{\"@type\":\"SearchAction\",\"target\":{\"@type\":\"EntryPoint\",\"urlTemplate\":\"https:\/\/www.welovecycling.com\/hu\/?s={search_term_string}\"},\"query-input\":{\"@type\":\"PropertyValueSpecification\",\"valueRequired\":true,\"valueName\":\"search_term_string\"}}],\"inLanguage\":\"hu\"},{\"@type\":\"Person\",\"@id\":\"https:\/\/www.welovecycling.com\/hu\/#\/schema\/person\/bec7dcdbcc59f58489cf603e4040ced1\",\"name\":\"kitti\",\"image\":{\"@type\":\"ImageObject\",\"inLanguage\":\"hu\",\"@id\":\"https:\/\/www.welovecycling.com\/hu\/#\/schema\/person\/image\/\",\"url\":\"https:\/\/secure.gravatar.com\/avatar\/e3196a110e1b57b96f56d92d10ce9bb4e9d7210076832a16243337e949410b52?s=96&d=mm&r=g\",\"contentUrl\":\"https:\/\/secure.gravatar.com\/avatar\/e3196a110e1b57b96f56d92d10ce9bb4e9d7210076832a16243337e949410b52?s=96&d=mm&r=g\",\"caption\":\"kitti\"},\"url\":\"https:\/\/www.welovecycling.com\/hu\/author\/kitti\/\"}]}<\/script>\n<!-- \/ Yoast SEO Premium plugin. -->","yoast_head_json":{"title":"Magyar indul\u00f3k a Tour de Hongrie-n: ismerd meg \u0151ket, szurkolj nekik! - \u0160koda We Love Cycling - Magyarorsz\u00e1g","robots":{"index":"index","follow":"follow","max-snippet":"max-snippet:-1","max-image-preview":"max-image-preview:large","max-video-preview":"max-video-preview:-1"},"canonical":"https:\/\/www.welovecycling.com\/hu\/tdh2022\/magyar-indulok-a-tour-de-hongrie-n-ismerd-meg-oket-szurkolj-nekik\/","og_locale":"hu_HU","og_type":"article","og_title":"Magyar indul\u00f3k a Tour de Hongrie-n: ismerd meg \u0151ket, szurkolj nekik!","og_description":"Ak\u00e1rmennyire is szeretj\u00fck \u00e9s tisztelj\u00fck a legnagyobb k\u00fclf\u00f6ldi ker\u00e9kp\u00e1rversenyz\u0151ket, az igazi \u00f6r\u00f6m m\u00e9gis az, hogy magyar indul\u00f3k versenyezhetnek vel\u00fck egy [&hellip;]","og_url":"https:\/\/www.welovecycling.com\/hu\/tdh2022\/magyar-indulok-a-tour-de-hongrie-n-ismerd-meg-oket-szurkolj-nekik\/","og_site_name":"\u0160koda We Love Cycling - Magyarorsz\u00e1g","article_publisher":"https:\/\/www.facebook.com\/WeLoveCyclingHungary\/","article_published_time":"2022-04-26T13:25:46+00:00","article_modified_time":"2022-05-06T07:22:16+00:00","og_image":[{"width":1728,"height":1152,"url":"https:\/\/d2p6e6u75xmxt8.cloudfront.net\/12\/2022\/04\/210516-1508_tdh_5sz_HZS_1878.jpg","type":"image\/jpeg"}],"author":"kitti","twitter_card":"summary_large_image","twitter_misc":{"Written by":"We Love Cycling","Est. reading time":"8 minutes"},"schema":{"@context":"https:\/\/schema.org","@graph":[{"@type":"WebPage","@id":"https:\/\/www.welovecycling.com\/hu\/tdh2022\/magyar-indulok-a-tour-de-hongrie-n-ismerd-meg-oket-szurkolj-nekik\/","url":"https:\/\/www.welovecycling.com\/hu\/tdh2022\/magyar-indulok-a-tour-de-hongrie-n-ismerd-meg-oket-szurkolj-nekik\/","name":"Magyar indul\u00f3k a Tour de Hongrie-n: ismerd meg \u0151ket, szurkolj nekik! - \u0160koda We Love Cycling - Magyarorsz\u00e1g","isPartOf":{"@id":"https:\/\/www.welovecycling.com\/hu\/#website"},"primaryImageOfPage":{"@id":"https:\/\/www.welovecycling.com\/hu\/tdh2022\/magyar-indulok-a-tour-de-hongrie-n-ismerd-meg-oket-szurkolj-nekik\/#primaryimage"},"image":{"@id":"https:\/\/www.welovecycling.com\/hu\/tdh2022\/magyar-indulok-a-tour-de-hongrie-n-ismerd-meg-oket-szurkolj-nekik\/#primaryimage"},"thumbnailUrl":"https:\/\/d2p6e6u75xmxt8.cloudfront.net\/12\/2022\/04\/210516-1508_tdh_5sz_HZS_1878.jpg","datePublished":"2022-04-26T13:25:46+00:00","dateModified":"2022-05-06T07:22:16+00:00","author":{"@id":"https:\/\/www.welovecycling.com\/hu\/#\/schema\/person\/bec7dcdbcc59f58489cf603e4040ced1"},"breadcrumb":{"@id":"https:\/\/www.welovecycling.com\/hu\/tdh2022\/magyar-indulok-a-tour-de-hongrie-n-ismerd-meg-oket-szurkolj-nekik\/#breadcrumb"},"inLanguage":"hu","potentialAction":[{"@type":"ReadAction","target":["https:\/\/www.welovecycling.com\/hu\/tdh2022\/magyar-indulok-a-tour-de-hongrie-n-ismerd-meg-oket-szurkolj-nekik\/"]}]},{"@type":"ImageObject","inLanguage":"hu","@id":"https:\/\/www.welovecycling.com\/hu\/tdh2022\/magyar-indulok-a-tour-de-hongrie-n-ismerd-meg-oket-szurkolj-nekik\/#primaryimage","url":"https:\/\/d2p6e6u75xmxt8.cloudfront.net\/12\/2022\/04\/210516-1508_tdh_5sz_HZS_1878.jpg","contentUrl":"https:\/\/d2p6e6u75xmxt8.cloudfront.net\/12\/2022\/04\/210516-1508_tdh_5sz_HZS_1878.jpg","width":1728,"height":1152,"caption":"tdh_5 szakasz Budapest - Budapest"},{"@type":"BreadcrumbList","@id":"https:\/\/www.welovecycling.com\/hu\/tdh2022\/magyar-indulok-a-tour-de-hongrie-n-ismerd-meg-oket-szurkolj-nekik\/#breadcrumb","itemListElement":[{"@type":"ListItem","position":1,"name":"Home","item":"https:\/\/www.welovecycling.com\/hu\/"},{"@type":"ListItem","position":2,"name":"Magyar indul\u00f3k a Tour de Hongrie-n: ismerd meg \u0151ket, szurkolj nekik!"}]},{"@type":"WebSite","@id":"https:\/\/www.welovecycling.com\/hu\/#website","url":"https:\/\/www.welovecycling.com\/hu\/","name":"\u0160koda We Love Cycling - Magyarorsz\u00e1g","description":"\u0160koda WeLoveCycling","potentialAction":[{"@type":"SearchAction","target":{"@type":"EntryPoint","urlTemplate":"https:\/\/www.welovecycling.com\/hu\/?s={search_term_string}"},"query-input":{"@type":"PropertyValueSpecification","valueRequired":true,"valueName":"search_term_string"}}],"inLanguage":"hu"},{"@type":"Person","@id":"https:\/\/www.welovecycling.com\/hu\/#\/schema\/person\/bec7dcdbcc59f58489cf603e4040ced1","name":"kitti","image":{"@type":"ImageObject","inLanguage":"hu","@id":"https:\/\/www.welovecycling.com\/hu\/#\/schema\/person\/image\/","url":"https:\/\/secure.gravatar.com\/avatar\/e3196a110e1b57b96f56d92d10ce9bb4e9d7210076832a16243337e949410b52?s=96&d=mm&r=g","contentUrl":"https:\/\/secure.gravatar.com\/avatar\/e3196a110e1b57b96f56d92d10ce9bb4e9d7210076832a16243337e949410b52?s=96&d=mm&r=g","caption":"kitti"},"url":"https:\/\/www.welovecycling.com\/hu\/author\/kitti\/"}]}},"_links":{"self":[{"href":"https:\/\/www.welovecycling.com\/hu\/wp-json\/wp\/v2\/posts\/14747","targetHints":{"allow":["GET"]}}],"collection":[{"href":"https:\/\/www.welovecycling.com\/hu\/wp-json\/wp\/v2\/posts"}],"about":[{"href":"https:\/\/www.welovecycling.com\/hu\/wp-json\/wp\/v2\/types\/post"}],"author":[{"embeddable":true,"href":"https:\/\/www.welovecycling.com\/hu\/wp-json\/wp\/v2\/users\/145"}],"replies":[{"embeddable":true,"href":"https:\/\/www.welovecycling.com\/hu\/wp-json\/wp\/v2\/comments?post=14747"}],"version-history":[{"count":2,"href":"https:\/\/www.welovecycling.com\/hu\/wp-json\/wp\/v2\/posts\/14747\/revisions"}],"predecessor-version":[{"id":14899,"href":"https:\/\/www.welovecycling.com\/hu\/wp-json\/wp\/v2\/posts\/14747\/revisions\/14899"}],"wp:featuredmedia":[{"embeddable":true,"href":"https:\/\/www.welovecycling.com\/hu\/wp-json\/wp\/v2\/media\/14766"}],"wp:attachment":[{"href":"https:\/\/www.welovecycling.com\/hu\/wp-json\/wp\/v2\/media?parent=14747"}],"wp:term":[{"taxonomy":"category","embeddable":true,"href":"https:\/\/www.welovecycling.com\/hu\/wp-json\/wp\/v2\/categories?post=14747"},{"taxonomy":"post_tag","embeddable":true,"href":"https:\/\/www.welovecycling.com\/hu\/wp-json\/wp\/v2\/tags?post=14747"},{"taxonomy":"global-categories","embeddable":true,"href":"https:\/\/www.welovecycling.com\/hu\/wp-json\/wp\/v2\/global-categories?post=14747"}],"curies":[{"name":"wp","href":"https:\/\/api.w.org\/{rel}","templated":true}]}}