{"id":14738,"date":"2022-04-26T15:25:53","date_gmt":"2022-04-26T13:25:53","guid":{"rendered":"https:\/\/www.welovecycling.com\/hu\/?p=14738"},"modified":"2022-04-28T13:07:25","modified_gmt":"2022-04-28T11:07:25","slug":"ezek-a-csapatok-indulnak-iden-a-tour-de-hongrie-n","status":"publish","type":"post","link":"https:\/\/www.welovecycling.com\/hu\/tdh2022\/ezek-a-csapatok-indulnak-iden-a-tour-de-hongrie-n\/","title":{"rendered":"Ezek a csapatok indulnak id\u00e9n a Tour de Hongrie-n"},"content":{"rendered":"<p><strong>Huszonh\u00e1rom ist\u00e1ll\u00f3, tizenegy WorldTeam, egy magyar v\u00e1logatott \u00e9s h\u00e1rom magyar versenyz\u0151 nemzetk\u00f6zi sz\u00ednekben: ismerd meg a 2022-es k\u00f6rverseny r\u00e9sztvev\u0151it!<\/strong><\/p>\n<p><strong>1.INEOS Grenadiers<\/strong><\/p>\n<p>A 2010 \u00f3ta m\u0171k\u00f6d\u0151 brit szt\u00e1rcsapat nem is olyan r\u00e9g m\u00e9g Team Sky-k\u00e9nt volt ismert. 2011-ben Chris Froome Vuelta-gy\u0151zelme tette m\u00e9g h\u00edresebb\u00e9 az egy\u00fcttest, az\u00f3ta tizenk\u00e9t Grand Tour \u00f6sszetett gy\u0151zelmet szereztek, ebb\u0151l hetet a Tour de France-on, h\u00e1rmat a Giro-n, \u00e9s a 2011-es eredm\u00e9nnyel egy\u00fctt kett\u0151t Froome \u00e1ltal a Vuelt\u00e1n. Emellett hat olimpiai aranyat \u00e9s \u00f6t vil\u00e1gbajnoki c\u00edmet gy\u0171jt\u00f6ttek az \u00e9vek sor\u00e1n a csapat tagjai. Sajnos <a href=\"https:\/\/www.welovecycling.com\/hu\/orszaguti-kerekpar\/ez-tenyleg-csoda-bernal-nem-csak-hazamehetett-a-korhazbol-de-mar-elso-lepeseit-is-megtette\/\">Egan Bernal, egy cs\u00fanya baleset miatt<\/a> biztosan nem tud r\u00e9szt venni a Magyar K\u00f6rversenyen, de az ausztr\u00e1l Richie Porte, az olasz Elia Viviani, a lengyel Michal Kwiatkowski a TdF-bajnok brit Geraint Thomas, az olimpiai bajnok, 2019-ben Giro-gy\u0151ztes ecuadori Richard Carapaz, a Giro d\u2019Italia-gy\u0151ztes brit Teo Geoghegan Hart vagy a k\u00e9tszeres id\u0151futam-vil\u00e1gbajnok olasz Filippo Ganna esetleges \u00e9rkez\u00e9se is izgalmass\u00e1 tehetn\u00e9 a versenyt.<\/p>\n<p><strong>2. Quick-Step Alpha Vinyl Team<\/strong><\/p>\n<p>Id\u00e9n el\u0151sz\u00f6r \u00e1ll rajthoz a h\u00edres Quick-Step Alpha Vinyl Team a TdH-n. A belga egy\u00fcttes 2003 \u00f3ta m\u0171k\u00f6dik, az olasz Mapei-Quick Step \u00e9s a belga Domo-Farm Frites csapatok \u00f6sszeolvad\u00e1s\u00e1b\u00f3l sz\u00fcletett meg. Bodrogi L\u00e1szl\u00f3 is tekert itt kor\u00e1bban! N\u00e9gy id\u0151futam-vil\u00e1gbajnoki c\u00edmmel, h\u00e1rom orsz\u00e1g\u00fati egy\u00e9ni vil\u00e1gbajnoki c\u00edmmel, a Tour de France-on eddig negyvenh\u00e9t, a Giro d\u2019Itali\u00e1n huszonhat, a Vuelta a Espan\u00e1n pedig harminc\u00f6t szakaszgy\u0151zelemmel b\u00fcszk\u00e9lkedhet a csapat. Legsikeresebb tagjai k\u00f6z\u00f6tt Julian Alaphilippe, aki tavaly megszerezte a sziv\u00e1rv\u00e1nyos trik\u00f3t, Mark Cavendish, aki \u00f6tvenk\u00e9t GrandTour-szakaszgy\u0151zelmet aratott \u00e9s k\u00e9tszer megnyerte a TdF z\u00f6ld trik\u00f3j\u00e1t, Remco Evenepoel, a h\u00e9tszeres \u00f6sszetett gy\u0151ztes \u00e9s Fabio Jakobsen, a sprinterek kir\u00e1lya is helyet kap \u2013 ut\u00f3bbi a h\u00edrek szerint rajthoz is \u00e1ll majd a magyar k\u00f6r\u00f6n.<\/p>\n<p><strong>3. Movistar Team<\/strong><\/p>\n<p>A spanyol WorldTeam, a Movistar szint\u00e9n id\u00e9n el\u0151sz\u00f6r \u00e9rkezik haz\u00e1nkba \u2013 b\u00e1r 2020-ban is nevezett a csapat a versenyre, a koronav\u00edrus miatt v\u00e9g\u00fcl nem tudtak r\u00e9szt venni rajta. Az ist\u00e1ll\u00f3 2011 \u00f3ta sz\u00ednes\u00edti az elit palett\u00e1t, de jogel\u0151dei (a Reynolds, a Banesto vagy a Caisse D\u2019Epargne) m\u00e1r 1980 \u00f3ta meghat\u00e1roz\u00f3 egy\u00fcttesei voltak a nemzetk\u00f6zi karav\u00e1nnak. Olyan klasszisok szerepeltek soraikban, mint az \u00f6tsz\u00f6r\u00f6s Tour de France-gy\u0151ztes spanyol Miguel Indurain, a k\u00e9tszeres Vuelta a Espana- \u00e9s egyszeres Tour de France-bajnok, a spanyol Pedro Delgado, a k\u00e9tszeres Vuelta-gy\u0151ztes, id\u0151futam-vil\u00e1gbajnok sv\u00e1jci Alex Z\u00fclle, vagy az orsz\u00e1g\u00faton vil\u00e1gbajnok Alejandro Valverde.<\/p>\n<p><strong>4. Israel-Premier Tech<\/strong><\/p>\n<p>2016-ban (Mihkel Raim) \u00e9s 2018-ban (Krists Neilands) is megnyerte a versenyt az izraeli csapat, ami els\u0151 magyarorsz\u00e1gi bemutatkoz\u00e1sa \u00f3ta vil\u00e1gsz\u00ednvonal\u00fav\u00e1 n\u0151tte ki mag\u00e1t. 2020-ban m\u00e1r World Team-k\u00e9nt t\u00e9rtek vissza Magyarorsz\u00e1gra: ebben az \u00e9vben a sv\u00e1jci Matteo Badilatti negyedik lett az \u00f6sszetett versenyben, \u00e9s a kir\u00e1lyetapon is. A pontversenyben az izraeli Itamar Einhorn harmadik lett, a klub pedig m\u00e1sodik helyen v\u00e9gzett a csapatversenyen. Tavaly mind\u00f6ssze kilenc m\u00e1sodperccel cs\u00faszott le a belga Ben Hermans a kir\u00e1lyetap-gy\u0151zelemr\u0151l. Hermans az el\u0151zetes rajtlist\u00e1k alapj\u00e1n id\u00e9n is a mez\u0151ny tagja lesz \u2013 vajon siker\u00fcl behoznia ezt a kis lemarad\u00e1st?<\/p>\n<p><strong>5. Team Jumbo-Visma<\/strong><\/p>\n<p>Id\u00e9n harmadszor \u00e1llnak a TdH rajtj\u00e1hoz a holland Jumbo-Visma tagjai. 2020-ban a holland szt\u00e1rklub nyerte a Tour de Hongrie csapatverseny\u00e9t, Tobias Foss pedig \u00f6t\u00f6dik lett az \u00f6sszetettben, 2021-ben a szakaszgy\u0151zelmekre utazott a holland csapat, ehhez t\u00f6bbsz\u00f6r is igen k\u00f6zel j\u00e1rt: az els\u0151 etap v\u00e9g\u00e9n, Kaposv\u00e1ron a holland Olav Kooij hetedik, a m\u00e1sodik befut\u00f3n, Nagykanizs\u00e1n negyedik, a budapesti sprinten pedig m\u00e1sodik lett, Mike Teunissen pedig a tatai szakaszon futott be m\u00e1sodikk\u00e9nt. Kooij az\u00f3ta berobbant a nemzetk\u00f6zi elitbe, mik\u00f6zben v\u00e9lhet\u0151en \u00fajra a mez\u0151ny tagja lesz. Id\u00e9n minden bizonnyal m\u00e9g jobb eredm\u00e9nyek\u00e9rt fog harcolni Primoz Rogli\u010d, Tom Dumoulin \u00e9s Wout Van Aert csapata, mi pedig alig v\u00e1rjuk ezt a k\u00fczdelmet!<\/p>\n<p><strong>6. Trek-Segafredo<\/strong><\/p>\n<p>2020 \u00e9s 2021 ut\u00e1n harmadik alkalommal lesz ott a Tour de Hongrie rajtj\u00e1n\u00e1l az amerikai szt\u00e1rcsapat, a Trek-Segafredo, amely egy m\u00e1sodik \u00e9s egy harmadik helyez\u00e9s ut\u00e1n az \u00f6sszetett gy\u0151zelmet c\u00e9lozhatja meg. A Trek-Segafredo 2020-ban f\u0151szerepet j\u00e1tszott a Magyar K\u00f6rversenyen, junior-vil\u00e1gbajnoka, az amerikai Quinn Simmons a K\u00e9kestet\u0151re vezet\u0151 emelked\u0151 utols\u00f3 kilom\u00e9ter\u00e9n m\u00e9g harcban \u00e1llt az \u00f6sszetett gy\u0151zelem\u00e9rt, s v\u00e9g\u00fcl m\u00e1sodik lett a CCC Team magyar men\u0151je, Valter Attila m\u00f6g\u00f6tt. A tavalyi versenyen a harmadik helyen \u00e9rt be a c\u00e9lba a kir\u00e1lyetapon Antonio Tiberi, az utols\u00f3 etapot pedig klubt\u00e1rsa, Edward Theuns nyerte. A klub szt\u00e1rjai k\u00f6z\u00e9 tartozik a d\u00e1n Mads Pedersen, aki 2019-ben vil\u00e1gbajnoki c\u00edmet szerzett \u00e9s a holland Bauke Mollema, aki nyert etapot \u00e9s pontversenyt is a Vuelt\u00e1n, k\u00e9t szakaszt a Tour de France-on, \u00e9s a Lombardi\u00e1n, illetve a Clasica San Sebastianon is gy\u0151zedelmeskedett. A Tour de Hongrie-ra a csapat sz\u00edneiben \u00e9rkezhet k\u00e9t kor\u00e1bbi szakaszgy\u0151ztes\u00fcnk, Jon Aberasturi \u00e9s Matteo Moschetti is.<\/p>\n<p><strong>7. Bahrain-Victorious<\/strong><\/p>\n<p>A Bahreini Kir\u00e1lys\u00e1g vil\u00e1gh\u00edr\u0171 ker\u00e9kp\u00e1ros csapata a Movistarhoz hasonl\u00f3an a koronav\u00edrus miatt 2020-ban nem tudott r\u00e9szt venni a versenyen, tavaly viszont deb\u00fct\u00e1lt, \u00e9s m\u00e9g hogy: Phil Bauhaus k\u00e9t szakaszgy\u0151zelmet szerzett, megnyerte a pontversenyt, \u00e9s ezzel egy\u00fctt a z\u00f6ld trik\u00f3t! A csapat az ut\u00f3bbi szezon \u00f3ta jelent\u0151sen \u00e1talakult: h\u00e9t \u00faj n\u00e9v is csatlakozott a kerethez, k\u00f6zt\u00fck a spanyol Luis Leon Sanchez is, aki n\u00e9gy szakaszt is nyert a Tour de France-on, a Vuelt\u00e1n pedig 2014-ben megszerezte a legjobb hegyi men\u0151nek j\u00e1r\u00f3 p\u00f6tty\u00f6s trik\u00f3t.<\/p>\n<p><strong>8. Team BikeExchange Jayco<\/strong><\/p>\n<p>J\u00f6n az ausztr\u00e1l WorldTeam a Magyar K\u00f6rversenyre, m\u00e9ghozz\u00e1 \u201e\u00faj\u201d sprinter\u00e9vel, a n\u00e9gyszeres Tour de France-szakaszgy\u0151ztes Dylan Groenewegennel! A csapat k\u00e9t \u00e9vvel ezel\u0151tt vett r\u00e9szt a versenyen, ekkor az ausztr\u00e1l Kaden Groves az els\u0151 etapon m\u00e1sodik lett, \u00e9s a Mitchelton-Scott sor\u00e1nak \u2013 t\u00f6bbek k\u00f6z\u00f6tt a rengeteget dolgoz\u00f3 Pe\u00e1k Barn\u00e1nak \u2013 k\u00f6sz\u00f6nhet\u0151en a harmadik etap (amelyen ism\u00e9t m\u00e1sodik lett) ut\u00e1n \u00e1tvette az \u00f6sszetettben a vezet\u00e9st. A kir\u00e1lyetapon Damien Howson t\u00e1madott, de nem tudta Valter Attil\u00e1val felvenni a versenyt. Tavaly azonban nemcsak ezen a szakaszon nyert, hanem \u00f6sszetettben is. Id\u00e9n val\u00f3sz\u00edn\u0171leg nem indul n\u00e1lunk, a Giro-n viszont igen, Pe\u00e1k Barn\u00e1val egy\u00fctt!<\/p>\n<p><strong>9. BORA-hansgrohe<\/strong><\/p>\n<p>A tavalyi premier eml\u00e9kezetes marad sz\u00e1munkra is \u00e9s minden bizonnyal a csapat sz\u00e1m\u00e1ra is: a belga sprinter, Jordi Meeus az els\u0151 etap v\u00e9g\u00e9n, Kaposv\u00e1ron harmadik lett, a m\u00e1sodik szakaszt Nagykanizs\u00e1n meg is nyerte, \u00edgy egy napra az \u00f6sszetett legjobbj\u00e1nak j\u00e1r\u00f3 s\u00e1rga mezt is felh\u00fazhatta. A budapesti befut\u00f3n a hatodik helyen \u00e9rt be, ez a gyorsas\u00e1gi pontversenyben a m\u00e1sodik helyet jelentette sz\u00e1m\u00e1ra. Az el\u0151zetes rajtlist\u00e1k alapj\u00e1n a TdH-keret tagja lehet az osztr\u00e1k bajnok, kor\u00e1bbi Tour de France-szakaszgy\u0151ztes Patrick Konrad is!<\/p>\n<p><strong>10. Team DSM<\/strong><\/p>\n<p>2022-ben m\u00e1sodik alkalommal j\u00f6n a magyar versenyre a holland egy\u00fcttes, melynek tavaly nem siker\u00fclt szakaszgy\u0151zelmet nyernie, b\u00e1r igaz, hogy csak egy hajsz\u00e1lon m\u00falt. Alberto Dainese centim\u00e9terekkel maradt le a 2. szakasz megnyer\u00e9s\u00e9r\u0151l \u2013 id\u00e9n v\u00e9lhet\u0151en m\u00e1r a Gir\u00f3n bizony\u00edthat. A csapat sz\u00e1mos TdF- \u00e9s Vuelta-szakaszgy\u0151zelemmel b\u00fcszk\u00e9lkedhet, \u00e9s ki tudja, lehet id\u00e9n egy magyar etap is felker\u00fcl a list\u00e1jukra.<\/p>\n<p><strong>11. Astana Qazaqstan Team<\/strong><\/p>\n<p>A 2006 \u00f3ta m\u0171k\u00f6d\u0151 profi ker\u00e9kp\u00e1rcsapat megsz\u00e1ml\u00e1lhatatlan vil\u00e1gra sz\u00f3l\u00f3 sikert \u00e9rt el az \u00e9vek sor\u00e1n, a legnevesebb bring\u00e1sokkal soraiban. Ism\u00e9t egy olyan szt\u00e1rcsapatr\u00f3l van sz\u00f3, akik k\u00e9t \u00e9ve m\u00e1r jelentkeztek az esem\u00e9nyre, de a v\u00edrus miatt nem tudtak elj\u00f6nni. Tavaly viszont nem csak, hogy j\u00f6ttek, gy\u0151zelemmel t\u00e1voztak! A harmadik szakaszon a klub olasz sprintere, Davide Martinelli a negyedik helyen \u00e9rt c\u00e9lba, a kir\u00e1lyetapon pedig a d\u00e9l-afrikai Stefan De Bod lett \u00f6t\u00f6dik, ut\u00f3bbi az \u00f6sszetett versenyben is az \u00f6t\u00f6dik helyet szerezte meg, de a spanyol Javier Romo is beker\u00fclt a Top10-be, a nyolcadik helyen z\u00e1rt, a csapatversenyben viszont a kazah egy\u00fcttes\u00e9 lett az els\u0151 hely. A csapat nyolc GrandTour gy\u0151zelmet tudhat a mag\u00e1\u00e9nak, a klub abszol\u00fat szt\u00e1rja az \u00f6t \u00e9v ut\u00e1n visszat\u00e9r\u0151 k\u00e9tszeres Giro d\u2019Italia-, egyszeres Tour de France- \u00e9s Vuelta a Espana-gy\u0151ztes Vincenzo Nibali.<\/p>\n<p><strong>12. Alpecin-Fenix<\/strong><\/p>\n<p>A belga csapat legnagyobb szt\u00e1rja egy\u00e9rtelm\u0171en Mathieu van der Poel, a n\u00e9gyszeres cyclo-cross vil\u00e1gbajnok, aki nyert m\u00e1r Eur\u00f3pa-bajnoks\u00e1got mountain bike-ban is, emellett olyan nagy versenyeken szerezte meg a gy\u0151zelmet, mint az Amstel Gold Race, a Strade Bianche, a Dwaars Door Vlaanderen, tavaly pedig az els\u0151 Tour de France szakaszgy\u0151zelm\u00e9t is begy\u0171jt\u00f6tte. Van der Poel mellett a Vuelta a Espana-szakaszgy\u0151ztes Kristian Sbaragli, a belga orsz\u00e1g\u00fati bajnok Tim Merlier vagy a h\u00e1romszoros Vuelta-etapgy\u0151ztes belga Jasper Philipsen, illetve a 2020-ban h\u00e1romszoros Tour de Hongrie-szakaszgy\u0151ztes Jakub Mareczko \u00e9s honfit\u00e1rsa, a 2018-ban \u00e9s 2019-ben a Magyar K\u00f6rversenyen h\u00e1rom Top10-es eredm\u00e9nyt is felmutat\u00f3 Stefano Oldani mellett sem mehet\u00fcnk el sz\u00f3 n\u00e9lk\u00fcl! Tele van igazi tehets\u00e9ggel a csapat, alig v\u00e1rjuk, hogy l\u00e1thassuk \u0151ket kibontakozni!<\/p>\n<p><strong>13. Caja Rural-Seguros-RGA<\/strong><\/p>\n<p>A Caja Rural 1992-ben alakult, akkor m\u00e9g amat\u0151r ker\u00e9kp\u00e1rosokkal, azt\u00e1n hamar kin\u0151tte mag\u00e1t a csapat. Mostanra a Vuelta rendszeres r\u00e9sztvev\u0151j\u00e9v\u00e9 v\u00e1lt, de nemcsak itt, hanem a TdF-en is vittek m\u00e1r haza szakaszgy\u0151zelmet tagjai, p\u00e9ld\u00e1ul Jos\u00e9 Vicente \u201eChente\u201d Garc\u00eda Acosta, illetve a spanyol k\u00f6rversenyen hegyi-pontversenyt \u00e9s \u00f6sszetett gy\u0151zelmet is szereztek, el\u0151bbit szint\u00e9n Acosta, ut\u00f3bbit pedig Aitor Gonz\u00e1lez. A Tour de Hongrie-n id\u00e9n harmadszorra vesznek m\u00e1r r\u00e9szt, 2020-ban a csapat sprintere, Jon Aberasturi megnyerte az els\u0151 szakaszt, \u00e9s az \u00f6sszetett legjobbj\u00e1nak j\u00e1r\u00f3 s\u00e1rga mezt eg\u00e9szen a harmadik szakasz befut\u00f3j\u00e1ig, Ny\u00edregyh\u00e1z\u00e1ig viselhette. Tavaly a csapatversenyben pedig az Astana m\u00f6g\u00f6tt m\u00e1sodik lett az egy\u00fcttes, \u00edgy nem kis v\u00e1rakoz\u00e1ssal figyelj\u00fck majd \u0151ket id\u00e9n m\u00e1jusban.<\/p>\n<p><strong>14. Drone Hopper-Androni Giocattoli<\/strong><\/p>\n<p>2018 \u00f3ta remekel az olasz ProTeam a TdH-n: az els\u0151 \u00e9vben, amikor rajthoz \u00e1lltak, Manuel Belletti r\u00e9v\u00e9n szakaszgy\u0151zelmet, az \u00f6sszetett els\u0151 hely\u00e9t \u00e9s a pontverseny z\u00f6ld trik\u00f3j\u00e1t is megnyert\u00e9k! K\u00f6vetkez\u0151 \u00e9vben Belletti \u00fajra szakaszt nyert, \u00e9s a z\u00f6ld mezt is megszerezte. 2020-ban egy magyar ker\u00e9kp\u00e1rossal, Pelik\u00e1n J\u00e1nossal b\u0151v\u00fclt a csapat, a magyar versenyz\u0151 tavaly is, \u00e9s id\u00e9n is rajthoz \u00e1ll \u2013 igaz, ez\u00fattal magyar v\u00e1logatott sz\u00ednekben. A k\u00e9rd\u00e9s, hogy meg tudja-e v\u00e9deni az el\u0151z\u0151 \u00e9vben megszerzett feh\u00e9r trik\u00f3t?<\/p>\n<p><strong>15. EOLO-Kometa<\/strong><\/p>\n<p>Az olasz bejegyz\u00e9s\u0171, spanyol k\u00f6zpont\u00fa ProTeam, az EOLO-Kometa t\u00f6rt\u00e9nete t\u00f6bb ponton \u00f6sszefon\u00f3dik a Magyar K\u00f6rverseny\u00e9vel. A csapat m\u00e1r az els\u0151 szezonj\u00e1ban fontos szerephez jutott a versenyen, amikor az olasz Matteo Moschetti Sz\u00e9kesfeh\u00e9rv\u00e1ron szakaszt nyert, Keszthelyen \u00e9s Kazincbarcik\u00e1n a m\u00e1sodik, az \u00f6sszetett versenyben pedig a hatodik helyet szerezte meg, \u00e9s a gyorsas\u00e1gi pontversenyben szint\u00e9n m\u00e1sodik lett. A hegyi pontversenyben pedig a spanyol Isaac Canton aratott sikert, m\u00e1sodik helyet szerzett. 2019-ben csatlakozott az egy\u00fctteshez Dina M\u00e1rton, aki ugyanebben az \u00e9vben m\u00e1sodik lett a kir\u00e1lyetapon \u00e9s az \u00f6sszetett versenyben! Egy \u00e9vvel k\u00e9s\u0151bb Fetter Eriket is szerz\u0151dtett\u00e9k, azonban csak a tavalyi versenyen tudott elindulni, de egy baleset miatt nem adhatott bele mindent. Vajon mikor j\u00f6n m\u00e1r a sok m\u00e1sodik ut\u00e1n egy els\u0151\u2026?<\/p>\n<p><strong>16. Uno-X Pro Cycling Team<\/strong><\/p>\n<p>Harmadszor indul id\u00e9n a Magyar K\u00f6r\u00f6n a norv\u00e9g ProTeam, akiknek eddig nem siker\u00fclt komoly eredm\u00e9nyeket el\u00e9rni\u00fck a versenyen, de ez nem az \u0151 hib\u00e1jukb\u00f3l fakadt. Tavaly egy pozit\u00edv Covid-teszt \u00e1llt a siker \u00fatj\u00e1ba, pedig a rengeteg GrandTour-szakaszgy\u0151zelem igen sz\u00e9p sikereket vet\u00edtett el\u0151re. A csapat imm\u00e1r n\u00e9gy tagja igazolt WorldTeamhez, a norv\u00e9g Markus Hoelgaard (Trek-Segafredo), az U23-as Eur\u00f3pa-bajnok norv\u00e9g Jonas Iversby Hvideberg (Team DSM), az U23-as id\u0151futam Eur\u00f3pa-bajnok d\u00e1n Johan Price-Pejtersen (Bahrain-Victorious) \u00e9s a d\u00e1n U23-as orsz\u00e1g\u00fati bajnok Frederik Rodenberg (Team DSM), ami a gyors fejl\u0151d\u00e9s rem\u00e9nyteli jele. A keret sokat er\u0151s\u00f6d\u00f6tt az elm\u00falt \u00e9vekben: tagja a kor\u00e1bbi U23-as vil\u00e1gbajnok Kristoffer Halvorsen, vagy a vil\u00e1g legnagyobb ut\u00e1np\u00f3tl\u00e1sversenye, a Tour de l\u2019Avenir c\u00edmv\u00e9d\u0151je, Tobias Halland Johannessen is.<\/p>\n<p><strong>17. Team Novo Nordisk<\/strong><\/p>\n<p>Kusztor P\u00e9ter csapata, a cukorbetegekb\u0151l \u00e1ll\u00f3 Novo Nordisk m\u00e1r h\u00e1romszor rajtolt a Tour de Hongrie-n. A Team Novo Nordisk k\u00fcldet\u00e9se, hogy b\u00e1rmerre j\u00e1rnak a nagyvil\u00e1gban, versenyz\u0151i tal\u00e1lkoznak az adott orsz\u00e1gban, telep\u00fcl\u00e9sen \u00e9l\u0151 diab\u00e9teszes emberekkel, \u00e9s megmutatj\u00e1k nekik, hogy ak\u00e1r eg\u00e9szen k\u00fcl\u00f6nleges dolgokra is k\u00e9pesek lehetnek \u2013 a betegs\u00e9g\u00fckt\u0151l f\u00fcggetlen\u00fcl. Nem Kusztor P\u00e9ter az els\u0151 magyar a csapatban: 2011-ben \u00e9s 2012-ben Bodrogi L\u00e1szl\u00f3 is tagja volt az egy\u00fcttesnek. 2020-ban \u00e9s 2021-ben is Kusztor volt a csapat leger\u0151sebb tagja a TdH-n, \u00e9s mivel id\u00e9n is rajthoz \u00e1ll, minden es\u00e9ly megvan r\u00e1, hogy folytat\u00f3dik az uralma.<\/p>\n<p><strong>18. Sport Vlaanderen-Baloise<\/strong><\/p>\n<p>Harmadszor \u00e9rkezik hozz\u00e1nk a n\u00e9hai Patrick Sercu \u00e1ltal alap\u00edtott csapat, amit most az igen sikeres (1206 gy\u0151zelmet szerzett p\u00e1lyafut\u00e1sa alatt) ker\u00e9kp\u00e1ros fia, Christophe Sercu vezet. Az egy\u00fcttes 1994-es indul\u00e1sa \u00f3ta k\u00e9tszer is megszerezte az UCI Europe Tour els\u0151 hely\u00e9t, \u00e9s sz\u00e1mos m\u00e1s eredm\u00e9nnyel is b\u00fcszk\u00e9lkedhet. Ami a Tour de Hongrie-t illeti, dobog\u00f3ra m\u00e9g nem \u00e1llhattak fel, de 2020-ban igen k\u00f6zel voltak hozz\u00e1, tavaly pedig k\u00e9t top10-es eredm\u00e9nyt is jegyeztek. Id\u00e9n kiz\u00e1r\u00f3lag belga tagjai vannak az ist\u00e1ll\u00f3nak, \u00e9s egy nevet m\u00e1r biztosan be\u00edrhatunk a TdH indul\u00f3i k\u00f6z\u00e9: Arne Marit izgalmas szezon ut\u00e1n \u00e1ll n\u00e1lunk rajthoz!<\/p>\n<p><strong>19. Human Powered Health<\/strong><\/p>\n<p>Deb\u00fct\u00e1l a TdH-n az amerikai ProTeam, a Human Powered Health! A csapat 15 \u00e9ves fenn\u00e1ll\u00e1sa alatt rengeteg eredm\u00e9nyt gy\u0171jt\u00f6tt, 2018-ban szerezte meg a ProTeam min\u0151s\u00edt\u00e9st, \u00e9s h\u00e1rom \u00e9ve vesz r\u00e9szt eur\u00f3pai versenyeken. \u00c9pp itt az ideje, hogy hozz\u00e1nk is ide\u00e9rjenek! A csapat er\u0151ss\u00e9gei k\u00f6z\u00e9 tartozik h\u00e1rom amerikai: Joey Rosskopf, aki hat \u00e9vet t\u00f6lt\u00f6tt WorldTeamekben (BMC, CCC), Ben King, aki t\u00edz \u00e9vet h\u00fazott le a legmagasabb oszt\u00e1lyban (RadioShack, Garmin, Dimension Data, NTT), \u00e9s a Giro d\u2019Italia-etapsikert is jegyz\u0151 Chad Haga.<\/p>\n<p><strong>20. B&amp;B Hotels-KTM<\/strong><\/p>\n<p>Az er\u0151s francia ProTeam rekordid\u0151 alatt harcolta ki a Tour de France r\u00e9szv\u00e9tel jog\u00e1t: puszt\u00e1n k\u00e9t \u00e9vbe telt! A csapat rangid\u0151se a harminckilenc esztend\u0151s Cyril Lemoine, aki annak idej\u00e9n a Cofidis egy\u00fcttes\u00e9ben m\u00e9g Bodrogi L\u00e1szl\u00f3 csapatt\u00e1rsa is volt, \u00e9s aki p\u00e1lyafut\u00e1sa sor\u00e1n t\u00edz Grand Touron vett r\u00e9szt. A legsikeresebb versenyz\u0151 pedig Pierre Rolland, aki k\u00e9t GrandTour szakaszgy\u0151zelemmel b\u00fcszk\u00e9lkedhet, egyiket a Tour-on, a m\u00e1sikat pedig a Giro d\u2019Itali\u00e1n szerezte. Az egy\u00fcttes el\u0151sz\u00f6r \u00e1ll rajthoz n\u00e1lunk, de k\u00e9t tagj\u00e1nak m\u00e1r van tapasztalata \u2013 s\u0151t, szakaszgy\u0151zelme is \u2013 a TdH-n. A belga Jordi Warlop tavaly hatodik lett a tatai, tizedik a nagykanizsai befut\u00f3n, az \u00f6sszetettben pedig a tizennegyedik helyen z\u00e1rt, az olasz Luca Mozzato pedig egy negyedik, egy \u00f6t\u00f6dik \u00e9s egy nyolcadik helyet is szerzett 2018-ban.<\/p>\n<p><strong>21. Adria Mobil<\/strong><\/p>\n<p>Imm\u00e1r negyedszerre indul a szlov\u00e9n csapat a k\u00f6rversenyen, ez\u00fattal Filut\u00e1s Viktorral, a regn\u00e1l\u00f3 magyar bajnokkal egy\u00fctt \u00e1llnak rajthoz! 2019-ben nem siker\u00fclt szakaszgy\u0151zelmet szerezni\u00fck, de k\u00e9t etapon is harmadikk\u00e9nt \u00e9rtek c\u00e9lba, 2020-ban pedig megszerezt\u00e9k a hatodik helyet az \u00f6sszetett versenyben. A tavalyi esem\u00e9nyt a koronav\u00edrus miatt kihagyt\u00e1k. Az Adria Mobil jelenlegi keret\u00e9nek rangid\u0151se, \u00e9s egyben legeredm\u00e9nyesebb versenyz\u0151je David Per, \u0151t is \u00e9rdemes majd figyelni, persze Filut\u00e1s Viktor mellett.<\/p>\n<p><strong>22. Giotti Victoria-Savini Due<\/strong><\/p>\n<p>Szint\u00e9n harmadszorra, szint\u00e9n magyar tehets\u00e9ggel a soraiban \u00e9rkezik a rom\u00e1n csapat! A 2019-es magyar orsz\u00e1g\u00fati bajnok, Szarka Gergely is rajthoz \u00e1ll id\u00e9n! A csapat indul\u00e1s\u00e1nak \u00e9v\u00e9ben, 2018-ban \u00f6t gy\u0151zelmet aratott, 2019-ben hatot, 2020-ban h\u00e1rmat, tavaly pedig n\u00e9gyet. K\u00e9t \u00e9ve a Giro-szakaszgy\u0151zelmet is jegyz\u0151 Andrea Guardini teljes\u00edtett a legjobban a Magyar K\u00f6r\u00f6n, h\u00e1rom sprintbefut\u00f3n\u00e1l is Top10-es eredm\u00e9nyt mutatott fel. Filut\u00e1s Viktor eg\u00e9szen a tavalyi szezonig ebben a csapatban tekert \u2013 id\u00e9n viszont m\u00e1r az Adria Mobil sz\u00edneiben \u00e1ll rajthoz.<\/p>\n<p><strong>23. Magyar v\u00e1logatott<\/strong><\/p>\n<p>V\u00e9g\u00fcl, de nem utols\u00f3 sorban a magyar v\u00e1logatottat is bemutatjuk, m\u00e9ghozz\u00e1 egy k\u00fcl\u00f6n cikket szentelve nekik, \u00e9s a h\u00e1rom, nemzetk\u00f6zi sz\u00ednekben indul\u00f3 magyar versenyz\u0151nek. <a href=\"https:\/\/www.welovecycling.com\/hu\/tdh2022\/magyar-indulok-a-tour-de-hongrie-n-ismerd-meg-oket-szurkolj-nekik\/\"><u>Olvasd el!<\/u><\/a> \ud83d\ude42<\/p>\n<p><em>A kor\u00e1bbi h\u00edrekben 24 indul\u00f3 csapatr\u00f3l olvashattatok, azonban egy betegs\u00e9ghull\u00e1m miatt a belga Lotto-Soudalnak sajnos vissza kellett mondania a nevez\u00e9st.<\/em><\/p>\n","protected":false},"excerpt":{"rendered":"<p>Huszonh\u00e1rom ist\u00e1ll\u00f3, tizenegy WorldTeam, egy magyar v\u00e1logatott \u00e9s h\u00e1rom magyar versenyz\u0151 nemzetk\u00f6zi sz\u00ednekben: ismerd meg a 2022-es k\u00f6rverseny r\u00e9sztvev\u0151it! 1.INEOS [&hellip;]<\/p>\n","protected":false},"author":145,"featured_media":14744,"comment_status":"open","ping_status":"open","sticky":false,"template":"","format":"standard","meta":{"footnotes":""},"categories":[471],"tags":[],"global-categories":[419],"class_list":["post-14738","post","type-post","status-publish","format-standard","has-post-thumbnail","hentry","category-tdh2022","global-categories-cycling"],"yoast_head":"<!-- This site is optimized with the Yoast SEO Premium plugin v25.3 (Yoast SEO v25.9) - https:\/\/yoast.com\/wordpress\/plugins\/seo\/ -->\n<title>Ezek a csapatok indulnak id\u00e9n a Tour de Hongrie-n - \u0160koda We Love Cycling - Magyarorsz\u00e1g<\/title>\n<meta name=\"robots\" content=\"index, follow, max-snippet:-1, max-image-preview:large, max-video-preview:-1\" \/>\n<link rel=\"canonical\" href=\"https:\/\/www.welovecycling.com\/hu\/tdh2022\/ezek-a-csapatok-indulnak-iden-a-tour-de-hongrie-n\/\" \/>\n<meta property=\"og:locale\" content=\"hu_HU\" \/>\n<meta property=\"og:type\" content=\"article\" \/>\n<meta property=\"og:title\" content=\"Ezek a csapatok indulnak id\u00e9n a Tour de Hongrie-n\" \/>\n<meta property=\"og:description\" content=\"Huszonh\u00e1rom ist\u00e1ll\u00f3, tizenegy WorldTeam, egy magyar v\u00e1logatott \u00e9s h\u00e1rom magyar versenyz\u0151 nemzetk\u00f6zi sz\u00ednekben: ismerd meg a 2022-es k\u00f6rverseny r\u00e9sztvev\u0151it! 1.INEOS [&hellip;]\" \/>\n<meta property=\"og:url\" content=\"https:\/\/www.welovecycling.com\/hu\/tdh2022\/ezek-a-csapatok-indulnak-iden-a-tour-de-hongrie-n\/\" \/>\n<meta property=\"og:site_name\" content=\"\u0160koda We Love Cycling - Magyarorsz\u00e1g\" \/>\n<meta property=\"article:publisher\" content=\"https:\/\/www.facebook.com\/WeLoveCyclingHungary\/\" \/>\n<meta property=\"article:published_time\" content=\"2022-04-26T13:25:53+00:00\" \/>\n<meta property=\"article:modified_time\" content=\"2022-04-28T11:07:25+00:00\" \/>\n<meta property=\"og:image\" content=\"https:\/\/d2p6e6u75xmxt8.cloudfront.net\/12\/2022\/04\/TDH_mezek_fb_22_0423_1.jpg\" \/>\n\t<meta property=\"og:image:width\" content=\"1200\" \/>\n\t<meta property=\"og:image:height\" content=\"900\" \/>\n\t<meta property=\"og:image:type\" content=\"image\/jpeg\" \/>\n<meta name=\"author\" content=\"kitti\" \/>\n<meta name=\"twitter:card\" content=\"summary_large_image\" \/>\n<meta name=\"twitter:label1\" content=\"Written by\" \/>\n\t<meta name=\"twitter:data1\" content=\"We Love Cycling\" \/>\n\t<meta name=\"twitter:label2\" content=\"Est. reading time\" \/>\n\t<meta name=\"twitter:data2\" content=\"15 minutes\" \/>\n<script type=\"application\/ld+json\" class=\"yoast-schema-graph\">{\"@context\":\"https:\/\/schema.org\",\"@graph\":[{\"@type\":\"WebPage\",\"@id\":\"https:\/\/www.welovecycling.com\/hu\/tdh2022\/ezek-a-csapatok-indulnak-iden-a-tour-de-hongrie-n\/\",\"url\":\"https:\/\/www.welovecycling.com\/hu\/tdh2022\/ezek-a-csapatok-indulnak-iden-a-tour-de-hongrie-n\/\",\"name\":\"Ezek a csapatok indulnak id\u00e9n a Tour de Hongrie-n - \u0160koda We Love Cycling - Magyarorsz\u00e1g\",\"isPartOf\":{\"@id\":\"https:\/\/www.welovecycling.com\/hu\/#website\"},\"primaryImageOfPage\":{\"@id\":\"https:\/\/www.welovecycling.com\/hu\/tdh2022\/ezek-a-csapatok-indulnak-iden-a-tour-de-hongrie-n\/#primaryimage\"},\"image\":{\"@id\":\"https:\/\/www.welovecycling.com\/hu\/tdh2022\/ezek-a-csapatok-indulnak-iden-a-tour-de-hongrie-n\/#primaryimage\"},\"thumbnailUrl\":\"https:\/\/d2p6e6u75xmxt8.cloudfront.net\/12\/2022\/04\/TDH_mezek_fb_22_0423_1.jpg\",\"datePublished\":\"2022-04-26T13:25:53+00:00\",\"dateModified\":\"2022-04-28T11:07:25+00:00\",\"author\":{\"@id\":\"https:\/\/www.welovecycling.com\/hu\/#\/schema\/person\/bec7dcdbcc59f58489cf603e4040ced1\"},\"breadcrumb\":{\"@id\":\"https:\/\/www.welovecycling.com\/hu\/tdh2022\/ezek-a-csapatok-indulnak-iden-a-tour-de-hongrie-n\/#breadcrumb\"},\"inLanguage\":\"hu\",\"potentialAction\":[{\"@type\":\"ReadAction\",\"target\":[\"https:\/\/www.welovecycling.com\/hu\/tdh2022\/ezek-a-csapatok-indulnak-iden-a-tour-de-hongrie-n\/\"]}]},{\"@type\":\"ImageObject\",\"inLanguage\":\"hu\",\"@id\":\"https:\/\/www.welovecycling.com\/hu\/tdh2022\/ezek-a-csapatok-indulnak-iden-a-tour-de-hongrie-n\/#primaryimage\",\"url\":\"https:\/\/d2p6e6u75xmxt8.cloudfront.net\/12\/2022\/04\/TDH_mezek_fb_22_0423_1.jpg\",\"contentUrl\":\"https:\/\/d2p6e6u75xmxt8.cloudfront.net\/12\/2022\/04\/TDH_mezek_fb_22_0423_1.jpg\",\"width\":1200,\"height\":900},{\"@type\":\"BreadcrumbList\",\"@id\":\"https:\/\/www.welovecycling.com\/hu\/tdh2022\/ezek-a-csapatok-indulnak-iden-a-tour-de-hongrie-n\/#breadcrumb\",\"itemListElement\":[{\"@type\":\"ListItem\",\"position\":1,\"name\":\"Home\",\"item\":\"https:\/\/www.welovecycling.com\/hu\/\"},{\"@type\":\"ListItem\",\"position\":2,\"name\":\"Ezek a csapatok indulnak id\u00e9n a Tour de Hongrie-n\"}]},{\"@type\":\"WebSite\",\"@id\":\"https:\/\/www.welovecycling.com\/hu\/#website\",\"url\":\"https:\/\/www.welovecycling.com\/hu\/\",\"name\":\"\u0160koda We Love Cycling - Magyarorsz\u00e1g\",\"description\":\"\u0160koda WeLoveCycling\",\"potentialAction\":[{\"@type\":\"SearchAction\",\"target\":{\"@type\":\"EntryPoint\",\"urlTemplate\":\"https:\/\/www.welovecycling.com\/hu\/?s={search_term_string}\"},\"query-input\":{\"@type\":\"PropertyValueSpecification\",\"valueRequired\":true,\"valueName\":\"search_term_string\"}}],\"inLanguage\":\"hu\"},{\"@type\":\"Person\",\"@id\":\"https:\/\/www.welovecycling.com\/hu\/#\/schema\/person\/bec7dcdbcc59f58489cf603e4040ced1\",\"name\":\"kitti\",\"image\":{\"@type\":\"ImageObject\",\"inLanguage\":\"hu\",\"@id\":\"https:\/\/www.welovecycling.com\/hu\/#\/schema\/person\/image\/\",\"url\":\"https:\/\/secure.gravatar.com\/avatar\/e3196a110e1b57b96f56d92d10ce9bb4e9d7210076832a16243337e949410b52?s=96&d=mm&r=g\",\"contentUrl\":\"https:\/\/secure.gravatar.com\/avatar\/e3196a110e1b57b96f56d92d10ce9bb4e9d7210076832a16243337e949410b52?s=96&d=mm&r=g\",\"caption\":\"kitti\"},\"url\":\"https:\/\/www.welovecycling.com\/hu\/author\/kitti\/\"}]}<\/script>\n<!-- \/ Yoast SEO Premium plugin. -->","yoast_head_json":{"title":"Ezek a csapatok indulnak id\u00e9n a Tour de Hongrie-n - \u0160koda We Love Cycling - Magyarorsz\u00e1g","robots":{"index":"index","follow":"follow","max-snippet":"max-snippet:-1","max-image-preview":"max-image-preview:large","max-video-preview":"max-video-preview:-1"},"canonical":"https:\/\/www.welovecycling.com\/hu\/tdh2022\/ezek-a-csapatok-indulnak-iden-a-tour-de-hongrie-n\/","og_locale":"hu_HU","og_type":"article","og_title":"Ezek a csapatok indulnak id\u00e9n a Tour de Hongrie-n","og_description":"Huszonh\u00e1rom ist\u00e1ll\u00f3, tizenegy WorldTeam, egy magyar v\u00e1logatott \u00e9s h\u00e1rom magyar versenyz\u0151 nemzetk\u00f6zi sz\u00ednekben: ismerd meg a 2022-es k\u00f6rverseny r\u00e9sztvev\u0151it! 1.INEOS [&hellip;]","og_url":"https:\/\/www.welovecycling.com\/hu\/tdh2022\/ezek-a-csapatok-indulnak-iden-a-tour-de-hongrie-n\/","og_site_name":"\u0160koda We Love Cycling - Magyarorsz\u00e1g","article_publisher":"https:\/\/www.facebook.com\/WeLoveCyclingHungary\/","article_published_time":"2022-04-26T13:25:53+00:00","article_modified_time":"2022-04-28T11:07:25+00:00","og_image":[{"width":1200,"height":900,"url":"https:\/\/d2p6e6u75xmxt8.cloudfront.net\/12\/2022\/04\/TDH_mezek_fb_22_0423_1.jpg","type":"image\/jpeg"}],"author":"kitti","twitter_card":"summary_large_image","twitter_misc":{"Written by":"We Love Cycling","Est. reading time":"15 minutes"},"schema":{"@context":"https:\/\/schema.org","@graph":[{"@type":"WebPage","@id":"https:\/\/www.welovecycling.com\/hu\/tdh2022\/ezek-a-csapatok-indulnak-iden-a-tour-de-hongrie-n\/","url":"https:\/\/www.welovecycling.com\/hu\/tdh2022\/ezek-a-csapatok-indulnak-iden-a-tour-de-hongrie-n\/","name":"Ezek a csapatok indulnak id\u00e9n a Tour de Hongrie-n - \u0160koda We Love Cycling - Magyarorsz\u00e1g","isPartOf":{"@id":"https:\/\/www.welovecycling.com\/hu\/#website"},"primaryImageOfPage":{"@id":"https:\/\/www.welovecycling.com\/hu\/tdh2022\/ezek-a-csapatok-indulnak-iden-a-tour-de-hongrie-n\/#primaryimage"},"image":{"@id":"https:\/\/www.welovecycling.com\/hu\/tdh2022\/ezek-a-csapatok-indulnak-iden-a-tour-de-hongrie-n\/#primaryimage"},"thumbnailUrl":"https:\/\/d2p6e6u75xmxt8.cloudfront.net\/12\/2022\/04\/TDH_mezek_fb_22_0423_1.jpg","datePublished":"2022-04-26T13:25:53+00:00","dateModified":"2022-04-28T11:07:25+00:00","author":{"@id":"https:\/\/www.welovecycling.com\/hu\/#\/schema\/person\/bec7dcdbcc59f58489cf603e4040ced1"},"breadcrumb":{"@id":"https:\/\/www.welovecycling.com\/hu\/tdh2022\/ezek-a-csapatok-indulnak-iden-a-tour-de-hongrie-n\/#breadcrumb"},"inLanguage":"hu","potentialAction":[{"@type":"ReadAction","target":["https:\/\/www.welovecycling.com\/hu\/tdh2022\/ezek-a-csapatok-indulnak-iden-a-tour-de-hongrie-n\/"]}]},{"@type":"ImageObject","inLanguage":"hu","@id":"https:\/\/www.welovecycling.com\/hu\/tdh2022\/ezek-a-csapatok-indulnak-iden-a-tour-de-hongrie-n\/#primaryimage","url":"https:\/\/d2p6e6u75xmxt8.cloudfront.net\/12\/2022\/04\/TDH_mezek_fb_22_0423_1.jpg","contentUrl":"https:\/\/d2p6e6u75xmxt8.cloudfront.net\/12\/2022\/04\/TDH_mezek_fb_22_0423_1.jpg","width":1200,"height":900},{"@type":"BreadcrumbList","@id":"https:\/\/www.welovecycling.com\/hu\/tdh2022\/ezek-a-csapatok-indulnak-iden-a-tour-de-hongrie-n\/#breadcrumb","itemListElement":[{"@type":"ListItem","position":1,"name":"Home","item":"https:\/\/www.welovecycling.com\/hu\/"},{"@type":"ListItem","position":2,"name":"Ezek a csapatok indulnak id\u00e9n a Tour de Hongrie-n"}]},{"@type":"WebSite","@id":"https:\/\/www.welovecycling.com\/hu\/#website","url":"https:\/\/www.welovecycling.com\/hu\/","name":"\u0160koda We Love Cycling - Magyarorsz\u00e1g","description":"\u0160koda WeLoveCycling","potentialAction":[{"@type":"SearchAction","target":{"@type":"EntryPoint","urlTemplate":"https:\/\/www.welovecycling.com\/hu\/?s={search_term_string}"},"query-input":{"@type":"PropertyValueSpecification","valueRequired":true,"valueName":"search_term_string"}}],"inLanguage":"hu"},{"@type":"Person","@id":"https:\/\/www.welovecycling.com\/hu\/#\/schema\/person\/bec7dcdbcc59f58489cf603e4040ced1","name":"kitti","image":{"@type":"ImageObject","inLanguage":"hu","@id":"https:\/\/www.welovecycling.com\/hu\/#\/schema\/person\/image\/","url":"https:\/\/secure.gravatar.com\/avatar\/e3196a110e1b57b96f56d92d10ce9bb4e9d7210076832a16243337e949410b52?s=96&d=mm&r=g","contentUrl":"https:\/\/secure.gravatar.com\/avatar\/e3196a110e1b57b96f56d92d10ce9bb4e9d7210076832a16243337e949410b52?s=96&d=mm&r=g","caption":"kitti"},"url":"https:\/\/www.welovecycling.com\/hu\/author\/kitti\/"}]}},"_links":{"self":[{"href":"https:\/\/www.welovecycling.com\/hu\/wp-json\/wp\/v2\/posts\/14738","targetHints":{"allow":["GET"]}}],"collection":[{"href":"https:\/\/www.welovecycling.com\/hu\/wp-json\/wp\/v2\/posts"}],"about":[{"href":"https:\/\/www.welovecycling.com\/hu\/wp-json\/wp\/v2\/types\/post"}],"author":[{"embeddable":true,"href":"https:\/\/www.welovecycling.com\/hu\/wp-json\/wp\/v2\/users\/145"}],"replies":[{"embeddable":true,"href":"https:\/\/www.welovecycling.com\/hu\/wp-json\/wp\/v2\/comments?post=14738"}],"version-history":[{"count":2,"href":"https:\/\/www.welovecycling.com\/hu\/wp-json\/wp\/v2\/posts\/14738\/revisions"}],"predecessor-version":[{"id":14853,"href":"https:\/\/www.welovecycling.com\/hu\/wp-json\/wp\/v2\/posts\/14738\/revisions\/14853"}],"wp:featuredmedia":[{"embeddable":true,"href":"https:\/\/www.welovecycling.com\/hu\/wp-json\/wp\/v2\/media\/14744"}],"wp:attachment":[{"href":"https:\/\/www.welovecycling.com\/hu\/wp-json\/wp\/v2\/media?parent=14738"}],"wp:term":[{"taxonomy":"category","embeddable":true,"href":"https:\/\/www.welovecycling.com\/hu\/wp-json\/wp\/v2\/categories?post=14738"},{"taxonomy":"post_tag","embeddable":true,"href":"https:\/\/www.welovecycling.com\/hu\/wp-json\/wp\/v2\/tags?post=14738"},{"taxonomy":"global-categories","embeddable":true,"href":"https:\/\/www.welovecycling.com\/hu\/wp-json\/wp\/v2\/global-categories?post=14738"}],"curies":[{"name":"wp","href":"https:\/\/api.w.org\/{rel}","templated":true}]}}