{"id":1472,"date":"2018-08-11T14:20:42","date_gmt":"2018-08-11T14:20:42","guid":{"rendered":"https:\/\/www.welovecycling.com\/hu\/?p=1472"},"modified":"2018-08-13T09:10:32","modified_gmt":"2018-08-13T09:10:32","slug":"carolina-marad-takacs-nori-valaszol","status":"publish","type":"post","link":"https:\/\/www.welovecycling.com\/hu\/miert-tekerunk\/carolina-marad-takacs-nori-valaszol\/","title":{"rendered":"Carolina marad, Norie v\u00e1laszol"},"content":{"rendered":"<p><strong>Kevesen tudj\u00e1k, de Tak\u00e1cs Norie-nak csal\u00e1dja \u00e9s munk\u00e1ja mellett van m\u00e9g egy szerelme: Carolina, a bring\u00e1ja! Felkerest\u00fck \u0151t, \u00e9s megk\u00e9rdezt\u00fck t\u0151le, mi\u00f3ta biciklizik \u00e9s milyen terepen szokott tekerni, de Norie \u00fczent a bring\u00e1soknak, az aut\u00f3soknak, a motorosoknak \u00e9s a gyalogosoknak is!<\/strong><\/p>\n<h2><!--more--><em>Mi\u00f3ta ker\u00e9kp\u00e1rozol?<\/em><\/h2>\n<p>Gyerekkorom \u00f3ta nagyon szeretek bicajozni, mindig t\u00f6bbet jelentett nekem egy sima k\u00f6zleked\u00e9si form\u00e1n\u00e1l. Im\u00e1dom az \u00e9rz\u00e9st, ami hozz\u00e1 k\u00f6t, a szabads\u00e1got, amit ny\u00fajt. \u00c9vek maradtak ki a h\u00faszas \u00e9veim elej\u00e9n, amikor modellk\u00e9nt a vil\u00e1got j\u00e1rtam, \u00e9s egyszer sem \u00fcltem biciklire, de amint haza\u00e9rtem, r\u00f6gt\u00f6n nyeregbe pattantam. Mi\u00f3ta megvan Carolina, a bicajom, az\u00f3ta kerek sz\u00e1momra a vil\u00e1g k\u00e9t ker\u00e9ken.<\/p>\n<h2><em>Mi\u00e9rt kezdted el a teker\u00e9st?<\/em><\/h2>\n<p>Mondhatn\u00e1m, hogy az\u00e9rt, mert el akartam jutni A-b\u00f3l B-be, de ez nem igaz. Ha Carolin\u00e1t v\u00e1lasztom az aut\u00f3 helyett, mai napig az els\u0151dleges szempont n\u00e1lam, hogy az egy okos d\u00f6nt\u00e9s legyen. Nem szeretek rohanni, ak\u00e1r a d\u00e9li forr\u00f3s\u00e1gban is \u00e1tbicajozni a v\u00e1roson, csak mert dolgom van. \u00c9n nem ez a t\u00edpus vagyok, hanem ink\u00e1bb az, aki megtervezi a h\u00e9tv\u00e9gi bev\u00e1s\u00e1rl\u00e1st: ha azt l\u00e1tom, hogy sok dologra van sz\u00fcks\u00e9gem \u00e9s messze is megyek, akkor a kocsit v\u00e1lasztom, de ha csak a ker\u00fcletben van dolgom, \u00e9s egy-k\u00e9t kisebb dolgot kell beszereznem, akkor biztosan Carolin\u00e1t v\u00e1lasztom. Kifejezetten szeretek vir\u00e1gboltba j\u00e1rni vele, olyan sikkes a kis kos\u00e1rk\u00e1ja tele vir\u00e1ggal!<\/p>\n<h2><em>Milyen gyakran \u00e9s milyen terepen bring\u00e1zol?<\/em><\/h2>\n<p>Ahogy az el\u0151bb m\u00e1r mes\u00e9ltem, csak akkor, amikor az egy \u201eokos d\u00f6nt\u00e9s\u201d, vagy ha \u00fagy tartja kedvem. Legf\u0151k\u00e9nt v\u00e1rosban haszn\u00e1lom a bring\u00e1t, de n\u00e9ha magunkkal vissz\u00fck vid\u00e9ki kir\u00e1ndul\u00e1sokra is, ilyenkor im\u00e1dok a bar\u00e1taimmal t\u00far\u00e1zni. Ezer \u00e9ve bakancslist\u00e1s n\u00e1lam p\u00e9ld\u00e1ul egy Balaton megker\u00fcl\u00e9s, tal\u00e1n hamarosan \u00f6sszej\u00f6n. Olyan sz\u00e9p a t\u00e1j \u0151sszel, legink\u00e1bb egy langyos, romantikus, szeptemberi napon induln\u00e9k neki a nagy \u00fatnak.<\/p>\n<h2><em>Milyen sz\u00e1modra az ide\u00e1lis ker\u00e9kp\u00e1r?<\/em><\/h2>\n<p>Carolina az igazi sz\u00e1momra, els\u0151re beleszerettem. Tal\u00e1n nem a legsportosabb, legmodernebb \u00e9s legjobban felszerelt, de mindene megvan, ami nekem kell: k\u00e9t ker\u00e9k, kis kos\u00e1r, cuki cseng\u0151 \u00e9s szoknyav\u00e9d\u0151. Sosem cser\u00e9ln\u00e9m le m\u00e1sik biciklire, pedig a f\u00e9rjem nagyon mondogatja, hogy m\u00e1r meg\u00e9rett a b\u00facs\u00faz\u00e1s, de \u00e9n csak legyintek. Carolina marad!<\/p>\n<p>&nbsp;<\/p>\n<h2><em>Mit tan\u00e1csolsz azoknak a n\u0151knek, akik most kezdenek bring\u00e1zni?<\/em><\/h2>\n<p>Azt, hogy hajr\u00e1 csajok! A legjobb m\u00f3dja annak, hogy az ember \u00e9szrev\u00e9tlen\u00fcl izmosodjon. Azt mondj\u00e1k, napi f\u00e9l \u00f3ra mozg\u00e1st mindenkinek musz\u00e1j beiktatnia a mindennapjaiba, mi\u00e9rt ne lehetne ezt egy j\u00f3 kis bring\u00e1z\u00e1ssal kiv\u00e1ltani?<\/p>\n<h2><em>Szerinted miben m\u00e1s n\u0151k\u00e9nt ker\u00e9kp\u00e1rozni?<\/em><\/h2>\n<p>Nem \u00e9rzek semmi k\u00fcl\u00f6nbs\u00e9get m\u00e1r. Az elej\u00e9n m\u00e9g kicsit k\u00ednai volt, amikor elmagyar\u00e1zt\u00e1k, hogy mi van akkor, ha leesik a l\u00e1nc, mit kell csin\u00e1lni, ha defektet kapok, \u00e9s mi az a f\u00e9kbowden, de m\u00e1ra minden megy, mint a karikacsap\u00e1s. K\u00fcl\u00f6n b\u00fcszke vagyok r\u00e1, hogy a kocsira is pikk-pakk, ak\u00e1r egyed\u00fcl is felteszem a bring\u00e1t.<\/p>\n<h2><em>Milyennek l\u00e1tod a hazai n\u0151i ker\u00e9kp\u00e1rosokat?<\/em><\/h2>\n<p>Vannak n\u00e1lam sokkal, de sokkal men\u0151bb l\u00e1nyok, akik be mernek v\u00e1llalni egy-egy vesz\u00e9lyesebb r\u00e9szt is a v\u00e1rosban, le a kalappal el\u0151tt\u00fck. \u00c9n a biztons\u00e1gi bicajos vagyok, ha aut\u00f3s lenn\u00e9k, \u00fagy h\u00edvn\u00e1nak, hogy a h\u00e9tv\u00e9gi sof\u0151r. Nagyon szeretek b\u00e1m\u00e9szkodni, \u00edgy nem is megyek gyorsan, hogy ne keverjem se magamat, se m\u00e1st vesz\u00e9lybe. Ha m\u00e1r itt ez a sz\u00e9p v\u00e1ros, akkor szeretem megadni magamnak a lehet\u0151s\u00e9get, \u00e9s \u00e9lvezni a kil\u00e1t\u00e1st.<\/p>\n<h2><em>Ha most v\u00e1ltoztathatn\u00e1l valamin az itthoni ker\u00e9kp\u00e1ros vil\u00e1gban, mi lenne az?<\/em><\/h2>\n<p>K\u00f6z\u00f6s feladatunk \u00e9s k\u00f6teless\u00e9g\u00fcnk figyelni egym\u00e1sra. Mindenkinek. Aut\u00f3snak, robog\u00f3snak, bicajosnak \u00e9s gyalogosnak egyar\u00e1nt. \u00c9n mind a n\u00e9gy szerepben k\u00f6zlekedem a v\u00e1rosban, \u00e9s sajnos azt tapasztalom, hogy az emberek figyelmetlenek, id\u0151j\u00e1r\u00e1st\u00f3l f\u00fcgg\u0151en pedig n\u00e9ha t\u00fals\u00e1gosan \u00e1lmosak, vagy \u00e9pphogy t\u00fcrelmetlenebbek. Mindenki csak azzal van elfoglalva, amit \u00e9ppen csin\u00e1l. Ha egy picit jobban odafigyel\u00fcnk, netal\u00e1n gondolkozunk is, sok kellemetlen forgalmi helyzetet megsp\u00f3roln\u00e1nk.<\/p>\n<p>Aut\u00f3sok, ne menj\u00fcnk bele a keresztez\u0151d\u00e9sbe kocsival, ha nem biztos, hogy ki tudunk bel\u0151le hajtani, hi\u00e1ba z\u00f6ld a l\u00e1mpa. Aprop\u00f3 l\u00e1mpa: bicajosok, r\u00e1tok is vonatkozik, ha meg kell \u00e1llni. Motorosok, ti pedig ne cik\u00e1zzatok jobbr\u00f3l-balr\u00f3l, mert nem sz\u00e1m\u00edt r\u00e1 az aut\u00f3s, hogy b\u00e1rhonnan felbukkanhattok. V\u00e9g\u00fcl pedig kedves gyalogost\u00e1rsaim, ne l\u00e9pjetek le a j\u00e1rd\u00e1r\u00f3l a telefonotokba b\u00fajva, an\u00e9lk\u00fcl, hogy k\u00f6r\u00fcln\u00e9zn\u00e9tek.<\/p>\n<h2>N\u00e9zd meg, mi\u00e9rt teker Norie!<\/h2>\n<lite-youtube videoid=a-x__W4bObs params=\"enablejsapi=1\" style=\"background-image: url('https:\/\/i.ytimg.com\/vi_webp\/a-x__W4bObs\/maxresdefault.webp');\"><\/lite-youtube>\n<h2>+1: Ilyen hangulatban teker Norie!<\/h2>\n<p>Norie megmutatta nek\u00fcnk kedvenc bring\u00e1s zen\u00e9it is. \u00cdme, a top 10!<\/p>\n<div class=\"embed-controller-wrapper\"><iframe title=\"Spotify Embed: N\u00f3ra\" style=\"border-radius: 12px\" width=\"100%\" height=\"352\" frameborder=\"0\" allowfullscreen allow=\"autoplay; clipboard-write; encrypted-media; fullscreen; picture-in-picture\" loading=\"lazy\" data-src=\"https:\/\/open.spotify.com\/embed\/playlist\/19Gu6MU4Kq25HAgI7oiSre?si=WfjkZ1oLTYCEVTRQxzfE8g&#038;utm_source=oembed\"><\/iframe><\/div>\n<p>&nbsp;<\/p>\n","protected":false},"excerpt":{"rendered":"<p>Kevesen tudj\u00e1k, de Tak\u00e1cs Norie-nak csal\u00e1dja \u00e9s munk\u00e1ja mellett van m\u00e9g egy szerelme: Carolina, a bring\u00e1ja! Felkerest\u00fck \u0151t, \u00e9s megk\u00e9rdezt\u00fck [&hellip;]<\/p>\n","protected":false},"author":71,"featured_media":1570,"comment_status":"open","ping_status":"open","sticky":false,"template":"","format":"standard","meta":{"footnotes":""},"categories":[99],"tags":[17,16,28,27,137,115,138],"global-categories":[],"class_list":["post-1472","post","type-post","status-publish","format-standard","has-post-thumbnail","hentry","category-miert-tekerunk","tag-bicikli","tag-kerekpar","tag-kerekpar-blog","tag-kerekpar-magazin","tag-kerekparos-nok","tag-miert-tekerunk","tag-takacs-nori"],"yoast_head":"<!-- This site is optimized with the Yoast SEO Premium plugin v25.3 (Yoast SEO v25.9) - https:\/\/yoast.com\/wordpress\/plugins\/seo\/ -->\n<title>Carolina marad, Norie v\u00e1laszol - \u0160koda We Love Cycling - Magyarorsz\u00e1g<\/title>\n<meta name=\"description\" content=\"Kevesen tudj\u00e1k, de Tak\u00e1cs N\u00f3rinak csal\u00e1dja \u00e9s munk\u00e1ja mellett van m\u00e9g egy szerelme: Carolina, a bring\u00e1ja! Felkerest\u00fck \u0151t, \u00e9s megk\u00e9rdezt\u00fck t\u0151le, mi\u00f3ta biciklizik \u00e9s milyen terepen szokott tekerni, de N\u00f3ri \u00fczent a bring\u00e1soknak, az aut\u00f3soknak, a motorosoknak \u00e9s a gyalogosoknak is!\" \/>\n<meta name=\"robots\" content=\"index, follow, max-snippet:-1, max-image-preview:large, max-video-preview:-1\" \/>\n<link rel=\"canonical\" href=\"https:\/\/www.welovecycling.com\/hu\/miert-tekerunk\/carolina-marad-takacs-nori-valaszol\/\" \/>\n<meta property=\"og:locale\" content=\"hu_HU\" \/>\n<meta property=\"og:type\" content=\"article\" \/>\n<meta property=\"og:title\" content=\"Carolina marad, Norie v\u00e1laszol\" \/>\n<meta property=\"og:description\" content=\"Kevesen tudj\u00e1k, de Tak\u00e1cs N\u00f3rinak csal\u00e1dja \u00e9s munk\u00e1ja mellett van m\u00e9g egy szerelme: Carolina, a bring\u00e1ja! Felkerest\u00fck \u0151t, \u00e9s megk\u00e9rdezt\u00fck t\u0151le, mi\u00f3ta biciklizik \u00e9s milyen terepen szokott tekerni, de N\u00f3ri \u00fczent a bring\u00e1soknak, az aut\u00f3soknak, a motorosoknak \u00e9s a gyalogosoknak is!\" \/>\n<meta property=\"og:url\" content=\"https:\/\/www.welovecycling.com\/hu\/miert-tekerunk\/carolina-marad-takacs-nori-valaszol\/\" \/>\n<meta property=\"og:site_name\" content=\"\u0160koda We Love Cycling - Magyarorsz\u00e1g\" \/>\n<meta property=\"article:publisher\" content=\"https:\/\/www.facebook.com\/WeLoveCyclingHungary\/\" \/>\n<meta property=\"article:published_time\" content=\"2018-08-11T14:20:42+00:00\" \/>\n<meta property=\"article:modified_time\" content=\"2018-08-13T09:10:32+00:00\" \/>\n<meta property=\"og:image\" content=\"https:\/\/d2p6e6u75xmxt8.cloudfront.net\/12\/2018\/08\/norie.PNG-1.png\" \/>\n\t<meta property=\"og:image:width\" content=\"1196\" \/>\n\t<meta property=\"og:image:height\" content=\"507\" \/>\n\t<meta property=\"og:image:type\" content=\"image\/png\" \/>\n<meta name=\"author\" content=\"hegyizs\" \/>\n<meta name=\"twitter:card\" content=\"summary_large_image\" \/>\n<meta name=\"twitter:label1\" content=\"Written by\" \/>\n\t<meta name=\"twitter:data1\" content=\"hegyizs\" \/>\n\t<meta name=\"twitter:label2\" content=\"Est. reading time\" \/>\n\t<meta name=\"twitter:data2\" content=\"5 minutes\" \/>\n<script type=\"application\/ld+json\" class=\"yoast-schema-graph\">{\"@context\":\"https:\/\/schema.org\",\"@graph\":[{\"@type\":\"WebPage\",\"@id\":\"https:\/\/www.welovecycling.com\/hu\/miert-tekerunk\/carolina-marad-takacs-nori-valaszol\/\",\"url\":\"https:\/\/www.welovecycling.com\/hu\/miert-tekerunk\/carolina-marad-takacs-nori-valaszol\/\",\"name\":\"Carolina marad, Norie v\u00e1laszol - \u0160koda We Love Cycling - Magyarorsz\u00e1g\",\"isPartOf\":{\"@id\":\"https:\/\/www.welovecycling.com\/hu\/#website\"},\"primaryImageOfPage\":{\"@id\":\"https:\/\/www.welovecycling.com\/hu\/miert-tekerunk\/carolina-marad-takacs-nori-valaszol\/#primaryimage\"},\"image\":{\"@id\":\"https:\/\/www.welovecycling.com\/hu\/miert-tekerunk\/carolina-marad-takacs-nori-valaszol\/#primaryimage\"},\"thumbnailUrl\":\"https:\/\/d2p6e6u75xmxt8.cloudfront.net\/12\/2018\/08\/norie.PNG-1.png\",\"datePublished\":\"2018-08-11T14:20:42+00:00\",\"dateModified\":\"2018-08-13T09:10:32+00:00\",\"author\":{\"@id\":\"https:\/\/www.welovecycling.com\/hu\/#\/schema\/person\/414a2aebf1801691a5320edb6468e194\"},\"description\":\"Kevesen tudj\u00e1k, de Tak\u00e1cs N\u00f3rinak csal\u00e1dja \u00e9s munk\u00e1ja mellett van m\u00e9g egy szerelme: Carolina, a bring\u00e1ja! Felkerest\u00fck \u0151t, \u00e9s megk\u00e9rdezt\u00fck t\u0151le, mi\u00f3ta biciklizik \u00e9s milyen terepen szokott tekerni, de N\u00f3ri \u00fczent a bring\u00e1soknak, az aut\u00f3soknak, a motorosoknak \u00e9s a gyalogosoknak is!\",\"breadcrumb\":{\"@id\":\"https:\/\/www.welovecycling.com\/hu\/miert-tekerunk\/carolina-marad-takacs-nori-valaszol\/#breadcrumb\"},\"inLanguage\":\"hu\",\"potentialAction\":[{\"@type\":\"ReadAction\",\"target\":[\"https:\/\/www.welovecycling.com\/hu\/miert-tekerunk\/carolina-marad-takacs-nori-valaszol\/\"]}]},{\"@type\":\"ImageObject\",\"inLanguage\":\"hu\",\"@id\":\"https:\/\/www.welovecycling.com\/hu\/miert-tekerunk\/carolina-marad-takacs-nori-valaszol\/#primaryimage\",\"url\":\"https:\/\/d2p6e6u75xmxt8.cloudfront.net\/12\/2018\/08\/norie.PNG-1.png\",\"contentUrl\":\"https:\/\/d2p6e6u75xmxt8.cloudfront.net\/12\/2018\/08\/norie.PNG-1.png\",\"width\":1196,\"height\":507,\"caption\":\"Norie mi\u00e9rt teker\u00fcnk\"},{\"@type\":\"BreadcrumbList\",\"@id\":\"https:\/\/www.welovecycling.com\/hu\/miert-tekerunk\/carolina-marad-takacs-nori-valaszol\/#breadcrumb\",\"itemListElement\":[{\"@type\":\"ListItem\",\"position\":1,\"name\":\"Home\",\"item\":\"https:\/\/www.welovecycling.com\/hu\/\"},{\"@type\":\"ListItem\",\"position\":2,\"name\":\"Carolina marad, Norie v\u00e1laszol\"}]},{\"@type\":\"WebSite\",\"@id\":\"https:\/\/www.welovecycling.com\/hu\/#website\",\"url\":\"https:\/\/www.welovecycling.com\/hu\/\",\"name\":\"\u0160koda We Love Cycling - Magyarorsz\u00e1g\",\"description\":\"\u0160koda WeLoveCycling\",\"potentialAction\":[{\"@type\":\"SearchAction\",\"target\":{\"@type\":\"EntryPoint\",\"urlTemplate\":\"https:\/\/www.welovecycling.com\/hu\/?s={search_term_string}\"},\"query-input\":{\"@type\":\"PropertyValueSpecification\",\"valueRequired\":true,\"valueName\":\"search_term_string\"}}],\"inLanguage\":\"hu\"},{\"@type\":\"Person\",\"@id\":\"https:\/\/www.welovecycling.com\/hu\/#\/schema\/person\/414a2aebf1801691a5320edb6468e194\",\"name\":\"hegyizs\",\"image\":{\"@type\":\"ImageObject\",\"inLanguage\":\"hu\",\"@id\":\"https:\/\/www.welovecycling.com\/hu\/#\/schema\/person\/image\/\",\"url\":\"https:\/\/secure.gravatar.com\/avatar\/02cf8a7906b8cf90cecb4679defac7cfd33a1c2e3b88e4903d947f3bb58eedd3?s=96&d=mm&r=g\",\"contentUrl\":\"https:\/\/secure.gravatar.com\/avatar\/02cf8a7906b8cf90cecb4679defac7cfd33a1c2e3b88e4903d947f3bb58eedd3?s=96&d=mm&r=g\",\"caption\":\"hegyizs\"},\"url\":\"https:\/\/www.welovecycling.com\/hu\/author\/hegyizs\/\"}]}<\/script>\n<!-- \/ Yoast SEO Premium plugin. -->","yoast_head_json":{"title":"Carolina marad, Norie v\u00e1laszol - \u0160koda We Love Cycling - Magyarorsz\u00e1g","description":"Kevesen tudj\u00e1k, de Tak\u00e1cs N\u00f3rinak csal\u00e1dja \u00e9s munk\u00e1ja mellett van m\u00e9g egy szerelme: Carolina, a bring\u00e1ja! Felkerest\u00fck \u0151t, \u00e9s megk\u00e9rdezt\u00fck t\u0151le, mi\u00f3ta biciklizik \u00e9s milyen terepen szokott tekerni, de N\u00f3ri \u00fczent a bring\u00e1soknak, az aut\u00f3soknak, a motorosoknak \u00e9s a gyalogosoknak is!","robots":{"index":"index","follow":"follow","max-snippet":"max-snippet:-1","max-image-preview":"max-image-preview:large","max-video-preview":"max-video-preview:-1"},"canonical":"https:\/\/www.welovecycling.com\/hu\/miert-tekerunk\/carolina-marad-takacs-nori-valaszol\/","og_locale":"hu_HU","og_type":"article","og_title":"Carolina marad, Norie v\u00e1laszol","og_description":"Kevesen tudj\u00e1k, de Tak\u00e1cs N\u00f3rinak csal\u00e1dja \u00e9s munk\u00e1ja mellett van m\u00e9g egy szerelme: Carolina, a bring\u00e1ja! Felkerest\u00fck \u0151t, \u00e9s megk\u00e9rdezt\u00fck t\u0151le, mi\u00f3ta biciklizik \u00e9s milyen terepen szokott tekerni, de N\u00f3ri \u00fczent a bring\u00e1soknak, az aut\u00f3soknak, a motorosoknak \u00e9s a gyalogosoknak is!","og_url":"https:\/\/www.welovecycling.com\/hu\/miert-tekerunk\/carolina-marad-takacs-nori-valaszol\/","og_site_name":"\u0160koda We Love Cycling - Magyarorsz\u00e1g","article_publisher":"https:\/\/www.facebook.com\/WeLoveCyclingHungary\/","article_published_time":"2018-08-11T14:20:42+00:00","article_modified_time":"2018-08-13T09:10:32+00:00","og_image":[{"width":1196,"height":507,"url":"https:\/\/d2p6e6u75xmxt8.cloudfront.net\/12\/2018\/08\/norie.PNG-1.png","type":"image\/png"}],"author":"hegyizs","twitter_card":"summary_large_image","twitter_misc":{"Written by":"hegyizs","Est. reading time":"5 minutes"},"schema":{"@context":"https:\/\/schema.org","@graph":[{"@type":"WebPage","@id":"https:\/\/www.welovecycling.com\/hu\/miert-tekerunk\/carolina-marad-takacs-nori-valaszol\/","url":"https:\/\/www.welovecycling.com\/hu\/miert-tekerunk\/carolina-marad-takacs-nori-valaszol\/","name":"Carolina marad, Norie v\u00e1laszol - \u0160koda We Love Cycling - Magyarorsz\u00e1g","isPartOf":{"@id":"https:\/\/www.welovecycling.com\/hu\/#website"},"primaryImageOfPage":{"@id":"https:\/\/www.welovecycling.com\/hu\/miert-tekerunk\/carolina-marad-takacs-nori-valaszol\/#primaryimage"},"image":{"@id":"https:\/\/www.welovecycling.com\/hu\/miert-tekerunk\/carolina-marad-takacs-nori-valaszol\/#primaryimage"},"thumbnailUrl":"https:\/\/d2p6e6u75xmxt8.cloudfront.net\/12\/2018\/08\/norie.PNG-1.png","datePublished":"2018-08-11T14:20:42+00:00","dateModified":"2018-08-13T09:10:32+00:00","author":{"@id":"https:\/\/www.welovecycling.com\/hu\/#\/schema\/person\/414a2aebf1801691a5320edb6468e194"},"description":"Kevesen tudj\u00e1k, de Tak\u00e1cs N\u00f3rinak csal\u00e1dja \u00e9s munk\u00e1ja mellett van m\u00e9g egy szerelme: Carolina, a bring\u00e1ja! Felkerest\u00fck \u0151t, \u00e9s megk\u00e9rdezt\u00fck t\u0151le, mi\u00f3ta biciklizik \u00e9s milyen terepen szokott tekerni, de N\u00f3ri \u00fczent a bring\u00e1soknak, az aut\u00f3soknak, a motorosoknak \u00e9s a gyalogosoknak is!","breadcrumb":{"@id":"https:\/\/www.welovecycling.com\/hu\/miert-tekerunk\/carolina-marad-takacs-nori-valaszol\/#breadcrumb"},"inLanguage":"hu","potentialAction":[{"@type":"ReadAction","target":["https:\/\/www.welovecycling.com\/hu\/miert-tekerunk\/carolina-marad-takacs-nori-valaszol\/"]}]},{"@type":"ImageObject","inLanguage":"hu","@id":"https:\/\/www.welovecycling.com\/hu\/miert-tekerunk\/carolina-marad-takacs-nori-valaszol\/#primaryimage","url":"https:\/\/d2p6e6u75xmxt8.cloudfront.net\/12\/2018\/08\/norie.PNG-1.png","contentUrl":"https:\/\/d2p6e6u75xmxt8.cloudfront.net\/12\/2018\/08\/norie.PNG-1.png","width":1196,"height":507,"caption":"Norie mi\u00e9rt teker\u00fcnk"},{"@type":"BreadcrumbList","@id":"https:\/\/www.welovecycling.com\/hu\/miert-tekerunk\/carolina-marad-takacs-nori-valaszol\/#breadcrumb","itemListElement":[{"@type":"ListItem","position":1,"name":"Home","item":"https:\/\/www.welovecycling.com\/hu\/"},{"@type":"ListItem","position":2,"name":"Carolina marad, Norie v\u00e1laszol"}]},{"@type":"WebSite","@id":"https:\/\/www.welovecycling.com\/hu\/#website","url":"https:\/\/www.welovecycling.com\/hu\/","name":"\u0160koda We Love Cycling - Magyarorsz\u00e1g","description":"\u0160koda WeLoveCycling","potentialAction":[{"@type":"SearchAction","target":{"@type":"EntryPoint","urlTemplate":"https:\/\/www.welovecycling.com\/hu\/?s={search_term_string}"},"query-input":{"@type":"PropertyValueSpecification","valueRequired":true,"valueName":"search_term_string"}}],"inLanguage":"hu"},{"@type":"Person","@id":"https:\/\/www.welovecycling.com\/hu\/#\/schema\/person\/414a2aebf1801691a5320edb6468e194","name":"hegyizs","image":{"@type":"ImageObject","inLanguage":"hu","@id":"https:\/\/www.welovecycling.com\/hu\/#\/schema\/person\/image\/","url":"https:\/\/secure.gravatar.com\/avatar\/02cf8a7906b8cf90cecb4679defac7cfd33a1c2e3b88e4903d947f3bb58eedd3?s=96&d=mm&r=g","contentUrl":"https:\/\/secure.gravatar.com\/avatar\/02cf8a7906b8cf90cecb4679defac7cfd33a1c2e3b88e4903d947f3bb58eedd3?s=96&d=mm&r=g","caption":"hegyizs"},"url":"https:\/\/www.welovecycling.com\/hu\/author\/hegyizs\/"}]}},"_links":{"self":[{"href":"https:\/\/www.welovecycling.com\/hu\/wp-json\/wp\/v2\/posts\/1472","targetHints":{"allow":["GET"]}}],"collection":[{"href":"https:\/\/www.welovecycling.com\/hu\/wp-json\/wp\/v2\/posts"}],"about":[{"href":"https:\/\/www.welovecycling.com\/hu\/wp-json\/wp\/v2\/types\/post"}],"author":[{"embeddable":true,"href":"https:\/\/www.welovecycling.com\/hu\/wp-json\/wp\/v2\/users\/71"}],"replies":[{"embeddable":true,"href":"https:\/\/www.welovecycling.com\/hu\/wp-json\/wp\/v2\/comments?post=1472"}],"version-history":[{"count":2,"href":"https:\/\/www.welovecycling.com\/hu\/wp-json\/wp\/v2\/posts\/1472\/revisions"}],"predecessor-version":[{"id":1591,"href":"https:\/\/www.welovecycling.com\/hu\/wp-json\/wp\/v2\/posts\/1472\/revisions\/1591"}],"wp:featuredmedia":[{"embeddable":true,"href":"https:\/\/www.welovecycling.com\/hu\/wp-json\/wp\/v2\/media\/1570"}],"wp:attachment":[{"href":"https:\/\/www.welovecycling.com\/hu\/wp-json\/wp\/v2\/media?parent=1472"}],"wp:term":[{"taxonomy":"category","embeddable":true,"href":"https:\/\/www.welovecycling.com\/hu\/wp-json\/wp\/v2\/categories?post=1472"},{"taxonomy":"post_tag","embeddable":true,"href":"https:\/\/www.welovecycling.com\/hu\/wp-json\/wp\/v2\/tags?post=1472"},{"taxonomy":"global-categories","embeddable":true,"href":"https:\/\/www.welovecycling.com\/hu\/wp-json\/wp\/v2\/global-categories?post=1472"}],"curies":[{"name":"wp","href":"https:\/\/api.w.org\/{rel}","templated":true}]}}