{"id":14693,"date":"2022-04-24T08:00:57","date_gmt":"2022-04-24T06:00:57","guid":{"rendered":"https:\/\/www.welovecycling.com\/hu\/?p=14693"},"modified":"2022-04-22T15:02:47","modified_gmt":"2022-04-22T13:02:47","slug":"mennyi-az-annyi-avagy-milyen-nyomasra-erdemes-fujni-a-guminkat","status":"publish","type":"post","link":"https:\/\/www.welovecycling.com\/hu\/edzes-es-eletmod\/mennyi-az-annyi-avagy-milyen-nyomasra-erdemes-fujni-a-guminkat\/","title":{"rendered":"Mennyi az annyi, avagy milyen nyom\u00e1sra \u00e9rdemes f\u00fajni a guminkat?"},"content":{"rendered":"<p><strong>Ha hosszabb ideig nem haszn\u00e1ljuk a bring\u00e1nkat, p\u00e9ld\u00e1ul a t\u00e9li h\u00f3napok ut\u00e1n szeretn\u00e9nk \u00fajra el\u0151venni, k\u00f6nnyed\u00e9n szembes\u00fclhet\u00fcnk azzal a teljesen norm\u00e1lis, h\u00e9tk\u00f6znapi fizikai jelens\u00e9ggel, hogy a gumink bizony kisebb-nagyobb m\u00e9rt\u00e9kben leeresztett. Sok hobbibring\u00e1z\u00f3 sz\u00e1m\u00e1ra nem egy\u00e9rtelm\u0171 ilyenkor, hogy mennyire kell felf\u00fajni a kereket, hogy ne legyen se t\u00falf\u00fajva, de ne is legyen \u201epuha\u201d \u2013 ugyanez a helyzet \u00e1llhat fenn egy gumibels\u0151-csere ut\u00e1n is.<\/strong><!--more--><\/p>\n<p>Nos, a j\u00f3 h\u00edr, hogy a legt\u00f6bb gy\u00e1rt\u00f3 az\u00e9rt ad nek\u00fcnk legal\u00e1bb n\u00e9mi minim\u00e1lis t\u00e1mpontot: manaps\u00e1g m\u00e1r a k\u00fcls\u0151 gumik nagy r\u00e9sz\u00e9n fel szok\u00e1s t\u00fcntetni egy minim\u00e1l- illetve egy maxim\u00e1lis \u00e9rt\u00e9ket. Ez persze csak a k\u00e9t hat\u00e1r\u00e9rt\u00e9k, de kezd\u00e9snek megteszi: ha nagyj\u00e1b\u00f3l bel\u0151j\u00fck a nyom\u00e1st valahova a kett\u0151 k\u00f6z\u00e9, nagy baj m\u00e1r nem \u00e9rhet minket, de az\u00e9rt vegy\u00fck \u00e1t, mely ker\u00e9kp\u00e1r- \u00e9s talajt\u00edpusokhoz, k\u00fcl\u00f6nf\u00e9le haszn\u00e1lati m\u00f3dokhoz mi passzol ink\u00e1bb.<\/p>\n<p>Kezdj\u00fck azzal, hogy a megfelel\u0151 nyom\u00e1s t\u00f6bb szempontb\u00f3l is kulcsfontoss\u00e1g\u00fa: p\u00e9ld\u00e1ul jelent\u0151sen befoly\u00e1solja a tapad\u00e1st, valamint hogy mennyi er\u0151t kell kifejten\u00fcnk teker\u00e9skor. \u00c1ltal\u00e1noss\u00e1gban elmondhat\u00f3, hogy alacsonyabb nyom\u00e1sn\u00e1l jobb a tapad\u00e1s, \u00edgy \u00e9rtelemszer\u0171en kisebb a megcs\u00fasz\u00e1s es\u00e9lye, teh\u00e1t a biztons\u00e1g n\u0151. Ugyanakkor egyr\u00e9szt nagyobb er\u0151kifejt\u00e9s sz\u00fcks\u00e9ges teker\u00e9s k\u00f6zben, m\u00e1sr\u00e9szt nagyobb a defekt vesz\u00e9lye is \u2013 valamit valami\u00e9rt, ugye\u2026 Magasabb nyom\u00e1s eset\u00e9n a gumifel\u00fcletnek nyilv\u00e1n kisebb r\u00e9sze \u00e9ri a talajt, \u00edgy a rizik\u00f3faktor valamivel nagyobb, cser\u00e9be viszont kisebb er\u0151kifejt\u00e9ssel tudunk gyorsabban haladni.<\/p>\n<figure id=\"attachment_14694\" aria-describedby=\"caption-attachment-14694\" style=\"width: 768px\" class=\"wp-caption alignnone\"><img loading=\"lazy\" decoding=\"async\" class=\"size-large wp-image-14694\" src=\"https:\/\/d2p6e6u75xmxt8.cloudfront.net\/12\/2022\/04\/1.0-tire-pressure_2048x2048-768x1024.jpg\" alt=\"\" width=\"768\" height=\"1024\" srcset=\"https:\/\/d2p6e6u75xmxt8.cloudfront.net\/12\/2022\/04\/1.0-tire-pressure_2048x2048-768x1024.jpg 768w, https:\/\/d2p6e6u75xmxt8.cloudfront.net\/12\/2022\/04\/1.0-tire-pressure_2048x2048-225x300.jpg 225w, https:\/\/d2p6e6u75xmxt8.cloudfront.net\/12\/2022\/04\/1.0-tire-pressure_2048x2048.jpg 900w\" sizes=\"auto, (max-width: 768px) 100vw, 768px\" \/><figcaption id=\"caption-attachment-14694\" class=\"wp-caption-text\">A t\u00fal alacsony \u00e9s a t\u00fal magas nyom\u00e1s sem j\u00f3 \u2013 st\u00edlusunkt\u00f3l f\u00fcgg\u0151en valahol a kett\u0151 k\u00f6z\u00f6tt lelj\u00fck meg az ide\u00e1lisat (forr\u00e1s: The Pro\u2019s Closet)<\/figcaption><\/figure>\n<p>Az sem mindegy, milyen t\u00edpus\u00fa talajon tervez\u00fcnk bring\u00e1zni. Ha aszfaltr\u00f3l van sz\u00f3, akkor h\u00e9tk\u00f6znapi, v\u00e1rosi k\u00f6zleked\u00e9shez sokszor \u00e9rdemes ink\u00e1bb alacsonyabb nyom\u00e1st v\u00e1lasztani, ismerve az \u00fatjaink min\u0151s\u00e9g\u00e9t, illetve a j\u00e1rdaszeg\u00e9lyekr\u0151l, padk\u00e1kr\u00f3l val\u00f3 fel-le halad\u00e1st. Ki\u00e9p\u00edtett ker\u00e9kp\u00e1r\u00faton \u00e9s egy\u00e9b j\u00f3 min\u0151s\u00e9g\u0171 aszfalt\u00faton viszont nyugodtan f\u00fajhatjuk magasabb nyom\u00e1sra a nagyobb k\u00e9nyelem \u00e9rdek\u00e9ben, f\u0151leg ha hosszabb t\u00far\u00e1ra indulunk. Ezekt\u0151l nem f\u00fcggetlen\u00fcl a bringat\u00edpusok eset\u00e9ben is elt\u00e9rnek a javasolt nyom\u00e1s\u00e9rt\u00e9kek: az orsz\u00e1g\u00fati ker\u00e9kp\u00e1rokat \u00e9rtelemszer\u0171en magasabb guminyom\u00e1ssal haszn\u00e1lj\u00e1k, m\u00edg a mountain bike-okat ink\u00e1bb k\u00f6zepes vagy kisebb nyom\u00e1s mellett.<\/p>\n<figure id=\"attachment_14695\" aria-describedby=\"caption-attachment-14695\" style=\"width: 1024px\" class=\"wp-caption alignnone\"><img loading=\"lazy\" decoding=\"async\" class=\"size-large wp-image-14695\" src=\"https:\/\/d2p6e6u75xmxt8.cloudfront.net\/12\/2022\/04\/Check-Bike-Tire-Pressure-1024x683.jpg\" alt=\"\" width=\"1024\" height=\"683\" srcset=\"https:\/\/d2p6e6u75xmxt8.cloudfront.net\/12\/2022\/04\/Check-Bike-Tire-Pressure-1024x683.jpg 1024w, https:\/\/d2p6e6u75xmxt8.cloudfront.net\/12\/2022\/04\/Check-Bike-Tire-Pressure-300x200.jpg 300w, https:\/\/d2p6e6u75xmxt8.cloudfront.net\/12\/2022\/04\/Check-Bike-Tire-Pressure-768x512.jpg 768w, https:\/\/d2p6e6u75xmxt8.cloudfront.net\/12\/2022\/04\/Check-Bike-Tire-Pressure-272x182.jpg 272w, https:\/\/d2p6e6u75xmxt8.cloudfront.net\/12\/2022\/04\/Check-Bike-Tire-Pressure.jpg 1234w\" sizes=\"auto, (max-width: 1024px) 100vw, 1024px\" \/><figcaption id=\"caption-attachment-14695\" class=\"wp-caption-text\">forr\u00e1s: BestBikePicks.com<\/figcaption><\/figure>\n<p>A legt\u00f6bb\u00fcnk azonban a bring\u00e1j\u00e1t nem kiz\u00e1r\u00f3lag egyf\u00e9le fel\u00fcleten haszn\u00e1lja a mindennapokban, \u00edgy mi a magunk r\u00e9sz\u00e9r\u0151l maradn\u00e1nk a m\u00e1r eml\u00edtett, k\u00e9t megadott sz\u00e9ls\u0151\u00e9rt\u00e9k k\u00f6z\u00f6tt valahol f\u00e9l\u00faton-megold\u00e1sn\u00e1l (f\u0151leg a tests\u00falyk\u00fcl\u00f6nbs\u00e9geket is figyelembe v\u00e9ve) \u2013 ezzel nagyot nem hib\u00e1zhatunk, \u00e1tlagos haszn\u00e1lathoz t\u00e9nyleg tal\u00e1n ez a legide\u00e1lisabb. A felt\u00fcntetett \u00e9rt\u00e9keket vegy\u00fck komolyan, se a minimum\u00e9rt\u00e9k al\u00e1 ne menj\u00fcnk, se a maximum\u00e9rt\u00e9k f\u00f6l\u00e9, ezt tal\u00e1n k\u00fcl\u00f6n\u00f6sebben nem is sz\u00fcks\u00e9ges t\u00falmagyar\u00e1zni.<\/p>\n<p><em>Bor\u00edt\u00f3: BikeRadar<\/em><\/p>\n","protected":false},"excerpt":{"rendered":"<p>Ha hosszabb ideig nem haszn\u00e1ljuk a bring\u00e1nkat, p\u00e9ld\u00e1ul a t\u00e9li h\u00f3napok ut\u00e1n szeretn\u00e9nk \u00fajra el\u0151venni, k\u00f6nnyed\u00e9n szembes\u00fclhet\u00fcnk azzal a teljesen [&hellip;]<\/p>\n","protected":false},"author":71,"featured_media":14702,"comment_status":"open","ping_status":"open","sticky":false,"template":"","format":"standard","meta":{"footnotes":""},"categories":[6],"tags":[],"global-categories":[],"class_list":["post-14693","post","type-post","status-publish","format-standard","has-post-thumbnail","hentry","category-edzes-es-eletmod"],"yoast_head":"<!-- This site is optimized with the Yoast SEO Premium plugin v25.3 (Yoast SEO v25.9) - https:\/\/yoast.com\/wordpress\/plugins\/seo\/ -->\n<title>Mennyi az annyi, avagy milyen nyom\u00e1sra \u00e9rdemes f\u00fajni a guminkat? - \u0160koda We Love Cycling - Magyarorsz\u00e1g<\/title>\n<meta name=\"description\" content=\"Ha hosszabb ideig nem haszn\u00e1ljuk a bring\u00e1nkat, p\u00e9ld\u00e1ul a t\u00e9li h\u00f3napok ut\u00e1n szeretn\u00e9nk \u00fajra el\u0151venni, k\u00f6nnyed\u00e9n szembes\u00fclhet\u00fcnk azzal a teljesen norm\u00e1lis, h\u00e9tk\u00f6znapi fizikai jelens\u00e9ggel, hogy a gumink bizony kisebb-nagyobb m\u00e9rt\u00e9kben leeresztett. Sok hobbibring\u00e1z\u00f3 sz\u00e1m\u00e1ra nem egy\u00e9rtelm\u0171 ilyenkor, hogy mennyire kell felf\u00fajni a kereket, hogy ne legyen se t\u00falf\u00fajva, de ne is legyen \u201epuha\u201d \u2013 ugyanez a helyzet \u00e1llhat fenn egy gumibels\u0151-csere ut\u00e1n is.\" \/>\n<meta name=\"robots\" content=\"index, follow, max-snippet:-1, max-image-preview:large, max-video-preview:-1\" \/>\n<link rel=\"canonical\" href=\"https:\/\/www.welovecycling.com\/hu\/edzes-es-eletmod\/mennyi-az-annyi-avagy-milyen-nyomasra-erdemes-fujni-a-guminkat\/\" \/>\n<meta property=\"og:locale\" content=\"hu_HU\" \/>\n<meta property=\"og:type\" content=\"article\" \/>\n<meta property=\"og:title\" content=\"Mennyi az annyi, avagy milyen nyom\u00e1sra \u00e9rdemes f\u00fajni a guminkat?\" \/>\n<meta property=\"og:description\" content=\"Ha hosszabb ideig nem haszn\u00e1ljuk a bring\u00e1nkat, p\u00e9ld\u00e1ul a t\u00e9li h\u00f3napok ut\u00e1n szeretn\u00e9nk \u00fajra el\u0151venni, k\u00f6nnyed\u00e9n szembes\u00fclhet\u00fcnk azzal a teljesen norm\u00e1lis, h\u00e9tk\u00f6znapi fizikai jelens\u00e9ggel, hogy a gumink bizony kisebb-nagyobb m\u00e9rt\u00e9kben leeresztett. Sok hobbibring\u00e1z\u00f3 sz\u00e1m\u00e1ra nem egy\u00e9rtelm\u0171 ilyenkor, hogy mennyire kell felf\u00fajni a kereket, hogy ne legyen se t\u00falf\u00fajva, de ne is legyen \u201epuha\u201d \u2013 ugyanez a helyzet \u00e1llhat fenn egy gumibels\u0151-csere ut\u00e1n is.\" \/>\n<meta property=\"og:url\" content=\"https:\/\/www.welovecycling.com\/hu\/edzes-es-eletmod\/mennyi-az-annyi-avagy-milyen-nyomasra-erdemes-fujni-a-guminkat\/\" \/>\n<meta property=\"og:site_name\" content=\"\u0160koda We Love Cycling - Magyarorsz\u00e1g\" \/>\n<meta property=\"article:publisher\" content=\"https:\/\/www.facebook.com\/WeLoveCyclingHungary\/\" \/>\n<meta property=\"article:published_time\" content=\"2022-04-24T06:00:57+00:00\" \/>\n<meta property=\"og:image\" content=\"https:\/\/d2p6e6u75xmxt8.cloudfront.net\/12\/2022\/04\/Road-bike-tyre-pressure-9-d745d1b-1.jpg\" \/>\n\t<meta property=\"og:image:width\" content=\"1800\" \/>\n\t<meta property=\"og:image:height\" content=\"1200\" \/>\n\t<meta property=\"og:image:type\" content=\"image\/jpeg\" \/>\n<meta name=\"author\" content=\"hegyizs\" \/>\n<meta name=\"twitter:card\" content=\"summary_large_image\" \/>\n<meta name=\"twitter:label1\" content=\"Written by\" \/>\n\t<meta name=\"twitter:data1\" content=\"WLC\" \/>\n\t<meta name=\"twitter:label2\" content=\"Est. reading time\" \/>\n\t<meta name=\"twitter:data2\" content=\"3 minutes\" \/>\n<script type=\"application\/ld+json\" class=\"yoast-schema-graph\">{\"@context\":\"https:\/\/schema.org\",\"@graph\":[{\"@type\":\"WebPage\",\"@id\":\"https:\/\/www.welovecycling.com\/hu\/edzes-es-eletmod\/mennyi-az-annyi-avagy-milyen-nyomasra-erdemes-fujni-a-guminkat\/\",\"url\":\"https:\/\/www.welovecycling.com\/hu\/edzes-es-eletmod\/mennyi-az-annyi-avagy-milyen-nyomasra-erdemes-fujni-a-guminkat\/\",\"name\":\"Mennyi az annyi, avagy milyen nyom\u00e1sra \u00e9rdemes f\u00fajni a guminkat? - \u0160koda We Love Cycling - Magyarorsz\u00e1g\",\"isPartOf\":{\"@id\":\"https:\/\/www.welovecycling.com\/hu\/#website\"},\"primaryImageOfPage\":{\"@id\":\"https:\/\/www.welovecycling.com\/hu\/edzes-es-eletmod\/mennyi-az-annyi-avagy-milyen-nyomasra-erdemes-fujni-a-guminkat\/#primaryimage\"},\"image\":{\"@id\":\"https:\/\/www.welovecycling.com\/hu\/edzes-es-eletmod\/mennyi-az-annyi-avagy-milyen-nyomasra-erdemes-fujni-a-guminkat\/#primaryimage\"},\"thumbnailUrl\":\"https:\/\/d2p6e6u75xmxt8.cloudfront.net\/12\/2022\/04\/Road-bike-tyre-pressure-9-d745d1b-1.jpg\",\"datePublished\":\"2022-04-24T06:00:57+00:00\",\"author\":{\"@id\":\"https:\/\/www.welovecycling.com\/hu\/#\/schema\/person\/414a2aebf1801691a5320edb6468e194\"},\"description\":\"Ha hosszabb ideig nem haszn\u00e1ljuk a bring\u00e1nkat, p\u00e9ld\u00e1ul a t\u00e9li h\u00f3napok ut\u00e1n szeretn\u00e9nk \u00fajra el\u0151venni, k\u00f6nnyed\u00e9n szembes\u00fclhet\u00fcnk azzal a teljesen norm\u00e1lis, h\u00e9tk\u00f6znapi fizikai jelens\u00e9ggel, hogy a gumink bizony kisebb-nagyobb m\u00e9rt\u00e9kben leeresztett. Sok hobbibring\u00e1z\u00f3 sz\u00e1m\u00e1ra nem egy\u00e9rtelm\u0171 ilyenkor, hogy mennyire kell felf\u00fajni a kereket, hogy ne legyen se t\u00falf\u00fajva, de ne is legyen \u201epuha\u201d \u2013 ugyanez a helyzet \u00e1llhat fenn egy gumibels\u0151-csere ut\u00e1n is.\",\"breadcrumb\":{\"@id\":\"https:\/\/www.welovecycling.com\/hu\/edzes-es-eletmod\/mennyi-az-annyi-avagy-milyen-nyomasra-erdemes-fujni-a-guminkat\/#breadcrumb\"},\"inLanguage\":\"hu\",\"potentialAction\":[{\"@type\":\"ReadAction\",\"target\":[\"https:\/\/www.welovecycling.com\/hu\/edzes-es-eletmod\/mennyi-az-annyi-avagy-milyen-nyomasra-erdemes-fujni-a-guminkat\/\"]}]},{\"@type\":\"ImageObject\",\"inLanguage\":\"hu\",\"@id\":\"https:\/\/www.welovecycling.com\/hu\/edzes-es-eletmod\/mennyi-az-annyi-avagy-milyen-nyomasra-erdemes-fujni-a-guminkat\/#primaryimage\",\"url\":\"https:\/\/d2p6e6u75xmxt8.cloudfront.net\/12\/2022\/04\/Road-bike-tyre-pressure-9-d745d1b-1.jpg\",\"contentUrl\":\"https:\/\/d2p6e6u75xmxt8.cloudfront.net\/12\/2022\/04\/Road-bike-tyre-pressure-9-d745d1b-1.jpg\",\"width\":1800,\"height\":1200},{\"@type\":\"BreadcrumbList\",\"@id\":\"https:\/\/www.welovecycling.com\/hu\/edzes-es-eletmod\/mennyi-az-annyi-avagy-milyen-nyomasra-erdemes-fujni-a-guminkat\/#breadcrumb\",\"itemListElement\":[{\"@type\":\"ListItem\",\"position\":1,\"name\":\"Home\",\"item\":\"https:\/\/www.welovecycling.com\/hu\/\"},{\"@type\":\"ListItem\",\"position\":2,\"name\":\"Mennyi az annyi, avagy milyen nyom\u00e1sra \u00e9rdemes f\u00fajni a guminkat?\"}]},{\"@type\":\"WebSite\",\"@id\":\"https:\/\/www.welovecycling.com\/hu\/#website\",\"url\":\"https:\/\/www.welovecycling.com\/hu\/\",\"name\":\"\u0160koda We Love Cycling - Magyarorsz\u00e1g\",\"description\":\"\u0160koda WeLoveCycling\",\"potentialAction\":[{\"@type\":\"SearchAction\",\"target\":{\"@type\":\"EntryPoint\",\"urlTemplate\":\"https:\/\/www.welovecycling.com\/hu\/?s={search_term_string}\"},\"query-input\":{\"@type\":\"PropertyValueSpecification\",\"valueRequired\":true,\"valueName\":\"search_term_string\"}}],\"inLanguage\":\"hu\"},{\"@type\":\"Person\",\"@id\":\"https:\/\/www.welovecycling.com\/hu\/#\/schema\/person\/414a2aebf1801691a5320edb6468e194\",\"name\":\"hegyizs\",\"image\":{\"@type\":\"ImageObject\",\"inLanguage\":\"hu\",\"@id\":\"https:\/\/www.welovecycling.com\/hu\/#\/schema\/person\/image\/\",\"url\":\"https:\/\/secure.gravatar.com\/avatar\/02cf8a7906b8cf90cecb4679defac7cfd33a1c2e3b88e4903d947f3bb58eedd3?s=96&d=mm&r=g\",\"contentUrl\":\"https:\/\/secure.gravatar.com\/avatar\/02cf8a7906b8cf90cecb4679defac7cfd33a1c2e3b88e4903d947f3bb58eedd3?s=96&d=mm&r=g\",\"caption\":\"hegyizs\"},\"url\":\"https:\/\/www.welovecycling.com\/hu\/author\/hegyizs\/\"}]}<\/script>\n<!-- \/ Yoast SEO Premium plugin. -->","yoast_head_json":{"title":"Mennyi az annyi, avagy milyen nyom\u00e1sra \u00e9rdemes f\u00fajni a guminkat? - \u0160koda We Love Cycling - Magyarorsz\u00e1g","description":"Ha hosszabb ideig nem haszn\u00e1ljuk a bring\u00e1nkat, p\u00e9ld\u00e1ul a t\u00e9li h\u00f3napok ut\u00e1n szeretn\u00e9nk \u00fajra el\u0151venni, k\u00f6nnyed\u00e9n szembes\u00fclhet\u00fcnk azzal a teljesen norm\u00e1lis, h\u00e9tk\u00f6znapi fizikai jelens\u00e9ggel, hogy a gumink bizony kisebb-nagyobb m\u00e9rt\u00e9kben leeresztett. Sok hobbibring\u00e1z\u00f3 sz\u00e1m\u00e1ra nem egy\u00e9rtelm\u0171 ilyenkor, hogy mennyire kell felf\u00fajni a kereket, hogy ne legyen se t\u00falf\u00fajva, de ne is legyen \u201epuha\u201d \u2013 ugyanez a helyzet \u00e1llhat fenn egy gumibels\u0151-csere ut\u00e1n is.","robots":{"index":"index","follow":"follow","max-snippet":"max-snippet:-1","max-image-preview":"max-image-preview:large","max-video-preview":"max-video-preview:-1"},"canonical":"https:\/\/www.welovecycling.com\/hu\/edzes-es-eletmod\/mennyi-az-annyi-avagy-milyen-nyomasra-erdemes-fujni-a-guminkat\/","og_locale":"hu_HU","og_type":"article","og_title":"Mennyi az annyi, avagy milyen nyom\u00e1sra \u00e9rdemes f\u00fajni a guminkat?","og_description":"Ha hosszabb ideig nem haszn\u00e1ljuk a bring\u00e1nkat, p\u00e9ld\u00e1ul a t\u00e9li h\u00f3napok ut\u00e1n szeretn\u00e9nk \u00fajra el\u0151venni, k\u00f6nnyed\u00e9n szembes\u00fclhet\u00fcnk azzal a teljesen norm\u00e1lis, h\u00e9tk\u00f6znapi fizikai jelens\u00e9ggel, hogy a gumink bizony kisebb-nagyobb m\u00e9rt\u00e9kben leeresztett. Sok hobbibring\u00e1z\u00f3 sz\u00e1m\u00e1ra nem egy\u00e9rtelm\u0171 ilyenkor, hogy mennyire kell felf\u00fajni a kereket, hogy ne legyen se t\u00falf\u00fajva, de ne is legyen \u201epuha\u201d \u2013 ugyanez a helyzet \u00e1llhat fenn egy gumibels\u0151-csere ut\u00e1n is.","og_url":"https:\/\/www.welovecycling.com\/hu\/edzes-es-eletmod\/mennyi-az-annyi-avagy-milyen-nyomasra-erdemes-fujni-a-guminkat\/","og_site_name":"\u0160koda We Love Cycling - Magyarorsz\u00e1g","article_publisher":"https:\/\/www.facebook.com\/WeLoveCyclingHungary\/","article_published_time":"2022-04-24T06:00:57+00:00","og_image":[{"width":1800,"height":1200,"url":"https:\/\/d2p6e6u75xmxt8.cloudfront.net\/12\/2022\/04\/Road-bike-tyre-pressure-9-d745d1b-1.jpg","type":"image\/jpeg"}],"author":"hegyizs","twitter_card":"summary_large_image","twitter_misc":{"Written by":"WLC","Est. reading time":"3 minutes"},"schema":{"@context":"https:\/\/schema.org","@graph":[{"@type":"WebPage","@id":"https:\/\/www.welovecycling.com\/hu\/edzes-es-eletmod\/mennyi-az-annyi-avagy-milyen-nyomasra-erdemes-fujni-a-guminkat\/","url":"https:\/\/www.welovecycling.com\/hu\/edzes-es-eletmod\/mennyi-az-annyi-avagy-milyen-nyomasra-erdemes-fujni-a-guminkat\/","name":"Mennyi az annyi, avagy milyen nyom\u00e1sra \u00e9rdemes f\u00fajni a guminkat? - \u0160koda We Love Cycling - Magyarorsz\u00e1g","isPartOf":{"@id":"https:\/\/www.welovecycling.com\/hu\/#website"},"primaryImageOfPage":{"@id":"https:\/\/www.welovecycling.com\/hu\/edzes-es-eletmod\/mennyi-az-annyi-avagy-milyen-nyomasra-erdemes-fujni-a-guminkat\/#primaryimage"},"image":{"@id":"https:\/\/www.welovecycling.com\/hu\/edzes-es-eletmod\/mennyi-az-annyi-avagy-milyen-nyomasra-erdemes-fujni-a-guminkat\/#primaryimage"},"thumbnailUrl":"https:\/\/d2p6e6u75xmxt8.cloudfront.net\/12\/2022\/04\/Road-bike-tyre-pressure-9-d745d1b-1.jpg","datePublished":"2022-04-24T06:00:57+00:00","author":{"@id":"https:\/\/www.welovecycling.com\/hu\/#\/schema\/person\/414a2aebf1801691a5320edb6468e194"},"description":"Ha hosszabb ideig nem haszn\u00e1ljuk a bring\u00e1nkat, p\u00e9ld\u00e1ul a t\u00e9li h\u00f3napok ut\u00e1n szeretn\u00e9nk \u00fajra el\u0151venni, k\u00f6nnyed\u00e9n szembes\u00fclhet\u00fcnk azzal a teljesen norm\u00e1lis, h\u00e9tk\u00f6znapi fizikai jelens\u00e9ggel, hogy a gumink bizony kisebb-nagyobb m\u00e9rt\u00e9kben leeresztett. Sok hobbibring\u00e1z\u00f3 sz\u00e1m\u00e1ra nem egy\u00e9rtelm\u0171 ilyenkor, hogy mennyire kell felf\u00fajni a kereket, hogy ne legyen se t\u00falf\u00fajva, de ne is legyen \u201epuha\u201d \u2013 ugyanez a helyzet \u00e1llhat fenn egy gumibels\u0151-csere ut\u00e1n is.","breadcrumb":{"@id":"https:\/\/www.welovecycling.com\/hu\/edzes-es-eletmod\/mennyi-az-annyi-avagy-milyen-nyomasra-erdemes-fujni-a-guminkat\/#breadcrumb"},"inLanguage":"hu","potentialAction":[{"@type":"ReadAction","target":["https:\/\/www.welovecycling.com\/hu\/edzes-es-eletmod\/mennyi-az-annyi-avagy-milyen-nyomasra-erdemes-fujni-a-guminkat\/"]}]},{"@type":"ImageObject","inLanguage":"hu","@id":"https:\/\/www.welovecycling.com\/hu\/edzes-es-eletmod\/mennyi-az-annyi-avagy-milyen-nyomasra-erdemes-fujni-a-guminkat\/#primaryimage","url":"https:\/\/d2p6e6u75xmxt8.cloudfront.net\/12\/2022\/04\/Road-bike-tyre-pressure-9-d745d1b-1.jpg","contentUrl":"https:\/\/d2p6e6u75xmxt8.cloudfront.net\/12\/2022\/04\/Road-bike-tyre-pressure-9-d745d1b-1.jpg","width":1800,"height":1200},{"@type":"BreadcrumbList","@id":"https:\/\/www.welovecycling.com\/hu\/edzes-es-eletmod\/mennyi-az-annyi-avagy-milyen-nyomasra-erdemes-fujni-a-guminkat\/#breadcrumb","itemListElement":[{"@type":"ListItem","position":1,"name":"Home","item":"https:\/\/www.welovecycling.com\/hu\/"},{"@type":"ListItem","position":2,"name":"Mennyi az annyi, avagy milyen nyom\u00e1sra \u00e9rdemes f\u00fajni a guminkat?"}]},{"@type":"WebSite","@id":"https:\/\/www.welovecycling.com\/hu\/#website","url":"https:\/\/www.welovecycling.com\/hu\/","name":"\u0160koda We Love Cycling - Magyarorsz\u00e1g","description":"\u0160koda WeLoveCycling","potentialAction":[{"@type":"SearchAction","target":{"@type":"EntryPoint","urlTemplate":"https:\/\/www.welovecycling.com\/hu\/?s={search_term_string}"},"query-input":{"@type":"PropertyValueSpecification","valueRequired":true,"valueName":"search_term_string"}}],"inLanguage":"hu"},{"@type":"Person","@id":"https:\/\/www.welovecycling.com\/hu\/#\/schema\/person\/414a2aebf1801691a5320edb6468e194","name":"hegyizs","image":{"@type":"ImageObject","inLanguage":"hu","@id":"https:\/\/www.welovecycling.com\/hu\/#\/schema\/person\/image\/","url":"https:\/\/secure.gravatar.com\/avatar\/02cf8a7906b8cf90cecb4679defac7cfd33a1c2e3b88e4903d947f3bb58eedd3?s=96&d=mm&r=g","contentUrl":"https:\/\/secure.gravatar.com\/avatar\/02cf8a7906b8cf90cecb4679defac7cfd33a1c2e3b88e4903d947f3bb58eedd3?s=96&d=mm&r=g","caption":"hegyizs"},"url":"https:\/\/www.welovecycling.com\/hu\/author\/hegyizs\/"}]}},"_links":{"self":[{"href":"https:\/\/www.welovecycling.com\/hu\/wp-json\/wp\/v2\/posts\/14693","targetHints":{"allow":["GET"]}}],"collection":[{"href":"https:\/\/www.welovecycling.com\/hu\/wp-json\/wp\/v2\/posts"}],"about":[{"href":"https:\/\/www.welovecycling.com\/hu\/wp-json\/wp\/v2\/types\/post"}],"author":[{"embeddable":true,"href":"https:\/\/www.welovecycling.com\/hu\/wp-json\/wp\/v2\/users\/71"}],"replies":[{"embeddable":true,"href":"https:\/\/www.welovecycling.com\/hu\/wp-json\/wp\/v2\/comments?post=14693"}],"version-history":[{"count":1,"href":"https:\/\/www.welovecycling.com\/hu\/wp-json\/wp\/v2\/posts\/14693\/revisions"}],"predecessor-version":[{"id":14703,"href":"https:\/\/www.welovecycling.com\/hu\/wp-json\/wp\/v2\/posts\/14693\/revisions\/14703"}],"wp:featuredmedia":[{"embeddable":true,"href":"https:\/\/www.welovecycling.com\/hu\/wp-json\/wp\/v2\/media\/14702"}],"wp:attachment":[{"href":"https:\/\/www.welovecycling.com\/hu\/wp-json\/wp\/v2\/media?parent=14693"}],"wp:term":[{"taxonomy":"category","embeddable":true,"href":"https:\/\/www.welovecycling.com\/hu\/wp-json\/wp\/v2\/categories?post=14693"},{"taxonomy":"post_tag","embeddable":true,"href":"https:\/\/www.welovecycling.com\/hu\/wp-json\/wp\/v2\/tags?post=14693"},{"taxonomy":"global-categories","embeddable":true,"href":"https:\/\/www.welovecycling.com\/hu\/wp-json\/wp\/v2\/global-categories?post=14693"}],"curies":[{"name":"wp","href":"https:\/\/api.w.org\/{rel}","templated":true}]}}