{"id":14676,"date":"2022-04-29T08:00:17","date_gmt":"2022-04-29T06:00:17","guid":{"rendered":"https:\/\/www.welovecycling.com\/hu\/?p=14676"},"modified":"2022-04-22T15:06:13","modified_gmt":"2022-04-22T13:06:13","slug":"hogyan-valassz-biciklis-kabatot-tavaszra","status":"publish","type":"post","link":"https:\/\/www.welovecycling.com\/hu\/kozosseg-es-kultura\/hogyan-valassz-biciklis-kabatot-tavaszra\/","title":{"rendered":"Hogyan v\u00e1lassz biciklis kab\u00e1tot tavaszra?"},"content":{"rendered":"<p><strong>\u00dcdv a szesz\u00e9lyes szezonban, emberek! Ez az \u00e9vnek az a v\u00e1ltoz\u00e9kony id\u0151szaka, amikor minden \u00fat tele van meglepet\u00e9ssel (vagy csak v\u00e9gig esik, az sem jobb). De persze nem panaszkodunk. Minden bizonnyal izgalmass\u00e1 teszi a dolgokat az id\u0151j\u00e1r\u00e1s, \u00e9s megfelel\u0151 felszerel\u00e9ssel m\u00e9g v\u00e9dekezhet\u00fcnk is ellene, \u00e9s ki\u00e9lvezhetj\u00fck a n\u00e9h\u00e1ny pillanatnyi naps\u00fct\u00e9st \u00e9s a friss leveg\u0151t.<\/strong><\/p>\n<p><!--more--><\/p>\n<p>Minden a felk\u00e9sz\u00fcl\u00e9sr\u0151l sz\u00f3l. Az egyik kritikus elem, ami seg\u00edt kimer\u00e9szkedni az ismeretlenbe, egy megb\u00edzhat\u00f3 v\u00edz\u00e1ll\u00f3 kab\u00e1t. Szerencs\u00e9re az elm\u00falt \u00e9vekben a ker\u00e9kp\u00e1ros dzsekik nagy utat tettek meg, \u00e9s sokkal l\u00e9g\u00e1tereszt\u0151bbek, megb\u00edzhat\u00f3bbak \u00e9s kisebbre \u00f6sszecsomagolhat\u00f3bbak, mint kor\u00e1bban. V\u00e1s\u00e1rl\u00e1s k\u00f6zben val\u00f3sz\u00edn\u0171leg tal\u00e1lkozni fogsz rejt\u00e9lyes technol\u00f3giai terminol\u00f3gi\u00e1kkal (a ruhagy\u00e1rt\u00f3k kedvelik a divatos szavakat, melyek nem mindig jeleznek min\u0151s\u00e9get), de mi az\u00e9rt vagyunk itt, hogy seg\u00edts\u00fcnk!<\/p>\n<figure id=\"attachment_14677\" aria-describedby=\"caption-attachment-14677\" style=\"width: 1080px\" class=\"wp-caption alignnone\"><a href=\"https:\/\/d2p6e6u75xmxt8.cloudfront.net\/12\/2022\/04\/Spring-cycling-profimedia-0682808546.jpg\"><img loading=\"lazy\" decoding=\"async\" class=\"wp-image-14677 size-full\" src=\"https:\/\/d2p6e6u75xmxt8.cloudfront.net\/12\/2022\/04\/Spring-cycling-profimedia-0682808546.jpg\" alt=\"Cycling in spring\" width=\"1080\" height=\"720\" srcset=\"https:\/\/d2p6e6u75xmxt8.cloudfront.net\/12\/2022\/04\/Spring-cycling-profimedia-0682808546.jpg 1080w, https:\/\/d2p6e6u75xmxt8.cloudfront.net\/12\/2022\/04\/Spring-cycling-profimedia-0682808546-300x200.jpg 300w, https:\/\/d2p6e6u75xmxt8.cloudfront.net\/12\/2022\/04\/Spring-cycling-profimedia-0682808546-1024x683.jpg 1024w, https:\/\/d2p6e6u75xmxt8.cloudfront.net\/12\/2022\/04\/Spring-cycling-profimedia-0682808546-768x512.jpg 768w, https:\/\/d2p6e6u75xmxt8.cloudfront.net\/12\/2022\/04\/Spring-cycling-profimedia-0682808546-272x182.jpg 272w\" sizes=\"auto, (max-width: 1080px) 100vw, 1080px\" \/><\/a><figcaption id=\"caption-attachment-14677\" class=\"wp-caption-text\"><em>\u00c9rkezz meg k\u00f6nnyed\u00e9n a tavaszba! \u00a9 Profimedia<\/em><\/figcaption><\/figure>\n<p>N\u00e9zz\u00fck \u00e1t, mikre kell odafigyelned, ha tavaszi kab\u00e1tot veszel!<\/p>\n<h2><strong>Tudd a k\u00fcl\u00f6nbs\u00e9get a v\u00edz\u00e1ll\u00f3 \u00e9s a v\u00edzleperget\u0151 k\u00f6z\u00f6tt!<\/strong><\/h2>\n<p>Mert bizony van, \u00e9s nem is kicsi! A v\u00edz\u00e1ll\u00f3 kab\u00e1t jellemz\u0151en legal\u00e1bb 10 000 mm-es v\u00edz\u00e1ll\u00f3s\u00e1g\u00fa, t\u00f6bbr\u00e9teg\u0171, perfor\u00e1lt membr\u00e1nnal ell\u00e1tott sz\u00f6vet, ragasztott varr\u00e1sokkal \u00e9s vihar\u00e1ll\u00f3 cipz\u00e1rral. A v\u00edzleperget\u0151 \u00e1ltal\u00e1ban Durable Water Resistant (DWR) bevonattal rendelkezik, k\u00f6nny\u0171, \u00edgy jobban csomagolhat\u00f3. Mindenkinek m\u00e1sok az ig\u00e9nyei, de ha olyan kab\u00e1tba szeretn\u00e9l beruh\u00e1zni, ami biztosan sz\u00e1razon tart, akkor biztosan a v\u00edz\u00e1ll\u00f3 verzi\u00f3ra lesz sz\u00fcks\u00e9ged.<\/p>\n<h2><strong>Ne felejtsd el, hogy l\u00e9legezned kell!<\/strong><\/h2>\n<p>M\u00e9ghozz\u00e1 az eg\u00e9sz testednek. Egy dolog nem el\u00e1zni az es\u0151t\u0151l, ha a saj\u00e1t izzads\u00e1godban \u00faszol. A l\u00e9g\u00e1tereszt\u0151 k\u00e9pess\u00e9g is besorolhat\u00f3, \u00e9s a 10 000 g felettiek seg\u00edtenek megakad\u00e1lyozni, hogy megf\u0151lj. \u00c1ltal\u00e1noss\u00e1gban elmondhat\u00f3, hogy min\u00e9l v\u00edz\u00e1ll\u00f3bb egy sz\u00f6vet, ann\u00e1l kev\u00e9sb\u00e9 lesz l\u00e9g\u00e1tereszt\u0151, b\u00e1r van n\u00e9h\u00e1ny kiv\u00e9tel.<\/p>\n<h2><strong>Illeszkedjen j\u00f3l!<\/strong><\/h2>\n<p>Ha nem fontos az aeordinamika \u00e9s nem versenyzel, akkor csak az a fontos, hogy k\u00e9nyelmes legyen. Ha sz\u0171k szab\u00e1st keresel, mindenk\u00e9pp pr\u00f3b\u00e1ld fel v\u00e1s\u00e1rl\u00e1s el\u0151tt, vagy gy\u0151z\u0151dj meg r\u00f3la, hogy vissza tudod k\u00fcldeni, ha nem j\u00f3! Gondold \u00e1t, milyen r\u00e9tegeket szeretn\u00e9l felvenni al\u00e1, \u00e9s ne feledd, hogy a kab\u00e1t eg\u00e9sz nap rajtad lesz! Minden m\u00e1s szubjekt\u00edv. Pr\u00f3b\u00e1lj ki t\u00f6bb t\u00edpust, hogy megtudd, melyik v\u00e1lik be legjobban!<\/p>\n<h2><strong>El kell tudnod csomagolni!<\/strong><\/h2>\n<p>Amikor \u00f6tpercenk\u00e9nt v\u00e1ltozik az id\u0151j\u00e1r\u00e1s, olyan kab\u00e1tra lesz sz\u00fcks\u00e9ged, amit k\u00f6nny\u0171 elrakni. Ahogy fentebb eml\u00edtett\u00fck, a val\u00f3ban v\u00edz\u00e1ll\u00f3 dzsekik \u00e1ltal\u00e1ban nagyobbak, \u00e9s sokszor nem f\u00e9rnek el egy h\u00e1ts\u00f3 zsebben. A v\u00edzleperget\u0151 opci\u00f3k viszont t\u00f6bbnyire \u00f6sszegy\u00farhat\u00f3k \u00f6k\u00f6lnyire is. Ha viszont nagyobb \u00f6sszeget sz\u00e1nsz r\u00e1, meg fogod tal\u00e1lni azokat a modelleket, amik mindk\u00e9t t\u00edpus legjobb tulajdons\u00e1gait \u00f6tv\u00f6zik!<\/p>\n","protected":false},"excerpt":{"rendered":"<p>\u00dcdv a szesz\u00e9lyes szezonban, emberek! Ez az \u00e9vnek az a v\u00e1ltoz\u00e9kony id\u0151szaka, amikor minden \u00fat tele van meglepet\u00e9ssel (vagy csak [&hellip;]<\/p>\n","protected":false},"author":71,"featured_media":14686,"comment_status":"open","ping_status":"open","sticky":false,"template":"","format":"standard","meta":{"footnotes":""},"categories":[12],"tags":[],"global-categories":[],"class_list":["post-14676","post","type-post","status-publish","format-standard","has-post-thumbnail","hentry","category-kozosseg-es-kultura"],"yoast_head":"<!-- This site is optimized with the Yoast SEO Premium plugin v25.3 (Yoast SEO v25.9) - https:\/\/yoast.com\/wordpress\/plugins\/seo\/ -->\n<title>Hogyan v\u00e1lassz biciklis kab\u00e1tot tavaszra?<\/title>\n<meta name=\"description\" content=\"\u00dcdv a szesz\u00e9lyes szezonban, emberek! Ez az \u00e9vnek az a v\u00e1ltoz\u00e9kony id\u0151szaka, amikor minden \u00fat tele van meglepet\u00e9ssel (vagy csak v\u00e9gig esik, az sem jobb). De persze nem panaszkodunk. Minden bizonnyal izgalmass\u00e1 teszi a dolgokat az id\u0151j\u00e1r\u00e1s, \u00e9s megfelel\u0151 felszerel\u00e9ssel m\u00e9g v\u00e9dekezhet\u00fcnk is ellene, \u00e9s ki\u00e9lvezhetj\u00fck a n\u00e9h\u00e1ny pillanatnyi naps\u00fct\u00e9st \u00e9s a friss leveg\u0151t.\" \/>\n<meta name=\"robots\" content=\"index, follow, max-snippet:-1, max-image-preview:large, max-video-preview:-1\" \/>\n<link rel=\"canonical\" href=\"https:\/\/www.welovecycling.com\/hu\/kozosseg-es-kultura\/hogyan-valassz-biciklis-kabatot-tavaszra\/\" \/>\n<meta property=\"og:locale\" content=\"hu_HU\" \/>\n<meta property=\"og:type\" content=\"article\" \/>\n<meta property=\"og:title\" content=\"Hogyan v\u00e1lassz biciklis kab\u00e1tot tavaszra?\" \/>\n<meta property=\"og:description\" content=\"\u00dcdv a szesz\u00e9lyes szezonban, emberek! Ez az \u00e9vnek az a v\u00e1ltoz\u00e9kony id\u0151szaka, amikor minden \u00fat tele van meglepet\u00e9ssel (vagy csak v\u00e9gig esik, az sem jobb). De persze nem panaszkodunk. Minden bizonnyal izgalmass\u00e1 teszi a dolgokat az id\u0151j\u00e1r\u00e1s, \u00e9s megfelel\u0151 felszerel\u00e9ssel m\u00e9g v\u00e9dekezhet\u00fcnk is ellene, \u00e9s ki\u00e9lvezhetj\u00fck a n\u00e9h\u00e1ny pillanatnyi naps\u00fct\u00e9st \u00e9s a friss leveg\u0151t.\" \/>\n<meta property=\"og:url\" content=\"https:\/\/www.welovecycling.com\/hu\/kozosseg-es-kultura\/hogyan-valassz-biciklis-kabatot-tavaszra\/\" \/>\n<meta property=\"og:site_name\" content=\"\u0160koda We Love Cycling - Magyarorsz\u00e1g\" \/>\n<meta property=\"article:publisher\" content=\"https:\/\/www.facebook.com\/WeLoveCyclingHungary\/\" \/>\n<meta property=\"article:published_time\" content=\"2022-04-29T06:00:17+00:00\" \/>\n<meta property=\"og:image\" content=\"https:\/\/d2p6e6u75xmxt8.cloudfront.net\/12\/2022\/04\/Spring-cycling-profimedia-0673263054-CVR.jpg\" \/>\n\t<meta property=\"og:image:width\" content=\"1366\" \/>\n\t<meta property=\"og:image:height\" content=\"600\" \/>\n\t<meta property=\"og:image:type\" content=\"image\/jpeg\" \/>\n<meta name=\"author\" content=\"hegyizs\" \/>\n<meta name=\"twitter:card\" content=\"summary_large_image\" \/>\n<meta name=\"twitter:label1\" content=\"Written by\" \/>\n\t<meta name=\"twitter:data1\" content=\"Megan Flottorp\" \/>\n\t<meta name=\"twitter:label2\" content=\"Est. reading time\" \/>\n\t<meta name=\"twitter:data2\" content=\"6\" \/>\n<script type=\"application\/ld+json\" class=\"yoast-schema-graph\">{\"@context\":\"https:\/\/schema.org\",\"@graph\":[{\"@type\":\"WebPage\",\"@id\":\"https:\/\/www.welovecycling.com\/hu\/kozosseg-es-kultura\/hogyan-valassz-biciklis-kabatot-tavaszra\/\",\"url\":\"https:\/\/www.welovecycling.com\/hu\/kozosseg-es-kultura\/hogyan-valassz-biciklis-kabatot-tavaszra\/\",\"name\":\"Hogyan v\u00e1lassz biciklis kab\u00e1tot tavaszra?\",\"isPartOf\":{\"@id\":\"https:\/\/www.welovecycling.com\/hu\/#website\"},\"primaryImageOfPage\":{\"@id\":\"https:\/\/www.welovecycling.com\/hu\/kozosseg-es-kultura\/hogyan-valassz-biciklis-kabatot-tavaszra\/#primaryimage\"},\"image\":{\"@id\":\"https:\/\/www.welovecycling.com\/hu\/kozosseg-es-kultura\/hogyan-valassz-biciklis-kabatot-tavaszra\/#primaryimage\"},\"thumbnailUrl\":\"https:\/\/d2p6e6u75xmxt8.cloudfront.net\/12\/2022\/04\/Spring-cycling-profimedia-0673263054-CVR.jpg\",\"datePublished\":\"2022-04-29T06:00:17+00:00\",\"author\":{\"@id\":\"https:\/\/www.welovecycling.com\/hu\/#\/schema\/person\/414a2aebf1801691a5320edb6468e194\"},\"description\":\"\u00dcdv a szesz\u00e9lyes szezonban, emberek! Ez az \u00e9vnek az a v\u00e1ltoz\u00e9kony id\u0151szaka, amikor minden \u00fat tele van meglepet\u00e9ssel (vagy csak v\u00e9gig esik, az sem jobb). De persze nem panaszkodunk. Minden bizonnyal izgalmass\u00e1 teszi a dolgokat az id\u0151j\u00e1r\u00e1s, \u00e9s megfelel\u0151 felszerel\u00e9ssel m\u00e9g v\u00e9dekezhet\u00fcnk is ellene, \u00e9s ki\u00e9lvezhetj\u00fck a n\u00e9h\u00e1ny pillanatnyi naps\u00fct\u00e9st \u00e9s a friss leveg\u0151t.\",\"breadcrumb\":{\"@id\":\"https:\/\/www.welovecycling.com\/hu\/kozosseg-es-kultura\/hogyan-valassz-biciklis-kabatot-tavaszra\/#breadcrumb\"},\"inLanguage\":\"hu\",\"potentialAction\":[{\"@type\":\"ReadAction\",\"target\":[\"https:\/\/www.welovecycling.com\/hu\/kozosseg-es-kultura\/hogyan-valassz-biciklis-kabatot-tavaszra\/\"]}]},{\"@type\":\"ImageObject\",\"inLanguage\":\"hu\",\"@id\":\"https:\/\/www.welovecycling.com\/hu\/kozosseg-es-kultura\/hogyan-valassz-biciklis-kabatot-tavaszra\/#primaryimage\",\"url\":\"https:\/\/d2p6e6u75xmxt8.cloudfront.net\/12\/2022\/04\/Spring-cycling-profimedia-0673263054-CVR.jpg\",\"contentUrl\":\"https:\/\/d2p6e6u75xmxt8.cloudfront.net\/12\/2022\/04\/Spring-cycling-profimedia-0673263054-CVR.jpg\",\"width\":1366,\"height\":600,\"caption\":\"Spring cycling\"},{\"@type\":\"BreadcrumbList\",\"@id\":\"https:\/\/www.welovecycling.com\/hu\/kozosseg-es-kultura\/hogyan-valassz-biciklis-kabatot-tavaszra\/#breadcrumb\",\"itemListElement\":[{\"@type\":\"ListItem\",\"position\":1,\"name\":\"Home\",\"item\":\"https:\/\/www.welovecycling.com\/hu\/\"},{\"@type\":\"ListItem\",\"position\":2,\"name\":\"Hogyan v\u00e1lassz biciklis kab\u00e1tot tavaszra?\"}]},{\"@type\":\"WebSite\",\"@id\":\"https:\/\/www.welovecycling.com\/hu\/#website\",\"url\":\"https:\/\/www.welovecycling.com\/hu\/\",\"name\":\"\u0160koda We Love Cycling - Magyarorsz\u00e1g\",\"description\":\"\u0160koda WeLoveCycling\",\"potentialAction\":[{\"@type\":\"SearchAction\",\"target\":{\"@type\":\"EntryPoint\",\"urlTemplate\":\"https:\/\/www.welovecycling.com\/hu\/?s={search_term_string}\"},\"query-input\":{\"@type\":\"PropertyValueSpecification\",\"valueRequired\":true,\"valueName\":\"search_term_string\"}}],\"inLanguage\":\"hu\"},{\"@type\":\"Person\",\"@id\":\"https:\/\/www.welovecycling.com\/hu\/#\/schema\/person\/414a2aebf1801691a5320edb6468e194\",\"name\":\"hegyizs\",\"image\":{\"@type\":\"ImageObject\",\"inLanguage\":\"hu\",\"@id\":\"https:\/\/www.welovecycling.com\/hu\/#\/schema\/person\/image\/\",\"url\":\"https:\/\/secure.gravatar.com\/avatar\/02cf8a7906b8cf90cecb4679defac7cfd33a1c2e3b88e4903d947f3bb58eedd3?s=96&d=mm&r=g\",\"contentUrl\":\"https:\/\/secure.gravatar.com\/avatar\/02cf8a7906b8cf90cecb4679defac7cfd33a1c2e3b88e4903d947f3bb58eedd3?s=96&d=mm&r=g\",\"caption\":\"hegyizs\"},\"url\":\"https:\/\/www.welovecycling.com\/hu\/author\/hegyizs\/\"}]}<\/script>\n<!-- \/ Yoast SEO Premium plugin. -->","yoast_head_json":{"title":"Hogyan v\u00e1lassz biciklis kab\u00e1tot tavaszra?","description":"\u00dcdv a szesz\u00e9lyes szezonban, emberek! Ez az \u00e9vnek az a v\u00e1ltoz\u00e9kony id\u0151szaka, amikor minden \u00fat tele van meglepet\u00e9ssel (vagy csak v\u00e9gig esik, az sem jobb). De persze nem panaszkodunk. Minden bizonnyal izgalmass\u00e1 teszi a dolgokat az id\u0151j\u00e1r\u00e1s, \u00e9s megfelel\u0151 felszerel\u00e9ssel m\u00e9g v\u00e9dekezhet\u00fcnk is ellene, \u00e9s ki\u00e9lvezhetj\u00fck a n\u00e9h\u00e1ny pillanatnyi naps\u00fct\u00e9st \u00e9s a friss leveg\u0151t.","robots":{"index":"index","follow":"follow","max-snippet":"max-snippet:-1","max-image-preview":"max-image-preview:large","max-video-preview":"max-video-preview:-1"},"canonical":"https:\/\/www.welovecycling.com\/hu\/kozosseg-es-kultura\/hogyan-valassz-biciklis-kabatot-tavaszra\/","og_locale":"hu_HU","og_type":"article","og_title":"Hogyan v\u00e1lassz biciklis kab\u00e1tot tavaszra?","og_description":"\u00dcdv a szesz\u00e9lyes szezonban, emberek! Ez az \u00e9vnek az a v\u00e1ltoz\u00e9kony id\u0151szaka, amikor minden \u00fat tele van meglepet\u00e9ssel (vagy csak v\u00e9gig esik, az sem jobb). De persze nem panaszkodunk. Minden bizonnyal izgalmass\u00e1 teszi a dolgokat az id\u0151j\u00e1r\u00e1s, \u00e9s megfelel\u0151 felszerel\u00e9ssel m\u00e9g v\u00e9dekezhet\u00fcnk is ellene, \u00e9s ki\u00e9lvezhetj\u00fck a n\u00e9h\u00e1ny pillanatnyi naps\u00fct\u00e9st \u00e9s a friss leveg\u0151t.","og_url":"https:\/\/www.welovecycling.com\/hu\/kozosseg-es-kultura\/hogyan-valassz-biciklis-kabatot-tavaszra\/","og_site_name":"\u0160koda We Love Cycling - Magyarorsz\u00e1g","article_publisher":"https:\/\/www.facebook.com\/WeLoveCyclingHungary\/","article_published_time":"2022-04-29T06:00:17+00:00","og_image":[{"width":1366,"height":600,"url":"https:\/\/d2p6e6u75xmxt8.cloudfront.net\/12\/2022\/04\/Spring-cycling-profimedia-0673263054-CVR.jpg","type":"image\/jpeg"}],"author":"hegyizs","twitter_card":"summary_large_image","twitter_misc":{"Written by":"Megan Flottorp","Est. reading time":"6"},"schema":{"@context":"https:\/\/schema.org","@graph":[{"@type":"WebPage","@id":"https:\/\/www.welovecycling.com\/hu\/kozosseg-es-kultura\/hogyan-valassz-biciklis-kabatot-tavaszra\/","url":"https:\/\/www.welovecycling.com\/hu\/kozosseg-es-kultura\/hogyan-valassz-biciklis-kabatot-tavaszra\/","name":"Hogyan v\u00e1lassz biciklis kab\u00e1tot tavaszra?","isPartOf":{"@id":"https:\/\/www.welovecycling.com\/hu\/#website"},"primaryImageOfPage":{"@id":"https:\/\/www.welovecycling.com\/hu\/kozosseg-es-kultura\/hogyan-valassz-biciklis-kabatot-tavaszra\/#primaryimage"},"image":{"@id":"https:\/\/www.welovecycling.com\/hu\/kozosseg-es-kultura\/hogyan-valassz-biciklis-kabatot-tavaszra\/#primaryimage"},"thumbnailUrl":"https:\/\/d2p6e6u75xmxt8.cloudfront.net\/12\/2022\/04\/Spring-cycling-profimedia-0673263054-CVR.jpg","datePublished":"2022-04-29T06:00:17+00:00","author":{"@id":"https:\/\/www.welovecycling.com\/hu\/#\/schema\/person\/414a2aebf1801691a5320edb6468e194"},"description":"\u00dcdv a szesz\u00e9lyes szezonban, emberek! Ez az \u00e9vnek az a v\u00e1ltoz\u00e9kony id\u0151szaka, amikor minden \u00fat tele van meglepet\u00e9ssel (vagy csak v\u00e9gig esik, az sem jobb). De persze nem panaszkodunk. Minden bizonnyal izgalmass\u00e1 teszi a dolgokat az id\u0151j\u00e1r\u00e1s, \u00e9s megfelel\u0151 felszerel\u00e9ssel m\u00e9g v\u00e9dekezhet\u00fcnk is ellene, \u00e9s ki\u00e9lvezhetj\u00fck a n\u00e9h\u00e1ny pillanatnyi naps\u00fct\u00e9st \u00e9s a friss leveg\u0151t.","breadcrumb":{"@id":"https:\/\/www.welovecycling.com\/hu\/kozosseg-es-kultura\/hogyan-valassz-biciklis-kabatot-tavaszra\/#breadcrumb"},"inLanguage":"hu","potentialAction":[{"@type":"ReadAction","target":["https:\/\/www.welovecycling.com\/hu\/kozosseg-es-kultura\/hogyan-valassz-biciklis-kabatot-tavaszra\/"]}]},{"@type":"ImageObject","inLanguage":"hu","@id":"https:\/\/www.welovecycling.com\/hu\/kozosseg-es-kultura\/hogyan-valassz-biciklis-kabatot-tavaszra\/#primaryimage","url":"https:\/\/d2p6e6u75xmxt8.cloudfront.net\/12\/2022\/04\/Spring-cycling-profimedia-0673263054-CVR.jpg","contentUrl":"https:\/\/d2p6e6u75xmxt8.cloudfront.net\/12\/2022\/04\/Spring-cycling-profimedia-0673263054-CVR.jpg","width":1366,"height":600,"caption":"Spring cycling"},{"@type":"BreadcrumbList","@id":"https:\/\/www.welovecycling.com\/hu\/kozosseg-es-kultura\/hogyan-valassz-biciklis-kabatot-tavaszra\/#breadcrumb","itemListElement":[{"@type":"ListItem","position":1,"name":"Home","item":"https:\/\/www.welovecycling.com\/hu\/"},{"@type":"ListItem","position":2,"name":"Hogyan v\u00e1lassz biciklis kab\u00e1tot tavaszra?"}]},{"@type":"WebSite","@id":"https:\/\/www.welovecycling.com\/hu\/#website","url":"https:\/\/www.welovecycling.com\/hu\/","name":"\u0160koda We Love Cycling - Magyarorsz\u00e1g","description":"\u0160koda WeLoveCycling","potentialAction":[{"@type":"SearchAction","target":{"@type":"EntryPoint","urlTemplate":"https:\/\/www.welovecycling.com\/hu\/?s={search_term_string}"},"query-input":{"@type":"PropertyValueSpecification","valueRequired":true,"valueName":"search_term_string"}}],"inLanguage":"hu"},{"@type":"Person","@id":"https:\/\/www.welovecycling.com\/hu\/#\/schema\/person\/414a2aebf1801691a5320edb6468e194","name":"hegyizs","image":{"@type":"ImageObject","inLanguage":"hu","@id":"https:\/\/www.welovecycling.com\/hu\/#\/schema\/person\/image\/","url":"https:\/\/secure.gravatar.com\/avatar\/02cf8a7906b8cf90cecb4679defac7cfd33a1c2e3b88e4903d947f3bb58eedd3?s=96&d=mm&r=g","contentUrl":"https:\/\/secure.gravatar.com\/avatar\/02cf8a7906b8cf90cecb4679defac7cfd33a1c2e3b88e4903d947f3bb58eedd3?s=96&d=mm&r=g","caption":"hegyizs"},"url":"https:\/\/www.welovecycling.com\/hu\/author\/hegyizs\/"}]}},"_links":{"self":[{"href":"https:\/\/www.welovecycling.com\/hu\/wp-json\/wp\/v2\/posts\/14676","targetHints":{"allow":["GET"]}}],"collection":[{"href":"https:\/\/www.welovecycling.com\/hu\/wp-json\/wp\/v2\/posts"}],"about":[{"href":"https:\/\/www.welovecycling.com\/hu\/wp-json\/wp\/v2\/types\/post"}],"author":[{"embeddable":true,"href":"https:\/\/www.welovecycling.com\/hu\/wp-json\/wp\/v2\/users\/71"}],"replies":[{"embeddable":true,"href":"https:\/\/www.welovecycling.com\/hu\/wp-json\/wp\/v2\/comments?post=14676"}],"version-history":[{"count":2,"href":"https:\/\/www.welovecycling.com\/hu\/wp-json\/wp\/v2\/posts\/14676\/revisions"}],"predecessor-version":[{"id":14692,"href":"https:\/\/www.welovecycling.com\/hu\/wp-json\/wp\/v2\/posts\/14676\/revisions\/14692"}],"wp:featuredmedia":[{"embeddable":true,"href":"https:\/\/www.welovecycling.com\/hu\/wp-json\/wp\/v2\/media\/14686"}],"wp:attachment":[{"href":"https:\/\/www.welovecycling.com\/hu\/wp-json\/wp\/v2\/media?parent=14676"}],"wp:term":[{"taxonomy":"category","embeddable":true,"href":"https:\/\/www.welovecycling.com\/hu\/wp-json\/wp\/v2\/categories?post=14676"},{"taxonomy":"post_tag","embeddable":true,"href":"https:\/\/www.welovecycling.com\/hu\/wp-json\/wp\/v2\/tags?post=14676"},{"taxonomy":"global-categories","embeddable":true,"href":"https:\/\/www.welovecycling.com\/hu\/wp-json\/wp\/v2\/global-categories?post=14676"}],"curies":[{"name":"wp","href":"https:\/\/api.w.org\/{rel}","templated":true}]}}