{"id":14672,"date":"2022-04-28T08:00:09","date_gmt":"2022-04-28T06:00:09","guid":{"rendered":"https:\/\/www.welovecycling.com\/hu\/?p=14672"},"modified":"2022-04-22T15:05:40","modified_gmt":"2022-04-22T13:05:40","slug":"fitnesz-kutyuk-jol-motivalnak","status":"publish","type":"post","link":"https:\/\/www.welovecycling.com\/hu\/edzes-es-eletmod\/fitnesz-kutyuk-jol-motivalnak\/","title":{"rendered":"Fitnesz k\u00fcty\u00fck \u2013 J\u00f3l motiv\u00e1lnak?"},"content":{"rendered":"<p><strong>El\u00e9g mag\u00e1t\u00f3l \u00e9rtet\u0151d\u0151nek t\u0171nik a v\u00e1lasz erre a k\u00e9rd\u00e9sre. A k\u00fcty\u00fck, melyek adatokat r\u00f6gz\u00edtenek a teljes\u00edtm\u00e9ny\u00fcnkr\u0151l, minden bizonnyal j\u00f3 motiv\u00e1l\u00f3 er\u0151t jelentenek, \u00e9s fontosabb\u00e1 teszik a fejl\u0151d\u00e9st. A probl\u00e9ma az, hogy nincs mindenkin\u00e9l \u00edgy. Kiket motiv\u00e1l \u00e9s kiket vethet vissza, ha t\u00fals\u00e1gosan r\u00e1f\u00fcgg az adatokra?<\/strong><\/p>\n<p><!--more--><\/p>\n<h2><strong>Az \u00fajdons\u00e1g ereje<\/strong><\/h2>\n<p>Abban mindannyian egyet\u00e9rt\u00fcnk, hogy egy \u00faj fitneszkark\u00f6t\u0151 mindig motiv\u00e1l. Az elej\u00e9n \u00e1lland\u00f3an rajtad van, megpr\u00f3b\u00e1lod \u00fajra \u00e9s \u00fajra megd\u00f6nteni az \u00f6sszes rekordodat \u00e9s plusz edz\u00e9sekre m\u00e9sz, csak hogy tele legyen a napt\u00e1r. A probl\u00e9ma az, hogy ez az \u00fajdons\u00e1g-\u00e9rzet el\u0151bb-ut\u00f3bb elkopik. Ezt bizony\u00edtja, hogy az embereknek mind\u00f6ssze kb. 10%-a haszn\u00e1lja egy \u00e9v ut\u00e1n is a k\u00fcty\u00fcj\u00e9t.<\/p>\n<figure id=\"attachment_14673\" aria-describedby=\"caption-attachment-14673\" style=\"width: 1250px\" class=\"wp-caption alignnone\"><a href=\"https:\/\/d2p6e6u75xmxt8.cloudfront.net\/12\/2022\/04\/Strava-profimedia-0536370223.jpg\"><img loading=\"lazy\" decoding=\"async\" class=\"wp-image-14673 size-full\" src=\"https:\/\/d2p6e6u75xmxt8.cloudfront.net\/12\/2022\/04\/Strava-profimedia-0536370223.jpg\" alt=\"Strava\" width=\"1250\" height=\"833\" srcset=\"https:\/\/d2p6e6u75xmxt8.cloudfront.net\/12\/2022\/04\/Strava-profimedia-0536370223.jpg 1250w, https:\/\/d2p6e6u75xmxt8.cloudfront.net\/12\/2022\/04\/Strava-profimedia-0536370223-300x200.jpg 300w, https:\/\/d2p6e6u75xmxt8.cloudfront.net\/12\/2022\/04\/Strava-profimedia-0536370223-1024x682.jpg 1024w, https:\/\/d2p6e6u75xmxt8.cloudfront.net\/12\/2022\/04\/Strava-profimedia-0536370223-768x512.jpg 768w, https:\/\/d2p6e6u75xmxt8.cloudfront.net\/12\/2022\/04\/Strava-profimedia-0536370223-272x182.jpg 272w\" sizes=\"auto, (max-width: 1250px) 100vw, 1250px\" \/><\/a><figcaption id=\"caption-attachment-14673\" class=\"wp-caption-text\"><em>A kutat\u00e1sok azt mutatj\u00e1k, hogy a hordhat\u00f3 fitnesz-eszk\u00f6z\u00f6k pontoss\u00e1g\u00e1t sz\u00e1mos t\u00e9nyez\u0151 befoly\u00e1solja. \u00a9 Profimedia<\/em><\/figcaption><\/figure>\n<h2><strong>Vannak, akiket motiv\u00e1lnak a sz\u00e1mok<\/strong><\/h2>\n<p>A j\u00f3 h\u00edr az, hogy egyes emberek sz\u00e1m\u00e1ra a k\u00fcty\u00fck \u00e1ltal szolg\u00e1ltatott adatok hossz\u00fa t\u00e1v\u00fa motiv\u00e1ci\u00f3t jelenthetnek. Sz\u00e1mos embert\u00edpus \u00e9s forgat\u00f3k\u00f6nyv l\u00e9tezik, ahol ez k\u00fcl\u00f6n\u00f6sen igaz.<\/p>\n<ul>\n<li>Sz\u00e1morient\u00e1lt ker\u00e9kp\u00e1rosok. Ha szereted a sz\u00e1mokat, \u00e9s nagyon analitikusan k\u00f6zel\u00edted meg az eg\u00e9szs\u00e9ges \u00e9letm\u00f3dot \u00e9s az edz\u00e9st, n\u00f6veli a motiv\u00e1ci\u00f3dat, ha t\u00f6bb adat \u00e1ll rendelkez\u00e9sedre.<\/li>\n<li>Ker\u00e9kp\u00e1rosok halad\u00f3 c\u00e9lokkal. Ha a versenyek teljes\u00edt\u00e9se nem el\u00e9g sz\u00e1modra, \u00e9s azon dolgozol, hogy a koroszt\u00e1lyodban nyerj, akkor a sz\u00e1mok seg\u00edthetnek jav\u00edtani az edz\u00e9seken \u00e9s egy kicsit jobb teljes\u00edtm\u00e9nyt ny\u00fajtani a verseny napj\u00e1n.<\/li>\n<\/ul>\n<p>\u00c9s vannak olyanok is, akiket bizonyos adatok motiv\u00e1lnak, de nem minden.<\/p>\n<ul>\n<li>Ker\u00e9kp\u00e1rosok egyszer\u0171bb c\u00e9lokkal. Ha szeretn\u00e9l jobban kin\u00e9zni vagy jobban \u00e9rezni magad, vagy r\u00e9sztvenni egy versenyen, n\u00e9h\u00e1ny alapvet\u0151 adat seg\u00edthet a fejl\u0151d\u00e9sben.<\/li>\n<li>Pozit\u00edv gondolkod\u00e1s\u00fa ker\u00e9kp\u00e1rosok. Az adatok elker\u00fclhetetlen\u00fcl kimutatj\u00e1k azt is, ha rosszul alszol, vagy a legut\u00f3bbi utad j\u00f3val lassabb volt a kor\u00e1bbiakn\u00e1l. Ha ez nem t\u00f6lt el negat\u00edv \u00e9rz\u00e9sekkel, hanem ink\u00e1bb arra sarkall, hogy v\u00e1ltoztass valamin, akkor profit\u00e1lhatsz az adatokb\u00f3l!<\/li>\n<\/ul>\n<h2><strong>T\u00e1rsadalmi aspektus<\/strong><\/h2>\n<p>A legt\u00f6bb appon \u00e9s eszk\u00f6z\u00f6n kereszt\u00fcl megoszthatod statisztik\u00e1idat a bar\u00e1taiddal. Egy ilyen k\u00f6z\u00f6ss\u00e9gi fel\u00fclet pedig nagy motiv\u00e1ci\u00f3t jelenthet. Ha l\u00e1tod, mit \u00e9s hogyan csin\u00e1lnak a bar\u00e1taid, az kihozhatja bel\u0151led a versenyszellemet. Hasonl\u00f3k\u00e9pp, ha a te teljes\u00edtm\u00e9nyedet k\u00f6vethetik m\u00e1sok nyomon, az n\u00f6veli a felel\u0151ss\u00e9get. Mind a kett\u0151 igen motiv\u00e1l\u00f3 lehet!<\/p>\n<h2><strong>Az ellenkez\u0151j\u00e9t is el\u00e9rhetik<\/strong><\/h2>\n<p>Sajnos nem mindenkinek tesz j\u00f3t, ha fitnesz k\u00fcty\u00fct haszn\u00e1l. Leggyakrabban akkor vesz\u00edthetsz a motiv\u00e1ci\u00f3db\u00f3l, ha el\u0151re meghat\u00e1rozott c\u00e9lokat t\u0171zt\u00e9l ki, mint p\u00e9ld\u00e1ul, hogy aludj x \u00f3r\u00e1t, k\u00f6vess egy el\u0151re kidolgozott edz\u00e9stervet vagy tekerj naponta valamennyi kilom\u00e9tert. Ha nehezen teljes\u00edthet\u0151ek ezek a feladatok, a k\u00fcty\u00fc csak ahhoz j\u00e1rul hozz\u00e1, hogy pontosan l\u00e1sd, mikor nem tetted meg, amit szerett\u00e9l volna. Ez pedig arra k\u00e9sztethet, hogy id\u0151 el\u0151tt feladd, ahelyett, hogy fokozatosan pr\u00f3b\u00e1ln\u00e1l fejl\u0151dni.<\/p>\n<p>De m\u00e9g akkor is gondot okozhat a sok adat, ha nincsenek ilyen c\u00e9ljaid. K\u00fcl\u00f6n\u00f6sen az al\u00e1bbi egy\u00e9neknek \u00e9rdemes meggondolni a k\u00fcty\u00fck haszn\u00e1lat\u00e1t:<\/p>\n<ul>\n<li>Azok a ker\u00e9kp\u00e1rosok, akik soha nem el\u00e9gedettek az eredm\u00e9nyeikkel, nem val\u00f3sz\u00edn\u0171, hogy motiv\u00e1l\u00f3nak tartj\u00e1k, ha az adatok megmutatj\u00e1k, mennyire t\u00f6k\u00e9letlenek.<\/li>\n<li>Azok a ker\u00e9kp\u00e1rosok, akik eg\u00e9szs\u00e9gtelen\u00fcl megsz\u00e1llottak. A t\u00f6bb adat csak er\u0151s\u00edtheti a f\u00fcgg\u0151s\u00e9get. \u00c9rdemes foglalkozni a probl\u00e9m\u00e1val, miel\u0151tt k\u00fcty\u00fch\u00f6z ny\u00falunk!<\/li>\n<li>Amat\u0151r biciklisek, akik el\u00e9gedetlenek magukkal, mert m\u00e9g nem \u00e9rtek el versenyen helyez\u00e9st. Re\u00e1lis elv\u00e1r\u00e1sokat kell fel\u00e9p\u00edtened, miel\u0151tt k\u00fcty\u00fct haszn\u00e1lsz.<\/li>\n<\/ul>\n<p>Ha ezek k\u00f6z\u00fcl egyik sem igaz r\u00e1d, \u00e9s \u00fagy gondolod, motiv\u00e1lnak a sz\u00e1mok, akkor v\u00e1gj bele! De mindig figyelj oda a jelekre, \u00e9s m\u00e9rlegeld, seg\u00edt, vagy ink\u00e1bb \u00e1rt, hogy folyton l\u00e1tod a teljes\u00edtm\u00e9nyedr\u0151l sz\u00f3l\u00f3 adatokat!<\/p>\n","protected":false},"excerpt":{"rendered":"<p>El\u00e9g mag\u00e1t\u00f3l \u00e9rtet\u0151d\u0151nek t\u0171nik a v\u00e1lasz erre a k\u00e9rd\u00e9sre. A k\u00fcty\u00fck, melyek adatokat r\u00f6gz\u00edtenek a teljes\u00edtm\u00e9ny\u00fcnkr\u0151l, minden bizonnyal j\u00f3 motiv\u00e1l\u00f3 [&hellip;]<\/p>\n","protected":false},"author":71,"featured_media":14675,"comment_status":"open","ping_status":"open","sticky":false,"template":"","format":"standard","meta":{"footnotes":""},"categories":[6],"tags":[],"global-categories":[],"class_list":["post-14672","post","type-post","status-publish","format-standard","has-post-thumbnail","hentry","category-edzes-es-eletmod"],"yoast_head":"<!-- This site is optimized with the Yoast SEO Premium plugin v25.3 (Yoast SEO v25.9) - https:\/\/yoast.com\/wordpress\/plugins\/seo\/ -->\n<title>Fitnesz k\u00fcty\u00fck \u2013 J\u00f3l motiv\u00e1lnak?<\/title>\n<meta name=\"description\" content=\"El\u00e9g mag\u00e1t\u00f3l \u00e9rtet\u0151d\u0151nek t\u0171nik a v\u00e1lasz erre a k\u00e9rd\u00e9sre. A k\u00fcty\u00fck, melyek adatokat r\u00f6gz\u00edtenek a teljes\u00edtm\u00e9ny\u00fcnkr\u0151l, minden bizonnyal j\u00f3 motiv\u00e1l\u00f3 er\u0151t jelentenek, \u00e9s fontosabb\u00e1 teszik a fejl\u0151d\u00e9st. A probl\u00e9ma az, hogy nincs mindenkin\u00e9l \u00edgy. Kiket motiv\u00e1l \u00e9s kiket vethet vissza, ha t\u00fals\u00e1gosan r\u00e1f\u00fcgg az adatokra?\" \/>\n<meta name=\"robots\" content=\"index, follow, max-snippet:-1, max-image-preview:large, max-video-preview:-1\" \/>\n<link rel=\"canonical\" href=\"https:\/\/www.welovecycling.com\/hu\/edzes-es-eletmod\/fitnesz-kutyuk-jol-motivalnak\/\" \/>\n<meta property=\"og:locale\" content=\"hu_HU\" \/>\n<meta property=\"og:type\" content=\"article\" \/>\n<meta property=\"og:title\" content=\"Fitnesz k\u00fcty\u00fck \u2013 J\u00f3l motiv\u00e1lnak?\" \/>\n<meta property=\"og:description\" content=\"El\u00e9g mag\u00e1t\u00f3l \u00e9rtet\u0151d\u0151nek t\u0171nik a v\u00e1lasz erre a k\u00e9rd\u00e9sre. A k\u00fcty\u00fck, melyek adatokat r\u00f6gz\u00edtenek a teljes\u00edtm\u00e9ny\u00fcnkr\u0151l, minden bizonnyal j\u00f3 motiv\u00e1l\u00f3 er\u0151t jelentenek, \u00e9s fontosabb\u00e1 teszik a fejl\u0151d\u00e9st. A probl\u00e9ma az, hogy nincs mindenkin\u00e9l \u00edgy. Kiket motiv\u00e1l \u00e9s kiket vethet vissza, ha t\u00fals\u00e1gosan r\u00e1f\u00fcgg az adatokra?\" \/>\n<meta property=\"og:url\" content=\"https:\/\/www.welovecycling.com\/hu\/edzes-es-eletmod\/fitnesz-kutyuk-jol-motivalnak\/\" \/>\n<meta property=\"og:site_name\" content=\"\u0160koda We Love Cycling - Magyarorsz\u00e1g\" \/>\n<meta property=\"article:publisher\" content=\"https:\/\/www.facebook.com\/WeLoveCyclingHungary\/\" \/>\n<meta property=\"article:published_time\" content=\"2022-04-28T06:00:09+00:00\" \/>\n<meta property=\"og:image\" content=\"https:\/\/d2p6e6u75xmxt8.cloudfront.net\/12\/2022\/04\/Cyclist-with-a-fitness-watch-profimedia-0624289033.jpg\" \/>\n\t<meta property=\"og:image:width\" content=\"1366\" \/>\n\t<meta property=\"og:image:height\" content=\"600\" \/>\n\t<meta property=\"og:image:type\" content=\"image\/jpeg\" \/>\n<meta name=\"author\" content=\"hegyizs\" \/>\n<meta name=\"twitter:card\" content=\"summary_large_image\" \/>\n<meta name=\"twitter:label1\" content=\"Written by\" \/>\n\t<meta name=\"twitter:data1\" content=\"Jiri Kaloc\" \/>\n\t<meta name=\"twitter:label2\" content=\"Est. reading time\" \/>\n\t<meta name=\"twitter:data2\" content=\"5\" \/>\n<script type=\"application\/ld+json\" class=\"yoast-schema-graph\">{\"@context\":\"https:\/\/schema.org\",\"@graph\":[{\"@type\":\"WebPage\",\"@id\":\"https:\/\/www.welovecycling.com\/hu\/edzes-es-eletmod\/fitnesz-kutyuk-jol-motivalnak\/\",\"url\":\"https:\/\/www.welovecycling.com\/hu\/edzes-es-eletmod\/fitnesz-kutyuk-jol-motivalnak\/\",\"name\":\"Fitnesz k\u00fcty\u00fck \u2013 J\u00f3l motiv\u00e1lnak?\",\"isPartOf\":{\"@id\":\"https:\/\/www.welovecycling.com\/hu\/#website\"},\"primaryImageOfPage\":{\"@id\":\"https:\/\/www.welovecycling.com\/hu\/edzes-es-eletmod\/fitnesz-kutyuk-jol-motivalnak\/#primaryimage\"},\"image\":{\"@id\":\"https:\/\/www.welovecycling.com\/hu\/edzes-es-eletmod\/fitnesz-kutyuk-jol-motivalnak\/#primaryimage\"},\"thumbnailUrl\":\"https:\/\/d2p6e6u75xmxt8.cloudfront.net\/12\/2022\/04\/Cyclist-with-a-fitness-watch-profimedia-0624289033.jpg\",\"datePublished\":\"2022-04-28T06:00:09+00:00\",\"author\":{\"@id\":\"https:\/\/www.welovecycling.com\/hu\/#\/schema\/person\/414a2aebf1801691a5320edb6468e194\"},\"description\":\"El\u00e9g mag\u00e1t\u00f3l \u00e9rtet\u0151d\u0151nek t\u0171nik a v\u00e1lasz erre a k\u00e9rd\u00e9sre. A k\u00fcty\u00fck, melyek adatokat r\u00f6gz\u00edtenek a teljes\u00edtm\u00e9ny\u00fcnkr\u0151l, minden bizonnyal j\u00f3 motiv\u00e1l\u00f3 er\u0151t jelentenek, \u00e9s fontosabb\u00e1 teszik a fejl\u0151d\u00e9st. A probl\u00e9ma az, hogy nincs mindenkin\u00e9l \u00edgy. Kiket motiv\u00e1l \u00e9s kiket vethet vissza, ha t\u00fals\u00e1gosan r\u00e1f\u00fcgg az adatokra?\",\"breadcrumb\":{\"@id\":\"https:\/\/www.welovecycling.com\/hu\/edzes-es-eletmod\/fitnesz-kutyuk-jol-motivalnak\/#breadcrumb\"},\"inLanguage\":\"hu\",\"potentialAction\":[{\"@type\":\"ReadAction\",\"target\":[\"https:\/\/www.welovecycling.com\/hu\/edzes-es-eletmod\/fitnesz-kutyuk-jol-motivalnak\/\"]}]},{\"@type\":\"ImageObject\",\"inLanguage\":\"hu\",\"@id\":\"https:\/\/www.welovecycling.com\/hu\/edzes-es-eletmod\/fitnesz-kutyuk-jol-motivalnak\/#primaryimage\",\"url\":\"https:\/\/d2p6e6u75xmxt8.cloudfront.net\/12\/2022\/04\/Cyclist-with-a-fitness-watch-profimedia-0624289033.jpg\",\"contentUrl\":\"https:\/\/d2p6e6u75xmxt8.cloudfront.net\/12\/2022\/04\/Cyclist-with-a-fitness-watch-profimedia-0624289033.jpg\",\"width\":1366,\"height\":600,\"caption\":\"Fitness tracker\"},{\"@type\":\"BreadcrumbList\",\"@id\":\"https:\/\/www.welovecycling.com\/hu\/edzes-es-eletmod\/fitnesz-kutyuk-jol-motivalnak\/#breadcrumb\",\"itemListElement\":[{\"@type\":\"ListItem\",\"position\":1,\"name\":\"Home\",\"item\":\"https:\/\/www.welovecycling.com\/hu\/\"},{\"@type\":\"ListItem\",\"position\":2,\"name\":\"Fitnesz k\u00fcty\u00fck \u2013 J\u00f3l motiv\u00e1lnak?\"}]},{\"@type\":\"WebSite\",\"@id\":\"https:\/\/www.welovecycling.com\/hu\/#website\",\"url\":\"https:\/\/www.welovecycling.com\/hu\/\",\"name\":\"\u0160koda We Love Cycling - Magyarorsz\u00e1g\",\"description\":\"\u0160koda WeLoveCycling\",\"potentialAction\":[{\"@type\":\"SearchAction\",\"target\":{\"@type\":\"EntryPoint\",\"urlTemplate\":\"https:\/\/www.welovecycling.com\/hu\/?s={search_term_string}\"},\"query-input\":{\"@type\":\"PropertyValueSpecification\",\"valueRequired\":true,\"valueName\":\"search_term_string\"}}],\"inLanguage\":\"hu\"},{\"@type\":\"Person\",\"@id\":\"https:\/\/www.welovecycling.com\/hu\/#\/schema\/person\/414a2aebf1801691a5320edb6468e194\",\"name\":\"hegyizs\",\"image\":{\"@type\":\"ImageObject\",\"inLanguage\":\"hu\",\"@id\":\"https:\/\/www.welovecycling.com\/hu\/#\/schema\/person\/image\/\",\"url\":\"https:\/\/secure.gravatar.com\/avatar\/02cf8a7906b8cf90cecb4679defac7cfd33a1c2e3b88e4903d947f3bb58eedd3?s=96&d=mm&r=g\",\"contentUrl\":\"https:\/\/secure.gravatar.com\/avatar\/02cf8a7906b8cf90cecb4679defac7cfd33a1c2e3b88e4903d947f3bb58eedd3?s=96&d=mm&r=g\",\"caption\":\"hegyizs\"},\"url\":\"https:\/\/www.welovecycling.com\/hu\/author\/hegyizs\/\"}]}<\/script>\n<!-- \/ Yoast SEO Premium plugin. -->","yoast_head_json":{"title":"Fitnesz k\u00fcty\u00fck \u2013 J\u00f3l motiv\u00e1lnak?","description":"El\u00e9g mag\u00e1t\u00f3l \u00e9rtet\u0151d\u0151nek t\u0171nik a v\u00e1lasz erre a k\u00e9rd\u00e9sre. A k\u00fcty\u00fck, melyek adatokat r\u00f6gz\u00edtenek a teljes\u00edtm\u00e9ny\u00fcnkr\u0151l, minden bizonnyal j\u00f3 motiv\u00e1l\u00f3 er\u0151t jelentenek, \u00e9s fontosabb\u00e1 teszik a fejl\u0151d\u00e9st. A probl\u00e9ma az, hogy nincs mindenkin\u00e9l \u00edgy. Kiket motiv\u00e1l \u00e9s kiket vethet vissza, ha t\u00fals\u00e1gosan r\u00e1f\u00fcgg az adatokra?","robots":{"index":"index","follow":"follow","max-snippet":"max-snippet:-1","max-image-preview":"max-image-preview:large","max-video-preview":"max-video-preview:-1"},"canonical":"https:\/\/www.welovecycling.com\/hu\/edzes-es-eletmod\/fitnesz-kutyuk-jol-motivalnak\/","og_locale":"hu_HU","og_type":"article","og_title":"Fitnesz k\u00fcty\u00fck \u2013 J\u00f3l motiv\u00e1lnak?","og_description":"El\u00e9g mag\u00e1t\u00f3l \u00e9rtet\u0151d\u0151nek t\u0171nik a v\u00e1lasz erre a k\u00e9rd\u00e9sre. A k\u00fcty\u00fck, melyek adatokat r\u00f6gz\u00edtenek a teljes\u00edtm\u00e9ny\u00fcnkr\u0151l, minden bizonnyal j\u00f3 motiv\u00e1l\u00f3 er\u0151t jelentenek, \u00e9s fontosabb\u00e1 teszik a fejl\u0151d\u00e9st. A probl\u00e9ma az, hogy nincs mindenkin\u00e9l \u00edgy. Kiket motiv\u00e1l \u00e9s kiket vethet vissza, ha t\u00fals\u00e1gosan r\u00e1f\u00fcgg az adatokra?","og_url":"https:\/\/www.welovecycling.com\/hu\/edzes-es-eletmod\/fitnesz-kutyuk-jol-motivalnak\/","og_site_name":"\u0160koda We Love Cycling - Magyarorsz\u00e1g","article_publisher":"https:\/\/www.facebook.com\/WeLoveCyclingHungary\/","article_published_time":"2022-04-28T06:00:09+00:00","og_image":[{"width":1366,"height":600,"url":"https:\/\/d2p6e6u75xmxt8.cloudfront.net\/12\/2022\/04\/Cyclist-with-a-fitness-watch-profimedia-0624289033.jpg","type":"image\/jpeg"}],"author":"hegyizs","twitter_card":"summary_large_image","twitter_misc":{"Written by":"Jiri Kaloc","Est. reading time":"5"},"schema":{"@context":"https:\/\/schema.org","@graph":[{"@type":"WebPage","@id":"https:\/\/www.welovecycling.com\/hu\/edzes-es-eletmod\/fitnesz-kutyuk-jol-motivalnak\/","url":"https:\/\/www.welovecycling.com\/hu\/edzes-es-eletmod\/fitnesz-kutyuk-jol-motivalnak\/","name":"Fitnesz k\u00fcty\u00fck \u2013 J\u00f3l motiv\u00e1lnak?","isPartOf":{"@id":"https:\/\/www.welovecycling.com\/hu\/#website"},"primaryImageOfPage":{"@id":"https:\/\/www.welovecycling.com\/hu\/edzes-es-eletmod\/fitnesz-kutyuk-jol-motivalnak\/#primaryimage"},"image":{"@id":"https:\/\/www.welovecycling.com\/hu\/edzes-es-eletmod\/fitnesz-kutyuk-jol-motivalnak\/#primaryimage"},"thumbnailUrl":"https:\/\/d2p6e6u75xmxt8.cloudfront.net\/12\/2022\/04\/Cyclist-with-a-fitness-watch-profimedia-0624289033.jpg","datePublished":"2022-04-28T06:00:09+00:00","author":{"@id":"https:\/\/www.welovecycling.com\/hu\/#\/schema\/person\/414a2aebf1801691a5320edb6468e194"},"description":"El\u00e9g mag\u00e1t\u00f3l \u00e9rtet\u0151d\u0151nek t\u0171nik a v\u00e1lasz erre a k\u00e9rd\u00e9sre. A k\u00fcty\u00fck, melyek adatokat r\u00f6gz\u00edtenek a teljes\u00edtm\u00e9ny\u00fcnkr\u0151l, minden bizonnyal j\u00f3 motiv\u00e1l\u00f3 er\u0151t jelentenek, \u00e9s fontosabb\u00e1 teszik a fejl\u0151d\u00e9st. A probl\u00e9ma az, hogy nincs mindenkin\u00e9l \u00edgy. Kiket motiv\u00e1l \u00e9s kiket vethet vissza, ha t\u00fals\u00e1gosan r\u00e1f\u00fcgg az adatokra?","breadcrumb":{"@id":"https:\/\/www.welovecycling.com\/hu\/edzes-es-eletmod\/fitnesz-kutyuk-jol-motivalnak\/#breadcrumb"},"inLanguage":"hu","potentialAction":[{"@type":"ReadAction","target":["https:\/\/www.welovecycling.com\/hu\/edzes-es-eletmod\/fitnesz-kutyuk-jol-motivalnak\/"]}]},{"@type":"ImageObject","inLanguage":"hu","@id":"https:\/\/www.welovecycling.com\/hu\/edzes-es-eletmod\/fitnesz-kutyuk-jol-motivalnak\/#primaryimage","url":"https:\/\/d2p6e6u75xmxt8.cloudfront.net\/12\/2022\/04\/Cyclist-with-a-fitness-watch-profimedia-0624289033.jpg","contentUrl":"https:\/\/d2p6e6u75xmxt8.cloudfront.net\/12\/2022\/04\/Cyclist-with-a-fitness-watch-profimedia-0624289033.jpg","width":1366,"height":600,"caption":"Fitness tracker"},{"@type":"BreadcrumbList","@id":"https:\/\/www.welovecycling.com\/hu\/edzes-es-eletmod\/fitnesz-kutyuk-jol-motivalnak\/#breadcrumb","itemListElement":[{"@type":"ListItem","position":1,"name":"Home","item":"https:\/\/www.welovecycling.com\/hu\/"},{"@type":"ListItem","position":2,"name":"Fitnesz k\u00fcty\u00fck \u2013 J\u00f3l motiv\u00e1lnak?"}]},{"@type":"WebSite","@id":"https:\/\/www.welovecycling.com\/hu\/#website","url":"https:\/\/www.welovecycling.com\/hu\/","name":"\u0160koda We Love Cycling - Magyarorsz\u00e1g","description":"\u0160koda WeLoveCycling","potentialAction":[{"@type":"SearchAction","target":{"@type":"EntryPoint","urlTemplate":"https:\/\/www.welovecycling.com\/hu\/?s={search_term_string}"},"query-input":{"@type":"PropertyValueSpecification","valueRequired":true,"valueName":"search_term_string"}}],"inLanguage":"hu"},{"@type":"Person","@id":"https:\/\/www.welovecycling.com\/hu\/#\/schema\/person\/414a2aebf1801691a5320edb6468e194","name":"hegyizs","image":{"@type":"ImageObject","inLanguage":"hu","@id":"https:\/\/www.welovecycling.com\/hu\/#\/schema\/person\/image\/","url":"https:\/\/secure.gravatar.com\/avatar\/02cf8a7906b8cf90cecb4679defac7cfd33a1c2e3b88e4903d947f3bb58eedd3?s=96&d=mm&r=g","contentUrl":"https:\/\/secure.gravatar.com\/avatar\/02cf8a7906b8cf90cecb4679defac7cfd33a1c2e3b88e4903d947f3bb58eedd3?s=96&d=mm&r=g","caption":"hegyizs"},"url":"https:\/\/www.welovecycling.com\/hu\/author\/hegyizs\/"}]}},"_links":{"self":[{"href":"https:\/\/www.welovecycling.com\/hu\/wp-json\/wp\/v2\/posts\/14672","targetHints":{"allow":["GET"]}}],"collection":[{"href":"https:\/\/www.welovecycling.com\/hu\/wp-json\/wp\/v2\/posts"}],"about":[{"href":"https:\/\/www.welovecycling.com\/hu\/wp-json\/wp\/v2\/types\/post"}],"author":[{"embeddable":true,"href":"https:\/\/www.welovecycling.com\/hu\/wp-json\/wp\/v2\/users\/71"}],"replies":[{"embeddable":true,"href":"https:\/\/www.welovecycling.com\/hu\/wp-json\/wp\/v2\/comments?post=14672"}],"version-history":[{"count":2,"href":"https:\/\/www.welovecycling.com\/hu\/wp-json\/wp\/v2\/posts\/14672\/revisions"}],"predecessor-version":[{"id":14691,"href":"https:\/\/www.welovecycling.com\/hu\/wp-json\/wp\/v2\/posts\/14672\/revisions\/14691"}],"wp:featuredmedia":[{"embeddable":true,"href":"https:\/\/www.welovecycling.com\/hu\/wp-json\/wp\/v2\/media\/14675"}],"wp:attachment":[{"href":"https:\/\/www.welovecycling.com\/hu\/wp-json\/wp\/v2\/media?parent=14672"}],"wp:term":[{"taxonomy":"category","embeddable":true,"href":"https:\/\/www.welovecycling.com\/hu\/wp-json\/wp\/v2\/categories?post=14672"},{"taxonomy":"post_tag","embeddable":true,"href":"https:\/\/www.welovecycling.com\/hu\/wp-json\/wp\/v2\/tags?post=14672"},{"taxonomy":"global-categories","embeddable":true,"href":"https:\/\/www.welovecycling.com\/hu\/wp-json\/wp\/v2\/global-categories?post=14672"}],"curies":[{"name":"wp","href":"https:\/\/api.w.org\/{rel}","templated":true}]}}