{"id":14665,"date":"2022-04-26T08:00:09","date_gmt":"2022-04-26T06:00:09","guid":{"rendered":"https:\/\/www.welovecycling.com\/hu\/?p=14665"},"modified":"2022-04-22T15:04:28","modified_gmt":"2022-04-22T13:04:28","slug":"meg-sosem-voltak-ennyire-jok-a-parizs-roubaix-macskakovei","status":"publish","type":"post","link":"https:\/\/www.welovecycling.com\/hu\/orszaguti-kerekpar\/meg-sosem-voltak-ennyire-jok-a-parizs-roubaix-macskakovei\/","title":{"rendered":"M\u00e9g sosem voltak ennyire j\u00f3k a P\u00e1rizs-Roubaix macskak\u00f6vei"},"content":{"rendered":"<p><strong>A Paris-Roubaix versenyigazgat\u00f3ja, Thierry Gouvenou hagyom\u00e1nyos felder\u00edt\u00e9s\u00e9t v\u00e9gezte a h\u00edres Classic el\u0151tt, amikor meglepve tapasztalta, hogy a macskak\u00f6ves mez\u0151gazd\u00e1s\u00e1gi utak nincsenek is olyan rossz \u00e1llapotban. Az ASO m\u00e9g egy csillagot is levont a 2022-es verseny neh\u00e9zs\u00e9gi szintj\u00e9b\u0151l.<\/strong><!--more--><\/p>\n<p>Az elvesztett csillag az utols\u00f3 el\u0151tti szakasznak k\u00f6sz\u00f6nhet\u0151 \u2013 Willemst\u0151l Hemig -, amit nemr\u00e9g \u00faj\u00edtottak fel.<\/p>\n<p><em>\u201eNem eml\u00e9kszem, hogy a macskak\u00f6vek valaha is ilyen sz\u00e1razak \u00e9s j\u00f3k lettek volna<\/em>\u201d \u2013 mondta a rajt el\u0151tt. <em>\u201eKiv\u00e9telesen ki vannak sz\u00e1radva! \u00c1ltal\u00e1ban a verseny el\u0151tt m\u00e9g finomhangolni kell a terepet, de most nem ez a helyzet.\u201d<\/em><\/p>\n<figure id=\"attachment_14666\" aria-describedby=\"caption-attachment-14666\" style=\"width: 800px\" class=\"wp-caption alignnone\"><a href=\"https:\/\/d2p6e6u75xmxt8.cloudfront.net\/12\/2022\/04\/QQ1.jpg\"><img loading=\"lazy\" decoding=\"async\" class=\"size-full wp-image-14666\" src=\"https:\/\/d2p6e6u75xmxt8.cloudfront.net\/12\/2022\/04\/QQ1.jpg\" alt=\"\" width=\"800\" height=\"533\" srcset=\"https:\/\/d2p6e6u75xmxt8.cloudfront.net\/12\/2022\/04\/QQ1.jpg 800w, https:\/\/d2p6e6u75xmxt8.cloudfront.net\/12\/2022\/04\/QQ1-300x200.jpg 300w, https:\/\/d2p6e6u75xmxt8.cloudfront.net\/12\/2022\/04\/QQ1-768x512.jpg 768w, https:\/\/d2p6e6u75xmxt8.cloudfront.net\/12\/2022\/04\/QQ1-272x182.jpg 272w\" sizes=\"auto, (max-width: 800px) 100vw, 800px\" \/><\/a><figcaption id=\"caption-attachment-14666\" class=\"wp-caption-text\"><em>A Tour de France versenyigazgat\u00f3ja, Thierry Gouvenou (balra) v\u00e1rja a Tour de France 107. ker\u00e9kp\u00e1rverseny 10. szakasz\u00e1nak rajtj\u00e1t, 2020. szeptember 8-\u00e1n. \u00a9 Profimedia<\/em><\/figcaption><\/figure>\n<p>A sz\u00e1razs\u00e1g \u00e9les ellent\u00e9tben \u00e1ll a tavalyi k\u00f6r\u00fclm\u00e9nyekkel, amikoris a macskak\u00f6veket vastag, s\u0171r\u0171 s\u00e1r bor\u00edtotta, ami a verseny t\u00f6rt\u00e9net\u00e9nek egyik legepikusabb megm\u00e9rettet\u00e9s\u00e9t hozta el. Id\u00e9n azonban ink\u00e1bb a por jelentette a neh\u00e9zs\u00e9geket.<\/p>\n<p>\u201eTal\u00e1n m\u00e9g sosem volt ilyen sz\u00e9pen rendezett, sz\u00e1raz az \u00fatvonal\u201d &#8211; mondta Gouvenou a Sporza szerint. \u201eMost learathattuk az okt\u00f3beri munk\u00e1nk gy\u00fcm\u00f6lcs\u00e9t.\u201d<\/p>\n<p>A verseny persze \u00edgy sem volt k\u00f6nny\u0171. <a href=\"https:\/\/www.welovecycling.com\/hu\/orszaguti-kerekpar\/amit-nem-felejtunk-el-a-2022-es-parizs-roubaix-versenyrol\/\"><u>Olvasd el, hogy zajlott!<\/u><\/a><\/p>\n","protected":false},"excerpt":{"rendered":"<p>A Paris-Roubaix versenyigazgat\u00f3ja, Thierry Gouvenou hagyom\u00e1nyos felder\u00edt\u00e9s\u00e9t v\u00e9gezte a h\u00edres Classic el\u0151tt, amikor meglepve tapasztalta, hogy a macskak\u00f6ves mez\u0151gazd\u00e1s\u00e1gi utak [&hellip;]<\/p>\n","protected":false},"author":71,"featured_media":14668,"comment_status":"open","ping_status":"open","sticky":false,"template":"","format":"standard","meta":{"footnotes":""},"categories":[8],"tags":[],"global-categories":[],"class_list":["post-14665","post","type-post","status-publish","format-standard","has-post-thumbnail","hentry","category-orszaguti-kerekpar"],"yoast_head":"<!-- This site is optimized with the Yoast SEO Premium plugin v25.3 (Yoast SEO v25.9) - https:\/\/yoast.com\/wordpress\/plugins\/seo\/ -->\n<title>M\u00e9g sosem voltak ennyire j\u00f3k a P\u00e1rizs-Roubaix macskak\u00f6vei<\/title>\n<meta name=\"description\" content=\"A Paris-Roubaix versenyigazgat\u00f3ja, Thierry Gouvenou hagyom\u00e1nyos felder\u00edt\u00e9s\u00e9t v\u00e9gezte a h\u00edres Classic el\u0151tt, amikor meglepve tapasztalta, hogy a macskak\u00f6ves mez\u0151gazd\u00e1s\u00e1gi utak nincsenek is olyan rossz \u00e1llapotban. Az ASO m\u00e9g egy csillagot is levont a 2022-es verseny neh\u00e9zs\u00e9gi szintj\u00e9b\u0151l.\" \/>\n<meta name=\"robots\" content=\"index, follow, max-snippet:-1, max-image-preview:large, max-video-preview:-1\" \/>\n<link rel=\"canonical\" href=\"https:\/\/www.welovecycling.com\/hu\/orszaguti-kerekpar\/meg-sosem-voltak-ennyire-jok-a-parizs-roubaix-macskakovei\/\" \/>\n<meta property=\"og:locale\" content=\"hu_HU\" \/>\n<meta property=\"og:type\" content=\"article\" \/>\n<meta property=\"og:title\" content=\"M\u00e9g sosem voltak ennyire j\u00f3k a P\u00e1rizs-Roubaix macskak\u00f6vei\" \/>\n<meta property=\"og:description\" content=\"A Paris-Roubaix versenyigazgat\u00f3ja, Thierry Gouvenou hagyom\u00e1nyos felder\u00edt\u00e9s\u00e9t v\u00e9gezte a h\u00edres Classic el\u0151tt, amikor meglepve tapasztalta, hogy a macskak\u00f6ves mez\u0151gazd\u00e1s\u00e1gi utak nincsenek is olyan rossz \u00e1llapotban. Az ASO m\u00e9g egy csillagot is levont a 2022-es verseny neh\u00e9zs\u00e9gi szintj\u00e9b\u0151l.\" \/>\n<meta property=\"og:url\" content=\"https:\/\/www.welovecycling.com\/hu\/orszaguti-kerekpar\/meg-sosem-voltak-ennyire-jok-a-parizs-roubaix-macskakovei\/\" \/>\n<meta property=\"og:site_name\" content=\"\u0160koda We Love Cycling - Magyarorsz\u00e1g\" \/>\n<meta property=\"article:publisher\" content=\"https:\/\/www.facebook.com\/WeLoveCyclingHungary\/\" \/>\n<meta property=\"article:published_time\" content=\"2022-04-26T06:00:09+00:00\" \/>\n<meta property=\"og:image\" content=\"https:\/\/d2p6e6u75xmxt8.cloudfront.net\/12\/2022\/04\/qq.jpg\" \/>\n\t<meta property=\"og:image:width\" content=\"1366\" \/>\n\t<meta property=\"og:image:height\" content=\"600\" \/>\n\t<meta property=\"og:image:type\" content=\"image\/jpeg\" \/>\n<meta name=\"author\" content=\"hegyizs\" \/>\n<meta name=\"twitter:card\" content=\"summary_large_image\" \/>\n<meta name=\"twitter:label1\" content=\"Written by\" \/>\n\t<meta name=\"twitter:data1\" content=\"Monica Buck\" \/>\n\t<meta name=\"twitter:label2\" content=\"Est. reading time\" \/>\n\t<meta name=\"twitter:data2\" content=\"2\" \/>\n<script type=\"application\/ld+json\" class=\"yoast-schema-graph\">{\"@context\":\"https:\/\/schema.org\",\"@graph\":[{\"@type\":\"WebPage\",\"@id\":\"https:\/\/www.welovecycling.com\/hu\/orszaguti-kerekpar\/meg-sosem-voltak-ennyire-jok-a-parizs-roubaix-macskakovei\/\",\"url\":\"https:\/\/www.welovecycling.com\/hu\/orszaguti-kerekpar\/meg-sosem-voltak-ennyire-jok-a-parizs-roubaix-macskakovei\/\",\"name\":\"M\u00e9g sosem voltak ennyire j\u00f3k a P\u00e1rizs-Roubaix macskak\u00f6vei\",\"isPartOf\":{\"@id\":\"https:\/\/www.welovecycling.com\/hu\/#website\"},\"primaryImageOfPage\":{\"@id\":\"https:\/\/www.welovecycling.com\/hu\/orszaguti-kerekpar\/meg-sosem-voltak-ennyire-jok-a-parizs-roubaix-macskakovei\/#primaryimage\"},\"image\":{\"@id\":\"https:\/\/www.welovecycling.com\/hu\/orszaguti-kerekpar\/meg-sosem-voltak-ennyire-jok-a-parizs-roubaix-macskakovei\/#primaryimage\"},\"thumbnailUrl\":\"https:\/\/d2p6e6u75xmxt8.cloudfront.net\/12\/2022\/04\/qq.jpg\",\"datePublished\":\"2022-04-26T06:00:09+00:00\",\"author\":{\"@id\":\"https:\/\/www.welovecycling.com\/hu\/#\/schema\/person\/414a2aebf1801691a5320edb6468e194\"},\"description\":\"A Paris-Roubaix versenyigazgat\u00f3ja, Thierry Gouvenou hagyom\u00e1nyos felder\u00edt\u00e9s\u00e9t v\u00e9gezte a h\u00edres Classic el\u0151tt, amikor meglepve tapasztalta, hogy a macskak\u00f6ves mez\u0151gazd\u00e1s\u00e1gi utak nincsenek is olyan rossz \u00e1llapotban. Az ASO m\u00e9g egy csillagot is levont a 2022-es verseny neh\u00e9zs\u00e9gi szintj\u00e9b\u0151l.\",\"breadcrumb\":{\"@id\":\"https:\/\/www.welovecycling.com\/hu\/orszaguti-kerekpar\/meg-sosem-voltak-ennyire-jok-a-parizs-roubaix-macskakovei\/#breadcrumb\"},\"inLanguage\":\"hu\",\"potentialAction\":[{\"@type\":\"ReadAction\",\"target\":[\"https:\/\/www.welovecycling.com\/hu\/orszaguti-kerekpar\/meg-sosem-voltak-ennyire-jok-a-parizs-roubaix-macskakovei\/\"]}]},{\"@type\":\"ImageObject\",\"inLanguage\":\"hu\",\"@id\":\"https:\/\/www.welovecycling.com\/hu\/orszaguti-kerekpar\/meg-sosem-voltak-ennyire-jok-a-parizs-roubaix-macskakovei\/#primaryimage\",\"url\":\"https:\/\/d2p6e6u75xmxt8.cloudfront.net\/12\/2022\/04\/qq.jpg\",\"contentUrl\":\"https:\/\/d2p6e6u75xmxt8.cloudfront.net\/12\/2022\/04\/qq.jpg\",\"width\":1366,\"height\":600},{\"@type\":\"BreadcrumbList\",\"@id\":\"https:\/\/www.welovecycling.com\/hu\/orszaguti-kerekpar\/meg-sosem-voltak-ennyire-jok-a-parizs-roubaix-macskakovei\/#breadcrumb\",\"itemListElement\":[{\"@type\":\"ListItem\",\"position\":1,\"name\":\"Home\",\"item\":\"https:\/\/www.welovecycling.com\/hu\/\"},{\"@type\":\"ListItem\",\"position\":2,\"name\":\"M\u00e9g sosem voltak ennyire j\u00f3k a P\u00e1rizs-Roubaix macskak\u00f6vei\"}]},{\"@type\":\"WebSite\",\"@id\":\"https:\/\/www.welovecycling.com\/hu\/#website\",\"url\":\"https:\/\/www.welovecycling.com\/hu\/\",\"name\":\"\u0160koda We Love Cycling - Magyarorsz\u00e1g\",\"description\":\"\u0160koda WeLoveCycling\",\"potentialAction\":[{\"@type\":\"SearchAction\",\"target\":{\"@type\":\"EntryPoint\",\"urlTemplate\":\"https:\/\/www.welovecycling.com\/hu\/?s={search_term_string}\"},\"query-input\":{\"@type\":\"PropertyValueSpecification\",\"valueRequired\":true,\"valueName\":\"search_term_string\"}}],\"inLanguage\":\"hu\"},{\"@type\":\"Person\",\"@id\":\"https:\/\/www.welovecycling.com\/hu\/#\/schema\/person\/414a2aebf1801691a5320edb6468e194\",\"name\":\"hegyizs\",\"image\":{\"@type\":\"ImageObject\",\"inLanguage\":\"hu\",\"@id\":\"https:\/\/www.welovecycling.com\/hu\/#\/schema\/person\/image\/\",\"url\":\"https:\/\/secure.gravatar.com\/avatar\/02cf8a7906b8cf90cecb4679defac7cfd33a1c2e3b88e4903d947f3bb58eedd3?s=96&d=mm&r=g\",\"contentUrl\":\"https:\/\/secure.gravatar.com\/avatar\/02cf8a7906b8cf90cecb4679defac7cfd33a1c2e3b88e4903d947f3bb58eedd3?s=96&d=mm&r=g\",\"caption\":\"hegyizs\"},\"url\":\"https:\/\/www.welovecycling.com\/hu\/author\/hegyizs\/\"}]}<\/script>\n<!-- \/ Yoast SEO Premium plugin. -->","yoast_head_json":{"title":"M\u00e9g sosem voltak ennyire j\u00f3k a P\u00e1rizs-Roubaix macskak\u00f6vei","description":"A Paris-Roubaix versenyigazgat\u00f3ja, Thierry Gouvenou hagyom\u00e1nyos felder\u00edt\u00e9s\u00e9t v\u00e9gezte a h\u00edres Classic el\u0151tt, amikor meglepve tapasztalta, hogy a macskak\u00f6ves mez\u0151gazd\u00e1s\u00e1gi utak nincsenek is olyan rossz \u00e1llapotban. Az ASO m\u00e9g egy csillagot is levont a 2022-es verseny neh\u00e9zs\u00e9gi szintj\u00e9b\u0151l.","robots":{"index":"index","follow":"follow","max-snippet":"max-snippet:-1","max-image-preview":"max-image-preview:large","max-video-preview":"max-video-preview:-1"},"canonical":"https:\/\/www.welovecycling.com\/hu\/orszaguti-kerekpar\/meg-sosem-voltak-ennyire-jok-a-parizs-roubaix-macskakovei\/","og_locale":"hu_HU","og_type":"article","og_title":"M\u00e9g sosem voltak ennyire j\u00f3k a P\u00e1rizs-Roubaix macskak\u00f6vei","og_description":"A Paris-Roubaix versenyigazgat\u00f3ja, Thierry Gouvenou hagyom\u00e1nyos felder\u00edt\u00e9s\u00e9t v\u00e9gezte a h\u00edres Classic el\u0151tt, amikor meglepve tapasztalta, hogy a macskak\u00f6ves mez\u0151gazd\u00e1s\u00e1gi utak nincsenek is olyan rossz \u00e1llapotban. Az ASO m\u00e9g egy csillagot is levont a 2022-es verseny neh\u00e9zs\u00e9gi szintj\u00e9b\u0151l.","og_url":"https:\/\/www.welovecycling.com\/hu\/orszaguti-kerekpar\/meg-sosem-voltak-ennyire-jok-a-parizs-roubaix-macskakovei\/","og_site_name":"\u0160koda We Love Cycling - Magyarorsz\u00e1g","article_publisher":"https:\/\/www.facebook.com\/WeLoveCyclingHungary\/","article_published_time":"2022-04-26T06:00:09+00:00","og_image":[{"width":1366,"height":600,"url":"https:\/\/d2p6e6u75xmxt8.cloudfront.net\/12\/2022\/04\/qq.jpg","type":"image\/jpeg"}],"author":"hegyizs","twitter_card":"summary_large_image","twitter_misc":{"Written by":"Monica Buck","Est. reading time":"2"},"schema":{"@context":"https:\/\/schema.org","@graph":[{"@type":"WebPage","@id":"https:\/\/www.welovecycling.com\/hu\/orszaguti-kerekpar\/meg-sosem-voltak-ennyire-jok-a-parizs-roubaix-macskakovei\/","url":"https:\/\/www.welovecycling.com\/hu\/orszaguti-kerekpar\/meg-sosem-voltak-ennyire-jok-a-parizs-roubaix-macskakovei\/","name":"M\u00e9g sosem voltak ennyire j\u00f3k a P\u00e1rizs-Roubaix macskak\u00f6vei","isPartOf":{"@id":"https:\/\/www.welovecycling.com\/hu\/#website"},"primaryImageOfPage":{"@id":"https:\/\/www.welovecycling.com\/hu\/orszaguti-kerekpar\/meg-sosem-voltak-ennyire-jok-a-parizs-roubaix-macskakovei\/#primaryimage"},"image":{"@id":"https:\/\/www.welovecycling.com\/hu\/orszaguti-kerekpar\/meg-sosem-voltak-ennyire-jok-a-parizs-roubaix-macskakovei\/#primaryimage"},"thumbnailUrl":"https:\/\/d2p6e6u75xmxt8.cloudfront.net\/12\/2022\/04\/qq.jpg","datePublished":"2022-04-26T06:00:09+00:00","author":{"@id":"https:\/\/www.welovecycling.com\/hu\/#\/schema\/person\/414a2aebf1801691a5320edb6468e194"},"description":"A Paris-Roubaix versenyigazgat\u00f3ja, Thierry Gouvenou hagyom\u00e1nyos felder\u00edt\u00e9s\u00e9t v\u00e9gezte a h\u00edres Classic el\u0151tt, amikor meglepve tapasztalta, hogy a macskak\u00f6ves mez\u0151gazd\u00e1s\u00e1gi utak nincsenek is olyan rossz \u00e1llapotban. Az ASO m\u00e9g egy csillagot is levont a 2022-es verseny neh\u00e9zs\u00e9gi szintj\u00e9b\u0151l.","breadcrumb":{"@id":"https:\/\/www.welovecycling.com\/hu\/orszaguti-kerekpar\/meg-sosem-voltak-ennyire-jok-a-parizs-roubaix-macskakovei\/#breadcrumb"},"inLanguage":"hu","potentialAction":[{"@type":"ReadAction","target":["https:\/\/www.welovecycling.com\/hu\/orszaguti-kerekpar\/meg-sosem-voltak-ennyire-jok-a-parizs-roubaix-macskakovei\/"]}]},{"@type":"ImageObject","inLanguage":"hu","@id":"https:\/\/www.welovecycling.com\/hu\/orszaguti-kerekpar\/meg-sosem-voltak-ennyire-jok-a-parizs-roubaix-macskakovei\/#primaryimage","url":"https:\/\/d2p6e6u75xmxt8.cloudfront.net\/12\/2022\/04\/qq.jpg","contentUrl":"https:\/\/d2p6e6u75xmxt8.cloudfront.net\/12\/2022\/04\/qq.jpg","width":1366,"height":600},{"@type":"BreadcrumbList","@id":"https:\/\/www.welovecycling.com\/hu\/orszaguti-kerekpar\/meg-sosem-voltak-ennyire-jok-a-parizs-roubaix-macskakovei\/#breadcrumb","itemListElement":[{"@type":"ListItem","position":1,"name":"Home","item":"https:\/\/www.welovecycling.com\/hu\/"},{"@type":"ListItem","position":2,"name":"M\u00e9g sosem voltak ennyire j\u00f3k a P\u00e1rizs-Roubaix macskak\u00f6vei"}]},{"@type":"WebSite","@id":"https:\/\/www.welovecycling.com\/hu\/#website","url":"https:\/\/www.welovecycling.com\/hu\/","name":"\u0160koda We Love Cycling - Magyarorsz\u00e1g","description":"\u0160koda WeLoveCycling","potentialAction":[{"@type":"SearchAction","target":{"@type":"EntryPoint","urlTemplate":"https:\/\/www.welovecycling.com\/hu\/?s={search_term_string}"},"query-input":{"@type":"PropertyValueSpecification","valueRequired":true,"valueName":"search_term_string"}}],"inLanguage":"hu"},{"@type":"Person","@id":"https:\/\/www.welovecycling.com\/hu\/#\/schema\/person\/414a2aebf1801691a5320edb6468e194","name":"hegyizs","image":{"@type":"ImageObject","inLanguage":"hu","@id":"https:\/\/www.welovecycling.com\/hu\/#\/schema\/person\/image\/","url":"https:\/\/secure.gravatar.com\/avatar\/02cf8a7906b8cf90cecb4679defac7cfd33a1c2e3b88e4903d947f3bb58eedd3?s=96&d=mm&r=g","contentUrl":"https:\/\/secure.gravatar.com\/avatar\/02cf8a7906b8cf90cecb4679defac7cfd33a1c2e3b88e4903d947f3bb58eedd3?s=96&d=mm&r=g","caption":"hegyizs"},"url":"https:\/\/www.welovecycling.com\/hu\/author\/hegyizs\/"}]}},"_links":{"self":[{"href":"https:\/\/www.welovecycling.com\/hu\/wp-json\/wp\/v2\/posts\/14665","targetHints":{"allow":["GET"]}}],"collection":[{"href":"https:\/\/www.welovecycling.com\/hu\/wp-json\/wp\/v2\/posts"}],"about":[{"href":"https:\/\/www.welovecycling.com\/hu\/wp-json\/wp\/v2\/types\/post"}],"author":[{"embeddable":true,"href":"https:\/\/www.welovecycling.com\/hu\/wp-json\/wp\/v2\/users\/71"}],"replies":[{"embeddable":true,"href":"https:\/\/www.welovecycling.com\/hu\/wp-json\/wp\/v2\/comments?post=14665"}],"version-history":[{"count":2,"href":"https:\/\/www.welovecycling.com\/hu\/wp-json\/wp\/v2\/posts\/14665\/revisions"}],"predecessor-version":[{"id":14688,"href":"https:\/\/www.welovecycling.com\/hu\/wp-json\/wp\/v2\/posts\/14665\/revisions\/14688"}],"wp:featuredmedia":[{"embeddable":true,"href":"https:\/\/www.welovecycling.com\/hu\/wp-json\/wp\/v2\/media\/14668"}],"wp:attachment":[{"href":"https:\/\/www.welovecycling.com\/hu\/wp-json\/wp\/v2\/media?parent=14665"}],"wp:term":[{"taxonomy":"category","embeddable":true,"href":"https:\/\/www.welovecycling.com\/hu\/wp-json\/wp\/v2\/categories?post=14665"},{"taxonomy":"post_tag","embeddable":true,"href":"https:\/\/www.welovecycling.com\/hu\/wp-json\/wp\/v2\/tags?post=14665"},{"taxonomy":"global-categories","embeddable":true,"href":"https:\/\/www.welovecycling.com\/hu\/wp-json\/wp\/v2\/global-categories?post=14665"}],"curies":[{"name":"wp","href":"https:\/\/api.w.org\/{rel}","templated":true}]}}