{"id":14661,"date":"2022-04-25T08:00:09","date_gmt":"2022-04-25T06:00:09","guid":{"rendered":"https:\/\/www.welovecycling.com\/hu\/?p=14661"},"modified":"2022-04-22T15:03:35","modified_gmt":"2022-04-22T13:03:35","slug":"amit-nem-felejtunk-el-a-2022-es-parizs-roubaix-versenyrol","status":"publish","type":"post","link":"https:\/\/www.welovecycling.com\/hu\/orszaguti-kerekpar\/amit-nem-felejtunk-el-a-2022-es-parizs-roubaix-versenyrol\/","title":{"rendered":"Amit nem felejt\u00fcnk el a 2022-es P\u00e1rizs-Roubaix versenyr\u0151l"},"content":{"rendered":"<p><strong>A Hell of the North (\u00c9szaki pokol) n\u00e9ven is ismert P\u00e1rizs-Roubaix id\u00e9n is bebizony\u00edtotta, hogy mennyire izgalmas (vagyis vesz\u00e9lyes \u00e9s kisz\u00e1m\u00edthatatlan) tud lenni egy egynapos ker\u00e9kp\u00e1rverseny, k\u00fcl\u00f6n\u00f6sen, ha macskak\u00f6vekkel tark\u00edtott.<\/strong><\/p>\n<p><!--more--><\/p>\n<p><em>\u201eKlasszikus Roubaix\u201d<\/em> \u2013 mondta az \u00fajs\u00e1g\u00edr\u00f3knak Luke Durbridge, a Team BikeExchange\u2013Jayco kerekese. <em>\u201eSz\u00f6kni nem lehetett, sz\u00e9tszakadtak a csoportok, buk\u00e1sok, defektek, emberek mindenhol, \u00e9s az id\u0151 fel\u00e9ben fogalmam nem volt, hol vagyok a por miatt.\u201d<\/em><\/p>\n<p>Pedig ez a Classic egy\u00e1ltal\u00e1n nem volt klasszikus, els\u0151sorban az Ineos Grenadiersnek k\u00f6sz\u00f6nhet\u0151en. Az ist\u00e1ll\u00f3 kem\u00e9ny csapatmunk\u00e1val \u00e9rte el, hogy a holland Dylan van Baarle l\u00e1tv\u00e1nyos gy\u0151zelmet szerezzen, miut\u00e1n k\u00e9t h\u00e9ttel kor\u00e1bban a Flandriai k\u00f6r\u00faton a leny\u0171g\u00f6z\u0151 m\u00e1sodik helyen v\u00e9gzett. Ez volt a valaha volt leggyorsabb P\u00e1rizs-Roubaix futam, 45,79 km\/h \u00e1tlagsebess\u00e9ggel sz\u00e1guldottak \u00e1t a versenyz\u0151k a 257,2 km-es t\u00e1von, bele\u00e9rtve az 54,8 km-es macskak\u00f6ves szakaszt is!<\/p>\n<p><a href=\"https:\/\/d2p6e6u75xmxt8.cloudfront.net\/12\/2022\/04\/2022-Paris-Roubaix-profimedia-0683948535.jpg\"><img loading=\"lazy\" decoding=\"async\" class=\"alignnone size-full wp-image-14662\" src=\"https:\/\/d2p6e6u75xmxt8.cloudfront.net\/12\/2022\/04\/2022-Paris-Roubaix-profimedia-0683948535.jpg\" alt=\"2022 Paris Roubaix\" width=\"1000\" height=\"666\" srcset=\"https:\/\/d2p6e6u75xmxt8.cloudfront.net\/12\/2022\/04\/2022-Paris-Roubaix-profimedia-0683948535.jpg 1000w, https:\/\/d2p6e6u75xmxt8.cloudfront.net\/12\/2022\/04\/2022-Paris-Roubaix-profimedia-0683948535-300x200.jpg 300w, https:\/\/d2p6e6u75xmxt8.cloudfront.net\/12\/2022\/04\/2022-Paris-Roubaix-profimedia-0683948535-768x511.jpg 768w, https:\/\/d2p6e6u75xmxt8.cloudfront.net\/12\/2022\/04\/2022-Paris-Roubaix-profimedia-0683948535-272x182.jpg 272w\" sizes=\"auto, (max-width: 1000px) 100vw, 1000px\" \/><\/a><\/p>\n<p>Thierry Gouvenou versenyigazgat\u00f3 szerint a macskak\u00f6ves \u00fat szerencs\u00e9re szokatlanul j\u00f3 \u00e1llapotban volt id\u00e9n.<\/p>\n<p><em>\u201eNem eml\u00e9kszem, hogy a macskak\u00f6vek valaha is ilyen sz\u00e1razak \u00e9s j\u00f3k lettek volna<\/em>\u201d \u2013 mondta a rajt el\u0151tt. <em>\u201eKiv\u00e9telesen ki vannak sz\u00e1radva! \u00c1ltal\u00e1ban a verseny el\u0151tt m\u00e9g finomhangolni kell a terepet, de most nem ez a helyzet.\u201d<\/em><\/p>\n<p>Ez nem akad\u00e1lyozta meg a versenyz\u0151ket abban, hogy a verseny sor\u00e1n rendk\u00edv\u00fcl sok defektet kapjanak, ide\u00e9rtve a m\u00e1sodik helyezett Wout van Aert-et, az \u00f6t\u00f6dik Matej Mohori\u010dot, Filippo Gann\u00e1t, Jasper Stuyvent \u00e9s m\u00e9g van Baarle-t is. Egyesek a legt\u00f6bb versenyz\u0151 \u00e1ltal haszn\u00e1lt t\u00f6ml\u0151 n\u00e9lk\u00fcli gumikat hib\u00e1ztatj\u00e1k.<\/p>\n<p>A 2012-es Tour de France-gy\u0151ztes Bradley Wiggins szerint azonban a verseny igazi esem\u00e9nye kor\u00e1bbi csapat\u00e1nak, az Ineos Grenadiersnek a teljes\u00edtm\u00e9nye volt.<\/p>\n<p><em>\u201eMegt\u00f6rt\u00e9k a hagyom\u00e1nyt ezen a versenyen\u201d<\/em> \u2013 nyilatkozta.<em> \u201e\u00c1ltal\u00e1ban az els\u0151 100 km-en minden csapat kiv\u00e1r, de az Ineos id\u00e9n sutba v\u00e1gta a szab\u00e1lyokat.\u201d<\/em><\/p>\n<p>M\u00e9gpedig \u00fagy, hogy m\u00e1r a verseny elej\u00e9n r\u00e1tapostak a ped\u00e1lra, egy olyan szakaszon, ahol az er\u0151s oldalsz\u00e9lben a t\u00f6bbiek, p\u00e9ld\u00e1ul Aert \u00e9s Mathieu van der Poel m\u00e9g csak \u00e9bredezett.<\/p>\n<p>\u201eIlyet m\u00e9g soha nem l\u00e1ttunk P\u00e1rizs-Roubaix-n\u201d \u2013 mondta Wiggins az Eurosportnak. Azt is megjegyezte, hogy olyan versenyz\u0151kkel, mint Ben Turner, Magnus Sheffield, Filippo Ganna \u00e9s Tom Pidcock, Ineos egy remek Classics csapatot \u00e1ll\u00edtott \u00f6ssze, mely a Grand Tours-on is felbecs\u00fclhetetlen \u00e9rt\u00e9k lehet Egan Bernal \u00e9s Geraint Thomas t\u00e1mogat\u00e1s\u00e1ban.<\/p>\n<p>Van Aert, a vil\u00e1g legjobb macsakak\u00f6ves versenyz\u0151je a c\u00e9l el\u0151tt sz\u00e9pen behozta a lemarad\u00e1s\u00e1t, 1 perccel \u00e9s 47 m\u00e1sodperccel a gy\u0151ztes m\u00f6g\u00f6tt \u00e9rt c\u00e9lba. Figyelemre m\u00e9lt\u00f3 teljes\u00edtm\u00e9ny ez a Jumbo-Visma belga kerekes\u00e9t\u0151l, akinek a h\u00f3nap elej\u00e9n ki kellett hagynia a Flandriai k\u00f6rt a Covid miatt.<\/p>\n<p><em>\u201eEgy\u00e1ltal\u00e1n nem vagyok csal\u00f3dott, nagy meglepet\u00e9s, hogy ilyen j\u00f3l \u00e9reztem magam a versenyen, val\u00f3j\u00e1ban \u00f6r\u00fcl\u00f6k a m\u00e1sodik helynek \u00e9s b\u00fcszke vagyok r\u00e1\u201d<\/em> \u2013 mondta a verseny ut\u00e1n az \u00fajs\u00e1g\u00edr\u00f3knak Van Aert.<\/p>\n<p>Van der Poel azonban csal\u00f3d\u00e1st kelt\u0151 kilencedik helyen v\u00e9gzett, 2 perc 34 m\u00e1sodperccel van Baarle m\u00f6g\u00f6tt.<\/p>\n<p>\u00c9s ne feledkezz\u00fcnk meg a szlov\u00e9n Mohori\u010drar\u00f3l se (Bahrain Victorius), aki 80 km-en kereszt\u00fcl az \u00e9lmez\u0151nyben tekert, majd 38 km-el a c\u00e9l el\u0151tt defektet kapott. V\u00e9g\u00fcl be\u00e9rte az \u00e9lmez\u0151nyt, de a gy\u0151zelemre m\u00e1r nem volt es\u00e9lye.<\/p>\n<p>Nem is besz\u00e9lve a QuickStep-AlphaVinyl csapat tagj\u00e1r\u00f3l, Yves Lampaertr\u0151l, aki a dobog\u00f3 fel\u00e9 tartott, Baarle-t \u00fcld\u00f6zve, amikor egy n\u00e9z\u0151 t\u00fal k\u00f6zel ker\u00fclt az akci\u00f3hoz egy macskak\u00f6ves szakaszon, beleakadt Lampaert korm\u00e1ny\u00e1ba, \u00e9s a f\u00f6ldre k\u00fcldte a 31 \u00e9ves versenyz\u0151t. Lampaert leporolta mag\u00e1t \u00e9s folytatta a versenyt, de a 10. helyn\u00e9l nem tudott jobb helyen be\u00e9rni.<\/p>\n","protected":false},"excerpt":{"rendered":"<p>A Hell of the North (\u00c9szaki pokol) n\u00e9ven is ismert P\u00e1rizs-Roubaix id\u00e9n is bebizony\u00edtotta, hogy mennyire izgalmas (vagyis vesz\u00e9lyes \u00e9s [&hellip;]<\/p>\n","protected":false},"author":71,"featured_media":14664,"comment_status":"open","ping_status":"open","sticky":false,"template":"","format":"standard","meta":{"footnotes":""},"categories":[8],"tags":[],"global-categories":[],"class_list":["post-14661","post","type-post","status-publish","format-standard","has-post-thumbnail","hentry","category-orszaguti-kerekpar"],"yoast_head":"<!-- This site is optimized with the Yoast SEO Premium plugin v25.3 (Yoast SEO v25.9) - https:\/\/yoast.com\/wordpress\/plugins\/seo\/ -->\n<title>Amit nem felejt\u00fcnk el a 2022-es P\u00e1rizs-Roubaix versenyr\u0151l<\/title>\n<meta name=\"description\" content=\"A Hell of the North (\u00c9szaki pokol) n\u00e9ven is ismert P\u00e1rizs-Roubaix id\u00e9n is bebizony\u00edtotta, hogy mennyire izgalmas (vagyis vesz\u00e9lyes \u00e9s kisz\u00e1m\u00edthatatlan) tud lenni egy egynapos ker\u00e9kp\u00e1rverseny, k\u00fcl\u00f6n\u00f6sen, ha macskak\u00f6vekkel tark\u00edtott.\" \/>\n<meta name=\"robots\" content=\"index, follow, max-snippet:-1, max-image-preview:large, max-video-preview:-1\" \/>\n<link rel=\"canonical\" href=\"https:\/\/www.welovecycling.com\/hu\/orszaguti-kerekpar\/amit-nem-felejtunk-el-a-2022-es-parizs-roubaix-versenyrol\/\" \/>\n<meta property=\"og:locale\" content=\"hu_HU\" \/>\n<meta property=\"og:type\" content=\"article\" \/>\n<meta property=\"og:title\" content=\"Amit nem felejt\u00fcnk el a 2022-es P\u00e1rizs-Roubaix versenyr\u0151l\" \/>\n<meta property=\"og:description\" content=\"A Hell of the North (\u00c9szaki pokol) n\u00e9ven is ismert P\u00e1rizs-Roubaix id\u00e9n is bebizony\u00edtotta, hogy mennyire izgalmas (vagyis vesz\u00e9lyes \u00e9s kisz\u00e1m\u00edthatatlan) tud lenni egy egynapos ker\u00e9kp\u00e1rverseny, k\u00fcl\u00f6n\u00f6sen, ha macskak\u00f6vekkel tark\u00edtott.\" \/>\n<meta property=\"og:url\" content=\"https:\/\/www.welovecycling.com\/hu\/orszaguti-kerekpar\/amit-nem-felejtunk-el-a-2022-es-parizs-roubaix-versenyrol\/\" \/>\n<meta property=\"og:site_name\" content=\"\u0160koda We Love Cycling - Magyarorsz\u00e1g\" \/>\n<meta property=\"article:publisher\" content=\"https:\/\/www.facebook.com\/WeLoveCyclingHungary\/\" \/>\n<meta property=\"article:published_time\" content=\"2022-04-25T06:00:09+00:00\" \/>\n<meta property=\"og:image\" content=\"https:\/\/d2p6e6u75xmxt8.cloudfront.net\/12\/2022\/04\/2022-Paris-Roubaix-Peloton-profimedia-0683948606-CVR.jpg\" \/>\n\t<meta property=\"og:image:width\" content=\"1366\" \/>\n\t<meta property=\"og:image:height\" content=\"600\" \/>\n\t<meta property=\"og:image:type\" content=\"image\/jpeg\" \/>\n<meta name=\"author\" content=\"hegyizs\" \/>\n<meta name=\"twitter:card\" content=\"summary_large_image\" \/>\n<meta name=\"twitter:label1\" content=\"Written by\" \/>\n\t<meta name=\"twitter:data1\" content=\"Siegfried Mortkowitz\" \/>\n\t<meta name=\"twitter:label2\" content=\"Est. reading time\" \/>\n\t<meta name=\"twitter:data2\" content=\"5\" \/>\n<script type=\"application\/ld+json\" class=\"yoast-schema-graph\">{\"@context\":\"https:\/\/schema.org\",\"@graph\":[{\"@type\":\"WebPage\",\"@id\":\"https:\/\/www.welovecycling.com\/hu\/orszaguti-kerekpar\/amit-nem-felejtunk-el-a-2022-es-parizs-roubaix-versenyrol\/\",\"url\":\"https:\/\/www.welovecycling.com\/hu\/orszaguti-kerekpar\/amit-nem-felejtunk-el-a-2022-es-parizs-roubaix-versenyrol\/\",\"name\":\"Amit nem felejt\u00fcnk el a 2022-es P\u00e1rizs-Roubaix versenyr\u0151l\",\"isPartOf\":{\"@id\":\"https:\/\/www.welovecycling.com\/hu\/#website\"},\"primaryImageOfPage\":{\"@id\":\"https:\/\/www.welovecycling.com\/hu\/orszaguti-kerekpar\/amit-nem-felejtunk-el-a-2022-es-parizs-roubaix-versenyrol\/#primaryimage\"},\"image\":{\"@id\":\"https:\/\/www.welovecycling.com\/hu\/orszaguti-kerekpar\/amit-nem-felejtunk-el-a-2022-es-parizs-roubaix-versenyrol\/#primaryimage\"},\"thumbnailUrl\":\"https:\/\/d2p6e6u75xmxt8.cloudfront.net\/12\/2022\/04\/2022-Paris-Roubaix-Peloton-profimedia-0683948606-CVR.jpg\",\"datePublished\":\"2022-04-25T06:00:09+00:00\",\"author\":{\"@id\":\"https:\/\/www.welovecycling.com\/hu\/#\/schema\/person\/414a2aebf1801691a5320edb6468e194\"},\"description\":\"A Hell of the North (\u00c9szaki pokol) n\u00e9ven is ismert P\u00e1rizs-Roubaix id\u00e9n is bebizony\u00edtotta, hogy mennyire izgalmas (vagyis vesz\u00e9lyes \u00e9s kisz\u00e1m\u00edthatatlan) tud lenni egy egynapos ker\u00e9kp\u00e1rverseny, k\u00fcl\u00f6n\u00f6sen, ha macskak\u00f6vekkel tark\u00edtott.\",\"breadcrumb\":{\"@id\":\"https:\/\/www.welovecycling.com\/hu\/orszaguti-kerekpar\/amit-nem-felejtunk-el-a-2022-es-parizs-roubaix-versenyrol\/#breadcrumb\"},\"inLanguage\":\"hu\",\"potentialAction\":[{\"@type\":\"ReadAction\",\"target\":[\"https:\/\/www.welovecycling.com\/hu\/orszaguti-kerekpar\/amit-nem-felejtunk-el-a-2022-es-parizs-roubaix-versenyrol\/\"]}]},{\"@type\":\"ImageObject\",\"inLanguage\":\"hu\",\"@id\":\"https:\/\/www.welovecycling.com\/hu\/orszaguti-kerekpar\/amit-nem-felejtunk-el-a-2022-es-parizs-roubaix-versenyrol\/#primaryimage\",\"url\":\"https:\/\/d2p6e6u75xmxt8.cloudfront.net\/12\/2022\/04\/2022-Paris-Roubaix-Peloton-profimedia-0683948606-CVR.jpg\",\"contentUrl\":\"https:\/\/d2p6e6u75xmxt8.cloudfront.net\/12\/2022\/04\/2022-Paris-Roubaix-Peloton-profimedia-0683948606-CVR.jpg\",\"width\":1366,\"height\":600,\"caption\":\"2022 Paris-Roubaix\"},{\"@type\":\"BreadcrumbList\",\"@id\":\"https:\/\/www.welovecycling.com\/hu\/orszaguti-kerekpar\/amit-nem-felejtunk-el-a-2022-es-parizs-roubaix-versenyrol\/#breadcrumb\",\"itemListElement\":[{\"@type\":\"ListItem\",\"position\":1,\"name\":\"Home\",\"item\":\"https:\/\/www.welovecycling.com\/hu\/\"},{\"@type\":\"ListItem\",\"position\":2,\"name\":\"Amit nem felejt\u00fcnk el a 2022-es P\u00e1rizs-Roubaix versenyr\u0151l\"}]},{\"@type\":\"WebSite\",\"@id\":\"https:\/\/www.welovecycling.com\/hu\/#website\",\"url\":\"https:\/\/www.welovecycling.com\/hu\/\",\"name\":\"\u0160koda We Love Cycling - Magyarorsz\u00e1g\",\"description\":\"\u0160koda WeLoveCycling\",\"potentialAction\":[{\"@type\":\"SearchAction\",\"target\":{\"@type\":\"EntryPoint\",\"urlTemplate\":\"https:\/\/www.welovecycling.com\/hu\/?s={search_term_string}\"},\"query-input\":{\"@type\":\"PropertyValueSpecification\",\"valueRequired\":true,\"valueName\":\"search_term_string\"}}],\"inLanguage\":\"hu\"},{\"@type\":\"Person\",\"@id\":\"https:\/\/www.welovecycling.com\/hu\/#\/schema\/person\/414a2aebf1801691a5320edb6468e194\",\"name\":\"hegyizs\",\"image\":{\"@type\":\"ImageObject\",\"inLanguage\":\"hu\",\"@id\":\"https:\/\/www.welovecycling.com\/hu\/#\/schema\/person\/image\/\",\"url\":\"https:\/\/secure.gravatar.com\/avatar\/02cf8a7906b8cf90cecb4679defac7cfd33a1c2e3b88e4903d947f3bb58eedd3?s=96&d=mm&r=g\",\"contentUrl\":\"https:\/\/secure.gravatar.com\/avatar\/02cf8a7906b8cf90cecb4679defac7cfd33a1c2e3b88e4903d947f3bb58eedd3?s=96&d=mm&r=g\",\"caption\":\"hegyizs\"},\"url\":\"https:\/\/www.welovecycling.com\/hu\/author\/hegyizs\/\"}]}<\/script>\n<!-- \/ Yoast SEO Premium plugin. -->","yoast_head_json":{"title":"Amit nem felejt\u00fcnk el a 2022-es P\u00e1rizs-Roubaix versenyr\u0151l","description":"A Hell of the North (\u00c9szaki pokol) n\u00e9ven is ismert P\u00e1rizs-Roubaix id\u00e9n is bebizony\u00edtotta, hogy mennyire izgalmas (vagyis vesz\u00e9lyes \u00e9s kisz\u00e1m\u00edthatatlan) tud lenni egy egynapos ker\u00e9kp\u00e1rverseny, k\u00fcl\u00f6n\u00f6sen, ha macskak\u00f6vekkel tark\u00edtott.","robots":{"index":"index","follow":"follow","max-snippet":"max-snippet:-1","max-image-preview":"max-image-preview:large","max-video-preview":"max-video-preview:-1"},"canonical":"https:\/\/www.welovecycling.com\/hu\/orszaguti-kerekpar\/amit-nem-felejtunk-el-a-2022-es-parizs-roubaix-versenyrol\/","og_locale":"hu_HU","og_type":"article","og_title":"Amit nem felejt\u00fcnk el a 2022-es P\u00e1rizs-Roubaix versenyr\u0151l","og_description":"A Hell of the North (\u00c9szaki pokol) n\u00e9ven is ismert P\u00e1rizs-Roubaix id\u00e9n is bebizony\u00edtotta, hogy mennyire izgalmas (vagyis vesz\u00e9lyes \u00e9s kisz\u00e1m\u00edthatatlan) tud lenni egy egynapos ker\u00e9kp\u00e1rverseny, k\u00fcl\u00f6n\u00f6sen, ha macskak\u00f6vekkel tark\u00edtott.","og_url":"https:\/\/www.welovecycling.com\/hu\/orszaguti-kerekpar\/amit-nem-felejtunk-el-a-2022-es-parizs-roubaix-versenyrol\/","og_site_name":"\u0160koda We Love Cycling - Magyarorsz\u00e1g","article_publisher":"https:\/\/www.facebook.com\/WeLoveCyclingHungary\/","article_published_time":"2022-04-25T06:00:09+00:00","og_image":[{"width":1366,"height":600,"url":"https:\/\/d2p6e6u75xmxt8.cloudfront.net\/12\/2022\/04\/2022-Paris-Roubaix-Peloton-profimedia-0683948606-CVR.jpg","type":"image\/jpeg"}],"author":"hegyizs","twitter_card":"summary_large_image","twitter_misc":{"Written by":"Siegfried Mortkowitz","Est. reading time":"5"},"schema":{"@context":"https:\/\/schema.org","@graph":[{"@type":"WebPage","@id":"https:\/\/www.welovecycling.com\/hu\/orszaguti-kerekpar\/amit-nem-felejtunk-el-a-2022-es-parizs-roubaix-versenyrol\/","url":"https:\/\/www.welovecycling.com\/hu\/orszaguti-kerekpar\/amit-nem-felejtunk-el-a-2022-es-parizs-roubaix-versenyrol\/","name":"Amit nem felejt\u00fcnk el a 2022-es P\u00e1rizs-Roubaix versenyr\u0151l","isPartOf":{"@id":"https:\/\/www.welovecycling.com\/hu\/#website"},"primaryImageOfPage":{"@id":"https:\/\/www.welovecycling.com\/hu\/orszaguti-kerekpar\/amit-nem-felejtunk-el-a-2022-es-parizs-roubaix-versenyrol\/#primaryimage"},"image":{"@id":"https:\/\/www.welovecycling.com\/hu\/orszaguti-kerekpar\/amit-nem-felejtunk-el-a-2022-es-parizs-roubaix-versenyrol\/#primaryimage"},"thumbnailUrl":"https:\/\/d2p6e6u75xmxt8.cloudfront.net\/12\/2022\/04\/2022-Paris-Roubaix-Peloton-profimedia-0683948606-CVR.jpg","datePublished":"2022-04-25T06:00:09+00:00","author":{"@id":"https:\/\/www.welovecycling.com\/hu\/#\/schema\/person\/414a2aebf1801691a5320edb6468e194"},"description":"A Hell of the North (\u00c9szaki pokol) n\u00e9ven is ismert P\u00e1rizs-Roubaix id\u00e9n is bebizony\u00edtotta, hogy mennyire izgalmas (vagyis vesz\u00e9lyes \u00e9s kisz\u00e1m\u00edthatatlan) tud lenni egy egynapos ker\u00e9kp\u00e1rverseny, k\u00fcl\u00f6n\u00f6sen, ha macskak\u00f6vekkel tark\u00edtott.","breadcrumb":{"@id":"https:\/\/www.welovecycling.com\/hu\/orszaguti-kerekpar\/amit-nem-felejtunk-el-a-2022-es-parizs-roubaix-versenyrol\/#breadcrumb"},"inLanguage":"hu","potentialAction":[{"@type":"ReadAction","target":["https:\/\/www.welovecycling.com\/hu\/orszaguti-kerekpar\/amit-nem-felejtunk-el-a-2022-es-parizs-roubaix-versenyrol\/"]}]},{"@type":"ImageObject","inLanguage":"hu","@id":"https:\/\/www.welovecycling.com\/hu\/orszaguti-kerekpar\/amit-nem-felejtunk-el-a-2022-es-parizs-roubaix-versenyrol\/#primaryimage","url":"https:\/\/d2p6e6u75xmxt8.cloudfront.net\/12\/2022\/04\/2022-Paris-Roubaix-Peloton-profimedia-0683948606-CVR.jpg","contentUrl":"https:\/\/d2p6e6u75xmxt8.cloudfront.net\/12\/2022\/04\/2022-Paris-Roubaix-Peloton-profimedia-0683948606-CVR.jpg","width":1366,"height":600,"caption":"2022 Paris-Roubaix"},{"@type":"BreadcrumbList","@id":"https:\/\/www.welovecycling.com\/hu\/orszaguti-kerekpar\/amit-nem-felejtunk-el-a-2022-es-parizs-roubaix-versenyrol\/#breadcrumb","itemListElement":[{"@type":"ListItem","position":1,"name":"Home","item":"https:\/\/www.welovecycling.com\/hu\/"},{"@type":"ListItem","position":2,"name":"Amit nem felejt\u00fcnk el a 2022-es P\u00e1rizs-Roubaix versenyr\u0151l"}]},{"@type":"WebSite","@id":"https:\/\/www.welovecycling.com\/hu\/#website","url":"https:\/\/www.welovecycling.com\/hu\/","name":"\u0160koda We Love Cycling - Magyarorsz\u00e1g","description":"\u0160koda WeLoveCycling","potentialAction":[{"@type":"SearchAction","target":{"@type":"EntryPoint","urlTemplate":"https:\/\/www.welovecycling.com\/hu\/?s={search_term_string}"},"query-input":{"@type":"PropertyValueSpecification","valueRequired":true,"valueName":"search_term_string"}}],"inLanguage":"hu"},{"@type":"Person","@id":"https:\/\/www.welovecycling.com\/hu\/#\/schema\/person\/414a2aebf1801691a5320edb6468e194","name":"hegyizs","image":{"@type":"ImageObject","inLanguage":"hu","@id":"https:\/\/www.welovecycling.com\/hu\/#\/schema\/person\/image\/","url":"https:\/\/secure.gravatar.com\/avatar\/02cf8a7906b8cf90cecb4679defac7cfd33a1c2e3b88e4903d947f3bb58eedd3?s=96&d=mm&r=g","contentUrl":"https:\/\/secure.gravatar.com\/avatar\/02cf8a7906b8cf90cecb4679defac7cfd33a1c2e3b88e4903d947f3bb58eedd3?s=96&d=mm&r=g","caption":"hegyizs"},"url":"https:\/\/www.welovecycling.com\/hu\/author\/hegyizs\/"}]}},"_links":{"self":[{"href":"https:\/\/www.welovecycling.com\/hu\/wp-json\/wp\/v2\/posts\/14661","targetHints":{"allow":["GET"]}}],"collection":[{"href":"https:\/\/www.welovecycling.com\/hu\/wp-json\/wp\/v2\/posts"}],"about":[{"href":"https:\/\/www.welovecycling.com\/hu\/wp-json\/wp\/v2\/types\/post"}],"author":[{"embeddable":true,"href":"https:\/\/www.welovecycling.com\/hu\/wp-json\/wp\/v2\/users\/71"}],"replies":[{"embeddable":true,"href":"https:\/\/www.welovecycling.com\/hu\/wp-json\/wp\/v2\/comments?post=14661"}],"version-history":[{"count":2,"href":"https:\/\/www.welovecycling.com\/hu\/wp-json\/wp\/v2\/posts\/14661\/revisions"}],"predecessor-version":[{"id":14687,"href":"https:\/\/www.welovecycling.com\/hu\/wp-json\/wp\/v2\/posts\/14661\/revisions\/14687"}],"wp:featuredmedia":[{"embeddable":true,"href":"https:\/\/www.welovecycling.com\/hu\/wp-json\/wp\/v2\/media\/14664"}],"wp:attachment":[{"href":"https:\/\/www.welovecycling.com\/hu\/wp-json\/wp\/v2\/media?parent=14661"}],"wp:term":[{"taxonomy":"category","embeddable":true,"href":"https:\/\/www.welovecycling.com\/hu\/wp-json\/wp\/v2\/categories?post=14661"},{"taxonomy":"post_tag","embeddable":true,"href":"https:\/\/www.welovecycling.com\/hu\/wp-json\/wp\/v2\/tags?post=14661"},{"taxonomy":"global-categories","embeddable":true,"href":"https:\/\/www.welovecycling.com\/hu\/wp-json\/wp\/v2\/global-categories?post=14661"}],"curies":[{"name":"wp","href":"https:\/\/api.w.org\/{rel}","templated":true}]}}