{"id":1465,"date":"2018-08-18T15:23:06","date_gmt":"2018-08-18T13:23:06","guid":{"rendered":"https:\/\/www.welovecycling.com\/hu\/?p=1465"},"modified":"2022-02-09T09:49:19","modified_gmt":"2022-02-09T07:49:19","slug":"skoda-karoq-a-tokeletes-suv-bringas-holgyeknek","status":"publish","type":"post","link":"https:\/\/www.welovecycling.com\/hu\/miert-tekerunk\/skoda-karoq-a-tokeletes-suv-bringas-holgyeknek\/","title":{"rendered":"\u0160koda KAROQ: A t\u00f6k\u00e9letes SUV bring\u00e1s h\u00f6lgyeknek"},"content":{"rendered":"<p><strong>Ha szeretsz bring\u00e1zni (k\u00fcl\u00f6nben mi\u00e9rt is olvasn\u00e1d ezeket a sorokat), biztosan kiruccant\u00e1l m\u00e1r egy j\u00f3 kis ker\u00e9kp\u00e1ros t\u00far\u00e1ra a v\u00e1roson k\u00edv\u00fcl. Sokkal k\u00f6nnyebben \u00e9s messzebbre juthatsz el, ha valamilyen j\u00e1rm\u0171vel utazol a helysz\u00ednre, \u00e9s ezek k\u00f6z\u00fcl k\u00e9ts\u00e9gtelen\u00fcl az aut\u00f3 a legk\u00e9nyelmesebb. Igen, az, kiv\u00e9ve, ha a combos montidat egy bonyolult tet\u0151csomagtart\u00f3ra, vagy a gyakran nem t\u00fal k\u00e9nyelmes magass\u00e1gban l\u00e9v\u0151 csomagtart\u00f3hoz kell felemelned. Ez a ny\u0171g nem csak a h\u00f6lgyeket \u00e9rinti, senki nem szeret k\u00e9nyelmetlen magass\u00e1gokban k\u00fczdeni egy vaskos Cannondale-lel vagy egy full ac\u00e9l st\u00edlusos v\u00e1rosi step-through-val, de mivel a n\u0151k \u00e1ltal\u00e1ban alacsonyabbak, n\u00e9h\u00e1ny be\u00e1ll\u00edt\u00e1s j\u00f3l j\u00f6het.<\/strong><\/p>\n<p><strong>Egyed\u00fcl aut\u00f3zol ki a v\u00e1rosb\u00f3l? A \u0160koda KAROQ \u00e9s a k\u00e9nyelmes,k\u00f6nnyen kezelhet\u0151 ker\u00e9kp\u00e1ros kieg\u00e9sz\u00edt\u0151i minim\u00e1lisra cs\u00f6kkentik a ker\u00e9kp\u00e1rsz\u00e1ll\u00edt\u00e1sra ford\u00edtand\u00f3 id\u0151t.<\/strong><\/p>\n<p><span style=\"font-size: 14pt;\"><strong>1) Tet\u0151re\/Csomagtart\u00f3ra szerelhet\u0151 ker\u00e9kp\u00e1rtart\u00f3 vide\u00f3<\/strong><\/span><\/p>\n<p>Ha fel tudod vinni a bring\u00e1dat a l\u00e9pcs\u0151n, a tart\u00f3\u00e1llv\u00e1nyra is fel tudod emelni. De mi van, ha att\u00f3l f\u00e9lsz, hogy a fejedre esik, mik\u00f6zben \u00e9pp pr\u00f3b\u00e1lod kioldani? Az egyszer\u0171en haszn\u00e1lhat\u00f3, de er\u0151s tart\u00f3\u00e1llv\u00e1nyok seg\u00edts\u00e9g\u00e9vel t\u00f6bbre jutsz \u00e9sszel, mint er\u0151vel, \u00e9s m\u00e9g csak seg\u00edt\u0151 kezekre sem lesz sz\u00fcks\u00e9ged.<\/p>\n<p><iframe loading=\"lazy\" src=\"https:\/\/www.youtube-nocookie.com\/embed\/09E62KK1E8U\" width=\"792\" height=\"446\" frameborder=\"0\" allowfullscreen=\"allowfullscreen\"><\/iframe><\/p>\n<p><strong><span style=\"font-size: 14pt;\">2) V\u00e9d\u0151sz\u0151nyeg\/elegend\u0151 hely<\/span><\/strong><\/p>\n<p>\u00c9pp most sz\u00e1llt\u00e1l le a nyeregb\u0151l egy j\u00f3 terepez\u00e9s ut\u00e1n \u00e9s remek\u00fcl \u00e9rzed magad. De a k\u00e9tkerek\u0171 csod\u00e1dat \u00fagy bevar\u00e1zsolni a csomagtart\u00f3ba, hogy ne legyen minden csupa s\u00e1r, az m\u00e1r fejf\u00e1j\u00e1st okoz. Kiv\u00e9ve, ha rendelkezel el\u00e9g hellyel, egy v\u00e9d\u0151sz\u0151nyeggel \u00e9s egy ker\u00e9kp\u00e1rzs\u00e1kkal. A VarioFlex \u00fcl\u00e9s\u00e1ll\u00edt\u00f3-rendszerrel a h\u00e1rom h\u00e1ts\u00f3 \u00fcl\u00e9s helyzet\u00e9t egyenk\u00e9nt tudod \u00e1ll\u00edtani \u2013 told el ak\u00e1r 50 mm-rel oldalra \u0151ket, hajtsd le a h\u00e1tt\u00e1ml\u00e1jukat, vagy teljes eg\u00e9sz\u00e9ben vedd ki \u0151ket, \u00edgy a biciklid \u00e9s minden bring\u00e1s felszerel\u00e9sed maxim\u00e1lis k\u00e9nyelemben utazhat veled.<\/p>\n<p><iframe loading=\"lazy\" src=\"https:\/\/www.youtube-nocookie.com\/embed\/pZ80swZZ65c\" width=\"792\" height=\"446\" frameborder=\"0\" allowfullscreen=\"allowfullscreen\"><\/iframe><\/p>\n<p><strong><span style=\"font-size: 14pt;\">3) Ride tested<\/span><\/strong><\/p>\n<p>Mindent bepakolt\u00e1l \u00e9s k\u00e9szen \u00e1llsz az indul\u00e1sra, de m\u00e9g mindig nem tudod, melyik \u00fatvonal lenne a legjobb \u00e9s legszebb? A KAROQ infotainment rendszer\u00e9ben be\u00e9p\u00edtett Wi-Fi hotspot \u00e9s vezet\u00e9kmentes telefont\u00f6lt\u0151 van. A telefonodat ehhez csatlakoztatva a m\u0171szerfali kijelz\u0151re is be tudod t\u00f6lteni az \u00e1ltalad kiv\u00e1lasztott t\u00f6k\u00e9letes \u00fatvonalat a \u0160koda saj\u00e1t fejleszt\u00e9s\u0171, Ride Tested nev\u0171 appj\u00e1b\u00f3l , \u00e9s k\u00f6zben zen\u00e9t is tudsz hallgatni, s\u0151t, telefonh\u00edv\u00e1sokat is tudsz fogadni. Pakolj ki az \u00fatvonal kezd\u0151pontj\u00e1n\u00e1l, pattanj nyeregbe \u00e9s a t\u00f6bbi m\u00e1r csak rajtad m\u00falik!<\/p>\n<p><iframe loading=\"lazy\" src=\"https:\/\/www.youtube-nocookie.com\/embed\/_xhW_4yS8uM\" width=\"792\" height=\"446\" frameborder=\"0\" allowfullscreen=\"allowfullscreen\"><\/iframe><\/p>\n","protected":false},"excerpt":{"rendered":"<p>Ha szeretsz bring\u00e1zni (k\u00fcl\u00f6nben mi\u00e9rt is olvasn\u00e1d ezeket a sorokat), biztosan kiruccant\u00e1l m\u00e1r egy j\u00f3 kis ker\u00e9kp\u00e1ros t\u00far\u00e1ra a v\u00e1roson [&hellip;]<\/p>\n","protected":false},"author":71,"featured_media":1467,"comment_status":"open","ping_status":"open","sticky":false,"template":"","format":"standard","meta":{"footnotes":""},"categories":[99,468],"tags":[17,70,18,131,16,132,22,115,113,112,116,94,133,134],"global-categories":[],"class_list":["post-1465","post","type-post","status-publish","format-standard","has-post-thumbnail","hentry","category-miert-tekerunk","category-skoda","tag-bicikli","tag-biciklis-magazin","tag-biciklizes","tag-bringas-magazin","tag-kerekpar","tag-kerekparos-magazin","tag-kerekparozas","tag-miert-tekerunk","tag-noi-biciklisek","tag-noi-bringasok","tag-noi-kerekparozas","tag-skoda","tag-skoda-karoq","tag-suv"],"yoast_head":"<!-- This site is optimized with the Yoast SEO Premium plugin v25.3 (Yoast SEO v25.9) - https:\/\/yoast.com\/wordpress\/plugins\/seo\/ -->\n<title>\u0160koda KAROQ: A t\u00f6k\u00e9letes SUV bring\u00e1s h\u00f6lgyeknek - \u0160koda We Love Cycling - Magyarorsz\u00e1g<\/title>\n<meta name=\"description\" content=\"Sokkal k\u00f6nnyebben \u00e9s messzebbre juthatsz el, ha valamilyen j\u00e1rm\u0171vel utazol a helysz\u00ednre, \u00e9s ezek k\u00f6z\u00fcl k\u00e9ts\u00e9gtelen\u00fcl az aut\u00f3 a legk\u00e9nyelmesebb. Erre t\u00f6k\u00e9letes az \u00faj \u0160koda KAROQ, a t\u00f6k\u00e9letes SUV bring\u00e1s h\u00f6lgyeknek.\" \/>\n<meta name=\"robots\" content=\"index, follow, max-snippet:-1, max-image-preview:large, max-video-preview:-1\" \/>\n<link rel=\"canonical\" href=\"https:\/\/www.welovecycling.com\/hu\/miert-tekerunk\/skoda-karoq-a-tokeletes-suv-bringas-holgyeknek\/\" \/>\n<meta property=\"og:locale\" content=\"hu_HU\" \/>\n<meta property=\"og:type\" content=\"article\" \/>\n<meta property=\"og:title\" content=\"\u0160koda KAROQ: A t\u00f6k\u00e9letes SUV bring\u00e1s h\u00f6lgyeknek\" \/>\n<meta property=\"og:description\" content=\"Sokkal k\u00f6nnyebben \u00e9s messzebbre juthatsz el, ha valamilyen j\u00e1rm\u0171vel utazol a helysz\u00ednre, \u00e9s ezek k\u00f6z\u00fcl k\u00e9ts\u00e9gtelen\u00fcl az aut\u00f3 a legk\u00e9nyelmesebb. Erre t\u00f6k\u00e9letes az \u00faj \u0160koda KAROQ, a t\u00f6k\u00e9letes SUV bring\u00e1s h\u00f6lgyeknek.\" \/>\n<meta property=\"og:url\" content=\"https:\/\/www.welovecycling.com\/hu\/miert-tekerunk\/skoda-karoq-a-tokeletes-suv-bringas-holgyeknek\/\" \/>\n<meta property=\"og:site_name\" content=\"\u0160koda We Love Cycling - Magyarorsz\u00e1g\" \/>\n<meta property=\"article:publisher\" content=\"https:\/\/www.facebook.com\/WeLoveCyclingHungary\/\" \/>\n<meta property=\"article:published_time\" content=\"2018-08-18T13:23:06+00:00\" \/>\n<meta property=\"article:modified_time\" content=\"2022-02-09T07:49:19+00:00\" \/>\n<meta property=\"og:image\" content=\"https:\/\/d2p6e6u75xmxt8.cloudfront.net\/12\/2018\/08\/t\u00f6k\u00e9letes-SUV-bring\u00e1s-h\u00f6lgyeknek.jpg\" \/>\n\t<meta property=\"og:image:width\" content=\"1366\" \/>\n\t<meta property=\"og:image:height\" content=\"600\" \/>\n\t<meta property=\"og:image:type\" content=\"image\/jpeg\" \/>\n<meta name=\"author\" content=\"hegyizs\" \/>\n<meta name=\"twitter:card\" content=\"summary_large_image\" \/>\n<meta name=\"twitter:label1\" content=\"Written by\" \/>\n\t<meta name=\"twitter:data1\" content=\"hegyizs\" \/>\n\t<meta name=\"twitter:label2\" content=\"Est. reading time\" \/>\n\t<meta name=\"twitter:data2\" content=\"3 minutes\" \/>\n<script type=\"application\/ld+json\" class=\"yoast-schema-graph\">{\"@context\":\"https:\/\/schema.org\",\"@graph\":[{\"@type\":\"WebPage\",\"@id\":\"https:\/\/www.welovecycling.com\/hu\/miert-tekerunk\/skoda-karoq-a-tokeletes-suv-bringas-holgyeknek\/\",\"url\":\"https:\/\/www.welovecycling.com\/hu\/miert-tekerunk\/skoda-karoq-a-tokeletes-suv-bringas-holgyeknek\/\",\"name\":\"\u0160koda KAROQ: A t\u00f6k\u00e9letes SUV bring\u00e1s h\u00f6lgyeknek - \u0160koda We Love Cycling - Magyarorsz\u00e1g\",\"isPartOf\":{\"@id\":\"https:\/\/www.welovecycling.com\/hu\/#website\"},\"primaryImageOfPage\":{\"@id\":\"https:\/\/www.welovecycling.com\/hu\/miert-tekerunk\/skoda-karoq-a-tokeletes-suv-bringas-holgyeknek\/#primaryimage\"},\"image\":{\"@id\":\"https:\/\/www.welovecycling.com\/hu\/miert-tekerunk\/skoda-karoq-a-tokeletes-suv-bringas-holgyeknek\/#primaryimage\"},\"thumbnailUrl\":\"https:\/\/d2p6e6u75xmxt8.cloudfront.net\/12\/2018\/08\/t\u00f6k\u00e9letes-SUV-bring\u00e1s-h\u00f6lgyeknek.jpg\",\"datePublished\":\"2018-08-18T13:23:06+00:00\",\"dateModified\":\"2022-02-09T07:49:19+00:00\",\"author\":{\"@id\":\"https:\/\/www.welovecycling.com\/hu\/#\/schema\/person\/414a2aebf1801691a5320edb6468e194\"},\"description\":\"Sokkal k\u00f6nnyebben \u00e9s messzebbre juthatsz el, ha valamilyen j\u00e1rm\u0171vel utazol a helysz\u00ednre, \u00e9s ezek k\u00f6z\u00fcl k\u00e9ts\u00e9gtelen\u00fcl az aut\u00f3 a legk\u00e9nyelmesebb. Erre t\u00f6k\u00e9letes az \u00faj \u0160koda KAROQ, a t\u00f6k\u00e9letes SUV bring\u00e1s h\u00f6lgyeknek.\",\"breadcrumb\":{\"@id\":\"https:\/\/www.welovecycling.com\/hu\/miert-tekerunk\/skoda-karoq-a-tokeletes-suv-bringas-holgyeknek\/#breadcrumb\"},\"inLanguage\":\"hu\",\"potentialAction\":[{\"@type\":\"ReadAction\",\"target\":[\"https:\/\/www.welovecycling.com\/hu\/miert-tekerunk\/skoda-karoq-a-tokeletes-suv-bringas-holgyeknek\/\"]}]},{\"@type\":\"ImageObject\",\"inLanguage\":\"hu\",\"@id\":\"https:\/\/www.welovecycling.com\/hu\/miert-tekerunk\/skoda-karoq-a-tokeletes-suv-bringas-holgyeknek\/#primaryimage\",\"url\":\"https:\/\/d2p6e6u75xmxt8.cloudfront.net\/12\/2018\/08\/t\u00f6k\u00e9letes-SUV-bring\u00e1s-h\u00f6lgyeknek.jpg\",\"contentUrl\":\"https:\/\/d2p6e6u75xmxt8.cloudfront.net\/12\/2018\/08\/t\u00f6k\u00e9letes-SUV-bring\u00e1s-h\u00f6lgyeknek.jpg\",\"width\":1366,\"height\":600,\"caption\":\"Skoda Karoq SUV a t\u00f6k\u00e9letes n\u0151i bring\u00e1s aut\u00f3\"},{\"@type\":\"BreadcrumbList\",\"@id\":\"https:\/\/www.welovecycling.com\/hu\/miert-tekerunk\/skoda-karoq-a-tokeletes-suv-bringas-holgyeknek\/#breadcrumb\",\"itemListElement\":[{\"@type\":\"ListItem\",\"position\":1,\"name\":\"Home\",\"item\":\"https:\/\/www.welovecycling.com\/hu\/\"},{\"@type\":\"ListItem\",\"position\":2,\"name\":\"\u0160koda KAROQ: A t\u00f6k\u00e9letes SUV bring\u00e1s h\u00f6lgyeknek\"}]},{\"@type\":\"WebSite\",\"@id\":\"https:\/\/www.welovecycling.com\/hu\/#website\",\"url\":\"https:\/\/www.welovecycling.com\/hu\/\",\"name\":\"\u0160koda We Love Cycling - Magyarorsz\u00e1g\",\"description\":\"\u0160koda WeLoveCycling\",\"potentialAction\":[{\"@type\":\"SearchAction\",\"target\":{\"@type\":\"EntryPoint\",\"urlTemplate\":\"https:\/\/www.welovecycling.com\/hu\/?s={search_term_string}\"},\"query-input\":{\"@type\":\"PropertyValueSpecification\",\"valueRequired\":true,\"valueName\":\"search_term_string\"}}],\"inLanguage\":\"hu\"},{\"@type\":\"Person\",\"@id\":\"https:\/\/www.welovecycling.com\/hu\/#\/schema\/person\/414a2aebf1801691a5320edb6468e194\",\"name\":\"hegyizs\",\"image\":{\"@type\":\"ImageObject\",\"inLanguage\":\"hu\",\"@id\":\"https:\/\/www.welovecycling.com\/hu\/#\/schema\/person\/image\/\",\"url\":\"https:\/\/secure.gravatar.com\/avatar\/02cf8a7906b8cf90cecb4679defac7cfd33a1c2e3b88e4903d947f3bb58eedd3?s=96&d=mm&r=g\",\"contentUrl\":\"https:\/\/secure.gravatar.com\/avatar\/02cf8a7906b8cf90cecb4679defac7cfd33a1c2e3b88e4903d947f3bb58eedd3?s=96&d=mm&r=g\",\"caption\":\"hegyizs\"},\"url\":\"https:\/\/www.welovecycling.com\/hu\/author\/hegyizs\/\"}]}<\/script>\n<!-- \/ Yoast SEO Premium plugin. -->","yoast_head_json":{"title":"\u0160koda KAROQ: A t\u00f6k\u00e9letes SUV bring\u00e1s h\u00f6lgyeknek - \u0160koda We Love Cycling - Magyarorsz\u00e1g","description":"Sokkal k\u00f6nnyebben \u00e9s messzebbre juthatsz el, ha valamilyen j\u00e1rm\u0171vel utazol a helysz\u00ednre, \u00e9s ezek k\u00f6z\u00fcl k\u00e9ts\u00e9gtelen\u00fcl az aut\u00f3 a legk\u00e9nyelmesebb. Erre t\u00f6k\u00e9letes az \u00faj \u0160koda KAROQ, a t\u00f6k\u00e9letes SUV bring\u00e1s h\u00f6lgyeknek.","robots":{"index":"index","follow":"follow","max-snippet":"max-snippet:-1","max-image-preview":"max-image-preview:large","max-video-preview":"max-video-preview:-1"},"canonical":"https:\/\/www.welovecycling.com\/hu\/miert-tekerunk\/skoda-karoq-a-tokeletes-suv-bringas-holgyeknek\/","og_locale":"hu_HU","og_type":"article","og_title":"\u0160koda KAROQ: A t\u00f6k\u00e9letes SUV bring\u00e1s h\u00f6lgyeknek","og_description":"Sokkal k\u00f6nnyebben \u00e9s messzebbre juthatsz el, ha valamilyen j\u00e1rm\u0171vel utazol a helysz\u00ednre, \u00e9s ezek k\u00f6z\u00fcl k\u00e9ts\u00e9gtelen\u00fcl az aut\u00f3 a legk\u00e9nyelmesebb. Erre t\u00f6k\u00e9letes az \u00faj \u0160koda KAROQ, a t\u00f6k\u00e9letes SUV bring\u00e1s h\u00f6lgyeknek.","og_url":"https:\/\/www.welovecycling.com\/hu\/miert-tekerunk\/skoda-karoq-a-tokeletes-suv-bringas-holgyeknek\/","og_site_name":"\u0160koda We Love Cycling - Magyarorsz\u00e1g","article_publisher":"https:\/\/www.facebook.com\/WeLoveCyclingHungary\/","article_published_time":"2018-08-18T13:23:06+00:00","article_modified_time":"2022-02-09T07:49:19+00:00","og_image":[{"width":1366,"height":600,"url":"https:\/\/d2p6e6u75xmxt8.cloudfront.net\/12\/2018\/08\/t\u00f6k\u00e9letes-SUV-bring\u00e1s-h\u00f6lgyeknek.jpg","type":"image\/jpeg"}],"author":"hegyizs","twitter_card":"summary_large_image","twitter_misc":{"Written by":"hegyizs","Est. reading time":"3 minutes"},"schema":{"@context":"https:\/\/schema.org","@graph":[{"@type":"WebPage","@id":"https:\/\/www.welovecycling.com\/hu\/miert-tekerunk\/skoda-karoq-a-tokeletes-suv-bringas-holgyeknek\/","url":"https:\/\/www.welovecycling.com\/hu\/miert-tekerunk\/skoda-karoq-a-tokeletes-suv-bringas-holgyeknek\/","name":"\u0160koda KAROQ: A t\u00f6k\u00e9letes SUV bring\u00e1s h\u00f6lgyeknek - \u0160koda We Love Cycling - Magyarorsz\u00e1g","isPartOf":{"@id":"https:\/\/www.welovecycling.com\/hu\/#website"},"primaryImageOfPage":{"@id":"https:\/\/www.welovecycling.com\/hu\/miert-tekerunk\/skoda-karoq-a-tokeletes-suv-bringas-holgyeknek\/#primaryimage"},"image":{"@id":"https:\/\/www.welovecycling.com\/hu\/miert-tekerunk\/skoda-karoq-a-tokeletes-suv-bringas-holgyeknek\/#primaryimage"},"thumbnailUrl":"https:\/\/d2p6e6u75xmxt8.cloudfront.net\/12\/2018\/08\/t\u00f6k\u00e9letes-SUV-bring\u00e1s-h\u00f6lgyeknek.jpg","datePublished":"2018-08-18T13:23:06+00:00","dateModified":"2022-02-09T07:49:19+00:00","author":{"@id":"https:\/\/www.welovecycling.com\/hu\/#\/schema\/person\/414a2aebf1801691a5320edb6468e194"},"description":"Sokkal k\u00f6nnyebben \u00e9s messzebbre juthatsz el, ha valamilyen j\u00e1rm\u0171vel utazol a helysz\u00ednre, \u00e9s ezek k\u00f6z\u00fcl k\u00e9ts\u00e9gtelen\u00fcl az aut\u00f3 a legk\u00e9nyelmesebb. Erre t\u00f6k\u00e9letes az \u00faj \u0160koda KAROQ, a t\u00f6k\u00e9letes SUV bring\u00e1s h\u00f6lgyeknek.","breadcrumb":{"@id":"https:\/\/www.welovecycling.com\/hu\/miert-tekerunk\/skoda-karoq-a-tokeletes-suv-bringas-holgyeknek\/#breadcrumb"},"inLanguage":"hu","potentialAction":[{"@type":"ReadAction","target":["https:\/\/www.welovecycling.com\/hu\/miert-tekerunk\/skoda-karoq-a-tokeletes-suv-bringas-holgyeknek\/"]}]},{"@type":"ImageObject","inLanguage":"hu","@id":"https:\/\/www.welovecycling.com\/hu\/miert-tekerunk\/skoda-karoq-a-tokeletes-suv-bringas-holgyeknek\/#primaryimage","url":"https:\/\/d2p6e6u75xmxt8.cloudfront.net\/12\/2018\/08\/t\u00f6k\u00e9letes-SUV-bring\u00e1s-h\u00f6lgyeknek.jpg","contentUrl":"https:\/\/d2p6e6u75xmxt8.cloudfront.net\/12\/2018\/08\/t\u00f6k\u00e9letes-SUV-bring\u00e1s-h\u00f6lgyeknek.jpg","width":1366,"height":600,"caption":"Skoda Karoq SUV a t\u00f6k\u00e9letes n\u0151i bring\u00e1s aut\u00f3"},{"@type":"BreadcrumbList","@id":"https:\/\/www.welovecycling.com\/hu\/miert-tekerunk\/skoda-karoq-a-tokeletes-suv-bringas-holgyeknek\/#breadcrumb","itemListElement":[{"@type":"ListItem","position":1,"name":"Home","item":"https:\/\/www.welovecycling.com\/hu\/"},{"@type":"ListItem","position":2,"name":"\u0160koda KAROQ: A t\u00f6k\u00e9letes SUV bring\u00e1s h\u00f6lgyeknek"}]},{"@type":"WebSite","@id":"https:\/\/www.welovecycling.com\/hu\/#website","url":"https:\/\/www.welovecycling.com\/hu\/","name":"\u0160koda We Love Cycling - Magyarorsz\u00e1g","description":"\u0160koda WeLoveCycling","potentialAction":[{"@type":"SearchAction","target":{"@type":"EntryPoint","urlTemplate":"https:\/\/www.welovecycling.com\/hu\/?s={search_term_string}"},"query-input":{"@type":"PropertyValueSpecification","valueRequired":true,"valueName":"search_term_string"}}],"inLanguage":"hu"},{"@type":"Person","@id":"https:\/\/www.welovecycling.com\/hu\/#\/schema\/person\/414a2aebf1801691a5320edb6468e194","name":"hegyizs","image":{"@type":"ImageObject","inLanguage":"hu","@id":"https:\/\/www.welovecycling.com\/hu\/#\/schema\/person\/image\/","url":"https:\/\/secure.gravatar.com\/avatar\/02cf8a7906b8cf90cecb4679defac7cfd33a1c2e3b88e4903d947f3bb58eedd3?s=96&d=mm&r=g","contentUrl":"https:\/\/secure.gravatar.com\/avatar\/02cf8a7906b8cf90cecb4679defac7cfd33a1c2e3b88e4903d947f3bb58eedd3?s=96&d=mm&r=g","caption":"hegyizs"},"url":"https:\/\/www.welovecycling.com\/hu\/author\/hegyizs\/"}]}},"_links":{"self":[{"href":"https:\/\/www.welovecycling.com\/hu\/wp-json\/wp\/v2\/posts\/1465","targetHints":{"allow":["GET"]}}],"collection":[{"href":"https:\/\/www.welovecycling.com\/hu\/wp-json\/wp\/v2\/posts"}],"about":[{"href":"https:\/\/www.welovecycling.com\/hu\/wp-json\/wp\/v2\/types\/post"}],"author":[{"embeddable":true,"href":"https:\/\/www.welovecycling.com\/hu\/wp-json\/wp\/v2\/users\/71"}],"replies":[{"embeddable":true,"href":"https:\/\/www.welovecycling.com\/hu\/wp-json\/wp\/v2\/comments?post=1465"}],"version-history":[{"count":2,"href":"https:\/\/www.welovecycling.com\/hu\/wp-json\/wp\/v2\/posts\/1465\/revisions"}],"predecessor-version":[{"id":1571,"href":"https:\/\/www.welovecycling.com\/hu\/wp-json\/wp\/v2\/posts\/1465\/revisions\/1571"}],"wp:featuredmedia":[{"embeddable":true,"href":"https:\/\/www.welovecycling.com\/hu\/wp-json\/wp\/v2\/media\/1467"}],"wp:attachment":[{"href":"https:\/\/www.welovecycling.com\/hu\/wp-json\/wp\/v2\/media?parent=1465"}],"wp:term":[{"taxonomy":"category","embeddable":true,"href":"https:\/\/www.welovecycling.com\/hu\/wp-json\/wp\/v2\/categories?post=1465"},{"taxonomy":"post_tag","embeddable":true,"href":"https:\/\/www.welovecycling.com\/hu\/wp-json\/wp\/v2\/tags?post=1465"},{"taxonomy":"global-categories","embeddable":true,"href":"https:\/\/www.welovecycling.com\/hu\/wp-json\/wp\/v2\/global-categories?post=1465"}],"curies":[{"name":"wp","href":"https:\/\/api.w.org\/{rel}","templated":true}]}}