{"id":1463,"date":"2018-08-10T12:07:28","date_gmt":"2018-08-10T12:07:28","guid":{"rendered":"https:\/\/www.welovecycling.com\/hu\/?p=1463"},"modified":"2018-08-13T09:29:52","modified_gmt":"2018-08-13T09:29:52","slug":"miert-tekerunk-blind-chic","status":"publish","type":"post","link":"https:\/\/www.welovecycling.com\/hu\/miert-tekerunk\/miert-tekerunk-blind-chic\/","title":{"rendered":"A t\u00f6k\u00e9letes bringa olyan, mint egy sv\u00e1jci bicska"},"content":{"rendered":"<p><strong>Mi bring\u00e1sok tudjuk, milyen fontos a megfelel\u0151 h\u00e1tizs\u00e1kkal \u00fatra kelni, \u00e9s valljuk be, szeretj\u00fck, ha egy t\u00e1ska nemcsak funkci\u00f3j\u00e1t tekintve p\u00f6pec, de st\u00edlusos is.\u00a0 Ilyenek a Blind Chic. t\u00e1sk\u00e1i, melyek egyenesen a bringa szerelmeseinek k\u00e9sz\u00fcltek. Most a m\u00e1rka tervez\u0151i, Juli \u00e9s Ne\u017ea mes\u00e9lnek nek\u00fcnk, mi\u00e9rt jelent sz\u00e1mukra a teker\u00e9s t\u00f6bbet a szimpla sportn\u00e1l. \u00a0<\/strong><\/p>\n<h2><!--more-->Mi\u00f3ta ker\u00e9kp\u00e1roztok?<\/h2>\n<p><strong><em>Juli:<\/em><\/strong> Mi\u00f3ta az eszemet tudom, ker\u00e9kp\u00e1rral j\u00e1rok mindenhov\u00e1. Biciklivel k\u00f6zlekedtem Szegeden is, Budapesten is, \u00e9s az \u00f6sszes k\u00fclf\u00f6ldi v\u00e1rosban, ahol hosszabb ideig tart\u00f3zkodtam.<\/p>\n<p>Az igazi szenved\u00e9ly akkor alakult ki, amikor D\u00e1ni\u00e1ban \u00e9ltem, ahol a ker\u00e9kp\u00e1roz\u00e1snak hatalmas kult\u00far\u00e1ja van \u00e9s ennek k\u00f6sz\u00f6nhet\u0151en az infrastrukt\u00fara nem csak a v\u00e1rosokra korl\u00e1toz\u00f3dik, hanem az eg\u00e9sz orsz\u00e1got beh\u00e1l\u00f3zza. Belel\u00e1tni egy ilyen kult\u00far\u00e1ba, ahol ekkora figyelmet ford\u00edtanak a ker\u00e9kp\u00e1rosokra, egyszerre volt meglep\u0151 \u00e9s hihetetlen\u00fcl inspir\u00e1l\u00f3. Ott nem sz\u00e1m\u00edt, ha esik, ha f\u00faj, ha a f\u00e9l csal\u00e1dot el kell sz\u00e1ll\u00edtani, mert ker\u00e9kp\u00e1rral minden megoldhat\u00f3.<\/p>\n<p><strong><em>Ne\u017ea: <\/em><\/strong>Csak 6 \u00e9vesen tanultam meg biciklizni, de onnant\u00f3l sz\u00e1m\u00edtva az \u00e9letem r\u00e9sz\u00e9v\u00e9 v\u00e1lt a teker\u00e9s. Komolyabban akkor kezdett el \u00e9rdekelni a bring\u00e1z\u00e1s, mikor 15 \u00e9vesen megkaptam az els\u0151 orsz\u00e1g\u00fati bic\u00f3mat.<\/p>\n<h2>Mi\u00e9rt kezdt\u00e9tek el a teker\u00e9st?<\/h2>\n<p><strong><em>Juli:<\/em><\/strong> Sz\u00e1momra ez term\u00e9szetesen j\u00f6tt, mert Szegeden n\u0151ttem fel, ahol bring\u00e1val szinte minden megk\u00f6zel\u00edthet\u0151, nagyon r\u00f6vid id\u0151 alatt. Nekem valahogy mindig a f\u00fcggetlens\u00e9ghez vezet vissza minden ker\u00e9kp\u00e1ros kezdem\u00e9nyez\u00e9s. Gimnazista, egyetemista koromban legink\u00e1bb k\u00f6zleked\u00e9si eszk\u00f6zk\u00e9nt szolg\u00e1lt. \u00d6r\u00fcltem, hogy nem kellett se aut\u00f3hoz, se t\u00f6megk\u00f6zleked\u00e9shez igazodni.<\/p>\n<p><strong><em>Ne\u017ea: <\/em><\/strong>Nekem a bicikli mindig is egy olyan eszk\u00f6zt jelentett, amivel \u00faj helyeket fedezhetek fel a h\u00e1zunk vagy a falu k\u00f6rny\u00e9k\u00e9n. Seg\u00edts\u00e9g\u00e9vel f\u00fcggetlennek \u00e9rezhettem magam, \u00e9s el\u00e9g b\u00e1tors\u00e1got adott ahhoz, hogy kisebb felfedez\u0151utakra indulhassak, ak\u00e1r a sz\u00fcleim n\u00e9lk\u00fcl.<\/p>\n<h2>Milyen gyakran \u00e9s milyen terepen bring\u00e1ztok?<\/h2>\n<p><em><strong>Juli:<\/strong><\/em> Minden nap ker\u00e9kp\u00e1rozom, viszont a napi rendszeress\u00e9g t\u00f6bbnyire a v\u00e1rosra korl\u00e1toz\u00f3dik.<\/p>\n<p>Ny\u00e1ron, ha tehetem, igyekszem min\u00e9l t\u00f6bbet t\u00far\u00e1zni. A ker\u00e9kp\u00e1r t\u00edpusa nagym\u00e9rt\u00e9kben befoly\u00e1solja, hogy ezt milyen terepen tehetem, \u00edgy egyel\u0151re maradok orsz\u00e1g\u00faton.<\/p>\n<p><strong><em>Ne\u017ea:<\/em><\/strong> Im\u00e1dok hajnalban kitekerni a H\u00e1rmashat\u00e1r-hegyre, amikor a v\u00e1ros m\u00e9g alszik. Csak \u00e9n \u00e9s a madarak, olyankor \u00fajra kisgyereknek \u00e9rzem magam, \u00e9s az eg\u00e9sz erd\u0151 a j\u00e1tsz\u00f3terem. H\u00e9tv\u00e9gente gyakran hagyom el a v\u00e1rost \u00e9s l\u00e1togatom meg a Pilist. Olyan sok az izgalmas bring\u00e1s \u00f6sv\u00e9ny, szeretek ezeken elt\u00e9vedni, m\u00e9g ha csak 1 percig is. Az \u00faj kedvencem pedig a bikepacking, ami tulajdonk\u00e9ppen k\u00f6nny\u0171s\u00falyos bring\u00e1z\u00e1st takar, \u00e9s amelynek sor\u00e1n megh\u00f3d\u00edthatom a nehezebb terepeket is.<\/p>\n<h2>Milyen szerepet t\u00f6lt be az \u00e9letetekben a ker\u00e9kp\u00e1roz\u00e1s?<\/h2>\n<p><strong><em>Juli:<\/em><\/strong> Sz\u00e1momra a ker\u00e9kp\u00e1roz\u00e1s egy \u00e9letforma. Nez\u00e1val t\u00e9len-ny\u00e1ron ker\u00e9kp\u00e1rozunk a v\u00e1ros hat\u00e1rain bel\u00fcl \u00e9s k\u00edv\u00fcl is. Mindketten vid\u00e9kr\u0151l sz\u00e1rmazunk. \u00c9n Szegedr\u0151l, Ne\u017ea pedig Ljubljana vonz\u00e1sk\u00f6rzet\u00e9b\u0151l, egy kis telep\u00fcl\u00e9sr\u0151l, melyet a term\u00e9szet \u00f6lel k\u00f6rbe. Az, hogy siker\u00fclt elviselhet\u0151v\u00e9 tenni a v\u00e1ros ritmus\u00e1t, sokban k\u00f6sz\u00f6nhet\u0151 annak, hogy kiz\u00e1rtuk az \u00e9let\u00fcnkb\u0151l a t\u00f6megk\u00f6zleked\u00e9st.<\/p>\n<p>A ker\u00e9kp\u00e1roz\u00e1s v\u00e9gtelen szabads\u00e1got ny\u00fajt, mellyel az ember nem csak f\u00fcggetlen\u00edteni tudja mag\u00e1t id\u0151t\u0151l, forgalomt\u00f3l, menetrendekt\u0151l, de a lelk\u00e9t is felszabad\u00edtja.<\/p>\n<p>Mi az ut\u00f3bbi \u00e9vekben \u00e9rezt\u00fcnk r\u00e1 a v\u00e1roson k\u00edv\u00fcli ker\u00e9kp\u00e1roz\u00e1s ny\u00fajtotta lehet\u0151s\u00e9gekre. Az ember b\u00e1rmerre utazhat ker\u00e9kp\u00e1rral, sokszor terveznie se kell el\u0151re, csak elindul a nagyvil\u00e1gba \u00e9s ott sz\u00e1l meg ahol a r\u00e1esteledik. A legfontosabbak viszont azok a kapcsol\u00f3d\u00e1sok \u00e9s \u00e9lm\u00e9nyek, melyek a ker\u00e9kp\u00e1roz\u00e1shoz f\u0171z\u00f6tt szenved\u00e9lynek k\u00f6sz\u00f6nhet\u0151en alakultak ki.<\/p>\n<p><strong><em>Ne\u017ea: <\/em><\/strong>A ker\u00e9kp\u00e1roz\u00e1s \u00f3ri\u00e1si szerepet j\u00e1tszik az \u00e9letemben. Fogalmazhatn\u00e9k \u00fagy is, hogy ez mindennek, amit valaha csin\u00e1ltam \u00e9s minden j\u00f6v\u0151beli tervem hajt\u00f3motorja. R\u00e9szese lenni a biciklis kult\u00far\u00e1nak form\u00e1lt azz\u00e1 az emberr\u00e9, aki most vagyok.<\/p>\n<h2>Milyen sz\u00e1motokra az ide\u00e1lis ker\u00e9kp\u00e1r?<\/h2>\n<p><strong><em>Juli:<\/em><\/strong> \u00c9n abszol\u00fat funkcion\u00e1lis t\u00edpus vagyok, sz\u00e1momra a legf\u0151bb priorit\u00e1s, hogy a ker\u00e9kp\u00e1r megfelel\u0151 legyen azon a terepen, ahol napi rendszeress\u00e9ggel haszn\u00e1lom. Ennek ellen\u00e9re szeretem csinos\u00edtgatni a saj\u00e1t \u00edzl\u00e9sem szerint. El\u0151bb vagy ut\u00f3bb, mindig el kezdek k\u00f6t\u0151dni mindegyikhez, ez\u00e9rt nagyon neh\u00e9z megv\u00e1lni t\u0151l\u00fck.<\/p>\n<p><strong><em>Ne\u017ea:<\/em><\/strong> Az \u00e9n olvasatomban a t\u00f6k\u00e9letes bringa olyan, mint egy sv\u00e1jci bicska, multifunkci\u00f3s \u00e9s b\u00edrja a strap\u00e1t!<\/p>\n<h2>Mit tan\u00e1csoltok azoknak a n\u0151knek, akik most kezdenek bring\u00e1zni?<\/h2>\n<p><strong><em>Juli:<\/em><\/strong> Hordjanak buk\u00f3t! Eleinte ijeszt\u0151 belecs\u00f6ppenni a budapesti forgalomba. Nekem is az volt, de az ember gyorsan hozz\u00e1szokik \u00e9s megtanulja, hogy hol vannak a hat\u00e1rai, \u00e9s hol, melyik \u00faton szeret k\u00f6zlekedni vagy \u00e9ppen mit v\u00e1llal be. A buk\u00f3sisak lehet, hogy nem seg\u00edt az ember komfort\u00e9rzet\u00e9n, de minden bizonnyal ad egy olyasfajta biztons\u00e1g\u00e9rzetet, ami \u00e1tlend\u00edti a kezdeti f\u00e9lelmeken.<\/p>\n<p><strong><em>Ne\u017ea:<\/em><\/strong> Min\u00e9l t\u00f6bbet tekersz, ann\u00e1l magabiztosabb\u00e1 v\u00e1lsz \u00e9s jobban fogod b\u00edrni az er\u0151sebb terhel\u00e9st. Kezd apr\u00f3 l\u00e9p\u00e9sekkel, figyelj oda a r\u00e9szletekre, viselj buk\u00f3t \u00e9s soha ne add fel!<\/p>\n<h2>Szerintetek miben m\u00e1s n\u0151k\u00e9nt ker\u00e9kp\u00e1rozni?<\/h2>\n<p><strong><em>Juli: <\/em><\/strong>Sok\u00e1ig gondoltam azt, hogy van egy megker\u00fclhetetlen r\u00e9sze a rendszeres ker\u00e9kp\u00e1roz\u00e1snak, m\u00e9gpedig az a sz\u00e1mtalan kompromisszum, amit az \u00f6lt\u00f6zk\u00f6d\u00e9sben meg kell hozni: ha f\u00e9rfiv\u00e1zas a bicikli nem hordhatunk szokny\u00e1t; ha t\u00fal meleg van, megizzadunk; ha magassark\u00fat hordunk, nem tudunk ped\u00e1lozni. A lista v\u00e9gtelen. Azt\u00e1n az ut\u00f3bbi \u00e9vekben meghoztam azokat a d\u00f6nt\u00e9seket, melyekkel m\u00e1r egy\u00fctt tudok \u00e9lni, megtal\u00e1ltam egy olyan egyens\u00falyt, ami \u00e9n vagyok. Szerintem id\u0151vel minden n\u0151 megtal\u00e1lja a maga kereteit, kompromisszumait a ker\u00e9kp\u00e1roz\u00e1sban \u00fagy, hogy a saj\u00e1t m\u00e9rc\u00e9j\u00e9vel m\u00e9rt n\u0151iess\u00e9ge ne csorbuljon. \u00a0Szerintem itt a megfelel\u0151 ker\u00e9kp\u00e1r kiv\u00e1laszt\u00e1sa kulcsfontoss\u00e1g\u00fa. Fontos, hogy az \u00f6lt\u00f6zk\u00f6d\u00e9si \u00e9s k\u00f6zleked\u00e9si szok\u00e1soknak megfelel\u0151 eszk\u00f6zt v\u00e1lasszunk, ami sokat seg\u00edthet komfortosabb\u00e1 tenni a napi teker\u00e9st \u00e9s tal\u00e1n kevesebb \u00e1ldozattal is j\u00e1r.<\/p>\n<p><strong><em>Ne\u017ea: <\/em><\/strong>A bringa sz\u00e1momra mindig is egy olyan t\u00e1rgyat jelentett, amely felhatalmazta a n\u0151ket arra, hogy \u0151k is lehetnek er\u0151sek \u00e9s b\u00e1trak, \u00e9s csin\u00e1lhatnak olyan dolgokat is lelkesed\u00e9ssel, amelyek messze t\u00falmutatnak a t\u0151l\u00fck elv\u00e1rt hat\u00e1rokon.<\/p>\n<h2>Milyennek l\u00e1tj\u00e1tok a hazai n\u0151i ker\u00e9kp\u00e1rosokat?<\/h2>\n<p><strong><em>Ne\u017ea: <\/em><\/strong>Rengeteg bring\u00e1s csajt l\u00e1tok nap, mint nap a v\u00e1rosban ing\u00e1zni, ami nagyszer\u0171. Viszont m\u00e9g boldogabb lenn\u00e9k, ha t\u00f6bben lenn\u00e9nk a v\u00e1roson k\u00edv\u00fcli terepeken is, hiszen bring\u00e1val felfedezni a term\u00e9szetet \u00e9s kalandozni erre-arra, igaz\u00e1n vag\u00e1ny dolog!<\/p>\n<h2>Ha most v\u00e1ltoztathatn\u00e1tok valamin az itthoni ker\u00e9kp\u00e1ros vil\u00e1gban, mi lenne az?<\/h2>\n<p><strong><em>Juli<\/em><\/strong>: Nekem a legink\u00e1bb zavar\u00f3 t\u00e9nyez\u0151 a megfelel\u0151 infrastrukt\u00fara hi\u00e1nya, v\u00e1roson bel\u00fcl \u00e9s k\u00edv\u00fcl is. Hihetetlen m\u00e9rt\u00e9kben lehetne n\u00f6velni a ker\u00e9kp\u00e1rral k\u00f6zleked\u0151k sz\u00e1m\u00e1t, ha a v\u00e1rosban \u00e9s az orsz\u00e1gban lenne erre megfelel\u0151 figyelem.<\/p>\n<p><strong><em>Ne\u017ea: <\/em><\/strong>Szuper lenne, ha a taxi- \u00e9s buszsof\u0151r\u00f6k t\u00fcrelmesebben viszonyuln\u00e1nak hozz\u00e1nk, bring\u00e1sokhoz. Mindannyian siet\u00fcnk valahov\u00e1 \u00e9s biztons\u00e1gosan, de legf\u0151k\u00e9ppen egy darabban szeretn\u00e9nk oda\u00e9rni.<\/p>\n<h2>N\u00e9zd meg, hogyan \u00e9s mi\u00e9rt tekernek a l\u00e1nyok!<\/h2>\n<lite-youtube videoid=0zcAUFmIav0 params=\"enablejsapi=1\" style=\"background-image: url('https:\/\/i.ytimg.com\/vi_webp\/0zcAUFmIav0\/maxresdefault.webp');\"><\/lite-youtube>\n<p>Meghallgatn\u00e1d, milyen zen\u00e9re tekernek a l\u00e1nyok? Szerencs\u00e9d van, mert kaptunk t\u0151l\u00fck egy playlistet:<\/p>\n<div class=\"embed-controller-wrapper\"><iframe title=\"Spotify Embed: Blind Chic. top 10\" style=\"border-radius: 12px\" width=\"100%\" height=\"352\" frameborder=\"0\" allowfullscreen allow=\"autoplay; clipboard-write; encrypted-media; fullscreen; picture-in-picture\" loading=\"lazy\" data-src=\"https:\/\/open.spotify.com\/embed\/playlist\/0bKeQlKEdpMG9Q65tspuF5?si=GKdgFSJyQy6GbBUsgKDP3A&#038;utm_source=oembed\"><\/iframe><\/div>\n<p>Szeretn\u00e9l t\u00f6bbet tudni arr\u00f3l, hogy mi\u00e9rt teker\u00fcnk? Akkor <a href=\"https:\/\/www.welovecycling.com\/hu\/category\/miert-tekerunk\/\">katt ide!<\/a><\/p>\n","protected":false},"excerpt":{"rendered":"<p>Mi bring\u00e1sok tudjuk, milyen fontos a megfelel\u0151 h\u00e1tizs\u00e1kkal \u00fatra kelni, \u00e9s valljuk be, szeretj\u00fck, ha egy t\u00e1ska nemcsak funkci\u00f3j\u00e1t tekintve [&hellip;]<\/p>\n","protected":false},"author":71,"featured_media":1568,"comment_status":"open","ping_status":"open","sticky":false,"template":"","format":"standard","meta":{"footnotes":""},"categories":[99],"tags":[17,135,16,28,27,136,115],"global-categories":[],"class_list":["post-1463","post","type-post","status-publish","format-standard","has-post-thumbnail","hentry","category-miert-tekerunk","tag-bicikli","tag-blind-chic","tag-kerekpar","tag-kerekpar-blog","tag-kerekpar-magazin","tag-kerekparos-marka","tag-miert-tekerunk"],"yoast_head":"<!-- This site is optimized with the Yoast SEO Premium plugin v25.3 (Yoast SEO v25.9) - https:\/\/yoast.com\/wordpress\/plugins\/seo\/ -->\n<title>A t\u00f6k\u00e9letes bringa olyan, mint egy sv\u00e1jci bicska - \u0160koda We Love Cycling - Magyarorsz\u00e1g<\/title>\n<meta name=\"description\" content=\"Mi bring\u00e1sok tudjuk, milyen fontos a megfelel\u0151 h\u00e1tizs\u00e1kkal \u00fatra kelni, \u00e9s valljuk be, szeretj\u00fck, ha egy t\u00e1ska nemcsak funkci\u00f3j\u00e1t tekintve p\u00f6pec, de st\u00edlusos is.\u00a0 Ilyenek a Blind Chic. t\u00e1sk\u00e1i, melyek egyenesen a bic\u00f3z\u00e1s szerelmeseinek k\u00e9sz\u00fcltek.\" \/>\n<meta name=\"robots\" content=\"index, follow, max-snippet:-1, max-image-preview:large, max-video-preview:-1\" \/>\n<link rel=\"canonical\" href=\"https:\/\/www.welovecycling.com\/hu\/miert-tekerunk\/miert-tekerunk-blind-chic\/\" \/>\n<meta property=\"og:locale\" content=\"hu_HU\" \/>\n<meta property=\"og:type\" content=\"article\" \/>\n<meta property=\"og:title\" content=\"A t\u00f6k\u00e9letes bringa olyan, mint egy sv\u00e1jci bicska\" \/>\n<meta property=\"og:description\" content=\"Mi bring\u00e1sok tudjuk, milyen fontos a megfelel\u0151 h\u00e1tizs\u00e1kkal \u00fatra kelni, \u00e9s valljuk be, szeretj\u00fck, ha egy t\u00e1ska nemcsak funkci\u00f3j\u00e1t tekintve p\u00f6pec, de st\u00edlusos is.\u00a0 Ilyenek a Blind Chic. t\u00e1sk\u00e1i, melyek egyenesen a bic\u00f3z\u00e1s szerelmeseinek k\u00e9sz\u00fcltek.\" \/>\n<meta property=\"og:url\" content=\"https:\/\/www.welovecycling.com\/hu\/miert-tekerunk\/miert-tekerunk-blind-chic\/\" \/>\n<meta property=\"og:site_name\" content=\"\u0160koda We Love Cycling - Magyarorsz\u00e1g\" \/>\n<meta property=\"article:publisher\" content=\"https:\/\/www.facebook.com\/WeLoveCyclingHungary\/\" \/>\n<meta property=\"article:published_time\" content=\"2018-08-10T12:07:28+00:00\" \/>\n<meta property=\"article:modified_time\" content=\"2018-08-13T09:29:52+00:00\" \/>\n<meta property=\"og:image\" content=\"https:\/\/d2p6e6u75xmxt8.cloudfront.net\/12\/2018\/08\/blindchic.PNG-1.png\" \/>\n\t<meta property=\"og:image:width\" content=\"1195\" \/>\n\t<meta property=\"og:image:height\" content=\"507\" \/>\n\t<meta property=\"og:image:type\" content=\"image\/png\" \/>\n<meta name=\"author\" content=\"hegyizs\" \/>\n<meta name=\"twitter:card\" content=\"summary_large_image\" \/>\n<meta name=\"twitter:label1\" content=\"Written by\" \/>\n\t<meta name=\"twitter:data1\" content=\"hegyizs\" \/>\n\t<meta name=\"twitter:label2\" content=\"Est. reading time\" \/>\n\t<meta name=\"twitter:data2\" content=\"7 minutes\" \/>\n<script type=\"application\/ld+json\" class=\"yoast-schema-graph\">{\"@context\":\"https:\/\/schema.org\",\"@graph\":[{\"@type\":\"WebPage\",\"@id\":\"https:\/\/www.welovecycling.com\/hu\/miert-tekerunk\/miert-tekerunk-blind-chic\/\",\"url\":\"https:\/\/www.welovecycling.com\/hu\/miert-tekerunk\/miert-tekerunk-blind-chic\/\",\"name\":\"A t\u00f6k\u00e9letes bringa olyan, mint egy sv\u00e1jci bicska - \u0160koda We Love Cycling - Magyarorsz\u00e1g\",\"isPartOf\":{\"@id\":\"https:\/\/www.welovecycling.com\/hu\/#website\"},\"primaryImageOfPage\":{\"@id\":\"https:\/\/www.welovecycling.com\/hu\/miert-tekerunk\/miert-tekerunk-blind-chic\/#primaryimage\"},\"image\":{\"@id\":\"https:\/\/www.welovecycling.com\/hu\/miert-tekerunk\/miert-tekerunk-blind-chic\/#primaryimage\"},\"thumbnailUrl\":\"https:\/\/d2p6e6u75xmxt8.cloudfront.net\/12\/2018\/08\/blindchic.PNG-1.png\",\"datePublished\":\"2018-08-10T12:07:28+00:00\",\"dateModified\":\"2018-08-13T09:29:52+00:00\",\"author\":{\"@id\":\"https:\/\/www.welovecycling.com\/hu\/#\/schema\/person\/414a2aebf1801691a5320edb6468e194\"},\"description\":\"Mi bring\u00e1sok tudjuk, milyen fontos a megfelel\u0151 h\u00e1tizs\u00e1kkal \u00fatra kelni, \u00e9s valljuk be, szeretj\u00fck, ha egy t\u00e1ska nemcsak funkci\u00f3j\u00e1t tekintve p\u00f6pec, de st\u00edlusos is.\u00a0 Ilyenek a Blind Chic. t\u00e1sk\u00e1i, melyek egyenesen a bic\u00f3z\u00e1s szerelmeseinek k\u00e9sz\u00fcltek.\",\"breadcrumb\":{\"@id\":\"https:\/\/www.welovecycling.com\/hu\/miert-tekerunk\/miert-tekerunk-blind-chic\/#breadcrumb\"},\"inLanguage\":\"hu\",\"potentialAction\":[{\"@type\":\"ReadAction\",\"target\":[\"https:\/\/www.welovecycling.com\/hu\/miert-tekerunk\/miert-tekerunk-blind-chic\/\"]}]},{\"@type\":\"ImageObject\",\"inLanguage\":\"hu\",\"@id\":\"https:\/\/www.welovecycling.com\/hu\/miert-tekerunk\/miert-tekerunk-blind-chic\/#primaryimage\",\"url\":\"https:\/\/d2p6e6u75xmxt8.cloudfront.net\/12\/2018\/08\/blindchic.PNG-1.png\",\"contentUrl\":\"https:\/\/d2p6e6u75xmxt8.cloudfront.net\/12\/2018\/08\/blindchic.PNG-1.png\",\"width\":1195,\"height\":507,\"caption\":\"blind chic\"},{\"@type\":\"BreadcrumbList\",\"@id\":\"https:\/\/www.welovecycling.com\/hu\/miert-tekerunk\/miert-tekerunk-blind-chic\/#breadcrumb\",\"itemListElement\":[{\"@type\":\"ListItem\",\"position\":1,\"name\":\"Home\",\"item\":\"https:\/\/www.welovecycling.com\/hu\/\"},{\"@type\":\"ListItem\",\"position\":2,\"name\":\"A t\u00f6k\u00e9letes bringa olyan, mint egy sv\u00e1jci bicska\"}]},{\"@type\":\"WebSite\",\"@id\":\"https:\/\/www.welovecycling.com\/hu\/#website\",\"url\":\"https:\/\/www.welovecycling.com\/hu\/\",\"name\":\"\u0160koda We Love Cycling - Magyarorsz\u00e1g\",\"description\":\"\u0160koda WeLoveCycling\",\"potentialAction\":[{\"@type\":\"SearchAction\",\"target\":{\"@type\":\"EntryPoint\",\"urlTemplate\":\"https:\/\/www.welovecycling.com\/hu\/?s={search_term_string}\"},\"query-input\":{\"@type\":\"PropertyValueSpecification\",\"valueRequired\":true,\"valueName\":\"search_term_string\"}}],\"inLanguage\":\"hu\"},{\"@type\":\"Person\",\"@id\":\"https:\/\/www.welovecycling.com\/hu\/#\/schema\/person\/414a2aebf1801691a5320edb6468e194\",\"name\":\"hegyizs\",\"image\":{\"@type\":\"ImageObject\",\"inLanguage\":\"hu\",\"@id\":\"https:\/\/www.welovecycling.com\/hu\/#\/schema\/person\/image\/\",\"url\":\"https:\/\/secure.gravatar.com\/avatar\/02cf8a7906b8cf90cecb4679defac7cfd33a1c2e3b88e4903d947f3bb58eedd3?s=96&d=mm&r=g\",\"contentUrl\":\"https:\/\/secure.gravatar.com\/avatar\/02cf8a7906b8cf90cecb4679defac7cfd33a1c2e3b88e4903d947f3bb58eedd3?s=96&d=mm&r=g\",\"caption\":\"hegyizs\"},\"url\":\"https:\/\/www.welovecycling.com\/hu\/author\/hegyizs\/\"}]}<\/script>\n<!-- \/ Yoast SEO Premium plugin. -->","yoast_head_json":{"title":"A t\u00f6k\u00e9letes bringa olyan, mint egy sv\u00e1jci bicska - \u0160koda We Love Cycling - Magyarorsz\u00e1g","description":"Mi bring\u00e1sok tudjuk, milyen fontos a megfelel\u0151 h\u00e1tizs\u00e1kkal \u00fatra kelni, \u00e9s valljuk be, szeretj\u00fck, ha egy t\u00e1ska nemcsak funkci\u00f3j\u00e1t tekintve p\u00f6pec, de st\u00edlusos is.\u00a0 Ilyenek a Blind Chic. t\u00e1sk\u00e1i, melyek egyenesen a bic\u00f3z\u00e1s szerelmeseinek k\u00e9sz\u00fcltek.","robots":{"index":"index","follow":"follow","max-snippet":"max-snippet:-1","max-image-preview":"max-image-preview:large","max-video-preview":"max-video-preview:-1"},"canonical":"https:\/\/www.welovecycling.com\/hu\/miert-tekerunk\/miert-tekerunk-blind-chic\/","og_locale":"hu_HU","og_type":"article","og_title":"A t\u00f6k\u00e9letes bringa olyan, mint egy sv\u00e1jci bicska","og_description":"Mi bring\u00e1sok tudjuk, milyen fontos a megfelel\u0151 h\u00e1tizs\u00e1kkal \u00fatra kelni, \u00e9s valljuk be, szeretj\u00fck, ha egy t\u00e1ska nemcsak funkci\u00f3j\u00e1t tekintve p\u00f6pec, de st\u00edlusos is.\u00a0 Ilyenek a Blind Chic. t\u00e1sk\u00e1i, melyek egyenesen a bic\u00f3z\u00e1s szerelmeseinek k\u00e9sz\u00fcltek.","og_url":"https:\/\/www.welovecycling.com\/hu\/miert-tekerunk\/miert-tekerunk-blind-chic\/","og_site_name":"\u0160koda We Love Cycling - Magyarorsz\u00e1g","article_publisher":"https:\/\/www.facebook.com\/WeLoveCyclingHungary\/","article_published_time":"2018-08-10T12:07:28+00:00","article_modified_time":"2018-08-13T09:29:52+00:00","og_image":[{"width":1195,"height":507,"url":"https:\/\/d2p6e6u75xmxt8.cloudfront.net\/12\/2018\/08\/blindchic.PNG-1.png","type":"image\/png"}],"author":"hegyizs","twitter_card":"summary_large_image","twitter_misc":{"Written by":"hegyizs","Est. reading time":"7 minutes"},"schema":{"@context":"https:\/\/schema.org","@graph":[{"@type":"WebPage","@id":"https:\/\/www.welovecycling.com\/hu\/miert-tekerunk\/miert-tekerunk-blind-chic\/","url":"https:\/\/www.welovecycling.com\/hu\/miert-tekerunk\/miert-tekerunk-blind-chic\/","name":"A t\u00f6k\u00e9letes bringa olyan, mint egy sv\u00e1jci bicska - \u0160koda We Love Cycling - Magyarorsz\u00e1g","isPartOf":{"@id":"https:\/\/www.welovecycling.com\/hu\/#website"},"primaryImageOfPage":{"@id":"https:\/\/www.welovecycling.com\/hu\/miert-tekerunk\/miert-tekerunk-blind-chic\/#primaryimage"},"image":{"@id":"https:\/\/www.welovecycling.com\/hu\/miert-tekerunk\/miert-tekerunk-blind-chic\/#primaryimage"},"thumbnailUrl":"https:\/\/d2p6e6u75xmxt8.cloudfront.net\/12\/2018\/08\/blindchic.PNG-1.png","datePublished":"2018-08-10T12:07:28+00:00","dateModified":"2018-08-13T09:29:52+00:00","author":{"@id":"https:\/\/www.welovecycling.com\/hu\/#\/schema\/person\/414a2aebf1801691a5320edb6468e194"},"description":"Mi bring\u00e1sok tudjuk, milyen fontos a megfelel\u0151 h\u00e1tizs\u00e1kkal \u00fatra kelni, \u00e9s valljuk be, szeretj\u00fck, ha egy t\u00e1ska nemcsak funkci\u00f3j\u00e1t tekintve p\u00f6pec, de st\u00edlusos is.\u00a0 Ilyenek a Blind Chic. t\u00e1sk\u00e1i, melyek egyenesen a bic\u00f3z\u00e1s szerelmeseinek k\u00e9sz\u00fcltek.","breadcrumb":{"@id":"https:\/\/www.welovecycling.com\/hu\/miert-tekerunk\/miert-tekerunk-blind-chic\/#breadcrumb"},"inLanguage":"hu","potentialAction":[{"@type":"ReadAction","target":["https:\/\/www.welovecycling.com\/hu\/miert-tekerunk\/miert-tekerunk-blind-chic\/"]}]},{"@type":"ImageObject","inLanguage":"hu","@id":"https:\/\/www.welovecycling.com\/hu\/miert-tekerunk\/miert-tekerunk-blind-chic\/#primaryimage","url":"https:\/\/d2p6e6u75xmxt8.cloudfront.net\/12\/2018\/08\/blindchic.PNG-1.png","contentUrl":"https:\/\/d2p6e6u75xmxt8.cloudfront.net\/12\/2018\/08\/blindchic.PNG-1.png","width":1195,"height":507,"caption":"blind chic"},{"@type":"BreadcrumbList","@id":"https:\/\/www.welovecycling.com\/hu\/miert-tekerunk\/miert-tekerunk-blind-chic\/#breadcrumb","itemListElement":[{"@type":"ListItem","position":1,"name":"Home","item":"https:\/\/www.welovecycling.com\/hu\/"},{"@type":"ListItem","position":2,"name":"A t\u00f6k\u00e9letes bringa olyan, mint egy sv\u00e1jci bicska"}]},{"@type":"WebSite","@id":"https:\/\/www.welovecycling.com\/hu\/#website","url":"https:\/\/www.welovecycling.com\/hu\/","name":"\u0160koda We Love Cycling - Magyarorsz\u00e1g","description":"\u0160koda WeLoveCycling","potentialAction":[{"@type":"SearchAction","target":{"@type":"EntryPoint","urlTemplate":"https:\/\/www.welovecycling.com\/hu\/?s={search_term_string}"},"query-input":{"@type":"PropertyValueSpecification","valueRequired":true,"valueName":"search_term_string"}}],"inLanguage":"hu"},{"@type":"Person","@id":"https:\/\/www.welovecycling.com\/hu\/#\/schema\/person\/414a2aebf1801691a5320edb6468e194","name":"hegyizs","image":{"@type":"ImageObject","inLanguage":"hu","@id":"https:\/\/www.welovecycling.com\/hu\/#\/schema\/person\/image\/","url":"https:\/\/secure.gravatar.com\/avatar\/02cf8a7906b8cf90cecb4679defac7cfd33a1c2e3b88e4903d947f3bb58eedd3?s=96&d=mm&r=g","contentUrl":"https:\/\/secure.gravatar.com\/avatar\/02cf8a7906b8cf90cecb4679defac7cfd33a1c2e3b88e4903d947f3bb58eedd3?s=96&d=mm&r=g","caption":"hegyizs"},"url":"https:\/\/www.welovecycling.com\/hu\/author\/hegyizs\/"}]}},"_links":{"self":[{"href":"https:\/\/www.welovecycling.com\/hu\/wp-json\/wp\/v2\/posts\/1463","targetHints":{"allow":["GET"]}}],"collection":[{"href":"https:\/\/www.welovecycling.com\/hu\/wp-json\/wp\/v2\/posts"}],"about":[{"href":"https:\/\/www.welovecycling.com\/hu\/wp-json\/wp\/v2\/types\/post"}],"author":[{"embeddable":true,"href":"https:\/\/www.welovecycling.com\/hu\/wp-json\/wp\/v2\/users\/71"}],"replies":[{"embeddable":true,"href":"https:\/\/www.welovecycling.com\/hu\/wp-json\/wp\/v2\/comments?post=1463"}],"version-history":[{"count":2,"href":"https:\/\/www.welovecycling.com\/hu\/wp-json\/wp\/v2\/posts\/1463\/revisions"}],"predecessor-version":[{"id":1596,"href":"https:\/\/www.welovecycling.com\/hu\/wp-json\/wp\/v2\/posts\/1463\/revisions\/1596"}],"wp:featuredmedia":[{"embeddable":true,"href":"https:\/\/www.welovecycling.com\/hu\/wp-json\/wp\/v2\/media\/1568"}],"wp:attachment":[{"href":"https:\/\/www.welovecycling.com\/hu\/wp-json\/wp\/v2\/media?parent=1463"}],"wp:term":[{"taxonomy":"category","embeddable":true,"href":"https:\/\/www.welovecycling.com\/hu\/wp-json\/wp\/v2\/categories?post=1463"},{"taxonomy":"post_tag","embeddable":true,"href":"https:\/\/www.welovecycling.com\/hu\/wp-json\/wp\/v2\/tags?post=1463"},{"taxonomy":"global-categories","embeddable":true,"href":"https:\/\/www.welovecycling.com\/hu\/wp-json\/wp\/v2\/global-categories?post=1463"}],"curies":[{"name":"wp","href":"https:\/\/api.w.org\/{rel}","templated":true}]}}