{"id":1438,"date":"2018-08-15T11:12:15","date_gmt":"2018-08-15T11:12:15","guid":{"rendered":"https:\/\/www.welovecycling.com\/hu\/?p=1438"},"modified":"2018-08-16T13:50:57","modified_gmt":"2018-08-16T13:50:57","slug":"miert-erdemes-noi-kerekparos-klubhoz-csatlakoznod","status":"publish","type":"post","link":"https:\/\/www.welovecycling.com\/hu\/miert-tekerunk\/miert-erdemes-noi-kerekparos-klubhoz-csatlakoznod\/","title":{"rendered":"Mi\u00e9rt \u00e9rdemes n\u0151i ker\u00e9kp\u00e1ros klubhoz csatlakoznod?"},"content":{"rendered":"<p><strong>Milyen egy n\u0151i ker\u00e9kp\u00e1ros klub, \u00e9s hogyan tudsz bel\u00e9pni? Ha a ker\u00e9kp\u00e1ros vil\u00e1gba \u00fajonnan bel\u00e9p\u0151 n\u0151 vagy, aki k\u00edv\u00e1ncsi, hogy milyen t\u00edpus\u00fa k\u00f6z\u00f6ss\u00e9gek m\u0171k\u00f6dnek a ter\u00fcleten, tudd, hogy nem vagy egyed\u00fcl.<\/strong><\/p>\n<h1><strong><span style=\"font-size: 14pt;\">Milyen egy n\u0151i ker\u00e9kp\u00e1ros klub?<\/span><\/strong><\/h1>\n<p>A hagyom\u00e1nyosan koeduk\u00e1lt ker\u00e9kp\u00e1ros klubok vil\u00e1g\u00e1b\u00f3l kit\u00f6rve, n\u0151i ker\u00e9kp\u00e1rosok szerte a vil\u00e1gon saj\u00e1t klubokat kezdtek l\u00e9trehozni, hogy \u201ekev\u00e9sb\u00e9 fenyeget\u0151, bar\u00e1ts\u00e1gosabb atmoszf\u00e9r\u00e1j\u00fa k\u00f6z\u00f6ss\u00e9gekben vehessenek r\u00e9szt&#8230;\u201d \u2013 mondja Elizabeth Adamczyk, a Women Bike Chicago szervezet tagja.<\/p>\n<p><a href=\"https:\/\/d2p6e6u75xmxt8.cloudfront.net\/12\/2018\/08\/n\u0151i-ker\u00e9kp\u00e1ros-klub.jpg\"><img loading=\"lazy\" decoding=\"async\" class=\"size-full wp-image-1439\" src=\"https:\/\/d2p6e6u75xmxt8.cloudfront.net\/12\/2018\/08\/n\u0151i-ker\u00e9kp\u00e1ros-klub.jpg\" alt=\"\" width=\"1800\" height=\"1205\" srcset=\"https:\/\/d2p6e6u75xmxt8.cloudfront.net\/12\/2018\/08\/n\u0151i-ker\u00e9kp\u00e1ros-klub.jpg 1800w, https:\/\/d2p6e6u75xmxt8.cloudfront.net\/12\/2018\/08\/n\u0151i-ker\u00e9kp\u00e1ros-klub-300x201.jpg 300w, https:\/\/d2p6e6u75xmxt8.cloudfront.net\/12\/2018\/08\/n\u0151i-ker\u00e9kp\u00e1ros-klub-768x514.jpg 768w, https:\/\/d2p6e6u75xmxt8.cloudfront.net\/12\/2018\/08\/n\u0151i-ker\u00e9kp\u00e1ros-klub-1024x686.jpg 1024w, https:\/\/d2p6e6u75xmxt8.cloudfront.net\/12\/2018\/08\/n\u0151i-ker\u00e9kp\u00e1ros-klub-272x182.jpg 272w\" sizes=\"auto, (max-width: 1800px) 100vw, 1800px\" \/><\/a><\/p>\n<p>Egyre t\u00f6bb szervezet mobil applik\u00e1ci\u00f3 \u00e9s Facebook csoport sz\u00fcletik, \u00edgy az ut\u00f3bbi \u00e9vekben m\u00e1r j\u00f3val egyszer\u0171bb ilyen \u00f6sszetart\u00f3 k\u00f6z\u00f6ss\u00e9get tal\u00e1lni. A Touring Cyclists Club, a UCI Women\u2019s Team, a Get Women Cycling \u00e9s m\u00e1s hasonl\u00f3 szervezetek igyekeznek kapcsolatot teremteni a megl\u00e9v\u0151 \u00e9s j\u00f6v\u0151beni lehets\u00e9ges tagok k\u00f6z\u00f6tt egyedi \u00e9s v\u00e1ltozatos programok szervez\u00e9s\u00e9vel.<\/p>\n<p>A n\u0151k egyszer\u0171en az\u00e9rt keresnek maguknak ink\u00e1bb csak n\u0151kb\u0151l \u00e1ll\u00f3 klubokat, mert az indokolatlan rivaliz\u00e1l\u00e1ssal, s\u0151t ak\u00e1r a megf\u00e9leml\u00edt\u00e9s \u00e9rz\u00e9s\u00e9vel j\u00e1r\u00f3 versenyszer\u0171, edz\u00e9s jelleg\u0171 teker\u00e9sn\u00e9l jobban kedvelik a puszt\u00e1n kedvtel\u00e9si c\u00e9l\u00fa ker\u00e9kp\u00e1roz\u00e1st. A Chester Fabulous Ladies alap\u00edt\u00f3 \u00e9s ker\u00e9kp\u00e1ros Sue Booth a Total Women\u2019s Cycling-nak adott egyik interj\u00faj\u00e1ban \u00edgy nyilatkozott: \u201eV\u00e9lem\u00e9nyem szerint, egy kiz\u00e1r\u00f3lag n\u0151kb\u0151l \u00e1ll\u00f3 k\u00f6rnyezetben nagyobb az \u00f6sszetart\u00e1s \u2013 a n\u0151k val\u00f3sz\u00edn\u0171leg jobban kij\u00f6nnek m\u00e1s n\u0151kkel, mivel szerintem egy f\u00e9rfi dominanci\u00e1j\u00fa, rendszerint verseny-orient\u00e1lt klubban megf\u00e9leml\u00edtve \u00e9rzik magukat.\u201d<\/p>\n<div class=\"shortcode-ys-post-pinup\">\n<article class=\"loop-simple post-164380 post type-post status-publish format-standard has-post-thumbnail hentry category-family tag-skoda-karoq tag-why-we-ride tag-women-cycling\" role=\"article\" data-postid=\"164380\">\n<div class=\"entry-thumbnail article-thumbnail\"><a class=\"image-holder\" href=\"https:\/\/www.welovecycling.com\/hu\/miert-tekerunk\/miert-kerekparozunk\/\/\"><img class=\"lazy\" sizes=\"(min-width: 1200px) 456px, (min-width: 768px) 38vw, 100vw\" alt=\"have-you-even-wondered-why-we-ride\" data-src=\"https:\/\/d2p6e6u75xmxt8.cloudfront.net\/2\/2018\/04\/wwrcover-1024x450.jpg\" data-srcset=\"https:\/\/d2p6e6u75xmxt8.cloudfront.net\/2\/2018\/04\/wwrcover.jpg 1366w, https:\/\/d2p6e6u75xmxt8.cloudfront.net\/2\/2018\/04\/wwrcover-300x132.jpg 300w, https:\/\/d2p6e6u75xmxt8.cloudfront.net\/2\/2018\/04\/wwrcover-768x337.jpg 768w, https:\/\/d2p6e6u75xmxt8.cloudfront.net\/2\/2018\/04\/wwrcover-1024x450.jpg 1024w\" \/><\/a><\/div>\n<div class=\"entry-meta\"><a class=\"label label-secondary post-category\" title=\"Mi\u00e9rt teker\u00fcnk\" href=\"https:\/\/www.welovecycling.com\/hu\/wide\/category\/miert-tekerunk\/\">Mi\u00e9rt teker\u00fcnk<\/a><\/div>\n<div class=\"entry-details\">\n<h3 class=\"entry-title\" data-content-reading=\"reading\"><a href=\"https:\/\/www.welovecycling.com\/wide\/2018\/04\/24\/have-you-even-wondered-why-we-ride\/\">Eszedbe jutott m\u00e1r:mi\u00e9rt teker\u00fcnk?<\/a><\/h3>\n<\/div>\n<\/article>\n<\/div>\n<p>Azonos \u00e9rdekl\u0151d\u00e9si k\u00f6rrel rendelkez\u0151 n\u0151k k\u00f6r\u00e9ben \u00faj bar\u00e1ts\u00e1gok k\u00f6ttetnek, amelyek er\u0151s\u00edtik az \u00f6sszetart\u00e1st \u00e9s magabiztosabb\u00e1 tesznek. Booth \u00fagy fogalmaz, \u201ebizserget\u0151 meleg \u00e9rz\u00e9ssel, boldogan j\u00f6v\u00f6k vissza vas\u00e1rnap reggelenk\u00e9nt&#8230; szeretek \u00faj emberekkel tal\u00e1lkozni, \u00e9s ahogy egyre jobban megismerem \u0151ket, bar\u00e1ts\u00e1gok is kialakulnak.\u201d<\/p>\n<p>A kiz\u00e1r\u00f3lag n\u0151kb\u0151l \u00e1ll\u00f3 klubhoz val\u00f3 csatlakoz\u00e1s m\u00e1sik \u00f6szt\u00f6nz\u0151je az id\u0151beoszt\u00e1s.. A f\u00e9rfi csoportokn\u00e1l jellemz\u0151 az eg\u00e9sz napos teker\u00e9sa n\u0151i ker\u00e9kp\u00e1rosok k\u00f6z\u00fcl azonban sokaknak csal\u00e1djuk \u00e9s hivat\u00e1suk van, nehezen tudj\u00e1k megoldani hossz\u00fa t\u00e1von, hogy ilyen s\u0171r\u0171, napi rendszeress\u00e9g\u0171 elfoglalts\u00e1gban vegyenek r\u00e9szt. A n\u0151k ink\u00e1bb s\u0171r\u0171bben, de r\u00f6videbb t\u00far\u00e1kon vesznek r\u00e9szt h\u00e9tv\u00e9g\u00e9ken vagy reggelente, amiket t\u00e9nylegesen ki tudnak \u00e9lvezni.<\/p>\n<p><a href=\"https:\/\/d2p6e6u75xmxt8.cloudfront.net\/12\/2018\/08\/n\u0151i-ker\u00e9kp\u00e1rosok-klubja.jpg\"><img loading=\"lazy\" decoding=\"async\" class=\"alignnone size-full wp-image-1450\" src=\"https:\/\/d2p6e6u75xmxt8.cloudfront.net\/12\/2018\/08\/n\u0151i-ker\u00e9kp\u00e1rosok-klubja.jpg\" alt=\"n\u0151 ker\u00e9kp\u00e1ros klub\" width=\"1800\" height=\"1200\" srcset=\"https:\/\/d2p6e6u75xmxt8.cloudfront.net\/12\/2018\/08\/n\u0151i-ker\u00e9kp\u00e1rosok-klubja.jpg 1800w, https:\/\/d2p6e6u75xmxt8.cloudfront.net\/12\/2018\/08\/n\u0151i-ker\u00e9kp\u00e1rosok-klubja-300x200.jpg 300w, https:\/\/d2p6e6u75xmxt8.cloudfront.net\/12\/2018\/08\/n\u0151i-ker\u00e9kp\u00e1rosok-klubja-768x512.jpg 768w, https:\/\/d2p6e6u75xmxt8.cloudfront.net\/12\/2018\/08\/n\u0151i-ker\u00e9kp\u00e1rosok-klubja-1024x683.jpg 1024w, https:\/\/d2p6e6u75xmxt8.cloudfront.net\/12\/2018\/08\/n\u0151i-ker\u00e9kp\u00e1rosok-klubja-272x182.jpg 272w\" sizes=\"auto, (max-width: 1800px) 100vw, 1800px\" \/><\/a><\/p>\n<p>Az \u00edr\u00f3 \u00e9s akt\u00edv ker\u00e9kp\u00e1ros Julissa Trevi\u00f1o v\u00e9lem\u00e9nye szerint: \u201eHa a n\u0151k \u00e9rdekl\u0151d\u0151bbek, magabiztosabbnak \u00e9rzik magukat, \u00e9s gyakrabban ker\u00e9kp\u00e1roznak m\u00e1s n\u0151kkel, van rem\u00e9ny arra, hogy a n\u0151kre specializ\u00e1l\u00f3dott csoportok seg\u00edtenek a nemek k\u00f6z\u00f6tti egyenl\u0151tlens\u00e9gek minim\u00e1lisra cs\u00f6kkent\u00e9s\u00e9ben ezen a ter\u00fcleten.\u201d<\/p>\n<p>Amennyiben teh\u00e1t szabadid\u0151dben szeretn\u00e9l ker\u00e9kp\u00e1rozni, \u00faj bar\u00e1tokra szert tenni, egy \u00f6sszetart\u00f3 k\u00f6z\u00f6ss\u00e9g tagja lenni, magabiztosabb\u00e1 v\u00e1lni, \u00e9s mindek\u00f6zben tanulni, tudod mi a teend\u0151! [\u00cdrj\u00e1tok meg kommentben, mi\u00e9rt csatlakoztatok kiz\u00e1r\u00f3lag n\u0151kb\u0151l \u00e1ll\u00f3 ker\u00e9kp\u00e1ros klubhoz, \u00e9s hogy mi\u00e9rt aj\u00e1nlj\u00e1tok ezt m\u00e1soknak is.]<\/p>\n<h2>Lehet\u0151s\u00e9gek itthon<\/h2>\n<p>Tudtunkkal jelenleg nem m\u0171k\u00f6dik Magyarorsz\u00e1gon kimondottan n\u0151ket megsz\u00f3l\u00edt\u00f3 ker\u00e9kp\u00e1ros klub. Rem\u00e9lj\u00fck, siker\u00fclt meggy\u0151zni titeket arr\u00f3l, hogy igenis sz\u00fcks\u00e9g van r\u00e1, \u00e9s mihamarabb megalap\u00edtj\u00e1tok az els\u0151t!<\/p>\n","protected":false},"excerpt":{"rendered":"<p>Milyen egy n\u0151i ker\u00e9kp\u00e1ros klub, \u00e9s hogyan tudsz bel\u00e9pni? Ha a ker\u00e9kp\u00e1ros vil\u00e1gba \u00fajonnan bel\u00e9p\u0151 n\u0151 vagy, aki k\u00edv\u00e1ncsi, hogy [&hellip;]<\/p>\n","protected":false},"author":71,"featured_media":1441,"comment_status":"open","ping_status":"open","sticky":false,"template":"","format":"standard","meta":{"footnotes":""},"categories":[99],"tags":[115,113,111,127,116,128],"global-categories":[],"class_list":["post-1438","post","type-post","status-publish","format-standard","has-post-thumbnail","hentry","category-miert-tekerunk","tag-miert-tekerunk","tag-noi-biciklisek","tag-noi-kerekpar","tag-noi-kerekpar-klub","tag-noi-kerekparozas","tag-welovecycling"],"yoast_head":"<!-- This site is optimized with the Yoast SEO Premium plugin v25.3 (Yoast SEO v25.9) - https:\/\/yoast.com\/wordpress\/plugins\/seo\/ -->\n<title>Mi\u00e9rt \u00e9rdemes n\u0151i ker\u00e9kp\u00e1ros klubhoz csatlakoznod? - \u0160koda We Love Cycling - Magyarorsz\u00e1g<\/title>\n<meta name=\"description\" content=\"Milyen egy n\u0151i ker\u00e9kp\u00e1ros klub, \u00e9s hogyan tudsz bel\u00e9pni? Ha a ker\u00e9kp\u00e1ros vil\u00e1gba \u00fajonnan bel\u00e9p\u0151 n\u0151 vagy, aki k\u00edv\u00e1ncsi, hogy milyen t\u00edpus\u00fa k\u00f6z\u00f6ss\u00e9gek m\u0171k\u00f6dnek a ter\u00fcleten, tudd, hogy nem vagy egyed\u00fcl.\" \/>\n<meta name=\"robots\" content=\"index, follow, max-snippet:-1, max-image-preview:large, max-video-preview:-1\" \/>\n<link rel=\"canonical\" href=\"https:\/\/www.welovecycling.com\/hu\/miert-tekerunk\/miert-erdemes-noi-kerekparos-klubhoz-csatlakoznod\/\" \/>\n<meta property=\"og:locale\" content=\"hu_HU\" \/>\n<meta property=\"og:type\" content=\"article\" \/>\n<meta property=\"og:title\" content=\"Mi\u00e9rt \u00e9rdemes n\u0151i ker\u00e9kp\u00e1ros klubhoz csatlakoznod?\" \/>\n<meta property=\"og:description\" content=\"Milyen egy n\u0151i ker\u00e9kp\u00e1ros klub, \u00e9s hogyan tudsz bel\u00e9pni? Ha a ker\u00e9kp\u00e1ros vil\u00e1gba \u00fajonnan bel\u00e9p\u0151 n\u0151 vagy, aki k\u00edv\u00e1ncsi, hogy milyen t\u00edpus\u00fa k\u00f6z\u00f6ss\u00e9gek m\u0171k\u00f6dnek a ter\u00fcleten, tudd, hogy nem vagy egyed\u00fcl.\" \/>\n<meta property=\"og:url\" content=\"https:\/\/www.welovecycling.com\/hu\/miert-tekerunk\/miert-erdemes-noi-kerekparos-klubhoz-csatlakoznod\/\" \/>\n<meta property=\"og:site_name\" content=\"\u0160koda We Love Cycling - Magyarorsz\u00e1g\" \/>\n<meta property=\"article:publisher\" content=\"https:\/\/www.facebook.com\/WeLoveCyclingHungary\/\" \/>\n<meta property=\"article:published_time\" content=\"2018-08-15T11:12:15+00:00\" \/>\n<meta property=\"article:modified_time\" content=\"2018-08-16T13:50:57+00:00\" \/>\n<meta property=\"og:image\" content=\"https:\/\/d2p6e6u75xmxt8.cloudfront.net\/12\/2018\/08\/ker\u00e9kp\u00e1ros-klub.jpg\" \/>\n\t<meta property=\"og:image:width\" content=\"1024\" \/>\n\t<meta property=\"og:image:height\" content=\"450\" \/>\n\t<meta property=\"og:image:type\" content=\"image\/jpeg\" \/>\n<meta name=\"author\" content=\"hegyizs\" \/>\n<meta name=\"twitter:card\" content=\"summary_large_image\" \/>\n<meta name=\"twitter:label1\" content=\"Written by\" \/>\n\t<meta name=\"twitter:data1\" content=\"hegyizs\" \/>\n\t<meta name=\"twitter:label2\" content=\"Est. reading time\" \/>\n\t<meta name=\"twitter:data2\" content=\"3 minutes\" \/>\n<script type=\"application\/ld+json\" class=\"yoast-schema-graph\">{\"@context\":\"https:\/\/schema.org\",\"@graph\":[{\"@type\":\"WebPage\",\"@id\":\"https:\/\/www.welovecycling.com\/hu\/miert-tekerunk\/miert-erdemes-noi-kerekparos-klubhoz-csatlakoznod\/\",\"url\":\"https:\/\/www.welovecycling.com\/hu\/miert-tekerunk\/miert-erdemes-noi-kerekparos-klubhoz-csatlakoznod\/\",\"name\":\"Mi\u00e9rt \u00e9rdemes n\u0151i ker\u00e9kp\u00e1ros klubhoz csatlakoznod? - \u0160koda We Love Cycling - Magyarorsz\u00e1g\",\"isPartOf\":{\"@id\":\"https:\/\/www.welovecycling.com\/hu\/#website\"},\"primaryImageOfPage\":{\"@id\":\"https:\/\/www.welovecycling.com\/hu\/miert-tekerunk\/miert-erdemes-noi-kerekparos-klubhoz-csatlakoznod\/#primaryimage\"},\"image\":{\"@id\":\"https:\/\/www.welovecycling.com\/hu\/miert-tekerunk\/miert-erdemes-noi-kerekparos-klubhoz-csatlakoznod\/#primaryimage\"},\"thumbnailUrl\":\"https:\/\/d2p6e6u75xmxt8.cloudfront.net\/12\/2018\/08\/ker\u00e9kp\u00e1ros-klub.jpg\",\"datePublished\":\"2018-08-15T11:12:15+00:00\",\"dateModified\":\"2018-08-16T13:50:57+00:00\",\"author\":{\"@id\":\"https:\/\/www.welovecycling.com\/hu\/#\/schema\/person\/414a2aebf1801691a5320edb6468e194\"},\"description\":\"Milyen egy n\u0151i ker\u00e9kp\u00e1ros klub, \u00e9s hogyan tudsz bel\u00e9pni? Ha a ker\u00e9kp\u00e1ros vil\u00e1gba \u00fajonnan bel\u00e9p\u0151 n\u0151 vagy, aki k\u00edv\u00e1ncsi, hogy milyen t\u00edpus\u00fa k\u00f6z\u00f6ss\u00e9gek m\u0171k\u00f6dnek a ter\u00fcleten, tudd, hogy nem vagy egyed\u00fcl.\",\"breadcrumb\":{\"@id\":\"https:\/\/www.welovecycling.com\/hu\/miert-tekerunk\/miert-erdemes-noi-kerekparos-klubhoz-csatlakoznod\/#breadcrumb\"},\"inLanguage\":\"hu\",\"potentialAction\":[{\"@type\":\"ReadAction\",\"target\":[\"https:\/\/www.welovecycling.com\/hu\/miert-tekerunk\/miert-erdemes-noi-kerekparos-klubhoz-csatlakoznod\/\"]}]},{\"@type\":\"ImageObject\",\"inLanguage\":\"hu\",\"@id\":\"https:\/\/www.welovecycling.com\/hu\/miert-tekerunk\/miert-erdemes-noi-kerekparos-klubhoz-csatlakoznod\/#primaryimage\",\"url\":\"https:\/\/d2p6e6u75xmxt8.cloudfront.net\/12\/2018\/08\/ker\u00e9kp\u00e1ros-klub.jpg\",\"contentUrl\":\"https:\/\/d2p6e6u75xmxt8.cloudfront.net\/12\/2018\/08\/ker\u00e9kp\u00e1ros-klub.jpg\",\"width\":1024,\"height\":450},{\"@type\":\"BreadcrumbList\",\"@id\":\"https:\/\/www.welovecycling.com\/hu\/miert-tekerunk\/miert-erdemes-noi-kerekparos-klubhoz-csatlakoznod\/#breadcrumb\",\"itemListElement\":[{\"@type\":\"ListItem\",\"position\":1,\"name\":\"Home\",\"item\":\"https:\/\/www.welovecycling.com\/hu\/\"},{\"@type\":\"ListItem\",\"position\":2,\"name\":\"Mi\u00e9rt \u00e9rdemes n\u0151i ker\u00e9kp\u00e1ros klubhoz csatlakoznod?\"}]},{\"@type\":\"WebSite\",\"@id\":\"https:\/\/www.welovecycling.com\/hu\/#website\",\"url\":\"https:\/\/www.welovecycling.com\/hu\/\",\"name\":\"\u0160koda We Love Cycling - Magyarorsz\u00e1g\",\"description\":\"\u0160koda WeLoveCycling\",\"potentialAction\":[{\"@type\":\"SearchAction\",\"target\":{\"@type\":\"EntryPoint\",\"urlTemplate\":\"https:\/\/www.welovecycling.com\/hu\/?s={search_term_string}\"},\"query-input\":{\"@type\":\"PropertyValueSpecification\",\"valueRequired\":true,\"valueName\":\"search_term_string\"}}],\"inLanguage\":\"hu\"},{\"@type\":\"Person\",\"@id\":\"https:\/\/www.welovecycling.com\/hu\/#\/schema\/person\/414a2aebf1801691a5320edb6468e194\",\"name\":\"hegyizs\",\"image\":{\"@type\":\"ImageObject\",\"inLanguage\":\"hu\",\"@id\":\"https:\/\/www.welovecycling.com\/hu\/#\/schema\/person\/image\/\",\"url\":\"https:\/\/secure.gravatar.com\/avatar\/02cf8a7906b8cf90cecb4679defac7cfd33a1c2e3b88e4903d947f3bb58eedd3?s=96&d=mm&r=g\",\"contentUrl\":\"https:\/\/secure.gravatar.com\/avatar\/02cf8a7906b8cf90cecb4679defac7cfd33a1c2e3b88e4903d947f3bb58eedd3?s=96&d=mm&r=g\",\"caption\":\"hegyizs\"},\"url\":\"https:\/\/www.welovecycling.com\/hu\/author\/hegyizs\/\"}]}<\/script>\n<!-- \/ Yoast SEO Premium plugin. -->","yoast_head_json":{"title":"Mi\u00e9rt \u00e9rdemes n\u0151i ker\u00e9kp\u00e1ros klubhoz csatlakoznod? - \u0160koda We Love Cycling - Magyarorsz\u00e1g","description":"Milyen egy n\u0151i ker\u00e9kp\u00e1ros klub, \u00e9s hogyan tudsz bel\u00e9pni? Ha a ker\u00e9kp\u00e1ros vil\u00e1gba \u00fajonnan bel\u00e9p\u0151 n\u0151 vagy, aki k\u00edv\u00e1ncsi, hogy milyen t\u00edpus\u00fa k\u00f6z\u00f6ss\u00e9gek m\u0171k\u00f6dnek a ter\u00fcleten, tudd, hogy nem vagy egyed\u00fcl.","robots":{"index":"index","follow":"follow","max-snippet":"max-snippet:-1","max-image-preview":"max-image-preview:large","max-video-preview":"max-video-preview:-1"},"canonical":"https:\/\/www.welovecycling.com\/hu\/miert-tekerunk\/miert-erdemes-noi-kerekparos-klubhoz-csatlakoznod\/","og_locale":"hu_HU","og_type":"article","og_title":"Mi\u00e9rt \u00e9rdemes n\u0151i ker\u00e9kp\u00e1ros klubhoz csatlakoznod?","og_description":"Milyen egy n\u0151i ker\u00e9kp\u00e1ros klub, \u00e9s hogyan tudsz bel\u00e9pni? Ha a ker\u00e9kp\u00e1ros vil\u00e1gba \u00fajonnan bel\u00e9p\u0151 n\u0151 vagy, aki k\u00edv\u00e1ncsi, hogy milyen t\u00edpus\u00fa k\u00f6z\u00f6ss\u00e9gek m\u0171k\u00f6dnek a ter\u00fcleten, tudd, hogy nem vagy egyed\u00fcl.","og_url":"https:\/\/www.welovecycling.com\/hu\/miert-tekerunk\/miert-erdemes-noi-kerekparos-klubhoz-csatlakoznod\/","og_site_name":"\u0160koda We Love Cycling - Magyarorsz\u00e1g","article_publisher":"https:\/\/www.facebook.com\/WeLoveCyclingHungary\/","article_published_time":"2018-08-15T11:12:15+00:00","article_modified_time":"2018-08-16T13:50:57+00:00","og_image":[{"width":1024,"height":450,"url":"https:\/\/d2p6e6u75xmxt8.cloudfront.net\/12\/2018\/08\/ker\u00e9kp\u00e1ros-klub.jpg","type":"image\/jpeg"}],"author":"hegyizs","twitter_card":"summary_large_image","twitter_misc":{"Written by":"hegyizs","Est. reading time":"3 minutes"},"schema":{"@context":"https:\/\/schema.org","@graph":[{"@type":"WebPage","@id":"https:\/\/www.welovecycling.com\/hu\/miert-tekerunk\/miert-erdemes-noi-kerekparos-klubhoz-csatlakoznod\/","url":"https:\/\/www.welovecycling.com\/hu\/miert-tekerunk\/miert-erdemes-noi-kerekparos-klubhoz-csatlakoznod\/","name":"Mi\u00e9rt \u00e9rdemes n\u0151i ker\u00e9kp\u00e1ros klubhoz csatlakoznod? - \u0160koda We Love Cycling - Magyarorsz\u00e1g","isPartOf":{"@id":"https:\/\/www.welovecycling.com\/hu\/#website"},"primaryImageOfPage":{"@id":"https:\/\/www.welovecycling.com\/hu\/miert-tekerunk\/miert-erdemes-noi-kerekparos-klubhoz-csatlakoznod\/#primaryimage"},"image":{"@id":"https:\/\/www.welovecycling.com\/hu\/miert-tekerunk\/miert-erdemes-noi-kerekparos-klubhoz-csatlakoznod\/#primaryimage"},"thumbnailUrl":"https:\/\/d2p6e6u75xmxt8.cloudfront.net\/12\/2018\/08\/ker\u00e9kp\u00e1ros-klub.jpg","datePublished":"2018-08-15T11:12:15+00:00","dateModified":"2018-08-16T13:50:57+00:00","author":{"@id":"https:\/\/www.welovecycling.com\/hu\/#\/schema\/person\/414a2aebf1801691a5320edb6468e194"},"description":"Milyen egy n\u0151i ker\u00e9kp\u00e1ros klub, \u00e9s hogyan tudsz bel\u00e9pni? Ha a ker\u00e9kp\u00e1ros vil\u00e1gba \u00fajonnan bel\u00e9p\u0151 n\u0151 vagy, aki k\u00edv\u00e1ncsi, hogy milyen t\u00edpus\u00fa k\u00f6z\u00f6ss\u00e9gek m\u0171k\u00f6dnek a ter\u00fcleten, tudd, hogy nem vagy egyed\u00fcl.","breadcrumb":{"@id":"https:\/\/www.welovecycling.com\/hu\/miert-tekerunk\/miert-erdemes-noi-kerekparos-klubhoz-csatlakoznod\/#breadcrumb"},"inLanguage":"hu","potentialAction":[{"@type":"ReadAction","target":["https:\/\/www.welovecycling.com\/hu\/miert-tekerunk\/miert-erdemes-noi-kerekparos-klubhoz-csatlakoznod\/"]}]},{"@type":"ImageObject","inLanguage":"hu","@id":"https:\/\/www.welovecycling.com\/hu\/miert-tekerunk\/miert-erdemes-noi-kerekparos-klubhoz-csatlakoznod\/#primaryimage","url":"https:\/\/d2p6e6u75xmxt8.cloudfront.net\/12\/2018\/08\/ker\u00e9kp\u00e1ros-klub.jpg","contentUrl":"https:\/\/d2p6e6u75xmxt8.cloudfront.net\/12\/2018\/08\/ker\u00e9kp\u00e1ros-klub.jpg","width":1024,"height":450},{"@type":"BreadcrumbList","@id":"https:\/\/www.welovecycling.com\/hu\/miert-tekerunk\/miert-erdemes-noi-kerekparos-klubhoz-csatlakoznod\/#breadcrumb","itemListElement":[{"@type":"ListItem","position":1,"name":"Home","item":"https:\/\/www.welovecycling.com\/hu\/"},{"@type":"ListItem","position":2,"name":"Mi\u00e9rt \u00e9rdemes n\u0151i ker\u00e9kp\u00e1ros klubhoz csatlakoznod?"}]},{"@type":"WebSite","@id":"https:\/\/www.welovecycling.com\/hu\/#website","url":"https:\/\/www.welovecycling.com\/hu\/","name":"\u0160koda We Love Cycling - Magyarorsz\u00e1g","description":"\u0160koda WeLoveCycling","potentialAction":[{"@type":"SearchAction","target":{"@type":"EntryPoint","urlTemplate":"https:\/\/www.welovecycling.com\/hu\/?s={search_term_string}"},"query-input":{"@type":"PropertyValueSpecification","valueRequired":true,"valueName":"search_term_string"}}],"inLanguage":"hu"},{"@type":"Person","@id":"https:\/\/www.welovecycling.com\/hu\/#\/schema\/person\/414a2aebf1801691a5320edb6468e194","name":"hegyizs","image":{"@type":"ImageObject","inLanguage":"hu","@id":"https:\/\/www.welovecycling.com\/hu\/#\/schema\/person\/image\/","url":"https:\/\/secure.gravatar.com\/avatar\/02cf8a7906b8cf90cecb4679defac7cfd33a1c2e3b88e4903d947f3bb58eedd3?s=96&d=mm&r=g","contentUrl":"https:\/\/secure.gravatar.com\/avatar\/02cf8a7906b8cf90cecb4679defac7cfd33a1c2e3b88e4903d947f3bb58eedd3?s=96&d=mm&r=g","caption":"hegyizs"},"url":"https:\/\/www.welovecycling.com\/hu\/author\/hegyizs\/"}]}},"_links":{"self":[{"href":"https:\/\/www.welovecycling.com\/hu\/wp-json\/wp\/v2\/posts\/1438","targetHints":{"allow":["GET"]}}],"collection":[{"href":"https:\/\/www.welovecycling.com\/hu\/wp-json\/wp\/v2\/posts"}],"about":[{"href":"https:\/\/www.welovecycling.com\/hu\/wp-json\/wp\/v2\/types\/post"}],"author":[{"embeddable":true,"href":"https:\/\/www.welovecycling.com\/hu\/wp-json\/wp\/v2\/users\/71"}],"replies":[{"embeddable":true,"href":"https:\/\/www.welovecycling.com\/hu\/wp-json\/wp\/v2\/comments?post=1438"}],"version-history":[{"count":2,"href":"https:\/\/www.welovecycling.com\/hu\/wp-json\/wp\/v2\/posts\/1438\/revisions"}],"predecessor-version":[{"id":1631,"href":"https:\/\/www.welovecycling.com\/hu\/wp-json\/wp\/v2\/posts\/1438\/revisions\/1631"}],"wp:featuredmedia":[{"embeddable":true,"href":"https:\/\/www.welovecycling.com\/hu\/wp-json\/wp\/v2\/media\/1441"}],"wp:attachment":[{"href":"https:\/\/www.welovecycling.com\/hu\/wp-json\/wp\/v2\/media?parent=1438"}],"wp:term":[{"taxonomy":"category","embeddable":true,"href":"https:\/\/www.welovecycling.com\/hu\/wp-json\/wp\/v2\/categories?post=1438"},{"taxonomy":"post_tag","embeddable":true,"href":"https:\/\/www.welovecycling.com\/hu\/wp-json\/wp\/v2\/tags?post=1438"},{"taxonomy":"global-categories","embeddable":true,"href":"https:\/\/www.welovecycling.com\/hu\/wp-json\/wp\/v2\/global-categories?post=1438"}],"curies":[{"name":"wp","href":"https:\/\/api.w.org\/{rel}","templated":true}]}}