{"id":14190,"date":"2022-04-19T15:02:57","date_gmt":"2022-04-19T13:02:57","guid":{"rendered":"https:\/\/www.welovecycling.com\/hu\/?p=14190"},"modified":"2022-05-03T15:35:39","modified_gmt":"2022-05-03T13:35:39","slug":"wlc-heroes-boros-peter-a-biciklis-ingazas-uttoroje","status":"publish","type":"post","link":"https:\/\/www.welovecycling.com\/hu\/wlc-heroes\/wlc-heroes-boros-peter-a-biciklis-ingazas-uttoroje\/","title":{"rendered":"WLC Heroes: Boros P\u00e9ter, a biciklis ing\u00e1z\u00e1s \u00fatt\u00f6r\u0151je"},"content":{"rendered":"<p><strong>Nem minden h\u0151s visel k\u00f6penyt: van, aki biciklisnadr\u00e1gban menti meg a vil\u00e1got. Strava klubunkban olyan teljes\u00edtm\u00e9nyeknek vagyunk szemtan\u00fai nap mint nap, amik mellett nem mehet\u00fcnk el. \u00dagy gondoljuk, az az akarater\u0151, munka \u00e9s kitart\u00e1s, ami ezekhez sz\u00fcks\u00e9ges, meg\u00e9rdemli a jutalmat. Ez\u00e9rt ind\u00edtottuk el WLC Heroes kamp\u00e1nyunkat, mely sor\u00e1n \u00e9remmel m\u00e9lt\u00e1nyoljuk a bring\u00e1z\u00e1s h\u0151seit, \u00e9s bemutatjuk \u0151ket nektek, hogy inspir\u00e1ljanak \u00e9s mozgat\u00f3rug\u00f3i lehessenek a sz\u00e9lesebb ker\u00e9kp\u00e1ros k\u00f6z\u00f6ss\u00e9gnek!<\/strong><!--more--><\/p>\n<p>Boros P\u00e9ter akkor kezdett el biciklivel j\u00e1rni dolgozni, amikor ez m\u00e9g kev\u00e9sb\u00e9 volt divat. Akkor kezdett el, m\u00e9ghozz\u00e1 \u00c9rdr\u0151l Budapestre \u00e9s vissza, ami minimum napi 40 km-t jelent, de van az n\u00e9ha 70 is. Bizony, sokan n\u00e9zt\u00e9k csodabog\u00e1rnak!<\/p>\n<p>Mi viszont nem csak, hogy nem furcs\u00e1lljuk a dolgot, de \u0151szinte elismer\u00e9ssel ad\u00f3zunk P\u00e9ternek: ez\u00e9rt is v\u00e1lasztottuk ki, hogy b\u0151v\u00edtse a WLC H\u0151s\u00f6k t\u00e1bor\u00e1t \u00e9s n\u00e9pszer\u0171s\u00edtse a sportol\u00e1s praktikus, id\u0151hat\u00e9kony, m\u00e1r-m\u00e1r k\u00e9zenfekv\u0151, m\u00e9gis hihetetlen elk\u00f6telezetts\u00e9get k\u00f6vetel\u0151 m\u00f3dj\u00e1t. Ismerj\u00e9tek meg P\u00e9tert, \u00e9s ha tehetitek, k\u00f6vess\u00e9tek a p\u00e9ld\u00e1j\u00e1t! Nem fogj\u00e1tok megb\u00e1nni.<\/p>\n<p><strong>Mi\u00e9rt szeretsz biciklizni? Mikor szerett\u00e9l bele a sportba?<\/strong><\/p>\n<p>A bicikli mindig is r\u00e9sze volt az \u00e9letemnek, fiatalon 14-15 \u00e9vesen kezdtem el a hossz\u00fa t\u00e1v\u00fa t\u00far\u00e1kat, im\u00e1dtam a M\u00e1tr\u00e1ban, a B\u00f6rzs\u00f6nyben \u00e9s a Pilisben 100-200 kilom\u00e9tereket megtenni. Ezen felbuzdulva tervezgettem, hogy esetleg versenyen is indulok. Az egyetem, a csal\u00e1d \u00e9s a gyerekek azonban fontosabb c\u00e9l volt, \u00edgy a terv sok\u00e1ig csak terv maradt. A munk\u00e1ba j\u00e1r\u00e1s lehet\u0151s\u00e9ge azonban azt jelentette, hogy m\u00e9giscsak lehet sz\u00f3 bring\u00e1z\u00e1sr\u00f3l. 2005 \u00f3ta szinte minden nap \u00edgy j\u00e1rok be t\u00e9len-ny\u00e1ron. 2010-ben j\u00f6tt egy fordulat, amikor megsz\u00fcletett a negyedik gyerk\u0151c\u00fcnk. Addigra a s\u00falyom elk\u00e9peszt\u0151en elszaladt, hiszen az \u00fcl\u0151 informatikus munka nem k\u00edm\u00e9letes ebb\u0151l a szempontb\u00f3l. Ekkor \u00fagy d\u00f6nt\u00f6ttem &#8211; \u00e9s ebben a csal\u00e1dom, Szilvi a feles\u00e9gem \u00e9s a gyerekek is t\u00e1mogattak-, hogy \u00e9letm\u00f3dot v\u00e1ltoztatok. Teljesen \u00faj \u00e9trend, profi edz\u00e9s \u00e9s komoly odafigyel\u00e9s k\u00f6vetkezett. H\u00e1rom \u00e9v alatt elvesztettem 30-35 kil\u00f3t \u00e9s nyertem egy olyan kondit, ami m\u00e1r az amat\u0151r \u00e9lmez\u0151nyben is elfogadhat\u00f3 volt. 2015-ben (pont 40 \u00e9ves koromban!) 5:15 alatt tettem meg a Tour de Pelso-t (44. helyen v\u00e9geztem), ami 210 kilom\u00e9teren nem sz\u00e1m\u00edt rossznak. Az ut\u00f3bbi \u00e9vekben vissza kellett vennem az elv\u00e1r\u00e1sokb\u00f3l, hiszen egy ilyen jelleg\u0171 versenyre rengeteg id\u0151 felk\u00e9sz\u00fclni. Csal\u00e1d \u00e9s egy c\u00e9g vezet\u00e9se mellett neh\u00e9z megoldani. Sz\u00f3val most versenyz\u00e9s nincs, de a kondi meg\u0151rz\u00e9se megmaradt.<\/p>\n<figure id=\"attachment_14194\" aria-describedby=\"caption-attachment-14194\" style=\"width: 533px\" class=\"wp-caption alignnone\"><a href=\"https:\/\/d2p6e6u75xmxt8.cloudfront.net\/12\/2022\/04\/Tour-de-Pelso-1.jpeg\"><img loading=\"lazy\" decoding=\"async\" class=\"size-full wp-image-14194\" src=\"https:\/\/d2p6e6u75xmxt8.cloudfront.net\/12\/2022\/04\/Tour-de-Pelso-1.jpeg\" alt=\"\" width=\"533\" height=\"800\" srcset=\"https:\/\/d2p6e6u75xmxt8.cloudfront.net\/12\/2022\/04\/Tour-de-Pelso-1.jpeg 533w, https:\/\/d2p6e6u75xmxt8.cloudfront.net\/12\/2022\/04\/Tour-de-Pelso-1-200x300.jpeg 200w\" sizes=\"auto, (max-width: 533px) 100vw, 533px\" \/><\/a><figcaption id=\"caption-attachment-14194\" class=\"wp-caption-text\">P\u00e9ter a Tour de Pelso-n. Fot\u00f3: Boros P\u00e9ter<\/figcaption><\/figure>\n<p><strong>Ink\u00e1bb k\u00f6zleked\u00e9si eszk\u00f6zk\u00e9nt gondolsz a bring\u00e1dra, vagy mint a sz\u00f3rakoz\u00e1s vagy a sportol\u00e1s eszk\u00f6ze?<\/strong><\/p>\n<p>A mindennapi munk\u00e1ba j\u00e1r\u00e1s r\u00e9m praktikus, hiszen a csal\u00e1dnak \u00edgy nem kell 2 aut\u00f3t tartania. Ugyanakkor a mindennapi mozg\u00e1s a stresszold\u00e1s egy olyan m\u00f3dja, amit b\u00e1rkinek aj\u00e1nlani tudok. Egy kem\u00e9ny, irod\u00e1ban t\u00f6lt\u00f6tt nap ut\u00e1n nincs jobb kikapcsol\u00f3d\u00e1s, mint egy \u00f3ra teker\u00e9s, ahol a menetsz\u00e9l elf\u00fajja a nyomaszt\u00f3 dolgokat, \u00e9s mire haza\u00e9rsz, m\u00e1r a szeretteidre tudsz koncentr\u00e1lni. A h\u00e9tv\u00e9ge pedig a hosszabb edz\u00e9sek\u00e9, t\u00f6bb \u00fatvonalat is szeretek, de van n\u00e9h\u00e1ny referencia k\u00f6r, ahol hasonl\u00edtgatom, hogy milyen az aktu\u00e1lis szintem. Ha pedig valakivel \u00f6sszefutok, aki hasonl\u00f3 szinten van, az \u00f3ri\u00e1si \u00e9lm\u00e9ny.<\/p>\n<p><strong>Milyen biciklid van?<\/strong><\/p>\n<p>H\u00e1romf\u00e9le bring\u00e1t szoktam tartani. B\u00e1r nem vagyok montis, de a bej\u00e1r\u00e1sra rosszabb id\u0151ben \u00e9s ha holmikat kell vinnem, akkor egy KTM Cross Alp-ot haszn\u00e1lok. J\u00f3 kis \u201emunkag\u00e9p\u201d, m\u00e9g s\u00e1rh\u00e1ny\u00f3 \u00e9s csomagtart\u00f3 is van rajta&#8230; El\u00e9g ciki. J<\/p>\n<p>\u00c1tlag k\u00f6r\u00fclm\u00e9nyek k\u00f6z\u00f6tt a bej\u00e1r\u00e1sra egy alu v\u00e1zas Genesis versenyg\u00e9pet haszn\u00e1lok. Persze a kereket folyton cser\u00e9lni kell, de nagyon szeretem a v\u00e1z geometri\u00e1j\u00e1t (igaz\u00e1b\u00f3l ez egy KTM Starada, de az ismert osztr\u00e1k sport\u00e1ruh\u00e1z l\u00e1nc ezt saj\u00e1t m\u00e1rk\u00e1s\u00edtotta \u00e9s \u00edgy olcs\u00f3bb).<\/p>\n<p>V\u00e9g\u00fcl \u201ea biciklim\u201d egy Cannondale Super6 Evo. Kicsit m\u00e1r r\u00e9gebbi, de nekem t\u00f6k\u00e9letes. Fura m\u00f3don most olasz Fulcrum kerekekkel, de azt tudni kell, hogy a bring\u00e1k kop\u00f3 alkatr\u00e9szei enn\u00e9l a terhel\u00e9sn\u00e9l s\u0171r\u0171n cser\u00e9l\u0151dnek. A hajt\u00e1sl\u00e1nc p\u00e9ld\u00e1ul \u00e9vente.<\/p>\n<p><strong>Minden nap biciklivel m\u00e9sz be dolgozni?<\/strong><\/p>\n<p>Az iroda \u00e9s \u00c9rdi otthonunk k\u00f6z\u00f6tt k\u00f6r\u00fclbel\u00fcl 20 km a t\u00e1v, \u00edgy a napi 40 km mindenk\u00e9ppen megvan. Ha j\u00f3 az id\u0151, akkor picit csalok \u00e9s egy-egy domb \u00e9s ker\u00fcl\u0151 k\u00f6zbeiktat\u00e1s\u00e1val ink\u00e1bb 50-70. Szeretek \u00c9rden a parkv\u00e1ros fel\u00e9 felm\u00e1szni az emelked\u0151n \u00e9s gyakran a Gell\u00e9rt-hegy is \u00fatba ker\u00fcl valahogy!<\/p>\n<p><strong>Volt valami olyan t\u00e9nyez\u0151 a reggeli forgalomban, amihez nehezen szokt\u00e1l hozz\u00e1? Mennyire forgalmas az az \u00fat, amin bej\u00e1rsz?<\/strong><\/p>\n<p>Sajnos \u00c9rd nem kifejezetten ker\u00e9kp\u00e1ros-bar\u00e1t. Mag\u00e1n a telep\u00fcl\u00e9sen is nagy\u00edt\u00f3val kell keresni a bringa utakat, de az igazi probl\u00e9ma, hogy Budapestre bejutni egy tort\u00fara. \u00cdgy nem is a Budapesti szakasz, hanem az oda bejut\u00e1s a nagyobb kih\u00edv\u00e1s. Nekem a 6-os \u00fat egyik szakasza a mumus, nem szeretem, de el\u00e9g macer\u00e1s elker\u00fclni.<\/p>\n<p><strong>Milyen el\u0151nyeit \u00e9s h\u00e1tr\u00e1nyait tapasztalod a biciklivel val\u00f3 k\u00f6zleked\u00e9snek?<\/strong><\/p>\n<p>Nem igaz\u00e1n tudok h\u00e1tr\u00e1nyt mondani. 10 \u00e9vvel ezel\u0151tt m\u00e9g picit bolondnak n\u00e9ztek, de m\u00e1ra olyan elfogadotts\u00e1ga van, hogy m\u00e9g komoly belv\u00e1rosi irod\u00e1ba is j\u00e1rtam biciklivel t\u00e1rgyalni. Persze oda kell figyelni, nem vesz\u00e9lytelen a ker\u00e9kp\u00e1ros k\u00f6zleked\u00e9s. Legy\u00fcnk \u00f3vatosak, sisak pedig mindig legyen rajtunk!<\/p>\n<p><strong>Minden reggel sz\u00edvesen \u00fclsz nyeregbe, vagy van, hogy nincs hozz\u00e1 semmi kedved? Ilyenkor hogyan motiv\u00e1lod magad?<\/strong><\/p>\n<p>Az egyetlen szitu\u00e1ci\u00f3, amit nehezen viselek, ha indul\u00e1skor m\u00e1r szakad az es\u0151 \u00e9s nyilv\u00e1nval\u00f3an b\u0151rig fogok \u00e1zni. Ez komoly visszatart\u00f3 er\u0151, k\u00fcl\u00f6n\u00f6sen t\u00e9len, ahol ez kock\u00e1ra fagy\u00e1ssal p\u00e1rosul. Ilyen esetben n\u00e9ha megfutamodom \u00e9s vonatra, t\u00f6megk\u00f6zleked\u00e9sre v\u00e1ltok egy-egy napon. De rossz \u00e9rz\u00e9s, mert ha kivirul az id\u0151, akkor sajn\u00e1lom, hogy gyalog vagyok \u00e9s nem k\u00e9t ker\u00e9ken.<\/p>\n<p><strong>A bej\u00e1r\u00e1son k\u00edv\u00fcl is szokt\u00e1l tekerni? Van kedvenc szabadid\u0151s \u00fatvonalad?<\/strong><\/p>\n<p>T\u00f6bbf\u00e9le k\u00f6rt is szeretek, de a legjobban a V\u00e9rtesben kanyarg\u00f3 kb. 100 km-es k\u00f6r\u00f6met tudom aj\u00e1nlani. Ez \u00c9rdr\u0151l a Baracska \u2013 Alcs\u00fat \u2013 Lovasber\u00e9ny \u2013 Vereb \u2013 P\u00e1zm\u00e1nd \u2013 K\u00e1poln\u00e1sny\u00e9k \u00e9s onnan \u00fajra haza \u00fatvonalat jelenti. Sok apr\u00f3 domb, 5-10%-os emelked\u0151k \u00e9s gy\u00e9r fogalom, a 7-es \u00fat kiv\u00e9tel\u00e9vel.<\/p>\n<p><a href=\"https:\/\/d2p6e6u75xmxt8.cloudfront.net\/12\/2022\/04\/Kedvenc-100as-kolr.jpeg\"><img loading=\"lazy\" decoding=\"async\" class=\"alignnone size-full wp-image-14192\" src=\"https:\/\/d2p6e6u75xmxt8.cloudfront.net\/12\/2022\/04\/Kedvenc-100as-kolr.jpeg\" alt=\"\" width=\"719\" height=\"1280\" srcset=\"https:\/\/d2p6e6u75xmxt8.cloudfront.net\/12\/2022\/04\/Kedvenc-100as-kolr.jpeg 719w, https:\/\/d2p6e6u75xmxt8.cloudfront.net\/12\/2022\/04\/Kedvenc-100as-kolr-169x300.jpeg 169w, https:\/\/d2p6e6u75xmxt8.cloudfront.net\/12\/2022\/04\/Kedvenc-100as-kolr-575x1024.jpeg 575w\" sizes=\"auto, (max-width: 719px) 100vw, 719px\" \/><\/a><\/p>\n<p><strong>Sokan f\u00e9lnek cs\u00facsid\u0151ben Budapesten biciklizni, nekik mit tan\u00e1csoln\u00e1l?<\/strong><\/p>\n<p>Tal\u00e1n ma m\u00e1r kev\u00e9sb\u00e9 kell f\u00e9lni, azonban am\u00edg gyakorlatot szerzel, \u00e9s biztons\u00e1ggal uralod a biciklid, addig semmik\u00e9ppen ne a legforgalmasabb szakaszodat haszn\u00e1ld. Ink\u00e1bb ker\u00fclj \u00e9s mindenk\u00e9ppen sisakban. A \u201emajd vigy\u00e1zok a fejemre, ha elesek\u201d nem nagyon m\u0171k\u00f6dik. Higgy\u00e9tek el nekem: k\u00e9t sisakot t\u00f6rtem el a fejemen.<\/p>\n<p><em>Ha ismersz olyan bring\u00e1st, akinek kij\u00e1r az elismer\u00e9s inspir\u00e1l\u00f3 teljes\u00edtm\u00e9nye miatt, \u00e9s \u00fagy gondolod, b\u00fcszk\u00e9n akasztan\u00e1 a nyak\u00e1ba a WLC Heroes \u00e9rm\u00e9t, \u00edrd meg nek\u00fcnk a <\/em><a href=\"mailto:welovecycling@skoda.hu\"><em>welovecycling@skoda.hu<\/em><\/a><em> e-mail c\u00edmre vagy <\/em><a href=\"https:\/\/www.facebook.com\/WeLoveCyclingHungary\"><em>Messenger \u00fczenetben<\/em><\/a><em>, hogy ki \u0151 \u00e9s mi\u00e9rt vagy r\u00e1 b\u00fcszke! Kiemelked\u0151 Strava-linkeket is v\u00e1runk! Magadat nevezn\u00e9d? Csak b\u00e1tran! <\/em><em>\ud83d\ude42<\/em><\/p>\n","protected":false},"excerpt":{"rendered":"<p>Nem minden h\u0151s visel k\u00f6penyt: van, aki biciklisnadr\u00e1gban menti meg a vil\u00e1got. Strava klubunkban olyan teljes\u00edtm\u00e9nyeknek vagyunk szemtan\u00fai nap mint [&hellip;]<\/p>\n","protected":false},"author":145,"featured_media":14883,"comment_status":"open","ping_status":"open","sticky":false,"template":"","format":"standard","meta":{"footnotes":""},"categories":[467],"tags":[],"global-categories":[419],"class_list":["post-14190","post","type-post","status-publish","format-standard","has-post-thumbnail","hentry","category-wlc-heroes","global-categories-cycling"],"yoast_head":"<!-- This site is optimized with the Yoast SEO Premium plugin v25.3 (Yoast SEO v25.9) - https:\/\/yoast.com\/wordpress\/plugins\/seo\/ -->\n<title>WLC Heroes: Boros P\u00e9ter, a biciklis ing\u00e1z\u00e1s \u00fatt\u00f6r\u0151je - \u0160koda We Love Cycling - Magyarorsz\u00e1g<\/title>\n<meta name=\"description\" content=\"Nem minden h\u0151s visel k\u00f6penyt: van, aki biciklisnadr\u00e1gban menti meg a vil\u00e1got. Strava klubunkban olyan teljes\u00edtm\u00e9nyeknek vagyunk szemtan\u00fai nap mint nap, amik mellett nem mehet\u00fcnk el. \u00dagy gondoljuk, az az akarater\u0151, munka \u00e9s kitart\u00e1s, ami ezekhez sz\u00fcks\u00e9ges, meg\u00e9rdemli a jutalmat. Ez\u00e9rt ind\u00edtottuk el WLC Heroes kamp\u00e1nyunkat, mely sor\u00e1n \u00e9remmel m\u00e9lt\u00e1nyoljuk a bring\u00e1z\u00e1s h\u0151seit, \u00e9s bemutatjuk \u0151ket nektek, hogy inspir\u00e1ljanak \u00e9s mozgat\u00f3rug\u00f3i lehessenek a sz\u00e9lesebb ker\u00e9kp\u00e1ros k\u00f6z\u00f6ss\u00e9gnek!\" \/>\n<meta name=\"robots\" content=\"index, follow, max-snippet:-1, max-image-preview:large, max-video-preview:-1\" \/>\n<link rel=\"canonical\" href=\"https:\/\/www.welovecycling.com\/hu\/wlc-heroes\/wlc-heroes-boros-peter-a-biciklis-ingazas-uttoroje\/\" \/>\n<meta property=\"og:locale\" content=\"hu_HU\" \/>\n<meta property=\"og:type\" content=\"article\" \/>\n<meta property=\"og:title\" content=\"WLC Heroes: Boros P\u00e9ter, a biciklis ing\u00e1z\u00e1s \u00fatt\u00f6r\u0151je\" \/>\n<meta property=\"og:description\" content=\"Nem minden h\u0151s visel k\u00f6penyt: van, aki biciklisnadr\u00e1gban menti meg a vil\u00e1got. Strava klubunkban olyan teljes\u00edtm\u00e9nyeknek vagyunk szemtan\u00fai nap mint nap, amik mellett nem mehet\u00fcnk el. \u00dagy gondoljuk, az az akarater\u0151, munka \u00e9s kitart\u00e1s, ami ezekhez sz\u00fcks\u00e9ges, meg\u00e9rdemli a jutalmat. Ez\u00e9rt ind\u00edtottuk el WLC Heroes kamp\u00e1nyunkat, mely sor\u00e1n \u00e9remmel m\u00e9lt\u00e1nyoljuk a bring\u00e1z\u00e1s h\u0151seit, \u00e9s bemutatjuk \u0151ket nektek, hogy inspir\u00e1ljanak \u00e9s mozgat\u00f3rug\u00f3i lehessenek a sz\u00e9lesebb ker\u00e9kp\u00e1ros k\u00f6z\u00f6ss\u00e9gnek!\" \/>\n<meta property=\"og:url\" content=\"https:\/\/www.welovecycling.com\/hu\/wlc-heroes\/wlc-heroes-boros-peter-a-biciklis-ingazas-uttoroje\/\" \/>\n<meta property=\"og:site_name\" content=\"\u0160koda We Love Cycling - Magyarorsz\u00e1g\" \/>\n<meta property=\"article:publisher\" content=\"https:\/\/www.facebook.com\/WeLoveCyclingHungary\/\" \/>\n<meta property=\"article:published_time\" content=\"2022-04-19T13:02:57+00:00\" \/>\n<meta property=\"article:modified_time\" content=\"2022-05-03T13:35:39+00:00\" \/>\n<meta property=\"og:image\" content=\"https:\/\/d2p6e6u75xmxt8.cloudfront.net\/12\/2022\/04\/WLCHEROES_BOROS_PETER_990x660_CIKK_UJ_JO.png\" \/>\n\t<meta property=\"og:image:width\" content=\"990\" \/>\n\t<meta property=\"og:image:height\" content=\"660\" \/>\n\t<meta property=\"og:image:type\" content=\"image\/png\" \/>\n<meta name=\"author\" content=\"kitti\" \/>\n<meta name=\"twitter:card\" content=\"summary_large_image\" \/>\n<meta name=\"twitter:label1\" content=\"Written by\" \/>\n\t<meta name=\"twitter:data1\" content=\"WLC\" \/>\n\t<meta name=\"twitter:label2\" content=\"Est. reading time\" \/>\n\t<meta name=\"twitter:data2\" content=\"7 minutes\" \/>\n<script type=\"application\/ld+json\" class=\"yoast-schema-graph\">{\"@context\":\"https:\/\/schema.org\",\"@graph\":[{\"@type\":\"WebPage\",\"@id\":\"https:\/\/www.welovecycling.com\/hu\/wlc-heroes\/wlc-heroes-boros-peter-a-biciklis-ingazas-uttoroje\/\",\"url\":\"https:\/\/www.welovecycling.com\/hu\/wlc-heroes\/wlc-heroes-boros-peter-a-biciklis-ingazas-uttoroje\/\",\"name\":\"WLC Heroes: Boros P\u00e9ter, a biciklis ing\u00e1z\u00e1s \u00fatt\u00f6r\u0151je - \u0160koda We Love Cycling - Magyarorsz\u00e1g\",\"isPartOf\":{\"@id\":\"https:\/\/www.welovecycling.com\/hu\/#website\"},\"primaryImageOfPage\":{\"@id\":\"https:\/\/www.welovecycling.com\/hu\/wlc-heroes\/wlc-heroes-boros-peter-a-biciklis-ingazas-uttoroje\/#primaryimage\"},\"image\":{\"@id\":\"https:\/\/www.welovecycling.com\/hu\/wlc-heroes\/wlc-heroes-boros-peter-a-biciklis-ingazas-uttoroje\/#primaryimage\"},\"thumbnailUrl\":\"https:\/\/d2p6e6u75xmxt8.cloudfront.net\/12\/2022\/04\/WLCHEROES_BOROS_PETER_990x660_CIKK_UJ_JO.png\",\"datePublished\":\"2022-04-19T13:02:57+00:00\",\"dateModified\":\"2022-05-03T13:35:39+00:00\",\"author\":{\"@id\":\"https:\/\/www.welovecycling.com\/hu\/#\/schema\/person\/bec7dcdbcc59f58489cf603e4040ced1\"},\"description\":\"Nem minden h\u0151s visel k\u00f6penyt: van, aki biciklisnadr\u00e1gban menti meg a vil\u00e1got. Strava klubunkban olyan teljes\u00edtm\u00e9nyeknek vagyunk szemtan\u00fai nap mint nap, amik mellett nem mehet\u00fcnk el. \u00dagy gondoljuk, az az akarater\u0151, munka \u00e9s kitart\u00e1s, ami ezekhez sz\u00fcks\u00e9ges, meg\u00e9rdemli a jutalmat. Ez\u00e9rt ind\u00edtottuk el WLC Heroes kamp\u00e1nyunkat, mely sor\u00e1n \u00e9remmel m\u00e9lt\u00e1nyoljuk a bring\u00e1z\u00e1s h\u0151seit, \u00e9s bemutatjuk \u0151ket nektek, hogy inspir\u00e1ljanak \u00e9s mozgat\u00f3rug\u00f3i lehessenek a sz\u00e9lesebb ker\u00e9kp\u00e1ros k\u00f6z\u00f6ss\u00e9gnek!\",\"breadcrumb\":{\"@id\":\"https:\/\/www.welovecycling.com\/hu\/wlc-heroes\/wlc-heroes-boros-peter-a-biciklis-ingazas-uttoroje\/#breadcrumb\"},\"inLanguage\":\"hu\",\"potentialAction\":[{\"@type\":\"ReadAction\",\"target\":[\"https:\/\/www.welovecycling.com\/hu\/wlc-heroes\/wlc-heroes-boros-peter-a-biciklis-ingazas-uttoroje\/\"]}]},{\"@type\":\"ImageObject\",\"inLanguage\":\"hu\",\"@id\":\"https:\/\/www.welovecycling.com\/hu\/wlc-heroes\/wlc-heroes-boros-peter-a-biciklis-ingazas-uttoroje\/#primaryimage\",\"url\":\"https:\/\/d2p6e6u75xmxt8.cloudfront.net\/12\/2022\/04\/WLCHEROES_BOROS_PETER_990x660_CIKK_UJ_JO.png\",\"contentUrl\":\"https:\/\/d2p6e6u75xmxt8.cloudfront.net\/12\/2022\/04\/WLCHEROES_BOROS_PETER_990x660_CIKK_UJ_JO.png\",\"width\":990,\"height\":660},{\"@type\":\"BreadcrumbList\",\"@id\":\"https:\/\/www.welovecycling.com\/hu\/wlc-heroes\/wlc-heroes-boros-peter-a-biciklis-ingazas-uttoroje\/#breadcrumb\",\"itemListElement\":[{\"@type\":\"ListItem\",\"position\":1,\"name\":\"Home\",\"item\":\"https:\/\/www.welovecycling.com\/hu\/\"},{\"@type\":\"ListItem\",\"position\":2,\"name\":\"WLC Heroes: Boros P\u00e9ter, a biciklis ing\u00e1z\u00e1s \u00fatt\u00f6r\u0151je\"}]},{\"@type\":\"WebSite\",\"@id\":\"https:\/\/www.welovecycling.com\/hu\/#website\",\"url\":\"https:\/\/www.welovecycling.com\/hu\/\",\"name\":\"\u0160koda We Love Cycling - Magyarorsz\u00e1g\",\"description\":\"\u0160koda WeLoveCycling\",\"potentialAction\":[{\"@type\":\"SearchAction\",\"target\":{\"@type\":\"EntryPoint\",\"urlTemplate\":\"https:\/\/www.welovecycling.com\/hu\/?s={search_term_string}\"},\"query-input\":{\"@type\":\"PropertyValueSpecification\",\"valueRequired\":true,\"valueName\":\"search_term_string\"}}],\"inLanguage\":\"hu\"},{\"@type\":\"Person\",\"@id\":\"https:\/\/www.welovecycling.com\/hu\/#\/schema\/person\/bec7dcdbcc59f58489cf603e4040ced1\",\"name\":\"kitti\",\"image\":{\"@type\":\"ImageObject\",\"inLanguage\":\"hu\",\"@id\":\"https:\/\/www.welovecycling.com\/hu\/#\/schema\/person\/image\/\",\"url\":\"https:\/\/secure.gravatar.com\/avatar\/e3196a110e1b57b96f56d92d10ce9bb4e9d7210076832a16243337e949410b52?s=96&d=mm&r=g\",\"contentUrl\":\"https:\/\/secure.gravatar.com\/avatar\/e3196a110e1b57b96f56d92d10ce9bb4e9d7210076832a16243337e949410b52?s=96&d=mm&r=g\",\"caption\":\"kitti\"},\"url\":\"https:\/\/www.welovecycling.com\/hu\/author\/kitti\/\"}]}<\/script>\n<!-- \/ Yoast SEO Premium plugin. -->","yoast_head_json":{"title":"WLC Heroes: Boros P\u00e9ter, a biciklis ing\u00e1z\u00e1s \u00fatt\u00f6r\u0151je - \u0160koda We Love Cycling - Magyarorsz\u00e1g","description":"Nem minden h\u0151s visel k\u00f6penyt: van, aki biciklisnadr\u00e1gban menti meg a vil\u00e1got. Strava klubunkban olyan teljes\u00edtm\u00e9nyeknek vagyunk szemtan\u00fai nap mint nap, amik mellett nem mehet\u00fcnk el. \u00dagy gondoljuk, az az akarater\u0151, munka \u00e9s kitart\u00e1s, ami ezekhez sz\u00fcks\u00e9ges, meg\u00e9rdemli a jutalmat. Ez\u00e9rt ind\u00edtottuk el WLC Heroes kamp\u00e1nyunkat, mely sor\u00e1n \u00e9remmel m\u00e9lt\u00e1nyoljuk a bring\u00e1z\u00e1s h\u0151seit, \u00e9s bemutatjuk \u0151ket nektek, hogy inspir\u00e1ljanak \u00e9s mozgat\u00f3rug\u00f3i lehessenek a sz\u00e9lesebb ker\u00e9kp\u00e1ros k\u00f6z\u00f6ss\u00e9gnek!","robots":{"index":"index","follow":"follow","max-snippet":"max-snippet:-1","max-image-preview":"max-image-preview:large","max-video-preview":"max-video-preview:-1"},"canonical":"https:\/\/www.welovecycling.com\/hu\/wlc-heroes\/wlc-heroes-boros-peter-a-biciklis-ingazas-uttoroje\/","og_locale":"hu_HU","og_type":"article","og_title":"WLC Heroes: Boros P\u00e9ter, a biciklis ing\u00e1z\u00e1s \u00fatt\u00f6r\u0151je","og_description":"Nem minden h\u0151s visel k\u00f6penyt: van, aki biciklisnadr\u00e1gban menti meg a vil\u00e1got. Strava klubunkban olyan teljes\u00edtm\u00e9nyeknek vagyunk szemtan\u00fai nap mint nap, amik mellett nem mehet\u00fcnk el. \u00dagy gondoljuk, az az akarater\u0151, munka \u00e9s kitart\u00e1s, ami ezekhez sz\u00fcks\u00e9ges, meg\u00e9rdemli a jutalmat. Ez\u00e9rt ind\u00edtottuk el WLC Heroes kamp\u00e1nyunkat, mely sor\u00e1n \u00e9remmel m\u00e9lt\u00e1nyoljuk a bring\u00e1z\u00e1s h\u0151seit, \u00e9s bemutatjuk \u0151ket nektek, hogy inspir\u00e1ljanak \u00e9s mozgat\u00f3rug\u00f3i lehessenek a sz\u00e9lesebb ker\u00e9kp\u00e1ros k\u00f6z\u00f6ss\u00e9gnek!","og_url":"https:\/\/www.welovecycling.com\/hu\/wlc-heroes\/wlc-heroes-boros-peter-a-biciklis-ingazas-uttoroje\/","og_site_name":"\u0160koda We Love Cycling - Magyarorsz\u00e1g","article_publisher":"https:\/\/www.facebook.com\/WeLoveCyclingHungary\/","article_published_time":"2022-04-19T13:02:57+00:00","article_modified_time":"2022-05-03T13:35:39+00:00","og_image":[{"width":990,"height":660,"url":"https:\/\/d2p6e6u75xmxt8.cloudfront.net\/12\/2022\/04\/WLCHEROES_BOROS_PETER_990x660_CIKK_UJ_JO.png","type":"image\/png"}],"author":"kitti","twitter_card":"summary_large_image","twitter_misc":{"Written by":"WLC","Est. reading time":"7 minutes"},"schema":{"@context":"https:\/\/schema.org","@graph":[{"@type":"WebPage","@id":"https:\/\/www.welovecycling.com\/hu\/wlc-heroes\/wlc-heroes-boros-peter-a-biciklis-ingazas-uttoroje\/","url":"https:\/\/www.welovecycling.com\/hu\/wlc-heroes\/wlc-heroes-boros-peter-a-biciklis-ingazas-uttoroje\/","name":"WLC Heroes: Boros P\u00e9ter, a biciklis ing\u00e1z\u00e1s \u00fatt\u00f6r\u0151je - \u0160koda We Love Cycling - Magyarorsz\u00e1g","isPartOf":{"@id":"https:\/\/www.welovecycling.com\/hu\/#website"},"primaryImageOfPage":{"@id":"https:\/\/www.welovecycling.com\/hu\/wlc-heroes\/wlc-heroes-boros-peter-a-biciklis-ingazas-uttoroje\/#primaryimage"},"image":{"@id":"https:\/\/www.welovecycling.com\/hu\/wlc-heroes\/wlc-heroes-boros-peter-a-biciklis-ingazas-uttoroje\/#primaryimage"},"thumbnailUrl":"https:\/\/d2p6e6u75xmxt8.cloudfront.net\/12\/2022\/04\/WLCHEROES_BOROS_PETER_990x660_CIKK_UJ_JO.png","datePublished":"2022-04-19T13:02:57+00:00","dateModified":"2022-05-03T13:35:39+00:00","author":{"@id":"https:\/\/www.welovecycling.com\/hu\/#\/schema\/person\/bec7dcdbcc59f58489cf603e4040ced1"},"description":"Nem minden h\u0151s visel k\u00f6penyt: van, aki biciklisnadr\u00e1gban menti meg a vil\u00e1got. Strava klubunkban olyan teljes\u00edtm\u00e9nyeknek vagyunk szemtan\u00fai nap mint nap, amik mellett nem mehet\u00fcnk el. \u00dagy gondoljuk, az az akarater\u0151, munka \u00e9s kitart\u00e1s, ami ezekhez sz\u00fcks\u00e9ges, meg\u00e9rdemli a jutalmat. Ez\u00e9rt ind\u00edtottuk el WLC Heroes kamp\u00e1nyunkat, mely sor\u00e1n \u00e9remmel m\u00e9lt\u00e1nyoljuk a bring\u00e1z\u00e1s h\u0151seit, \u00e9s bemutatjuk \u0151ket nektek, hogy inspir\u00e1ljanak \u00e9s mozgat\u00f3rug\u00f3i lehessenek a sz\u00e9lesebb ker\u00e9kp\u00e1ros k\u00f6z\u00f6ss\u00e9gnek!","breadcrumb":{"@id":"https:\/\/www.welovecycling.com\/hu\/wlc-heroes\/wlc-heroes-boros-peter-a-biciklis-ingazas-uttoroje\/#breadcrumb"},"inLanguage":"hu","potentialAction":[{"@type":"ReadAction","target":["https:\/\/www.welovecycling.com\/hu\/wlc-heroes\/wlc-heroes-boros-peter-a-biciklis-ingazas-uttoroje\/"]}]},{"@type":"ImageObject","inLanguage":"hu","@id":"https:\/\/www.welovecycling.com\/hu\/wlc-heroes\/wlc-heroes-boros-peter-a-biciklis-ingazas-uttoroje\/#primaryimage","url":"https:\/\/d2p6e6u75xmxt8.cloudfront.net\/12\/2022\/04\/WLCHEROES_BOROS_PETER_990x660_CIKK_UJ_JO.png","contentUrl":"https:\/\/d2p6e6u75xmxt8.cloudfront.net\/12\/2022\/04\/WLCHEROES_BOROS_PETER_990x660_CIKK_UJ_JO.png","width":990,"height":660},{"@type":"BreadcrumbList","@id":"https:\/\/www.welovecycling.com\/hu\/wlc-heroes\/wlc-heroes-boros-peter-a-biciklis-ingazas-uttoroje\/#breadcrumb","itemListElement":[{"@type":"ListItem","position":1,"name":"Home","item":"https:\/\/www.welovecycling.com\/hu\/"},{"@type":"ListItem","position":2,"name":"WLC Heroes: Boros P\u00e9ter, a biciklis ing\u00e1z\u00e1s \u00fatt\u00f6r\u0151je"}]},{"@type":"WebSite","@id":"https:\/\/www.welovecycling.com\/hu\/#website","url":"https:\/\/www.welovecycling.com\/hu\/","name":"\u0160koda We Love Cycling - Magyarorsz\u00e1g","description":"\u0160koda WeLoveCycling","potentialAction":[{"@type":"SearchAction","target":{"@type":"EntryPoint","urlTemplate":"https:\/\/www.welovecycling.com\/hu\/?s={search_term_string}"},"query-input":{"@type":"PropertyValueSpecification","valueRequired":true,"valueName":"search_term_string"}}],"inLanguage":"hu"},{"@type":"Person","@id":"https:\/\/www.welovecycling.com\/hu\/#\/schema\/person\/bec7dcdbcc59f58489cf603e4040ced1","name":"kitti","image":{"@type":"ImageObject","inLanguage":"hu","@id":"https:\/\/www.welovecycling.com\/hu\/#\/schema\/person\/image\/","url":"https:\/\/secure.gravatar.com\/avatar\/e3196a110e1b57b96f56d92d10ce9bb4e9d7210076832a16243337e949410b52?s=96&d=mm&r=g","contentUrl":"https:\/\/secure.gravatar.com\/avatar\/e3196a110e1b57b96f56d92d10ce9bb4e9d7210076832a16243337e949410b52?s=96&d=mm&r=g","caption":"kitti"},"url":"https:\/\/www.welovecycling.com\/hu\/author\/kitti\/"}]}},"_links":{"self":[{"href":"https:\/\/www.welovecycling.com\/hu\/wp-json\/wp\/v2\/posts\/14190","targetHints":{"allow":["GET"]}}],"collection":[{"href":"https:\/\/www.welovecycling.com\/hu\/wp-json\/wp\/v2\/posts"}],"about":[{"href":"https:\/\/www.welovecycling.com\/hu\/wp-json\/wp\/v2\/types\/post"}],"author":[{"embeddable":true,"href":"https:\/\/www.welovecycling.com\/hu\/wp-json\/wp\/v2\/users\/145"}],"replies":[{"embeddable":true,"href":"https:\/\/www.welovecycling.com\/hu\/wp-json\/wp\/v2\/comments?post=14190"}],"version-history":[{"count":2,"href":"https:\/\/www.welovecycling.com\/hu\/wp-json\/wp\/v2\/posts\/14190\/revisions"}],"predecessor-version":[{"id":14884,"href":"https:\/\/www.welovecycling.com\/hu\/wp-json\/wp\/v2\/posts\/14190\/revisions\/14884"}],"wp:featuredmedia":[{"embeddable":true,"href":"https:\/\/www.welovecycling.com\/hu\/wp-json\/wp\/v2\/media\/14883"}],"wp:attachment":[{"href":"https:\/\/www.welovecycling.com\/hu\/wp-json\/wp\/v2\/media?parent=14190"}],"wp:term":[{"taxonomy":"category","embeddable":true,"href":"https:\/\/www.welovecycling.com\/hu\/wp-json\/wp\/v2\/categories?post=14190"},{"taxonomy":"post_tag","embeddable":true,"href":"https:\/\/www.welovecycling.com\/hu\/wp-json\/wp\/v2\/tags?post=14190"},{"taxonomy":"global-categories","embeddable":true,"href":"https:\/\/www.welovecycling.com\/hu\/wp-json\/wp\/v2\/global-categories?post=14190"}],"curies":[{"name":"wp","href":"https:\/\/api.w.org\/{rel}","templated":true}]}}