{"id":14147,"date":"2022-04-18T08:00:44","date_gmt":"2022-04-18T06:00:44","guid":{"rendered":"https:\/\/www.welovecycling.com\/hu\/?p=14147"},"modified":"2022-04-14T15:31:39","modified_gmt":"2022-04-14T13:31:39","slug":"egyenlo-penzdijert-versenyeztek-a-nok-az-amstel-gold-race-en","status":"publish","type":"post","link":"https:\/\/www.welovecycling.com\/hu\/orszaguti-kerekpar\/egyenlo-penzdijert-versenyeztek-a-nok-az-amstel-gold-race-en\/","title":{"rendered":"Egyenl\u0151 p\u00e9nzd\u00edj\u00e9rt versenyeztek a n\u0151k az Amstel Gold Race-en"},"content":{"rendered":"<p><strong>A h\u00e1rom Ardenneki Klasszikusok k\u00f6z\u00fcl az els\u0151re \u00e1prilis 10-\u00e9n ker\u00fclt sor Hollandi\u00e1ban. A holland verseny szervez\u0151i nemr\u00e9giben jelentett\u00e9k be, hogy a n\u0151k a f\u00e9rfiak\u00e9val megegyez\u0151, 40 000 eur\u00f3s p\u00e9nzd\u00edj\u00e9rt fognak versenyezni, ami az el\u0151z\u0151 \u00e9vhez k\u00e9pest 30 000 eur\u00f3val t\u00f6bb. Mindk\u00e9t verseny gy\u0151ztesei 16 000 eur\u00f3val t\u00e9rhetnek haza.<\/strong><\/p>\n<p><!--more--><\/p>\n<p><em>&#8220;Az elm\u00falt \u00e9vekben t\u00f6bbsz\u00f6r tett\u00fcnk l\u00e9p\u00e9seket annak \u00e9rdek\u00e9ben, hogy az Amstel Gold Race-en is nagyobb egyenl\u0151s\u00e9g legyen&#8221; &#8211;<\/em> mondta Els Dijkhuizen, a Heineken Nederland marketingigazgat\u00f3ja a cyclingnews.com-nak.<\/p>\n<figure id=\"attachment_14148\" aria-describedby=\"caption-attachment-14148\" style=\"width: 1000px\" class=\"wp-caption alignnone\"><a href=\"https:\/\/d2p6e6u75xmxt8.cloudfront.net\/12\/2022\/04\/2021-Amstel-Gold-Race-Ladies-profimedia-0606280481.jpg\"><img loading=\"lazy\" decoding=\"async\" class=\"size-full wp-image-14148\" src=\"https:\/\/d2p6e6u75xmxt8.cloudfront.net\/12\/2022\/04\/2021-Amstel-Gold-Race-Ladies-profimedia-0606280481.jpg\" alt=\"Amstel Gold Race 2021\" width=\"1000\" height=\"666\" srcset=\"https:\/\/d2p6e6u75xmxt8.cloudfront.net\/12\/2022\/04\/2021-Amstel-Gold-Race-Ladies-profimedia-0606280481.jpg 1000w, https:\/\/d2p6e6u75xmxt8.cloudfront.net\/12\/2022\/04\/2021-Amstel-Gold-Race-Ladies-profimedia-0606280481-300x200.jpg 300w, https:\/\/d2p6e6u75xmxt8.cloudfront.net\/12\/2022\/04\/2021-Amstel-Gold-Race-Ladies-profimedia-0606280481-768x511.jpg 768w, https:\/\/d2p6e6u75xmxt8.cloudfront.net\/12\/2022\/04\/2021-Amstel-Gold-Race-Ladies-profimedia-0606280481-272x182.jpg 272w\" sizes=\"auto, (max-width: 1000px) 100vw, 1000px\" \/><\/a><figcaption id=\"caption-attachment-14148\" class=\"wp-caption-text\"><em>Kasia Niewiadoma (balra) \u00e9s Marianne Vos akci\u00f3ban a 2021-es Amstel Gold Race Ladies versenyen. \u00a9 Profimedia<\/em><\/figcaption><\/figure>\n<p><em>&#8220;A j\u00e1t\u00e9kos akci\u00f3t\u00f3l kezdve a f\u00e9rfiak \u00e9s n\u0151k k\u00f6z\u00f6s csapat bemutat\u00f3j\u00e1ig, ami egyed\u00fcl\u00e1ll\u00f3 volt a ker\u00e9kp\u00e1rsportban. Emellett az elm\u00falt \u00e9vekben fokozatosan n\u00f6velt\u00fck a p\u00e9nzd\u00edjat, \u00e9s id\u00e9n ez az \u00f6sszeg egyenl\u0151 lesz a f\u00e9rfiak \u00e9s n\u0151k sz\u00e1m\u00e1ra&#8221; <\/em>&#8211; tette hozz\u00e1 Els.<\/p>\n<p><em>&#8220;Ez egy hatalmas l\u00e9p\u00e9s el\u0151re. Ha megn\u00e9zz\u00fck, honnan indult a n\u0151i ker\u00e9kp\u00e1rsport, \u00e9s hol tartunk most, akkor ez t\u00e9nyleg nagy k\u00fcl\u00f6nbs\u00e9g&#8221;<\/em> &#8211; nyilatkozta Leontien Zijlaard-Van Moorsel versenyigazgat\u00f3. <em>&#8221; B\u00fcszke vagyok arra, hogy az Amstel Gold Race-en mindig innovat\u00edv l\u00e9p\u00e9seket tesz\u00fcnk, \u00e9s vezet\u0151 szerepet v\u00e1llalunk.&#8221;<\/em><\/p>\n<p>Az Amstel Gold Race a Tour of Flanders nyomdokaiba l\u00e9pett, ami 50 000 eur\u00f3ra emelte a n\u0151i d\u00edjaz\u00e1st, a Classic Brugge-De Panne pedig 40 000 eur\u00f3ra.<\/p>\n<p>\u00c9s mi a helyzet a Grand Tourokkal? A Tour de France Femmes \u00e9s a Giro d&#8217;Italia Donne 250 000 eur\u00f3s p\u00e9nzd\u00edjat k\u00edn\u00e1l. Ez azonban m\u00e9g mindig j\u00f3val alacsonyabb a f\u00e9rfiak\u00e9n\u00e1l. A Tour f\u00e9rfi kiad\u00e1s\u00e1nak gy\u0151ztese 500 000 eur\u00f3t kap, m\u00edg a m\u00e1sodik helyezett 250 000 eur\u00f3t, az \u00f6sszes\u00edtett harmadik helyezett pedig 125 000 eur\u00f3t.<\/p>\n","protected":false},"excerpt":{"rendered":"<p>A h\u00e1rom Ardenneki Klasszikusok k\u00f6z\u00fcl az els\u0151re \u00e1prilis 10-\u00e9n ker\u00fclt sor Hollandi\u00e1ban. A holland verseny szervez\u0151i nemr\u00e9giben jelentett\u00e9k be, hogy [&hellip;]<\/p>\n","protected":false},"author":71,"featured_media":14150,"comment_status":"open","ping_status":"open","sticky":false,"template":"","format":"standard","meta":{"footnotes":""},"categories":[8],"tags":[],"global-categories":[],"class_list":["post-14147","post","type-post","status-publish","format-standard","has-post-thumbnail","hentry","category-orszaguti-kerekpar"],"yoast_head":"<!-- This site is optimized with the Yoast SEO Premium plugin v25.3 (Yoast SEO v25.9) - https:\/\/yoast.com\/wordpress\/plugins\/seo\/ -->\n<title>Egyenl\u0151 p\u00e9nzd\u00edj\u00e9rt versenyeztek a n\u0151k az Amstel Gold Race-en<\/title>\n<meta name=\"description\" content=\"A h\u00e1rom Ardenneki Klasszikusok k\u00f6z\u00fcl az els\u0151re \u00e1prilis 10-\u00e9n ker\u00fclt sor Hollandi\u00e1ban. A holland verseny szervez\u0151i nemr\u00e9giben jelentett\u00e9k be, hogy a n\u0151k a f\u00e9rfiak\u00e9val megegyez\u0151, 40 000 eur\u00f3s p\u00e9nzd\u00edj\u00e9rt fognak versenyezni, ami az el\u0151z\u0151 \u00e9vhez k\u00e9pest 30 000 eur\u00f3val t\u00f6bb. Mindk\u00e9t verseny gy\u0151ztesei 16 000 eur\u00f3val t\u00e9rhetnek haza.\" \/>\n<meta name=\"robots\" content=\"index, follow, max-snippet:-1, max-image-preview:large, max-video-preview:-1\" \/>\n<link rel=\"canonical\" href=\"https:\/\/www.welovecycling.com\/hu\/orszaguti-kerekpar\/egyenlo-penzdijert-versenyeztek-a-nok-az-amstel-gold-race-en\/\" \/>\n<meta property=\"og:locale\" content=\"hu_HU\" \/>\n<meta property=\"og:type\" content=\"article\" \/>\n<meta property=\"og:title\" content=\"Egyenl\u0151 p\u00e9nzd\u00edj\u00e9rt versenyeztek a n\u0151k az Amstel Gold Race-en\" \/>\n<meta property=\"og:description\" content=\"A h\u00e1rom Ardenneki Klasszikusok k\u00f6z\u00fcl az els\u0151re \u00e1prilis 10-\u00e9n ker\u00fclt sor Hollandi\u00e1ban. A holland verseny szervez\u0151i nemr\u00e9giben jelentett\u00e9k be, hogy a n\u0151k a f\u00e9rfiak\u00e9val megegyez\u0151, 40 000 eur\u00f3s p\u00e9nzd\u00edj\u00e9rt fognak versenyezni, ami az el\u0151z\u0151 \u00e9vhez k\u00e9pest 30 000 eur\u00f3val t\u00f6bb. Mindk\u00e9t verseny gy\u0151ztesei 16 000 eur\u00f3val t\u00e9rhetnek haza.\" \/>\n<meta property=\"og:url\" content=\"https:\/\/www.welovecycling.com\/hu\/orszaguti-kerekpar\/egyenlo-penzdijert-versenyeztek-a-nok-az-amstel-gold-race-en\/\" \/>\n<meta property=\"og:site_name\" content=\"\u0160koda We Love Cycling - Magyarorsz\u00e1g\" \/>\n<meta property=\"article:publisher\" content=\"https:\/\/www.facebook.com\/WeLoveCyclingHungary\/\" \/>\n<meta property=\"article:published_time\" content=\"2022-04-18T06:00:44+00:00\" \/>\n<meta property=\"og:image\" content=\"https:\/\/d2p6e6u75xmxt8.cloudfront.net\/12\/2022\/04\/Amstel-Gold-Race-profimedia-0606275014-CVR.jpg\" \/>\n\t<meta property=\"og:image:width\" content=\"1366\" \/>\n\t<meta property=\"og:image:height\" content=\"600\" \/>\n\t<meta property=\"og:image:type\" content=\"image\/jpeg\" \/>\n<meta name=\"author\" content=\"hegyizs\" \/>\n<meta name=\"twitter:card\" content=\"summary_large_image\" \/>\n<meta name=\"twitter:label1\" content=\"Written by\" \/>\n\t<meta name=\"twitter:data1\" content=\"Monica Buck\" \/>\n\t<meta name=\"twitter:label2\" content=\"Est. reading time\" \/>\n\t<meta name=\"twitter:data2\" content=\"4\" \/>\n<script type=\"application\/ld+json\" class=\"yoast-schema-graph\">{\"@context\":\"https:\/\/schema.org\",\"@graph\":[{\"@type\":\"WebPage\",\"@id\":\"https:\/\/www.welovecycling.com\/hu\/orszaguti-kerekpar\/egyenlo-penzdijert-versenyeztek-a-nok-az-amstel-gold-race-en\/\",\"url\":\"https:\/\/www.welovecycling.com\/hu\/orszaguti-kerekpar\/egyenlo-penzdijert-versenyeztek-a-nok-az-amstel-gold-race-en\/\",\"name\":\"Egyenl\u0151 p\u00e9nzd\u00edj\u00e9rt versenyeztek a n\u0151k az Amstel Gold Race-en\",\"isPartOf\":{\"@id\":\"https:\/\/www.welovecycling.com\/hu\/#website\"},\"primaryImageOfPage\":{\"@id\":\"https:\/\/www.welovecycling.com\/hu\/orszaguti-kerekpar\/egyenlo-penzdijert-versenyeztek-a-nok-az-amstel-gold-race-en\/#primaryimage\"},\"image\":{\"@id\":\"https:\/\/www.welovecycling.com\/hu\/orszaguti-kerekpar\/egyenlo-penzdijert-versenyeztek-a-nok-az-amstel-gold-race-en\/#primaryimage\"},\"thumbnailUrl\":\"https:\/\/d2p6e6u75xmxt8.cloudfront.net\/12\/2022\/04\/Amstel-Gold-Race-profimedia-0606275014-CVR.jpg\",\"datePublished\":\"2022-04-18T06:00:44+00:00\",\"author\":{\"@id\":\"https:\/\/www.welovecycling.com\/hu\/#\/schema\/person\/414a2aebf1801691a5320edb6468e194\"},\"description\":\"A h\u00e1rom Ardenneki Klasszikusok k\u00f6z\u00fcl az els\u0151re \u00e1prilis 10-\u00e9n ker\u00fclt sor Hollandi\u00e1ban. A holland verseny szervez\u0151i nemr\u00e9giben jelentett\u00e9k be, hogy a n\u0151k a f\u00e9rfiak\u00e9val megegyez\u0151, 40 000 eur\u00f3s p\u00e9nzd\u00edj\u00e9rt fognak versenyezni, ami az el\u0151z\u0151 \u00e9vhez k\u00e9pest 30 000 eur\u00f3val t\u00f6bb. Mindk\u00e9t verseny gy\u0151ztesei 16 000 eur\u00f3val t\u00e9rhetnek haza.\",\"breadcrumb\":{\"@id\":\"https:\/\/www.welovecycling.com\/hu\/orszaguti-kerekpar\/egyenlo-penzdijert-versenyeztek-a-nok-az-amstel-gold-race-en\/#breadcrumb\"},\"inLanguage\":\"hu\",\"potentialAction\":[{\"@type\":\"ReadAction\",\"target\":[\"https:\/\/www.welovecycling.com\/hu\/orszaguti-kerekpar\/egyenlo-penzdijert-versenyeztek-a-nok-az-amstel-gold-race-en\/\"]}]},{\"@type\":\"ImageObject\",\"inLanguage\":\"hu\",\"@id\":\"https:\/\/www.welovecycling.com\/hu\/orszaguti-kerekpar\/egyenlo-penzdijert-versenyeztek-a-nok-az-amstel-gold-race-en\/#primaryimage\",\"url\":\"https:\/\/d2p6e6u75xmxt8.cloudfront.net\/12\/2022\/04\/Amstel-Gold-Race-profimedia-0606275014-CVR.jpg\",\"contentUrl\":\"https:\/\/d2p6e6u75xmxt8.cloudfront.net\/12\/2022\/04\/Amstel-Gold-Race-profimedia-0606275014-CVR.jpg\",\"width\":1366,\"height\":600,\"caption\":\"Amstel Gold Race Ladies\"},{\"@type\":\"BreadcrumbList\",\"@id\":\"https:\/\/www.welovecycling.com\/hu\/orszaguti-kerekpar\/egyenlo-penzdijert-versenyeztek-a-nok-az-amstel-gold-race-en\/#breadcrumb\",\"itemListElement\":[{\"@type\":\"ListItem\",\"position\":1,\"name\":\"Home\",\"item\":\"https:\/\/www.welovecycling.com\/hu\/\"},{\"@type\":\"ListItem\",\"position\":2,\"name\":\"Egyenl\u0151 p\u00e9nzd\u00edj\u00e9rt versenyeztek a n\u0151k az Amstel Gold Race-en\"}]},{\"@type\":\"WebSite\",\"@id\":\"https:\/\/www.welovecycling.com\/hu\/#website\",\"url\":\"https:\/\/www.welovecycling.com\/hu\/\",\"name\":\"\u0160koda We Love Cycling - Magyarorsz\u00e1g\",\"description\":\"\u0160koda WeLoveCycling\",\"potentialAction\":[{\"@type\":\"SearchAction\",\"target\":{\"@type\":\"EntryPoint\",\"urlTemplate\":\"https:\/\/www.welovecycling.com\/hu\/?s={search_term_string}\"},\"query-input\":{\"@type\":\"PropertyValueSpecification\",\"valueRequired\":true,\"valueName\":\"search_term_string\"}}],\"inLanguage\":\"hu\"},{\"@type\":\"Person\",\"@id\":\"https:\/\/www.welovecycling.com\/hu\/#\/schema\/person\/414a2aebf1801691a5320edb6468e194\",\"name\":\"hegyizs\",\"image\":{\"@type\":\"ImageObject\",\"inLanguage\":\"hu\",\"@id\":\"https:\/\/www.welovecycling.com\/hu\/#\/schema\/person\/image\/\",\"url\":\"https:\/\/secure.gravatar.com\/avatar\/02cf8a7906b8cf90cecb4679defac7cfd33a1c2e3b88e4903d947f3bb58eedd3?s=96&d=mm&r=g\",\"contentUrl\":\"https:\/\/secure.gravatar.com\/avatar\/02cf8a7906b8cf90cecb4679defac7cfd33a1c2e3b88e4903d947f3bb58eedd3?s=96&d=mm&r=g\",\"caption\":\"hegyizs\"},\"url\":\"https:\/\/www.welovecycling.com\/hu\/author\/hegyizs\/\"}]}<\/script>\n<!-- \/ Yoast SEO Premium plugin. -->","yoast_head_json":{"title":"Egyenl\u0151 p\u00e9nzd\u00edj\u00e9rt versenyeztek a n\u0151k az Amstel Gold Race-en","description":"A h\u00e1rom Ardenneki Klasszikusok k\u00f6z\u00fcl az els\u0151re \u00e1prilis 10-\u00e9n ker\u00fclt sor Hollandi\u00e1ban. A holland verseny szervez\u0151i nemr\u00e9giben jelentett\u00e9k be, hogy a n\u0151k a f\u00e9rfiak\u00e9val megegyez\u0151, 40 000 eur\u00f3s p\u00e9nzd\u00edj\u00e9rt fognak versenyezni, ami az el\u0151z\u0151 \u00e9vhez k\u00e9pest 30 000 eur\u00f3val t\u00f6bb. Mindk\u00e9t verseny gy\u0151ztesei 16 000 eur\u00f3val t\u00e9rhetnek haza.","robots":{"index":"index","follow":"follow","max-snippet":"max-snippet:-1","max-image-preview":"max-image-preview:large","max-video-preview":"max-video-preview:-1"},"canonical":"https:\/\/www.welovecycling.com\/hu\/orszaguti-kerekpar\/egyenlo-penzdijert-versenyeztek-a-nok-az-amstel-gold-race-en\/","og_locale":"hu_HU","og_type":"article","og_title":"Egyenl\u0151 p\u00e9nzd\u00edj\u00e9rt versenyeztek a n\u0151k az Amstel Gold Race-en","og_description":"A h\u00e1rom Ardenneki Klasszikusok k\u00f6z\u00fcl az els\u0151re \u00e1prilis 10-\u00e9n ker\u00fclt sor Hollandi\u00e1ban. A holland verseny szervez\u0151i nemr\u00e9giben jelentett\u00e9k be, hogy a n\u0151k a f\u00e9rfiak\u00e9val megegyez\u0151, 40 000 eur\u00f3s p\u00e9nzd\u00edj\u00e9rt fognak versenyezni, ami az el\u0151z\u0151 \u00e9vhez k\u00e9pest 30 000 eur\u00f3val t\u00f6bb. Mindk\u00e9t verseny gy\u0151ztesei 16 000 eur\u00f3val t\u00e9rhetnek haza.","og_url":"https:\/\/www.welovecycling.com\/hu\/orszaguti-kerekpar\/egyenlo-penzdijert-versenyeztek-a-nok-az-amstel-gold-race-en\/","og_site_name":"\u0160koda We Love Cycling - Magyarorsz\u00e1g","article_publisher":"https:\/\/www.facebook.com\/WeLoveCyclingHungary\/","article_published_time":"2022-04-18T06:00:44+00:00","og_image":[{"width":1366,"height":600,"url":"https:\/\/d2p6e6u75xmxt8.cloudfront.net\/12\/2022\/04\/Amstel-Gold-Race-profimedia-0606275014-CVR.jpg","type":"image\/jpeg"}],"author":"hegyizs","twitter_card":"summary_large_image","twitter_misc":{"Written by":"Monica Buck","Est. reading time":"4"},"schema":{"@context":"https:\/\/schema.org","@graph":[{"@type":"WebPage","@id":"https:\/\/www.welovecycling.com\/hu\/orszaguti-kerekpar\/egyenlo-penzdijert-versenyeztek-a-nok-az-amstel-gold-race-en\/","url":"https:\/\/www.welovecycling.com\/hu\/orszaguti-kerekpar\/egyenlo-penzdijert-versenyeztek-a-nok-az-amstel-gold-race-en\/","name":"Egyenl\u0151 p\u00e9nzd\u00edj\u00e9rt versenyeztek a n\u0151k az Amstel Gold Race-en","isPartOf":{"@id":"https:\/\/www.welovecycling.com\/hu\/#website"},"primaryImageOfPage":{"@id":"https:\/\/www.welovecycling.com\/hu\/orszaguti-kerekpar\/egyenlo-penzdijert-versenyeztek-a-nok-az-amstel-gold-race-en\/#primaryimage"},"image":{"@id":"https:\/\/www.welovecycling.com\/hu\/orszaguti-kerekpar\/egyenlo-penzdijert-versenyeztek-a-nok-az-amstel-gold-race-en\/#primaryimage"},"thumbnailUrl":"https:\/\/d2p6e6u75xmxt8.cloudfront.net\/12\/2022\/04\/Amstel-Gold-Race-profimedia-0606275014-CVR.jpg","datePublished":"2022-04-18T06:00:44+00:00","author":{"@id":"https:\/\/www.welovecycling.com\/hu\/#\/schema\/person\/414a2aebf1801691a5320edb6468e194"},"description":"A h\u00e1rom Ardenneki Klasszikusok k\u00f6z\u00fcl az els\u0151re \u00e1prilis 10-\u00e9n ker\u00fclt sor Hollandi\u00e1ban. A holland verseny szervez\u0151i nemr\u00e9giben jelentett\u00e9k be, hogy a n\u0151k a f\u00e9rfiak\u00e9val megegyez\u0151, 40 000 eur\u00f3s p\u00e9nzd\u00edj\u00e9rt fognak versenyezni, ami az el\u0151z\u0151 \u00e9vhez k\u00e9pest 30 000 eur\u00f3val t\u00f6bb. Mindk\u00e9t verseny gy\u0151ztesei 16 000 eur\u00f3val t\u00e9rhetnek haza.","breadcrumb":{"@id":"https:\/\/www.welovecycling.com\/hu\/orszaguti-kerekpar\/egyenlo-penzdijert-versenyeztek-a-nok-az-amstel-gold-race-en\/#breadcrumb"},"inLanguage":"hu","potentialAction":[{"@type":"ReadAction","target":["https:\/\/www.welovecycling.com\/hu\/orszaguti-kerekpar\/egyenlo-penzdijert-versenyeztek-a-nok-az-amstel-gold-race-en\/"]}]},{"@type":"ImageObject","inLanguage":"hu","@id":"https:\/\/www.welovecycling.com\/hu\/orszaguti-kerekpar\/egyenlo-penzdijert-versenyeztek-a-nok-az-amstel-gold-race-en\/#primaryimage","url":"https:\/\/d2p6e6u75xmxt8.cloudfront.net\/12\/2022\/04\/Amstel-Gold-Race-profimedia-0606275014-CVR.jpg","contentUrl":"https:\/\/d2p6e6u75xmxt8.cloudfront.net\/12\/2022\/04\/Amstel-Gold-Race-profimedia-0606275014-CVR.jpg","width":1366,"height":600,"caption":"Amstel Gold Race Ladies"},{"@type":"BreadcrumbList","@id":"https:\/\/www.welovecycling.com\/hu\/orszaguti-kerekpar\/egyenlo-penzdijert-versenyeztek-a-nok-az-amstel-gold-race-en\/#breadcrumb","itemListElement":[{"@type":"ListItem","position":1,"name":"Home","item":"https:\/\/www.welovecycling.com\/hu\/"},{"@type":"ListItem","position":2,"name":"Egyenl\u0151 p\u00e9nzd\u00edj\u00e9rt versenyeztek a n\u0151k az Amstel Gold Race-en"}]},{"@type":"WebSite","@id":"https:\/\/www.welovecycling.com\/hu\/#website","url":"https:\/\/www.welovecycling.com\/hu\/","name":"\u0160koda We Love Cycling - Magyarorsz\u00e1g","description":"\u0160koda WeLoveCycling","potentialAction":[{"@type":"SearchAction","target":{"@type":"EntryPoint","urlTemplate":"https:\/\/www.welovecycling.com\/hu\/?s={search_term_string}"},"query-input":{"@type":"PropertyValueSpecification","valueRequired":true,"valueName":"search_term_string"}}],"inLanguage":"hu"},{"@type":"Person","@id":"https:\/\/www.welovecycling.com\/hu\/#\/schema\/person\/414a2aebf1801691a5320edb6468e194","name":"hegyizs","image":{"@type":"ImageObject","inLanguage":"hu","@id":"https:\/\/www.welovecycling.com\/hu\/#\/schema\/person\/image\/","url":"https:\/\/secure.gravatar.com\/avatar\/02cf8a7906b8cf90cecb4679defac7cfd33a1c2e3b88e4903d947f3bb58eedd3?s=96&d=mm&r=g","contentUrl":"https:\/\/secure.gravatar.com\/avatar\/02cf8a7906b8cf90cecb4679defac7cfd33a1c2e3b88e4903d947f3bb58eedd3?s=96&d=mm&r=g","caption":"hegyizs"},"url":"https:\/\/www.welovecycling.com\/hu\/author\/hegyizs\/"}]}},"_links":{"self":[{"href":"https:\/\/www.welovecycling.com\/hu\/wp-json\/wp\/v2\/posts\/14147","targetHints":{"allow":["GET"]}}],"collection":[{"href":"https:\/\/www.welovecycling.com\/hu\/wp-json\/wp\/v2\/posts"}],"about":[{"href":"https:\/\/www.welovecycling.com\/hu\/wp-json\/wp\/v2\/types\/post"}],"author":[{"embeddable":true,"href":"https:\/\/www.welovecycling.com\/hu\/wp-json\/wp\/v2\/users\/71"}],"replies":[{"embeddable":true,"href":"https:\/\/www.welovecycling.com\/hu\/wp-json\/wp\/v2\/comments?post=14147"}],"version-history":[{"count":2,"href":"https:\/\/www.welovecycling.com\/hu\/wp-json\/wp\/v2\/posts\/14147\/revisions"}],"predecessor-version":[{"id":14156,"href":"https:\/\/www.welovecycling.com\/hu\/wp-json\/wp\/v2\/posts\/14147\/revisions\/14156"}],"wp:featuredmedia":[{"embeddable":true,"href":"https:\/\/www.welovecycling.com\/hu\/wp-json\/wp\/v2\/media\/14150"}],"wp:attachment":[{"href":"https:\/\/www.welovecycling.com\/hu\/wp-json\/wp\/v2\/media?parent=14147"}],"wp:term":[{"taxonomy":"category","embeddable":true,"href":"https:\/\/www.welovecycling.com\/hu\/wp-json\/wp\/v2\/categories?post=14147"},{"taxonomy":"post_tag","embeddable":true,"href":"https:\/\/www.welovecycling.com\/hu\/wp-json\/wp\/v2\/tags?post=14147"},{"taxonomy":"global-categories","embeddable":true,"href":"https:\/\/www.welovecycling.com\/hu\/wp-json\/wp\/v2\/global-categories?post=14147"}],"curies":[{"name":"wp","href":"https:\/\/api.w.org\/{rel}","templated":true}]}}