{"id":14144,"date":"2022-04-21T08:00:27","date_gmt":"2022-04-21T06:00:27","guid":{"rendered":"https:\/\/www.welovecycling.com\/hu\/?p=14144"},"modified":"2022-04-14T15:32:58","modified_gmt":"2022-04-14T13:32:58","slug":"a-flandriai-korverseny-dramai-tortenete","status":"publish","type":"post","link":"https:\/\/www.welovecycling.com\/hu\/orszaguti-kerekpar\/a-flandriai-korverseny-dramai-tortenete\/","title":{"rendered":"A Flandriai k\u00f6rverseny dr\u00e1mai t\u00f6rt\u00e9nete"},"content":{"rendered":"<p><strong>Az idei dr\u00e1mai Flandriai k\u00f6rverseny tal\u00e1n legmeglep\u0151bb tanuls\u00e1ga, hogy a k\u00e9tszeres Tour de France-gy\u0151ztes Tadej Poga\u010dar bizony nem t\u00f6k\u00e9letes. S\u0151t, m\u00e9g mindig sokat kell tanulnia az orsz\u00e1g\u00fati versenyz\u00e9sr\u0151l, k\u00fcl\u00f6n\u00f6sen a verseny utols\u00f3 kilom\u00e9ter\u00e9n k\u00f6vetend\u0151 strat\u00e9gi\u00e1r\u00f3l. Ugyanis a verseny utols\u00f3 500 m\u00e9ter\u00e9n elk\u00f6vetett kezd\u0151 hib\u00e1ja nemcsak a gy\u0151zelembe, hanem a dobog\u00f3s helyez\u00e9s\u00e9be is ker\u00fclt.<\/strong><\/p>\n<p><!--more--><\/p>\n<p>Miut\u00e1n az utols\u00f3 20 kilom\u00e9teren a 23 \u00e9ves UAE Team Emirates vezet\u0151je \u00e9s a k\u00e9s\u0151bbi gy\u0151ztes, az Alpecin-Fenix t\u00f6bb szak\u00e1g\u00e1t is k\u00e9pvisel\u0151 szt\u00e1rja, Mathieu van der Poel k\u00f6z\u00f6tt egy izgalmas adok-kapok alakult ki, \u0151k ketten 30 m\u00e1sodperccel megel\u0151zt\u00e9k a Dylan van Baarle (Ineos Grenadiers) \u00e9s Valentin Madouas (Groupama-FDJ) p\u00e1rost, mind\u00f6ssze 500 m\u00e9terrel a c\u00e9l el\u0151tt.<\/p>\n<div class=\"embed-controller-wrapper\">\n<blockquote class=\"twitter-tweet\" data-width=\"500\" data-dnt=\"true\">\n<p lang=\"en\" dir=\"ltr\">\ud83d\udc9b\ud83d\udda4 What a monumental sprint that was! \ud83e\udd29 Congrats <a href=\"https:\/\/twitter.com\/mathieuvdpoel?ref_src=twsrc%5Etfw\">@mathieuvdpoel<\/a>, Flanders\u2019 Finest 2022 is yours \ud83e\udd47\ud83d\udcaa <a href=\"https:\/\/twitter.com\/hashtag\/RVV22?src=hash&amp;ref_src=twsrc%5Etfw\">#RVV22<\/a> <a href=\"https:\/\/twitter.com\/hashtag\/RVVmen?src=hash&amp;ref_src=twsrc%5Etfw\">#RVVmen<\/a> <a href=\"https:\/\/t.co\/IyQSJ6oIYd\">pic.twitter.com\/IyQSJ6oIYd<\/a><\/p>\n<p>&mdash; Flanders Classics (@FlandersClassic) <a href=\"https:\/\/twitter.com\/FlandersClassic\/status\/1510672519845621760?ref_src=twsrc%5Etfw\">April 3, 2022<\/a><\/p><\/blockquote>\n<p><script async data-src=\"https:\/\/platform.twitter.com\/widgets.js\" charset=\"utf-8\"><\/script><\/div>\n<p>Az \u00e9len van der Poel lelass\u00edtott, \u00edgy Poga\u010dar \u00e1tvehette a kezdem\u00e9nyez\u00e9st. A szlov\u00e9n versenyz\u0151 azonban nem sz\u00f6k\u00f6tt, \u00e9s mind a ketten alig haladtak el\u0151re, mik\u00f6zben folytatt\u00e1k a &#8220;macska-eg\u00e9r j\u00e1t\u00e9kot&#8221;, a holland van Baarle \u00e9s a francia Madouas pedig utol\u00e9rte \u0151ket. Ez arra \u00f6szt\u00f6n\u00f6zte Van der Poelt, hogy megkezdje a sprintet, mik\u00f6zben van Baarle \u00e9s Madouas, akik m\u00e1r mindketten sprint \u00fczemm\u00f3dban voltak, elsz\u00e1guldottak mellett\u00fck, \u00edgy Poga\u010dar k\u00e9s\u0151n kapcsolt. Mire felz\u00e1rk\u00f3zott, m\u00e1r kevesebb mint 200 m\u00e9ter volt h\u00e1tra.<\/p>\n<p>A v\u00e9g\u00e9n Van der Poel volt a leger\u0151sebb, aki sorrendben van Baarle-t \u00e9s Madouast el\u0151zte meg, \u00e9s ezzel megszerezte m\u00e1sodik gy\u0151zelm\u00e9t a versenyen, m\u00edg a l\u00e1that\u00f3an csal\u00f3dott Poga\u010dar a negyedik helyen v\u00e9gzett a Flandriai k\u00f6rversenyen. J\u00f3val a verseny ut\u00e1n csal\u00f3dotts\u00e1g\u00e1nak adott hangot. Egy\u00e9rtelm\u0171 volt, hogy k\u00e9ts\u00e9gbeesetten meg akarta nyerni a versenyt. <em>&#8220;Nagyon csal\u00f3dott voltam, mert nem tudtam nyerni&#8221; <\/em>&#8211; nyilatkozta a szlov\u00e9n versenyz\u0151 az Eurosportnak, miut\u00e1n megnyugodott. <em>&#8220;De ilyen ez a bicikliz\u00e9s: n\u00e9ha be vagy szor\u00edtva, n\u00e9ha pedig szabad az \u00fat. Nem voltam m\u00e9rges; lehet, hogy \u00edgy t\u0171nt, de csak magam miatt voltam frusztr\u00e1lt.&#8221;<\/em> Van der Poel az Eurosportnak elmondta, hogy Poga\u010dar <em>&#8220;ma igaz\u00e1n leny\u0171g\u00f6z\u0151 volt. Kicsit k\u00e1r, hogy nem \u00e1llt fel a dobog\u00f3ra, mert meg\u00e9rdemelte volna&#8221;.<\/em><\/p>\n<p>A hollandnak a verseny utols\u00f3 sprintj\u00e9ben szerzett tapasztalata k\u00e9ts\u00e9gtelen\u00fcl k\u00f6zrej\u00e1tszott a gy\u0151zelm\u00e9ben. &#8220;<em>Ez a harmadik \u00e9v, hogy az utols\u00f3 kilom\u00e9terre egy m\u00e1sik sr\u00e1ccal megyek&#8221;<\/em> &#8211; mondta. <em>&#8220;Ez mindig egy p\u00f3kerj\u00e1tszma. Ez norm\u00e1lis, senki sem fog teljes g\u00e1zzal menni az utols\u00f3 kilom\u00e9teren, ha valaki a nyom\u00e1ban van.&#8221;<\/em><\/p>\n<p>Poga\u010dar er\u0151teljesen pr\u00f3b\u00e1lta ler\u00e1zni Van der Poelt a verseny utols\u00f3 20 kilom\u00e9ter\u00e9n az emelked\u0151k\u00f6n, de a holland versenyz\u0151 makacsul kapaszkodott m\u00f6g\u00f6tte. &#8220;<em>Minden alkalommal f\u00e1jt, amikor gyors\u00edtott<\/em>&#8221; &#8211; ismerte el Van der Poel. &#8220;<em>Pr\u00f3b\u00e1ltam pihenni, amennyire csak lehetett, amikor lehet\u0151s\u00e9gem volt r\u00e1. Tadej hihetetlen\u00fcl er\u0151s volt. A saj\u00e1t hat\u00e1raimat feszegettem.&#8221; <\/em>Van der Poel gy\u0151zelme &#8211; az elm\u00falt h\u00e1rom \u00e9vben a m\u00e1sodik a Flandriai k\u00f6rversenyen &#8211; ann\u00e1l is ink\u00e1bb leny\u0171g\u00f6z\u0151, mivel ez volt mind\u00f6ssze a nyolcadik versenynapja ebben a szezonban, miut\u00e1n hossz\u00fa sz\u00fcnetet tartott egy h\u00e1ts\u00e9r\u00fcl\u00e9s miatt. <em>&#8220;Nagyon kem\u00e9nyen dolgoztam ez\u00e9rt a verseny\u00e9rt&#8221;<\/em> &#8211; mondta.<\/p>\n<p>Az eredm\u00e9nyt k\u00e9ts\u00e9gtelen\u00fcl befoly\u00e1solta a verseny el\u0151tti favorit, Wout van Aert hi\u00e1nya, akinek a Covid tesztje n\u00e9h\u00e1ny nappal a rajt el\u0151tt lett pozit\u00edv.<\/p>\n","protected":false},"excerpt":{"rendered":"<p>Az idei dr\u00e1mai Flandriai k\u00f6rverseny tal\u00e1n legmeglep\u0151bb tanuls\u00e1ga, hogy a k\u00e9tszeres Tour de France-gy\u0151ztes Tadej Poga\u010dar bizony nem t\u00f6k\u00e9letes. S\u0151t, [&hellip;]<\/p>\n","protected":false},"author":71,"featured_media":14146,"comment_status":"open","ping_status":"open","sticky":false,"template":"","format":"standard","meta":{"footnotes":""},"categories":[8],"tags":[],"global-categories":[],"class_list":["post-14144","post","type-post","status-publish","format-standard","has-post-thumbnail","hentry","category-orszaguti-kerekpar"],"yoast_head":"<!-- This site is optimized with the Yoast SEO Premium plugin v25.3 (Yoast SEO v25.9) - https:\/\/yoast.com\/wordpress\/plugins\/seo\/ -->\n<title>A Flandriai k\u00f6rverseny dr\u00e1mai t\u00f6rt\u00e9nete<\/title>\n<meta name=\"description\" content=\"Az idei dr\u00e1mai Flandriai k\u00f6rverseny tal\u00e1n legmeglep\u0151bb tanuls\u00e1ga, hogy a k\u00e9tszeres Tour de France-gy\u0151ztes Tadej Poga\u010dar bizony nem t\u00f6k\u00e9letes. S\u0151t, m\u00e9g mindig sokat kell tanulnia az orsz\u00e1g\u00fati versenyz\u00e9sr\u0151l, k\u00fcl\u00f6n\u00f6sen a verseny utols\u00f3 kilom\u00e9ter\u00e9n k\u00f6vetend\u0151 strat\u00e9gi\u00e1r\u00f3l. Ugyanis a verseny utols\u00f3 500 m\u00e9ter\u00e9n elk\u00f6vetett kezd\u0151 hib\u00e1ja nemcsak a gy\u0151zelembe, hanem a dobog\u00f3s helyez\u00e9s\u00e9be is ker\u00fclt.\" \/>\n<meta name=\"robots\" content=\"index, follow, max-snippet:-1, max-image-preview:large, max-video-preview:-1\" \/>\n<link rel=\"canonical\" href=\"https:\/\/www.welovecycling.com\/hu\/orszaguti-kerekpar\/a-flandriai-korverseny-dramai-tortenete\/\" \/>\n<meta property=\"og:locale\" content=\"hu_HU\" \/>\n<meta property=\"og:type\" content=\"article\" \/>\n<meta property=\"og:title\" content=\"A Flandriai k\u00f6rverseny dr\u00e1mai t\u00f6rt\u00e9nete\" \/>\n<meta property=\"og:description\" content=\"Az idei dr\u00e1mai Flandriai k\u00f6rverseny tal\u00e1n legmeglep\u0151bb tanuls\u00e1ga, hogy a k\u00e9tszeres Tour de France-gy\u0151ztes Tadej Poga\u010dar bizony nem t\u00f6k\u00e9letes. S\u0151t, m\u00e9g mindig sokat kell tanulnia az orsz\u00e1g\u00fati versenyz\u00e9sr\u0151l, k\u00fcl\u00f6n\u00f6sen a verseny utols\u00f3 kilom\u00e9ter\u00e9n k\u00f6vetend\u0151 strat\u00e9gi\u00e1r\u00f3l. Ugyanis a verseny utols\u00f3 500 m\u00e9ter\u00e9n elk\u00f6vetett kezd\u0151 hib\u00e1ja nemcsak a gy\u0151zelembe, hanem a dobog\u00f3s helyez\u00e9s\u00e9be is ker\u00fclt.\" \/>\n<meta property=\"og:url\" content=\"https:\/\/www.welovecycling.com\/hu\/orszaguti-kerekpar\/a-flandriai-korverseny-dramai-tortenete\/\" \/>\n<meta property=\"og:site_name\" content=\"\u0160koda We Love Cycling - Magyarorsz\u00e1g\" \/>\n<meta property=\"article:publisher\" content=\"https:\/\/www.facebook.com\/WeLoveCyclingHungary\/\" \/>\n<meta property=\"article:published_time\" content=\"2022-04-21T06:00:27+00:00\" \/>\n<meta property=\"og:image\" content=\"https:\/\/d2p6e6u75xmxt8.cloudfront.net\/12\/2022\/04\/Pogacar-van-der-Poel-Tour-of-Flanders-profimedia-0678808365-CVR.jpg\" \/>\n\t<meta property=\"og:image:width\" content=\"1366\" \/>\n\t<meta property=\"og:image:height\" content=\"600\" \/>\n\t<meta property=\"og:image:type\" content=\"image\/jpeg\" \/>\n<meta name=\"author\" content=\"hegyizs\" \/>\n<meta name=\"twitter:card\" content=\"summary_large_image\" \/>\n<meta name=\"twitter:label1\" content=\"Written by\" \/>\n\t<meta name=\"twitter:data1\" content=\"Siegfried Mortkowitz\" \/>\n\t<meta name=\"twitter:label2\" content=\"Est. reading time\" \/>\n\t<meta name=\"twitter:data2\" content=\"5\" \/>\n<script type=\"application\/ld+json\" class=\"yoast-schema-graph\">{\"@context\":\"https:\/\/schema.org\",\"@graph\":[{\"@type\":\"WebPage\",\"@id\":\"https:\/\/www.welovecycling.com\/hu\/orszaguti-kerekpar\/a-flandriai-korverseny-dramai-tortenete\/\",\"url\":\"https:\/\/www.welovecycling.com\/hu\/orszaguti-kerekpar\/a-flandriai-korverseny-dramai-tortenete\/\",\"name\":\"A Flandriai k\u00f6rverseny dr\u00e1mai t\u00f6rt\u00e9nete\",\"isPartOf\":{\"@id\":\"https:\/\/www.welovecycling.com\/hu\/#website\"},\"primaryImageOfPage\":{\"@id\":\"https:\/\/www.welovecycling.com\/hu\/orszaguti-kerekpar\/a-flandriai-korverseny-dramai-tortenete\/#primaryimage\"},\"image\":{\"@id\":\"https:\/\/www.welovecycling.com\/hu\/orszaguti-kerekpar\/a-flandriai-korverseny-dramai-tortenete\/#primaryimage\"},\"thumbnailUrl\":\"https:\/\/d2p6e6u75xmxt8.cloudfront.net\/12\/2022\/04\/Pogacar-van-der-Poel-Tour-of-Flanders-profimedia-0678808365-CVR.jpg\",\"datePublished\":\"2022-04-21T06:00:27+00:00\",\"author\":{\"@id\":\"https:\/\/www.welovecycling.com\/hu\/#\/schema\/person\/414a2aebf1801691a5320edb6468e194\"},\"description\":\"Az idei dr\u00e1mai Flandriai k\u00f6rverseny tal\u00e1n legmeglep\u0151bb tanuls\u00e1ga, hogy a k\u00e9tszeres Tour de France-gy\u0151ztes Tadej Poga\u010dar bizony nem t\u00f6k\u00e9letes. S\u0151t, m\u00e9g mindig sokat kell tanulnia az orsz\u00e1g\u00fati versenyz\u00e9sr\u0151l, k\u00fcl\u00f6n\u00f6sen a verseny utols\u00f3 kilom\u00e9ter\u00e9n k\u00f6vetend\u0151 strat\u00e9gi\u00e1r\u00f3l. Ugyanis a verseny utols\u00f3 500 m\u00e9ter\u00e9n elk\u00f6vetett kezd\u0151 hib\u00e1ja nemcsak a gy\u0151zelembe, hanem a dobog\u00f3s helyez\u00e9s\u00e9be is ker\u00fclt.\",\"breadcrumb\":{\"@id\":\"https:\/\/www.welovecycling.com\/hu\/orszaguti-kerekpar\/a-flandriai-korverseny-dramai-tortenete\/#breadcrumb\"},\"inLanguage\":\"hu\",\"potentialAction\":[{\"@type\":\"ReadAction\",\"target\":[\"https:\/\/www.welovecycling.com\/hu\/orszaguti-kerekpar\/a-flandriai-korverseny-dramai-tortenete\/\"]}]},{\"@type\":\"ImageObject\",\"inLanguage\":\"hu\",\"@id\":\"https:\/\/www.welovecycling.com\/hu\/orszaguti-kerekpar\/a-flandriai-korverseny-dramai-tortenete\/#primaryimage\",\"url\":\"https:\/\/d2p6e6u75xmxt8.cloudfront.net\/12\/2022\/04\/Pogacar-van-der-Poel-Tour-of-Flanders-profimedia-0678808365-CVR.jpg\",\"contentUrl\":\"https:\/\/d2p6e6u75xmxt8.cloudfront.net\/12\/2022\/04\/Pogacar-van-der-Poel-Tour-of-Flanders-profimedia-0678808365-CVR.jpg\",\"width\":1366,\"height\":600,\"caption\":\"Poga\u010dar and van der Poel\"},{\"@type\":\"BreadcrumbList\",\"@id\":\"https:\/\/www.welovecycling.com\/hu\/orszaguti-kerekpar\/a-flandriai-korverseny-dramai-tortenete\/#breadcrumb\",\"itemListElement\":[{\"@type\":\"ListItem\",\"position\":1,\"name\":\"Home\",\"item\":\"https:\/\/www.welovecycling.com\/hu\/\"},{\"@type\":\"ListItem\",\"position\":2,\"name\":\"A Flandriai k\u00f6rverseny dr\u00e1mai t\u00f6rt\u00e9nete\"}]},{\"@type\":\"WebSite\",\"@id\":\"https:\/\/www.welovecycling.com\/hu\/#website\",\"url\":\"https:\/\/www.welovecycling.com\/hu\/\",\"name\":\"\u0160koda We Love Cycling - Magyarorsz\u00e1g\",\"description\":\"\u0160koda WeLoveCycling\",\"potentialAction\":[{\"@type\":\"SearchAction\",\"target\":{\"@type\":\"EntryPoint\",\"urlTemplate\":\"https:\/\/www.welovecycling.com\/hu\/?s={search_term_string}\"},\"query-input\":{\"@type\":\"PropertyValueSpecification\",\"valueRequired\":true,\"valueName\":\"search_term_string\"}}],\"inLanguage\":\"hu\"},{\"@type\":\"Person\",\"@id\":\"https:\/\/www.welovecycling.com\/hu\/#\/schema\/person\/414a2aebf1801691a5320edb6468e194\",\"name\":\"hegyizs\",\"image\":{\"@type\":\"ImageObject\",\"inLanguage\":\"hu\",\"@id\":\"https:\/\/www.welovecycling.com\/hu\/#\/schema\/person\/image\/\",\"url\":\"https:\/\/secure.gravatar.com\/avatar\/02cf8a7906b8cf90cecb4679defac7cfd33a1c2e3b88e4903d947f3bb58eedd3?s=96&d=mm&r=g\",\"contentUrl\":\"https:\/\/secure.gravatar.com\/avatar\/02cf8a7906b8cf90cecb4679defac7cfd33a1c2e3b88e4903d947f3bb58eedd3?s=96&d=mm&r=g\",\"caption\":\"hegyizs\"},\"url\":\"https:\/\/www.welovecycling.com\/hu\/author\/hegyizs\/\"}]}<\/script>\n<!-- \/ Yoast SEO Premium plugin. -->","yoast_head_json":{"title":"A Flandriai k\u00f6rverseny dr\u00e1mai t\u00f6rt\u00e9nete","description":"Az idei dr\u00e1mai Flandriai k\u00f6rverseny tal\u00e1n legmeglep\u0151bb tanuls\u00e1ga, hogy a k\u00e9tszeres Tour de France-gy\u0151ztes Tadej Poga\u010dar bizony nem t\u00f6k\u00e9letes. S\u0151t, m\u00e9g mindig sokat kell tanulnia az orsz\u00e1g\u00fati versenyz\u00e9sr\u0151l, k\u00fcl\u00f6n\u00f6sen a verseny utols\u00f3 kilom\u00e9ter\u00e9n k\u00f6vetend\u0151 strat\u00e9gi\u00e1r\u00f3l. Ugyanis a verseny utols\u00f3 500 m\u00e9ter\u00e9n elk\u00f6vetett kezd\u0151 hib\u00e1ja nemcsak a gy\u0151zelembe, hanem a dobog\u00f3s helyez\u00e9s\u00e9be is ker\u00fclt.","robots":{"index":"index","follow":"follow","max-snippet":"max-snippet:-1","max-image-preview":"max-image-preview:large","max-video-preview":"max-video-preview:-1"},"canonical":"https:\/\/www.welovecycling.com\/hu\/orszaguti-kerekpar\/a-flandriai-korverseny-dramai-tortenete\/","og_locale":"hu_HU","og_type":"article","og_title":"A Flandriai k\u00f6rverseny dr\u00e1mai t\u00f6rt\u00e9nete","og_description":"Az idei dr\u00e1mai Flandriai k\u00f6rverseny tal\u00e1n legmeglep\u0151bb tanuls\u00e1ga, hogy a k\u00e9tszeres Tour de France-gy\u0151ztes Tadej Poga\u010dar bizony nem t\u00f6k\u00e9letes. S\u0151t, m\u00e9g mindig sokat kell tanulnia az orsz\u00e1g\u00fati versenyz\u00e9sr\u0151l, k\u00fcl\u00f6n\u00f6sen a verseny utols\u00f3 kilom\u00e9ter\u00e9n k\u00f6vetend\u0151 strat\u00e9gi\u00e1r\u00f3l. Ugyanis a verseny utols\u00f3 500 m\u00e9ter\u00e9n elk\u00f6vetett kezd\u0151 hib\u00e1ja nemcsak a gy\u0151zelembe, hanem a dobog\u00f3s helyez\u00e9s\u00e9be is ker\u00fclt.","og_url":"https:\/\/www.welovecycling.com\/hu\/orszaguti-kerekpar\/a-flandriai-korverseny-dramai-tortenete\/","og_site_name":"\u0160koda We Love Cycling - Magyarorsz\u00e1g","article_publisher":"https:\/\/www.facebook.com\/WeLoveCyclingHungary\/","article_published_time":"2022-04-21T06:00:27+00:00","og_image":[{"width":1366,"height":600,"url":"https:\/\/d2p6e6u75xmxt8.cloudfront.net\/12\/2022\/04\/Pogacar-van-der-Poel-Tour-of-Flanders-profimedia-0678808365-CVR.jpg","type":"image\/jpeg"}],"author":"hegyizs","twitter_card":"summary_large_image","twitter_misc":{"Written by":"Siegfried Mortkowitz","Est. reading time":"5"},"schema":{"@context":"https:\/\/schema.org","@graph":[{"@type":"WebPage","@id":"https:\/\/www.welovecycling.com\/hu\/orszaguti-kerekpar\/a-flandriai-korverseny-dramai-tortenete\/","url":"https:\/\/www.welovecycling.com\/hu\/orszaguti-kerekpar\/a-flandriai-korverseny-dramai-tortenete\/","name":"A Flandriai k\u00f6rverseny dr\u00e1mai t\u00f6rt\u00e9nete","isPartOf":{"@id":"https:\/\/www.welovecycling.com\/hu\/#website"},"primaryImageOfPage":{"@id":"https:\/\/www.welovecycling.com\/hu\/orszaguti-kerekpar\/a-flandriai-korverseny-dramai-tortenete\/#primaryimage"},"image":{"@id":"https:\/\/www.welovecycling.com\/hu\/orszaguti-kerekpar\/a-flandriai-korverseny-dramai-tortenete\/#primaryimage"},"thumbnailUrl":"https:\/\/d2p6e6u75xmxt8.cloudfront.net\/12\/2022\/04\/Pogacar-van-der-Poel-Tour-of-Flanders-profimedia-0678808365-CVR.jpg","datePublished":"2022-04-21T06:00:27+00:00","author":{"@id":"https:\/\/www.welovecycling.com\/hu\/#\/schema\/person\/414a2aebf1801691a5320edb6468e194"},"description":"Az idei dr\u00e1mai Flandriai k\u00f6rverseny tal\u00e1n legmeglep\u0151bb tanuls\u00e1ga, hogy a k\u00e9tszeres Tour de France-gy\u0151ztes Tadej Poga\u010dar bizony nem t\u00f6k\u00e9letes. S\u0151t, m\u00e9g mindig sokat kell tanulnia az orsz\u00e1g\u00fati versenyz\u00e9sr\u0151l, k\u00fcl\u00f6n\u00f6sen a verseny utols\u00f3 kilom\u00e9ter\u00e9n k\u00f6vetend\u0151 strat\u00e9gi\u00e1r\u00f3l. Ugyanis a verseny utols\u00f3 500 m\u00e9ter\u00e9n elk\u00f6vetett kezd\u0151 hib\u00e1ja nemcsak a gy\u0151zelembe, hanem a dobog\u00f3s helyez\u00e9s\u00e9be is ker\u00fclt.","breadcrumb":{"@id":"https:\/\/www.welovecycling.com\/hu\/orszaguti-kerekpar\/a-flandriai-korverseny-dramai-tortenete\/#breadcrumb"},"inLanguage":"hu","potentialAction":[{"@type":"ReadAction","target":["https:\/\/www.welovecycling.com\/hu\/orszaguti-kerekpar\/a-flandriai-korverseny-dramai-tortenete\/"]}]},{"@type":"ImageObject","inLanguage":"hu","@id":"https:\/\/www.welovecycling.com\/hu\/orszaguti-kerekpar\/a-flandriai-korverseny-dramai-tortenete\/#primaryimage","url":"https:\/\/d2p6e6u75xmxt8.cloudfront.net\/12\/2022\/04\/Pogacar-van-der-Poel-Tour-of-Flanders-profimedia-0678808365-CVR.jpg","contentUrl":"https:\/\/d2p6e6u75xmxt8.cloudfront.net\/12\/2022\/04\/Pogacar-van-der-Poel-Tour-of-Flanders-profimedia-0678808365-CVR.jpg","width":1366,"height":600,"caption":"Poga\u010dar and van der Poel"},{"@type":"BreadcrumbList","@id":"https:\/\/www.welovecycling.com\/hu\/orszaguti-kerekpar\/a-flandriai-korverseny-dramai-tortenete\/#breadcrumb","itemListElement":[{"@type":"ListItem","position":1,"name":"Home","item":"https:\/\/www.welovecycling.com\/hu\/"},{"@type":"ListItem","position":2,"name":"A Flandriai k\u00f6rverseny dr\u00e1mai t\u00f6rt\u00e9nete"}]},{"@type":"WebSite","@id":"https:\/\/www.welovecycling.com\/hu\/#website","url":"https:\/\/www.welovecycling.com\/hu\/","name":"\u0160koda We Love Cycling - Magyarorsz\u00e1g","description":"\u0160koda WeLoveCycling","potentialAction":[{"@type":"SearchAction","target":{"@type":"EntryPoint","urlTemplate":"https:\/\/www.welovecycling.com\/hu\/?s={search_term_string}"},"query-input":{"@type":"PropertyValueSpecification","valueRequired":true,"valueName":"search_term_string"}}],"inLanguage":"hu"},{"@type":"Person","@id":"https:\/\/www.welovecycling.com\/hu\/#\/schema\/person\/414a2aebf1801691a5320edb6468e194","name":"hegyizs","image":{"@type":"ImageObject","inLanguage":"hu","@id":"https:\/\/www.welovecycling.com\/hu\/#\/schema\/person\/image\/","url":"https:\/\/secure.gravatar.com\/avatar\/02cf8a7906b8cf90cecb4679defac7cfd33a1c2e3b88e4903d947f3bb58eedd3?s=96&d=mm&r=g","contentUrl":"https:\/\/secure.gravatar.com\/avatar\/02cf8a7906b8cf90cecb4679defac7cfd33a1c2e3b88e4903d947f3bb58eedd3?s=96&d=mm&r=g","caption":"hegyizs"},"url":"https:\/\/www.welovecycling.com\/hu\/author\/hegyizs\/"}]}},"_links":{"self":[{"href":"https:\/\/www.welovecycling.com\/hu\/wp-json\/wp\/v2\/posts\/14144","targetHints":{"allow":["GET"]}}],"collection":[{"href":"https:\/\/www.welovecycling.com\/hu\/wp-json\/wp\/v2\/posts"}],"about":[{"href":"https:\/\/www.welovecycling.com\/hu\/wp-json\/wp\/v2\/types\/post"}],"author":[{"embeddable":true,"href":"https:\/\/www.welovecycling.com\/hu\/wp-json\/wp\/v2\/users\/71"}],"replies":[{"embeddable":true,"href":"https:\/\/www.welovecycling.com\/hu\/wp-json\/wp\/v2\/comments?post=14144"}],"version-history":[{"count":2,"href":"https:\/\/www.welovecycling.com\/hu\/wp-json\/wp\/v2\/posts\/14144\/revisions"}],"predecessor-version":[{"id":14158,"href":"https:\/\/www.welovecycling.com\/hu\/wp-json\/wp\/v2\/posts\/14144\/revisions\/14158"}],"wp:featuredmedia":[{"embeddable":true,"href":"https:\/\/www.welovecycling.com\/hu\/wp-json\/wp\/v2\/media\/14146"}],"wp:attachment":[{"href":"https:\/\/www.welovecycling.com\/hu\/wp-json\/wp\/v2\/media?parent=14144"}],"wp:term":[{"taxonomy":"category","embeddable":true,"href":"https:\/\/www.welovecycling.com\/hu\/wp-json\/wp\/v2\/categories?post=14144"},{"taxonomy":"post_tag","embeddable":true,"href":"https:\/\/www.welovecycling.com\/hu\/wp-json\/wp\/v2\/tags?post=14144"},{"taxonomy":"global-categories","embeddable":true,"href":"https:\/\/www.welovecycling.com\/hu\/wp-json\/wp\/v2\/global-categories?post=14144"}],"curies":[{"name":"wp","href":"https:\/\/api.w.org\/{rel}","templated":true}]}}