{"id":14140,"date":"2022-04-20T08:00:39","date_gmt":"2022-04-20T06:00:39","guid":{"rendered":"https:\/\/www.welovecycling.com\/hu\/?p=14140"},"modified":"2022-04-14T15:32:14","modified_gmt":"2022-04-14T13:32:14","slug":"a-biciklizes-idoskorban-is-frissen-tartja-az-elmet","status":"publish","type":"post","link":"https:\/\/www.welovecycling.com\/hu\/edzes-es-eletmod\/a-biciklizes-idoskorban-is-frissen-tartja-az-elmet\/","title":{"rendered":"A bicikliz\u00e9s id\u0151skorban is frissen tartja az elm\u00e9t"},"content":{"rendered":"<p><strong>\u00daj kutat\u00e1sok szerint a rendszeres fizikai aktivit\u00e1s, p\u00e9ld\u00e1ul a ker\u00e9kp\u00e1roz\u00e1s seg\u00edthet a kognit\u00edv \u00e9lesl\u00e1t\u00e1s meg\u0151rz\u00e9s\u00e9ben \u00e9s a mem\u00f3ria jav\u00edt\u00e1s\u00e1ban. Mennyire intenz\u00edv edz\u00e9s sz\u00fcks\u00e9ges ehhez? N\u00e9zz\u00fck meg k\u00f6zelebbr\u0151l!<\/strong><\/p>\n<p><!--more--><\/p>\n<h2><strong>Optim\u00e1lis agym\u0171k\u00f6d\u00e9s<\/strong><\/h2>\n<figure id=\"attachment_14141\" aria-describedby=\"caption-attachment-14141\" style=\"width: 1250px\" class=\"wp-caption alignnone\"><a href=\"https:\/\/d2p6e6u75xmxt8.cloudfront.net\/12\/2022\/04\/E-Bike-Senior-profimedia-0463020027.jpg\"><img loading=\"lazy\" decoding=\"async\" class=\"wp-image-14141 size-full\" src=\"https:\/\/d2p6e6u75xmxt8.cloudfront.net\/12\/2022\/04\/E-Bike-Senior-profimedia-0463020027.jpg\" alt=\"E-bike ride\" width=\"1250\" height=\"833\" srcset=\"https:\/\/d2p6e6u75xmxt8.cloudfront.net\/12\/2022\/04\/E-Bike-Senior-profimedia-0463020027.jpg 1250w, https:\/\/d2p6e6u75xmxt8.cloudfront.net\/12\/2022\/04\/E-Bike-Senior-profimedia-0463020027-300x200.jpg 300w, https:\/\/d2p6e6u75xmxt8.cloudfront.net\/12\/2022\/04\/E-Bike-Senior-profimedia-0463020027-1024x682.jpg 1024w, https:\/\/d2p6e6u75xmxt8.cloudfront.net\/12\/2022\/04\/E-Bike-Senior-profimedia-0463020027-768x512.jpg 768w, https:\/\/d2p6e6u75xmxt8.cloudfront.net\/12\/2022\/04\/E-Bike-Senior-profimedia-0463020027-272x182.jpg 272w\" sizes=\"auto, (max-width: 1250px) 100vw, 1250px\" \/><\/a><figcaption id=\"caption-attachment-14141\" class=\"wp-caption-text\"><em>Az \u00e9letkor el\u0151rehaladt\u00e1val a mozg\u00e1s felp\u00f6rgeti a sz\u00edv- \u00e9s \u00e9rrendszert, a l\u00e9gz\u0151szerveket, \u00e9s jav\u00edtja a szervezet immunrendszer\u00e9t.\u00a0 \u00a9 Profimedia, Alamy, Uwe Moser Moser \/ Alamy<\/em><\/figcaption><\/figure>\n<p>A Georgia Egyetem \u00faj tanulm\u00e1nya azt vizsg\u00e1lta, hogyan befoly\u00e1solja a fizikai aktivit\u00e1s a kognit\u00edv k\u00e9pess\u00e9geket az \u00e9letkor el\u0151rehaladt\u00e1val. A kutat\u00f3k 51 id\u0151sebb feln\u0151ttet figyeltek meg, nyomon k\u00f6vetve fizikai aktivit\u00e1sukat \u00e9s fitts\u00e9g\u00fcket. Olyan eszk\u00f6z\u00f6ket haszn\u00e1ltak, amik az aktivit\u00e1s intenzit\u00e1s\u00e1t, a megtett t\u00e1vols\u00e1got \u00e9s a megtett l\u00e9p\u00e9sek sz\u00e1m\u00e1t m\u00e9rt\u00e9k. A r\u00e9sztvev\u0151k kifejezetten a kognit\u00edv funkci\u00f3k m\u00e9r\u00e9s\u00e9re szolg\u00e1l\u00f3 teszteket v\u00e9geztek, \u00e9s MRI-vizsg\u00e1latot is v\u00e1llaltak az\u00e9rt, hogy felm\u00e9rj\u00e9k az agym\u0171k\u00f6d\u00e9s\u00fcket.<\/p>\n<p>Ez a tanulm\u00e1ny volt az els\u0151, ami azt vizsg\u00e1lta, hogy a k\u00fcl\u00f6nb\u00f6z\u0151 agyi h\u00e1l\u00f3zatok hogyan l\u00e9pnek k\u00f6lcs\u00f6nhat\u00e1sba a fizikai aktivit\u00e1ssal \u00e9s a fitts\u00e9ggel.<\/p>\n<p><em>&#8220;Ez a tanulm\u00e1ny az\u00e9rt izgalmas, mert bizony\u00edt\u00e9kot szolg\u00e1ltat arra, hogy amikor azok az emberek, akiknek az agyi h\u00e1l\u00f3zatai nem m\u0171k\u00f6dnek optim\u00e1lisan, fizikai aktivit\u00e1st v\u00e9geznek, javul\u00e1st l\u00e1tunk a v\u00e9grehajt\u00f3 funkci\u00f3ikban \u00e9s a f\u00fcggetlens\u00e9g\u00fckben&#8221;<\/em> &#8211; mondta Marissa Gogniat, a tanulm\u00e1ny vezet\u0151 szerz\u0151je. <em>&#8220;Ez az eredm\u00e9ny nem arra buzd\u00edt, hogy ha id\u0151sebb vagy, menj ki, \u00e9s kezdj el maratont futni. Azt mondja, hogy ha t\u00f6bb l\u00e9p\u00e9st teszel, ha egy kicsit t\u00f6bbet mozogsz a k\u00f6rnyezetedben, az seg\u00edthet meg\u0151rizni agyad eg\u00e9szs\u00e9g\u00e9t az id\u0151 m\u00fal\u00e1s\u00e1val is&#8221;<\/em> &#8211; tette hozz\u00e1 Gogniat.<\/p>\n<h2><strong>Jav\u00edtott epizodikus mem\u00f3ria<\/strong><\/h2>\n<p>Egy m\u00e1sik \u00faj kutat\u00e1s, amit a Pittsburghi Egyetem pszichol\u00f3gusai vezettek, a testmozg\u00e1s \u00e9s az epizodikus mem\u00f3ria k\u00f6z\u00f6tti kapcsolatot vizsg\u00e1lta. Ez az a mem\u00f3riat\u00edpus, amely a m\u00faltban t\u00f6rt\u00e9nt esem\u00e9nyekkel foglalkozik, \u00e9s egyben az els\u0151k k\u00f6z\u00f6tt van, ami az \u00e9letkor el\u0151rehaladt\u00e1val hanyatlik. A kor\u00e1bbi ezzel kapcsolatos elemz\u00e9sek nem tal\u00e1ltak \u00e9rtelmezhet\u0151 kapcsolatot. A kutat\u00f3k \u00fagy d\u00f6nt\u00f6ttek, hogy tiszt\u00e1zz\u00e1k a dolgokat, \u00e9s 1279 tanulm\u00e1nyt vizsg\u00e1ltak \u00e1t.<\/p>\n<p>Ez el\u00e9g volt ahhoz, hogy kimutass\u00e1k, hogy az id\u0151sebb feln\u0151ttek eset\u00e9ben a testmozg\u00e1s val\u00f3ban j\u00f3t\u00e9kony hat\u00e1ssal lehet a mem\u00f3ri\u00e1ra. Arra a konkr\u00e9tabb k\u00e9rd\u00e9sre is v\u00e1laszt tudtak adni, hogy kinek \u00e9s hogyan v\u00e1lik ez el\u0151ny\u00e9re.<\/p>\n<p><em>&#8220;Azt az eredm\u00e9nyt kaptuk, hogy az 55 \u00e9s 68 \u00e9v k\u00f6z\u00f6ttiek k\u00f6r\u00e9ben nagyobb javul\u00e1st tapasztaltunk a mem\u00f3ri\u00e1ban, mint a 69 \u00e9s 85 \u00e9v k\u00f6z\u00f6ttiek k\u00f6r\u00e9ben, teh\u00e1t jobb, ha kor\u00e1bban avatkozunk be&#8221;<\/em> &#8211; mondta Sarah Aghjayan vezet\u0151 szerz\u0151. A kutat\u00f3csoport a mozg\u00e1s legnagyobb hat\u00e1s\u00e1t azokn\u00e1l a szem\u00e9lyekn\u00e9l \u00e1llap\u00edtotta meg, akikn\u00e9l m\u00e9g nem kezd\u0151d\u00f6tt kognit\u00edv hanyatl\u00e1s, valamint azokn\u00e1l, akik k\u00f6vetkezetesen, hetente t\u00f6bbsz\u00f6r is edzettek.<\/p>\n<h2><strong>Heti 3 edz\u00e9s 4 h\u00f3napon kereszt\u00fcl<\/strong><\/h2>\n<p>A kutat\u00f3k meglep\u0151en konkr\u00e9t aj\u00e1nl\u00e1sokat is megfogalmaztak arra vonatkoz\u00f3an, hogy mennyit kell mozogni ahhoz, hogy ezeket az el\u0151ny\u00f6ket megtapasztaljuk.<\/p>\n<p><em>&#8220;Mindenki folyton azt k\u00e9rdezi: &#8216;Mennyit kellene edzenem? Mi a minimum ahhoz, hogy javul\u00e1st l\u00e1ssak?&#8217;<\/em> <em>Tanulm\u00e1nyunkb\u00f3l \u00fagy t\u0171nik, hogy legal\u00e1bb n\u00e9gy h\u00f3napon kereszt\u00fcl hetente h\u00e1romszor kell edzeni ahhoz, hogy j\u00f3 hat\u00e1ssal legyen az epizodikus mem\u00f3ri\u00e1ra&#8221;<\/em> &#8211; mondta Aghjayan.<\/p>\n<p>Mindk\u00e9t \u00faj tanulm\u00e1nyb\u00f3l egy\u00e9rtelm\u0171en kider\u00fcl, hogy a testmozg\u00e1s \u00e9s az agy eg\u00e9szs\u00e9ge \u00f6sszef\u00fcgg egym\u00e1ssal. A j\u00f3 h\u00edr az, hogy nem kell sok ahhoz, hogy ki\u00e9lvezz\u00fck ezt a hat\u00e1st. N\u00e9gy h\u00f3napon \u00e1t heti h\u00e1romszor ker\u00e9kp\u00e1rozni? Nem probl\u00e9ma! Tartsuk meg ezt a j\u00f3 szok\u00e1st \u00f6r\u00f6kk\u00e9!<\/p>\n","protected":false},"excerpt":{"rendered":"<p>\u00daj kutat\u00e1sok szerint a rendszeres fizikai aktivit\u00e1s, p\u00e9ld\u00e1ul a ker\u00e9kp\u00e1roz\u00e1s seg\u00edthet a kognit\u00edv \u00e9lesl\u00e1t\u00e1s meg\u0151rz\u00e9s\u00e9ben \u00e9s a mem\u00f3ria jav\u00edt\u00e1s\u00e1ban. Mennyire [&hellip;]<\/p>\n","protected":false},"author":71,"featured_media":14143,"comment_status":"open","ping_status":"open","sticky":false,"template":"","format":"standard","meta":{"footnotes":""},"categories":[6],"tags":[],"global-categories":[],"class_list":["post-14140","post","type-post","status-publish","format-standard","has-post-thumbnail","hentry","category-edzes-es-eletmod"],"yoast_head":"<!-- This site is optimized with the Yoast SEO Premium plugin v25.3 (Yoast SEO v25.9) - https:\/\/yoast.com\/wordpress\/plugins\/seo\/ -->\n<title>A bicikliz\u00e9s id\u0151skorban is frissen tartja az elm\u00e9t<\/title>\n<meta name=\"description\" content=\"\u00daj kutat\u00e1sok szerint a rendszeres fizikai aktivit\u00e1s, p\u00e9ld\u00e1ul a ker\u00e9kp\u00e1roz\u00e1s seg\u00edthet a kognit\u00edv \u00e9lesl\u00e1t\u00e1s meg\u0151rz\u00e9s\u00e9ben \u00e9s a mem\u00f3ria jav\u00edt\u00e1s\u00e1ban. Mennyire intenz\u00edv edz\u00e9s sz\u00fcks\u00e9ges ehhez? N\u00e9zz\u00fck meg k\u00f6zelebbr\u0151l!\" \/>\n<meta name=\"robots\" content=\"index, follow, max-snippet:-1, max-image-preview:large, max-video-preview:-1\" \/>\n<link rel=\"canonical\" href=\"https:\/\/www.welovecycling.com\/hu\/edzes-es-eletmod\/a-biciklizes-idoskorban-is-frissen-tartja-az-elmet\/\" \/>\n<meta property=\"og:locale\" content=\"hu_HU\" \/>\n<meta property=\"og:type\" content=\"article\" \/>\n<meta property=\"og:title\" content=\"A bicikliz\u00e9s id\u0151skorban is frissen tartja az elm\u00e9t\" \/>\n<meta property=\"og:description\" content=\"\u00daj kutat\u00e1sok szerint a rendszeres fizikai aktivit\u00e1s, p\u00e9ld\u00e1ul a ker\u00e9kp\u00e1roz\u00e1s seg\u00edthet a kognit\u00edv \u00e9lesl\u00e1t\u00e1s meg\u0151rz\u00e9s\u00e9ben \u00e9s a mem\u00f3ria jav\u00edt\u00e1s\u00e1ban. Mennyire intenz\u00edv edz\u00e9s sz\u00fcks\u00e9ges ehhez? N\u00e9zz\u00fck meg k\u00f6zelebbr\u0151l!\" \/>\n<meta property=\"og:url\" content=\"https:\/\/www.welovecycling.com\/hu\/edzes-es-eletmod\/a-biciklizes-idoskorban-is-frissen-tartja-az-elmet\/\" \/>\n<meta property=\"og:site_name\" content=\"\u0160koda We Love Cycling - Magyarorsz\u00e1g\" \/>\n<meta property=\"article:publisher\" content=\"https:\/\/www.facebook.com\/WeLoveCyclingHungary\/\" \/>\n<meta property=\"article:published_time\" content=\"2022-04-20T06:00:39+00:00\" \/>\n<meta property=\"og:image\" content=\"https:\/\/d2p6e6u75xmxt8.cloudfront.net\/12\/2022\/04\/Senior-Woman-on-a-bicycle-profimedia-0680333610-CVR.jpg\" \/>\n\t<meta property=\"og:image:width\" content=\"1366\" \/>\n\t<meta property=\"og:image:height\" content=\"600\" \/>\n\t<meta property=\"og:image:type\" content=\"image\/jpeg\" \/>\n<meta name=\"author\" content=\"hegyizs\" \/>\n<meta name=\"twitter:card\" content=\"summary_large_image\" \/>\n<meta name=\"twitter:label1\" content=\"Written by\" \/>\n\t<meta name=\"twitter:data1\" content=\"Jiri Kaloc\" \/>\n\t<meta name=\"twitter:label2\" content=\"Est. reading time\" \/>\n\t<meta name=\"twitter:data2\" content=\"5\" \/>\n<script type=\"application\/ld+json\" class=\"yoast-schema-graph\">{\"@context\":\"https:\/\/schema.org\",\"@graph\":[{\"@type\":\"WebPage\",\"@id\":\"https:\/\/www.welovecycling.com\/hu\/edzes-es-eletmod\/a-biciklizes-idoskorban-is-frissen-tartja-az-elmet\/\",\"url\":\"https:\/\/www.welovecycling.com\/hu\/edzes-es-eletmod\/a-biciklizes-idoskorban-is-frissen-tartja-az-elmet\/\",\"name\":\"A bicikliz\u00e9s id\u0151skorban is frissen tartja az elm\u00e9t\",\"isPartOf\":{\"@id\":\"https:\/\/www.welovecycling.com\/hu\/#website\"},\"primaryImageOfPage\":{\"@id\":\"https:\/\/www.welovecycling.com\/hu\/edzes-es-eletmod\/a-biciklizes-idoskorban-is-frissen-tartja-az-elmet\/#primaryimage\"},\"image\":{\"@id\":\"https:\/\/www.welovecycling.com\/hu\/edzes-es-eletmod\/a-biciklizes-idoskorban-is-frissen-tartja-az-elmet\/#primaryimage\"},\"thumbnailUrl\":\"https:\/\/d2p6e6u75xmxt8.cloudfront.net\/12\/2022\/04\/Senior-Woman-on-a-bicycle-profimedia-0680333610-CVR.jpg\",\"datePublished\":\"2022-04-20T06:00:39+00:00\",\"author\":{\"@id\":\"https:\/\/www.welovecycling.com\/hu\/#\/schema\/person\/414a2aebf1801691a5320edb6468e194\"},\"description\":\"\u00daj kutat\u00e1sok szerint a rendszeres fizikai aktivit\u00e1s, p\u00e9ld\u00e1ul a ker\u00e9kp\u00e1roz\u00e1s seg\u00edthet a kognit\u00edv \u00e9lesl\u00e1t\u00e1s meg\u0151rz\u00e9s\u00e9ben \u00e9s a mem\u00f3ria jav\u00edt\u00e1s\u00e1ban. Mennyire intenz\u00edv edz\u00e9s sz\u00fcks\u00e9ges ehhez? N\u00e9zz\u00fck meg k\u00f6zelebbr\u0151l!\",\"breadcrumb\":{\"@id\":\"https:\/\/www.welovecycling.com\/hu\/edzes-es-eletmod\/a-biciklizes-idoskorban-is-frissen-tartja-az-elmet\/#breadcrumb\"},\"inLanguage\":\"hu\",\"potentialAction\":[{\"@type\":\"ReadAction\",\"target\":[\"https:\/\/www.welovecycling.com\/hu\/edzes-es-eletmod\/a-biciklizes-idoskorban-is-frissen-tartja-az-elmet\/\"]}]},{\"@type\":\"ImageObject\",\"inLanguage\":\"hu\",\"@id\":\"https:\/\/www.welovecycling.com\/hu\/edzes-es-eletmod\/a-biciklizes-idoskorban-is-frissen-tartja-az-elmet\/#primaryimage\",\"url\":\"https:\/\/d2p6e6u75xmxt8.cloudfront.net\/12\/2022\/04\/Senior-Woman-on-a-bicycle-profimedia-0680333610-CVR.jpg\",\"contentUrl\":\"https:\/\/d2p6e6u75xmxt8.cloudfront.net\/12\/2022\/04\/Senior-Woman-on-a-bicycle-profimedia-0680333610-CVR.jpg\",\"width\":1366,\"height\":600,\"caption\":\"Senior woman cycling\"},{\"@type\":\"BreadcrumbList\",\"@id\":\"https:\/\/www.welovecycling.com\/hu\/edzes-es-eletmod\/a-biciklizes-idoskorban-is-frissen-tartja-az-elmet\/#breadcrumb\",\"itemListElement\":[{\"@type\":\"ListItem\",\"position\":1,\"name\":\"Home\",\"item\":\"https:\/\/www.welovecycling.com\/hu\/\"},{\"@type\":\"ListItem\",\"position\":2,\"name\":\"A bicikliz\u00e9s id\u0151skorban is frissen tartja az elm\u00e9t\"}]},{\"@type\":\"WebSite\",\"@id\":\"https:\/\/www.welovecycling.com\/hu\/#website\",\"url\":\"https:\/\/www.welovecycling.com\/hu\/\",\"name\":\"\u0160koda We Love Cycling - Magyarorsz\u00e1g\",\"description\":\"\u0160koda WeLoveCycling\",\"potentialAction\":[{\"@type\":\"SearchAction\",\"target\":{\"@type\":\"EntryPoint\",\"urlTemplate\":\"https:\/\/www.welovecycling.com\/hu\/?s={search_term_string}\"},\"query-input\":{\"@type\":\"PropertyValueSpecification\",\"valueRequired\":true,\"valueName\":\"search_term_string\"}}],\"inLanguage\":\"hu\"},{\"@type\":\"Person\",\"@id\":\"https:\/\/www.welovecycling.com\/hu\/#\/schema\/person\/414a2aebf1801691a5320edb6468e194\",\"name\":\"hegyizs\",\"image\":{\"@type\":\"ImageObject\",\"inLanguage\":\"hu\",\"@id\":\"https:\/\/www.welovecycling.com\/hu\/#\/schema\/person\/image\/\",\"url\":\"https:\/\/secure.gravatar.com\/avatar\/02cf8a7906b8cf90cecb4679defac7cfd33a1c2e3b88e4903d947f3bb58eedd3?s=96&d=mm&r=g\",\"contentUrl\":\"https:\/\/secure.gravatar.com\/avatar\/02cf8a7906b8cf90cecb4679defac7cfd33a1c2e3b88e4903d947f3bb58eedd3?s=96&d=mm&r=g\",\"caption\":\"hegyizs\"},\"url\":\"https:\/\/www.welovecycling.com\/hu\/author\/hegyizs\/\"}]}<\/script>\n<!-- \/ Yoast SEO Premium plugin. -->","yoast_head_json":{"title":"A bicikliz\u00e9s id\u0151skorban is frissen tartja az elm\u00e9t","description":"\u00daj kutat\u00e1sok szerint a rendszeres fizikai aktivit\u00e1s, p\u00e9ld\u00e1ul a ker\u00e9kp\u00e1roz\u00e1s seg\u00edthet a kognit\u00edv \u00e9lesl\u00e1t\u00e1s meg\u0151rz\u00e9s\u00e9ben \u00e9s a mem\u00f3ria jav\u00edt\u00e1s\u00e1ban. Mennyire intenz\u00edv edz\u00e9s sz\u00fcks\u00e9ges ehhez? N\u00e9zz\u00fck meg k\u00f6zelebbr\u0151l!","robots":{"index":"index","follow":"follow","max-snippet":"max-snippet:-1","max-image-preview":"max-image-preview:large","max-video-preview":"max-video-preview:-1"},"canonical":"https:\/\/www.welovecycling.com\/hu\/edzes-es-eletmod\/a-biciklizes-idoskorban-is-frissen-tartja-az-elmet\/","og_locale":"hu_HU","og_type":"article","og_title":"A bicikliz\u00e9s id\u0151skorban is frissen tartja az elm\u00e9t","og_description":"\u00daj kutat\u00e1sok szerint a rendszeres fizikai aktivit\u00e1s, p\u00e9ld\u00e1ul a ker\u00e9kp\u00e1roz\u00e1s seg\u00edthet a kognit\u00edv \u00e9lesl\u00e1t\u00e1s meg\u0151rz\u00e9s\u00e9ben \u00e9s a mem\u00f3ria jav\u00edt\u00e1s\u00e1ban. Mennyire intenz\u00edv edz\u00e9s sz\u00fcks\u00e9ges ehhez? N\u00e9zz\u00fck meg k\u00f6zelebbr\u0151l!","og_url":"https:\/\/www.welovecycling.com\/hu\/edzes-es-eletmod\/a-biciklizes-idoskorban-is-frissen-tartja-az-elmet\/","og_site_name":"\u0160koda We Love Cycling - Magyarorsz\u00e1g","article_publisher":"https:\/\/www.facebook.com\/WeLoveCyclingHungary\/","article_published_time":"2022-04-20T06:00:39+00:00","og_image":[{"width":1366,"height":600,"url":"https:\/\/d2p6e6u75xmxt8.cloudfront.net\/12\/2022\/04\/Senior-Woman-on-a-bicycle-profimedia-0680333610-CVR.jpg","type":"image\/jpeg"}],"author":"hegyizs","twitter_card":"summary_large_image","twitter_misc":{"Written by":"Jiri Kaloc","Est. reading time":"5"},"schema":{"@context":"https:\/\/schema.org","@graph":[{"@type":"WebPage","@id":"https:\/\/www.welovecycling.com\/hu\/edzes-es-eletmod\/a-biciklizes-idoskorban-is-frissen-tartja-az-elmet\/","url":"https:\/\/www.welovecycling.com\/hu\/edzes-es-eletmod\/a-biciklizes-idoskorban-is-frissen-tartja-az-elmet\/","name":"A bicikliz\u00e9s id\u0151skorban is frissen tartja az elm\u00e9t","isPartOf":{"@id":"https:\/\/www.welovecycling.com\/hu\/#website"},"primaryImageOfPage":{"@id":"https:\/\/www.welovecycling.com\/hu\/edzes-es-eletmod\/a-biciklizes-idoskorban-is-frissen-tartja-az-elmet\/#primaryimage"},"image":{"@id":"https:\/\/www.welovecycling.com\/hu\/edzes-es-eletmod\/a-biciklizes-idoskorban-is-frissen-tartja-az-elmet\/#primaryimage"},"thumbnailUrl":"https:\/\/d2p6e6u75xmxt8.cloudfront.net\/12\/2022\/04\/Senior-Woman-on-a-bicycle-profimedia-0680333610-CVR.jpg","datePublished":"2022-04-20T06:00:39+00:00","author":{"@id":"https:\/\/www.welovecycling.com\/hu\/#\/schema\/person\/414a2aebf1801691a5320edb6468e194"},"description":"\u00daj kutat\u00e1sok szerint a rendszeres fizikai aktivit\u00e1s, p\u00e9ld\u00e1ul a ker\u00e9kp\u00e1roz\u00e1s seg\u00edthet a kognit\u00edv \u00e9lesl\u00e1t\u00e1s meg\u0151rz\u00e9s\u00e9ben \u00e9s a mem\u00f3ria jav\u00edt\u00e1s\u00e1ban. Mennyire intenz\u00edv edz\u00e9s sz\u00fcks\u00e9ges ehhez? N\u00e9zz\u00fck meg k\u00f6zelebbr\u0151l!","breadcrumb":{"@id":"https:\/\/www.welovecycling.com\/hu\/edzes-es-eletmod\/a-biciklizes-idoskorban-is-frissen-tartja-az-elmet\/#breadcrumb"},"inLanguage":"hu","potentialAction":[{"@type":"ReadAction","target":["https:\/\/www.welovecycling.com\/hu\/edzes-es-eletmod\/a-biciklizes-idoskorban-is-frissen-tartja-az-elmet\/"]}]},{"@type":"ImageObject","inLanguage":"hu","@id":"https:\/\/www.welovecycling.com\/hu\/edzes-es-eletmod\/a-biciklizes-idoskorban-is-frissen-tartja-az-elmet\/#primaryimage","url":"https:\/\/d2p6e6u75xmxt8.cloudfront.net\/12\/2022\/04\/Senior-Woman-on-a-bicycle-profimedia-0680333610-CVR.jpg","contentUrl":"https:\/\/d2p6e6u75xmxt8.cloudfront.net\/12\/2022\/04\/Senior-Woman-on-a-bicycle-profimedia-0680333610-CVR.jpg","width":1366,"height":600,"caption":"Senior woman cycling"},{"@type":"BreadcrumbList","@id":"https:\/\/www.welovecycling.com\/hu\/edzes-es-eletmod\/a-biciklizes-idoskorban-is-frissen-tartja-az-elmet\/#breadcrumb","itemListElement":[{"@type":"ListItem","position":1,"name":"Home","item":"https:\/\/www.welovecycling.com\/hu\/"},{"@type":"ListItem","position":2,"name":"A bicikliz\u00e9s id\u0151skorban is frissen tartja az elm\u00e9t"}]},{"@type":"WebSite","@id":"https:\/\/www.welovecycling.com\/hu\/#website","url":"https:\/\/www.welovecycling.com\/hu\/","name":"\u0160koda We Love Cycling - Magyarorsz\u00e1g","description":"\u0160koda WeLoveCycling","potentialAction":[{"@type":"SearchAction","target":{"@type":"EntryPoint","urlTemplate":"https:\/\/www.welovecycling.com\/hu\/?s={search_term_string}"},"query-input":{"@type":"PropertyValueSpecification","valueRequired":true,"valueName":"search_term_string"}}],"inLanguage":"hu"},{"@type":"Person","@id":"https:\/\/www.welovecycling.com\/hu\/#\/schema\/person\/414a2aebf1801691a5320edb6468e194","name":"hegyizs","image":{"@type":"ImageObject","inLanguage":"hu","@id":"https:\/\/www.welovecycling.com\/hu\/#\/schema\/person\/image\/","url":"https:\/\/secure.gravatar.com\/avatar\/02cf8a7906b8cf90cecb4679defac7cfd33a1c2e3b88e4903d947f3bb58eedd3?s=96&d=mm&r=g","contentUrl":"https:\/\/secure.gravatar.com\/avatar\/02cf8a7906b8cf90cecb4679defac7cfd33a1c2e3b88e4903d947f3bb58eedd3?s=96&d=mm&r=g","caption":"hegyizs"},"url":"https:\/\/www.welovecycling.com\/hu\/author\/hegyizs\/"}]}},"_links":{"self":[{"href":"https:\/\/www.welovecycling.com\/hu\/wp-json\/wp\/v2\/posts\/14140","targetHints":{"allow":["GET"]}}],"collection":[{"href":"https:\/\/www.welovecycling.com\/hu\/wp-json\/wp\/v2\/posts"}],"about":[{"href":"https:\/\/www.welovecycling.com\/hu\/wp-json\/wp\/v2\/types\/post"}],"author":[{"embeddable":true,"href":"https:\/\/www.welovecycling.com\/hu\/wp-json\/wp\/v2\/users\/71"}],"replies":[{"embeddable":true,"href":"https:\/\/www.welovecycling.com\/hu\/wp-json\/wp\/v2\/comments?post=14140"}],"version-history":[{"count":2,"href":"https:\/\/www.welovecycling.com\/hu\/wp-json\/wp\/v2\/posts\/14140\/revisions"}],"predecessor-version":[{"id":14159,"href":"https:\/\/www.welovecycling.com\/hu\/wp-json\/wp\/v2\/posts\/14140\/revisions\/14159"}],"wp:featuredmedia":[{"embeddable":true,"href":"https:\/\/www.welovecycling.com\/hu\/wp-json\/wp\/v2\/media\/14143"}],"wp:attachment":[{"href":"https:\/\/www.welovecycling.com\/hu\/wp-json\/wp\/v2\/media?parent=14140"}],"wp:term":[{"taxonomy":"category","embeddable":true,"href":"https:\/\/www.welovecycling.com\/hu\/wp-json\/wp\/v2\/categories?post=14140"},{"taxonomy":"post_tag","embeddable":true,"href":"https:\/\/www.welovecycling.com\/hu\/wp-json\/wp\/v2\/tags?post=14140"},{"taxonomy":"global-categories","embeddable":true,"href":"https:\/\/www.welovecycling.com\/hu\/wp-json\/wp\/v2\/global-categories?post=14140"}],"curies":[{"name":"wp","href":"https:\/\/api.w.org\/{rel}","templated":true}]}}