{"id":14137,"date":"2022-04-22T08:00:02","date_gmt":"2022-04-22T06:00:02","guid":{"rendered":"https:\/\/www.welovecycling.com\/hu\/?p=14137"},"modified":"2022-04-14T15:33:35","modified_gmt":"2022-04-14T13:33:35","slug":"5-modszer-amivel-szorakoztatobba-teheted-a-szolo-utakat","status":"publish","type":"post","link":"https:\/\/www.welovecycling.com\/hu\/kozosseg-es-kultura\/5-modszer-amivel-szorakoztatobba-teheted-a-szolo-utakat\/","title":{"rendered":"5 m\u00f3dszer, amivel sz\u00f3rakoztat\u00f3bb\u00e1 teheted a sz\u00f3l\u00f3 utakat"},"content":{"rendered":"<p><strong>K\u00e9ts\u00e9gtelen, hogy k\u00f6z\u00f6sen biciklizni a haverokkal nagyszer\u0171 dolog. S\u0151t, sokunk sz\u00e1m\u00e1ra a szabadt\u00e9ri ker\u00e9kp\u00e1roz\u00e1s a testmozg\u00e1s \u00e9s a friss leveg\u0151 mellett a legfontosabb t\u00e1rsadalmi tev\u00e9kenys\u00e9g is. A csoportos teker\u00e9s seg\u00edt fenntartani a motiv\u00e1ci\u00f3t \u00e9s nagyobb val\u00f3sz\u00edn\u0171s\u00e9ggel sz\u00f3rakoztat\u00f3 meg\u00e1ll\u00f3kat \u00e9s bicajoz\u00e1s ut\u00e1ni finoms\u00e1gokat tartalmaz. Mi t\u00f6rt\u00e9nik akkor, ha m\u00e9gis \u00fagy d\u00f6ntesz, hogy egyed\u00fcl m\u00e9sz?<\/strong><\/p>\n<p><!--more--><\/p>\n<p>Ha ezt olvasod, akkor nagy az es\u00e9lye, hogy nem mindig ny\u00fajtott akkora \u00f6r\u00f6met a mag\u00e1nyos bicikliz\u00e9s. Elk\u00e9pzelhet\u0151, hogy m\u00e9g nem kapott el a lend\u00fclet. Nos, van n\u00e9h\u00e1ny j\u00f3 h\u00edr\u00fcnk sz\u00e1modra! A sz\u00f3l\u00f3 t\u00far\u00e1k \u00f3ri\u00e1si \u00e9lm\u00e9nyek lehetnek, \u00e9s egy kis felk\u00e9sz\u00fcl\u00e9ssel \u00e9s k\u00e9pzel\u0151er\u0151vel egy teljesen m\u00e1s dimenzi\u00f3t adhatnak a sport ir\u00e1nti szeretetednek.<\/p>\n<p>Ak\u00e1r stresszold\u00e1sra v\u00e1gysz, ak\u00e1r egy ambici\u00f3zus edz\u00e9stervhez szeretn\u00e9l ragaszkodni, vagy csak \u00e9lvezed a szabads\u00e1got \u00e9s a fokozott ment\u00e1lis er\u0151nl\u00e9tet, amit az egyed\u00fcl megtett ker\u00e9kp\u00e1rutak adhatnak &#8211; \u00edme n\u00e9h\u00e1ny egyszer\u0171 m\u00f3dszer ahhoz, hogy a legt\u00f6bbet hozd ki az \u00e9lm\u00e9nyb\u0151l!<\/p>\n<figure id=\"attachment_10657\" aria-describedby=\"caption-attachment-10657\" style=\"width: 1250px\" class=\"wp-caption alignnone\"><a href=\"https:\/\/d2p6e6u75xmxt8.cloudfront.net\/12\/2021\/04\/Female-cyclist-profimedia-0562984063.jpg\"><img loading=\"lazy\" decoding=\"async\" class=\"wp-image-10657 size-full\" src=\"https:\/\/d2p6e6u75xmxt8.cloudfront.net\/12\/2021\/04\/Female-cyclist-profimedia-0562984063.jpg\" alt=\"Cyclist on a road\" width=\"1250\" height=\"833\" srcset=\"https:\/\/d2p6e6u75xmxt8.cloudfront.net\/12\/2021\/04\/Female-cyclist-profimedia-0562984063.jpg 1250w, https:\/\/d2p6e6u75xmxt8.cloudfront.net\/12\/2021\/04\/Female-cyclist-profimedia-0562984063-300x200.jpg 300w, https:\/\/d2p6e6u75xmxt8.cloudfront.net\/12\/2021\/04\/Female-cyclist-profimedia-0562984063-1024x682.jpg 1024w, https:\/\/d2p6e6u75xmxt8.cloudfront.net\/12\/2021\/04\/Female-cyclist-profimedia-0562984063-768x512.jpg 768w, https:\/\/d2p6e6u75xmxt8.cloudfront.net\/12\/2021\/04\/Female-cyclist-profimedia-0562984063-272x182.jpg 272w\" sizes=\"auto, (max-width: 1250px) 100vw, 1250px\" \/><\/a><figcaption id=\"caption-attachment-10657\" class=\"wp-caption-text\"><em>Tal\u00e1ld meg az \u00f6r\u00f6met a sz\u00f3l\u00f3 t\u00far\u00e1kban! \u00a9 Profimedia<\/em><\/figcaption><\/figure>\n<h2><strong>Mindig t\u0171zz ki magad el\u00e9 egy c\u00e9lt!<\/strong><\/h2>\n<p>Az egyik leg\u00f6r\u00f6mtelibb dolog a mag\u00e1nyos bicikliz\u00e9sben az, hogy megtanulod, hogy puszt\u00e1n a kih\u00edv\u00e1s kedv\u00e9\u00e9rt is \u00e1ll\u00edthatsz magad el\u00e9 kih\u00edv\u00e1s! M\u00e9g ha nem is egy konkr\u00e9t edz\u00e9si c\u00e9l \u00e9rdek\u00e9ben csin\u00e1lod, ha tudat\u00e1ban vagy valaminek, amin szeretn\u00e9l jav\u00edtani, az sokkal \u00e9lvezetesebb\u00e9 teheti az eg\u00e9szet. P\u00e9ld\u00e1ul felhaszn\u00e1lhatod a teker\u00e9st arra, hogy dolgozz a l\u00e9gz\u00e9seden, megtanulj megnyugodni, amikor egy nagy emelked\u0151n neh\u00e9zz\u00e9 v\u00e1lik a helyzet, vagy gyakorolhatod a hat\u00e9konyabb ped\u00e1loz\u00e1st. Ezek mind olyan apr\u00f3 r\u00e9szletek, amikre nehezebb \u00f6sszpontos\u00edtani egy csoportos teker\u00e9s sor\u00e1n, de sokat jav\u00edthatnak azon, hogyan \u00e9rzed magad a ker\u00e9kp\u00e1ron. Felfedezheted, mekkora bels\u0151 fegyelemmel rendelkezel val\u00f3j\u00e1ban, \u00e9s a v\u00e9g\u00e9n tal\u00e1n m\u00e9g ambici\u00f3zusabb c\u00e9lokat is kit\u0171zhetsz magad el\u00e9!<\/p>\n<h2><strong>Hagyd ki a kev\u00e9sb\u00e9 j\u00e1rt utat!<\/strong><\/h2>\n<p>Az \u00faj ter\u00fcletek felfedez\u00e9se ker\u00e9kp\u00e1rral nagyon sz\u00f3rakoztat\u00f3 lehet, de fontos, hogy k\u00f6r\u00fcltekint\u0151 \u00e9s re\u00e1lis legy\u00e9l, amikor egyed\u00fcl indulsz \u00fatnak. K\u00fcl\u00f6n\u00f6sen akkor, ha nem vagy profi, vagy m\u00e9g nem sokat tekert\u00e9l egyed\u00fcl, mindenk\u00e9ppen \u00e9rdemes kiismerni a k\u00f6rnyezeted, \u00e9s ragaszkodnod kell egy viszonylag meghat\u00e1rozott \u00fatvonalhoz. Lehet, hogy k\u00eds\u00e9rt\u00e9sbe esel \u00e9s hagyod, hogy az intu\u00edci\u00f3d vezessen, de ne feledd, hogy ha olyan \u00fatra mer\u00e9szkedsz, amin m\u00e9g soha nem j\u00e1rt\u00e1l, vadon \u00e9l\u0151 \u00e1llatokkal vagy m\u00e1s vesz\u00e9lyekkel tal\u00e1lkozhatsz, amikre nem felt\u00e9tlen\u00fcl vagy felk\u00e9sz\u00fclve. Az elt\u00e9ved\u00e9s is re\u00e1lis lehet\u0151s\u00e9g, \u00e9s b\u00e1r neh\u00e9z elhinni, m\u00e9g mindig rengeteg olyan vid\u00e9ki ter\u00fclet l\u00e9tezik, ahol a t\u00e9rer\u0151 minim\u00e1lis vagy egy\u00e1ltal\u00e1n nincs Ha csak te \u00e9s a biciklid vagytok, jobb terv, ha az \u00e1ltalad ismert \u00fatvonalakhoz ragaszkodsz, \u00e9s a felfedez\u0151i v\u00e9n\u00e1d azokra az alkalmakra tartogatod, amikor van egy-k\u00e9t t\u00e1rs is melletted.<\/p>\n<h2><strong>Indul\u00e1s el\u0151tt tervezd meg az \u00fatvonalat!<\/strong><\/h2>\n<p>Ha m\u00e1r itt tartunk, sokkal jobban fogod tudni \u00e9lvezni a teker\u00e9st, ha nem \u00e1llsz meg folyton a t\u00e9rk\u00e9pet n\u00e9zegetni, vagy nem hozol spont\u00e1n d\u00f6nt\u00e9seket arr\u00f3l, hogy merre indulj el. N\u00e9ha, amikor nagy csoporttal teker\u00fcnk, el\u0151fordulhat, hogy a navig\u00e1ci\u00f3s feladatokat m\u00e1sokra b\u00edzzuk, \u00e9s a v\u00e9g\u00e9n nem sok r\u00e9sz\u00fcnk van az \u00fatvonal k\u00f6vet\u00e9s\u00e9ben. Megk\u00f6nny\u00edthetj\u00fck a dolgunkat, ha ut\u00e1nan\u00e9z\u00fcnk az utaknak \u00e9s az \u00fatvonalaknak, \u00e9s kihaszn\u00e1ljuk a leg\u00fajabb technol\u00f3gi\u00e1t, ha GPS-navig\u00e1ci\u00f3val ell\u00e1tott ker\u00e9kp\u00e1ros sz\u00e1m\u00edt\u00f3g\u00e9pet haszn\u00e1lunk. Azt is javasoljuk, hogy mindig legyen egy tartal\u00e9k terved. Soha nem tudhatod, hogy az utat, amin haladni tervezt\u00e9l, mikor z\u00e1rj\u00e1k le \u00e9p\u00edtkez\u00e9s miatt, vagy egy\u00fcttm\u0171k\u00f6dik-e az id\u0151j\u00e1r\u00e1s. V\u00e9g\u00fcl pedig j\u00f3 \u00f6tlet, ha megosztod a bicikliz\u00e9s adatait egy bar\u00e1toddal vagy csal\u00e1dtagoddal, \u00edgy lesz, aki figyel t\u00e9ged \u00fatk\u00f6zben.<\/p>\n<h2><strong>\u00c9lvezd a szabads\u00e1got!<\/strong><\/h2>\n<p>Amennyiben nagy, l\u00e1rm\u00e1s csoportban szokt\u00e1l ker\u00e9kp\u00e1rozni, a mag\u00e1nyos teker\u00e9s els\u0151re unalmasnak t\u0171nhet. De val\u00f3j\u00e1ban lehet\u0151s\u00e9get kapsz arra, hogy megtapasztald a teljes szabads\u00e1got a ker\u00e9kp\u00e1rodon, \u00e9s felhatalmazva \u00e9rezd magad, hogy \u00faj dolgokat pr\u00f3b\u00e1lj ki. Egyed\u00fcl, csak egy szett ker\u00e9kkel sokkal meditat\u00edvabb az \u00fat, \u00e9s lehet\u0151v\u00e9 teszi, hogy hagyd elkalandozni az elm\u00e9det, mik\u00f6zben a ker\u00e9kp\u00e1roz\u00e1s csendes, b\u00e9k\u00e9s oldal\u00e1t \u00e9lvezheted. Hozd ki ebb\u0151l a legt\u00f6bbet, \u00e9s engedd meg magadnak, hogy azt tedd, amit aznap szeretn\u00e9l. Laz\u00edts, ha a tested erre v\u00e1gyik. Az a szabads\u00e1g, hogy azt csin\u00e1lhatsz, amit \u00e9s amikor csak akarsz, sokkal sz\u00f3rakoztat\u00f3bb lehet, mint gondoln\u00e1d.<\/p>\n<h2><strong>Ne sp\u00f3rolj a tankol\u00e1ssal vagy a meg\u00e1ll\u00f3kkal!<\/strong><\/h2>\n<p>Ha az egyik ok, ami\u00e9rt \u00e9lvezed a h\u00e9tv\u00e9gi csoportos t\u00far\u00e1kat, a vel\u00fck j\u00e1r\u00f3 tort\u00e1s meg\u00e1ll\u00f3k, nem kell lemondanod a sz\u00f3rakoz\u00e1sr\u00f3l csak az\u00e9rt, mert egyed\u00fcl vagy. Ugyan\u00fagy gondoskodj arr\u00f3l, hogy kellemes \u00e9lm\u00e9nyt szerezz magadnak, mint b\u00e1rmi m\u00e1s \u00fat sor\u00e1n &#8211; tervezd meg, hogy megl\u00e1togatsz egy olyan k\u00e1v\u00e9z\u00f3t, amit szeretsz, vagy megn\u00e9zel egy \u00faj helyi cukr\u00e1szd\u00e1t. Ha pedig valami t\u00e1volabbi \u00fatra k\u00e9sz\u00fclsz, csomagolj magadnak valamilyen k\u00fcl\u00f6nleges harapnival\u00f3t, amit \u00fatk\u00f6zben elfogyaszthatsz. Csemp\u00e9szd be kedvenc k\u00e9zm\u0171ves s\u00f6r\u00f6d a t\u00e1sk\u00e1dba \u00e9s veregesd meg a v\u00e1llad az\u00e9rt, ami\u00e9rt megaj\u00e1nd\u00e9koztad magad ezzel az \u00e9lm\u00e9nnyel.<\/p>\n","protected":false},"excerpt":{"rendered":"<p>K\u00e9ts\u00e9gtelen, hogy k\u00f6z\u00f6sen biciklizni a haverokkal nagyszer\u0171 dolog. S\u0151t, sokunk sz\u00e1m\u00e1ra a szabadt\u00e9ri ker\u00e9kp\u00e1roz\u00e1s a testmozg\u00e1s \u00e9s a friss leveg\u0151 [&hellip;]<\/p>\n","protected":false},"author":71,"featured_media":14139,"comment_status":"open","ping_status":"open","sticky":false,"template":"","format":"standard","meta":{"footnotes":""},"categories":[12],"tags":[],"global-categories":[],"class_list":["post-14137","post","type-post","status-publish","format-standard","has-post-thumbnail","hentry","category-kozosseg-es-kultura"],"yoast_head":"<!-- This site is optimized with the Yoast SEO Premium plugin v25.3 (Yoast SEO v25.9) - https:\/\/yoast.com\/wordpress\/plugins\/seo\/ -->\n<title>5 m\u00f3dszer, amivel sz\u00f3rakoztat\u00f3bb\u00e1 teheted a sz\u00f3l\u00f3 utakat<\/title>\n<meta name=\"description\" content=\"K\u00e9ts\u00e9gtelen, hogy k\u00f6z\u00f6sen biciklizni a haverokkal nagyszer\u0171 dolog. S\u0151t, sokunk sz\u00e1m\u00e1ra a szabadt\u00e9ri ker\u00e9kp\u00e1roz\u00e1s a testmozg\u00e1s \u00e9s a friss leveg\u0151 mellett a legfontosabb t\u00e1rsadalmi tev\u00e9kenys\u00e9g is.\" \/>\n<meta name=\"robots\" content=\"index, follow, max-snippet:-1, max-image-preview:large, max-video-preview:-1\" \/>\n<link rel=\"canonical\" href=\"https:\/\/www.welovecycling.com\/hu\/kozosseg-es-kultura\/5-modszer-amivel-szorakoztatobba-teheted-a-szolo-utakat\/\" \/>\n<meta property=\"og:locale\" content=\"hu_HU\" \/>\n<meta property=\"og:type\" content=\"article\" \/>\n<meta property=\"og:title\" content=\"5 m\u00f3dszer, amivel sz\u00f3rakoztat\u00f3bb\u00e1 teheted a sz\u00f3l\u00f3 utakat\" \/>\n<meta property=\"og:description\" content=\"K\u00e9ts\u00e9gtelen, hogy k\u00f6z\u00f6sen biciklizni a haverokkal nagyszer\u0171 dolog. S\u0151t, sokunk sz\u00e1m\u00e1ra a szabadt\u00e9ri ker\u00e9kp\u00e1roz\u00e1s a testmozg\u00e1s \u00e9s a friss leveg\u0151 mellett a legfontosabb t\u00e1rsadalmi tev\u00e9kenys\u00e9g is.\" \/>\n<meta property=\"og:url\" content=\"https:\/\/www.welovecycling.com\/hu\/kozosseg-es-kultura\/5-modszer-amivel-szorakoztatobba-teheted-a-szolo-utakat\/\" \/>\n<meta property=\"og:site_name\" content=\"\u0160koda We Love Cycling - Magyarorsz\u00e1g\" \/>\n<meta property=\"article:publisher\" content=\"https:\/\/www.facebook.com\/WeLoveCyclingHungary\/\" \/>\n<meta property=\"article:published_time\" content=\"2022-04-22T06:00:02+00:00\" \/>\n<meta property=\"og:image\" content=\"https:\/\/d2p6e6u75xmxt8.cloudfront.net\/12\/2022\/04\/Solo-Cycling-profimedia-0680555780-CVR.jpg\" \/>\n\t<meta property=\"og:image:width\" content=\"1366\" \/>\n\t<meta property=\"og:image:height\" content=\"600\" \/>\n\t<meta property=\"og:image:type\" content=\"image\/jpeg\" \/>\n<meta name=\"author\" content=\"hegyizs\" \/>\n<meta name=\"twitter:card\" content=\"summary_large_image\" \/>\n<meta name=\"twitter:label1\" content=\"Written by\" \/>\n\t<meta name=\"twitter:data1\" content=\"Megan Flottorp\" \/>\n\t<meta name=\"twitter:label2\" content=\"Est. reading time\" \/>\n\t<meta name=\"twitter:data2\" content=\"6\" \/>\n<script type=\"application\/ld+json\" class=\"yoast-schema-graph\">{\"@context\":\"https:\/\/schema.org\",\"@graph\":[{\"@type\":\"WebPage\",\"@id\":\"https:\/\/www.welovecycling.com\/hu\/kozosseg-es-kultura\/5-modszer-amivel-szorakoztatobba-teheted-a-szolo-utakat\/\",\"url\":\"https:\/\/www.welovecycling.com\/hu\/kozosseg-es-kultura\/5-modszer-amivel-szorakoztatobba-teheted-a-szolo-utakat\/\",\"name\":\"5 m\u00f3dszer, amivel sz\u00f3rakoztat\u00f3bb\u00e1 teheted a sz\u00f3l\u00f3 utakat\",\"isPartOf\":{\"@id\":\"https:\/\/www.welovecycling.com\/hu\/#website\"},\"primaryImageOfPage\":{\"@id\":\"https:\/\/www.welovecycling.com\/hu\/kozosseg-es-kultura\/5-modszer-amivel-szorakoztatobba-teheted-a-szolo-utakat\/#primaryimage\"},\"image\":{\"@id\":\"https:\/\/www.welovecycling.com\/hu\/kozosseg-es-kultura\/5-modszer-amivel-szorakoztatobba-teheted-a-szolo-utakat\/#primaryimage\"},\"thumbnailUrl\":\"https:\/\/d2p6e6u75xmxt8.cloudfront.net\/12\/2022\/04\/Solo-Cycling-profimedia-0680555780-CVR.jpg\",\"datePublished\":\"2022-04-22T06:00:02+00:00\",\"author\":{\"@id\":\"https:\/\/www.welovecycling.com\/hu\/#\/schema\/person\/414a2aebf1801691a5320edb6468e194\"},\"description\":\"K\u00e9ts\u00e9gtelen, hogy k\u00f6z\u00f6sen biciklizni a haverokkal nagyszer\u0171 dolog. S\u0151t, sokunk sz\u00e1m\u00e1ra a szabadt\u00e9ri ker\u00e9kp\u00e1roz\u00e1s a testmozg\u00e1s \u00e9s a friss leveg\u0151 mellett a legfontosabb t\u00e1rsadalmi tev\u00e9kenys\u00e9g is.\",\"breadcrumb\":{\"@id\":\"https:\/\/www.welovecycling.com\/hu\/kozosseg-es-kultura\/5-modszer-amivel-szorakoztatobba-teheted-a-szolo-utakat\/#breadcrumb\"},\"inLanguage\":\"hu\",\"potentialAction\":[{\"@type\":\"ReadAction\",\"target\":[\"https:\/\/www.welovecycling.com\/hu\/kozosseg-es-kultura\/5-modszer-amivel-szorakoztatobba-teheted-a-szolo-utakat\/\"]}]},{\"@type\":\"ImageObject\",\"inLanguage\":\"hu\",\"@id\":\"https:\/\/www.welovecycling.com\/hu\/kozosseg-es-kultura\/5-modszer-amivel-szorakoztatobba-teheted-a-szolo-utakat\/#primaryimage\",\"url\":\"https:\/\/d2p6e6u75xmxt8.cloudfront.net\/12\/2022\/04\/Solo-Cycling-profimedia-0680555780-CVR.jpg\",\"contentUrl\":\"https:\/\/d2p6e6u75xmxt8.cloudfront.net\/12\/2022\/04\/Solo-Cycling-profimedia-0680555780-CVR.jpg\",\"width\":1366,\"height\":600,\"caption\":\"Solo cycling\"},{\"@type\":\"BreadcrumbList\",\"@id\":\"https:\/\/www.welovecycling.com\/hu\/kozosseg-es-kultura\/5-modszer-amivel-szorakoztatobba-teheted-a-szolo-utakat\/#breadcrumb\",\"itemListElement\":[{\"@type\":\"ListItem\",\"position\":1,\"name\":\"Home\",\"item\":\"https:\/\/www.welovecycling.com\/hu\/\"},{\"@type\":\"ListItem\",\"position\":2,\"name\":\"5 m\u00f3dszer, amivel sz\u00f3rakoztat\u00f3bb\u00e1 teheted a sz\u00f3l\u00f3 utakat\"}]},{\"@type\":\"WebSite\",\"@id\":\"https:\/\/www.welovecycling.com\/hu\/#website\",\"url\":\"https:\/\/www.welovecycling.com\/hu\/\",\"name\":\"\u0160koda We Love Cycling - Magyarorsz\u00e1g\",\"description\":\"\u0160koda WeLoveCycling\",\"potentialAction\":[{\"@type\":\"SearchAction\",\"target\":{\"@type\":\"EntryPoint\",\"urlTemplate\":\"https:\/\/www.welovecycling.com\/hu\/?s={search_term_string}\"},\"query-input\":{\"@type\":\"PropertyValueSpecification\",\"valueRequired\":true,\"valueName\":\"search_term_string\"}}],\"inLanguage\":\"hu\"},{\"@type\":\"Person\",\"@id\":\"https:\/\/www.welovecycling.com\/hu\/#\/schema\/person\/414a2aebf1801691a5320edb6468e194\",\"name\":\"hegyizs\",\"image\":{\"@type\":\"ImageObject\",\"inLanguage\":\"hu\",\"@id\":\"https:\/\/www.welovecycling.com\/hu\/#\/schema\/person\/image\/\",\"url\":\"https:\/\/secure.gravatar.com\/avatar\/02cf8a7906b8cf90cecb4679defac7cfd33a1c2e3b88e4903d947f3bb58eedd3?s=96&d=mm&r=g\",\"contentUrl\":\"https:\/\/secure.gravatar.com\/avatar\/02cf8a7906b8cf90cecb4679defac7cfd33a1c2e3b88e4903d947f3bb58eedd3?s=96&d=mm&r=g\",\"caption\":\"hegyizs\"},\"url\":\"https:\/\/www.welovecycling.com\/hu\/author\/hegyizs\/\"}]}<\/script>\n<!-- \/ Yoast SEO Premium plugin. -->","yoast_head_json":{"title":"5 m\u00f3dszer, amivel sz\u00f3rakoztat\u00f3bb\u00e1 teheted a sz\u00f3l\u00f3 utakat","description":"K\u00e9ts\u00e9gtelen, hogy k\u00f6z\u00f6sen biciklizni a haverokkal nagyszer\u0171 dolog. S\u0151t, sokunk sz\u00e1m\u00e1ra a szabadt\u00e9ri ker\u00e9kp\u00e1roz\u00e1s a testmozg\u00e1s \u00e9s a friss leveg\u0151 mellett a legfontosabb t\u00e1rsadalmi tev\u00e9kenys\u00e9g is.","robots":{"index":"index","follow":"follow","max-snippet":"max-snippet:-1","max-image-preview":"max-image-preview:large","max-video-preview":"max-video-preview:-1"},"canonical":"https:\/\/www.welovecycling.com\/hu\/kozosseg-es-kultura\/5-modszer-amivel-szorakoztatobba-teheted-a-szolo-utakat\/","og_locale":"hu_HU","og_type":"article","og_title":"5 m\u00f3dszer, amivel sz\u00f3rakoztat\u00f3bb\u00e1 teheted a sz\u00f3l\u00f3 utakat","og_description":"K\u00e9ts\u00e9gtelen, hogy k\u00f6z\u00f6sen biciklizni a haverokkal nagyszer\u0171 dolog. S\u0151t, sokunk sz\u00e1m\u00e1ra a szabadt\u00e9ri ker\u00e9kp\u00e1roz\u00e1s a testmozg\u00e1s \u00e9s a friss leveg\u0151 mellett a legfontosabb t\u00e1rsadalmi tev\u00e9kenys\u00e9g is.","og_url":"https:\/\/www.welovecycling.com\/hu\/kozosseg-es-kultura\/5-modszer-amivel-szorakoztatobba-teheted-a-szolo-utakat\/","og_site_name":"\u0160koda We Love Cycling - Magyarorsz\u00e1g","article_publisher":"https:\/\/www.facebook.com\/WeLoveCyclingHungary\/","article_published_time":"2022-04-22T06:00:02+00:00","og_image":[{"width":1366,"height":600,"url":"https:\/\/d2p6e6u75xmxt8.cloudfront.net\/12\/2022\/04\/Solo-Cycling-profimedia-0680555780-CVR.jpg","type":"image\/jpeg"}],"author":"hegyizs","twitter_card":"summary_large_image","twitter_misc":{"Written by":"Megan Flottorp","Est. reading time":"6"},"schema":{"@context":"https:\/\/schema.org","@graph":[{"@type":"WebPage","@id":"https:\/\/www.welovecycling.com\/hu\/kozosseg-es-kultura\/5-modszer-amivel-szorakoztatobba-teheted-a-szolo-utakat\/","url":"https:\/\/www.welovecycling.com\/hu\/kozosseg-es-kultura\/5-modszer-amivel-szorakoztatobba-teheted-a-szolo-utakat\/","name":"5 m\u00f3dszer, amivel sz\u00f3rakoztat\u00f3bb\u00e1 teheted a sz\u00f3l\u00f3 utakat","isPartOf":{"@id":"https:\/\/www.welovecycling.com\/hu\/#website"},"primaryImageOfPage":{"@id":"https:\/\/www.welovecycling.com\/hu\/kozosseg-es-kultura\/5-modszer-amivel-szorakoztatobba-teheted-a-szolo-utakat\/#primaryimage"},"image":{"@id":"https:\/\/www.welovecycling.com\/hu\/kozosseg-es-kultura\/5-modszer-amivel-szorakoztatobba-teheted-a-szolo-utakat\/#primaryimage"},"thumbnailUrl":"https:\/\/d2p6e6u75xmxt8.cloudfront.net\/12\/2022\/04\/Solo-Cycling-profimedia-0680555780-CVR.jpg","datePublished":"2022-04-22T06:00:02+00:00","author":{"@id":"https:\/\/www.welovecycling.com\/hu\/#\/schema\/person\/414a2aebf1801691a5320edb6468e194"},"description":"K\u00e9ts\u00e9gtelen, hogy k\u00f6z\u00f6sen biciklizni a haverokkal nagyszer\u0171 dolog. S\u0151t, sokunk sz\u00e1m\u00e1ra a szabadt\u00e9ri ker\u00e9kp\u00e1roz\u00e1s a testmozg\u00e1s \u00e9s a friss leveg\u0151 mellett a legfontosabb t\u00e1rsadalmi tev\u00e9kenys\u00e9g is.","breadcrumb":{"@id":"https:\/\/www.welovecycling.com\/hu\/kozosseg-es-kultura\/5-modszer-amivel-szorakoztatobba-teheted-a-szolo-utakat\/#breadcrumb"},"inLanguage":"hu","potentialAction":[{"@type":"ReadAction","target":["https:\/\/www.welovecycling.com\/hu\/kozosseg-es-kultura\/5-modszer-amivel-szorakoztatobba-teheted-a-szolo-utakat\/"]}]},{"@type":"ImageObject","inLanguage":"hu","@id":"https:\/\/www.welovecycling.com\/hu\/kozosseg-es-kultura\/5-modszer-amivel-szorakoztatobba-teheted-a-szolo-utakat\/#primaryimage","url":"https:\/\/d2p6e6u75xmxt8.cloudfront.net\/12\/2022\/04\/Solo-Cycling-profimedia-0680555780-CVR.jpg","contentUrl":"https:\/\/d2p6e6u75xmxt8.cloudfront.net\/12\/2022\/04\/Solo-Cycling-profimedia-0680555780-CVR.jpg","width":1366,"height":600,"caption":"Solo cycling"},{"@type":"BreadcrumbList","@id":"https:\/\/www.welovecycling.com\/hu\/kozosseg-es-kultura\/5-modszer-amivel-szorakoztatobba-teheted-a-szolo-utakat\/#breadcrumb","itemListElement":[{"@type":"ListItem","position":1,"name":"Home","item":"https:\/\/www.welovecycling.com\/hu\/"},{"@type":"ListItem","position":2,"name":"5 m\u00f3dszer, amivel sz\u00f3rakoztat\u00f3bb\u00e1 teheted a sz\u00f3l\u00f3 utakat"}]},{"@type":"WebSite","@id":"https:\/\/www.welovecycling.com\/hu\/#website","url":"https:\/\/www.welovecycling.com\/hu\/","name":"\u0160koda We Love Cycling - Magyarorsz\u00e1g","description":"\u0160koda WeLoveCycling","potentialAction":[{"@type":"SearchAction","target":{"@type":"EntryPoint","urlTemplate":"https:\/\/www.welovecycling.com\/hu\/?s={search_term_string}"},"query-input":{"@type":"PropertyValueSpecification","valueRequired":true,"valueName":"search_term_string"}}],"inLanguage":"hu"},{"@type":"Person","@id":"https:\/\/www.welovecycling.com\/hu\/#\/schema\/person\/414a2aebf1801691a5320edb6468e194","name":"hegyizs","image":{"@type":"ImageObject","inLanguage":"hu","@id":"https:\/\/www.welovecycling.com\/hu\/#\/schema\/person\/image\/","url":"https:\/\/secure.gravatar.com\/avatar\/02cf8a7906b8cf90cecb4679defac7cfd33a1c2e3b88e4903d947f3bb58eedd3?s=96&d=mm&r=g","contentUrl":"https:\/\/secure.gravatar.com\/avatar\/02cf8a7906b8cf90cecb4679defac7cfd33a1c2e3b88e4903d947f3bb58eedd3?s=96&d=mm&r=g","caption":"hegyizs"},"url":"https:\/\/www.welovecycling.com\/hu\/author\/hegyizs\/"}]}},"_links":{"self":[{"href":"https:\/\/www.welovecycling.com\/hu\/wp-json\/wp\/v2\/posts\/14137","targetHints":{"allow":["GET"]}}],"collection":[{"href":"https:\/\/www.welovecycling.com\/hu\/wp-json\/wp\/v2\/posts"}],"about":[{"href":"https:\/\/www.welovecycling.com\/hu\/wp-json\/wp\/v2\/types\/post"}],"author":[{"embeddable":true,"href":"https:\/\/www.welovecycling.com\/hu\/wp-json\/wp\/v2\/users\/71"}],"replies":[{"embeddable":true,"href":"https:\/\/www.welovecycling.com\/hu\/wp-json\/wp\/v2\/comments?post=14137"}],"version-history":[{"count":2,"href":"https:\/\/www.welovecycling.com\/hu\/wp-json\/wp\/v2\/posts\/14137\/revisions"}],"predecessor-version":[{"id":14160,"href":"https:\/\/www.welovecycling.com\/hu\/wp-json\/wp\/v2\/posts\/14137\/revisions\/14160"}],"wp:featuredmedia":[{"embeddable":true,"href":"https:\/\/www.welovecycling.com\/hu\/wp-json\/wp\/v2\/media\/14139"}],"wp:attachment":[{"href":"https:\/\/www.welovecycling.com\/hu\/wp-json\/wp\/v2\/media?parent=14137"}],"wp:term":[{"taxonomy":"category","embeddable":true,"href":"https:\/\/www.welovecycling.com\/hu\/wp-json\/wp\/v2\/categories?post=14137"},{"taxonomy":"post_tag","embeddable":true,"href":"https:\/\/www.welovecycling.com\/hu\/wp-json\/wp\/v2\/tags?post=14137"},{"taxonomy":"global-categories","embeddable":true,"href":"https:\/\/www.welovecycling.com\/hu\/wp-json\/wp\/v2\/global-categories?post=14137"}],"curies":[{"name":"wp","href":"https:\/\/api.w.org\/{rel}","templated":true}]}}