{"id":14132,"date":"2022-04-17T08:00:41","date_gmt":"2022-04-17T06:00:41","guid":{"rendered":"https:\/\/www.welovecycling.com\/hu\/?p=14132"},"modified":"2022-04-14T15:30:58","modified_gmt":"2022-04-14T13:30:58","slug":"defekt-van-panik-nincs-igy-cserelj-gumit-sajat-kezuleg-nehany-perc-alatt","status":"publish","type":"post","link":"https:\/\/www.welovecycling.com\/hu\/edzes-es-eletmod\/defekt-van-panik-nincs-igy-cserelj-gumit-sajat-kezuleg-nehany-perc-alatt\/","title":{"rendered":"Defekt van, p\u00e1nik nincs: \u00edgy cser\u00e9lj gumit saj\u00e1t kez\u0171leg n\u00e9h\u00e1ny perc alatt"},"content":{"rendered":"<p><strong>N\u00e9h\u00e1ny hasznos kis eszk\u00f6zzel b\u00e1rki k\u00f6nnyed\u00e9n orvosolhatja az egyik leggyakoribb bring\u00e1s \u201ev\u00e9szhelyzetet\u201d, \u00e9s pillanatok alatt folytathatja is \u00fatj\u00e1t.<\/strong><!--more--><\/p>\n<p>Az egyik legbosszant\u00f3bb, egyben leggyakoribb bring\u00e1s probl\u00e9m\u00e1t, a defektet val\u00f3sz\u00edn\u0171leg nem kell k\u00fcl\u00f6n\u00f6sebben bemutatni senkinek. Ez t\u00e9nyleg b\u00e1rhol \u00e9rheti az embert, a legv\u00e1ratlanabb pillanatokban is, \u00e9s amilyen apr\u00f3s\u00e1gnak t\u0171nik, annyira ellehetetlen\u00edti a tov\u00e1bbhalad\u00e1st. Akadnak, akik ilyen esetben egyb\u0151l p\u00e1nikszer\u0171en bringaszervizbe rohann\u00e1nak, de a j\u00f3 h\u00edr, hogy n\u00e9mi felk\u00e9sz\u00fclts\u00e9ggel, a megfelel\u0151 eszk\u00f6z\u00f6k birtok\u00e1ban ez k\u00f6nnyed\u00e9n elker\u00fclhet\u0151, \u00e9s egy mind\u00f6ssze n\u00e9h\u00e1ny perces, t\u00e9nyleg b\u00e1rki \u00e1ltal k\u00f6nnyed\u00e9n elv\u00e9gezhet\u0151 m\u0171velet ut\u00e1n m\u00e1r suhanhatunk is tov\u00e1bb.<\/p>\n<p>Megfelel\u0151 eszk\u00f6z\u00f6k alatt csup\u00e1n n\u00e9h\u00e1ny olyan, ak\u00e1r egy \u00f6vt\u00e1sk\u00e1ban vagy kisebb h\u00e1tizs\u00e1kban is elf\u00e9r\u0151 szersz\u00e1mot \u00e9rt\u00fcnk, amelyek pluszs\u00falyt gyakorlatilag nem jelentenek, cser\u00e9be ilyen esetekben \u00e9letment\u0151k lehetnek. Ilyen a csavarkulcs a ker\u00e9kagyhoz, a gumileszed\u0151, egy \u00faj, tartal\u00e9k bels\u0151 \u00e9s\/vagy foltk\u00e9szlet, \u00e9s egy sima, kicsi k\u00e9zipumpa.<\/p>\n<p>Az els\u0151 \u00e9s legfontosabb dolog, hogy miut\u00e1n \u00e9rz\u00e9kelt\u00fck a defektet, azonnal \u00e1lljunk meg, ne k\u00eds\u00e9rletezz\u00fcnk tov\u00e1bbhalad\u00e1ssal, nem \u00e9ri meg, csak nagyobb lesz a k\u00e1r. Miut\u00e1n meg\u00e1lltunk, \u00e9rdemes fejjel lefel\u00e9 ford\u00edtva fel\u00e1ll\u00edtani a bring\u00e1t, \u00edgy nem fog eld\u0151lni, cser\u00e9be sokkal k\u00f6nnyebben hozz\u00e1f\u00e9r\u00fcnk a ker\u00e9khez. A f\u00e9k k\u00f6nnyen kiakaszthat\u00f3, a csavarkulccsal pedig egyszer\u0171en lecsavarhat\u00f3 a ker\u00e9kr\u00f6gz\u00edt\u0151 csavar, \u00edgy m\u00e1ris kint van a ker\u00e9k. Ezut\u00e1n, ha maradt m\u00e9g leveg\u0151 a gumibels\u0151ben, engedj\u00fck ki bel\u0151le, majd j\u00f6het a gumileszed\u0151 szersz\u00e1mocska \u2013 ez amilyen kicsi, egyszer\u0171 \u00e9s olcs\u00f3, annyira hasznos eszk\u00f6z. El\u0151bb a k\u00fcls\u0151 gumi egyik perem\u00e9t fesz\u00edts\u00fck le a felnir\u0151l, majd a m\u00e1sikat, v\u00e9g\u00fcl h\u00fazzuk ki a t\u00f6nkre ment bels\u0151t, melyet a szelep felnib\u0151l val\u00f3 kib\u00e1ny\u00e1sz\u00e1s\u00e1val t\u00e1vol\u00edthatunk el teljesen.<\/p>\n<figure id=\"attachment_14133\" aria-describedby=\"caption-attachment-14133\" style=\"width: 600px\" class=\"wp-caption alignnone\"><img loading=\"lazy\" decoding=\"async\" class=\"size-full wp-image-14133\" src=\"https:\/\/d2p6e6u75xmxt8.cloudfront.net\/12\/2022\/04\/5f33a03612ea7100492dcd68-large.jpg\" alt=\"\" width=\"600\" height=\"600\" srcset=\"https:\/\/d2p6e6u75xmxt8.cloudfront.net\/12\/2022\/04\/5f33a03612ea7100492dcd68-large.jpg 600w, https:\/\/d2p6e6u75xmxt8.cloudfront.net\/12\/2022\/04\/5f33a03612ea7100492dcd68-large-300x300.jpg 300w, https:\/\/d2p6e6u75xmxt8.cloudfront.net\/12\/2022\/04\/5f33a03612ea7100492dcd68-large-150x150.jpg 150w\" sizes=\"auto, (max-width: 600px) 100vw, 600px\" \/><figcaption id=\"caption-attachment-14133\" class=\"wp-caption-text\">Gumileszed\u0151: van m\u0171anyag, van f\u00e9m, valamennyi ugyanazt a hasznos c\u00e9lt szolg\u00e1lja (fot\u00f3: Wish)<\/figcaption><\/figure>\n<p>Ha ez megvan, n\u00e9zz\u00fck \u00e1t \u00f3vatosan, de alaposan a k\u00fcls\u0151t, keress\u00fck meg a defektet okoz\u00f3 t\u00e1rgyat, t\u00fcsk\u00e9t, szil\u00e1nkot, ak\u00e1rmit, \u00e9s \u00e9rtelemszer\u0171en gyorsan szabaduljunk meg t\u0151le (ellenkez\u0151 esetben, ha benne marad, ugyan\u00fagy egyb\u0151l t\u00f6nkreteszi a vadonat\u00faj bels\u0151t is). Ha ez megt\u00f6rt\u00e9nt, a k\u00fcls\u0151 guminak a gumileszed\u0151 eszk\u00f6z seg\u00edts\u00e9g\u00e9vel el\u0151bb csak az egyik perem\u00e9t fesz\u00edts\u00fck vissza a felnire, teh\u00e1t \u201ef\u00e9lig\u201d tegy\u00fck csak vissza. Vegy\u00fck az \u00faj gumibels\u0151t, amit el\u0151sz\u00f6r csak enyh\u00e9n, alacsony nyom\u00e1sra f\u00fajjunk fel, hogy k\u00f6nnyebben vissza tudjuk nyomkodni a k\u00fcls\u0151be (a szelepre k\u00f6zben figyelj\u00fcnk, hogy a hely\u00e9n legyen). Most m\u00e1r teljesen felrakhatjuk a k\u00fcls\u0151t, \u00e9s csak ha ez megvan, akkor f\u00fajjuk fel a bels\u0151t a pump\u00e1val megfelel\u0151 nyom\u00e1sra. Meg is vagyunk: a ker\u00e9k mehet vissza, ugyan\u00fagy, ahogy kivett\u00fck, mi pedig a n\u00e9h\u00e1ny percnyi technikai sz\u00fcnet ut\u00e1n folytathatjuk utunkat. (Abban az esetben, ha nincs n\u00e1lunk p\u00f3t-gumibels\u0151, csak foltoz\u00f3k\u00e9szlet, \u00fagy is ugyanezek a met\u00f3dusok \u00e9rv\u00e9nyesek, csak \u00e9ppen a s\u00e9r\u00fclt bels\u0151 kiszed\u00e9se, a lyuk megkeres\u00e9se ut\u00e1n, \u00e9s azt betapasztva, a jav\u00edtott bels\u0151t helyezz\u00fck majd vissza \u2013 de ez t\u00e9nyleg csak ideiglenes t\u0171zolt\u00e1s, amely ideig-\u00f3r\u00e1ig jelenthet megold\u00e1st legfeljebb, \u00edgy mindenk\u00e9ppen javasoljuk ink\u00e1bb az \u00faj gumibels\u0151 haszn\u00e1lat\u00e1t.)<\/p>\n<lite-youtube videoid=eqR6nlZNeU8 params=\"enablejsapi=1\" style=\"background-image: url('https:\/\/i.ytimg.com\/vi_webp\/eqR6nlZNeU8\/maxresdefault.webp');\"><\/lite-youtube>\n<p>Manaps\u00e1g ugyanakkor m\u00e1r egyre nagyobb n\u00e9pszer\u0171s\u00e9gnek \u00f6rvendenek a defektt\u0171r\u0151 gumik, illetve a defektmentes\u00edt\u0151 folyad\u00e9kok, ezek seg\u00edts\u00e9g\u00e9vel sokkal nagyobb val\u00f3sz\u00edn\u0171s\u00e9ggel ker\u00fclhet\u0151k el a bosszant\u00f3 defektek!<\/p>\n<p><em>Forr\u00e1s: bicycling.com<\/em><\/p>\n<div style=\"padding: 25px; background: #eee;\">\n<p><strong>Iratkozz fel h\u00edrlevel\u00fcnkre, ahol m\u00e9g t\u00f6bb tippet \u00e9s tudnival\u00f3t olvashatsz a tested, lelked \u00e9s bring\u00e1d karbantart\u00e1s\u00e1hoz! S\u0151t, most m\u00e9g nyerem\u00e9nyre is bukkanhatsz benne!<\/strong><\/p>\n<p><iframe loading=\"lazy\" title=\"\" src=\"https:\/\/media.pohu.hu\/skoda\/welovecycling\/\" width=\"100%\" height=\"900\"><\/iframe><\/p>\n<\/div>\n","protected":false},"excerpt":{"rendered":"<p>N\u00e9h\u00e1ny hasznos kis eszk\u00f6zzel b\u00e1rki k\u00f6nnyed\u00e9n orvosolhatja az egyik leggyakoribb bring\u00e1s \u201ev\u00e9szhelyzetet\u201d, \u00e9s pillanatok alatt folytathatja is \u00fatj\u00e1t.<\/p>\n","protected":false},"author":71,"featured_media":14135,"comment_status":"open","ping_status":"open","sticky":false,"template":"","format":"standard","meta":{"footnotes":""},"categories":[6],"tags":[],"global-categories":[],"class_list":["post-14132","post","type-post","status-publish","format-standard","has-post-thumbnail","hentry","category-edzes-es-eletmod"],"yoast_head":"<!-- This site is optimized with the Yoast SEO Premium plugin v25.3 (Yoast SEO v25.9) - https:\/\/yoast.com\/wordpress\/plugins\/seo\/ -->\n<title>Defekt van, p\u00e1nik nincs: \u00edgy cser\u00e9lj gumit saj\u00e1t kez\u0171leg n\u00e9h\u00e1ny perc alatt<\/title>\n<meta name=\"description\" content=\"N\u00e9h\u00e1ny hasznos kis eszk\u00f6zzel b\u00e1rki k\u00f6nnyed\u00e9n orvosolhatja az egyik leggyakoribb bring\u00e1s \u201ev\u00e9szhelyzetet\u201d, \u00e9s pillanatok alatt folytathatja is \u00fatj\u00e1t.\" \/>\n<meta name=\"robots\" content=\"index, follow, max-snippet:-1, max-image-preview:large, max-video-preview:-1\" \/>\n<link rel=\"canonical\" href=\"https:\/\/www.welovecycling.com\/hu\/edzes-es-eletmod\/defekt-van-panik-nincs-igy-cserelj-gumit-sajat-kezuleg-nehany-perc-alatt\/\" \/>\n<meta property=\"og:locale\" content=\"hu_HU\" \/>\n<meta property=\"og:type\" content=\"article\" \/>\n<meta property=\"og:title\" content=\"Defekt van, p\u00e1nik nincs: \u00edgy cser\u00e9lj gumit saj\u00e1t kez\u0171leg n\u00e9h\u00e1ny perc alatt\" \/>\n<meta property=\"og:description\" content=\"N\u00e9h\u00e1ny hasznos kis eszk\u00f6zzel b\u00e1rki k\u00f6nnyed\u00e9n orvosolhatja az egyik leggyakoribb bring\u00e1s \u201ev\u00e9szhelyzetet\u201d, \u00e9s pillanatok alatt folytathatja is \u00fatj\u00e1t.\" \/>\n<meta property=\"og:url\" content=\"https:\/\/www.welovecycling.com\/hu\/edzes-es-eletmod\/defekt-van-panik-nincs-igy-cserelj-gumit-sajat-kezuleg-nehany-perc-alatt\/\" \/>\n<meta property=\"og:site_name\" content=\"\u0160koda We Love Cycling - Magyarorsz\u00e1g\" \/>\n<meta property=\"article:publisher\" content=\"https:\/\/www.facebook.com\/WeLoveCyclingHungary\/\" \/>\n<meta property=\"article:published_time\" content=\"2022-04-17T06:00:41+00:00\" \/>\n<meta property=\"og:image\" content=\"https:\/\/d2p6e6u75xmxt8.cloudfront.net\/12\/2022\/04\/tire-levers-0001-1626632153-scaled.jpg\" \/>\n\t<meta property=\"og:image:width\" content=\"2560\" \/>\n\t<meta property=\"og:image:height\" content=\"1707\" \/>\n\t<meta property=\"og:image:type\" content=\"image\/jpeg\" \/>\n<meta name=\"author\" content=\"hegyizs\" \/>\n<meta name=\"twitter:card\" content=\"summary_large_image\" \/>\n<meta name=\"twitter:label1\" content=\"Written by\" \/>\n\t<meta name=\"twitter:data1\" content=\"WLC\" \/>\n\t<meta name=\"twitter:label2\" content=\"Est. reading time\" \/>\n\t<meta name=\"twitter:data2\" content=\"4 minutes\" \/>\n<script type=\"application\/ld+json\" class=\"yoast-schema-graph\">{\"@context\":\"https:\/\/schema.org\",\"@graph\":[{\"@type\":\"WebPage\",\"@id\":\"https:\/\/www.welovecycling.com\/hu\/edzes-es-eletmod\/defekt-van-panik-nincs-igy-cserelj-gumit-sajat-kezuleg-nehany-perc-alatt\/\",\"url\":\"https:\/\/www.welovecycling.com\/hu\/edzes-es-eletmod\/defekt-van-panik-nincs-igy-cserelj-gumit-sajat-kezuleg-nehany-perc-alatt\/\",\"name\":\"Defekt van, p\u00e1nik nincs: \u00edgy cser\u00e9lj gumit saj\u00e1t kez\u0171leg n\u00e9h\u00e1ny perc alatt\",\"isPartOf\":{\"@id\":\"https:\/\/www.welovecycling.com\/hu\/#website\"},\"primaryImageOfPage\":{\"@id\":\"https:\/\/www.welovecycling.com\/hu\/edzes-es-eletmod\/defekt-van-panik-nincs-igy-cserelj-gumit-sajat-kezuleg-nehany-perc-alatt\/#primaryimage\"},\"image\":{\"@id\":\"https:\/\/www.welovecycling.com\/hu\/edzes-es-eletmod\/defekt-van-panik-nincs-igy-cserelj-gumit-sajat-kezuleg-nehany-perc-alatt\/#primaryimage\"},\"thumbnailUrl\":\"https:\/\/d2p6e6u75xmxt8.cloudfront.net\/12\/2022\/04\/tire-levers-0001-1626632153-scaled.jpg\",\"datePublished\":\"2022-04-17T06:00:41+00:00\",\"author\":{\"@id\":\"https:\/\/www.welovecycling.com\/hu\/#\/schema\/person\/414a2aebf1801691a5320edb6468e194\"},\"description\":\"N\u00e9h\u00e1ny hasznos kis eszk\u00f6zzel b\u00e1rki k\u00f6nnyed\u00e9n orvosolhatja az egyik leggyakoribb bring\u00e1s \u201ev\u00e9szhelyzetet\u201d, \u00e9s pillanatok alatt folytathatja is \u00fatj\u00e1t.\",\"breadcrumb\":{\"@id\":\"https:\/\/www.welovecycling.com\/hu\/edzes-es-eletmod\/defekt-van-panik-nincs-igy-cserelj-gumit-sajat-kezuleg-nehany-perc-alatt\/#breadcrumb\"},\"inLanguage\":\"hu\",\"potentialAction\":[{\"@type\":\"ReadAction\",\"target\":[\"https:\/\/www.welovecycling.com\/hu\/edzes-es-eletmod\/defekt-van-panik-nincs-igy-cserelj-gumit-sajat-kezuleg-nehany-perc-alatt\/\"]}]},{\"@type\":\"ImageObject\",\"inLanguage\":\"hu\",\"@id\":\"https:\/\/www.welovecycling.com\/hu\/edzes-es-eletmod\/defekt-van-panik-nincs-igy-cserelj-gumit-sajat-kezuleg-nehany-perc-alatt\/#primaryimage\",\"url\":\"https:\/\/d2p6e6u75xmxt8.cloudfront.net\/12\/2022\/04\/tire-levers-0001-1626632153-scaled.jpg\",\"contentUrl\":\"https:\/\/d2p6e6u75xmxt8.cloudfront.net\/12\/2022\/04\/tire-levers-0001-1626632153-scaled.jpg\",\"width\":2560,\"height\":1707},{\"@type\":\"BreadcrumbList\",\"@id\":\"https:\/\/www.welovecycling.com\/hu\/edzes-es-eletmod\/defekt-van-panik-nincs-igy-cserelj-gumit-sajat-kezuleg-nehany-perc-alatt\/#breadcrumb\",\"itemListElement\":[{\"@type\":\"ListItem\",\"position\":1,\"name\":\"Home\",\"item\":\"https:\/\/www.welovecycling.com\/hu\/\"},{\"@type\":\"ListItem\",\"position\":2,\"name\":\"Defekt van, p\u00e1nik nincs: \u00edgy cser\u00e9lj gumit saj\u00e1t kez\u0171leg n\u00e9h\u00e1ny perc alatt\"}]},{\"@type\":\"WebSite\",\"@id\":\"https:\/\/www.welovecycling.com\/hu\/#website\",\"url\":\"https:\/\/www.welovecycling.com\/hu\/\",\"name\":\"\u0160koda We Love Cycling - Magyarorsz\u00e1g\",\"description\":\"\u0160koda WeLoveCycling\",\"potentialAction\":[{\"@type\":\"SearchAction\",\"target\":{\"@type\":\"EntryPoint\",\"urlTemplate\":\"https:\/\/www.welovecycling.com\/hu\/?s={search_term_string}\"},\"query-input\":{\"@type\":\"PropertyValueSpecification\",\"valueRequired\":true,\"valueName\":\"search_term_string\"}}],\"inLanguage\":\"hu\"},{\"@type\":\"Person\",\"@id\":\"https:\/\/www.welovecycling.com\/hu\/#\/schema\/person\/414a2aebf1801691a5320edb6468e194\",\"name\":\"hegyizs\",\"image\":{\"@type\":\"ImageObject\",\"inLanguage\":\"hu\",\"@id\":\"https:\/\/www.welovecycling.com\/hu\/#\/schema\/person\/image\/\",\"url\":\"https:\/\/secure.gravatar.com\/avatar\/02cf8a7906b8cf90cecb4679defac7cfd33a1c2e3b88e4903d947f3bb58eedd3?s=96&d=mm&r=g\",\"contentUrl\":\"https:\/\/secure.gravatar.com\/avatar\/02cf8a7906b8cf90cecb4679defac7cfd33a1c2e3b88e4903d947f3bb58eedd3?s=96&d=mm&r=g\",\"caption\":\"hegyizs\"},\"url\":\"https:\/\/www.welovecycling.com\/hu\/author\/hegyizs\/\"}]}<\/script>\n<!-- \/ Yoast SEO Premium plugin. -->","yoast_head_json":{"title":"Defekt van, p\u00e1nik nincs: \u00edgy cser\u00e9lj gumit saj\u00e1t kez\u0171leg n\u00e9h\u00e1ny perc alatt","description":"N\u00e9h\u00e1ny hasznos kis eszk\u00f6zzel b\u00e1rki k\u00f6nnyed\u00e9n orvosolhatja az egyik leggyakoribb bring\u00e1s \u201ev\u00e9szhelyzetet\u201d, \u00e9s pillanatok alatt folytathatja is \u00fatj\u00e1t.","robots":{"index":"index","follow":"follow","max-snippet":"max-snippet:-1","max-image-preview":"max-image-preview:large","max-video-preview":"max-video-preview:-1"},"canonical":"https:\/\/www.welovecycling.com\/hu\/edzes-es-eletmod\/defekt-van-panik-nincs-igy-cserelj-gumit-sajat-kezuleg-nehany-perc-alatt\/","og_locale":"hu_HU","og_type":"article","og_title":"Defekt van, p\u00e1nik nincs: \u00edgy cser\u00e9lj gumit saj\u00e1t kez\u0171leg n\u00e9h\u00e1ny perc alatt","og_description":"N\u00e9h\u00e1ny hasznos kis eszk\u00f6zzel b\u00e1rki k\u00f6nnyed\u00e9n orvosolhatja az egyik leggyakoribb bring\u00e1s \u201ev\u00e9szhelyzetet\u201d, \u00e9s pillanatok alatt folytathatja is \u00fatj\u00e1t.","og_url":"https:\/\/www.welovecycling.com\/hu\/edzes-es-eletmod\/defekt-van-panik-nincs-igy-cserelj-gumit-sajat-kezuleg-nehany-perc-alatt\/","og_site_name":"\u0160koda We Love Cycling - Magyarorsz\u00e1g","article_publisher":"https:\/\/www.facebook.com\/WeLoveCyclingHungary\/","article_published_time":"2022-04-17T06:00:41+00:00","og_image":[{"width":2560,"height":1707,"url":"https:\/\/d2p6e6u75xmxt8.cloudfront.net\/12\/2022\/04\/tire-levers-0001-1626632153-scaled.jpg","type":"image\/jpeg"}],"author":"hegyizs","twitter_card":"summary_large_image","twitter_misc":{"Written by":"WLC","Est. reading time":"4 minutes"},"schema":{"@context":"https:\/\/schema.org","@graph":[{"@type":"WebPage","@id":"https:\/\/www.welovecycling.com\/hu\/edzes-es-eletmod\/defekt-van-panik-nincs-igy-cserelj-gumit-sajat-kezuleg-nehany-perc-alatt\/","url":"https:\/\/www.welovecycling.com\/hu\/edzes-es-eletmod\/defekt-van-panik-nincs-igy-cserelj-gumit-sajat-kezuleg-nehany-perc-alatt\/","name":"Defekt van, p\u00e1nik nincs: \u00edgy cser\u00e9lj gumit saj\u00e1t kez\u0171leg n\u00e9h\u00e1ny perc alatt","isPartOf":{"@id":"https:\/\/www.welovecycling.com\/hu\/#website"},"primaryImageOfPage":{"@id":"https:\/\/www.welovecycling.com\/hu\/edzes-es-eletmod\/defekt-van-panik-nincs-igy-cserelj-gumit-sajat-kezuleg-nehany-perc-alatt\/#primaryimage"},"image":{"@id":"https:\/\/www.welovecycling.com\/hu\/edzes-es-eletmod\/defekt-van-panik-nincs-igy-cserelj-gumit-sajat-kezuleg-nehany-perc-alatt\/#primaryimage"},"thumbnailUrl":"https:\/\/d2p6e6u75xmxt8.cloudfront.net\/12\/2022\/04\/tire-levers-0001-1626632153-scaled.jpg","datePublished":"2022-04-17T06:00:41+00:00","author":{"@id":"https:\/\/www.welovecycling.com\/hu\/#\/schema\/person\/414a2aebf1801691a5320edb6468e194"},"description":"N\u00e9h\u00e1ny hasznos kis eszk\u00f6zzel b\u00e1rki k\u00f6nnyed\u00e9n orvosolhatja az egyik leggyakoribb bring\u00e1s \u201ev\u00e9szhelyzetet\u201d, \u00e9s pillanatok alatt folytathatja is \u00fatj\u00e1t.","breadcrumb":{"@id":"https:\/\/www.welovecycling.com\/hu\/edzes-es-eletmod\/defekt-van-panik-nincs-igy-cserelj-gumit-sajat-kezuleg-nehany-perc-alatt\/#breadcrumb"},"inLanguage":"hu","potentialAction":[{"@type":"ReadAction","target":["https:\/\/www.welovecycling.com\/hu\/edzes-es-eletmod\/defekt-van-panik-nincs-igy-cserelj-gumit-sajat-kezuleg-nehany-perc-alatt\/"]}]},{"@type":"ImageObject","inLanguage":"hu","@id":"https:\/\/www.welovecycling.com\/hu\/edzes-es-eletmod\/defekt-van-panik-nincs-igy-cserelj-gumit-sajat-kezuleg-nehany-perc-alatt\/#primaryimage","url":"https:\/\/d2p6e6u75xmxt8.cloudfront.net\/12\/2022\/04\/tire-levers-0001-1626632153-scaled.jpg","contentUrl":"https:\/\/d2p6e6u75xmxt8.cloudfront.net\/12\/2022\/04\/tire-levers-0001-1626632153-scaled.jpg","width":2560,"height":1707},{"@type":"BreadcrumbList","@id":"https:\/\/www.welovecycling.com\/hu\/edzes-es-eletmod\/defekt-van-panik-nincs-igy-cserelj-gumit-sajat-kezuleg-nehany-perc-alatt\/#breadcrumb","itemListElement":[{"@type":"ListItem","position":1,"name":"Home","item":"https:\/\/www.welovecycling.com\/hu\/"},{"@type":"ListItem","position":2,"name":"Defekt van, p\u00e1nik nincs: \u00edgy cser\u00e9lj gumit saj\u00e1t kez\u0171leg n\u00e9h\u00e1ny perc alatt"}]},{"@type":"WebSite","@id":"https:\/\/www.welovecycling.com\/hu\/#website","url":"https:\/\/www.welovecycling.com\/hu\/","name":"\u0160koda We Love Cycling - Magyarorsz\u00e1g","description":"\u0160koda WeLoveCycling","potentialAction":[{"@type":"SearchAction","target":{"@type":"EntryPoint","urlTemplate":"https:\/\/www.welovecycling.com\/hu\/?s={search_term_string}"},"query-input":{"@type":"PropertyValueSpecification","valueRequired":true,"valueName":"search_term_string"}}],"inLanguage":"hu"},{"@type":"Person","@id":"https:\/\/www.welovecycling.com\/hu\/#\/schema\/person\/414a2aebf1801691a5320edb6468e194","name":"hegyizs","image":{"@type":"ImageObject","inLanguage":"hu","@id":"https:\/\/www.welovecycling.com\/hu\/#\/schema\/person\/image\/","url":"https:\/\/secure.gravatar.com\/avatar\/02cf8a7906b8cf90cecb4679defac7cfd33a1c2e3b88e4903d947f3bb58eedd3?s=96&d=mm&r=g","contentUrl":"https:\/\/secure.gravatar.com\/avatar\/02cf8a7906b8cf90cecb4679defac7cfd33a1c2e3b88e4903d947f3bb58eedd3?s=96&d=mm&r=g","caption":"hegyizs"},"url":"https:\/\/www.welovecycling.com\/hu\/author\/hegyizs\/"}]}},"_links":{"self":[{"href":"https:\/\/www.welovecycling.com\/hu\/wp-json\/wp\/v2\/posts\/14132","targetHints":{"allow":["GET"]}}],"collection":[{"href":"https:\/\/www.welovecycling.com\/hu\/wp-json\/wp\/v2\/posts"}],"about":[{"href":"https:\/\/www.welovecycling.com\/hu\/wp-json\/wp\/v2\/types\/post"}],"author":[{"embeddable":true,"href":"https:\/\/www.welovecycling.com\/hu\/wp-json\/wp\/v2\/users\/71"}],"replies":[{"embeddable":true,"href":"https:\/\/www.welovecycling.com\/hu\/wp-json\/wp\/v2\/comments?post=14132"}],"version-history":[{"count":2,"href":"https:\/\/www.welovecycling.com\/hu\/wp-json\/wp\/v2\/posts\/14132\/revisions"}],"predecessor-version":[{"id":14161,"href":"https:\/\/www.welovecycling.com\/hu\/wp-json\/wp\/v2\/posts\/14132\/revisions\/14161"}],"wp:featuredmedia":[{"embeddable":true,"href":"https:\/\/www.welovecycling.com\/hu\/wp-json\/wp\/v2\/media\/14135"}],"wp:attachment":[{"href":"https:\/\/www.welovecycling.com\/hu\/wp-json\/wp\/v2\/media?parent=14132"}],"wp:term":[{"taxonomy":"category","embeddable":true,"href":"https:\/\/www.welovecycling.com\/hu\/wp-json\/wp\/v2\/categories?post=14132"},{"taxonomy":"post_tag","embeddable":true,"href":"https:\/\/www.welovecycling.com\/hu\/wp-json\/wp\/v2\/tags?post=14132"},{"taxonomy":"global-categories","embeddable":true,"href":"https:\/\/www.welovecycling.com\/hu\/wp-json\/wp\/v2\/global-categories?post=14132"}],"curies":[{"name":"wp","href":"https:\/\/api.w.org\/{rel}","templated":true}]}}