{"id":14086,"date":"2022-04-15T08:00:54","date_gmt":"2022-04-15T06:00:54","guid":{"rendered":"https:\/\/www.welovecycling.com\/hu\/?p=14086"},"modified":"2022-04-08T15:52:45","modified_gmt":"2022-04-08T13:52:45","slug":"szellel-szemben-a-holland-idofutam-bajnoksag-tortenete","status":"publish","type":"post","link":"https:\/\/www.welovecycling.com\/hu\/orszaguti-kerekpar\/szellel-szemben-a-holland-idofutam-bajnoksag-tortenete\/","title":{"rendered":"Sz\u00e9llel szemben: a holland id\u0151futam-bajnoks\u00e1g t\u00f6rt\u00e9nete"},"content":{"rendered":"<p><strong>Hogy melyik a legbrut\u00e1lisabb verseny a ker\u00e9kp\u00e1rsportban? A Tour de France? A P\u00e1rizs-Roubaix? Tal\u00e1n a Race Across America? Nos, ha az egy kilom\u00e9terre jut\u00f3 brutalit\u00e1sr\u00f3l van sz\u00f3, akkor ne keress tov\u00e1bb, a nyertes egy\u00e9rtelm\u0171en a holland id\u0151futam-bajnoks\u00e1g. Ez az \u00e9vente, imm\u00e1r hetedik alkalommal megrendezett verseny egy 8,5 kilom\u00e9teres id\u0151futam, ami a d\u00e9l-hollandiai Oosterscheldekeringben, egy g\u00e1t ment\u00e9n zajlik. A p\u00e1lya nagyon egyszer\u0171 &#8211; egyenes vonal Eur\u00f3pa egyik leger\u0151sebb ellenszele ellen.<\/strong><\/p>\n<p><!--more--><\/p>\n<p>A versenyt Robrecht Stoekenbroek ind\u00edtotta \u00fatj\u00e1ra 2013-ban, \u00e9s az\u00f3ta \u00e9vr\u0151l \u00e9vre egyre n\u00e9pszer\u0171bb\u00e9 v\u00e1lik, az Eneco \u00e9s a Gazelle szponzorokat is megnyerte. De ne gondold, hogy ez a verseny csak egy vicc &#8211; nagyon is komoly. A n\u00e9z\u0151k vihar\u00e1ll\u00f3 \u00fcl\u00e9seivel \u00e9s egy kijel\u00f6lt h\u00e1ny\u00e1si z\u00f3n\u00e1val egy\u00fctt ez a verseny az \u00e9v el\u0151re jelzett &#8220;legrosszabb id\u0151j\u00e1r\u00e1si napj\u00e1n&#8221; ker\u00fcl megrendez\u00e9sre, ami azt jelenti, hogy a versenyz\u0151knek nagyon r\u00f6vid id\u0151n bel\u00fcl &#8211; h\u00e1rom nappal a k\u00f6zelg\u0151 vihar el\u0151tt &#8211; k\u00e9szen kell \u00e1llniuk a versenyre.<\/p>\n<p>Id\u00e9n a versenyre k\u00f6zvetlen\u00fcl az Eur\u00f3p\u00e1n v\u00e9gigs\u00f6pr\u0151 Eunice vihar el\u0151tt ker\u00fclt sor, \u00e9s a k\u00f6r\u00fclm\u00e9nyek nem voltak kev\u00e9sb\u00e9 brut\u00e1lisak, mint kor\u00e1bban. A sz\u00e9ler\u0151ss\u00e9get 10-b\u0151l 7-re \u00e9rt\u00e9kelt\u00e9k (s\u00e1rga k\u00f3d) &#8211; egy ponttal alacsonyabbra, mint a 2020-as versenyen, amit a vesz\u00e9lyes k\u00f6r\u00fclm\u00e9nyek miatt fel kellett f\u00fcggeszteni. A versenyz\u0151knek bizony nem csak egy ny\u00e1ri szell\u0151vel kellett szemben\u00e9zni\u00fck!<\/p>\n<div class=\"embed-controller-wrapper\">\n<blockquote class=\"twitter-tweet\" data-width=\"500\" data-dnt=\"true\">\n<p lang=\"nl\" dir=\"ltr\">Check hier de aftermats van de bruutste editie van het <a href=\"https:\/\/twitter.com\/Eneco?ref_src=twsrc%5Etfw\">@Eneco<\/a> NK Tegenwindfietsen ooit! \ud83c\udf27\ud83d\udca8\ud83d\udeb4\ud83c\udffc\u200d\u2642\ufe0f\ud83d\ude31<a href=\"https:\/\/twitter.com\/hashtag\/nktegenwindfietsen?src=hash&amp;ref_src=twsrc%5Etfw\">#nktegenwindfietsen<\/a> <a href=\"https:\/\/twitter.com\/hashtag\/matseditie?src=hash&amp;ref_src=twsrc%5Etfw\">#matseditie<\/a> <a href=\"https:\/\/t.co\/IAR5EPtLmx\">pic.twitter.com\/IAR5EPtLmx<\/a><\/p>\n<p>&mdash; NK Tegenwindfietsen (@NKTegenwind) <a href=\"https:\/\/twitter.com\/NKTegenwind\/status\/1490628812501139461?ref_src=twsrc%5Etfw\">February 7, 2022<\/a><\/p><\/blockquote>\n<p><script async data-src=\"https:\/\/platform.twitter.com\/widgets.js\" charset=\"utf-8\"><\/script><\/div>\n<p>Norm\u00e1lis esetben egy id\u0151futamban a ker\u00e9kp\u00e1rosok az aerodinamik\u00e1t haszn\u00e1lj\u00e1k ki, \u00e9s egy sz\u00e9lcsatorn\u00e1ban csiszolj\u00e1k a tud\u00e1sukat, hogy megtal\u00e1lj\u00e1k a t\u00f6k\u00e9letes poz\u00edci\u00f3t arra, hogy a lehet\u0151 leghat\u00e9konyabban v\u00e1gj\u00e1k \u00e1t a leveg\u0151t. Na, ez a holland verseny a sz\u00e9lcsatorna. A szervez\u0151k minden versenyz\u0151nek egy azonos felszerelts\u00e9g\u0171 biciklit adnak, egy egysebess\u00e9ges, alum\u00ednium Gazelle v\u00e1rosi ker\u00e9kp\u00e1rt, amihez ugyan tartozik f\u00e9k, de mondhatjuk, hogy erre senkinek sincs sz\u00fcks\u00e9ge.<\/p>\n<p>A h\u00e1romnapos el\u0151zetes bejelent\u00e9s ellen\u00e9re a versenyt \u00e9vente 300 versenyz\u0151re korl\u00e1tozz\u00e1k, akik 30 m\u00e1sodperces id\u0151k\u00f6z\u00f6nk\u00e9nt indulnak. A &#8220;leggyorsabb&#8221; id\u0151t 2013-ban, az els\u0151 versenyen Bart Brentjens \u00e9rte el. Az \u0151 17 perc 51 m\u00e1sodperces ideje azonban relat\u00edv, mivel ezen a versenyen nem az id\u0151, hanem a sz\u00e9lsebess\u00e9g a m\u00e9rvad\u00f3. A g\u00e1tnak ezen a kitett szakasz\u00e1n a sz\u00e9l sebess\u00e9ge el\u00e9rheti a 120 kilom\u00e9ter per \u00f3r\u00e1t. A biciklisek sz\u00e1m\u00e1ra ez azt jelenti, hogy mindent bele kell adniuk ahhoz, hogy b\u00e1rhova is eljussanak. Az idei versenyen, amit Jurjun van der Velde 20 perc 23 m\u00e1sodperces id\u0151vel nyert meg, a 8,5 kilom\u00e9teres p\u00e1ly\u00e1n \u00e1tlagosan 25,21 km\/\u00f3r\u00e1s sebess\u00e9get \u00e9rt el. Ha figyelembe vessz\u00fck, hogy ez egy v\u00e1rosi ker\u00e9kp\u00e1rral t\u00f6rt\u00e9nik, \u00e9s a sz\u00e9l az eg\u00e9sz \u00fat alatt szinte marja az embert, akkor ez egy elk\u00e9peszt\u0151 id\u0151.<\/p>\n<p>A n\u0151i versenyen Lisa Scheenaard-ot lehet ennek a nagyon hi\u00e1nyp\u00f3tl\u00f3 szak\u00e1g Marianne Vos-j\u00e1nak tekinteni, aki az elm\u00falt h\u00e1rom versenyt megnyerte. Az idei versenyen is verhetetlen, k\u00f6zel 5 perces el\u0151nnyel nyert.<\/p>\n<p>De mi\u00e9rt is csin\u00e1lj\u00e1k ezt? Mi\u00e9rt teszik ki magukat egy nagyj\u00e1b\u00f3l 30 perces k\u00ednz\u00e1snak? Stoekenbroek a k\u00f6vetkez\u0151ket mondta a THEN24-nek: <em>&#8220;Az idei verseny h\u00e1rom \u00f3r\u00e1n bel\u00fcl betelt. Azt hiszem, ez egyfajta ter\u00e1pia Hollandia sz\u00e1m\u00e1ra a k\u00e9t koron\u00e1s \u00e9v ut\u00e1n&#8221;.<\/em><\/p>\n<p>Ez egyfajta menek\u00fcl\u00e9s, ahol 30 percen kereszt\u00fcl csak te vagy a sz\u00e9l ellen, ahol semmi m\u00e1s nem sz\u00e1m\u00edt, harcolsz az elemekkel, hogy kider\u00fclj\u00f6n, ki az er\u0151sebb. Tal\u00e1n nincs is jobb hely erre, mint Hollandia.<\/p>\n<p>Ha t\u00f6bbet szeretn\u00e9l megtudni a versenyr\u0151l, k\u00f6vesd \u0151ket a Twitteren, ha pedig 2023-ban r\u00e9szt akarsz venni rajta, akkor gyorsnak kell lenned \u00e9s k\u00f6zel Hollandi\u00e1hoz! Kem\u00e9ny lesz, de biztosan nem fogod megb\u00e1nni.<\/p>\n","protected":false},"excerpt":{"rendered":"<p>Hogy melyik a legbrut\u00e1lisabb verseny a ker\u00e9kp\u00e1rsportban? A Tour de France? A P\u00e1rizs-Roubaix? Tal\u00e1n a Race Across America? Nos, ha [&hellip;]<\/p>\n","protected":false},"author":71,"featured_media":14088,"comment_status":"open","ping_status":"open","sticky":false,"template":"","format":"standard","meta":{"footnotes":""},"categories":[8],"tags":[],"global-categories":[],"class_list":["post-14086","post","type-post","status-publish","format-standard","has-post-thumbnail","hentry","category-orszaguti-kerekpar"],"yoast_head":"<!-- This site is optimized with the Yoast SEO Premium plugin v25.3 (Yoast SEO v25.9) - https:\/\/yoast.com\/wordpress\/plugins\/seo\/ -->\n<title>Sz\u00e9llel szemben: a holland id\u0151futam-bajnoks\u00e1g t\u00f6rt\u00e9nete<\/title>\n<meta name=\"description\" content=\"Hogy melyik a legbrut\u00e1lisabb verseny a ker\u00e9kp\u00e1rsportban? A Tour de France? A P\u00e1rizs-Roubaix? Tal\u00e1n a Race Across America? Nos, ha az egy kilom\u00e9terre jut\u00f3 brutalit\u00e1sr\u00f3l van sz\u00f3, akkor ne keress tov\u00e1bb, a nyertes egy\u00e9rtelm\u0171en a holland id\u0151futam-bajnoks\u00e1g.\" \/>\n<meta name=\"robots\" content=\"index, follow, max-snippet:-1, max-image-preview:large, max-video-preview:-1\" \/>\n<link rel=\"canonical\" href=\"https:\/\/www.welovecycling.com\/hu\/orszaguti-kerekpar\/szellel-szemben-a-holland-idofutam-bajnoksag-tortenete\/\" \/>\n<meta property=\"og:locale\" content=\"hu_HU\" \/>\n<meta property=\"og:type\" content=\"article\" \/>\n<meta property=\"og:title\" content=\"Sz\u00e9llel szemben: a holland id\u0151futam-bajnoks\u00e1g t\u00f6rt\u00e9nete\" \/>\n<meta property=\"og:description\" content=\"Hogy melyik a legbrut\u00e1lisabb verseny a ker\u00e9kp\u00e1rsportban? A Tour de France? A P\u00e1rizs-Roubaix? Tal\u00e1n a Race Across America? Nos, ha az egy kilom\u00e9terre jut\u00f3 brutalit\u00e1sr\u00f3l van sz\u00f3, akkor ne keress tov\u00e1bb, a nyertes egy\u00e9rtelm\u0171en a holland id\u0151futam-bajnoks\u00e1g.\" \/>\n<meta property=\"og:url\" content=\"https:\/\/www.welovecycling.com\/hu\/orszaguti-kerekpar\/szellel-szemben-a-holland-idofutam-bajnoksag-tortenete\/\" \/>\n<meta property=\"og:site_name\" content=\"\u0160koda We Love Cycling - Magyarorsz\u00e1g\" \/>\n<meta property=\"article:publisher\" content=\"https:\/\/www.facebook.com\/WeLoveCyclingHungary\/\" \/>\n<meta property=\"article:published_time\" content=\"2022-04-15T06:00:54+00:00\" \/>\n<meta property=\"og:image\" content=\"https:\/\/d2p6e6u75xmxt8.cloudfront.net\/12\/2022\/04\/Headwind-cycling-championships-profimedia-0659899433-CVR.jpg\" \/>\n\t<meta property=\"og:image:width\" content=\"1366\" \/>\n\t<meta property=\"og:image:height\" content=\"600\" \/>\n\t<meta property=\"og:image:type\" content=\"image\/jpeg\" \/>\n<meta name=\"author\" content=\"hegyizs\" \/>\n<meta name=\"twitter:card\" content=\"summary_large_image\" \/>\n<meta name=\"twitter:label1\" content=\"Written by\" \/>\n\t<meta name=\"twitter:data1\" content=\"Joshua Donaldson\" \/>\n\t<meta name=\"twitter:label2\" content=\"Est. reading time\" \/>\n\t<meta name=\"twitter:data2\" content=\"5\" \/>\n<script type=\"application\/ld+json\" class=\"yoast-schema-graph\">{\"@context\":\"https:\/\/schema.org\",\"@graph\":[{\"@type\":\"WebPage\",\"@id\":\"https:\/\/www.welovecycling.com\/hu\/orszaguti-kerekpar\/szellel-szemben-a-holland-idofutam-bajnoksag-tortenete\/\",\"url\":\"https:\/\/www.welovecycling.com\/hu\/orszaguti-kerekpar\/szellel-szemben-a-holland-idofutam-bajnoksag-tortenete\/\",\"name\":\"Sz\u00e9llel szemben: a holland id\u0151futam-bajnoks\u00e1g t\u00f6rt\u00e9nete\",\"isPartOf\":{\"@id\":\"https:\/\/www.welovecycling.com\/hu\/#website\"},\"primaryImageOfPage\":{\"@id\":\"https:\/\/www.welovecycling.com\/hu\/orszaguti-kerekpar\/szellel-szemben-a-holland-idofutam-bajnoksag-tortenete\/#primaryimage\"},\"image\":{\"@id\":\"https:\/\/www.welovecycling.com\/hu\/orszaguti-kerekpar\/szellel-szemben-a-holland-idofutam-bajnoksag-tortenete\/#primaryimage\"},\"thumbnailUrl\":\"https:\/\/d2p6e6u75xmxt8.cloudfront.net\/12\/2022\/04\/Headwind-cycling-championships-profimedia-0659899433-CVR.jpg\",\"datePublished\":\"2022-04-15T06:00:54+00:00\",\"author\":{\"@id\":\"https:\/\/www.welovecycling.com\/hu\/#\/schema\/person\/414a2aebf1801691a5320edb6468e194\"},\"description\":\"Hogy melyik a legbrut\u00e1lisabb verseny a ker\u00e9kp\u00e1rsportban? A Tour de France? A P\u00e1rizs-Roubaix? Tal\u00e1n a Race Across America? Nos, ha az egy kilom\u00e9terre jut\u00f3 brutalit\u00e1sr\u00f3l van sz\u00f3, akkor ne keress tov\u00e1bb, a nyertes egy\u00e9rtelm\u0171en a holland id\u0151futam-bajnoks\u00e1g.\",\"breadcrumb\":{\"@id\":\"https:\/\/www.welovecycling.com\/hu\/orszaguti-kerekpar\/szellel-szemben-a-holland-idofutam-bajnoksag-tortenete\/#breadcrumb\"},\"inLanguage\":\"hu\",\"potentialAction\":[{\"@type\":\"ReadAction\",\"target\":[\"https:\/\/www.welovecycling.com\/hu\/orszaguti-kerekpar\/szellel-szemben-a-holland-idofutam-bajnoksag-tortenete\/\"]}]},{\"@type\":\"ImageObject\",\"inLanguage\":\"hu\",\"@id\":\"https:\/\/www.welovecycling.com\/hu\/orszaguti-kerekpar\/szellel-szemben-a-holland-idofutam-bajnoksag-tortenete\/#primaryimage\",\"url\":\"https:\/\/d2p6e6u75xmxt8.cloudfront.net\/12\/2022\/04\/Headwind-cycling-championships-profimedia-0659899433-CVR.jpg\",\"contentUrl\":\"https:\/\/d2p6e6u75xmxt8.cloudfront.net\/12\/2022\/04\/Headwind-cycling-championships-profimedia-0659899433-CVR.jpg\",\"width\":1366,\"height\":600,\"caption\":\"Dutch Headwind Championships\"},{\"@type\":\"BreadcrumbList\",\"@id\":\"https:\/\/www.welovecycling.com\/hu\/orszaguti-kerekpar\/szellel-szemben-a-holland-idofutam-bajnoksag-tortenete\/#breadcrumb\",\"itemListElement\":[{\"@type\":\"ListItem\",\"position\":1,\"name\":\"Home\",\"item\":\"https:\/\/www.welovecycling.com\/hu\/\"},{\"@type\":\"ListItem\",\"position\":2,\"name\":\"Sz\u00e9llel szemben: a holland id\u0151futam-bajnoks\u00e1g t\u00f6rt\u00e9nete\"}]},{\"@type\":\"WebSite\",\"@id\":\"https:\/\/www.welovecycling.com\/hu\/#website\",\"url\":\"https:\/\/www.welovecycling.com\/hu\/\",\"name\":\"\u0160koda We Love Cycling - Magyarorsz\u00e1g\",\"description\":\"\u0160koda WeLoveCycling\",\"potentialAction\":[{\"@type\":\"SearchAction\",\"target\":{\"@type\":\"EntryPoint\",\"urlTemplate\":\"https:\/\/www.welovecycling.com\/hu\/?s={search_term_string}\"},\"query-input\":{\"@type\":\"PropertyValueSpecification\",\"valueRequired\":true,\"valueName\":\"search_term_string\"}}],\"inLanguage\":\"hu\"},{\"@type\":\"Person\",\"@id\":\"https:\/\/www.welovecycling.com\/hu\/#\/schema\/person\/414a2aebf1801691a5320edb6468e194\",\"name\":\"hegyizs\",\"image\":{\"@type\":\"ImageObject\",\"inLanguage\":\"hu\",\"@id\":\"https:\/\/www.welovecycling.com\/hu\/#\/schema\/person\/image\/\",\"url\":\"https:\/\/secure.gravatar.com\/avatar\/02cf8a7906b8cf90cecb4679defac7cfd33a1c2e3b88e4903d947f3bb58eedd3?s=96&d=mm&r=g\",\"contentUrl\":\"https:\/\/secure.gravatar.com\/avatar\/02cf8a7906b8cf90cecb4679defac7cfd33a1c2e3b88e4903d947f3bb58eedd3?s=96&d=mm&r=g\",\"caption\":\"hegyizs\"},\"url\":\"https:\/\/www.welovecycling.com\/hu\/author\/hegyizs\/\"}]}<\/script>\n<!-- \/ Yoast SEO Premium plugin. -->","yoast_head_json":{"title":"Sz\u00e9llel szemben: a holland id\u0151futam-bajnoks\u00e1g t\u00f6rt\u00e9nete","description":"Hogy melyik a legbrut\u00e1lisabb verseny a ker\u00e9kp\u00e1rsportban? A Tour de France? A P\u00e1rizs-Roubaix? Tal\u00e1n a Race Across America? Nos, ha az egy kilom\u00e9terre jut\u00f3 brutalit\u00e1sr\u00f3l van sz\u00f3, akkor ne keress tov\u00e1bb, a nyertes egy\u00e9rtelm\u0171en a holland id\u0151futam-bajnoks\u00e1g.","robots":{"index":"index","follow":"follow","max-snippet":"max-snippet:-1","max-image-preview":"max-image-preview:large","max-video-preview":"max-video-preview:-1"},"canonical":"https:\/\/www.welovecycling.com\/hu\/orszaguti-kerekpar\/szellel-szemben-a-holland-idofutam-bajnoksag-tortenete\/","og_locale":"hu_HU","og_type":"article","og_title":"Sz\u00e9llel szemben: a holland id\u0151futam-bajnoks\u00e1g t\u00f6rt\u00e9nete","og_description":"Hogy melyik a legbrut\u00e1lisabb verseny a ker\u00e9kp\u00e1rsportban? A Tour de France? A P\u00e1rizs-Roubaix? Tal\u00e1n a Race Across America? Nos, ha az egy kilom\u00e9terre jut\u00f3 brutalit\u00e1sr\u00f3l van sz\u00f3, akkor ne keress tov\u00e1bb, a nyertes egy\u00e9rtelm\u0171en a holland id\u0151futam-bajnoks\u00e1g.","og_url":"https:\/\/www.welovecycling.com\/hu\/orszaguti-kerekpar\/szellel-szemben-a-holland-idofutam-bajnoksag-tortenete\/","og_site_name":"\u0160koda We Love Cycling - Magyarorsz\u00e1g","article_publisher":"https:\/\/www.facebook.com\/WeLoveCyclingHungary\/","article_published_time":"2022-04-15T06:00:54+00:00","og_image":[{"width":1366,"height":600,"url":"https:\/\/d2p6e6u75xmxt8.cloudfront.net\/12\/2022\/04\/Headwind-cycling-championships-profimedia-0659899433-CVR.jpg","type":"image\/jpeg"}],"author":"hegyizs","twitter_card":"summary_large_image","twitter_misc":{"Written by":"Joshua Donaldson","Est. reading time":"5"},"schema":{"@context":"https:\/\/schema.org","@graph":[{"@type":"WebPage","@id":"https:\/\/www.welovecycling.com\/hu\/orszaguti-kerekpar\/szellel-szemben-a-holland-idofutam-bajnoksag-tortenete\/","url":"https:\/\/www.welovecycling.com\/hu\/orszaguti-kerekpar\/szellel-szemben-a-holland-idofutam-bajnoksag-tortenete\/","name":"Sz\u00e9llel szemben: a holland id\u0151futam-bajnoks\u00e1g t\u00f6rt\u00e9nete","isPartOf":{"@id":"https:\/\/www.welovecycling.com\/hu\/#website"},"primaryImageOfPage":{"@id":"https:\/\/www.welovecycling.com\/hu\/orszaguti-kerekpar\/szellel-szemben-a-holland-idofutam-bajnoksag-tortenete\/#primaryimage"},"image":{"@id":"https:\/\/www.welovecycling.com\/hu\/orszaguti-kerekpar\/szellel-szemben-a-holland-idofutam-bajnoksag-tortenete\/#primaryimage"},"thumbnailUrl":"https:\/\/d2p6e6u75xmxt8.cloudfront.net\/12\/2022\/04\/Headwind-cycling-championships-profimedia-0659899433-CVR.jpg","datePublished":"2022-04-15T06:00:54+00:00","author":{"@id":"https:\/\/www.welovecycling.com\/hu\/#\/schema\/person\/414a2aebf1801691a5320edb6468e194"},"description":"Hogy melyik a legbrut\u00e1lisabb verseny a ker\u00e9kp\u00e1rsportban? A Tour de France? A P\u00e1rizs-Roubaix? Tal\u00e1n a Race Across America? Nos, ha az egy kilom\u00e9terre jut\u00f3 brutalit\u00e1sr\u00f3l van sz\u00f3, akkor ne keress tov\u00e1bb, a nyertes egy\u00e9rtelm\u0171en a holland id\u0151futam-bajnoks\u00e1g.","breadcrumb":{"@id":"https:\/\/www.welovecycling.com\/hu\/orszaguti-kerekpar\/szellel-szemben-a-holland-idofutam-bajnoksag-tortenete\/#breadcrumb"},"inLanguage":"hu","potentialAction":[{"@type":"ReadAction","target":["https:\/\/www.welovecycling.com\/hu\/orszaguti-kerekpar\/szellel-szemben-a-holland-idofutam-bajnoksag-tortenete\/"]}]},{"@type":"ImageObject","inLanguage":"hu","@id":"https:\/\/www.welovecycling.com\/hu\/orszaguti-kerekpar\/szellel-szemben-a-holland-idofutam-bajnoksag-tortenete\/#primaryimage","url":"https:\/\/d2p6e6u75xmxt8.cloudfront.net\/12\/2022\/04\/Headwind-cycling-championships-profimedia-0659899433-CVR.jpg","contentUrl":"https:\/\/d2p6e6u75xmxt8.cloudfront.net\/12\/2022\/04\/Headwind-cycling-championships-profimedia-0659899433-CVR.jpg","width":1366,"height":600,"caption":"Dutch Headwind Championships"},{"@type":"BreadcrumbList","@id":"https:\/\/www.welovecycling.com\/hu\/orszaguti-kerekpar\/szellel-szemben-a-holland-idofutam-bajnoksag-tortenete\/#breadcrumb","itemListElement":[{"@type":"ListItem","position":1,"name":"Home","item":"https:\/\/www.welovecycling.com\/hu\/"},{"@type":"ListItem","position":2,"name":"Sz\u00e9llel szemben: a holland id\u0151futam-bajnoks\u00e1g t\u00f6rt\u00e9nete"}]},{"@type":"WebSite","@id":"https:\/\/www.welovecycling.com\/hu\/#website","url":"https:\/\/www.welovecycling.com\/hu\/","name":"\u0160koda We Love Cycling - Magyarorsz\u00e1g","description":"\u0160koda WeLoveCycling","potentialAction":[{"@type":"SearchAction","target":{"@type":"EntryPoint","urlTemplate":"https:\/\/www.welovecycling.com\/hu\/?s={search_term_string}"},"query-input":{"@type":"PropertyValueSpecification","valueRequired":true,"valueName":"search_term_string"}}],"inLanguage":"hu"},{"@type":"Person","@id":"https:\/\/www.welovecycling.com\/hu\/#\/schema\/person\/414a2aebf1801691a5320edb6468e194","name":"hegyizs","image":{"@type":"ImageObject","inLanguage":"hu","@id":"https:\/\/www.welovecycling.com\/hu\/#\/schema\/person\/image\/","url":"https:\/\/secure.gravatar.com\/avatar\/02cf8a7906b8cf90cecb4679defac7cfd33a1c2e3b88e4903d947f3bb58eedd3?s=96&d=mm&r=g","contentUrl":"https:\/\/secure.gravatar.com\/avatar\/02cf8a7906b8cf90cecb4679defac7cfd33a1c2e3b88e4903d947f3bb58eedd3?s=96&d=mm&r=g","caption":"hegyizs"},"url":"https:\/\/www.welovecycling.com\/hu\/author\/hegyizs\/"}]}},"_links":{"self":[{"href":"https:\/\/www.welovecycling.com\/hu\/wp-json\/wp\/v2\/posts\/14086","targetHints":{"allow":["GET"]}}],"collection":[{"href":"https:\/\/www.welovecycling.com\/hu\/wp-json\/wp\/v2\/posts"}],"about":[{"href":"https:\/\/www.welovecycling.com\/hu\/wp-json\/wp\/v2\/types\/post"}],"author":[{"embeddable":true,"href":"https:\/\/www.welovecycling.com\/hu\/wp-json\/wp\/v2\/users\/71"}],"replies":[{"embeddable":true,"href":"https:\/\/www.welovecycling.com\/hu\/wp-json\/wp\/v2\/comments?post=14086"}],"version-history":[{"count":1,"href":"https:\/\/www.welovecycling.com\/hu\/wp-json\/wp\/v2\/posts\/14086\/revisions"}],"predecessor-version":[{"id":14089,"href":"https:\/\/www.welovecycling.com\/hu\/wp-json\/wp\/v2\/posts\/14086\/revisions\/14089"}],"wp:featuredmedia":[{"embeddable":true,"href":"https:\/\/www.welovecycling.com\/hu\/wp-json\/wp\/v2\/media\/14088"}],"wp:attachment":[{"href":"https:\/\/www.welovecycling.com\/hu\/wp-json\/wp\/v2\/media?parent=14086"}],"wp:term":[{"taxonomy":"category","embeddable":true,"href":"https:\/\/www.welovecycling.com\/hu\/wp-json\/wp\/v2\/categories?post=14086"},{"taxonomy":"post_tag","embeddable":true,"href":"https:\/\/www.welovecycling.com\/hu\/wp-json\/wp\/v2\/tags?post=14086"},{"taxonomy":"global-categories","embeddable":true,"href":"https:\/\/www.welovecycling.com\/hu\/wp-json\/wp\/v2\/global-categories?post=14086"}],"curies":[{"name":"wp","href":"https:\/\/api.w.org\/{rel}","templated":true}]}}