{"id":14081,"date":"2022-04-11T08:00:25","date_gmt":"2022-04-11T06:00:25","guid":{"rendered":"https:\/\/www.welovecycling.com\/hu\/?p=14081"},"modified":"2022-04-11T09:35:18","modified_gmt":"2022-04-11T07:35:18","slug":"sagan-egeszsegugyi-problemak-miatt-nem-indult-a-flandriai-korversenyen-es-feladta-a-circuit-de-la-sarthe-ot-is","status":"publish","type":"post","link":"https:\/\/www.welovecycling.com\/hu\/orszaguti-kerekpar\/sagan-egeszsegugyi-problemak-miatt-nem-indult-a-flandriai-korversenyen-es-feladta-a-circuit-de-la-sarthe-ot-is\/","title":{"rendered":"Sagan eg\u00e9szs\u00e9g\u00fcgyi probl\u00e9m\u00e1k miatt nem indult a Flandriai k\u00f6rversenyen, \u00e9s feladta a Circuit de la Sarthe-ot is"},"content":{"rendered":"<p><strong>A h\u00e9tszeres Tour de France z\u00f6ldtrik\u00f3-nyertes Peter Sagan eg\u00e9szs\u00e9g\u00fcgyi probl\u00e9m\u00e1k miatt visszal\u00e9pett a Flandriai k\u00f6rversenyt\u0151l &#8211; \u00edrta a L&#8217;\u00c9quipe nev\u0171 francia sport hetilap.<\/strong><\/p>\n<p><!--more--><\/p>\n<p>A TotalEnergies csapat\u00e1nak egyik munkat\u00e1rsa elmondta, hogy a h\u00e1romszoros orsz\u00e1g\u00fati vil\u00e1gbajnokot vizsg\u00e1latoknak vetik al\u00e1, hogy meg\u00e1llap\u00edts\u00e1k fizikai probl\u00e9m\u00e1inak ok\u00e1t \u00e9s a &#8220;m\u00e9reganyagok megjelen\u00e9s\u00e9t 200 kilom\u00e9ternyi teker\u00e9s ut\u00e1n&#8221;. Sagan k\u00e9ptelen lett volna seg\u00edteni csapatt\u00e1rs\u00e1t, Anthony Turgis-t a 272 kilom\u00e9teres versenyen. Ez volt az oka annak is, hogy a 32 \u00e9ves szlov\u00e1k versenyz\u0151t a Gent-Wevelgem versenyen az utols\u00f3 emelked\u0151 el\u0151tt kiejtett\u00e9k a versenyb\u0151l.<\/p>\n<figure id=\"attachment_14082\" aria-describedby=\"caption-attachment-14082\" style=\"width: 1000px\" class=\"wp-caption alignnone\"><a href=\"https:\/\/d2p6e6u75xmxt8.cloudfront.net\/12\/2022\/04\/Peter-Sagan-profimedia-0673041213.jpg\"><img loading=\"lazy\" decoding=\"async\" class=\"size-full wp-image-14082\" src=\"https:\/\/d2p6e6u75xmxt8.cloudfront.net\/12\/2022\/04\/Peter-Sagan-profimedia-0673041213.jpg\" alt=\"Peter Sagan\" width=\"1000\" height=\"666\" srcset=\"https:\/\/d2p6e6u75xmxt8.cloudfront.net\/12\/2022\/04\/Peter-Sagan-profimedia-0673041213.jpg 1000w, https:\/\/d2p6e6u75xmxt8.cloudfront.net\/12\/2022\/04\/Peter-Sagan-profimedia-0673041213-300x200.jpg 300w, https:\/\/d2p6e6u75xmxt8.cloudfront.net\/12\/2022\/04\/Peter-Sagan-profimedia-0673041213-768x511.jpg 768w, https:\/\/d2p6e6u75xmxt8.cloudfront.net\/12\/2022\/04\/Peter-Sagan-profimedia-0673041213-272x182.jpg 272w\" sizes=\"auto, (max-width: 1000px) 100vw, 1000px\" \/><\/a><figcaption id=\"caption-attachment-14082\" class=\"wp-caption-text\"><em>Sagan a m\u00e1rciusi &#8216;E3 Saxo Bank Classic&#8217; versenyen. \u00a9 Profimedia<\/em><\/figcaption><\/figure>\n<p>Sagant a Flandriai k\u00f6rversenyen francia csapatt\u00e1rsa, Geoffrey Soupe helyettes\u00edtette. Helyette Sagan a kev\u00e9sb\u00e9 n\u00e9pszer\u0171 Tour de Sarthe-ra, az \u00e1prilis 5-8. k\u00f6z\u00f6tt megrendez\u00e9sre ker\u00fcl\u0151 n\u00e9gyszakaszos versenyre volt hivatalos, azonban ezt a versenyt sem tudta teljes\u00edteni a l\u00e1b\u00e1ban jelentkez\u0151 f\u00e1jdalom miatt. Sagan h\u00e1ta m\u00f6g\u00f6tt egy neh\u00e9z \u00e9v \u00e1ll. Azzal kezd\u0151d\u00f6tt, hogy janu\u00e1rban m\u00e1sodszor is elkapta a koronav\u00edrust, ami miatt nem tudott id\u0151ben elkezdeni edzeni. Ezut\u00e1n a Mil\u00e1n\u00f3-San Remo versenyen a v\u00e1lt\u00f3j\u00e1val akadt gondja, \u00e9s a 92. helyen v\u00e9gzett, majd az E3 Saxo Bank Classic-on k\u00fczd\u00f6tt, ahol 68. helyen \u00e9rt c\u00e9lba.<\/p>\n<p>Az idei szezonban a legjobb eredm\u00e9nye a negyedik hely volt a Tirreno-Adriatico m\u00e1sodik szakasz\u00e1n, de a k\u00f6vetkez\u0151 szakasz el\u0151tt ki kellett sz\u00e1llnia a versenyb\u0151l, miut\u00e1n gyomorront\u00e1s miatt megbetegedett. A Milano-Torino versenyen azonban \u00f6t\u00f6dik lett, amit Mark Cavendish (Quick-Step Alpha Vinyl) nyert meg. Jelz\u00e9s\u00e9rt\u00e9k\u0171, hogy ez a verseny mind\u00f6ssze 199 km-en kereszt\u00fcl zajlott. Fizikai probl\u00e9m\u00e1i mellett Sagan nemtetsz\u00e9s\u00e9t fejezte ki a profi Tour jelenlegi versenyz\u0151i viselked\u00e9s\u00e9vel kapcsolatban is, a mai profi mez\u0151nyt &#8220;tot\u00e1lis anarchi\u00e1nak&#8221; nevezve.<\/p>\n<p>A Het Nieuwsblad nev\u0171 belga napilapnak adott interj\u00faj\u00e1ban Sagan arra panaszkodott, hogy a versenyz\u0151k m\u00e1r nem h\u00faz\u00f3dnak ki a mez\u0151nyb\u0151l, hogy k\u00e9nyelmi sz\u00fcnetet tartsanak, m\u00e9g akkor sem, ha nincs akci\u00f3. <em>&#8220;A pisisz\u00fcnet egyszer\u0171en m\u00e1r nem l\u00e9tezik<\/em>&#8221; &#8211; mondta Sagan. <em>&#8220;A Haut Varban \u00fajra ezt l\u00e1ttam. R\u00e9gebben volt fix id\u0151, amikor meg\u00e1lltunk egy\u00fctt pisilni&#8230; Meg\u00e9rtem, ha mondjuk a Flandriai k\u00f6rverseny vagy a P\u00e1rizs-Roubaix d\u00f6nt\u0151j\u00e9ben tekersz. De a verseny holtpontj\u00e1n? Nem vesz\u00edtesz semmit azzal, ha meg\u00e1llsz egy kis id\u0151re.&#8221;<\/em><\/p>\n<p>Sagan azzal folytatta, hogy a versenyz\u0151k m\u00e1r nem lass\u00edtanak, hogy a verseny vezet\u0151j\u00e9nek pisi sz\u00fcnetet enged\u00e9lyezzenek<em>. &#8220;El\u0151sz\u00f6r akkor vettem \u00e9szre, amikor egy szakaszverseny vezet\u0151jek\u00e9nt meg\u00e1lltam pisilni<\/em>&#8221; &#8211; mondta. <em>&#8220;Tov\u00e1bb t\u00e1madtak, mik\u00f6zben ez r\u00e9gen egy pillanatnyi pihen\u0151nek sz\u00e1m\u00edtott.&#8221;<\/em> Nem ez az els\u0151 eset, hogy a 2010 \u00f3ta profi ker\u00e9kp\u00e1ros Sagan a tisztelet hi\u00e1ny\u00e1ra panaszkodik. Kor\u00e1bbi, 2015-\u00f6s \u00e9s 2018-as interj\u00faiban arr\u00f3l besz\u00e9lt, hogy a versenyz\u0151k <em>&#8220;csak magukra gondolnak&#8221;.<\/em><\/p>\n","protected":false},"excerpt":{"rendered":"<p>A h\u00e9tszeres Tour de France z\u00f6ldtrik\u00f3-nyertes Peter Sagan eg\u00e9szs\u00e9g\u00fcgyi probl\u00e9m\u00e1k miatt visszal\u00e9pett a Flandriai k\u00f6rversenyt\u0151l &#8211; \u00edrta a L&#8217;\u00c9quipe nev\u0171 [&hellip;]<\/p>\n","protected":false},"author":71,"featured_media":14084,"comment_status":"open","ping_status":"open","sticky":false,"template":"","format":"standard","meta":{"footnotes":""},"categories":[8],"tags":[],"global-categories":[],"class_list":["post-14081","post","type-post","status-publish","format-standard","has-post-thumbnail","hentry","category-orszaguti-kerekpar"],"yoast_head":"<!-- This site is optimized with the Yoast SEO Premium plugin v25.3 (Yoast SEO v25.9) - https:\/\/yoast.com\/wordpress\/plugins\/seo\/ -->\n<title>Sagan eg\u00e9szs\u00e9g\u00fcgyi probl\u00e9m\u00e1k miatt nem indult a Flandriai k\u00f6rversenyen, \u00e9s feladta a Circuit de la Sarthe-ot is<\/title>\n<meta name=\"description\" content=\"A h\u00e9tszeres Tour de France-gy\u0151ztes Peter Sagan eg\u00e9szs\u00e9g\u00fcgyi probl\u00e9m\u00e1k miatt visszal\u00e9pett a Flandriai k\u00f6rversenyt\u0151l - \u00edrta a L&#039;\u00c9quipe nev\u0171 francia sport hetilap.\" \/>\n<meta name=\"robots\" content=\"index, follow, max-snippet:-1, max-image-preview:large, max-video-preview:-1\" \/>\n<link rel=\"canonical\" href=\"https:\/\/www.welovecycling.com\/hu\/orszaguti-kerekpar\/sagan-egeszsegugyi-problemak-miatt-nem-indult-a-flandriai-korversenyen-es-feladta-a-circuit-de-la-sarthe-ot-is\/\" \/>\n<meta property=\"og:locale\" content=\"hu_HU\" \/>\n<meta property=\"og:type\" content=\"article\" \/>\n<meta property=\"og:title\" content=\"Sagan eg\u00e9szs\u00e9g\u00fcgyi probl\u00e9m\u00e1k miatt nem indult a Flandriai k\u00f6rversenyen, \u00e9s feladta a Circuit de la Sarthe-ot is\" \/>\n<meta property=\"og:description\" content=\"A h\u00e9tszeres Tour de France-gy\u0151ztes Peter Sagan eg\u00e9szs\u00e9g\u00fcgyi probl\u00e9m\u00e1k miatt visszal\u00e9pett a Flandriai k\u00f6rversenyt\u0151l - \u00edrta a L&#039;\u00c9quipe nev\u0171 francia sport hetilap.\" \/>\n<meta property=\"og:url\" content=\"https:\/\/www.welovecycling.com\/hu\/orszaguti-kerekpar\/sagan-egeszsegugyi-problemak-miatt-nem-indult-a-flandriai-korversenyen-es-feladta-a-circuit-de-la-sarthe-ot-is\/\" \/>\n<meta property=\"og:site_name\" content=\"\u0160koda We Love Cycling - Magyarorsz\u00e1g\" \/>\n<meta property=\"article:publisher\" content=\"https:\/\/www.facebook.com\/WeLoveCyclingHungary\/\" \/>\n<meta property=\"article:published_time\" content=\"2022-04-11T06:00:25+00:00\" \/>\n<meta property=\"article:modified_time\" content=\"2022-04-11T07:35:18+00:00\" \/>\n<meta property=\"og:image\" content=\"https:\/\/d2p6e6u75xmxt8.cloudfront.net\/12\/2022\/04\/Peter-Sagan-profimedia-0629475162-CVR.jpg\" \/>\n\t<meta property=\"og:image:width\" content=\"1366\" \/>\n\t<meta property=\"og:image:height\" content=\"600\" \/>\n\t<meta property=\"og:image:type\" content=\"image\/jpeg\" \/>\n<meta name=\"author\" content=\"hegyizs\" \/>\n<meta name=\"twitter:card\" content=\"summary_large_image\" \/>\n<meta name=\"twitter:label1\" content=\"Written by\" \/>\n\t<meta name=\"twitter:data1\" content=\"Siegfried Mortkowitz\" \/>\n\t<meta name=\"twitter:label2\" content=\"Est. reading time\" \/>\n\t<meta name=\"twitter:data2\" content=\"5\" \/>\n<script type=\"application\/ld+json\" class=\"yoast-schema-graph\">{\"@context\":\"https:\/\/schema.org\",\"@graph\":[{\"@type\":\"WebPage\",\"@id\":\"https:\/\/www.welovecycling.com\/hu\/orszaguti-kerekpar\/sagan-egeszsegugyi-problemak-miatt-nem-indult-a-flandriai-korversenyen-es-feladta-a-circuit-de-la-sarthe-ot-is\/\",\"url\":\"https:\/\/www.welovecycling.com\/hu\/orszaguti-kerekpar\/sagan-egeszsegugyi-problemak-miatt-nem-indult-a-flandriai-korversenyen-es-feladta-a-circuit-de-la-sarthe-ot-is\/\",\"name\":\"Sagan eg\u00e9szs\u00e9g\u00fcgyi probl\u00e9m\u00e1k miatt nem indult a Flandriai k\u00f6rversenyen, \u00e9s feladta a Circuit de la Sarthe-ot is\",\"isPartOf\":{\"@id\":\"https:\/\/www.welovecycling.com\/hu\/#website\"},\"primaryImageOfPage\":{\"@id\":\"https:\/\/www.welovecycling.com\/hu\/orszaguti-kerekpar\/sagan-egeszsegugyi-problemak-miatt-nem-indult-a-flandriai-korversenyen-es-feladta-a-circuit-de-la-sarthe-ot-is\/#primaryimage\"},\"image\":{\"@id\":\"https:\/\/www.welovecycling.com\/hu\/orszaguti-kerekpar\/sagan-egeszsegugyi-problemak-miatt-nem-indult-a-flandriai-korversenyen-es-feladta-a-circuit-de-la-sarthe-ot-is\/#primaryimage\"},\"thumbnailUrl\":\"https:\/\/d2p6e6u75xmxt8.cloudfront.net\/12\/2022\/04\/Peter-Sagan-profimedia-0629475162-CVR.jpg\",\"datePublished\":\"2022-04-11T06:00:25+00:00\",\"dateModified\":\"2022-04-11T07:35:18+00:00\",\"author\":{\"@id\":\"https:\/\/www.welovecycling.com\/hu\/#\/schema\/person\/414a2aebf1801691a5320edb6468e194\"},\"description\":\"A h\u00e9tszeres Tour de France-gy\u0151ztes Peter Sagan eg\u00e9szs\u00e9g\u00fcgyi probl\u00e9m\u00e1k miatt visszal\u00e9pett a Flandriai k\u00f6rversenyt\u0151l - \u00edrta a L'\u00c9quipe nev\u0171 francia sport hetilap.\",\"breadcrumb\":{\"@id\":\"https:\/\/www.welovecycling.com\/hu\/orszaguti-kerekpar\/sagan-egeszsegugyi-problemak-miatt-nem-indult-a-flandriai-korversenyen-es-feladta-a-circuit-de-la-sarthe-ot-is\/#breadcrumb\"},\"inLanguage\":\"hu\",\"potentialAction\":[{\"@type\":\"ReadAction\",\"target\":[\"https:\/\/www.welovecycling.com\/hu\/orszaguti-kerekpar\/sagan-egeszsegugyi-problemak-miatt-nem-indult-a-flandriai-korversenyen-es-feladta-a-circuit-de-la-sarthe-ot-is\/\"]}]},{\"@type\":\"ImageObject\",\"inLanguage\":\"hu\",\"@id\":\"https:\/\/www.welovecycling.com\/hu\/orszaguti-kerekpar\/sagan-egeszsegugyi-problemak-miatt-nem-indult-a-flandriai-korversenyen-es-feladta-a-circuit-de-la-sarthe-ot-is\/#primaryimage\",\"url\":\"https:\/\/d2p6e6u75xmxt8.cloudfront.net\/12\/2022\/04\/Peter-Sagan-profimedia-0629475162-CVR.jpg\",\"contentUrl\":\"https:\/\/d2p6e6u75xmxt8.cloudfront.net\/12\/2022\/04\/Peter-Sagan-profimedia-0629475162-CVR.jpg\",\"width\":1366,\"height\":600,\"caption\":\"Peter Sagan\"},{\"@type\":\"BreadcrumbList\",\"@id\":\"https:\/\/www.welovecycling.com\/hu\/orszaguti-kerekpar\/sagan-egeszsegugyi-problemak-miatt-nem-indult-a-flandriai-korversenyen-es-feladta-a-circuit-de-la-sarthe-ot-is\/#breadcrumb\",\"itemListElement\":[{\"@type\":\"ListItem\",\"position\":1,\"name\":\"Home\",\"item\":\"https:\/\/www.welovecycling.com\/hu\/\"},{\"@type\":\"ListItem\",\"position\":2,\"name\":\"Sagan eg\u00e9szs\u00e9g\u00fcgyi probl\u00e9m\u00e1k miatt nem indult a Flandriai k\u00f6rversenyen, \u00e9s feladta a Circuit de la Sarthe-ot is\"}]},{\"@type\":\"WebSite\",\"@id\":\"https:\/\/www.welovecycling.com\/hu\/#website\",\"url\":\"https:\/\/www.welovecycling.com\/hu\/\",\"name\":\"\u0160koda We Love Cycling - Magyarorsz\u00e1g\",\"description\":\"\u0160koda WeLoveCycling\",\"potentialAction\":[{\"@type\":\"SearchAction\",\"target\":{\"@type\":\"EntryPoint\",\"urlTemplate\":\"https:\/\/www.welovecycling.com\/hu\/?s={search_term_string}\"},\"query-input\":{\"@type\":\"PropertyValueSpecification\",\"valueRequired\":true,\"valueName\":\"search_term_string\"}}],\"inLanguage\":\"hu\"},{\"@type\":\"Person\",\"@id\":\"https:\/\/www.welovecycling.com\/hu\/#\/schema\/person\/414a2aebf1801691a5320edb6468e194\",\"name\":\"hegyizs\",\"image\":{\"@type\":\"ImageObject\",\"inLanguage\":\"hu\",\"@id\":\"https:\/\/www.welovecycling.com\/hu\/#\/schema\/person\/image\/\",\"url\":\"https:\/\/secure.gravatar.com\/avatar\/02cf8a7906b8cf90cecb4679defac7cfd33a1c2e3b88e4903d947f3bb58eedd3?s=96&d=mm&r=g\",\"contentUrl\":\"https:\/\/secure.gravatar.com\/avatar\/02cf8a7906b8cf90cecb4679defac7cfd33a1c2e3b88e4903d947f3bb58eedd3?s=96&d=mm&r=g\",\"caption\":\"hegyizs\"},\"url\":\"https:\/\/www.welovecycling.com\/hu\/author\/hegyizs\/\"}]}<\/script>\n<!-- \/ Yoast SEO Premium plugin. -->","yoast_head_json":{"title":"Sagan eg\u00e9szs\u00e9g\u00fcgyi probl\u00e9m\u00e1k miatt nem indult a Flandriai k\u00f6rversenyen, \u00e9s feladta a Circuit de la Sarthe-ot is","description":"A h\u00e9tszeres Tour de France-gy\u0151ztes Peter Sagan eg\u00e9szs\u00e9g\u00fcgyi probl\u00e9m\u00e1k miatt visszal\u00e9pett a Flandriai k\u00f6rversenyt\u0151l - \u00edrta a L'\u00c9quipe nev\u0171 francia sport hetilap.","robots":{"index":"index","follow":"follow","max-snippet":"max-snippet:-1","max-image-preview":"max-image-preview:large","max-video-preview":"max-video-preview:-1"},"canonical":"https:\/\/www.welovecycling.com\/hu\/orszaguti-kerekpar\/sagan-egeszsegugyi-problemak-miatt-nem-indult-a-flandriai-korversenyen-es-feladta-a-circuit-de-la-sarthe-ot-is\/","og_locale":"hu_HU","og_type":"article","og_title":"Sagan eg\u00e9szs\u00e9g\u00fcgyi probl\u00e9m\u00e1k miatt nem indult a Flandriai k\u00f6rversenyen, \u00e9s feladta a Circuit de la Sarthe-ot is","og_description":"A h\u00e9tszeres Tour de France-gy\u0151ztes Peter Sagan eg\u00e9szs\u00e9g\u00fcgyi probl\u00e9m\u00e1k miatt visszal\u00e9pett a Flandriai k\u00f6rversenyt\u0151l - \u00edrta a L'\u00c9quipe nev\u0171 francia sport hetilap.","og_url":"https:\/\/www.welovecycling.com\/hu\/orszaguti-kerekpar\/sagan-egeszsegugyi-problemak-miatt-nem-indult-a-flandriai-korversenyen-es-feladta-a-circuit-de-la-sarthe-ot-is\/","og_site_name":"\u0160koda We Love Cycling - Magyarorsz\u00e1g","article_publisher":"https:\/\/www.facebook.com\/WeLoveCyclingHungary\/","article_published_time":"2022-04-11T06:00:25+00:00","article_modified_time":"2022-04-11T07:35:18+00:00","og_image":[{"width":1366,"height":600,"url":"https:\/\/d2p6e6u75xmxt8.cloudfront.net\/12\/2022\/04\/Peter-Sagan-profimedia-0629475162-CVR.jpg","type":"image\/jpeg"}],"author":"hegyizs","twitter_card":"summary_large_image","twitter_misc":{"Written by":"Siegfried Mortkowitz","Est. reading time":"5"},"schema":{"@context":"https:\/\/schema.org","@graph":[{"@type":"WebPage","@id":"https:\/\/www.welovecycling.com\/hu\/orszaguti-kerekpar\/sagan-egeszsegugyi-problemak-miatt-nem-indult-a-flandriai-korversenyen-es-feladta-a-circuit-de-la-sarthe-ot-is\/","url":"https:\/\/www.welovecycling.com\/hu\/orszaguti-kerekpar\/sagan-egeszsegugyi-problemak-miatt-nem-indult-a-flandriai-korversenyen-es-feladta-a-circuit-de-la-sarthe-ot-is\/","name":"Sagan eg\u00e9szs\u00e9g\u00fcgyi probl\u00e9m\u00e1k miatt nem indult a Flandriai k\u00f6rversenyen, \u00e9s feladta a Circuit de la Sarthe-ot is","isPartOf":{"@id":"https:\/\/www.welovecycling.com\/hu\/#website"},"primaryImageOfPage":{"@id":"https:\/\/www.welovecycling.com\/hu\/orszaguti-kerekpar\/sagan-egeszsegugyi-problemak-miatt-nem-indult-a-flandriai-korversenyen-es-feladta-a-circuit-de-la-sarthe-ot-is\/#primaryimage"},"image":{"@id":"https:\/\/www.welovecycling.com\/hu\/orszaguti-kerekpar\/sagan-egeszsegugyi-problemak-miatt-nem-indult-a-flandriai-korversenyen-es-feladta-a-circuit-de-la-sarthe-ot-is\/#primaryimage"},"thumbnailUrl":"https:\/\/d2p6e6u75xmxt8.cloudfront.net\/12\/2022\/04\/Peter-Sagan-profimedia-0629475162-CVR.jpg","datePublished":"2022-04-11T06:00:25+00:00","dateModified":"2022-04-11T07:35:18+00:00","author":{"@id":"https:\/\/www.welovecycling.com\/hu\/#\/schema\/person\/414a2aebf1801691a5320edb6468e194"},"description":"A h\u00e9tszeres Tour de France-gy\u0151ztes Peter Sagan eg\u00e9szs\u00e9g\u00fcgyi probl\u00e9m\u00e1k miatt visszal\u00e9pett a Flandriai k\u00f6rversenyt\u0151l - \u00edrta a L'\u00c9quipe nev\u0171 francia sport hetilap.","breadcrumb":{"@id":"https:\/\/www.welovecycling.com\/hu\/orszaguti-kerekpar\/sagan-egeszsegugyi-problemak-miatt-nem-indult-a-flandriai-korversenyen-es-feladta-a-circuit-de-la-sarthe-ot-is\/#breadcrumb"},"inLanguage":"hu","potentialAction":[{"@type":"ReadAction","target":["https:\/\/www.welovecycling.com\/hu\/orszaguti-kerekpar\/sagan-egeszsegugyi-problemak-miatt-nem-indult-a-flandriai-korversenyen-es-feladta-a-circuit-de-la-sarthe-ot-is\/"]}]},{"@type":"ImageObject","inLanguage":"hu","@id":"https:\/\/www.welovecycling.com\/hu\/orszaguti-kerekpar\/sagan-egeszsegugyi-problemak-miatt-nem-indult-a-flandriai-korversenyen-es-feladta-a-circuit-de-la-sarthe-ot-is\/#primaryimage","url":"https:\/\/d2p6e6u75xmxt8.cloudfront.net\/12\/2022\/04\/Peter-Sagan-profimedia-0629475162-CVR.jpg","contentUrl":"https:\/\/d2p6e6u75xmxt8.cloudfront.net\/12\/2022\/04\/Peter-Sagan-profimedia-0629475162-CVR.jpg","width":1366,"height":600,"caption":"Peter Sagan"},{"@type":"BreadcrumbList","@id":"https:\/\/www.welovecycling.com\/hu\/orszaguti-kerekpar\/sagan-egeszsegugyi-problemak-miatt-nem-indult-a-flandriai-korversenyen-es-feladta-a-circuit-de-la-sarthe-ot-is\/#breadcrumb","itemListElement":[{"@type":"ListItem","position":1,"name":"Home","item":"https:\/\/www.welovecycling.com\/hu\/"},{"@type":"ListItem","position":2,"name":"Sagan eg\u00e9szs\u00e9g\u00fcgyi probl\u00e9m\u00e1k miatt nem indult a Flandriai k\u00f6rversenyen, \u00e9s feladta a Circuit de la Sarthe-ot is"}]},{"@type":"WebSite","@id":"https:\/\/www.welovecycling.com\/hu\/#website","url":"https:\/\/www.welovecycling.com\/hu\/","name":"\u0160koda We Love Cycling - Magyarorsz\u00e1g","description":"\u0160koda WeLoveCycling","potentialAction":[{"@type":"SearchAction","target":{"@type":"EntryPoint","urlTemplate":"https:\/\/www.welovecycling.com\/hu\/?s={search_term_string}"},"query-input":{"@type":"PropertyValueSpecification","valueRequired":true,"valueName":"search_term_string"}}],"inLanguage":"hu"},{"@type":"Person","@id":"https:\/\/www.welovecycling.com\/hu\/#\/schema\/person\/414a2aebf1801691a5320edb6468e194","name":"hegyizs","image":{"@type":"ImageObject","inLanguage":"hu","@id":"https:\/\/www.welovecycling.com\/hu\/#\/schema\/person\/image\/","url":"https:\/\/secure.gravatar.com\/avatar\/02cf8a7906b8cf90cecb4679defac7cfd33a1c2e3b88e4903d947f3bb58eedd3?s=96&d=mm&r=g","contentUrl":"https:\/\/secure.gravatar.com\/avatar\/02cf8a7906b8cf90cecb4679defac7cfd33a1c2e3b88e4903d947f3bb58eedd3?s=96&d=mm&r=g","caption":"hegyizs"},"url":"https:\/\/www.welovecycling.com\/hu\/author\/hegyizs\/"}]}},"_links":{"self":[{"href":"https:\/\/www.welovecycling.com\/hu\/wp-json\/wp\/v2\/posts\/14081","targetHints":{"allow":["GET"]}}],"collection":[{"href":"https:\/\/www.welovecycling.com\/hu\/wp-json\/wp\/v2\/posts"}],"about":[{"href":"https:\/\/www.welovecycling.com\/hu\/wp-json\/wp\/v2\/types\/post"}],"author":[{"embeddable":true,"href":"https:\/\/www.welovecycling.com\/hu\/wp-json\/wp\/v2\/users\/71"}],"replies":[{"embeddable":true,"href":"https:\/\/www.welovecycling.com\/hu\/wp-json\/wp\/v2\/comments?post=14081"}],"version-history":[{"count":2,"href":"https:\/\/www.welovecycling.com\/hu\/wp-json\/wp\/v2\/posts\/14081\/revisions"}],"predecessor-version":[{"id":14091,"href":"https:\/\/www.welovecycling.com\/hu\/wp-json\/wp\/v2\/posts\/14081\/revisions\/14091"}],"wp:featuredmedia":[{"embeddable":true,"href":"https:\/\/www.welovecycling.com\/hu\/wp-json\/wp\/v2\/media\/14084"}],"wp:attachment":[{"href":"https:\/\/www.welovecycling.com\/hu\/wp-json\/wp\/v2\/media?parent=14081"}],"wp:term":[{"taxonomy":"category","embeddable":true,"href":"https:\/\/www.welovecycling.com\/hu\/wp-json\/wp\/v2\/categories?post=14081"},{"taxonomy":"post_tag","embeddable":true,"href":"https:\/\/www.welovecycling.com\/hu\/wp-json\/wp\/v2\/tags?post=14081"},{"taxonomy":"global-categories","embeddable":true,"href":"https:\/\/www.welovecycling.com\/hu\/wp-json\/wp\/v2\/global-categories?post=14081"}],"curies":[{"name":"wp","href":"https:\/\/api.w.org\/{rel}","templated":true}]}}