{"id":1408,"date":"2018-07-30T08:23:01","date_gmt":"2018-07-30T08:23:01","guid":{"rendered":"https:\/\/www.welovecycling.com\/hu\/?p=1408"},"modified":"2018-08-03T14:32:22","modified_gmt":"2018-08-03T14:32:22","slug":"kerekparbarat-munkaltatok","status":"publish","type":"post","link":"https:\/\/www.welovecycling.com\/hu\/miert-tekerunk\/kerekparbarat-munkaltatok\/","title":{"rendered":"Ker\u00e9kp\u00e1rbar\u00e1t munk\u00e1ltat\u00f3k \u00e9s ing\u00e1z\u00e1s ker\u00e9kp\u00e1rral"},"content":{"rendered":"<p><strong>Rengeteg el\u0151nnyel j\u00e1rhat, ha \u00f6szt\u00f6n\u00f6zz\u00fck az alkalmazottakat arra, hogy ker\u00e9kp\u00e1rral j\u00e1rjanak dolgozni. Eg\u00e9szs\u00e9gesebbek lesznek, javul a produktivit\u00e1suk, \u00e9s m\u00e9g a v\u00e1llalkoz\u00e1s k\u00f6zleked\u00e9si k\u00f6lts\u00e9gei is cs\u00f6kkennek. A megval\u00f3s\u00edt\u00e1sban a ker\u00e9kp\u00e1rbar\u00e1t munk\u00e1ltat\u00f3k is seg\u00edthetnek.<\/strong><\/p>\n<h4><!--more--><\/h4>\n<p>A The Telegraph 2015-ben k\u00e9sz\u00edtett felm\u00e9r\u00e9s\u00e9ben meg\u00e1llap\u00edtott\u00e1k, hogy \u201eaz energikusabb \u00e9s j\u00f3l\u00e9ti kult\u00far\u00e1val rendelkez\u0151 [v\u00e1llalkoz\u00e1sok] termel\u00e9kenys\u00e9gi vesztes\u00e9ge 45%-kal alacsonyabb, mint a legrosszabb kult\u00far\u00e1val rendelkez\u0151 t\u00e1rsaik\u00e9\u201d, s\u0151t, \u201ea leg\u00f6szt\u00f6nz\u0151bb v\u00e1llalkoz\u00e1sok termel\u00e9kenys\u00e9gi vesztes\u00e9ge a b\u00e9rjuttat\u00e1sok 5,9%-\u00e1t teszi ki, szemben a legrosszabb atmoszf\u00e9r\u00e1j\u00fa v\u00e1llalkoz\u00e1sokkal, ahol ez az ar\u00e1ny 10,7%.\u201d<\/p>\n<p>De melyek a legboldogabb \u00e9s legenergikusabb v\u00e1llalkoz\u00e1sok? Nos, nem meglep\u0151 m\u00f3don a Google j\u00e1r a mez\u0151ny \u00e9l\u00e9n. Az elm\u00falt \u00e9vtizedben legend\u00e1ss\u00e1 v\u00e1lt a <a href=\"https:\/\/www.businessinsider.com\/google-employee-favorite-perks-2013-3?IR=T\">Google-n\u00e9l kialak\u00edtott munkak\u00f6rnyezet<\/a>; Csak hogy n\u00e9h\u00e1ny p\u00e9ld\u00e1t eml\u00edts\u00fcnk, 2010-ben eg\u00e9szs\u00e9g\u00fcgyi terv\u00fck b\u0151v\u00edt\u00e9sek\u00e9nt elind\u00edtott\u00e1k Optimize Your Life elnevez\u00e9s\u0171 programjukat, j\u00f3l\u00e9ti kurzusokat tartanak, az alkalmazottak pedig szabadnapot aj\u00e1nd\u00e9kozhatnak koll\u00e9g\u00e1iknak.<\/p>\n<p><a href=\"https:\/\/d2p6e6u75xmxt8.cloudfront.net\/12\/2018\/07\/kerekparbarat-munkaltatok-01.jpg\"><img loading=\"lazy\" decoding=\"async\" class=\"alignnone size-full wp-image-1409\" src=\"https:\/\/d2p6e6u75xmxt8.cloudfront.net\/12\/2018\/07\/kerekparbarat-munkaltatok-01.jpg\" alt=\"kerekparbarat munkaltatok\" width=\"1484\" height=\"989\" srcset=\"https:\/\/d2p6e6u75xmxt8.cloudfront.net\/12\/2018\/07\/kerekparbarat-munkaltatok-01.jpg 1484w, https:\/\/d2p6e6u75xmxt8.cloudfront.net\/12\/2018\/07\/kerekparbarat-munkaltatok-01-300x200.jpg 300w, https:\/\/d2p6e6u75xmxt8.cloudfront.net\/12\/2018\/07\/kerekparbarat-munkaltatok-01-768x512.jpg 768w, https:\/\/d2p6e6u75xmxt8.cloudfront.net\/12\/2018\/07\/kerekparbarat-munkaltatok-01-1024x682.jpg 1024w, https:\/\/d2p6e6u75xmxt8.cloudfront.net\/12\/2018\/07\/kerekparbarat-munkaltatok-01-272x182.jpg 272w\" sizes=\"auto, (max-width: 1484px) 100vw, 1484px\" \/><\/a><\/p>\n<p>Mindek\u00f6zben az Egyes\u00fclt Kir\u00e1lys\u00e1gban 2011-ben tartott teljes k\u00f6r\u0171 felm\u00e9r\u00e9s meg\u00e1llap\u00edtotta, hogy 741 ezer 16 \u00e9s 74 \u00e9v k\u00f6z\u00f6tti, Angli\u00e1ban \u00e9s Wales-ben \u00e9l\u0151 munkav\u00e1llal\u00f3 j\u00e1rt ker\u00e9kp\u00e1rral munk\u00e1ba az adott \u00e9vben \u2013 vagyis 90 ezerrel t\u00f6bben, mint 2001-ben, b\u00e1r m\u00e9g mindig sok akad\u00e1ly h\u00e1tr\u00e1ltatja a ker\u00e9kp\u00e1rral val\u00f3 ing\u00e1z\u00e1st.<\/p>\n<p>Mit tehetnek a munk\u00e1ltat\u00f3k a ker\u00e9kp\u00e1rbar\u00e1t munkahely megteremt\u00e9se \u00e9rdek\u00e9ben?<\/p>\n<p><strong>Munkahelyi kih\u00edv\u00e1sok:<\/strong> a ker\u00e9kp\u00e1roz\u00e1s munkahelyi n\u00e9pszer\u0171s\u00edt\u00e9s\u00e9re \u00e9s a ker\u00e9kp\u00e1ros munkahelyi k\u00f6z\u00f6ss\u00e9g kialak\u00edt\u00e1s\u00e1ra sz\u00e1mos egyszer\u0171, bizony\u00edtottan sikeres \u00e9s motiv\u00e1l\u00f3 m\u00f3dszer l\u00e9tezik.<\/p>\n<p><strong>\u00d6szt\u00f6nz\u0151 ad\u00f3kedvezm\u00e9nyek bevezet\u00e9se:<\/strong> ide tartozik t\u00f6bbek k\u00f6z\u00f6tt a m\u00e9rf\u00f6ldp\u00e9nz, p\u00e9ld\u00e1ul plusz j\u00f6vedelem (20 penny) minden egyes m\u00e9rf\u00f6ld ut\u00e1n, amelyet az \u00fczleti \u00fat sor\u00e1n az alkalmazott saj\u00e1t ker\u00e9kp\u00e1rj\u00e1n tesz meg; ez az esetleges benzink\u00f6lts\u00e9gn\u00e9l l\u00e9nyegesen alacsonyabb k\u00f6lts\u00e9get jelent a munk\u00e1ltat\u00f3 sz\u00e1m\u00e1ra, \u00e9s \u00f6szt\u00f6nz\u0151leg hat az alkalmazottakra. A munk\u00e1ltat\u00f3 gondoskodhat ker\u00e9kp\u00e1r-k\u00f6lcs\u00f6nz\u00e9si \u00e9s v\u00e9d\u0151felszerel\u00e9s-b\u00e9rl\u00e9si lehet\u0151s\u00e9gr\u0151l is.Az Egyes\u00fclt Kir\u00e1lys\u00e1gban lehet\u0151s\u00e9g van olyan ker\u00e9kp\u00e1ros ing\u00e1z\u00e1st t\u00e1mogat\u00f3 rendszerben is r\u00e9szt venni, amely ad\u00f3kedvezm\u00e9nyt biztos\u00edt azoknak a munk\u00e1ltat\u00f3knak, akik alkalmazottaik sz\u00e1m\u00e1ra lehet\u0151s\u00e9get teremtenek ker\u00e9kp\u00e1rb\u00e9rl\u00e9sre munk\u00e1ba j\u00e1r\u00e1s c\u00e9lj\u00e1b\u00f3l.<\/p>\n<p><a href=\"https:\/\/d2p6e6u75xmxt8.cloudfront.net\/12\/2018\/07\/kerekparbarat-munkaltatok-02.jpg\"><img loading=\"lazy\" decoding=\"async\" class=\"alignnone size-full wp-image-1410\" src=\"https:\/\/d2p6e6u75xmxt8.cloudfront.net\/12\/2018\/07\/kerekparbarat-munkaltatok-02.jpg\" alt=\"kerekparbarat munkaltatok\" width=\"1216\" height=\"811\" srcset=\"https:\/\/d2p6e6u75xmxt8.cloudfront.net\/12\/2018\/07\/kerekparbarat-munkaltatok-02.jpg 1216w, https:\/\/d2p6e6u75xmxt8.cloudfront.net\/12\/2018\/07\/kerekparbarat-munkaltatok-02-300x200.jpg 300w, https:\/\/d2p6e6u75xmxt8.cloudfront.net\/12\/2018\/07\/kerekparbarat-munkaltatok-02-768x512.jpg 768w, https:\/\/d2p6e6u75xmxt8.cloudfront.net\/12\/2018\/07\/kerekparbarat-munkaltatok-02-1024x683.jpg 1024w, https:\/\/d2p6e6u75xmxt8.cloudfront.net\/12\/2018\/07\/kerekparbarat-munkaltatok-02-272x182.jpg 272w\" sizes=\"auto, (max-width: 1216px) 100vw, 1216px\" \/><\/a><\/p>\n<p><strong>Utaz\u00e1stervez\u00e9s bevezet\u00e9se:<\/strong> ezek olyan gyakorlati int\u00e9zked\u00e9sek, amelyek cs\u00f6kkentik az aut\u00f3k haszn\u00e1lat\u00e1t \u00fczleti utakon vagy munk\u00e1ba j\u00e1r\u00e1shoz. E tekintetben rendk\u00edv\u00fcl hasznos kiadv\u00e1ny az Egyes\u00fclt Kir\u00e1lys\u00e1g k\u00f6zleked\u00e9si miniszt\u00e9riuma \u00e1ltal k\u00e9sz\u00edtett Essential Guide to Travel Planning (Alapvet\u0151 \u00fatmutat\u00f3 az utaz\u00e1stervez\u00e9shez).<\/p>\n<p><strong>\u201eSzolg\u00e1lati\u201d ker\u00e9kp\u00e1rflotta l\u00e9trehoz\u00e1sa:<\/strong> az alkalmazottak ker\u00e9kp\u00e1rt b\u00e9relhetnek a rendelkez\u00e9sre \u00e1ll\u00f3 flott\u00e1b\u00f3l b\u00e1rmilyen utaz\u00e1shoz. Kit\u0171n\u0151 m\u00f3dszer a munkahelyi eb\u00e9dsz\u00fcnetekben \u00e9s helyi \u00fcgyint\u00e9s c\u00e9lj\u00e1b\u00f3l t\u00f6rt\u00e9n\u0151 ker\u00e9kp\u00e1rhaszn\u00e1lat el\u0151mozd\u00edt\u00e1s\u00e1hoz. Egy ilyen rendszer bevezet\u00e9s\u00e9hez bizonyos eg\u00e9szs\u00e9g\u00fcgyi \u00e9s biztons\u00e1gi k\u00f6vetelm\u00e9nyeket kell teljes\u00edteni, t\u00f6bbek k\u00f6z\u00f6tt ker\u00e9kp\u00e1ros k\u00e9pz\u00e9seket kell tartani az alkalmazottaknak, de szem\u00e9ly- \u00e9s vagyonv\u00e9delmi felel\u0151ss\u00e9gbiztos\u00edt\u00e1st is kell k\u00f6tni.<\/p>\n<p><strong>\u00d6lt\u00f6z\u0151helyis\u00e9gek kialak\u00edt\u00e1sa:<\/strong> a zuhanyz\u00f3k, \u00f6lt\u00f6z\u0151szekr\u00e9nyek \u00e9s \u00f6lt\u00f6z\u0151k kialak\u00edt\u00e1sa elengedhetetlen felt\u00e9telei a ker\u00e9kp\u00e1ros ing\u00e1z\u00e1s el\u0151mozd\u00edt\u00e1s\u00e1hoz, nyilv\u00e1nval\u00f3 okokb\u00f3l. Term\u00e9szetesen nem mindenhol van lehet\u0151s\u00e9g a munkahelyen bel\u00fcl ilyen helyis\u00e9gek kialak\u00edt\u00e1s\u00e1ra; ebben az esetben alternat\u00edvak\u00e9nt egy k\u00f6zeli edz\u0151teremmel lehet meg\u00e1llapod\u00e1st k\u00f6tni, amelyet az alkalmazottak kedvezm\u00e9nyesen haszn\u00e1lhatnak.<\/p>\n<p><strong>Biztons\u00e1gos ker\u00e9kp\u00e1rparkol\u00f3:<\/strong> a ker\u00e9kp\u00e1ros munk\u00e1ba j\u00e1r\u00e1s m\u00e1sik nagy akad\u00e1lya lehet a biztons\u00e1gos \u00e9s megfelel\u0151 ker\u00e9kp\u00e1rt\u00e1rol\u00f3 hi\u00e1nya. A ker\u00e9kp\u00e1rlop\u00e1s megel\u0151z\u00e9se \u00e9s az olykor neh\u00e9z ker\u00e9kp\u00e1ros felszerel\u00e9sek t\u00e1rol\u00e1sa \u00e9rdek\u00e9ben \u00e9rdemes fedett ker\u00e9kp\u00e1ros parkol\u00f3t \u00e9p\u00edteni. Helyhi\u00e1ny eset\u00e9n megfelel\u0151 alternat\u00edv megold\u00e1st jelenthet a fali ker\u00e9kp\u00e1rtart\u00f3k felszerel\u00e9se, \u00edgy az alkalmazottak az irod\u00e1ban tarthatj\u00e1k a bring\u00e1kat<\/p>\n","protected":false},"excerpt":{"rendered":"<p>Rengeteg el\u0151nnyel j\u00e1rhat, ha \u00f6szt\u00f6n\u00f6zz\u00fck az alkalmazottakat arra, hogy ker\u00e9kp\u00e1rral j\u00e1rjanak dolgozni. Eg\u00e9szs\u00e9gesebbek lesznek, javul a produktivit\u00e1suk, \u00e9s m\u00e9g a [&hellip;]<\/p>\n","protected":false},"author":71,"featured_media":1411,"comment_status":"open","ping_status":"open","sticky":false,"template":"","format":"standard","meta":{"footnotes":""},"categories":[99],"tags":[17,126,16,28,27,125,115,103,104],"global-categories":[],"class_list":["post-1408","post","type-post","status-publish","format-standard","has-post-thumbnail","hentry","category-miert-tekerunk","tag-bicikli","tag-ingazas-kerekparral","tag-kerekpar","tag-kerekpar-blog","tag-kerekpar-magazin","tag-kerekparbarat-munkaltato","tag-miert-tekerunk","tag-varosi-kerekpar","tag-varosi-kerekparozas"],"yoast_head":"<!-- This site is optimized with the Yoast SEO Premium plugin v25.3 (Yoast SEO v25.9) - https:\/\/yoast.com\/wordpress\/plugins\/seo\/ -->\n<title>Ker\u00e9kp\u00e1rbar\u00e1t munk\u00e1ltat\u00f3k \u00e9s ing\u00e1z\u00e1s ker\u00e9kp\u00e1rral - \u0160koda We Love Cycling - Magyarorsz\u00e1g<\/title>\n<meta name=\"description\" content=\"Rengeteg el\u0151nnyel j\u00e1rhat, ha \u00f6szt\u00f6n\u00f6zz\u00fck az alkalmazottakat arra, hogy ker\u00e9kp\u00e1rral j\u00e1rjanak dolgozni. Eg\u00e9szs\u00e9gesebbek lesznek, javul a produktivit\u00e1suk, \u00e9s m\u00e9g a v\u00e1llalkoz\u00e1s k\u00f6zleked\u00e9si k\u00f6lts\u00e9gei is cs\u00f6kkennek. A megval\u00f3s\u00edt\u00e1sban a ker\u00e9kp\u00e1rbar\u00e1t munk\u00e1ltat\u00f3k is seg\u00edthetnek.\" \/>\n<meta name=\"robots\" content=\"index, follow, max-snippet:-1, max-image-preview:large, max-video-preview:-1\" \/>\n<link rel=\"canonical\" href=\"https:\/\/www.welovecycling.com\/hu\/miert-tekerunk\/kerekparbarat-munkaltatok\/\" \/>\n<meta property=\"og:locale\" content=\"hu_HU\" \/>\n<meta property=\"og:type\" content=\"article\" \/>\n<meta property=\"og:title\" content=\"Ker\u00e9kp\u00e1rbar\u00e1t munk\u00e1ltat\u00f3k \u00e9s ing\u00e1z\u00e1s ker\u00e9kp\u00e1rral\" \/>\n<meta property=\"og:description\" content=\"Rengeteg el\u0151nnyel j\u00e1rhat, ha \u00f6szt\u00f6n\u00f6zz\u00fck az alkalmazottakat arra, hogy ker\u00e9kp\u00e1rral j\u00e1rjanak dolgozni. Eg\u00e9szs\u00e9gesebbek lesznek, javul a produktivit\u00e1suk, \u00e9s m\u00e9g a v\u00e1llalkoz\u00e1s k\u00f6zleked\u00e9si k\u00f6lts\u00e9gei is cs\u00f6kkennek. A megval\u00f3s\u00edt\u00e1sban a ker\u00e9kp\u00e1rbar\u00e1t munk\u00e1ltat\u00f3k is seg\u00edthetnek.\" \/>\n<meta property=\"og:url\" content=\"https:\/\/www.welovecycling.com\/hu\/miert-tekerunk\/kerekparbarat-munkaltatok\/\" \/>\n<meta property=\"og:site_name\" content=\"\u0160koda We Love Cycling - Magyarorsz\u00e1g\" \/>\n<meta property=\"article:publisher\" content=\"https:\/\/www.facebook.com\/WeLoveCyclingHungary\/\" \/>\n<meta property=\"article:published_time\" content=\"2018-07-30T08:23:01+00:00\" \/>\n<meta property=\"article:modified_time\" content=\"2018-08-03T14:32:22+00:00\" \/>\n<meta property=\"og:image\" content=\"https:\/\/d2p6e6u75xmxt8.cloudfront.net\/12\/2018\/07\/kerekparbarat-munkaltatok-cover.jpg\" \/>\n\t<meta property=\"og:image:width\" content=\"1366\" \/>\n\t<meta property=\"og:image:height\" content=\"600\" \/>\n\t<meta property=\"og:image:type\" content=\"image\/jpeg\" \/>\n<meta name=\"author\" content=\"hegyizs\" \/>\n<meta name=\"twitter:card\" content=\"summary_large_image\" \/>\n<meta name=\"twitter:label1\" content=\"Written by\" \/>\n\t<meta name=\"twitter:data1\" content=\"hegyizs\" \/>\n\t<meta name=\"twitter:label2\" content=\"Est. reading time\" \/>\n\t<meta name=\"twitter:data2\" content=\"4 minutes\" \/>\n<script type=\"application\/ld+json\" class=\"yoast-schema-graph\">{\"@context\":\"https:\/\/schema.org\",\"@graph\":[{\"@type\":\"WebPage\",\"@id\":\"https:\/\/www.welovecycling.com\/hu\/miert-tekerunk\/kerekparbarat-munkaltatok\/\",\"url\":\"https:\/\/www.welovecycling.com\/hu\/miert-tekerunk\/kerekparbarat-munkaltatok\/\",\"name\":\"Ker\u00e9kp\u00e1rbar\u00e1t munk\u00e1ltat\u00f3k \u00e9s ing\u00e1z\u00e1s ker\u00e9kp\u00e1rral - \u0160koda We Love Cycling - Magyarorsz\u00e1g\",\"isPartOf\":{\"@id\":\"https:\/\/www.welovecycling.com\/hu\/#website\"},\"primaryImageOfPage\":{\"@id\":\"https:\/\/www.welovecycling.com\/hu\/miert-tekerunk\/kerekparbarat-munkaltatok\/#primaryimage\"},\"image\":{\"@id\":\"https:\/\/www.welovecycling.com\/hu\/miert-tekerunk\/kerekparbarat-munkaltatok\/#primaryimage\"},\"thumbnailUrl\":\"https:\/\/d2p6e6u75xmxt8.cloudfront.net\/12\/2018\/07\/kerekparbarat-munkaltatok-cover.jpg\",\"datePublished\":\"2018-07-30T08:23:01+00:00\",\"dateModified\":\"2018-08-03T14:32:22+00:00\",\"author\":{\"@id\":\"https:\/\/www.welovecycling.com\/hu\/#\/schema\/person\/414a2aebf1801691a5320edb6468e194\"},\"description\":\"Rengeteg el\u0151nnyel j\u00e1rhat, ha \u00f6szt\u00f6n\u00f6zz\u00fck az alkalmazottakat arra, hogy ker\u00e9kp\u00e1rral j\u00e1rjanak dolgozni. Eg\u00e9szs\u00e9gesebbek lesznek, javul a produktivit\u00e1suk, \u00e9s m\u00e9g a v\u00e1llalkoz\u00e1s k\u00f6zleked\u00e9si k\u00f6lts\u00e9gei is cs\u00f6kkennek. A megval\u00f3s\u00edt\u00e1sban a ker\u00e9kp\u00e1rbar\u00e1t munk\u00e1ltat\u00f3k is seg\u00edthetnek.\",\"breadcrumb\":{\"@id\":\"https:\/\/www.welovecycling.com\/hu\/miert-tekerunk\/kerekparbarat-munkaltatok\/#breadcrumb\"},\"inLanguage\":\"hu\",\"potentialAction\":[{\"@type\":\"ReadAction\",\"target\":[\"https:\/\/www.welovecycling.com\/hu\/miert-tekerunk\/kerekparbarat-munkaltatok\/\"]}]},{\"@type\":\"ImageObject\",\"inLanguage\":\"hu\",\"@id\":\"https:\/\/www.welovecycling.com\/hu\/miert-tekerunk\/kerekparbarat-munkaltatok\/#primaryimage\",\"url\":\"https:\/\/d2p6e6u75xmxt8.cloudfront.net\/12\/2018\/07\/kerekparbarat-munkaltatok-cover.jpg\",\"contentUrl\":\"https:\/\/d2p6e6u75xmxt8.cloudfront.net\/12\/2018\/07\/kerekparbarat-munkaltatok-cover.jpg\",\"width\":1366,\"height\":600},{\"@type\":\"BreadcrumbList\",\"@id\":\"https:\/\/www.welovecycling.com\/hu\/miert-tekerunk\/kerekparbarat-munkaltatok\/#breadcrumb\",\"itemListElement\":[{\"@type\":\"ListItem\",\"position\":1,\"name\":\"Home\",\"item\":\"https:\/\/www.welovecycling.com\/hu\/\"},{\"@type\":\"ListItem\",\"position\":2,\"name\":\"Ker\u00e9kp\u00e1rbar\u00e1t munk\u00e1ltat\u00f3k \u00e9s ing\u00e1z\u00e1s ker\u00e9kp\u00e1rral\"}]},{\"@type\":\"WebSite\",\"@id\":\"https:\/\/www.welovecycling.com\/hu\/#website\",\"url\":\"https:\/\/www.welovecycling.com\/hu\/\",\"name\":\"\u0160koda We Love Cycling - Magyarorsz\u00e1g\",\"description\":\"\u0160koda WeLoveCycling\",\"potentialAction\":[{\"@type\":\"SearchAction\",\"target\":{\"@type\":\"EntryPoint\",\"urlTemplate\":\"https:\/\/www.welovecycling.com\/hu\/?s={search_term_string}\"},\"query-input\":{\"@type\":\"PropertyValueSpecification\",\"valueRequired\":true,\"valueName\":\"search_term_string\"}}],\"inLanguage\":\"hu\"},{\"@type\":\"Person\",\"@id\":\"https:\/\/www.welovecycling.com\/hu\/#\/schema\/person\/414a2aebf1801691a5320edb6468e194\",\"name\":\"hegyizs\",\"image\":{\"@type\":\"ImageObject\",\"inLanguage\":\"hu\",\"@id\":\"https:\/\/www.welovecycling.com\/hu\/#\/schema\/person\/image\/\",\"url\":\"https:\/\/secure.gravatar.com\/avatar\/02cf8a7906b8cf90cecb4679defac7cfd33a1c2e3b88e4903d947f3bb58eedd3?s=96&d=mm&r=g\",\"contentUrl\":\"https:\/\/secure.gravatar.com\/avatar\/02cf8a7906b8cf90cecb4679defac7cfd33a1c2e3b88e4903d947f3bb58eedd3?s=96&d=mm&r=g\",\"caption\":\"hegyizs\"},\"url\":\"https:\/\/www.welovecycling.com\/hu\/author\/hegyizs\/\"}]}<\/script>\n<!-- \/ Yoast SEO Premium plugin. -->","yoast_head_json":{"title":"Ker\u00e9kp\u00e1rbar\u00e1t munk\u00e1ltat\u00f3k \u00e9s ing\u00e1z\u00e1s ker\u00e9kp\u00e1rral - \u0160koda We Love Cycling - Magyarorsz\u00e1g","description":"Rengeteg el\u0151nnyel j\u00e1rhat, ha \u00f6szt\u00f6n\u00f6zz\u00fck az alkalmazottakat arra, hogy ker\u00e9kp\u00e1rral j\u00e1rjanak dolgozni. Eg\u00e9szs\u00e9gesebbek lesznek, javul a produktivit\u00e1suk, \u00e9s m\u00e9g a v\u00e1llalkoz\u00e1s k\u00f6zleked\u00e9si k\u00f6lts\u00e9gei is cs\u00f6kkennek. A megval\u00f3s\u00edt\u00e1sban a ker\u00e9kp\u00e1rbar\u00e1t munk\u00e1ltat\u00f3k is seg\u00edthetnek.","robots":{"index":"index","follow":"follow","max-snippet":"max-snippet:-1","max-image-preview":"max-image-preview:large","max-video-preview":"max-video-preview:-1"},"canonical":"https:\/\/www.welovecycling.com\/hu\/miert-tekerunk\/kerekparbarat-munkaltatok\/","og_locale":"hu_HU","og_type":"article","og_title":"Ker\u00e9kp\u00e1rbar\u00e1t munk\u00e1ltat\u00f3k \u00e9s ing\u00e1z\u00e1s ker\u00e9kp\u00e1rral","og_description":"Rengeteg el\u0151nnyel j\u00e1rhat, ha \u00f6szt\u00f6n\u00f6zz\u00fck az alkalmazottakat arra, hogy ker\u00e9kp\u00e1rral j\u00e1rjanak dolgozni. Eg\u00e9szs\u00e9gesebbek lesznek, javul a produktivit\u00e1suk, \u00e9s m\u00e9g a v\u00e1llalkoz\u00e1s k\u00f6zleked\u00e9si k\u00f6lts\u00e9gei is cs\u00f6kkennek. A megval\u00f3s\u00edt\u00e1sban a ker\u00e9kp\u00e1rbar\u00e1t munk\u00e1ltat\u00f3k is seg\u00edthetnek.","og_url":"https:\/\/www.welovecycling.com\/hu\/miert-tekerunk\/kerekparbarat-munkaltatok\/","og_site_name":"\u0160koda We Love Cycling - Magyarorsz\u00e1g","article_publisher":"https:\/\/www.facebook.com\/WeLoveCyclingHungary\/","article_published_time":"2018-07-30T08:23:01+00:00","article_modified_time":"2018-08-03T14:32:22+00:00","og_image":[{"width":1366,"height":600,"url":"https:\/\/d2p6e6u75xmxt8.cloudfront.net\/12\/2018\/07\/kerekparbarat-munkaltatok-cover.jpg","type":"image\/jpeg"}],"author":"hegyizs","twitter_card":"summary_large_image","twitter_misc":{"Written by":"hegyizs","Est. reading time":"4 minutes"},"schema":{"@context":"https:\/\/schema.org","@graph":[{"@type":"WebPage","@id":"https:\/\/www.welovecycling.com\/hu\/miert-tekerunk\/kerekparbarat-munkaltatok\/","url":"https:\/\/www.welovecycling.com\/hu\/miert-tekerunk\/kerekparbarat-munkaltatok\/","name":"Ker\u00e9kp\u00e1rbar\u00e1t munk\u00e1ltat\u00f3k \u00e9s ing\u00e1z\u00e1s ker\u00e9kp\u00e1rral - \u0160koda We Love Cycling - Magyarorsz\u00e1g","isPartOf":{"@id":"https:\/\/www.welovecycling.com\/hu\/#website"},"primaryImageOfPage":{"@id":"https:\/\/www.welovecycling.com\/hu\/miert-tekerunk\/kerekparbarat-munkaltatok\/#primaryimage"},"image":{"@id":"https:\/\/www.welovecycling.com\/hu\/miert-tekerunk\/kerekparbarat-munkaltatok\/#primaryimage"},"thumbnailUrl":"https:\/\/d2p6e6u75xmxt8.cloudfront.net\/12\/2018\/07\/kerekparbarat-munkaltatok-cover.jpg","datePublished":"2018-07-30T08:23:01+00:00","dateModified":"2018-08-03T14:32:22+00:00","author":{"@id":"https:\/\/www.welovecycling.com\/hu\/#\/schema\/person\/414a2aebf1801691a5320edb6468e194"},"description":"Rengeteg el\u0151nnyel j\u00e1rhat, ha \u00f6szt\u00f6n\u00f6zz\u00fck az alkalmazottakat arra, hogy ker\u00e9kp\u00e1rral j\u00e1rjanak dolgozni. Eg\u00e9szs\u00e9gesebbek lesznek, javul a produktivit\u00e1suk, \u00e9s m\u00e9g a v\u00e1llalkoz\u00e1s k\u00f6zleked\u00e9si k\u00f6lts\u00e9gei is cs\u00f6kkennek. A megval\u00f3s\u00edt\u00e1sban a ker\u00e9kp\u00e1rbar\u00e1t munk\u00e1ltat\u00f3k is seg\u00edthetnek.","breadcrumb":{"@id":"https:\/\/www.welovecycling.com\/hu\/miert-tekerunk\/kerekparbarat-munkaltatok\/#breadcrumb"},"inLanguage":"hu","potentialAction":[{"@type":"ReadAction","target":["https:\/\/www.welovecycling.com\/hu\/miert-tekerunk\/kerekparbarat-munkaltatok\/"]}]},{"@type":"ImageObject","inLanguage":"hu","@id":"https:\/\/www.welovecycling.com\/hu\/miert-tekerunk\/kerekparbarat-munkaltatok\/#primaryimage","url":"https:\/\/d2p6e6u75xmxt8.cloudfront.net\/12\/2018\/07\/kerekparbarat-munkaltatok-cover.jpg","contentUrl":"https:\/\/d2p6e6u75xmxt8.cloudfront.net\/12\/2018\/07\/kerekparbarat-munkaltatok-cover.jpg","width":1366,"height":600},{"@type":"BreadcrumbList","@id":"https:\/\/www.welovecycling.com\/hu\/miert-tekerunk\/kerekparbarat-munkaltatok\/#breadcrumb","itemListElement":[{"@type":"ListItem","position":1,"name":"Home","item":"https:\/\/www.welovecycling.com\/hu\/"},{"@type":"ListItem","position":2,"name":"Ker\u00e9kp\u00e1rbar\u00e1t munk\u00e1ltat\u00f3k \u00e9s ing\u00e1z\u00e1s ker\u00e9kp\u00e1rral"}]},{"@type":"WebSite","@id":"https:\/\/www.welovecycling.com\/hu\/#website","url":"https:\/\/www.welovecycling.com\/hu\/","name":"\u0160koda We Love Cycling - Magyarorsz\u00e1g","description":"\u0160koda WeLoveCycling","potentialAction":[{"@type":"SearchAction","target":{"@type":"EntryPoint","urlTemplate":"https:\/\/www.welovecycling.com\/hu\/?s={search_term_string}"},"query-input":{"@type":"PropertyValueSpecification","valueRequired":true,"valueName":"search_term_string"}}],"inLanguage":"hu"},{"@type":"Person","@id":"https:\/\/www.welovecycling.com\/hu\/#\/schema\/person\/414a2aebf1801691a5320edb6468e194","name":"hegyizs","image":{"@type":"ImageObject","inLanguage":"hu","@id":"https:\/\/www.welovecycling.com\/hu\/#\/schema\/person\/image\/","url":"https:\/\/secure.gravatar.com\/avatar\/02cf8a7906b8cf90cecb4679defac7cfd33a1c2e3b88e4903d947f3bb58eedd3?s=96&d=mm&r=g","contentUrl":"https:\/\/secure.gravatar.com\/avatar\/02cf8a7906b8cf90cecb4679defac7cfd33a1c2e3b88e4903d947f3bb58eedd3?s=96&d=mm&r=g","caption":"hegyizs"},"url":"https:\/\/www.welovecycling.com\/hu\/author\/hegyizs\/"}]}},"_links":{"self":[{"href":"https:\/\/www.welovecycling.com\/hu\/wp-json\/wp\/v2\/posts\/1408","targetHints":{"allow":["GET"]}}],"collection":[{"href":"https:\/\/www.welovecycling.com\/hu\/wp-json\/wp\/v2\/posts"}],"about":[{"href":"https:\/\/www.welovecycling.com\/hu\/wp-json\/wp\/v2\/types\/post"}],"author":[{"embeddable":true,"href":"https:\/\/www.welovecycling.com\/hu\/wp-json\/wp\/v2\/users\/71"}],"replies":[{"embeddable":true,"href":"https:\/\/www.welovecycling.com\/hu\/wp-json\/wp\/v2\/comments?post=1408"}],"version-history":[{"count":1,"href":"https:\/\/www.welovecycling.com\/hu\/wp-json\/wp\/v2\/posts\/1408\/revisions"}],"predecessor-version":[{"id":1412,"href":"https:\/\/www.welovecycling.com\/hu\/wp-json\/wp\/v2\/posts\/1408\/revisions\/1412"}],"wp:featuredmedia":[{"embeddable":true,"href":"https:\/\/www.welovecycling.com\/hu\/wp-json\/wp\/v2\/media\/1411"}],"wp:attachment":[{"href":"https:\/\/www.welovecycling.com\/hu\/wp-json\/wp\/v2\/media?parent=1408"}],"wp:term":[{"taxonomy":"category","embeddable":true,"href":"https:\/\/www.welovecycling.com\/hu\/wp-json\/wp\/v2\/categories?post=1408"},{"taxonomy":"post_tag","embeddable":true,"href":"https:\/\/www.welovecycling.com\/hu\/wp-json\/wp\/v2\/tags?post=1408"},{"taxonomy":"global-categories","embeddable":true,"href":"https:\/\/www.welovecycling.com\/hu\/wp-json\/wp\/v2\/global-categories?post=1408"}],"curies":[{"name":"wp","href":"https:\/\/api.w.org\/{rel}","templated":true}]}}