{"id":14077,"date":"2022-04-13T08:00:42","date_gmt":"2022-04-13T06:00:42","guid":{"rendered":"https:\/\/www.welovecycling.com\/hu\/?p=14077"},"modified":"2022-04-08T15:51:19","modified_gmt":"2022-04-08T13:51:19","slug":"fitness-trackerek-kinek-valnak-be","status":"publish","type":"post","link":"https:\/\/www.welovecycling.com\/hu\/edzes-es-eletmod\/fitness-trackerek-kinek-valnak-be\/","title":{"rendered":"Fitness trackerek &#8211; Kinek v\u00e1lnak be?"},"content":{"rendered":"<p><strong>Haszn\u00e1lsz olyan fitnesz trackert, mint p\u00e9ld\u00e1ul a Fitbi, Garmin, Suunto, Polar, Apple Watch vagy Samsung Watch? Az appok \u00e9s okos\u00f3r\u00e1k nagyon n\u00e9pszer\u0171ek, de nem biztos, hogy mindenki sz\u00e1m\u00e1ra bev\u00e1lnak. N\u00e9zz\u00fck meg k\u00f6zelebbr\u0151l, hogy kinek el\u0151ny\u00f6sek, \u00e9s kinek \u00e9rdemes otthon hagyni \u0151ket!<\/strong><\/p>\n<p><!--more--><\/p>\n<h2><strong>Seg\u00edt n\u00f6velni az aktivit\u00e1st<\/strong><\/h2>\n<p>A kutat\u00e1sok azt mutatj\u00e1k, hogy a fitnesz trackerek egy dolgot el\u00e9g j\u00f3l tudnak. Egy t\u00f6bb mint 4200 r\u00e9sztvev\u0151vel v\u00e9gzett kutat\u00e1s arr\u00f3l sz\u00e1molt be, hogy 15 h\u00e9t haszn\u00e1lat ut\u00e1n jelent\u0151sen megn\u00f6vekedett azoknak a fizikai aktivit\u00e1sa, akik haszn\u00e1ltak valamilyen trackert. E vizsg\u00e1latok mintegy 70%-a a fizikai aktivit\u00e1s szintj\u00e9nek n\u00f6veked\u00e9s\u00e9t mutatta ki.<\/p>\n<p>Ezt a kutat\u00e1st f\u0151k\u00e9nt olyan embereken v\u00e9gezt\u00e9k, akik cukorbetegs\u00e9ggel, sz\u00edvbetegs\u00e9ggel \u00e9s t\u00fals\u00fallyal k\u00fczdenek. Most m\u00e1r csak az a k\u00e9rd\u00e9s, hogy az eg\u00e9szs\u00e9ges emberek sz\u00e1m\u00e1ra is el\u0151ny\u00f6sek-e a k\u00fcty\u00fck? A v\u00e1lasz erre az, hogy att\u00f3l f\u00fcgg, hogy az emberek hogyan haszn\u00e1lj\u00e1k \u0151ket, \u00e9s hogyan \u00e9rtelmezik a bel\u0151l\u00fck nyert adatokat.<\/p>\n<figure id=\"attachment_11746\" aria-describedby=\"caption-attachment-11746\" style=\"width: 1000px\" class=\"wp-caption alignnone\"><a href=\"https:\/\/d2p6e6u75xmxt8.cloudfront.net\/12\/2021\/06\/Cyclist-training-profimedia-0614192494.jpg\"><img loading=\"lazy\" decoding=\"async\" class=\"wp-image-11746 size-full\" src=\"https:\/\/d2p6e6u75xmxt8.cloudfront.net\/12\/2021\/06\/Cyclist-training-profimedia-0614192494.jpg\" alt=\"Cyclist training\" width=\"1000\" height=\"666\" srcset=\"https:\/\/d2p6e6u75xmxt8.cloudfront.net\/12\/2021\/06\/Cyclist-training-profimedia-0614192494.jpg 1000w, https:\/\/d2p6e6u75xmxt8.cloudfront.net\/12\/2021\/06\/Cyclist-training-profimedia-0614192494-300x200.jpg 300w, https:\/\/d2p6e6u75xmxt8.cloudfront.net\/12\/2021\/06\/Cyclist-training-profimedia-0614192494-768x511.jpg 768w, https:\/\/d2p6e6u75xmxt8.cloudfront.net\/12\/2021\/06\/Cyclist-training-profimedia-0614192494-272x182.jpg 272w\" sizes=\"auto, (max-width: 1000px) 100vw, 1000px\" \/><\/a><figcaption id=\"caption-attachment-11746\" class=\"wp-caption-text\"><em>Te haszn\u00e1lsz valamilyen k\u00fcty\u00fct? \u00a9 Profimedia<\/em><\/figcaption><\/figure>\n<h2><strong>Az adatok megismer\u00e9se aggodalmat v\u00e1lthat ki<\/strong><\/h2>\n<p>A probl\u00e9ma a l\u00e9p\u00e9sek sz\u00e1m\u00e1nak, az alv\u00e1s min\u0151s\u00e9g\u00e9nek, a s\u00falyv\u00e1ltoz\u00e1snak vagy a pulzussz\u00e1m-v\u00e1ltoz\u00e1snak a megtekint\u00e9s\u00e9vel az, hogy az emberek k\u00fcl\u00f6nb\u00f6z\u0151k\u00e9ppen \u00e9rtelmezik ezeket. Egyesek \u00fagy v\u00e9lik, hogy ezek alapj\u00e1n meg\u00edt\u00e9lhetik, mennyire j\u00f3 a rutinjuk \u00e9s az \u00e9letm\u00f3djuk. M\u00e1sok viszont \u00fagy tekintenek ezekre a m\u00e9r\u0151sz\u00e1mokra, mint egy nyilatkozatra arr\u00f3l, hogy kik is \u0151k val\u00f3j\u00e1ban. Ha a rossz alv\u00e1st l\u00e1tva azt gondolod, hogy &#8220;biztos valami baj van velem&#8221; vagy &#8220;lehet, hogy beteg vagyok&#8221;, akkor a nyomonk\u00f6vet\u00e9s tal\u00e1n t\u00f6bbet \u00e1rt, mint haszn\u00e1l. A kutat\u00e1sok azt sugallj\u00e1k, hogy val\u00f3ban vannak olyan forgat\u00f3k\u00f6nyvek, amikben az emberek hajlamosak t\u00fals\u00e1gosan szem\u00e9lyesen venni a m\u00e9rt adatokat.<\/p>\n<ul>\n<li>Azok az emberek, akik a k\u00f6vetett viselked\u00e9st h\u00e1zi feladatnak tekintik. &#8220;Ezt kell tennem, hogy lefogyjak&#8221;.<\/li>\n<li>Azok az emberek, akik \u00fagy \u00e9rzik, hogy nincs v\u00e1laszt\u00e1suk. &#8220;Az orvosom azt mondta, hogy edzenem kell\u201d.<\/li>\n<li>Azok, akik csak az\u00e9rt sportolnak, hogy elker\u00fclj\u00e9k a b\u0171ntudatot. &#8220;Az\u00e9rt megyek edz\u0151terembe, mert nem akarom rosszul \u00e9rezni magam amiatt, hogy nem sportolok&#8221;.<\/li>\n<\/ul>\n<h2><strong>Tervez\u00e9s n\u00e9lk\u00fcl mit sem \u00e9rnek<\/strong><\/h2>\n<p>A helyzet az, hogy m\u00e9g ha szeretsz is biciklizni, \u00e9s az\u00e9rt csin\u00e1lod, mert szeretn\u00e9d, \u00e9s nem az\u00e9rt, hogy elker\u00fcld a b\u0171ntudatot, akkor sem biztos, hogy hasznodra v\u00e1lik a nyomonk\u00f6vet\u00e9s. A kutat\u00e1sok azt mutatj\u00e1k, hogy terv n\u00e9lk\u00fcl a k\u00fcty\u00fck sz\u00f3rakoztat\u00f3ak, de nem hasznosak. Gondoljunk csak a k\u00f6vetkez\u0151 k\u00e9t forgat\u00f3k\u00f6nyvre.<\/p>\n<h2><strong>Biciklis k\u00e9sz tervvel \u00e9s k\u00fcty\u00fcvel<\/strong><\/h2>\n<p>Az, akinek van edz\u00e9sterve, arra haszn\u00e1lja az adatokat, hogy l\u00e1ssa, fejl\u0151dik-e. Tudja, mikor van itt az ideje annak, hogy k\u00f6nnyed\u00e9n tekerjen \u00e9s \u00e9p\u00edtse \u00e1ll\u00f3k\u00e9pess\u00e9g\u00e9t, m\u00e9g akkor is, ha az ilyen teker\u00e9sek adatai nem kifejezetten leny\u0171g\u00f6z\u0151ek. Azt is tudja, hogy mikor kell mindent beleadnia, hogy megtudja, jav\u00edtotta-e az idej\u00e9t egy bizonyos emelked\u0151n. A m\u00e9rt adatok seg\u00edtenek neki visszatekinteni, \u00e9s jav\u00edtani az edz\u00e9sterv\u00fck\u00f6n.<\/p>\n<h2><strong>Biciklis terv n\u00e9lk\u00fcl, k\u00fcty\u00fcvel<\/strong><\/h2>\n<p>\u0150 csak az\u00e9rt k\u00f6veti az adatokat, mert \u00e9pp n\u00e1la van a k\u00fcty\u00fcje. Ebben a forgat\u00f3k\u00f6nyvben az adatok semmit sem jelentenek, \u00e9s nincs val\u00f3di hat\u00e1suk a ker\u00e9kp\u00e1rosra. Elk\u00e9pzelhet\u0151 viszont, hogy motiv\u00e1ci\u00f3s forr\u00e1ss\u00e1 v\u00e1lhatnak ahhoz, hogy minden egyes teker\u00e9sn\u00e9l a legjobb id\u0151t pr\u00f3b\u00e1lja el\u00e9rni. Ez arra k\u00e9szteti, hogy t\u00fal gyakran, t\u00fal kem\u00e9nyen tekerjen, \u00edgy lehet, hogy hamar ki\u00e9g \u00e9s feladja, vagy nehezen regener\u00e1l\u00f3dik \u00e9s stagn\u00e1lni fog. A m\u00e9rt adatok minden edz\u00e9st versenyz\u00e9ss\u00e9 v\u00e1ltoztatnak.<\/p>\n<h2><strong>Ki j\u00e1r igaz\u00e1n j\u00f3l?<\/strong><\/h2>\n<p>Egy\u00e9rtelm\u0171, hogy a fitness trackerek nagyon hasznosak lehetnek abban, hogy az emberek t\u00f6bb testmozg\u00e1st v\u00e9gezzenek, \u00e9s olyan adatokat k\u00edn\u00e1lnak, amik jav\u00edthatj\u00e1k az edz\u00e9s hat\u00e9konys\u00e1g\u00e1t. Ha e k\u00e9t forgat\u00f3k\u00f6nyv valamelyik\u00e9re haszn\u00e1lod \u0151ket, akkor val\u00f3sz\u00edn\u0171leg te is profit\u00e1lsz bel\u0151l\u00fck. Az is vil\u00e1gos azonban, hogy egyesek hajlamosak t\u00fals\u00e1gosan agg\u00f3dni az adataik miatt, \u00e9s a nyomonk\u00f6vet\u00e9s teherr\u00e9 v\u00e1lik sz\u00e1mukra.<\/p>\n<p>Ha van edz\u00e9sterved, \u00e9s tudod, hogyan szeretn\u00e9d felhaszn\u00e1lni az adatokat, akkor felmer\u00fclhet benned a k\u00e9rd\u00e9s, mennyire pontosak ezek az eszk\u00f6z\u00f6k. Ezt a k\u00f6vetkez\u0151 cikk\u00fcnkben vizsg\u00e1ljuk meg!<\/p>\n","protected":false},"excerpt":{"rendered":"<p>Haszn\u00e1lsz olyan fitnesz trackert, mint p\u00e9ld\u00e1ul a Fitbi, Garmin, Suunto, Polar, Apple Watch vagy Samsung Watch? Az appok \u00e9s okos\u00f3r\u00e1k [&hellip;]<\/p>\n","protected":false},"author":71,"featured_media":14079,"comment_status":"open","ping_status":"open","sticky":false,"template":"","format":"standard","meta":{"footnotes":""},"categories":[6],"tags":[],"global-categories":[],"class_list":["post-14077","post","type-post","status-publish","format-standard","has-post-thumbnail","hentry","category-edzes-es-eletmod"],"yoast_head":"<!-- This site is optimized with the Yoast SEO Premium plugin v25.3 (Yoast SEO v25.9) - https:\/\/yoast.com\/wordpress\/plugins\/seo\/ -->\n<title>Fitness trackerek - Kinek v\u00e1lnak be?<\/title>\n<meta name=\"description\" content=\"Haszn\u00e1lsz olyan fitnesz trackert, mint p\u00e9ld\u00e1ul a Fitbi, Garmin, Suunto, Polar, Apple Watch vagy Samsung Watch? Az appok \u00e9s okos\u00f3r\u00e1k nagyon n\u00e9pszer\u0171ek, de nem biztos, hogy mindenki sz\u00e1m\u00e1ra bev\u00e1lnak. N\u00e9zz\u00fck meg k\u00f6zelebbr\u0151l, hogy kinek el\u0151ny\u00f6sek, \u00e9s kinek \u00e9rdemes otthon hagyni \u0151ket!\" \/>\n<meta name=\"robots\" content=\"index, follow, max-snippet:-1, max-image-preview:large, max-video-preview:-1\" \/>\n<link rel=\"canonical\" href=\"https:\/\/www.welovecycling.com\/hu\/edzes-es-eletmod\/fitness-trackerek-kinek-valnak-be\/\" \/>\n<meta property=\"og:locale\" content=\"hu_HU\" \/>\n<meta property=\"og:type\" content=\"article\" \/>\n<meta property=\"og:title\" content=\"Fitness trackerek - Kinek v\u00e1lnak be?\" \/>\n<meta property=\"og:description\" content=\"Haszn\u00e1lsz olyan fitnesz trackert, mint p\u00e9ld\u00e1ul a Fitbi, Garmin, Suunto, Polar, Apple Watch vagy Samsung Watch? Az appok \u00e9s okos\u00f3r\u00e1k nagyon n\u00e9pszer\u0171ek, de nem biztos, hogy mindenki sz\u00e1m\u00e1ra bev\u00e1lnak. N\u00e9zz\u00fck meg k\u00f6zelebbr\u0151l, hogy kinek el\u0151ny\u00f6sek, \u00e9s kinek \u00e9rdemes otthon hagyni \u0151ket!\" \/>\n<meta property=\"og:url\" content=\"https:\/\/www.welovecycling.com\/hu\/edzes-es-eletmod\/fitness-trackerek-kinek-valnak-be\/\" \/>\n<meta property=\"og:site_name\" content=\"\u0160koda We Love Cycling - Magyarorsz\u00e1g\" \/>\n<meta property=\"article:publisher\" content=\"https:\/\/www.facebook.com\/WeLoveCyclingHungary\/\" \/>\n<meta property=\"article:published_time\" content=\"2022-04-13T06:00:42+00:00\" \/>\n<meta property=\"og:image\" content=\"https:\/\/d2p6e6u75xmxt8.cloudfront.net\/12\/2022\/04\/Cyclist-with-a-fitness-tracker-profimedia-0374728165-CVR.jpg\" \/>\n\t<meta property=\"og:image:width\" content=\"1366\" \/>\n\t<meta property=\"og:image:height\" content=\"600\" \/>\n\t<meta property=\"og:image:type\" content=\"image\/jpeg\" \/>\n<meta name=\"author\" content=\"hegyizs\" \/>\n<meta name=\"twitter:card\" content=\"summary_large_image\" \/>\n<meta name=\"twitter:label1\" content=\"Written by\" \/>\n\t<meta name=\"twitter:data1\" content=\"Jiri Kaloc\" \/>\n\t<meta name=\"twitter:label2\" content=\"Est. reading time\" \/>\n\t<meta name=\"twitter:data2\" content=\"5\" \/>\n<script type=\"application\/ld+json\" class=\"yoast-schema-graph\">{\"@context\":\"https:\/\/schema.org\",\"@graph\":[{\"@type\":\"WebPage\",\"@id\":\"https:\/\/www.welovecycling.com\/hu\/edzes-es-eletmod\/fitness-trackerek-kinek-valnak-be\/\",\"url\":\"https:\/\/www.welovecycling.com\/hu\/edzes-es-eletmod\/fitness-trackerek-kinek-valnak-be\/\",\"name\":\"Fitness trackerek - Kinek v\u00e1lnak be?\",\"isPartOf\":{\"@id\":\"https:\/\/www.welovecycling.com\/hu\/#website\"},\"primaryImageOfPage\":{\"@id\":\"https:\/\/www.welovecycling.com\/hu\/edzes-es-eletmod\/fitness-trackerek-kinek-valnak-be\/#primaryimage\"},\"image\":{\"@id\":\"https:\/\/www.welovecycling.com\/hu\/edzes-es-eletmod\/fitness-trackerek-kinek-valnak-be\/#primaryimage\"},\"thumbnailUrl\":\"https:\/\/d2p6e6u75xmxt8.cloudfront.net\/12\/2022\/04\/Cyclist-with-a-fitness-tracker-profimedia-0374728165-CVR.jpg\",\"datePublished\":\"2022-04-13T06:00:42+00:00\",\"author\":{\"@id\":\"https:\/\/www.welovecycling.com\/hu\/#\/schema\/person\/414a2aebf1801691a5320edb6468e194\"},\"description\":\"Haszn\u00e1lsz olyan fitnesz trackert, mint p\u00e9ld\u00e1ul a Fitbi, Garmin, Suunto, Polar, Apple Watch vagy Samsung Watch? Az appok \u00e9s okos\u00f3r\u00e1k nagyon n\u00e9pszer\u0171ek, de nem biztos, hogy mindenki sz\u00e1m\u00e1ra bev\u00e1lnak. N\u00e9zz\u00fck meg k\u00f6zelebbr\u0151l, hogy kinek el\u0151ny\u00f6sek, \u00e9s kinek \u00e9rdemes otthon hagyni \u0151ket!\",\"breadcrumb\":{\"@id\":\"https:\/\/www.welovecycling.com\/hu\/edzes-es-eletmod\/fitness-trackerek-kinek-valnak-be\/#breadcrumb\"},\"inLanguage\":\"hu\",\"potentialAction\":[{\"@type\":\"ReadAction\",\"target\":[\"https:\/\/www.welovecycling.com\/hu\/edzes-es-eletmod\/fitness-trackerek-kinek-valnak-be\/\"]}]},{\"@type\":\"ImageObject\",\"inLanguage\":\"hu\",\"@id\":\"https:\/\/www.welovecycling.com\/hu\/edzes-es-eletmod\/fitness-trackerek-kinek-valnak-be\/#primaryimage\",\"url\":\"https:\/\/d2p6e6u75xmxt8.cloudfront.net\/12\/2022\/04\/Cyclist-with-a-fitness-tracker-profimedia-0374728165-CVR.jpg\",\"contentUrl\":\"https:\/\/d2p6e6u75xmxt8.cloudfront.net\/12\/2022\/04\/Cyclist-with-a-fitness-tracker-profimedia-0374728165-CVR.jpg\",\"width\":1366,\"height\":600,\"caption\":\"Cyclist with a fitness tracker\"},{\"@type\":\"BreadcrumbList\",\"@id\":\"https:\/\/www.welovecycling.com\/hu\/edzes-es-eletmod\/fitness-trackerek-kinek-valnak-be\/#breadcrumb\",\"itemListElement\":[{\"@type\":\"ListItem\",\"position\":1,\"name\":\"Home\",\"item\":\"https:\/\/www.welovecycling.com\/hu\/\"},{\"@type\":\"ListItem\",\"position\":2,\"name\":\"Fitness trackerek &#8211; Kinek v\u00e1lnak be?\"}]},{\"@type\":\"WebSite\",\"@id\":\"https:\/\/www.welovecycling.com\/hu\/#website\",\"url\":\"https:\/\/www.welovecycling.com\/hu\/\",\"name\":\"\u0160koda We Love Cycling - Magyarorsz\u00e1g\",\"description\":\"\u0160koda WeLoveCycling\",\"potentialAction\":[{\"@type\":\"SearchAction\",\"target\":{\"@type\":\"EntryPoint\",\"urlTemplate\":\"https:\/\/www.welovecycling.com\/hu\/?s={search_term_string}\"},\"query-input\":{\"@type\":\"PropertyValueSpecification\",\"valueRequired\":true,\"valueName\":\"search_term_string\"}}],\"inLanguage\":\"hu\"},{\"@type\":\"Person\",\"@id\":\"https:\/\/www.welovecycling.com\/hu\/#\/schema\/person\/414a2aebf1801691a5320edb6468e194\",\"name\":\"hegyizs\",\"image\":{\"@type\":\"ImageObject\",\"inLanguage\":\"hu\",\"@id\":\"https:\/\/www.welovecycling.com\/hu\/#\/schema\/person\/image\/\",\"url\":\"https:\/\/secure.gravatar.com\/avatar\/02cf8a7906b8cf90cecb4679defac7cfd33a1c2e3b88e4903d947f3bb58eedd3?s=96&d=mm&r=g\",\"contentUrl\":\"https:\/\/secure.gravatar.com\/avatar\/02cf8a7906b8cf90cecb4679defac7cfd33a1c2e3b88e4903d947f3bb58eedd3?s=96&d=mm&r=g\",\"caption\":\"hegyizs\"},\"url\":\"https:\/\/www.welovecycling.com\/hu\/author\/hegyizs\/\"}]}<\/script>\n<!-- \/ Yoast SEO Premium plugin. -->","yoast_head_json":{"title":"Fitness trackerek - Kinek v\u00e1lnak be?","description":"Haszn\u00e1lsz olyan fitnesz trackert, mint p\u00e9ld\u00e1ul a Fitbi, Garmin, Suunto, Polar, Apple Watch vagy Samsung Watch? Az appok \u00e9s okos\u00f3r\u00e1k nagyon n\u00e9pszer\u0171ek, de nem biztos, hogy mindenki sz\u00e1m\u00e1ra bev\u00e1lnak. N\u00e9zz\u00fck meg k\u00f6zelebbr\u0151l, hogy kinek el\u0151ny\u00f6sek, \u00e9s kinek \u00e9rdemes otthon hagyni \u0151ket!","robots":{"index":"index","follow":"follow","max-snippet":"max-snippet:-1","max-image-preview":"max-image-preview:large","max-video-preview":"max-video-preview:-1"},"canonical":"https:\/\/www.welovecycling.com\/hu\/edzes-es-eletmod\/fitness-trackerek-kinek-valnak-be\/","og_locale":"hu_HU","og_type":"article","og_title":"Fitness trackerek - Kinek v\u00e1lnak be?","og_description":"Haszn\u00e1lsz olyan fitnesz trackert, mint p\u00e9ld\u00e1ul a Fitbi, Garmin, Suunto, Polar, Apple Watch vagy Samsung Watch? Az appok \u00e9s okos\u00f3r\u00e1k nagyon n\u00e9pszer\u0171ek, de nem biztos, hogy mindenki sz\u00e1m\u00e1ra bev\u00e1lnak. N\u00e9zz\u00fck meg k\u00f6zelebbr\u0151l, hogy kinek el\u0151ny\u00f6sek, \u00e9s kinek \u00e9rdemes otthon hagyni \u0151ket!","og_url":"https:\/\/www.welovecycling.com\/hu\/edzes-es-eletmod\/fitness-trackerek-kinek-valnak-be\/","og_site_name":"\u0160koda We Love Cycling - Magyarorsz\u00e1g","article_publisher":"https:\/\/www.facebook.com\/WeLoveCyclingHungary\/","article_published_time":"2022-04-13T06:00:42+00:00","og_image":[{"width":1366,"height":600,"url":"https:\/\/d2p6e6u75xmxt8.cloudfront.net\/12\/2022\/04\/Cyclist-with-a-fitness-tracker-profimedia-0374728165-CVR.jpg","type":"image\/jpeg"}],"author":"hegyizs","twitter_card":"summary_large_image","twitter_misc":{"Written by":"Jiri Kaloc","Est. reading time":"5"},"schema":{"@context":"https:\/\/schema.org","@graph":[{"@type":"WebPage","@id":"https:\/\/www.welovecycling.com\/hu\/edzes-es-eletmod\/fitness-trackerek-kinek-valnak-be\/","url":"https:\/\/www.welovecycling.com\/hu\/edzes-es-eletmod\/fitness-trackerek-kinek-valnak-be\/","name":"Fitness trackerek - Kinek v\u00e1lnak be?","isPartOf":{"@id":"https:\/\/www.welovecycling.com\/hu\/#website"},"primaryImageOfPage":{"@id":"https:\/\/www.welovecycling.com\/hu\/edzes-es-eletmod\/fitness-trackerek-kinek-valnak-be\/#primaryimage"},"image":{"@id":"https:\/\/www.welovecycling.com\/hu\/edzes-es-eletmod\/fitness-trackerek-kinek-valnak-be\/#primaryimage"},"thumbnailUrl":"https:\/\/d2p6e6u75xmxt8.cloudfront.net\/12\/2022\/04\/Cyclist-with-a-fitness-tracker-profimedia-0374728165-CVR.jpg","datePublished":"2022-04-13T06:00:42+00:00","author":{"@id":"https:\/\/www.welovecycling.com\/hu\/#\/schema\/person\/414a2aebf1801691a5320edb6468e194"},"description":"Haszn\u00e1lsz olyan fitnesz trackert, mint p\u00e9ld\u00e1ul a Fitbi, Garmin, Suunto, Polar, Apple Watch vagy Samsung Watch? Az appok \u00e9s okos\u00f3r\u00e1k nagyon n\u00e9pszer\u0171ek, de nem biztos, hogy mindenki sz\u00e1m\u00e1ra bev\u00e1lnak. N\u00e9zz\u00fck meg k\u00f6zelebbr\u0151l, hogy kinek el\u0151ny\u00f6sek, \u00e9s kinek \u00e9rdemes otthon hagyni \u0151ket!","breadcrumb":{"@id":"https:\/\/www.welovecycling.com\/hu\/edzes-es-eletmod\/fitness-trackerek-kinek-valnak-be\/#breadcrumb"},"inLanguage":"hu","potentialAction":[{"@type":"ReadAction","target":["https:\/\/www.welovecycling.com\/hu\/edzes-es-eletmod\/fitness-trackerek-kinek-valnak-be\/"]}]},{"@type":"ImageObject","inLanguage":"hu","@id":"https:\/\/www.welovecycling.com\/hu\/edzes-es-eletmod\/fitness-trackerek-kinek-valnak-be\/#primaryimage","url":"https:\/\/d2p6e6u75xmxt8.cloudfront.net\/12\/2022\/04\/Cyclist-with-a-fitness-tracker-profimedia-0374728165-CVR.jpg","contentUrl":"https:\/\/d2p6e6u75xmxt8.cloudfront.net\/12\/2022\/04\/Cyclist-with-a-fitness-tracker-profimedia-0374728165-CVR.jpg","width":1366,"height":600,"caption":"Cyclist with a fitness tracker"},{"@type":"BreadcrumbList","@id":"https:\/\/www.welovecycling.com\/hu\/edzes-es-eletmod\/fitness-trackerek-kinek-valnak-be\/#breadcrumb","itemListElement":[{"@type":"ListItem","position":1,"name":"Home","item":"https:\/\/www.welovecycling.com\/hu\/"},{"@type":"ListItem","position":2,"name":"Fitness trackerek &#8211; Kinek v\u00e1lnak be?"}]},{"@type":"WebSite","@id":"https:\/\/www.welovecycling.com\/hu\/#website","url":"https:\/\/www.welovecycling.com\/hu\/","name":"\u0160koda We Love Cycling - Magyarorsz\u00e1g","description":"\u0160koda WeLoveCycling","potentialAction":[{"@type":"SearchAction","target":{"@type":"EntryPoint","urlTemplate":"https:\/\/www.welovecycling.com\/hu\/?s={search_term_string}"},"query-input":{"@type":"PropertyValueSpecification","valueRequired":true,"valueName":"search_term_string"}}],"inLanguage":"hu"},{"@type":"Person","@id":"https:\/\/www.welovecycling.com\/hu\/#\/schema\/person\/414a2aebf1801691a5320edb6468e194","name":"hegyizs","image":{"@type":"ImageObject","inLanguage":"hu","@id":"https:\/\/www.welovecycling.com\/hu\/#\/schema\/person\/image\/","url":"https:\/\/secure.gravatar.com\/avatar\/02cf8a7906b8cf90cecb4679defac7cfd33a1c2e3b88e4903d947f3bb58eedd3?s=96&d=mm&r=g","contentUrl":"https:\/\/secure.gravatar.com\/avatar\/02cf8a7906b8cf90cecb4679defac7cfd33a1c2e3b88e4903d947f3bb58eedd3?s=96&d=mm&r=g","caption":"hegyizs"},"url":"https:\/\/www.welovecycling.com\/hu\/author\/hegyizs\/"}]}},"_links":{"self":[{"href":"https:\/\/www.welovecycling.com\/hu\/wp-json\/wp\/v2\/posts\/14077","targetHints":{"allow":["GET"]}}],"collection":[{"href":"https:\/\/www.welovecycling.com\/hu\/wp-json\/wp\/v2\/posts"}],"about":[{"href":"https:\/\/www.welovecycling.com\/hu\/wp-json\/wp\/v2\/types\/post"}],"author":[{"embeddable":true,"href":"https:\/\/www.welovecycling.com\/hu\/wp-json\/wp\/v2\/users\/71"}],"replies":[{"embeddable":true,"href":"https:\/\/www.welovecycling.com\/hu\/wp-json\/wp\/v2\/comments?post=14077"}],"version-history":[{"count":2,"href":"https:\/\/www.welovecycling.com\/hu\/wp-json\/wp\/v2\/posts\/14077\/revisions"}],"predecessor-version":[{"id":14090,"href":"https:\/\/www.welovecycling.com\/hu\/wp-json\/wp\/v2\/posts\/14077\/revisions\/14090"}],"wp:featuredmedia":[{"embeddable":true,"href":"https:\/\/www.welovecycling.com\/hu\/wp-json\/wp\/v2\/media\/14079"}],"wp:attachment":[{"href":"https:\/\/www.welovecycling.com\/hu\/wp-json\/wp\/v2\/media?parent=14077"}],"wp:term":[{"taxonomy":"category","embeddable":true,"href":"https:\/\/www.welovecycling.com\/hu\/wp-json\/wp\/v2\/categories?post=14077"},{"taxonomy":"post_tag","embeddable":true,"href":"https:\/\/www.welovecycling.com\/hu\/wp-json\/wp\/v2\/tags?post=14077"},{"taxonomy":"global-categories","embeddable":true,"href":"https:\/\/www.welovecycling.com\/hu\/wp-json\/wp\/v2\/global-categories?post=14077"}],"curies":[{"name":"wp","href":"https:\/\/api.w.org\/{rel}","templated":true}]}}