{"id":14060,"date":"2022-04-10T08:00:24","date_gmt":"2022-04-10T06:00:24","guid":{"rendered":"https:\/\/www.welovecycling.com\/hu\/?p=14060"},"modified":"2022-04-08T15:47:02","modified_gmt":"2022-04-08T13:47:02","slug":"mi-a-teendo-ha-a-lanc-ugrik-vagy-megnyult","status":"publish","type":"post","link":"https:\/\/www.welovecycling.com\/hu\/edzes-es-eletmod\/mi-a-teendo-ha-a-lanc-ugrik-vagy-megnyult\/","title":{"rendered":"Mi a teend\u0151, ha a l\u00e1nc ugrik, vagy \u201emegny\u00falt\u201d?"},"content":{"rendered":"<p><strong>A t\u00e9li h\u00f3napok ut\u00e1n \u00e9rdemes a l\u00e1ncfeszess\u00e9get is ellen\u0151rizni, ezt am\u00fagy sem \u00e1rt id\u0151r\u0151l id\u0151re megtenni, hiszen a rendszeres haszn\u00e1latb\u00f3l kifoly\u00f3lag term\u00e9szetszer\u0171 a kop\u00e1s, illetve a l\u00e1nc \u201emegny\u00fal\u00e1sa\u201d is el\u0151fordulhat.<\/strong><!--more--><\/p>\n<p>Ezt az\u00e9rt tett\u00fck id\u00e9z\u0151jelbe, mert nem sz\u00f3 szerint \u00e9rtend\u0151: tulajdonk\u00e9ppen arr\u00f3l van sz\u00f3, hogy a g\u00f6rg\u0151 \u00e9s a perem teker\u00e9s k\u00f6zben egym\u00e1st koptatj\u00e1k, \u00edgy a k\u00f6zt\u00fck l\u00e9v\u0151 r\u00e9s folyamatosan n\u0151 \u2013 ez szabad szemmel gyakorlatilag nem is \u00e9rz\u00e9kelhet\u0151, de ahogy a szemek eset\u00e9ben \u00f6sszead\u00f3dik a h\u00e9zagn\u00f6veked\u00e9s, a l\u00e1nc hosszabb lesz, \u201emegny\u00falik\u201d, \u00edgy m\u00e1r nem fekszik fel \u00fagy a fogasker\u00e9k fogaira, mint azel\u0151tt. \u00c9rdemes beszerezni egy l\u00e1ncny\u00fal\u00e1sm\u00e9r\u0151 eszk\u00f6zt, ez fill\u00e9res darab, cser\u00e9be egyb\u0151l jelzi, ha baj van \u2013 m\u00e1r csak az\u00e9rt is, mert a t\u00fals\u00e1gosan megny\u00falt l\u00e1nc eset\u00e9ben el\u0151bb-ut\u00f3bb nem fogjuk meg\u00faszni a teljes l\u00e1nccser\u00e9t.<\/p>\n<figure id=\"attachment_14062\" aria-describedby=\"caption-attachment-14062\" style=\"width: 467px\" class=\"wp-caption alignnone\"><img loading=\"lazy\" decoding=\"async\" class=\"size-full wp-image-14062\" src=\"https:\/\/d2p6e6u75xmxt8.cloudfront.net\/12\/2022\/04\/lancnyulas.jpg\" alt=\"\" width=\"467\" height=\"353\" srcset=\"https:\/\/d2p6e6u75xmxt8.cloudfront.net\/12\/2022\/04\/lancnyulas.jpg 467w, https:\/\/d2p6e6u75xmxt8.cloudfront.net\/12\/2022\/04\/lancnyulas-300x227.jpg 300w\" sizes=\"auto, (max-width: 467px) 100vw, 467px\" \/><figcaption id=\"caption-attachment-14062\" class=\"wp-caption-text\">A l\u00e1ncny\u00fal\u00e1sm\u00e9r\u0151 fill\u00e9res eszk\u00f6z, de sokat seg\u00edthet<\/figcaption><\/figure>\n<p>A l\u00e1nc karbantart\u00e1sa t\u00f6bb szempontb\u00f3l is elengedhetetlen. Nem csak a ny\u00fal\u00e1st lehet vele megel\u0151zni, de egyebek mellett azt is, hogy \u201eugorjon\u201d: ha ugyanis nem foglalkozunk vele, megszorulhatnak a szemek, \u00e9s h\u00e1tul megugrik, vagy ak\u00e1r be is szorulhat a villa \u00e9s a ker\u00e9k k\u00f6z\u00e9. A ped\u00e1lt lassan visszafel\u00e9 forgatva k\u00f6nnyed\u00e9n megtal\u00e1lhatjuk a megszorult szemeket, amiket apr\u00f3, finom oldalir\u00e1ny\u00fa mozgat\u00e1sokkal pr\u00f3b\u00e1lhatunk meg kilaz\u00edtani, n\u00e9mi olaj \u00e9s tiszt\u00edt\u00f3szer seg\u00edts\u00e9g\u00e9vel. Ha m\u00e9g mindig ugrik a l\u00e1nc, akkor val\u00f3sz\u00edn\u0171leg m\u00e1r t\u00fals\u00e1gosan elkopott, ez esetben megint csak nem fogjuk meg\u00faszni a cser\u00e9j\u00e9t; de elk\u00e9pzelhet\u0151 a l\u00e1nckerekek elkop\u00e1sa is \u2013 ha \u00faj l\u00e1nccal sem sz\u0171nik meg az ugr\u00e1s, akkor ezeket is ki kell cser\u00e9lni.<\/p>\n<p>Ha m\u00e9g ezek ut\u00e1n is fenn\u00e1ll a hiba, meglehet, hogy a v\u00e1lt\u00f3 vagy a bowden \u00e1ll\u00edt\u00f3dott el. Ha azonban ezen a t\u00e9ren nem vagyunk rutinosak, ink\u00e1bb k\u00e9rj\u00fck szakember seg\u00edts\u00e9g\u00e9t, mert ezek k\u00e9nyes szerkezetek, hozz\u00e1\u00e9rt\u00e9s h\u00edj\u00e1n t\u00f6bb k\u00e1rt csin\u00e1lhatunk az \u00e1ll\u00edtgat\u00e1sukkal, mint hasznot \u2013 egy \u00faj v\u00e1lt\u00f3 pedig m\u00e1r nem az olcs\u00f3 kateg\u00f3ria, annyit nem \u00e9r az eg\u00e9sz. A ker\u00e9kp\u00e1rszervizekben, nagyobb sportszer\u00e1ruh\u00e1zakban ezzel szemben legt\u00f6bbsz\u00f6r minim\u00e1lis \u00f6sszegek\u00e9rt hamar be\u00e1ll\u00edtj\u00e1k nek\u00fcnk a szak\u00e9rt\u0151 kezek, \u00e9s \u00fajra magabiztosan tekerhet\u00fcnk.<\/p>\n","protected":false},"excerpt":{"rendered":"<p>A t\u00e9li h\u00f3napok ut\u00e1n \u00e9rdemes a l\u00e1ncfeszess\u00e9get is ellen\u0151rizni, ezt am\u00fagy sem \u00e1rt id\u0151r\u0151l id\u0151re megtenni, hiszen a rendszeres haszn\u00e1latb\u00f3l [&hellip;]<\/p>\n","protected":false},"author":71,"featured_media":14061,"comment_status":"open","ping_status":"open","sticky":false,"template":"","format":"standard","meta":{"footnotes":""},"categories":[6],"tags":[],"global-categories":[],"class_list":["post-14060","post","type-post","status-publish","format-standard","has-post-thumbnail","hentry","category-edzes-es-eletmod"],"yoast_head":"<!-- This site is optimized with the Yoast SEO Premium plugin v25.3 (Yoast SEO v25.9) - https:\/\/yoast.com\/wordpress\/plugins\/seo\/ -->\n<title>Mi a teend\u0151, ha a l\u00e1nc ugrik, vagy \u201emegny\u00falt\u201d?<\/title>\n<meta name=\"description\" content=\"A t\u00e9li h\u00f3napok ut\u00e1n \u00e9rdemes a l\u00e1ncfeszess\u00e9get is ellen\u0151rizni, ezt am\u00fagy sem \u00e1rt id\u0151r\u0151l id\u0151re megtenni, hiszen a rendszeres haszn\u00e1latb\u00f3l kifoly\u00f3lag term\u00e9szetszer\u0171 a kop\u00e1s, illetve a l\u00e1nc \u201emegny\u00fal\u00e1sa\u201d is el\u0151fordulhat.\" \/>\n<meta name=\"robots\" content=\"index, follow, max-snippet:-1, max-image-preview:large, max-video-preview:-1\" \/>\n<link rel=\"canonical\" href=\"https:\/\/www.welovecycling.com\/hu\/edzes-es-eletmod\/mi-a-teendo-ha-a-lanc-ugrik-vagy-megnyult\/\" \/>\n<meta property=\"og:locale\" content=\"hu_HU\" \/>\n<meta property=\"og:type\" content=\"article\" \/>\n<meta property=\"og:title\" content=\"Mi a teend\u0151, ha a l\u00e1nc ugrik, vagy \u201emegny\u00falt\u201d?\" \/>\n<meta property=\"og:description\" content=\"A t\u00e9li h\u00f3napok ut\u00e1n \u00e9rdemes a l\u00e1ncfeszess\u00e9get is ellen\u0151rizni, ezt am\u00fagy sem \u00e1rt id\u0151r\u0151l id\u0151re megtenni, hiszen a rendszeres haszn\u00e1latb\u00f3l kifoly\u00f3lag term\u00e9szetszer\u0171 a kop\u00e1s, illetve a l\u00e1nc \u201emegny\u00fal\u00e1sa\u201d is el\u0151fordulhat.\" \/>\n<meta property=\"og:url\" content=\"https:\/\/www.welovecycling.com\/hu\/edzes-es-eletmod\/mi-a-teendo-ha-a-lanc-ugrik-vagy-megnyult\/\" \/>\n<meta property=\"og:site_name\" content=\"\u0160koda We Love Cycling - Magyarorsz\u00e1g\" \/>\n<meta property=\"article:publisher\" content=\"https:\/\/www.facebook.com\/WeLoveCyclingHungary\/\" \/>\n<meta property=\"article:published_time\" content=\"2022-04-10T06:00:24+00:00\" \/>\n<meta property=\"og:image\" content=\"https:\/\/d2p6e6u75xmxt8.cloudfront.net\/12\/2022\/04\/kira-cheng-nJE9I1aKKvM-unsplash.jpg\" \/>\n\t<meta property=\"og:image:width\" content=\"1920\" \/>\n\t<meta property=\"og:image:height\" content=\"1280\" \/>\n\t<meta property=\"og:image:type\" content=\"image\/jpeg\" \/>\n<meta name=\"author\" content=\"hegyizs\" \/>\n<meta name=\"twitter:card\" content=\"summary_large_image\" \/>\n<meta name=\"twitter:label1\" content=\"Written by\" \/>\n\t<meta name=\"twitter:data1\" content=\"WLC\" \/>\n\t<meta name=\"twitter:label2\" content=\"Est. reading time\" \/>\n\t<meta name=\"twitter:data2\" content=\"2 minutes\" \/>\n<script type=\"application\/ld+json\" class=\"yoast-schema-graph\">{\"@context\":\"https:\/\/schema.org\",\"@graph\":[{\"@type\":\"WebPage\",\"@id\":\"https:\/\/www.welovecycling.com\/hu\/edzes-es-eletmod\/mi-a-teendo-ha-a-lanc-ugrik-vagy-megnyult\/\",\"url\":\"https:\/\/www.welovecycling.com\/hu\/edzes-es-eletmod\/mi-a-teendo-ha-a-lanc-ugrik-vagy-megnyult\/\",\"name\":\"Mi a teend\u0151, ha a l\u00e1nc ugrik, vagy \u201emegny\u00falt\u201d?\",\"isPartOf\":{\"@id\":\"https:\/\/www.welovecycling.com\/hu\/#website\"},\"primaryImageOfPage\":{\"@id\":\"https:\/\/www.welovecycling.com\/hu\/edzes-es-eletmod\/mi-a-teendo-ha-a-lanc-ugrik-vagy-megnyult\/#primaryimage\"},\"image\":{\"@id\":\"https:\/\/www.welovecycling.com\/hu\/edzes-es-eletmod\/mi-a-teendo-ha-a-lanc-ugrik-vagy-megnyult\/#primaryimage\"},\"thumbnailUrl\":\"https:\/\/d2p6e6u75xmxt8.cloudfront.net\/12\/2022\/04\/kira-cheng-nJE9I1aKKvM-unsplash.jpg\",\"datePublished\":\"2022-04-10T06:00:24+00:00\",\"author\":{\"@id\":\"https:\/\/www.welovecycling.com\/hu\/#\/schema\/person\/414a2aebf1801691a5320edb6468e194\"},\"description\":\"A t\u00e9li h\u00f3napok ut\u00e1n \u00e9rdemes a l\u00e1ncfeszess\u00e9get is ellen\u0151rizni, ezt am\u00fagy sem \u00e1rt id\u0151r\u0151l id\u0151re megtenni, hiszen a rendszeres haszn\u00e1latb\u00f3l kifoly\u00f3lag term\u00e9szetszer\u0171 a kop\u00e1s, illetve a l\u00e1nc \u201emegny\u00fal\u00e1sa\u201d is el\u0151fordulhat.\",\"breadcrumb\":{\"@id\":\"https:\/\/www.welovecycling.com\/hu\/edzes-es-eletmod\/mi-a-teendo-ha-a-lanc-ugrik-vagy-megnyult\/#breadcrumb\"},\"inLanguage\":\"hu\",\"potentialAction\":[{\"@type\":\"ReadAction\",\"target\":[\"https:\/\/www.welovecycling.com\/hu\/edzes-es-eletmod\/mi-a-teendo-ha-a-lanc-ugrik-vagy-megnyult\/\"]}]},{\"@type\":\"ImageObject\",\"inLanguage\":\"hu\",\"@id\":\"https:\/\/www.welovecycling.com\/hu\/edzes-es-eletmod\/mi-a-teendo-ha-a-lanc-ugrik-vagy-megnyult\/#primaryimage\",\"url\":\"https:\/\/d2p6e6u75xmxt8.cloudfront.net\/12\/2022\/04\/kira-cheng-nJE9I1aKKvM-unsplash.jpg\",\"contentUrl\":\"https:\/\/d2p6e6u75xmxt8.cloudfront.net\/12\/2022\/04\/kira-cheng-nJE9I1aKKvM-unsplash.jpg\",\"width\":1920,\"height\":1280},{\"@type\":\"BreadcrumbList\",\"@id\":\"https:\/\/www.welovecycling.com\/hu\/edzes-es-eletmod\/mi-a-teendo-ha-a-lanc-ugrik-vagy-megnyult\/#breadcrumb\",\"itemListElement\":[{\"@type\":\"ListItem\",\"position\":1,\"name\":\"Home\",\"item\":\"https:\/\/www.welovecycling.com\/hu\/\"},{\"@type\":\"ListItem\",\"position\":2,\"name\":\"Mi a teend\u0151, ha a l\u00e1nc ugrik, vagy \u201emegny\u00falt\u201d?\"}]},{\"@type\":\"WebSite\",\"@id\":\"https:\/\/www.welovecycling.com\/hu\/#website\",\"url\":\"https:\/\/www.welovecycling.com\/hu\/\",\"name\":\"\u0160koda We Love Cycling - Magyarorsz\u00e1g\",\"description\":\"\u0160koda WeLoveCycling\",\"potentialAction\":[{\"@type\":\"SearchAction\",\"target\":{\"@type\":\"EntryPoint\",\"urlTemplate\":\"https:\/\/www.welovecycling.com\/hu\/?s={search_term_string}\"},\"query-input\":{\"@type\":\"PropertyValueSpecification\",\"valueRequired\":true,\"valueName\":\"search_term_string\"}}],\"inLanguage\":\"hu\"},{\"@type\":\"Person\",\"@id\":\"https:\/\/www.welovecycling.com\/hu\/#\/schema\/person\/414a2aebf1801691a5320edb6468e194\",\"name\":\"hegyizs\",\"image\":{\"@type\":\"ImageObject\",\"inLanguage\":\"hu\",\"@id\":\"https:\/\/www.welovecycling.com\/hu\/#\/schema\/person\/image\/\",\"url\":\"https:\/\/secure.gravatar.com\/avatar\/02cf8a7906b8cf90cecb4679defac7cfd33a1c2e3b88e4903d947f3bb58eedd3?s=96&d=mm&r=g\",\"contentUrl\":\"https:\/\/secure.gravatar.com\/avatar\/02cf8a7906b8cf90cecb4679defac7cfd33a1c2e3b88e4903d947f3bb58eedd3?s=96&d=mm&r=g\",\"caption\":\"hegyizs\"},\"url\":\"https:\/\/www.welovecycling.com\/hu\/author\/hegyizs\/\"}]}<\/script>\n<!-- \/ Yoast SEO Premium plugin. -->","yoast_head_json":{"title":"Mi a teend\u0151, ha a l\u00e1nc ugrik, vagy \u201emegny\u00falt\u201d?","description":"A t\u00e9li h\u00f3napok ut\u00e1n \u00e9rdemes a l\u00e1ncfeszess\u00e9get is ellen\u0151rizni, ezt am\u00fagy sem \u00e1rt id\u0151r\u0151l id\u0151re megtenni, hiszen a rendszeres haszn\u00e1latb\u00f3l kifoly\u00f3lag term\u00e9szetszer\u0171 a kop\u00e1s, illetve a l\u00e1nc \u201emegny\u00fal\u00e1sa\u201d is el\u0151fordulhat.","robots":{"index":"index","follow":"follow","max-snippet":"max-snippet:-1","max-image-preview":"max-image-preview:large","max-video-preview":"max-video-preview:-1"},"canonical":"https:\/\/www.welovecycling.com\/hu\/edzes-es-eletmod\/mi-a-teendo-ha-a-lanc-ugrik-vagy-megnyult\/","og_locale":"hu_HU","og_type":"article","og_title":"Mi a teend\u0151, ha a l\u00e1nc ugrik, vagy \u201emegny\u00falt\u201d?","og_description":"A t\u00e9li h\u00f3napok ut\u00e1n \u00e9rdemes a l\u00e1ncfeszess\u00e9get is ellen\u0151rizni, ezt am\u00fagy sem \u00e1rt id\u0151r\u0151l id\u0151re megtenni, hiszen a rendszeres haszn\u00e1latb\u00f3l kifoly\u00f3lag term\u00e9szetszer\u0171 a kop\u00e1s, illetve a l\u00e1nc \u201emegny\u00fal\u00e1sa\u201d is el\u0151fordulhat.","og_url":"https:\/\/www.welovecycling.com\/hu\/edzes-es-eletmod\/mi-a-teendo-ha-a-lanc-ugrik-vagy-megnyult\/","og_site_name":"\u0160koda We Love Cycling - Magyarorsz\u00e1g","article_publisher":"https:\/\/www.facebook.com\/WeLoveCyclingHungary\/","article_published_time":"2022-04-10T06:00:24+00:00","og_image":[{"width":1920,"height":1280,"url":"https:\/\/d2p6e6u75xmxt8.cloudfront.net\/12\/2022\/04\/kira-cheng-nJE9I1aKKvM-unsplash.jpg","type":"image\/jpeg"}],"author":"hegyizs","twitter_card":"summary_large_image","twitter_misc":{"Written by":"WLC","Est. reading time":"2 minutes"},"schema":{"@context":"https:\/\/schema.org","@graph":[{"@type":"WebPage","@id":"https:\/\/www.welovecycling.com\/hu\/edzes-es-eletmod\/mi-a-teendo-ha-a-lanc-ugrik-vagy-megnyult\/","url":"https:\/\/www.welovecycling.com\/hu\/edzes-es-eletmod\/mi-a-teendo-ha-a-lanc-ugrik-vagy-megnyult\/","name":"Mi a teend\u0151, ha a l\u00e1nc ugrik, vagy \u201emegny\u00falt\u201d?","isPartOf":{"@id":"https:\/\/www.welovecycling.com\/hu\/#website"},"primaryImageOfPage":{"@id":"https:\/\/www.welovecycling.com\/hu\/edzes-es-eletmod\/mi-a-teendo-ha-a-lanc-ugrik-vagy-megnyult\/#primaryimage"},"image":{"@id":"https:\/\/www.welovecycling.com\/hu\/edzes-es-eletmod\/mi-a-teendo-ha-a-lanc-ugrik-vagy-megnyult\/#primaryimage"},"thumbnailUrl":"https:\/\/d2p6e6u75xmxt8.cloudfront.net\/12\/2022\/04\/kira-cheng-nJE9I1aKKvM-unsplash.jpg","datePublished":"2022-04-10T06:00:24+00:00","author":{"@id":"https:\/\/www.welovecycling.com\/hu\/#\/schema\/person\/414a2aebf1801691a5320edb6468e194"},"description":"A t\u00e9li h\u00f3napok ut\u00e1n \u00e9rdemes a l\u00e1ncfeszess\u00e9get is ellen\u0151rizni, ezt am\u00fagy sem \u00e1rt id\u0151r\u0151l id\u0151re megtenni, hiszen a rendszeres haszn\u00e1latb\u00f3l kifoly\u00f3lag term\u00e9szetszer\u0171 a kop\u00e1s, illetve a l\u00e1nc \u201emegny\u00fal\u00e1sa\u201d is el\u0151fordulhat.","breadcrumb":{"@id":"https:\/\/www.welovecycling.com\/hu\/edzes-es-eletmod\/mi-a-teendo-ha-a-lanc-ugrik-vagy-megnyult\/#breadcrumb"},"inLanguage":"hu","potentialAction":[{"@type":"ReadAction","target":["https:\/\/www.welovecycling.com\/hu\/edzes-es-eletmod\/mi-a-teendo-ha-a-lanc-ugrik-vagy-megnyult\/"]}]},{"@type":"ImageObject","inLanguage":"hu","@id":"https:\/\/www.welovecycling.com\/hu\/edzes-es-eletmod\/mi-a-teendo-ha-a-lanc-ugrik-vagy-megnyult\/#primaryimage","url":"https:\/\/d2p6e6u75xmxt8.cloudfront.net\/12\/2022\/04\/kira-cheng-nJE9I1aKKvM-unsplash.jpg","contentUrl":"https:\/\/d2p6e6u75xmxt8.cloudfront.net\/12\/2022\/04\/kira-cheng-nJE9I1aKKvM-unsplash.jpg","width":1920,"height":1280},{"@type":"BreadcrumbList","@id":"https:\/\/www.welovecycling.com\/hu\/edzes-es-eletmod\/mi-a-teendo-ha-a-lanc-ugrik-vagy-megnyult\/#breadcrumb","itemListElement":[{"@type":"ListItem","position":1,"name":"Home","item":"https:\/\/www.welovecycling.com\/hu\/"},{"@type":"ListItem","position":2,"name":"Mi a teend\u0151, ha a l\u00e1nc ugrik, vagy \u201emegny\u00falt\u201d?"}]},{"@type":"WebSite","@id":"https:\/\/www.welovecycling.com\/hu\/#website","url":"https:\/\/www.welovecycling.com\/hu\/","name":"\u0160koda We Love Cycling - Magyarorsz\u00e1g","description":"\u0160koda WeLoveCycling","potentialAction":[{"@type":"SearchAction","target":{"@type":"EntryPoint","urlTemplate":"https:\/\/www.welovecycling.com\/hu\/?s={search_term_string}"},"query-input":{"@type":"PropertyValueSpecification","valueRequired":true,"valueName":"search_term_string"}}],"inLanguage":"hu"},{"@type":"Person","@id":"https:\/\/www.welovecycling.com\/hu\/#\/schema\/person\/414a2aebf1801691a5320edb6468e194","name":"hegyizs","image":{"@type":"ImageObject","inLanguage":"hu","@id":"https:\/\/www.welovecycling.com\/hu\/#\/schema\/person\/image\/","url":"https:\/\/secure.gravatar.com\/avatar\/02cf8a7906b8cf90cecb4679defac7cfd33a1c2e3b88e4903d947f3bb58eedd3?s=96&d=mm&r=g","contentUrl":"https:\/\/secure.gravatar.com\/avatar\/02cf8a7906b8cf90cecb4679defac7cfd33a1c2e3b88e4903d947f3bb58eedd3?s=96&d=mm&r=g","caption":"hegyizs"},"url":"https:\/\/www.welovecycling.com\/hu\/author\/hegyizs\/"}]}},"_links":{"self":[{"href":"https:\/\/www.welovecycling.com\/hu\/wp-json\/wp\/v2\/posts\/14060","targetHints":{"allow":["GET"]}}],"collection":[{"href":"https:\/\/www.welovecycling.com\/hu\/wp-json\/wp\/v2\/posts"}],"about":[{"href":"https:\/\/www.welovecycling.com\/hu\/wp-json\/wp\/v2\/types\/post"}],"author":[{"embeddable":true,"href":"https:\/\/www.welovecycling.com\/hu\/wp-json\/wp\/v2\/users\/71"}],"replies":[{"embeddable":true,"href":"https:\/\/www.welovecycling.com\/hu\/wp-json\/wp\/v2\/comments?post=14060"}],"version-history":[{"count":1,"href":"https:\/\/www.welovecycling.com\/hu\/wp-json\/wp\/v2\/posts\/14060\/revisions"}],"predecessor-version":[{"id":14063,"href":"https:\/\/www.welovecycling.com\/hu\/wp-json\/wp\/v2\/posts\/14060\/revisions\/14063"}],"wp:featuredmedia":[{"embeddable":true,"href":"https:\/\/www.welovecycling.com\/hu\/wp-json\/wp\/v2\/media\/14061"}],"wp:attachment":[{"href":"https:\/\/www.welovecycling.com\/hu\/wp-json\/wp\/v2\/media?parent=14060"}],"wp:term":[{"taxonomy":"category","embeddable":true,"href":"https:\/\/www.welovecycling.com\/hu\/wp-json\/wp\/v2\/categories?post=14060"},{"taxonomy":"post_tag","embeddable":true,"href":"https:\/\/www.welovecycling.com\/hu\/wp-json\/wp\/v2\/tags?post=14060"},{"taxonomy":"global-categories","embeddable":true,"href":"https:\/\/www.welovecycling.com\/hu\/wp-json\/wp\/v2\/global-categories?post=14060"}],"curies":[{"name":"wp","href":"https:\/\/api.w.org\/{rel}","templated":true}]}}