{"id":14020,"date":"2022-04-08T08:00:01","date_gmt":"2022-04-08T06:00:01","guid":{"rendered":"https:\/\/www.welovecycling.com\/hu\/?p=14020"},"modified":"2022-04-06T09:10:47","modified_gmt":"2022-04-06T07:10:47","slug":"keszitsd-fel-e-bringad-a-tavaszra","status":"publish","type":"post","link":"https:\/\/www.welovecycling.com\/hu\/orszaguti-kerekpar\/keszitsd-fel-e-bringad-a-tavaszra\/","title":{"rendered":"K\u00e9sz\u00edtsd fel e-bring\u00e1d a tavaszra!"},"content":{"rendered":"<p><strong>Ha t\u00e9lre meleg \u00e9s sz\u00e1raz helyre raktad el az elektromos biciklid, \u00e9s szeretn\u00e9d most leporolni az els\u0151 tavaszi t\u00far\u00e1k el\u0151tt, ez a cikk neked sz\u00f3l.<\/strong><!--more--><\/p>\n<h2><strong>El\u0151sz\u00f6r is pump\u00e1ld fel a kerekeket!<\/strong><\/h2>\n<p>Ha sok\u00e1ig t\u00e1roltad \u0151ket a gar\u00e1zsban, val\u00f3sz\u00edn\u0171leg m\u00e1r el\u00e9g laposak a kerekek. A gumiabroncsok nyom\u00e1s\u00e1nak n\u00f6vel\u00e9se k\u00e9nyelmesebb\u00e9 teszi az utaz\u00e1st, v\u00e9delmet ny\u00fajt a defektek ellen \u00e9s jav\u00edtja a g\u00f6rd\u00fcl\u00e9si ellen\u00e1ll\u00e1st, \u00edgy lehet\u0151v\u00e9 teszi a gyorsabb halad\u00e1st \u00e9s kevesebbet kell haszn\u00e1lnod az akkumul\u00e1tort is.<\/p>\n<p><a href=\"https:\/\/d2p6e6u75xmxt8.cloudfront.net\/12\/2022\/04\/profimedia-0237536392.jpg\"><img loading=\"lazy\" decoding=\"async\" class=\"alignnone size-full wp-image-14021\" src=\"https:\/\/d2p6e6u75xmxt8.cloudfront.net\/12\/2022\/04\/profimedia-0237536392.jpg\" alt=\"\" width=\"1250\" height=\"833\" srcset=\"https:\/\/d2p6e6u75xmxt8.cloudfront.net\/12\/2022\/04\/profimedia-0237536392.jpg 1250w, https:\/\/d2p6e6u75xmxt8.cloudfront.net\/12\/2022\/04\/profimedia-0237536392-300x200.jpg 300w, https:\/\/d2p6e6u75xmxt8.cloudfront.net\/12\/2022\/04\/profimedia-0237536392-1024x682.jpg 1024w, https:\/\/d2p6e6u75xmxt8.cloudfront.net\/12\/2022\/04\/profimedia-0237536392-768x512.jpg 768w, https:\/\/d2p6e6u75xmxt8.cloudfront.net\/12\/2022\/04\/profimedia-0237536392-272x182.jpg 272w\" sizes=\"auto, (max-width: 1250px) 100vw, 1250px\" \/><\/a><\/p>\n<p>A gumiabroncsok felpump\u00e1l\u00e1sa megk\u00f6nny\u00edti a ker\u00e9kp\u00e1r mozgat\u00e1s\u00e1t, mik\u00f6zben a t\u00f6bbi teend\u0151t v\u00e9gzed, ez\u00e9rt is \u00e9rdemes ezzel kezdeni.<\/p>\n<h2><strong>T\u00f6ltsd fel!<\/strong><\/h2>\n<p>Vedd ki az akkumul\u00e1tort \u00e9s tedd fel t\u00f6lteni, m\u00e9g akkor is, ha felt\u00f6ltve raktad el annak idej\u00e9n. Ameddig t\u00f6lt, t\u00e1vol\u00edtsd el, vagy takard le az elektronika t\u00f6bbi r\u00e9sz\u00e9t a k\u00f6vetkez\u0151 l\u00e9p\u00e9shez. Pr\u00f3b\u00e1ld meg az eg\u00e9sz elektronikus rendszert eg\u00e9szben elt\u00e1vol\u00edtani, mert neh\u00e9z lesz \u00fajra \u00fagy \u00f6sszerakni, hogy v\u00edz\u00e1ll\u00f3 legyen! Ha k\u00e9ts\u00e9geid vannak, olvasd el a haszn\u00e1lati \u00fatmutat\u00f3t!<\/p>\n<p><a href=\"https:\/\/d2p6e6u75xmxt8.cloudfront.net\/12\/2022\/04\/WL004_RAJZVERSENY_TOJAS_01.png\"><img loading=\"lazy\" decoding=\"async\" class=\"wp-image-14053 aligncenter\" src=\"https:\/\/d2p6e6u75xmxt8.cloudfront.net\/12\/2022\/04\/WL004_RAJZVERSENY_TOJAS_01.png\" alt=\"\" width=\"375\" height=\"498\" srcset=\"https:\/\/d2p6e6u75xmxt8.cloudfront.net\/12\/2022\/04\/WL004_RAJZVERSENY_TOJAS_01.png 600w, https:\/\/d2p6e6u75xmxt8.cloudfront.net\/12\/2022\/04\/WL004_RAJZVERSENY_TOJAS_01-226x300.png 226w\" sizes=\"auto, (max-width: 375px) 100vw, 375px\" \/><\/a><\/p>\n<p style=\"text-align: center;\"><em>Hopp\u00e1, itt egy h\u00fasv\u00e9ti toj\u00e1s! M\u00e1r csak kett\u0151t kell megtal\u00e1lnod ahhoz, hogy megkapd a helyes \u00f6sszeget, amivel bring\u00e1s aj\u00e1nd\u00e9kcsomagot nyerhetsz!\u00a0<\/em><a href=\"https:\/\/www.welovecycling.com\/hu\/tavaszirajzverseny\/#tojasvadaszat\"><em>R\u00e9szletek\u00e9rt kattints ide!<\/em><\/a><\/p>\n<h2><strong>Alaposan \u00e9s \u00f3vatosan takar\u00edtsd le!<\/strong><\/h2>\n<p>Sz\u00f3 sem lehet magas nyom\u00e1sr\u00f3l. Az e-ker\u00e9kp\u00e1rok v\u00edz\u00e1ll\u00f3ak, nem v\u00edzhatlanok, egy nagynyom\u00e1s\u00fa tiszt\u00edt\u00e1s pedig biztos m\u00f3dja annak, hogy a v\u00edz minden alkatr\u00e9szbe eljusson, n\u00f6velve ezzel az elektronikai meghib\u00e1sod\u00e1s kock\u00e1zat\u00e1t.<\/p>\n<p>Rem\u00e9lhet\u0151leg a kosz nagy r\u00e9sz\u00e9t elt\u00e1vol\u00edtottad m\u00e9g azel\u0151tt, hogy elraktad volna a bring\u00e1d t\u00e9lre, \u00edgy most csak enyh\u00e9n szappanos v\u00edzzel kell v\u00e9gigt\u00f6r\u00f6lgetned a v\u00e1zat, majd tiszta v\u00edzzel \u00e9s szivaccsal \u00e1tmosni \u00fajra.<\/p>\n<h2><strong>Zs\u00edrozd \u00fajra a l\u00e1ncot!<\/strong><\/h2>\n<p>M\u00e9g akkor is, ha megtiszt\u00edtottad \u00e9s megolajoztad m\u00e9g \u0151sszel, ellen\u0151rizned kell, hogy t\u00e9nyleg j\u00f3 \u00e1llapotban van-e a l\u00e1nc. A felesleges ken\u0151anyagot t\u00f6r\u00f6ld le, k\u00fcl\u00f6nben \u00f6sszegy\u0171jti a szennyez\u0151d\u00e9st \u00e9s koptatja a l\u00e1ncot!<\/p>\n<p><a href=\"https:\/\/d2p6e6u75xmxt8.cloudfront.net\/12\/2022\/04\/profimedia-0257608551.jpg\"><img loading=\"lazy\" decoding=\"async\" class=\"alignnone size-full wp-image-14022\" src=\"https:\/\/d2p6e6u75xmxt8.cloudfront.net\/12\/2022\/04\/profimedia-0257608551.jpg\" alt=\"\" width=\"1250\" height=\"834\" srcset=\"https:\/\/d2p6e6u75xmxt8.cloudfront.net\/12\/2022\/04\/profimedia-0257608551.jpg 1250w, https:\/\/d2p6e6u75xmxt8.cloudfront.net\/12\/2022\/04\/profimedia-0257608551-300x200.jpg 300w, https:\/\/d2p6e6u75xmxt8.cloudfront.net\/12\/2022\/04\/profimedia-0257608551-1024x683.jpg 1024w, https:\/\/d2p6e6u75xmxt8.cloudfront.net\/12\/2022\/04\/profimedia-0257608551-768x512.jpg 768w, https:\/\/d2p6e6u75xmxt8.cloudfront.net\/12\/2022\/04\/profimedia-0257608551-272x182.jpg 272w\" sizes=\"auto, (max-width: 1250px) 100vw, 1250px\" \/><\/a><\/p>\n<h2><strong>Ellen\u0151rizd a f\u00e9keket!<\/strong><\/h2>\n<p>Gy\u0151z\u0151dj meg r\u00f3la, hogy a f\u00e9kek el\u00e9g \u00e9rz\u00e9kenyek, megfelel\u0151en fognak \u00e9s sim\u00e1n mozognak. Ha nem egyenletes a m\u0171k\u00f6d\u00e9s\u00fck, ellen\u0151rizd a k\u00e1beleket vagy vidd szerel\u0151h\u00f6z a bring\u00e1t!<\/p>\n<div style=\"padding: 25px; background: #eee;\">\n<p><strong>Iratkozz fel h\u00edrlevel\u00fcnkre, ahol m\u00e9g t\u00f6bb tippet \u00e9s tudnival\u00f3t olvashatsz a tested, lelked \u00e9s bring\u00e1d karbantart\u00e1s\u00e1hoz! S\u0151t, most m\u00e9g nyerem\u00e9nyre is bukkanhatsz benne!<\/strong><\/p>\n<p><iframe loading=\"lazy\" title=\"\" src=\"https:\/\/media.pohu.hu\/skoda\/welovecycling\/\" width=\"100%\" height=\"900\"><\/iframe><\/p>\n<\/div>\n","protected":false},"excerpt":{"rendered":"<p>Ha t\u00e9lre meleg \u00e9s sz\u00e1raz helyre raktad el az elektromos biciklid, \u00e9s szeretn\u00e9d most leporolni az els\u0151 tavaszi t\u00far\u00e1k el\u0151tt, [&hellip;]<\/p>\n","protected":false},"author":71,"featured_media":14024,"comment_status":"open","ping_status":"open","sticky":false,"template":"","format":"standard","meta":{"footnotes":""},"categories":[8],"tags":[],"global-categories":[],"class_list":["post-14020","post","type-post","status-publish","format-standard","has-post-thumbnail","hentry","category-orszaguti-kerekpar"],"yoast_head":"<!-- This site is optimized with the Yoast SEO Premium plugin v25.3 (Yoast SEO v25.9) - https:\/\/yoast.com\/wordpress\/plugins\/seo\/ -->\n<title>K\u00e9sz\u00edtsd fel e-bring\u00e1d a tavaszra! - \u0160koda We Love Cycling - Magyarorsz\u00e1g<\/title>\n<meta name=\"description\" content=\"Ha t\u00e9lre meleg \u00e9s sz\u00e1raz helyre raktad el az elektromos biciklid, \u00e9s szeretn\u00e9d most leporolni az els\u0151 tavaszi t\u00far\u00e1k el\u0151tt, ez a cikk neked sz\u00f3l.\" \/>\n<meta name=\"robots\" content=\"index, follow, max-snippet:-1, max-image-preview:large, max-video-preview:-1\" \/>\n<link rel=\"canonical\" href=\"https:\/\/www.welovecycling.com\/hu\/orszaguti-kerekpar\/keszitsd-fel-e-bringad-a-tavaszra\/\" \/>\n<meta property=\"og:locale\" content=\"hu_HU\" \/>\n<meta property=\"og:type\" content=\"article\" \/>\n<meta property=\"og:title\" content=\"K\u00e9sz\u00edtsd fel e-bring\u00e1d a tavaszra!\" \/>\n<meta property=\"og:description\" content=\"Ha t\u00e9lre meleg \u00e9s sz\u00e1raz helyre raktad el az elektromos biciklid, \u00e9s szeretn\u00e9d most leporolni az els\u0151 tavaszi t\u00far\u00e1k el\u0151tt, ez a cikk neked sz\u00f3l.\" \/>\n<meta property=\"og:url\" content=\"https:\/\/www.welovecycling.com\/hu\/orszaguti-kerekpar\/keszitsd-fel-e-bringad-a-tavaszra\/\" \/>\n<meta property=\"og:site_name\" content=\"\u0160koda We Love Cycling - Magyarorsz\u00e1g\" \/>\n<meta property=\"article:publisher\" content=\"https:\/\/www.facebook.com\/WeLoveCyclingHungary\/\" \/>\n<meta property=\"article:published_time\" content=\"2022-04-08T06:00:01+00:00\" \/>\n<meta property=\"og:image\" content=\"https:\/\/d2p6e6u75xmxt8.cloudfront.net\/12\/2022\/04\/2324242424_422421424.jpg\" \/>\n\t<meta property=\"og:image:width\" content=\"1375\" \/>\n\t<meta property=\"og:image:height\" content=\"600\" \/>\n\t<meta property=\"og:image:type\" content=\"image\/jpeg\" \/>\n<meta name=\"author\" content=\"hegyizs\" \/>\n<meta name=\"twitter:card\" content=\"summary_large_image\" \/>\n<meta name=\"twitter:label1\" content=\"Written by\" \/>\n\t<meta name=\"twitter:data1\" content=\"Christopher Ashley\" \/>\n\t<meta name=\"twitter:label2\" content=\"Est. reading time\" \/>\n\t<meta name=\"twitter:data2\" content=\"2 minutes\" \/>\n<script type=\"application\/ld+json\" class=\"yoast-schema-graph\">{\"@context\":\"https:\/\/schema.org\",\"@graph\":[{\"@type\":\"WebPage\",\"@id\":\"https:\/\/www.welovecycling.com\/hu\/orszaguti-kerekpar\/keszitsd-fel-e-bringad-a-tavaszra\/\",\"url\":\"https:\/\/www.welovecycling.com\/hu\/orszaguti-kerekpar\/keszitsd-fel-e-bringad-a-tavaszra\/\",\"name\":\"K\u00e9sz\u00edtsd fel e-bring\u00e1d a tavaszra! - \u0160koda We Love Cycling - Magyarorsz\u00e1g\",\"isPartOf\":{\"@id\":\"https:\/\/www.welovecycling.com\/hu\/#website\"},\"primaryImageOfPage\":{\"@id\":\"https:\/\/www.welovecycling.com\/hu\/orszaguti-kerekpar\/keszitsd-fel-e-bringad-a-tavaszra\/#primaryimage\"},\"image\":{\"@id\":\"https:\/\/www.welovecycling.com\/hu\/orszaguti-kerekpar\/keszitsd-fel-e-bringad-a-tavaszra\/#primaryimage\"},\"thumbnailUrl\":\"https:\/\/d2p6e6u75xmxt8.cloudfront.net\/12\/2022\/04\/2324242424_422421424.jpg\",\"datePublished\":\"2022-04-08T06:00:01+00:00\",\"author\":{\"@id\":\"https:\/\/www.welovecycling.com\/hu\/#\/schema\/person\/414a2aebf1801691a5320edb6468e194\"},\"description\":\"Ha t\u00e9lre meleg \u00e9s sz\u00e1raz helyre raktad el az elektromos biciklid, \u00e9s szeretn\u00e9d most leporolni az els\u0151 tavaszi t\u00far\u00e1k el\u0151tt, ez a cikk neked sz\u00f3l.\",\"breadcrumb\":{\"@id\":\"https:\/\/www.welovecycling.com\/hu\/orszaguti-kerekpar\/keszitsd-fel-e-bringad-a-tavaszra\/#breadcrumb\"},\"inLanguage\":\"hu\",\"potentialAction\":[{\"@type\":\"ReadAction\",\"target\":[\"https:\/\/www.welovecycling.com\/hu\/orszaguti-kerekpar\/keszitsd-fel-e-bringad-a-tavaszra\/\"]}]},{\"@type\":\"ImageObject\",\"inLanguage\":\"hu\",\"@id\":\"https:\/\/www.welovecycling.com\/hu\/orszaguti-kerekpar\/keszitsd-fel-e-bringad-a-tavaszra\/#primaryimage\",\"url\":\"https:\/\/d2p6e6u75xmxt8.cloudfront.net\/12\/2022\/04\/2324242424_422421424.jpg\",\"contentUrl\":\"https:\/\/d2p6e6u75xmxt8.cloudfront.net\/12\/2022\/04\/2324242424_422421424.jpg\",\"width\":1375,\"height\":600},{\"@type\":\"BreadcrumbList\",\"@id\":\"https:\/\/www.welovecycling.com\/hu\/orszaguti-kerekpar\/keszitsd-fel-e-bringad-a-tavaszra\/#breadcrumb\",\"itemListElement\":[{\"@type\":\"ListItem\",\"position\":1,\"name\":\"Home\",\"item\":\"https:\/\/www.welovecycling.com\/hu\/\"},{\"@type\":\"ListItem\",\"position\":2,\"name\":\"K\u00e9sz\u00edtsd fel e-bring\u00e1d a tavaszra!\"}]},{\"@type\":\"WebSite\",\"@id\":\"https:\/\/www.welovecycling.com\/hu\/#website\",\"url\":\"https:\/\/www.welovecycling.com\/hu\/\",\"name\":\"\u0160koda We Love Cycling - Magyarorsz\u00e1g\",\"description\":\"\u0160koda WeLoveCycling\",\"potentialAction\":[{\"@type\":\"SearchAction\",\"target\":{\"@type\":\"EntryPoint\",\"urlTemplate\":\"https:\/\/www.welovecycling.com\/hu\/?s={search_term_string}\"},\"query-input\":{\"@type\":\"PropertyValueSpecification\",\"valueRequired\":true,\"valueName\":\"search_term_string\"}}],\"inLanguage\":\"hu\"},{\"@type\":\"Person\",\"@id\":\"https:\/\/www.welovecycling.com\/hu\/#\/schema\/person\/414a2aebf1801691a5320edb6468e194\",\"name\":\"hegyizs\",\"image\":{\"@type\":\"ImageObject\",\"inLanguage\":\"hu\",\"@id\":\"https:\/\/www.welovecycling.com\/hu\/#\/schema\/person\/image\/\",\"url\":\"https:\/\/secure.gravatar.com\/avatar\/02cf8a7906b8cf90cecb4679defac7cfd33a1c2e3b88e4903d947f3bb58eedd3?s=96&d=mm&r=g\",\"contentUrl\":\"https:\/\/secure.gravatar.com\/avatar\/02cf8a7906b8cf90cecb4679defac7cfd33a1c2e3b88e4903d947f3bb58eedd3?s=96&d=mm&r=g\",\"caption\":\"hegyizs\"},\"url\":\"https:\/\/www.welovecycling.com\/hu\/author\/hegyizs\/\"}]}<\/script>\n<!-- \/ Yoast SEO Premium plugin. -->","yoast_head_json":{"title":"K\u00e9sz\u00edtsd fel e-bring\u00e1d a tavaszra! - \u0160koda We Love Cycling - Magyarorsz\u00e1g","description":"Ha t\u00e9lre meleg \u00e9s sz\u00e1raz helyre raktad el az elektromos biciklid, \u00e9s szeretn\u00e9d most leporolni az els\u0151 tavaszi t\u00far\u00e1k el\u0151tt, ez a cikk neked sz\u00f3l.","robots":{"index":"index","follow":"follow","max-snippet":"max-snippet:-1","max-image-preview":"max-image-preview:large","max-video-preview":"max-video-preview:-1"},"canonical":"https:\/\/www.welovecycling.com\/hu\/orszaguti-kerekpar\/keszitsd-fel-e-bringad-a-tavaszra\/","og_locale":"hu_HU","og_type":"article","og_title":"K\u00e9sz\u00edtsd fel e-bring\u00e1d a tavaszra!","og_description":"Ha t\u00e9lre meleg \u00e9s sz\u00e1raz helyre raktad el az elektromos biciklid, \u00e9s szeretn\u00e9d most leporolni az els\u0151 tavaszi t\u00far\u00e1k el\u0151tt, ez a cikk neked sz\u00f3l.","og_url":"https:\/\/www.welovecycling.com\/hu\/orszaguti-kerekpar\/keszitsd-fel-e-bringad-a-tavaszra\/","og_site_name":"\u0160koda We Love Cycling - Magyarorsz\u00e1g","article_publisher":"https:\/\/www.facebook.com\/WeLoveCyclingHungary\/","article_published_time":"2022-04-08T06:00:01+00:00","og_image":[{"width":1375,"height":600,"url":"https:\/\/d2p6e6u75xmxt8.cloudfront.net\/12\/2022\/04\/2324242424_422421424.jpg","type":"image\/jpeg"}],"author":"hegyizs","twitter_card":"summary_large_image","twitter_misc":{"Written by":"Christopher Ashley","Est. reading time":"2 minutes"},"schema":{"@context":"https:\/\/schema.org","@graph":[{"@type":"WebPage","@id":"https:\/\/www.welovecycling.com\/hu\/orszaguti-kerekpar\/keszitsd-fel-e-bringad-a-tavaszra\/","url":"https:\/\/www.welovecycling.com\/hu\/orszaguti-kerekpar\/keszitsd-fel-e-bringad-a-tavaszra\/","name":"K\u00e9sz\u00edtsd fel e-bring\u00e1d a tavaszra! - \u0160koda We Love Cycling - Magyarorsz\u00e1g","isPartOf":{"@id":"https:\/\/www.welovecycling.com\/hu\/#website"},"primaryImageOfPage":{"@id":"https:\/\/www.welovecycling.com\/hu\/orszaguti-kerekpar\/keszitsd-fel-e-bringad-a-tavaszra\/#primaryimage"},"image":{"@id":"https:\/\/www.welovecycling.com\/hu\/orszaguti-kerekpar\/keszitsd-fel-e-bringad-a-tavaszra\/#primaryimage"},"thumbnailUrl":"https:\/\/d2p6e6u75xmxt8.cloudfront.net\/12\/2022\/04\/2324242424_422421424.jpg","datePublished":"2022-04-08T06:00:01+00:00","author":{"@id":"https:\/\/www.welovecycling.com\/hu\/#\/schema\/person\/414a2aebf1801691a5320edb6468e194"},"description":"Ha t\u00e9lre meleg \u00e9s sz\u00e1raz helyre raktad el az elektromos biciklid, \u00e9s szeretn\u00e9d most leporolni az els\u0151 tavaszi t\u00far\u00e1k el\u0151tt, ez a cikk neked sz\u00f3l.","breadcrumb":{"@id":"https:\/\/www.welovecycling.com\/hu\/orszaguti-kerekpar\/keszitsd-fel-e-bringad-a-tavaszra\/#breadcrumb"},"inLanguage":"hu","potentialAction":[{"@type":"ReadAction","target":["https:\/\/www.welovecycling.com\/hu\/orszaguti-kerekpar\/keszitsd-fel-e-bringad-a-tavaszra\/"]}]},{"@type":"ImageObject","inLanguage":"hu","@id":"https:\/\/www.welovecycling.com\/hu\/orszaguti-kerekpar\/keszitsd-fel-e-bringad-a-tavaszra\/#primaryimage","url":"https:\/\/d2p6e6u75xmxt8.cloudfront.net\/12\/2022\/04\/2324242424_422421424.jpg","contentUrl":"https:\/\/d2p6e6u75xmxt8.cloudfront.net\/12\/2022\/04\/2324242424_422421424.jpg","width":1375,"height":600},{"@type":"BreadcrumbList","@id":"https:\/\/www.welovecycling.com\/hu\/orszaguti-kerekpar\/keszitsd-fel-e-bringad-a-tavaszra\/#breadcrumb","itemListElement":[{"@type":"ListItem","position":1,"name":"Home","item":"https:\/\/www.welovecycling.com\/hu\/"},{"@type":"ListItem","position":2,"name":"K\u00e9sz\u00edtsd fel e-bring\u00e1d a tavaszra!"}]},{"@type":"WebSite","@id":"https:\/\/www.welovecycling.com\/hu\/#website","url":"https:\/\/www.welovecycling.com\/hu\/","name":"\u0160koda We Love Cycling - Magyarorsz\u00e1g","description":"\u0160koda WeLoveCycling","potentialAction":[{"@type":"SearchAction","target":{"@type":"EntryPoint","urlTemplate":"https:\/\/www.welovecycling.com\/hu\/?s={search_term_string}"},"query-input":{"@type":"PropertyValueSpecification","valueRequired":true,"valueName":"search_term_string"}}],"inLanguage":"hu"},{"@type":"Person","@id":"https:\/\/www.welovecycling.com\/hu\/#\/schema\/person\/414a2aebf1801691a5320edb6468e194","name":"hegyizs","image":{"@type":"ImageObject","inLanguage":"hu","@id":"https:\/\/www.welovecycling.com\/hu\/#\/schema\/person\/image\/","url":"https:\/\/secure.gravatar.com\/avatar\/02cf8a7906b8cf90cecb4679defac7cfd33a1c2e3b88e4903d947f3bb58eedd3?s=96&d=mm&r=g","contentUrl":"https:\/\/secure.gravatar.com\/avatar\/02cf8a7906b8cf90cecb4679defac7cfd33a1c2e3b88e4903d947f3bb58eedd3?s=96&d=mm&r=g","caption":"hegyizs"},"url":"https:\/\/www.welovecycling.com\/hu\/author\/hegyizs\/"}]}},"_links":{"self":[{"href":"https:\/\/www.welovecycling.com\/hu\/wp-json\/wp\/v2\/posts\/14020","targetHints":{"allow":["GET"]}}],"collection":[{"href":"https:\/\/www.welovecycling.com\/hu\/wp-json\/wp\/v2\/posts"}],"about":[{"href":"https:\/\/www.welovecycling.com\/hu\/wp-json\/wp\/v2\/types\/post"}],"author":[{"embeddable":true,"href":"https:\/\/www.welovecycling.com\/hu\/wp-json\/wp\/v2\/users\/71"}],"replies":[{"embeddable":true,"href":"https:\/\/www.welovecycling.com\/hu\/wp-json\/wp\/v2\/comments?post=14020"}],"version-history":[{"count":2,"href":"https:\/\/www.welovecycling.com\/hu\/wp-json\/wp\/v2\/posts\/14020\/revisions"}],"predecessor-version":[{"id":14055,"href":"https:\/\/www.welovecycling.com\/hu\/wp-json\/wp\/v2\/posts\/14020\/revisions\/14055"}],"wp:featuredmedia":[{"embeddable":true,"href":"https:\/\/www.welovecycling.com\/hu\/wp-json\/wp\/v2\/media\/14024"}],"wp:attachment":[{"href":"https:\/\/www.welovecycling.com\/hu\/wp-json\/wp\/v2\/media?parent=14020"}],"wp:term":[{"taxonomy":"category","embeddable":true,"href":"https:\/\/www.welovecycling.com\/hu\/wp-json\/wp\/v2\/categories?post=14020"},{"taxonomy":"post_tag","embeddable":true,"href":"https:\/\/www.welovecycling.com\/hu\/wp-json\/wp\/v2\/tags?post=14020"},{"taxonomy":"global-categories","embeddable":true,"href":"https:\/\/www.welovecycling.com\/hu\/wp-json\/wp\/v2\/global-categories?post=14020"}],"curies":[{"name":"wp","href":"https:\/\/api.w.org\/{rel}","templated":true}]}}