{"id":14003,"date":"2022-03-30T09:28:55","date_gmt":"2022-03-30T07:28:55","guid":{"rendered":"https:\/\/www.welovecycling.com\/hu\/?p=14003"},"modified":"2022-05-03T15:32:41","modified_gmt":"2022-05-03T13:32:41","slug":"a-bringazas-hosei-szarka-gergely-aki-teljes-allas-mellett-is-teljesen-profi","status":"publish","type":"post","link":"https:\/\/www.welovecycling.com\/hu\/wlc-heroes\/a-bringazas-hosei-szarka-gergely-aki-teljes-allas-mellett-is-teljesen-profi\/","title":{"rendered":"A bring\u00e1z\u00e1s h\u0151sei: Szarka Gergely, aki teljes \u00e1ll\u00e1s mellett is teljesen profi"},"content":{"rendered":"<p><strong>Nem minden h\u0151s visel k\u00f6penyt: van, aki biciklisnadr\u00e1gban menti meg a vil\u00e1got. Strava klubunkban olyan teljes\u00edtm\u00e9nyeknek vagyunk szemtan\u00fai nap mint nap, amik mellett nem mehet\u00fcnk el. \u00dagy gondoljuk, az az akarater\u0151, munka \u00e9s kitart\u00e1s, ami ezekhez sz\u00fcks\u00e9ges, meg\u00e9rdemli a jutalmat. Ez\u00e9rt ind\u00edtottuk el WLC Heroes kamp\u00e1nyunkat, mely sor\u00e1n \u00e9remmel m\u00e9lt\u00e1nyoljuk a bring\u00e1z\u00e1s h\u0151seit, \u00e9s bemutatjuk \u0151ket nektek, hogy inspir\u00e1ljanak \u00e9s mozgat\u00f3rug\u00f3i lehessenek a sz\u00e9lesebb ker\u00e9kp\u00e1ros k\u00f6z\u00f6ss\u00e9gnek!<\/strong><\/p>\n<p>Szarka Gergelyre t\u00f6k\u00e9letesen illik a h\u00e9tk\u00f6znapi h\u0151s kifejez\u00e9s: azokat a bring\u00e1sokat k\u00e9pviseli, akik teljes \u00e1ll\u00e1s mellett igyekeznek a lehet\u0151 legt\u00f6bbet kihozni magukb\u00f3l, szabadidej\u00fckben kem\u00e9nyen edzenek, \u00e9s nem kifog\u00e1sokat, hanem c\u00e9lokat keresnek. Gergely 2019-ben Orsz\u00e1g\u00fati bajnok volt, id\u00e9n 40 versenynapra tervez. Nem mellesleg pedig k\u00fcld\u00f6tt nek\u00fcnk egy 219 km-es \u00fatvonalat, amit tavaly okt\u00f3berben tekert le, 8 \u00f3ra alatt. Nem is volt k\u00e9rd\u00e9s, hogy helye van a H\u0151s\u00f6k Csarnok\u00e1ban. <a href=\"https:\/\/www.strava.com\/activities\/6136929787\">Az \u00fatvonal Strava linkj\u00e9t itt \u00e9red el.<\/a><\/p>\n<figure id=\"attachment_14005\" aria-describedby=\"caption-attachment-14005\" style=\"width: 1116px\" class=\"wp-caption alignnone\"><a href=\"https:\/\/d2p6e6u75xmxt8.cloudfront.net\/12\/2022\/04\/strava.png\"><img loading=\"lazy\" decoding=\"async\" class=\"size-full wp-image-14005\" src=\"https:\/\/d2p6e6u75xmxt8.cloudfront.net\/12\/2022\/04\/strava.png\" alt=\"\" width=\"1116\" height=\"731\" srcset=\"https:\/\/d2p6e6u75xmxt8.cloudfront.net\/12\/2022\/04\/strava.png 1116w, https:\/\/d2p6e6u75xmxt8.cloudfront.net\/12\/2022\/04\/strava-300x197.png 300w, https:\/\/d2p6e6u75xmxt8.cloudfront.net\/12\/2022\/04\/strava-1024x671.png 1024w, https:\/\/d2p6e6u75xmxt8.cloudfront.net\/12\/2022\/04\/strava-768x503.png 768w\" sizes=\"auto, (max-width: 1116px) 100vw, 1116px\" \/><\/a><figcaption id=\"caption-attachment-14005\" class=\"wp-caption-text\">Sz\u00e9p kis k\u00f6r, ugye?<\/figcaption><\/figure>\n<p><strong>Mi\u00f3ta ker\u00e9kp\u00e1rozol? Mi\u00e9rt ezt a sportot v\u00e1lasztottad?<\/strong><\/p>\n<p>2010 \u00f3ta ker\u00e9kp\u00e1rozom versenyszer\u0171en. Addig is sokat bicajoztam bar\u00e1tokkal, de akkor m\u00e9g csak ink\u00e1bb k\u00f6zleked\u00e9sre \u00e9s sz\u00f3rakoz\u00e1sra haszn\u00e1ltam, mintsem sportol\u00e1sra. 2010 nyar\u00e1n a suli ut\u00e1n kapcsolgattam a tv-t \u00e9s ott akadt meg a szemem a Tour de France k\u00f6zvet\u00edt\u00e9s\u00e9n. M\u00e1r ott nagyon megtetszett az a hatalmas sebess\u00e9g, amit a sr\u00e1cok el\u00e9rtek, \u00e9s ut\u00e1na t\u00f6bbsz\u00f6r is n\u00e9ztem d\u00e9lut\u00e1nonk\u00e9nt a versenyt. Azt\u00e1n \u00e9n is besz\u00e1lltam! J<\/p>\n<p><strong>Milyen bring\u00e1val tekersz? <\/strong><\/p>\n<p>Jelenleg egy Focus Izalco Race-t gy\u0171r\u00f6k, de m\u00e1r szemezgetek egy Focus Izalco Max t\u00e1rcsaf\u00e9kes ker\u00e9kp\u00e1rral. Mi a ker\u00e9kp\u00e1rokat a csapatt\u00f3l kapjuk, \u00edgy nem nagyon van v\u00e1laszt\u00e1si lehet\u0151s\u00e9gem ezzel kapcsolatban.<\/p>\n<figure id=\"attachment_14009\" aria-describedby=\"caption-attachment-14009\" style=\"width: 1920px\" class=\"wp-caption alignnone\"><a href=\"https:\/\/d2p6e6u75xmxt8.cloudfront.net\/12\/2022\/04\/080-scaled.jpeg\"><img loading=\"lazy\" decoding=\"async\" class=\"size-extra-large wp-image-14009\" src=\"https:\/\/d2p6e6u75xmxt8.cloudfront.net\/12\/2022\/04\/080-1920x1280.jpeg\" alt=\"\" width=\"1920\" height=\"1280\" srcset=\"https:\/\/d2p6e6u75xmxt8.cloudfront.net\/12\/2022\/04\/080-1920x1280.jpeg 1920w, https:\/\/d2p6e6u75xmxt8.cloudfront.net\/12\/2022\/04\/080-300x200.jpeg 300w, https:\/\/d2p6e6u75xmxt8.cloudfront.net\/12\/2022\/04\/080-1024x683.jpeg 1024w, https:\/\/d2p6e6u75xmxt8.cloudfront.net\/12\/2022\/04\/080-768x512.jpeg 768w, https:\/\/d2p6e6u75xmxt8.cloudfront.net\/12\/2022\/04\/080-1536x1024.jpeg 1536w, https:\/\/d2p6e6u75xmxt8.cloudfront.net\/12\/2022\/04\/080-2048x1365.jpeg 2048w, https:\/\/d2p6e6u75xmxt8.cloudfront.net\/12\/2022\/04\/080-272x182.jpeg 272w, https:\/\/d2p6e6u75xmxt8.cloudfront.net\/12\/2022\/04\/080-1920x1280.jpeg 1920w\" sizes=\"auto, (max-width: 1920px) 100vw, 1920px\" \/><\/a><figcaption id=\"caption-attachment-14009\" class=\"wp-caption-text\">Gergely, k\u00f6z\u00e9pen. Fot\u00f3: Szarka Gergely<\/figcaption><\/figure>\n<p><strong>Melyik teljes\u00edtm\u00e9nyedre vagy a legb\u00fcszk\u00e9bb?<\/strong><\/p>\n<p>Erre hirtelen egyb\u0151l r\u00e1v\u00e1gn\u00e1m, hogy a 2019-es Orsz\u00e1g\u00fati bajnoki c\u00edmemre. De ha jobban belegondolok, akkor most ink\u00e1bb arra vagyok a legb\u00fcszk\u00e9bb, hogy j\u00faliust\u00f3l kezdve teljes \u00e1ll\u00e1sban dolgoztam egy sportruh\u00e1zati c\u00e9gn\u00e9l, \u00e9s mellette v\u00e9geztem az alapoz\u00e1st \u00e9s a felk\u00e9sz\u00fcl\u00e9st a szezonra. Este 6-ig tartott a munkaid\u0151m, ut\u00e1na a munkahelyemen g\u00f6rg\u0151ztem 3-4 \u00f3r\u00e1kat. Neh\u00e9z id\u0151szak volt, az biztos, de tudom, hogy meg lesz a gy\u00fcm\u00f6lcse a kitart\u00e1somnak!<\/p>\n<p><strong>Mes\u00e9lj Visegr\u00e1d k\u00f6rny\u00e9k\u00e9r\u0151l! Mi\u00e9rt szeretsz itt tekerni? Mennyire neh\u00e9z az \u00fatvonal, amit k\u00fcldt\u00e9l?<\/strong><\/p>\n<p>Mindig is szerettem ezt a k\u00f6rny\u00e9ket, meglep, hogy mennyire sz\u00e9p vid\u00e9kek vannak Magyarorsz\u00e1gon. Szentendre ir\u00e1ny\u00e1ba szeretek nagyon menni, zseni\u00e1lis az a Duna-parti hangulat. Illetve Budapesten \u00e9lek, emiatt errefele tal\u00e1lok csak nagyobb emelked\u0151ket. Az \u00fatvonalat, amit k\u00fcldtem nem felt\u00e9tlen mondan\u00e1m neh\u00e9znek. Volt egy h\u00e9t \u0151sszel, amikor minden nap valami \u00faj \u00fatvonalat akartam kipr\u00f3b\u00e1lni \u00e9s az egyik nap ez sikeredett bel\u0151le. Eg\u00e9szen elmentem a Szlov\u00e1k hat\u00e1rig, majd Kemence fele j\u00f6ttem vissza. V\u00e9gig gy\u00f6ny\u00f6r\u0171 helyeken vezetett az \u00fat, sokszor a t\u00e1j motiv\u00e1lt abban, hogy tov\u00e1bbmenjek.<\/p>\n<p><strong>A profilodon l\u00e1tszik, hogy t\u00f6bbnapos versenyekre is j\u00e1rsz. Hogyan k\u00e9sz\u00fclsz fel ezekre?<\/strong><\/p>\n<p>Alapvet\u0151en ezekre \u00fagy lehet felk\u00e9sz\u00fclni, hogy sok t\u00f6bbnapos versenyen indul az ember. Fontos, hogy fel tudd venni a ritmust, tudd, mit kell csin\u00e1lni versenyek ut\u00e1n, hogy min\u00e9l t\u00f6bbet tudj pihenni. H\u00e1la az \u00e9gnek, a jelenlegi csapatommal kb. 10-12 t\u00f6bbnapos versenyen indulunk az \u00e9v sor\u00e1n, ami megk\u00f6nny\u00edti a dolgokat. De edz\u00e9sen is fel lehet k\u00e9sz\u00fclni, ha egym\u00e1s ut\u00e1n t\u00f6bb kem\u00e9ny napot abszolv\u00e1lsz, \u00edgy a szervezet is alkalmazkodik a sorozatterhel\u00e9shez.<\/p>\n<figure id=\"attachment_14006\" aria-describedby=\"caption-attachment-14006\" style=\"width: 1920px\" class=\"wp-caption alignnone\"><a href=\"https:\/\/d2p6e6u75xmxt8.cloudfront.net\/12\/2022\/04\/050-scaled.jpeg\"><img loading=\"lazy\" decoding=\"async\" class=\"size-extra-large wp-image-14006\" src=\"https:\/\/d2p6e6u75xmxt8.cloudfront.net\/12\/2022\/04\/050-1920x1278.jpeg\" alt=\"\" width=\"1920\" height=\"1278\" srcset=\"https:\/\/d2p6e6u75xmxt8.cloudfront.net\/12\/2022\/04\/050-1920x1278.jpeg 1920w, https:\/\/d2p6e6u75xmxt8.cloudfront.net\/12\/2022\/04\/050-300x200.jpeg 300w, https:\/\/d2p6e6u75xmxt8.cloudfront.net\/12\/2022\/04\/050-1024x682.jpeg 1024w, https:\/\/d2p6e6u75xmxt8.cloudfront.net\/12\/2022\/04\/050-768x511.jpeg 768w, https:\/\/d2p6e6u75xmxt8.cloudfront.net\/12\/2022\/04\/050-1536x1023.jpeg 1536w, https:\/\/d2p6e6u75xmxt8.cloudfront.net\/12\/2022\/04\/050-2048x1363.jpeg 2048w, https:\/\/d2p6e6u75xmxt8.cloudfront.net\/12\/2022\/04\/050-272x182.jpeg 272w, https:\/\/d2p6e6u75xmxt8.cloudfront.net\/12\/2022\/04\/050-1920x1278.jpeg 1920w\" sizes=\"auto, (max-width: 1920px) 100vw, 1920px\" \/><\/a><figcaption id=\"caption-attachment-14006\" class=\"wp-caption-text\">Fot\u00f3: Szarka Gergely<\/figcaption><\/figure>\n<p><strong>Milyen terveid vannak id\u00e9n? Fogsz versenyezni? Milyen eredm\u00e9nyeket szeretn\u00e9l el\u00e9rni?<\/strong><\/p>\n<p>Rem\u00e9nyeim szerint 40 versenynapom lesz az idei \u00e9vben. Mindenk\u00e9ppen szeretn\u00e9k j\u00f3l teljes\u00edteni, minden \u00e9vben azt jel\u00f6l\u00f6m ki magamnak c\u00e9lk\u00e9nt, hogy fejl\u0151djek \u00e9s egy id\u0151 ut\u00e1n ez az eredm\u00e9nyeken is l\u00e1tsz\u00f3dni fog. Ak\u00e1r er\u0151nl\u00e9tr\u0151l legyen sz\u00f3, ak\u00e1r versenyz\u00e9s k\u00f6zbeni taktik\u00e1r\u00f3l, szeretn\u00e9k minden \u00e9rtelemben profiv\u00e1 v\u00e1lni.<\/p>\n<p><strong>Mi\u00e9rt szeretsz nagy t\u00e1vokat tekerni? Milyen neh\u00e9zs\u00e9geket, bels\u0151 d\u00e9monokat kell ilyenkor legy\u0151zn\u00f6d? Hogyan maradsz motiv\u00e1lt egy hossz\u00fa, f\u00e1raszt\u00f3 t\u00far\u00e1n?<\/strong><\/p>\n<p>Amikor kifejezetten sokat mentem minden nap, akkor az volt a c\u00e9l, hogy az \u00e1ll\u00f3k\u00e9pess\u00e9gemet fejlesszem, de k\u00f6zben nagyon sz\u00e9p helyeken j\u00e1rtam. Sokszor az a taktik\u00e1m, hogy az edz\u00e9s fel\u00e9ig t\u00e1volodom az otthonomt\u00f3l, hogy a m\u00e1sodik fel\u00e9ben meg m\u00e1r csak az legyen bennem, hogy mindenk\u00e9pp haza kell jutnom valahogy.<\/p>\n<p>Szerencs\u00e9re annyira nem szoktam mostan\u00e1ban megrogyni, de mindig fontos, hogy koncentr\u00e1lt maradjon az ember. Ha m\u00e1r nagyon nem megy, akkor meg\u00e1llok egy k\u00e1v\u00e9z\u00f3ban \u00e9s ut\u00e1na \u00fajult er\u0151vel folytatom az utat!<\/p>\n<p><em>Ha ismersz olyan bring\u00e1st, akinek kij\u00e1r az elismer\u00e9s inspir\u00e1l\u00f3 teljes\u00edtm\u00e9nye miatt, \u00e9s \u00fagy gondolod, b\u00fcszk\u00e9n akasztan\u00e1 a nyak\u00e1ba a WLC Heroes \u00e9rm\u00e9t, \u00edrd meg nek\u00fcnk a <\/em><a href=\"welovecycling@skoda.hu%20\"><em>welovecycling@skoda.hu<\/em><\/a><em> e-mail c\u00edmre vagy <\/em><a href=\"mailto:https:\/\/www.facebook.com\/WeLoveCyclingHungary\"><em>Messenger \u00fczenetben<\/em><\/a><em>, hogy ki \u0151 \u00e9s mi\u00e9rt vagy r\u00e1 b\u00fcszke! Kiemelked\u0151 Strava-linkeket is v\u00e1runk! Magadat nevezn\u00e9d? Csak b\u00e1tran! <\/em><em>\ud83d\ude42<\/em><\/p>\n","protected":false},"excerpt":{"rendered":"<p>Nem minden h\u0151s visel k\u00f6penyt: van, aki biciklisnadr\u00e1gban menti meg a vil\u00e1got. Strava klubunkban olyan teljes\u00edtm\u00e9nyeknek vagyunk szemtan\u00fai nap mint [&hellip;]<\/p>\n","protected":false},"author":145,"featured_media":14879,"comment_status":"open","ping_status":"open","sticky":false,"template":"","format":"standard","meta":{"footnotes":""},"categories":[467],"tags":[],"global-categories":[419],"class_list":["post-14003","post","type-post","status-publish","format-standard","has-post-thumbnail","hentry","category-wlc-heroes","global-categories-cycling"],"yoast_head":"<!-- This site is optimized with the Yoast SEO Premium plugin v25.3 (Yoast SEO v25.9) - https:\/\/yoast.com\/wordpress\/plugins\/seo\/ -->\n<title>A bring\u00e1z\u00e1s h\u0151sei: Szarka Gergely, aki teljes \u00e1ll\u00e1s mellett is teljesen profi - \u0160koda We Love Cycling - Magyarorsz\u00e1g<\/title>\n<meta name=\"robots\" content=\"index, follow, max-snippet:-1, max-image-preview:large, max-video-preview:-1\" \/>\n<link rel=\"canonical\" href=\"https:\/\/www.welovecycling.com\/hu\/wlc-heroes\/a-bringazas-hosei-szarka-gergely-aki-teljes-allas-mellett-is-teljesen-profi\/\" \/>\n<meta property=\"og:locale\" content=\"hu_HU\" \/>\n<meta property=\"og:type\" content=\"article\" \/>\n<meta property=\"og:title\" content=\"A bring\u00e1z\u00e1s h\u0151sei: Szarka Gergely, aki teljes \u00e1ll\u00e1s mellett is teljesen profi\" \/>\n<meta property=\"og:description\" content=\"Nem minden h\u0151s visel k\u00f6penyt: van, aki biciklisnadr\u00e1gban menti meg a vil\u00e1got. Strava klubunkban olyan teljes\u00edtm\u00e9nyeknek vagyunk szemtan\u00fai nap mint [&hellip;]\" \/>\n<meta property=\"og:url\" content=\"https:\/\/www.welovecycling.com\/hu\/wlc-heroes\/a-bringazas-hosei-szarka-gergely-aki-teljes-allas-mellett-is-teljesen-profi\/\" \/>\n<meta property=\"og:site_name\" content=\"\u0160koda We Love Cycling - Magyarorsz\u00e1g\" \/>\n<meta property=\"article:publisher\" content=\"https:\/\/www.facebook.com\/WeLoveCyclingHungary\/\" \/>\n<meta property=\"article:published_time\" content=\"2022-03-30T07:28:55+00:00\" \/>\n<meta property=\"article:modified_time\" content=\"2022-05-03T13:32:41+00:00\" \/>\n<meta property=\"og:image\" content=\"https:\/\/d2p6e6u75xmxt8.cloudfront.net\/12\/2022\/03\/WLCHEROES_SZARKA_GERGELY_990x660_CIKK_UJ_JO.png\" \/>\n\t<meta property=\"og:image:width\" content=\"990\" \/>\n\t<meta property=\"og:image:height\" content=\"660\" \/>\n\t<meta property=\"og:image:type\" content=\"image\/png\" \/>\n<meta name=\"author\" content=\"kitti\" \/>\n<meta name=\"twitter:card\" content=\"summary_large_image\" \/>\n<meta name=\"twitter:label1\" content=\"Written by\" \/>\n\t<meta name=\"twitter:data1\" content=\"We Love Cycling\" \/>\n\t<meta name=\"twitter:label2\" content=\"Est. reading time\" \/>\n\t<meta name=\"twitter:data2\" content=\"5 minutes\" \/>\n<script type=\"application\/ld+json\" class=\"yoast-schema-graph\">{\"@context\":\"https:\/\/schema.org\",\"@graph\":[{\"@type\":\"WebPage\",\"@id\":\"https:\/\/www.welovecycling.com\/hu\/wlc-heroes\/a-bringazas-hosei-szarka-gergely-aki-teljes-allas-mellett-is-teljesen-profi\/\",\"url\":\"https:\/\/www.welovecycling.com\/hu\/wlc-heroes\/a-bringazas-hosei-szarka-gergely-aki-teljes-allas-mellett-is-teljesen-profi\/\",\"name\":\"A bring\u00e1z\u00e1s h\u0151sei: Szarka Gergely, aki teljes \u00e1ll\u00e1s mellett is teljesen profi - \u0160koda We Love Cycling - Magyarorsz\u00e1g\",\"isPartOf\":{\"@id\":\"https:\/\/www.welovecycling.com\/hu\/#website\"},\"primaryImageOfPage\":{\"@id\":\"https:\/\/www.welovecycling.com\/hu\/wlc-heroes\/a-bringazas-hosei-szarka-gergely-aki-teljes-allas-mellett-is-teljesen-profi\/#primaryimage\"},\"image\":{\"@id\":\"https:\/\/www.welovecycling.com\/hu\/wlc-heroes\/a-bringazas-hosei-szarka-gergely-aki-teljes-allas-mellett-is-teljesen-profi\/#primaryimage\"},\"thumbnailUrl\":\"https:\/\/d2p6e6u75xmxt8.cloudfront.net\/12\/2022\/03\/WLCHEROES_SZARKA_GERGELY_990x660_CIKK_UJ_JO.png\",\"datePublished\":\"2022-03-30T07:28:55+00:00\",\"dateModified\":\"2022-05-03T13:32:41+00:00\",\"author\":{\"@id\":\"https:\/\/www.welovecycling.com\/hu\/#\/schema\/person\/bec7dcdbcc59f58489cf603e4040ced1\"},\"breadcrumb\":{\"@id\":\"https:\/\/www.welovecycling.com\/hu\/wlc-heroes\/a-bringazas-hosei-szarka-gergely-aki-teljes-allas-mellett-is-teljesen-profi\/#breadcrumb\"},\"inLanguage\":\"hu\",\"potentialAction\":[{\"@type\":\"ReadAction\",\"target\":[\"https:\/\/www.welovecycling.com\/hu\/wlc-heroes\/a-bringazas-hosei-szarka-gergely-aki-teljes-allas-mellett-is-teljesen-profi\/\"]}]},{\"@type\":\"ImageObject\",\"inLanguage\":\"hu\",\"@id\":\"https:\/\/www.welovecycling.com\/hu\/wlc-heroes\/a-bringazas-hosei-szarka-gergely-aki-teljes-allas-mellett-is-teljesen-profi\/#primaryimage\",\"url\":\"https:\/\/d2p6e6u75xmxt8.cloudfront.net\/12\/2022\/03\/WLCHEROES_SZARKA_GERGELY_990x660_CIKK_UJ_JO.png\",\"contentUrl\":\"https:\/\/d2p6e6u75xmxt8.cloudfront.net\/12\/2022\/03\/WLCHEROES_SZARKA_GERGELY_990x660_CIKK_UJ_JO.png\",\"width\":990,\"height\":660},{\"@type\":\"BreadcrumbList\",\"@id\":\"https:\/\/www.welovecycling.com\/hu\/wlc-heroes\/a-bringazas-hosei-szarka-gergely-aki-teljes-allas-mellett-is-teljesen-profi\/#breadcrumb\",\"itemListElement\":[{\"@type\":\"ListItem\",\"position\":1,\"name\":\"Home\",\"item\":\"https:\/\/www.welovecycling.com\/hu\/\"},{\"@type\":\"ListItem\",\"position\":2,\"name\":\"A bring\u00e1z\u00e1s h\u0151sei: Szarka Gergely, aki teljes \u00e1ll\u00e1s mellett is teljesen profi\"}]},{\"@type\":\"WebSite\",\"@id\":\"https:\/\/www.welovecycling.com\/hu\/#website\",\"url\":\"https:\/\/www.welovecycling.com\/hu\/\",\"name\":\"\u0160koda We Love Cycling - Magyarorsz\u00e1g\",\"description\":\"\u0160koda WeLoveCycling\",\"potentialAction\":[{\"@type\":\"SearchAction\",\"target\":{\"@type\":\"EntryPoint\",\"urlTemplate\":\"https:\/\/www.welovecycling.com\/hu\/?s={search_term_string}\"},\"query-input\":{\"@type\":\"PropertyValueSpecification\",\"valueRequired\":true,\"valueName\":\"search_term_string\"}}],\"inLanguage\":\"hu\"},{\"@type\":\"Person\",\"@id\":\"https:\/\/www.welovecycling.com\/hu\/#\/schema\/person\/bec7dcdbcc59f58489cf603e4040ced1\",\"name\":\"kitti\",\"image\":{\"@type\":\"ImageObject\",\"inLanguage\":\"hu\",\"@id\":\"https:\/\/www.welovecycling.com\/hu\/#\/schema\/person\/image\/\",\"url\":\"https:\/\/secure.gravatar.com\/avatar\/e3196a110e1b57b96f56d92d10ce9bb4e9d7210076832a16243337e949410b52?s=96&d=mm&r=g\",\"contentUrl\":\"https:\/\/secure.gravatar.com\/avatar\/e3196a110e1b57b96f56d92d10ce9bb4e9d7210076832a16243337e949410b52?s=96&d=mm&r=g\",\"caption\":\"kitti\"},\"url\":\"https:\/\/www.welovecycling.com\/hu\/author\/kitti\/\"}]}<\/script>\n<!-- \/ Yoast SEO Premium plugin. -->","yoast_head_json":{"title":"A bring\u00e1z\u00e1s h\u0151sei: Szarka Gergely, aki teljes \u00e1ll\u00e1s mellett is teljesen profi - \u0160koda We Love Cycling - Magyarorsz\u00e1g","robots":{"index":"index","follow":"follow","max-snippet":"max-snippet:-1","max-image-preview":"max-image-preview:large","max-video-preview":"max-video-preview:-1"},"canonical":"https:\/\/www.welovecycling.com\/hu\/wlc-heroes\/a-bringazas-hosei-szarka-gergely-aki-teljes-allas-mellett-is-teljesen-profi\/","og_locale":"hu_HU","og_type":"article","og_title":"A bring\u00e1z\u00e1s h\u0151sei: Szarka Gergely, aki teljes \u00e1ll\u00e1s mellett is teljesen profi","og_description":"Nem minden h\u0151s visel k\u00f6penyt: van, aki biciklisnadr\u00e1gban menti meg a vil\u00e1got. Strava klubunkban olyan teljes\u00edtm\u00e9nyeknek vagyunk szemtan\u00fai nap mint [&hellip;]","og_url":"https:\/\/www.welovecycling.com\/hu\/wlc-heroes\/a-bringazas-hosei-szarka-gergely-aki-teljes-allas-mellett-is-teljesen-profi\/","og_site_name":"\u0160koda We Love Cycling - Magyarorsz\u00e1g","article_publisher":"https:\/\/www.facebook.com\/WeLoveCyclingHungary\/","article_published_time":"2022-03-30T07:28:55+00:00","article_modified_time":"2022-05-03T13:32:41+00:00","og_image":[{"width":990,"height":660,"url":"https:\/\/d2p6e6u75xmxt8.cloudfront.net\/12\/2022\/03\/WLCHEROES_SZARKA_GERGELY_990x660_CIKK_UJ_JO.png","type":"image\/png"}],"author":"kitti","twitter_card":"summary_large_image","twitter_misc":{"Written by":"We Love Cycling","Est. reading time":"5 minutes"},"schema":{"@context":"https:\/\/schema.org","@graph":[{"@type":"WebPage","@id":"https:\/\/www.welovecycling.com\/hu\/wlc-heroes\/a-bringazas-hosei-szarka-gergely-aki-teljes-allas-mellett-is-teljesen-profi\/","url":"https:\/\/www.welovecycling.com\/hu\/wlc-heroes\/a-bringazas-hosei-szarka-gergely-aki-teljes-allas-mellett-is-teljesen-profi\/","name":"A bring\u00e1z\u00e1s h\u0151sei: Szarka Gergely, aki teljes \u00e1ll\u00e1s mellett is teljesen profi - \u0160koda We Love Cycling - Magyarorsz\u00e1g","isPartOf":{"@id":"https:\/\/www.welovecycling.com\/hu\/#website"},"primaryImageOfPage":{"@id":"https:\/\/www.welovecycling.com\/hu\/wlc-heroes\/a-bringazas-hosei-szarka-gergely-aki-teljes-allas-mellett-is-teljesen-profi\/#primaryimage"},"image":{"@id":"https:\/\/www.welovecycling.com\/hu\/wlc-heroes\/a-bringazas-hosei-szarka-gergely-aki-teljes-allas-mellett-is-teljesen-profi\/#primaryimage"},"thumbnailUrl":"https:\/\/d2p6e6u75xmxt8.cloudfront.net\/12\/2022\/03\/WLCHEROES_SZARKA_GERGELY_990x660_CIKK_UJ_JO.png","datePublished":"2022-03-30T07:28:55+00:00","dateModified":"2022-05-03T13:32:41+00:00","author":{"@id":"https:\/\/www.welovecycling.com\/hu\/#\/schema\/person\/bec7dcdbcc59f58489cf603e4040ced1"},"breadcrumb":{"@id":"https:\/\/www.welovecycling.com\/hu\/wlc-heroes\/a-bringazas-hosei-szarka-gergely-aki-teljes-allas-mellett-is-teljesen-profi\/#breadcrumb"},"inLanguage":"hu","potentialAction":[{"@type":"ReadAction","target":["https:\/\/www.welovecycling.com\/hu\/wlc-heroes\/a-bringazas-hosei-szarka-gergely-aki-teljes-allas-mellett-is-teljesen-profi\/"]}]},{"@type":"ImageObject","inLanguage":"hu","@id":"https:\/\/www.welovecycling.com\/hu\/wlc-heroes\/a-bringazas-hosei-szarka-gergely-aki-teljes-allas-mellett-is-teljesen-profi\/#primaryimage","url":"https:\/\/d2p6e6u75xmxt8.cloudfront.net\/12\/2022\/03\/WLCHEROES_SZARKA_GERGELY_990x660_CIKK_UJ_JO.png","contentUrl":"https:\/\/d2p6e6u75xmxt8.cloudfront.net\/12\/2022\/03\/WLCHEROES_SZARKA_GERGELY_990x660_CIKK_UJ_JO.png","width":990,"height":660},{"@type":"BreadcrumbList","@id":"https:\/\/www.welovecycling.com\/hu\/wlc-heroes\/a-bringazas-hosei-szarka-gergely-aki-teljes-allas-mellett-is-teljesen-profi\/#breadcrumb","itemListElement":[{"@type":"ListItem","position":1,"name":"Home","item":"https:\/\/www.welovecycling.com\/hu\/"},{"@type":"ListItem","position":2,"name":"A bring\u00e1z\u00e1s h\u0151sei: Szarka Gergely, aki teljes \u00e1ll\u00e1s mellett is teljesen profi"}]},{"@type":"WebSite","@id":"https:\/\/www.welovecycling.com\/hu\/#website","url":"https:\/\/www.welovecycling.com\/hu\/","name":"\u0160koda We Love Cycling - Magyarorsz\u00e1g","description":"\u0160koda WeLoveCycling","potentialAction":[{"@type":"SearchAction","target":{"@type":"EntryPoint","urlTemplate":"https:\/\/www.welovecycling.com\/hu\/?s={search_term_string}"},"query-input":{"@type":"PropertyValueSpecification","valueRequired":true,"valueName":"search_term_string"}}],"inLanguage":"hu"},{"@type":"Person","@id":"https:\/\/www.welovecycling.com\/hu\/#\/schema\/person\/bec7dcdbcc59f58489cf603e4040ced1","name":"kitti","image":{"@type":"ImageObject","inLanguage":"hu","@id":"https:\/\/www.welovecycling.com\/hu\/#\/schema\/person\/image\/","url":"https:\/\/secure.gravatar.com\/avatar\/e3196a110e1b57b96f56d92d10ce9bb4e9d7210076832a16243337e949410b52?s=96&d=mm&r=g","contentUrl":"https:\/\/secure.gravatar.com\/avatar\/e3196a110e1b57b96f56d92d10ce9bb4e9d7210076832a16243337e949410b52?s=96&d=mm&r=g","caption":"kitti"},"url":"https:\/\/www.welovecycling.com\/hu\/author\/kitti\/"}]}},"_links":{"self":[{"href":"https:\/\/www.welovecycling.com\/hu\/wp-json\/wp\/v2\/posts\/14003","targetHints":{"allow":["GET"]}}],"collection":[{"href":"https:\/\/www.welovecycling.com\/hu\/wp-json\/wp\/v2\/posts"}],"about":[{"href":"https:\/\/www.welovecycling.com\/hu\/wp-json\/wp\/v2\/types\/post"}],"author":[{"embeddable":true,"href":"https:\/\/www.welovecycling.com\/hu\/wp-json\/wp\/v2\/users\/145"}],"replies":[{"embeddable":true,"href":"https:\/\/www.welovecycling.com\/hu\/wp-json\/wp\/v2\/comments?post=14003"}],"version-history":[{"count":1,"href":"https:\/\/www.welovecycling.com\/hu\/wp-json\/wp\/v2\/posts\/14003\/revisions"}],"predecessor-version":[{"id":14010,"href":"https:\/\/www.welovecycling.com\/hu\/wp-json\/wp\/v2\/posts\/14003\/revisions\/14010"}],"wp:featuredmedia":[{"embeddable":true,"href":"https:\/\/www.welovecycling.com\/hu\/wp-json\/wp\/v2\/media\/14879"}],"wp:attachment":[{"href":"https:\/\/www.welovecycling.com\/hu\/wp-json\/wp\/v2\/media?parent=14003"}],"wp:term":[{"taxonomy":"category","embeddable":true,"href":"https:\/\/www.welovecycling.com\/hu\/wp-json\/wp\/v2\/categories?post=14003"},{"taxonomy":"post_tag","embeddable":true,"href":"https:\/\/www.welovecycling.com\/hu\/wp-json\/wp\/v2\/tags?post=14003"},{"taxonomy":"global-categories","embeddable":true,"href":"https:\/\/www.welovecycling.com\/hu\/wp-json\/wp\/v2\/global-categories?post=14003"}],"curies":[{"name":"wp","href":"https:\/\/api.w.org\/{rel}","templated":true}]}}