{"id":13975,"date":"2022-04-04T08:00:04","date_gmt":"2022-04-04T06:00:04","guid":{"rendered":"https:\/\/www.welovecycling.com\/hu\/?p=13975"},"modified":"2022-03-29T12:04:14","modified_gmt":"2022-03-29T10:04:14","slug":"az-atmeneti-evszakok-bringas-alapelvei","status":"publish","type":"post","link":"https:\/\/www.welovecycling.com\/hu\/edzes-es-eletmod\/az-atmeneti-evszakok-bringas-alapelvei\/","title":{"rendered":"Az \u00e1tmeneti \u00e9vszakok bring\u00e1s alapelvei"},"content":{"rendered":"<p><strong>A tavasz \u00e9s az \u0151sz k\u00e9t nagyon hasonl\u00f3 id\u0151szak k\u00fclt\u00e9ri sportol\u00e1s szempontj\u00e1b\u00f3l: hol meleg van, hol hideg, hol esik, hol f\u00faj, hol t\u0171z a nap. Sosem tudod, mire sz\u00e1m\u00edts. Sokan m\u00e9g v\u00e1rnak kicsit, miel\u0151tt nyeregbe \u00fcln\u00e9nek tavasszal, \u00e9s az els\u0151 bor\u00fas napokon elteszik a bring\u00e1jukat \u0151sszel, ezzel a m\u00f3dszerrel viszont igen r\u00f6vidre cs\u00f6kken a szezon. \u00d6sszefoglaltuk, hogyan k\u00f6nny\u00edtheted meg a dolgod az \u00e1tmeneti \u00e9vszakokban!<\/strong><\/p>\n<p><strong>\u00d6lt\u00f6zk\u00f6d\u00e9s<\/strong><\/p>\n<p>Induljunk fentr\u0151l lefel\u00e9!<\/p>\n<p><strong><em>Fej, f\u00fclek \u00e9s nyak: tartsd melegen!<\/em><\/strong><\/p>\n<p>J\u00f3l j\u00f6nnek ilyenkor a klasszikus ker\u00e9kp\u00e1ros sapk\u00e1k, amik nem csak melegen tartj\u00e1k a fejed, hanem m\u00e9g st\u00edlusban is biztosan megtal\u00e1lod k\u00f6zt\u00fck a hozz\u00e1d ill\u0151t. Ha azonban hidegebb van, a f\u00fcleid lesznek a bringautak elszenved\u0151i, ha nem takarod le \u0151ket. Egy egyszer\u0171 f\u00fcldug\u00f3 is j\u00f3 megold\u00e1s lehet, de m\u00e9g jobb, ha olyan f\u00fclv\u00e9d\u0151t haszn\u00e1lsz, ami teljesen elfedi \u0151ket. A nyak melegen tart\u00e1s\u00e1ra egyszer\u0171 megold\u00e1s egy cs\u0151s\u00e1l, amit k\u00f6nnyen el tudsz tenni a t\u00e1sk\u00e1dba, ha t\u00fal soknak \u00e9rzed.<\/p>\n<p><a href=\"https:\/\/d2p6e6u75xmxt8.cloudfront.net\/12\/2022\/03\/Riders-eating-spaghetti-during-a-stage-in-1966.jpeg\"><img loading=\"lazy\" decoding=\"async\" class=\"alignnone size-full wp-image-13981\" src=\"https:\/\/d2p6e6u75xmxt8.cloudfront.net\/12\/2022\/03\/Riders-eating-spaghetti-during-a-stage-in-1966.jpeg\" alt=\"\" width=\"1010\" height=\"739\" srcset=\"https:\/\/d2p6e6u75xmxt8.cloudfront.net\/12\/2022\/03\/Riders-eating-spaghetti-during-a-stage-in-1966.jpeg 1010w, https:\/\/d2p6e6u75xmxt8.cloudfront.net\/12\/2022\/03\/Riders-eating-spaghetti-during-a-stage-in-1966-300x220.jpeg 300w, https:\/\/d2p6e6u75xmxt8.cloudfront.net\/12\/2022\/03\/Riders-eating-spaghetti-during-a-stage-in-1966-768x562.jpeg 768w\" sizes=\"auto, (max-width: 1010px) 100vw, 1010px\" \/><\/a><\/p>\n<p><strong><em>Ker\u00e9kp\u00e1ros es\u0151kab\u00e1t<\/em><\/strong><\/p>\n<p>Egy\u00e9rtelm\u0171, hogy es\u0151s id\u0151ben kelleni fog egy es\u0151kab\u00e1t, de nem ak\u00e1rmilyen! Kifejezetten ker\u00e9kp\u00e1rosoknak k\u00e9sz\u00edtett darabot v\u00e1lassz! A norm\u00e1l kab\u00e1tok \u00e1ll\u00f3 poz\u00edci\u00f3ban v\u00e9denek j\u00f3l, azok viszont, amiket biciklisek sz\u00e1m\u00e1ra terveztek \u2013 nem v\u00e9letlen\u00fcl \u2013 bicikliz\u0151 poz\u00edci\u00f3ban is, ami nagyobb horizont\u00e1lis lefedetts\u00e9get jelent. R\u00e1ad\u00e1sul m\u00e1s a szell\u0151z\u00e9se \u00e9s a diz\u00e1jnja is: a h\u00e1tadon p\u00e9ld\u00e1ul hosszabban lel\u00f3g, mint a hagyom\u00e1nyos fajt\u00e1k.<\/p>\n<p><strong><em>A t\u00f6rzsnek r\u00e9tegek kellenek<\/em><\/strong><\/p>\n<p>Nem gy\u0151zz\u00fck hangs\u00falyozni a szesz\u00e9lyes id\u0151j\u00e1r\u00e1ssal val\u00f3 k\u00fczdelem titk\u00e1t: r\u00e9tegek, r\u00e9tegek, r\u00e9tegek! A hossz\u00fa ujj\u00fa mez k\u00f6telez\u0151 darab. Nem el\u00e9g? Vegy\u00e9l r\u00e1 egy k\u00f6nny\u0171 dzsekit! M\u00e9g mindig nem? J\u00f6het az es\u0151kab\u00e1t!<\/p>\n<figure id=\"attachment_13980\" aria-describedby=\"caption-attachment-13980\" style=\"width: 1875px\" class=\"wp-caption alignnone\"><a href=\"https:\/\/d2p6e6u75xmxt8.cloudfront.net\/12\/2022\/03\/39871938_2043978578972427_9195210486050717696_o.jpg\"><img loading=\"lazy\" decoding=\"async\" class=\"size-full wp-image-13980\" src=\"https:\/\/d2p6e6u75xmxt8.cloudfront.net\/12\/2022\/03\/39871938_2043978578972427_9195210486050717696_o.jpg\" alt=\"\" width=\"1875\" height=\"1251\" srcset=\"https:\/\/d2p6e6u75xmxt8.cloudfront.net\/12\/2022\/03\/39871938_2043978578972427_9195210486050717696_o.jpg 1875w, https:\/\/d2p6e6u75xmxt8.cloudfront.net\/12\/2022\/03\/39871938_2043978578972427_9195210486050717696_o-300x200.jpg 300w, https:\/\/d2p6e6u75xmxt8.cloudfront.net\/12\/2022\/03\/39871938_2043978578972427_9195210486050717696_o-1024x683.jpg 1024w, https:\/\/d2p6e6u75xmxt8.cloudfront.net\/12\/2022\/03\/39871938_2043978578972427_9195210486050717696_o-768x512.jpg 768w, https:\/\/d2p6e6u75xmxt8.cloudfront.net\/12\/2022\/03\/39871938_2043978578972427_9195210486050717696_o-1536x1025.jpg 1536w, https:\/\/d2p6e6u75xmxt8.cloudfront.net\/12\/2022\/03\/39871938_2043978578972427_9195210486050717696_o-272x182.jpg 272w\" sizes=\"auto, (max-width: 1875px) 100vw, 1875px\" \/><\/a><figcaption id=\"caption-attachment-13980\" class=\"wp-caption-text\">\u00a9 Rapha<\/figcaption><\/figure>\n<p>\u00c9rdemes k\u00e9t, k\u00fcl\u00f6nb\u00f6z\u0151 vastags\u00e1g\u00fa softshell kab\u00e1tot beszerezni: egy k\u00f6zepesen meleget a hideg \u00e9s sz\u00e1raz napokra, \u00e9s egy nagyon meleget \u00e9s v\u00edz\u00e1ll\u00f3t az es\u0151s id\u0151kre. Ha egym\u00e1sra veszed ezeket, ak\u00e1r m\u00ednuszokban is tekerhetsz.<\/p>\n<p><strong><em>Keszty\u0171, a biztons\u00e1gos f\u00e9kez\u00e9s\u00e9rt!<\/em><\/strong><\/p>\n<p>Ha te azok k\u00f6z\u00e9 a bring\u00e1sok k\u00f6z\u00e9 tartozol, akik ny\u00e1ron nem hordanak ker\u00e9kp\u00e1ros keszty\u0171t, akkor ir\u00e1ny a bolt! A tavaszi \u00e9s \u0151szi id\u0151szakokban musz\u00e1j felvenned, hogy melegen tartsd az ujjaid \u00e9s tudj hirtelen f\u00e9kezni vel\u00fck, ha kell!<\/p>\n<p><strong><em>A l\u00e1bakon lycra<\/em><\/strong><\/p>\n<p>Ha teheted, maradj a lyra anyagn\u00e1l! Nem sz\u00edvja mag\u00e1ba a vizet, \u00edgy akkor is k\u00e9nyelmes marad, ha el\u00e1zik. Ne vegy\u00e9l v\u00edz\u00e1ll\u00f3 nadr\u00e1got, hacsak nincs k\u00fcl\u00f6nlegesen j\u00f3l l\u00e9legz\u0151 anyagb\u00f3l, p\u00e9ld\u00e1ul Gore-Texb\u0151l! Minden m\u00e1s csak megizzaszt, ami hamar k\u00e9nyelmetlen \u00e9rz\u00e9st k\u00f6lcs\u00f6n\u00f6z, ahogy a l\u00e1baid \u00e1ltal termelt h\u0151 a b\u0151r\u00f6d felsz\u00edn\u00e9n ragad.<\/p>\n<figure id=\"attachment_13979\" aria-describedby=\"caption-attachment-13979\" style=\"width: 1000px\" class=\"wp-caption alignnone\"><a href=\"https:\/\/d2p6e6u75xmxt8.cloudfront.net\/12\/2022\/03\/Fat-Lad-At-the-Back-6.jpg\"><img loading=\"lazy\" decoding=\"async\" class=\"size-full wp-image-13979\" src=\"https:\/\/d2p6e6u75xmxt8.cloudfront.net\/12\/2022\/03\/Fat-Lad-At-the-Back-6.jpg\" alt=\"\" width=\"1000\" height=\"720\" srcset=\"https:\/\/d2p6e6u75xmxt8.cloudfront.net\/12\/2022\/03\/Fat-Lad-At-the-Back-6.jpg 1000w, https:\/\/d2p6e6u75xmxt8.cloudfront.net\/12\/2022\/03\/Fat-Lad-At-the-Back-6-300x216.jpg 300w, https:\/\/d2p6e6u75xmxt8.cloudfront.net\/12\/2022\/03\/Fat-Lad-At-the-Back-6-768x553.jpg 768w\" sizes=\"auto, (max-width: 1000px) 100vw, 1000px\" \/><\/a><figcaption id=\"caption-attachment-13979\" class=\"wp-caption-text\">\u00a9 Simon Wilkinson<\/figcaption><\/figure>\n<p>K\u00e9t lehet\u0151s\u00e9get \u00e9rdemes megvizsg\u00e1lni:<\/p>\n<ul>\n<li>Ha nem olyan hideg az id\u0151, javasoljuk a norm\u00e1l ker\u00e9kp\u00e1ros r\u00f6vidnadr\u00e1gokat, t\u00e9rdmeleg\u00edt\u0151kkel. Ezek olcs\u00f3k, \u00e9s k\u00f6nnyen leveheted a plusz r\u00e9teget, ha meleged van.<\/li>\n<li>Ha hidegebb az id\u0151, vegy\u00e9l hossz\u00fa ker\u00e9k\u00e1ros nadr\u00e1got! Meglep\u0151en meleged lesz benn\u00fck, ha ped\u00e1lozni kezdesz.<\/li>\n<\/ul>\n<p><strong><em>S\u00e1rcip\u0151<\/em><\/strong><\/p>\n<p>Hidd el, meg\u00e9ri! Nagyon sok profi haszn\u00e1lja, m\u00e9gpedig az\u00e9rt, mert m\u0171k\u00f6dik. Ha nincs ker\u00e9kp\u00e1ros cip\u0151d, nem gond: vegy\u00e9l eggyel nagyobb m\u00e9retet \u00e9s h\u00fazd r\u00e1 a sportcip\u0151dre! A cip\u0151d tiszta \u00e9s sz\u00e1raz, a l\u00e1bad pedig meleg marad.<\/p>\n<figure id=\"attachment_13978\" aria-describedby=\"caption-attachment-13978\" style=\"width: 1250px\" class=\"wp-caption alignnone\"><a href=\"https:\/\/d2p6e6u75xmxt8.cloudfront.net\/12\/2022\/03\/profimedia-0245116360.jpg\"><img loading=\"lazy\" decoding=\"async\" class=\"size-full wp-image-13978\" src=\"https:\/\/d2p6e6u75xmxt8.cloudfront.net\/12\/2022\/03\/profimedia-0245116360.jpg\" alt=\"\" width=\"1250\" height=\"831\" srcset=\"https:\/\/d2p6e6u75xmxt8.cloudfront.net\/12\/2022\/03\/profimedia-0245116360.jpg 1250w, https:\/\/d2p6e6u75xmxt8.cloudfront.net\/12\/2022\/03\/profimedia-0245116360-300x199.jpg 300w, https:\/\/d2p6e6u75xmxt8.cloudfront.net\/12\/2022\/03\/profimedia-0245116360-1024x681.jpg 1024w, https:\/\/d2p6e6u75xmxt8.cloudfront.net\/12\/2022\/03\/profimedia-0245116360-768x511.jpg 768w, https:\/\/d2p6e6u75xmxt8.cloudfront.net\/12\/2022\/03\/profimedia-0245116360-272x182.jpg 272w\" sizes=\"auto, (max-width: 1250px) 100vw, 1250px\" \/><\/a><figcaption id=\"caption-attachment-13978\" class=\"wp-caption-text\">A profik is hordj\u00e1k, ha es\u0151s az id\u0151. \u00a9 Profimedia, AFP<\/figcaption><\/figure>\n<p><strong>Ker\u00e9kp\u00e1r<\/strong><\/p>\n<p>Nedves id\u0151ben tekerni nem a legjobb a bring\u00e1d sz\u00e1m\u00e1ra, \u00edgy m\u00e9g jobban oda kell figyelned a l\u00e1ncra, a f\u00e9kekre \u00e9s a hajt\u00f3m\u0171re.<\/p>\n<p><strong><em>Olajoz\u00e1s<\/em><\/strong><\/p>\n<p>Ha es\u0151s \u00e9vszakban tekersz, akkor musz\u00e1j folyton megtiszt\u00edtani \u00e9s \u00fajrazs\u00edrozni a mozg\u00f3 alkatr\u00e9szeket. R\u00e1ad\u00e1sul olyan ken\u0151anyagokkal, amiket direkt erre az id\u0151re terveztek! Sokkal jobban v\u00e9dik a biciklid, mint azok, amiket ny\u00e1ron, sz\u00e1raz id\u0151ben haszn\u00e1lsz. Ha nem akarod te csin\u00e1lni, fizethetsz is \u00e9rte a k\u00f6zeli bringaboltban. De t\u00e9nyleg nem bonyolult.<\/p>\n<p><strong><em>Takar\u00edt\u00e1s<\/em><\/strong><\/p>\n<p>A s\u00e1r, a szennyez\u0151d\u00e9sek \u00e9s a homok nagyon gyorsan puszt\u00edtj\u00e1k az alkatr\u00e9szeket, ha nem figyelsz oda. A legkevesebb, amit tehetsz, hogy id\u0151nk\u00e9nt letakar\u00edtod ezeket!<\/p>\n<p><a href=\"https:\/\/d2p6e6u75xmxt8.cloudfront.net\/12\/2022\/03\/AG9C5701-1.jpg\"><img loading=\"lazy\" decoding=\"async\" class=\"alignnone size-full wp-image-13977\" src=\"https:\/\/d2p6e6u75xmxt8.cloudfront.net\/12\/2022\/03\/AG9C5701-1.jpg\" alt=\"\" width=\"1377\" height=\"918\" srcset=\"https:\/\/d2p6e6u75xmxt8.cloudfront.net\/12\/2022\/03\/AG9C5701-1.jpg 1377w, https:\/\/d2p6e6u75xmxt8.cloudfront.net\/12\/2022\/03\/AG9C5701-1-300x200.jpg 300w, https:\/\/d2p6e6u75xmxt8.cloudfront.net\/12\/2022\/03\/AG9C5701-1-1024x683.jpg 1024w, https:\/\/d2p6e6u75xmxt8.cloudfront.net\/12\/2022\/03\/AG9C5701-1-768x512.jpg 768w, https:\/\/d2p6e6u75xmxt8.cloudfront.net\/12\/2022\/03\/AG9C5701-1-272x182.jpg 272w\" sizes=\"auto, (max-width: 1377px) 100vw, 1377px\" \/><\/a><\/p>\n<p><strong>Extra felszerel\u00e9s<\/strong><\/p>\n<p><strong><em>S\u00e1rv\u00e9d\u0151k<\/em><\/strong><\/p>\n<p>Igaz\u00e1n nem nagy dolog felszerelni, \u00e9s hozz\u00e1adhatnak n\u00e9h\u00e1ny h\u00f3napot a bring\u00e1s szezonodhoz. Rengeteg t\u00edpus k\u00f6z\u00fcl v\u00e1laszthatsz, van, ami ink\u00e1bb a biciklit, \u00e9s van, ami ink\u00e1bb t\u00e9ged v\u00e9d a s\u00e1rt\u00f3l. Mindegyik j\u00f3l tud j\u00f6nni!<\/p>\n<p><strong><em>L\u00e1mp\u00e1k<\/em><\/strong><\/p>\n<p>Tavasszal m\u00e9g, \u0151sszel m\u00e1r nincs olyan sok\u00e1ig vil\u00e1gos, hogy ne kellene n\u00e9h\u00e1ny extra l\u00e1mpa. Egy\u00e9ni preferenci\u00e1id alapj\u00e1n v\u00e1laszthatsz elemeset \u00e9s akkumul\u00e1torosat, a l\u00e9nyeg, hogy ne felejtsd el t\u00f6lteni\/cser\u00e9lni az elemet!<\/p>\n<p><a href=\"https:\/\/d2p6e6u75xmxt8.cloudfront.net\/12\/2022\/03\/Lights1.jpg\"><img loading=\"lazy\" decoding=\"async\" class=\"alignnone size-full wp-image-13976\" src=\"https:\/\/d2p6e6u75xmxt8.cloudfront.net\/12\/2022\/03\/Lights1.jpg\" alt=\"\" width=\"1377\" height=\"918\" srcset=\"https:\/\/d2p6e6u75xmxt8.cloudfront.net\/12\/2022\/03\/Lights1.jpg 1377w, https:\/\/d2p6e6u75xmxt8.cloudfront.net\/12\/2022\/03\/Lights1-300x200.jpg 300w, https:\/\/d2p6e6u75xmxt8.cloudfront.net\/12\/2022\/03\/Lights1-1024x683.jpg 1024w, https:\/\/d2p6e6u75xmxt8.cloudfront.net\/12\/2022\/03\/Lights1-768x512.jpg 768w, https:\/\/d2p6e6u75xmxt8.cloudfront.net\/12\/2022\/03\/Lights1-272x182.jpg 272w\" sizes=\"auto, (max-width: 1377px) 100vw, 1377px\" \/><\/a><\/p>\n<p><strong><em>H\u0151tart\u00f3 kulacs<\/em><\/strong><\/p>\n<p>Sokkal \u00e9lvezetesebb\u00e9 teszi az utat! Gondolj csak bele: egy es\u0151s, hideg szombaton hossz\u00fa t\u00far\u00e1ra indulsz a bar\u00e1taiddal. Mi fog jobban esni, a hideg v\u00edz vagy egy korty meleg tea?<\/p>\n<p><strong>V\u00e1lassz j\u00f3 utat!<\/strong><\/p>\n<p>Amikor megtervezed a k\u00f6vetkez\u0151 teker\u00e9st, gondolj r\u00e1, hogy nem minden \u00fat ugyanolyan tavasszal \u00e9s \u0151sszel, mint ny\u00e1ron, sz\u00e1raz id\u0151ben! Alkalmazkodnod kell a viszonyokhoz. Ha j\u00f3 id\u0151ben orsz\u00e1g\u00fatit haszn\u00e1lsz, kipr\u00f3b\u00e1lhatod most a montiz\u00e1st! J\u00e1rd be a k\u00f6rny\u00e9k erdei \u00fatjait! Ha ragaszkodsz a megszokott aszfalthoz, akkor keress olyan utakat, amiken alacsony a forgalom \u00e9s legy\u00e9l j\u00f3l l\u00e1that\u00f3! Ne felejtsd el, hogy m\u00e9g mindig\/m\u00e1r megint viszonylag kor\u00e1n s\u00f6t\u00e9tedik.<\/p>\n","protected":false},"excerpt":{"rendered":"<p>A tavasz \u00e9s az \u0151sz k\u00e9t nagyon hasonl\u00f3 id\u0151szak k\u00fclt\u00e9ri sportol\u00e1s szempontj\u00e1b\u00f3l: hol meleg van, hol hideg, hol esik, hol [&hellip;]<\/p>\n","protected":false},"author":145,"featured_media":13982,"comment_status":"open","ping_status":"open","sticky":false,"template":"","format":"standard","meta":{"footnotes":""},"categories":[6],"tags":[],"global-categories":[],"class_list":["post-13975","post","type-post","status-publish","format-standard","has-post-thumbnail","hentry","category-edzes-es-eletmod"],"yoast_head":"<!-- This site is optimized with the Yoast SEO Premium plugin v25.3 (Yoast SEO v25.9) - https:\/\/yoast.com\/wordpress\/plugins\/seo\/ -->\n<title>Az \u00e1tmeneti \u00e9vszakok bring\u00e1s alapelvei - \u0160koda We Love Cycling - Magyarorsz\u00e1g<\/title>\n<meta name=\"robots\" content=\"index, follow, max-snippet:-1, max-image-preview:large, max-video-preview:-1\" \/>\n<link rel=\"canonical\" href=\"https:\/\/www.welovecycling.com\/hu\/edzes-es-eletmod\/az-atmeneti-evszakok-bringas-alapelvei\/\" \/>\n<meta property=\"og:locale\" content=\"hu_HU\" \/>\n<meta property=\"og:type\" content=\"article\" \/>\n<meta property=\"og:title\" content=\"Az \u00e1tmeneti \u00e9vszakok bring\u00e1s alapelvei\" \/>\n<meta property=\"og:description\" content=\"A tavasz \u00e9s az \u0151sz k\u00e9t nagyon hasonl\u00f3 id\u0151szak k\u00fclt\u00e9ri sportol\u00e1s szempontj\u00e1b\u00f3l: hol meleg van, hol hideg, hol esik, hol [&hellip;]\" \/>\n<meta property=\"og:url\" content=\"https:\/\/www.welovecycling.com\/hu\/edzes-es-eletmod\/az-atmeneti-evszakok-bringas-alapelvei\/\" \/>\n<meta property=\"og:site_name\" content=\"\u0160koda We Love Cycling - Magyarorsz\u00e1g\" \/>\n<meta property=\"article:publisher\" content=\"https:\/\/www.facebook.com\/WeLoveCyclingHungary\/\" \/>\n<meta property=\"article:published_time\" content=\"2022-04-04T06:00:04+00:00\" \/>\n<meta property=\"og:image\" content=\"https:\/\/d2p6e6u75xmxt8.cloudfront.net\/12\/2022\/03\/42244_241313.jpg\" \/>\n\t<meta property=\"og:image:width\" content=\"1375\" \/>\n\t<meta property=\"og:image:height\" content=\"600\" \/>\n\t<meta property=\"og:image:type\" content=\"image\/jpeg\" \/>\n<meta name=\"author\" content=\"kitti\" \/>\n<meta name=\"twitter:card\" content=\"summary_large_image\" \/>\n<meta name=\"twitter:label1\" content=\"Written by\" \/>\n\t<meta name=\"twitter:data1\" content=\"WLC\" \/>\n\t<meta name=\"twitter:label2\" content=\"Est. reading time\" \/>\n\t<meta name=\"twitter:data2\" content=\"5 minutes\" \/>\n<script type=\"application\/ld+json\" class=\"yoast-schema-graph\">{\"@context\":\"https:\/\/schema.org\",\"@graph\":[{\"@type\":\"WebPage\",\"@id\":\"https:\/\/www.welovecycling.com\/hu\/edzes-es-eletmod\/az-atmeneti-evszakok-bringas-alapelvei\/\",\"url\":\"https:\/\/www.welovecycling.com\/hu\/edzes-es-eletmod\/az-atmeneti-evszakok-bringas-alapelvei\/\",\"name\":\"Az \u00e1tmeneti \u00e9vszakok bring\u00e1s alapelvei - \u0160koda We Love Cycling - Magyarorsz\u00e1g\",\"isPartOf\":{\"@id\":\"https:\/\/www.welovecycling.com\/hu\/#website\"},\"primaryImageOfPage\":{\"@id\":\"https:\/\/www.welovecycling.com\/hu\/edzes-es-eletmod\/az-atmeneti-evszakok-bringas-alapelvei\/#primaryimage\"},\"image\":{\"@id\":\"https:\/\/www.welovecycling.com\/hu\/edzes-es-eletmod\/az-atmeneti-evszakok-bringas-alapelvei\/#primaryimage\"},\"thumbnailUrl\":\"https:\/\/d2p6e6u75xmxt8.cloudfront.net\/12\/2022\/03\/42244_241313.jpg\",\"datePublished\":\"2022-04-04T06:00:04+00:00\",\"author\":{\"@id\":\"https:\/\/www.welovecycling.com\/hu\/#\/schema\/person\/bec7dcdbcc59f58489cf603e4040ced1\"},\"breadcrumb\":{\"@id\":\"https:\/\/www.welovecycling.com\/hu\/edzes-es-eletmod\/az-atmeneti-evszakok-bringas-alapelvei\/#breadcrumb\"},\"inLanguage\":\"hu\",\"potentialAction\":[{\"@type\":\"ReadAction\",\"target\":[\"https:\/\/www.welovecycling.com\/hu\/edzes-es-eletmod\/az-atmeneti-evszakok-bringas-alapelvei\/\"]}]},{\"@type\":\"ImageObject\",\"inLanguage\":\"hu\",\"@id\":\"https:\/\/www.welovecycling.com\/hu\/edzes-es-eletmod\/az-atmeneti-evszakok-bringas-alapelvei\/#primaryimage\",\"url\":\"https:\/\/d2p6e6u75xmxt8.cloudfront.net\/12\/2022\/03\/42244_241313.jpg\",\"contentUrl\":\"https:\/\/d2p6e6u75xmxt8.cloudfront.net\/12\/2022\/03\/42244_241313.jpg\",\"width\":1375,\"height\":600},{\"@type\":\"BreadcrumbList\",\"@id\":\"https:\/\/www.welovecycling.com\/hu\/edzes-es-eletmod\/az-atmeneti-evszakok-bringas-alapelvei\/#breadcrumb\",\"itemListElement\":[{\"@type\":\"ListItem\",\"position\":1,\"name\":\"Home\",\"item\":\"https:\/\/www.welovecycling.com\/hu\/\"},{\"@type\":\"ListItem\",\"position\":2,\"name\":\"Az \u00e1tmeneti \u00e9vszakok bring\u00e1s alapelvei\"}]},{\"@type\":\"WebSite\",\"@id\":\"https:\/\/www.welovecycling.com\/hu\/#website\",\"url\":\"https:\/\/www.welovecycling.com\/hu\/\",\"name\":\"\u0160koda We Love Cycling - Magyarorsz\u00e1g\",\"description\":\"\u0160koda WeLoveCycling\",\"potentialAction\":[{\"@type\":\"SearchAction\",\"target\":{\"@type\":\"EntryPoint\",\"urlTemplate\":\"https:\/\/www.welovecycling.com\/hu\/?s={search_term_string}\"},\"query-input\":{\"@type\":\"PropertyValueSpecification\",\"valueRequired\":true,\"valueName\":\"search_term_string\"}}],\"inLanguage\":\"hu\"},{\"@type\":\"Person\",\"@id\":\"https:\/\/www.welovecycling.com\/hu\/#\/schema\/person\/bec7dcdbcc59f58489cf603e4040ced1\",\"name\":\"kitti\",\"image\":{\"@type\":\"ImageObject\",\"inLanguage\":\"hu\",\"@id\":\"https:\/\/www.welovecycling.com\/hu\/#\/schema\/person\/image\/\",\"url\":\"https:\/\/secure.gravatar.com\/avatar\/e3196a110e1b57b96f56d92d10ce9bb4e9d7210076832a16243337e949410b52?s=96&d=mm&r=g\",\"contentUrl\":\"https:\/\/secure.gravatar.com\/avatar\/e3196a110e1b57b96f56d92d10ce9bb4e9d7210076832a16243337e949410b52?s=96&d=mm&r=g\",\"caption\":\"kitti\"},\"url\":\"https:\/\/www.welovecycling.com\/hu\/author\/kitti\/\"}]}<\/script>\n<!-- \/ Yoast SEO Premium plugin. -->","yoast_head_json":{"title":"Az \u00e1tmeneti \u00e9vszakok bring\u00e1s alapelvei - \u0160koda We Love Cycling - Magyarorsz\u00e1g","robots":{"index":"index","follow":"follow","max-snippet":"max-snippet:-1","max-image-preview":"max-image-preview:large","max-video-preview":"max-video-preview:-1"},"canonical":"https:\/\/www.welovecycling.com\/hu\/edzes-es-eletmod\/az-atmeneti-evszakok-bringas-alapelvei\/","og_locale":"hu_HU","og_type":"article","og_title":"Az \u00e1tmeneti \u00e9vszakok bring\u00e1s alapelvei","og_description":"A tavasz \u00e9s az \u0151sz k\u00e9t nagyon hasonl\u00f3 id\u0151szak k\u00fclt\u00e9ri sportol\u00e1s szempontj\u00e1b\u00f3l: hol meleg van, hol hideg, hol esik, hol [&hellip;]","og_url":"https:\/\/www.welovecycling.com\/hu\/edzes-es-eletmod\/az-atmeneti-evszakok-bringas-alapelvei\/","og_site_name":"\u0160koda We Love Cycling - Magyarorsz\u00e1g","article_publisher":"https:\/\/www.facebook.com\/WeLoveCyclingHungary\/","article_published_time":"2022-04-04T06:00:04+00:00","og_image":[{"width":1375,"height":600,"url":"https:\/\/d2p6e6u75xmxt8.cloudfront.net\/12\/2022\/03\/42244_241313.jpg","type":"image\/jpeg"}],"author":"kitti","twitter_card":"summary_large_image","twitter_misc":{"Written by":"WLC","Est. reading time":"5 minutes"},"schema":{"@context":"https:\/\/schema.org","@graph":[{"@type":"WebPage","@id":"https:\/\/www.welovecycling.com\/hu\/edzes-es-eletmod\/az-atmeneti-evszakok-bringas-alapelvei\/","url":"https:\/\/www.welovecycling.com\/hu\/edzes-es-eletmod\/az-atmeneti-evszakok-bringas-alapelvei\/","name":"Az \u00e1tmeneti \u00e9vszakok bring\u00e1s alapelvei - \u0160koda We Love Cycling - Magyarorsz\u00e1g","isPartOf":{"@id":"https:\/\/www.welovecycling.com\/hu\/#website"},"primaryImageOfPage":{"@id":"https:\/\/www.welovecycling.com\/hu\/edzes-es-eletmod\/az-atmeneti-evszakok-bringas-alapelvei\/#primaryimage"},"image":{"@id":"https:\/\/www.welovecycling.com\/hu\/edzes-es-eletmod\/az-atmeneti-evszakok-bringas-alapelvei\/#primaryimage"},"thumbnailUrl":"https:\/\/d2p6e6u75xmxt8.cloudfront.net\/12\/2022\/03\/42244_241313.jpg","datePublished":"2022-04-04T06:00:04+00:00","author":{"@id":"https:\/\/www.welovecycling.com\/hu\/#\/schema\/person\/bec7dcdbcc59f58489cf603e4040ced1"},"breadcrumb":{"@id":"https:\/\/www.welovecycling.com\/hu\/edzes-es-eletmod\/az-atmeneti-evszakok-bringas-alapelvei\/#breadcrumb"},"inLanguage":"hu","potentialAction":[{"@type":"ReadAction","target":["https:\/\/www.welovecycling.com\/hu\/edzes-es-eletmod\/az-atmeneti-evszakok-bringas-alapelvei\/"]}]},{"@type":"ImageObject","inLanguage":"hu","@id":"https:\/\/www.welovecycling.com\/hu\/edzes-es-eletmod\/az-atmeneti-evszakok-bringas-alapelvei\/#primaryimage","url":"https:\/\/d2p6e6u75xmxt8.cloudfront.net\/12\/2022\/03\/42244_241313.jpg","contentUrl":"https:\/\/d2p6e6u75xmxt8.cloudfront.net\/12\/2022\/03\/42244_241313.jpg","width":1375,"height":600},{"@type":"BreadcrumbList","@id":"https:\/\/www.welovecycling.com\/hu\/edzes-es-eletmod\/az-atmeneti-evszakok-bringas-alapelvei\/#breadcrumb","itemListElement":[{"@type":"ListItem","position":1,"name":"Home","item":"https:\/\/www.welovecycling.com\/hu\/"},{"@type":"ListItem","position":2,"name":"Az \u00e1tmeneti \u00e9vszakok bring\u00e1s alapelvei"}]},{"@type":"WebSite","@id":"https:\/\/www.welovecycling.com\/hu\/#website","url":"https:\/\/www.welovecycling.com\/hu\/","name":"\u0160koda We Love Cycling - Magyarorsz\u00e1g","description":"\u0160koda WeLoveCycling","potentialAction":[{"@type":"SearchAction","target":{"@type":"EntryPoint","urlTemplate":"https:\/\/www.welovecycling.com\/hu\/?s={search_term_string}"},"query-input":{"@type":"PropertyValueSpecification","valueRequired":true,"valueName":"search_term_string"}}],"inLanguage":"hu"},{"@type":"Person","@id":"https:\/\/www.welovecycling.com\/hu\/#\/schema\/person\/bec7dcdbcc59f58489cf603e4040ced1","name":"kitti","image":{"@type":"ImageObject","inLanguage":"hu","@id":"https:\/\/www.welovecycling.com\/hu\/#\/schema\/person\/image\/","url":"https:\/\/secure.gravatar.com\/avatar\/e3196a110e1b57b96f56d92d10ce9bb4e9d7210076832a16243337e949410b52?s=96&d=mm&r=g","contentUrl":"https:\/\/secure.gravatar.com\/avatar\/e3196a110e1b57b96f56d92d10ce9bb4e9d7210076832a16243337e949410b52?s=96&d=mm&r=g","caption":"kitti"},"url":"https:\/\/www.welovecycling.com\/hu\/author\/kitti\/"}]}},"_links":{"self":[{"href":"https:\/\/www.welovecycling.com\/hu\/wp-json\/wp\/v2\/posts\/13975","targetHints":{"allow":["GET"]}}],"collection":[{"href":"https:\/\/www.welovecycling.com\/hu\/wp-json\/wp\/v2\/posts"}],"about":[{"href":"https:\/\/www.welovecycling.com\/hu\/wp-json\/wp\/v2\/types\/post"}],"author":[{"embeddable":true,"href":"https:\/\/www.welovecycling.com\/hu\/wp-json\/wp\/v2\/users\/145"}],"replies":[{"embeddable":true,"href":"https:\/\/www.welovecycling.com\/hu\/wp-json\/wp\/v2\/comments?post=13975"}],"version-history":[{"count":2,"href":"https:\/\/www.welovecycling.com\/hu\/wp-json\/wp\/v2\/posts\/13975\/revisions"}],"predecessor-version":[{"id":13985,"href":"https:\/\/www.welovecycling.com\/hu\/wp-json\/wp\/v2\/posts\/13975\/revisions\/13985"}],"wp:featuredmedia":[{"embeddable":true,"href":"https:\/\/www.welovecycling.com\/hu\/wp-json\/wp\/v2\/media\/13982"}],"wp:attachment":[{"href":"https:\/\/www.welovecycling.com\/hu\/wp-json\/wp\/v2\/media?parent=13975"}],"wp:term":[{"taxonomy":"category","embeddable":true,"href":"https:\/\/www.welovecycling.com\/hu\/wp-json\/wp\/v2\/categories?post=13975"},{"taxonomy":"post_tag","embeddable":true,"href":"https:\/\/www.welovecycling.com\/hu\/wp-json\/wp\/v2\/tags?post=13975"},{"taxonomy":"global-categories","embeddable":true,"href":"https:\/\/www.welovecycling.com\/hu\/wp-json\/wp\/v2\/global-categories?post=13975"}],"curies":[{"name":"wp","href":"https:\/\/api.w.org\/{rel}","templated":true}]}}