{"id":13928,"date":"2022-04-07T08:00:01","date_gmt":"2022-04-07T06:00:01","guid":{"rendered":"https:\/\/www.welovecycling.com\/hu\/?p=13928"},"modified":"2022-04-04T10:20:14","modified_gmt":"2022-04-04T08:20:14","slug":"10-dolog-amit-imadunk-benne-az-elektromos-skoda-enyaq-iv-a-bringasok-legjobb-baratja","status":"publish","type":"post","link":"https:\/\/www.welovecycling.com\/hu\/skoda\/10-dolog-amit-imadunk-benne-az-elektromos-skoda-enyaq-iv-a-bringasok-legjobb-baratja\/","title":{"rendered":"10 dolog, amit im\u00e1dunk benne: az elektromos \u0160koda ENYAQ iV, a bring\u00e1sok legjobb bar\u00e1tja"},"content":{"rendered":"<p><strong>Teljesen elektromos, minden bring\u00e1s felszerel\u00e9s k\u00e9nyelmesen elf\u00e9r benne, \u00e9lm\u00e9ny vezetni, \u00e9s a legnagyobb bring\u00e1sokat k\u00eds\u00e9ri a legnagyobb versenyeken. Te is elviheted egy h\u00e9tv\u00e9g\u00e9re a \u0160koda ENYAQ iV modellt, ha r\u00e9szt veszel tavaszi <a href=\"https:\/\/www.welovecycling.com\/hu\/tavaszirajzverseny\/\" target=\"_blank\" rel=\"noopener\">Strava-rajzverseny\u00fcnk\u00f6n<\/a>, \u00e9s ha a bor\u00edt\u00f3k\u00e9p alapj\u00e1n m\u00e9g nem szerett\u00e9l volna bele, olvass tov\u00e1bb!<\/strong><!--more--><\/p>\n<h2><strong>1. K\u00f6rnyezetbar\u00e1t<\/strong><\/h2>\n<p>Nemcsak az\u00e9rt mert elektromos, hanem a bels\u0151 t\u00e9r kialak\u00edt\u00e1s\u00e1hoz haszn\u00e1lt anyagok miatt is! Az EcoSuite \u00e9s a Lodge bels\u0151 \u00fcl\u00e9sei vagy ol\u00edvalevelekkel festett \u00fajrahasznos\u00edtott b\u0151rb\u0151l k\u00e9sz\u00fcltek, vagy 40%-ban fenntarthat\u00f3 \u00e1llattart\u00e1sb\u00f3l sz\u00e1rmaz\u00f3 gyapj\u00fab\u00f3l \u00e9s 60% \u00fajrahasznos\u00edtott m\u0171anyag palackokb\u00f3l k\u00e9sz\u00fclt poli\u00e9szterb\u0151l. V\u00e9gre \u00fagy mehetsz ki a term\u00e9szetbe biciklizni, hogy nem hagysz l\u00e1bnyomot magad ut\u00e1n.<\/p>\n<h2><strong>2. Van helye mindennek<\/strong><\/h2>\n<p>Mennyi minden f\u00e9r be egy 585 literes csomagtart\u00f3ba? Egy bringat\u00far\u00e1hoz sz\u00fcks\u00e9ges felszerel\u00e9s biztosan, m\u00e9g akkor is, ha t\u00f6bb napra mentek. A ker\u00e9kp\u00e1rok a tet\u0151re r\u00f6gz\u00edthet\u0151 tart\u00f3n vagy a h\u00e1ts\u00f3 tart\u00f3n biztons\u00e1gosan utazhatnak veletek, a bels\u0151 t\u00e9r pedig tele van okos megold\u00e1sokkal, amik egyszer\u0171en k\u00e9zre esnek: ilyen a k\u00fcl\u00f6nleges poh\u00e1rtart\u00f3, a dupla telefont\u00e1rol\u00f3, a bentr\u0151l nyithat\u00f3, kedv\u00fcnkre alak\u00edthat\u00f3 csomagt\u00e9r. Ha p\u00e9ld\u00e1ul feljebb helyezed az csomagt\u00e9rpadl\u00f3t, dupla rakod\u00f3fel\u00fcletet kapsz! \u00c9s m\u00e9g von\u00f3horog is van rajta.<\/p>\n<p><a href=\"https:\/\/d2p6e6u75xmxt8.cloudfront.net\/12\/2022\/03\/ENYAQ_iV_2021_ONLINE_Girls-on-Bikes-Go-Tyrolean3.jpg\"><img loading=\"lazy\" decoding=\"async\" class=\"alignnone size-large wp-image-13930\" src=\"https:\/\/d2p6e6u75xmxt8.cloudfront.net\/12\/2022\/03\/ENYAQ_iV_2021_ONLINE_Girls-on-Bikes-Go-Tyrolean3-1024x683.jpg\" alt=\"\" width=\"1024\" height=\"683\" srcset=\"https:\/\/d2p6e6u75xmxt8.cloudfront.net\/12\/2022\/03\/ENYAQ_iV_2021_ONLINE_Girls-on-Bikes-Go-Tyrolean3-1024x683.jpg 1024w, https:\/\/d2p6e6u75xmxt8.cloudfront.net\/12\/2022\/03\/ENYAQ_iV_2021_ONLINE_Girls-on-Bikes-Go-Tyrolean3-300x200.jpg 300w, https:\/\/d2p6e6u75xmxt8.cloudfront.net\/12\/2022\/03\/ENYAQ_iV_2021_ONLINE_Girls-on-Bikes-Go-Tyrolean3-768x512.jpg 768w, https:\/\/d2p6e6u75xmxt8.cloudfront.net\/12\/2022\/03\/ENYAQ_iV_2021_ONLINE_Girls-on-Bikes-Go-Tyrolean3-1536x1025.jpg 1536w, https:\/\/d2p6e6u75xmxt8.cloudfront.net\/12\/2022\/03\/ENYAQ_iV_2021_ONLINE_Girls-on-Bikes-Go-Tyrolean3-272x182.jpg 272w, https:\/\/d2p6e6u75xmxt8.cloudfront.net\/12\/2022\/03\/ENYAQ_iV_2021_ONLINE_Girls-on-Bikes-Go-Tyrolean3.jpg 1619w\" sizes=\"auto, (max-width: 1024px) 100vw, 1024px\" \/><\/a><\/p>\n<h2><strong>3. B\u00e1rmilyen utakon is j\u00e1rtok<\/strong><\/h2>\n<p>Hegyi utakat fedezn\u00e9l fel, dzsungelszer\u0171 terepre v\u00e1gysz vagy egy mindent\u0151l t\u00e1vol es\u0151, csendes \u00f6sv\u00e9nyre, ahova csak f\u00f6ldutak vezetnek? Nem gond, az ENYAQ maxim\u00e1lisan megb\u00edzhat\u00f3 minden helyzetben \u00e9s el\u00e9g er\u0151s ahhoz, hogy elvigyen \u00e1lmaid bringaparadicsom\u00e1ba, b\u00e1rhol is legyen az.\u00a0 V\u00e1laszthatsz h\u00e1ts\u00f3- vagy \u00f6sszker\u00e9kmeghajt\u00e1st, ami jobb tapad\u00e1st biztos\u00edt \u00e9s ak\u00e1r 510 km-t is megtesz egy t\u00f6lt\u00e9ssel.<\/p>\n<h2><strong>4. A haza\u00fat pihen\u00e9s<\/strong><\/h2>\n<p>Igen, a vezet\u0151nek is, az utasoknak meg pl\u00e1ne. \u00c9lvezz\u00e9tek a panor\u00e1matet\u0151n \u00e1t az esti \u00e9gbolt l\u00e1tv\u00e1ny\u00e1t, helyezkedjetek el a k\u00e9nyelmes, f\u0171t\u00f6tt \u00fcl\u00e9sekben \u00e9s haszn\u00e1lj\u00e1tok ki, hogy minden \u00e9ppen ott van, ahol lennie kell! Az optim\u00e1lis s\u00falyeloszt\u00e1s kiv\u00e1l\u00f3 stabilit\u00e1st \u00e9s kezelhet\u0151s\u00e9get eredm\u00e9nyez. Csendes, biztons\u00e1gos \u00e9s megnyugtat\u00f3 hely, ahol ellazulhatnak a f\u00e1radt combizmok \u00e9s v\u00e1dlik.<\/p>\n<p><a href=\"https:\/\/d2p6e6u75xmxt8.cloudfront.net\/12\/2022\/03\/ENYAQ_iV_2021_ONLINE_Girls-on-Bikes-Go-Tyrolean4.jpg\"><img loading=\"lazy\" decoding=\"async\" class=\"alignnone size-large wp-image-13931\" src=\"https:\/\/d2p6e6u75xmxt8.cloudfront.net\/12\/2022\/03\/ENYAQ_iV_2021_ONLINE_Girls-on-Bikes-Go-Tyrolean4-1024x683.jpg\" alt=\"\" width=\"1024\" height=\"683\" srcset=\"https:\/\/d2p6e6u75xmxt8.cloudfront.net\/12\/2022\/03\/ENYAQ_iV_2021_ONLINE_Girls-on-Bikes-Go-Tyrolean4-1024x683.jpg 1024w, https:\/\/d2p6e6u75xmxt8.cloudfront.net\/12\/2022\/03\/ENYAQ_iV_2021_ONLINE_Girls-on-Bikes-Go-Tyrolean4-300x200.jpg 300w, https:\/\/d2p6e6u75xmxt8.cloudfront.net\/12\/2022\/03\/ENYAQ_iV_2021_ONLINE_Girls-on-Bikes-Go-Tyrolean4-768x512.jpg 768w, https:\/\/d2p6e6u75xmxt8.cloudfront.net\/12\/2022\/03\/ENYAQ_iV_2021_ONLINE_Girls-on-Bikes-Go-Tyrolean4-1536x1025.jpg 1536w, https:\/\/d2p6e6u75xmxt8.cloudfront.net\/12\/2022\/03\/ENYAQ_iV_2021_ONLINE_Girls-on-Bikes-Go-Tyrolean4-272x182.jpg 272w, https:\/\/d2p6e6u75xmxt8.cloudfront.net\/12\/2022\/03\/ENYAQ_iV_2021_ONLINE_Girls-on-Bikes-Go-Tyrolean4.jpg 1619w\" sizes=\"auto, (max-width: 1024px) 100vw, 1024px\" \/><\/a><\/p>\n<h2><strong>5. B\u00fcszke \u00e9s eleg\u00e1ns<\/strong><\/h2>\n<p>Hazudn\u00e1nk, ha azt mondan\u00e1nk, nek\u00fcnk nem sz\u00e1m\u00edt a k\u00fcls\u0151, ha aut\u00f3kr\u00f3l van sz\u00f3. Mindenkiben ott lapul egy kis hi\u00fas\u00e1g \u2013 \u00e9s mi\u00e9rt is ne \u00e9lvezhetn\u00e9nk ki, hogy megfordulnak ut\u00e1nunk, amikor egy ENYAQ modellel hajtunk v\u00e9gig az utc\u00e1n? Magabiztos \u00e9s er\u0151teljes, ahogy minden bring\u00e1s.<\/p>\n<h2><strong>6. Nem hagy cserben<\/strong><\/h2>\n<p>A korszer\u0171 online szolg\u00e1ltat\u00e1sok, az infotainment rendszer \u00e9s az asszisztensek megb\u00edzhat\u00f3 t\u00e1rss\u00e1 var\u00e1zsolj\u00e1k az aut\u00f3t.<\/p>\n<p><a href=\"https:\/\/d2p6e6u75xmxt8.cloudfront.net\/12\/2022\/03\/ENYAQ_iV_2021_ONLINE_Girls-on-Bikes-Go-Tyrolean12.jpg\"><img loading=\"lazy\" decoding=\"async\" class=\"alignnone size-large wp-image-13932\" src=\"https:\/\/d2p6e6u75xmxt8.cloudfront.net\/12\/2022\/03\/ENYAQ_iV_2021_ONLINE_Girls-on-Bikes-Go-Tyrolean12-1024x683.jpg\" alt=\"\" width=\"1024\" height=\"683\" srcset=\"https:\/\/d2p6e6u75xmxt8.cloudfront.net\/12\/2022\/03\/ENYAQ_iV_2021_ONLINE_Girls-on-Bikes-Go-Tyrolean12-1024x683.jpg 1024w, https:\/\/d2p6e6u75xmxt8.cloudfront.net\/12\/2022\/03\/ENYAQ_iV_2021_ONLINE_Girls-on-Bikes-Go-Tyrolean12-300x200.jpg 300w, https:\/\/d2p6e6u75xmxt8.cloudfront.net\/12\/2022\/03\/ENYAQ_iV_2021_ONLINE_Girls-on-Bikes-Go-Tyrolean12-768x512.jpg 768w, https:\/\/d2p6e6u75xmxt8.cloudfront.net\/12\/2022\/03\/ENYAQ_iV_2021_ONLINE_Girls-on-Bikes-Go-Tyrolean12-1536x1025.jpg 1536w, https:\/\/d2p6e6u75xmxt8.cloudfront.net\/12\/2022\/03\/ENYAQ_iV_2021_ONLINE_Girls-on-Bikes-Go-Tyrolean12-272x182.jpg 272w, https:\/\/d2p6e6u75xmxt8.cloudfront.net\/12\/2022\/03\/ENYAQ_iV_2021_ONLINE_Girls-on-Bikes-Go-Tyrolean12.jpg 1619w\" sizes=\"auto, (max-width: 1024px) 100vw, 1024px\" \/><\/a><\/p>\n<h2><strong>7. Mindig k\u00e9sz a kalandra<\/strong><\/h2>\n<p>Legyen sz\u00f3 a karossz\u00e9ria form\u00e1j\u00e1r\u00f3l, a k\u00fcls\u0151 r\u00e9szletekr\u0151l vagy ak\u00e1r a ker\u00e9k kialak\u00edt\u00e1s\u00e1r\u00f3l, minden megold\u00e1s a l\u00e9gellen\u00e1ll\u00e1s cs\u00f6kkent\u00e9s\u00e9t szolg\u00e1lja, az aerodinamikus diz\u00e1jn pedig felteszi a koron\u00e1t az utak kir\u00e1lyn\u0151j\u00e9re. Gyorsan t\u00f6lt \u00e9s nagy hat\u00f3t\u00e1vra k\u00e9pes. Egyszer\u0171en nem lehet t\u00fal sok\u00e1ig hagyni, hogy a gar\u00e1zsban \u00e1lljon.<\/p>\n<h2><strong>8. Olyan, amilyennek te szeretn\u00e9d<\/strong><\/h2>\n<p>A k\u00fcl\u00f6nb\u00f6z\u0151 vezet\u00e9si m\u00f3dok, a szem\u00e9lyre szabhat\u00f3 digit\u00e1lis kijelz\u0151 \u00e9s a v\u00e9gtelen lehet\u0151s\u00e9g, amit k\u00edn\u00e1l, olyan \u00e9rz\u00e9st kelt, mintha az aut\u00f3t egyenesen r\u00e1d szabt\u00e1k volna.<\/p>\n<p><a href=\"https:\/\/d2p6e6u75xmxt8.cloudfront.net\/12\/2022\/03\/Enyaq_Summer_Bicycle_carrier.jpg\"><img loading=\"lazy\" decoding=\"async\" class=\"alignnone size-large wp-image-13933\" src=\"https:\/\/d2p6e6u75xmxt8.cloudfront.net\/12\/2022\/03\/Enyaq_Summer_Bicycle_carrier-1024x683.jpg\" alt=\"\" width=\"1024\" height=\"683\" srcset=\"https:\/\/d2p6e6u75xmxt8.cloudfront.net\/12\/2022\/03\/Enyaq_Summer_Bicycle_carrier-1024x683.jpg 1024w, https:\/\/d2p6e6u75xmxt8.cloudfront.net\/12\/2022\/03\/Enyaq_Summer_Bicycle_carrier-300x200.jpg 300w, https:\/\/d2p6e6u75xmxt8.cloudfront.net\/12\/2022\/03\/Enyaq_Summer_Bicycle_carrier-768x512.jpg 768w, https:\/\/d2p6e6u75xmxt8.cloudfront.net\/12\/2022\/03\/Enyaq_Summer_Bicycle_carrier-1536x1024.jpg 1536w, https:\/\/d2p6e6u75xmxt8.cloudfront.net\/12\/2022\/03\/Enyaq_Summer_Bicycle_carrier-272x182.jpg 272w, https:\/\/d2p6e6u75xmxt8.cloudfront.net\/12\/2022\/03\/Enyaq_Summer_Bicycle_carrier.jpg 1620w\" sizes=\"auto, (max-width: 1024px) 100vw, 1024px\" \/><\/a><\/p>\n<h2><strong>9. A bring\u00e1sok megment\u0151je<\/strong><\/h2>\n<p>Minden nagy bringaversenyen fontos szerepl\u0151k az aut\u00f3k, n\u00e9lk\u00fcl\u00fck nagy bajban lenn\u00e9nek a versenyz\u0151k. A \u0160koda m\u00e1r 19 \u00e9ve t\u00e1mogatja a Tour de France-t, 2020-ban pedig m\u00e1r az ENYAQ vezette a csapatot a francia k\u00f6rversenyen \u00e9s a La Vuelt\u00e1n is, meg\u00f3vva a versenyz\u0151ket a k\u00e1rosanyagokt\u00f3l. S\u0151t, a TdF versenyigazgat\u00f3ja is \u00e1talak\u00edtott ENYAQ modellb\u0151l fel\u00fcgyeli a rangos esem\u00e9nyt. Vajon v\u00e9letlen?<\/p>\n<p><a href=\"https:\/\/d2p6e6u75xmxt8.cloudfront.net\/12\/2022\/03\/20210626TDF1057-A.S.O._Pauline_Ballet.jpg\"><img loading=\"lazy\" decoding=\"async\" class=\"alignnone wp-image-13934 size-large\" src=\"https:\/\/d2p6e6u75xmxt8.cloudfront.net\/12\/2022\/03\/20210626TDF1057-A.S.O._Pauline_Ballet-1024x683.jpg\" alt=\"\" width=\"1024\" height=\"683\" srcset=\"https:\/\/d2p6e6u75xmxt8.cloudfront.net\/12\/2022\/03\/20210626TDF1057-A.S.O._Pauline_Ballet-1024x683.jpg 1024w, https:\/\/d2p6e6u75xmxt8.cloudfront.net\/12\/2022\/03\/20210626TDF1057-A.S.O._Pauline_Ballet-300x200.jpg 300w, https:\/\/d2p6e6u75xmxt8.cloudfront.net\/12\/2022\/03\/20210626TDF1057-A.S.O._Pauline_Ballet-768x512.jpg 768w, https:\/\/d2p6e6u75xmxt8.cloudfront.net\/12\/2022\/03\/20210626TDF1057-A.S.O._Pauline_Ballet-1536x1024.jpg 1536w, https:\/\/d2p6e6u75xmxt8.cloudfront.net\/12\/2022\/03\/20210626TDF1057-A.S.O._Pauline_Ballet-272x182.jpg 272w, https:\/\/d2p6e6u75xmxt8.cloudfront.net\/12\/2022\/03\/20210626TDF1057-A.S.O._Pauline_Ballet.jpg 1620w\" sizes=\"auto, (max-width: 1024px) 100vw, 1024px\" \/><\/a><\/p>\n<h2><strong>10. Nem v\u00e1rja el, hogy meg\u00e9rtsd<\/strong><\/h2>\n<p>Besz\u00e9lhetn\u00e9nk m\u00e9g az adapt\u00edv leng\u00e9scsillap\u00edt\u00e1sr\u00f3l, a h\u0151szivatty\u00fa m\u0171k\u00f6d\u00e9s\u00e9r\u0151l \u00e9s az elektromos MEB platformr\u00f3l, de aki nem m\u0171szaki be\u00e1ll\u00edtotts\u00e1g\u00fa, annak nem kell mindezt \u00e9rtenie (aki meg igen, az <a href=\"https:\/\/www.skoda.hu\/enyaq-iv\/enyaq-iv\" target=\"_blank\" rel=\"noopener\">a \u0160koda ENYAQ iV weboldal\u00e1n<\/a> minden inform\u00e1ci\u00f3t megtal\u00e1l). Csak \u00e9lvezd!<\/p>\n<div style=\"padding: 25px; background: #eee;\">\n<p><strong>Iratkozz fel h\u00edrlevel\u00fcnkre, ahol m\u00e9g t\u00f6bb tippet \u00e9s tudnival\u00f3t olvashatsz a tested, lelked \u00e9s bring\u00e1d karbantart\u00e1s\u00e1hoz! S\u0151t, most m\u00e9g nyerem\u00e9nyre is bukkanhatsz benne!<\/strong><\/p>\n<p><iframe loading=\"lazy\" title=\"\" src=\"https:\/\/media.pohu.hu\/skoda\/welovecycling\/\" width=\"100%\" height=\"900\"><\/iframe><\/p>\n<\/div>\n","protected":false},"excerpt":{"rendered":"<p>Teljesen elektromos, minden bring\u00e1s felszerel\u00e9s k\u00e9nyelmesen elf\u00e9r benne, \u00e9lm\u00e9ny vezetni, \u00e9s a legnagyobb bring\u00e1sokat k\u00eds\u00e9ri a legnagyobb versenyeken. Te is [&hellip;]<\/p>\n","protected":false},"author":71,"featured_media":13929,"comment_status":"open","ping_status":"open","sticky":false,"template":"","format":"standard","meta":{"footnotes":""},"categories":[468],"tags":[],"global-categories":[],"class_list":["post-13928","post","type-post","status-publish","format-standard","has-post-thumbnail","hentry","category-skoda"],"yoast_head":"<!-- This site is optimized with the Yoast SEO Premium plugin v25.3 (Yoast SEO v25.9) - https:\/\/yoast.com\/wordpress\/plugins\/seo\/ -->\n<title>10 dolog, amit im\u00e1dunk benne: az elektromos \u0160koda ENYAQ iV, a bring\u00e1sok legjobb bar\u00e1tja<\/title>\n<meta name=\"description\" content=\"Teljesen elektromos, minden bring\u00e1s felszerel\u00e9s k\u00e9nyelmesen elf\u00e9r benne, \u00e9lm\u00e9ny vezetni, \u00e9s a legnagyobb bring\u00e1sokat k\u00eds\u00e9ri a legnagyobb versenyeken. Te is elviheted egy h\u00e9tv\u00e9g\u00e9re a \u0160koda ENYAQ iV modellt, ha r\u00e9szt veszel tavaszi Strava-rajzverseny\u00fcnk\u00f6n, \u00e9s ha a bor\u00edt\u00f3k\u00e9p alapj\u00e1n m\u00e9g nem szerett\u00e9l volna bele, olvass tov\u00e1bb!\" \/>\n<meta name=\"robots\" content=\"index, follow, max-snippet:-1, max-image-preview:large, max-video-preview:-1\" \/>\n<link rel=\"canonical\" href=\"https:\/\/www.welovecycling.com\/hu\/skoda\/10-dolog-amit-imadunk-benne-az-elektromos-skoda-enyaq-iv-a-bringasok-legjobb-baratja\/\" \/>\n<meta property=\"og:locale\" content=\"hu_HU\" \/>\n<meta property=\"og:type\" content=\"article\" \/>\n<meta property=\"og:title\" content=\"10 dolog, amit im\u00e1dunk benne: az elektromos \u0160koda ENYAQ iV, a bring\u00e1sok legjobb bar\u00e1tja\" \/>\n<meta property=\"og:description\" content=\"Teljesen elektromos, minden bring\u00e1s felszerel\u00e9s k\u00e9nyelmesen elf\u00e9r benne, \u00e9lm\u00e9ny vezetni, \u00e9s a legnagyobb bring\u00e1sokat k\u00eds\u00e9ri a legnagyobb versenyeken. Te is elviheted egy h\u00e9tv\u00e9g\u00e9re a \u0160koda ENYAQ iV modellt, ha r\u00e9szt veszel tavaszi Strava-rajzverseny\u00fcnk\u00f6n, \u00e9s ha a bor\u00edt\u00f3k\u00e9p alapj\u00e1n m\u00e9g nem szerett\u00e9l volna bele, olvass tov\u00e1bb!\" \/>\n<meta property=\"og:url\" content=\"https:\/\/www.welovecycling.com\/hu\/skoda\/10-dolog-amit-imadunk-benne-az-elektromos-skoda-enyaq-iv-a-bringasok-legjobb-baratja\/\" \/>\n<meta property=\"og:site_name\" content=\"\u0160koda We Love Cycling - Magyarorsz\u00e1g\" \/>\n<meta property=\"article:publisher\" content=\"https:\/\/www.facebook.com\/WeLoveCyclingHungary\/\" \/>\n<meta property=\"article:published_time\" content=\"2022-04-07T06:00:01+00:00\" \/>\n<meta property=\"og:image\" content=\"https:\/\/d2p6e6u75xmxt8.cloudfront.net\/12\/2022\/03\/ENYAQ_iV_2021_ONLINE_Girls-on-Bikes-Go-Tyrolean.jpg\" \/>\n\t<meta property=\"og:image:width\" content=\"1619\" \/>\n\t<meta property=\"og:image:height\" content=\"1080\" \/>\n\t<meta property=\"og:image:type\" content=\"image\/jpeg\" \/>\n<meta name=\"author\" content=\"hegyizs\" \/>\n<meta name=\"twitter:card\" content=\"summary_large_image\" \/>\n<meta name=\"twitter:label1\" content=\"Written by\" \/>\n\t<meta name=\"twitter:data1\" content=\"WLC\" \/>\n\t<meta name=\"twitter:label2\" content=\"Est. reading time\" \/>\n\t<meta name=\"twitter:data2\" content=\"4 minutes\" \/>\n<script type=\"application\/ld+json\" class=\"yoast-schema-graph\">{\"@context\":\"https:\/\/schema.org\",\"@graph\":[{\"@type\":\"WebPage\",\"@id\":\"https:\/\/www.welovecycling.com\/hu\/skoda\/10-dolog-amit-imadunk-benne-az-elektromos-skoda-enyaq-iv-a-bringasok-legjobb-baratja\/\",\"url\":\"https:\/\/www.welovecycling.com\/hu\/skoda\/10-dolog-amit-imadunk-benne-az-elektromos-skoda-enyaq-iv-a-bringasok-legjobb-baratja\/\",\"name\":\"10 dolog, amit im\u00e1dunk benne: az elektromos \u0160koda ENYAQ iV, a bring\u00e1sok legjobb bar\u00e1tja\",\"isPartOf\":{\"@id\":\"https:\/\/www.welovecycling.com\/hu\/#website\"},\"primaryImageOfPage\":{\"@id\":\"https:\/\/www.welovecycling.com\/hu\/skoda\/10-dolog-amit-imadunk-benne-az-elektromos-skoda-enyaq-iv-a-bringasok-legjobb-baratja\/#primaryimage\"},\"image\":{\"@id\":\"https:\/\/www.welovecycling.com\/hu\/skoda\/10-dolog-amit-imadunk-benne-az-elektromos-skoda-enyaq-iv-a-bringasok-legjobb-baratja\/#primaryimage\"},\"thumbnailUrl\":\"https:\/\/d2p6e6u75xmxt8.cloudfront.net\/12\/2022\/03\/ENYAQ_iV_2021_ONLINE_Girls-on-Bikes-Go-Tyrolean.jpg\",\"datePublished\":\"2022-04-07T06:00:01+00:00\",\"author\":{\"@id\":\"https:\/\/www.welovecycling.com\/hu\/#\/schema\/person\/414a2aebf1801691a5320edb6468e194\"},\"description\":\"Teljesen elektromos, minden bring\u00e1s felszerel\u00e9s k\u00e9nyelmesen elf\u00e9r benne, \u00e9lm\u00e9ny vezetni, \u00e9s a legnagyobb bring\u00e1sokat k\u00eds\u00e9ri a legnagyobb versenyeken. Te is elviheted egy h\u00e9tv\u00e9g\u00e9re a \u0160koda ENYAQ iV modellt, ha r\u00e9szt veszel tavaszi Strava-rajzverseny\u00fcnk\u00f6n, \u00e9s ha a bor\u00edt\u00f3k\u00e9p alapj\u00e1n m\u00e9g nem szerett\u00e9l volna bele, olvass tov\u00e1bb!\",\"breadcrumb\":{\"@id\":\"https:\/\/www.welovecycling.com\/hu\/skoda\/10-dolog-amit-imadunk-benne-az-elektromos-skoda-enyaq-iv-a-bringasok-legjobb-baratja\/#breadcrumb\"},\"inLanguage\":\"hu\",\"potentialAction\":[{\"@type\":\"ReadAction\",\"target\":[\"https:\/\/www.welovecycling.com\/hu\/skoda\/10-dolog-amit-imadunk-benne-az-elektromos-skoda-enyaq-iv-a-bringasok-legjobb-baratja\/\"]}]},{\"@type\":\"ImageObject\",\"inLanguage\":\"hu\",\"@id\":\"https:\/\/www.welovecycling.com\/hu\/skoda\/10-dolog-amit-imadunk-benne-az-elektromos-skoda-enyaq-iv-a-bringasok-legjobb-baratja\/#primaryimage\",\"url\":\"https:\/\/d2p6e6u75xmxt8.cloudfront.net\/12\/2022\/03\/ENYAQ_iV_2021_ONLINE_Girls-on-Bikes-Go-Tyrolean.jpg\",\"contentUrl\":\"https:\/\/d2p6e6u75xmxt8.cloudfront.net\/12\/2022\/03\/ENYAQ_iV_2021_ONLINE_Girls-on-Bikes-Go-Tyrolean.jpg\",\"width\":1619,\"height\":1080},{\"@type\":\"BreadcrumbList\",\"@id\":\"https:\/\/www.welovecycling.com\/hu\/skoda\/10-dolog-amit-imadunk-benne-az-elektromos-skoda-enyaq-iv-a-bringasok-legjobb-baratja\/#breadcrumb\",\"itemListElement\":[{\"@type\":\"ListItem\",\"position\":1,\"name\":\"Home\",\"item\":\"https:\/\/www.welovecycling.com\/hu\/\"},{\"@type\":\"ListItem\",\"position\":2,\"name\":\"10 dolog, amit im\u00e1dunk benne: az elektromos \u0160koda ENYAQ iV, a bring\u00e1sok legjobb bar\u00e1tja\"}]},{\"@type\":\"WebSite\",\"@id\":\"https:\/\/www.welovecycling.com\/hu\/#website\",\"url\":\"https:\/\/www.welovecycling.com\/hu\/\",\"name\":\"\u0160koda We Love Cycling - Magyarorsz\u00e1g\",\"description\":\"\u0160koda WeLoveCycling\",\"potentialAction\":[{\"@type\":\"SearchAction\",\"target\":{\"@type\":\"EntryPoint\",\"urlTemplate\":\"https:\/\/www.welovecycling.com\/hu\/?s={search_term_string}\"},\"query-input\":{\"@type\":\"PropertyValueSpecification\",\"valueRequired\":true,\"valueName\":\"search_term_string\"}}],\"inLanguage\":\"hu\"},{\"@type\":\"Person\",\"@id\":\"https:\/\/www.welovecycling.com\/hu\/#\/schema\/person\/414a2aebf1801691a5320edb6468e194\",\"name\":\"hegyizs\",\"image\":{\"@type\":\"ImageObject\",\"inLanguage\":\"hu\",\"@id\":\"https:\/\/www.welovecycling.com\/hu\/#\/schema\/person\/image\/\",\"url\":\"https:\/\/secure.gravatar.com\/avatar\/02cf8a7906b8cf90cecb4679defac7cfd33a1c2e3b88e4903d947f3bb58eedd3?s=96&d=mm&r=g\",\"contentUrl\":\"https:\/\/secure.gravatar.com\/avatar\/02cf8a7906b8cf90cecb4679defac7cfd33a1c2e3b88e4903d947f3bb58eedd3?s=96&d=mm&r=g\",\"caption\":\"hegyizs\"},\"url\":\"https:\/\/www.welovecycling.com\/hu\/author\/hegyizs\/\"}]}<\/script>\n<!-- \/ Yoast SEO Premium plugin. -->","yoast_head_json":{"title":"10 dolog, amit im\u00e1dunk benne: az elektromos \u0160koda ENYAQ iV, a bring\u00e1sok legjobb bar\u00e1tja","description":"Teljesen elektromos, minden bring\u00e1s felszerel\u00e9s k\u00e9nyelmesen elf\u00e9r benne, \u00e9lm\u00e9ny vezetni, \u00e9s a legnagyobb bring\u00e1sokat k\u00eds\u00e9ri a legnagyobb versenyeken. Te is elviheted egy h\u00e9tv\u00e9g\u00e9re a \u0160koda ENYAQ iV modellt, ha r\u00e9szt veszel tavaszi Strava-rajzverseny\u00fcnk\u00f6n, \u00e9s ha a bor\u00edt\u00f3k\u00e9p alapj\u00e1n m\u00e9g nem szerett\u00e9l volna bele, olvass tov\u00e1bb!","robots":{"index":"index","follow":"follow","max-snippet":"max-snippet:-1","max-image-preview":"max-image-preview:large","max-video-preview":"max-video-preview:-1"},"canonical":"https:\/\/www.welovecycling.com\/hu\/skoda\/10-dolog-amit-imadunk-benne-az-elektromos-skoda-enyaq-iv-a-bringasok-legjobb-baratja\/","og_locale":"hu_HU","og_type":"article","og_title":"10 dolog, amit im\u00e1dunk benne: az elektromos \u0160koda ENYAQ iV, a bring\u00e1sok legjobb bar\u00e1tja","og_description":"Teljesen elektromos, minden bring\u00e1s felszerel\u00e9s k\u00e9nyelmesen elf\u00e9r benne, \u00e9lm\u00e9ny vezetni, \u00e9s a legnagyobb bring\u00e1sokat k\u00eds\u00e9ri a legnagyobb versenyeken. Te is elviheted egy h\u00e9tv\u00e9g\u00e9re a \u0160koda ENYAQ iV modellt, ha r\u00e9szt veszel tavaszi Strava-rajzverseny\u00fcnk\u00f6n, \u00e9s ha a bor\u00edt\u00f3k\u00e9p alapj\u00e1n m\u00e9g nem szerett\u00e9l volna bele, olvass tov\u00e1bb!","og_url":"https:\/\/www.welovecycling.com\/hu\/skoda\/10-dolog-amit-imadunk-benne-az-elektromos-skoda-enyaq-iv-a-bringasok-legjobb-baratja\/","og_site_name":"\u0160koda We Love Cycling - Magyarorsz\u00e1g","article_publisher":"https:\/\/www.facebook.com\/WeLoveCyclingHungary\/","article_published_time":"2022-04-07T06:00:01+00:00","og_image":[{"width":1619,"height":1080,"url":"https:\/\/d2p6e6u75xmxt8.cloudfront.net\/12\/2022\/03\/ENYAQ_iV_2021_ONLINE_Girls-on-Bikes-Go-Tyrolean.jpg","type":"image\/jpeg"}],"author":"hegyizs","twitter_card":"summary_large_image","twitter_misc":{"Written by":"WLC","Est. reading time":"4 minutes"},"schema":{"@context":"https:\/\/schema.org","@graph":[{"@type":"WebPage","@id":"https:\/\/www.welovecycling.com\/hu\/skoda\/10-dolog-amit-imadunk-benne-az-elektromos-skoda-enyaq-iv-a-bringasok-legjobb-baratja\/","url":"https:\/\/www.welovecycling.com\/hu\/skoda\/10-dolog-amit-imadunk-benne-az-elektromos-skoda-enyaq-iv-a-bringasok-legjobb-baratja\/","name":"10 dolog, amit im\u00e1dunk benne: az elektromos \u0160koda ENYAQ iV, a bring\u00e1sok legjobb bar\u00e1tja","isPartOf":{"@id":"https:\/\/www.welovecycling.com\/hu\/#website"},"primaryImageOfPage":{"@id":"https:\/\/www.welovecycling.com\/hu\/skoda\/10-dolog-amit-imadunk-benne-az-elektromos-skoda-enyaq-iv-a-bringasok-legjobb-baratja\/#primaryimage"},"image":{"@id":"https:\/\/www.welovecycling.com\/hu\/skoda\/10-dolog-amit-imadunk-benne-az-elektromos-skoda-enyaq-iv-a-bringasok-legjobb-baratja\/#primaryimage"},"thumbnailUrl":"https:\/\/d2p6e6u75xmxt8.cloudfront.net\/12\/2022\/03\/ENYAQ_iV_2021_ONLINE_Girls-on-Bikes-Go-Tyrolean.jpg","datePublished":"2022-04-07T06:00:01+00:00","author":{"@id":"https:\/\/www.welovecycling.com\/hu\/#\/schema\/person\/414a2aebf1801691a5320edb6468e194"},"description":"Teljesen elektromos, minden bring\u00e1s felszerel\u00e9s k\u00e9nyelmesen elf\u00e9r benne, \u00e9lm\u00e9ny vezetni, \u00e9s a legnagyobb bring\u00e1sokat k\u00eds\u00e9ri a legnagyobb versenyeken. Te is elviheted egy h\u00e9tv\u00e9g\u00e9re a \u0160koda ENYAQ iV modellt, ha r\u00e9szt veszel tavaszi Strava-rajzverseny\u00fcnk\u00f6n, \u00e9s ha a bor\u00edt\u00f3k\u00e9p alapj\u00e1n m\u00e9g nem szerett\u00e9l volna bele, olvass tov\u00e1bb!","breadcrumb":{"@id":"https:\/\/www.welovecycling.com\/hu\/skoda\/10-dolog-amit-imadunk-benne-az-elektromos-skoda-enyaq-iv-a-bringasok-legjobb-baratja\/#breadcrumb"},"inLanguage":"hu","potentialAction":[{"@type":"ReadAction","target":["https:\/\/www.welovecycling.com\/hu\/skoda\/10-dolog-amit-imadunk-benne-az-elektromos-skoda-enyaq-iv-a-bringasok-legjobb-baratja\/"]}]},{"@type":"ImageObject","inLanguage":"hu","@id":"https:\/\/www.welovecycling.com\/hu\/skoda\/10-dolog-amit-imadunk-benne-az-elektromos-skoda-enyaq-iv-a-bringasok-legjobb-baratja\/#primaryimage","url":"https:\/\/d2p6e6u75xmxt8.cloudfront.net\/12\/2022\/03\/ENYAQ_iV_2021_ONLINE_Girls-on-Bikes-Go-Tyrolean.jpg","contentUrl":"https:\/\/d2p6e6u75xmxt8.cloudfront.net\/12\/2022\/03\/ENYAQ_iV_2021_ONLINE_Girls-on-Bikes-Go-Tyrolean.jpg","width":1619,"height":1080},{"@type":"BreadcrumbList","@id":"https:\/\/www.welovecycling.com\/hu\/skoda\/10-dolog-amit-imadunk-benne-az-elektromos-skoda-enyaq-iv-a-bringasok-legjobb-baratja\/#breadcrumb","itemListElement":[{"@type":"ListItem","position":1,"name":"Home","item":"https:\/\/www.welovecycling.com\/hu\/"},{"@type":"ListItem","position":2,"name":"10 dolog, amit im\u00e1dunk benne: az elektromos \u0160koda ENYAQ iV, a bring\u00e1sok legjobb bar\u00e1tja"}]},{"@type":"WebSite","@id":"https:\/\/www.welovecycling.com\/hu\/#website","url":"https:\/\/www.welovecycling.com\/hu\/","name":"\u0160koda We Love Cycling - Magyarorsz\u00e1g","description":"\u0160koda WeLoveCycling","potentialAction":[{"@type":"SearchAction","target":{"@type":"EntryPoint","urlTemplate":"https:\/\/www.welovecycling.com\/hu\/?s={search_term_string}"},"query-input":{"@type":"PropertyValueSpecification","valueRequired":true,"valueName":"search_term_string"}}],"inLanguage":"hu"},{"@type":"Person","@id":"https:\/\/www.welovecycling.com\/hu\/#\/schema\/person\/414a2aebf1801691a5320edb6468e194","name":"hegyizs","image":{"@type":"ImageObject","inLanguage":"hu","@id":"https:\/\/www.welovecycling.com\/hu\/#\/schema\/person\/image\/","url":"https:\/\/secure.gravatar.com\/avatar\/02cf8a7906b8cf90cecb4679defac7cfd33a1c2e3b88e4903d947f3bb58eedd3?s=96&d=mm&r=g","contentUrl":"https:\/\/secure.gravatar.com\/avatar\/02cf8a7906b8cf90cecb4679defac7cfd33a1c2e3b88e4903d947f3bb58eedd3?s=96&d=mm&r=g","caption":"hegyizs"},"url":"https:\/\/www.welovecycling.com\/hu\/author\/hegyizs\/"}]}},"_links":{"self":[{"href":"https:\/\/www.welovecycling.com\/hu\/wp-json\/wp\/v2\/posts\/13928","targetHints":{"allow":["GET"]}}],"collection":[{"href":"https:\/\/www.welovecycling.com\/hu\/wp-json\/wp\/v2\/posts"}],"about":[{"href":"https:\/\/www.welovecycling.com\/hu\/wp-json\/wp\/v2\/types\/post"}],"author":[{"embeddable":true,"href":"https:\/\/www.welovecycling.com\/hu\/wp-json\/wp\/v2\/users\/71"}],"replies":[{"embeddable":true,"href":"https:\/\/www.welovecycling.com\/hu\/wp-json\/wp\/v2\/comments?post=13928"}],"version-history":[{"count":2,"href":"https:\/\/www.welovecycling.com\/hu\/wp-json\/wp\/v2\/posts\/13928\/revisions"}],"predecessor-version":[{"id":14013,"href":"https:\/\/www.welovecycling.com\/hu\/wp-json\/wp\/v2\/posts\/13928\/revisions\/14013"}],"wp:featuredmedia":[{"embeddable":true,"href":"https:\/\/www.welovecycling.com\/hu\/wp-json\/wp\/v2\/media\/13929"}],"wp:attachment":[{"href":"https:\/\/www.welovecycling.com\/hu\/wp-json\/wp\/v2\/media?parent=13928"}],"wp:term":[{"taxonomy":"category","embeddable":true,"href":"https:\/\/www.welovecycling.com\/hu\/wp-json\/wp\/v2\/categories?post=13928"},{"taxonomy":"post_tag","embeddable":true,"href":"https:\/\/www.welovecycling.com\/hu\/wp-json\/wp\/v2\/tags?post=13928"},{"taxonomy":"global-categories","embeddable":true,"href":"https:\/\/www.welovecycling.com\/hu\/wp-json\/wp\/v2\/global-categories?post=13928"}],"curies":[{"name":"wp","href":"https:\/\/api.w.org\/{rel}","templated":true}]}}