{"id":13925,"date":"2022-03-29T08:00:40","date_gmt":"2022-03-29T06:00:40","guid":{"rendered":"https:\/\/www.welovecycling.com\/hu\/?p=13925"},"modified":"2022-03-29T14:11:37","modified_gmt":"2022-03-29T12:11:37","slug":"ki-rajzol-a-legszebben-nyeregben-indul-tavaszi-strava-rajzversenyunk","status":"publish","type":"post","link":"https:\/\/www.welovecycling.com\/hu\/edzes-es-eletmod\/ki-rajzol-a-legszebben-nyeregben-indul-tavaszi-strava-rajzversenyunk\/","title":{"rendered":"Ki rajzol a legszebben nyeregben? Indul tavaszi Strava-rajzverseny\u00fcnk!"},"content":{"rendered":"<p><strong>Ha szereted a kih\u00edv\u00e1sokat, ha az \u00e9lvezet\u00e9rt tekersz, ha \u00faj vagy, ha \u00fajrakezd\u0151, ha szezon\u00e1lis biciklis, ha eg\u00e9sz t\u00e9len tekert\u00e9l, ha im\u00e1dod a tavaszt, ha szeretsz versenyezni, j\u00e1tszani, dolgokat nyerni. Menj ki a szabadba, rajzolj \u00e9s vidd el a f\u0151nyerem\u00e9nyt, a \u0160koda ENYAQ iV teszth\u00e9tv\u00e9g\u00e9t \u00e9s a ker\u00e9kp\u00e1ros mezt, vagy a bring\u00e1s aj\u00e1nd\u00e9kcsomagot!<\/strong><!--more--><\/p>\n<p>A testnek \u00e9s a l\u00e9leknek a mozg\u00e1s, a term\u00e9szet, a biciklinek pedig az alapos tavaszi nagytakar\u00edt\u00e1s \u00e9s karbantart\u00e1s tesz j\u00f3t. Ne feledkezz meg r\u00f3la sem, miel\u0151tt \u00fatnak indulsz, hogy mindketten a legjobb form\u00e1tokat hozhass\u00e1tok \u00e9s biztons\u00e1gosan \u00e9rjetek haza! <a href=\"https:\/\/www.welovecycling.com\/hu\/category\/edzes-es-eletmod\/\">Edz\u00e9s \u00e9s \u00e9letm\u00f3d rovatunkban<\/a> sok-sok praktik\u00e1t \u00e9s tan\u00e1csot tal\u00e1lsz ezzel kapcsolatban.<\/p>\n<p>Ha pedig k\u00e9szen \u00e1ll a bring\u00e1d, friss\u00fclj fel te is a vir\u00e1gillat\u00fa leveg\u0151n! Nyeregben rajzolni t\u00f6k\u00e9letes kih\u00edv\u00e1s, ha m\u00e9g nem nyerted vissza cs\u00facsform\u00e1d, vagy ha csak most kezdesz ker\u00e9kp\u00e1rozni, mert nincs sz\u00fcks\u00e9ged nyers er\u0151nl\u00e9tre vagy v\u00e9gtelen kapacit\u00e1s\u00fa t\u00fcd\u0151re ahhoz, hogy nyerj. Csak j\u00f3 tervez\u00e9s, kreativit\u00e1s \u00e9s kitart\u00e1s kell!<\/p>\n<h2><strong>Mit rajzoljak?<\/strong><\/h2>\n<p>B\u00e1rmit, ami neked a tavaszt jelenti! Lehet vir\u00e1gos r\u00e9t, tulip\u00e1n vagy gy\u00fcm\u00f6lcs\u00f6s kos\u00e1r, de a H\u00fasv\u00e9t nosztalgikus jelk\u00e9peit is \u00e9letre keltheted: vajon mennyire lehet neh\u00e9z kiscsib\u00e9t, h\u00edmes toj\u00e1st vagy nyuszit rajzolni? Val\u00f3sz\u00edn\u0171leg el\u00e9gg\u00e9, de a v\u00e9geredm\u00e9ny biztosan megh\u00e1l\u00e1lja majd a kem\u00e9ny munk\u00e1t \u2013 vagy \u00edgy, vagy \u00fagy.<\/p>\n<p>\u00c9rt\u00e9kelj\u00fck, ha nagy f\u00e1ba v\u00e1god a fejsz\u00e9d! A f\u0151nyerem\u00e9ny nyertes\u00e9t zs\u0171rink v\u00e1lasztja majd ki, \u00e9s szeretj\u00fck, ha bev\u00e1llal\u00f3sak vagytok. Egy teljes h\u00fasv\u00e9ti reggeliz\u0151 asztalt tervezt\u00e9l? J\u00f6het!<\/p>\n<h2><strong>Mit nyerhetek?<\/strong><\/h2>\n<p>A f\u0151nyerem\u00e9ny egy \u0160koda ENYAQ iV teszth\u00e9tv\u00e9ge \u00e9s egy ker\u00e9kp\u00e1ros mez, ami azt jelenti, hogy mindenf\u00e9le k\u00e1rosanyag-kibocs\u00e1t\u00e1s n\u00e9lk\u00fcl mehetsz ki a term\u00e9szetbe k\u00f6vetkez\u0151 bringat\u00far\u00e1don, \u00e9s kipr\u00f3b\u00e1lhatod a <a href=\"https:\/\/www.skoda.hu\/enyaq-iv\/enyaq-iv\"><u>t\u00e1gas, bringabar\u00e1t ENYAQ iV el\u0151nyeit<\/u><\/a>. R\u00e1ad\u00e1sul men\u0151 mezben!<\/p>\n<p>A k\u00f6z\u00f6ns\u00e9gszavaz\u00e1s nyertese, vagyis a Facebook oldalunkon zajl\u00f3 szavaz\u00e1s sor\u00e1n a legt\u00f6bb kedvel\u00e9st kapott rajz alkot\u00f3ja egy ker\u00e9kp\u00e1ros aj\u00e1nd\u00e9kcsomagot nyer, a \u0160koda felaj\u00e1nl\u00e1s\u00e1b\u00f3l, mely egy ker\u00e9k\u00e1ros mezt, egy mini szersz\u00e1mk\u00e9szletet, egy kulacsot, egy bring\u00e1s szem\u00fcveget \u00e9s egy l\u00e1mp\u00e1t tartalmaz.<\/p>\n<p><a href=\"https:\/\/d2p6e6u75xmxt8.cloudfront.net\/12\/2022\/03\/WL004_RAJZVERSENY_NYEREMENY_LANDING_transparent_enyaq.png\"><img loading=\"lazy\" decoding=\"async\" class=\"alignnone size-large wp-image-13942\" src=\"https:\/\/d2p6e6u75xmxt8.cloudfront.net\/12\/2022\/03\/WL004_RAJZVERSENY_NYEREMENY_LANDING_transparent_enyaq-1024x474.png\" alt=\"\" width=\"1024\" height=\"474\" srcset=\"https:\/\/d2p6e6u75xmxt8.cloudfront.net\/12\/2022\/03\/WL004_RAJZVERSENY_NYEREMENY_LANDING_transparent_enyaq-1024x474.png 1024w, https:\/\/d2p6e6u75xmxt8.cloudfront.net\/12\/2022\/03\/WL004_RAJZVERSENY_NYEREMENY_LANDING_transparent_enyaq-300x139.png 300w, https:\/\/d2p6e6u75xmxt8.cloudfront.net\/12\/2022\/03\/WL004_RAJZVERSENY_NYEREMENY_LANDING_transparent_enyaq-768x355.png 768w, https:\/\/d2p6e6u75xmxt8.cloudfront.net\/12\/2022\/03\/WL004_RAJZVERSENY_NYEREMENY_LANDING_transparent_enyaq-1536x710.png 1536w, https:\/\/d2p6e6u75xmxt8.cloudfront.net\/12\/2022\/03\/WL004_RAJZVERSENY_NYEREMENY_LANDING_transparent_enyaq.png 1544w\" sizes=\"auto, (max-width: 1024px) 100vw, 1024px\" \/><\/a><\/p>\n<h2><strong>\u00c9s m\u00e9g?<\/strong><\/h2>\n<p>Ha mindez nem lenne el\u00e9g, \u00e9s akkor is j\u00e1tszan\u00e1l, amikor a l\u00e1baid m\u00e1r nem b\u00edrj\u00e1k, j\u00f3 h\u00edr\u00fcnk van: toj\u00e1svad\u00e1szatunkon \u00fajabb aj\u00e1nd\u00e9kcsomagot nyerhetsz! Keresd meg a h\u00e1rom elrejtett h\u00fasv\u00e9ti toj\u00e1st, add \u00f6ssze a rajtuk l\u00e9v\u0151 sz\u00e1mokat, \u00e9s az eredm\u00e9nyt k\u00fcldd el nek\u00fcnk a <a href=\"mailto:welovecycling@skoda.hu\">welovecycling@skoda.hu<\/a> e-mail c\u00edmre! A helyes v\u00e1laszad\u00f3k k\u00f6z\u00f6tt aj\u00e1nd\u00e9kcsomagot sorsolunk ki, a \u0160koda felaj\u00e1nl\u00e1s\u00e1b\u00f3l, melynek tartalma egy mini szersz\u00e1mk\u00e9szlet, egy bring\u00e1s szem\u00fcveg, egy l\u00e1mpa \u00e9s egy kulacs.<\/p>\n<p>Annyit seg\u00edt\u00fcnk, hogy egyet h\u00edrlevel\u00fcnkben &#8211; aktualit\u00e1saink, tippjeink \u00e9s tan\u00e1csaink k\u00f6z\u00f6tt -, kett\u0151t pedig a tavaszi ker\u00e9kp\u00e1roz\u00e1ssal kapcsolatos cikkeinkben tal\u00e1lsz!<\/p>\n<p>A nyerem\u00e9nyj\u00e1t\u00e9k r\u00e9szletei\u00e9rt l\u00e1togass el a <a href=\"https:\/\/www.welovecycling.com\/hu\/tavaszirajzverseny\/\"><u>Bring\u00e1d az ecset, Strava a v\u00e1szon<\/u><\/a> oldalunkra! Itt tudsz rajzot is bek\u00fcldeni! Hajr\u00e1!<\/p>\n<div style=\"padding: 25px; background: #eee;\">\n<p><strong>Iratkozz fel h\u00edrlevel\u00fcnkre, ahol m\u00e9g t\u00f6bb tippet \u00e9s tudnival\u00f3t olvashatsz a tested, lelked \u00e9s bring\u00e1d karbantart\u00e1s\u00e1hoz! S\u0151t, most m\u00e9g nyerem\u00e9nyre is bukkanhatsz benne!<\/strong><\/p>\n<p><iframe loading=\"lazy\" title=\"\" src=\"https:\/\/media.pohu.hu\/skoda\/welovecycling\/\" width=\"100%\" height=\"900\"><\/iframe><\/p>\n<\/div>\n","protected":false},"excerpt":{"rendered":"<p>Ha szereted a kih\u00edv\u00e1sokat, ha az \u00e9lvezet\u00e9rt tekersz, ha \u00faj vagy, ha \u00fajrakezd\u0151, ha szezon\u00e1lis biciklis, ha eg\u00e9sz t\u00e9len tekert\u00e9l, [&hellip;]<\/p>\n","protected":false},"author":71,"featured_media":13797,"comment_status":"open","ping_status":"open","sticky":false,"template":"","format":"standard","meta":{"footnotes":""},"categories":[6],"tags":[],"global-categories":[],"class_list":["post-13925","post","type-post","status-publish","format-standard","has-post-thumbnail","hentry","category-edzes-es-eletmod"],"yoast_head":"<!-- This site is optimized with the Yoast SEO Premium plugin v25.3 (Yoast SEO v25.9) - https:\/\/yoast.com\/wordpress\/plugins\/seo\/ -->\n<title>Ki rajzol a legszebben nyeregben? Indul tavaszi Strava-rajzverseny\u00fcnk!<\/title>\n<meta name=\"description\" content=\"Ha szereted a kih\u00edv\u00e1sokat, ha az \u00e9lvezet\u00e9rt tekersz, ha \u00faj vagy, ha \u00fajrakezd\u0151, ha szezon\u00e1lis biciklis, ha eg\u00e9sz t\u00e9len tekert\u00e9l, ha im\u00e1dod a tavaszt, ha szeretsz versenyezni, j\u00e1tszani, dolgokat nyerni. Menj ki a szabadba, rajzolj \u00e9s vidd el a f\u0151nyerem\u00e9nyt, a \u0160koda ENYAQ iV teszth\u00e9tv\u00e9g\u00e9t \u00e9s a ker\u00e9kp\u00e1ros mezt, vagy a bring\u00e1s aj\u00e1nd\u00e9kcsomagot!\" \/>\n<meta name=\"robots\" content=\"index, follow, max-snippet:-1, max-image-preview:large, max-video-preview:-1\" \/>\n<link rel=\"canonical\" href=\"https:\/\/www.welovecycling.com\/hu\/edzes-es-eletmod\/ki-rajzol-a-legszebben-nyeregben-indul-tavaszi-strava-rajzversenyunk\/\" \/>\n<meta property=\"og:locale\" content=\"hu_HU\" \/>\n<meta property=\"og:type\" content=\"article\" \/>\n<meta property=\"og:title\" content=\"Ki rajzol a legszebben nyeregben? Indul tavaszi Strava-rajzverseny\u00fcnk!\" \/>\n<meta property=\"og:description\" content=\"Ha szereted a kih\u00edv\u00e1sokat, ha az \u00e9lvezet\u00e9rt tekersz, ha \u00faj vagy, ha \u00fajrakezd\u0151, ha szezon\u00e1lis biciklis, ha eg\u00e9sz t\u00e9len tekert\u00e9l, ha im\u00e1dod a tavaszt, ha szeretsz versenyezni, j\u00e1tszani, dolgokat nyerni. Menj ki a szabadba, rajzolj \u00e9s vidd el a f\u0151nyerem\u00e9nyt, a \u0160koda ENYAQ iV teszth\u00e9tv\u00e9g\u00e9t \u00e9s a ker\u00e9kp\u00e1ros mezt, vagy a bring\u00e1s aj\u00e1nd\u00e9kcsomagot!\" \/>\n<meta property=\"og:url\" content=\"https:\/\/www.welovecycling.com\/hu\/edzes-es-eletmod\/ki-rajzol-a-legszebben-nyeregben-indul-tavaszi-strava-rajzversenyunk\/\" \/>\n<meta property=\"og:site_name\" content=\"\u0160koda We Love Cycling - Magyarorsz\u00e1g\" \/>\n<meta property=\"article:publisher\" content=\"https:\/\/www.facebook.com\/WeLoveCyclingHungary\/\" \/>\n<meta property=\"article:published_time\" content=\"2022-03-29T06:00:40+00:00\" \/>\n<meta property=\"article:modified_time\" content=\"2022-03-29T12:11:37+00:00\" \/>\n<meta property=\"og:image\" content=\"https:\/\/d2p6e6u75xmxt8.cloudfront.net\/12\/2022\/03\/WL004_RAJZVERSENY_fb_single_1200x628.png\" \/>\n\t<meta property=\"og:image:width\" content=\"1200\" \/>\n\t<meta property=\"og:image:height\" content=\"628\" \/>\n\t<meta property=\"og:image:type\" content=\"image\/png\" \/>\n<meta name=\"author\" content=\"hegyizs\" \/>\n<meta name=\"twitter:card\" content=\"summary_large_image\" \/>\n<meta name=\"twitter:label1\" content=\"Written by\" \/>\n\t<meta name=\"twitter:data1\" content=\"WLC\" \/>\n\t<meta name=\"twitter:label2\" content=\"Est. reading time\" \/>\n\t<meta name=\"twitter:data2\" content=\"3 minutes\" \/>\n<script type=\"application\/ld+json\" class=\"yoast-schema-graph\">{\"@context\":\"https:\/\/schema.org\",\"@graph\":[{\"@type\":\"WebPage\",\"@id\":\"https:\/\/www.welovecycling.com\/hu\/edzes-es-eletmod\/ki-rajzol-a-legszebben-nyeregben-indul-tavaszi-strava-rajzversenyunk\/\",\"url\":\"https:\/\/www.welovecycling.com\/hu\/edzes-es-eletmod\/ki-rajzol-a-legszebben-nyeregben-indul-tavaszi-strava-rajzversenyunk\/\",\"name\":\"Ki rajzol a legszebben nyeregben? Indul tavaszi Strava-rajzverseny\u00fcnk!\",\"isPartOf\":{\"@id\":\"https:\/\/www.welovecycling.com\/hu\/#website\"},\"primaryImageOfPage\":{\"@id\":\"https:\/\/www.welovecycling.com\/hu\/edzes-es-eletmod\/ki-rajzol-a-legszebben-nyeregben-indul-tavaszi-strava-rajzversenyunk\/#primaryimage\"},\"image\":{\"@id\":\"https:\/\/www.welovecycling.com\/hu\/edzes-es-eletmod\/ki-rajzol-a-legszebben-nyeregben-indul-tavaszi-strava-rajzversenyunk\/#primaryimage\"},\"thumbnailUrl\":\"https:\/\/d2p6e6u75xmxt8.cloudfront.net\/12\/2022\/03\/WL004_RAJZVERSENY_landing_page_1920x702.png\",\"datePublished\":\"2022-03-29T06:00:40+00:00\",\"dateModified\":\"2022-03-29T12:11:37+00:00\",\"author\":{\"@id\":\"https:\/\/www.welovecycling.com\/hu\/#\/schema\/person\/414a2aebf1801691a5320edb6468e194\"},\"description\":\"Ha szereted a kih\u00edv\u00e1sokat, ha az \u00e9lvezet\u00e9rt tekersz, ha \u00faj vagy, ha \u00fajrakezd\u0151, ha szezon\u00e1lis biciklis, ha eg\u00e9sz t\u00e9len tekert\u00e9l, ha im\u00e1dod a tavaszt, ha szeretsz versenyezni, j\u00e1tszani, dolgokat nyerni. Menj ki a szabadba, rajzolj \u00e9s vidd el a f\u0151nyerem\u00e9nyt, a \u0160koda ENYAQ iV teszth\u00e9tv\u00e9g\u00e9t \u00e9s a ker\u00e9kp\u00e1ros mezt, vagy a bring\u00e1s aj\u00e1nd\u00e9kcsomagot!\",\"breadcrumb\":{\"@id\":\"https:\/\/www.welovecycling.com\/hu\/edzes-es-eletmod\/ki-rajzol-a-legszebben-nyeregben-indul-tavaszi-strava-rajzversenyunk\/#breadcrumb\"},\"inLanguage\":\"hu\",\"potentialAction\":[{\"@type\":\"ReadAction\",\"target\":[\"https:\/\/www.welovecycling.com\/hu\/edzes-es-eletmod\/ki-rajzol-a-legszebben-nyeregben-indul-tavaszi-strava-rajzversenyunk\/\"]}]},{\"@type\":\"ImageObject\",\"inLanguage\":\"hu\",\"@id\":\"https:\/\/www.welovecycling.com\/hu\/edzes-es-eletmod\/ki-rajzol-a-legszebben-nyeregben-indul-tavaszi-strava-rajzversenyunk\/#primaryimage\",\"url\":\"https:\/\/d2p6e6u75xmxt8.cloudfront.net\/12\/2022\/03\/WL004_RAJZVERSENY_landing_page_1920x702.png\",\"contentUrl\":\"https:\/\/d2p6e6u75xmxt8.cloudfront.net\/12\/2022\/03\/WL004_RAJZVERSENY_landing_page_1920x702.png\",\"width\":1920,\"height\":702},{\"@type\":\"BreadcrumbList\",\"@id\":\"https:\/\/www.welovecycling.com\/hu\/edzes-es-eletmod\/ki-rajzol-a-legszebben-nyeregben-indul-tavaszi-strava-rajzversenyunk\/#breadcrumb\",\"itemListElement\":[{\"@type\":\"ListItem\",\"position\":1,\"name\":\"Home\",\"item\":\"https:\/\/www.welovecycling.com\/hu\/\"},{\"@type\":\"ListItem\",\"position\":2,\"name\":\"Ki rajzol a legszebben nyeregben? Indul tavaszi Strava-rajzverseny\u00fcnk!\"}]},{\"@type\":\"WebSite\",\"@id\":\"https:\/\/www.welovecycling.com\/hu\/#website\",\"url\":\"https:\/\/www.welovecycling.com\/hu\/\",\"name\":\"\u0160koda We Love Cycling - Magyarorsz\u00e1g\",\"description\":\"\u0160koda WeLoveCycling\",\"potentialAction\":[{\"@type\":\"SearchAction\",\"target\":{\"@type\":\"EntryPoint\",\"urlTemplate\":\"https:\/\/www.welovecycling.com\/hu\/?s={search_term_string}\"},\"query-input\":{\"@type\":\"PropertyValueSpecification\",\"valueRequired\":true,\"valueName\":\"search_term_string\"}}],\"inLanguage\":\"hu\"},{\"@type\":\"Person\",\"@id\":\"https:\/\/www.welovecycling.com\/hu\/#\/schema\/person\/414a2aebf1801691a5320edb6468e194\",\"name\":\"hegyizs\",\"image\":{\"@type\":\"ImageObject\",\"inLanguage\":\"hu\",\"@id\":\"https:\/\/www.welovecycling.com\/hu\/#\/schema\/person\/image\/\",\"url\":\"https:\/\/secure.gravatar.com\/avatar\/02cf8a7906b8cf90cecb4679defac7cfd33a1c2e3b88e4903d947f3bb58eedd3?s=96&d=mm&r=g\",\"contentUrl\":\"https:\/\/secure.gravatar.com\/avatar\/02cf8a7906b8cf90cecb4679defac7cfd33a1c2e3b88e4903d947f3bb58eedd3?s=96&d=mm&r=g\",\"caption\":\"hegyizs\"},\"url\":\"https:\/\/www.welovecycling.com\/hu\/author\/hegyizs\/\"}]}<\/script>\n<!-- \/ Yoast SEO Premium plugin. -->","yoast_head_json":{"title":"Ki rajzol a legszebben nyeregben? Indul tavaszi Strava-rajzverseny\u00fcnk!","description":"Ha szereted a kih\u00edv\u00e1sokat, ha az \u00e9lvezet\u00e9rt tekersz, ha \u00faj vagy, ha \u00fajrakezd\u0151, ha szezon\u00e1lis biciklis, ha eg\u00e9sz t\u00e9len tekert\u00e9l, ha im\u00e1dod a tavaszt, ha szeretsz versenyezni, j\u00e1tszani, dolgokat nyerni. Menj ki a szabadba, rajzolj \u00e9s vidd el a f\u0151nyerem\u00e9nyt, a \u0160koda ENYAQ iV teszth\u00e9tv\u00e9g\u00e9t \u00e9s a ker\u00e9kp\u00e1ros mezt, vagy a bring\u00e1s aj\u00e1nd\u00e9kcsomagot!","robots":{"index":"index","follow":"follow","max-snippet":"max-snippet:-1","max-image-preview":"max-image-preview:large","max-video-preview":"max-video-preview:-1"},"canonical":"https:\/\/www.welovecycling.com\/hu\/edzes-es-eletmod\/ki-rajzol-a-legszebben-nyeregben-indul-tavaszi-strava-rajzversenyunk\/","og_locale":"hu_HU","og_type":"article","og_title":"Ki rajzol a legszebben nyeregben? Indul tavaszi Strava-rajzverseny\u00fcnk!","og_description":"Ha szereted a kih\u00edv\u00e1sokat, ha az \u00e9lvezet\u00e9rt tekersz, ha \u00faj vagy, ha \u00fajrakezd\u0151, ha szezon\u00e1lis biciklis, ha eg\u00e9sz t\u00e9len tekert\u00e9l, ha im\u00e1dod a tavaszt, ha szeretsz versenyezni, j\u00e1tszani, dolgokat nyerni. Menj ki a szabadba, rajzolj \u00e9s vidd el a f\u0151nyerem\u00e9nyt, a \u0160koda ENYAQ iV teszth\u00e9tv\u00e9g\u00e9t \u00e9s a ker\u00e9kp\u00e1ros mezt, vagy a bring\u00e1s aj\u00e1nd\u00e9kcsomagot!","og_url":"https:\/\/www.welovecycling.com\/hu\/edzes-es-eletmod\/ki-rajzol-a-legszebben-nyeregben-indul-tavaszi-strava-rajzversenyunk\/","og_site_name":"\u0160koda We Love Cycling - Magyarorsz\u00e1g","article_publisher":"https:\/\/www.facebook.com\/WeLoveCyclingHungary\/","article_published_time":"2022-03-29T06:00:40+00:00","article_modified_time":"2022-03-29T12:11:37+00:00","og_image":[{"width":1200,"height":628,"url":"https:\/\/d2p6e6u75xmxt8.cloudfront.net\/12\/2022\/03\/WL004_RAJZVERSENY_fb_single_1200x628.png","type":"image\/png"}],"author":"hegyizs","twitter_card":"summary_large_image","twitter_misc":{"Written by":"WLC","Est. reading time":"3 minutes"},"schema":{"@context":"https:\/\/schema.org","@graph":[{"@type":"WebPage","@id":"https:\/\/www.welovecycling.com\/hu\/edzes-es-eletmod\/ki-rajzol-a-legszebben-nyeregben-indul-tavaszi-strava-rajzversenyunk\/","url":"https:\/\/www.welovecycling.com\/hu\/edzes-es-eletmod\/ki-rajzol-a-legszebben-nyeregben-indul-tavaszi-strava-rajzversenyunk\/","name":"Ki rajzol a legszebben nyeregben? Indul tavaszi Strava-rajzverseny\u00fcnk!","isPartOf":{"@id":"https:\/\/www.welovecycling.com\/hu\/#website"},"primaryImageOfPage":{"@id":"https:\/\/www.welovecycling.com\/hu\/edzes-es-eletmod\/ki-rajzol-a-legszebben-nyeregben-indul-tavaszi-strava-rajzversenyunk\/#primaryimage"},"image":{"@id":"https:\/\/www.welovecycling.com\/hu\/edzes-es-eletmod\/ki-rajzol-a-legszebben-nyeregben-indul-tavaszi-strava-rajzversenyunk\/#primaryimage"},"thumbnailUrl":"https:\/\/d2p6e6u75xmxt8.cloudfront.net\/12\/2022\/03\/WL004_RAJZVERSENY_landing_page_1920x702.png","datePublished":"2022-03-29T06:00:40+00:00","dateModified":"2022-03-29T12:11:37+00:00","author":{"@id":"https:\/\/www.welovecycling.com\/hu\/#\/schema\/person\/414a2aebf1801691a5320edb6468e194"},"description":"Ha szereted a kih\u00edv\u00e1sokat, ha az \u00e9lvezet\u00e9rt tekersz, ha \u00faj vagy, ha \u00fajrakezd\u0151, ha szezon\u00e1lis biciklis, ha eg\u00e9sz t\u00e9len tekert\u00e9l, ha im\u00e1dod a tavaszt, ha szeretsz versenyezni, j\u00e1tszani, dolgokat nyerni. Menj ki a szabadba, rajzolj \u00e9s vidd el a f\u0151nyerem\u00e9nyt, a \u0160koda ENYAQ iV teszth\u00e9tv\u00e9g\u00e9t \u00e9s a ker\u00e9kp\u00e1ros mezt, vagy a bring\u00e1s aj\u00e1nd\u00e9kcsomagot!","breadcrumb":{"@id":"https:\/\/www.welovecycling.com\/hu\/edzes-es-eletmod\/ki-rajzol-a-legszebben-nyeregben-indul-tavaszi-strava-rajzversenyunk\/#breadcrumb"},"inLanguage":"hu","potentialAction":[{"@type":"ReadAction","target":["https:\/\/www.welovecycling.com\/hu\/edzes-es-eletmod\/ki-rajzol-a-legszebben-nyeregben-indul-tavaszi-strava-rajzversenyunk\/"]}]},{"@type":"ImageObject","inLanguage":"hu","@id":"https:\/\/www.welovecycling.com\/hu\/edzes-es-eletmod\/ki-rajzol-a-legszebben-nyeregben-indul-tavaszi-strava-rajzversenyunk\/#primaryimage","url":"https:\/\/d2p6e6u75xmxt8.cloudfront.net\/12\/2022\/03\/WL004_RAJZVERSENY_landing_page_1920x702.png","contentUrl":"https:\/\/d2p6e6u75xmxt8.cloudfront.net\/12\/2022\/03\/WL004_RAJZVERSENY_landing_page_1920x702.png","width":1920,"height":702},{"@type":"BreadcrumbList","@id":"https:\/\/www.welovecycling.com\/hu\/edzes-es-eletmod\/ki-rajzol-a-legszebben-nyeregben-indul-tavaszi-strava-rajzversenyunk\/#breadcrumb","itemListElement":[{"@type":"ListItem","position":1,"name":"Home","item":"https:\/\/www.welovecycling.com\/hu\/"},{"@type":"ListItem","position":2,"name":"Ki rajzol a legszebben nyeregben? Indul tavaszi Strava-rajzverseny\u00fcnk!"}]},{"@type":"WebSite","@id":"https:\/\/www.welovecycling.com\/hu\/#website","url":"https:\/\/www.welovecycling.com\/hu\/","name":"\u0160koda We Love Cycling - Magyarorsz\u00e1g","description":"\u0160koda WeLoveCycling","potentialAction":[{"@type":"SearchAction","target":{"@type":"EntryPoint","urlTemplate":"https:\/\/www.welovecycling.com\/hu\/?s={search_term_string}"},"query-input":{"@type":"PropertyValueSpecification","valueRequired":true,"valueName":"search_term_string"}}],"inLanguage":"hu"},{"@type":"Person","@id":"https:\/\/www.welovecycling.com\/hu\/#\/schema\/person\/414a2aebf1801691a5320edb6468e194","name":"hegyizs","image":{"@type":"ImageObject","inLanguage":"hu","@id":"https:\/\/www.welovecycling.com\/hu\/#\/schema\/person\/image\/","url":"https:\/\/secure.gravatar.com\/avatar\/02cf8a7906b8cf90cecb4679defac7cfd33a1c2e3b88e4903d947f3bb58eedd3?s=96&d=mm&r=g","contentUrl":"https:\/\/secure.gravatar.com\/avatar\/02cf8a7906b8cf90cecb4679defac7cfd33a1c2e3b88e4903d947f3bb58eedd3?s=96&d=mm&r=g","caption":"hegyizs"},"url":"https:\/\/www.welovecycling.com\/hu\/author\/hegyizs\/"}]}},"_links":{"self":[{"href":"https:\/\/www.welovecycling.com\/hu\/wp-json\/wp\/v2\/posts\/13925","targetHints":{"allow":["GET"]}}],"collection":[{"href":"https:\/\/www.welovecycling.com\/hu\/wp-json\/wp\/v2\/posts"}],"about":[{"href":"https:\/\/www.welovecycling.com\/hu\/wp-json\/wp\/v2\/types\/post"}],"author":[{"embeddable":true,"href":"https:\/\/www.welovecycling.com\/hu\/wp-json\/wp\/v2\/users\/71"}],"replies":[{"embeddable":true,"href":"https:\/\/www.welovecycling.com\/hu\/wp-json\/wp\/v2\/comments?post=13925"}],"version-history":[{"count":2,"href":"https:\/\/www.welovecycling.com\/hu\/wp-json\/wp\/v2\/posts\/13925\/revisions"}],"predecessor-version":[{"id":13994,"href":"https:\/\/www.welovecycling.com\/hu\/wp-json\/wp\/v2\/posts\/13925\/revisions\/13994"}],"wp:featuredmedia":[{"embeddable":true,"href":"https:\/\/www.welovecycling.com\/hu\/wp-json\/wp\/v2\/media\/13797"}],"wp:attachment":[{"href":"https:\/\/www.welovecycling.com\/hu\/wp-json\/wp\/v2\/media?parent=13925"}],"wp:term":[{"taxonomy":"category","embeddable":true,"href":"https:\/\/www.welovecycling.com\/hu\/wp-json\/wp\/v2\/categories?post=13925"},{"taxonomy":"post_tag","embeddable":true,"href":"https:\/\/www.welovecycling.com\/hu\/wp-json\/wp\/v2\/tags?post=13925"},{"taxonomy":"global-categories","embeddable":true,"href":"https:\/\/www.welovecycling.com\/hu\/wp-json\/wp\/v2\/global-categories?post=13925"}],"curies":[{"name":"wp","href":"https:\/\/api.w.org\/{rel}","templated":true}]}}