{"id":13917,"date":"2022-03-31T08:00:28","date_gmt":"2022-03-31T06:00:28","guid":{"rendered":"https:\/\/www.welovecycling.com\/hu\/?p=13917"},"modified":"2022-03-25T17:19:55","modified_gmt":"2022-03-25T15:19:55","slug":"rutin-bringatakaritas-lepesrol-lepesre","status":"publish","type":"post","link":"https:\/\/www.welovecycling.com\/hu\/edzes-es-eletmod\/rutin-bringatakaritas-lepesrol-lepesre\/","title":{"rendered":"Rutin-bringatakar\u00edt\u00e1s l\u00e9p\u00e9sr\u0151l l\u00e9p\u00e9sre"},"content":{"rendered":"<p><strong>Eml\u00e9kszel m\u00e9g, milyen vid\u00e1man csillogott \u00e9s milyen sz\u00e9pen sz\u00e1guldott alattad a bring\u00e1d, amikor elhoztad a boltb\u00f3l? Valami ilyesmi \u00e1llapotot szeretn\u00e9nk \u00fajra el\u00e9rni!<\/strong><!--more--><\/p>\n<p>Ha rendszeresen tiszt\u00edtod a biciklid, nemcsak gyorsabban \u00e9s jobban fog m\u0171k\u00f6dni, hanem az \u00e9lettartam\u00e1t is jelent\u0151sen meghosszabb\u00edthatod. Mind\u00f6ssze 15 perc az eg\u00e9sz!<\/p>\n<h2><strong>A l\u00e1nc \u00e9s a hajt\u00f3m\u0171 megtiszt\u00edt\u00e1sa<\/strong><\/h2>\n<figure id=\"attachment_13920\" aria-describedby=\"caption-attachment-13920\" style=\"width: 1024px\" class=\"wp-caption alignnone\"><a href=\"https:\/\/d2p6e6u75xmxt8.cloudfront.net\/12\/2022\/03\/1170_d10.jpg\"><img loading=\"lazy\" decoding=\"async\" class=\"size-large wp-image-13920\" src=\"https:\/\/d2p6e6u75xmxt8.cloudfront.net\/12\/2022\/03\/1170_d10-1024x473.jpg\" alt=\"\" width=\"1024\" height=\"473\" srcset=\"https:\/\/d2p6e6u75xmxt8.cloudfront.net\/12\/2022\/03\/1170_d10-1024x473.jpg 1024w, https:\/\/d2p6e6u75xmxt8.cloudfront.net\/12\/2022\/03\/1170_d10-300x138.jpg 300w, https:\/\/d2p6e6u75xmxt8.cloudfront.net\/12\/2022\/03\/1170_d10-768x354.jpg 768w, https:\/\/d2p6e6u75xmxt8.cloudfront.net\/12\/2022\/03\/1170_d10.jpg 1170w\" sizes=\"auto, (max-width: 1024px) 100vw, 1024px\" \/><\/a><figcaption id=\"caption-attachment-13920\" class=\"wp-caption-text\">Fot\u00f3: Sigma Sports<\/figcaption><\/figure>\n<ol>\n<li>l\u00e9p\u00e9s: Tedd \u00e1llv\u00e1nyra a biciklid, vagy ford\u00edtsd fejjel lefel\u00e9, hogy a kezeddel mozgatni tudd a ped\u00e1lokat!<\/li>\n<li>l\u00e9p\u00e9s: Egy t\u00f6rl\u0151kend\u0151 \u00e9s n\u00e9mi zs\u00edrold\u00f3 seg\u00edts\u00e9g\u00e9vel tiszt\u00edtsd meg a l\u00e1ncot! \u00d3vatosan nyomd r\u00e1 a rongyot a l\u00e1nc mindegyik oldal\u00e1ra!<\/li>\n<li>l\u00e9p\u00e9s: Egy fogkef\u00e9vel vagy k\u00f6r\u00f6mkef\u00e9vel s\u00farold v\u00e9gig a l\u00e1ncot! A makacsul beragadt szennyez\u0151d\u00e9seket egy csavarh\u00faz\u00f3val elt\u00e1vol\u00edthatod.<\/li>\n<li>l\u00e9p\u00e9s: A kefe seg\u00edts\u00e9g\u00e9vel tiszt\u00edtsd meg a fogaskerekeket \u00e9s a l\u00e1nckerekeket is! Ne feledkezz meg a v\u00e1zr\u00f3l se a hajt\u00f3m\u0171 mellett! Ha a l\u00e1ncod extra koszos, szerezz be egy l\u00e1nctiszt\u00edt\u00f3 sprayt!<\/li>\n<li>l\u00e9p\u00e9s: Olajozd meg a l\u00e1ncot! Akkor tett\u00e9l r\u00e1 eleget, ha az ujjaidon egy v\u00e9kony r\u00e9teget hagy, ha hozz\u00e1\u00e9rsz.<\/li>\n<\/ol>\n<h2><strong>A v\u00e1z \u00e9s a kerekek megtiszt\u00edt\u00e1sa<\/strong><\/h2>\n<figure id=\"attachment_13922\" aria-describedby=\"caption-attachment-13922\" style=\"width: 800px\" class=\"wp-caption alignnone\"><a href=\"https:\/\/d2p6e6u75xmxt8.cloudfront.net\/12\/2022\/03\/767914aedf910be5a5305a3f19542270dfdb256e.jpg\"><img loading=\"lazy\" decoding=\"async\" class=\"size-full wp-image-13922\" src=\"https:\/\/d2p6e6u75xmxt8.cloudfront.net\/12\/2022\/03\/767914aedf910be5a5305a3f19542270dfdb256e.jpg\" alt=\"\" width=\"800\" height=\"600\" srcset=\"https:\/\/d2p6e6u75xmxt8.cloudfront.net\/12\/2022\/03\/767914aedf910be5a5305a3f19542270dfdb256e.jpg 800w, https:\/\/d2p6e6u75xmxt8.cloudfront.net\/12\/2022\/03\/767914aedf910be5a5305a3f19542270dfdb256e-300x225.jpg 300w, https:\/\/d2p6e6u75xmxt8.cloudfront.net\/12\/2022\/03\/767914aedf910be5a5305a3f19542270dfdb256e-768x576.jpg 768w\" sizes=\"auto, (max-width: 800px) 100vw, 800px\" \/><\/a><figcaption id=\"caption-attachment-13922\" class=\"wp-caption-text\">Fot\u00f3: Liv Cycling<\/figcaption><\/figure>\n<ol>\n<li>l\u00e9p\u00e9s: Helyezd a biciklid \u00e1llv\u00e1nyra, t\u00e1maszd egy f\u00e1nak vagy ford\u00edtsd fejjel lefel\u00e9! K\u00fclt\u00e9ren vagy j\u00f3l szell\u0151z\u0151 helyen v\u00e9gezd a takar\u00edt\u00e1st!<\/li>\n<li>l\u00e9p\u00e9s: Alacsony nyom\u00e1ssal slagozd le a ker\u00e9kp\u00e1rt! A t\u00fal magas nyom\u00e1s nem k\u00edv\u00e1natos helyekre szor\u00edthatja be a s\u00e1rdarabokat.<\/li>\n<li>l\u00e9p\u00e9s: T\u00f6lts meg egy v\u00f6dr\u00f6t melegv\u00edzzel \u00e9s adj hozz\u00e1 speci\u00e1lis ker\u00e9kp\u00e1rtiszt\u00edt\u00f3 folyad\u00e9kot vagy sima szappant! K\u00e9sz\u00edts egy szivacsot is a kezed \u00fcgy\u00e9be!<\/li>\n<li>l\u00e9p\u00e9s: T\u00e1vol\u00edtsd el a kerekeket!<\/li>\n<li>l\u00e9p\u00e9s: A puha szivacsot m\u00e1rtsd a szappanos v\u00edzbe \u00e9s t\u00f6r\u00f6lgesd le vele a v\u00e1zat! Soha ne haszn\u00e1lj d\u00f6rzsis szivacsot! A caliper f\u00e9kre rak\u00f3dott szennyez\u0151d\u00e9seket viszont b\u00e1tran elt\u00e1vol\u00edthatod egy durv\u00e1bb fel\u00fclet\u0171 szivaccsal is, t\u00e1rcsaf\u00e9kn\u00e9l viszont csak puha anyagot haszn\u00e1lj!<\/li>\n<li>l\u00e9p\u00e9s: Nedves szivaccsal t\u00f6r\u00f6lgesd \u00e1t a ker\u00e9kabroncsokat! Egy kefe seg\u00edts\u00e9g\u00e9vel megszabadulhatsz a lerak\u00f3d\u00e1sokt\u00f3l is.<\/li>\n<li>l\u00e9p\u00e9s: Egy tiszta ronggyal \u00f3vatosan t\u00f6r\u00f6ld \u00e1t a h\u00e1ts\u00f3 fogaskoszor\u00fat! Itt gy\u0171lik fel a legt\u00f6bb kosz, sokszor az is, ami a bringa t\u00f6bbi r\u00e9sz\u00e9r\u0151l j\u00f6n le.<\/li>\n<li>l\u00e9p\u00e9s: Finoman t\u00f6r\u00f6lgess mindent sz\u00e1razra!<\/li>\n<\/ol>\n<h2><strong>Tartsd tiszt\u00e1n!<\/strong><\/h2>\n<ol>\n<li>l\u00e9p\u00e9s: Minden nedves vagy saras \u00fat ut\u00e1n t\u00f6r\u00f6lgesd \u00e1t sz\u00e1raz ronggyal!<\/li>\n<li>l\u00e9p\u00e9s: Rendszeresen ellen\u0151rizd a l\u00e1ncod \u2013 ha t\u00fal sz\u00e1raznak t\u0171nik, olajozd meg!<\/li>\n<li>l\u00e9p\u00e9s: \u00c9vente 2-3 alkalommal \u00e9s nagytakar\u00edt\u00e1s ut\u00e1n haszn\u00e1lj ken\u0151anyagot a kulcsfontoss\u00e1g\u00fa alkatr\u00e9szeken, mint amilyen a f\u00e9k strat\u00e9giai pontjai, a f\u00e9kk\u00e1belek \u00e9s a v\u00e1lt\u00f3k.<\/li>\n<li>l\u00e9p\u00e9s: Tartsd szemmel a hajt\u00f3m\u0171vet! Ez az az alkatr\u00e9sz, amit a leggyakrabban kell takar\u00edtani.<\/li>\n<\/ol>\n<p>Ez egy rutintakar\u00edt\u00e1s, amit b\u00e1rmikor elv\u00e9gezhetsz, amikor koszosnak l\u00e1tod a ker\u00e9kp\u00e1rod. Ha sok\u00e1ig nem haszn\u00e1ltad, vagy hatalmas s\u00e1rban tekert\u00e9l, \u00e9rdemes m\u00e9g alaposabb proced\u00far\u00e1nak al\u00e1vetni. A Bicycling magazin vide\u00f3ja sokat seg\u00edt ebben:<\/p>\n<lite-youtube videoid=iJLipCkXX7U params=\"enablejsapi=1\" style=\"background-image: url('https:\/\/i.ytimg.com\/vi_webp\/iJLipCkXX7U\/maxresdefault.webp');\"><\/lite-youtube>\n<p><em>Forr\u00e1s: <\/em><a href=\"https:\/\/www.wikihow.com\/Wash-Your-Bike\"><em>wikihow.com<\/em><\/a><br \/>\n<em>Bor\u00edt\u00f3k\u00e9p: Jordan Clark Haggard<\/em><\/p>\n<div style=\"padding: 25px; background: #eee;\">\n<p><strong>Iratkozz fel h\u00edrlevel\u00fcnkre, ahol m\u00e9g t\u00f6bb tippet \u00e9s tudnival\u00f3t olvashatsz a tested, lelked \u00e9s bring\u00e1d karbantart\u00e1s\u00e1hoz! S\u0151t, most m\u00e9g nyerem\u00e9nyre is bukkanhatsz benne!<\/strong><\/p>\n<p><iframe loading=\"lazy\" title=\"\" src=\"https:\/\/media.pohu.hu\/skoda\/welovecycling\/\" width=\"100%\" height=\"900\"><\/iframe><\/p>\n<\/div>\n","protected":false},"excerpt":{"rendered":"<p>Eml\u00e9kszel m\u00e9g, milyen vid\u00e1man csillogott \u00e9s milyen sz\u00e9pen sz\u00e1guldott alattad a bring\u00e1d, amikor elhoztad a boltb\u00f3l? Valami ilyesmi \u00e1llapotot szeretn\u00e9nk [&hellip;]<\/p>\n","protected":false},"author":71,"featured_media":13919,"comment_status":"open","ping_status":"open","sticky":false,"template":"","format":"standard","meta":{"footnotes":""},"categories":[6],"tags":[],"global-categories":[],"class_list":["post-13917","post","type-post","status-publish","format-standard","has-post-thumbnail","hentry","category-edzes-es-eletmod"],"yoast_head":"<!-- This site is optimized with the Yoast SEO Premium plugin v25.3 (Yoast SEO v25.9) - https:\/\/yoast.com\/wordpress\/plugins\/seo\/ -->\n<title>Rutin-bringatakar\u00edt\u00e1s l\u00e9p\u00e9sr\u0151l l\u00e9p\u00e9sre<\/title>\n<meta name=\"description\" content=\"Eml\u00e9kszel m\u00e9g, milyen vid\u00e1man csillogott \u00e9s milyen sz\u00e9pen sz\u00e1guldott alattad a bring\u00e1d, amikor elhoztad a boltb\u00f3l? Valami ilyesmi \u00e1llapotot szeretn\u00e9nk \u00fajra el\u00e9rni!\" \/>\n<meta name=\"robots\" content=\"index, follow, max-snippet:-1, max-image-preview:large, max-video-preview:-1\" \/>\n<link rel=\"canonical\" href=\"https:\/\/www.welovecycling.com\/hu\/edzes-es-eletmod\/rutin-bringatakaritas-lepesrol-lepesre\/\" \/>\n<meta property=\"og:locale\" content=\"hu_HU\" \/>\n<meta property=\"og:type\" content=\"article\" \/>\n<meta property=\"og:title\" content=\"Rutin-bringatakar\u00edt\u00e1s l\u00e9p\u00e9sr\u0151l l\u00e9p\u00e9sre\" \/>\n<meta property=\"og:description\" content=\"Eml\u00e9kszel m\u00e9g, milyen vid\u00e1man csillogott \u00e9s milyen sz\u00e9pen sz\u00e1guldott alattad a bring\u00e1d, amikor elhoztad a boltb\u00f3l? Valami ilyesmi \u00e1llapotot szeretn\u00e9nk \u00fajra el\u00e9rni!\" \/>\n<meta property=\"og:url\" content=\"https:\/\/www.welovecycling.com\/hu\/edzes-es-eletmod\/rutin-bringatakaritas-lepesrol-lepesre\/\" \/>\n<meta property=\"og:site_name\" content=\"\u0160koda We Love Cycling - Magyarorsz\u00e1g\" \/>\n<meta property=\"article:publisher\" content=\"https:\/\/www.facebook.com\/WeLoveCyclingHungary\/\" \/>\n<meta property=\"article:published_time\" content=\"2022-03-31T06:00:28+00:00\" \/>\n<meta property=\"og:image\" content=\"https:\/\/d2p6e6u75xmxt8.cloudfront.net\/12\/2022\/03\/Washing-your-bike_0.jpg\" \/>\n\t<meta property=\"og:image:width\" content=\"1000\" \/>\n\t<meta property=\"og:image:height\" content=\"667\" \/>\n\t<meta property=\"og:image:type\" content=\"image\/jpeg\" \/>\n<meta name=\"author\" content=\"hegyizs\" \/>\n<meta name=\"twitter:card\" content=\"summary_large_image\" \/>\n<meta name=\"twitter:label1\" content=\"Written by\" \/>\n\t<meta name=\"twitter:data1\" content=\"WLC\" \/>\n\t<meta name=\"twitter:label2\" content=\"Est. reading time\" \/>\n\t<meta name=\"twitter:data2\" content=\"3 minutes\" \/>\n<script type=\"application\/ld+json\" class=\"yoast-schema-graph\">{\"@context\":\"https:\/\/schema.org\",\"@graph\":[{\"@type\":\"WebPage\",\"@id\":\"https:\/\/www.welovecycling.com\/hu\/edzes-es-eletmod\/rutin-bringatakaritas-lepesrol-lepesre\/\",\"url\":\"https:\/\/www.welovecycling.com\/hu\/edzes-es-eletmod\/rutin-bringatakaritas-lepesrol-lepesre\/\",\"name\":\"Rutin-bringatakar\u00edt\u00e1s l\u00e9p\u00e9sr\u0151l l\u00e9p\u00e9sre\",\"isPartOf\":{\"@id\":\"https:\/\/www.welovecycling.com\/hu\/#website\"},\"primaryImageOfPage\":{\"@id\":\"https:\/\/www.welovecycling.com\/hu\/edzes-es-eletmod\/rutin-bringatakaritas-lepesrol-lepesre\/#primaryimage\"},\"image\":{\"@id\":\"https:\/\/www.welovecycling.com\/hu\/edzes-es-eletmod\/rutin-bringatakaritas-lepesrol-lepesre\/#primaryimage\"},\"thumbnailUrl\":\"https:\/\/d2p6e6u75xmxt8.cloudfront.net\/12\/2022\/03\/Washing-your-bike_0.jpg\",\"datePublished\":\"2022-03-31T06:00:28+00:00\",\"author\":{\"@id\":\"https:\/\/www.welovecycling.com\/hu\/#\/schema\/person\/414a2aebf1801691a5320edb6468e194\"},\"description\":\"Eml\u00e9kszel m\u00e9g, milyen vid\u00e1man csillogott \u00e9s milyen sz\u00e9pen sz\u00e1guldott alattad a bring\u00e1d, amikor elhoztad a boltb\u00f3l? Valami ilyesmi \u00e1llapotot szeretn\u00e9nk \u00fajra el\u00e9rni!\",\"breadcrumb\":{\"@id\":\"https:\/\/www.welovecycling.com\/hu\/edzes-es-eletmod\/rutin-bringatakaritas-lepesrol-lepesre\/#breadcrumb\"},\"inLanguage\":\"hu\",\"potentialAction\":[{\"@type\":\"ReadAction\",\"target\":[\"https:\/\/www.welovecycling.com\/hu\/edzes-es-eletmod\/rutin-bringatakaritas-lepesrol-lepesre\/\"]}]},{\"@type\":\"ImageObject\",\"inLanguage\":\"hu\",\"@id\":\"https:\/\/www.welovecycling.com\/hu\/edzes-es-eletmod\/rutin-bringatakaritas-lepesrol-lepesre\/#primaryimage\",\"url\":\"https:\/\/d2p6e6u75xmxt8.cloudfront.net\/12\/2022\/03\/Washing-your-bike_0.jpg\",\"contentUrl\":\"https:\/\/d2p6e6u75xmxt8.cloudfront.net\/12\/2022\/03\/Washing-your-bike_0.jpg\",\"width\":1000,\"height\":667},{\"@type\":\"BreadcrumbList\",\"@id\":\"https:\/\/www.welovecycling.com\/hu\/edzes-es-eletmod\/rutin-bringatakaritas-lepesrol-lepesre\/#breadcrumb\",\"itemListElement\":[{\"@type\":\"ListItem\",\"position\":1,\"name\":\"Home\",\"item\":\"https:\/\/www.welovecycling.com\/hu\/\"},{\"@type\":\"ListItem\",\"position\":2,\"name\":\"Rutin-bringatakar\u00edt\u00e1s l\u00e9p\u00e9sr\u0151l l\u00e9p\u00e9sre\"}]},{\"@type\":\"WebSite\",\"@id\":\"https:\/\/www.welovecycling.com\/hu\/#website\",\"url\":\"https:\/\/www.welovecycling.com\/hu\/\",\"name\":\"\u0160koda We Love Cycling - Magyarorsz\u00e1g\",\"description\":\"\u0160koda WeLoveCycling\",\"potentialAction\":[{\"@type\":\"SearchAction\",\"target\":{\"@type\":\"EntryPoint\",\"urlTemplate\":\"https:\/\/www.welovecycling.com\/hu\/?s={search_term_string}\"},\"query-input\":{\"@type\":\"PropertyValueSpecification\",\"valueRequired\":true,\"valueName\":\"search_term_string\"}}],\"inLanguage\":\"hu\"},{\"@type\":\"Person\",\"@id\":\"https:\/\/www.welovecycling.com\/hu\/#\/schema\/person\/414a2aebf1801691a5320edb6468e194\",\"name\":\"hegyizs\",\"image\":{\"@type\":\"ImageObject\",\"inLanguage\":\"hu\",\"@id\":\"https:\/\/www.welovecycling.com\/hu\/#\/schema\/person\/image\/\",\"url\":\"https:\/\/secure.gravatar.com\/avatar\/02cf8a7906b8cf90cecb4679defac7cfd33a1c2e3b88e4903d947f3bb58eedd3?s=96&d=mm&r=g\",\"contentUrl\":\"https:\/\/secure.gravatar.com\/avatar\/02cf8a7906b8cf90cecb4679defac7cfd33a1c2e3b88e4903d947f3bb58eedd3?s=96&d=mm&r=g\",\"caption\":\"hegyizs\"},\"url\":\"https:\/\/www.welovecycling.com\/hu\/author\/hegyizs\/\"}]}<\/script>\n<!-- \/ Yoast SEO Premium plugin. -->","yoast_head_json":{"title":"Rutin-bringatakar\u00edt\u00e1s l\u00e9p\u00e9sr\u0151l l\u00e9p\u00e9sre","description":"Eml\u00e9kszel m\u00e9g, milyen vid\u00e1man csillogott \u00e9s milyen sz\u00e9pen sz\u00e1guldott alattad a bring\u00e1d, amikor elhoztad a boltb\u00f3l? Valami ilyesmi \u00e1llapotot szeretn\u00e9nk \u00fajra el\u00e9rni!","robots":{"index":"index","follow":"follow","max-snippet":"max-snippet:-1","max-image-preview":"max-image-preview:large","max-video-preview":"max-video-preview:-1"},"canonical":"https:\/\/www.welovecycling.com\/hu\/edzes-es-eletmod\/rutin-bringatakaritas-lepesrol-lepesre\/","og_locale":"hu_HU","og_type":"article","og_title":"Rutin-bringatakar\u00edt\u00e1s l\u00e9p\u00e9sr\u0151l l\u00e9p\u00e9sre","og_description":"Eml\u00e9kszel m\u00e9g, milyen vid\u00e1man csillogott \u00e9s milyen sz\u00e9pen sz\u00e1guldott alattad a bring\u00e1d, amikor elhoztad a boltb\u00f3l? Valami ilyesmi \u00e1llapotot szeretn\u00e9nk \u00fajra el\u00e9rni!","og_url":"https:\/\/www.welovecycling.com\/hu\/edzes-es-eletmod\/rutin-bringatakaritas-lepesrol-lepesre\/","og_site_name":"\u0160koda We Love Cycling - Magyarorsz\u00e1g","article_publisher":"https:\/\/www.facebook.com\/WeLoveCyclingHungary\/","article_published_time":"2022-03-31T06:00:28+00:00","og_image":[{"width":1000,"height":667,"url":"https:\/\/d2p6e6u75xmxt8.cloudfront.net\/12\/2022\/03\/Washing-your-bike_0.jpg","type":"image\/jpeg"}],"author":"hegyizs","twitter_card":"summary_large_image","twitter_misc":{"Written by":"WLC","Est. reading time":"3 minutes"},"schema":{"@context":"https:\/\/schema.org","@graph":[{"@type":"WebPage","@id":"https:\/\/www.welovecycling.com\/hu\/edzes-es-eletmod\/rutin-bringatakaritas-lepesrol-lepesre\/","url":"https:\/\/www.welovecycling.com\/hu\/edzes-es-eletmod\/rutin-bringatakaritas-lepesrol-lepesre\/","name":"Rutin-bringatakar\u00edt\u00e1s l\u00e9p\u00e9sr\u0151l l\u00e9p\u00e9sre","isPartOf":{"@id":"https:\/\/www.welovecycling.com\/hu\/#website"},"primaryImageOfPage":{"@id":"https:\/\/www.welovecycling.com\/hu\/edzes-es-eletmod\/rutin-bringatakaritas-lepesrol-lepesre\/#primaryimage"},"image":{"@id":"https:\/\/www.welovecycling.com\/hu\/edzes-es-eletmod\/rutin-bringatakaritas-lepesrol-lepesre\/#primaryimage"},"thumbnailUrl":"https:\/\/d2p6e6u75xmxt8.cloudfront.net\/12\/2022\/03\/Washing-your-bike_0.jpg","datePublished":"2022-03-31T06:00:28+00:00","author":{"@id":"https:\/\/www.welovecycling.com\/hu\/#\/schema\/person\/414a2aebf1801691a5320edb6468e194"},"description":"Eml\u00e9kszel m\u00e9g, milyen vid\u00e1man csillogott \u00e9s milyen sz\u00e9pen sz\u00e1guldott alattad a bring\u00e1d, amikor elhoztad a boltb\u00f3l? Valami ilyesmi \u00e1llapotot szeretn\u00e9nk \u00fajra el\u00e9rni!","breadcrumb":{"@id":"https:\/\/www.welovecycling.com\/hu\/edzes-es-eletmod\/rutin-bringatakaritas-lepesrol-lepesre\/#breadcrumb"},"inLanguage":"hu","potentialAction":[{"@type":"ReadAction","target":["https:\/\/www.welovecycling.com\/hu\/edzes-es-eletmod\/rutin-bringatakaritas-lepesrol-lepesre\/"]}]},{"@type":"ImageObject","inLanguage":"hu","@id":"https:\/\/www.welovecycling.com\/hu\/edzes-es-eletmod\/rutin-bringatakaritas-lepesrol-lepesre\/#primaryimage","url":"https:\/\/d2p6e6u75xmxt8.cloudfront.net\/12\/2022\/03\/Washing-your-bike_0.jpg","contentUrl":"https:\/\/d2p6e6u75xmxt8.cloudfront.net\/12\/2022\/03\/Washing-your-bike_0.jpg","width":1000,"height":667},{"@type":"BreadcrumbList","@id":"https:\/\/www.welovecycling.com\/hu\/edzes-es-eletmod\/rutin-bringatakaritas-lepesrol-lepesre\/#breadcrumb","itemListElement":[{"@type":"ListItem","position":1,"name":"Home","item":"https:\/\/www.welovecycling.com\/hu\/"},{"@type":"ListItem","position":2,"name":"Rutin-bringatakar\u00edt\u00e1s l\u00e9p\u00e9sr\u0151l l\u00e9p\u00e9sre"}]},{"@type":"WebSite","@id":"https:\/\/www.welovecycling.com\/hu\/#website","url":"https:\/\/www.welovecycling.com\/hu\/","name":"\u0160koda We Love Cycling - Magyarorsz\u00e1g","description":"\u0160koda WeLoveCycling","potentialAction":[{"@type":"SearchAction","target":{"@type":"EntryPoint","urlTemplate":"https:\/\/www.welovecycling.com\/hu\/?s={search_term_string}"},"query-input":{"@type":"PropertyValueSpecification","valueRequired":true,"valueName":"search_term_string"}}],"inLanguage":"hu"},{"@type":"Person","@id":"https:\/\/www.welovecycling.com\/hu\/#\/schema\/person\/414a2aebf1801691a5320edb6468e194","name":"hegyizs","image":{"@type":"ImageObject","inLanguage":"hu","@id":"https:\/\/www.welovecycling.com\/hu\/#\/schema\/person\/image\/","url":"https:\/\/secure.gravatar.com\/avatar\/02cf8a7906b8cf90cecb4679defac7cfd33a1c2e3b88e4903d947f3bb58eedd3?s=96&d=mm&r=g","contentUrl":"https:\/\/secure.gravatar.com\/avatar\/02cf8a7906b8cf90cecb4679defac7cfd33a1c2e3b88e4903d947f3bb58eedd3?s=96&d=mm&r=g","caption":"hegyizs"},"url":"https:\/\/www.welovecycling.com\/hu\/author\/hegyizs\/"}]}},"_links":{"self":[{"href":"https:\/\/www.welovecycling.com\/hu\/wp-json\/wp\/v2\/posts\/13917","targetHints":{"allow":["GET"]}}],"collection":[{"href":"https:\/\/www.welovecycling.com\/hu\/wp-json\/wp\/v2\/posts"}],"about":[{"href":"https:\/\/www.welovecycling.com\/hu\/wp-json\/wp\/v2\/types\/post"}],"author":[{"embeddable":true,"href":"https:\/\/www.welovecycling.com\/hu\/wp-json\/wp\/v2\/users\/71"}],"replies":[{"embeddable":true,"href":"https:\/\/www.welovecycling.com\/hu\/wp-json\/wp\/v2\/comments?post=13917"}],"version-history":[{"count":2,"href":"https:\/\/www.welovecycling.com\/hu\/wp-json\/wp\/v2\/posts\/13917\/revisions"}],"predecessor-version":[{"id":13924,"href":"https:\/\/www.welovecycling.com\/hu\/wp-json\/wp\/v2\/posts\/13917\/revisions\/13924"}],"wp:featuredmedia":[{"embeddable":true,"href":"https:\/\/www.welovecycling.com\/hu\/wp-json\/wp\/v2\/media\/13919"}],"wp:attachment":[{"href":"https:\/\/www.welovecycling.com\/hu\/wp-json\/wp\/v2\/media?parent=13917"}],"wp:term":[{"taxonomy":"category","embeddable":true,"href":"https:\/\/www.welovecycling.com\/hu\/wp-json\/wp\/v2\/categories?post=13917"},{"taxonomy":"post_tag","embeddable":true,"href":"https:\/\/www.welovecycling.com\/hu\/wp-json\/wp\/v2\/tags?post=13917"},{"taxonomy":"global-categories","embeddable":true,"href":"https:\/\/www.welovecycling.com\/hu\/wp-json\/wp\/v2\/global-categories?post=13917"}],"curies":[{"name":"wp","href":"https:\/\/api.w.org\/{rel}","templated":true}]}}