{"id":13912,"date":"2022-03-27T08:00:49","date_gmt":"2022-03-27T06:00:49","guid":{"rendered":"https:\/\/www.welovecycling.com\/hu\/?p=13912"},"modified":"2022-03-25T17:17:30","modified_gmt":"2022-03-25T15:17:30","slug":"pogacar-labai-elott-a-vilag-hihetetlen-amit-muvel-o-a-bajnokok-bajnoka-az-uj-merckx","status":"publish","type":"post","link":"https:\/\/www.welovecycling.com\/hu\/orszaguti-kerekpar\/pogacar-labai-elott-a-vilag-hihetetlen-amit-muvel-o-a-bajnokok-bajnoka-az-uj-merckx\/","title":{"rendered":"Pogacar l\u00e1bai el\u0151tt a vil\u00e1g: \u201eHihetetlen, amit m\u0171vel; \u0151 a bajnokok bajnoka, az \u00faj Merckx!\u201d"},"content":{"rendered":"<p><strong>A m\u00e9g mindig csak 23 \u00e9ves szlov\u00e9n zseni h\u00e1romb\u00f3l h\u00e1rom \u00e9lm\u00e9nysz\u00e1mba men\u0151 gy\u0151zelemmel ind\u00edtotta az \u00e9vet, a legnagyobb ikonok, Eddy Merckx \u00e9s Bradley Wiggins is csak \u00e1muldoznak \u00e9s \u00e1radoznak.<\/strong><!--more--><\/p>\n<p><em>\u201eSosem gondoltam magamr\u00f3l, hogy legy\u0151zhetetlen vagyok<\/em>\u201d \u2013 nyilatkozta nemr\u00e9giben Tadej Poga\u010dar egy riporteri k\u00e9rd\u00e9sre. Ami persze nem v\u00e9letlen\u00fcl hangzott el: a szlov\u00e9n zseni lassan ahol csak elindul, mindent megnyer.<\/p>\n<p>Az idei napt\u00e1ri \u00e9vben p\u00e9ld\u00e1ul h\u00e1romb\u00f3l h\u00e1rom gy\u0151zelemmel kezdett, \u00e9s nem is kis gy\u0151zelmekkel: csapata \u201eh\u00e1ziverseny\u00e9n\u201d, az Em\u00edrs\u00e9gek k\u00f6rverseny\u00e9n hozta a k\u00f6telez\u0151 c\u00edmv\u00e9d\u00e9st, ezt k\u00f6vet\u0151en a Valter Attila szenz\u00e1ci\u00f3s teljes\u00edtm\u00e9ny\u00e9r\u0151l is eml\u00e9kezetes Strade Bianche egynapos\u00e1n demonstr\u00e1lt er\u0151t 50 km-es sz\u00f6kev\u00e9nysiker\u00e9vel, majd a Tirreno-Adriatic\u00f3t is k\u00e9tperces el\u0151nnyel h\u00fazta be.<\/p>\n<figure id=\"attachment_13914\" aria-describedby=\"caption-attachment-13914\" style=\"width: 1024px\" class=\"wp-caption alignnone\"><a href=\"https:\/\/d2p6e6u75xmxt8.cloudfront.net\/12\/2022\/03\/Luca-Bettini-SprintCyclingAgency.jpg\"><img loading=\"lazy\" decoding=\"async\" class=\"size-large wp-image-13914\" src=\"https:\/\/d2p6e6u75xmxt8.cloudfront.net\/12\/2022\/03\/Luca-Bettini-SprintCyclingAgency-1024x683.jpg\" alt=\"\" width=\"1024\" height=\"683\" srcset=\"https:\/\/d2p6e6u75xmxt8.cloudfront.net\/12\/2022\/03\/Luca-Bettini-SprintCyclingAgency-1024x683.jpg 1024w, https:\/\/d2p6e6u75xmxt8.cloudfront.net\/12\/2022\/03\/Luca-Bettini-SprintCyclingAgency-300x200.jpg 300w, https:\/\/d2p6e6u75xmxt8.cloudfront.net\/12\/2022\/03\/Luca-Bettini-SprintCyclingAgency-768x512.jpg 768w, https:\/\/d2p6e6u75xmxt8.cloudfront.net\/12\/2022\/03\/Luca-Bettini-SprintCyclingAgency-1536x1024.jpg 1536w, https:\/\/d2p6e6u75xmxt8.cloudfront.net\/12\/2022\/03\/Luca-Bettini-SprintCyclingAgency-272x182.jpg 272w, https:\/\/d2p6e6u75xmxt8.cloudfront.net\/12\/2022\/03\/Luca-Bettini-SprintCyclingAgency.jpg 1620w\" sizes=\"auto, (max-width: 1024px) 100vw, 1024px\" \/><\/a><figcaption id=\"caption-attachment-13914\" class=\"wp-caption-text\">Szok\u00e1sos helyzetk\u00e9p: Pogacar h\u00e1t\u00e1t n\u00e9zi a mez\u0151ny (am\u00edg l\u00e1tja) \u2013 t\u00f6bbek k\u00f6z\u00f6tt a Strade Bianch\u00e9n is. (fot\u00f3: Luca Bettini\/SprintCyclingAgency)<\/figcaption><\/figure>\n<p>Nem csoda, hogy mindenki szuperlat\u00edvuszokat zeng r\u00f3la \u2013 Poga\u010dar r\u00e1ad\u00e1sul olyan ikonok elismer\u00e9s\u00e9t is ki\u00e9rdemelte, akik nem m\u00e9rik b\u0151kez\u0171en a dics\u00e9reteket. Bradley Wiggins p\u00e9ld\u00e1ul egy\u00e1ltal\u00e1n nem is pr\u00f3b\u00e1lta visszafogni a v\u00e9lem\u00e9ny\u00e9t, a maga saj\u00e1tos, sz\u00f3kimond\u00f3 st\u00edlus\u00e1ban egyenesen \u201ek*ra hihetetlennek\u201d nevezte, amit a szlov\u00e9n rak\u00e9ta m\u0171vel, Eddy Merckx pedig az olasz Campionissimo fokoz\u00f3 kifejez\u00e9st haszn\u00e1lta, ami nagyj\u00e1b\u00f3l a bajnokok bajnok\u00e1nak felel meg magyarul, \u00e9s anno a legend\u00e1s olasz du\u00f3ra, Fausto Coppira \u00e9s Gino Bartalira haszn\u00e1lt\u00e1k legink\u00e1bb. Wiggins egyenesen Bartalihoz hasonl\u00edtotta Poga\u010dart, amin\u00e9l nagyobb megtiszteltet\u00e9st nem nagyon lehetne elk\u00e9pzelni. <em>\u201eSosem l\u00e1ttam m\u00e9g testk\u00f6zelb\u0151l hozz\u00e1 hasonl\u00f3 versenyz\u0151t \u2013 a hatvanas \u00e9vek v\u00e9gi egyeduralkod\u00f3 Merckxre eml\u00e9keztet, annyira domin\u00e1ns\u201d<\/em> \u2013 mondta az Eurosport szak\u00e9rt\u0151jek\u00e9nt dolgoz\u00f3 \u00f6tsz\u00f6r\u00f6s olimpiai bajnok, Tour de France-gy\u0151ztes Sir Bradley, aki l\u00e1tott m\u00e1r az\u00e9rt egy s m\u00e1st, de Poga\u010dar Strade Bianche-sz\u00f3l\u00f3gy\u0151zelm\u00e9n m\u00e9g \u0151 is teljesen elk\u00e9pedt. Elk\u00e9peszt\u0151nek nevezte, ahogy 50 km-rel a c\u00e9l el\u0151tt fak\u00e9pn\u00e9l hagyta a mez\u0151nyt, \u00e9s a t\u00e1v fennmarad\u00f3 negyed\u00e9t teljesen egyed\u00fcl tekerte v\u00e9gig, 50 km\/\u00f3r\u00e1s sebess\u00e9ggel. <em>\u201eOlyan nagy \u00e9lm\u00e9ny n\u00e9zni m\u00e9g a k\u00eds\u00e9r\u0151motorr\u00f3l is a versenyz\u00e9s\u00e9t, hogy egyszer\u0171en kiv\u00e1lts\u00e1gosnak \u00e9rzem magam t\u0151le!\u201d<\/em><\/p>\n<p>Merckx sem fukarkodott a jelz\u0151kkel, pedig \u0151 azt\u00e1n t\u00e9nyleg nem az az agyondics\u00e9r\u0151s fajta (szeg\u00e9ny Remco Evenepoel tudna mes\u00e9lni). Minden id\u0151k tal\u00e1n legjobbja a k\u00f6vetkez\u0151k\u00e9ppen jellemezte Poga\u010dart: <em>\u201eEgyre nehezebb megtal\u00e1lni a megfelel\u0151 sz\u00f3t arra, amit ez az ifj\u00fa sr\u00e1c m\u0171vel. Ha arra gondolunk, hogy m\u00e9g mindig csak 23 \u00e9ves, hihetetlen, hogy mire k\u00e9pes. Megfigyelhet\u0151 egyfajta tendencia, hogy manaps\u00e1g m\u00e1r egyre fiatalabbak a gy\u0151ztesek, de amit \u0151 csin\u00e1l, az teljesen egyed\u00fcl\u00e1ll\u00f3.\u201d<\/em><\/p>\n<figure id=\"attachment_13915\" aria-describedby=\"caption-attachment-13915\" style=\"width: 1024px\" class=\"wp-caption alignnone\"><a href=\"https:\/\/d2p6e6u75xmxt8.cloudfront.net\/12\/2022\/03\/IMG-20181101-WA0010-1200x798_1600x.jpg\"><img loading=\"lazy\" decoding=\"async\" class=\"size-large wp-image-13915\" src=\"https:\/\/d2p6e6u75xmxt8.cloudfront.net\/12\/2022\/03\/IMG-20181101-WA0010-1200x798_1600x-1024x681.jpg\" alt=\"\" width=\"1024\" height=\"681\" srcset=\"https:\/\/d2p6e6u75xmxt8.cloudfront.net\/12\/2022\/03\/IMG-20181101-WA0010-1200x798_1600x-1024x681.jpg 1024w, https:\/\/d2p6e6u75xmxt8.cloudfront.net\/12\/2022\/03\/IMG-20181101-WA0010-1200x798_1600x-300x200.jpg 300w, https:\/\/d2p6e6u75xmxt8.cloudfront.net\/12\/2022\/03\/IMG-20181101-WA0010-1200x798_1600x-768x511.jpg 768w, https:\/\/d2p6e6u75xmxt8.cloudfront.net\/12\/2022\/03\/IMG-20181101-WA0010-1200x798_1600x-272x182.jpg 272w, https:\/\/d2p6e6u75xmxt8.cloudfront.net\/12\/2022\/03\/IMG-20181101-WA0010-1200x798_1600x.jpg 1200w\" sizes=\"auto, (max-width: 1024px) 100vw, 1024px\" \/><\/a><figcaption id=\"caption-attachment-13915\" class=\"wp-caption-text\">Sir Bradley Wiggins \u00e9s Eddy Merckx is csak tapsol Poga\u010dar emberfeletti teljes\u00edtm\u00e9nye l\u00e1tt\u00e1n (fot\u00f3: roleur.cc)<\/figcaption><\/figure>\n<p>Poga\u010dar dominanci\u00e1j\u00e1r\u00f3l sokat elmond, hogy kis t\u00falz\u00e1ssal m\u00e1r a riv\u00e1lisok is csak a csod\u00e1ban b\u00edznak azokon a versenyeken, ahol \u0151 rajthoz \u00e1ll; Evenepoel p\u00e9ld\u00e1ul a Mil\u00e1n\u00f3\u2013Sanremo el\u0151tt kerek-perec kijelentette, csak akkor lehet es\u00e9lye, ha Poga\u010dar nagyon rossz napot fog ki.<\/p>\n<p>Ezek f\u00e9ny\u00e9ben v\u00e9gk\u00e9pp nem sok j\u00f3val kecsegtet az ellenfelek sz\u00e1m\u00e1ra, hogy az Emirates klasszisa saj\u00e1t bevall\u00e1sa szerint m\u00e1r most sincs messze a Tour de France-form\u00e1j\u00e1t\u00f3l \u2013 \u00e9s addig h\u00e1tra van m\u00e9g h\u00e1rom \u00e9s f\u00e9l h\u00f3nap!<\/p>\n","protected":false},"excerpt":{"rendered":"<p>A m\u00e9g mindig csak 23 \u00e9ves szlov\u00e9n zseni h\u00e1romb\u00f3l h\u00e1rom \u00e9lm\u00e9nysz\u00e1mba men\u0151 gy\u0151zelemmel ind\u00edtotta az \u00e9vet, a legnagyobb ikonok, Eddy [&hellip;]<\/p>\n","protected":false},"author":71,"featured_media":13913,"comment_status":"open","ping_status":"open","sticky":false,"template":"","format":"standard","meta":{"footnotes":""},"categories":[8],"tags":[],"global-categories":[],"class_list":["post-13912","post","type-post","status-publish","format-standard","has-post-thumbnail","hentry","category-orszaguti-kerekpar"],"yoast_head":"<!-- This site is optimized with the Yoast SEO Premium plugin v25.3 (Yoast SEO v25.9) - https:\/\/yoast.com\/wordpress\/plugins\/seo\/ -->\n<title>Pogacar l\u00e1bai el\u0151tt a vil\u00e1g: \u201eHihetetlen, amit m\u0171vel; \u0151 a bajnokok bajnoka, az \u00faj Merckx!\u201d<\/title>\n<meta name=\"description\" content=\"A m\u00e9g mindig csak 23 \u00e9ves szlov\u00e9n zseni h\u00e1romb\u00f3l h\u00e1rom \u00e9lm\u00e9nysz\u00e1mba men\u0151 gy\u0151zelemmel ind\u00edtotta az \u00e9vet, a legnagyobb ikonok, Eddy Merckx \u00e9s Bradley Wiggins is csak \u00e1muldoznak \u00e9s \u00e1radoznak.\" \/>\n<meta name=\"robots\" content=\"index, follow, max-snippet:-1, max-image-preview:large, max-video-preview:-1\" \/>\n<link rel=\"canonical\" href=\"https:\/\/www.welovecycling.com\/hu\/orszaguti-kerekpar\/pogacar-labai-elott-a-vilag-hihetetlen-amit-muvel-o-a-bajnokok-bajnoka-az-uj-merckx\/\" \/>\n<meta property=\"og:locale\" content=\"hu_HU\" \/>\n<meta property=\"og:type\" content=\"article\" \/>\n<meta property=\"og:title\" content=\"Pogacar l\u00e1bai el\u0151tt a vil\u00e1g: \u201eHihetetlen, amit m\u0171vel; \u0151 a bajnokok bajnoka, az \u00faj Merckx!\u201d\" \/>\n<meta property=\"og:description\" content=\"A m\u00e9g mindig csak 23 \u00e9ves szlov\u00e9n zseni h\u00e1romb\u00f3l h\u00e1rom \u00e9lm\u00e9nysz\u00e1mba men\u0151 gy\u0151zelemmel ind\u00edtotta az \u00e9vet, a legnagyobb ikonok, Eddy Merckx \u00e9s Bradley Wiggins is csak \u00e1muldoznak \u00e9s \u00e1radoznak.\" \/>\n<meta property=\"og:url\" content=\"https:\/\/www.welovecycling.com\/hu\/orszaguti-kerekpar\/pogacar-labai-elott-a-vilag-hihetetlen-amit-muvel-o-a-bajnokok-bajnoka-az-uj-merckx\/\" \/>\n<meta property=\"og:site_name\" content=\"\u0160koda We Love Cycling - Magyarorsz\u00e1g\" \/>\n<meta property=\"article:publisher\" content=\"https:\/\/www.facebook.com\/WeLoveCyclingHungary\/\" \/>\n<meta property=\"article:published_time\" content=\"2022-03-27T06:00:49+00:00\" \/>\n<meta property=\"og:image\" content=\"https:\/\/d2p6e6u75xmxt8.cloudfront.net\/12\/2022\/03\/SportidaTour-of-Slovenia.jpg\" \/>\n\t<meta property=\"og:image:width\" content=\"1618\" \/>\n\t<meta property=\"og:image:height\" content=\"1080\" \/>\n\t<meta property=\"og:image:type\" content=\"image\/jpeg\" \/>\n<meta name=\"author\" content=\"hegyizs\" \/>\n<meta name=\"twitter:card\" content=\"summary_large_image\" \/>\n<meta name=\"twitter:label1\" content=\"Written by\" \/>\n\t<meta name=\"twitter:data1\" content=\"WLC\" \/>\n\t<meta name=\"twitter:label2\" content=\"Est. reading time\" \/>\n\t<meta name=\"twitter:data2\" content=\"3 minutes\" \/>\n<script type=\"application\/ld+json\" class=\"yoast-schema-graph\">{\"@context\":\"https:\/\/schema.org\",\"@graph\":[{\"@type\":\"WebPage\",\"@id\":\"https:\/\/www.welovecycling.com\/hu\/orszaguti-kerekpar\/pogacar-labai-elott-a-vilag-hihetetlen-amit-muvel-o-a-bajnokok-bajnoka-az-uj-merckx\/\",\"url\":\"https:\/\/www.welovecycling.com\/hu\/orszaguti-kerekpar\/pogacar-labai-elott-a-vilag-hihetetlen-amit-muvel-o-a-bajnokok-bajnoka-az-uj-merckx\/\",\"name\":\"Pogacar l\u00e1bai el\u0151tt a vil\u00e1g: \u201eHihetetlen, amit m\u0171vel; \u0151 a bajnokok bajnoka, az \u00faj Merckx!\u201d\",\"isPartOf\":{\"@id\":\"https:\/\/www.welovecycling.com\/hu\/#website\"},\"primaryImageOfPage\":{\"@id\":\"https:\/\/www.welovecycling.com\/hu\/orszaguti-kerekpar\/pogacar-labai-elott-a-vilag-hihetetlen-amit-muvel-o-a-bajnokok-bajnoka-az-uj-merckx\/#primaryimage\"},\"image\":{\"@id\":\"https:\/\/www.welovecycling.com\/hu\/orszaguti-kerekpar\/pogacar-labai-elott-a-vilag-hihetetlen-amit-muvel-o-a-bajnokok-bajnoka-az-uj-merckx\/#primaryimage\"},\"thumbnailUrl\":\"https:\/\/d2p6e6u75xmxt8.cloudfront.net\/12\/2022\/03\/SportidaTour-of-Slovenia.jpg\",\"datePublished\":\"2022-03-27T06:00:49+00:00\",\"author\":{\"@id\":\"https:\/\/www.welovecycling.com\/hu\/#\/schema\/person\/414a2aebf1801691a5320edb6468e194\"},\"description\":\"A m\u00e9g mindig csak 23 \u00e9ves szlov\u00e9n zseni h\u00e1romb\u00f3l h\u00e1rom \u00e9lm\u00e9nysz\u00e1mba men\u0151 gy\u0151zelemmel ind\u00edtotta az \u00e9vet, a legnagyobb ikonok, Eddy Merckx \u00e9s Bradley Wiggins is csak \u00e1muldoznak \u00e9s \u00e1radoznak.\",\"breadcrumb\":{\"@id\":\"https:\/\/www.welovecycling.com\/hu\/orszaguti-kerekpar\/pogacar-labai-elott-a-vilag-hihetetlen-amit-muvel-o-a-bajnokok-bajnoka-az-uj-merckx\/#breadcrumb\"},\"inLanguage\":\"hu\",\"potentialAction\":[{\"@type\":\"ReadAction\",\"target\":[\"https:\/\/www.welovecycling.com\/hu\/orszaguti-kerekpar\/pogacar-labai-elott-a-vilag-hihetetlen-amit-muvel-o-a-bajnokok-bajnoka-az-uj-merckx\/\"]}]},{\"@type\":\"ImageObject\",\"inLanguage\":\"hu\",\"@id\":\"https:\/\/www.welovecycling.com\/hu\/orszaguti-kerekpar\/pogacar-labai-elott-a-vilag-hihetetlen-amit-muvel-o-a-bajnokok-bajnoka-az-uj-merckx\/#primaryimage\",\"url\":\"https:\/\/d2p6e6u75xmxt8.cloudfront.net\/12\/2022\/03\/SportidaTour-of-Slovenia.jpg\",\"contentUrl\":\"https:\/\/d2p6e6u75xmxt8.cloudfront.net\/12\/2022\/03\/SportidaTour-of-Slovenia.jpg\",\"width\":1618,\"height\":1080,\"caption\":\"Tadej POGACAR of UAE TEAM EMIRATES celebrate victory during 2nd Stage of 27th Tour of Slovenia 2021 cycling race between Zalec and Celje (147 km), on June 10, 2021 in Slovenia. Photo by Matic Klansek Velej \/ Sportida\"},{\"@type\":\"BreadcrumbList\",\"@id\":\"https:\/\/www.welovecycling.com\/hu\/orszaguti-kerekpar\/pogacar-labai-elott-a-vilag-hihetetlen-amit-muvel-o-a-bajnokok-bajnoka-az-uj-merckx\/#breadcrumb\",\"itemListElement\":[{\"@type\":\"ListItem\",\"position\":1,\"name\":\"Home\",\"item\":\"https:\/\/www.welovecycling.com\/hu\/\"},{\"@type\":\"ListItem\",\"position\":2,\"name\":\"Pogacar l\u00e1bai el\u0151tt a vil\u00e1g: \u201eHihetetlen, amit m\u0171vel; \u0151 a bajnokok bajnoka, az \u00faj Merckx!\u201d\"}]},{\"@type\":\"WebSite\",\"@id\":\"https:\/\/www.welovecycling.com\/hu\/#website\",\"url\":\"https:\/\/www.welovecycling.com\/hu\/\",\"name\":\"\u0160koda We Love Cycling - Magyarorsz\u00e1g\",\"description\":\"\u0160koda WeLoveCycling\",\"potentialAction\":[{\"@type\":\"SearchAction\",\"target\":{\"@type\":\"EntryPoint\",\"urlTemplate\":\"https:\/\/www.welovecycling.com\/hu\/?s={search_term_string}\"},\"query-input\":{\"@type\":\"PropertyValueSpecification\",\"valueRequired\":true,\"valueName\":\"search_term_string\"}}],\"inLanguage\":\"hu\"},{\"@type\":\"Person\",\"@id\":\"https:\/\/www.welovecycling.com\/hu\/#\/schema\/person\/414a2aebf1801691a5320edb6468e194\",\"name\":\"hegyizs\",\"image\":{\"@type\":\"ImageObject\",\"inLanguage\":\"hu\",\"@id\":\"https:\/\/www.welovecycling.com\/hu\/#\/schema\/person\/image\/\",\"url\":\"https:\/\/secure.gravatar.com\/avatar\/02cf8a7906b8cf90cecb4679defac7cfd33a1c2e3b88e4903d947f3bb58eedd3?s=96&d=mm&r=g\",\"contentUrl\":\"https:\/\/secure.gravatar.com\/avatar\/02cf8a7906b8cf90cecb4679defac7cfd33a1c2e3b88e4903d947f3bb58eedd3?s=96&d=mm&r=g\",\"caption\":\"hegyizs\"},\"url\":\"https:\/\/www.welovecycling.com\/hu\/author\/hegyizs\/\"}]}<\/script>\n<!-- \/ Yoast SEO Premium plugin. -->","yoast_head_json":{"title":"Pogacar l\u00e1bai el\u0151tt a vil\u00e1g: \u201eHihetetlen, amit m\u0171vel; \u0151 a bajnokok bajnoka, az \u00faj Merckx!\u201d","description":"A m\u00e9g mindig csak 23 \u00e9ves szlov\u00e9n zseni h\u00e1romb\u00f3l h\u00e1rom \u00e9lm\u00e9nysz\u00e1mba men\u0151 gy\u0151zelemmel ind\u00edtotta az \u00e9vet, a legnagyobb ikonok, Eddy Merckx \u00e9s Bradley Wiggins is csak \u00e1muldoznak \u00e9s \u00e1radoznak.","robots":{"index":"index","follow":"follow","max-snippet":"max-snippet:-1","max-image-preview":"max-image-preview:large","max-video-preview":"max-video-preview:-1"},"canonical":"https:\/\/www.welovecycling.com\/hu\/orszaguti-kerekpar\/pogacar-labai-elott-a-vilag-hihetetlen-amit-muvel-o-a-bajnokok-bajnoka-az-uj-merckx\/","og_locale":"hu_HU","og_type":"article","og_title":"Pogacar l\u00e1bai el\u0151tt a vil\u00e1g: \u201eHihetetlen, amit m\u0171vel; \u0151 a bajnokok bajnoka, az \u00faj Merckx!\u201d","og_description":"A m\u00e9g mindig csak 23 \u00e9ves szlov\u00e9n zseni h\u00e1romb\u00f3l h\u00e1rom \u00e9lm\u00e9nysz\u00e1mba men\u0151 gy\u0151zelemmel ind\u00edtotta az \u00e9vet, a legnagyobb ikonok, Eddy Merckx \u00e9s Bradley Wiggins is csak \u00e1muldoznak \u00e9s \u00e1radoznak.","og_url":"https:\/\/www.welovecycling.com\/hu\/orszaguti-kerekpar\/pogacar-labai-elott-a-vilag-hihetetlen-amit-muvel-o-a-bajnokok-bajnoka-az-uj-merckx\/","og_site_name":"\u0160koda We Love Cycling - Magyarorsz\u00e1g","article_publisher":"https:\/\/www.facebook.com\/WeLoveCyclingHungary\/","article_published_time":"2022-03-27T06:00:49+00:00","og_image":[{"width":1618,"height":1080,"url":"https:\/\/d2p6e6u75xmxt8.cloudfront.net\/12\/2022\/03\/SportidaTour-of-Slovenia.jpg","type":"image\/jpeg"}],"author":"hegyizs","twitter_card":"summary_large_image","twitter_misc":{"Written by":"WLC","Est. reading time":"3 minutes"},"schema":{"@context":"https:\/\/schema.org","@graph":[{"@type":"WebPage","@id":"https:\/\/www.welovecycling.com\/hu\/orszaguti-kerekpar\/pogacar-labai-elott-a-vilag-hihetetlen-amit-muvel-o-a-bajnokok-bajnoka-az-uj-merckx\/","url":"https:\/\/www.welovecycling.com\/hu\/orszaguti-kerekpar\/pogacar-labai-elott-a-vilag-hihetetlen-amit-muvel-o-a-bajnokok-bajnoka-az-uj-merckx\/","name":"Pogacar l\u00e1bai el\u0151tt a vil\u00e1g: \u201eHihetetlen, amit m\u0171vel; \u0151 a bajnokok bajnoka, az \u00faj Merckx!\u201d","isPartOf":{"@id":"https:\/\/www.welovecycling.com\/hu\/#website"},"primaryImageOfPage":{"@id":"https:\/\/www.welovecycling.com\/hu\/orszaguti-kerekpar\/pogacar-labai-elott-a-vilag-hihetetlen-amit-muvel-o-a-bajnokok-bajnoka-az-uj-merckx\/#primaryimage"},"image":{"@id":"https:\/\/www.welovecycling.com\/hu\/orszaguti-kerekpar\/pogacar-labai-elott-a-vilag-hihetetlen-amit-muvel-o-a-bajnokok-bajnoka-az-uj-merckx\/#primaryimage"},"thumbnailUrl":"https:\/\/d2p6e6u75xmxt8.cloudfront.net\/12\/2022\/03\/SportidaTour-of-Slovenia.jpg","datePublished":"2022-03-27T06:00:49+00:00","author":{"@id":"https:\/\/www.welovecycling.com\/hu\/#\/schema\/person\/414a2aebf1801691a5320edb6468e194"},"description":"A m\u00e9g mindig csak 23 \u00e9ves szlov\u00e9n zseni h\u00e1romb\u00f3l h\u00e1rom \u00e9lm\u00e9nysz\u00e1mba men\u0151 gy\u0151zelemmel ind\u00edtotta az \u00e9vet, a legnagyobb ikonok, Eddy Merckx \u00e9s Bradley Wiggins is csak \u00e1muldoznak \u00e9s \u00e1radoznak.","breadcrumb":{"@id":"https:\/\/www.welovecycling.com\/hu\/orszaguti-kerekpar\/pogacar-labai-elott-a-vilag-hihetetlen-amit-muvel-o-a-bajnokok-bajnoka-az-uj-merckx\/#breadcrumb"},"inLanguage":"hu","potentialAction":[{"@type":"ReadAction","target":["https:\/\/www.welovecycling.com\/hu\/orszaguti-kerekpar\/pogacar-labai-elott-a-vilag-hihetetlen-amit-muvel-o-a-bajnokok-bajnoka-az-uj-merckx\/"]}]},{"@type":"ImageObject","inLanguage":"hu","@id":"https:\/\/www.welovecycling.com\/hu\/orszaguti-kerekpar\/pogacar-labai-elott-a-vilag-hihetetlen-amit-muvel-o-a-bajnokok-bajnoka-az-uj-merckx\/#primaryimage","url":"https:\/\/d2p6e6u75xmxt8.cloudfront.net\/12\/2022\/03\/SportidaTour-of-Slovenia.jpg","contentUrl":"https:\/\/d2p6e6u75xmxt8.cloudfront.net\/12\/2022\/03\/SportidaTour-of-Slovenia.jpg","width":1618,"height":1080,"caption":"Tadej POGACAR of UAE TEAM EMIRATES celebrate victory during 2nd Stage of 27th Tour of Slovenia 2021 cycling race between Zalec and Celje (147 km), on June 10, 2021 in Slovenia. Photo by Matic Klansek Velej \/ Sportida"},{"@type":"BreadcrumbList","@id":"https:\/\/www.welovecycling.com\/hu\/orszaguti-kerekpar\/pogacar-labai-elott-a-vilag-hihetetlen-amit-muvel-o-a-bajnokok-bajnoka-az-uj-merckx\/#breadcrumb","itemListElement":[{"@type":"ListItem","position":1,"name":"Home","item":"https:\/\/www.welovecycling.com\/hu\/"},{"@type":"ListItem","position":2,"name":"Pogacar l\u00e1bai el\u0151tt a vil\u00e1g: \u201eHihetetlen, amit m\u0171vel; \u0151 a bajnokok bajnoka, az \u00faj Merckx!\u201d"}]},{"@type":"WebSite","@id":"https:\/\/www.welovecycling.com\/hu\/#website","url":"https:\/\/www.welovecycling.com\/hu\/","name":"\u0160koda We Love Cycling - Magyarorsz\u00e1g","description":"\u0160koda WeLoveCycling","potentialAction":[{"@type":"SearchAction","target":{"@type":"EntryPoint","urlTemplate":"https:\/\/www.welovecycling.com\/hu\/?s={search_term_string}"},"query-input":{"@type":"PropertyValueSpecification","valueRequired":true,"valueName":"search_term_string"}}],"inLanguage":"hu"},{"@type":"Person","@id":"https:\/\/www.welovecycling.com\/hu\/#\/schema\/person\/414a2aebf1801691a5320edb6468e194","name":"hegyizs","image":{"@type":"ImageObject","inLanguage":"hu","@id":"https:\/\/www.welovecycling.com\/hu\/#\/schema\/person\/image\/","url":"https:\/\/secure.gravatar.com\/avatar\/02cf8a7906b8cf90cecb4679defac7cfd33a1c2e3b88e4903d947f3bb58eedd3?s=96&d=mm&r=g","contentUrl":"https:\/\/secure.gravatar.com\/avatar\/02cf8a7906b8cf90cecb4679defac7cfd33a1c2e3b88e4903d947f3bb58eedd3?s=96&d=mm&r=g","caption":"hegyizs"},"url":"https:\/\/www.welovecycling.com\/hu\/author\/hegyizs\/"}]}},"_links":{"self":[{"href":"https:\/\/www.welovecycling.com\/hu\/wp-json\/wp\/v2\/posts\/13912","targetHints":{"allow":["GET"]}}],"collection":[{"href":"https:\/\/www.welovecycling.com\/hu\/wp-json\/wp\/v2\/posts"}],"about":[{"href":"https:\/\/www.welovecycling.com\/hu\/wp-json\/wp\/v2\/types\/post"}],"author":[{"embeddable":true,"href":"https:\/\/www.welovecycling.com\/hu\/wp-json\/wp\/v2\/users\/71"}],"replies":[{"embeddable":true,"href":"https:\/\/www.welovecycling.com\/hu\/wp-json\/wp\/v2\/comments?post=13912"}],"version-history":[{"count":1,"href":"https:\/\/www.welovecycling.com\/hu\/wp-json\/wp\/v2\/posts\/13912\/revisions"}],"predecessor-version":[{"id":13916,"href":"https:\/\/www.welovecycling.com\/hu\/wp-json\/wp\/v2\/posts\/13912\/revisions\/13916"}],"wp:featuredmedia":[{"embeddable":true,"href":"https:\/\/www.welovecycling.com\/hu\/wp-json\/wp\/v2\/media\/13913"}],"wp:attachment":[{"href":"https:\/\/www.welovecycling.com\/hu\/wp-json\/wp\/v2\/media?parent=13912"}],"wp:term":[{"taxonomy":"category","embeddable":true,"href":"https:\/\/www.welovecycling.com\/hu\/wp-json\/wp\/v2\/categories?post=13912"},{"taxonomy":"post_tag","embeddable":true,"href":"https:\/\/www.welovecycling.com\/hu\/wp-json\/wp\/v2\/tags?post=13912"},{"taxonomy":"global-categories","embeddable":true,"href":"https:\/\/www.welovecycling.com\/hu\/wp-json\/wp\/v2\/global-categories?post=13912"}],"curies":[{"name":"wp","href":"https:\/\/api.w.org\/{rel}","templated":true}]}}