{"id":13898,"date":"2022-04-02T08:00:23","date_gmt":"2022-04-02T06:00:23","guid":{"rendered":"https:\/\/www.welovecycling.com\/hu\/?p=13898"},"modified":"2022-03-25T17:20:46","modified_gmt":"2022-03-25T15:20:46","slug":"itt-a-tavasz-maradj-szaraz-legyel-saras","status":"publish","type":"post","link":"https:\/\/www.welovecycling.com\/hu\/adrenalin\/itt-a-tavasz-maradj-szaraz-legyel-saras\/","title":{"rendered":"Itt a tavasz: maradj sz\u00e1raz, legy\u00e9l saras!"},"content":{"rendered":"<p><strong>A tavaszi id\u0151vel egy\u00fctt j\u00e1r a s\u00e1r \u00e9s a latyak, ami el\u0151szeretettel m\u00e1szik fel a ruh\u00e1dra \u00e9s a bring\u00e1dra \u00e9s k\u00eds\u00e9r el titeket a haza\u00faton. Hogyan birk\u00f3zz meg az \u00e9vszakok v\u00e1ltoz\u00e1saival? N\u00e9zd \u00e1t a ruhat\u00e1rad!<\/strong><!--more--><\/p>\n<h2><strong>Soha nem lehet el\u00e9gg\u00e9 v\u00edz\u00e1ll\u00f3<\/strong><\/h2>\n<p><a href=\"https:\/\/d2p6e6u75xmxt8.cloudfront.net\/2\/2015\/03\/profimedia-0221088738.jpg\"><img loading=\"lazy\" decoding=\"async\" class=\"alignnone size-medium wp-image-13899\" src=\"https:\/\/d2p6e6u75xmxt8.cloudfront.net\/12\/2022\/03\/profimedia-0221088738-768x512.jpg\" alt=\"Portrait of grandparents and granddaughter cycling on wet field against clear sky\" width=\"600\" height=\"400\" srcset=\"https:\/\/d2p6e6u75xmxt8.cloudfront.net\/12\/2022\/03\/profimedia-0221088738-768x512.jpg 768w, https:\/\/d2p6e6u75xmxt8.cloudfront.net\/12\/2022\/03\/profimedia-0221088738-300x200.jpg 300w, https:\/\/d2p6e6u75xmxt8.cloudfront.net\/12\/2022\/03\/profimedia-0221088738-1024x682.jpg 1024w, https:\/\/d2p6e6u75xmxt8.cloudfront.net\/12\/2022\/03\/profimedia-0221088738-272x182.jpg 272w, https:\/\/d2p6e6u75xmxt8.cloudfront.net\/12\/2022\/03\/profimedia-0221088738.jpg 1250w\" sizes=\"auto, (max-width: 600px) 100vw, 600px\" \/><\/a><\/p>\n<p>Ha m\u00e1r k\u00e9sz\u00fclsz a tavaszi z\u00e1porokra, \u00e9s kimostad tavalyi es\u0151kab\u00e1tod, itt az ideje \u00fajra t\u00f6k\u00e9letesen v\u00edz\u00e1ll\u00f3v\u00e1 var\u00e1zsolni! Ha lyukat tal\u00e1lsz, varrd meg, de ha menthetetlen a helyzet, k\u00e9nytelen leszel \u00faj kab\u00e1tot venni. Nem fogyott m\u00e9g ki a v\u00edzleperget\u0151 spray-d?<\/p>\n<h2><strong>Tartsd a t\u00e9rdeidet melegen<\/strong><\/h2>\n<p><a href=\"https:\/\/d2p6e6u75xmxt8.cloudfront.net\/2\/2015\/03\/profimedia-0112677939.jpg\"><img loading=\"lazy\" decoding=\"async\" class=\"alignnone size-medium wp-image-13900\" src=\"https:\/\/d2p6e6u75xmxt8.cloudfront.net\/12\/2022\/03\/profimedia-0112677939-768x512.jpg\" alt=\"profimedia-0112677939\" width=\"600\" height=\"400\" srcset=\"https:\/\/d2p6e6u75xmxt8.cloudfront.net\/12\/2022\/03\/profimedia-0112677939-768x512.jpg 768w, https:\/\/d2p6e6u75xmxt8.cloudfront.net\/12\/2022\/03\/profimedia-0112677939-300x200.jpg 300w, https:\/\/d2p6e6u75xmxt8.cloudfront.net\/12\/2022\/03\/profimedia-0112677939-1024x682.jpg 1024w, https:\/\/d2p6e6u75xmxt8.cloudfront.net\/12\/2022\/03\/profimedia-0112677939-272x182.jpg 272w, https:\/\/d2p6e6u75xmxt8.cloudfront.net\/12\/2022\/03\/profimedia-0112677939.jpg 1250w\" sizes=\"auto, (max-width: 600px) 100vw, 600px\" \/><\/a><\/p>\n<p>Te vagy j\u00e1rg\u00e1nyod motorja, \u00e9s akkor hajtasz a legjobban, ha be vagy melegedve. Ahogy melegszik az id\u0151, \u00fagy tekersz egyre t\u00f6bbet kint a szabadban. Vigy\u00e1zz a t\u00e9rdedre, ne tedd ki feleslegesen a h\u0171v\u00f6s leveg\u0151nek! Haszn\u00e1lj t\u00e9rdmeleg\u00edt\u0151t \u2013 nem akarhatod, hogy egy s\u00e9r\u00fcl\u00e9s tegye t\u00f6nkre m\u00e1ris a szezont.<\/p>\n<h2><strong>R\u00e9tegesen, r\u00e9tegesen, r\u00e9tegesen<\/strong><\/h2>\n<p><a href=\"https:\/\/d2p6e6u75xmxt8.cloudfront.net\/2\/2015\/03\/profimedia-0191192947.jpg\"><img loading=\"lazy\" decoding=\"async\" class=\"alignnone size-medium wp-image-13901\" src=\"https:\/\/d2p6e6u75xmxt8.cloudfront.net\/12\/2022\/03\/profimedia-0191192947-768x512.jpg\" alt=\"Friends cycling on street\" width=\"600\" height=\"400\" srcset=\"https:\/\/d2p6e6u75xmxt8.cloudfront.net\/12\/2022\/03\/profimedia-0191192947-768x512.jpg 768w, https:\/\/d2p6e6u75xmxt8.cloudfront.net\/12\/2022\/03\/profimedia-0191192947-300x200.jpg 300w, https:\/\/d2p6e6u75xmxt8.cloudfront.net\/12\/2022\/03\/profimedia-0191192947-1024x682.jpg 1024w, https:\/\/d2p6e6u75xmxt8.cloudfront.net\/12\/2022\/03\/profimedia-0191192947-272x182.jpg 272w, https:\/\/d2p6e6u75xmxt8.cloudfront.net\/12\/2022\/03\/profimedia-0191192947.jpg 1250w\" sizes=\"auto, (max-width: 600px) 100vw, 600px\" \/><\/a><\/p>\n<p>Akkor vagy j\u00f3l fel\u00f6lt\u00f6zve, ha indul\u00e1s el\u0151tt egy picit f\u00e1zol. N\u00e9h\u00e1ny kilom\u00e9ter ut\u00e1n m\u00e1r nem fogsz, ebben biztosak vagyunk, \u00e9s ahogy felmelegedt\u00e9l, m\u00e1ris ezerrel tekerheted a ped\u00e1lokat. Ha pedig m\u00e1r t\u00fals\u00e1gosan meleged van, vegy\u00e9l le egy r\u00e9teget! Az \u00e1tmeneti id\u0151k kulcsa a r\u00e9teges \u00f6lt\u00f6zk\u00f6d\u00e9s, hiszen nemcsak a mozg\u00e1s befoly\u00e1solja a h\u0151\u00e9rzeted, hanem a k\u00f6rnyezet is, \u00edgy fontos, hogy alkalmazkodni tudj ezekhez a v\u00e1ltoz\u00e1sokhoz. De nem tudsz olyan r\u00e9teget felvenni, amit nem viszel magaddal! K\u00e9sz\u00fclj fel alaposan!<\/p>\n<h2><strong>\u00cdgy \u00fassz\u00e1k meg a cip\u0151id sz\u00e1razon<\/strong><\/h2>\n<p><a href=\"https:\/\/d2p6e6u75xmxt8.cloudfront.net\/2\/2015\/03\/profimedia-0104243161.jpg\"><img loading=\"lazy\" decoding=\"async\" class=\"alignnone size-medium wp-image-13902\" src=\"https:\/\/d2p6e6u75xmxt8.cloudfront.net\/12\/2022\/03\/profimedia-0104243161-768x511.jpg\" alt=\"stacks of newspapers on a bicycle in Delhi, India\" width=\"600\" height=\"399\" srcset=\"https:\/\/d2p6e6u75xmxt8.cloudfront.net\/12\/2022\/03\/profimedia-0104243161-768x511.jpg 768w, https:\/\/d2p6e6u75xmxt8.cloudfront.net\/12\/2022\/03\/profimedia-0104243161-300x199.jpg 300w, https:\/\/d2p6e6u75xmxt8.cloudfront.net\/12\/2022\/03\/profimedia-0104243161-1024x681.jpg 1024w, https:\/\/d2p6e6u75xmxt8.cloudfront.net\/12\/2022\/03\/profimedia-0104243161-272x182.jpg 272w, https:\/\/d2p6e6u75xmxt8.cloudfront.net\/12\/2022\/03\/profimedia-0104243161.jpg 1250w\" sizes=\"auto, (max-width: 600px) 100vw, 600px\" \/><\/a><\/p>\n<p>Az old school bring\u00e1soknak nem ismeretlen ap\u00e1ink tr\u00fckkje: \u0151k \u00fajs\u00e1gpap\u00edrt gy\u00f6m\u00f6sz\u00f6ltek egy nedves \u00fat ut\u00e1n a cip\u0151j\u00fckbe. A pap\u00edr felsz\u00edvja a vizet \u00e9s megakad\u00e1lyozza, hogy a terjed\u0151 bakt\u00e9riumok beb\u00fcd\u00f6s\u00edts\u00e9k a ruh\u00e1t. Ha azonban a modern korok gyermeke vagy, \u00e9s mobilon olvasod a h\u00edreket, val\u00f3sz\u00edn\u0171leg nincs sok \u00fajs\u00e1g a lak\u00e1sban. Megoldhatjuk a probl\u00e9m\u00e1t \u00fagy is, hogy egy elektromos p\u00e1raelsz\u00edv\u00f3t tesz\u00fcnk a sportszereinket t\u00e1rol\u00f3 szekr\u00e9nybe. Nem semmi, ugye?<\/p>\n<h2><strong>Mentsd a b\u0151r\u00f6d<\/strong><\/h2>\n<p>A b\u0151rb\u0151l k\u00e9sz\u00fclt ruh\u00e1k remek szolg\u00e1latot tesznek a bicikliseknek. Ha \u00e1polod, sok\u00e1ig simul a testedre. Ha elkap azonban egy tavaszi es\u0151, sz\u00e1rad\u00e1s k\u00f6zben a b\u0151r megrepedhet. Szerezz be n\u00e9mi b\u0151rbalzsamot \u00e9s kend be vele a ruh\u00e1id! \u00cdgy sz\u00e9pen \u00f6regedhetnek majd kedvenc b\u0151rcuccaid.<\/p>\n<h2><strong>Lehetsz koszos, de csak az \u00fat v\u00e9g\u00e9n<\/strong><\/h2>\n<p><a href=\"https:\/\/d2p6e6u75xmxt8.cloudfront.net\/2\/2015\/03\/profimedia-0002957152.jpg\"><img loading=\"lazy\" decoding=\"async\" class=\"alignnone size-medium wp-image-13903\" src=\"https:\/\/d2p6e6u75xmxt8.cloudfront.net\/12\/2022\/03\/profimedia-0002957152-768x511.jpg\" alt=\"Mountain Biker With Mud Splatter on Faces\" width=\"600\" height=\"399\" srcset=\"https:\/\/d2p6e6u75xmxt8.cloudfront.net\/12\/2022\/03\/profimedia-0002957152-768x511.jpg 768w, https:\/\/d2p6e6u75xmxt8.cloudfront.net\/12\/2022\/03\/profimedia-0002957152-300x200.jpg 300w, https:\/\/d2p6e6u75xmxt8.cloudfront.net\/12\/2022\/03\/profimedia-0002957152-1024x682.jpg 1024w, https:\/\/d2p6e6u75xmxt8.cloudfront.net\/12\/2022\/03\/profimedia-0002957152-272x182.jpg 272w, https:\/\/d2p6e6u75xmxt8.cloudfront.net\/12\/2022\/03\/profimedia-0002957152.jpg 1250w\" sizes=\"auto, (max-width: 600px) 100vw, 600px\" \/><\/a><\/p>\n<p>Ne indulj \u00fatnak s\u00e1rosan! Neked is \u00e9s a biciklidnek is makul\u00e1tlannak kell lennie az edz\u00e9s elej\u00e9n. Sportszerekhez k\u00e9sz\u00fclt mos\u00f3szerrel minden haszn\u00e1lat ut\u00e1n kimoshatod a ruh\u00e1idat. Ne feledd, hogy a sportruh\u00e1khoz nem szabad \u00f6bl\u00edt\u0151t haszn\u00e1lni! Az anyag elvesz\u00edthet\u0151 t\u0151le a l\u00e9g\u00e1tereszt\u0151 k\u00e9pess\u00e9g\u00e9t, a lycra pedig gyorsabban elhaszn\u00e1l\u00f3dik. Olvasd el a ruh\u00e1kon l\u00e9v\u0151 c\u00edmk\u00e9k utas\u00edt\u00e1sait!<\/p>\n<p>Merin\u00f3 gyapj\u00fab\u00f3l k\u00e9sz\u00fclt ruh\u00e1idat tedd egy p\u00e1rnahuzatba, amit becsom\u00f3zol, \u00e9s \u00fagy rakd a mos\u00f3g\u00e9pbe! \u00cdgy nem kell agg\u00f3dnod az elakad\u00f3 cipz\u00e1rok, a megny\u00fal\u00f3 mezek \u00e9s a kih\u00fazott sz\u00e1lak miatt.<\/p>\n<p><strong>Most, hogy te k\u00e9szen \u00e1llsz, j\u00f6het a biciklid: olvasd el <a href=\"https:\/\/www.welovecycling.com\/hu\/edzes-es-eletmod\/tavaszi-karbantartas-keszitsd-fel-a-bringad-a-szezonra\/\"><u>tavaszi karbantart\u00e1sr\u00f3l<\/u><\/a> sz\u00f3l\u00f3 cikk\u00fcnket!<\/strong><\/p>\n<div style=\"padding: 25px; background: #eee;\">\n<p><strong>Iratkozz fel h\u00edrlevel\u00fcnkre, ahol m\u00e9g t\u00f6bb tippet \u00e9s tudnival\u00f3t olvashatsz a tested, lelked \u00e9s bring\u00e1d karbantart\u00e1s\u00e1hoz! S\u0151t, most m\u00e9g nyerem\u00e9nyre is bukkanhatsz benne!<\/strong><\/p>\n<p><iframe loading=\"lazy\" title=\"\" src=\"https:\/\/media.pohu.hu\/skoda\/welovecycling\/\" width=\"100%\" height=\"900\"><\/iframe><\/p>\n<\/div>\n","protected":false},"excerpt":{"rendered":"<p>A tavaszi id\u0151vel egy\u00fctt j\u00e1r a s\u00e1r \u00e9s a latyak, ami el\u0151szeretettel m\u00e1szik fel a ruh\u00e1dra \u00e9s a bring\u00e1dra \u00e9s [&hellip;]<\/p>\n","protected":false},"author":71,"featured_media":13905,"comment_status":"open","ping_status":"open","sticky":false,"template":"","format":"standard","meta":{"footnotes":""},"categories":[5],"tags":[],"global-categories":[],"class_list":["post-13898","post","type-post","status-publish","format-standard","has-post-thumbnail","hentry","category-adrenalin"],"yoast_head":"<!-- This site is optimized with the Yoast SEO Premium plugin v25.3 (Yoast SEO v25.9) - https:\/\/yoast.com\/wordpress\/plugins\/seo\/ -->\n<title>Itt a tavasz: maradj sz\u00e1raz, legy\u00e9l saras!<\/title>\n<meta name=\"description\" content=\"A tavaszi id\u0151vel egy\u00fctt j\u00e1r a s\u00e1r \u00e9s a latyak, ami el\u0151szeretettel m\u00e1szik fel a ruh\u00e1dra \u00e9s a bring\u00e1dra \u00e9s k\u00eds\u00e9r el titeket a haza\u00faton. Hogyan birk\u00f3zz meg az \u00e9vszakok v\u00e1ltoz\u00e1saival? N\u00e9zd \u00e1t a ruhat\u00e1rad!\" \/>\n<meta name=\"robots\" content=\"index, follow, max-snippet:-1, max-image-preview:large, max-video-preview:-1\" \/>\n<link rel=\"canonical\" href=\"https:\/\/www.welovecycling.com\/hu\/adrenalin\/itt-a-tavasz-maradj-szaraz-legyel-saras\/\" \/>\n<meta property=\"og:locale\" content=\"hu_HU\" \/>\n<meta property=\"og:type\" content=\"article\" \/>\n<meta property=\"og:title\" content=\"Itt a tavasz: maradj sz\u00e1raz, legy\u00e9l saras!\" \/>\n<meta property=\"og:description\" content=\"A tavaszi id\u0151vel egy\u00fctt j\u00e1r a s\u00e1r \u00e9s a latyak, ami el\u0151szeretettel m\u00e1szik fel a ruh\u00e1dra \u00e9s a bring\u00e1dra \u00e9s k\u00eds\u00e9r el titeket a haza\u00faton. Hogyan birk\u00f3zz meg az \u00e9vszakok v\u00e1ltoz\u00e1saival? N\u00e9zd \u00e1t a ruhat\u00e1rad!\" \/>\n<meta property=\"og:url\" content=\"https:\/\/www.welovecycling.com\/hu\/adrenalin\/itt-a-tavasz-maradj-szaraz-legyel-saras\/\" \/>\n<meta property=\"og:site_name\" content=\"\u0160koda We Love Cycling - Magyarorsz\u00e1g\" \/>\n<meta property=\"article:publisher\" content=\"https:\/\/www.facebook.com\/WeLoveCyclingHungary\/\" \/>\n<meta property=\"article:published_time\" content=\"2022-04-02T06:00:23+00:00\" \/>\n<meta property=\"og:image\" content=\"https:\/\/d2p6e6u75xmxt8.cloudfront.net\/12\/2022\/03\/opener1.jpg\" \/>\n\t<meta property=\"og:image:width\" content=\"950\" \/>\n\t<meta property=\"og:image:height\" content=\"350\" \/>\n\t<meta property=\"og:image:type\" content=\"image\/jpeg\" \/>\n<meta name=\"author\" content=\"hegyizs\" \/>\n<meta name=\"twitter:card\" content=\"summary_large_image\" \/>\n<meta name=\"twitter:label1\" content=\"Written by\" \/>\n\t<meta name=\"twitter:data1\" content=\"Christopher Ashley\" \/>\n\t<meta name=\"twitter:label2\" content=\"Est. reading time\" \/>\n\t<meta name=\"twitter:data2\" content=\"3 minutes\" \/>\n<script type=\"application\/ld+json\" class=\"yoast-schema-graph\">{\"@context\":\"https:\/\/schema.org\",\"@graph\":[{\"@type\":\"WebPage\",\"@id\":\"https:\/\/www.welovecycling.com\/hu\/adrenalin\/itt-a-tavasz-maradj-szaraz-legyel-saras\/\",\"url\":\"https:\/\/www.welovecycling.com\/hu\/adrenalin\/itt-a-tavasz-maradj-szaraz-legyel-saras\/\",\"name\":\"Itt a tavasz: maradj sz\u00e1raz, legy\u00e9l saras!\",\"isPartOf\":{\"@id\":\"https:\/\/www.welovecycling.com\/hu\/#website\"},\"primaryImageOfPage\":{\"@id\":\"https:\/\/www.welovecycling.com\/hu\/adrenalin\/itt-a-tavasz-maradj-szaraz-legyel-saras\/#primaryimage\"},\"image\":{\"@id\":\"https:\/\/www.welovecycling.com\/hu\/adrenalin\/itt-a-tavasz-maradj-szaraz-legyel-saras\/#primaryimage\"},\"thumbnailUrl\":\"https:\/\/d2p6e6u75xmxt8.cloudfront.net\/12\/2022\/03\/opener1.jpg\",\"datePublished\":\"2022-04-02T06:00:23+00:00\",\"author\":{\"@id\":\"https:\/\/www.welovecycling.com\/hu\/#\/schema\/person\/414a2aebf1801691a5320edb6468e194\"},\"description\":\"A tavaszi id\u0151vel egy\u00fctt j\u00e1r a s\u00e1r \u00e9s a latyak, ami el\u0151szeretettel m\u00e1szik fel a ruh\u00e1dra \u00e9s a bring\u00e1dra \u00e9s k\u00eds\u00e9r el titeket a haza\u00faton. Hogyan birk\u00f3zz meg az \u00e9vszakok v\u00e1ltoz\u00e1saival? N\u00e9zd \u00e1t a ruhat\u00e1rad!\",\"breadcrumb\":{\"@id\":\"https:\/\/www.welovecycling.com\/hu\/adrenalin\/itt-a-tavasz-maradj-szaraz-legyel-saras\/#breadcrumb\"},\"inLanguage\":\"hu\",\"potentialAction\":[{\"@type\":\"ReadAction\",\"target\":[\"https:\/\/www.welovecycling.com\/hu\/adrenalin\/itt-a-tavasz-maradj-szaraz-legyel-saras\/\"]}]},{\"@type\":\"ImageObject\",\"inLanguage\":\"hu\",\"@id\":\"https:\/\/www.welovecycling.com\/hu\/adrenalin\/itt-a-tavasz-maradj-szaraz-legyel-saras\/#primaryimage\",\"url\":\"https:\/\/d2p6e6u75xmxt8.cloudfront.net\/12\/2022\/03\/opener1.jpg\",\"contentUrl\":\"https:\/\/d2p6e6u75xmxt8.cloudfront.net\/12\/2022\/03\/opener1.jpg\",\"width\":950,\"height\":350},{\"@type\":\"BreadcrumbList\",\"@id\":\"https:\/\/www.welovecycling.com\/hu\/adrenalin\/itt-a-tavasz-maradj-szaraz-legyel-saras\/#breadcrumb\",\"itemListElement\":[{\"@type\":\"ListItem\",\"position\":1,\"name\":\"Home\",\"item\":\"https:\/\/www.welovecycling.com\/hu\/\"},{\"@type\":\"ListItem\",\"position\":2,\"name\":\"Itt a tavasz: maradj sz\u00e1raz, legy\u00e9l saras!\"}]},{\"@type\":\"WebSite\",\"@id\":\"https:\/\/www.welovecycling.com\/hu\/#website\",\"url\":\"https:\/\/www.welovecycling.com\/hu\/\",\"name\":\"\u0160koda We Love Cycling - Magyarorsz\u00e1g\",\"description\":\"\u0160koda WeLoveCycling\",\"potentialAction\":[{\"@type\":\"SearchAction\",\"target\":{\"@type\":\"EntryPoint\",\"urlTemplate\":\"https:\/\/www.welovecycling.com\/hu\/?s={search_term_string}\"},\"query-input\":{\"@type\":\"PropertyValueSpecification\",\"valueRequired\":true,\"valueName\":\"search_term_string\"}}],\"inLanguage\":\"hu\"},{\"@type\":\"Person\",\"@id\":\"https:\/\/www.welovecycling.com\/hu\/#\/schema\/person\/414a2aebf1801691a5320edb6468e194\",\"name\":\"hegyizs\",\"image\":{\"@type\":\"ImageObject\",\"inLanguage\":\"hu\",\"@id\":\"https:\/\/www.welovecycling.com\/hu\/#\/schema\/person\/image\/\",\"url\":\"https:\/\/secure.gravatar.com\/avatar\/02cf8a7906b8cf90cecb4679defac7cfd33a1c2e3b88e4903d947f3bb58eedd3?s=96&d=mm&r=g\",\"contentUrl\":\"https:\/\/secure.gravatar.com\/avatar\/02cf8a7906b8cf90cecb4679defac7cfd33a1c2e3b88e4903d947f3bb58eedd3?s=96&d=mm&r=g\",\"caption\":\"hegyizs\"},\"url\":\"https:\/\/www.welovecycling.com\/hu\/author\/hegyizs\/\"}]}<\/script>\n<!-- \/ Yoast SEO Premium plugin. -->","yoast_head_json":{"title":"Itt a tavasz: maradj sz\u00e1raz, legy\u00e9l saras!","description":"A tavaszi id\u0151vel egy\u00fctt j\u00e1r a s\u00e1r \u00e9s a latyak, ami el\u0151szeretettel m\u00e1szik fel a ruh\u00e1dra \u00e9s a bring\u00e1dra \u00e9s k\u00eds\u00e9r el titeket a haza\u00faton. Hogyan birk\u00f3zz meg az \u00e9vszakok v\u00e1ltoz\u00e1saival? N\u00e9zd \u00e1t a ruhat\u00e1rad!","robots":{"index":"index","follow":"follow","max-snippet":"max-snippet:-1","max-image-preview":"max-image-preview:large","max-video-preview":"max-video-preview:-1"},"canonical":"https:\/\/www.welovecycling.com\/hu\/adrenalin\/itt-a-tavasz-maradj-szaraz-legyel-saras\/","og_locale":"hu_HU","og_type":"article","og_title":"Itt a tavasz: maradj sz\u00e1raz, legy\u00e9l saras!","og_description":"A tavaszi id\u0151vel egy\u00fctt j\u00e1r a s\u00e1r \u00e9s a latyak, ami el\u0151szeretettel m\u00e1szik fel a ruh\u00e1dra \u00e9s a bring\u00e1dra \u00e9s k\u00eds\u00e9r el titeket a haza\u00faton. Hogyan birk\u00f3zz meg az \u00e9vszakok v\u00e1ltoz\u00e1saival? N\u00e9zd \u00e1t a ruhat\u00e1rad!","og_url":"https:\/\/www.welovecycling.com\/hu\/adrenalin\/itt-a-tavasz-maradj-szaraz-legyel-saras\/","og_site_name":"\u0160koda We Love Cycling - Magyarorsz\u00e1g","article_publisher":"https:\/\/www.facebook.com\/WeLoveCyclingHungary\/","article_published_time":"2022-04-02T06:00:23+00:00","og_image":[{"width":950,"height":350,"url":"https:\/\/d2p6e6u75xmxt8.cloudfront.net\/12\/2022\/03\/opener1.jpg","type":"image\/jpeg"}],"author":"hegyizs","twitter_card":"summary_large_image","twitter_misc":{"Written by":"Christopher Ashley","Est. reading time":"3 minutes"},"schema":{"@context":"https:\/\/schema.org","@graph":[{"@type":"WebPage","@id":"https:\/\/www.welovecycling.com\/hu\/adrenalin\/itt-a-tavasz-maradj-szaraz-legyel-saras\/","url":"https:\/\/www.welovecycling.com\/hu\/adrenalin\/itt-a-tavasz-maradj-szaraz-legyel-saras\/","name":"Itt a tavasz: maradj sz\u00e1raz, legy\u00e9l saras!","isPartOf":{"@id":"https:\/\/www.welovecycling.com\/hu\/#website"},"primaryImageOfPage":{"@id":"https:\/\/www.welovecycling.com\/hu\/adrenalin\/itt-a-tavasz-maradj-szaraz-legyel-saras\/#primaryimage"},"image":{"@id":"https:\/\/www.welovecycling.com\/hu\/adrenalin\/itt-a-tavasz-maradj-szaraz-legyel-saras\/#primaryimage"},"thumbnailUrl":"https:\/\/d2p6e6u75xmxt8.cloudfront.net\/12\/2022\/03\/opener1.jpg","datePublished":"2022-04-02T06:00:23+00:00","author":{"@id":"https:\/\/www.welovecycling.com\/hu\/#\/schema\/person\/414a2aebf1801691a5320edb6468e194"},"description":"A tavaszi id\u0151vel egy\u00fctt j\u00e1r a s\u00e1r \u00e9s a latyak, ami el\u0151szeretettel m\u00e1szik fel a ruh\u00e1dra \u00e9s a bring\u00e1dra \u00e9s k\u00eds\u00e9r el titeket a haza\u00faton. Hogyan birk\u00f3zz meg az \u00e9vszakok v\u00e1ltoz\u00e1saival? N\u00e9zd \u00e1t a ruhat\u00e1rad!","breadcrumb":{"@id":"https:\/\/www.welovecycling.com\/hu\/adrenalin\/itt-a-tavasz-maradj-szaraz-legyel-saras\/#breadcrumb"},"inLanguage":"hu","potentialAction":[{"@type":"ReadAction","target":["https:\/\/www.welovecycling.com\/hu\/adrenalin\/itt-a-tavasz-maradj-szaraz-legyel-saras\/"]}]},{"@type":"ImageObject","inLanguage":"hu","@id":"https:\/\/www.welovecycling.com\/hu\/adrenalin\/itt-a-tavasz-maradj-szaraz-legyel-saras\/#primaryimage","url":"https:\/\/d2p6e6u75xmxt8.cloudfront.net\/12\/2022\/03\/opener1.jpg","contentUrl":"https:\/\/d2p6e6u75xmxt8.cloudfront.net\/12\/2022\/03\/opener1.jpg","width":950,"height":350},{"@type":"BreadcrumbList","@id":"https:\/\/www.welovecycling.com\/hu\/adrenalin\/itt-a-tavasz-maradj-szaraz-legyel-saras\/#breadcrumb","itemListElement":[{"@type":"ListItem","position":1,"name":"Home","item":"https:\/\/www.welovecycling.com\/hu\/"},{"@type":"ListItem","position":2,"name":"Itt a tavasz: maradj sz\u00e1raz, legy\u00e9l saras!"}]},{"@type":"WebSite","@id":"https:\/\/www.welovecycling.com\/hu\/#website","url":"https:\/\/www.welovecycling.com\/hu\/","name":"\u0160koda We Love Cycling - Magyarorsz\u00e1g","description":"\u0160koda WeLoveCycling","potentialAction":[{"@type":"SearchAction","target":{"@type":"EntryPoint","urlTemplate":"https:\/\/www.welovecycling.com\/hu\/?s={search_term_string}"},"query-input":{"@type":"PropertyValueSpecification","valueRequired":true,"valueName":"search_term_string"}}],"inLanguage":"hu"},{"@type":"Person","@id":"https:\/\/www.welovecycling.com\/hu\/#\/schema\/person\/414a2aebf1801691a5320edb6468e194","name":"hegyizs","image":{"@type":"ImageObject","inLanguage":"hu","@id":"https:\/\/www.welovecycling.com\/hu\/#\/schema\/person\/image\/","url":"https:\/\/secure.gravatar.com\/avatar\/02cf8a7906b8cf90cecb4679defac7cfd33a1c2e3b88e4903d947f3bb58eedd3?s=96&d=mm&r=g","contentUrl":"https:\/\/secure.gravatar.com\/avatar\/02cf8a7906b8cf90cecb4679defac7cfd33a1c2e3b88e4903d947f3bb58eedd3?s=96&d=mm&r=g","caption":"hegyizs"},"url":"https:\/\/www.welovecycling.com\/hu\/author\/hegyizs\/"}]}},"_links":{"self":[{"href":"https:\/\/www.welovecycling.com\/hu\/wp-json\/wp\/v2\/posts\/13898","targetHints":{"allow":["GET"]}}],"collection":[{"href":"https:\/\/www.welovecycling.com\/hu\/wp-json\/wp\/v2\/posts"}],"about":[{"href":"https:\/\/www.welovecycling.com\/hu\/wp-json\/wp\/v2\/types\/post"}],"author":[{"embeddable":true,"href":"https:\/\/www.welovecycling.com\/hu\/wp-json\/wp\/v2\/users\/71"}],"replies":[{"embeddable":true,"href":"https:\/\/www.welovecycling.com\/hu\/wp-json\/wp\/v2\/comments?post=13898"}],"version-history":[{"count":2,"href":"https:\/\/www.welovecycling.com\/hu\/wp-json\/wp\/v2\/posts\/13898\/revisions"}],"predecessor-version":[{"id":13907,"href":"https:\/\/www.welovecycling.com\/hu\/wp-json\/wp\/v2\/posts\/13898\/revisions\/13907"}],"wp:featuredmedia":[{"embeddable":true,"href":"https:\/\/www.welovecycling.com\/hu\/wp-json\/wp\/v2\/media\/13905"}],"wp:attachment":[{"href":"https:\/\/www.welovecycling.com\/hu\/wp-json\/wp\/v2\/media?parent=13898"}],"wp:term":[{"taxonomy":"category","embeddable":true,"href":"https:\/\/www.welovecycling.com\/hu\/wp-json\/wp\/v2\/categories?post=13898"},{"taxonomy":"post_tag","embeddable":true,"href":"https:\/\/www.welovecycling.com\/hu\/wp-json\/wp\/v2\/tags?post=13898"},{"taxonomy":"global-categories","embeddable":true,"href":"https:\/\/www.welovecycling.com\/hu\/wp-json\/wp\/v2\/global-categories?post=13898"}],"curies":[{"name":"wp","href":"https:\/\/api.w.org\/{rel}","templated":true}]}}