{"id":13879,"date":"2022-03-30T08:00:51","date_gmt":"2022-03-30T06:00:51","guid":{"rendered":"https:\/\/www.welovecycling.com\/hu\/?p=13879"},"modified":"2022-03-25T17:18:52","modified_gmt":"2022-03-25T15:18:52","slug":"tavaszi-karbantartas-keszitsd-fel-a-bringad-a-szezonra","status":"publish","type":"post","link":"https:\/\/www.welovecycling.com\/hu\/edzes-es-eletmod\/tavaszi-karbantartas-keszitsd-fel-a-bringad-a-szezonra\/","title":{"rendered":"Tavaszi karbantart\u00e1s: k\u00e9sz\u00edtsd fel a bring\u00e1d a szezonra!"},"content":{"rendered":"<p><strong>Nyugodtan beismerheted, hogy bring\u00e1d eg\u00e9sz t\u00e9len mag\u00e1nyosan \u00e1lldog\u00e1lt a gar\u00e1zsban. Vagy csak n\u00e9h\u00e1ny alkalommal vetted el\u0151, amikor \u00e9pp kis\u00fct\u00f6tt a nap, hogy eltekerj rajta a boltig, majd vissza. Ha pedig elk\u00f6telezett t\u00e9li kerekes vagy, akkor van egy m\u00e1sik biciklid is, amit tavasszal haszn\u00e1lsz. Ak\u00e1rhogyis, biztosan sz\u00fcks\u00e9ge van tavaszi j\u00e1rg\u00e1nyodnak egy alapos karbantart\u00e1sra, miel\u0151tt \u00fatnak indultok, hogy mind a ketten \u00e9ps\u00e9gben \u00e9rjetek majd haza!<\/strong><!--more--><\/p>\n<p>Nagyon sok bring\u00e1s f\u00e9lreteszi t\u00e9len j\u00e1rg\u00e1ny\u00e1t, \u00e9s nincs is ezzel semmi baj. Most azonban, hogy itt a j\u00f3 id\u0151, \u00e9s \u00fajra h\u00edvnak a bicikliutak \u00e9s \u00f6sv\u00e9nyek, nagyon fontos, hogy egy alapos karbantart\u00e1ssal kezdj! Ez az alapfelt\u00e9tele annak, hogy z\u00f6kken\u0151mentesen tekerhess a k\u00f6vetkez\u0151 n\u00e9h\u00e1ny h\u00f3napban. \u00d6ssze\u00e1ll\u00edtottunk egy list\u00e1t azokr\u00f3l a dolgokr\u00f3l, amiket \u00e1t kell vizsg\u00e1lnod, miel\u0151tt \u00fatnak indulsz. Ezeket te is meg tudod tenni, de ha probl\u00e9m\u00e1ba \u00fctk\u00f6z\u00f6l, a helyi ker\u00e9kp\u00e1rboltban biztosan tal\u00e1lsz seg\u00edts\u00e9get! Miel\u0151tt azonban neki\u00e1llsz a karbantart\u00e1snak, alaposan <a href=\"https:\/\/www.welovecycling.com\/hu\/uncategorized\/tel-utani-takaritas\/\">takar\u00edtsd le a ker\u00e9kp\u00e1rodr\u00f3l a t\u00e9li koszt<\/a> vagy a port!<\/p>\n<h2><strong>Gumiabroncsok<\/strong><\/h2>\n<p><a href=\"https:\/\/d2p6e6u75xmxt8.cloudfront.net\/2\/2016\/04\/profimedia-0117140751.jpg\"><img loading=\"lazy\" decoding=\"async\" class=\"alignnone wp-image-7217 size-medium\" src=\"https:\/\/d2p6e6u75xmxt8.cloudfront.net\/12\/2020\/03\/profimedia-0117140751-768x512.jpg\" alt=\"Press the top with your thumb to check the pressure, it should feel rock hard. Run your eyes over the whole tyre checking for wear in the tread \u2013 ridges essential for grip \u2013 and fraying. Run your fingers over the outside of the tyre \u2013 and preferably the inside if you have time \u2013 looking for tears, small holes, and debris.\" width=\"600\" height=\"400\" srcset=\"https:\/\/d2p6e6u75xmxt8.cloudfront.net\/12\/2020\/03\/profimedia-0117140751-768x512.jpg 768w, https:\/\/d2p6e6u75xmxt8.cloudfront.net\/12\/2020\/03\/profimedia-0117140751-300x200.jpg 300w, https:\/\/d2p6e6u75xmxt8.cloudfront.net\/12\/2020\/03\/profimedia-0117140751-1024x682.jpg 1024w, https:\/\/d2p6e6u75xmxt8.cloudfront.net\/12\/2020\/03\/profimedia-0117140751-272x182.jpg 272w, https:\/\/d2p6e6u75xmxt8.cloudfront.net\/12\/2020\/03\/profimedia-0117140751.jpg 1250w\" sizes=\"auto, (max-width: 600px) 100vw, 600px\" \/><\/a><\/p>\n<h3><strong>Hogyan ellen\u0151rizd?<\/strong><\/h3>\n<p>H\u00fcvelykujjaddal nyomd be az abroncsot, hogy ellen\u0151rizd a nyom\u00e1st! K\u0151kem\u00e9nynek kell lennie. N\u00e9zd \u00e1t az eg\u00e9sz abroncsot, \u00e9s ellen\u0151rizd a fut\u00f3fel\u00fclet kop\u00e1s\u00e1t. Megvannak a j\u00f3 tapad\u00e1shoz sz\u00fcks\u00e9ges bord\u00e1k? Ujjaiddal fusd v\u00e9gig az abroncs k\u00fclsej\u00e9t \u2013 \u00e9s ha van r\u00e1 id\u0151d, a belsej\u00e9t is \u2013 \u00e9s keress s\u00e9r\u00fcl\u00e9seket, szakad\u00e1sokat, lyukakat \u00e9s t\u00f6rmel\u00e9keket!<\/p>\n<h3><strong>Mire figyelj?<\/strong><\/h3>\n<p>Alacsony nyom\u00e1s, defektes gumi (nyilv\u00e1n), jelent\u0151s kop\u00e1s, b\u00e1rmi, ami defektet okozhat, vagy elcs\u00fasz\u00e1shoz vezethet.<\/p>\n<h3><strong>Megold\u00e1s<\/strong><\/h3>\n<p>A lapos ker\u00e9k \u00e9s az alacsony nyom\u00e1s k\u00f6nnyen megoldhat\u00f3, csak pump\u00e1ld fel vagy cser\u00e9ld ki az abroncsot! A lyukak \u00e9s szakad\u00e1sok jav\u00edt\u00e1s\u00e1hoz haszn\u00e1lj abroncsgittet, ragaszt\u00f3t vagy gumiabroncsjav\u00edt\u00f3 foltokat, vagy k\u00e9rd meg a legk\u00f6zelebbi bringabolt elad\u00f3it, hogy seg\u00edtsenek! Ha a gumi b\u00e1rmely r\u00e9sze er\u0151sen elhaszn\u00e1l\u00f3dott, vagy a lyuk t\u00fal nagy a jav\u00edt\u00e1shoz, cser\u00e9ld ki egy \u00fajra!<\/p>\n<h2><strong>F\u00e9kek<\/strong><\/h2>\n<p><img loading=\"lazy\" decoding=\"async\" class=\"alignnone wp-image-13880 size-medium\" src=\"https:\/\/d2p6e6u75xmxt8.cloudfront.net\/12\/2022\/03\/profimedia-0043319155-768x512.jpg\" alt=\"Spin both wheels and listen out for rubbing. Squeeze the brake levers and look out for pads hitting the tyre or below braking surface. When the brake levers are pressed fully they should not touch your handlebars and when you release the brake levers, the pads should return equally.\" width=\"600\" height=\"400\" srcset=\"https:\/\/d2p6e6u75xmxt8.cloudfront.net\/12\/2022\/03\/profimedia-0043319155-768x512.jpg 768w, https:\/\/d2p6e6u75xmxt8.cloudfront.net\/12\/2022\/03\/profimedia-0043319155-300x200.jpg 300w, https:\/\/d2p6e6u75xmxt8.cloudfront.net\/12\/2022\/03\/profimedia-0043319155-1024x682.jpg 1024w, https:\/\/d2p6e6u75xmxt8.cloudfront.net\/12\/2022\/03\/profimedia-0043319155-272x182.jpg 272w, https:\/\/d2p6e6u75xmxt8.cloudfront.net\/12\/2022\/03\/profimedia-0043319155.jpg 1250w\" sizes=\"auto, (max-width: 600px) 100vw, 600px\" \/><\/p>\n<h3><strong>Hogyan ellen\u0151rizd?<\/strong><\/h3>\n<p>Forgasd meg mindk\u00e9t kereket \u00e9s hallgat\u00f3zz! Ha surl\u00f3d\u00f3 hangokat hallasz, akkor valami nem stimmel. H\u00fazd meg a f\u00e9kkarokat \u00e9s figyeld meg, hogy a f\u00e9kbet\u00e9tek nem \u00fctk\u00f6znek-e a gumiabroncsba! Amikor a f\u00e9kkarokat teljesen beh\u00fazod, nem \u00e9rhetnek hozz\u00e1 a korm\u00e1nyhoz, \u00e9s amikor elengeded, egyszerre kell vissza\u00e1llniuk alaphelyzetbe.<\/p>\n<h3><strong>Mire figyelj?<\/strong><\/h3>\n<p>Surl\u00f3d\u00e1s, rossz \u00e9rintkez\u00e9s, nem egyenl\u0151 m\u0171k\u00f6d\u00e9s, elhaszn\u00e1l\u00f3dotts\u00e1g.<\/p>\n<h3><strong>Megold\u00e1s<\/strong><\/h3>\n<p>Mindig cser\u00e9ld ki a f\u00e9keket, ha 0,5 centin\u00e9l kisebb a f\u00e9kgumi! Minden egy\u00e9b probl\u00e9ma megoldhat\u00f3 kisebb m\u00f3dos\u00edt\u00e1sokkal. Ez egy kulcsfontoss\u00e1g\u00fa ter\u00fclet, ha nem vagy biztos a dolgodban, besz\u00e9lj egy szerel\u0151vel!<\/p>\n<h2><strong>L\u00e1nc \u00e9s hajt\u00f3m\u0171<\/strong><\/h2>\n<p><a href=\"https:\/\/d2p6e6u75xmxt8.cloudfront.net\/2\/2016\/04\/profimedia-0264797376.jpg\"><img loading=\"lazy\" decoding=\"async\" class=\"alignnone wp-image-13881 size-medium\" src=\"https:\/\/d2p6e6u75xmxt8.cloudfront.net\/12\/2022\/03\/profimedia-0264797376-768x511.jpg\" alt=\"Run your eyes over the chain, making sure it isn\u2019t rusty and it doesn\u2019t sag anywhere. Get the rear wheel off the ground, preferably putting it in a workstand. Use one hand to turn the pedals and the other to flick through the gears, starting on the largest cog on the cassette and the small chain ring. Work down the cassette (the rings on the rear wheel), clicking up to the big chain ring halfway.\" width=\"600\" height=\"399\" srcset=\"https:\/\/d2p6e6u75xmxt8.cloudfront.net\/12\/2022\/03\/profimedia-0264797376-768x511.jpg 768w, https:\/\/d2p6e6u75xmxt8.cloudfront.net\/12\/2022\/03\/profimedia-0264797376-300x199.jpg 300w, https:\/\/d2p6e6u75xmxt8.cloudfront.net\/12\/2022\/03\/profimedia-0264797376-1024x681.jpg 1024w, https:\/\/d2p6e6u75xmxt8.cloudfront.net\/12\/2022\/03\/profimedia-0264797376-272x182.jpg 272w, https:\/\/d2p6e6u75xmxt8.cloudfront.net\/12\/2022\/03\/profimedia-0264797376.jpg 1250w\" sizes=\"auto, (max-width: 600px) 100vw, 600px\" \/><\/a><\/p>\n<h3><strong>Hogyan ellen\u0151rizd?<\/strong><\/h3>\n<p>N\u00e9zd v\u00e9gig figyelmesen a l\u00e1ncot, hogy nem rozsd\u00e1s-e \u00e9s nincs-e sehol megereszkedve! Emeld meg a h\u00e1ts\u00f3 kereket, ha van, tedd szerel\u0151 \u00e1llv\u00e1nyra! Egyik kezeddel tekerd a ped\u00e1lt, m\u00e1sikkal pedig v\u00e1lts, a legnagyobb fokozatt\u00f3l kezdve a legkisebbig! Figyeld, hogy minden v\u00e1lt\u00e1sn\u00e1l j\u00f3l m\u0171k\u00f6dik-e a hajt\u00f3m\u0171!<\/p>\n<h3><strong>Mire figyelj?<\/strong><\/h3>\n<p>Elhaszn\u00e1l\u00f3dott l\u00e1nc, akadoz\u00f3, ugr\u00e1l\u00f3 hajt\u00f3m\u0171, surl\u00f3d\u00e1s, kattog\u00e1s (amik nem a v\u00e1lt\u00e1s hangjai).<\/p>\n<h3><strong>Megold\u00e1s<\/strong><\/h3>\n<p>Ha a l\u00e1nc megereszkedett, meg kell h\u00fazni, vagy ki kell cser\u00e9lni. Ez nem k\u00f6nny\u0171 munka, m\u00e9g a megfelel\u0151 szersz\u00e1mokkal sem, \u00edgy jobban j\u00e1rsz, ha szerel\u0151re b\u00edzod! Ha valami nem stimmel a fogaskerekekkel, apr\u00f3 m\u00f3dos\u00edt\u00e1sokkal \u00fajrakalibr\u00e1lhatsz, \u00e9s be\u00e1ll\u00edthatod ezeket. Rengeteg oktat\u00f3vide\u00f3t tal\u00e1lsz err\u0151l a neten!<\/p>\n<h2><strong>Olajoz\u00e1s<\/strong><\/h2>\n<p><img loading=\"lazy\" decoding=\"async\" class=\"alignnone wp-image-13882 size-medium\" src=\"https:\/\/d2p6e6u75xmxt8.cloudfront.net\/12\/2022\/03\/profimedia-0166875695-768x512.jpg\" alt=\"Put the chain on the big chain ring. Put the tip of the lubricant bottle on the top of the chain that is closest to the ground. Squeeze very lightly as you turn the pedals one or two revolutions. Spin them again, and wipe chain lightly with a cloth to mop up excess.\" width=\"600\" height=\"400\" srcset=\"https:\/\/d2p6e6u75xmxt8.cloudfront.net\/12\/2022\/03\/profimedia-0166875695-768x512.jpg 768w, https:\/\/d2p6e6u75xmxt8.cloudfront.net\/12\/2022\/03\/profimedia-0166875695-300x200.jpg 300w, https:\/\/d2p6e6u75xmxt8.cloudfront.net\/12\/2022\/03\/profimedia-0166875695-1024x682.jpg 1024w, https:\/\/d2p6e6u75xmxt8.cloudfront.net\/12\/2022\/03\/profimedia-0166875695-272x182.jpg 272w, https:\/\/d2p6e6u75xmxt8.cloudfront.net\/12\/2022\/03\/profimedia-0166875695.jpg 1250w\" sizes=\"auto, (max-width: 600px) 100vw, 600px\" \/><\/p>\n<h3><strong>Hogyan ellen\u0151rizd?<\/strong><\/h3>\n<p>Ezt a l\u00e1nc \u00e9s a fut\u00f3m\u0171 ellen\u0151rz\u00e9s\u00e9vel egyid\u0151ben megteheted, hiszen ezeket az alkatr\u00e9szeket kell olajoznod. Figyelj a nyikorg\u00f3-csikorg\u00f3 hangokra \u00e9s t\u00f6r\u00f6ld \u00e1t a l\u00e1ncot, miut\u00e1n megker\u00fclte a l\u00e1nc gy\u0171r\u0171t!<\/p>\n<h3><strong>Mire figyelj?<\/strong><\/h3>\n<p>T\u00fal kev\u00e9s olaj, t\u00fal sok olaj, furcsa hangok.<\/p>\n<h3><strong>Megold\u00e1s<\/strong><\/h3>\n<p>Ha \u00fagy tett\u00e9l, ahogy tan\u00e1csoltuk, \u00e9s alaposan lemostad a ker\u00e9kp\u00e1rod, miel\u0151tt elv\u00e9gezted volna az ellen\u0151rz\u00e9st, akkor val\u00f3sz\u00edn\u0171leg nincs t\u00fal sok olaj a l\u00e1ncon \u00e9s a fogaskerekeken. Ragyogjanak!<\/p>\n<h3><strong>Teend\u0151<\/strong><\/h3>\n<p>A l\u00e1nc a nagy gy\u0171r\u0171n legyen. Helyezd a ken\u0151anyagot tartalmaz\u00f3 palack hegy\u00e9t a l\u00e1nc tetej\u00e9re, azon az oldalon, ami k\u00f6zelebb van a talajhoz! Nagyon enyh\u00e9n nyomd meg a tubust, mik\u00f6zben egy vagy k\u00e9t fordulatot forgatsz a ped\u00e1lokon. Forgasd \u00e1t \u0151ket \u00fajra, majd finoman t\u00f6r\u00f6ld le a l\u00e1ncot egy ruh\u00e1val, hogy elt\u00e1vol\u00edtsd a felesleget!<\/p>\n<div style=\"padding: 25px; background: #eee;\">\n<p><strong>Iratkozz fel h\u00edrlevel\u00fcnkre, ahol m\u00e9g t\u00f6bb tippet \u00e9s tudnival\u00f3t olvashatsz a tested, lelked \u00e9s bring\u00e1d karbantart\u00e1s\u00e1hoz! S\u0151t, most m\u00e9g nyerem\u00e9nyre is bukkanhatsz benne!<\/strong><\/p>\n<p><iframe loading=\"lazy\" title=\"\" src=\"https:\/\/media.pohu.hu\/skoda\/welovecycling\/\" width=\"100%\" height=\"900\"><\/iframe><\/p>\n<\/div>\n","protected":false},"excerpt":{"rendered":"<p>Nyugodtan beismerheted, hogy bring\u00e1d eg\u00e9sz t\u00e9len mag\u00e1nyosan \u00e1lldog\u00e1lt a gar\u00e1zsban. Vagy csak n\u00e9h\u00e1ny alkalommal vetted el\u0151, amikor \u00e9pp kis\u00fct\u00f6tt a [&hellip;]<\/p>\n","protected":false},"author":71,"featured_media":13884,"comment_status":"open","ping_status":"open","sticky":false,"template":"","format":"standard","meta":{"footnotes":""},"categories":[6],"tags":[],"global-categories":[],"class_list":["post-13879","post","type-post","status-publish","format-standard","has-post-thumbnail","hentry","category-edzes-es-eletmod"],"yoast_head":"<!-- This site is optimized with the Yoast SEO Premium plugin v25.3 (Yoast SEO v25.9) - https:\/\/yoast.com\/wordpress\/plugins\/seo\/ -->\n<title>Tavaszi karbantart\u00e1s: k\u00e9sz\u00edtsd fel a bring\u00e1d a szezonra!<\/title>\n<meta name=\"description\" content=\"Nyugodtan beismerheted, hogy bring\u00e1d eg\u00e9sz t\u00e9len mag\u00e1nyosan \u00e1lldog\u00e1lt a gar\u00e1zsban. Vagy csak n\u00e9h\u00e1ny alkalommal vetted el\u0151, amikor \u00e9pp kis\u00fct\u00f6tt a nap, hogy eltekerj rajta a boltig, majd vissza.\" \/>\n<meta name=\"robots\" content=\"index, follow, max-snippet:-1, max-image-preview:large, max-video-preview:-1\" \/>\n<link rel=\"canonical\" href=\"https:\/\/www.welovecycling.com\/hu\/edzes-es-eletmod\/tavaszi-karbantartas-keszitsd-fel-a-bringad-a-szezonra\/\" \/>\n<meta property=\"og:locale\" content=\"hu_HU\" \/>\n<meta property=\"og:type\" content=\"article\" \/>\n<meta property=\"og:title\" content=\"Tavaszi karbantart\u00e1s: k\u00e9sz\u00edtsd fel a bring\u00e1d a szezonra!\" \/>\n<meta property=\"og:description\" content=\"Nyugodtan beismerheted, hogy bring\u00e1d eg\u00e9sz t\u00e9len mag\u00e1nyosan \u00e1lldog\u00e1lt a gar\u00e1zsban. Vagy csak n\u00e9h\u00e1ny alkalommal vetted el\u0151, amikor \u00e9pp kis\u00fct\u00f6tt a nap, hogy eltekerj rajta a boltig, majd vissza.\" \/>\n<meta property=\"og:url\" content=\"https:\/\/www.welovecycling.com\/hu\/edzes-es-eletmod\/tavaszi-karbantartas-keszitsd-fel-a-bringad-a-szezonra\/\" \/>\n<meta property=\"og:site_name\" content=\"\u0160koda We Love Cycling - Magyarorsz\u00e1g\" \/>\n<meta property=\"article:publisher\" content=\"https:\/\/www.facebook.com\/WeLoveCyclingHungary\/\" \/>\n<meta property=\"article:published_time\" content=\"2022-03-30T06:00:51+00:00\" \/>\n<meta property=\"og:image\" content=\"https:\/\/d2p6e6u75xmxt8.cloudfront.net\/12\/2022\/03\/234242422_4233113213.jpg\" \/>\n\t<meta property=\"og:image:width\" content=\"950\" \/>\n\t<meta property=\"og:image:height\" content=\"350\" \/>\n\t<meta property=\"og:image:type\" content=\"image\/jpeg\" \/>\n<meta name=\"author\" content=\"hegyizs\" \/>\n<meta name=\"twitter:card\" content=\"summary_large_image\" \/>\n<meta name=\"twitter:label1\" content=\"Written by\" \/>\n\t<meta name=\"twitter:data1\" content=\"Jessica Lamb\" \/>\n\t<meta name=\"twitter:label2\" content=\"Est. reading time\" \/>\n\t<meta name=\"twitter:data2\" content=\"4 minutes\" \/>\n<script type=\"application\/ld+json\" class=\"yoast-schema-graph\">{\"@context\":\"https:\/\/schema.org\",\"@graph\":[{\"@type\":\"WebPage\",\"@id\":\"https:\/\/www.welovecycling.com\/hu\/edzes-es-eletmod\/tavaszi-karbantartas-keszitsd-fel-a-bringad-a-szezonra\/\",\"url\":\"https:\/\/www.welovecycling.com\/hu\/edzes-es-eletmod\/tavaszi-karbantartas-keszitsd-fel-a-bringad-a-szezonra\/\",\"name\":\"Tavaszi karbantart\u00e1s: k\u00e9sz\u00edtsd fel a bring\u00e1d a szezonra!\",\"isPartOf\":{\"@id\":\"https:\/\/www.welovecycling.com\/hu\/#website\"},\"primaryImageOfPage\":{\"@id\":\"https:\/\/www.welovecycling.com\/hu\/edzes-es-eletmod\/tavaszi-karbantartas-keszitsd-fel-a-bringad-a-szezonra\/#primaryimage\"},\"image\":{\"@id\":\"https:\/\/www.welovecycling.com\/hu\/edzes-es-eletmod\/tavaszi-karbantartas-keszitsd-fel-a-bringad-a-szezonra\/#primaryimage\"},\"thumbnailUrl\":\"https:\/\/d2p6e6u75xmxt8.cloudfront.net\/12\/2022\/03\/234242422_4233113213.jpg\",\"datePublished\":\"2022-03-30T06:00:51+00:00\",\"author\":{\"@id\":\"https:\/\/www.welovecycling.com\/hu\/#\/schema\/person\/414a2aebf1801691a5320edb6468e194\"},\"description\":\"Nyugodtan beismerheted, hogy bring\u00e1d eg\u00e9sz t\u00e9len mag\u00e1nyosan \u00e1lldog\u00e1lt a gar\u00e1zsban. Vagy csak n\u00e9h\u00e1ny alkalommal vetted el\u0151, amikor \u00e9pp kis\u00fct\u00f6tt a nap, hogy eltekerj rajta a boltig, majd vissza.\",\"breadcrumb\":{\"@id\":\"https:\/\/www.welovecycling.com\/hu\/edzes-es-eletmod\/tavaszi-karbantartas-keszitsd-fel-a-bringad-a-szezonra\/#breadcrumb\"},\"inLanguage\":\"hu\",\"potentialAction\":[{\"@type\":\"ReadAction\",\"target\":[\"https:\/\/www.welovecycling.com\/hu\/edzes-es-eletmod\/tavaszi-karbantartas-keszitsd-fel-a-bringad-a-szezonra\/\"]}]},{\"@type\":\"ImageObject\",\"inLanguage\":\"hu\",\"@id\":\"https:\/\/www.welovecycling.com\/hu\/edzes-es-eletmod\/tavaszi-karbantartas-keszitsd-fel-a-bringad-a-szezonra\/#primaryimage\",\"url\":\"https:\/\/d2p6e6u75xmxt8.cloudfront.net\/12\/2022\/03\/234242422_4233113213.jpg\",\"contentUrl\":\"https:\/\/d2p6e6u75xmxt8.cloudfront.net\/12\/2022\/03\/234242422_4233113213.jpg\",\"width\":950,\"height\":350},{\"@type\":\"BreadcrumbList\",\"@id\":\"https:\/\/www.welovecycling.com\/hu\/edzes-es-eletmod\/tavaszi-karbantartas-keszitsd-fel-a-bringad-a-szezonra\/#breadcrumb\",\"itemListElement\":[{\"@type\":\"ListItem\",\"position\":1,\"name\":\"Home\",\"item\":\"https:\/\/www.welovecycling.com\/hu\/\"},{\"@type\":\"ListItem\",\"position\":2,\"name\":\"Tavaszi karbantart\u00e1s: k\u00e9sz\u00edtsd fel a bring\u00e1d a szezonra!\"}]},{\"@type\":\"WebSite\",\"@id\":\"https:\/\/www.welovecycling.com\/hu\/#website\",\"url\":\"https:\/\/www.welovecycling.com\/hu\/\",\"name\":\"\u0160koda We Love Cycling - Magyarorsz\u00e1g\",\"description\":\"\u0160koda WeLoveCycling\",\"potentialAction\":[{\"@type\":\"SearchAction\",\"target\":{\"@type\":\"EntryPoint\",\"urlTemplate\":\"https:\/\/www.welovecycling.com\/hu\/?s={search_term_string}\"},\"query-input\":{\"@type\":\"PropertyValueSpecification\",\"valueRequired\":true,\"valueName\":\"search_term_string\"}}],\"inLanguage\":\"hu\"},{\"@type\":\"Person\",\"@id\":\"https:\/\/www.welovecycling.com\/hu\/#\/schema\/person\/414a2aebf1801691a5320edb6468e194\",\"name\":\"hegyizs\",\"image\":{\"@type\":\"ImageObject\",\"inLanguage\":\"hu\",\"@id\":\"https:\/\/www.welovecycling.com\/hu\/#\/schema\/person\/image\/\",\"url\":\"https:\/\/secure.gravatar.com\/avatar\/02cf8a7906b8cf90cecb4679defac7cfd33a1c2e3b88e4903d947f3bb58eedd3?s=96&d=mm&r=g\",\"contentUrl\":\"https:\/\/secure.gravatar.com\/avatar\/02cf8a7906b8cf90cecb4679defac7cfd33a1c2e3b88e4903d947f3bb58eedd3?s=96&d=mm&r=g\",\"caption\":\"hegyizs\"},\"url\":\"https:\/\/www.welovecycling.com\/hu\/author\/hegyizs\/\"}]}<\/script>\n<!-- \/ Yoast SEO Premium plugin. -->","yoast_head_json":{"title":"Tavaszi karbantart\u00e1s: k\u00e9sz\u00edtsd fel a bring\u00e1d a szezonra!","description":"Nyugodtan beismerheted, hogy bring\u00e1d eg\u00e9sz t\u00e9len mag\u00e1nyosan \u00e1lldog\u00e1lt a gar\u00e1zsban. Vagy csak n\u00e9h\u00e1ny alkalommal vetted el\u0151, amikor \u00e9pp kis\u00fct\u00f6tt a nap, hogy eltekerj rajta a boltig, majd vissza.","robots":{"index":"index","follow":"follow","max-snippet":"max-snippet:-1","max-image-preview":"max-image-preview:large","max-video-preview":"max-video-preview:-1"},"canonical":"https:\/\/www.welovecycling.com\/hu\/edzes-es-eletmod\/tavaszi-karbantartas-keszitsd-fel-a-bringad-a-szezonra\/","og_locale":"hu_HU","og_type":"article","og_title":"Tavaszi karbantart\u00e1s: k\u00e9sz\u00edtsd fel a bring\u00e1d a szezonra!","og_description":"Nyugodtan beismerheted, hogy bring\u00e1d eg\u00e9sz t\u00e9len mag\u00e1nyosan \u00e1lldog\u00e1lt a gar\u00e1zsban. Vagy csak n\u00e9h\u00e1ny alkalommal vetted el\u0151, amikor \u00e9pp kis\u00fct\u00f6tt a nap, hogy eltekerj rajta a boltig, majd vissza.","og_url":"https:\/\/www.welovecycling.com\/hu\/edzes-es-eletmod\/tavaszi-karbantartas-keszitsd-fel-a-bringad-a-szezonra\/","og_site_name":"\u0160koda We Love Cycling - Magyarorsz\u00e1g","article_publisher":"https:\/\/www.facebook.com\/WeLoveCyclingHungary\/","article_published_time":"2022-03-30T06:00:51+00:00","og_image":[{"width":950,"height":350,"url":"https:\/\/d2p6e6u75xmxt8.cloudfront.net\/12\/2022\/03\/234242422_4233113213.jpg","type":"image\/jpeg"}],"author":"hegyizs","twitter_card":"summary_large_image","twitter_misc":{"Written by":"Jessica Lamb","Est. reading time":"4 minutes"},"schema":{"@context":"https:\/\/schema.org","@graph":[{"@type":"WebPage","@id":"https:\/\/www.welovecycling.com\/hu\/edzes-es-eletmod\/tavaszi-karbantartas-keszitsd-fel-a-bringad-a-szezonra\/","url":"https:\/\/www.welovecycling.com\/hu\/edzes-es-eletmod\/tavaszi-karbantartas-keszitsd-fel-a-bringad-a-szezonra\/","name":"Tavaszi karbantart\u00e1s: k\u00e9sz\u00edtsd fel a bring\u00e1d a szezonra!","isPartOf":{"@id":"https:\/\/www.welovecycling.com\/hu\/#website"},"primaryImageOfPage":{"@id":"https:\/\/www.welovecycling.com\/hu\/edzes-es-eletmod\/tavaszi-karbantartas-keszitsd-fel-a-bringad-a-szezonra\/#primaryimage"},"image":{"@id":"https:\/\/www.welovecycling.com\/hu\/edzes-es-eletmod\/tavaszi-karbantartas-keszitsd-fel-a-bringad-a-szezonra\/#primaryimage"},"thumbnailUrl":"https:\/\/d2p6e6u75xmxt8.cloudfront.net\/12\/2022\/03\/234242422_4233113213.jpg","datePublished":"2022-03-30T06:00:51+00:00","author":{"@id":"https:\/\/www.welovecycling.com\/hu\/#\/schema\/person\/414a2aebf1801691a5320edb6468e194"},"description":"Nyugodtan beismerheted, hogy bring\u00e1d eg\u00e9sz t\u00e9len mag\u00e1nyosan \u00e1lldog\u00e1lt a gar\u00e1zsban. Vagy csak n\u00e9h\u00e1ny alkalommal vetted el\u0151, amikor \u00e9pp kis\u00fct\u00f6tt a nap, hogy eltekerj rajta a boltig, majd vissza.","breadcrumb":{"@id":"https:\/\/www.welovecycling.com\/hu\/edzes-es-eletmod\/tavaszi-karbantartas-keszitsd-fel-a-bringad-a-szezonra\/#breadcrumb"},"inLanguage":"hu","potentialAction":[{"@type":"ReadAction","target":["https:\/\/www.welovecycling.com\/hu\/edzes-es-eletmod\/tavaszi-karbantartas-keszitsd-fel-a-bringad-a-szezonra\/"]}]},{"@type":"ImageObject","inLanguage":"hu","@id":"https:\/\/www.welovecycling.com\/hu\/edzes-es-eletmod\/tavaszi-karbantartas-keszitsd-fel-a-bringad-a-szezonra\/#primaryimage","url":"https:\/\/d2p6e6u75xmxt8.cloudfront.net\/12\/2022\/03\/234242422_4233113213.jpg","contentUrl":"https:\/\/d2p6e6u75xmxt8.cloudfront.net\/12\/2022\/03\/234242422_4233113213.jpg","width":950,"height":350},{"@type":"BreadcrumbList","@id":"https:\/\/www.welovecycling.com\/hu\/edzes-es-eletmod\/tavaszi-karbantartas-keszitsd-fel-a-bringad-a-szezonra\/#breadcrumb","itemListElement":[{"@type":"ListItem","position":1,"name":"Home","item":"https:\/\/www.welovecycling.com\/hu\/"},{"@type":"ListItem","position":2,"name":"Tavaszi karbantart\u00e1s: k\u00e9sz\u00edtsd fel a bring\u00e1d a szezonra!"}]},{"@type":"WebSite","@id":"https:\/\/www.welovecycling.com\/hu\/#website","url":"https:\/\/www.welovecycling.com\/hu\/","name":"\u0160koda We Love Cycling - Magyarorsz\u00e1g","description":"\u0160koda WeLoveCycling","potentialAction":[{"@type":"SearchAction","target":{"@type":"EntryPoint","urlTemplate":"https:\/\/www.welovecycling.com\/hu\/?s={search_term_string}"},"query-input":{"@type":"PropertyValueSpecification","valueRequired":true,"valueName":"search_term_string"}}],"inLanguage":"hu"},{"@type":"Person","@id":"https:\/\/www.welovecycling.com\/hu\/#\/schema\/person\/414a2aebf1801691a5320edb6468e194","name":"hegyizs","image":{"@type":"ImageObject","inLanguage":"hu","@id":"https:\/\/www.welovecycling.com\/hu\/#\/schema\/person\/image\/","url":"https:\/\/secure.gravatar.com\/avatar\/02cf8a7906b8cf90cecb4679defac7cfd33a1c2e3b88e4903d947f3bb58eedd3?s=96&d=mm&r=g","contentUrl":"https:\/\/secure.gravatar.com\/avatar\/02cf8a7906b8cf90cecb4679defac7cfd33a1c2e3b88e4903d947f3bb58eedd3?s=96&d=mm&r=g","caption":"hegyizs"},"url":"https:\/\/www.welovecycling.com\/hu\/author\/hegyizs\/"}]}},"_links":{"self":[{"href":"https:\/\/www.welovecycling.com\/hu\/wp-json\/wp\/v2\/posts\/13879","targetHints":{"allow":["GET"]}}],"collection":[{"href":"https:\/\/www.welovecycling.com\/hu\/wp-json\/wp\/v2\/posts"}],"about":[{"href":"https:\/\/www.welovecycling.com\/hu\/wp-json\/wp\/v2\/types\/post"}],"author":[{"embeddable":true,"href":"https:\/\/www.welovecycling.com\/hu\/wp-json\/wp\/v2\/users\/71"}],"replies":[{"embeddable":true,"href":"https:\/\/www.welovecycling.com\/hu\/wp-json\/wp\/v2\/comments?post=13879"}],"version-history":[{"count":2,"href":"https:\/\/www.welovecycling.com\/hu\/wp-json\/wp\/v2\/posts\/13879\/revisions"}],"predecessor-version":[{"id":13909,"href":"https:\/\/www.welovecycling.com\/hu\/wp-json\/wp\/v2\/posts\/13879\/revisions\/13909"}],"wp:featuredmedia":[{"embeddable":true,"href":"https:\/\/www.welovecycling.com\/hu\/wp-json\/wp\/v2\/media\/13884"}],"wp:attachment":[{"href":"https:\/\/www.welovecycling.com\/hu\/wp-json\/wp\/v2\/media?parent=13879"}],"wp:term":[{"taxonomy":"category","embeddable":true,"href":"https:\/\/www.welovecycling.com\/hu\/wp-json\/wp\/v2\/categories?post=13879"},{"taxonomy":"post_tag","embeddable":true,"href":"https:\/\/www.welovecycling.com\/hu\/wp-json\/wp\/v2\/tags?post=13879"},{"taxonomy":"global-categories","embeddable":true,"href":"https:\/\/www.welovecycling.com\/hu\/wp-json\/wp\/v2\/global-categories?post=13879"}],"curies":[{"name":"wp","href":"https:\/\/api.w.org\/{rel}","templated":true}]}}