{"id":13774,"date":"2022-03-27T08:00:16","date_gmt":"2022-03-27T06:00:16","guid":{"rendered":"https:\/\/www.welovecycling.com\/hu\/?p=13774"},"modified":"2022-03-21T17:16:18","modified_gmt":"2022-03-21T15:16:18","slug":"tour-de-france-dokumentumfilm-sorozatot-tervez-a-netflix","status":"publish","type":"post","link":"https:\/\/www.welovecycling.com\/hu\/orszaguti-kerekpar\/tour-de-france-dokumentumfilm-sorozatot-tervez-a-netflix\/","title":{"rendered":"Tour de France-dokumentumfilm-sorozatot tervez a Netflix"},"content":{"rendered":"<p><strong>A n\u00e9pszer\u0171 streamingszolg\u00e1ltat\u00f3 a nagy siker\u0171 Forma-1-es Hajsza a t\u00fal\u00e9l\u00e9s\u00e9rt c. dokusorozat mint\u00e1j\u00e1ra k\u00e9sz\u00edten\u00e9 el a bring\u00e1s verzi\u00f3t, mely nyom\u00e1n a n\u00e9z\u0151k is sokkal jobban betekinthetn\u00e9nek a profi ker\u00e9kp\u00e1rsport kulissz\u00e1i m\u00f6g\u00e9. <\/strong><!--more--><\/p>\n<p>Ragyog\u00f3 h\u00edrt kaptak a ker\u00e9kp\u00e1rsport szerelmesei, hiszen m\u00e9dia\u00e9rtes\u00fcl\u00e9sek szerint az egyik legn\u00e9pszer\u0171bb, vil\u00e1gm\u00e9ret\u0171 streamingszolg\u00e1ltat\u00f3, a n\u00e1lunk is j\u00f3l ismert Netflix hetek \u00f3ta t\u00e1rgyal a Tour de France-t szervez\u0151 ASO c\u00e9ggel egy egy\u00fcttm\u0171k\u00f6d\u00e9sr\u0151l, pontosabban arr\u00f3l, hogy tet\u0151 al\u00e1 hozn\u00e1nak egy dokumentum-sorozatot a vil\u00e1g legnagyobb bringaverseny\u00e9r\u0151l.<\/p>\n<p>Ha a dolog val\u00f3ban l\u00e9trej\u00f6n, akkor az eg\u00e9szet \u00fagy k\u00e9pzelhetj\u00fck el, mint a csatorna \u00e9vek \u00f3ta ugyancsak nagy sikerrel fut\u00f3 hasonsz\u0151r\u0171 dokusorozat\u00e1t, a Forma-1-es \u201eHajsza a t\u00fal\u00e9l\u00e9s\u00e9rt\u201d (angolul Drive to survive) c\u00edm\u0171 produkci\u00f3t. Ez azt jelenti, hogy a n\u00e9z\u0151k itt is sokkal jobban bepillanthatn\u00e1nak a profi ker\u00e9kp\u00e1rosvil\u00e1g kulissz\u00e1i m\u00f6g\u00e9, jobban megismern\u00e9k a versenyz\u0151k szem\u00e9lyis\u00e9g\u00e9t, a ker\u00e9kp\u00e1ros \u00e9letforma saj\u00e1toss\u00e1gait, a szem\u00e9lyes dr\u00e1m\u00e1kat, \u00e9s \u00edgy tov\u00e1bb. A Netflixnek egy\u00e9bk\u00e9nt nem ez lenne az els\u0151 ilyen jelleg\u0171 pr\u00f3b\u00e1lkoz\u00e1sa, hiszen 2019-ben a Movistar \u00e9v\u00e9r\u0151l m\u00e1r k\u00e9sz\u00edtett egy minisorozatot a \u201eThe Least Expected Day\u201d c\u00edmmel, ami els\u0151sorban Richard Carapaz meglepet\u00e9ssz\u00e1mba men\u0151 Giro-gy\u0151zelm\u00e9re f\u00f3kusz\u00e1lt, v\u00e9gigk\u00f6vetve a csapat \u00e9s a versenyz\u0151k mindennapjait az \u00f6r\u00f6mteli \u00e9s a neh\u00e9z pillanatokkal egy\u00fctt.<\/p>\n<p>Az \u00faj projekttel kapcsolatban az \u201eapr\u00f3cska\u201d b\u00f6kken\u0151t egyel\u0151re az, hogy t\u00f6bb csapat k\u00fcl\u00f6nf\u00e9le szerz\u0151i jogi agg\u00e1lyok miatt egyel\u0151re nem akarja v\u00e1llalni a szerepl\u00e9st a friss Netflix-produkci\u00f3ban. A nyolc legnagyobb ist\u00e1ll\u00f3 k\u00f6z\u00fcl p\u00e9ld\u00e1ul a k\u00e9tszeres c\u00edmv\u00e9d\u0151 Tadej Poga\u010dar csapat\u00e1val, az Emiratesszel m\u00e1ris nem siker\u00fclt megegyezni, mik\u00e9nt az azt megel\u0151z\u0151 \u00e9vekben a viadalt ural\u00f3 brit gig\u00e1sz Ineosszal sem (a Quick-Step \u00e9s \u00e1ll\u00edt\u00f3lag a Jumbo is ugyanakkor bizonyos felt\u00e9telekkel, de benne lenne a dologban).<\/p>\n<figure id=\"attachment_13776\" aria-describedby=\"caption-attachment-13776\" style=\"width: 700px\" class=\"wp-caption alignnone\"><a href=\"https:\/\/d2p6e6u75xmxt8.cloudfront.net\/12\/2022\/03\/mark-cavendish-1_1640745036.jpg\"><img loading=\"lazy\" decoding=\"async\" class=\"size-full wp-image-13776\" src=\"https:\/\/d2p6e6u75xmxt8.cloudfront.net\/12\/2022\/03\/mark-cavendish-1_1640745036.jpg\" alt=\"\" width=\"700\" height=\"470\" srcset=\"https:\/\/d2p6e6u75xmxt8.cloudfront.net\/12\/2022\/03\/mark-cavendish-1_1640745036.jpg 700w, https:\/\/d2p6e6u75xmxt8.cloudfront.net\/12\/2022\/03\/mark-cavendish-1_1640745036-300x201.jpg 300w, https:\/\/d2p6e6u75xmxt8.cloudfront.net\/12\/2022\/03\/mark-cavendish-1_1640745036-272x182.jpg 272w\" sizes=\"auto, (max-width: 700px) 100vw, 700px\" \/><\/a><figcaption id=\"caption-attachment-13776\" class=\"wp-caption-text\">A Quick-Step \u00e1ll\u00edt\u00f3lag benne lenne az \u00faj Tour de France-projektben (fot\u00f3: Quick-Step Alpha Vinyl)<\/figcaption><\/figure>\n<p>A projekt megval\u00f3sul\u00e1sa mindenesetre bizonyosan komoly el\u0151ny\u00f6kkel j\u00e1rna a ker\u00e9kp\u00e1rsport sz\u00e1m\u00e1ra, hiszen az F1-es sorozat is hatalmas sikerrel fut, m\u00e1r a negyedik \u00e9vada fog megkezd\u0151dni, \u00e9s m\u00e9rhet\u0151, jelent\u0151s n\u00e9pszer\u0171s\u00e9gn\u00f6veked\u00e9st hozott a sport\u00e1g konyh\u00e1j\u00e1ra a m\u00f6g\u00f6tt\u00fcnk hagyott h\u00e1rom \u00e9vben.<\/p>\n<p>Nek\u00fcnk mindenesetre egy m\u00e1sik verseny, a Strade Bianche volt a legszebb \u201emozi\u00e9lm\u00e9ny\u00fcnk\u201d az elm\u00falt id\u0151szakban. Hogy az \u00e9v egyik, ha nem a legszebb \u00e9s legk\u00fcl\u00f6nlegesebb egynaposa a f\u00f6ld\u00f6nt\u00fali l\u00e1tv\u00e1nyon t\u00fal Valter Attila vil\u00e1grasz\u00f3l\u00f3 negyedik hely\u00e9vel is meg\u00f6rvendeztette a magyar szurkol\u00f3kat, aligha \u00fajdons\u00e1g itt b\u00e1rkinek is, de az tal\u00e1n igen, hogy Ati hogyan \u00e9lte meg \u201ebel\u00fclr\u0151l\u201d a feh\u00e9r murv\u00e1s toszk\u00e1nai viadalt. Az FDJ magyar kedvence ut\u00f3lag el\u00e1rulta, a kem\u00e9ny verseny k\u00f6zben (nem meglep\u0151 m\u00f3don) a legkev\u00e9sb\u00e9 sem tudtak a t\u00e1jban gy\u00f6ny\u00f6rk\u00f6dni, f\u0151leg, hogy n\u00e9ha \u2013 els\u0151sorban a murv\u00e1s r\u00e9szeken \u2013 olyan porfelh\u0151 volt, hogy az orrukig is alig l\u00e1ttak. \u00cdgy f\u0151k\u00e9nt a versenyt megel\u0151z\u0151 p\u00e1lyabej\u00e1r\u00e1son \u00e9lvezhett\u00e9k ki a fest\u0151i l\u00e1tv\u00e1nyt. <em>\u201eT\u00e9nyleg nagyon nagy \u00e9lm\u00e9ny volt minden szempontb\u00f3l, j\u00f6v\u0151re mindenk\u00e9ppen szeretn\u00e9k visszat\u00e9rni\u201d<\/em> \u2013 mondta a WLC-nek Valter Attila.<\/p>\n<figure id=\"attachment_13775\" aria-describedby=\"caption-attachment-13775\" style=\"width: 1024px\" class=\"wp-caption alignnone\"><a href=\"https:\/\/d2p6e6u75xmxt8.cloudfront.net\/12\/2022\/03\/275078120_1100271304102962_8659279620782651355_n.jpg\"><img loading=\"lazy\" decoding=\"async\" class=\"size-large wp-image-13775\" src=\"https:\/\/d2p6e6u75xmxt8.cloudfront.net\/12\/2022\/03\/275078120_1100271304102962_8659279620782651355_n-1024x682.jpg\" alt=\"\" width=\"1024\" height=\"682\" srcset=\"https:\/\/d2p6e6u75xmxt8.cloudfront.net\/12\/2022\/03\/275078120_1100271304102962_8659279620782651355_n-1024x682.jpg 1024w, https:\/\/d2p6e6u75xmxt8.cloudfront.net\/12\/2022\/03\/275078120_1100271304102962_8659279620782651355_n-300x200.jpg 300w, https:\/\/d2p6e6u75xmxt8.cloudfront.net\/12\/2022\/03\/275078120_1100271304102962_8659279620782651355_n-768x512.jpg 768w, https:\/\/d2p6e6u75xmxt8.cloudfront.net\/12\/2022\/03\/275078120_1100271304102962_8659279620782651355_n-1536x1023.jpg 1536w, https:\/\/d2p6e6u75xmxt8.cloudfront.net\/12\/2022\/03\/275078120_1100271304102962_8659279620782651355_n-272x182.jpg 272w, https:\/\/d2p6e6u75xmxt8.cloudfront.net\/12\/2022\/03\/275078120_1100271304102962_8659279620782651355_n.jpg 1600w\" sizes=\"auto, (max-width: 1024px) 100vw, 1024px\" \/><\/a><figcaption id=\"caption-attachment-13775\" class=\"wp-caption-text\">forr\u00e1s: Facebook (Valter Attila)<\/figcaption><\/figure>\n<p><em>Bor\u00edt\u00f3k\u00e9p: Netflix<\/em><\/p>\n","protected":false},"excerpt":{"rendered":"<p>A n\u00e9pszer\u0171 streamingszolg\u00e1ltat\u00f3 a nagy siker\u0171 Forma-1-es Hajsza a t\u00fal\u00e9l\u00e9s\u00e9rt c. dokusorozat mint\u00e1j\u00e1ra k\u00e9sz\u00edten\u00e9 el a bring\u00e1s verzi\u00f3t, mely nyom\u00e1n [&hellip;]<\/p>\n","protected":false},"author":71,"featured_media":13777,"comment_status":"open","ping_status":"open","sticky":false,"template":"","format":"standard","meta":{"footnotes":""},"categories":[8],"tags":[],"global-categories":[],"class_list":["post-13774","post","type-post","status-publish","format-standard","has-post-thumbnail","hentry","category-orszaguti-kerekpar"],"yoast_head":"<!-- This site is optimized with the Yoast SEO Premium plugin v25.3 (Yoast SEO v25.9) - https:\/\/yoast.com\/wordpress\/plugins\/seo\/ -->\n<title>Tour de France-dokumentumfilm-sorozatot tervez a Netflix - \u0160koda We Love Cycling - Magyarorsz\u00e1g<\/title>\n<meta name=\"robots\" content=\"index, follow, max-snippet:-1, max-image-preview:large, max-video-preview:-1\" \/>\n<link rel=\"canonical\" href=\"https:\/\/www.welovecycling.com\/hu\/orszaguti-kerekpar\/tour-de-france-dokumentumfilm-sorozatot-tervez-a-netflix\/\" \/>\n<meta property=\"og:locale\" content=\"hu_HU\" \/>\n<meta property=\"og:type\" content=\"article\" \/>\n<meta property=\"og:title\" content=\"Tour de France-dokumentumfilm-sorozatot tervez a Netflix\" \/>\n<meta property=\"og:description\" content=\"A n\u00e9pszer\u0171 streamingszolg\u00e1ltat\u00f3 a nagy siker\u0171 Forma-1-es Hajsza a t\u00fal\u00e9l\u00e9s\u00e9rt c. dokusorozat mint\u00e1j\u00e1ra k\u00e9sz\u00edten\u00e9 el a bring\u00e1s verzi\u00f3t, mely nyom\u00e1n [&hellip;]\" \/>\n<meta property=\"og:url\" content=\"https:\/\/www.welovecycling.com\/hu\/orszaguti-kerekpar\/tour-de-france-dokumentumfilm-sorozatot-tervez-a-netflix\/\" \/>\n<meta property=\"og:site_name\" content=\"\u0160koda We Love Cycling - Magyarorsz\u00e1g\" \/>\n<meta property=\"article:publisher\" content=\"https:\/\/www.facebook.com\/WeLoveCyclingHungary\/\" \/>\n<meta property=\"article:published_time\" content=\"2022-03-27T06:00:16+00:00\" \/>\n<meta property=\"og:image\" content=\"https:\/\/d2p6e6u75xmxt8.cloudfront.net\/12\/2022\/03\/Day-e1585315278733.jpg\" \/>\n\t<meta property=\"og:image:width\" content=\"1097\" \/>\n\t<meta property=\"og:image:height\" content=\"720\" \/>\n\t<meta property=\"og:image:type\" content=\"image\/jpeg\" \/>\n<meta name=\"author\" content=\"hegyizs\" \/>\n<meta name=\"twitter:card\" content=\"summary_large_image\" \/>\n<meta name=\"twitter:label1\" content=\"Written by\" \/>\n\t<meta name=\"twitter:data1\" content=\"WLC\" \/>\n\t<meta name=\"twitter:label2\" content=\"Est. reading time\" \/>\n\t<meta name=\"twitter:data2\" content=\"3 minutes\" \/>\n<script type=\"application\/ld+json\" class=\"yoast-schema-graph\">{\"@context\":\"https:\/\/schema.org\",\"@graph\":[{\"@type\":\"WebPage\",\"@id\":\"https:\/\/www.welovecycling.com\/hu\/orszaguti-kerekpar\/tour-de-france-dokumentumfilm-sorozatot-tervez-a-netflix\/\",\"url\":\"https:\/\/www.welovecycling.com\/hu\/orszaguti-kerekpar\/tour-de-france-dokumentumfilm-sorozatot-tervez-a-netflix\/\",\"name\":\"Tour de France-dokumentumfilm-sorozatot tervez a Netflix - \u0160koda We Love Cycling - Magyarorsz\u00e1g\",\"isPartOf\":{\"@id\":\"https:\/\/www.welovecycling.com\/hu\/#website\"},\"primaryImageOfPage\":{\"@id\":\"https:\/\/www.welovecycling.com\/hu\/orszaguti-kerekpar\/tour-de-france-dokumentumfilm-sorozatot-tervez-a-netflix\/#primaryimage\"},\"image\":{\"@id\":\"https:\/\/www.welovecycling.com\/hu\/orszaguti-kerekpar\/tour-de-france-dokumentumfilm-sorozatot-tervez-a-netflix\/#primaryimage\"},\"thumbnailUrl\":\"https:\/\/d2p6e6u75xmxt8.cloudfront.net\/12\/2022\/03\/Day-e1585315278733.jpg\",\"datePublished\":\"2022-03-27T06:00:16+00:00\",\"author\":{\"@id\":\"https:\/\/www.welovecycling.com\/hu\/#\/schema\/person\/414a2aebf1801691a5320edb6468e194\"},\"breadcrumb\":{\"@id\":\"https:\/\/www.welovecycling.com\/hu\/orszaguti-kerekpar\/tour-de-france-dokumentumfilm-sorozatot-tervez-a-netflix\/#breadcrumb\"},\"inLanguage\":\"hu\",\"potentialAction\":[{\"@type\":\"ReadAction\",\"target\":[\"https:\/\/www.welovecycling.com\/hu\/orszaguti-kerekpar\/tour-de-france-dokumentumfilm-sorozatot-tervez-a-netflix\/\"]}]},{\"@type\":\"ImageObject\",\"inLanguage\":\"hu\",\"@id\":\"https:\/\/www.welovecycling.com\/hu\/orszaguti-kerekpar\/tour-de-france-dokumentumfilm-sorozatot-tervez-a-netflix\/#primaryimage\",\"url\":\"https:\/\/d2p6e6u75xmxt8.cloudfront.net\/12\/2022\/03\/Day-e1585315278733.jpg\",\"contentUrl\":\"https:\/\/d2p6e6u75xmxt8.cloudfront.net\/12\/2022\/03\/Day-e1585315278733.jpg\",\"width\":1097,\"height\":720},{\"@type\":\"BreadcrumbList\",\"@id\":\"https:\/\/www.welovecycling.com\/hu\/orszaguti-kerekpar\/tour-de-france-dokumentumfilm-sorozatot-tervez-a-netflix\/#breadcrumb\",\"itemListElement\":[{\"@type\":\"ListItem\",\"position\":1,\"name\":\"Home\",\"item\":\"https:\/\/www.welovecycling.com\/hu\/\"},{\"@type\":\"ListItem\",\"position\":2,\"name\":\"Tour de France-dokumentumfilm-sorozatot tervez a Netflix\"}]},{\"@type\":\"WebSite\",\"@id\":\"https:\/\/www.welovecycling.com\/hu\/#website\",\"url\":\"https:\/\/www.welovecycling.com\/hu\/\",\"name\":\"\u0160koda We Love Cycling - Magyarorsz\u00e1g\",\"description\":\"\u0160koda WeLoveCycling\",\"potentialAction\":[{\"@type\":\"SearchAction\",\"target\":{\"@type\":\"EntryPoint\",\"urlTemplate\":\"https:\/\/www.welovecycling.com\/hu\/?s={search_term_string}\"},\"query-input\":{\"@type\":\"PropertyValueSpecification\",\"valueRequired\":true,\"valueName\":\"search_term_string\"}}],\"inLanguage\":\"hu\"},{\"@type\":\"Person\",\"@id\":\"https:\/\/www.welovecycling.com\/hu\/#\/schema\/person\/414a2aebf1801691a5320edb6468e194\",\"name\":\"hegyizs\",\"image\":{\"@type\":\"ImageObject\",\"inLanguage\":\"hu\",\"@id\":\"https:\/\/www.welovecycling.com\/hu\/#\/schema\/person\/image\/\",\"url\":\"https:\/\/secure.gravatar.com\/avatar\/02cf8a7906b8cf90cecb4679defac7cfd33a1c2e3b88e4903d947f3bb58eedd3?s=96&d=mm&r=g\",\"contentUrl\":\"https:\/\/secure.gravatar.com\/avatar\/02cf8a7906b8cf90cecb4679defac7cfd33a1c2e3b88e4903d947f3bb58eedd3?s=96&d=mm&r=g\",\"caption\":\"hegyizs\"},\"url\":\"https:\/\/www.welovecycling.com\/hu\/author\/hegyizs\/\"}]}<\/script>\n<!-- \/ Yoast SEO Premium plugin. -->","yoast_head_json":{"title":"Tour de France-dokumentumfilm-sorozatot tervez a Netflix - \u0160koda We Love Cycling - Magyarorsz\u00e1g","robots":{"index":"index","follow":"follow","max-snippet":"max-snippet:-1","max-image-preview":"max-image-preview:large","max-video-preview":"max-video-preview:-1"},"canonical":"https:\/\/www.welovecycling.com\/hu\/orszaguti-kerekpar\/tour-de-france-dokumentumfilm-sorozatot-tervez-a-netflix\/","og_locale":"hu_HU","og_type":"article","og_title":"Tour de France-dokumentumfilm-sorozatot tervez a Netflix","og_description":"A n\u00e9pszer\u0171 streamingszolg\u00e1ltat\u00f3 a nagy siker\u0171 Forma-1-es Hajsza a t\u00fal\u00e9l\u00e9s\u00e9rt c. dokusorozat mint\u00e1j\u00e1ra k\u00e9sz\u00edten\u00e9 el a bring\u00e1s verzi\u00f3t, mely nyom\u00e1n [&hellip;]","og_url":"https:\/\/www.welovecycling.com\/hu\/orszaguti-kerekpar\/tour-de-france-dokumentumfilm-sorozatot-tervez-a-netflix\/","og_site_name":"\u0160koda We Love Cycling - Magyarorsz\u00e1g","article_publisher":"https:\/\/www.facebook.com\/WeLoveCyclingHungary\/","article_published_time":"2022-03-27T06:00:16+00:00","og_image":[{"width":1097,"height":720,"url":"https:\/\/d2p6e6u75xmxt8.cloudfront.net\/12\/2022\/03\/Day-e1585315278733.jpg","type":"image\/jpeg"}],"author":"hegyizs","twitter_card":"summary_large_image","twitter_misc":{"Written by":"WLC","Est. reading time":"3 minutes"},"schema":{"@context":"https:\/\/schema.org","@graph":[{"@type":"WebPage","@id":"https:\/\/www.welovecycling.com\/hu\/orszaguti-kerekpar\/tour-de-france-dokumentumfilm-sorozatot-tervez-a-netflix\/","url":"https:\/\/www.welovecycling.com\/hu\/orszaguti-kerekpar\/tour-de-france-dokumentumfilm-sorozatot-tervez-a-netflix\/","name":"Tour de France-dokumentumfilm-sorozatot tervez a Netflix - \u0160koda We Love Cycling - Magyarorsz\u00e1g","isPartOf":{"@id":"https:\/\/www.welovecycling.com\/hu\/#website"},"primaryImageOfPage":{"@id":"https:\/\/www.welovecycling.com\/hu\/orszaguti-kerekpar\/tour-de-france-dokumentumfilm-sorozatot-tervez-a-netflix\/#primaryimage"},"image":{"@id":"https:\/\/www.welovecycling.com\/hu\/orszaguti-kerekpar\/tour-de-france-dokumentumfilm-sorozatot-tervez-a-netflix\/#primaryimage"},"thumbnailUrl":"https:\/\/d2p6e6u75xmxt8.cloudfront.net\/12\/2022\/03\/Day-e1585315278733.jpg","datePublished":"2022-03-27T06:00:16+00:00","author":{"@id":"https:\/\/www.welovecycling.com\/hu\/#\/schema\/person\/414a2aebf1801691a5320edb6468e194"},"breadcrumb":{"@id":"https:\/\/www.welovecycling.com\/hu\/orszaguti-kerekpar\/tour-de-france-dokumentumfilm-sorozatot-tervez-a-netflix\/#breadcrumb"},"inLanguage":"hu","potentialAction":[{"@type":"ReadAction","target":["https:\/\/www.welovecycling.com\/hu\/orszaguti-kerekpar\/tour-de-france-dokumentumfilm-sorozatot-tervez-a-netflix\/"]}]},{"@type":"ImageObject","inLanguage":"hu","@id":"https:\/\/www.welovecycling.com\/hu\/orszaguti-kerekpar\/tour-de-france-dokumentumfilm-sorozatot-tervez-a-netflix\/#primaryimage","url":"https:\/\/d2p6e6u75xmxt8.cloudfront.net\/12\/2022\/03\/Day-e1585315278733.jpg","contentUrl":"https:\/\/d2p6e6u75xmxt8.cloudfront.net\/12\/2022\/03\/Day-e1585315278733.jpg","width":1097,"height":720},{"@type":"BreadcrumbList","@id":"https:\/\/www.welovecycling.com\/hu\/orszaguti-kerekpar\/tour-de-france-dokumentumfilm-sorozatot-tervez-a-netflix\/#breadcrumb","itemListElement":[{"@type":"ListItem","position":1,"name":"Home","item":"https:\/\/www.welovecycling.com\/hu\/"},{"@type":"ListItem","position":2,"name":"Tour de France-dokumentumfilm-sorozatot tervez a Netflix"}]},{"@type":"WebSite","@id":"https:\/\/www.welovecycling.com\/hu\/#website","url":"https:\/\/www.welovecycling.com\/hu\/","name":"\u0160koda We Love Cycling - Magyarorsz\u00e1g","description":"\u0160koda WeLoveCycling","potentialAction":[{"@type":"SearchAction","target":{"@type":"EntryPoint","urlTemplate":"https:\/\/www.welovecycling.com\/hu\/?s={search_term_string}"},"query-input":{"@type":"PropertyValueSpecification","valueRequired":true,"valueName":"search_term_string"}}],"inLanguage":"hu"},{"@type":"Person","@id":"https:\/\/www.welovecycling.com\/hu\/#\/schema\/person\/414a2aebf1801691a5320edb6468e194","name":"hegyizs","image":{"@type":"ImageObject","inLanguage":"hu","@id":"https:\/\/www.welovecycling.com\/hu\/#\/schema\/person\/image\/","url":"https:\/\/secure.gravatar.com\/avatar\/02cf8a7906b8cf90cecb4679defac7cfd33a1c2e3b88e4903d947f3bb58eedd3?s=96&d=mm&r=g","contentUrl":"https:\/\/secure.gravatar.com\/avatar\/02cf8a7906b8cf90cecb4679defac7cfd33a1c2e3b88e4903d947f3bb58eedd3?s=96&d=mm&r=g","caption":"hegyizs"},"url":"https:\/\/www.welovecycling.com\/hu\/author\/hegyizs\/"}]}},"_links":{"self":[{"href":"https:\/\/www.welovecycling.com\/hu\/wp-json\/wp\/v2\/posts\/13774","targetHints":{"allow":["GET"]}}],"collection":[{"href":"https:\/\/www.welovecycling.com\/hu\/wp-json\/wp\/v2\/posts"}],"about":[{"href":"https:\/\/www.welovecycling.com\/hu\/wp-json\/wp\/v2\/types\/post"}],"author":[{"embeddable":true,"href":"https:\/\/www.welovecycling.com\/hu\/wp-json\/wp\/v2\/users\/71"}],"replies":[{"embeddable":true,"href":"https:\/\/www.welovecycling.com\/hu\/wp-json\/wp\/v2\/comments?post=13774"}],"version-history":[{"count":1,"href":"https:\/\/www.welovecycling.com\/hu\/wp-json\/wp\/v2\/posts\/13774\/revisions"}],"predecessor-version":[{"id":13778,"href":"https:\/\/www.welovecycling.com\/hu\/wp-json\/wp\/v2\/posts\/13774\/revisions\/13778"}],"wp:featuredmedia":[{"embeddable":true,"href":"https:\/\/www.welovecycling.com\/hu\/wp-json\/wp\/v2\/media\/13777"}],"wp:attachment":[{"href":"https:\/\/www.welovecycling.com\/hu\/wp-json\/wp\/v2\/media?parent=13774"}],"wp:term":[{"taxonomy":"category","embeddable":true,"href":"https:\/\/www.welovecycling.com\/hu\/wp-json\/wp\/v2\/categories?post=13774"},{"taxonomy":"post_tag","embeddable":true,"href":"https:\/\/www.welovecycling.com\/hu\/wp-json\/wp\/v2\/tags?post=13774"},{"taxonomy":"global-categories","embeddable":true,"href":"https:\/\/www.welovecycling.com\/hu\/wp-json\/wp\/v2\/global-categories?post=13774"}],"curies":[{"name":"wp","href":"https:\/\/api.w.org\/{rel}","templated":true}]}}