{"id":1377,"date":"2018-07-30T08:22:13","date_gmt":"2018-07-30T08:22:13","guid":{"rendered":"https:\/\/www.welovecycling.com\/hu\/?p=1377"},"modified":"2018-08-02T07:40:55","modified_gmt":"2018-08-02T07:40:55","slug":"varosi-kerekparozas","status":"publish","type":"post","link":"https:\/\/www.welovecycling.com\/hu\/miert-tekerunk\/varosi-kerekparozas\/","title":{"rendered":"Mi kell ahhoz, hogy a v\u00e1rosi ker\u00e9kp\u00e1roz\u00e1s ter\u00e9n cs\u00f6kkenjen a nemek k\u00f6z\u00f6tti egyenl\u0151tlens\u00e9g?"},"content":{"rendered":"<p><strong>Hajlamosak vagyunk \u00fagy tekinteni a nemek k\u00f6z\u00f6tti egyenl\u0151tlens\u00e9gre, mintha az m\u00e1r csak a m\u00falt lenne. A fej\u00fcnkben ez gyfajta kultur\u00e1lis maradv\u00e1ny az 1950-es \u00e9vekb\u0151l, pedig az elm\u00falt \u00e9vtizedben sz\u00e1mos tanulm\u00e1ny kimutatta, hogy a n\u0151k \u00e9s l\u00e1nyok r\u00e9szv\u00e9tele a sportban gyakran elmarad ellenkez\u0151 nem\u0171 t\u00e1rsaik\u00e9t\u00f3l.<\/strong><\/p>\n<h4><!--more--><\/h4>\n<p>A nemek k\u00f6zti egyenl\u0151tlens\u00e9g sz\u00e9lesebb kontextusban t\u00f6rt\u00e9n\u0151 vizsg\u00e1lat\u00e1t t\u00f6bb szervezet is t\u00e1mogatja. Ilyen p\u00e9ld\u00e1ul a Youth Sport Trust \u00e1ltal t\u00e1mogatott \u00e9rdekv\u00e9delmi szervezet, a Woman\u2019s Sport and Fitness Foundation (WSFF). A kutat\u00f3k fiatal kort\u00f3l kezdve vizsg\u00e1lt\u00e1k a l\u00e1nyok r\u00e9szv\u00e9tel\u00e9t a sportban. Tanulm\u00e1nyukban meg\u00e1llap\u00edtott\u00e1k, hogy a 14 \u00e9ves l\u00e1nyok puszt\u00e1n a 12%-a \u00e9ri el a fizikai aktivit\u00e1s aj\u00e1nlott szintj\u00e9t. Arra is felfigyeltek, hogy a l\u00e1nyok 51%-a az iskol\u00e1ban tapasztaltak miatt nem mozog rendszeresen.<\/p>\n<p>Az iskolai sport olyan rendszerszint\u0171 probl\u00e9m\u00e1kkal k\u00fczd, amelyek elb\u00e1tortalan\u00edtj\u00e1k a l\u00e1nyokat a testmozg\u00e1st\u00f3l. A l\u00e1nyok nem akarnak a fi\u00fak el\u0151tt torn\u00e1zni, mert \u00fagy gondolj\u00e1k, nem el\u00e9g \u00fcgyesek, vagy a tan\u00e1rok len\u00e9zik \u0151ket, ha nem \u0151k az oszt\u00e1ly legjobbjai. Nem szeretnek izzadtan futkosni bar\u00e1taik el\u0151tt, mert \u00fagy gondolj\u00e1k, az nem n\u0151ies.<\/p>\n<p><a href=\"https:\/\/d2p6e6u75xmxt8.cloudfront.net\/12\/2018\/07\/nemek-kozotti-egyenloseg-01.jpg\"><img loading=\"lazy\" decoding=\"async\" class=\"size-full wp-image-1388\" src=\"https:\/\/d2p6e6u75xmxt8.cloudfront.net\/12\/2018\/07\/nemek-kozotti-egyenloseg-01.jpg\" alt=\"nemek kozotti egyenloseg\" width=\"1250\" height=\"833\" srcset=\"https:\/\/d2p6e6u75xmxt8.cloudfront.net\/12\/2018\/07\/nemek-kozotti-egyenloseg-01.jpg 1250w, https:\/\/d2p6e6u75xmxt8.cloudfront.net\/12\/2018\/07\/nemek-kozotti-egyenloseg-01-300x200.jpg 300w, https:\/\/d2p6e6u75xmxt8.cloudfront.net\/12\/2018\/07\/nemek-kozotti-egyenloseg-01-768x512.jpg 768w, https:\/\/d2p6e6u75xmxt8.cloudfront.net\/12\/2018\/07\/nemek-kozotti-egyenloseg-01-1024x682.jpg 1024w, https:\/\/d2p6e6u75xmxt8.cloudfront.net\/12\/2018\/07\/nemek-kozotti-egyenloseg-01-272x182.jpg 272w\" sizes=\"auto, (max-width: 1250px) 100vw, 1250px\" \/><\/a><\/p>\n<p>Az ilyen meg\u00e1llap\u00edt\u00e1sok adtak l\u00f6k\u00e9st olyan kezdem\u00e9nyez\u00e9seknek, mint p\u00e9ld\u00e1ul a \u201eThis Girl Can\u201d, vagy a \u201eBreeze bike rides for woman\u201d, hogy csak egy p\u00e1r programot eml\u00edts\u00fcnk. Mindezek ellen\u00e9re a probl\u00e9ma feln\u0151ttkorban is kimutathat\u00f3. Az Egyes\u00fclt \u00c1llamokban p\u00e9ld\u00e1ul a v\u00e1rosi ker\u00e9kp\u00e1rosok \u00a0kevesebb mint 25%-a n\u0151. Ennek oka igen sokr\u00e9t\u0171, a sz\u00e9gyen\u00e9rzett\u0151l az infrastrukt\u00far\u00e1ig mindennel sz\u00e1molhatunk.; \u00edgy ad\u00f3dik a k\u00e9rd\u00e9s: mi kell ahhoz, hogy cs\u00f6kkenteni lehessen a nemek k\u00f6z\u00f6tti egyenl\u0151tlens\u00e9get?<\/p>\n<h2><em><strong>V\u00e1rostervez\u00e9s<\/strong><\/em><\/h2>\n<p>Az egyik legfontosabb probl\u00e9ma, amely elt\u00e1ntor\u00edtja az embereket att\u00f3l, hogy ker\u00e9kp\u00e1rral j\u00e1rjanak, a v\u00e1rosok kialak\u00edt\u00e1sa \u00e9s infrastrukt\u00far\u00e1ja. Ennek semmi k\u00f6ze a nemekhez; az ok, ami\u00e9rt az emberek nem a ker\u00e9kp\u00e1roz\u00e1st v\u00e1lasztj\u00e1k k\u00f6zleked\u00e9si eszk\u00f6znek, teljes m\u00e9rt\u00e9kben a biztons\u00e1g- \u00e9s boldogs\u00e1g\u00e9rzettel \u00e1ll \u00f6sszef\u00fcgg\u00e9sben.<\/p>\n<p>Term\u00e9szetesen vannak olyan v\u00e1rosok, amelyek kialak\u00edt\u00e1sa rendk\u00edv\u00fcl ker\u00e9kp\u00e1rbar\u00e1t; e tekintetben Koppenh\u00e1ga \u00e9s Amszterdam j\u00e1r \u00e9len k\u00f6vetend\u0151 p\u00e9ldak\u00e9nt az eg\u00e9sz vil\u00e1g sz\u00e1m\u00e1raa biztons\u00e1got \u00e9s a felhaszn\u00e1l\u00f3bar\u00e1t infrastrukt\u00far\u00e1t illet\u0151en, m\u00edg m\u00e1sok, mint p\u00e9ld\u00e1ul Barcelona, teljes eg\u00e9sz\u00e9ben fel\u00fclvizsg\u00e1lt\u00e1k v\u00e1rosi strukt\u00far\u00e1jukat a z\u00f6ld terekt\u0151l kezdve a sz\u00e9lesebb utak- \u00e9s term\u00e9szetesen ker\u00e9kp\u00e1rs\u00e1vok l\u00e9trehoz\u00e1s\u00e1ig. A tervez\u00e9s sor\u00e1n alkalmazott olyan apr\u00f3 tr\u00fckk\u00f6knek k\u00f6sz\u00f6nhet\u0151en gyorsabban \u00e9s biztons\u00e1gosabban lehet k\u00f6zlekedni, ilyen tr\u00fckk p\u00e9ld\u00e1ul \u00a0a \u201ez\u00f6ldhull\u00e1m\u201d, amely biztos\u00edtja, hogy a belv\u00e1rosba vezet\u0151 f\u0151bb utakon a ker\u00e9kp\u00e1rosok ne kapjanak pirosat \u00e9s le\u00e1ll\u00e1s n\u00e9lk\u00fcl folyamatosan haladhassanak.<\/p>\n<h2><em><strong>K\u00f6zleked\u00e9si szab\u00e1lyok<\/strong><\/em><\/h2>\n<p>Term\u00e9szetesen a t\u00e9gla \u00e9s malter mellett ugyanilyen fontosak a k\u00f6zleked\u00e9si szab\u00e1lyok, azok \u00e1ltal\u00e1nos ismerete \u00e9s betartat\u00e1sa.<\/p>\n<p>Ezzel egy\u00fctt, mik\u00f6zben a k\u00f6z\u00fati hal\u00e1los balesetek sz\u00e1ma cs\u00f6kken, mi a helyzet az \u00fathaszn\u00e1l\u00f3k k\u00f6z\u00f6tt tapasztalhat\u00f3 agressz\u00edv viselked\u00e9ssel? A szab\u00e1lyok ugyan csod\u00e1latos dolgok, de nem mindenki tartja be \u0151ket, \u00e9s az senkinek sem j\u00f3, ha az indulat vez\u00e9rel minket. \u00c9lhetnek az aut\u00f3sok \u00e9s ker\u00e9kp\u00e1rosok harm\u00f3ni\u00e1ban egym\u00e1s mellett? Majd az \u00e9rdekk\u00e9pviselet, a k\u00f6z\u00f6s \u00e1ll\u00e1spont \u00e9s az oktat\u00e1s megmutatja.<\/p>\n<h2><em><strong>L\u00e9tes\u00edtm\u00e9nyek<\/strong><\/em><\/h2>\n<p>Rendszeres utaz\u00e1saink leg\u00e1ltal\u00e1nosabb c\u00e9lja val\u00f3sz\u00edn\u0171leg a lak\u00f3hely\u00fcnk \u00e9s munkahely\u00fcnk k\u00f6z\u00f6tti ing\u00e1z\u00e1s, az egyre zs\u00fafoltabb v\u00e1rosokban ez\u00e9rt olyan fontos c\u00e9lkit\u0171z\u00e9s a ker\u00e9kp\u00e1roz\u00e1s n\u00e9pszer\u0171s\u00edt\u00e9se.<\/p>\n<p>Mivel nagyon fontos, hogy biztons\u00e1gban \u00e9s szalonk\u00e9pesen \u00e9rj\u00fcnk be a munkahely\u00fcnkre, a n\u0151i ing\u00e1z\u00f3k sz\u00e1m\u00e1ra kulcsk\u00e9rd\u00e9s, hogy a munkahelyen vagy annak k\u00f6zel\u00e9ben legyen megfelel\u0151 \u00e1t\u00f6lt\u00f6z\u00e9si \u00e9s mosd\u00e1si lehet\u0151s\u00e9g (isten ments, hogy \u201esisakhajjal\u201d \u00e9rkezz\u00fcnk be dolgozni &#8230; a nemi szerepekkel kapcsolatos ezen elv\u00e1r\u00e1s m\u00e1r \u00f6nmag\u00e1ban is nehez\u00edti a nemek k\u00f6z\u00f6tti egyenl\u0151tlens\u00e9gek cs\u00f6kkent\u00e9s\u00e9t.)<\/p>\n<p>Az \u00f6lt\u00f6z\u0151helyis\u00e9gek hi\u00e1nya mellett a ker\u00e9kp\u00e1rlop\u00e1s is \u00e1ltal\u00e1nos \u00e9s k\u00f6lts\u00e9ges probl\u00e9ma. A biztons\u00e1gos \u00e9s k\u00e9nyelmes t\u00e1rol\u00e1si lehet\u0151s\u00e9g a munkahelyen \u00e9s \u00fcgyint\u00e9z\u00e9s k\u00f6zben szint\u00e9n olyan t\u00e9nyez\u0151, amely nagyban befoly\u00e1solja \u00e1ltal\u00e1ban a ker\u00e9kp\u00e1rosok, k\u00f6zt\u00fck a n\u0151i ker\u00e9kp\u00e1rosok sz\u00e1m\u00e1t.<\/p>\n<h2><em><strong>T\u00e1rsadalmi elfogad\u00e1s \u00e9s sz\u00e9gyen\u00e9rzet<\/strong><\/em><\/h2>\n<p>N\u00e9melyik\u00fcnknek ez furcs\u00e1n hangozhat, de sz\u00e1mos tanulm\u00e1nyban kimutatt\u00e1k, hogy a t\u00e1rsadalmi elfogad\u00e1s \u00e9rzete tov\u00e1bbra is probl\u00e9m\u00e1t jelent a v\u00e1rosban k\u00f6zleked\u0151 n\u0151i ker\u00e9kp\u00e1rosoknak Ellent\u00e9tben azzal, amit sokan gondolnak, sz\u00e1mos n\u0151t a ker\u00e9kp\u00e1roz\u00e1s ultraf\u00e9rfias percepci\u00f3ja t\u00e1ntor\u00edt el a ker\u00e9kp\u00e1ros k\u00f6zleked\u00e9st\u0151l. Ez a felfog\u00e1s a ker\u00e9kp\u00e1roz\u00e1s kezdete \u00f3ta megvan, de tov\u00e1bb er\u0151s\u00edtette az az \u00e1ltal\u00e1nos elk\u00e9pzel\u00e9s is, hogy v\u00e1rosban ker\u00e9kp\u00e1rozni vesz\u00e9lyes. Egyfajta hat\u00e1rozott, er\u0151szakos fell\u00e9p\u00e9st ig\u00e9nyel egyr\u00e9szt saj\u00e1t ter\u00fcnk biztos\u00edt\u00e1sa \u00e9rdek\u00e9ben, m\u00e1sr\u00e9szt az aut\u00f3sokkal \u00e9s m\u00e1s \u00fathaszn\u00e1l\u00f3kkal szemben.<\/p>\n<p><a href=\"https:\/\/d2p6e6u75xmxt8.cloudfront.net\/12\/2018\/07\/nemek-kozotti-egyenloseg-02.jpg\"><img loading=\"lazy\" decoding=\"async\" class=\"size-full wp-image-1401\" src=\"https:\/\/d2p6e6u75xmxt8.cloudfront.net\/12\/2018\/07\/nemek-kozotti-egyenloseg-02.jpg\" alt=\"nemek kozotti egyenloseg\" width=\"1250\" height=\"827\" srcset=\"https:\/\/d2p6e6u75xmxt8.cloudfront.net\/12\/2018\/07\/nemek-kozotti-egyenloseg-02.jpg 1250w, https:\/\/d2p6e6u75xmxt8.cloudfront.net\/12\/2018\/07\/nemek-kozotti-egyenloseg-02-300x198.jpg 300w, https:\/\/d2p6e6u75xmxt8.cloudfront.net\/12\/2018\/07\/nemek-kozotti-egyenloseg-02-768x508.jpg 768w, https:\/\/d2p6e6u75xmxt8.cloudfront.net\/12\/2018\/07\/nemek-kozotti-egyenloseg-02-1024x677.jpg 1024w\" sizes=\"auto, (max-width: 1250px) 100vw, 1250px\" \/><\/a><\/p>\n<p>Kultur\u00e1lis szempontb\u00f3l a n\u0151kbe belenevelik, hogy ne legyenek agressz\u00edvak, \u00e9s noha elm\u00e9letileg azt gondoljuk, hogy ennek semmilyen hat\u00e1sa nincs, a gyakorlatban m\u00e9gis van. Mi\u00e9rt kell azt \u00e9rezn\u00fcnk, hogy \u201eharcolnunk\u201d kell a hely\u00fcnk\u00e9rt az \u00faton, mindezt reggel, amikor a legt\u00f6bben m\u00e1r az \u00e1gyb\u00f3l val\u00f3 felkel\u00e9st is hatalmas sikerk\u00e9nt \u00e9lik meg?<\/p>\n<p>Mindezek mellett a zaklat\u00e1st\u00f3l val\u00f3 f\u00e9lelem, a kiszolg\u00e1ltatotts\u00e1g \u00e9rz\u00e9se \u00e9s a sz\u00e9gyen\u00e9rzet, ami a ker\u00e9kp\u00e1roz\u00e1st \u00f6vezi, tulajdonk\u00e9ppen sokkal nagyobb probl\u00e9ma, amibe ink\u00e1bb bele sem gondolunk.<\/p>\n<p>Hogyan cs\u00f6kkents\u00fck teh\u00e1t a nemek k\u00f6z\u00f6tti egyenl\u0151tlens\u00e9geket? Ez minden bizonnyal mag\u00e1n\u00e1l a ker\u00e9kp\u00e1roz\u00e1sn\u00e1l is j\u00f3val t\u00e1gabb probl\u00e9mak\u00f6r. Mindenek el\u0151tt \u00e9rdemes olyan alapvet\u0151 k\u00e9rd\u00e9sekkel foglalkozni, amelyek seg\u00edts\u00e9g\u00e9vel ker\u00e9kp\u00e1rbar\u00e1t v\u00e1rosokat lehet l\u00e9trehozni, ahol egyre t\u00f6bben v\u00e1lasztj\u00e1k a ker\u00e9kp\u00e1roz\u00e1st: komoly \u00e9rdekk\u00e9pviselet, ker\u00e9kp\u00e1ros l\u00e9tes\u00edtm\u00e9nyek, t\u00e1rsadalmi elfogad\u00e1s \u00e9s az az \u00e1ltal\u00e1nos hozz\u00e1\u00e1ll\u00e1s sz\u00fcks\u00e9ges, hogy a ker\u00e9kp\u00e1roz\u00e1s biztons\u00e1gos legyen.<\/p>\n","protected":false},"excerpt":{"rendered":"<p>Hajlamosak vagyunk \u00fagy tekinteni a nemek k\u00f6z\u00f6tti egyenl\u0151tlens\u00e9gre, mintha az m\u00e1r csak a m\u00falt lenne. A fej\u00fcnkben ez gyfajta kultur\u00e1lis [&hellip;]<\/p>\n","protected":false},"author":71,"featured_media":1404,"comment_status":"open","ping_status":"open","sticky":false,"template":"","format":"standard","meta":{"footnotes":""},"categories":[99],"tags":[17,16,28,27,115,124,104],"global-categories":[],"class_list":["post-1377","post","type-post","status-publish","format-standard","has-post-thumbnail","hentry","category-miert-tekerunk","tag-bicikli","tag-kerekpar","tag-kerekpar-blog","tag-kerekpar-magazin","tag-miert-tekerunk","tag-nemek-kozotti-egyenloseg","tag-varosi-kerekparozas"],"yoast_head":"<!-- This site is optimized with the Yoast SEO Premium plugin v25.3 (Yoast SEO v25.9) - https:\/\/yoast.com\/wordpress\/plugins\/seo\/ -->\n<title>Mi kell ahhoz, hogy a v\u00e1rosi ker\u00e9kp\u00e1roz\u00e1s ter\u00e9n cs\u00f6kkenjen a nemek k\u00f6z\u00f6tti egyenl\u0151tlens\u00e9g? - \u0160koda We Love Cycling - Magyarorsz\u00e1g<\/title>\n<meta name=\"description\" content=\"Hajlamosak vagyunk \u00fagy tekinteni a nemek k\u00f6z\u00f6tti egyenl\u0151tlens\u00e9gre, mintha az m\u00e1r csak a m\u00falt lenne. De ez val\u00f3ban \u00edgy van?\" \/>\n<meta name=\"robots\" content=\"index, follow, max-snippet:-1, max-image-preview:large, max-video-preview:-1\" \/>\n<link rel=\"canonical\" href=\"https:\/\/www.welovecycling.com\/hu\/miert-tekerunk\/varosi-kerekparozas\/\" \/>\n<meta property=\"og:locale\" content=\"hu_HU\" \/>\n<meta property=\"og:type\" content=\"article\" \/>\n<meta property=\"og:title\" content=\"Mi kell ahhoz, hogy a v\u00e1rosi ker\u00e9kp\u00e1roz\u00e1s ter\u00e9n cs\u00f6kkenjen a nemek k\u00f6z\u00f6tti egyenl\u0151tlens\u00e9g?\" \/>\n<meta property=\"og:description\" content=\"Hajlamosak vagyunk \u00fagy tekinteni a nemek k\u00f6z\u00f6tti egyenl\u0151tlens\u00e9gre, mintha az m\u00e1r csak a m\u00falt lenne. De ez val\u00f3ban \u00edgy van?\" \/>\n<meta property=\"og:url\" content=\"https:\/\/www.welovecycling.com\/hu\/miert-tekerunk\/varosi-kerekparozas\/\" \/>\n<meta property=\"og:site_name\" content=\"\u0160koda We Love Cycling - Magyarorsz\u00e1g\" \/>\n<meta property=\"article:publisher\" content=\"https:\/\/www.facebook.com\/WeLoveCyclingHungary\/\" \/>\n<meta property=\"article:published_time\" content=\"2018-07-30T08:22:13+00:00\" \/>\n<meta property=\"article:modified_time\" content=\"2018-08-02T07:40:55+00:00\" \/>\n<meta property=\"og:image\" content=\"https:\/\/d2p6e6u75xmxt8.cloudfront.net\/12\/2018\/07\/nemek-kozotti-egyenloseg-cover.jpg\" \/>\n\t<meta property=\"og:image:width\" content=\"1366\" \/>\n\t<meta property=\"og:image:height\" content=\"600\" \/>\n\t<meta property=\"og:image:type\" content=\"image\/jpeg\" \/>\n<meta name=\"author\" content=\"hegyizs\" \/>\n<meta name=\"twitter:card\" content=\"summary_large_image\" \/>\n<meta name=\"twitter:label1\" content=\"Written by\" \/>\n\t<meta name=\"twitter:data1\" content=\"hegyizs\" \/>\n\t<meta name=\"twitter:label2\" content=\"Est. reading time\" \/>\n\t<meta name=\"twitter:data2\" content=\"6 minutes\" \/>\n<script type=\"application\/ld+json\" class=\"yoast-schema-graph\">{\"@context\":\"https:\/\/schema.org\",\"@graph\":[{\"@type\":\"WebPage\",\"@id\":\"https:\/\/www.welovecycling.com\/hu\/miert-tekerunk\/varosi-kerekparozas\/\",\"url\":\"https:\/\/www.welovecycling.com\/hu\/miert-tekerunk\/varosi-kerekparozas\/\",\"name\":\"Mi kell ahhoz, hogy a v\u00e1rosi ker\u00e9kp\u00e1roz\u00e1s ter\u00e9n cs\u00f6kkenjen a nemek k\u00f6z\u00f6tti egyenl\u0151tlens\u00e9g? - \u0160koda We Love Cycling - Magyarorsz\u00e1g\",\"isPartOf\":{\"@id\":\"https:\/\/www.welovecycling.com\/hu\/#website\"},\"primaryImageOfPage\":{\"@id\":\"https:\/\/www.welovecycling.com\/hu\/miert-tekerunk\/varosi-kerekparozas\/#primaryimage\"},\"image\":{\"@id\":\"https:\/\/www.welovecycling.com\/hu\/miert-tekerunk\/varosi-kerekparozas\/#primaryimage\"},\"thumbnailUrl\":\"https:\/\/d2p6e6u75xmxt8.cloudfront.net\/12\/2018\/07\/nemek-kozotti-egyenloseg-cover.jpg\",\"datePublished\":\"2018-07-30T08:22:13+00:00\",\"dateModified\":\"2018-08-02T07:40:55+00:00\",\"author\":{\"@id\":\"https:\/\/www.welovecycling.com\/hu\/#\/schema\/person\/414a2aebf1801691a5320edb6468e194\"},\"description\":\"Hajlamosak vagyunk \u00fagy tekinteni a nemek k\u00f6z\u00f6tti egyenl\u0151tlens\u00e9gre, mintha az m\u00e1r csak a m\u00falt lenne. De ez val\u00f3ban \u00edgy van?\",\"breadcrumb\":{\"@id\":\"https:\/\/www.welovecycling.com\/hu\/miert-tekerunk\/varosi-kerekparozas\/#breadcrumb\"},\"inLanguage\":\"hu\",\"potentialAction\":[{\"@type\":\"ReadAction\",\"target\":[\"https:\/\/www.welovecycling.com\/hu\/miert-tekerunk\/varosi-kerekparozas\/\"]}]},{\"@type\":\"ImageObject\",\"inLanguage\":\"hu\",\"@id\":\"https:\/\/www.welovecycling.com\/hu\/miert-tekerunk\/varosi-kerekparozas\/#primaryimage\",\"url\":\"https:\/\/d2p6e6u75xmxt8.cloudfront.net\/12\/2018\/07\/nemek-kozotti-egyenloseg-cover.jpg\",\"contentUrl\":\"https:\/\/d2p6e6u75xmxt8.cloudfront.net\/12\/2018\/07\/nemek-kozotti-egyenloseg-cover.jpg\",\"width\":1366,\"height\":600,\"caption\":\"nemek kozotti egyenloseg\"},{\"@type\":\"BreadcrumbList\",\"@id\":\"https:\/\/www.welovecycling.com\/hu\/miert-tekerunk\/varosi-kerekparozas\/#breadcrumb\",\"itemListElement\":[{\"@type\":\"ListItem\",\"position\":1,\"name\":\"Home\",\"item\":\"https:\/\/www.welovecycling.com\/hu\/\"},{\"@type\":\"ListItem\",\"position\":2,\"name\":\"Mi kell ahhoz, hogy a v\u00e1rosi ker\u00e9kp\u00e1roz\u00e1s ter\u00e9n cs\u00f6kkenjen a nemek k\u00f6z\u00f6tti egyenl\u0151tlens\u00e9g?\"}]},{\"@type\":\"WebSite\",\"@id\":\"https:\/\/www.welovecycling.com\/hu\/#website\",\"url\":\"https:\/\/www.welovecycling.com\/hu\/\",\"name\":\"\u0160koda We Love Cycling - Magyarorsz\u00e1g\",\"description\":\"\u0160koda WeLoveCycling\",\"potentialAction\":[{\"@type\":\"SearchAction\",\"target\":{\"@type\":\"EntryPoint\",\"urlTemplate\":\"https:\/\/www.welovecycling.com\/hu\/?s={search_term_string}\"},\"query-input\":{\"@type\":\"PropertyValueSpecification\",\"valueRequired\":true,\"valueName\":\"search_term_string\"}}],\"inLanguage\":\"hu\"},{\"@type\":\"Person\",\"@id\":\"https:\/\/www.welovecycling.com\/hu\/#\/schema\/person\/414a2aebf1801691a5320edb6468e194\",\"name\":\"hegyizs\",\"image\":{\"@type\":\"ImageObject\",\"inLanguage\":\"hu\",\"@id\":\"https:\/\/www.welovecycling.com\/hu\/#\/schema\/person\/image\/\",\"url\":\"https:\/\/secure.gravatar.com\/avatar\/02cf8a7906b8cf90cecb4679defac7cfd33a1c2e3b88e4903d947f3bb58eedd3?s=96&d=mm&r=g\",\"contentUrl\":\"https:\/\/secure.gravatar.com\/avatar\/02cf8a7906b8cf90cecb4679defac7cfd33a1c2e3b88e4903d947f3bb58eedd3?s=96&d=mm&r=g\",\"caption\":\"hegyizs\"},\"url\":\"https:\/\/www.welovecycling.com\/hu\/author\/hegyizs\/\"}]}<\/script>\n<!-- \/ Yoast SEO Premium plugin. -->","yoast_head_json":{"title":"Mi kell ahhoz, hogy a v\u00e1rosi ker\u00e9kp\u00e1roz\u00e1s ter\u00e9n cs\u00f6kkenjen a nemek k\u00f6z\u00f6tti egyenl\u0151tlens\u00e9g? - \u0160koda We Love Cycling - Magyarorsz\u00e1g","description":"Hajlamosak vagyunk \u00fagy tekinteni a nemek k\u00f6z\u00f6tti egyenl\u0151tlens\u00e9gre, mintha az m\u00e1r csak a m\u00falt lenne. De ez val\u00f3ban \u00edgy van?","robots":{"index":"index","follow":"follow","max-snippet":"max-snippet:-1","max-image-preview":"max-image-preview:large","max-video-preview":"max-video-preview:-1"},"canonical":"https:\/\/www.welovecycling.com\/hu\/miert-tekerunk\/varosi-kerekparozas\/","og_locale":"hu_HU","og_type":"article","og_title":"Mi kell ahhoz, hogy a v\u00e1rosi ker\u00e9kp\u00e1roz\u00e1s ter\u00e9n cs\u00f6kkenjen a nemek k\u00f6z\u00f6tti egyenl\u0151tlens\u00e9g?","og_description":"Hajlamosak vagyunk \u00fagy tekinteni a nemek k\u00f6z\u00f6tti egyenl\u0151tlens\u00e9gre, mintha az m\u00e1r csak a m\u00falt lenne. De ez val\u00f3ban \u00edgy van?","og_url":"https:\/\/www.welovecycling.com\/hu\/miert-tekerunk\/varosi-kerekparozas\/","og_site_name":"\u0160koda We Love Cycling - Magyarorsz\u00e1g","article_publisher":"https:\/\/www.facebook.com\/WeLoveCyclingHungary\/","article_published_time":"2018-07-30T08:22:13+00:00","article_modified_time":"2018-08-02T07:40:55+00:00","og_image":[{"width":1366,"height":600,"url":"https:\/\/d2p6e6u75xmxt8.cloudfront.net\/12\/2018\/07\/nemek-kozotti-egyenloseg-cover.jpg","type":"image\/jpeg"}],"author":"hegyizs","twitter_card":"summary_large_image","twitter_misc":{"Written by":"hegyizs","Est. reading time":"6 minutes"},"schema":{"@context":"https:\/\/schema.org","@graph":[{"@type":"WebPage","@id":"https:\/\/www.welovecycling.com\/hu\/miert-tekerunk\/varosi-kerekparozas\/","url":"https:\/\/www.welovecycling.com\/hu\/miert-tekerunk\/varosi-kerekparozas\/","name":"Mi kell ahhoz, hogy a v\u00e1rosi ker\u00e9kp\u00e1roz\u00e1s ter\u00e9n cs\u00f6kkenjen a nemek k\u00f6z\u00f6tti egyenl\u0151tlens\u00e9g? - \u0160koda We Love Cycling - Magyarorsz\u00e1g","isPartOf":{"@id":"https:\/\/www.welovecycling.com\/hu\/#website"},"primaryImageOfPage":{"@id":"https:\/\/www.welovecycling.com\/hu\/miert-tekerunk\/varosi-kerekparozas\/#primaryimage"},"image":{"@id":"https:\/\/www.welovecycling.com\/hu\/miert-tekerunk\/varosi-kerekparozas\/#primaryimage"},"thumbnailUrl":"https:\/\/d2p6e6u75xmxt8.cloudfront.net\/12\/2018\/07\/nemek-kozotti-egyenloseg-cover.jpg","datePublished":"2018-07-30T08:22:13+00:00","dateModified":"2018-08-02T07:40:55+00:00","author":{"@id":"https:\/\/www.welovecycling.com\/hu\/#\/schema\/person\/414a2aebf1801691a5320edb6468e194"},"description":"Hajlamosak vagyunk \u00fagy tekinteni a nemek k\u00f6z\u00f6tti egyenl\u0151tlens\u00e9gre, mintha az m\u00e1r csak a m\u00falt lenne. De ez val\u00f3ban \u00edgy van?","breadcrumb":{"@id":"https:\/\/www.welovecycling.com\/hu\/miert-tekerunk\/varosi-kerekparozas\/#breadcrumb"},"inLanguage":"hu","potentialAction":[{"@type":"ReadAction","target":["https:\/\/www.welovecycling.com\/hu\/miert-tekerunk\/varosi-kerekparozas\/"]}]},{"@type":"ImageObject","inLanguage":"hu","@id":"https:\/\/www.welovecycling.com\/hu\/miert-tekerunk\/varosi-kerekparozas\/#primaryimage","url":"https:\/\/d2p6e6u75xmxt8.cloudfront.net\/12\/2018\/07\/nemek-kozotti-egyenloseg-cover.jpg","contentUrl":"https:\/\/d2p6e6u75xmxt8.cloudfront.net\/12\/2018\/07\/nemek-kozotti-egyenloseg-cover.jpg","width":1366,"height":600,"caption":"nemek kozotti egyenloseg"},{"@type":"BreadcrumbList","@id":"https:\/\/www.welovecycling.com\/hu\/miert-tekerunk\/varosi-kerekparozas\/#breadcrumb","itemListElement":[{"@type":"ListItem","position":1,"name":"Home","item":"https:\/\/www.welovecycling.com\/hu\/"},{"@type":"ListItem","position":2,"name":"Mi kell ahhoz, hogy a v\u00e1rosi ker\u00e9kp\u00e1roz\u00e1s ter\u00e9n cs\u00f6kkenjen a nemek k\u00f6z\u00f6tti egyenl\u0151tlens\u00e9g?"}]},{"@type":"WebSite","@id":"https:\/\/www.welovecycling.com\/hu\/#website","url":"https:\/\/www.welovecycling.com\/hu\/","name":"\u0160koda We Love Cycling - Magyarorsz\u00e1g","description":"\u0160koda WeLoveCycling","potentialAction":[{"@type":"SearchAction","target":{"@type":"EntryPoint","urlTemplate":"https:\/\/www.welovecycling.com\/hu\/?s={search_term_string}"},"query-input":{"@type":"PropertyValueSpecification","valueRequired":true,"valueName":"search_term_string"}}],"inLanguage":"hu"},{"@type":"Person","@id":"https:\/\/www.welovecycling.com\/hu\/#\/schema\/person\/414a2aebf1801691a5320edb6468e194","name":"hegyizs","image":{"@type":"ImageObject","inLanguage":"hu","@id":"https:\/\/www.welovecycling.com\/hu\/#\/schema\/person\/image\/","url":"https:\/\/secure.gravatar.com\/avatar\/02cf8a7906b8cf90cecb4679defac7cfd33a1c2e3b88e4903d947f3bb58eedd3?s=96&d=mm&r=g","contentUrl":"https:\/\/secure.gravatar.com\/avatar\/02cf8a7906b8cf90cecb4679defac7cfd33a1c2e3b88e4903d947f3bb58eedd3?s=96&d=mm&r=g","caption":"hegyizs"},"url":"https:\/\/www.welovecycling.com\/hu\/author\/hegyizs\/"}]}},"_links":{"self":[{"href":"https:\/\/www.welovecycling.com\/hu\/wp-json\/wp\/v2\/posts\/1377","targetHints":{"allow":["GET"]}}],"collection":[{"href":"https:\/\/www.welovecycling.com\/hu\/wp-json\/wp\/v2\/posts"}],"about":[{"href":"https:\/\/www.welovecycling.com\/hu\/wp-json\/wp\/v2\/types\/post"}],"author":[{"embeddable":true,"href":"https:\/\/www.welovecycling.com\/hu\/wp-json\/wp\/v2\/users\/71"}],"replies":[{"embeddable":true,"href":"https:\/\/www.welovecycling.com\/hu\/wp-json\/wp\/v2\/comments?post=1377"}],"version-history":[{"count":2,"href":"https:\/\/www.welovecycling.com\/hu\/wp-json\/wp\/v2\/posts\/1377\/revisions"}],"predecessor-version":[{"id":1421,"href":"https:\/\/www.welovecycling.com\/hu\/wp-json\/wp\/v2\/posts\/1377\/revisions\/1421"}],"wp:featuredmedia":[{"embeddable":true,"href":"https:\/\/www.welovecycling.com\/hu\/wp-json\/wp\/v2\/media\/1404"}],"wp:attachment":[{"href":"https:\/\/www.welovecycling.com\/hu\/wp-json\/wp\/v2\/media?parent=1377"}],"wp:term":[{"taxonomy":"category","embeddable":true,"href":"https:\/\/www.welovecycling.com\/hu\/wp-json\/wp\/v2\/categories?post=1377"},{"taxonomy":"post_tag","embeddable":true,"href":"https:\/\/www.welovecycling.com\/hu\/wp-json\/wp\/v2\/tags?post=1377"},{"taxonomy":"global-categories","embeddable":true,"href":"https:\/\/www.welovecycling.com\/hu\/wp-json\/wp\/v2\/global-categories?post=1377"}],"curies":[{"name":"wp","href":"https:\/\/api.w.org\/{rel}","templated":true}]}}