{"id":13765,"date":"2022-03-25T08:00:00","date_gmt":"2022-03-25T06:00:00","guid":{"rendered":"https:\/\/www.welovecycling.com\/hu\/?p=13765"},"modified":"2022-03-21T17:14:19","modified_gmt":"2022-03-21T15:14:19","slug":"taktikak-es-trukkok-virtualis-versenyekhez","status":"publish","type":"post","link":"https:\/\/www.welovecycling.com\/hu\/edzes-es-eletmod\/taktikak-es-trukkok-virtualis-versenyekhez\/","title":{"rendered":"Taktik\u00e1k \u00e9s tr\u00fckk\u00f6k virtu\u00e1lis versenyekhez"},"content":{"rendered":"<p><strong>A virtu\u00e1lis versenyz\u00e9s nagyon sok dologban k\u00fcl\u00f6nb\u00f6zik a legt\u00f6bb tipikus szabadt\u00e9ri futamt\u00f3l. K\u00f6zel \u00e1llnak az id\u0151futamokhoz, de fontos figyelembe venni a teljes\u00edtm\u00e9nyn\u00f6vel\u0151 eszk\u00f6z\u00f6ket \u00e9s a speci\u00e1lis mechanizmusokat, amiket a Zwift ny\u00fajt. Ha meg\u00e9rted, hogyan m\u0171k\u00f6dnek ezek a dolgok, nagyon j\u00f3 es\u00e9lyekkel indulhatsz a k\u00f6vetkez\u0151 versenyen.<\/strong><\/p>\n<p><!--more--><\/p>\n<h2><strong>Szerezz be egy hatalmas ventil\u00e1tort!<\/strong><\/h2>\n<p>Ahogy a szabadban egy j\u00f3 bicikli, \u00fagy seg\u00edt gyorsabban tekerni belt\u00e9ren egy j\u00f3 ventil\u00e1tor. A l\u00e9g\u00e1raml\u00e1s hi\u00e1nya m\u00e9g egy h\u0171v\u00f6s szob\u00e1t is szaun\u00e1v\u00e1 var\u00e1zsol, ha kem\u00e9nyen sportolsz. Min\u00e9l kev\u00e9sb\u00e9 melegszel fel, ann\u00e1l t\u00f6bb energi\u00e1t tudsz termelni. Hogy teszteld, mennyire er\u0151s a ventil\u00e1torod, kapcsold legmagasabb fokozatra, \u00e9s \u00e1llj el\u0151tte 30 m\u00e1sodpercig! Ha f\u00e1zni kezdesz, akkor el\u00e9g j\u00f3. A profik gyakran t\u00f6bb ventil\u00e1tort is haszn\u00e1lnak.<\/p>\n<h2><strong>K\u00e9sz\u00fclj el id\u0151ben!<\/strong><\/h2>\n<p>A verseny a rajt el\u0151tt p\u00e1r perccel kezd\u0151dik. A bejelentkez\u00e9shez \u00e9s az esem\u00e9nyhez val\u00f3 csatlakoz\u00e1s id\u0151pontja alapj\u00e1n ker\u00fclsz be a rendszerbe, \u00edgy ezen m\u00falik a sorrend. Pr\u00f3b\u00e1lj meg 10-15 perccel el\u0151bb \u00e9rkezni, hogy az els\u0151 helyekre ker\u00fclj!<\/p>\n<lite-youtube videoid=i5G7spVMmwI params=\"enablejsapi=1\" style=\"background-image: url('https:\/\/i.ytimg.com\/vi_webp\/i5G7spVMmwI\/maxresdefault.webp');\"><\/lite-youtube>\n<h2><strong>Sprinttel kezdj!<\/strong><\/h2>\n<p>A Zwift versenyek mindig gyilkos rajtokkal indulnak. Indul\u00e1s el\u0151tt 2-3 m\u00e1sodperccel m\u00e1r k\u00e9szen kell \u00e1llnod a sprintre. Legal\u00e1bb az els\u0151 10 m\u00e1sodpercben adj bele mindent \u00e9s ezut\u00e1n sem tekerhetsz k\u00e9nyelmesen. Sz\u00e1m\u00edts r\u00e1, hogy r\u00f6gt\u00f6n a rajt ut\u00e1n fel kell venned egy er\u0151s temp\u00f3t, hogy l\u00e9p\u00e9st tarts a mez\u0151nnyel.<\/p>\n<h2><strong>Ford\u00edtsd el\u0151ny\u00f6dre a m\u00e1sz\u00e1sokat!<\/strong><\/h2>\n<p>Draftolj \u00e9s haszn\u00e1ld ki a teljes\u00edtm\u00e9nyn\u00f6vel\u0151ket! Ezek seg\u00edts\u00e9g\u00e9vel energi\u00e1t takar\u00edthatsz meg \u00e9s megel\u0151zheted a t\u00f6bbieket. A temp\u00f3 \u00e1ltal\u00e1ban az emelked\u0151k tetej\u00e9n rendez\u0151dik, mert f\u0151leg kisebb hegyek tark\u00edtj\u00e1k a p\u00e1ly\u00e1kat. Ha el\u00f6l tekersz, haszn\u00e1ld ki az id\u0151t a regener\u00e1l\u00f3d\u00e1sra! Ha h\u00e1tul vagy, akkor pr\u00f3b\u00e1lj meg nem lass\u00edtani \u00e9s lehagyni a vezet\u0151ket!<\/p>\n<h2><strong>A v\u00e9ge a l\u00e9nyeg<\/strong><\/h2>\n<p>A legt\u00f6bb Zwift verseny a c\u00e9l el\u0151tt d\u0151l el. A kulcs az, hogy tudd, mikor kell g\u00e1zt adni, \u00e9s hogyan lehet cs\u00fazlik\u00e9nt haszn\u00e1lni a csoportot.<\/p>\n<p><strong>Figyeld a terepet<\/strong>\u2013 legt\u00f6bbsz\u00f6r egy kis domb vagy emelked\u0151 az utols\u00f3 t\u00e1mad\u00e1si pont, ez az utols\u00f3 szakasz kezdete, ahol mindenki meg fogja nyomni a temp\u00f3t. Ne maradj le, k\u00e9sz\u00fclj a t\u00e1mad\u00e1sra!<\/p>\n<p><strong>M\u00e9rd fel, mennyire vagy f\u00e1radt<\/strong> \u2013 becs\u00fcld meg h\u00e1ny m\u00e1sodpercig tudod megtartani a maxim\u00e1lis sebess\u00e9ged, \u00e9s ezzel kalkul\u00e1ld, hogy mikor indulsz el!<\/p>\n<p><strong>Figyeld a t\u00f6bbieket<\/strong> \u2013 ha olyan tekernek a mez\u0151ny \u00e9l\u00e9n, akiket ismersz, lehet, hogy ki tudod tal\u00e1lni a taktik\u00e1jukat!<\/p>\n","protected":false},"excerpt":{"rendered":"<p>A virtu\u00e1lis versenyz\u00e9s nagyon sok dologban k\u00fcl\u00f6nb\u00f6zik a legt\u00f6bb tipikus szabadt\u00e9ri futamt\u00f3l. K\u00f6zel \u00e1llnak az id\u0151futamokhoz, de fontos figyelembe venni [&hellip;]<\/p>\n","protected":false},"author":71,"featured_media":13767,"comment_status":"open","ping_status":"open","sticky":false,"template":"","format":"standard","meta":{"footnotes":""},"categories":[6],"tags":[],"global-categories":[],"class_list":["post-13765","post","type-post","status-publish","format-standard","has-post-thumbnail","hentry","category-edzes-es-eletmod"],"yoast_head":"<!-- This site is optimized with the Yoast SEO Premium plugin v25.3 (Yoast SEO v25.9) - https:\/\/yoast.com\/wordpress\/plugins\/seo\/ -->\n<title>Taktik\u00e1k \u00e9s tr\u00fckk\u00f6k virtu\u00e1lis versenyekhez<\/title>\n<meta name=\"description\" content=\"A virtu\u00e1lis versenyz\u00e9s nagyon sok dologban k\u00fcl\u00f6nb\u00f6zik a legt\u00f6bb tipikus szabadt\u00e9ri futamt\u00f3l. K\u00f6zel \u00e1llnak az id\u0151futamokhoz, de fontos figyelembe venni a teljes\u00edtm\u00e9nyn\u00f6vel\u0151 eszk\u00f6z\u00f6ket \u00e9s a speci\u00e1lis mechanizmusokat, amiket a Zwift ny\u00fajt.\" \/>\n<meta name=\"robots\" content=\"index, follow, max-snippet:-1, max-image-preview:large, max-video-preview:-1\" \/>\n<link rel=\"canonical\" href=\"https:\/\/www.welovecycling.com\/hu\/edzes-es-eletmod\/taktikak-es-trukkok-virtualis-versenyekhez\/\" \/>\n<meta property=\"og:locale\" content=\"hu_HU\" \/>\n<meta property=\"og:type\" content=\"article\" \/>\n<meta property=\"og:title\" content=\"Taktik\u00e1k \u00e9s tr\u00fckk\u00f6k virtu\u00e1lis versenyekhez\" \/>\n<meta property=\"og:description\" content=\"A virtu\u00e1lis versenyz\u00e9s nagyon sok dologban k\u00fcl\u00f6nb\u00f6zik a legt\u00f6bb tipikus szabadt\u00e9ri futamt\u00f3l. K\u00f6zel \u00e1llnak az id\u0151futamokhoz, de fontos figyelembe venni a teljes\u00edtm\u00e9nyn\u00f6vel\u0151 eszk\u00f6z\u00f6ket \u00e9s a speci\u00e1lis mechanizmusokat, amiket a Zwift ny\u00fajt.\" \/>\n<meta property=\"og:url\" content=\"https:\/\/www.welovecycling.com\/hu\/edzes-es-eletmod\/taktikak-es-trukkok-virtualis-versenyekhez\/\" \/>\n<meta property=\"og:site_name\" content=\"\u0160koda We Love Cycling - Magyarorsz\u00e1g\" \/>\n<meta property=\"article:publisher\" content=\"https:\/\/www.facebook.com\/WeLoveCyclingHungary\/\" \/>\n<meta property=\"article:published_time\" content=\"2022-03-25T06:00:00+00:00\" \/>\n<meta property=\"og:image\" content=\"https:\/\/d2p6e6u75xmxt8.cloudfront.net\/12\/2022\/03\/Zwift-CVR.jpg\" \/>\n\t<meta property=\"og:image:width\" content=\"1366\" \/>\n\t<meta property=\"og:image:height\" content=\"600\" \/>\n\t<meta property=\"og:image:type\" content=\"image\/jpeg\" \/>\n<meta name=\"author\" content=\"hegyizs\" \/>\n<meta name=\"twitter:card\" content=\"summary_large_image\" \/>\n<meta name=\"twitter:label1\" content=\"Written by\" \/>\n\t<meta name=\"twitter:data1\" content=\"Jiri Kaloc\" \/>\n\t<meta name=\"twitter:label2\" content=\"Est. reading time\" \/>\n\t<meta name=\"twitter:data2\" content=\"5\" \/>\n<script type=\"application\/ld+json\" class=\"yoast-schema-graph\">{\"@context\":\"https:\/\/schema.org\",\"@graph\":[{\"@type\":\"WebPage\",\"@id\":\"https:\/\/www.welovecycling.com\/hu\/edzes-es-eletmod\/taktikak-es-trukkok-virtualis-versenyekhez\/\",\"url\":\"https:\/\/www.welovecycling.com\/hu\/edzes-es-eletmod\/taktikak-es-trukkok-virtualis-versenyekhez\/\",\"name\":\"Taktik\u00e1k \u00e9s tr\u00fckk\u00f6k virtu\u00e1lis versenyekhez\",\"isPartOf\":{\"@id\":\"https:\/\/www.welovecycling.com\/hu\/#website\"},\"primaryImageOfPage\":{\"@id\":\"https:\/\/www.welovecycling.com\/hu\/edzes-es-eletmod\/taktikak-es-trukkok-virtualis-versenyekhez\/#primaryimage\"},\"image\":{\"@id\":\"https:\/\/www.welovecycling.com\/hu\/edzes-es-eletmod\/taktikak-es-trukkok-virtualis-versenyekhez\/#primaryimage\"},\"thumbnailUrl\":\"https:\/\/d2p6e6u75xmxt8.cloudfront.net\/12\/2022\/03\/Zwift-CVR.jpg\",\"datePublished\":\"2022-03-25T06:00:00+00:00\",\"author\":{\"@id\":\"https:\/\/www.welovecycling.com\/hu\/#\/schema\/person\/414a2aebf1801691a5320edb6468e194\"},\"description\":\"A virtu\u00e1lis versenyz\u00e9s nagyon sok dologban k\u00fcl\u00f6nb\u00f6zik a legt\u00f6bb tipikus szabadt\u00e9ri futamt\u00f3l. K\u00f6zel \u00e1llnak az id\u0151futamokhoz, de fontos figyelembe venni a teljes\u00edtm\u00e9nyn\u00f6vel\u0151 eszk\u00f6z\u00f6ket \u00e9s a speci\u00e1lis mechanizmusokat, amiket a Zwift ny\u00fajt.\",\"breadcrumb\":{\"@id\":\"https:\/\/www.welovecycling.com\/hu\/edzes-es-eletmod\/taktikak-es-trukkok-virtualis-versenyekhez\/#breadcrumb\"},\"inLanguage\":\"hu\",\"potentialAction\":[{\"@type\":\"ReadAction\",\"target\":[\"https:\/\/www.welovecycling.com\/hu\/edzes-es-eletmod\/taktikak-es-trukkok-virtualis-versenyekhez\/\"]}]},{\"@type\":\"ImageObject\",\"inLanguage\":\"hu\",\"@id\":\"https:\/\/www.welovecycling.com\/hu\/edzes-es-eletmod\/taktikak-es-trukkok-virtualis-versenyekhez\/#primaryimage\",\"url\":\"https:\/\/d2p6e6u75xmxt8.cloudfront.net\/12\/2022\/03\/Zwift-CVR.jpg\",\"contentUrl\":\"https:\/\/d2p6e6u75xmxt8.cloudfront.net\/12\/2022\/03\/Zwift-CVR.jpg\",\"width\":1366,\"height\":600,\"caption\":\"Zwift\"},{\"@type\":\"BreadcrumbList\",\"@id\":\"https:\/\/www.welovecycling.com\/hu\/edzes-es-eletmod\/taktikak-es-trukkok-virtualis-versenyekhez\/#breadcrumb\",\"itemListElement\":[{\"@type\":\"ListItem\",\"position\":1,\"name\":\"Home\",\"item\":\"https:\/\/www.welovecycling.com\/hu\/\"},{\"@type\":\"ListItem\",\"position\":2,\"name\":\"Taktik\u00e1k \u00e9s tr\u00fckk\u00f6k virtu\u00e1lis versenyekhez\"}]},{\"@type\":\"WebSite\",\"@id\":\"https:\/\/www.welovecycling.com\/hu\/#website\",\"url\":\"https:\/\/www.welovecycling.com\/hu\/\",\"name\":\"\u0160koda We Love Cycling - Magyarorsz\u00e1g\",\"description\":\"\u0160koda WeLoveCycling\",\"potentialAction\":[{\"@type\":\"SearchAction\",\"target\":{\"@type\":\"EntryPoint\",\"urlTemplate\":\"https:\/\/www.welovecycling.com\/hu\/?s={search_term_string}\"},\"query-input\":{\"@type\":\"PropertyValueSpecification\",\"valueRequired\":true,\"valueName\":\"search_term_string\"}}],\"inLanguage\":\"hu\"},{\"@type\":\"Person\",\"@id\":\"https:\/\/www.welovecycling.com\/hu\/#\/schema\/person\/414a2aebf1801691a5320edb6468e194\",\"name\":\"hegyizs\",\"image\":{\"@type\":\"ImageObject\",\"inLanguage\":\"hu\",\"@id\":\"https:\/\/www.welovecycling.com\/hu\/#\/schema\/person\/image\/\",\"url\":\"https:\/\/secure.gravatar.com\/avatar\/02cf8a7906b8cf90cecb4679defac7cfd33a1c2e3b88e4903d947f3bb58eedd3?s=96&d=mm&r=g\",\"contentUrl\":\"https:\/\/secure.gravatar.com\/avatar\/02cf8a7906b8cf90cecb4679defac7cfd33a1c2e3b88e4903d947f3bb58eedd3?s=96&d=mm&r=g\",\"caption\":\"hegyizs\"},\"url\":\"https:\/\/www.welovecycling.com\/hu\/author\/hegyizs\/\"}]}<\/script>\n<!-- \/ Yoast SEO Premium plugin. -->","yoast_head_json":{"title":"Taktik\u00e1k \u00e9s tr\u00fckk\u00f6k virtu\u00e1lis versenyekhez","description":"A virtu\u00e1lis versenyz\u00e9s nagyon sok dologban k\u00fcl\u00f6nb\u00f6zik a legt\u00f6bb tipikus szabadt\u00e9ri futamt\u00f3l. K\u00f6zel \u00e1llnak az id\u0151futamokhoz, de fontos figyelembe venni a teljes\u00edtm\u00e9nyn\u00f6vel\u0151 eszk\u00f6z\u00f6ket \u00e9s a speci\u00e1lis mechanizmusokat, amiket a Zwift ny\u00fajt.","robots":{"index":"index","follow":"follow","max-snippet":"max-snippet:-1","max-image-preview":"max-image-preview:large","max-video-preview":"max-video-preview:-1"},"canonical":"https:\/\/www.welovecycling.com\/hu\/edzes-es-eletmod\/taktikak-es-trukkok-virtualis-versenyekhez\/","og_locale":"hu_HU","og_type":"article","og_title":"Taktik\u00e1k \u00e9s tr\u00fckk\u00f6k virtu\u00e1lis versenyekhez","og_description":"A virtu\u00e1lis versenyz\u00e9s nagyon sok dologban k\u00fcl\u00f6nb\u00f6zik a legt\u00f6bb tipikus szabadt\u00e9ri futamt\u00f3l. K\u00f6zel \u00e1llnak az id\u0151futamokhoz, de fontos figyelembe venni a teljes\u00edtm\u00e9nyn\u00f6vel\u0151 eszk\u00f6z\u00f6ket \u00e9s a speci\u00e1lis mechanizmusokat, amiket a Zwift ny\u00fajt.","og_url":"https:\/\/www.welovecycling.com\/hu\/edzes-es-eletmod\/taktikak-es-trukkok-virtualis-versenyekhez\/","og_site_name":"\u0160koda We Love Cycling - Magyarorsz\u00e1g","article_publisher":"https:\/\/www.facebook.com\/WeLoveCyclingHungary\/","article_published_time":"2022-03-25T06:00:00+00:00","og_image":[{"width":1366,"height":600,"url":"https:\/\/d2p6e6u75xmxt8.cloudfront.net\/12\/2022\/03\/Zwift-CVR.jpg","type":"image\/jpeg"}],"author":"hegyizs","twitter_card":"summary_large_image","twitter_misc":{"Written by":"Jiri Kaloc","Est. reading time":"5"},"schema":{"@context":"https:\/\/schema.org","@graph":[{"@type":"WebPage","@id":"https:\/\/www.welovecycling.com\/hu\/edzes-es-eletmod\/taktikak-es-trukkok-virtualis-versenyekhez\/","url":"https:\/\/www.welovecycling.com\/hu\/edzes-es-eletmod\/taktikak-es-trukkok-virtualis-versenyekhez\/","name":"Taktik\u00e1k \u00e9s tr\u00fckk\u00f6k virtu\u00e1lis versenyekhez","isPartOf":{"@id":"https:\/\/www.welovecycling.com\/hu\/#website"},"primaryImageOfPage":{"@id":"https:\/\/www.welovecycling.com\/hu\/edzes-es-eletmod\/taktikak-es-trukkok-virtualis-versenyekhez\/#primaryimage"},"image":{"@id":"https:\/\/www.welovecycling.com\/hu\/edzes-es-eletmod\/taktikak-es-trukkok-virtualis-versenyekhez\/#primaryimage"},"thumbnailUrl":"https:\/\/d2p6e6u75xmxt8.cloudfront.net\/12\/2022\/03\/Zwift-CVR.jpg","datePublished":"2022-03-25T06:00:00+00:00","author":{"@id":"https:\/\/www.welovecycling.com\/hu\/#\/schema\/person\/414a2aebf1801691a5320edb6468e194"},"description":"A virtu\u00e1lis versenyz\u00e9s nagyon sok dologban k\u00fcl\u00f6nb\u00f6zik a legt\u00f6bb tipikus szabadt\u00e9ri futamt\u00f3l. K\u00f6zel \u00e1llnak az id\u0151futamokhoz, de fontos figyelembe venni a teljes\u00edtm\u00e9nyn\u00f6vel\u0151 eszk\u00f6z\u00f6ket \u00e9s a speci\u00e1lis mechanizmusokat, amiket a Zwift ny\u00fajt.","breadcrumb":{"@id":"https:\/\/www.welovecycling.com\/hu\/edzes-es-eletmod\/taktikak-es-trukkok-virtualis-versenyekhez\/#breadcrumb"},"inLanguage":"hu","potentialAction":[{"@type":"ReadAction","target":["https:\/\/www.welovecycling.com\/hu\/edzes-es-eletmod\/taktikak-es-trukkok-virtualis-versenyekhez\/"]}]},{"@type":"ImageObject","inLanguage":"hu","@id":"https:\/\/www.welovecycling.com\/hu\/edzes-es-eletmod\/taktikak-es-trukkok-virtualis-versenyekhez\/#primaryimage","url":"https:\/\/d2p6e6u75xmxt8.cloudfront.net\/12\/2022\/03\/Zwift-CVR.jpg","contentUrl":"https:\/\/d2p6e6u75xmxt8.cloudfront.net\/12\/2022\/03\/Zwift-CVR.jpg","width":1366,"height":600,"caption":"Zwift"},{"@type":"BreadcrumbList","@id":"https:\/\/www.welovecycling.com\/hu\/edzes-es-eletmod\/taktikak-es-trukkok-virtualis-versenyekhez\/#breadcrumb","itemListElement":[{"@type":"ListItem","position":1,"name":"Home","item":"https:\/\/www.welovecycling.com\/hu\/"},{"@type":"ListItem","position":2,"name":"Taktik\u00e1k \u00e9s tr\u00fckk\u00f6k virtu\u00e1lis versenyekhez"}]},{"@type":"WebSite","@id":"https:\/\/www.welovecycling.com\/hu\/#website","url":"https:\/\/www.welovecycling.com\/hu\/","name":"\u0160koda We Love Cycling - Magyarorsz\u00e1g","description":"\u0160koda WeLoveCycling","potentialAction":[{"@type":"SearchAction","target":{"@type":"EntryPoint","urlTemplate":"https:\/\/www.welovecycling.com\/hu\/?s={search_term_string}"},"query-input":{"@type":"PropertyValueSpecification","valueRequired":true,"valueName":"search_term_string"}}],"inLanguage":"hu"},{"@type":"Person","@id":"https:\/\/www.welovecycling.com\/hu\/#\/schema\/person\/414a2aebf1801691a5320edb6468e194","name":"hegyizs","image":{"@type":"ImageObject","inLanguage":"hu","@id":"https:\/\/www.welovecycling.com\/hu\/#\/schema\/person\/image\/","url":"https:\/\/secure.gravatar.com\/avatar\/02cf8a7906b8cf90cecb4679defac7cfd33a1c2e3b88e4903d947f3bb58eedd3?s=96&d=mm&r=g","contentUrl":"https:\/\/secure.gravatar.com\/avatar\/02cf8a7906b8cf90cecb4679defac7cfd33a1c2e3b88e4903d947f3bb58eedd3?s=96&d=mm&r=g","caption":"hegyizs"},"url":"https:\/\/www.welovecycling.com\/hu\/author\/hegyizs\/"}]}},"_links":{"self":[{"href":"https:\/\/www.welovecycling.com\/hu\/wp-json\/wp\/v2\/posts\/13765","targetHints":{"allow":["GET"]}}],"collection":[{"href":"https:\/\/www.welovecycling.com\/hu\/wp-json\/wp\/v2\/posts"}],"about":[{"href":"https:\/\/www.welovecycling.com\/hu\/wp-json\/wp\/v2\/types\/post"}],"author":[{"embeddable":true,"href":"https:\/\/www.welovecycling.com\/hu\/wp-json\/wp\/v2\/users\/71"}],"replies":[{"embeddable":true,"href":"https:\/\/www.welovecycling.com\/hu\/wp-json\/wp\/v2\/comments?post=13765"}],"version-history":[{"count":1,"href":"https:\/\/www.welovecycling.com\/hu\/wp-json\/wp\/v2\/posts\/13765\/revisions"}],"predecessor-version":[{"id":13772,"href":"https:\/\/www.welovecycling.com\/hu\/wp-json\/wp\/v2\/posts\/13765\/revisions\/13772"}],"wp:featuredmedia":[{"embeddable":true,"href":"https:\/\/www.welovecycling.com\/hu\/wp-json\/wp\/v2\/media\/13767"}],"wp:attachment":[{"href":"https:\/\/www.welovecycling.com\/hu\/wp-json\/wp\/v2\/media?parent=13765"}],"wp:term":[{"taxonomy":"category","embeddable":true,"href":"https:\/\/www.welovecycling.com\/hu\/wp-json\/wp\/v2\/categories?post=13765"},{"taxonomy":"post_tag","embeddable":true,"href":"https:\/\/www.welovecycling.com\/hu\/wp-json\/wp\/v2\/tags?post=13765"},{"taxonomy":"global-categories","embeddable":true,"href":"https:\/\/www.welovecycling.com\/hu\/wp-json\/wp\/v2\/global-categories?post=13765"}],"curies":[{"name":"wp","href":"https:\/\/api.w.org\/{rel}","templated":true}]}}