{"id":13754,"date":"2022-03-22T08:00:33","date_gmt":"2022-03-22T06:00:33","guid":{"rendered":"https:\/\/www.welovecycling.com\/hu\/?p=13754"},"modified":"2022-03-22T13:35:41","modified_gmt":"2022-03-22T11:35:41","slug":"megadoztatni-a-cukros-uditoket-ugy-tunik-mukodik","status":"publish","type":"post","link":"https:\/\/www.welovecycling.com\/hu\/edzes-es-eletmod\/megadoztatni-a-cukros-uditoket-ugy-tunik-mukodik\/","title":{"rendered":"Megad\u00f3ztatni a cukros \u00fcd\u00edt\u0151ket? \u00dagy t\u0171nik, m\u0171k\u00f6dik!"},"content":{"rendered":"<p><strong>A sokak \u00e1ltal kedvelt \u00fcd\u00edt\u0151k megad\u00f3ztat\u00e1sa biztosan nem lenne t\u00fal n\u00e9pszer\u0171. De vajon seg\u00edtene cs\u00f6kkenteni a cukorbevitel\u00fcnket \u00e9s eg\u00e9szs\u00e9gesebb \u00e9letm\u00f3dra \u00f6szt\u00f6n\u00f6zni az embereket? N\u00e9h\u00e1ny nemr\u00e9g k\u00e9sz\u00fclt kutat\u00e1s szerint igen.<\/strong><br \/>\n<!--more--><\/p>\n<h2><strong>T\u00fal sok cukrot fogyasztunk<\/strong><\/h2>\n<p>A feln\u0151ttek t\u00f6bb mint 50%-a \u00e9s a gyerekek 65%-a t\u00f6bb hozz\u00e1adott cukrot fogyaszt az aj\u00e1nlottn\u00e1l. A cukorral \u00e9des\u00edtett italok, p\u00e9ld\u00e1ul az \u00fcd\u00edt\u0151k, a gy\u00fcm\u00f6lcslevek \u00e9s az energiaitalok az egyik legnagyobb m\u00e9rt\u00e9kben \u00e1rulnak ehhez hozz\u00e1 egy \u00e1tlagos nyugati \u00e9trendben. A hozz\u00e1adott cukrok t\u00falzott fogyaszt\u00e1sa jelent\u0151sen hozz\u00e1j\u00e1rul az elh\u00edz\u00e1shoz, \u00e9s olyan betegs\u00e9geket okozhat, mint a cukorbetegs\u00e9g, ami n\u00f6velheti a r\u00e1k kock\u00e1zat\u00e1t.<\/p>\n<figure id=\"attachment_12178\" aria-describedby=\"caption-attachment-12178\" style=\"width: 1000px\" class=\"wp-caption alignnone\"><a href=\"https:\/\/d2p6e6u75xmxt8.cloudfront.net\/12\/2021\/08\/Soda-cocktail-profimedia-0617318084.jpg\"><img loading=\"lazy\" decoding=\"async\" class=\"wp-image-12178 size-full\" src=\"https:\/\/d2p6e6u75xmxt8.cloudfront.net\/12\/2021\/08\/Soda-cocktail-profimedia-0617318084.jpg\" alt=\"Cocktails\" width=\"1000\" height=\"666\" srcset=\"https:\/\/d2p6e6u75xmxt8.cloudfront.net\/12\/2021\/08\/Soda-cocktail-profimedia-0617318084.jpg 1000w, https:\/\/d2p6e6u75xmxt8.cloudfront.net\/12\/2021\/08\/Soda-cocktail-profimedia-0617318084-300x200.jpg 300w, https:\/\/d2p6e6u75xmxt8.cloudfront.net\/12\/2021\/08\/Soda-cocktail-profimedia-0617318084-768x511.jpg 768w, https:\/\/d2p6e6u75xmxt8.cloudfront.net\/12\/2021\/08\/Soda-cocktail-profimedia-0617318084-272x182.jpg 272w\" sizes=\"auto, (max-width: 1000px) 100vw, 1000px\" \/><\/a><figcaption id=\"caption-attachment-12178\" class=\"wp-caption-text\">T\u00fal sok cukrot fogyasztunk. \u00a9 Profimedia<\/figcaption><\/figure>\n<p>cukros \u00fcd\u00edt\u0151k megad\u00f3ztat\u00e1sa p\u00e9nz\u00fcgyi \u00f6szt\u00f6nz\u00e9s lehet a fogyaszt\u00f3k sz\u00e1m\u00e1ra arra, hogy eg\u00e9szs\u00e9gesebb lehet\u0151s\u00e9geket v\u00e1lasszanak, emellett a k\u00f6zeg\u00e9szs\u00e9g\u00fcgy finansz\u00edroz\u00e1s\u00e1nak is egy m\u00f3dja lehet. Az Illinois Chicag\u00f3i Egyetem kutat\u00f3i \u00e1ltal k\u00f6zz\u00e9tett k\u00e9t \u00faj tanulm\u00e1ny \u00e9rt\u00e9keli a cukorral a seattle-i reakci\u00f3t \u00e9s hat\u00e1st, ahol az ad\u00f3t 2018-ban vezett\u00e9k be.<\/p>\n<p><em>\u201eSz\u00e1mos tanulm\u00e1nyt publik\u00e1ltunk \u00e9s publik\u00e1ltak m\u00e1s kutat\u00f3k is az ad\u00f3 r\u00f6vid t\u00e1v\u00fa hat\u00e1sair\u00f3l, miut\u00e1n az Egyes\u00fclt \u00c1llamok egyes ter\u00fcletein bevezetett\u00e9k azt, azonban ezek az ad\u00f3k m\u00e9g viszonylag \u00fajak, \u00edgy tudom\u00e1nyos adatokra van sz\u00fcks\u00e9g\u00fcnk ahhoz, hogy a hosszabb t\u00e1v\u00fa hat\u00e1sokat is meg\u00e9rts\u00fck, \u00e9s felt\u00e1rjuk, hogy milyen potenci\u00e1lis eg\u00e9szs\u00e9g\u00fcgyi \u00e9s politikai el\u0151ny\u00f6kkel j\u00e1rhatnak\u201d<\/em> &#8211; mondta Lisa Powell, a tanulm\u00e1ny vezet\u0151 szerz\u0151je.<\/p>\n<h2><strong>22%-kal cs\u00f6kkent az ad\u00f3k\u00f6teles italok \u00e9rt\u00e9kes\u00edt\u00e9se<\/strong><\/h2>\n<p>A kutat\u00f3k \u00f6sszehasonl\u00edtott\u00e1k a seattle-i cukros italok, \u00e9dess\u00e9gek \u00e9s cukorterm\u00e9kek \u00e9rt\u00e9kes\u00edt\u00e9s\u00e9re vonatkoz\u00f3 adatokat Portland adataival, ami egy hasonl\u00f3 v\u00e1ros, azonban a k\u00fcl\u00f6nleges ad\u00f3 n\u00e9lk\u00fcl. K\u00e9t \u00e9vvel az ad\u00f3 bevezet\u00e9se ut\u00e1n k\u00e9sz\u00fclt egy tanulm\u00e1ny, mely els\u0151sorban a gazdas\u00e1gi hat\u00e1sokra \u00f6sszpontos\u00edtott.<\/p>\n<p>Az eredm\u00e9nyek azt mutatt\u00e1k, hogy az \u00e1rak \u00e1tlagosan 1,04 centtel n\u0151ttek minden 30 ml ad\u00f3k\u00f6telet \u00fcd\u00edt\u0151 ut\u00e1n. Az eladott cukros italok mennyis\u00e9g 22%-kal cs\u00f6kkent \u00e9s nem t\u00f6rt\u00e9nt hat\u00e1rokon t\u00fali v\u00e1s\u00e1rl\u00e1s.<\/p>\n<p><strong>19%-kal kevesebb cukor fogyott<\/strong><\/p>\n<p>A m\u00e1sodik tanulm\u00e1ny az eladott cukor grammjaiban bek\u00f6vetkezett v\u00e1ltoz\u00e1sokat elemezte. Eszerint az ad\u00f3 23%-kal cs\u00f6kkentette az ad\u00f3k\u00f6teles italokkal eladott cukor mennyis\u00e9g\u00e9t. Azt is megfigyelt\u00e9k, hogy az egy\u00e9b \u00e9dess\u00e9gekb\u0151l \u00e9rt\u00e9kes\u00edtett cukor mennyis\u00e9ge 4%-kal n\u0151tt, ami azt jelenti, hogy az ad\u00f3 bevezet\u00e9s\u00e9t k\u00f6vet\u0151 k\u00e9t \u00e9vben nett\u00f3 19%-kal cs\u00f6kkent a v\u00e1s\u00e1rolt cukormennyis\u00e9g.<\/p>\n<p><em>\u201eTanulm\u00e1nyaink azt mutatj\u00e1k, hogy m\u00e9g a potenci\u00e1lis helyettes\u00edt\u00e9si magatart\u00e1sok, p\u00e9ld\u00e1ul a hat\u00e1rokon \u00e1tny\u00fal\u00f3 v\u00e1s\u00e1rl\u00e1sokkal vagy a hozz\u00e1adott cukrot tartalmaz\u00f3 term\u00e9kek gyakoribb v\u00e1laszt\u00e1s\u00e1val egy\u00fctt is jelent\u0151s \u00e9s tart\u00f3s hat\u00e1st hoztak a cukros italokb\u00f3l bevitt cukormennyis\u00e9gre. Ez pedig arra utal, hogy az ad\u00f3k tart\u00f3san cs\u00f6kkenthetik a cukros italok ir\u00e1nti keresletet, \u00e9s seg\u00edthetnek cs\u00f6kkenteni a hozz\u00e1adott cukrokkal kapcsolatos eg\u00e9szs\u00e9g\u00fcgyi \u00e1rtalmakat\u201d<\/em> \u2013 mondta Lisa Powell.<\/p>\n<p>L\u00e1tva a sikert Seattle-ben, mit gondolsz, j\u00f3 \u00f6tlet lehetne itthon is bevezetni az ad\u00f3t?<\/p>\n","protected":false},"excerpt":{"rendered":"<p>A sokak \u00e1ltal kedvelt \u00fcd\u00edt\u0151k megad\u00f3ztat\u00e1sa biztosan nem lenne t\u00fal n\u00e9pszer\u0171. De vajon seg\u00edtene cs\u00f6kkenteni a cukorbevitel\u00fcnket \u00e9s eg\u00e9szs\u00e9gesebb \u00e9letm\u00f3dra [&hellip;]<\/p>\n","protected":false},"author":71,"featured_media":13756,"comment_status":"open","ping_status":"open","sticky":false,"template":"","format":"standard","meta":{"footnotes":""},"categories":[6],"tags":[],"global-categories":[],"class_list":["post-13754","post","type-post","status-publish","format-standard","has-post-thumbnail","hentry","category-edzes-es-eletmod"],"yoast_head":"<!-- This site is optimized with the Yoast SEO Premium plugin v25.3 (Yoast SEO v25.9) - https:\/\/yoast.com\/wordpress\/plugins\/seo\/ -->\n<title>Megad\u00f3ztatni a cukros \u00fcd\u00edt\u0151ket? \u00dagy t\u0171nik, m\u0171k\u00f6dik!<\/title>\n<meta name=\"description\" content=\"A sokak \u00e1ltal kedvelt \u00fcd\u00edt\u0151k megad\u00f3ztat\u00e1sa biztosan nem lenne t\u00fal n\u00e9pszer\u0171. De vajon seg\u00edtene cs\u00f6kkenteni a cukorbevitel\u00fcnket \u00e9s eg\u00e9szs\u00e9gesebb \u00e9letm\u00f3dra \u00f6szt\u00f6n\u00f6zni az embereket? N\u00e9h\u00e1ny nemr\u00e9g k\u00e9sz\u00fclt kutat\u00e1s szerint igen.\" \/>\n<meta name=\"robots\" content=\"index, follow, max-snippet:-1, max-image-preview:large, max-video-preview:-1\" \/>\n<link rel=\"canonical\" href=\"https:\/\/www.welovecycling.com\/hu\/edzes-es-eletmod\/megadoztatni-a-cukros-uditoket-ugy-tunik-mukodik\/\" \/>\n<meta property=\"og:locale\" content=\"hu_HU\" \/>\n<meta property=\"og:type\" content=\"article\" \/>\n<meta property=\"og:title\" content=\"Megad\u00f3ztatni a cukros \u00fcd\u00edt\u0151ket? \u00dagy t\u0171nik, m\u0171k\u00f6dik!\" \/>\n<meta property=\"og:description\" content=\"A sokak \u00e1ltal kedvelt \u00fcd\u00edt\u0151k megad\u00f3ztat\u00e1sa biztosan nem lenne t\u00fal n\u00e9pszer\u0171. De vajon seg\u00edtene cs\u00f6kkenteni a cukorbevitel\u00fcnket \u00e9s eg\u00e9szs\u00e9gesebb \u00e9letm\u00f3dra \u00f6szt\u00f6n\u00f6zni az embereket? N\u00e9h\u00e1ny nemr\u00e9g k\u00e9sz\u00fclt kutat\u00e1s szerint igen.\" \/>\n<meta property=\"og:url\" content=\"https:\/\/www.welovecycling.com\/hu\/edzes-es-eletmod\/megadoztatni-a-cukros-uditoket-ugy-tunik-mukodik\/\" \/>\n<meta property=\"og:site_name\" content=\"\u0160koda We Love Cycling - Magyarorsz\u00e1g\" \/>\n<meta property=\"article:publisher\" content=\"https:\/\/www.facebook.com\/WeLoveCyclingHungary\/\" \/>\n<meta property=\"article:published_time\" content=\"2022-03-22T06:00:33+00:00\" \/>\n<meta property=\"article:modified_time\" content=\"2022-03-22T11:35:41+00:00\" \/>\n<meta property=\"og:image\" content=\"https:\/\/d2p6e6u75xmxt8.cloudfront.net\/12\/2022\/03\/Soda-cans-profimedia-0656562712-CVR.jpg\" \/>\n\t<meta property=\"og:image:width\" content=\"1366\" \/>\n\t<meta property=\"og:image:height\" content=\"600\" \/>\n\t<meta property=\"og:image:type\" content=\"image\/jpeg\" \/>\n<meta name=\"author\" content=\"hegyizs\" \/>\n<meta name=\"twitter:card\" content=\"summary_large_image\" \/>\n<meta name=\"twitter:label1\" content=\"Written by\" \/>\n\t<meta name=\"twitter:data1\" content=\"hegyizs\" \/>\n\t<meta name=\"twitter:label2\" content=\"Est. reading time\" \/>\n\t<meta name=\"twitter:data2\" content=\"3 minutes\" \/>\n<script type=\"application\/ld+json\" class=\"yoast-schema-graph\">{\"@context\":\"https:\/\/schema.org\",\"@graph\":[{\"@type\":\"WebPage\",\"@id\":\"https:\/\/www.welovecycling.com\/hu\/edzes-es-eletmod\/megadoztatni-a-cukros-uditoket-ugy-tunik-mukodik\/\",\"url\":\"https:\/\/www.welovecycling.com\/hu\/edzes-es-eletmod\/megadoztatni-a-cukros-uditoket-ugy-tunik-mukodik\/\",\"name\":\"Megad\u00f3ztatni a cukros \u00fcd\u00edt\u0151ket? \u00dagy t\u0171nik, m\u0171k\u00f6dik!\",\"isPartOf\":{\"@id\":\"https:\/\/www.welovecycling.com\/hu\/#website\"},\"primaryImageOfPage\":{\"@id\":\"https:\/\/www.welovecycling.com\/hu\/edzes-es-eletmod\/megadoztatni-a-cukros-uditoket-ugy-tunik-mukodik\/#primaryimage\"},\"image\":{\"@id\":\"https:\/\/www.welovecycling.com\/hu\/edzes-es-eletmod\/megadoztatni-a-cukros-uditoket-ugy-tunik-mukodik\/#primaryimage\"},\"thumbnailUrl\":\"https:\/\/d2p6e6u75xmxt8.cloudfront.net\/12\/2022\/03\/Soda-cans-profimedia-0656562712-CVR.jpg\",\"datePublished\":\"2022-03-22T06:00:33+00:00\",\"dateModified\":\"2022-03-22T11:35:41+00:00\",\"author\":{\"@id\":\"https:\/\/www.welovecycling.com\/hu\/#\/schema\/person\/414a2aebf1801691a5320edb6468e194\"},\"description\":\"A sokak \u00e1ltal kedvelt \u00fcd\u00edt\u0151k megad\u00f3ztat\u00e1sa biztosan nem lenne t\u00fal n\u00e9pszer\u0171. De vajon seg\u00edtene cs\u00f6kkenteni a cukorbevitel\u00fcnket \u00e9s eg\u00e9szs\u00e9gesebb \u00e9letm\u00f3dra \u00f6szt\u00f6n\u00f6zni az embereket? N\u00e9h\u00e1ny nemr\u00e9g k\u00e9sz\u00fclt kutat\u00e1s szerint igen.\",\"breadcrumb\":{\"@id\":\"https:\/\/www.welovecycling.com\/hu\/edzes-es-eletmod\/megadoztatni-a-cukros-uditoket-ugy-tunik-mukodik\/#breadcrumb\"},\"inLanguage\":\"hu\",\"potentialAction\":[{\"@type\":\"ReadAction\",\"target\":[\"https:\/\/www.welovecycling.com\/hu\/edzes-es-eletmod\/megadoztatni-a-cukros-uditoket-ugy-tunik-mukodik\/\"]}]},{\"@type\":\"ImageObject\",\"inLanguage\":\"hu\",\"@id\":\"https:\/\/www.welovecycling.com\/hu\/edzes-es-eletmod\/megadoztatni-a-cukros-uditoket-ugy-tunik-mukodik\/#primaryimage\",\"url\":\"https:\/\/d2p6e6u75xmxt8.cloudfront.net\/12\/2022\/03\/Soda-cans-profimedia-0656562712-CVR.jpg\",\"contentUrl\":\"https:\/\/d2p6e6u75xmxt8.cloudfront.net\/12\/2022\/03\/Soda-cans-profimedia-0656562712-CVR.jpg\",\"width\":1366,\"height\":600,\"caption\":\"Can of soda\"},{\"@type\":\"BreadcrumbList\",\"@id\":\"https:\/\/www.welovecycling.com\/hu\/edzes-es-eletmod\/megadoztatni-a-cukros-uditoket-ugy-tunik-mukodik\/#breadcrumb\",\"itemListElement\":[{\"@type\":\"ListItem\",\"position\":1,\"name\":\"Home\",\"item\":\"https:\/\/www.welovecycling.com\/hu\/\"},{\"@type\":\"ListItem\",\"position\":2,\"name\":\"Megad\u00f3ztatni a cukros \u00fcd\u00edt\u0151ket? \u00dagy t\u0171nik, m\u0171k\u00f6dik!\"}]},{\"@type\":\"WebSite\",\"@id\":\"https:\/\/www.welovecycling.com\/hu\/#website\",\"url\":\"https:\/\/www.welovecycling.com\/hu\/\",\"name\":\"\u0160koda We Love Cycling - Magyarorsz\u00e1g\",\"description\":\"\u0160koda WeLoveCycling\",\"potentialAction\":[{\"@type\":\"SearchAction\",\"target\":{\"@type\":\"EntryPoint\",\"urlTemplate\":\"https:\/\/www.welovecycling.com\/hu\/?s={search_term_string}\"},\"query-input\":{\"@type\":\"PropertyValueSpecification\",\"valueRequired\":true,\"valueName\":\"search_term_string\"}}],\"inLanguage\":\"hu\"},{\"@type\":\"Person\",\"@id\":\"https:\/\/www.welovecycling.com\/hu\/#\/schema\/person\/414a2aebf1801691a5320edb6468e194\",\"name\":\"hegyizs\",\"image\":{\"@type\":\"ImageObject\",\"inLanguage\":\"hu\",\"@id\":\"https:\/\/www.welovecycling.com\/hu\/#\/schema\/person\/image\/\",\"url\":\"https:\/\/secure.gravatar.com\/avatar\/02cf8a7906b8cf90cecb4679defac7cfd33a1c2e3b88e4903d947f3bb58eedd3?s=96&d=mm&r=g\",\"contentUrl\":\"https:\/\/secure.gravatar.com\/avatar\/02cf8a7906b8cf90cecb4679defac7cfd33a1c2e3b88e4903d947f3bb58eedd3?s=96&d=mm&r=g\",\"caption\":\"hegyizs\"},\"url\":\"https:\/\/www.welovecycling.com\/hu\/author\/hegyizs\/\"}]}<\/script>\n<!-- \/ Yoast SEO Premium plugin. -->","yoast_head_json":{"title":"Megad\u00f3ztatni a cukros \u00fcd\u00edt\u0151ket? \u00dagy t\u0171nik, m\u0171k\u00f6dik!","description":"A sokak \u00e1ltal kedvelt \u00fcd\u00edt\u0151k megad\u00f3ztat\u00e1sa biztosan nem lenne t\u00fal n\u00e9pszer\u0171. De vajon seg\u00edtene cs\u00f6kkenteni a cukorbevitel\u00fcnket \u00e9s eg\u00e9szs\u00e9gesebb \u00e9letm\u00f3dra \u00f6szt\u00f6n\u00f6zni az embereket? N\u00e9h\u00e1ny nemr\u00e9g k\u00e9sz\u00fclt kutat\u00e1s szerint igen.","robots":{"index":"index","follow":"follow","max-snippet":"max-snippet:-1","max-image-preview":"max-image-preview:large","max-video-preview":"max-video-preview:-1"},"canonical":"https:\/\/www.welovecycling.com\/hu\/edzes-es-eletmod\/megadoztatni-a-cukros-uditoket-ugy-tunik-mukodik\/","og_locale":"hu_HU","og_type":"article","og_title":"Megad\u00f3ztatni a cukros \u00fcd\u00edt\u0151ket? \u00dagy t\u0171nik, m\u0171k\u00f6dik!","og_description":"A sokak \u00e1ltal kedvelt \u00fcd\u00edt\u0151k megad\u00f3ztat\u00e1sa biztosan nem lenne t\u00fal n\u00e9pszer\u0171. De vajon seg\u00edtene cs\u00f6kkenteni a cukorbevitel\u00fcnket \u00e9s eg\u00e9szs\u00e9gesebb \u00e9letm\u00f3dra \u00f6szt\u00f6n\u00f6zni az embereket? N\u00e9h\u00e1ny nemr\u00e9g k\u00e9sz\u00fclt kutat\u00e1s szerint igen.","og_url":"https:\/\/www.welovecycling.com\/hu\/edzes-es-eletmod\/megadoztatni-a-cukros-uditoket-ugy-tunik-mukodik\/","og_site_name":"\u0160koda We Love Cycling - Magyarorsz\u00e1g","article_publisher":"https:\/\/www.facebook.com\/WeLoveCyclingHungary\/","article_published_time":"2022-03-22T06:00:33+00:00","article_modified_time":"2022-03-22T11:35:41+00:00","og_image":[{"width":1366,"height":600,"url":"https:\/\/d2p6e6u75xmxt8.cloudfront.net\/12\/2022\/03\/Soda-cans-profimedia-0656562712-CVR.jpg","type":"image\/jpeg"}],"author":"hegyizs","twitter_card":"summary_large_image","twitter_misc":{"Written by":"hegyizs","Est. reading time":"3 minutes"},"schema":{"@context":"https:\/\/schema.org","@graph":[{"@type":"WebPage","@id":"https:\/\/www.welovecycling.com\/hu\/edzes-es-eletmod\/megadoztatni-a-cukros-uditoket-ugy-tunik-mukodik\/","url":"https:\/\/www.welovecycling.com\/hu\/edzes-es-eletmod\/megadoztatni-a-cukros-uditoket-ugy-tunik-mukodik\/","name":"Megad\u00f3ztatni a cukros \u00fcd\u00edt\u0151ket? \u00dagy t\u0171nik, m\u0171k\u00f6dik!","isPartOf":{"@id":"https:\/\/www.welovecycling.com\/hu\/#website"},"primaryImageOfPage":{"@id":"https:\/\/www.welovecycling.com\/hu\/edzes-es-eletmod\/megadoztatni-a-cukros-uditoket-ugy-tunik-mukodik\/#primaryimage"},"image":{"@id":"https:\/\/www.welovecycling.com\/hu\/edzes-es-eletmod\/megadoztatni-a-cukros-uditoket-ugy-tunik-mukodik\/#primaryimage"},"thumbnailUrl":"https:\/\/d2p6e6u75xmxt8.cloudfront.net\/12\/2022\/03\/Soda-cans-profimedia-0656562712-CVR.jpg","datePublished":"2022-03-22T06:00:33+00:00","dateModified":"2022-03-22T11:35:41+00:00","author":{"@id":"https:\/\/www.welovecycling.com\/hu\/#\/schema\/person\/414a2aebf1801691a5320edb6468e194"},"description":"A sokak \u00e1ltal kedvelt \u00fcd\u00edt\u0151k megad\u00f3ztat\u00e1sa biztosan nem lenne t\u00fal n\u00e9pszer\u0171. De vajon seg\u00edtene cs\u00f6kkenteni a cukorbevitel\u00fcnket \u00e9s eg\u00e9szs\u00e9gesebb \u00e9letm\u00f3dra \u00f6szt\u00f6n\u00f6zni az embereket? N\u00e9h\u00e1ny nemr\u00e9g k\u00e9sz\u00fclt kutat\u00e1s szerint igen.","breadcrumb":{"@id":"https:\/\/www.welovecycling.com\/hu\/edzes-es-eletmod\/megadoztatni-a-cukros-uditoket-ugy-tunik-mukodik\/#breadcrumb"},"inLanguage":"hu","potentialAction":[{"@type":"ReadAction","target":["https:\/\/www.welovecycling.com\/hu\/edzes-es-eletmod\/megadoztatni-a-cukros-uditoket-ugy-tunik-mukodik\/"]}]},{"@type":"ImageObject","inLanguage":"hu","@id":"https:\/\/www.welovecycling.com\/hu\/edzes-es-eletmod\/megadoztatni-a-cukros-uditoket-ugy-tunik-mukodik\/#primaryimage","url":"https:\/\/d2p6e6u75xmxt8.cloudfront.net\/12\/2022\/03\/Soda-cans-profimedia-0656562712-CVR.jpg","contentUrl":"https:\/\/d2p6e6u75xmxt8.cloudfront.net\/12\/2022\/03\/Soda-cans-profimedia-0656562712-CVR.jpg","width":1366,"height":600,"caption":"Can of soda"},{"@type":"BreadcrumbList","@id":"https:\/\/www.welovecycling.com\/hu\/edzes-es-eletmod\/megadoztatni-a-cukros-uditoket-ugy-tunik-mukodik\/#breadcrumb","itemListElement":[{"@type":"ListItem","position":1,"name":"Home","item":"https:\/\/www.welovecycling.com\/hu\/"},{"@type":"ListItem","position":2,"name":"Megad\u00f3ztatni a cukros \u00fcd\u00edt\u0151ket? \u00dagy t\u0171nik, m\u0171k\u00f6dik!"}]},{"@type":"WebSite","@id":"https:\/\/www.welovecycling.com\/hu\/#website","url":"https:\/\/www.welovecycling.com\/hu\/","name":"\u0160koda We Love Cycling - Magyarorsz\u00e1g","description":"\u0160koda WeLoveCycling","potentialAction":[{"@type":"SearchAction","target":{"@type":"EntryPoint","urlTemplate":"https:\/\/www.welovecycling.com\/hu\/?s={search_term_string}"},"query-input":{"@type":"PropertyValueSpecification","valueRequired":true,"valueName":"search_term_string"}}],"inLanguage":"hu"},{"@type":"Person","@id":"https:\/\/www.welovecycling.com\/hu\/#\/schema\/person\/414a2aebf1801691a5320edb6468e194","name":"hegyizs","image":{"@type":"ImageObject","inLanguage":"hu","@id":"https:\/\/www.welovecycling.com\/hu\/#\/schema\/person\/image\/","url":"https:\/\/secure.gravatar.com\/avatar\/02cf8a7906b8cf90cecb4679defac7cfd33a1c2e3b88e4903d947f3bb58eedd3?s=96&d=mm&r=g","contentUrl":"https:\/\/secure.gravatar.com\/avatar\/02cf8a7906b8cf90cecb4679defac7cfd33a1c2e3b88e4903d947f3bb58eedd3?s=96&d=mm&r=g","caption":"hegyizs"},"url":"https:\/\/www.welovecycling.com\/hu\/author\/hegyizs\/"}]}},"_links":{"self":[{"href":"https:\/\/www.welovecycling.com\/hu\/wp-json\/wp\/v2\/posts\/13754","targetHints":{"allow":["GET"]}}],"collection":[{"href":"https:\/\/www.welovecycling.com\/hu\/wp-json\/wp\/v2\/posts"}],"about":[{"href":"https:\/\/www.welovecycling.com\/hu\/wp-json\/wp\/v2\/types\/post"}],"author":[{"embeddable":true,"href":"https:\/\/www.welovecycling.com\/hu\/wp-json\/wp\/v2\/users\/71"}],"replies":[{"embeddable":true,"href":"https:\/\/www.welovecycling.com\/hu\/wp-json\/wp\/v2\/comments?post=13754"}],"version-history":[{"count":2,"href":"https:\/\/www.welovecycling.com\/hu\/wp-json\/wp\/v2\/posts\/13754\/revisions"}],"predecessor-version":[{"id":13769,"href":"https:\/\/www.welovecycling.com\/hu\/wp-json\/wp\/v2\/posts\/13754\/revisions\/13769"}],"wp:featuredmedia":[{"embeddable":true,"href":"https:\/\/www.welovecycling.com\/hu\/wp-json\/wp\/v2\/media\/13756"}],"wp:attachment":[{"href":"https:\/\/www.welovecycling.com\/hu\/wp-json\/wp\/v2\/media?parent=13754"}],"wp:term":[{"taxonomy":"category","embeddable":true,"href":"https:\/\/www.welovecycling.com\/hu\/wp-json\/wp\/v2\/categories?post=13754"},{"taxonomy":"post_tag","embeddable":true,"href":"https:\/\/www.welovecycling.com\/hu\/wp-json\/wp\/v2\/tags?post=13754"},{"taxonomy":"global-categories","embeddable":true,"href":"https:\/\/www.welovecycling.com\/hu\/wp-json\/wp\/v2\/global-categories?post=13754"}],"curies":[{"name":"wp","href":"https:\/\/api.w.org\/{rel}","templated":true}]}}