{"id":13749,"date":"2022-03-28T08:00:14","date_gmt":"2022-03-28T06:00:14","guid":{"rendered":"https:\/\/www.welovecycling.com\/hu\/?p=13749"},"modified":"2022-03-22T14:24:58","modified_gmt":"2022-03-22T12:24:58","slug":"textil-a-jovobol-az-anyag-ami-akkor-szellozik-amikor-izzadsz","status":"publish","type":"post","link":"https:\/\/www.welovecycling.com\/hu\/edzes-es-eletmod\/textil-a-jovobol-az-anyag-ami-akkor-szellozik-amikor-izzadsz\/","title":{"rendered":"Textil a j\u00f6v\u0151b\u0151l: az anyag, ami akkor szell\u0151zik, amikor izzadsz"},"content":{"rendered":"<p><strong>A Duke Egyetem tud\u00f3sainak munk\u00e1ja az anyag, ami sz\u00e1razon \u00e9s melegen tart edz\u00e9s k\u00f6zben, akkor is, ha izzadsz. A j\u00f6v\u0151 mezei teh\u00e1t szab\u00e1lyozz\u00e1k a h\u0151m\u00e9rs\u00e9kleted, m\u00e9ghozz\u00e1 \u00fagy, hogy amikor izzadsz, automatikusan kinyitj\u00e1k a mikroszell\u0151z\u0151ket, \u00e9s becsukj\u00e1k, amikor megsz\u00e1radt\u00e1l. Lehet, hogy nem kell t\u00f6bb\u00e9 fel-le venni a plusz pul\u00f3vert?<\/strong><\/p>\n<p><!--more--><\/p>\n<p><em>\u201eAzok, akik hidegebb id\u0151ben sportolnak, s\u00edelnek vagy t\u00far\u00e1znak, \u00e1ltal\u00e1ban t\u00f6bb r\u00e9teget viselnek, hogy \u00e1ll\u00edtgathass\u00e1k h\u0151\u00e9rzet\u00fcket. De ha elhelyez\u00fcnk bizonyos strat\u00e9giai pontokon egy speci\u00e1lis anyagot, ami k\u00e9pes kiengedni a h\u0151t, amikor az ember izzad, elk\u00e9pzelhet\u0151, hogy el\u00e9g egyetlenegy ruhadarabot magunkkal vinni\u201d<\/em> \u2013 mondta Po-Chun Hsu, kutat\u00f3.<\/p>\n<figure id=\"attachment_13750\" aria-describedby=\"caption-attachment-13750\" style=\"width: 1200px\" class=\"wp-caption alignnone\"><a href=\"https:\/\/d2p6e6u75xmxt8.cloudfront.net\/12\/2022\/03\/Material-Study-1.jpg\"><img loading=\"lazy\" decoding=\"async\" class=\"wp-image-13750 size-full\" src=\"https:\/\/d2p6e6u75xmxt8.cloudfront.net\/12\/2022\/03\/Material-Study-1.jpg\" alt=\"Textile study infographic\" width=\"1200\" height=\"1200\" srcset=\"https:\/\/d2p6e6u75xmxt8.cloudfront.net\/12\/2022\/03\/Material-Study-1.jpg 1200w, https:\/\/d2p6e6u75xmxt8.cloudfront.net\/12\/2022\/03\/Material-Study-1-300x300.jpg 300w, https:\/\/d2p6e6u75xmxt8.cloudfront.net\/12\/2022\/03\/Material-Study-1-1024x1024.jpg 1024w, https:\/\/d2p6e6u75xmxt8.cloudfront.net\/12\/2022\/03\/Material-Study-1-150x150.jpg 150w, https:\/\/d2p6e6u75xmxt8.cloudfront.net\/12\/2022\/03\/Material-Study-1-768x768.jpg 768w\" sizes=\"auto, (max-width: 1200px) 100vw, 1200px\" \/><\/a><figcaption id=\"caption-attachment-13750\" class=\"wp-caption-text\">\u00a9 Pratt School of Engineering at Duke Egyetem<\/figcaption><\/figure>\n<h2><strong>Szimpla fizika<\/strong><\/h2>\n<p>A tud\u00f3sok a fizika tudom\u00e1ny\u00e1hoz fordultak &#8211; nem pedig az elektronik\u00e1hoz &#8211; amikor azon dolgoztak, hogy a megfelel\u0151 id\u0151ben kiny\u00edljanak a szell\u0151z\u0151ny\u00edl\u00e1sok. Olyan nejlon kombin\u00e1ci\u00f3t haszn\u00e1ltak, ami egy h\u0151elnyel\u0151 ez\u00fcstr\u00e9teg seg\u00edts\u00e9g\u00e9vel reag\u00e1l a nedvess\u00e9gre. Amikor az als\u00f3 nejlonr\u00e9teg nedves lesz, akkor t\u00e1gulni kezd, mintha k\u00e9t oldalr\u00f3l sz\u00e9th\u00fazn\u00e1k. Azonban az ez\u00fcstr\u00e9get miatt felfel\u00e9 nem tud ny\u00falni. \u00cdgy az anyag felkunkorodik, lehet\u0151v\u00e9 t\u00e9ve a nejlon t\u00e1gul\u00e1s\u00e1t, az ez\u00fcst pedig zsugorodni lesz k\u00e9nytelen.<\/p>\n<h2><strong>30%-kal b\u0151v\u00edti a h\u0151komfort-z\u00f3n\u00e1t<\/strong><\/h2>\n<p>A kutat\u00f3k egy teny\u00e9rnyi foltot teszteltek ebb\u0151l az anyagb\u00f3l, n\u00e9h\u00e1ny millim\u00e9teres szell\u0151z\u0151ny\u00edl\u00e1sokkal. A klasszikus poli\u00e9szterhez \u00e9s spandexhez k\u00e9pest az anyag k\u00f6r\u00fclbel\u00fcl 16%-kal melegebb, amikor nem izzadsz, \u00e9s 14%-kal hidegebb, amikor izzadsz. Ez azt jeleni, hogy 30%-kal n\u00f6veli a h\u0151z\u00f3n\u00e1t. R\u00e1ad\u00e1sul sokkal praktikusabb a cipz\u00e1ras szell\u0151z\u0151ny\u00edl\u00e1sokn\u00e1l.<\/p>\n<figure id=\"attachment_13751\" aria-describedby=\"caption-attachment-13751\" style=\"width: 1200px\" class=\"wp-caption alignnone\"><a href=\"https:\/\/d2p6e6u75xmxt8.cloudfront.net\/12\/2022\/03\/Material-study-2.jpg\"><img loading=\"lazy\" decoding=\"async\" class=\"wp-image-13751 size-full\" src=\"https:\/\/d2p6e6u75xmxt8.cloudfront.net\/12\/2022\/03\/Material-study-2.jpg\" alt=\"Textile study infographic\" width=\"1200\" height=\"1056\" srcset=\"https:\/\/d2p6e6u75xmxt8.cloudfront.net\/12\/2022\/03\/Material-study-2.jpg 1200w, https:\/\/d2p6e6u75xmxt8.cloudfront.net\/12\/2022\/03\/Material-study-2-300x264.jpg 300w, https:\/\/d2p6e6u75xmxt8.cloudfront.net\/12\/2022\/03\/Material-study-2-1024x901.jpg 1024w, https:\/\/d2p6e6u75xmxt8.cloudfront.net\/12\/2022\/03\/Material-study-2-768x676.jpg 768w\" sizes=\"auto, (max-width: 1200px) 100vw, 1200px\" \/><\/a><figcaption id=\"caption-attachment-13751\" class=\"wp-caption-text\">\u00a9 Pratt School of Engineering at Duke Egyetem<\/figcaption><\/figure>\n<p><em>\u201eA test izzad\u00f3s r\u00e9szein szeretn\u00e9nk szell\u0151ztetni, \u00e9s ez nem csak a h\u00f3nalj. A mellkasnak \u00e9s a h\u00e1tnak is szell\u0151z\u00e9sre van sz\u00fcks\u00e9ge, r\u00e1ad\u00e1sul a cipz\u00e1rozgat\u00e1s majdnem olyan, mintha levenn\u00e9nk a teljes ruh\u00e1t\u201d<\/em> \u2013 mondta Po-Chun Hsu.<\/p>\n<h2><strong>Mini szell\u0151z\u0151ny\u00edl\u00e1sok<\/strong><\/h2>\n<p>A tov\u00e1bbi kutat\u00e1sok arra ir\u00e1nyulnak, hogy a szell\u0151z\u0151ny\u00edl\u00e1sokat a lehet\u0151 legkisebb\u00e9 tegy\u00e9k, illetve hozz\u00e1adnak egy fels\u0151 nanokompozit r\u00e9teget, ami lehet\u0151v\u00e9 teszi az anyag sz\u00ednez\u00e9s\u00e9t, mik\u00f6zben meg\u0151rzi termikus tulajdons\u00e1gait.<\/p>\n<p><em>\u201eHa megtal\u00e1ljuk a megfelel\u0151 m\u00f3dszereket a foltok k\u00e9sz\u00edt\u00e9s\u00e9hez \u00e9s r\u00f6gz\u00edt\u00e9s\u00e9hez, akkor olyan mezeket hozhatunk l\u00e9tre, amik \u00fagy n\u00e9znek ki, mint egy hagyom\u00e1nyos fels\u0151, nem pedig, mint egy jelmez\u201d<\/em> \u2013 magyar\u00e1zta a kutat\u00f3.<\/p>\n<p>Hihetetlen\u00fcl j\u00f3l j\u00f6nne ez a fajta technol\u00f3gia a hideg t\u00e9li bringautakon, amikor folyamatosan fel-\u00e9s le kell venn\u00fcnk a r\u00e9tegeket. Te kipr\u00f3b\u00e1ln\u00e1d?<\/p>\n","protected":false},"excerpt":{"rendered":"<p>A Duke Egyetem tud\u00f3sainak munk\u00e1ja az anyag, ami sz\u00e1razon \u00e9s melegen tart edz\u00e9s k\u00f6zben, akkor is, ha izzadsz. A j\u00f6v\u0151 [&hellip;]<\/p>\n","protected":false},"author":71,"featured_media":13753,"comment_status":"open","ping_status":"open","sticky":false,"template":"","format":"standard","meta":{"footnotes":""},"categories":[6],"tags":[],"global-categories":[],"class_list":["post-13749","post","type-post","status-publish","format-standard","has-post-thumbnail","hentry","category-edzes-es-eletmod"],"yoast_head":"<!-- This site is optimized with the Yoast SEO Premium plugin v25.3 (Yoast SEO v25.9) - https:\/\/yoast.com\/wordpress\/plugins\/seo\/ -->\n<title>Textil a j\u00f6v\u0151b\u0151l: az anyag, ami akkor szell\u0151zik, amikor izzadsz<\/title>\n<meta name=\"description\" content=\"A Duke Egyetem tud\u00f3sainak munk\u00e1ja az anyag, ami sz\u00e1razon \u00e9s melegen tart edz\u00e9s k\u00f6zben, akkor is, ha izzadsz. A j\u00f6v\u0151 mezei teh\u00e1t szab\u00e1lyozz\u00e1k a h\u0151m\u00e9rs\u00e9kleted, m\u00e9ghozz\u00e1 \u00fagy, hogy amikor izzadsz, automatikusan kinyitj\u00e1k a mikroszell\u0151z\u0151ket, \u00e9s becsukj\u00e1k, amikor megsz\u00e1radt\u00e1l. Lehet, hogy nem kell t\u00f6bb\u00e9 fel-le venni a plusz pul\u00f3vert?\" \/>\n<meta name=\"robots\" content=\"index, follow, max-snippet:-1, max-image-preview:large, max-video-preview:-1\" \/>\n<link rel=\"canonical\" href=\"https:\/\/www.welovecycling.com\/hu\/edzes-es-eletmod\/textil-a-jovobol-az-anyag-ami-akkor-szellozik-amikor-izzadsz\/\" \/>\n<meta property=\"og:locale\" content=\"hu_HU\" \/>\n<meta property=\"og:type\" content=\"article\" \/>\n<meta property=\"og:title\" content=\"Textil a j\u00f6v\u0151b\u0151l: az anyag, ami akkor szell\u0151zik, amikor izzadsz\" \/>\n<meta property=\"og:description\" content=\"A Duke Egyetem tud\u00f3sainak munk\u00e1ja az anyag, ami sz\u00e1razon \u00e9s melegen tart edz\u00e9s k\u00f6zben, akkor is, ha izzadsz. A j\u00f6v\u0151 mezei teh\u00e1t szab\u00e1lyozz\u00e1k a h\u0151m\u00e9rs\u00e9kleted, m\u00e9ghozz\u00e1 \u00fagy, hogy amikor izzadsz, automatikusan kinyitj\u00e1k a mikroszell\u0151z\u0151ket, \u00e9s becsukj\u00e1k, amikor megsz\u00e1radt\u00e1l. Lehet, hogy nem kell t\u00f6bb\u00e9 fel-le venni a plusz pul\u00f3vert?\" \/>\n<meta property=\"og:url\" content=\"https:\/\/www.welovecycling.com\/hu\/edzes-es-eletmod\/textil-a-jovobol-az-anyag-ami-akkor-szellozik-amikor-izzadsz\/\" \/>\n<meta property=\"og:site_name\" content=\"\u0160koda We Love Cycling - Magyarorsz\u00e1g\" \/>\n<meta property=\"article:publisher\" content=\"https:\/\/www.facebook.com\/WeLoveCyclingHungary\/\" \/>\n<meta property=\"article:published_time\" content=\"2022-03-28T06:00:14+00:00\" \/>\n<meta property=\"og:image\" content=\"https:\/\/d2p6e6u75xmxt8.cloudfront.net\/12\/2022\/03\/Cycling-Sweat-profimedia-0635606190-CVR.jpg\" \/>\n\t<meta property=\"og:image:width\" content=\"1366\" \/>\n\t<meta property=\"og:image:height\" content=\"600\" \/>\n\t<meta property=\"og:image:type\" content=\"image\/jpeg\" \/>\n<meta name=\"author\" content=\"hegyizs\" \/>\n<meta name=\"twitter:card\" content=\"summary_large_image\" \/>\n<meta name=\"twitter:label1\" content=\"Written by\" \/>\n\t<meta name=\"twitter:data1\" content=\"Jiri Kaloc\" \/>\n\t<meta name=\"twitter:label2\" content=\"Est. reading time\" \/>\n\t<meta name=\"twitter:data2\" content=\"4\" \/>\n<script type=\"application\/ld+json\" class=\"yoast-schema-graph\">{\"@context\":\"https:\/\/schema.org\",\"@graph\":[{\"@type\":\"WebPage\",\"@id\":\"https:\/\/www.welovecycling.com\/hu\/edzes-es-eletmod\/textil-a-jovobol-az-anyag-ami-akkor-szellozik-amikor-izzadsz\/\",\"url\":\"https:\/\/www.welovecycling.com\/hu\/edzes-es-eletmod\/textil-a-jovobol-az-anyag-ami-akkor-szellozik-amikor-izzadsz\/\",\"name\":\"Textil a j\u00f6v\u0151b\u0151l: az anyag, ami akkor szell\u0151zik, amikor izzadsz\",\"isPartOf\":{\"@id\":\"https:\/\/www.welovecycling.com\/hu\/#website\"},\"primaryImageOfPage\":{\"@id\":\"https:\/\/www.welovecycling.com\/hu\/edzes-es-eletmod\/textil-a-jovobol-az-anyag-ami-akkor-szellozik-amikor-izzadsz\/#primaryimage\"},\"image\":{\"@id\":\"https:\/\/www.welovecycling.com\/hu\/edzes-es-eletmod\/textil-a-jovobol-az-anyag-ami-akkor-szellozik-amikor-izzadsz\/#primaryimage\"},\"thumbnailUrl\":\"https:\/\/d2p6e6u75xmxt8.cloudfront.net\/12\/2022\/03\/Cycling-Sweat-profimedia-0635606190-CVR.jpg\",\"datePublished\":\"2022-03-28T06:00:14+00:00\",\"author\":{\"@id\":\"https:\/\/www.welovecycling.com\/hu\/#\/schema\/person\/414a2aebf1801691a5320edb6468e194\"},\"description\":\"A Duke Egyetem tud\u00f3sainak munk\u00e1ja az anyag, ami sz\u00e1razon \u00e9s melegen tart edz\u00e9s k\u00f6zben, akkor is, ha izzadsz. A j\u00f6v\u0151 mezei teh\u00e1t szab\u00e1lyozz\u00e1k a h\u0151m\u00e9rs\u00e9kleted, m\u00e9ghozz\u00e1 \u00fagy, hogy amikor izzadsz, automatikusan kinyitj\u00e1k a mikroszell\u0151z\u0151ket, \u00e9s becsukj\u00e1k, amikor megsz\u00e1radt\u00e1l. Lehet, hogy nem kell t\u00f6bb\u00e9 fel-le venni a plusz pul\u00f3vert?\",\"breadcrumb\":{\"@id\":\"https:\/\/www.welovecycling.com\/hu\/edzes-es-eletmod\/textil-a-jovobol-az-anyag-ami-akkor-szellozik-amikor-izzadsz\/#breadcrumb\"},\"inLanguage\":\"hu\",\"potentialAction\":[{\"@type\":\"ReadAction\",\"target\":[\"https:\/\/www.welovecycling.com\/hu\/edzes-es-eletmod\/textil-a-jovobol-az-anyag-ami-akkor-szellozik-amikor-izzadsz\/\"]}]},{\"@type\":\"ImageObject\",\"inLanguage\":\"hu\",\"@id\":\"https:\/\/www.welovecycling.com\/hu\/edzes-es-eletmod\/textil-a-jovobol-az-anyag-ami-akkor-szellozik-amikor-izzadsz\/#primaryimage\",\"url\":\"https:\/\/d2p6e6u75xmxt8.cloudfront.net\/12\/2022\/03\/Cycling-Sweat-profimedia-0635606190-CVR.jpg\",\"contentUrl\":\"https:\/\/d2p6e6u75xmxt8.cloudfront.net\/12\/2022\/03\/Cycling-Sweat-profimedia-0635606190-CVR.jpg\",\"width\":1366,\"height\":600},{\"@type\":\"BreadcrumbList\",\"@id\":\"https:\/\/www.welovecycling.com\/hu\/edzes-es-eletmod\/textil-a-jovobol-az-anyag-ami-akkor-szellozik-amikor-izzadsz\/#breadcrumb\",\"itemListElement\":[{\"@type\":\"ListItem\",\"position\":1,\"name\":\"Home\",\"item\":\"https:\/\/www.welovecycling.com\/hu\/\"},{\"@type\":\"ListItem\",\"position\":2,\"name\":\"Textil a j\u00f6v\u0151b\u0151l: az anyag, ami akkor szell\u0151zik, amikor izzadsz\"}]},{\"@type\":\"WebSite\",\"@id\":\"https:\/\/www.welovecycling.com\/hu\/#website\",\"url\":\"https:\/\/www.welovecycling.com\/hu\/\",\"name\":\"\u0160koda We Love Cycling - Magyarorsz\u00e1g\",\"description\":\"\u0160koda WeLoveCycling\",\"potentialAction\":[{\"@type\":\"SearchAction\",\"target\":{\"@type\":\"EntryPoint\",\"urlTemplate\":\"https:\/\/www.welovecycling.com\/hu\/?s={search_term_string}\"},\"query-input\":{\"@type\":\"PropertyValueSpecification\",\"valueRequired\":true,\"valueName\":\"search_term_string\"}}],\"inLanguage\":\"hu\"},{\"@type\":\"Person\",\"@id\":\"https:\/\/www.welovecycling.com\/hu\/#\/schema\/person\/414a2aebf1801691a5320edb6468e194\",\"name\":\"hegyizs\",\"image\":{\"@type\":\"ImageObject\",\"inLanguage\":\"hu\",\"@id\":\"https:\/\/www.welovecycling.com\/hu\/#\/schema\/person\/image\/\",\"url\":\"https:\/\/secure.gravatar.com\/avatar\/02cf8a7906b8cf90cecb4679defac7cfd33a1c2e3b88e4903d947f3bb58eedd3?s=96&d=mm&r=g\",\"contentUrl\":\"https:\/\/secure.gravatar.com\/avatar\/02cf8a7906b8cf90cecb4679defac7cfd33a1c2e3b88e4903d947f3bb58eedd3?s=96&d=mm&r=g\",\"caption\":\"hegyizs\"},\"url\":\"https:\/\/www.welovecycling.com\/hu\/author\/hegyizs\/\"}]}<\/script>\n<!-- \/ Yoast SEO Premium plugin. -->","yoast_head_json":{"title":"Textil a j\u00f6v\u0151b\u0151l: az anyag, ami akkor szell\u0151zik, amikor izzadsz","description":"A Duke Egyetem tud\u00f3sainak munk\u00e1ja az anyag, ami sz\u00e1razon \u00e9s melegen tart edz\u00e9s k\u00f6zben, akkor is, ha izzadsz. A j\u00f6v\u0151 mezei teh\u00e1t szab\u00e1lyozz\u00e1k a h\u0151m\u00e9rs\u00e9kleted, m\u00e9ghozz\u00e1 \u00fagy, hogy amikor izzadsz, automatikusan kinyitj\u00e1k a mikroszell\u0151z\u0151ket, \u00e9s becsukj\u00e1k, amikor megsz\u00e1radt\u00e1l. Lehet, hogy nem kell t\u00f6bb\u00e9 fel-le venni a plusz pul\u00f3vert?","robots":{"index":"index","follow":"follow","max-snippet":"max-snippet:-1","max-image-preview":"max-image-preview:large","max-video-preview":"max-video-preview:-1"},"canonical":"https:\/\/www.welovecycling.com\/hu\/edzes-es-eletmod\/textil-a-jovobol-az-anyag-ami-akkor-szellozik-amikor-izzadsz\/","og_locale":"hu_HU","og_type":"article","og_title":"Textil a j\u00f6v\u0151b\u0151l: az anyag, ami akkor szell\u0151zik, amikor izzadsz","og_description":"A Duke Egyetem tud\u00f3sainak munk\u00e1ja az anyag, ami sz\u00e1razon \u00e9s melegen tart edz\u00e9s k\u00f6zben, akkor is, ha izzadsz. A j\u00f6v\u0151 mezei teh\u00e1t szab\u00e1lyozz\u00e1k a h\u0151m\u00e9rs\u00e9kleted, m\u00e9ghozz\u00e1 \u00fagy, hogy amikor izzadsz, automatikusan kinyitj\u00e1k a mikroszell\u0151z\u0151ket, \u00e9s becsukj\u00e1k, amikor megsz\u00e1radt\u00e1l. Lehet, hogy nem kell t\u00f6bb\u00e9 fel-le venni a plusz pul\u00f3vert?","og_url":"https:\/\/www.welovecycling.com\/hu\/edzes-es-eletmod\/textil-a-jovobol-az-anyag-ami-akkor-szellozik-amikor-izzadsz\/","og_site_name":"\u0160koda We Love Cycling - Magyarorsz\u00e1g","article_publisher":"https:\/\/www.facebook.com\/WeLoveCyclingHungary\/","article_published_time":"2022-03-28T06:00:14+00:00","og_image":[{"width":1366,"height":600,"url":"https:\/\/d2p6e6u75xmxt8.cloudfront.net\/12\/2022\/03\/Cycling-Sweat-profimedia-0635606190-CVR.jpg","type":"image\/jpeg"}],"author":"hegyizs","twitter_card":"summary_large_image","twitter_misc":{"Written by":"Jiri Kaloc","Est. reading time":"4"},"schema":{"@context":"https:\/\/schema.org","@graph":[{"@type":"WebPage","@id":"https:\/\/www.welovecycling.com\/hu\/edzes-es-eletmod\/textil-a-jovobol-az-anyag-ami-akkor-szellozik-amikor-izzadsz\/","url":"https:\/\/www.welovecycling.com\/hu\/edzes-es-eletmod\/textil-a-jovobol-az-anyag-ami-akkor-szellozik-amikor-izzadsz\/","name":"Textil a j\u00f6v\u0151b\u0151l: az anyag, ami akkor szell\u0151zik, amikor izzadsz","isPartOf":{"@id":"https:\/\/www.welovecycling.com\/hu\/#website"},"primaryImageOfPage":{"@id":"https:\/\/www.welovecycling.com\/hu\/edzes-es-eletmod\/textil-a-jovobol-az-anyag-ami-akkor-szellozik-amikor-izzadsz\/#primaryimage"},"image":{"@id":"https:\/\/www.welovecycling.com\/hu\/edzes-es-eletmod\/textil-a-jovobol-az-anyag-ami-akkor-szellozik-amikor-izzadsz\/#primaryimage"},"thumbnailUrl":"https:\/\/d2p6e6u75xmxt8.cloudfront.net\/12\/2022\/03\/Cycling-Sweat-profimedia-0635606190-CVR.jpg","datePublished":"2022-03-28T06:00:14+00:00","author":{"@id":"https:\/\/www.welovecycling.com\/hu\/#\/schema\/person\/414a2aebf1801691a5320edb6468e194"},"description":"A Duke Egyetem tud\u00f3sainak munk\u00e1ja az anyag, ami sz\u00e1razon \u00e9s melegen tart edz\u00e9s k\u00f6zben, akkor is, ha izzadsz. A j\u00f6v\u0151 mezei teh\u00e1t szab\u00e1lyozz\u00e1k a h\u0151m\u00e9rs\u00e9kleted, m\u00e9ghozz\u00e1 \u00fagy, hogy amikor izzadsz, automatikusan kinyitj\u00e1k a mikroszell\u0151z\u0151ket, \u00e9s becsukj\u00e1k, amikor megsz\u00e1radt\u00e1l. Lehet, hogy nem kell t\u00f6bb\u00e9 fel-le venni a plusz pul\u00f3vert?","breadcrumb":{"@id":"https:\/\/www.welovecycling.com\/hu\/edzes-es-eletmod\/textil-a-jovobol-az-anyag-ami-akkor-szellozik-amikor-izzadsz\/#breadcrumb"},"inLanguage":"hu","potentialAction":[{"@type":"ReadAction","target":["https:\/\/www.welovecycling.com\/hu\/edzes-es-eletmod\/textil-a-jovobol-az-anyag-ami-akkor-szellozik-amikor-izzadsz\/"]}]},{"@type":"ImageObject","inLanguage":"hu","@id":"https:\/\/www.welovecycling.com\/hu\/edzes-es-eletmod\/textil-a-jovobol-az-anyag-ami-akkor-szellozik-amikor-izzadsz\/#primaryimage","url":"https:\/\/d2p6e6u75xmxt8.cloudfront.net\/12\/2022\/03\/Cycling-Sweat-profimedia-0635606190-CVR.jpg","contentUrl":"https:\/\/d2p6e6u75xmxt8.cloudfront.net\/12\/2022\/03\/Cycling-Sweat-profimedia-0635606190-CVR.jpg","width":1366,"height":600},{"@type":"BreadcrumbList","@id":"https:\/\/www.welovecycling.com\/hu\/edzes-es-eletmod\/textil-a-jovobol-az-anyag-ami-akkor-szellozik-amikor-izzadsz\/#breadcrumb","itemListElement":[{"@type":"ListItem","position":1,"name":"Home","item":"https:\/\/www.welovecycling.com\/hu\/"},{"@type":"ListItem","position":2,"name":"Textil a j\u00f6v\u0151b\u0151l: az anyag, ami akkor szell\u0151zik, amikor izzadsz"}]},{"@type":"WebSite","@id":"https:\/\/www.welovecycling.com\/hu\/#website","url":"https:\/\/www.welovecycling.com\/hu\/","name":"\u0160koda We Love Cycling - Magyarorsz\u00e1g","description":"\u0160koda WeLoveCycling","potentialAction":[{"@type":"SearchAction","target":{"@type":"EntryPoint","urlTemplate":"https:\/\/www.welovecycling.com\/hu\/?s={search_term_string}"},"query-input":{"@type":"PropertyValueSpecification","valueRequired":true,"valueName":"search_term_string"}}],"inLanguage":"hu"},{"@type":"Person","@id":"https:\/\/www.welovecycling.com\/hu\/#\/schema\/person\/414a2aebf1801691a5320edb6468e194","name":"hegyizs","image":{"@type":"ImageObject","inLanguage":"hu","@id":"https:\/\/www.welovecycling.com\/hu\/#\/schema\/person\/image\/","url":"https:\/\/secure.gravatar.com\/avatar\/02cf8a7906b8cf90cecb4679defac7cfd33a1c2e3b88e4903d947f3bb58eedd3?s=96&d=mm&r=g","contentUrl":"https:\/\/secure.gravatar.com\/avatar\/02cf8a7906b8cf90cecb4679defac7cfd33a1c2e3b88e4903d947f3bb58eedd3?s=96&d=mm&r=g","caption":"hegyizs"},"url":"https:\/\/www.welovecycling.com\/hu\/author\/hegyizs\/"}]}},"_links":{"self":[{"href":"https:\/\/www.welovecycling.com\/hu\/wp-json\/wp\/v2\/posts\/13749","targetHints":{"allow":["GET"]}}],"collection":[{"href":"https:\/\/www.welovecycling.com\/hu\/wp-json\/wp\/v2\/posts"}],"about":[{"href":"https:\/\/www.welovecycling.com\/hu\/wp-json\/wp\/v2\/types\/post"}],"author":[{"embeddable":true,"href":"https:\/\/www.welovecycling.com\/hu\/wp-json\/wp\/v2\/users\/71"}],"replies":[{"embeddable":true,"href":"https:\/\/www.welovecycling.com\/hu\/wp-json\/wp\/v2\/comments?post=13749"}],"version-history":[{"count":2,"href":"https:\/\/www.welovecycling.com\/hu\/wp-json\/wp\/v2\/posts\/13749\/revisions"}],"predecessor-version":[{"id":13768,"href":"https:\/\/www.welovecycling.com\/hu\/wp-json\/wp\/v2\/posts\/13749\/revisions\/13768"}],"wp:featuredmedia":[{"embeddable":true,"href":"https:\/\/www.welovecycling.com\/hu\/wp-json\/wp\/v2\/media\/13753"}],"wp:attachment":[{"href":"https:\/\/www.welovecycling.com\/hu\/wp-json\/wp\/v2\/media?parent=13749"}],"wp:term":[{"taxonomy":"category","embeddable":true,"href":"https:\/\/www.welovecycling.com\/hu\/wp-json\/wp\/v2\/categories?post=13749"},{"taxonomy":"post_tag","embeddable":true,"href":"https:\/\/www.welovecycling.com\/hu\/wp-json\/wp\/v2\/tags?post=13749"},{"taxonomy":"global-categories","embeddable":true,"href":"https:\/\/www.welovecycling.com\/hu\/wp-json\/wp\/v2\/global-categories?post=13749"}],"curies":[{"name":"wp","href":"https:\/\/api.w.org\/{rel}","templated":true}]}}