{"id":13688,"date":"2022-02-28T11:00:58","date_gmt":"2022-02-28T09:00:58","guid":{"rendered":"https:\/\/www.welovecycling.com\/hu\/?p=13688"},"modified":"2022-05-03T15:36:58","modified_gmt":"2022-05-03T13:36:58","slug":"a-bringazas-hosei-gubasoczi-marianna","status":"publish","type":"post","link":"https:\/\/www.welovecycling.com\/hu\/wlc-heroes\/a-bringazas-hosei-gubasoczi-marianna\/","title":{"rendered":"A bring\u00e1z\u00e1s h\u0151sei: Gubas\u00f3czi Marianna \u00e9s Bosznia-Hercegovina"},"content":{"rendered":"<p><strong>Nem minden h\u0151s visel k\u00f6penyt: van, aki biciklisnadr\u00e1gban menti meg a vil\u00e1got. Strava klubunkban olyan teljes\u00edtm\u00e9nyeknek vagyunk szemtan\u00fai nap mint nap, amik mellett nem mehet\u00fcnk el. \u00dagy gondoljuk, az az akarater\u0151, munka \u00e9s kitart\u00e1s, ami ezekhez sz\u00fcks\u00e9ges, meg\u00e9rdemli a jutalmat. Ez\u00e9rt ind\u00edtottuk el WLC Heroes kamp\u00e1nyunkat, mely sor\u00e1n \u00e9remmel m\u00e9lt\u00e1nyoljuk a bring\u00e1z\u00e1s h\u0151seit, \u00e9s bemutatjuk \u0151ket nektek, hogy inspir\u00e1ljanak \u00e9s mozgat\u00f3rug\u00f3i lehessenek a sz\u00e9lesebb ker\u00e9kp\u00e1ros k\u00f6z\u00f6ss\u00e9gnek!<\/strong><!--more--><\/p>\n<p>Gubas\u00f3czi Marianna rengeteg csod\u00e1latos helyen j\u00e1rt m\u00e1r bring\u00e1j\u00e1val, BellaDiv\u00e1val, err\u0151l <a href=\"https:\/\/www.strava.com\/athletes\/33577109\">a Strava profilja alapj\u00e1n<\/a> is meggy\u0151z\u0151dhettek. Ismerj\u00e9tek meg k\u00f6zelebbr\u0151l legfrissebb h\u0151s\u00fcnket!<\/p>\n<figure id=\"attachment_13691\" aria-describedby=\"caption-attachment-13691\" style=\"width: 1008px\" class=\"wp-caption alignnone\"><a href=\"https:\/\/d2p6e6u75xmxt8.cloudfront.net\/12\/2022\/02\/wlch_0305.jpg\"><img loading=\"lazy\" decoding=\"async\" class=\"size-full wp-image-13691\" src=\"https:\/\/d2p6e6u75xmxt8.cloudfront.net\/12\/2022\/02\/wlch_0305.jpg\" alt=\"\" width=\"1008\" height=\"666\" srcset=\"https:\/\/d2p6e6u75xmxt8.cloudfront.net\/12\/2022\/02\/wlch_0305.jpg 1008w, https:\/\/d2p6e6u75xmxt8.cloudfront.net\/12\/2022\/02\/wlch_0305-300x198.jpg 300w, https:\/\/d2p6e6u75xmxt8.cloudfront.net\/12\/2022\/02\/wlch_0305-768x507.jpg 768w\" sizes=\"auto, (max-width: 1008px) 100vw, 1008px\" \/><\/a><figcaption id=\"caption-attachment-13691\" class=\"wp-caption-text\"><em>Az olasz csizma, mint viszony\u00edt\u00e1si alap: a <\/em><a href=\"https:\/\/ridewithgps.com\/routes\/36315498\"><em>boszniai verseny<\/em><\/a><em>, amin Marianna is r\u00e9szt vett.<\/em><\/figcaption><\/figure>\n<p><strong><em>Mi\u00f3ta biciklizel, \u00e9s mi\u00e9rt szeretsz tekerni?<\/em><\/strong><\/p>\n<p>Az els\u0151 orsz\u00e1g\u00fatimat 2017-ben vettem, 2019-ben kezdtem el t\u00f6bbet tekerni. Az\u00e9rt szeretek bring\u00e1zni, mert szabads\u00e1g\u00e9rzetet ad, kikapcsol \u00e9s szerintem ez a turist\u00e1skod\u00e1s legjobb m\u00f3dja.<\/p>\n<p><strong><em>Milyen Strava challengekben szokt\u00e1l r\u00e9szt venni?<\/em><\/strong><\/p>\n<p>Nagyon sok strava challange-re jelentkezem. Ezek z\u00f6me nem val\u00f3di kih\u00edv\u00e1s, hiszen nagyon kev\u00e9s befektetett munk\u00e1val teljes\u00edthet\u0151ek. K\u00e9t challange-et szoktam komolyan venni, a havi 1250 km-t t\u00e1vols\u00e1got \u00e9s a 7500 m szintk\u00fcl\u00f6nbs\u00e9get.<\/p>\n<p><strong><em>Hogyan motiv\u00e1lod magad, amikor elfogy a lend\u00fclet?<\/em><\/strong><\/p>\n<p>A hosszabb t\u00e1vokat szeretem, ilyen \u00e9rtelemben nekem \u201eaz \u00fat maga a c\u00e9l\u201d, ami motiv\u00e1l. Minden \u00e9vben van valami komolyabb t\u00fara, amit szeretn\u00e9k megval\u00f3s\u00edtani, jellemz\u0151en ehhez igaz\u00edtom az \u00e9vi \/ havi \/ heti edz\u00e9stervemet is. A szemem el\u0151tt lebeg\u0151 c\u00e9l t\u00f6bbnyire elegend\u0151 ahhoz, hogy akt\u00edv maradjak. Ha m\u00e9gsem, akkor val\u00f3sz\u00edn\u0171leg elf\u00e1radtam \u00e9s pihennem kell!<\/p>\n<p><strong><em>Milyen bring\u00e1n tekersz?<\/em><\/strong><\/p>\n<p>Kinti bringa: Bianchi Infinito CV Disc (BellaDiva)<\/p>\n<p>G\u00f6rg\u0151s bringa: Ghost Nivolet Tour (Dezs\u0151ke)<\/p>\n<p>G\u00f6rg\u0151: Tacx Neo 2T<\/p>\n<p><strong><em>Mes\u00e9lj boszniai t\u00far\u00e1dr\u00f3l! Mi\u00e9rt ezt az \u00fatic\u00e9lt v\u00e1lasztottad? Milyen \u00e9lm\u00e9ny volt? Mik voltak a legnehezebb \u00e9s a legszebb pillanatok?<\/em><\/strong><\/p>\n<p>Az \u00fagy volt, hogy k\u00e9t \u00e9vvel ezel\u0151tt megl\u00e1ttam egy tehenet, amire r\u00e1 volt \u00edrva, hogy MOOOOVE! (MOOOOZDULJ!). Mint kider\u00fclt, egy Bosznia-Hercegovin\u00e1ban megrendezett ultra t\u00e1v\u00fa bicikli verseny plak\u00e1tja volt. Mindenesetre eld\u00f6nt\u00f6ttem, hogy nekem ide valamilyen form\u00e1ban el kell jutnom.<\/p>\n<figure id=\"attachment_13695\" aria-describedby=\"caption-attachment-13695\" style=\"width: 1386px\" class=\"wp-caption alignnone\"><a href=\"https:\/\/d2p6e6u75xmxt8.cloudfront.net\/12\/2022\/03\/20210612_162937.jpg\"><img loading=\"lazy\" decoding=\"async\" class=\"size-extra-large wp-image-13695\" src=\"https:\/\/d2p6e6u75xmxt8.cloudfront.net\/12\/2022\/03\/20210612_162937-1386x1920.jpg\" alt=\"\" width=\"1386\" height=\"1920\" srcset=\"https:\/\/d2p6e6u75xmxt8.cloudfront.net\/12\/2022\/03\/20210612_162937-1386x1920.jpg 1386w, https:\/\/d2p6e6u75xmxt8.cloudfront.net\/12\/2022\/03\/20210612_162937-217x300.jpg 217w, https:\/\/d2p6e6u75xmxt8.cloudfront.net\/12\/2022\/03\/20210612_162937-739x1024.jpg 739w, https:\/\/d2p6e6u75xmxt8.cloudfront.net\/12\/2022\/03\/20210612_162937-768x1064.jpg 768w, https:\/\/d2p6e6u75xmxt8.cloudfront.net\/12\/2022\/03\/20210612_162937-1109x1536.jpg 1109w, https:\/\/d2p6e6u75xmxt8.cloudfront.net\/12\/2022\/03\/20210612_162937-1479x2048.jpg 1479w, https:\/\/d2p6e6u75xmxt8.cloudfront.net\/12\/2022\/03\/20210612_162937.jpg 1515w, https:\/\/d2p6e6u75xmxt8.cloudfront.net\/12\/2022\/03\/20210612_162937-1386x1920.jpg 1386w\" sizes=\"auto, (max-width: 1386px) 100vw, 1386px\" \/><\/a><figcaption id=\"caption-attachment-13695\" class=\"wp-caption-text\">Az elmaradhatatlan teh\u00e9n<\/figcaption><\/figure>\n<p>2020-ban a v\u00edrushelyzet miatt erre nem v\u00e1llalkoztam, de 2021 j\u00faniusban v\u00e9gre \u00fagy t\u0171nt, hogy lehet utazni. Siker\u00fclt is elcs\u00edpni egy last minute helyet, egyel\u0151re nem a B-HARD, hanem a B-TOUR n\u00e9vre hallgat\u00f3 t\u00fara verzi\u00f3ra. L\u00e9nyeg\u00e9ben annyi volt csak a feladat, hogy egy bring\u00e1val megjelenj\u00fcnk Boszni\u00e1ban. <a href=\"https:\/\/ridewithgps.com\/routes\/36315498\">Az 1.200 km hossz\u00fa, 14.000 m\u00e9ter szinttel tark\u00edtott \u00fatvonalat<\/a> pedig a mez\u0151nnyel egy\u00fctt haladva, 4 nap alatt tett\u00fck meg. Napi szinten kb. 150 km-t tekert\u00fcnk az \u00fatvonal legszebb r\u00e9szein. Volt id\u0151 arra, hogy a t\u00e1jban gy\u00f6ny\u00f6rk\u00f6dj\u00fcnk, fot\u00f3zzunk. A kies\u0151 r\u00e9szek k\u00f6z\u00f6tt aut\u00f3val sz\u00e1ll\u00edtottak benn\u00fcnket, \u00edgy nem kellett a csomagokat cipelni vagy \u00e9jszaka biciklizni. A sz\u00e1ll\u00e1sok sz\u00ednvonalasak voltak, minden nap v\u00e9g\u00e9n volt lehet\u0151s\u00e9g vacsor\u00e1ra, zuhanyz\u00e1sra \u00e9s pihen\u00e9sre is. Vagyis B-HARD volt HARD n\u00e9lk\u00fcl! \ud83d\ude42<\/p>\n<figure style=\"width: 1440px\" class=\"wp-caption alignnone\"><a href=\"https:\/\/d2p6e6u75xmxt8.cloudfront.net\/12\/2022\/03\/20210615_123222-scaled.jpg\"><img loading=\"lazy\" decoding=\"async\" class=\"wp-image-13696 size-extra-large\" src=\"https:\/\/d2p6e6u75xmxt8.cloudfront.net\/12\/2022\/03\/20210615_123222-1440x1920.jpg\" alt=\"\" width=\"1440\" height=\"1920\" srcset=\"https:\/\/d2p6e6u75xmxt8.cloudfront.net\/12\/2022\/03\/20210615_123222-1440x1920.jpg 1440w, https:\/\/d2p6e6u75xmxt8.cloudfront.net\/12\/2022\/03\/20210615_123222-225x300.jpg 225w, https:\/\/d2p6e6u75xmxt8.cloudfront.net\/12\/2022\/03\/20210615_123222-768x1024.jpg 768w, https:\/\/d2p6e6u75xmxt8.cloudfront.net\/12\/2022\/03\/20210615_123222-1152x1536.jpg 1152w, https:\/\/d2p6e6u75xmxt8.cloudfront.net\/12\/2022\/03\/20210615_123222-1536x2048.jpg 1536w, https:\/\/d2p6e6u75xmxt8.cloudfront.net\/12\/2022\/03\/20210615_123222-scaled.jpg 1920w, https:\/\/d2p6e6u75xmxt8.cloudfront.net\/12\/2022\/03\/20210615_123222-1440x1920.jpg 1440w\" sizes=\"auto, (max-width: 1440px) 100vw, 1440px\" \/><\/a><figcaption class=\"wp-caption-text\">VLA\u0160I\u0106<\/figcaption><\/figure>\n<p>Hogy kerek legyen a t\u00f6rt\u00e9net, a verseny el\u0151tt 4 nappal \u00e9rkeztem \u00e9s ut\u00e1na is m\u00e9g 4 napot maradtam, \u00edgy r\u00e9szt tudtam venni a verseny el\u0151tti k\u00f6z\u00f6s teker\u00e9seken, tal\u00e1lkozhattam az indul\u00f3kkal, illetve az azt k\u00f6vet\u0151 regener\u00e1l\u00f3 \u00e9s b\u00facs\u00fa teker\u00e9seken is ott lehettem. \u00d6sszesen 1.200 km-t \u00e9s 12.000m szintet siker\u00fclt \u00f6sszeszedni a sz\u0171k k\u00e9t h\u00e9t alatt.<\/p>\n<p>Boszni\u00e1ban az utak sim\u00e1k, a forgalom a nagyobb v\u00e1rosok kiv\u00e9tel\u00e9vel ink\u00e1bb gy\u00e9r, az aut\u00f3sok ugyan m\u00e9g nem szoktak hozz\u00e1 az utakon k\u00f6zleked\u0151 biciklist\u00e1k jelens\u00e9g\u00e9hez, de el\u0151z\u00e9kenyek, dud\u00e1l\u00e1ssal jelzik, hogy el\u0151zni fognak \u00e9s tarj\u00e1k a megfelel\u0151 oldalt\u00e1vols\u00e1got. Az orsz\u00e1gban nem kell sokat keresni a hegyes-dombos vid\u00e9keket. Az emberek vend\u00e9gszeret\u0151ek, az \u00e9telek finomak, az \u00e1rsz\u00ednvonal \u00e9rezhet\u0151en alacsonyabb. \u00c9rdemes felfedezni.<\/p>\n<figure id=\"attachment_13697\" aria-describedby=\"caption-attachment-13697\" style=\"width: 1440px\" class=\"wp-caption alignnone\"><a href=\"https:\/\/d2p6e6u75xmxt8.cloudfront.net\/12\/2022\/03\/20210619_095221-scaled.jpg\"><img loading=\"lazy\" decoding=\"async\" class=\"size-extra-large wp-image-13697\" src=\"https:\/\/d2p6e6u75xmxt8.cloudfront.net\/12\/2022\/03\/20210619_095221-1440x1920.jpg\" alt=\"\" width=\"1440\" height=\"1920\" srcset=\"https:\/\/d2p6e6u75xmxt8.cloudfront.net\/12\/2022\/03\/20210619_095221-1440x1920.jpg 1440w, https:\/\/d2p6e6u75xmxt8.cloudfront.net\/12\/2022\/03\/20210619_095221-225x300.jpg 225w, https:\/\/d2p6e6u75xmxt8.cloudfront.net\/12\/2022\/03\/20210619_095221-768x1024.jpg 768w, https:\/\/d2p6e6u75xmxt8.cloudfront.net\/12\/2022\/03\/20210619_095221-1152x1536.jpg 1152w, https:\/\/d2p6e6u75xmxt8.cloudfront.net\/12\/2022\/03\/20210619_095221-1536x2048.jpg 1536w, https:\/\/d2p6e6u75xmxt8.cloudfront.net\/12\/2022\/03\/20210619_095221-scaled.jpg 1920w, https:\/\/d2p6e6u75xmxt8.cloudfront.net\/12\/2022\/03\/20210619_095221-1440x1920.jpg 1440w\" sizes=\"auto, (max-width: 1440px) 100vw, 1440px\" \/><\/a><figcaption id=\"caption-attachment-13697\" class=\"wp-caption-text\">Vrbas kanyar<\/figcaption><\/figure>\n<p><strong><em>Mi volt \u00e9leted legnagyobb biciklis kih\u00edv\u00e1sa?<\/em><\/strong><\/p>\n<p>A boszniai t\u00far\u00e1ban az volt a leg\u00e9rdekesebb, hogy egy\u00e1ltal\u00e1n nem voltak neh\u00e9z pillanatok, sokkal jobban viseltem a sorozatterhel\u00e9st, mint ahogy arra sz\u00e1m\u00edtottam. R\u00e1ad\u00e1sul m\u00e9g csak j\u00fanius volt, a szezon eleje.<\/p>\n<figure id=\"attachment_13698\" aria-describedby=\"caption-attachment-13698\" style=\"width: 1440px\" class=\"wp-caption alignnone\"><a href=\"https:\/\/d2p6e6u75xmxt8.cloudfront.net\/12\/2022\/03\/20210613_071635-scaled.jpg\"><img loading=\"lazy\" decoding=\"async\" class=\"size-extra-large wp-image-13698\" src=\"https:\/\/d2p6e6u75xmxt8.cloudfront.net\/12\/2022\/03\/20210613_071635-1440x1920.jpg\" alt=\"\" width=\"1440\" height=\"1920\" srcset=\"https:\/\/d2p6e6u75xmxt8.cloudfront.net\/12\/2022\/03\/20210613_071635-1440x1920.jpg 1440w, https:\/\/d2p6e6u75xmxt8.cloudfront.net\/12\/2022\/03\/20210613_071635-225x300.jpg 225w, https:\/\/d2p6e6u75xmxt8.cloudfront.net\/12\/2022\/03\/20210613_071635-768x1024.jpg 768w, https:\/\/d2p6e6u75xmxt8.cloudfront.net\/12\/2022\/03\/20210613_071635-1152x1536.jpg 1152w, https:\/\/d2p6e6u75xmxt8.cloudfront.net\/12\/2022\/03\/20210613_071635-1536x2048.jpg 1536w, https:\/\/d2p6e6u75xmxt8.cloudfront.net\/12\/2022\/03\/20210613_071635-scaled.jpg 1920w, https:\/\/d2p6e6u75xmxt8.cloudfront.net\/12\/2022\/03\/20210613_071635-1440x1920.jpg 1440w\" sizes=\"auto, (max-width: 1440px) 100vw, 1440px\" \/><\/a><figcaption id=\"caption-attachment-13698\" class=\"wp-caption-text\">Neretva<\/figcaption><\/figure>\n<p>Ekkor j\u00f6tt az \u00f6tlet, hogy mi lenne, ha teljes\u00edten\u00e9m a BRM Hungary Super Randonneur nev\u0171 kih\u00edv\u00e1s\u00e1t, amihez egy 600 km-es, egy 400 km-es, egy 300 km-es \u00e9s legal\u00e1bb egy 200 km-es teljes\u00edtm\u00e9nyt\u00far\u00e1t kell letekerni. V\u00e9g\u00fcl \u00f6sszesen 10 db 200-as k\u00f6rt tekertem tavaly, amivel a Ped\u00e1lkir\u00e1ly Arany Lovagja c\u00edmet is megszereztem.<\/p>\n<p>A <a href=\"https:\/\/www.strava.com\/activities\/5650585840\">600-as t\u00fara \u00fatvonal\u00e1t<\/a> itt \u00e9ritek el.<\/p>\n<figure id=\"attachment_13699\" aria-describedby=\"caption-attachment-13699\" style=\"width: 1920px\" class=\"wp-caption alignnone\"><a href=\"https:\/\/d2p6e6u75xmxt8.cloudfront.net\/12\/2022\/03\/20210717_135736-scaled.jpg\"><img loading=\"lazy\" decoding=\"async\" class=\"size-extra-large wp-image-13699\" src=\"https:\/\/d2p6e6u75xmxt8.cloudfront.net\/12\/2022\/03\/20210717_135736-1920x1440.jpg\" alt=\"\" width=\"1920\" height=\"1440\" srcset=\"https:\/\/d2p6e6u75xmxt8.cloudfront.net\/12\/2022\/03\/20210717_135736-1920x1440.jpg 1920w, https:\/\/d2p6e6u75xmxt8.cloudfront.net\/12\/2022\/03\/20210717_135736-300x225.jpg 300w, https:\/\/d2p6e6u75xmxt8.cloudfront.net\/12\/2022\/03\/20210717_135736-1024x768.jpg 1024w, https:\/\/d2p6e6u75xmxt8.cloudfront.net\/12\/2022\/03\/20210717_135736-768x576.jpg 768w, https:\/\/d2p6e6u75xmxt8.cloudfront.net\/12\/2022\/03\/20210717_135736-1536x1152.jpg 1536w, https:\/\/d2p6e6u75xmxt8.cloudfront.net\/12\/2022\/03\/20210717_135736-2048x1536.jpg 2048w, https:\/\/d2p6e6u75xmxt8.cloudfront.net\/12\/2022\/03\/20210717_135736-1920x1440.jpg 1920w\" sizes=\"auto, (max-width: 1920px) 100vw, 1920px\" \/><\/a><figcaption id=\"caption-attachment-13699\" class=\"wp-caption-text\">BRM600 \u2013 West Side Ride<\/figcaption><\/figure>\n<p><strong>Melyik volt a legszebb 200-as k\u00f6r?<\/strong><\/p>\n<p>2019-ben vettem r\u00e9szt el\u0151sz\u00f6r a BRM200-Senj t\u00far\u00e1n. Ez az\u00f3ta is meghat\u00e1roz\u00f3 \u00e9lm\u00e9ny sz\u00e1momra, egyr\u00e9szt az\u00e9rt, mert \u00e9letemben el\u0151sz\u00f6r tekertem 2 \u00f3r\u00e1n kereszt\u00fcl s\u00f6t\u00e9tben egy idegen orsz\u00e1gban, \u00e9s szint\u00e9n el\u0151sz\u00f6r nem siker\u00fclt teljes\u00edtenem a szintid\u0151t. 2020-ban a koronav\u00edrus utamat \u00e1llta, de 2021-ben elj\u00f6tt a bossz\u00fa ideje: t\u00fara ut\u00e1n, a naplement\u00e9ben gy\u00f6ny\u00f6rk\u00f6dve fogyasztottam el a j\u00f3l meg\u00e9rdemelt tintahalamat, mert ez\u00fattal nem kellett s\u00f6t\u00e9tben tekernem. Az \u00e9lm\u00e9ny le\u00edrhatatlan!<\/p>\n<p><em>Ha ismersz olyan bring\u00e1st, akinek kij\u00e1r az elismer\u00e9s inspir\u00e1l\u00f3 teljes\u00edtm\u00e9nye miatt, \u00e9s \u00fagy gondolod, b\u00fcszk\u00e9n akasztan\u00e1 a nyak\u00e1ba a WLC Heroes \u00e9rm\u00e9t, \u00edrd meg nek\u00fcnk a <\/em><a href=\"mailto:welovecycling@skoda.hu\"><em>welovecycling@skoda.hu<\/em><\/a><em> e-mail c\u00edmre vagy <\/em><a href=\"https:\/\/www.facebook.com\/WeLoveCyclingHungary\"><em>Messenger \u00fczenetben<\/em><\/a><em>, hogy ki \u0151 \u00e9s mi\u00e9rt vagy r\u00e1 b\u00fcszke! Kiemelked\u0151 Strava-linkeket is v\u00e1runk! Magadat nevezn\u00e9d? Csak b\u00e1tran! \ud83d\ude42<\/em><\/p>\n","protected":false},"excerpt":{"rendered":"<p>Nem minden h\u0151s visel k\u00f6penyt: van, aki biciklisnadr\u00e1gban menti meg a vil\u00e1got. Strava klubunkban olyan teljes\u00edtm\u00e9nyeknek vagyunk szemtan\u00fai nap mint [&hellip;]<\/p>\n","protected":false},"author":71,"featured_media":14887,"comment_status":"open","ping_status":"open","sticky":false,"template":"","format":"standard","meta":{"footnotes":""},"categories":[467],"tags":[],"global-categories":[],"class_list":["post-13688","post","type-post","status-publish","format-standard","has-post-thumbnail","hentry","category-wlc-heroes"],"yoast_head":"<!-- This site is optimized with the Yoast SEO Premium plugin v25.3 (Yoast SEO v25.9) - https:\/\/yoast.com\/wordpress\/plugins\/seo\/ -->\n<title>A bring\u00e1z\u00e1s h\u0151sei: Gubas\u00f3czi Marianna \u00e9s Bosznia-Hercegovina - \u0160koda We Love Cycling - Magyarorsz\u00e1g<\/title>\n<meta name=\"robots\" content=\"index, follow, max-snippet:-1, max-image-preview:large, max-video-preview:-1\" \/>\n<link rel=\"canonical\" href=\"https:\/\/www.welovecycling.com\/hu\/wlc-heroes\/a-bringazas-hosei-gubasoczi-marianna\/\" \/>\n<meta property=\"og:locale\" content=\"hu_HU\" \/>\n<meta property=\"og:type\" content=\"article\" \/>\n<meta property=\"og:title\" content=\"A bring\u00e1z\u00e1s h\u0151sei: Gubas\u00f3czi Marianna \u00e9s Bosznia-Hercegovina\" \/>\n<meta property=\"og:description\" content=\"Nem minden h\u0151s visel k\u00f6penyt: van, aki biciklisnadr\u00e1gban menti meg a vil\u00e1got. Strava klubunkban olyan teljes\u00edtm\u00e9nyeknek vagyunk szemtan\u00fai nap mint [&hellip;]\" \/>\n<meta property=\"og:url\" content=\"https:\/\/www.welovecycling.com\/hu\/wlc-heroes\/a-bringazas-hosei-gubasoczi-marianna\/\" \/>\n<meta property=\"og:site_name\" content=\"\u0160koda We Love Cycling - Magyarorsz\u00e1g\" \/>\n<meta property=\"article:publisher\" content=\"https:\/\/www.facebook.com\/WeLoveCyclingHungary\/\" \/>\n<meta property=\"article:published_time\" content=\"2022-02-28T09:00:58+00:00\" \/>\n<meta property=\"article:modified_time\" content=\"2022-05-03T13:36:58+00:00\" \/>\n<meta property=\"og:image\" content=\"https:\/\/d2p6e6u75xmxt8.cloudfront.net\/12\/2022\/02\/WLCHEROES_GUBASOCZI_M_1200x630_FB_simple.png\" \/>\n\t<meta property=\"og:image:width\" content=\"1200\" \/>\n\t<meta property=\"og:image:height\" content=\"630\" \/>\n\t<meta property=\"og:image:type\" content=\"image\/png\" \/>\n<meta name=\"author\" content=\"hegyizs\" \/>\n<meta name=\"twitter:card\" content=\"summary_large_image\" \/>\n<meta name=\"twitter:label1\" content=\"Written by\" \/>\n\t<meta name=\"twitter:data1\" content=\"hegyizs\" \/>\n\t<meta name=\"twitter:label2\" content=\"Est. reading time\" \/>\n\t<meta name=\"twitter:data2\" content=\"5 minutes\" \/>\n<script type=\"application\/ld+json\" class=\"yoast-schema-graph\">{\"@context\":\"https:\/\/schema.org\",\"@graph\":[{\"@type\":\"WebPage\",\"@id\":\"https:\/\/www.welovecycling.com\/hu\/wlc-heroes\/a-bringazas-hosei-gubasoczi-marianna\/\",\"url\":\"https:\/\/www.welovecycling.com\/hu\/wlc-heroes\/a-bringazas-hosei-gubasoczi-marianna\/\",\"name\":\"A bring\u00e1z\u00e1s h\u0151sei: Gubas\u00f3czi Marianna \u00e9s Bosznia-Hercegovina - \u0160koda We Love Cycling - Magyarorsz\u00e1g\",\"isPartOf\":{\"@id\":\"https:\/\/www.welovecycling.com\/hu\/#website\"},\"primaryImageOfPage\":{\"@id\":\"https:\/\/www.welovecycling.com\/hu\/wlc-heroes\/a-bringazas-hosei-gubasoczi-marianna\/#primaryimage\"},\"image\":{\"@id\":\"https:\/\/www.welovecycling.com\/hu\/wlc-heroes\/a-bringazas-hosei-gubasoczi-marianna\/#primaryimage\"},\"thumbnailUrl\":\"https:\/\/d2p6e6u75xmxt8.cloudfront.net\/12\/2022\/02\/WLCHEROES_GUBASOCZI_M_990x660_CIKK_UJ_JO.png\",\"datePublished\":\"2022-02-28T09:00:58+00:00\",\"dateModified\":\"2022-05-03T13:36:58+00:00\",\"author\":{\"@id\":\"https:\/\/www.welovecycling.com\/hu\/#\/schema\/person\/414a2aebf1801691a5320edb6468e194\"},\"breadcrumb\":{\"@id\":\"https:\/\/www.welovecycling.com\/hu\/wlc-heroes\/a-bringazas-hosei-gubasoczi-marianna\/#breadcrumb\"},\"inLanguage\":\"hu\",\"potentialAction\":[{\"@type\":\"ReadAction\",\"target\":[\"https:\/\/www.welovecycling.com\/hu\/wlc-heroes\/a-bringazas-hosei-gubasoczi-marianna\/\"]}]},{\"@type\":\"ImageObject\",\"inLanguage\":\"hu\",\"@id\":\"https:\/\/www.welovecycling.com\/hu\/wlc-heroes\/a-bringazas-hosei-gubasoczi-marianna\/#primaryimage\",\"url\":\"https:\/\/d2p6e6u75xmxt8.cloudfront.net\/12\/2022\/02\/WLCHEROES_GUBASOCZI_M_990x660_CIKK_UJ_JO.png\",\"contentUrl\":\"https:\/\/d2p6e6u75xmxt8.cloudfront.net\/12\/2022\/02\/WLCHEROES_GUBASOCZI_M_990x660_CIKK_UJ_JO.png\",\"width\":990,\"height\":660},{\"@type\":\"BreadcrumbList\",\"@id\":\"https:\/\/www.welovecycling.com\/hu\/wlc-heroes\/a-bringazas-hosei-gubasoczi-marianna\/#breadcrumb\",\"itemListElement\":[{\"@type\":\"ListItem\",\"position\":1,\"name\":\"Home\",\"item\":\"https:\/\/www.welovecycling.com\/hu\/\"},{\"@type\":\"ListItem\",\"position\":2,\"name\":\"A bring\u00e1z\u00e1s h\u0151sei: Gubas\u00f3czi Marianna \u00e9s Bosznia-Hercegovina\"}]},{\"@type\":\"WebSite\",\"@id\":\"https:\/\/www.welovecycling.com\/hu\/#website\",\"url\":\"https:\/\/www.welovecycling.com\/hu\/\",\"name\":\"\u0160koda We Love Cycling - Magyarorsz\u00e1g\",\"description\":\"\u0160koda WeLoveCycling\",\"potentialAction\":[{\"@type\":\"SearchAction\",\"target\":{\"@type\":\"EntryPoint\",\"urlTemplate\":\"https:\/\/www.welovecycling.com\/hu\/?s={search_term_string}\"},\"query-input\":{\"@type\":\"PropertyValueSpecification\",\"valueRequired\":true,\"valueName\":\"search_term_string\"}}],\"inLanguage\":\"hu\"},{\"@type\":\"Person\",\"@id\":\"https:\/\/www.welovecycling.com\/hu\/#\/schema\/person\/414a2aebf1801691a5320edb6468e194\",\"name\":\"hegyizs\",\"image\":{\"@type\":\"ImageObject\",\"inLanguage\":\"hu\",\"@id\":\"https:\/\/www.welovecycling.com\/hu\/#\/schema\/person\/image\/\",\"url\":\"https:\/\/secure.gravatar.com\/avatar\/02cf8a7906b8cf90cecb4679defac7cfd33a1c2e3b88e4903d947f3bb58eedd3?s=96&d=mm&r=g\",\"contentUrl\":\"https:\/\/secure.gravatar.com\/avatar\/02cf8a7906b8cf90cecb4679defac7cfd33a1c2e3b88e4903d947f3bb58eedd3?s=96&d=mm&r=g\",\"caption\":\"hegyizs\"},\"url\":\"https:\/\/www.welovecycling.com\/hu\/author\/hegyizs\/\"}]}<\/script>\n<!-- \/ Yoast SEO Premium plugin. -->","yoast_head_json":{"title":"A bring\u00e1z\u00e1s h\u0151sei: Gubas\u00f3czi Marianna \u00e9s Bosznia-Hercegovina - \u0160koda We Love Cycling - Magyarorsz\u00e1g","robots":{"index":"index","follow":"follow","max-snippet":"max-snippet:-1","max-image-preview":"max-image-preview:large","max-video-preview":"max-video-preview:-1"},"canonical":"https:\/\/www.welovecycling.com\/hu\/wlc-heroes\/a-bringazas-hosei-gubasoczi-marianna\/","og_locale":"hu_HU","og_type":"article","og_title":"A bring\u00e1z\u00e1s h\u0151sei: Gubas\u00f3czi Marianna \u00e9s Bosznia-Hercegovina","og_description":"Nem minden h\u0151s visel k\u00f6penyt: van, aki biciklisnadr\u00e1gban menti meg a vil\u00e1got. Strava klubunkban olyan teljes\u00edtm\u00e9nyeknek vagyunk szemtan\u00fai nap mint [&hellip;]","og_url":"https:\/\/www.welovecycling.com\/hu\/wlc-heroes\/a-bringazas-hosei-gubasoczi-marianna\/","og_site_name":"\u0160koda We Love Cycling - Magyarorsz\u00e1g","article_publisher":"https:\/\/www.facebook.com\/WeLoveCyclingHungary\/","article_published_time":"2022-02-28T09:00:58+00:00","article_modified_time":"2022-05-03T13:36:58+00:00","og_image":[{"width":1200,"height":630,"url":"https:\/\/d2p6e6u75xmxt8.cloudfront.net\/12\/2022\/02\/WLCHEROES_GUBASOCZI_M_1200x630_FB_simple.png","type":"image\/png"}],"author":"hegyizs","twitter_card":"summary_large_image","twitter_misc":{"Written by":"hegyizs","Est. reading time":"5 minutes"},"schema":{"@context":"https:\/\/schema.org","@graph":[{"@type":"WebPage","@id":"https:\/\/www.welovecycling.com\/hu\/wlc-heroes\/a-bringazas-hosei-gubasoczi-marianna\/","url":"https:\/\/www.welovecycling.com\/hu\/wlc-heroes\/a-bringazas-hosei-gubasoczi-marianna\/","name":"A bring\u00e1z\u00e1s h\u0151sei: Gubas\u00f3czi Marianna \u00e9s Bosznia-Hercegovina - \u0160koda We Love Cycling - Magyarorsz\u00e1g","isPartOf":{"@id":"https:\/\/www.welovecycling.com\/hu\/#website"},"primaryImageOfPage":{"@id":"https:\/\/www.welovecycling.com\/hu\/wlc-heroes\/a-bringazas-hosei-gubasoczi-marianna\/#primaryimage"},"image":{"@id":"https:\/\/www.welovecycling.com\/hu\/wlc-heroes\/a-bringazas-hosei-gubasoczi-marianna\/#primaryimage"},"thumbnailUrl":"https:\/\/d2p6e6u75xmxt8.cloudfront.net\/12\/2022\/02\/WLCHEROES_GUBASOCZI_M_990x660_CIKK_UJ_JO.png","datePublished":"2022-02-28T09:00:58+00:00","dateModified":"2022-05-03T13:36:58+00:00","author":{"@id":"https:\/\/www.welovecycling.com\/hu\/#\/schema\/person\/414a2aebf1801691a5320edb6468e194"},"breadcrumb":{"@id":"https:\/\/www.welovecycling.com\/hu\/wlc-heroes\/a-bringazas-hosei-gubasoczi-marianna\/#breadcrumb"},"inLanguage":"hu","potentialAction":[{"@type":"ReadAction","target":["https:\/\/www.welovecycling.com\/hu\/wlc-heroes\/a-bringazas-hosei-gubasoczi-marianna\/"]}]},{"@type":"ImageObject","inLanguage":"hu","@id":"https:\/\/www.welovecycling.com\/hu\/wlc-heroes\/a-bringazas-hosei-gubasoczi-marianna\/#primaryimage","url":"https:\/\/d2p6e6u75xmxt8.cloudfront.net\/12\/2022\/02\/WLCHEROES_GUBASOCZI_M_990x660_CIKK_UJ_JO.png","contentUrl":"https:\/\/d2p6e6u75xmxt8.cloudfront.net\/12\/2022\/02\/WLCHEROES_GUBASOCZI_M_990x660_CIKK_UJ_JO.png","width":990,"height":660},{"@type":"BreadcrumbList","@id":"https:\/\/www.welovecycling.com\/hu\/wlc-heroes\/a-bringazas-hosei-gubasoczi-marianna\/#breadcrumb","itemListElement":[{"@type":"ListItem","position":1,"name":"Home","item":"https:\/\/www.welovecycling.com\/hu\/"},{"@type":"ListItem","position":2,"name":"A bring\u00e1z\u00e1s h\u0151sei: Gubas\u00f3czi Marianna \u00e9s Bosznia-Hercegovina"}]},{"@type":"WebSite","@id":"https:\/\/www.welovecycling.com\/hu\/#website","url":"https:\/\/www.welovecycling.com\/hu\/","name":"\u0160koda We Love Cycling - Magyarorsz\u00e1g","description":"\u0160koda WeLoveCycling","potentialAction":[{"@type":"SearchAction","target":{"@type":"EntryPoint","urlTemplate":"https:\/\/www.welovecycling.com\/hu\/?s={search_term_string}"},"query-input":{"@type":"PropertyValueSpecification","valueRequired":true,"valueName":"search_term_string"}}],"inLanguage":"hu"},{"@type":"Person","@id":"https:\/\/www.welovecycling.com\/hu\/#\/schema\/person\/414a2aebf1801691a5320edb6468e194","name":"hegyizs","image":{"@type":"ImageObject","inLanguage":"hu","@id":"https:\/\/www.welovecycling.com\/hu\/#\/schema\/person\/image\/","url":"https:\/\/secure.gravatar.com\/avatar\/02cf8a7906b8cf90cecb4679defac7cfd33a1c2e3b88e4903d947f3bb58eedd3?s=96&d=mm&r=g","contentUrl":"https:\/\/secure.gravatar.com\/avatar\/02cf8a7906b8cf90cecb4679defac7cfd33a1c2e3b88e4903d947f3bb58eedd3?s=96&d=mm&r=g","caption":"hegyizs"},"url":"https:\/\/www.welovecycling.com\/hu\/author\/hegyizs\/"}]}},"_links":{"self":[{"href":"https:\/\/www.welovecycling.com\/hu\/wp-json\/wp\/v2\/posts\/13688","targetHints":{"allow":["GET"]}}],"collection":[{"href":"https:\/\/www.welovecycling.com\/hu\/wp-json\/wp\/v2\/posts"}],"about":[{"href":"https:\/\/www.welovecycling.com\/hu\/wp-json\/wp\/v2\/types\/post"}],"author":[{"embeddable":true,"href":"https:\/\/www.welovecycling.com\/hu\/wp-json\/wp\/v2\/users\/71"}],"replies":[{"embeddable":true,"href":"https:\/\/www.welovecycling.com\/hu\/wp-json\/wp\/v2\/comments?post=13688"}],"version-history":[{"count":2,"href":"https:\/\/www.welovecycling.com\/hu\/wp-json\/wp\/v2\/posts\/13688\/revisions"}],"predecessor-version":[{"id":13702,"href":"https:\/\/www.welovecycling.com\/hu\/wp-json\/wp\/v2\/posts\/13688\/revisions\/13702"}],"wp:featuredmedia":[{"embeddable":true,"href":"https:\/\/www.welovecycling.com\/hu\/wp-json\/wp\/v2\/media\/14887"}],"wp:attachment":[{"href":"https:\/\/www.welovecycling.com\/hu\/wp-json\/wp\/v2\/media?parent=13688"}],"wp:term":[{"taxonomy":"category","embeddable":true,"href":"https:\/\/www.welovecycling.com\/hu\/wp-json\/wp\/v2\/categories?post=13688"},{"taxonomy":"post_tag","embeddable":true,"href":"https:\/\/www.welovecycling.com\/hu\/wp-json\/wp\/v2\/tags?post=13688"},{"taxonomy":"global-categories","embeddable":true,"href":"https:\/\/www.welovecycling.com\/hu\/wp-json\/wp\/v2\/global-categories?post=13688"}],"curies":[{"name":"wp","href":"https:\/\/api.w.org\/{rel}","templated":true}]}}