{"id":13683,"date":"2022-02-27T08:00:36","date_gmt":"2022-02-27T06:00:36","guid":{"rendered":"https:\/\/www.welovecycling.com\/hu\/?p=13683"},"modified":"2022-02-25T17:15:17","modified_gmt":"2022-02-25T15:15:17","slug":"gyulnek-a-tapasztalatok-es-a-kilometerek-valter-ati-peak-barna-a-kometasok-es-pogacar-is-belehuztak","status":"publish","type":"post","link":"https:\/\/www.welovecycling.com\/hu\/orszaguti-kerekpar\/gyulnek-a-tapasztalatok-es-a-kilometerek-valter-ati-peak-barna-a-kometasok-es-pogacar-is-belehuztak\/","title":{"rendered":"Gy\u0171lnek a tapasztalatok \u00e9s a kilom\u00e9terek: Valter Ati, Pe\u00e1k Barna, a komet\u00e1sok \u00e9s Poga\u010dar is beleh\u00faztak"},"content":{"rendered":"<p><strong>Itt a tavasz, kezd s\u0171r\u0171s\u00f6dni a bring\u00e1sok versenyprogramja: Valter Attila az Algarv\u00e9n, Pe\u00e1k Barnab\u00e1s Andal\u00fazi\u00e1ban, Dina M\u00e1rton T\u00f6r\u00f6korsz\u00e1gban versenyzett, Fetter Erik kapit\u00e1nyk\u00e9nt vezeti a Komet\u00e1t Gal\u00edci\u00e1ban, Tadej Poga\u010dar pedig szok\u00e1s szerint az Em\u00edrs\u00e9gekben demonstr\u00e1lt er\u0151t.<\/strong><!--more--><\/p>\n<p>Hogy a hideg t\u00e9li h\u00f3napok ut\u00e1n v\u00e9gre nyakunkon a tavaszi id\u0151szak, nemcsak a napt\u00e1r jelzi, hanem az is, hogy egyre s\u0171r\u0171bb\u00e9 kezd v\u00e1lni a bring\u00e1sok versenyprogramja. A t\u00e9li alapoz\u00f3 id\u0151szakban a l\u00e1bakba ker\u00fclt szorgos kilom\u00e9terek ut\u00e1n az ut\u00f3bbi napokban-hetekben sz\u00e9p lassan mindenki megkezdte v\u00e9gre a v\u00e1rva v\u00e1rt versenyszezonj\u00e1t is, bele\u00e9rtve a legnagyobb neveket \u00e9s magyar kedvenceket is.<\/p>\n<p>K\u00e9t World Tour-versenyz\u0151nk, Valter Attila \u00e9s Pe\u00e1k Barna egyar\u00e1nt az Ib\u00e9riai-f\u00e9lszigeten versenyeztek \u00e9s gy\u0171jt\u00f6ttek hasznos tapasztalatokat azok ut\u00e1n, hogy febru\u00e1r elej\u00e9n megind\u00edtott\u00e1k napt\u00e1ri \u00e9v\u00fcket az els\u0151 t\u00f6bbnaposukkal, a valenciai k\u00f6rrel. Valter Ati ezut\u00e1n a szomsz\u00e9dba, Portug\u00e1li\u00e1ba ruccant \u00e1t a Volta ao Algarv\u00e9re (ez a verseny ut\u00f3lag ker\u00fclt bele a programj\u00e1ba), ahol &#8211; b\u00e1r egy megf\u00e1z\u00e1s miatt nem volt a legjobb form\u00e1ban -fontos tapasztalatokkal gazdagodott, \u00e9s seg\u00edt\u0151k\u00e9nt nagy szerepet j\u00e1tszott abban, hogy csapata, a francia FDJ megszerezte idei els\u0151 gy\u0151zelm\u00e9t, a m\u00e1sodik etapon, David Gaudu r\u00e9v\u00e9n. Pe\u00e1k Barna ek\u00f6zben a hegyes andal\u00faz k\u00f6r\u00f6n tekert, \u00e9s gy\u0171jt\u00f6tte a kilom\u00e9tereket. Ez az egynaposokat is belesz\u00e1m\u00edtva m\u00e1r a hetedik idei versenye volt \u00faj csapat\u00e1val, a Wanty-val, \u00e9s pontosan ez a rengeteg versenylehet\u0151s\u00e9g az, ami el\u0151z\u0151 ist\u00e1ll\u00f3j\u00e1n\u00e1l a BikeExchange-n\u00e9l hi\u00e1nyzott neki.<\/p>\n<p>Nem lazs\u00e1lnak az EOLO-Kometa magyarjai sem. Dina M\u00e1rton az \u00e9vind\u00edt\u00f3 valenciai egynapos ut\u00e1n T\u00f6r\u00f6korsz\u00e1gba utazott a csapattal, ahol a n\u00e9gynapos antalyai k\u00f6r\u00f6n vett r\u00e9szt \u2013 saj\u00e1t mag\u00e1val nem volt marad\u00e9ktalanul el\u00e9gedett, mint mondta, b\u00e1r csapatt\u00e1rsai j\u00f3l mentek, neki m\u00e9g fel kell vennie a ritmust a versenyek ter\u00e9n, hiszen hossz\u00fa id\u0151 ut\u00e1n \u00fclt \u00fajra nyeregbe Valenci\u00e1ban, illetve T\u00f6r\u00f6korsz\u00e1gban. Csapatt\u00e1rsa, Fetter Erik t\u00e9rds\u00e9r\u00fcl\u00e9se miatt csak k\u00e9s\u0151bb tudott bekapcsol\u00f3dni az edz\u00e9sekbe, \u00edgy 2022-es bemutatkoz\u00e1sa is elh\u00faz\u00f3dik. Erik Tenerif\u00e9n edz\u0151t\u00e1borozott Valter Ati\u00e9kkal (eg\u00e9szen addig, am\u00edg ut\u00f3bbit Portug\u00e1li\u00e1ba nem sz\u00f3l\u00edtotta a k\u00f6teless\u00e9g), egy intenz\u00edv, k\u00e9thetes \u201efelz\u00e1rk\u00f3ztat\u00f3\u201d tr\u00e9ningen, de febru\u00e1r v\u00e9g\u00e9n \u0151 is belecsap a k\u00f6zep\u00e9be: csapatkapit\u00e1nyk\u00e9nt vezeti a Komet\u00e1t a cs\u00fct\u00f6rt\u00f6k\u00f6n rajtol\u00f3, gal\u00edciai Gran Camino n\u00e9gynapos\u00e1n, \u00edgy val\u00f3sz\u00edn\u0171leg az \u00f6sszetettre is r\u00e1mehet majd!<\/p>\n<p><em>\u201e\u00dagy \u00e9rzem, hogy siker\u00fclt p\u00f3tolnom a kimaradt id\u0151szakot, nagyon j\u00f3 er\u0151ben \u00e9rzem magam, pont itt az ideje elkezdeni a szezont. Az utols\u00f3 etap egy 15,8 km-es id\u0151futam lesz vas\u00e1rnap, itt id\u00e9n el\u0151sz\u00f6r felvehetem a bajnoki mezemet, amit nagyon v\u00e1rok. Val\u00f3sz\u00edn\u0171leg itt fog eld\u0151lni nagyr\u00e9szt az \u00f6sszetett is\u201d<\/em> \u2013 osztotta meg el\u0151zetes v\u00e1rakoz\u00e1sait Fetter Erik.<\/p>\n<figure id=\"attachment_13686\" aria-describedby=\"caption-attachment-13686\" style=\"width: 1024px\" class=\"wp-caption alignnone\"><a href=\"https:\/\/d2p6e6u75xmxt8.cloudfront.net\/12\/2022\/02\/erik.jpg\"><img loading=\"lazy\" decoding=\"async\" class=\"size-large wp-image-13686\" src=\"https:\/\/d2p6e6u75xmxt8.cloudfront.net\/12\/2022\/02\/erik-1024x683.jpg\" alt=\"\" width=\"1024\" height=\"683\" srcset=\"https:\/\/d2p6e6u75xmxt8.cloudfront.net\/12\/2022\/02\/erik-1024x683.jpg 1024w, https:\/\/d2p6e6u75xmxt8.cloudfront.net\/12\/2022\/02\/erik-300x200.jpg 300w, https:\/\/d2p6e6u75xmxt8.cloudfront.net\/12\/2022\/02\/erik-768x512.jpg 768w, https:\/\/d2p6e6u75xmxt8.cloudfront.net\/12\/2022\/02\/erik-272x182.jpg 272w, https:\/\/d2p6e6u75xmxt8.cloudfront.net\/12\/2022\/02\/erik.jpg 1440w\" sizes=\"auto, (max-width: 1024px) 100vw, 1024px\" \/><\/a><figcaption id=\"caption-attachment-13686\" class=\"wp-caption-text\">Fetter Erik (jobbra) is elkezdi \u2013 csapatkapit\u00e1nyk\u00e9nt (fot\u00f3: Maurizio Borserini)<\/figcaption><\/figure>\n<p>K\u00f6zben a legnagyobb szt\u00e1rok is beleh\u00faztak. A figyelem az Em\u00edrs\u00e9gek k\u00f6rverseny\u00e9re, az UAE Tourra szegez\u0151d\u00f6tt, ahol az Emirates arca, a c\u00edmv\u00e9d\u0151 Tadej Poga\u010dar a negyedik etapon az els\u0151 kem\u00e9nyebb hegyi befut\u00f3n \u00e1llva hagyta a mez\u0151nyt, \u00e1tv\u00e9ve a vezet\u00e9st az \u00f6sszetettben is. Ezzel pedig m\u00e1r a szezon els\u0151 verseny\u00e9n er\u0151s \u00fczenetet k\u00fcld\u00f6tt riv\u00e1lisainak az idei \u00e9vre is. A tavaly \u00e1lomszer\u0171 \u00e9vet fut\u00f3 Mark Cavendish szint\u00e9n a k\u00f6z\u00e9ppontba ker\u00fclt, igaz, aligha \u00fagy, ahogy \u0151 szerette volna: szint\u00e9n a negyedik etapon nagyot bukott, oda is verte a fej\u00e9t az aszfalthoz \u2013 szerencs\u00e9je, hogy a sisak felfogta az es\u00e9st, \u00e9s folytatni tudta a versenyt, mert az alapj\u00e1n, hogy a t\u00f6r\u00f6tt buk\u00f3t ki kellett cser\u00e9lni, a veter\u00e1n sprinter sokkal rosszabbul is j\u00e1rhatott volna.<\/p>\n<figure id=\"attachment_13685\" aria-describedby=\"caption-attachment-13685\" style=\"width: 1024px\" class=\"wp-caption alignnone\"><a href=\"https:\/\/d2p6e6u75xmxt8.cloudfront.net\/12\/2022\/02\/cav.jpg\"><img loading=\"lazy\" decoding=\"async\" class=\"size-full wp-image-13685\" src=\"https:\/\/d2p6e6u75xmxt8.cloudfront.net\/12\/2022\/02\/cav.jpg\" alt=\"\" width=\"1024\" height=\"683\" srcset=\"https:\/\/d2p6e6u75xmxt8.cloudfront.net\/12\/2022\/02\/cav.jpg 1024w, https:\/\/d2p6e6u75xmxt8.cloudfront.net\/12\/2022\/02\/cav-300x200.jpg 300w, https:\/\/d2p6e6u75xmxt8.cloudfront.net\/12\/2022\/02\/cav-768x512.jpg 768w, https:\/\/d2p6e6u75xmxt8.cloudfront.net\/12\/2022\/02\/cav-272x182.jpg 272w\" sizes=\"auto, (max-width: 1024px) 100vw, 1024px\" \/><\/a><figcaption id=\"caption-attachment-13685\" class=\"wp-caption-text\">Cavendish k\u00f6sz\u00f6netet mondhat a sisaknak\u2026 (fot\u00f3: Getty)<\/figcaption><\/figure>\n<p><em>Bor\u00edt\u00f3: <\/em><em>Facebook\/Valter Attila<\/em><\/p>\n","protected":false},"excerpt":{"rendered":"<p>Itt a tavasz, kezd s\u0171r\u0171s\u00f6dni a bring\u00e1sok versenyprogramja: Valter Attila az Algarv\u00e9n, Pe\u00e1k Barnab\u00e1s Andal\u00fazi\u00e1ban, Dina M\u00e1rton T\u00f6r\u00f6korsz\u00e1gban versenyzett, Fetter [&hellip;]<\/p>\n","protected":false},"author":71,"featured_media":13684,"comment_status":"open","ping_status":"open","sticky":false,"template":"","format":"standard","meta":{"footnotes":""},"categories":[8],"tags":[],"global-categories":[],"class_list":["post-13683","post","type-post","status-publish","format-standard","has-post-thumbnail","hentry","category-orszaguti-kerekpar"],"yoast_head":"<!-- This site is optimized with the Yoast SEO Premium plugin v25.3 (Yoast SEO v25.9) - https:\/\/yoast.com\/wordpress\/plugins\/seo\/ -->\n<title>Gy\u0171lnek a tapasztalatok \u00e9s a kilom\u00e9terek: Valter Ati, Pe\u00e1k Barna, a komet\u00e1sok \u00e9s Poga\u010dar is beleh\u00faztak<\/title>\n<meta name=\"description\" content=\"Itt a tavasz, kezd s\u0171r\u0171s\u00f6dni a bring\u00e1sok versenyprogramja: Valter Attila az Algarv\u00e9n, Pe\u00e1k Barnab\u00e1s Andal\u00fazi\u00e1ban, Dina M\u00e1rton T\u00f6r\u00f6korsz\u00e1gban versenyzett, Fetter Erik kapit\u00e1nyk\u00e9nt vezeti a Komet\u00e1t Gal\u00edci\u00e1ban, Tadej Poga\u010dar pedig szok\u00e1s szerint az Em\u00edrs\u00e9gekben demonstr\u00e1lt er\u0151t.\" \/>\n<meta name=\"robots\" content=\"index, follow, max-snippet:-1, max-image-preview:large, max-video-preview:-1\" \/>\n<link rel=\"canonical\" href=\"https:\/\/www.welovecycling.com\/hu\/orszaguti-kerekpar\/gyulnek-a-tapasztalatok-es-a-kilometerek-valter-ati-peak-barna-a-kometasok-es-pogacar-is-belehuztak\/\" \/>\n<meta property=\"og:locale\" content=\"hu_HU\" \/>\n<meta property=\"og:type\" content=\"article\" \/>\n<meta property=\"og:title\" content=\"Gy\u0171lnek a tapasztalatok \u00e9s a kilom\u00e9terek: Valter Ati, Pe\u00e1k Barna, a komet\u00e1sok \u00e9s Poga\u010dar is beleh\u00faztak\" \/>\n<meta property=\"og:description\" content=\"Itt a tavasz, kezd s\u0171r\u0171s\u00f6dni a bring\u00e1sok versenyprogramja: Valter Attila az Algarv\u00e9n, Pe\u00e1k Barnab\u00e1s Andal\u00fazi\u00e1ban, Dina M\u00e1rton T\u00f6r\u00f6korsz\u00e1gban versenyzett, Fetter Erik kapit\u00e1nyk\u00e9nt vezeti a Komet\u00e1t Gal\u00edci\u00e1ban, Tadej Poga\u010dar pedig szok\u00e1s szerint az Em\u00edrs\u00e9gekben demonstr\u00e1lt er\u0151t.\" \/>\n<meta property=\"og:url\" content=\"https:\/\/www.welovecycling.com\/hu\/orszaguti-kerekpar\/gyulnek-a-tapasztalatok-es-a-kilometerek-valter-ati-peak-barna-a-kometasok-es-pogacar-is-belehuztak\/\" \/>\n<meta property=\"og:site_name\" content=\"\u0160koda We Love Cycling - Magyarorsz\u00e1g\" \/>\n<meta property=\"article:publisher\" content=\"https:\/\/www.facebook.com\/WeLoveCyclingHungary\/\" \/>\n<meta property=\"article:published_time\" content=\"2022-02-27T06:00:36+00:00\" \/>\n<meta property=\"og:image\" content=\"https:\/\/d2p6e6u75xmxt8.cloudfront.net\/12\/2022\/02\/ati_barni.jpg\" \/>\n\t<meta property=\"og:image:width\" content=\"1024\" \/>\n\t<meta property=\"og:image:height\" content=\"682\" \/>\n\t<meta property=\"og:image:type\" content=\"image\/jpeg\" \/>\n<meta name=\"author\" content=\"hegyizs\" \/>\n<meta name=\"twitter:card\" content=\"summary_large_image\" \/>\n<meta name=\"twitter:label1\" content=\"Written by\" \/>\n\t<meta name=\"twitter:data1\" content=\"WLC\" \/>\n\t<meta name=\"twitter:label2\" content=\"Est. reading time\" \/>\n\t<meta name=\"twitter:data2\" content=\"4 minutes\" \/>\n<script type=\"application\/ld+json\" class=\"yoast-schema-graph\">{\"@context\":\"https:\/\/schema.org\",\"@graph\":[{\"@type\":\"WebPage\",\"@id\":\"https:\/\/www.welovecycling.com\/hu\/orszaguti-kerekpar\/gyulnek-a-tapasztalatok-es-a-kilometerek-valter-ati-peak-barna-a-kometasok-es-pogacar-is-belehuztak\/\",\"url\":\"https:\/\/www.welovecycling.com\/hu\/orszaguti-kerekpar\/gyulnek-a-tapasztalatok-es-a-kilometerek-valter-ati-peak-barna-a-kometasok-es-pogacar-is-belehuztak\/\",\"name\":\"Gy\u0171lnek a tapasztalatok \u00e9s a kilom\u00e9terek: Valter Ati, Pe\u00e1k Barna, a komet\u00e1sok \u00e9s Poga\u010dar is beleh\u00faztak\",\"isPartOf\":{\"@id\":\"https:\/\/www.welovecycling.com\/hu\/#website\"},\"primaryImageOfPage\":{\"@id\":\"https:\/\/www.welovecycling.com\/hu\/orszaguti-kerekpar\/gyulnek-a-tapasztalatok-es-a-kilometerek-valter-ati-peak-barna-a-kometasok-es-pogacar-is-belehuztak\/#primaryimage\"},\"image\":{\"@id\":\"https:\/\/www.welovecycling.com\/hu\/orszaguti-kerekpar\/gyulnek-a-tapasztalatok-es-a-kilometerek-valter-ati-peak-barna-a-kometasok-es-pogacar-is-belehuztak\/#primaryimage\"},\"thumbnailUrl\":\"https:\/\/d2p6e6u75xmxt8.cloudfront.net\/12\/2022\/02\/ati_barni.jpg\",\"datePublished\":\"2022-02-27T06:00:36+00:00\",\"author\":{\"@id\":\"https:\/\/www.welovecycling.com\/hu\/#\/schema\/person\/414a2aebf1801691a5320edb6468e194\"},\"description\":\"Itt a tavasz, kezd s\u0171r\u0171s\u00f6dni a bring\u00e1sok versenyprogramja: Valter Attila az Algarv\u00e9n, Pe\u00e1k Barnab\u00e1s Andal\u00fazi\u00e1ban, Dina M\u00e1rton T\u00f6r\u00f6korsz\u00e1gban versenyzett, Fetter Erik kapit\u00e1nyk\u00e9nt vezeti a Komet\u00e1t Gal\u00edci\u00e1ban, Tadej Poga\u010dar pedig szok\u00e1s szerint az Em\u00edrs\u00e9gekben demonstr\u00e1lt er\u0151t.\",\"breadcrumb\":{\"@id\":\"https:\/\/www.welovecycling.com\/hu\/orszaguti-kerekpar\/gyulnek-a-tapasztalatok-es-a-kilometerek-valter-ati-peak-barna-a-kometasok-es-pogacar-is-belehuztak\/#breadcrumb\"},\"inLanguage\":\"hu\",\"potentialAction\":[{\"@type\":\"ReadAction\",\"target\":[\"https:\/\/www.welovecycling.com\/hu\/orszaguti-kerekpar\/gyulnek-a-tapasztalatok-es-a-kilometerek-valter-ati-peak-barna-a-kometasok-es-pogacar-is-belehuztak\/\"]}]},{\"@type\":\"ImageObject\",\"inLanguage\":\"hu\",\"@id\":\"https:\/\/www.welovecycling.com\/hu\/orszaguti-kerekpar\/gyulnek-a-tapasztalatok-es-a-kilometerek-valter-ati-peak-barna-a-kometasok-es-pogacar-is-belehuztak\/#primaryimage\",\"url\":\"https:\/\/d2p6e6u75xmxt8.cloudfront.net\/12\/2022\/02\/ati_barni.jpg\",\"contentUrl\":\"https:\/\/d2p6e6u75xmxt8.cloudfront.net\/12\/2022\/02\/ati_barni.jpg\",\"width\":1024,\"height\":682,\"caption\":\"felirat ide j\u00f6n\"},{\"@type\":\"BreadcrumbList\",\"@id\":\"https:\/\/www.welovecycling.com\/hu\/orszaguti-kerekpar\/gyulnek-a-tapasztalatok-es-a-kilometerek-valter-ati-peak-barna-a-kometasok-es-pogacar-is-belehuztak\/#breadcrumb\",\"itemListElement\":[{\"@type\":\"ListItem\",\"position\":1,\"name\":\"Home\",\"item\":\"https:\/\/www.welovecycling.com\/hu\/\"},{\"@type\":\"ListItem\",\"position\":2,\"name\":\"Gy\u0171lnek a tapasztalatok \u00e9s a kilom\u00e9terek: Valter Ati, Pe\u00e1k Barna, a komet\u00e1sok \u00e9s Poga\u010dar is beleh\u00faztak\"}]},{\"@type\":\"WebSite\",\"@id\":\"https:\/\/www.welovecycling.com\/hu\/#website\",\"url\":\"https:\/\/www.welovecycling.com\/hu\/\",\"name\":\"\u0160koda We Love Cycling - Magyarorsz\u00e1g\",\"description\":\"\u0160koda WeLoveCycling\",\"potentialAction\":[{\"@type\":\"SearchAction\",\"target\":{\"@type\":\"EntryPoint\",\"urlTemplate\":\"https:\/\/www.welovecycling.com\/hu\/?s={search_term_string}\"},\"query-input\":{\"@type\":\"PropertyValueSpecification\",\"valueRequired\":true,\"valueName\":\"search_term_string\"}}],\"inLanguage\":\"hu\"},{\"@type\":\"Person\",\"@id\":\"https:\/\/www.welovecycling.com\/hu\/#\/schema\/person\/414a2aebf1801691a5320edb6468e194\",\"name\":\"hegyizs\",\"image\":{\"@type\":\"ImageObject\",\"inLanguage\":\"hu\",\"@id\":\"https:\/\/www.welovecycling.com\/hu\/#\/schema\/person\/image\/\",\"url\":\"https:\/\/secure.gravatar.com\/avatar\/02cf8a7906b8cf90cecb4679defac7cfd33a1c2e3b88e4903d947f3bb58eedd3?s=96&d=mm&r=g\",\"contentUrl\":\"https:\/\/secure.gravatar.com\/avatar\/02cf8a7906b8cf90cecb4679defac7cfd33a1c2e3b88e4903d947f3bb58eedd3?s=96&d=mm&r=g\",\"caption\":\"hegyizs\"},\"url\":\"https:\/\/www.welovecycling.com\/hu\/author\/hegyizs\/\"}]}<\/script>\n<!-- \/ Yoast SEO Premium plugin. -->","yoast_head_json":{"title":"Gy\u0171lnek a tapasztalatok \u00e9s a kilom\u00e9terek: Valter Ati, Pe\u00e1k Barna, a komet\u00e1sok \u00e9s Poga\u010dar is beleh\u00faztak","description":"Itt a tavasz, kezd s\u0171r\u0171s\u00f6dni a bring\u00e1sok versenyprogramja: Valter Attila az Algarv\u00e9n, Pe\u00e1k Barnab\u00e1s Andal\u00fazi\u00e1ban, Dina M\u00e1rton T\u00f6r\u00f6korsz\u00e1gban versenyzett, Fetter Erik kapit\u00e1nyk\u00e9nt vezeti a Komet\u00e1t Gal\u00edci\u00e1ban, Tadej Poga\u010dar pedig szok\u00e1s szerint az Em\u00edrs\u00e9gekben demonstr\u00e1lt er\u0151t.","robots":{"index":"index","follow":"follow","max-snippet":"max-snippet:-1","max-image-preview":"max-image-preview:large","max-video-preview":"max-video-preview:-1"},"canonical":"https:\/\/www.welovecycling.com\/hu\/orszaguti-kerekpar\/gyulnek-a-tapasztalatok-es-a-kilometerek-valter-ati-peak-barna-a-kometasok-es-pogacar-is-belehuztak\/","og_locale":"hu_HU","og_type":"article","og_title":"Gy\u0171lnek a tapasztalatok \u00e9s a kilom\u00e9terek: Valter Ati, Pe\u00e1k Barna, a komet\u00e1sok \u00e9s Poga\u010dar is beleh\u00faztak","og_description":"Itt a tavasz, kezd s\u0171r\u0171s\u00f6dni a bring\u00e1sok versenyprogramja: Valter Attila az Algarv\u00e9n, Pe\u00e1k Barnab\u00e1s Andal\u00fazi\u00e1ban, Dina M\u00e1rton T\u00f6r\u00f6korsz\u00e1gban versenyzett, Fetter Erik kapit\u00e1nyk\u00e9nt vezeti a Komet\u00e1t Gal\u00edci\u00e1ban, Tadej Poga\u010dar pedig szok\u00e1s szerint az Em\u00edrs\u00e9gekben demonstr\u00e1lt er\u0151t.","og_url":"https:\/\/www.welovecycling.com\/hu\/orszaguti-kerekpar\/gyulnek-a-tapasztalatok-es-a-kilometerek-valter-ati-peak-barna-a-kometasok-es-pogacar-is-belehuztak\/","og_site_name":"\u0160koda We Love Cycling - Magyarorsz\u00e1g","article_publisher":"https:\/\/www.facebook.com\/WeLoveCyclingHungary\/","article_published_time":"2022-02-27T06:00:36+00:00","og_image":[{"width":1024,"height":682,"url":"https:\/\/d2p6e6u75xmxt8.cloudfront.net\/12\/2022\/02\/ati_barni.jpg","type":"image\/jpeg"}],"author":"hegyizs","twitter_card":"summary_large_image","twitter_misc":{"Written by":"WLC","Est. reading time":"4 minutes"},"schema":{"@context":"https:\/\/schema.org","@graph":[{"@type":"WebPage","@id":"https:\/\/www.welovecycling.com\/hu\/orszaguti-kerekpar\/gyulnek-a-tapasztalatok-es-a-kilometerek-valter-ati-peak-barna-a-kometasok-es-pogacar-is-belehuztak\/","url":"https:\/\/www.welovecycling.com\/hu\/orszaguti-kerekpar\/gyulnek-a-tapasztalatok-es-a-kilometerek-valter-ati-peak-barna-a-kometasok-es-pogacar-is-belehuztak\/","name":"Gy\u0171lnek a tapasztalatok \u00e9s a kilom\u00e9terek: Valter Ati, Pe\u00e1k Barna, a komet\u00e1sok \u00e9s Poga\u010dar is beleh\u00faztak","isPartOf":{"@id":"https:\/\/www.welovecycling.com\/hu\/#website"},"primaryImageOfPage":{"@id":"https:\/\/www.welovecycling.com\/hu\/orszaguti-kerekpar\/gyulnek-a-tapasztalatok-es-a-kilometerek-valter-ati-peak-barna-a-kometasok-es-pogacar-is-belehuztak\/#primaryimage"},"image":{"@id":"https:\/\/www.welovecycling.com\/hu\/orszaguti-kerekpar\/gyulnek-a-tapasztalatok-es-a-kilometerek-valter-ati-peak-barna-a-kometasok-es-pogacar-is-belehuztak\/#primaryimage"},"thumbnailUrl":"https:\/\/d2p6e6u75xmxt8.cloudfront.net\/12\/2022\/02\/ati_barni.jpg","datePublished":"2022-02-27T06:00:36+00:00","author":{"@id":"https:\/\/www.welovecycling.com\/hu\/#\/schema\/person\/414a2aebf1801691a5320edb6468e194"},"description":"Itt a tavasz, kezd s\u0171r\u0171s\u00f6dni a bring\u00e1sok versenyprogramja: Valter Attila az Algarv\u00e9n, Pe\u00e1k Barnab\u00e1s Andal\u00fazi\u00e1ban, Dina M\u00e1rton T\u00f6r\u00f6korsz\u00e1gban versenyzett, Fetter Erik kapit\u00e1nyk\u00e9nt vezeti a Komet\u00e1t Gal\u00edci\u00e1ban, Tadej Poga\u010dar pedig szok\u00e1s szerint az Em\u00edrs\u00e9gekben demonstr\u00e1lt er\u0151t.","breadcrumb":{"@id":"https:\/\/www.welovecycling.com\/hu\/orszaguti-kerekpar\/gyulnek-a-tapasztalatok-es-a-kilometerek-valter-ati-peak-barna-a-kometasok-es-pogacar-is-belehuztak\/#breadcrumb"},"inLanguage":"hu","potentialAction":[{"@type":"ReadAction","target":["https:\/\/www.welovecycling.com\/hu\/orszaguti-kerekpar\/gyulnek-a-tapasztalatok-es-a-kilometerek-valter-ati-peak-barna-a-kometasok-es-pogacar-is-belehuztak\/"]}]},{"@type":"ImageObject","inLanguage":"hu","@id":"https:\/\/www.welovecycling.com\/hu\/orszaguti-kerekpar\/gyulnek-a-tapasztalatok-es-a-kilometerek-valter-ati-peak-barna-a-kometasok-es-pogacar-is-belehuztak\/#primaryimage","url":"https:\/\/d2p6e6u75xmxt8.cloudfront.net\/12\/2022\/02\/ati_barni.jpg","contentUrl":"https:\/\/d2p6e6u75xmxt8.cloudfront.net\/12\/2022\/02\/ati_barni.jpg","width":1024,"height":682,"caption":"felirat ide j\u00f6n"},{"@type":"BreadcrumbList","@id":"https:\/\/www.welovecycling.com\/hu\/orszaguti-kerekpar\/gyulnek-a-tapasztalatok-es-a-kilometerek-valter-ati-peak-barna-a-kometasok-es-pogacar-is-belehuztak\/#breadcrumb","itemListElement":[{"@type":"ListItem","position":1,"name":"Home","item":"https:\/\/www.welovecycling.com\/hu\/"},{"@type":"ListItem","position":2,"name":"Gy\u0171lnek a tapasztalatok \u00e9s a kilom\u00e9terek: Valter Ati, Pe\u00e1k Barna, a komet\u00e1sok \u00e9s Poga\u010dar is beleh\u00faztak"}]},{"@type":"WebSite","@id":"https:\/\/www.welovecycling.com\/hu\/#website","url":"https:\/\/www.welovecycling.com\/hu\/","name":"\u0160koda We Love Cycling - Magyarorsz\u00e1g","description":"\u0160koda WeLoveCycling","potentialAction":[{"@type":"SearchAction","target":{"@type":"EntryPoint","urlTemplate":"https:\/\/www.welovecycling.com\/hu\/?s={search_term_string}"},"query-input":{"@type":"PropertyValueSpecification","valueRequired":true,"valueName":"search_term_string"}}],"inLanguage":"hu"},{"@type":"Person","@id":"https:\/\/www.welovecycling.com\/hu\/#\/schema\/person\/414a2aebf1801691a5320edb6468e194","name":"hegyizs","image":{"@type":"ImageObject","inLanguage":"hu","@id":"https:\/\/www.welovecycling.com\/hu\/#\/schema\/person\/image\/","url":"https:\/\/secure.gravatar.com\/avatar\/02cf8a7906b8cf90cecb4679defac7cfd33a1c2e3b88e4903d947f3bb58eedd3?s=96&d=mm&r=g","contentUrl":"https:\/\/secure.gravatar.com\/avatar\/02cf8a7906b8cf90cecb4679defac7cfd33a1c2e3b88e4903d947f3bb58eedd3?s=96&d=mm&r=g","caption":"hegyizs"},"url":"https:\/\/www.welovecycling.com\/hu\/author\/hegyizs\/"}]}},"_links":{"self":[{"href":"https:\/\/www.welovecycling.com\/hu\/wp-json\/wp\/v2\/posts\/13683","targetHints":{"allow":["GET"]}}],"collection":[{"href":"https:\/\/www.welovecycling.com\/hu\/wp-json\/wp\/v2\/posts"}],"about":[{"href":"https:\/\/www.welovecycling.com\/hu\/wp-json\/wp\/v2\/types\/post"}],"author":[{"embeddable":true,"href":"https:\/\/www.welovecycling.com\/hu\/wp-json\/wp\/v2\/users\/71"}],"replies":[{"embeddable":true,"href":"https:\/\/www.welovecycling.com\/hu\/wp-json\/wp\/v2\/comments?post=13683"}],"version-history":[{"count":1,"href":"https:\/\/www.welovecycling.com\/hu\/wp-json\/wp\/v2\/posts\/13683\/revisions"}],"predecessor-version":[{"id":13687,"href":"https:\/\/www.welovecycling.com\/hu\/wp-json\/wp\/v2\/posts\/13683\/revisions\/13687"}],"wp:featuredmedia":[{"embeddable":true,"href":"https:\/\/www.welovecycling.com\/hu\/wp-json\/wp\/v2\/media\/13684"}],"wp:attachment":[{"href":"https:\/\/www.welovecycling.com\/hu\/wp-json\/wp\/v2\/media?parent=13683"}],"wp:term":[{"taxonomy":"category","embeddable":true,"href":"https:\/\/www.welovecycling.com\/hu\/wp-json\/wp\/v2\/categories?post=13683"},{"taxonomy":"post_tag","embeddable":true,"href":"https:\/\/www.welovecycling.com\/hu\/wp-json\/wp\/v2\/tags?post=13683"},{"taxonomy":"global-categories","embeddable":true,"href":"https:\/\/www.welovecycling.com\/hu\/wp-json\/wp\/v2\/global-categories?post=13683"}],"curies":[{"name":"wp","href":"https:\/\/api.w.org\/{rel}","templated":true}]}}