{"id":13680,"date":"2022-02-28T08:00:38","date_gmt":"2022-02-28T06:00:38","guid":{"rendered":"https:\/\/www.welovecycling.com\/hu\/?p=13680"},"modified":"2022-02-25T17:05:59","modified_gmt":"2022-02-25T15:05:59","slug":"tej-bringasoknak-igen-vagy-nem","status":"publish","type":"post","link":"https:\/\/www.welovecycling.com\/hu\/edzes-es-eletmod\/tej-bringasoknak-igen-vagy-nem\/","title":{"rendered":"Tej bring\u00e1soknak \u2013 igen vagy nem?"},"content":{"rendered":"<p><strong>A tej sok hasznos t\u00e1panyagot tartalmaz, de n\u00e9mileg ellentmond\u00e1sos h\u00edre van. N\u00e9h\u00e1ny ember sz\u00e1m\u00e1ra a tejfogyaszt\u00e1snak val\u00f3ban lehetnek \u00e1rnyoldalai, de sok m\u00edtosz is kering az italr\u00f3l. Vizsg\u00e1ljuk meg k\u00f6zelebbr\u0151l az \u00fcgyet!<\/strong><!--more--><\/p>\n<h2><strong>Mi van benne?<\/strong><\/h2>\n<p>A tejben sz\u00e1mos alapvet\u0151 t\u00e1panyag megtal\u00e1lhat\u00f3. Egy poh\u00e1r zs\u00edros teh\u00e9ntejben\u2026<\/p>\n<ul>\n<li>146 kcal<\/li>\n<li>8 g feh\u00e9rje<\/li>\n<li>8 g zs\u00edr<\/li>\n<li>12 g sz\u00e9nhidr\u00e1t<\/li>\n<li>11 g cukor<\/li>\n<li>28% kalcium (napi aj\u00e1nlott bevitelb\u0151l)<\/li>\n<li>26% B2-vitamin (napi aj\u00e1nlott bevitel)<\/li>\n<li>22% foszfor (napi aj\u00e1nlott bevitel)<\/li>\n<li>18% B12-vitamin (napi aj\u00e1nlott bevitel)<\/li>\n<li>13% szel\u00e9n (napi aj\u00e1nlott bevitel)<\/li>\n<li>10% k\u00e1lium (napi aj\u00e1nlott bevitel)<\/li>\n<\/ul>\n<p>\u2026 tal\u00e1lhat\u00f3.<\/p>\n<p>Fontos, hogy a tejben l\u00e9v\u0151 feh\u00e9rje kiv\u00e1l\u00f3 min\u0151s\u00e9g\u0171! A legjobb ismert feh\u00e9rjet\u00edpus a tejsav\u00f3, ami a tejben l\u00e9v\u0151 feh\u00e9rj\u00e9k 20%-\u00e1t teszi ki. A fennmarad\u00f3 80% kazein, ami szint\u00e9n egy kiv\u00e1l\u00f3 min\u0151s\u00e9g\u0171 feh\u00e9rje. Mindkett\u0151 nagy leucintartalm\u00fa teljes feh\u00e9rje. Kiv\u00e1l\u00f3an alkalmasak az edz\u00e9s ut\u00e1ni regener\u00e1l\u00f3d\u00e1shoz \u00e9s az \u00e1ltal\u00e1nos eg\u00e9szs\u00e9g meg\u0151rz\u00e9s\u00e9re.<\/p>\n<h2><strong>A t\u00f6k\u00e9letes regener\u00e1l\u00f3 ital<\/strong><\/h2>\n<p>A tej kiv\u00e1l\u00f3 gy\u00f3gyital, mert elv\u00e9gzi a h\u00e1rom legfontosabb dolgot, amire egy kem\u00e9ny edz\u00e9s ut\u00e1n sz\u00fcks\u00e9ged van.<\/p>\n<ul>\n<li>Kiv\u00e1l\u00f3 min\u0151s\u00e9g\u0171 feh\u00e9rje az izomregener\u00e1ci\u00f3 beind\u00edt\u00e1s\u00e1hoz<\/li>\n<li>Lakt\u00f3z a m\u00e1j glikog\u00e9nrakt\u00e1r\u00e1nak felt\u00f6lt\u00e9s\u00e9hez<\/li>\n<li>Elektrolitok a rehidrat\u00e1ci\u00f3 felgyors\u00edt\u00e1s\u00e1hoz<\/li>\n<\/ul>\n<h2><strong>Tejallergia \u00e9s lakt\u00f3z intolerancia<\/strong><\/h2>\n<p>Sajnos b\u00e1rmennyire is hasznos a tej, nem val\u00f3 mindenkinek. Ennek k\u00e9t f\u0151 oka van \u2013 a tejallergia \u00e9s a lakt\u00f3z intolerancia. A tejallergia gyermekkorban a leggyakoribb, de gyakran feln\u0151ttkorban is megmarad. A t\u00fcnetek a kellemetlent\u0151l, p\u00e9ld\u00e1ul hasmen\u00e9st\u0151l, h\u00e1ny\u00e1st\u00f3l, b\u0151rgyullad\u00e1st\u00f3l \u00e9s s\u00edpol\u00f3 l\u00e9gz\u00e9st\u0151l a s\u00falyosakig terjednek, bele\u00e9rtve az anafilaxi\u00e1s sokkot is. Aki tejallergi\u00e1ban szenved, annak nem opci\u00f3 a tejiv\u00e1s.<\/p>\n<p>Ahhoz, hogy a tejben tal\u00e1lhat\u00f3 tejcukrot, vagyis a lakt\u00f3zt a szervezet\u00fcnk le tudja bontani, egy enzimre van sz\u00fcks\u00e9g\u00fcnk. B\u00e1r sz\u00fclet\u00e9s\u00fcnkkor magas ennek az enzimnek a szintje, a legt\u00f6bb embern\u00e9l a gyermekkor ut\u00e1n jelent\u0151sen lecs\u00f6kken. A vil\u00e1g lakoss\u00e1g\u00e1nak kb. 60-70%-a tapasztal kellemetlen gyomor-b\u00e9lrendszeri t\u00fcneteket, bizonyos mennyis\u00e9g\u0171 lakt\u00f3z bevitele ut\u00e1n. Nekik \u00e9rdemes korl\u00e1tozniuk a tejfogyaszt\u00e1sukat.<\/p>\n<h2><strong>M\u00edtoszok<\/strong><\/h2>\n<p>Most, hogy kit\u00e9rt\u00fcnk a tej val\u00f3di el\u0151nyeire \u00e9s \u00e1rnyoldalaira, ideje megc\u00e1folni a leggyakoribb m\u00edtoszokat, amik k\u00f6rbelengik!<\/p>\n<p><strong>Tej \u00e9s gyullad\u00e1s<\/strong> \u2013 Vannak, akik \u00fagy v\u00e9lik, hogy a tej el\u0151seg\u00edti a gyullad\u00e1st. A klinikai vizsg\u00e1latok azonban kimutatt\u00e1k, hogy ez nem igaz. S\u0151t, egy k\u00f6zelm\u00faltban v\u00e9gzett kutat\u00e1s szerint bizonyos eg\u00e9szs\u00e9g\u00fcgyi \u00e1llapotok eset\u00e9n m\u00e9g gyullad\u00e1scs\u00f6kkent\u0151 is lehet.<\/p>\n<p><strong>Tej \u00e9s r\u00e1k<\/strong> \u2013 Szint\u00e9n elterjedt t\u00e9vhit, hogy a tej r\u00e1kot okoz. A bizony\u00edt\u00e9kok megk\u00e9rd\u0151jelezhet\u0151ek ebben a t\u00e9m\u00e1ban. Egyes tanulm\u00e1nyok \u00f6sszef\u00fcgg\u00e9st mutatnak a tejterm\u00e9kek \u00e9s bizonyos r\u00e1kos megbeteged\u00e9sek fokozott kock\u00e1zata k\u00f6z\u00f6tt, m\u00edg m\u00e1sok szerint pont az ellenkez\u0151je igaz. Fontos azonban tudni, hogy ezek a vizsg\u00e1latok megfigyel\u00e9seken alapulnak, \u00edgy nem jelentenek konkr\u00e9t bizony\u00edt\u00e9kot sem egyik, sem m\u00e1sik \u00e1ll\u00edt\u00e1sra. Neh\u00e9z teh\u00e1t eld\u00f6nteni, hogy a tej nagyszer\u0171 t\u00e1pl\u00e1lkoz\u00e1si el\u0151nyeit fel\u00fclm\u00falj\u00e1k-e a kock\u00e1zatai.<\/p>\n<p><strong>Tej, ny\u00e1k \u00e9s v\u00e9rb\u0151s\u00e9g<\/strong> &#8211; El\u00e9g gyakoriak azok az \u00e1ll\u00edt\u00e1sok, amelyek szerint a tejfogyaszt\u00e1s t\u00falzott ny\u00e1ktermel\u00e9shez \u00e9s v\u00e9rb\u0151s\u00e9ghez vezet. A jelenlegi kutat\u00e1sok azonban semmivel nem t\u00e1masztj\u00e1k al\u00e1 ezt az \u00e1ll\u00edt\u00e1st.<\/p>\n<p><strong>Inni vagy nem inni?<\/strong><\/p>\n<p>A tej sz\u00e1mos alapvet\u0151 t\u00e1panyag kiv\u00e1l\u00f3 forr\u00e1sa. Szinte t\u00f6k\u00e9letes regener\u00e1l\u00f3 italk\u00e9nt szolg\u00e1lhat edz\u00e9s ut\u00e1n. Azoknak, akik allergi\u00e1sak a tejterm\u00e9kekre vagy lakt\u00f3z\u00e9rz\u00e9kenyek, ker\u00fclni\u00fck kell a tejet, de mindenki m\u00e1s sz\u00e1m\u00e1ra az el\u0151ny\u00f6k j\u00f3val meghaladj\u00e1k a lehets\u00e9ges kock\u00e1zatokat.<\/p>\n","protected":false},"excerpt":{"rendered":"<p>A tej sok hasznos t\u00e1panyagot tartalmaz, de n\u00e9mileg ellentmond\u00e1sos h\u00edre van. N\u00e9h\u00e1ny ember sz\u00e1m\u00e1ra a tejfogyaszt\u00e1snak val\u00f3ban lehetnek \u00e1rnyoldalai, de [&hellip;]<\/p>\n","protected":false},"author":71,"featured_media":13681,"comment_status":"open","ping_status":"open","sticky":false,"template":"","format":"standard","meta":{"footnotes":""},"categories":[6],"tags":[],"global-categories":[],"class_list":["post-13680","post","type-post","status-publish","format-standard","has-post-thumbnail","hentry","category-edzes-es-eletmod"],"yoast_head":"<!-- This site is optimized with the Yoast SEO Premium plugin v25.3 (Yoast SEO v25.9) - https:\/\/yoast.com\/wordpress\/plugins\/seo\/ -->\n<title>Tej bring\u00e1soknak \u2013 igen vagy nem?<\/title>\n<meta name=\"description\" content=\"A tej sok hasznos t\u00e1panyagot tartalmaz, de n\u00e9mileg ellentmond\u00e1sos h\u00edre van. N\u00e9h\u00e1ny ember sz\u00e1m\u00e1ra a tejfogyaszt\u00e1snak val\u00f3ban lehetnek \u00e1rnyoldalai, de sok m\u00edtosz is kering az italr\u00f3l. Vizsg\u00e1ljuk meg k\u00f6zelebbr\u0151l az \u00fcgyet!\" \/>\n<meta name=\"robots\" content=\"index, follow, max-snippet:-1, max-image-preview:large, max-video-preview:-1\" \/>\n<link rel=\"canonical\" href=\"https:\/\/www.welovecycling.com\/hu\/edzes-es-eletmod\/tej-bringasoknak-igen-vagy-nem\/\" \/>\n<meta property=\"og:locale\" content=\"hu_HU\" \/>\n<meta property=\"og:type\" content=\"article\" \/>\n<meta property=\"og:title\" content=\"Tej bring\u00e1soknak \u2013 igen vagy nem?\" \/>\n<meta property=\"og:description\" content=\"A tej sok hasznos t\u00e1panyagot tartalmaz, de n\u00e9mileg ellentmond\u00e1sos h\u00edre van. N\u00e9h\u00e1ny ember sz\u00e1m\u00e1ra a tejfogyaszt\u00e1snak val\u00f3ban lehetnek \u00e1rnyoldalai, de sok m\u00edtosz is kering az italr\u00f3l. Vizsg\u00e1ljuk meg k\u00f6zelebbr\u0151l az \u00fcgyet!\" \/>\n<meta property=\"og:url\" content=\"https:\/\/www.welovecycling.com\/hu\/edzes-es-eletmod\/tej-bringasoknak-igen-vagy-nem\/\" \/>\n<meta property=\"og:site_name\" content=\"\u0160koda We Love Cycling - Magyarorsz\u00e1g\" \/>\n<meta property=\"article:publisher\" content=\"https:\/\/www.facebook.com\/WeLoveCyclingHungary\/\" \/>\n<meta property=\"article:published_time\" content=\"2022-02-28T06:00:38+00:00\" \/>\n<meta property=\"og:image\" content=\"https:\/\/d2p6e6u75xmxt8.cloudfront.net\/12\/2022\/02\/Milk-profimedia-0664314280-CVR.jpg\" \/>\n\t<meta property=\"og:image:width\" content=\"1366\" \/>\n\t<meta property=\"og:image:height\" content=\"600\" \/>\n\t<meta property=\"og:image:type\" content=\"image\/jpeg\" \/>\n<meta name=\"author\" content=\"hegyizs\" \/>\n<meta name=\"twitter:card\" content=\"summary_large_image\" \/>\n<meta name=\"twitter:label1\" content=\"Written by\" \/>\n\t<meta name=\"twitter:data1\" content=\"Jiri Kaloc\" \/>\n\t<meta name=\"twitter:label2\" content=\"Est. reading time\" \/>\n\t<meta name=\"twitter:data2\" content=\"5\" \/>\n<script type=\"application\/ld+json\" class=\"yoast-schema-graph\">{\"@context\":\"https:\/\/schema.org\",\"@graph\":[{\"@type\":\"WebPage\",\"@id\":\"https:\/\/www.welovecycling.com\/hu\/edzes-es-eletmod\/tej-bringasoknak-igen-vagy-nem\/\",\"url\":\"https:\/\/www.welovecycling.com\/hu\/edzes-es-eletmod\/tej-bringasoknak-igen-vagy-nem\/\",\"name\":\"Tej bring\u00e1soknak \u2013 igen vagy nem?\",\"isPartOf\":{\"@id\":\"https:\/\/www.welovecycling.com\/hu\/#website\"},\"primaryImageOfPage\":{\"@id\":\"https:\/\/www.welovecycling.com\/hu\/edzes-es-eletmod\/tej-bringasoknak-igen-vagy-nem\/#primaryimage\"},\"image\":{\"@id\":\"https:\/\/www.welovecycling.com\/hu\/edzes-es-eletmod\/tej-bringasoknak-igen-vagy-nem\/#primaryimage\"},\"thumbnailUrl\":\"https:\/\/d2p6e6u75xmxt8.cloudfront.net\/12\/2022\/02\/Milk-profimedia-0664314280-CVR.jpg\",\"datePublished\":\"2022-02-28T06:00:38+00:00\",\"author\":{\"@id\":\"https:\/\/www.welovecycling.com\/hu\/#\/schema\/person\/414a2aebf1801691a5320edb6468e194\"},\"description\":\"A tej sok hasznos t\u00e1panyagot tartalmaz, de n\u00e9mileg ellentmond\u00e1sos h\u00edre van. N\u00e9h\u00e1ny ember sz\u00e1m\u00e1ra a tejfogyaszt\u00e1snak val\u00f3ban lehetnek \u00e1rnyoldalai, de sok m\u00edtosz is kering az italr\u00f3l. Vizsg\u00e1ljuk meg k\u00f6zelebbr\u0151l az \u00fcgyet!\",\"breadcrumb\":{\"@id\":\"https:\/\/www.welovecycling.com\/hu\/edzes-es-eletmod\/tej-bringasoknak-igen-vagy-nem\/#breadcrumb\"},\"inLanguage\":\"hu\",\"potentialAction\":[{\"@type\":\"ReadAction\",\"target\":[\"https:\/\/www.welovecycling.com\/hu\/edzes-es-eletmod\/tej-bringasoknak-igen-vagy-nem\/\"]}]},{\"@type\":\"ImageObject\",\"inLanguage\":\"hu\",\"@id\":\"https:\/\/www.welovecycling.com\/hu\/edzes-es-eletmod\/tej-bringasoknak-igen-vagy-nem\/#primaryimage\",\"url\":\"https:\/\/d2p6e6u75xmxt8.cloudfront.net\/12\/2022\/02\/Milk-profimedia-0664314280-CVR.jpg\",\"contentUrl\":\"https:\/\/d2p6e6u75xmxt8.cloudfront.net\/12\/2022\/02\/Milk-profimedia-0664314280-CVR.jpg\",\"width\":1366,\"height\":600,\"caption\":\"Milk\"},{\"@type\":\"BreadcrumbList\",\"@id\":\"https:\/\/www.welovecycling.com\/hu\/edzes-es-eletmod\/tej-bringasoknak-igen-vagy-nem\/#breadcrumb\",\"itemListElement\":[{\"@type\":\"ListItem\",\"position\":1,\"name\":\"Home\",\"item\":\"https:\/\/www.welovecycling.com\/hu\/\"},{\"@type\":\"ListItem\",\"position\":2,\"name\":\"Tej bring\u00e1soknak \u2013 igen vagy nem?\"}]},{\"@type\":\"WebSite\",\"@id\":\"https:\/\/www.welovecycling.com\/hu\/#website\",\"url\":\"https:\/\/www.welovecycling.com\/hu\/\",\"name\":\"\u0160koda We Love Cycling - Magyarorsz\u00e1g\",\"description\":\"\u0160koda WeLoveCycling\",\"potentialAction\":[{\"@type\":\"SearchAction\",\"target\":{\"@type\":\"EntryPoint\",\"urlTemplate\":\"https:\/\/www.welovecycling.com\/hu\/?s={search_term_string}\"},\"query-input\":{\"@type\":\"PropertyValueSpecification\",\"valueRequired\":true,\"valueName\":\"search_term_string\"}}],\"inLanguage\":\"hu\"},{\"@type\":\"Person\",\"@id\":\"https:\/\/www.welovecycling.com\/hu\/#\/schema\/person\/414a2aebf1801691a5320edb6468e194\",\"name\":\"hegyizs\",\"image\":{\"@type\":\"ImageObject\",\"inLanguage\":\"hu\",\"@id\":\"https:\/\/www.welovecycling.com\/hu\/#\/schema\/person\/image\/\",\"url\":\"https:\/\/secure.gravatar.com\/avatar\/02cf8a7906b8cf90cecb4679defac7cfd33a1c2e3b88e4903d947f3bb58eedd3?s=96&d=mm&r=g\",\"contentUrl\":\"https:\/\/secure.gravatar.com\/avatar\/02cf8a7906b8cf90cecb4679defac7cfd33a1c2e3b88e4903d947f3bb58eedd3?s=96&d=mm&r=g\",\"caption\":\"hegyizs\"},\"url\":\"https:\/\/www.welovecycling.com\/hu\/author\/hegyizs\/\"}]}<\/script>\n<!-- \/ Yoast SEO Premium plugin. -->","yoast_head_json":{"title":"Tej bring\u00e1soknak \u2013 igen vagy nem?","description":"A tej sok hasznos t\u00e1panyagot tartalmaz, de n\u00e9mileg ellentmond\u00e1sos h\u00edre van. N\u00e9h\u00e1ny ember sz\u00e1m\u00e1ra a tejfogyaszt\u00e1snak val\u00f3ban lehetnek \u00e1rnyoldalai, de sok m\u00edtosz is kering az italr\u00f3l. Vizsg\u00e1ljuk meg k\u00f6zelebbr\u0151l az \u00fcgyet!","robots":{"index":"index","follow":"follow","max-snippet":"max-snippet:-1","max-image-preview":"max-image-preview:large","max-video-preview":"max-video-preview:-1"},"canonical":"https:\/\/www.welovecycling.com\/hu\/edzes-es-eletmod\/tej-bringasoknak-igen-vagy-nem\/","og_locale":"hu_HU","og_type":"article","og_title":"Tej bring\u00e1soknak \u2013 igen vagy nem?","og_description":"A tej sok hasznos t\u00e1panyagot tartalmaz, de n\u00e9mileg ellentmond\u00e1sos h\u00edre van. N\u00e9h\u00e1ny ember sz\u00e1m\u00e1ra a tejfogyaszt\u00e1snak val\u00f3ban lehetnek \u00e1rnyoldalai, de sok m\u00edtosz is kering az italr\u00f3l. Vizsg\u00e1ljuk meg k\u00f6zelebbr\u0151l az \u00fcgyet!","og_url":"https:\/\/www.welovecycling.com\/hu\/edzes-es-eletmod\/tej-bringasoknak-igen-vagy-nem\/","og_site_name":"\u0160koda We Love Cycling - Magyarorsz\u00e1g","article_publisher":"https:\/\/www.facebook.com\/WeLoveCyclingHungary\/","article_published_time":"2022-02-28T06:00:38+00:00","og_image":[{"width":1366,"height":600,"url":"https:\/\/d2p6e6u75xmxt8.cloudfront.net\/12\/2022\/02\/Milk-profimedia-0664314280-CVR.jpg","type":"image\/jpeg"}],"author":"hegyizs","twitter_card":"summary_large_image","twitter_misc":{"Written by":"Jiri Kaloc","Est. reading time":"5"},"schema":{"@context":"https:\/\/schema.org","@graph":[{"@type":"WebPage","@id":"https:\/\/www.welovecycling.com\/hu\/edzes-es-eletmod\/tej-bringasoknak-igen-vagy-nem\/","url":"https:\/\/www.welovecycling.com\/hu\/edzes-es-eletmod\/tej-bringasoknak-igen-vagy-nem\/","name":"Tej bring\u00e1soknak \u2013 igen vagy nem?","isPartOf":{"@id":"https:\/\/www.welovecycling.com\/hu\/#website"},"primaryImageOfPage":{"@id":"https:\/\/www.welovecycling.com\/hu\/edzes-es-eletmod\/tej-bringasoknak-igen-vagy-nem\/#primaryimage"},"image":{"@id":"https:\/\/www.welovecycling.com\/hu\/edzes-es-eletmod\/tej-bringasoknak-igen-vagy-nem\/#primaryimage"},"thumbnailUrl":"https:\/\/d2p6e6u75xmxt8.cloudfront.net\/12\/2022\/02\/Milk-profimedia-0664314280-CVR.jpg","datePublished":"2022-02-28T06:00:38+00:00","author":{"@id":"https:\/\/www.welovecycling.com\/hu\/#\/schema\/person\/414a2aebf1801691a5320edb6468e194"},"description":"A tej sok hasznos t\u00e1panyagot tartalmaz, de n\u00e9mileg ellentmond\u00e1sos h\u00edre van. N\u00e9h\u00e1ny ember sz\u00e1m\u00e1ra a tejfogyaszt\u00e1snak val\u00f3ban lehetnek \u00e1rnyoldalai, de sok m\u00edtosz is kering az italr\u00f3l. Vizsg\u00e1ljuk meg k\u00f6zelebbr\u0151l az \u00fcgyet!","breadcrumb":{"@id":"https:\/\/www.welovecycling.com\/hu\/edzes-es-eletmod\/tej-bringasoknak-igen-vagy-nem\/#breadcrumb"},"inLanguage":"hu","potentialAction":[{"@type":"ReadAction","target":["https:\/\/www.welovecycling.com\/hu\/edzes-es-eletmod\/tej-bringasoknak-igen-vagy-nem\/"]}]},{"@type":"ImageObject","inLanguage":"hu","@id":"https:\/\/www.welovecycling.com\/hu\/edzes-es-eletmod\/tej-bringasoknak-igen-vagy-nem\/#primaryimage","url":"https:\/\/d2p6e6u75xmxt8.cloudfront.net\/12\/2022\/02\/Milk-profimedia-0664314280-CVR.jpg","contentUrl":"https:\/\/d2p6e6u75xmxt8.cloudfront.net\/12\/2022\/02\/Milk-profimedia-0664314280-CVR.jpg","width":1366,"height":600,"caption":"Milk"},{"@type":"BreadcrumbList","@id":"https:\/\/www.welovecycling.com\/hu\/edzes-es-eletmod\/tej-bringasoknak-igen-vagy-nem\/#breadcrumb","itemListElement":[{"@type":"ListItem","position":1,"name":"Home","item":"https:\/\/www.welovecycling.com\/hu\/"},{"@type":"ListItem","position":2,"name":"Tej bring\u00e1soknak \u2013 igen vagy nem?"}]},{"@type":"WebSite","@id":"https:\/\/www.welovecycling.com\/hu\/#website","url":"https:\/\/www.welovecycling.com\/hu\/","name":"\u0160koda We Love Cycling - Magyarorsz\u00e1g","description":"\u0160koda WeLoveCycling","potentialAction":[{"@type":"SearchAction","target":{"@type":"EntryPoint","urlTemplate":"https:\/\/www.welovecycling.com\/hu\/?s={search_term_string}"},"query-input":{"@type":"PropertyValueSpecification","valueRequired":true,"valueName":"search_term_string"}}],"inLanguage":"hu"},{"@type":"Person","@id":"https:\/\/www.welovecycling.com\/hu\/#\/schema\/person\/414a2aebf1801691a5320edb6468e194","name":"hegyizs","image":{"@type":"ImageObject","inLanguage":"hu","@id":"https:\/\/www.welovecycling.com\/hu\/#\/schema\/person\/image\/","url":"https:\/\/secure.gravatar.com\/avatar\/02cf8a7906b8cf90cecb4679defac7cfd33a1c2e3b88e4903d947f3bb58eedd3?s=96&d=mm&r=g","contentUrl":"https:\/\/secure.gravatar.com\/avatar\/02cf8a7906b8cf90cecb4679defac7cfd33a1c2e3b88e4903d947f3bb58eedd3?s=96&d=mm&r=g","caption":"hegyizs"},"url":"https:\/\/www.welovecycling.com\/hu\/author\/hegyizs\/"}]}},"_links":{"self":[{"href":"https:\/\/www.welovecycling.com\/hu\/wp-json\/wp\/v2\/posts\/13680","targetHints":{"allow":["GET"]}}],"collection":[{"href":"https:\/\/www.welovecycling.com\/hu\/wp-json\/wp\/v2\/posts"}],"about":[{"href":"https:\/\/www.welovecycling.com\/hu\/wp-json\/wp\/v2\/types\/post"}],"author":[{"embeddable":true,"href":"https:\/\/www.welovecycling.com\/hu\/wp-json\/wp\/v2\/users\/71"}],"replies":[{"embeddable":true,"href":"https:\/\/www.welovecycling.com\/hu\/wp-json\/wp\/v2\/comments?post=13680"}],"version-history":[{"count":1,"href":"https:\/\/www.welovecycling.com\/hu\/wp-json\/wp\/v2\/posts\/13680\/revisions"}],"predecessor-version":[{"id":13682,"href":"https:\/\/www.welovecycling.com\/hu\/wp-json\/wp\/v2\/posts\/13680\/revisions\/13682"}],"wp:featuredmedia":[{"embeddable":true,"href":"https:\/\/www.welovecycling.com\/hu\/wp-json\/wp\/v2\/media\/13681"}],"wp:attachment":[{"href":"https:\/\/www.welovecycling.com\/hu\/wp-json\/wp\/v2\/media?parent=13680"}],"wp:term":[{"taxonomy":"category","embeddable":true,"href":"https:\/\/www.welovecycling.com\/hu\/wp-json\/wp\/v2\/categories?post=13680"},{"taxonomy":"post_tag","embeddable":true,"href":"https:\/\/www.welovecycling.com\/hu\/wp-json\/wp\/v2\/tags?post=13680"},{"taxonomy":"global-categories","embeddable":true,"href":"https:\/\/www.welovecycling.com\/hu\/wp-json\/wp\/v2\/global-categories?post=13680"}],"curies":[{"name":"wp","href":"https:\/\/api.w.org\/{rel}","templated":true}]}}