{"id":13659,"date":"2022-03-01T08:00:45","date_gmt":"2022-03-01T06:00:45","guid":{"rendered":"https:\/\/www.welovecycling.com\/hu\/?p=13659"},"modified":"2022-02-25T16:46:21","modified_gmt":"2022-02-25T14:46:21","slug":"minden-ami-egy-tobbnapos-off-road-bringaturahoz-kell","status":"publish","type":"post","link":"https:\/\/www.welovecycling.com\/hu\/trekking-mtb\/minden-ami-egy-tobbnapos-off-road-bringaturahoz-kell\/","title":{"rendered":"Minden, ami egy t\u00f6bbnapos off-road bringat\u00far\u00e1hoz kell"},"content":{"rendered":"<p><strong>Egy t\u00f6bbnapos off-road ker\u00e9kp\u00e1ros kir\u00e1ndul\u00e1s, m\u00e1s n\u00e9ven bikepacking megtervez\u00e9se m\u00e1r \u00f6nmag\u00e1ban is kih\u00edv\u00e1s. B\u00e1r igaz, hogy az ismeretlen az igazi vonzereje a kalandnak, ha nem tervezel el\u0151re, cs\u00fany\u00e1n belebukhatsz a v\u00e1llalkoz\u00e1sba. Ha szeretn\u00e9d \u00e9lvezni a bikepacking t\u00far\u00e1t, \u00e9rdemes n\u00e9h\u00e1ny dologra el\u0151re gondolni \u00e9s gondoskodni r\u00f3la, hogy semmi fontosat ne hagyj otthon! Hoztunk egy r\u00f6vid \u00e9s egyszer\u0171 \u00fatmutat\u00f3t, amiben le\u00edrjuk a tudnival\u00f3kat az \u00fatvonalkeres\u00e9st\u0151l a k\u00e9szlet \u00f6ssze\u00e1ll\u00edt\u00e1s\u00e1ig.<\/strong><\/p>\n<p><!--more--><\/p>\n<p>\u00d6sszess\u00e9g\u00e9ben el\u00e9gnek kell ennek a list\u00e1nak lennie ahhoz, hogy elindulj. Ha van m\u00e1r n\u00e9mi tapasztalatod, akkor is hasonl\u00f3 a tervez\u00e9si folyamat, maximum az \u00fctem lesz m\u00e1s. A temp\u00f3 persze att\u00f3l is f\u00fcgg, h\u00e1ny napot \u00e9s milyen terepen tekersz \u00e9s mennyire lesz megpakolva a biciklid. Ak\u00e1rhogy is, ez a te t\u00far\u00e1d lesz, \u00e9s a legfontosabb, hogy \u00e9lvezd!<\/p>\n<figure id=\"attachment_13660\" aria-describedby=\"caption-attachment-13660\" style=\"width: 1000px\" class=\"wp-caption alignnone\"><a href=\"https:\/\/d2p6e6u75xmxt8.cloudfront.net\/12\/2022\/02\/Bikepacking-profimedia-0418251797.jpg\"><img loading=\"lazy\" decoding=\"async\" class=\"wp-image-13660 size-full\" src=\"https:\/\/d2p6e6u75xmxt8.cloudfront.net\/12\/2022\/02\/Bikepacking-profimedia-0418251797.jpg\" alt=\"Bikepacking\" width=\"1000\" height=\"667\" srcset=\"https:\/\/d2p6e6u75xmxt8.cloudfront.net\/12\/2022\/02\/Bikepacking-profimedia-0418251797.jpg 1000w, https:\/\/d2p6e6u75xmxt8.cloudfront.net\/12\/2022\/02\/Bikepacking-profimedia-0418251797-300x200.jpg 300w, https:\/\/d2p6e6u75xmxt8.cloudfront.net\/12\/2022\/02\/Bikepacking-profimedia-0418251797-768x512.jpg 768w, https:\/\/d2p6e6u75xmxt8.cloudfront.net\/12\/2022\/02\/Bikepacking-profimedia-0418251797-272x182.jpg 272w\" sizes=\"auto, (max-width: 1000px) 100vw, 1000px\" \/><\/a><figcaption id=\"caption-attachment-13660\" class=\"wp-caption-text\"><em>Ha nincs sok id\u0151d, vagy nem \u00e9rdekel k\u00fcl\u00f6n\u00f6sebben egy konkr\u00e9t bikepacking \u00fatvonal megtervez\u00e9se, haszn\u00e1lhatsz n\u00e9h\u00e1nyat m\u00e1r megl\u00e9v\u0151 \u00fatvonalak k\u00f6z\u00fcl.<\/em> <em>\u00a9 Profimedia<\/em><\/figcaption><\/figure>\n<h2><strong>1) \u00datvonal<\/strong><\/h2>\n<p>Az egyik legjobb dolog a ker\u00e9kp\u00e1roz\u00e1sban a felfedez\u00e9s szabads\u00e1ga. Minden bringat\u00fara nagyszer\u0171 tud lenni, de ha ragaszkodsz a lakott ter\u00fclethez \u00e9s a betonutakhoz, azzal nagyon lekorl\u00e1tozod magad. Persze maga a bring\u00e1d \u00e9s szem\u00e9lyes preferenci\u00e1id is adnak egy keretet, de ez m\u00e9gis csak sz\u00e9lesebb, mint a v\u00e1rosi k\u00f6rnyezet. Ha erd\u0151ben tekersz, szinte b\u00e1rmelyik emelked\u0151re fel tudsz kaptatni a bring\u00e1ddal (persze az \u00e9sszer\u0171s\u00e9g hat\u00e1rain bel\u00fcl). Vagy ak\u00e1r a vil\u00e1g m\u00e1sik fel\u00e9re is elrep\u00fclhetsz vele. Vagy ink\u00e1bb induljon az \u00fat a bej\u00e1rati ajt\u00f3dt\u00f3l? A lehet\u0151s\u00e9gek sz\u00e1ma v\u00e9gtelen.<\/p>\n<p>Mindez azonban meglehet\u0151sen haszontalan inform\u00e1ci\u00f3, ha \u00fatmutat\u00e1st keresel. Hogyan v\u00e1lassz teh\u00e1t \u00fatvonalat? Lehet, hogy m\u00e1r rendelkezel a sz\u00e1modra megfelel\u0151 t\u00e9rk\u00e9ppel, legyen az pap\u00edralap\u00fa vagy egy online platform, esetleg az egy \u00fatvonaltervez\u0151 app, a l\u00e9nyeg, hogy be tudd rajzolni r\u00e1 a saj\u00e1t \u00fatvonalad. A m\u0171holdfelv\u00e9telek seg\u00edtenek felm\u00e9rni a domborzatot \u00e9s megtal\u00e1lni a j\u00e1rhat\u00f3 utakat. De persze el\u0151re megtervezett utakon is elindulhatsz, ha biztosra akarsz menni!<\/p>\n<h2><strong>2) Sz\u00e1ll\u00e1s \u00e9s v\u00edzk\u00e9szlet<\/strong><\/h2>\n<p>Az \u00fatvonaltervez\u00e9s egyik fontos eleme, hogy kital\u00e1ld, hol fogsz aludni. Lehet ez egy el\u0151re lefoglalt sz\u00e1ll\u00e1s, vagy tekerhetsz addig, ameddig b\u00edrod, hogy a nyeregben \u00e9rjen a sz\u00fcrk\u00fclet. Ha nem tudod, mennyit tudsz megtenni egy megpakolt bring\u00e1val egy nap alatt, tal\u00e1n jobb, ha az ut\u00f3bbit v\u00e1lasztod. A k\u00e9rd\u00e9s m\u00e1r csak az, hogy kemping, vadkemping vagy a kett\u0151 kombin\u00e1ci\u00f3ja?<\/p>\n<p>A vadkempingez\u00e9s \u00f6nmag\u00e1ban is kaland, azonban ha nincs benne tapasztalatod, jobb, ha alaposan ut\u00e1naolvasol a t\u00e9m\u00e1nak. Sok helyen illeg\u00e1lis a f\u00f6ldtulajdonos enged\u00e9lye n\u00e9lk\u00fcl elt\u00f6lteni az \u00e9jszak\u00e1t! T\u00e1j\u00e9koz\u00f3dj az adott orsz\u00e1g t\u00f6rv\u00e9nyeir\u0151l! Emellett figyelembe kell venned azt is, hol tal\u00e1lsz tiszta vizet, \u00e9s hogy juthatsz el egy f\u00fcrd\u0151szob\u00e1ba. A v\u00edzsz\u0171r\u00e9s fontos l\u00e9p\u00e9s lehet, k\u00fcl\u00f6n\u00f6sen, ha foly\u00f3kb\u00f3l \u00e9s patakokb\u00f3l gy\u0171jt\u00f6d a vizet, ahol \u00e1llatok is \u00e9lnek. Ezt megoldhatod tablett\u00e1val vagy fizikai sz\u0171r\u0151kkel is.<\/p>\n<figure id=\"attachment_13661\" aria-describedby=\"caption-attachment-13661\" style=\"width: 1000px\" class=\"wp-caption alignnone\"><a href=\"https:\/\/d2p6e6u75xmxt8.cloudfront.net\/12\/2022\/02\/Bikepacking-profimedia-0450997638.jpg\"><img loading=\"lazy\" decoding=\"async\" class=\"wp-image-13661 size-full\" src=\"https:\/\/d2p6e6u75xmxt8.cloudfront.net\/12\/2022\/02\/Bikepacking-profimedia-0450997638.jpg\" alt=\"Friends bikepacking\" width=\"1000\" height=\"667\" srcset=\"https:\/\/d2p6e6u75xmxt8.cloudfront.net\/12\/2022\/02\/Bikepacking-profimedia-0450997638.jpg 1000w, https:\/\/d2p6e6u75xmxt8.cloudfront.net\/12\/2022\/02\/Bikepacking-profimedia-0450997638-300x200.jpg 300w, https:\/\/d2p6e6u75xmxt8.cloudfront.net\/12\/2022\/02\/Bikepacking-profimedia-0450997638-768x512.jpg 768w, https:\/\/d2p6e6u75xmxt8.cloudfront.net\/12\/2022\/02\/Bikepacking-profimedia-0450997638-272x182.jpg 272w\" sizes=\"auto, (max-width: 1000px) 100vw, 1000px\" \/><\/a><figcaption id=\"caption-attachment-13661\" class=\"wp-caption-text\"><em>Csomagol\u00e1skor \u00fcgyelni kell a s\u00falyeloszt\u00e1sra, mert ha rosszul pakolsz, r\u00e9m\u00e1lomm\u00e1 v\u00e1lik a biciklikezel\u00e9s. \u00a9 Profimedia<\/em><\/figcaption><\/figure>\n<h2><strong>3) Felszerel\u00e9s<\/strong><\/h2>\n<p>Felesleges hiperszuper felszerel\u00e9sekbe befektetned, a legjobb, amit magaddal vihetsz, az, ami m\u00e1r megvan. Term\u00e9szetesen el\u0151fordulhat, hogy n\u00e9h\u00e1ny dolgot meg kell v\u00e1s\u00e1rolnod, \u00e9s id\u0151vel finom\u00edtani kell m\u00e1sokon a k\u00e9nyelem \u00e9rdek\u00e9ben, de nincs \u00e9rtelme t\u00f6bb t\u00edzezret k\u00f6lteni olyan dolgokra, amik lehet, hogy nem is kellenek. Csak az els\u0151 \u00faton fog kider\u00fclni, mire van igaz\u00e1b\u00f3l sz\u00fcks\u00e9ged.<\/p>\n<p>Csod\u00e1latosak a speci\u00e1lisan erre a c\u00e9lra kifejlesztett, egyediv\u00e9 tehet\u0151 t\u00e1sk\u00e1k, de nem biztos, hogy sz\u00fcks\u00e9gesek. El\u00e9g lehet egy tisztess\u00e9ges v\u00edz\u00e1ll\u00f3 t\u00e1ska, amit a korm\u00e1nyra tudsz r\u00f6gz\u00edteni. Jobb, ha kipr\u00f3b\u00e1lod, milyen tekerni vele, miut\u00e1n megpakoltad, hogy megfigyeld, nem l\u00f3g-e oda, ahova nem k\u00e9ne \u00e9s nem mozog-e t\u00fals\u00e1gosan \u00f6sszevissza. Ha h\u00e1tizs\u00e1kot (is) viszel magaddal, javasoljuk, hogy ne legyen nagyobb 20 literesn\u00e9l. Ha pedig el\u00e9g kreat\u00edv vagy \u00e9s van id\u0151d, magadnak is k\u00e9sz\u00edthetsz egy saj\u00e1t ker\u00e9kp\u00e1ros t\u00e1sk\u00e1t!<\/p>\n<p>Az olcs\u00f3bb felszerel\u00e9s egyetlen h\u00e1tr\u00e1nya, hogy gyakran kicsit bumszlibb, mint a k\u00f6nny\u0171 alternat\u00edv\u00e1k. Ha ketten utaztok, megoszthatj\u00e1tok a terheket: egyik\u0151t\u00f6k a s\u00e1trat, a m\u00e1sik a f\u0151z\u0151felszerel\u00e9st viszi! Term\u00e9szetesen, min\u00e9l k\u00f6nnyebbek a t\u00e1sk\u00e1k, ann\u00e1l jobb, de ha nem tervezel sokat k\u00f6lteni a t\u00fara alatt, k\u00f6r\u00fcltekint\u0151en kell pakolnod. Meg kell tal\u00e1lni az arany k\u00f6z\u00e9putat az elegend\u0151 \u00e9lelmiszer \u00e9s ruha, illetve a k\u00f6nny\u0171 t\u00e1sk\u00e1k k\u00f6z\u00f6tt. Az \u00e9ghajlatt\u00f3l, \u00e9vszakt\u00f3l f\u00fcgg\u0151en val\u00f3sz\u00edn\u0171leg ugyanazokat a dolgokat kell magaddal vinned, egy 3-4 napos \u00e9s egy egyhetes t\u00far\u00e1ra is.<\/p>\n<h2><strong>4) \u00c9lelmiszer<\/strong><\/h2>\n<p>A t\u00fal\u00e9l\u00e9s m\u00e1sik kulcsfontoss\u00e1g\u00fa eleme a v\u00edz \u00e9s az alv\u00e1s mellett az \u00e9tkez\u00e9s. Szuper motiv\u00e1ci\u00f3t is jelenthet egy farzsebben megb\u00fav\u00f3 csokiszelet vagy a hegy tetej\u00e9n \u00e1ll\u00f3 k\u00e1v\u00e9h\u00e1zban k\u00e9sz\u00fcl\u0151 melegszendvics. Az, hogy mennyi \u00e9telt kell magaddal vinned, f\u00fcgg att\u00f3l, hogy milyen gyakran \u00e9rintesz telep\u00fcl\u00e9seket \u2013 ez\u00e9rt is fontos pontosan megtervezni az \u00fatvonalat!<\/p>\n<p>Ha azt tervezed, hogy a v\u00e1rosokban meg\u00e1llsz majd enni, akkor annyi harapnival\u00f3t kell magaddal vinned, amennyi az energiaszinted fenntart\u00e1s\u00e1hoz sz\u00fcks\u00e9ges. Neh\u00e9z megbecs\u00fclni, hogy mennyi kal\u00f3ri\u00e1t fogsz el\u00e9getni terepen, de h\u00fcvelykujjszab\u00e1ly, hogy nagyj\u00e1b\u00f3l \u00f3r\u00e1nk\u00e9nt egy\u00e9l valamit. Ne v\u00e1rd meg, hogy \u00e9hes legy\u00e9l \u2013 sokszor, keveset, a stabilit\u00e1s \u00e9rdek\u00e9ben!<\/p>\n<p>Ha azt tervezed, hogy n\u00e9h\u00e1ny napra elt\u0171nsz a vadonban, akkor term\u00e9szetesen minden sz\u00fcks\u00e9ges \u00e9telt magaddal kell vinned, kieg\u00e9sz\u00edtve a hirtelen j\u00f6tt \u00e9tv\u00e1gyat kiel\u00e9g\u00edt\u0151 \u00e9telekr\u0151l is. Sz\u00e1mtalan m\u00f3dszer l\u00e9tezik erre, vihetsz instant porokat, t\u00e9szt\u00e1t \u00e9s k\u00e9sz sz\u00f3szt, vagy saj\u00e1t k\u00e9sz\u00edt\u00e9s\u0171 sz\u00e1r\u00edtott \u00e9teleket. Min\u00e9l t\u00f6bbet k\u00f6ltesz ezekre, ann\u00e1l kisebb s\u00falyb\u00f3l ki tudod hozni a teljes men\u00fct. A c\u00e9l azonban els\u0151sorban a magas kal\u00f3riatartalom!<\/p>\n<h2><strong>Kuk\u00e1ba a tervekkel!<\/strong><\/h2>\n<p>Enn\u00e9l t\u00f6bbet tal\u00e1n nem is tudsz el\u0151re megtervezni. Ne gondold t\u00fal, csak indulj el! Az els\u0151 \u00fat ne legyen t\u00fal messze az otthonodt\u00f3l, hogy ha valami elfelejtett\u00e9l, vagy nem \u00e9rzed j\u00f3l magad, haza tudj menni \u2013 nincs ebben semmi sz\u00e9gyen. Egy t\u00f6bbnapos t\u00fara mindig nagy kih\u00edv\u00e1s, fontos, hogy legy\u00e9l rugalmas \u00e9s enged\u00e9keny magaddal szemben, \u00e9s sz\u00f3rakozz j\u00f3l!<\/p>\n","protected":false},"excerpt":{"rendered":"<p>Egy t\u00f6bbnapos off-road ker\u00e9kp\u00e1ros kir\u00e1ndul\u00e1s, m\u00e1s n\u00e9ven bikepacking megtervez\u00e9se m\u00e1r \u00f6nmag\u00e1ban is kih\u00edv\u00e1s. B\u00e1r igaz, hogy az ismeretlen az igazi [&hellip;]<\/p>\n","protected":false},"author":71,"featured_media":13663,"comment_status":"open","ping_status":"open","sticky":false,"template":"","format":"standard","meta":{"footnotes":""},"categories":[7],"tags":[],"global-categories":[],"class_list":["post-13659","post","type-post","status-publish","format-standard","has-post-thumbnail","hentry","category-trekking-mtb"],"yoast_head":"<!-- This site is optimized with the Yoast SEO Premium plugin v25.3 (Yoast SEO v25.9) - https:\/\/yoast.com\/wordpress\/plugins\/seo\/ -->\n<title>Minden, ami egy t\u00f6bbnapos off-road bringat\u00far\u00e1hoz kell \u0160koda We Love Cycling - Magyarorsz\u00e1g<\/title>\n<meta name=\"description\" content=\"Egy t\u00f6bbnapos off-road ker\u00e9kp\u00e1ros kir\u00e1ndul\u00e1s, m\u00e1s n\u00e9ven bikepacking megtervez\u00e9se m\u00e1r \u00f6nmag\u00e1ban is kih\u00edv\u00e1s. B\u00e1r igaz, hogy az ismeretlen az igazi vonzereje a kalandnak, ha nem tervezel el\u0151re, cs\u00fany\u00e1n belebukhatsz a v\u00e1llalkoz\u00e1sba.\" \/>\n<meta name=\"robots\" content=\"index, follow, max-snippet:-1, max-image-preview:large, max-video-preview:-1\" \/>\n<link rel=\"canonical\" href=\"https:\/\/www.welovecycling.com\/hu\/trekking-mtb\/minden-ami-egy-tobbnapos-off-road-bringaturahoz-kell\/\" \/>\n<meta property=\"og:locale\" content=\"hu_HU\" \/>\n<meta property=\"og:type\" content=\"article\" \/>\n<meta property=\"og:title\" content=\"Minden, ami egy t\u00f6bbnapos off-road bringat\u00far\u00e1hoz kell\" \/>\n<meta property=\"og:description\" content=\"Egy t\u00f6bbnapos off-road ker\u00e9kp\u00e1ros kir\u00e1ndul\u00e1s, m\u00e1s n\u00e9ven bikepacking megtervez\u00e9se m\u00e1r \u00f6nmag\u00e1ban is kih\u00edv\u00e1s. B\u00e1r igaz, hogy az ismeretlen az igazi vonzereje a kalandnak, ha nem tervezel el\u0151re, cs\u00fany\u00e1n belebukhatsz a v\u00e1llalkoz\u00e1sba.\" \/>\n<meta property=\"og:url\" content=\"https:\/\/www.welovecycling.com\/hu\/trekking-mtb\/minden-ami-egy-tobbnapos-off-road-bringaturahoz-kell\/\" \/>\n<meta property=\"og:site_name\" content=\"\u0160koda We Love Cycling - Magyarorsz\u00e1g\" \/>\n<meta property=\"article:publisher\" content=\"https:\/\/www.facebook.com\/WeLoveCyclingHungary\/\" \/>\n<meta property=\"article:published_time\" content=\"2022-03-01T06:00:45+00:00\" \/>\n<meta property=\"og:image\" content=\"https:\/\/d2p6e6u75xmxt8.cloudfront.net\/12\/2022\/02\/Bicycle-trip-profimedia-0487054401-CVR.jpg\" \/>\n\t<meta property=\"og:image:width\" content=\"1366\" \/>\n\t<meta property=\"og:image:height\" content=\"600\" \/>\n\t<meta property=\"og:image:type\" content=\"image\/jpeg\" \/>\n<meta name=\"author\" content=\"hegyizs\" \/>\n<meta name=\"twitter:card\" content=\"summary_large_image\" \/>\n<meta name=\"twitter:label1\" content=\"Written by\" \/>\n\t<meta name=\"twitter:data1\" content=\"Charlotte Murray\" \/>\n\t<meta name=\"twitter:label2\" content=\"Est. reading time\" \/>\n\t<meta name=\"twitter:data2\" content=\"7\" \/>\n<script type=\"application\/ld+json\" class=\"yoast-schema-graph\">{\"@context\":\"https:\/\/schema.org\",\"@graph\":[{\"@type\":\"WebPage\",\"@id\":\"https:\/\/www.welovecycling.com\/hu\/trekking-mtb\/minden-ami-egy-tobbnapos-off-road-bringaturahoz-kell\/\",\"url\":\"https:\/\/www.welovecycling.com\/hu\/trekking-mtb\/minden-ami-egy-tobbnapos-off-road-bringaturahoz-kell\/\",\"name\":\"Minden, ami egy t\u00f6bbnapos off-road bringat\u00far\u00e1hoz kell \u0160koda We Love Cycling - Magyarorsz\u00e1g\",\"isPartOf\":{\"@id\":\"https:\/\/www.welovecycling.com\/hu\/#website\"},\"primaryImageOfPage\":{\"@id\":\"https:\/\/www.welovecycling.com\/hu\/trekking-mtb\/minden-ami-egy-tobbnapos-off-road-bringaturahoz-kell\/#primaryimage\"},\"image\":{\"@id\":\"https:\/\/www.welovecycling.com\/hu\/trekking-mtb\/minden-ami-egy-tobbnapos-off-road-bringaturahoz-kell\/#primaryimage\"},\"thumbnailUrl\":\"https:\/\/d2p6e6u75xmxt8.cloudfront.net\/12\/2022\/02\/Bicycle-trip-profimedia-0487054401-CVR.jpg\",\"datePublished\":\"2022-03-01T06:00:45+00:00\",\"author\":{\"@id\":\"https:\/\/www.welovecycling.com\/hu\/#\/schema\/person\/414a2aebf1801691a5320edb6468e194\"},\"description\":\"Egy t\u00f6bbnapos off-road ker\u00e9kp\u00e1ros kir\u00e1ndul\u00e1s, m\u00e1s n\u00e9ven bikepacking megtervez\u00e9se m\u00e1r \u00f6nmag\u00e1ban is kih\u00edv\u00e1s. B\u00e1r igaz, hogy az ismeretlen az igazi vonzereje a kalandnak, ha nem tervezel el\u0151re, cs\u00fany\u00e1n belebukhatsz a v\u00e1llalkoz\u00e1sba.\",\"breadcrumb\":{\"@id\":\"https:\/\/www.welovecycling.com\/hu\/trekking-mtb\/minden-ami-egy-tobbnapos-off-road-bringaturahoz-kell\/#breadcrumb\"},\"inLanguage\":\"hu\",\"potentialAction\":[{\"@type\":\"ReadAction\",\"target\":[\"https:\/\/www.welovecycling.com\/hu\/trekking-mtb\/minden-ami-egy-tobbnapos-off-road-bringaturahoz-kell\/\"]}]},{\"@type\":\"ImageObject\",\"inLanguage\":\"hu\",\"@id\":\"https:\/\/www.welovecycling.com\/hu\/trekking-mtb\/minden-ami-egy-tobbnapos-off-road-bringaturahoz-kell\/#primaryimage\",\"url\":\"https:\/\/d2p6e6u75xmxt8.cloudfront.net\/12\/2022\/02\/Bicycle-trip-profimedia-0487054401-CVR.jpg\",\"contentUrl\":\"https:\/\/d2p6e6u75xmxt8.cloudfront.net\/12\/2022\/02\/Bicycle-trip-profimedia-0487054401-CVR.jpg\",\"width\":1366,\"height\":600,\"caption\":\"Bikepacking\"},{\"@type\":\"BreadcrumbList\",\"@id\":\"https:\/\/www.welovecycling.com\/hu\/trekking-mtb\/minden-ami-egy-tobbnapos-off-road-bringaturahoz-kell\/#breadcrumb\",\"itemListElement\":[{\"@type\":\"ListItem\",\"position\":1,\"name\":\"Home\",\"item\":\"https:\/\/www.welovecycling.com\/hu\/\"},{\"@type\":\"ListItem\",\"position\":2,\"name\":\"Minden, ami egy t\u00f6bbnapos off-road bringat\u00far\u00e1hoz kell\"}]},{\"@type\":\"WebSite\",\"@id\":\"https:\/\/www.welovecycling.com\/hu\/#website\",\"url\":\"https:\/\/www.welovecycling.com\/hu\/\",\"name\":\"\u0160koda We Love Cycling - Magyarorsz\u00e1g\",\"description\":\"\u0160koda WeLoveCycling\",\"potentialAction\":[{\"@type\":\"SearchAction\",\"target\":{\"@type\":\"EntryPoint\",\"urlTemplate\":\"https:\/\/www.welovecycling.com\/hu\/?s={search_term_string}\"},\"query-input\":{\"@type\":\"PropertyValueSpecification\",\"valueRequired\":true,\"valueName\":\"search_term_string\"}}],\"inLanguage\":\"hu\"},{\"@type\":\"Person\",\"@id\":\"https:\/\/www.welovecycling.com\/hu\/#\/schema\/person\/414a2aebf1801691a5320edb6468e194\",\"name\":\"hegyizs\",\"image\":{\"@type\":\"ImageObject\",\"inLanguage\":\"hu\",\"@id\":\"https:\/\/www.welovecycling.com\/hu\/#\/schema\/person\/image\/\",\"url\":\"https:\/\/secure.gravatar.com\/avatar\/02cf8a7906b8cf90cecb4679defac7cfd33a1c2e3b88e4903d947f3bb58eedd3?s=96&d=mm&r=g\",\"contentUrl\":\"https:\/\/secure.gravatar.com\/avatar\/02cf8a7906b8cf90cecb4679defac7cfd33a1c2e3b88e4903d947f3bb58eedd3?s=96&d=mm&r=g\",\"caption\":\"hegyizs\"},\"url\":\"https:\/\/www.welovecycling.com\/hu\/author\/hegyizs\/\"}]}<\/script>\n<!-- \/ Yoast SEO Premium plugin. -->","yoast_head_json":{"title":"Minden, ami egy t\u00f6bbnapos off-road bringat\u00far\u00e1hoz kell \u0160koda We Love Cycling - Magyarorsz\u00e1g","description":"Egy t\u00f6bbnapos off-road ker\u00e9kp\u00e1ros kir\u00e1ndul\u00e1s, m\u00e1s n\u00e9ven bikepacking megtervez\u00e9se m\u00e1r \u00f6nmag\u00e1ban is kih\u00edv\u00e1s. B\u00e1r igaz, hogy az ismeretlen az igazi vonzereje a kalandnak, ha nem tervezel el\u0151re, cs\u00fany\u00e1n belebukhatsz a v\u00e1llalkoz\u00e1sba.","robots":{"index":"index","follow":"follow","max-snippet":"max-snippet:-1","max-image-preview":"max-image-preview:large","max-video-preview":"max-video-preview:-1"},"canonical":"https:\/\/www.welovecycling.com\/hu\/trekking-mtb\/minden-ami-egy-tobbnapos-off-road-bringaturahoz-kell\/","og_locale":"hu_HU","og_type":"article","og_title":"Minden, ami egy t\u00f6bbnapos off-road bringat\u00far\u00e1hoz kell","og_description":"Egy t\u00f6bbnapos off-road ker\u00e9kp\u00e1ros kir\u00e1ndul\u00e1s, m\u00e1s n\u00e9ven bikepacking megtervez\u00e9se m\u00e1r \u00f6nmag\u00e1ban is kih\u00edv\u00e1s. B\u00e1r igaz, hogy az ismeretlen az igazi vonzereje a kalandnak, ha nem tervezel el\u0151re, cs\u00fany\u00e1n belebukhatsz a v\u00e1llalkoz\u00e1sba.","og_url":"https:\/\/www.welovecycling.com\/hu\/trekking-mtb\/minden-ami-egy-tobbnapos-off-road-bringaturahoz-kell\/","og_site_name":"\u0160koda We Love Cycling - Magyarorsz\u00e1g","article_publisher":"https:\/\/www.facebook.com\/WeLoveCyclingHungary\/","article_published_time":"2022-03-01T06:00:45+00:00","og_image":[{"width":1366,"height":600,"url":"https:\/\/d2p6e6u75xmxt8.cloudfront.net\/12\/2022\/02\/Bicycle-trip-profimedia-0487054401-CVR.jpg","type":"image\/jpeg"}],"author":"hegyizs","twitter_card":"summary_large_image","twitter_misc":{"Written by":"Charlotte Murray","Est. reading time":"7"},"schema":{"@context":"https:\/\/schema.org","@graph":[{"@type":"WebPage","@id":"https:\/\/www.welovecycling.com\/hu\/trekking-mtb\/minden-ami-egy-tobbnapos-off-road-bringaturahoz-kell\/","url":"https:\/\/www.welovecycling.com\/hu\/trekking-mtb\/minden-ami-egy-tobbnapos-off-road-bringaturahoz-kell\/","name":"Minden, ami egy t\u00f6bbnapos off-road bringat\u00far\u00e1hoz kell \u0160koda We Love Cycling - Magyarorsz\u00e1g","isPartOf":{"@id":"https:\/\/www.welovecycling.com\/hu\/#website"},"primaryImageOfPage":{"@id":"https:\/\/www.welovecycling.com\/hu\/trekking-mtb\/minden-ami-egy-tobbnapos-off-road-bringaturahoz-kell\/#primaryimage"},"image":{"@id":"https:\/\/www.welovecycling.com\/hu\/trekking-mtb\/minden-ami-egy-tobbnapos-off-road-bringaturahoz-kell\/#primaryimage"},"thumbnailUrl":"https:\/\/d2p6e6u75xmxt8.cloudfront.net\/12\/2022\/02\/Bicycle-trip-profimedia-0487054401-CVR.jpg","datePublished":"2022-03-01T06:00:45+00:00","author":{"@id":"https:\/\/www.welovecycling.com\/hu\/#\/schema\/person\/414a2aebf1801691a5320edb6468e194"},"description":"Egy t\u00f6bbnapos off-road ker\u00e9kp\u00e1ros kir\u00e1ndul\u00e1s, m\u00e1s n\u00e9ven bikepacking megtervez\u00e9se m\u00e1r \u00f6nmag\u00e1ban is kih\u00edv\u00e1s. B\u00e1r igaz, hogy az ismeretlen az igazi vonzereje a kalandnak, ha nem tervezel el\u0151re, cs\u00fany\u00e1n belebukhatsz a v\u00e1llalkoz\u00e1sba.","breadcrumb":{"@id":"https:\/\/www.welovecycling.com\/hu\/trekking-mtb\/minden-ami-egy-tobbnapos-off-road-bringaturahoz-kell\/#breadcrumb"},"inLanguage":"hu","potentialAction":[{"@type":"ReadAction","target":["https:\/\/www.welovecycling.com\/hu\/trekking-mtb\/minden-ami-egy-tobbnapos-off-road-bringaturahoz-kell\/"]}]},{"@type":"ImageObject","inLanguage":"hu","@id":"https:\/\/www.welovecycling.com\/hu\/trekking-mtb\/minden-ami-egy-tobbnapos-off-road-bringaturahoz-kell\/#primaryimage","url":"https:\/\/d2p6e6u75xmxt8.cloudfront.net\/12\/2022\/02\/Bicycle-trip-profimedia-0487054401-CVR.jpg","contentUrl":"https:\/\/d2p6e6u75xmxt8.cloudfront.net\/12\/2022\/02\/Bicycle-trip-profimedia-0487054401-CVR.jpg","width":1366,"height":600,"caption":"Bikepacking"},{"@type":"BreadcrumbList","@id":"https:\/\/www.welovecycling.com\/hu\/trekking-mtb\/minden-ami-egy-tobbnapos-off-road-bringaturahoz-kell\/#breadcrumb","itemListElement":[{"@type":"ListItem","position":1,"name":"Home","item":"https:\/\/www.welovecycling.com\/hu\/"},{"@type":"ListItem","position":2,"name":"Minden, ami egy t\u00f6bbnapos off-road bringat\u00far\u00e1hoz kell"}]},{"@type":"WebSite","@id":"https:\/\/www.welovecycling.com\/hu\/#website","url":"https:\/\/www.welovecycling.com\/hu\/","name":"\u0160koda We Love Cycling - Magyarorsz\u00e1g","description":"\u0160koda WeLoveCycling","potentialAction":[{"@type":"SearchAction","target":{"@type":"EntryPoint","urlTemplate":"https:\/\/www.welovecycling.com\/hu\/?s={search_term_string}"},"query-input":{"@type":"PropertyValueSpecification","valueRequired":true,"valueName":"search_term_string"}}],"inLanguage":"hu"},{"@type":"Person","@id":"https:\/\/www.welovecycling.com\/hu\/#\/schema\/person\/414a2aebf1801691a5320edb6468e194","name":"hegyizs","image":{"@type":"ImageObject","inLanguage":"hu","@id":"https:\/\/www.welovecycling.com\/hu\/#\/schema\/person\/image\/","url":"https:\/\/secure.gravatar.com\/avatar\/02cf8a7906b8cf90cecb4679defac7cfd33a1c2e3b88e4903d947f3bb58eedd3?s=96&d=mm&r=g","contentUrl":"https:\/\/secure.gravatar.com\/avatar\/02cf8a7906b8cf90cecb4679defac7cfd33a1c2e3b88e4903d947f3bb58eedd3?s=96&d=mm&r=g","caption":"hegyizs"},"url":"https:\/\/www.welovecycling.com\/hu\/author\/hegyizs\/"}]}},"_links":{"self":[{"href":"https:\/\/www.welovecycling.com\/hu\/wp-json\/wp\/v2\/posts\/13659","targetHints":{"allow":["GET"]}}],"collection":[{"href":"https:\/\/www.welovecycling.com\/hu\/wp-json\/wp\/v2\/posts"}],"about":[{"href":"https:\/\/www.welovecycling.com\/hu\/wp-json\/wp\/v2\/types\/post"}],"author":[{"embeddable":true,"href":"https:\/\/www.welovecycling.com\/hu\/wp-json\/wp\/v2\/users\/71"}],"replies":[{"embeddable":true,"href":"https:\/\/www.welovecycling.com\/hu\/wp-json\/wp\/v2\/comments?post=13659"}],"version-history":[{"count":2,"href":"https:\/\/www.welovecycling.com\/hu\/wp-json\/wp\/v2\/posts\/13659\/revisions"}],"predecessor-version":[{"id":13675,"href":"https:\/\/www.welovecycling.com\/hu\/wp-json\/wp\/v2\/posts\/13659\/revisions\/13675"}],"wp:featuredmedia":[{"embeddable":true,"href":"https:\/\/www.welovecycling.com\/hu\/wp-json\/wp\/v2\/media\/13663"}],"wp:attachment":[{"href":"https:\/\/www.welovecycling.com\/hu\/wp-json\/wp\/v2\/media?parent=13659"}],"wp:term":[{"taxonomy":"category","embeddable":true,"href":"https:\/\/www.welovecycling.com\/hu\/wp-json\/wp\/v2\/categories?post=13659"},{"taxonomy":"post_tag","embeddable":true,"href":"https:\/\/www.welovecycling.com\/hu\/wp-json\/wp\/v2\/tags?post=13659"},{"taxonomy":"global-categories","embeddable":true,"href":"https:\/\/www.welovecycling.com\/hu\/wp-json\/wp\/v2\/global-categories?post=13659"}],"curies":[{"name":"wp","href":"https:\/\/api.w.org\/{rel}","templated":true}]}}