{"id":13631,"date":"2022-02-22T08:00:00","date_gmt":"2022-02-22T06:00:00","guid":{"rendered":"https:\/\/www.welovecycling.com\/hu\/?p=13631"},"modified":"2022-02-18T17:23:20","modified_gmt":"2022-02-18T15:23:20","slug":"a-kerekparkultura-megalapozasa-eszak-afrikaban","status":"publish","type":"post","link":"https:\/\/www.welovecycling.com\/hu\/orszaguti-kerekpar\/a-kerekparkultura-megalapozasa-eszak-afrikaban\/","title":{"rendered":"A ker\u00e9kp\u00e1rkult\u00fara megalapoz\u00e1sa \u00c9szak-Afrik\u00e1ban"},"content":{"rendered":"<p><strong>Hogyan vezethetn\u00e9d be a professzion\u00e1lis ker\u00e9kp\u00e1roz\u00e1st egy olyan ter\u00fcletre, ahol egy\u00e1ltal\u00e1n nincs hagyom\u00e1nya a sportnak? Ha te vagy Mikel Delagrange, a holland-afrikai egy\u00fcttm\u0171k\u00f6d\u00e9s, az Amani alap\u00edt\u00f3ja, akkor \u00fagy, hogy nagy horderej\u0171 versenyeket szponzor\u00e1lsz, amikkel profi kerekeseket vonzhatsz a ter\u00fcletre.<\/strong><\/p>\n<p><!--more--><\/p>\n<p>\u00cdgy tett teh\u00e1t Delagrange Kelet-Afrik\u00e1ban, hogy meggy\u0151zze a helyi sportol\u00f3kat arr\u00f3l, hogy van lehet\u0151s\u00e9g\u00fck sikeresnek lenni a tradicion\u00e1lis eur\u00f3piai ker\u00e9kp\u00e1rosok vil\u00e1g\u00e1ban. <em>\u201eHa eg\u00e9szen k\u00f6zelr\u0151l n\u00e9zz\u00fck a dolgot<\/em>\u201d \u2013 mondta Delagrange \u2013 \u201e<em>akkor val\u00f3j\u00e1ban a versenylehet\u0151s\u00e9gek hi\u00e1ny\u00e1r\u00f3l van sz\u00f3.\u201d<\/em><\/p>\n<p>https:\/\/www.instagram.com\/p\/CZOhkeQMn8k\/<\/p>\n<p>Az amerikai \u00fcgyv\u00e9d a h\u00e1gai Nemzetk\u00f6zi B\u00fcntet\u0151b\u00edr\u00f3s\u00e1gon dolgozik. Munk\u00e1ja, mellyel h\u00e1bor\u00fas b\u0171n\u00f6s\u00f6k \u00e1ldozatainak seg\u00edtett b\u00edr\u00f3s\u00e1g el\u00e9 \u00e1ll\u00edtani a tetteseket, t\u00edz \u00e9ven \u00e1t tartotta Keny\u00e1ban, Ugand\u00e1ban, illetve a Kong\u00f3i Demokratikus K\u00f6zt\u00e1rsas\u00e1gban. Delagrange szenved\u00e9lyes ker\u00e9kp\u00e1ros, \u00e9s szeretn\u00e9 el\u00e9rni, hogy Kelet-Afrik\u00e1ban is hozz\u00e1f\u00e9rjenek az emberek a profi versenyekhez. Ennek a hossz\u00fa t\u00e1v\u00fa tervnek az els\u0151 l\u00e9p\u00e9se a 2021 j\u00fanius\u00e1ban megrendezett n\u00e9gynapos Migration Gravel Race volt. A versenyen 61-en vettek r\u00e9szt, a vil\u00e1g minden t\u00e1j\u00e1r\u00f3l \u00e9rkeztek kerekesek, hogy megtegy\u00e9k a 650 km-es utat a kenyai Maasai Mara Reserve vadonj\u00e1ban, melyet \u00f6sv\u00e9nyek, v\u00f6r\u00f6s agyag, \u00e9s kavicsos szakaszok tark\u00edtottak.<\/p>\n<p>A f\u00e9rfiak verseny\u00e9t a kor\u00e1bbi WorldTour versenyz\u0151, Laurens ten Dam nyerte, akinek mindent meg kellett tennie, hogy megel\u0151zze a kenyai Suleiman Kangangit. Kangangi \u00f6r\u00fclt, hogy a verseny miatt ennyi profi ker\u00e9kp\u00e1ros l\u00e1togatott el a r\u00e9gi\u00f3ba. <em>\u201eSzerintem ez egy csod\u00e1latos \u00f6tlet volt\u201d<\/em> \u2013 mondta.<em> \u201eAz emberek jobban figyelnek most r\u00e1nk, mint eddig. A kelet-afrikai versenyz\u0151k sz\u00e1m\u00e1ra pedig fontos volt l\u00e1tni a szakembereket \u00e9s a nagy versenyz\u0151ket, hogy hogyan dolgoznak, mit lehet t\u0151l\u00fck tanulni. Sokat seg\u00edthet ez az esem\u00e9ny a helyieknek a fejl\u0151d\u00e9sben \u00e9s abban, hogy a k\u00f6vetkez\u0151 versenyre m\u00e9g kem\u00e9nyebben tudjanak edzeni.\u201d<\/em><\/p>\n<p>Ez a k\u00f6vetkez\u0151 verseny pedig nincs is olyan t\u00e1vol: id\u00e9n ny\u00e1ron, mind\u00f6ssze 5 nappal a m\u00e1sodik Migration Gravel Race v\u00e9ge ut\u00e1n elindul az Evolution Gravel Tanz\u00e1ni\u00e1ban. Az \u00f6t napos Evolution Gravel 850 kilom\u00e9teres \u00e9s 10\u00a0000 m\u00e9ter m\u00e1sz\u00e1st foglal mag\u00e1ban. Delagrange szerint a hossz\u00fa, \u00e1tlagosan 180 km-es szakaszok \u00e9s a k\u00e9t, t\u00f6bb mint 3000 m\u00e9teres m\u00e1sz\u00e1st tartalmaz\u00f3 nap olyan kih\u00edv\u00e1st jelentenek a versenyz\u0151k sz\u00e1m\u00e1ra, mint amilyenek a Migration r\u00f6videbb, de technik\u00e1sabb etapjai.<\/p>\n<p><em>\u201e\u00d6t k\u00fcl\u00f6nb\u00f6z\u0151 \u00e9ghajlati z\u00f3n\u00e1n haladunk \u00e1t\u201d<\/em> \u2013 mondta. <em>\u201eA szakaszok mind el\u00e9g hossz\u00faak, m\u00e1r-m\u00e1r kacsingatnak egy ultra-esem\u00e9ny fel\u00e9, de m\u00e9gsem err\u0151l van sz\u00f3. Lesznek sima, kavicsos utak, n\u00e9h\u00e1ny hossz\u00fa s\u00edk szakasz \u00e9s n\u00e9h\u00e1ny neh\u00e9z hegyi etap. A verseny az Indiai-\u00f3ce\u00e1n partj\u00e1n \u00e9rt v\u00e9get, csak egy r\u00f6vid komp\u00fatra Zanzib\u00e1rt\u00f3l.\u201d<\/em><\/p>\n<p>https:\/\/www.instagram.com\/p\/CYgCHj4MG-U\/<\/p>\n<p>M\u00edg a Migration Gravel Race \u00e9s az Evolution Gravel ritka lehet\u0151s\u00e9geket k\u00edn\u00e1l a nem profi ker\u00e9kp\u00e1rosok sz\u00e1m\u00e1ra, hogy Kelet-Afrik\u00e1ban versenyezzenek, az esem\u00e9nyek c\u00e9lja az is, hogy t\u00e1mogass\u00e1k a kelet-afrikai szakembereket. A l\u00e1that\u00f3s\u00e1g seg\u00edt, hogy partners\u00e9gek k\u00f6ttessenek \u00e9s befektet\u0151k fejlessz\u00e9k a helyi ker\u00e9kp\u00e1ros kult\u00far\u00e1t.<\/p>\n<p>Ez a c\u00e9l pedig megval\u00f3sulni l\u00e1tszik a Team Amani megalakul\u00e1s\u00e1val. Olyan m\u00e1rk\u00e1k t\u00e1mogat\u00e1s\u00e1val, mint a Giant, a POC \u00e9s a Factor Bikes, az Amani id\u00e9n h\u00e1rom projektre \u00f6sszpontos\u00edt, a k\u00e9t kelet-afrikai murv\u00e1s versenyre \u00e9s a nemr\u00e9g alakult Team Amanira. T\u00edz versenyz\u0151 kap ennek keret\u00e9ben t\u00e1mogat\u00e1st. <em>\u201eMinden olyan dolgot el\u0151re bebiztos\u00edtunk, ami tavaly csak ad hoc val\u00f3sult meg<\/em>\u201d \u2013 mondta Delagrange.<\/p>\n<p>Persze nem v\u00e1rja el, hogy ezek a kezd\u0151 ker\u00e9kp\u00e1rosok egyik napr\u00f3l a m\u00e1sikra World Tour versenyz\u0151kk\u00e9 v\u00e1ljanak. <em>\u201eRem\u00e9lj\u00fck, hogy ki tudjuk haszn\u00e1lni az egy\u00fcttm\u0171k\u00f6d\u00e9s el\u0151nyeit, azt\u00e1n majd megl\u00e1tjuk, mi t\u00f6rt\u00e9nik\u201d <\/em>\u2013 mondta. <em>\u201eHa az der\u00fcl ki, hogy m\u00e1s m\u00f3don tudunk seg\u00edteni, akkor megpr\u00f3b\u00e1lunk v\u00e1ltoztatni.\u201d<\/em><\/p>\n","protected":false},"excerpt":{"rendered":"<p>Hogyan vezethetn\u00e9d be a professzion\u00e1lis ker\u00e9kp\u00e1roz\u00e1st egy olyan ter\u00fcletre, ahol egy\u00e1ltal\u00e1n nincs hagyom\u00e1nya a sportnak? Ha te vagy Mikel Delagrange, [&hellip;]<\/p>\n","protected":false},"author":71,"featured_media":13634,"comment_status":"open","ping_status":"open","sticky":false,"template":"","format":"standard","meta":{"footnotes":""},"categories":[8],"tags":[],"global-categories":[],"class_list":["post-13631","post","type-post","status-publish","format-standard","has-post-thumbnail","hentry","category-orszaguti-kerekpar"],"yoast_head":"<!-- This site is optimized with the Yoast SEO Premium plugin v25.3 (Yoast SEO v25.9) - https:\/\/yoast.com\/wordpress\/plugins\/seo\/ -->\n<title>A ker\u00e9kp\u00e1rkult\u00fara megalapoz\u00e1sa \u00c9szak-Afrik\u00e1ban<\/title>\n<meta name=\"description\" content=\"Hogyan vezethetn\u00e9d be a professzion\u00e1lis ker\u00e9kp\u00e1roz\u00e1st egy olyan ter\u00fcletre, ahol egy\u00e1ltal\u00e1n nincs hagyom\u00e1nya a sportnak? Ha te vagy Mikel Delagrange, a holland-afrikai egy\u00fcttm\u0171k\u00f6d\u00e9s, az Amani alap\u00edt\u00f3ja, akkor \u00fagy, hogy nagy horderej\u0171 versenyeket szponzor\u00e1lsz, amikkel profi kerekeseket vonzhatsz a ter\u00fcletre.\" \/>\n<meta name=\"robots\" content=\"index, follow, max-snippet:-1, max-image-preview:large, max-video-preview:-1\" \/>\n<link rel=\"canonical\" href=\"https:\/\/www.welovecycling.com\/hu\/orszaguti-kerekpar\/a-kerekparkultura-megalapozasa-eszak-afrikaban\/\" \/>\n<meta property=\"og:locale\" content=\"hu_HU\" \/>\n<meta property=\"og:type\" content=\"article\" \/>\n<meta property=\"og:title\" content=\"A ker\u00e9kp\u00e1rkult\u00fara megalapoz\u00e1sa \u00c9szak-Afrik\u00e1ban\" \/>\n<meta property=\"og:description\" content=\"Hogyan vezethetn\u00e9d be a professzion\u00e1lis ker\u00e9kp\u00e1roz\u00e1st egy olyan ter\u00fcletre, ahol egy\u00e1ltal\u00e1n nincs hagyom\u00e1nya a sportnak? Ha te vagy Mikel Delagrange, a holland-afrikai egy\u00fcttm\u0171k\u00f6d\u00e9s, az Amani alap\u00edt\u00f3ja, akkor \u00fagy, hogy nagy horderej\u0171 versenyeket szponzor\u00e1lsz, amikkel profi kerekeseket vonzhatsz a ter\u00fcletre.\" \/>\n<meta property=\"og:url\" content=\"https:\/\/www.welovecycling.com\/hu\/orszaguti-kerekpar\/a-kerekparkultura-megalapozasa-eszak-afrikaban\/\" \/>\n<meta property=\"og:site_name\" content=\"\u0160koda We Love Cycling - Magyarorsz\u00e1g\" \/>\n<meta property=\"article:publisher\" content=\"https:\/\/www.facebook.com\/WeLoveCyclingHungary\/\" \/>\n<meta property=\"article:published_time\" content=\"2022-02-22T06:00:00+00:00\" \/>\n<meta property=\"og:image\" content=\"https:\/\/d2p6e6u75xmxt8.cloudfront.net\/12\/2022\/02\/Maasai-Mara-Kenya-profimedia-0363094621-CVR.jpg\" \/>\n\t<meta property=\"og:image:width\" content=\"1366\" \/>\n\t<meta property=\"og:image:height\" content=\"600\" \/>\n\t<meta property=\"og:image:type\" content=\"image\/jpeg\" \/>\n<meta name=\"author\" content=\"hegyizs\" \/>\n<meta name=\"twitter:card\" content=\"summary_large_image\" \/>\n<meta name=\"twitter:label1\" content=\"Written by\" \/>\n\t<meta name=\"twitter:data1\" content=\"Siegfried Mortkowitz\" \/>\n\t<meta name=\"twitter:label2\" content=\"Est. reading time\" \/>\n\t<meta name=\"twitter:data2\" content=\"6\" \/>\n<script type=\"application\/ld+json\" class=\"yoast-schema-graph\">{\"@context\":\"https:\/\/schema.org\",\"@graph\":[{\"@type\":\"WebPage\",\"@id\":\"https:\/\/www.welovecycling.com\/hu\/orszaguti-kerekpar\/a-kerekparkultura-megalapozasa-eszak-afrikaban\/\",\"url\":\"https:\/\/www.welovecycling.com\/hu\/orszaguti-kerekpar\/a-kerekparkultura-megalapozasa-eszak-afrikaban\/\",\"name\":\"A ker\u00e9kp\u00e1rkult\u00fara megalapoz\u00e1sa \u00c9szak-Afrik\u00e1ban\",\"isPartOf\":{\"@id\":\"https:\/\/www.welovecycling.com\/hu\/#website\"},\"primaryImageOfPage\":{\"@id\":\"https:\/\/www.welovecycling.com\/hu\/orszaguti-kerekpar\/a-kerekparkultura-megalapozasa-eszak-afrikaban\/#primaryimage\"},\"image\":{\"@id\":\"https:\/\/www.welovecycling.com\/hu\/orszaguti-kerekpar\/a-kerekparkultura-megalapozasa-eszak-afrikaban\/#primaryimage\"},\"thumbnailUrl\":\"https:\/\/d2p6e6u75xmxt8.cloudfront.net\/12\/2022\/02\/Maasai-Mara-Kenya-profimedia-0363094621-CVR.jpg\",\"datePublished\":\"2022-02-22T06:00:00+00:00\",\"author\":{\"@id\":\"https:\/\/www.welovecycling.com\/hu\/#\/schema\/person\/414a2aebf1801691a5320edb6468e194\"},\"description\":\"Hogyan vezethetn\u00e9d be a professzion\u00e1lis ker\u00e9kp\u00e1roz\u00e1st egy olyan ter\u00fcletre, ahol egy\u00e1ltal\u00e1n nincs hagyom\u00e1nya a sportnak? Ha te vagy Mikel Delagrange, a holland-afrikai egy\u00fcttm\u0171k\u00f6d\u00e9s, az Amani alap\u00edt\u00f3ja, akkor \u00fagy, hogy nagy horderej\u0171 versenyeket szponzor\u00e1lsz, amikkel profi kerekeseket vonzhatsz a ter\u00fcletre.\",\"breadcrumb\":{\"@id\":\"https:\/\/www.welovecycling.com\/hu\/orszaguti-kerekpar\/a-kerekparkultura-megalapozasa-eszak-afrikaban\/#breadcrumb\"},\"inLanguage\":\"hu\",\"potentialAction\":[{\"@type\":\"ReadAction\",\"target\":[\"https:\/\/www.welovecycling.com\/hu\/orszaguti-kerekpar\/a-kerekparkultura-megalapozasa-eszak-afrikaban\/\"]}]},{\"@type\":\"ImageObject\",\"inLanguage\":\"hu\",\"@id\":\"https:\/\/www.welovecycling.com\/hu\/orszaguti-kerekpar\/a-kerekparkultura-megalapozasa-eszak-afrikaban\/#primaryimage\",\"url\":\"https:\/\/d2p6e6u75xmxt8.cloudfront.net\/12\/2022\/02\/Maasai-Mara-Kenya-profimedia-0363094621-CVR.jpg\",\"contentUrl\":\"https:\/\/d2p6e6u75xmxt8.cloudfront.net\/12\/2022\/02\/Maasai-Mara-Kenya-profimedia-0363094621-CVR.jpg\",\"width\":1366,\"height\":600,\"caption\":\"Kenya\"},{\"@type\":\"BreadcrumbList\",\"@id\":\"https:\/\/www.welovecycling.com\/hu\/orszaguti-kerekpar\/a-kerekparkultura-megalapozasa-eszak-afrikaban\/#breadcrumb\",\"itemListElement\":[{\"@type\":\"ListItem\",\"position\":1,\"name\":\"Home\",\"item\":\"https:\/\/www.welovecycling.com\/hu\/\"},{\"@type\":\"ListItem\",\"position\":2,\"name\":\"A ker\u00e9kp\u00e1rkult\u00fara megalapoz\u00e1sa \u00c9szak-Afrik\u00e1ban\"}]},{\"@type\":\"WebSite\",\"@id\":\"https:\/\/www.welovecycling.com\/hu\/#website\",\"url\":\"https:\/\/www.welovecycling.com\/hu\/\",\"name\":\"\u0160koda We Love Cycling - Magyarorsz\u00e1g\",\"description\":\"\u0160koda WeLoveCycling\",\"potentialAction\":[{\"@type\":\"SearchAction\",\"target\":{\"@type\":\"EntryPoint\",\"urlTemplate\":\"https:\/\/www.welovecycling.com\/hu\/?s={search_term_string}\"},\"query-input\":{\"@type\":\"PropertyValueSpecification\",\"valueRequired\":true,\"valueName\":\"search_term_string\"}}],\"inLanguage\":\"hu\"},{\"@type\":\"Person\",\"@id\":\"https:\/\/www.welovecycling.com\/hu\/#\/schema\/person\/414a2aebf1801691a5320edb6468e194\",\"name\":\"hegyizs\",\"image\":{\"@type\":\"ImageObject\",\"inLanguage\":\"hu\",\"@id\":\"https:\/\/www.welovecycling.com\/hu\/#\/schema\/person\/image\/\",\"url\":\"https:\/\/secure.gravatar.com\/avatar\/02cf8a7906b8cf90cecb4679defac7cfd33a1c2e3b88e4903d947f3bb58eedd3?s=96&d=mm&r=g\",\"contentUrl\":\"https:\/\/secure.gravatar.com\/avatar\/02cf8a7906b8cf90cecb4679defac7cfd33a1c2e3b88e4903d947f3bb58eedd3?s=96&d=mm&r=g\",\"caption\":\"hegyizs\"},\"url\":\"https:\/\/www.welovecycling.com\/hu\/author\/hegyizs\/\"}]}<\/script>\n<!-- \/ Yoast SEO Premium plugin. -->","yoast_head_json":{"title":"A ker\u00e9kp\u00e1rkult\u00fara megalapoz\u00e1sa \u00c9szak-Afrik\u00e1ban","description":"Hogyan vezethetn\u00e9d be a professzion\u00e1lis ker\u00e9kp\u00e1roz\u00e1st egy olyan ter\u00fcletre, ahol egy\u00e1ltal\u00e1n nincs hagyom\u00e1nya a sportnak? Ha te vagy Mikel Delagrange, a holland-afrikai egy\u00fcttm\u0171k\u00f6d\u00e9s, az Amani alap\u00edt\u00f3ja, akkor \u00fagy, hogy nagy horderej\u0171 versenyeket szponzor\u00e1lsz, amikkel profi kerekeseket vonzhatsz a ter\u00fcletre.","robots":{"index":"index","follow":"follow","max-snippet":"max-snippet:-1","max-image-preview":"max-image-preview:large","max-video-preview":"max-video-preview:-1"},"canonical":"https:\/\/www.welovecycling.com\/hu\/orszaguti-kerekpar\/a-kerekparkultura-megalapozasa-eszak-afrikaban\/","og_locale":"hu_HU","og_type":"article","og_title":"A ker\u00e9kp\u00e1rkult\u00fara megalapoz\u00e1sa \u00c9szak-Afrik\u00e1ban","og_description":"Hogyan vezethetn\u00e9d be a professzion\u00e1lis ker\u00e9kp\u00e1roz\u00e1st egy olyan ter\u00fcletre, ahol egy\u00e1ltal\u00e1n nincs hagyom\u00e1nya a sportnak? Ha te vagy Mikel Delagrange, a holland-afrikai egy\u00fcttm\u0171k\u00f6d\u00e9s, az Amani alap\u00edt\u00f3ja, akkor \u00fagy, hogy nagy horderej\u0171 versenyeket szponzor\u00e1lsz, amikkel profi kerekeseket vonzhatsz a ter\u00fcletre.","og_url":"https:\/\/www.welovecycling.com\/hu\/orszaguti-kerekpar\/a-kerekparkultura-megalapozasa-eszak-afrikaban\/","og_site_name":"\u0160koda We Love Cycling - Magyarorsz\u00e1g","article_publisher":"https:\/\/www.facebook.com\/WeLoveCyclingHungary\/","article_published_time":"2022-02-22T06:00:00+00:00","og_image":[{"width":1366,"height":600,"url":"https:\/\/d2p6e6u75xmxt8.cloudfront.net\/12\/2022\/02\/Maasai-Mara-Kenya-profimedia-0363094621-CVR.jpg","type":"image\/jpeg"}],"author":"hegyizs","twitter_card":"summary_large_image","twitter_misc":{"Written by":"Siegfried Mortkowitz","Est. reading time":"6"},"schema":{"@context":"https:\/\/schema.org","@graph":[{"@type":"WebPage","@id":"https:\/\/www.welovecycling.com\/hu\/orszaguti-kerekpar\/a-kerekparkultura-megalapozasa-eszak-afrikaban\/","url":"https:\/\/www.welovecycling.com\/hu\/orszaguti-kerekpar\/a-kerekparkultura-megalapozasa-eszak-afrikaban\/","name":"A ker\u00e9kp\u00e1rkult\u00fara megalapoz\u00e1sa \u00c9szak-Afrik\u00e1ban","isPartOf":{"@id":"https:\/\/www.welovecycling.com\/hu\/#website"},"primaryImageOfPage":{"@id":"https:\/\/www.welovecycling.com\/hu\/orszaguti-kerekpar\/a-kerekparkultura-megalapozasa-eszak-afrikaban\/#primaryimage"},"image":{"@id":"https:\/\/www.welovecycling.com\/hu\/orszaguti-kerekpar\/a-kerekparkultura-megalapozasa-eszak-afrikaban\/#primaryimage"},"thumbnailUrl":"https:\/\/d2p6e6u75xmxt8.cloudfront.net\/12\/2022\/02\/Maasai-Mara-Kenya-profimedia-0363094621-CVR.jpg","datePublished":"2022-02-22T06:00:00+00:00","author":{"@id":"https:\/\/www.welovecycling.com\/hu\/#\/schema\/person\/414a2aebf1801691a5320edb6468e194"},"description":"Hogyan vezethetn\u00e9d be a professzion\u00e1lis ker\u00e9kp\u00e1roz\u00e1st egy olyan ter\u00fcletre, ahol egy\u00e1ltal\u00e1n nincs hagyom\u00e1nya a sportnak? Ha te vagy Mikel Delagrange, a holland-afrikai egy\u00fcttm\u0171k\u00f6d\u00e9s, az Amani alap\u00edt\u00f3ja, akkor \u00fagy, hogy nagy horderej\u0171 versenyeket szponzor\u00e1lsz, amikkel profi kerekeseket vonzhatsz a ter\u00fcletre.","breadcrumb":{"@id":"https:\/\/www.welovecycling.com\/hu\/orszaguti-kerekpar\/a-kerekparkultura-megalapozasa-eszak-afrikaban\/#breadcrumb"},"inLanguage":"hu","potentialAction":[{"@type":"ReadAction","target":["https:\/\/www.welovecycling.com\/hu\/orszaguti-kerekpar\/a-kerekparkultura-megalapozasa-eszak-afrikaban\/"]}]},{"@type":"ImageObject","inLanguage":"hu","@id":"https:\/\/www.welovecycling.com\/hu\/orszaguti-kerekpar\/a-kerekparkultura-megalapozasa-eszak-afrikaban\/#primaryimage","url":"https:\/\/d2p6e6u75xmxt8.cloudfront.net\/12\/2022\/02\/Maasai-Mara-Kenya-profimedia-0363094621-CVR.jpg","contentUrl":"https:\/\/d2p6e6u75xmxt8.cloudfront.net\/12\/2022\/02\/Maasai-Mara-Kenya-profimedia-0363094621-CVR.jpg","width":1366,"height":600,"caption":"Kenya"},{"@type":"BreadcrumbList","@id":"https:\/\/www.welovecycling.com\/hu\/orszaguti-kerekpar\/a-kerekparkultura-megalapozasa-eszak-afrikaban\/#breadcrumb","itemListElement":[{"@type":"ListItem","position":1,"name":"Home","item":"https:\/\/www.welovecycling.com\/hu\/"},{"@type":"ListItem","position":2,"name":"A ker\u00e9kp\u00e1rkult\u00fara megalapoz\u00e1sa \u00c9szak-Afrik\u00e1ban"}]},{"@type":"WebSite","@id":"https:\/\/www.welovecycling.com\/hu\/#website","url":"https:\/\/www.welovecycling.com\/hu\/","name":"\u0160koda We Love Cycling - Magyarorsz\u00e1g","description":"\u0160koda WeLoveCycling","potentialAction":[{"@type":"SearchAction","target":{"@type":"EntryPoint","urlTemplate":"https:\/\/www.welovecycling.com\/hu\/?s={search_term_string}"},"query-input":{"@type":"PropertyValueSpecification","valueRequired":true,"valueName":"search_term_string"}}],"inLanguage":"hu"},{"@type":"Person","@id":"https:\/\/www.welovecycling.com\/hu\/#\/schema\/person\/414a2aebf1801691a5320edb6468e194","name":"hegyizs","image":{"@type":"ImageObject","inLanguage":"hu","@id":"https:\/\/www.welovecycling.com\/hu\/#\/schema\/person\/image\/","url":"https:\/\/secure.gravatar.com\/avatar\/02cf8a7906b8cf90cecb4679defac7cfd33a1c2e3b88e4903d947f3bb58eedd3?s=96&d=mm&r=g","contentUrl":"https:\/\/secure.gravatar.com\/avatar\/02cf8a7906b8cf90cecb4679defac7cfd33a1c2e3b88e4903d947f3bb58eedd3?s=96&d=mm&r=g","caption":"hegyizs"},"url":"https:\/\/www.welovecycling.com\/hu\/author\/hegyizs\/"}]}},"_links":{"self":[{"href":"https:\/\/www.welovecycling.com\/hu\/wp-json\/wp\/v2\/posts\/13631","targetHints":{"allow":["GET"]}}],"collection":[{"href":"https:\/\/www.welovecycling.com\/hu\/wp-json\/wp\/v2\/posts"}],"about":[{"href":"https:\/\/www.welovecycling.com\/hu\/wp-json\/wp\/v2\/types\/post"}],"author":[{"embeddable":true,"href":"https:\/\/www.welovecycling.com\/hu\/wp-json\/wp\/v2\/users\/71"}],"replies":[{"embeddable":true,"href":"https:\/\/www.welovecycling.com\/hu\/wp-json\/wp\/v2\/comments?post=13631"}],"version-history":[{"count":1,"href":"https:\/\/www.welovecycling.com\/hu\/wp-json\/wp\/v2\/posts\/13631\/revisions"}],"predecessor-version":[{"id":13647,"href":"https:\/\/www.welovecycling.com\/hu\/wp-json\/wp\/v2\/posts\/13631\/revisions\/13647"}],"wp:featuredmedia":[{"embeddable":true,"href":"https:\/\/www.welovecycling.com\/hu\/wp-json\/wp\/v2\/media\/13634"}],"wp:attachment":[{"href":"https:\/\/www.welovecycling.com\/hu\/wp-json\/wp\/v2\/media?parent=13631"}],"wp:term":[{"taxonomy":"category","embeddable":true,"href":"https:\/\/www.welovecycling.com\/hu\/wp-json\/wp\/v2\/categories?post=13631"},{"taxonomy":"post_tag","embeddable":true,"href":"https:\/\/www.welovecycling.com\/hu\/wp-json\/wp\/v2\/tags?post=13631"},{"taxonomy":"global-categories","embeddable":true,"href":"https:\/\/www.welovecycling.com\/hu\/wp-json\/wp\/v2\/global-categories?post=13631"}],"curies":[{"name":"wp","href":"https:\/\/api.w.org\/{rel}","templated":true}]}}