{"id":13619,"date":"2022-02-20T08:00:36","date_gmt":"2022-02-20T06:00:36","guid":{"rendered":"https:\/\/www.welovecycling.com\/hu\/?p=13619"},"modified":"2022-02-18T17:22:06","modified_gmt":"2022-02-18T15:22:06","slug":"szenzacios-hirek-az-ineostol-bernal-mar-szobabiciklizik-a-csapat-pedig-jon-a-tour-de-hongrie-ra","status":"publish","type":"post","link":"https:\/\/www.welovecycling.com\/hu\/orszaguti-kerekpar\/szenzacios-hirek-az-ineostol-bernal-mar-szobabiciklizik-a-csapat-pedig-jon-a-tour-de-hongrie-ra\/","title":{"rendered":"Szenz\u00e1ci\u00f3s h\u00edrek az Ineost\u00f3l: Bernal m\u00e1r szobabiciklizik, a csapat pedig j\u00f6n a Tour de Hongrie-ra!"},"content":{"rendered":"<p><strong>Kellemesebbn\u00e9l kellemesebb bejelent\u00e9sek a brit \u00f3ri\u00e1scsapatt\u00f3l: Egan Bernal rehabilit\u00e1ci\u00f3ja nagyon sz\u00e9pen halad <\/strong><a href=\"https:\/\/www.welovecycling.com\/hu\/orszaguti-kerekpar\/tul-az-utolso-muteten-bernal-csodaval-hataros-modon-felepulhet-eletveszelyes-balesetebol\/\"><strong>\u00e9letvesz\u00e9lyes balesete ut\u00e1n<\/strong><\/a><strong>, a k\u00e9tezres \u00e9vek legsikeresebb ist\u00e1ll\u00f3ja pedig t\u00f6rt\u00e9nete sor\u00e1n el\u0151sz\u00f6r rajthoz \u00e1ll a Magyar K\u00f6rversenyen!<\/strong><!--more--><\/p>\n<p>Nem t\u00falz\u00e1s azt \u00e1ll\u00edtani, hogy h\u00e9tr\u0151l h\u00e9tre \u00e1mulatba ejti a vil\u00e1got Egan Bernal.<\/p>\n<p>Ezt persze alapesetben megszokhattuk t\u0151le, a ker\u00e9kp\u00e1ron \u00fclve, csakhogy most sajnos nagyon messze vagyunk az alapesett\u0151l. A kolumbiai klasszis ezekben a hetekben els\u0151sorban akarater\u0151b\u0151l, kitart\u00e1sb\u00f3l \u00e9s k\u00fczdeni tud\u00e1sb\u00f3l vizsg\u00e1zik csillagos \u00f6t\u00f6sre: az, ahogyan \u00e9letvesz\u00e9lyes edz\u00e9sbalesete ut\u00e1n t\u00f6retlen\u00fcl harcol a fel\u00e9p\u00fcl\u00e9s\u00e9\u00e9rt, t\u00f6bb mint p\u00e9lda\u00e9rt\u00e9k\u0171.<\/p>\n<p><a href=\"https:\/\/www.welovecycling.com\/hu\/orszaguti-kerekpar\/bernalert-aggodik-a-kerekparosvilag-borzalmas-edzesbalesete-utan\/\">Ahogy arr\u00f3l kor\u00e1bban \u00edrtunk,<\/a> a Tour de France- \u00e9s Giro d\u2019Italia-gy\u0151ztes janu\u00e1rban hajsz\u00e1l h\u00edj\u00e1n az \u00e9let\u00e9vel fizetett, amikor sz\u00fcl\u0151v\u00e1ros\u00e1t\u00f3l nem messze tr\u00e9ning k\u00f6zben belerohant egy \u00e1ll\u00f3 buszba. S\u00falyos s\u00e9r\u00fcl\u00e9sei ellen\u00e9re azonban Bernal csod\u00e1val hat\u00e1ros m\u00f3don m\u00e1r el is hagyhatta a k\u00f3rh\u00e1zat, hogy otthon gy\u00f3gyulhasson, a m\u00falt h\u00e9ten pedig el\u0151sz\u00f6r tett k\u00f6zz\u00e9 vide\u00f3t arr\u00f3l, hogy nyakmerev\u00edt\u0151ben, mank\u00f3k seg\u00edts\u00e9g\u00e9vel m\u00e1r els\u0151 \u00f3vatos l\u00e9p\u00e9seit is megtette.<\/p>\n<p>Most pedig ism\u00e9t elk\u00e9pesztett mindenkit, hiszen a napokban \u00fajabb vide\u00f3t t\u00f6lt\u00f6tt fel k\u00f6z\u00f6ss\u00e9gi oldal\u00e1ra, ezen pedig az l\u00e1tszik, hogy Bernal m\u00e1r a szobabiciklin is tekert n\u00e9h\u00e1ny m\u00e9tert \u2013 a h\u00e1tt\u00e9rben a kerekessz\u00e9k\u00e9vel.<\/p>\n<p><a href=\"https:\/\/www.instagram.com\/tv\/CaClzsPMpD3\/?utm_source=ig_web_copy_link\">https:\/\/www.instagram.com\/tv\/CaClzsPMpD3\/?utm_source=ig_web_copy_link<\/a><\/p>\n<p>Nagyon-nagyon biztat\u00f3 jel, hogy k\u00f6zben csapata, az Ineos Grenadiers is kiadott egy hivatalos k\u00f6zlem\u00e9nyt, melyben meger\u0151s\u00edtik, hogy versenyz\u0151j\u00fck rehabilit\u00e1ci\u00f3ja val\u00f3ban figyelemre m\u00e9lt\u00f3 m\u00f3don halad el\u0151re.<\/p>\n<p><em>\u201eEgan nagyszer\u0171 fejl\u0151d\u00e9st mutat otthon\u00e1ban, illetve egy helyi rehabilit\u00e1ci\u00f3s klinik\u00e1n \u2013 a fel\u00e9p\u00fcl\u00e9se remek\u00fcl halad. Jelen pillanatban az orvosi st\u00e1bunk m\u00e9g nem tud pontosabb becsl\u00e9ssel szolg\u00e1lni azt illet\u0151en, mikor v\u00e1rhat\u00f3, hogy \u00fajra ker\u00e9kp\u00e1ron l\u00e1ssuk Egant\u201d<\/em> \u2013 \u00edrja a k\u00f6zlem\u00e9nyben az Ineos. Ezek azonban \u00edgy is nagyszer\u0171 h\u00edrek, hiszen n\u00e9h\u00e1ny hete m\u00e9g egy\u00e1ltal\u00e1n nem az volt a k\u00e9rd\u00e9s, hogy Bernal mikor \u00fclhet vissza a ker\u00e9kp\u00e1rj\u00e1ra, hanem hogy egy\u00e1ltal\u00e1n \u00e9letben marad-e, s ha igen, fog-e tudni egy\u00e1ltal\u00e1n j\u00e1rni.<\/p>\n<p><em>\u201eAmeddig sz\u00fcks\u00e9ges, Kolumbi\u00e1ban marad, amint \u00e1llapota el\u00e9r egy kiel\u00e9g\u00edt\u0151 szintet, visszat\u00e9rhet az eur\u00f3pai k\u00f6zpontunkba\u201d<\/em> \u2013 tette hozz\u00e1 az ist\u00e1ll\u00f3, ami tov\u00e1bbi optimizmusra adhat okot.<\/p>\n<p>Az Ineosnak egy\u00e9bk\u00e9nt nem ez volt az egyetlen nagyon kellemesen meglep\u0151 bejelent\u00e9se az elm\u00falt h\u00e9ten. A Tour de Hongrie szervez\u0151i ugyanis v\u00e1ratlanul elk\u00e9peszt\u0151 levelet kaptak k\u00e9zhez: a brit gig\u00e1sz az utols\u00f3 pillanatban 12. World Tour-egy\u00fcttesk\u00e9nt beadta nevez\u00e9s\u00e9t a magyar k\u00f6rversenyre, \u00edgy az \u00faj \u00e9vezred legsikeresebb gener\u00e1ci\u00f3s kirakatcsapat\u00e1t is l\u00e1thatjuk testk\u00f6zelb\u0151l m\u00e1jus 11. \u00e9s 15. k\u00f6z\u00f6tt, m\u00e9ghozz\u00e1 els\u0151 \u00edzben Magyarorsz\u00e1gon!<\/p>\n<p><a href=\"https:\/\/d2p6e6u75xmxt8.cloudfront.net\/12\/2022\/02\/ineos.jpg\"><img loading=\"lazy\" decoding=\"async\" class=\"alignnone size-full wp-image-13621\" src=\"https:\/\/d2p6e6u75xmxt8.cloudfront.net\/12\/2022\/02\/ineos.jpg\" alt=\"\" width=\"768\" height=\"960\" srcset=\"https:\/\/d2p6e6u75xmxt8.cloudfront.net\/12\/2022\/02\/ineos.jpg 768w, https:\/\/d2p6e6u75xmxt8.cloudfront.net\/12\/2022\/02\/ineos-240x300.jpg 240w\" sizes=\"auto, (max-width: 768px) 100vw, 768px\" \/><\/a><\/p>\n<p><em>forr\u00e1s: Ineos Grenadiers<\/em><\/p>\n","protected":false},"excerpt":{"rendered":"<p>Kellemesebbn\u00e9l kellemesebb bejelent\u00e9sek a brit \u00f3ri\u00e1scsapatt\u00f3l: Egan Bernal rehabilit\u00e1ci\u00f3ja nagyon sz\u00e9pen halad \u00e9letvesz\u00e9lyes balesete ut\u00e1n, a k\u00e9tezres \u00e9vek legsikeresebb ist\u00e1ll\u00f3ja [&hellip;]<\/p>\n","protected":false},"author":71,"featured_media":13620,"comment_status":"open","ping_status":"open","sticky":false,"template":"","format":"standard","meta":{"footnotes":""},"categories":[8],"tags":[],"global-categories":[],"class_list":["post-13619","post","type-post","status-publish","format-standard","has-post-thumbnail","hentry","category-orszaguti-kerekpar"],"yoast_head":"<!-- This site is optimized with the Yoast SEO Premium plugin v25.3 (Yoast SEO v25.9) - https:\/\/yoast.com\/wordpress\/plugins\/seo\/ -->\n<title>Szenz\u00e1ci\u00f3s h\u00edrek az Ineost\u00f3l: Bernal m\u00e1r szobabiciklizik, a csapat pedig j\u00f6n a Tour de Hongrie-ra!<\/title>\n<meta name=\"description\" content=\"Kellemesebbn\u00e9l kellemesebb bejelent\u00e9sek a brit \u00f3ri\u00e1scsapatt\u00f3l: Egan Bernal rehabilit\u00e1ci\u00f3ja nagyon sz\u00e9pen halad \u00e9letvesz\u00e9lyes balesete ut\u00e1n, a k\u00e9tezres \u00e9vek legsikeresebb ist\u00e1ll\u00f3ja pedig t\u00f6rt\u00e9nete sor\u00e1n el\u0151sz\u00f6r rajthoz \u00e1ll a Magyar K\u00f6rversenyen!\" \/>\n<meta name=\"robots\" content=\"index, follow, max-snippet:-1, max-image-preview:large, max-video-preview:-1\" \/>\n<link rel=\"canonical\" href=\"https:\/\/www.welovecycling.com\/hu\/orszaguti-kerekpar\/szenzacios-hirek-az-ineostol-bernal-mar-szobabiciklizik-a-csapat-pedig-jon-a-tour-de-hongrie-ra\/\" \/>\n<meta property=\"og:locale\" content=\"hu_HU\" \/>\n<meta property=\"og:type\" content=\"article\" \/>\n<meta property=\"og:title\" content=\"Szenz\u00e1ci\u00f3s h\u00edrek az Ineost\u00f3l: Bernal m\u00e1r szobabiciklizik, a csapat pedig j\u00f6n a Tour de Hongrie-ra!\" \/>\n<meta property=\"og:description\" content=\"Kellemesebbn\u00e9l kellemesebb bejelent\u00e9sek a brit \u00f3ri\u00e1scsapatt\u00f3l: Egan Bernal rehabilit\u00e1ci\u00f3ja nagyon sz\u00e9pen halad \u00e9letvesz\u00e9lyes balesete ut\u00e1n, a k\u00e9tezres \u00e9vek legsikeresebb ist\u00e1ll\u00f3ja pedig t\u00f6rt\u00e9nete sor\u00e1n el\u0151sz\u00f6r rajthoz \u00e1ll a Magyar K\u00f6rversenyen!\" \/>\n<meta property=\"og:url\" content=\"https:\/\/www.welovecycling.com\/hu\/orszaguti-kerekpar\/szenzacios-hirek-az-ineostol-bernal-mar-szobabiciklizik-a-csapat-pedig-jon-a-tour-de-hongrie-ra\/\" \/>\n<meta property=\"og:site_name\" content=\"\u0160koda We Love Cycling - Magyarorsz\u00e1g\" \/>\n<meta property=\"article:publisher\" content=\"https:\/\/www.facebook.com\/WeLoveCyclingHungary\/\" \/>\n<meta property=\"article:published_time\" content=\"2022-02-20T06:00:36+00:00\" \/>\n<meta property=\"og:image\" content=\"https:\/\/d2p6e6u75xmxt8.cloudfront.net\/12\/2022\/02\/eganbernal.jpg\" \/>\n\t<meta property=\"og:image:width\" content=\"1800\" \/>\n\t<meta property=\"og:image:height\" content=\"1200\" \/>\n\t<meta property=\"og:image:type\" content=\"image\/jpeg\" \/>\n<meta name=\"author\" content=\"hegyizs\" \/>\n<meta name=\"twitter:card\" content=\"summary_large_image\" \/>\n<meta name=\"twitter:label1\" content=\"Written by\" \/>\n\t<meta name=\"twitter:data1\" content=\"WLC\" \/>\n\t<meta name=\"twitter:label2\" content=\"Est. reading time\" \/>\n\t<meta name=\"twitter:data2\" content=\"3 minutes\" \/>\n<script type=\"application\/ld+json\" class=\"yoast-schema-graph\">{\"@context\":\"https:\/\/schema.org\",\"@graph\":[{\"@type\":\"WebPage\",\"@id\":\"https:\/\/www.welovecycling.com\/hu\/orszaguti-kerekpar\/szenzacios-hirek-az-ineostol-bernal-mar-szobabiciklizik-a-csapat-pedig-jon-a-tour-de-hongrie-ra\/\",\"url\":\"https:\/\/www.welovecycling.com\/hu\/orszaguti-kerekpar\/szenzacios-hirek-az-ineostol-bernal-mar-szobabiciklizik-a-csapat-pedig-jon-a-tour-de-hongrie-ra\/\",\"name\":\"Szenz\u00e1ci\u00f3s h\u00edrek az Ineost\u00f3l: Bernal m\u00e1r szobabiciklizik, a csapat pedig j\u00f6n a Tour de Hongrie-ra!\",\"isPartOf\":{\"@id\":\"https:\/\/www.welovecycling.com\/hu\/#website\"},\"primaryImageOfPage\":{\"@id\":\"https:\/\/www.welovecycling.com\/hu\/orszaguti-kerekpar\/szenzacios-hirek-az-ineostol-bernal-mar-szobabiciklizik-a-csapat-pedig-jon-a-tour-de-hongrie-ra\/#primaryimage\"},\"image\":{\"@id\":\"https:\/\/www.welovecycling.com\/hu\/orszaguti-kerekpar\/szenzacios-hirek-az-ineostol-bernal-mar-szobabiciklizik-a-csapat-pedig-jon-a-tour-de-hongrie-ra\/#primaryimage\"},\"thumbnailUrl\":\"https:\/\/d2p6e6u75xmxt8.cloudfront.net\/12\/2022\/02\/eganbernal.jpg\",\"datePublished\":\"2022-02-20T06:00:36+00:00\",\"author\":{\"@id\":\"https:\/\/www.welovecycling.com\/hu\/#\/schema\/person\/414a2aebf1801691a5320edb6468e194\"},\"description\":\"Kellemesebbn\u00e9l kellemesebb bejelent\u00e9sek a brit \u00f3ri\u00e1scsapatt\u00f3l: Egan Bernal rehabilit\u00e1ci\u00f3ja nagyon sz\u00e9pen halad \u00e9letvesz\u00e9lyes balesete ut\u00e1n, a k\u00e9tezres \u00e9vek legsikeresebb ist\u00e1ll\u00f3ja pedig t\u00f6rt\u00e9nete sor\u00e1n el\u0151sz\u00f6r rajthoz \u00e1ll a Magyar K\u00f6rversenyen!\",\"breadcrumb\":{\"@id\":\"https:\/\/www.welovecycling.com\/hu\/orszaguti-kerekpar\/szenzacios-hirek-az-ineostol-bernal-mar-szobabiciklizik-a-csapat-pedig-jon-a-tour-de-hongrie-ra\/#breadcrumb\"},\"inLanguage\":\"hu\",\"potentialAction\":[{\"@type\":\"ReadAction\",\"target\":[\"https:\/\/www.welovecycling.com\/hu\/orszaguti-kerekpar\/szenzacios-hirek-az-ineostol-bernal-mar-szobabiciklizik-a-csapat-pedig-jon-a-tour-de-hongrie-ra\/\"]}]},{\"@type\":\"ImageObject\",\"inLanguage\":\"hu\",\"@id\":\"https:\/\/www.welovecycling.com\/hu\/orszaguti-kerekpar\/szenzacios-hirek-az-ineostol-bernal-mar-szobabiciklizik-a-csapat-pedig-jon-a-tour-de-hongrie-ra\/#primaryimage\",\"url\":\"https:\/\/d2p6e6u75xmxt8.cloudfront.net\/12\/2022\/02\/eganbernal.jpg\",\"contentUrl\":\"https:\/\/d2p6e6u75xmxt8.cloudfront.net\/12\/2022\/02\/eganbernal.jpg\",\"width\":1800,\"height\":1200},{\"@type\":\"BreadcrumbList\",\"@id\":\"https:\/\/www.welovecycling.com\/hu\/orszaguti-kerekpar\/szenzacios-hirek-az-ineostol-bernal-mar-szobabiciklizik-a-csapat-pedig-jon-a-tour-de-hongrie-ra\/#breadcrumb\",\"itemListElement\":[{\"@type\":\"ListItem\",\"position\":1,\"name\":\"Home\",\"item\":\"https:\/\/www.welovecycling.com\/hu\/\"},{\"@type\":\"ListItem\",\"position\":2,\"name\":\"Szenz\u00e1ci\u00f3s h\u00edrek az Ineost\u00f3l: Bernal m\u00e1r szobabiciklizik, a csapat pedig j\u00f6n a Tour de Hongrie-ra!\"}]},{\"@type\":\"WebSite\",\"@id\":\"https:\/\/www.welovecycling.com\/hu\/#website\",\"url\":\"https:\/\/www.welovecycling.com\/hu\/\",\"name\":\"\u0160koda We Love Cycling - Magyarorsz\u00e1g\",\"description\":\"\u0160koda WeLoveCycling\",\"potentialAction\":[{\"@type\":\"SearchAction\",\"target\":{\"@type\":\"EntryPoint\",\"urlTemplate\":\"https:\/\/www.welovecycling.com\/hu\/?s={search_term_string}\"},\"query-input\":{\"@type\":\"PropertyValueSpecification\",\"valueRequired\":true,\"valueName\":\"search_term_string\"}}],\"inLanguage\":\"hu\"},{\"@type\":\"Person\",\"@id\":\"https:\/\/www.welovecycling.com\/hu\/#\/schema\/person\/414a2aebf1801691a5320edb6468e194\",\"name\":\"hegyizs\",\"image\":{\"@type\":\"ImageObject\",\"inLanguage\":\"hu\",\"@id\":\"https:\/\/www.welovecycling.com\/hu\/#\/schema\/person\/image\/\",\"url\":\"https:\/\/secure.gravatar.com\/avatar\/02cf8a7906b8cf90cecb4679defac7cfd33a1c2e3b88e4903d947f3bb58eedd3?s=96&d=mm&r=g\",\"contentUrl\":\"https:\/\/secure.gravatar.com\/avatar\/02cf8a7906b8cf90cecb4679defac7cfd33a1c2e3b88e4903d947f3bb58eedd3?s=96&d=mm&r=g\",\"caption\":\"hegyizs\"},\"url\":\"https:\/\/www.welovecycling.com\/hu\/author\/hegyizs\/\"}]}<\/script>\n<!-- \/ Yoast SEO Premium plugin. -->","yoast_head_json":{"title":"Szenz\u00e1ci\u00f3s h\u00edrek az Ineost\u00f3l: Bernal m\u00e1r szobabiciklizik, a csapat pedig j\u00f6n a Tour de Hongrie-ra!","description":"Kellemesebbn\u00e9l kellemesebb bejelent\u00e9sek a brit \u00f3ri\u00e1scsapatt\u00f3l: Egan Bernal rehabilit\u00e1ci\u00f3ja nagyon sz\u00e9pen halad \u00e9letvesz\u00e9lyes balesete ut\u00e1n, a k\u00e9tezres \u00e9vek legsikeresebb ist\u00e1ll\u00f3ja pedig t\u00f6rt\u00e9nete sor\u00e1n el\u0151sz\u00f6r rajthoz \u00e1ll a Magyar K\u00f6rversenyen!","robots":{"index":"index","follow":"follow","max-snippet":"max-snippet:-1","max-image-preview":"max-image-preview:large","max-video-preview":"max-video-preview:-1"},"canonical":"https:\/\/www.welovecycling.com\/hu\/orszaguti-kerekpar\/szenzacios-hirek-az-ineostol-bernal-mar-szobabiciklizik-a-csapat-pedig-jon-a-tour-de-hongrie-ra\/","og_locale":"hu_HU","og_type":"article","og_title":"Szenz\u00e1ci\u00f3s h\u00edrek az Ineost\u00f3l: Bernal m\u00e1r szobabiciklizik, a csapat pedig j\u00f6n a Tour de Hongrie-ra!","og_description":"Kellemesebbn\u00e9l kellemesebb bejelent\u00e9sek a brit \u00f3ri\u00e1scsapatt\u00f3l: Egan Bernal rehabilit\u00e1ci\u00f3ja nagyon sz\u00e9pen halad \u00e9letvesz\u00e9lyes balesete ut\u00e1n, a k\u00e9tezres \u00e9vek legsikeresebb ist\u00e1ll\u00f3ja pedig t\u00f6rt\u00e9nete sor\u00e1n el\u0151sz\u00f6r rajthoz \u00e1ll a Magyar K\u00f6rversenyen!","og_url":"https:\/\/www.welovecycling.com\/hu\/orszaguti-kerekpar\/szenzacios-hirek-az-ineostol-bernal-mar-szobabiciklizik-a-csapat-pedig-jon-a-tour-de-hongrie-ra\/","og_site_name":"\u0160koda We Love Cycling - Magyarorsz\u00e1g","article_publisher":"https:\/\/www.facebook.com\/WeLoveCyclingHungary\/","article_published_time":"2022-02-20T06:00:36+00:00","og_image":[{"width":1800,"height":1200,"url":"https:\/\/d2p6e6u75xmxt8.cloudfront.net\/12\/2022\/02\/eganbernal.jpg","type":"image\/jpeg"}],"author":"hegyizs","twitter_card":"summary_large_image","twitter_misc":{"Written by":"WLC","Est. reading time":"3 minutes"},"schema":{"@context":"https:\/\/schema.org","@graph":[{"@type":"WebPage","@id":"https:\/\/www.welovecycling.com\/hu\/orszaguti-kerekpar\/szenzacios-hirek-az-ineostol-bernal-mar-szobabiciklizik-a-csapat-pedig-jon-a-tour-de-hongrie-ra\/","url":"https:\/\/www.welovecycling.com\/hu\/orszaguti-kerekpar\/szenzacios-hirek-az-ineostol-bernal-mar-szobabiciklizik-a-csapat-pedig-jon-a-tour-de-hongrie-ra\/","name":"Szenz\u00e1ci\u00f3s h\u00edrek az Ineost\u00f3l: Bernal m\u00e1r szobabiciklizik, a csapat pedig j\u00f6n a Tour de Hongrie-ra!","isPartOf":{"@id":"https:\/\/www.welovecycling.com\/hu\/#website"},"primaryImageOfPage":{"@id":"https:\/\/www.welovecycling.com\/hu\/orszaguti-kerekpar\/szenzacios-hirek-az-ineostol-bernal-mar-szobabiciklizik-a-csapat-pedig-jon-a-tour-de-hongrie-ra\/#primaryimage"},"image":{"@id":"https:\/\/www.welovecycling.com\/hu\/orszaguti-kerekpar\/szenzacios-hirek-az-ineostol-bernal-mar-szobabiciklizik-a-csapat-pedig-jon-a-tour-de-hongrie-ra\/#primaryimage"},"thumbnailUrl":"https:\/\/d2p6e6u75xmxt8.cloudfront.net\/12\/2022\/02\/eganbernal.jpg","datePublished":"2022-02-20T06:00:36+00:00","author":{"@id":"https:\/\/www.welovecycling.com\/hu\/#\/schema\/person\/414a2aebf1801691a5320edb6468e194"},"description":"Kellemesebbn\u00e9l kellemesebb bejelent\u00e9sek a brit \u00f3ri\u00e1scsapatt\u00f3l: Egan Bernal rehabilit\u00e1ci\u00f3ja nagyon sz\u00e9pen halad \u00e9letvesz\u00e9lyes balesete ut\u00e1n, a k\u00e9tezres \u00e9vek legsikeresebb ist\u00e1ll\u00f3ja pedig t\u00f6rt\u00e9nete sor\u00e1n el\u0151sz\u00f6r rajthoz \u00e1ll a Magyar K\u00f6rversenyen!","breadcrumb":{"@id":"https:\/\/www.welovecycling.com\/hu\/orszaguti-kerekpar\/szenzacios-hirek-az-ineostol-bernal-mar-szobabiciklizik-a-csapat-pedig-jon-a-tour-de-hongrie-ra\/#breadcrumb"},"inLanguage":"hu","potentialAction":[{"@type":"ReadAction","target":["https:\/\/www.welovecycling.com\/hu\/orszaguti-kerekpar\/szenzacios-hirek-az-ineostol-bernal-mar-szobabiciklizik-a-csapat-pedig-jon-a-tour-de-hongrie-ra\/"]}]},{"@type":"ImageObject","inLanguage":"hu","@id":"https:\/\/www.welovecycling.com\/hu\/orszaguti-kerekpar\/szenzacios-hirek-az-ineostol-bernal-mar-szobabiciklizik-a-csapat-pedig-jon-a-tour-de-hongrie-ra\/#primaryimage","url":"https:\/\/d2p6e6u75xmxt8.cloudfront.net\/12\/2022\/02\/eganbernal.jpg","contentUrl":"https:\/\/d2p6e6u75xmxt8.cloudfront.net\/12\/2022\/02\/eganbernal.jpg","width":1800,"height":1200},{"@type":"BreadcrumbList","@id":"https:\/\/www.welovecycling.com\/hu\/orszaguti-kerekpar\/szenzacios-hirek-az-ineostol-bernal-mar-szobabiciklizik-a-csapat-pedig-jon-a-tour-de-hongrie-ra\/#breadcrumb","itemListElement":[{"@type":"ListItem","position":1,"name":"Home","item":"https:\/\/www.welovecycling.com\/hu\/"},{"@type":"ListItem","position":2,"name":"Szenz\u00e1ci\u00f3s h\u00edrek az Ineost\u00f3l: Bernal m\u00e1r szobabiciklizik, a csapat pedig j\u00f6n a Tour de Hongrie-ra!"}]},{"@type":"WebSite","@id":"https:\/\/www.welovecycling.com\/hu\/#website","url":"https:\/\/www.welovecycling.com\/hu\/","name":"\u0160koda We Love Cycling - Magyarorsz\u00e1g","description":"\u0160koda WeLoveCycling","potentialAction":[{"@type":"SearchAction","target":{"@type":"EntryPoint","urlTemplate":"https:\/\/www.welovecycling.com\/hu\/?s={search_term_string}"},"query-input":{"@type":"PropertyValueSpecification","valueRequired":true,"valueName":"search_term_string"}}],"inLanguage":"hu"},{"@type":"Person","@id":"https:\/\/www.welovecycling.com\/hu\/#\/schema\/person\/414a2aebf1801691a5320edb6468e194","name":"hegyizs","image":{"@type":"ImageObject","inLanguage":"hu","@id":"https:\/\/www.welovecycling.com\/hu\/#\/schema\/person\/image\/","url":"https:\/\/secure.gravatar.com\/avatar\/02cf8a7906b8cf90cecb4679defac7cfd33a1c2e3b88e4903d947f3bb58eedd3?s=96&d=mm&r=g","contentUrl":"https:\/\/secure.gravatar.com\/avatar\/02cf8a7906b8cf90cecb4679defac7cfd33a1c2e3b88e4903d947f3bb58eedd3?s=96&d=mm&r=g","caption":"hegyizs"},"url":"https:\/\/www.welovecycling.com\/hu\/author\/hegyizs\/"}]}},"_links":{"self":[{"href":"https:\/\/www.welovecycling.com\/hu\/wp-json\/wp\/v2\/posts\/13619","targetHints":{"allow":["GET"]}}],"collection":[{"href":"https:\/\/www.welovecycling.com\/hu\/wp-json\/wp\/v2\/posts"}],"about":[{"href":"https:\/\/www.welovecycling.com\/hu\/wp-json\/wp\/v2\/types\/post"}],"author":[{"embeddable":true,"href":"https:\/\/www.welovecycling.com\/hu\/wp-json\/wp\/v2\/users\/71"}],"replies":[{"embeddable":true,"href":"https:\/\/www.welovecycling.com\/hu\/wp-json\/wp\/v2\/comments?post=13619"}],"version-history":[{"count":1,"href":"https:\/\/www.welovecycling.com\/hu\/wp-json\/wp\/v2\/posts\/13619\/revisions"}],"predecessor-version":[{"id":13623,"href":"https:\/\/www.welovecycling.com\/hu\/wp-json\/wp\/v2\/posts\/13619\/revisions\/13623"}],"wp:featuredmedia":[{"embeddable":true,"href":"https:\/\/www.welovecycling.com\/hu\/wp-json\/wp\/v2\/media\/13620"}],"wp:attachment":[{"href":"https:\/\/www.welovecycling.com\/hu\/wp-json\/wp\/v2\/media?parent=13619"}],"wp:term":[{"taxonomy":"category","embeddable":true,"href":"https:\/\/www.welovecycling.com\/hu\/wp-json\/wp\/v2\/categories?post=13619"},{"taxonomy":"post_tag","embeddable":true,"href":"https:\/\/www.welovecycling.com\/hu\/wp-json\/wp\/v2\/tags?post=13619"},{"taxonomy":"global-categories","embeddable":true,"href":"https:\/\/www.welovecycling.com\/hu\/wp-json\/wp\/v2\/global-categories?post=13619"}],"curies":[{"name":"wp","href":"https:\/\/api.w.org\/{rel}","templated":true}]}}