{"id":13596,"date":"2022-02-18T08:00:39","date_gmt":"2022-02-18T06:00:39","guid":{"rendered":"https:\/\/www.welovecycling.com\/hu\/?p=13596"},"modified":"2022-02-11T17:29:18","modified_gmt":"2022-02-11T15:29:18","slug":"amikor-az-elit-kerekparozas-csaladi-vonas","status":"publish","type":"post","link":"https:\/\/www.welovecycling.com\/hu\/kozosseg-es-kultura\/amikor-az-elit-kerekparozas-csaladi-vonas\/","title":{"rendered":"Amikor az elit ker\u00e9kp\u00e1roz\u00e1s csal\u00e1di von\u00e1s"},"content":{"rendered":"<p><strong>A sport vil\u00e1ga tele van olyan mesebeli t\u00f6rt\u00e9netekkel, melyekben a tehets\u00e9g nemzed\u00e9kr\u0151l nemzed\u00e9kre, ap\u00e1r\u00f3l fi\u00fara, any\u00e1r\u00f3l l\u00e1ny\u00e1ra sz\u00e1ll, \u00e9s lehet\u0151v\u00e9 teszi, hogy egy csal\u00e1d neve \u00e9vekig fennmaradjon a legmagasabb szinteken. \u00cdme, a ker\u00e9kp\u00e1roz\u00e1s legsikeresebb csal\u00e1djai!<\/strong><\/p>\n<p><!--more--><\/p>\n<h2><strong>A van der Poel-ek<\/strong><\/h2>\n<p>Amikor Mathieu van Der Poel feln\u00e9zett az \u00e9gre \u00e9s s\u00edrva fakadt egy interj\u00faja sor\u00e1n, amit a 2021-es Tour-on szerzett szakaszgy\u0151zelm\u00e9t k\u00f6vet\u0151en k\u00e9sz\u00edtettek vele, nem csak a siker csalt k\u00f6nnyeket a szem\u00e9be, hanem a nagyapja, az \u00f6r\u00f6k m\u00e1sodik Raymond Poulidor eml\u00e9ke is.<\/p>\n<figure id=\"attachment_8649\" aria-describedby=\"caption-attachment-8649\" style=\"width: 1250px\" class=\"wp-caption alignnone\"><a href=\"https:\/\/d2p6e6u75xmxt8.cloudfront.net\/12\/2020\/09\/profimedia-0068092118.jpg\"><img loading=\"lazy\" decoding=\"async\" class=\"size-full wp-image-8649\" src=\"https:\/\/d2p6e6u75xmxt8.cloudfront.net\/12\/2020\/09\/profimedia-0068092118.jpg\" alt=\"1964 Tour\" width=\"1250\" height=\"974\" srcset=\"https:\/\/d2p6e6u75xmxt8.cloudfront.net\/12\/2020\/09\/profimedia-0068092118.jpg 1250w, https:\/\/d2p6e6u75xmxt8.cloudfront.net\/12\/2020\/09\/profimedia-0068092118-300x234.jpg 300w, https:\/\/d2p6e6u75xmxt8.cloudfront.net\/12\/2020\/09\/profimedia-0068092118-1024x798.jpg 1024w, https:\/\/d2p6e6u75xmxt8.cloudfront.net\/12\/2020\/09\/profimedia-0068092118-768x598.jpg 768w\" sizes=\"auto, (max-width: 1250px) 100vw, 1250px\" \/><\/a><figcaption id=\"caption-attachment-8649\" class=\"wp-caption-text\"><em>1964, Tour de France, Raymond Poulidor \u00e9s Federico Bahamont\u00e8s. \u00a9 Profimedia<\/em><\/figcaption><\/figure>\n<p>Ez a ker\u00e9kp\u00e1ros csal\u00e1d h\u00e1rom gener\u00e1ci\u00f3 \u00f3ta sz\u00ednes\u00edti a mez\u0151nyt, a 60-as \u00e9vekt\u0151l kezdve, amikor Poulidor Anquetil-lel k\u00fczd\u00f6tt a vil\u00e1gbajnoki c\u00edm\u00e9rt. Kieg\u00e9sz\u00edtette a bring\u00e1s csal\u00e1df\u00e1t Mathieu \u00e9desapja, Adri, aki szint\u00e9n fantasztikus kerekes volt. \u0150 vette feles\u00e9g\u00fcl Poulidor l\u00e1ny\u00e1t, Corrinne-t. Fi\u00e1hoz hasonl\u00f3an cyclo-cross vil\u00e1gbajnokk\u00e9nt vonult be a t\u00f6rt\u00e9nelembe \u2013 \u0151k az egyetlen ilyen apa-fia p\u00e1ros \u2013 \u00e9s szint\u00e9n, ahogy fia is, \u0151 is megnyerte a Tour de Flanders-t.<\/p>\n<p>Vitathatatlan, hogy Mathieu megel\u0151zte apj\u00e1t a siker \u00e9s n\u00e9pszer\u0171s\u00e9g tekintet\u00e9ben, h\u00e1rm\u00f3juk k\u00f6z\u00fcl azonban a n\u00e9hai, legend\u00e1s Poulidor a csal\u00e1d legn\u00e9pszer\u0171bb alakja, a Tour de France-hoz f\u0171z\u0151d\u0151 rom\u00e1nca miatt, ami soha nem teljes\u00fclhetett be. Szerencs\u00e9tlens\u00e9g\u00e9re Anquetil \u00e9s Merckx kor\u00e1ban versenyzett, de mindent megtett, amit csak megtehetett, \u00e9s ikonikus Tour-versenyz\u0151 maradt eg\u00e9szen 2019-ben bek\u00f6vetkezett hal\u00e1l\u00e1ig.<\/p>\n<p>\u00c9rdemes megjegyezni, hogy az Alpenic-Fenix, nemcsak Mathieu, hanem testv\u00e9re, David csapata is. Lehet, hogy b\u00e1tyja \u00e1rny\u00e9k\u00e1ban \u00e9l, de ett\u0151l f\u00fcggetlen\u00fcl \u0151 is profi ker\u00e9kp\u00e1ros, aki \u00faton \u00e9s s\u00e1rban is versenyez, m\u00e1r 11 \u00e9ve, t\u00f6bbnyire \u00e1tlagos eredm\u00e9nyekkel. Cross versenyz\u0151k\u00e9nt \u0151 k\u00e9pviselte Hollandi\u00e1t a 2016-os vil\u00e1gbajnoks\u00e1gon.<\/p>\n<h2><strong>Roche \u00e9s a Martin-ok<\/strong><\/h2>\n<figure id=\"attachment_13597\" aria-describedby=\"caption-attachment-13597\" style=\"width: 1022px\" class=\"wp-caption alignnone\"><a href=\"https:\/\/d2p6e6u75xmxt8.cloudfront.net\/12\/2022\/02\/Stephen-Roche-profimedia-0017449367.jpg\"><img loading=\"lazy\" decoding=\"async\" class=\"size-full wp-image-13597\" src=\"https:\/\/d2p6e6u75xmxt8.cloudfront.net\/12\/2022\/02\/Stephen-Roche-profimedia-0017449367.jpg\" alt=\"Stephen Roche\" width=\"1022\" height=\"633\" srcset=\"https:\/\/d2p6e6u75xmxt8.cloudfront.net\/12\/2022\/02\/Stephen-Roche-profimedia-0017449367.jpg 1022w, https:\/\/d2p6e6u75xmxt8.cloudfront.net\/12\/2022\/02\/Stephen-Roche-profimedia-0017449367-300x186.jpg 300w, https:\/\/d2p6e6u75xmxt8.cloudfront.net\/12\/2022\/02\/Stephen-Roche-profimedia-0017449367-768x476.jpg 768w\" sizes=\"auto, (max-width: 1022px) 100vw, 1022px\" \/><\/a><figcaption id=\"caption-attachment-13597\" class=\"wp-caption-text\"><em>Roche sz\u00f6k\u00e9se az 1992-es Tour-on. \u00a9 Profimedia<\/em><\/figcaption><\/figure>\n<p>Amikor Phil Liggett kimondta a halhatatlan szavakat: <em>\u201e\u00dagy n\u00e9z ki, mint Stephen Roche. Hiszen \u0151 Stephen Roche!\u201d<\/em>, ahogy az \u00edr hegym\u00e1sz\u00f3 visszat\u00e9rt az 1987-es Tour \u00e9lmez\u0151ny\u00e9be, Roche leghihetetlenebb szezonj\u00e1ban j\u00e1rtunk.<\/p>\n<p>Miut\u00e1n h\u00e1rom perccel \u00e9s 40 m\u00e1sodperccel elvette Phillipa Yorkt\u00f3l a Giro D&#8217;Italia gy\u0151zelm\u00e9t, nem \u00e9ppen a k\u00f6z\u00f6ns\u00e9g kedvencek\u00e9nt \u00e1llt rajthoz a Tour-on, ahol a kor\u00e1bbi gy\u0151ztes Pedro Delgado, Laurent Fignon \u00e9s Jean-Francois Bernard is \u00e1llt. A 20. etap el\u0151tt, mely a La Plagne-ra vezetett fel Roche szerencs\u00e9je megbicsaklott, miut\u00e1n megszerezte a s\u00e1rga trik\u00f3t Bernard-t\u00f3l a katasztrof\u00e1lis 19. szakaszban.<\/p>\n<p>A 21. szakaszon \u2013 ebben az \u00e9vben a Tour-nak 25 szemet gy\u00f6ny\u00f6rk\u00f6dtet\u0151 etapja volt \u2013 t\u00fal\u00e9lte Delgado \u00e9s Fignon t\u00e1mad\u00e1sait \u00e9s Giro-gy\u0151zelm\u00e9hez a Tour bajnoki c\u00edm\u00e9t is megszerezte. Ehhez pedig hozz\u00e1 tartozik, hogy \u0151 az egyetlen, aki a vil\u00e1gbajnoki c\u00edmmel kieg\u00e9sz\u00edtve a k\u00e9t Grand Tour-t, mind a h\u00e1rom c\u00edmmel b\u00fcszk\u00e9lkedhetett.<\/p>\n<p>H\u00e1rom \u00e9vvel ezel\u0151tt a brav\u00faros szezon el\u0151tt sz\u00fcletett meg kisfia, Nicolas. \u0150 is j\u00f3 eredm\u00e9nyeket \u00e9rt el a fontos versenyeken \u00e9s sz\u00e9p karriert futott be. Nyolc \u00e9v\u00e9be telt azonban, mire Grand Tour-szakaszt nyert, Gal\u00edci\u00e1ban.<\/p>\n<p>Az ifj\u00fa Roche t\u00f6bb mint egy \u00e9vtizeden \u00e1t tekert unokatestv\u00e9re, Dan Martin oldal\u00e1n. Martin tehets\u00e9ges hegym\u00e1sz\u00f3 volt, egy hihetetlen sprinttel nyerte meg a Li\u00e9ge-Bastogne-Li\u00e9ge versenyt, ami eml\u00e9kezetes maradt mindenki sz\u00e1m\u00e1ra, hiszen mindek\u00f6zben egy pand\u00e1nak \u00f6lt\u00f6z\u00f6tt rajong\u00f3 \u00fcld\u00f6zte \u0151t.<\/p>\n<h2><strong>A Merckx csal\u00e1d<\/strong><\/h2>\n<figure id=\"attachment_11940\" aria-describedby=\"caption-attachment-11940\" style=\"width: 1000px\" class=\"wp-caption alignnone\"><a href=\"https:\/\/d2p6e6u75xmxt8.cloudfront.net\/12\/2021\/07\/Eddy-Merckx-1975-profimedia-0288070914.jpg\"><img loading=\"lazy\" decoding=\"async\" class=\"size-full wp-image-11940\" src=\"https:\/\/d2p6e6u75xmxt8.cloudfront.net\/12\/2021\/07\/Eddy-Merckx-1975-profimedia-0288070914.jpg\" alt=\"Eddy Merckx\" width=\"1000\" height=\"667\" srcset=\"https:\/\/d2p6e6u75xmxt8.cloudfront.net\/12\/2021\/07\/Eddy-Merckx-1975-profimedia-0288070914.jpg 1000w, https:\/\/d2p6e6u75xmxt8.cloudfront.net\/12\/2021\/07\/Eddy-Merckx-1975-profimedia-0288070914-300x200.jpg 300w, https:\/\/d2p6e6u75xmxt8.cloudfront.net\/12\/2021\/07\/Eddy-Merckx-1975-profimedia-0288070914-768x512.jpg 768w, https:\/\/d2p6e6u75xmxt8.cloudfront.net\/12\/2021\/07\/Eddy-Merckx-1975-profimedia-0288070914-272x182.jpg 272w\" sizes=\"auto, (max-width: 1000px) 100vw, 1000px\" \/><\/a><figcaption id=\"caption-attachment-11940\" class=\"wp-caption-text\"><em>Merckx-\u00e9k az 1975-\u00f6s Tour-on. \u00a9 Profimedia<\/em><\/figcaption><\/figure>\n<p>Mit \u00edrhatn\u00e1nk m\u00e9g Eddy Merckx-r\u0151l? A belga sz\u00f3 szerint mindent megnyert. Lehet, hogy ez t\u00falz\u00e1snak hangzik, de t\u00e9nyleg megnyerte \u00f6sszes verseny\u00e9nek harmad\u00e1t! Hihetetlen mennyis\u00e9g\u0171 gy\u0151zelmet aratott, amit soha nem lehet \u00fcberelni. Marianne Vos-t lesz\u00e1m\u00edtva, minden bizonnyal \u0151 minden id\u0151k legjobb kerekese.<\/p>\n<p>Axel Merckx nem kis nyom\u00e1ssal l\u00e9pett apja nyomdokaiba, tudv\u00e1n, hogy lehetetlen megfelelni az Eddy \u00e1ltal fel\u00e9p\u00edtett elv\u00e1r\u00e1soknak. Pedig \u0151 is remek ker\u00e9kp\u00e1ros, 2000-ben r\u00e9szt vett a Tour-on \u00e9s harmadik lett az ath\u00e9ni olimpia orsz\u00e1g\u00fati verseny\u00e9n. Els\u0151sorban azonban a Hagens Berman Axeon sportigazgat\u00f3jak\u00e9nt v\u00e1lt ismertt\u00e9. Az U23-as amerikai egy\u00fcttesn\u00e9l sok-sok fiatal tehets\u00e9gb\u0151l faragott f\u00e9lelmetes versenyz\u0151t. A list\u00e1n szerepel a Giro D\u2019Italia gy\u0151ztese, Tao Geoghegan Hart, az UAE Team Emirates szt\u00e1rja, Jo\u00e3o Almeida \u00e9s Jasper Stuyven is, hogy csak n\u00e9h\u00e1nyat eml\u00edts\u00fcnk. Alex a vil\u00e1g egyik vezet\u0151 hangja lett a 23 \u00e9ven aluliak versenyszf\u00e9r\u00e1j\u00e1ban, \u00e9s vil\u00e1gszerte \u00e1h\u00edtoznak a fiatalok egy hely\u00e9rt a csapat\u00e1ban.<\/p>\n<h2><strong>Testv\u00e9rek<\/strong><\/h2>\n<figure id=\"attachment_13598\" aria-describedby=\"caption-attachment-13598\" style=\"width: 1000px\" class=\"wp-caption alignnone\"><a href=\"https:\/\/d2p6e6u75xmxt8.cloudfront.net\/12\/2022\/02\/Peter-and-Juraj-Sagan-profimedia-0636018926.jpg\"><img loading=\"lazy\" decoding=\"async\" class=\"wp-image-13598 size-full\" src=\"https:\/\/d2p6e6u75xmxt8.cloudfront.net\/12\/2022\/02\/Peter-and-Juraj-Sagan-profimedia-0636018926.jpg\" alt=\"Peter and Juraj Sagan\" width=\"1000\" height=\"665\" srcset=\"https:\/\/d2p6e6u75xmxt8.cloudfront.net\/12\/2022\/02\/Peter-and-Juraj-Sagan-profimedia-0636018926.jpg 1000w, https:\/\/d2p6e6u75xmxt8.cloudfront.net\/12\/2022\/02\/Peter-and-Juraj-Sagan-profimedia-0636018926-300x200.jpg 300w, https:\/\/d2p6e6u75xmxt8.cloudfront.net\/12\/2022\/02\/Peter-and-Juraj-Sagan-profimedia-0636018926-768x511.jpg 768w, https:\/\/d2p6e6u75xmxt8.cloudfront.net\/12\/2022\/02\/Peter-and-Juraj-Sagan-profimedia-0636018926-272x182.jpg 272w\" sizes=\"auto, (max-width: 1000px) 100vw, 1000px\" \/><\/a><figcaption id=\"caption-attachment-13598\" class=\"wp-caption-text\"><em>A Sagan-testv\u00e9rek. \u00a9 Profimedia<\/em><\/figcaption><\/figure>\n<p>A dinaszti\u00e1kt\u00f3l a rivaliz\u00e1l\u00e1sig, sokf\u00e9lek\u00e9ppen sz\u00ednes\u00edtik a mez\u0151nyt a testv\u00e9rp\u00e1rok, akik vagy egym\u00e1s mellett vagy egym\u00e1s ellen tekernek. Az elm\u00falt \u00e9vtizedben t\u00f6bb testv\u00e9rt is l\u00e1thattunk versenyezni. El\u0151sz\u00f6r is Schleck-k\u00e9ket, akiknek apja is profi bring\u00e1s volt. Frank \u00e9s Andy t\u00f6k\u00e9letes p\u00e1rost alkottak, a vil\u00e1g legnagyobb versenyein t\u00e1madt\u00e1k meg ellenfeleiket, azzal a c\u00e9llal, hogy megszerezz\u00e9k a Tour-gy\u0151zelmet. Andy-t tartott\u00e1k a jobb m\u00e1sz\u00f3nak, \u00f6sszess\u00e9g\u00e9ben azonban \u00fagy t\u0171nt, jobban boldogulnak egy\u00fctt, mint k\u00fcl\u00f6n.<\/p>\n<p>Egyes testv\u00e9rp\u00e1rokn\u00e1l viszont enn\u00e9l egy\u00e9rtelm\u0171bb a hierarchia. Juraj \u00e9s Peter Sagan eset\u00e9ben p\u00e9ld\u00e1ul mindenk\u00e9pp. Peter h\u00e1romszoros vil\u00e1gbajnok \u00e9s olyan tehets\u00e9g, amilyen gener\u00e1ci\u00f3nk\u00e9nt csak egy sz\u00fcletik, m\u00edg Juraj t\u00f6k\u00e9letes domestique, aki az elm\u00falt 11 \u00e9vben b\u00e1tyja mellett tekert. Ugyanez mondhat\u00f3 el Antonio \u00e9s Vincenzo Nibalir\u00f3l is, akik 2017 \u00f3ta ugyanabban a csapatban versenyeznek.<\/p>\n<p>M\u00e1sok sokkal k\u00f6zelebb \u00e1llnak egym\u00e1shoz. Adam \u00e9s Simon Yates hasonl\u00f3an tehets\u00e9gesek, \u00edgy izgalmasan n\u00e9zt\u00fck v\u00e9gig, ahogy az elm\u00falt n\u00e9h\u00e1ny \u00e9v alatt riv\u00e1lisokk\u00e1 v\u00e1ltak, annak ellen\u00e9re, hogy ugyanabban a csapatban kezdt\u00e9k meg p\u00e1lyafut\u00e1sukat. Most, hogy Simon m\u00e9g mindig a Team BikeExchange-Jayc\u00f3n\u00e1l, Adam pedig az Ineos Grenadiersn\u00e9l teker, nemcsak, hogy k\u00f6nnyebben megk\u00fcl\u00f6nb\u00f6ztethet\u0151k egym\u00e1st\u00f3l, de mindketten ki\u00e9lhetik m\u00e1sz\u00f3 tehets\u00e9g\u00fcket egy olyan korszakban, amiben soha nem l\u00e1tott versenyszellem uralkodik a hegym\u00e1sz\u00f3k k\u00f6z\u00f6tt.<\/p>\n<p>Adam \u00e9s Simon volt az egyetlen ikerp\u00e1r, akik jelenleg r\u00e9szt vesznek a WorldTour versenyein, eg\u00e9szen az idei \u00e9vig, amikor Anders \u00e9s Tobias Halland Johannessen is bemutatkozott az \u00e9lmez\u0151nyben. Tobias hihetetlen\u00fcl j\u00f3l kezdte a 2022-es \u00e9vet, a legjobbak ellen ment az \u00c9toile de Bess\u00e9ges versenyen, ahol szakaszt nyert \u00e9s a harmadik helyen v\u00e9gzett. Puszt\u00edt\u00f3 du\u00f3t alkotnak a testv\u00e9rek, ahogy a tavalyi Tour de l&#8217;Avenir-en is megmutatt\u00e1k, ahol a vil\u00e1g legjobb fiatal versenyz\u0151ivel m\u00e9rk\u0151ztek meg. Tobias megnyerte a versenyt, Anders pedig hatodik lett. A testv\u00e9rek biztosan a k\u00f6vetkez\u0151 szenz\u00e1ci\u00f3i lesznek a ker\u00e9kp\u00e1rsportnak.<\/p>\n<p>Hannah \u00e9s Alice Barnes, Emma \u00e9s Mathias Norsgaard, a B\u00e4ckstedtek. Nagyon sok ker\u00e9kp\u00e1ros csal\u00e1dr\u00f3l besz\u00e9lhetn\u00e9nk meg, melyekben \u00fagy t\u0171nik, a g\u00e9nek hordozz\u00e1k a siker kulcs\u00e1t. Term\u00e9szetesen sz\u00e1mos olyan \u00e9lharcost is ismer\u00fcnk, akinek nincs ker\u00e9kp\u00e1ros m\u00faltja, de az biztos, hogy a sport szeretete \u00e9s a tehets\u00e9g k\u00e9pes gener\u00e1ci\u00f3kon kereszt\u00fcl fennmaradni.<\/p>\n","protected":false},"excerpt":{"rendered":"<p>A sport vil\u00e1ga tele van olyan mesebeli t\u00f6rt\u00e9netekkel, melyekben a tehets\u00e9g nemzed\u00e9kr\u0151l nemzed\u00e9kre, ap\u00e1r\u00f3l fi\u00fara, any\u00e1r\u00f3l l\u00e1ny\u00e1ra sz\u00e1ll, \u00e9s lehet\u0151v\u00e9 [&hellip;]<\/p>\n","protected":false},"author":71,"featured_media":13600,"comment_status":"open","ping_status":"open","sticky":false,"template":"","format":"standard","meta":{"footnotes":""},"categories":[12],"tags":[],"global-categories":[],"class_list":["post-13596","post","type-post","status-publish","format-standard","has-post-thumbnail","hentry","category-kozosseg-es-kultura"],"yoast_head":"<!-- This site is optimized with the Yoast SEO Premium plugin v25.3 (Yoast SEO v25.9) - https:\/\/yoast.com\/wordpress\/plugins\/seo\/ -->\n<title>Amikor az elit ker\u00e9kp\u00e1roz\u00e1s csal\u00e1di von\u00e1s<\/title>\n<meta name=\"description\" content=\"A sport vil\u00e1ga tele van olyan mesebeli t\u00f6rt\u00e9netekkel, melyekben a tehets\u00e9g nemzed\u00e9kr\u0151l nemzed\u00e9kre, ap\u00e1r\u00f3l fi\u00fara, any\u00e1r\u00f3l l\u00e1ny\u00e1ra sz\u00e1ll, \u00e9s lehet\u0151v\u00e9 teszi, hogy egy csal\u00e1d neve \u00e9vekig fennmaradjon a legmagasabb szinteken. \u00cdme, a ker\u00e9kp\u00e1roz\u00e1s legsikeresebb csal\u00e1djai!\" \/>\n<meta name=\"robots\" content=\"index, follow, max-snippet:-1, max-image-preview:large, max-video-preview:-1\" \/>\n<link rel=\"canonical\" href=\"https:\/\/www.welovecycling.com\/hu\/kozosseg-es-kultura\/amikor-az-elit-kerekparozas-csaladi-vonas\/\" \/>\n<meta property=\"og:locale\" content=\"hu_HU\" \/>\n<meta property=\"og:type\" content=\"article\" \/>\n<meta property=\"og:title\" content=\"Amikor az elit ker\u00e9kp\u00e1roz\u00e1s csal\u00e1di von\u00e1s\" \/>\n<meta property=\"og:description\" content=\"A sport vil\u00e1ga tele van olyan mesebeli t\u00f6rt\u00e9netekkel, melyekben a tehets\u00e9g nemzed\u00e9kr\u0151l nemzed\u00e9kre, ap\u00e1r\u00f3l fi\u00fara, any\u00e1r\u00f3l l\u00e1ny\u00e1ra sz\u00e1ll, \u00e9s lehet\u0151v\u00e9 teszi, hogy egy csal\u00e1d neve \u00e9vekig fennmaradjon a legmagasabb szinteken. \u00cdme, a ker\u00e9kp\u00e1roz\u00e1s legsikeresebb csal\u00e1djai!\" \/>\n<meta property=\"og:url\" content=\"https:\/\/www.welovecycling.com\/hu\/kozosseg-es-kultura\/amikor-az-elit-kerekparozas-csaladi-vonas\/\" \/>\n<meta property=\"og:site_name\" content=\"\u0160koda We Love Cycling - Magyarorsz\u00e1g\" \/>\n<meta property=\"article:publisher\" content=\"https:\/\/www.facebook.com\/WeLoveCyclingHungary\/\" \/>\n<meta property=\"article:published_time\" content=\"2022-02-18T06:00:39+00:00\" \/>\n<meta property=\"og:image\" content=\"https:\/\/d2p6e6u75xmxt8.cloudfront.net\/12\/2022\/02\/Eddy-Merckx-Axel-Merckx-profimedia-0018602767-CVR.jpg\" \/>\n\t<meta property=\"og:image:width\" content=\"1366\" \/>\n\t<meta property=\"og:image:height\" content=\"600\" \/>\n\t<meta property=\"og:image:type\" content=\"image\/jpeg\" \/>\n<meta name=\"author\" content=\"hegyizs\" \/>\n<meta name=\"twitter:card\" content=\"summary_large_image\" \/>\n<meta name=\"twitter:label1\" content=\"Written by\" \/>\n\t<meta name=\"twitter:data1\" content=\"Joshua Donaldson\" \/>\n\t<meta name=\"twitter:label2\" content=\"Est. reading time\" \/>\n\t<meta name=\"twitter:data2\" content=\"6\" \/>\n<script type=\"application\/ld+json\" class=\"yoast-schema-graph\">{\"@context\":\"https:\/\/schema.org\",\"@graph\":[{\"@type\":\"WebPage\",\"@id\":\"https:\/\/www.welovecycling.com\/hu\/kozosseg-es-kultura\/amikor-az-elit-kerekparozas-csaladi-vonas\/\",\"url\":\"https:\/\/www.welovecycling.com\/hu\/kozosseg-es-kultura\/amikor-az-elit-kerekparozas-csaladi-vonas\/\",\"name\":\"Amikor az elit ker\u00e9kp\u00e1roz\u00e1s csal\u00e1di von\u00e1s\",\"isPartOf\":{\"@id\":\"https:\/\/www.welovecycling.com\/hu\/#website\"},\"primaryImageOfPage\":{\"@id\":\"https:\/\/www.welovecycling.com\/hu\/kozosseg-es-kultura\/amikor-az-elit-kerekparozas-csaladi-vonas\/#primaryimage\"},\"image\":{\"@id\":\"https:\/\/www.welovecycling.com\/hu\/kozosseg-es-kultura\/amikor-az-elit-kerekparozas-csaladi-vonas\/#primaryimage\"},\"thumbnailUrl\":\"https:\/\/d2p6e6u75xmxt8.cloudfront.net\/12\/2022\/02\/Eddy-Merckx-Axel-Merckx-profimedia-0018602767-CVR.jpg\",\"datePublished\":\"2022-02-18T06:00:39+00:00\",\"author\":{\"@id\":\"https:\/\/www.welovecycling.com\/hu\/#\/schema\/person\/414a2aebf1801691a5320edb6468e194\"},\"description\":\"A sport vil\u00e1ga tele van olyan mesebeli t\u00f6rt\u00e9netekkel, melyekben a tehets\u00e9g nemzed\u00e9kr\u0151l nemzed\u00e9kre, ap\u00e1r\u00f3l fi\u00fara, any\u00e1r\u00f3l l\u00e1ny\u00e1ra sz\u00e1ll, \u00e9s lehet\u0151v\u00e9 teszi, hogy egy csal\u00e1d neve \u00e9vekig fennmaradjon a legmagasabb szinteken. \u00cdme, a ker\u00e9kp\u00e1roz\u00e1s legsikeresebb csal\u00e1djai!\",\"breadcrumb\":{\"@id\":\"https:\/\/www.welovecycling.com\/hu\/kozosseg-es-kultura\/amikor-az-elit-kerekparozas-csaladi-vonas\/#breadcrumb\"},\"inLanguage\":\"hu\",\"potentialAction\":[{\"@type\":\"ReadAction\",\"target\":[\"https:\/\/www.welovecycling.com\/hu\/kozosseg-es-kultura\/amikor-az-elit-kerekparozas-csaladi-vonas\/\"]}]},{\"@type\":\"ImageObject\",\"inLanguage\":\"hu\",\"@id\":\"https:\/\/www.welovecycling.com\/hu\/kozosseg-es-kultura\/amikor-az-elit-kerekparozas-csaladi-vonas\/#primaryimage\",\"url\":\"https:\/\/d2p6e6u75xmxt8.cloudfront.net\/12\/2022\/02\/Eddy-Merckx-Axel-Merckx-profimedia-0018602767-CVR.jpg\",\"contentUrl\":\"https:\/\/d2p6e6u75xmxt8.cloudfront.net\/12\/2022\/02\/Eddy-Merckx-Axel-Merckx-profimedia-0018602767-CVR.jpg\",\"width\":1366,\"height\":600,\"caption\":\"Eddy Merckx\"},{\"@type\":\"BreadcrumbList\",\"@id\":\"https:\/\/www.welovecycling.com\/hu\/kozosseg-es-kultura\/amikor-az-elit-kerekparozas-csaladi-vonas\/#breadcrumb\",\"itemListElement\":[{\"@type\":\"ListItem\",\"position\":1,\"name\":\"Home\",\"item\":\"https:\/\/www.welovecycling.com\/hu\/\"},{\"@type\":\"ListItem\",\"position\":2,\"name\":\"Amikor az elit ker\u00e9kp\u00e1roz\u00e1s csal\u00e1di von\u00e1s\"}]},{\"@type\":\"WebSite\",\"@id\":\"https:\/\/www.welovecycling.com\/hu\/#website\",\"url\":\"https:\/\/www.welovecycling.com\/hu\/\",\"name\":\"\u0160koda We Love Cycling - Magyarorsz\u00e1g\",\"description\":\"\u0160koda WeLoveCycling\",\"potentialAction\":[{\"@type\":\"SearchAction\",\"target\":{\"@type\":\"EntryPoint\",\"urlTemplate\":\"https:\/\/www.welovecycling.com\/hu\/?s={search_term_string}\"},\"query-input\":{\"@type\":\"PropertyValueSpecification\",\"valueRequired\":true,\"valueName\":\"search_term_string\"}}],\"inLanguage\":\"hu\"},{\"@type\":\"Person\",\"@id\":\"https:\/\/www.welovecycling.com\/hu\/#\/schema\/person\/414a2aebf1801691a5320edb6468e194\",\"name\":\"hegyizs\",\"image\":{\"@type\":\"ImageObject\",\"inLanguage\":\"hu\",\"@id\":\"https:\/\/www.welovecycling.com\/hu\/#\/schema\/person\/image\/\",\"url\":\"https:\/\/secure.gravatar.com\/avatar\/02cf8a7906b8cf90cecb4679defac7cfd33a1c2e3b88e4903d947f3bb58eedd3?s=96&d=mm&r=g\",\"contentUrl\":\"https:\/\/secure.gravatar.com\/avatar\/02cf8a7906b8cf90cecb4679defac7cfd33a1c2e3b88e4903d947f3bb58eedd3?s=96&d=mm&r=g\",\"caption\":\"hegyizs\"},\"url\":\"https:\/\/www.welovecycling.com\/hu\/author\/hegyizs\/\"}]}<\/script>\n<!-- \/ Yoast SEO Premium plugin. -->","yoast_head_json":{"title":"Amikor az elit ker\u00e9kp\u00e1roz\u00e1s csal\u00e1di von\u00e1s","description":"A sport vil\u00e1ga tele van olyan mesebeli t\u00f6rt\u00e9netekkel, melyekben a tehets\u00e9g nemzed\u00e9kr\u0151l nemzed\u00e9kre, ap\u00e1r\u00f3l fi\u00fara, any\u00e1r\u00f3l l\u00e1ny\u00e1ra sz\u00e1ll, \u00e9s lehet\u0151v\u00e9 teszi, hogy egy csal\u00e1d neve \u00e9vekig fennmaradjon a legmagasabb szinteken. \u00cdme, a ker\u00e9kp\u00e1roz\u00e1s legsikeresebb csal\u00e1djai!","robots":{"index":"index","follow":"follow","max-snippet":"max-snippet:-1","max-image-preview":"max-image-preview:large","max-video-preview":"max-video-preview:-1"},"canonical":"https:\/\/www.welovecycling.com\/hu\/kozosseg-es-kultura\/amikor-az-elit-kerekparozas-csaladi-vonas\/","og_locale":"hu_HU","og_type":"article","og_title":"Amikor az elit ker\u00e9kp\u00e1roz\u00e1s csal\u00e1di von\u00e1s","og_description":"A sport vil\u00e1ga tele van olyan mesebeli t\u00f6rt\u00e9netekkel, melyekben a tehets\u00e9g nemzed\u00e9kr\u0151l nemzed\u00e9kre, ap\u00e1r\u00f3l fi\u00fara, any\u00e1r\u00f3l l\u00e1ny\u00e1ra sz\u00e1ll, \u00e9s lehet\u0151v\u00e9 teszi, hogy egy csal\u00e1d neve \u00e9vekig fennmaradjon a legmagasabb szinteken. \u00cdme, a ker\u00e9kp\u00e1roz\u00e1s legsikeresebb csal\u00e1djai!","og_url":"https:\/\/www.welovecycling.com\/hu\/kozosseg-es-kultura\/amikor-az-elit-kerekparozas-csaladi-vonas\/","og_site_name":"\u0160koda We Love Cycling - Magyarorsz\u00e1g","article_publisher":"https:\/\/www.facebook.com\/WeLoveCyclingHungary\/","article_published_time":"2022-02-18T06:00:39+00:00","og_image":[{"width":1366,"height":600,"url":"https:\/\/d2p6e6u75xmxt8.cloudfront.net\/12\/2022\/02\/Eddy-Merckx-Axel-Merckx-profimedia-0018602767-CVR.jpg","type":"image\/jpeg"}],"author":"hegyizs","twitter_card":"summary_large_image","twitter_misc":{"Written by":"Joshua Donaldson","Est. reading time":"6"},"schema":{"@context":"https:\/\/schema.org","@graph":[{"@type":"WebPage","@id":"https:\/\/www.welovecycling.com\/hu\/kozosseg-es-kultura\/amikor-az-elit-kerekparozas-csaladi-vonas\/","url":"https:\/\/www.welovecycling.com\/hu\/kozosseg-es-kultura\/amikor-az-elit-kerekparozas-csaladi-vonas\/","name":"Amikor az elit ker\u00e9kp\u00e1roz\u00e1s csal\u00e1di von\u00e1s","isPartOf":{"@id":"https:\/\/www.welovecycling.com\/hu\/#website"},"primaryImageOfPage":{"@id":"https:\/\/www.welovecycling.com\/hu\/kozosseg-es-kultura\/amikor-az-elit-kerekparozas-csaladi-vonas\/#primaryimage"},"image":{"@id":"https:\/\/www.welovecycling.com\/hu\/kozosseg-es-kultura\/amikor-az-elit-kerekparozas-csaladi-vonas\/#primaryimage"},"thumbnailUrl":"https:\/\/d2p6e6u75xmxt8.cloudfront.net\/12\/2022\/02\/Eddy-Merckx-Axel-Merckx-profimedia-0018602767-CVR.jpg","datePublished":"2022-02-18T06:00:39+00:00","author":{"@id":"https:\/\/www.welovecycling.com\/hu\/#\/schema\/person\/414a2aebf1801691a5320edb6468e194"},"description":"A sport vil\u00e1ga tele van olyan mesebeli t\u00f6rt\u00e9netekkel, melyekben a tehets\u00e9g nemzed\u00e9kr\u0151l nemzed\u00e9kre, ap\u00e1r\u00f3l fi\u00fara, any\u00e1r\u00f3l l\u00e1ny\u00e1ra sz\u00e1ll, \u00e9s lehet\u0151v\u00e9 teszi, hogy egy csal\u00e1d neve \u00e9vekig fennmaradjon a legmagasabb szinteken. \u00cdme, a ker\u00e9kp\u00e1roz\u00e1s legsikeresebb csal\u00e1djai!","breadcrumb":{"@id":"https:\/\/www.welovecycling.com\/hu\/kozosseg-es-kultura\/amikor-az-elit-kerekparozas-csaladi-vonas\/#breadcrumb"},"inLanguage":"hu","potentialAction":[{"@type":"ReadAction","target":["https:\/\/www.welovecycling.com\/hu\/kozosseg-es-kultura\/amikor-az-elit-kerekparozas-csaladi-vonas\/"]}]},{"@type":"ImageObject","inLanguage":"hu","@id":"https:\/\/www.welovecycling.com\/hu\/kozosseg-es-kultura\/amikor-az-elit-kerekparozas-csaladi-vonas\/#primaryimage","url":"https:\/\/d2p6e6u75xmxt8.cloudfront.net\/12\/2022\/02\/Eddy-Merckx-Axel-Merckx-profimedia-0018602767-CVR.jpg","contentUrl":"https:\/\/d2p6e6u75xmxt8.cloudfront.net\/12\/2022\/02\/Eddy-Merckx-Axel-Merckx-profimedia-0018602767-CVR.jpg","width":1366,"height":600,"caption":"Eddy Merckx"},{"@type":"BreadcrumbList","@id":"https:\/\/www.welovecycling.com\/hu\/kozosseg-es-kultura\/amikor-az-elit-kerekparozas-csaladi-vonas\/#breadcrumb","itemListElement":[{"@type":"ListItem","position":1,"name":"Home","item":"https:\/\/www.welovecycling.com\/hu\/"},{"@type":"ListItem","position":2,"name":"Amikor az elit ker\u00e9kp\u00e1roz\u00e1s csal\u00e1di von\u00e1s"}]},{"@type":"WebSite","@id":"https:\/\/www.welovecycling.com\/hu\/#website","url":"https:\/\/www.welovecycling.com\/hu\/","name":"\u0160koda We Love Cycling - Magyarorsz\u00e1g","description":"\u0160koda WeLoveCycling","potentialAction":[{"@type":"SearchAction","target":{"@type":"EntryPoint","urlTemplate":"https:\/\/www.welovecycling.com\/hu\/?s={search_term_string}"},"query-input":{"@type":"PropertyValueSpecification","valueRequired":true,"valueName":"search_term_string"}}],"inLanguage":"hu"},{"@type":"Person","@id":"https:\/\/www.welovecycling.com\/hu\/#\/schema\/person\/414a2aebf1801691a5320edb6468e194","name":"hegyizs","image":{"@type":"ImageObject","inLanguage":"hu","@id":"https:\/\/www.welovecycling.com\/hu\/#\/schema\/person\/image\/","url":"https:\/\/secure.gravatar.com\/avatar\/02cf8a7906b8cf90cecb4679defac7cfd33a1c2e3b88e4903d947f3bb58eedd3?s=96&d=mm&r=g","contentUrl":"https:\/\/secure.gravatar.com\/avatar\/02cf8a7906b8cf90cecb4679defac7cfd33a1c2e3b88e4903d947f3bb58eedd3?s=96&d=mm&r=g","caption":"hegyizs"},"url":"https:\/\/www.welovecycling.com\/hu\/author\/hegyizs\/"}]}},"_links":{"self":[{"href":"https:\/\/www.welovecycling.com\/hu\/wp-json\/wp\/v2\/posts\/13596","targetHints":{"allow":["GET"]}}],"collection":[{"href":"https:\/\/www.welovecycling.com\/hu\/wp-json\/wp\/v2\/posts"}],"about":[{"href":"https:\/\/www.welovecycling.com\/hu\/wp-json\/wp\/v2\/types\/post"}],"author":[{"embeddable":true,"href":"https:\/\/www.welovecycling.com\/hu\/wp-json\/wp\/v2\/users\/71"}],"replies":[{"embeddable":true,"href":"https:\/\/www.welovecycling.com\/hu\/wp-json\/wp\/v2\/comments?post=13596"}],"version-history":[{"count":2,"href":"https:\/\/www.welovecycling.com\/hu\/wp-json\/wp\/v2\/posts\/13596\/revisions"}],"predecessor-version":[{"id":13605,"href":"https:\/\/www.welovecycling.com\/hu\/wp-json\/wp\/v2\/posts\/13596\/revisions\/13605"}],"wp:featuredmedia":[{"embeddable":true,"href":"https:\/\/www.welovecycling.com\/hu\/wp-json\/wp\/v2\/media\/13600"}],"wp:attachment":[{"href":"https:\/\/www.welovecycling.com\/hu\/wp-json\/wp\/v2\/media?parent=13596"}],"wp:term":[{"taxonomy":"category","embeddable":true,"href":"https:\/\/www.welovecycling.com\/hu\/wp-json\/wp\/v2\/categories?post=13596"},{"taxonomy":"post_tag","embeddable":true,"href":"https:\/\/www.welovecycling.com\/hu\/wp-json\/wp\/v2\/tags?post=13596"},{"taxonomy":"global-categories","embeddable":true,"href":"https:\/\/www.welovecycling.com\/hu\/wp-json\/wp\/v2\/global-categories?post=13596"}],"curies":[{"name":"wp","href":"https:\/\/api.w.org\/{rel}","templated":true}]}}