{"id":13588,"date":"2022-02-16T08:00:30","date_gmt":"2022-02-16T06:00:30","guid":{"rendered":"https:\/\/www.welovecycling.com\/hu\/?p=13588"},"modified":"2022-02-11T17:28:05","modified_gmt":"2022-02-11T15:28:05","slug":"a-kozos-tekeresek-nelkulozhetetlen-szerepe-egy-pandemia-utan","status":"publish","type":"post","link":"https:\/\/www.welovecycling.com\/hu\/kozosseg-es-kultura\/a-kozos-tekeresek-nelkulozhetetlen-szerepe-egy-pandemia-utan\/","title":{"rendered":"A k\u00f6z\u00f6s teker\u00e9sek n\u00e9lk\u00fcl\u00f6zhetetlen szerepe egy pand\u00e9mia ut\u00e1n"},"content":{"rendered":"<p><strong>Nem tudjuk, ti hogy vagytok vele, de \u00e9n nem ismerek senkit, akit legal\u00e1bb egy kicsit ne \u00e9rintettek volna meg a j\u00e1rv\u00e1nyhelyzet neh\u00e9zs\u00e9gei. A probl\u00e9m\u00e1k spektruma sz\u00e9les, \u00e9s vannak, akik szil\u00e1rdan \u00e1llnak a sk\u00e1la valamelyik pontj\u00e1n, m\u00e1sok pedig egyszer lent, egyszer fent tal\u00e1lj\u00e1k magukat. Mind emberek vagyunk, \u00e9s \u00e9rthet\u0151 m\u00f3don nem nagyon rajongunk az ismeretlen helyzetek\u00e9rt. Tal\u00e1lhatunk azonban olyan dolgokat a mindennapokban, amik seg\u00edtenek megk\u00fczdeni a bizonytalans\u00e1ggal. Sokaknak ez a ker\u00e9kp\u00e1rjukat jelenti.<\/strong><\/p>\n<p><!--more--><\/p>\n<p>Ker\u00e9kp\u00e1rjaink bizonyos fok\u00fa konzisztenci\u00e1t biztos\u00edtottak sz\u00e1munkra az elm\u00falt p\u00e1r \u00e9v ismeretlen t\u00e9nyez\u0151i k\u00f6z\u00f6tt. \u0150k voltak a menek\u00fcl\u00e9s\u00fcnk egy ny\u00fczsg\u0151 vagy egy csendes h\u00e1zb\u00f3l, lehet\u0151v\u00e9 tettek valamit, amit a v\u00e1ls\u00e1g teljes ideje alatt nem tehett\u00fcnk meg m\u00e1shogy, \u0151k adt\u00e1k a szabads\u00e1got \u00e9s a lehet\u0151s\u00e9get a bar\u00e1tokkal val\u00f3 kapcsolattart\u00e1sra. Sz\u00e1momra p\u00e9ld\u00e1ul a teker\u00e9s kimer\u00edtette a t\u00e1rsas\u00e1gi \u00e9letem, mert \u00e9pp a j\u00e1rv\u00e1ny el\u0151tt k\u00f6lt\u00f6ztem \u00faj helyre.<\/p>\n<p>Neh\u00e9z kifejezni, mennyit jelentett a bicikliz\u00e9s sz\u00e1munkra. Nekem akkor lett egy\u00e9rtelm\u0171, mennyire fontos a bring\u00e1m, amikor a karant\u00e9n felold\u00e1sa ut\u00e1n el\u0151sz\u00f6r mentem dolgozni. Nem volt t\u00fal messze t\u0151lem az iroda, \u00edgy biciklivel mentem. A f\u0151n\u00f6k\u00f6m javasolta, hogy z\u00e1rjam le a bring\u00e1m \u00e9s vonattal menj\u00fcnk egy \u00fczleti tal\u00e1lkoz\u00f3ra. Nagyon f\u00e9ltem, hogy ellopj\u00e1k! Nem voltam hajland\u00f3 otthagyni, eg\u00e9sz nap cipeltem magammal.<\/p>\n<p>Lehet, hogy az a baj, hogy jelenleg csak egy biciklim van. Mindenesetre aznap r\u00e1j\u00f6ttem, hogy ez, az egy \u00e9letem nagyon fontos r\u00e9sz\u00e9v\u00e9 v\u00e1lt. Mivel nem mehettem kocsm\u00e1ba vagy k\u00e1v\u00e9z\u00f3ba, egyed\u00fcl a biciklis csapatom tagjaival volt kapcsolatom a munk\u00e1n k\u00edv\u00fcl. A klub \u2013 Lakes Gravel Gang (LGG) \u2013a korl\u00e1toz\u00e1sok idej\u00e9n alakult, \u00e9s kezdetben csak p\u00e1rban tekerhett\u00fcnk. Azt\u00e1n enged\u00e9lyezt\u00e9k a hat f\u0151s csoportokat, \u00e9s mostanra t\u00f6bb ilyen is van, olyan sokan lett\u00fcnk. Vil\u00e1gosan l\u00e1tszott, mennyire sokat jelentenek a szombati t\u00far\u00e1k az \u00fajonnan \u00e9rkez\u0151knek. \u00dagy d\u00f6nt\u00f6ttem, kik\u00e9rdezem \u0151ket, mit jelentenek sz\u00e1mukra k\u00f6z\u00f6s \u00fatjaink.<\/p>\n<p>https:\/\/www.instagram.com\/p\/CZKaAfHM_NU\/<\/p>\n<p>Volt, aki pontosan azt \u00edrta le, amit \u00e9n is \u00e9reztem:<\/p>\n<p><em>\u201eAnnyira pozit\u00edv hat\u00e1ssal van r\u00e1m, hogy egy ker\u00e9kp\u00e1ros k\u00f6z\u00f6ss\u00e9g tagja lehetek. A j\u00e1rv\u00e1ny igazi hull\u00e1mvas\u00fat, \u00e9s sokszor neh\u00e9z megl\u00e1tni a f\u00e9nyt az alag\u00fat v\u00e9g\u00e9n. Azonban a tudat, hogy k\u00e9thetente j\u00f6v\u00f6k a csapattal t\u00far\u00e1zni, c\u00e9lt ad. A bar\u00e1ts\u00e1gos hangulat nagy \u00f6r\u00f6met jelent. Ha egy lakatlan szigeten rekedn\u00e9k, szeretn\u00e9m, ha velem lenne a biciklim!\u201d<\/em><\/p>\n<p>Sokak sz\u00e1m\u00e1ra a k\u00f6z\u00f6ss\u00e9g jelentette a legnagyobb vonzer\u0151t:<\/p>\n<p><em>\u201e\u00dajra szoci\u00e1lis lehetek \u00e9s kimozdulhatok otthonr\u00f3l.\u201d<\/em><\/p>\n<p><em>\u201eSeg\u00edtett, hogy \u00faj embereket ismerjek meg, \u00e9s magabiztosnak \u00e9rezzem magam egy \u00faj helyen.\u201d<\/em><\/p>\n<p><em>\u201eNagyon j\u00f3 hasonl\u00f3 gondolkod\u00e1s\u00fa emberekkel tal\u00e1lkozni, \u00e9s \u00e9lvezni vel\u00fck az edz\u00e9st \u00e9s a t\u00e1rsas\u00e1gi \u00e9letet.\u201d<\/em><\/p>\n<p>A ment\u00e1lis eg\u00e9szs\u00e9g komoly aggodalomra adott okot az elm\u00falt n\u00e9h\u00e1ny \u00e9vben. Ez sok v\u00e1laszban t\u00fckr\u00f6z\u0151d\u00f6tt:<\/p>\n<p><em>\u201eAz, hogy a szabadban lehetek, megk\u00f6nny\u00edtette a szorong\u00e1sr\u00f3l val\u00f3 besz\u00e9lget\u00e9st.\u201d<\/em><\/p>\n<p><em>\u201eSeg\u00edtett, hogy \u00faj embereket ismerjek meg, \u00faj bar\u00e1tokat szerezzek, \u00e9s \u00faj helyeket fedezzek fel. Az, hogy egy csoporthoz tartozom, j\u00f3t tett a ment\u00e1lis eg\u00e9szs\u00e9gemnek.\u201d<\/em><\/p>\n<p><em>\u201e\u00d6nbizalmat adott ahhoz, hogy egy es\u00e9s ut\u00e1n \u00fajra fel\u00fcljek a montimra, \u00e9s \u00fagy \u00e9rzem, hogy a bicikliz\u00e9s t\u00e1rsas\u00e1gi esem\u00e9ny is lehet, nem csak kem\u00e9ny edz\u00e9s! Azt hiszem, al\u00e1becs\u00fclj\u00fck a szocializ\u00e1ci\u00f3 jelent\u0151s\u00e9g\u00e9t. Az elm\u00falt 2 \u00e9v nagyobb hat\u00e1ssal volt r\u00e1nk, mint gondoln\u00e1nk. A csoport egy leheletnyi friss leveg\u0151t jelent, \u00e9s nagyon h\u00e1l\u00e1s vagyok mindenkinek, aki benne van, otthon \u00e9rzem magam k\u00f6z\u00f6tt\u00fck!\u201d<\/em><\/p>\n<p><em>\u201eCsod\u00e1latos volt tal\u00e1lkozni hasonl\u00f3 gondolkod\u00e1s\u00fa emberekkel \u00e9s \u00faj helyekre eljutni. Seg\u00edtett kicsit ler\u00e1zni a COVID-f\u00e9le szorong\u00e1st \u00e9s elszigetelts\u00e9get!\u201d<\/em><\/p>\n<p>Sok ember motiv\u00e1ci\u00f3ja igazi m\u00e9lypontra s\u00fcllyedt ebben az id\u0151szakba. Elszoktunk a t\u00e1rsas helyzetekt\u0151l. \u00e9s hogy belek\u00e9nyszer\u00edts\u00fck magunkat olyan szitu\u00e1ci\u00f3kba, amikr\u0151l tudjuk, hogy j\u00f3t fognak tenni, m\u00e9g ha nincs is hozz\u00e1juk kedv\u00fcnk.<\/p>\n<p><em>\u201eEgyed\u00fcl nincs motiv\u00e1ci\u00f3m biciklizni, de ha tudom, hogy v\u00e1r egy sz\u00f3rakoztat\u00f3, t\u00e1mogat\u00f3 csapat, akivel egy\u00fctt indulhatok el, sokkal k\u00f6nnyebben tudok kikelni az \u00e1gyb\u00f3l \u00e9s felsz\u00e1llni a biciklire!\u201d<\/em><\/p>\n<p><em>\u201eA bicikliz\u00e9s j\u00f3 m\u00f3dja volt annak, hogy kiszabaduljak a h\u00e1zb\u00f3l, de lassan m\u00e1r munk\u00e1nak \u00e9rz\u0151d\u00f6tt, \u00edgy teljesen elment t\u0151le a kedvem. A k\u00f6z\u00f6ss\u00e9gi ker\u00e9kp\u00e1rt\u00far\u00e1k viszont lehet\u0151v\u00e9 tett\u00e9k, hogy \u00fajra \u00e9lvezzem, \u00e9s csod\u00e1latos, hozz\u00e1m hasonl\u00f3 emberekkel kommunik\u00e1ljak!\u201d<\/em><\/p>\n<p><em>\u201eBorzaszt\u00f3an nehezen tal\u00e1lok id\u0151t r\u00e1, hogy t\u00far\u00e1kat szervezzek a bar\u00e1taimmal \u00e9s nem is nagyon ismerem a k\u00f6rny\u00e9ket. J\u00f3 tudni, hogy vannak, akik megteszik ezt helyettem!\u201d<\/em><\/p>\n<p><em>\u201eOkot ad r\u00e1, hogy kij\u00f6jjek a h\u00e1zb\u00f3l \u00e9s nyeregbe \u00fcljek. A meghat\u00e1rozott id\u0151ben \u00e9s helyen val\u00f3 tal\u00e1lkoz\u00e1s seg\u00edt, hogy akkor is elinduljak, amikor nincs olyan j\u00f3 id\u0151.\u201d<\/em><\/p>\n<p>https:\/\/www.instagram.com\/p\/CZjAl8Ls-I3\/<\/p>\n<p>V\u00e9gs\u0151 soron a k\u00f6z\u00f6ss\u00e9g \u00e9s a kapcsolatok azok, amik a legnagyobb hat\u00e1ssal voltak az emberekre ebben a neh\u00e9z id\u0151szakban:<\/p>\n<p><em>\u201eEgy olyan \u00e9v ut\u00e1n, amikor szinte semmilyen emberi kapcsolatom nem volt, v\u00e9gre k\u00f6z\u00f6ss\u00e9gre tal\u00e1ltam. A szoci\u00e1lis szorong\u00e1somon is sokat seg\u00edtett, nem ideval\u00f3si vagyok, \u00e9s \u00fagy \u00e9rzem, ebbe a csapatba m\u00e9gis beleillek.\u201d<\/em><\/p>\n<p><em>\u201eNemr\u00e9g vesz\u00edtettem el a kisl\u00e1nyomat. A csoport lehet\u0151s\u00e9get ad arra, hogy \u00fajra nyeregbe \u00fcljek, \u00faj kapcsolatokat teremtsek, \u00faj utakat tal\u00e1ljak, egy t\u00e1mogat\u00f3 \u00e9s sz\u00f3rakoztat\u00f3 k\u00f6rnyezetben.\u201d<\/em><\/p>\n<p><em>\u201eA j\u00e1rv\u00e1ny idej\u00e9n elk\u00f6lt\u00f6ztem \u00e9s otthonr\u00f3l dolgoztam, \u00edgy nagyon neh\u00e9z szitu\u00e1ci\u00f3ba ker\u00fcltem. Az LGG azonban lehet\u0151s\u00e9get adott arra, hogy bar\u00e1tokat szerezzek, csevegjek \u00e9s nevessek. A bring\u00e1mnak k\u00f6sz\u00f6nhet\u0151en most egy csod\u00e1latos t\u00e1mogat\u00f3 k\u00f6z\u00f6ss\u00e9g r\u00e9sze vagyok.\u201d<\/em><\/p>\n<p><em>\u201eTeljesen \u00fajonck\u00e9nt csatlakoztam a csoporthoz, \u00e9s csod\u00e1latos lehet\u0151s\u00e9get tal\u00e1ltam benne \u00faj emberek megismer\u00e9s\u00e9re \u00e9s bar\u00e1tok szerz\u00e9s\u00e9re. Mindig van kivel besz\u00e9lgetni, a hangulat vid\u00e1m \u00e9s \u00e9lettel teli! Ha m\u00e1sokkal tekersz, \u00faj helyekre is eljutsz, \u00e9s olyan terepeket is beveszel, amiket egyed\u00fcl nem mern\u00e9l.\u201d<\/em><\/p>\n<p><em>\u201eLehet\u0151v\u00e9 tette, hogy tal\u00e1lkozzam \u00e9s bar\u00e1tkozzak a k\u00f6zelben \u00e9l\u0151 n\u0151kkel, a bar\u00e1ti k\u00f6r\u00f6m NAGYON kib\u0151v\u00fclt!\u201d<\/em><\/p>\n","protected":false},"excerpt":{"rendered":"<p>Nem tudjuk, ti hogy vagytok vele, de \u00e9n nem ismerek senkit, akit legal\u00e1bb egy kicsit ne \u00e9rintettek volna meg a [&hellip;]<\/p>\n","protected":false},"author":71,"featured_media":13591,"comment_status":"open","ping_status":"open","sticky":false,"template":"","format":"standard","meta":{"footnotes":""},"categories":[12],"tags":[],"global-categories":[],"class_list":["post-13588","post","type-post","status-publish","format-standard","has-post-thumbnail","hentry","category-kozosseg-es-kultura"],"yoast_head":"<!-- This site is optimized with the Yoast SEO Premium plugin v25.3 (Yoast SEO v25.9) - https:\/\/yoast.com\/wordpress\/plugins\/seo\/ -->\n<title>A k\u00f6z\u00f6s teker\u00e9sek n\u00e9lk\u00fcl\u00f6zhetetlen szerepe egy pand\u00e9mia ut\u00e1n<\/title>\n<meta name=\"description\" content=\"Nem tudjuk, ti hogy vagytok vele, de \u00e9n nem ismerek senkit, akit legal\u00e1bb egy kicsit ne \u00e9rintettek volna meg a j\u00e1rv\u00e1nyhelyzet neh\u00e9zs\u00e9gei. A probl\u00e9m\u00e1k spektruma sz\u00e9les, \u00e9s vannak, akik szil\u00e1rdan \u00e1llnak a sk\u00e1la valamelyik pontj\u00e1n, m\u00e1sok pedig egyszer lent, egyszer fent tal\u00e1lj\u00e1k magukat.\" \/>\n<meta name=\"robots\" content=\"index, follow, max-snippet:-1, max-image-preview:large, max-video-preview:-1\" \/>\n<link rel=\"canonical\" href=\"https:\/\/www.welovecycling.com\/hu\/kozosseg-es-kultura\/a-kozos-tekeresek-nelkulozhetetlen-szerepe-egy-pandemia-utan\/\" \/>\n<meta property=\"og:locale\" content=\"hu_HU\" \/>\n<meta property=\"og:type\" content=\"article\" \/>\n<meta property=\"og:title\" content=\"A k\u00f6z\u00f6s teker\u00e9sek n\u00e9lk\u00fcl\u00f6zhetetlen szerepe egy pand\u00e9mia ut\u00e1n\" \/>\n<meta property=\"og:description\" content=\"Nem tudjuk, ti hogy vagytok vele, de \u00e9n nem ismerek senkit, akit legal\u00e1bb egy kicsit ne \u00e9rintettek volna meg a j\u00e1rv\u00e1nyhelyzet neh\u00e9zs\u00e9gei. A probl\u00e9m\u00e1k spektruma sz\u00e9les, \u00e9s vannak, akik szil\u00e1rdan \u00e1llnak a sk\u00e1la valamelyik pontj\u00e1n, m\u00e1sok pedig egyszer lent, egyszer fent tal\u00e1lj\u00e1k magukat.\" \/>\n<meta property=\"og:url\" content=\"https:\/\/www.welovecycling.com\/hu\/kozosseg-es-kultura\/a-kozos-tekeresek-nelkulozhetetlen-szerepe-egy-pandemia-utan\/\" \/>\n<meta property=\"og:site_name\" content=\"\u0160koda We Love Cycling - Magyarorsz\u00e1g\" \/>\n<meta property=\"article:publisher\" content=\"https:\/\/www.facebook.com\/WeLoveCyclingHungary\/\" \/>\n<meta property=\"article:published_time\" content=\"2022-02-16T06:00:30+00:00\" \/>\n<meta property=\"og:image\" content=\"https:\/\/d2p6e6u75xmxt8.cloudfront.net\/12\/2022\/02\/Road-cycling-profimedia-0383763508-CVR.jpg\" \/>\n\t<meta property=\"og:image:width\" content=\"1366\" \/>\n\t<meta property=\"og:image:height\" content=\"600\" \/>\n\t<meta property=\"og:image:type\" content=\"image\/jpeg\" \/>\n<meta name=\"author\" content=\"hegyizs\" \/>\n<meta name=\"twitter:card\" content=\"summary_large_image\" \/>\n<meta name=\"twitter:label1\" content=\"Written by\" \/>\n\t<meta name=\"twitter:data1\" content=\"Charlotte Murray\" \/>\n\t<meta name=\"twitter:label2\" content=\"Est. reading time\" \/>\n\t<meta name=\"twitter:data2\" content=\"6\" \/>\n<script type=\"application\/ld+json\" class=\"yoast-schema-graph\">{\"@context\":\"https:\/\/schema.org\",\"@graph\":[{\"@type\":\"WebPage\",\"@id\":\"https:\/\/www.welovecycling.com\/hu\/kozosseg-es-kultura\/a-kozos-tekeresek-nelkulozhetetlen-szerepe-egy-pandemia-utan\/\",\"url\":\"https:\/\/www.welovecycling.com\/hu\/kozosseg-es-kultura\/a-kozos-tekeresek-nelkulozhetetlen-szerepe-egy-pandemia-utan\/\",\"name\":\"A k\u00f6z\u00f6s teker\u00e9sek n\u00e9lk\u00fcl\u00f6zhetetlen szerepe egy pand\u00e9mia ut\u00e1n\",\"isPartOf\":{\"@id\":\"https:\/\/www.welovecycling.com\/hu\/#website\"},\"primaryImageOfPage\":{\"@id\":\"https:\/\/www.welovecycling.com\/hu\/kozosseg-es-kultura\/a-kozos-tekeresek-nelkulozhetetlen-szerepe-egy-pandemia-utan\/#primaryimage\"},\"image\":{\"@id\":\"https:\/\/www.welovecycling.com\/hu\/kozosseg-es-kultura\/a-kozos-tekeresek-nelkulozhetetlen-szerepe-egy-pandemia-utan\/#primaryimage\"},\"thumbnailUrl\":\"https:\/\/d2p6e6u75xmxt8.cloudfront.net\/12\/2022\/02\/Road-cycling-profimedia-0383763508-CVR.jpg\",\"datePublished\":\"2022-02-16T06:00:30+00:00\",\"author\":{\"@id\":\"https:\/\/www.welovecycling.com\/hu\/#\/schema\/person\/414a2aebf1801691a5320edb6468e194\"},\"description\":\"Nem tudjuk, ti hogy vagytok vele, de \u00e9n nem ismerek senkit, akit legal\u00e1bb egy kicsit ne \u00e9rintettek volna meg a j\u00e1rv\u00e1nyhelyzet neh\u00e9zs\u00e9gei. A probl\u00e9m\u00e1k spektruma sz\u00e9les, \u00e9s vannak, akik szil\u00e1rdan \u00e1llnak a sk\u00e1la valamelyik pontj\u00e1n, m\u00e1sok pedig egyszer lent, egyszer fent tal\u00e1lj\u00e1k magukat.\",\"breadcrumb\":{\"@id\":\"https:\/\/www.welovecycling.com\/hu\/kozosseg-es-kultura\/a-kozos-tekeresek-nelkulozhetetlen-szerepe-egy-pandemia-utan\/#breadcrumb\"},\"inLanguage\":\"hu\",\"potentialAction\":[{\"@type\":\"ReadAction\",\"target\":[\"https:\/\/www.welovecycling.com\/hu\/kozosseg-es-kultura\/a-kozos-tekeresek-nelkulozhetetlen-szerepe-egy-pandemia-utan\/\"]}]},{\"@type\":\"ImageObject\",\"inLanguage\":\"hu\",\"@id\":\"https:\/\/www.welovecycling.com\/hu\/kozosseg-es-kultura\/a-kozos-tekeresek-nelkulozhetetlen-szerepe-egy-pandemia-utan\/#primaryimage\",\"url\":\"https:\/\/d2p6e6u75xmxt8.cloudfront.net\/12\/2022\/02\/Road-cycling-profimedia-0383763508-CVR.jpg\",\"contentUrl\":\"https:\/\/d2p6e6u75xmxt8.cloudfront.net\/12\/2022\/02\/Road-cycling-profimedia-0383763508-CVR.jpg\",\"width\":1366,\"height\":600,\"caption\":\"Road cyclist\"},{\"@type\":\"BreadcrumbList\",\"@id\":\"https:\/\/www.welovecycling.com\/hu\/kozosseg-es-kultura\/a-kozos-tekeresek-nelkulozhetetlen-szerepe-egy-pandemia-utan\/#breadcrumb\",\"itemListElement\":[{\"@type\":\"ListItem\",\"position\":1,\"name\":\"Home\",\"item\":\"https:\/\/www.welovecycling.com\/hu\/\"},{\"@type\":\"ListItem\",\"position\":2,\"name\":\"A k\u00f6z\u00f6s teker\u00e9sek n\u00e9lk\u00fcl\u00f6zhetetlen szerepe egy pand\u00e9mia ut\u00e1n\"}]},{\"@type\":\"WebSite\",\"@id\":\"https:\/\/www.welovecycling.com\/hu\/#website\",\"url\":\"https:\/\/www.welovecycling.com\/hu\/\",\"name\":\"\u0160koda We Love Cycling - Magyarorsz\u00e1g\",\"description\":\"\u0160koda WeLoveCycling\",\"potentialAction\":[{\"@type\":\"SearchAction\",\"target\":{\"@type\":\"EntryPoint\",\"urlTemplate\":\"https:\/\/www.welovecycling.com\/hu\/?s={search_term_string}\"},\"query-input\":{\"@type\":\"PropertyValueSpecification\",\"valueRequired\":true,\"valueName\":\"search_term_string\"}}],\"inLanguage\":\"hu\"},{\"@type\":\"Person\",\"@id\":\"https:\/\/www.welovecycling.com\/hu\/#\/schema\/person\/414a2aebf1801691a5320edb6468e194\",\"name\":\"hegyizs\",\"image\":{\"@type\":\"ImageObject\",\"inLanguage\":\"hu\",\"@id\":\"https:\/\/www.welovecycling.com\/hu\/#\/schema\/person\/image\/\",\"url\":\"https:\/\/secure.gravatar.com\/avatar\/02cf8a7906b8cf90cecb4679defac7cfd33a1c2e3b88e4903d947f3bb58eedd3?s=96&d=mm&r=g\",\"contentUrl\":\"https:\/\/secure.gravatar.com\/avatar\/02cf8a7906b8cf90cecb4679defac7cfd33a1c2e3b88e4903d947f3bb58eedd3?s=96&d=mm&r=g\",\"caption\":\"hegyizs\"},\"url\":\"https:\/\/www.welovecycling.com\/hu\/author\/hegyizs\/\"}]}<\/script>\n<!-- \/ Yoast SEO Premium plugin. -->","yoast_head_json":{"title":"A k\u00f6z\u00f6s teker\u00e9sek n\u00e9lk\u00fcl\u00f6zhetetlen szerepe egy pand\u00e9mia ut\u00e1n","description":"Nem tudjuk, ti hogy vagytok vele, de \u00e9n nem ismerek senkit, akit legal\u00e1bb egy kicsit ne \u00e9rintettek volna meg a j\u00e1rv\u00e1nyhelyzet neh\u00e9zs\u00e9gei. A probl\u00e9m\u00e1k spektruma sz\u00e9les, \u00e9s vannak, akik szil\u00e1rdan \u00e1llnak a sk\u00e1la valamelyik pontj\u00e1n, m\u00e1sok pedig egyszer lent, egyszer fent tal\u00e1lj\u00e1k magukat.","robots":{"index":"index","follow":"follow","max-snippet":"max-snippet:-1","max-image-preview":"max-image-preview:large","max-video-preview":"max-video-preview:-1"},"canonical":"https:\/\/www.welovecycling.com\/hu\/kozosseg-es-kultura\/a-kozos-tekeresek-nelkulozhetetlen-szerepe-egy-pandemia-utan\/","og_locale":"hu_HU","og_type":"article","og_title":"A k\u00f6z\u00f6s teker\u00e9sek n\u00e9lk\u00fcl\u00f6zhetetlen szerepe egy pand\u00e9mia ut\u00e1n","og_description":"Nem tudjuk, ti hogy vagytok vele, de \u00e9n nem ismerek senkit, akit legal\u00e1bb egy kicsit ne \u00e9rintettek volna meg a j\u00e1rv\u00e1nyhelyzet neh\u00e9zs\u00e9gei. A probl\u00e9m\u00e1k spektruma sz\u00e9les, \u00e9s vannak, akik szil\u00e1rdan \u00e1llnak a sk\u00e1la valamelyik pontj\u00e1n, m\u00e1sok pedig egyszer lent, egyszer fent tal\u00e1lj\u00e1k magukat.","og_url":"https:\/\/www.welovecycling.com\/hu\/kozosseg-es-kultura\/a-kozos-tekeresek-nelkulozhetetlen-szerepe-egy-pandemia-utan\/","og_site_name":"\u0160koda We Love Cycling - Magyarorsz\u00e1g","article_publisher":"https:\/\/www.facebook.com\/WeLoveCyclingHungary\/","article_published_time":"2022-02-16T06:00:30+00:00","og_image":[{"width":1366,"height":600,"url":"https:\/\/d2p6e6u75xmxt8.cloudfront.net\/12\/2022\/02\/Road-cycling-profimedia-0383763508-CVR.jpg","type":"image\/jpeg"}],"author":"hegyizs","twitter_card":"summary_large_image","twitter_misc":{"Written by":"Charlotte Murray","Est. reading time":"6"},"schema":{"@context":"https:\/\/schema.org","@graph":[{"@type":"WebPage","@id":"https:\/\/www.welovecycling.com\/hu\/kozosseg-es-kultura\/a-kozos-tekeresek-nelkulozhetetlen-szerepe-egy-pandemia-utan\/","url":"https:\/\/www.welovecycling.com\/hu\/kozosseg-es-kultura\/a-kozos-tekeresek-nelkulozhetetlen-szerepe-egy-pandemia-utan\/","name":"A k\u00f6z\u00f6s teker\u00e9sek n\u00e9lk\u00fcl\u00f6zhetetlen szerepe egy pand\u00e9mia ut\u00e1n","isPartOf":{"@id":"https:\/\/www.welovecycling.com\/hu\/#website"},"primaryImageOfPage":{"@id":"https:\/\/www.welovecycling.com\/hu\/kozosseg-es-kultura\/a-kozos-tekeresek-nelkulozhetetlen-szerepe-egy-pandemia-utan\/#primaryimage"},"image":{"@id":"https:\/\/www.welovecycling.com\/hu\/kozosseg-es-kultura\/a-kozos-tekeresek-nelkulozhetetlen-szerepe-egy-pandemia-utan\/#primaryimage"},"thumbnailUrl":"https:\/\/d2p6e6u75xmxt8.cloudfront.net\/12\/2022\/02\/Road-cycling-profimedia-0383763508-CVR.jpg","datePublished":"2022-02-16T06:00:30+00:00","author":{"@id":"https:\/\/www.welovecycling.com\/hu\/#\/schema\/person\/414a2aebf1801691a5320edb6468e194"},"description":"Nem tudjuk, ti hogy vagytok vele, de \u00e9n nem ismerek senkit, akit legal\u00e1bb egy kicsit ne \u00e9rintettek volna meg a j\u00e1rv\u00e1nyhelyzet neh\u00e9zs\u00e9gei. A probl\u00e9m\u00e1k spektruma sz\u00e9les, \u00e9s vannak, akik szil\u00e1rdan \u00e1llnak a sk\u00e1la valamelyik pontj\u00e1n, m\u00e1sok pedig egyszer lent, egyszer fent tal\u00e1lj\u00e1k magukat.","breadcrumb":{"@id":"https:\/\/www.welovecycling.com\/hu\/kozosseg-es-kultura\/a-kozos-tekeresek-nelkulozhetetlen-szerepe-egy-pandemia-utan\/#breadcrumb"},"inLanguage":"hu","potentialAction":[{"@type":"ReadAction","target":["https:\/\/www.welovecycling.com\/hu\/kozosseg-es-kultura\/a-kozos-tekeresek-nelkulozhetetlen-szerepe-egy-pandemia-utan\/"]}]},{"@type":"ImageObject","inLanguage":"hu","@id":"https:\/\/www.welovecycling.com\/hu\/kozosseg-es-kultura\/a-kozos-tekeresek-nelkulozhetetlen-szerepe-egy-pandemia-utan\/#primaryimage","url":"https:\/\/d2p6e6u75xmxt8.cloudfront.net\/12\/2022\/02\/Road-cycling-profimedia-0383763508-CVR.jpg","contentUrl":"https:\/\/d2p6e6u75xmxt8.cloudfront.net\/12\/2022\/02\/Road-cycling-profimedia-0383763508-CVR.jpg","width":1366,"height":600,"caption":"Road cyclist"},{"@type":"BreadcrumbList","@id":"https:\/\/www.welovecycling.com\/hu\/kozosseg-es-kultura\/a-kozos-tekeresek-nelkulozhetetlen-szerepe-egy-pandemia-utan\/#breadcrumb","itemListElement":[{"@type":"ListItem","position":1,"name":"Home","item":"https:\/\/www.welovecycling.com\/hu\/"},{"@type":"ListItem","position":2,"name":"A k\u00f6z\u00f6s teker\u00e9sek n\u00e9lk\u00fcl\u00f6zhetetlen szerepe egy pand\u00e9mia ut\u00e1n"}]},{"@type":"WebSite","@id":"https:\/\/www.welovecycling.com\/hu\/#website","url":"https:\/\/www.welovecycling.com\/hu\/","name":"\u0160koda We Love Cycling - Magyarorsz\u00e1g","description":"\u0160koda WeLoveCycling","potentialAction":[{"@type":"SearchAction","target":{"@type":"EntryPoint","urlTemplate":"https:\/\/www.welovecycling.com\/hu\/?s={search_term_string}"},"query-input":{"@type":"PropertyValueSpecification","valueRequired":true,"valueName":"search_term_string"}}],"inLanguage":"hu"},{"@type":"Person","@id":"https:\/\/www.welovecycling.com\/hu\/#\/schema\/person\/414a2aebf1801691a5320edb6468e194","name":"hegyizs","image":{"@type":"ImageObject","inLanguage":"hu","@id":"https:\/\/www.welovecycling.com\/hu\/#\/schema\/person\/image\/","url":"https:\/\/secure.gravatar.com\/avatar\/02cf8a7906b8cf90cecb4679defac7cfd33a1c2e3b88e4903d947f3bb58eedd3?s=96&d=mm&r=g","contentUrl":"https:\/\/secure.gravatar.com\/avatar\/02cf8a7906b8cf90cecb4679defac7cfd33a1c2e3b88e4903d947f3bb58eedd3?s=96&d=mm&r=g","caption":"hegyizs"},"url":"https:\/\/www.welovecycling.com\/hu\/author\/hegyizs\/"}]}},"_links":{"self":[{"href":"https:\/\/www.welovecycling.com\/hu\/wp-json\/wp\/v2\/posts\/13588","targetHints":{"allow":["GET"]}}],"collection":[{"href":"https:\/\/www.welovecycling.com\/hu\/wp-json\/wp\/v2\/posts"}],"about":[{"href":"https:\/\/www.welovecycling.com\/hu\/wp-json\/wp\/v2\/types\/post"}],"author":[{"embeddable":true,"href":"https:\/\/www.welovecycling.com\/hu\/wp-json\/wp\/v2\/users\/71"}],"replies":[{"embeddable":true,"href":"https:\/\/www.welovecycling.com\/hu\/wp-json\/wp\/v2\/comments?post=13588"}],"version-history":[{"count":1,"href":"https:\/\/www.welovecycling.com\/hu\/wp-json\/wp\/v2\/posts\/13588\/revisions"}],"predecessor-version":[{"id":13603,"href":"https:\/\/www.welovecycling.com\/hu\/wp-json\/wp\/v2\/posts\/13588\/revisions\/13603"}],"wp:featuredmedia":[{"embeddable":true,"href":"https:\/\/www.welovecycling.com\/hu\/wp-json\/wp\/v2\/media\/13591"}],"wp:attachment":[{"href":"https:\/\/www.welovecycling.com\/hu\/wp-json\/wp\/v2\/media?parent=13588"}],"wp:term":[{"taxonomy":"category","embeddable":true,"href":"https:\/\/www.welovecycling.com\/hu\/wp-json\/wp\/v2\/categories?post=13588"},{"taxonomy":"post_tag","embeddable":true,"href":"https:\/\/www.welovecycling.com\/hu\/wp-json\/wp\/v2\/tags?post=13588"},{"taxonomy":"global-categories","embeddable":true,"href":"https:\/\/www.welovecycling.com\/hu\/wp-json\/wp\/v2\/global-categories?post=13588"}],"curies":[{"name":"wp","href":"https:\/\/api.w.org\/{rel}","templated":true}]}}