{"id":13586,"date":"2022-02-15T08:00:18","date_gmt":"2022-02-15T06:00:18","guid":{"rendered":"https:\/\/www.welovecycling.com\/hu\/?p=13586"},"modified":"2022-02-11T17:27:30","modified_gmt":"2022-02-11T15:27:30","slug":"a-kerekparosok-20-keresztje","status":"publish","type":"post","link":"https:\/\/www.welovecycling.com\/hu\/kozosseg-es-kultura\/a-kerekparosok-20-keresztje\/","title":{"rendered":"A ker\u00e9kp\u00e1rosok 20 keresztje"},"content":{"rendered":"<p><strong>Annak ellen\u00e9re, hogy a ker\u00e9kp\u00e1roz\u00e1s alapvet\u0151en egy \u00f6r\u00f6mteli tev\u00e9kenys\u00e9g, el\u0151fordul, hogy egy-egy felh\u0151 be\u00e1rny\u00e9kolja a napot. A teljess\u00e9g ig\u00e9nye n\u00e9lk\u00fcl \u00f6sszegy\u0171jt\u00f6tt\u00fcnk n\u00e9h\u00e1ny dolgot, amit minden ker\u00e9kp\u00e1ros ut\u00e1l. \u00cdme, a lista.<\/strong><\/p>\n<p><!--more--><\/p>\n<h4>1. Hallgatni azt az ideges\u00edt\u0151 hangot, ami valahonnan a h\u00e1ts\u00f3 f\u00e9k \u00e9s ker\u00e9k k\u00f6z\u00fcl j\u00f6n.<\/h4>\n<p>Mert a nyikorg\u00e1snak, kell, hogy eredete legyen. Csak tudn\u00e1d, mi az!<\/p>\n<h4>2. Viszonzatlan k\u00f6sz\u00f6n\u00e9sek<\/h4>\n<p>Akkor \u00e9rzed igaz\u00e1n, a ker\u00e9kp\u00e1ros k\u00f6z\u00f6ss\u00e9gb\u0151l \u00e1rad\u00f3 meleg szeretetet \u00e9s elfogad\u00e1st, amikor szembej\u00f6v\u0151 t\u00e1rsad egyszer\u0171en nem integet neked vissza.<\/p>\n<h4>3. Csapd\u00e1ba esni egy viharban<\/h4>\n<p>Csuromvizesen tekerni egyed\u00fcl a d\u00f6rg\u0151 \u00e9g alatt, igaz\u00e1n felemel\u0151 \u00e9rz\u00e9s: te vagy a ker\u00e9kp\u00e1roz\u00e1s h\u0151se! B\u00e1rcsak ne lenne m\u00e9g k\u00e9t \u00f3ra haz\u00e1ig.<\/p>\n<h4>4. Feljutni a hegycs\u00facsra \u00e9s \u00e9szrevenni, hogy egy m\u00e9g magasabb \u00e1ll m\u00f6g\u00f6tte<\/h4>\n<p>Nincs m\u00e1s h\u00e1tra, mint \u00f6sszeszor\u00edtani a fogaidat, \u00e9s tov\u00e1bb m\u00e1szni.<\/p>\n<h4>5. Megpr\u00f3b\u00e1lni sebess\u00e9get v\u00e1ltani \u00e9s r\u00e1j\u00f6nni, hogy nincs t\u00f6bb sebess\u00e9g<\/h4>\n<p>Nos, le lehet sz\u00e1llni \u00e9s tolni a bring\u00e1t, vagy megpr\u00f3b\u00e1lni m\u00e9g kem\u00e9nyebben k\u00fczdeni.<\/p>\n<h4>6. Amikor egy idegen r\u00e1dtapad<\/h4>\n<p>Bar\u00e1tok k\u00f6zt belef\u00e9r, de mi\u00e9rt adn\u00e1l sz\u00e9l\u00e1rny\u00e9kot egy random embernek, aki soha nem viszonozza majd a j\u00f3t\u00e9tem\u00e9nyt?<\/p>\n<h4>7. Behajtani egy sz\u0171k utc\u00e1ba vagy s\u00e1vba \u00e9s hagyni, hogy feltorl\u00f3djanak m\u00f6g\u00f6tted az aut\u00f3k<\/h4>\n<p>Senki sem szereti eltorlaszolni az utat, de n\u00e9ha a v\u00e1rosok infrastrukt\u00far\u00e1ja annyira rosszul van kialak\u00edtva, hogy es\u00e9lytelen \u00e1tengedni az aut\u00f3kat. Szomor\u00fa \u00e9s k\u00ednos pillanat ez minden \u00e9rintett sz\u00e1m\u00e1ra.<\/p>\n<h4>8. V\u00edz n\u00e9lk\u00fcl maradni<\/h4>\n<p>Mert benzinkutak, \u00fczletek \u00e9s pihen\u0151helyek csak addig l\u00e9teznek, ameddig tele van a palackod. Amint ki\u00fcr\u00fcl, var\u00e1zs\u00fct\u00e9sre elt\u0171nik az \u00f6sszes friss\u00edt\u0151pont a l\u00e1that\u00e1rr\u00f3l!<\/p>\n<h4>9. Szembesz\u00e9lben tekerni<\/h4>\n<p>K\u00fczdeni eg\u00e9sz oda\u00faton, hogy azt\u00e1n amikor visszafordulsz, megv\u00e1ltozzon a sz\u00e9l ir\u00e1nya, \u00e9s hazafel\u00e9 is k\u00fczdened kelljen.<\/p>\n<h4>10. Tan\u00e1cstalanul \u00e1csorogni egy bolt el\u0151tt, miut\u00e1n r\u00e1j\u00f6tt\u00e9l, hogy otthon hagytad a maszkod.<\/h4>\n<p>Nincs szendvics, nincs v\u00edz a feled\u00e9kenyeknek.<\/p>\n<h4>11. V\u00e9gign\u00e9zni, ahogy a hasad egyre ink\u00e1bb kidudorodik a sz\u0171k mez alatt, hi\u00e1ba edzel<\/h4>\n<p>\u00c9s ez bizony a korral csak rosszabb lesz.<\/p>\n<h4>12. Sz\u00e9tszak\u00edtani a l\u00e1ncot<\/h4>\n<p>Szersz\u00e1mok? \u00c9n azt\u00e1n nem fogom cipelni!<\/p>\n<h4>13. Macskak\u00f6veken z\u00f6tyk\u00f6l\u0151dni<\/h4>\n<p>B\u00e1rmilyen men\u0151 is a P\u00e1rizs-Robeaux-\u00e9let\u00e9rz\u00e9s, szeretn\u00e9l meghalni, miel\u0151tt mindent kir\u00e1znak bel\u0151led, amit valaha ett\u00e9l.<\/p>\n<h4>14. Utol\u00e9rni egy lassan halad\u00f3 aut\u00f3t, k\u00f6zvetlen\u00fcl egy lejt\u0151 el\u0151tt<\/h4>\n<p>A leereszked\u00e9s \u00e9des jutalma, amelyet a m\u00e1sz\u00e1s fizikai \u00e9s lelki gy\u00f6trelmeinek lek\u00fczd\u00e9se k\u00f6zben elk\u00e9pzelt\u00e9l, csak \u00e1lom marad.<\/p>\n<h4>15. Amikor lehagynak, pedig kem\u00e9nyen k\u00fczdesz<\/h4>\n<p>K\u00fcl\u00f6n\u00f6sen f\u00e1j, ha egy biciklis fut\u00e1r suhan el melletted e-bring\u00e1j\u00e1n.<\/p>\n<h4>16. Amikor meg\u00e1ll\u00edt a piros l\u00e1mpa<\/h4>\n<p>\u00c9s ezzel minden lend\u00fcleted oda a nagy emelked\u0151 el\u0151tt.<\/p>\n<h4>17. Egy ideges\u00edt\u0151 sof\u0151r ideges\u00edt\u0151 dud\u00e1l\u00e1sa<\/h4>\n<p>Nem halad t\u0151le gyorsabban a forgalom.<\/p>\n<h4>18. Kimer\u00fclni a semmi k\u00f6zep\u00e9n<\/h4>\n<p>Itt az ideje seg\u00edts\u00e9get h\u00edvni.<\/p>\n<h4>19. \u00datlez\u00e1r\u00e1sba botlani, ami nem szerepel a t\u00e9rk\u00e9pen<\/h4>\n<p>A ker\u00fcl\u0151\u00fat 35 kilom\u00e9terrel n\u00f6veli a tervezett \u00fat hossz\u00e1t.<\/p>\n<h4>20. Felvenni egy extra r\u00e9teget, mert azt hiszed, hideg van<\/h4>\n<p>De persze meleg van. Mit csin\u00e1ljon az ember a plusz mezzel?<\/p>\n","protected":false},"excerpt":{"rendered":"<p>Annak ellen\u00e9re, hogy a ker\u00e9kp\u00e1roz\u00e1s alapvet\u0151en egy \u00f6r\u00f6mteli tev\u00e9kenys\u00e9g, el\u0151fordul, hogy egy-egy felh\u0151 be\u00e1rny\u00e9kolja a napot. A teljess\u00e9g ig\u00e9nye n\u00e9lk\u00fcl [&hellip;]<\/p>\n","protected":false},"author":71,"featured_media":13587,"comment_status":"open","ping_status":"open","sticky":false,"template":"","format":"standard","meta":{"footnotes":""},"categories":[12],"tags":[],"global-categories":[],"class_list":["post-13586","post","type-post","status-publish","format-standard","has-post-thumbnail","hentry","category-kozosseg-es-kultura"],"yoast_head":"<!-- This site is optimized with the Yoast SEO Premium plugin v25.3 (Yoast SEO v25.9) - https:\/\/yoast.com\/wordpress\/plugins\/seo\/ -->\n<title>A ker\u00e9kp\u00e1rosok 20 keresztje<\/title>\n<meta name=\"description\" content=\"Annak ellen\u00e9re, hogy a ker\u00e9kp\u00e1roz\u00e1s alapvet\u0151en egy \u00f6r\u00f6mteli tev\u00e9kenys\u00e9g, el\u0151fordul, hogy egy-egy felh\u0151 be\u00e1rny\u00e9kolja a napot. A teljess\u00e9g ig\u00e9nye n\u00e9lk\u00fcl \u00f6sszegy\u0171jt\u00f6tt\u00fcnk n\u00e9h\u00e1ny dolgot, amit minden ker\u00e9kp\u00e1ros ut\u00e1l. \u00cdme, a lista.\" \/>\n<meta name=\"robots\" content=\"index, follow, max-snippet:-1, max-image-preview:large, max-video-preview:-1\" \/>\n<link rel=\"canonical\" href=\"https:\/\/www.welovecycling.com\/hu\/kozosseg-es-kultura\/a-kerekparosok-20-keresztje\/\" \/>\n<meta property=\"og:locale\" content=\"hu_HU\" \/>\n<meta property=\"og:type\" content=\"article\" \/>\n<meta property=\"og:title\" content=\"A ker\u00e9kp\u00e1rosok 20 keresztje\" \/>\n<meta property=\"og:description\" content=\"Annak ellen\u00e9re, hogy a ker\u00e9kp\u00e1roz\u00e1s alapvet\u0151en egy \u00f6r\u00f6mteli tev\u00e9kenys\u00e9g, el\u0151fordul, hogy egy-egy felh\u0151 be\u00e1rny\u00e9kolja a napot. A teljess\u00e9g ig\u00e9nye n\u00e9lk\u00fcl \u00f6sszegy\u0171jt\u00f6tt\u00fcnk n\u00e9h\u00e1ny dolgot, amit minden ker\u00e9kp\u00e1ros ut\u00e1l. \u00cdme, a lista.\" \/>\n<meta property=\"og:url\" content=\"https:\/\/www.welovecycling.com\/hu\/kozosseg-es-kultura\/a-kerekparosok-20-keresztje\/\" \/>\n<meta property=\"og:site_name\" content=\"\u0160koda We Love Cycling - Magyarorsz\u00e1g\" \/>\n<meta property=\"article:publisher\" content=\"https:\/\/www.facebook.com\/WeLoveCyclingHungary\/\" \/>\n<meta property=\"article:published_time\" content=\"2022-02-15T06:00:18+00:00\" \/>\n<meta property=\"og:image\" content=\"https:\/\/d2p6e6u75xmxt8.cloudfront.net\/12\/2022\/02\/Cyclist-mountains-.pexels-matheus-wladeka-6501336-CVR.jpg\" \/>\n\t<meta property=\"og:image:width\" content=\"1366\" \/>\n\t<meta property=\"og:image:height\" content=\"600\" \/>\n\t<meta property=\"og:image:type\" content=\"image\/jpeg\" \/>\n<meta name=\"author\" content=\"hegyizs\" \/>\n<meta name=\"twitter:card\" content=\"summary_large_image\" \/>\n<meta name=\"twitter:label1\" content=\"Written by\" \/>\n\t<meta name=\"twitter:data1\" content=\"Adam Marsal\" \/>\n\t<meta name=\"twitter:label2\" content=\"Est. reading time\" \/>\n\t<meta name=\"twitter:data2\" content=\"5\" \/>\n<script type=\"application\/ld+json\" class=\"yoast-schema-graph\">{\"@context\":\"https:\/\/schema.org\",\"@graph\":[{\"@type\":\"WebPage\",\"@id\":\"https:\/\/www.welovecycling.com\/hu\/kozosseg-es-kultura\/a-kerekparosok-20-keresztje\/\",\"url\":\"https:\/\/www.welovecycling.com\/hu\/kozosseg-es-kultura\/a-kerekparosok-20-keresztje\/\",\"name\":\"A ker\u00e9kp\u00e1rosok 20 keresztje\",\"isPartOf\":{\"@id\":\"https:\/\/www.welovecycling.com\/hu\/#website\"},\"primaryImageOfPage\":{\"@id\":\"https:\/\/www.welovecycling.com\/hu\/kozosseg-es-kultura\/a-kerekparosok-20-keresztje\/#primaryimage\"},\"image\":{\"@id\":\"https:\/\/www.welovecycling.com\/hu\/kozosseg-es-kultura\/a-kerekparosok-20-keresztje\/#primaryimage\"},\"thumbnailUrl\":\"https:\/\/d2p6e6u75xmxt8.cloudfront.net\/12\/2022\/02\/Cyclist-mountains-.pexels-matheus-wladeka-6501336-CVR.jpg\",\"datePublished\":\"2022-02-15T06:00:18+00:00\",\"author\":{\"@id\":\"https:\/\/www.welovecycling.com\/hu\/#\/schema\/person\/414a2aebf1801691a5320edb6468e194\"},\"description\":\"Annak ellen\u00e9re, hogy a ker\u00e9kp\u00e1roz\u00e1s alapvet\u0151en egy \u00f6r\u00f6mteli tev\u00e9kenys\u00e9g, el\u0151fordul, hogy egy-egy felh\u0151 be\u00e1rny\u00e9kolja a napot. A teljess\u00e9g ig\u00e9nye n\u00e9lk\u00fcl \u00f6sszegy\u0171jt\u00f6tt\u00fcnk n\u00e9h\u00e1ny dolgot, amit minden ker\u00e9kp\u00e1ros ut\u00e1l. \u00cdme, a lista.\",\"breadcrumb\":{\"@id\":\"https:\/\/www.welovecycling.com\/hu\/kozosseg-es-kultura\/a-kerekparosok-20-keresztje\/#breadcrumb\"},\"inLanguage\":\"hu\",\"potentialAction\":[{\"@type\":\"ReadAction\",\"target\":[\"https:\/\/www.welovecycling.com\/hu\/kozosseg-es-kultura\/a-kerekparosok-20-keresztje\/\"]}]},{\"@type\":\"ImageObject\",\"inLanguage\":\"hu\",\"@id\":\"https:\/\/www.welovecycling.com\/hu\/kozosseg-es-kultura\/a-kerekparosok-20-keresztje\/#primaryimage\",\"url\":\"https:\/\/d2p6e6u75xmxt8.cloudfront.net\/12\/2022\/02\/Cyclist-mountains-.pexels-matheus-wladeka-6501336-CVR.jpg\",\"contentUrl\":\"https:\/\/d2p6e6u75xmxt8.cloudfront.net\/12\/2022\/02\/Cyclist-mountains-.pexels-matheus-wladeka-6501336-CVR.jpg\",\"width\":1366,\"height\":600,\"caption\":\"Mountain biking\"},{\"@type\":\"BreadcrumbList\",\"@id\":\"https:\/\/www.welovecycling.com\/hu\/kozosseg-es-kultura\/a-kerekparosok-20-keresztje\/#breadcrumb\",\"itemListElement\":[{\"@type\":\"ListItem\",\"position\":1,\"name\":\"Home\",\"item\":\"https:\/\/www.welovecycling.com\/hu\/\"},{\"@type\":\"ListItem\",\"position\":2,\"name\":\"A ker\u00e9kp\u00e1rosok 20 keresztje\"}]},{\"@type\":\"WebSite\",\"@id\":\"https:\/\/www.welovecycling.com\/hu\/#website\",\"url\":\"https:\/\/www.welovecycling.com\/hu\/\",\"name\":\"\u0160koda We Love Cycling - Magyarorsz\u00e1g\",\"description\":\"\u0160koda WeLoveCycling\",\"potentialAction\":[{\"@type\":\"SearchAction\",\"target\":{\"@type\":\"EntryPoint\",\"urlTemplate\":\"https:\/\/www.welovecycling.com\/hu\/?s={search_term_string}\"},\"query-input\":{\"@type\":\"PropertyValueSpecification\",\"valueRequired\":true,\"valueName\":\"search_term_string\"}}],\"inLanguage\":\"hu\"},{\"@type\":\"Person\",\"@id\":\"https:\/\/www.welovecycling.com\/hu\/#\/schema\/person\/414a2aebf1801691a5320edb6468e194\",\"name\":\"hegyizs\",\"image\":{\"@type\":\"ImageObject\",\"inLanguage\":\"hu\",\"@id\":\"https:\/\/www.welovecycling.com\/hu\/#\/schema\/person\/image\/\",\"url\":\"https:\/\/secure.gravatar.com\/avatar\/02cf8a7906b8cf90cecb4679defac7cfd33a1c2e3b88e4903d947f3bb58eedd3?s=96&d=mm&r=g\",\"contentUrl\":\"https:\/\/secure.gravatar.com\/avatar\/02cf8a7906b8cf90cecb4679defac7cfd33a1c2e3b88e4903d947f3bb58eedd3?s=96&d=mm&r=g\",\"caption\":\"hegyizs\"},\"url\":\"https:\/\/www.welovecycling.com\/hu\/author\/hegyizs\/\"}]}<\/script>\n<!-- \/ Yoast SEO Premium plugin. -->","yoast_head_json":{"title":"A ker\u00e9kp\u00e1rosok 20 keresztje","description":"Annak ellen\u00e9re, hogy a ker\u00e9kp\u00e1roz\u00e1s alapvet\u0151en egy \u00f6r\u00f6mteli tev\u00e9kenys\u00e9g, el\u0151fordul, hogy egy-egy felh\u0151 be\u00e1rny\u00e9kolja a napot. A teljess\u00e9g ig\u00e9nye n\u00e9lk\u00fcl \u00f6sszegy\u0171jt\u00f6tt\u00fcnk n\u00e9h\u00e1ny dolgot, amit minden ker\u00e9kp\u00e1ros ut\u00e1l. \u00cdme, a lista.","robots":{"index":"index","follow":"follow","max-snippet":"max-snippet:-1","max-image-preview":"max-image-preview:large","max-video-preview":"max-video-preview:-1"},"canonical":"https:\/\/www.welovecycling.com\/hu\/kozosseg-es-kultura\/a-kerekparosok-20-keresztje\/","og_locale":"hu_HU","og_type":"article","og_title":"A ker\u00e9kp\u00e1rosok 20 keresztje","og_description":"Annak ellen\u00e9re, hogy a ker\u00e9kp\u00e1roz\u00e1s alapvet\u0151en egy \u00f6r\u00f6mteli tev\u00e9kenys\u00e9g, el\u0151fordul, hogy egy-egy felh\u0151 be\u00e1rny\u00e9kolja a napot. A teljess\u00e9g ig\u00e9nye n\u00e9lk\u00fcl \u00f6sszegy\u0171jt\u00f6tt\u00fcnk n\u00e9h\u00e1ny dolgot, amit minden ker\u00e9kp\u00e1ros ut\u00e1l. \u00cdme, a lista.","og_url":"https:\/\/www.welovecycling.com\/hu\/kozosseg-es-kultura\/a-kerekparosok-20-keresztje\/","og_site_name":"\u0160koda We Love Cycling - Magyarorsz\u00e1g","article_publisher":"https:\/\/www.facebook.com\/WeLoveCyclingHungary\/","article_published_time":"2022-02-15T06:00:18+00:00","og_image":[{"width":1366,"height":600,"url":"https:\/\/d2p6e6u75xmxt8.cloudfront.net\/12\/2022\/02\/Cyclist-mountains-.pexels-matheus-wladeka-6501336-CVR.jpg","type":"image\/jpeg"}],"author":"hegyizs","twitter_card":"summary_large_image","twitter_misc":{"Written by":"Adam Marsal","Est. reading time":"5"},"schema":{"@context":"https:\/\/schema.org","@graph":[{"@type":"WebPage","@id":"https:\/\/www.welovecycling.com\/hu\/kozosseg-es-kultura\/a-kerekparosok-20-keresztje\/","url":"https:\/\/www.welovecycling.com\/hu\/kozosseg-es-kultura\/a-kerekparosok-20-keresztje\/","name":"A ker\u00e9kp\u00e1rosok 20 keresztje","isPartOf":{"@id":"https:\/\/www.welovecycling.com\/hu\/#website"},"primaryImageOfPage":{"@id":"https:\/\/www.welovecycling.com\/hu\/kozosseg-es-kultura\/a-kerekparosok-20-keresztje\/#primaryimage"},"image":{"@id":"https:\/\/www.welovecycling.com\/hu\/kozosseg-es-kultura\/a-kerekparosok-20-keresztje\/#primaryimage"},"thumbnailUrl":"https:\/\/d2p6e6u75xmxt8.cloudfront.net\/12\/2022\/02\/Cyclist-mountains-.pexels-matheus-wladeka-6501336-CVR.jpg","datePublished":"2022-02-15T06:00:18+00:00","author":{"@id":"https:\/\/www.welovecycling.com\/hu\/#\/schema\/person\/414a2aebf1801691a5320edb6468e194"},"description":"Annak ellen\u00e9re, hogy a ker\u00e9kp\u00e1roz\u00e1s alapvet\u0151en egy \u00f6r\u00f6mteli tev\u00e9kenys\u00e9g, el\u0151fordul, hogy egy-egy felh\u0151 be\u00e1rny\u00e9kolja a napot. A teljess\u00e9g ig\u00e9nye n\u00e9lk\u00fcl \u00f6sszegy\u0171jt\u00f6tt\u00fcnk n\u00e9h\u00e1ny dolgot, amit minden ker\u00e9kp\u00e1ros ut\u00e1l. \u00cdme, a lista.","breadcrumb":{"@id":"https:\/\/www.welovecycling.com\/hu\/kozosseg-es-kultura\/a-kerekparosok-20-keresztje\/#breadcrumb"},"inLanguage":"hu","potentialAction":[{"@type":"ReadAction","target":["https:\/\/www.welovecycling.com\/hu\/kozosseg-es-kultura\/a-kerekparosok-20-keresztje\/"]}]},{"@type":"ImageObject","inLanguage":"hu","@id":"https:\/\/www.welovecycling.com\/hu\/kozosseg-es-kultura\/a-kerekparosok-20-keresztje\/#primaryimage","url":"https:\/\/d2p6e6u75xmxt8.cloudfront.net\/12\/2022\/02\/Cyclist-mountains-.pexels-matheus-wladeka-6501336-CVR.jpg","contentUrl":"https:\/\/d2p6e6u75xmxt8.cloudfront.net\/12\/2022\/02\/Cyclist-mountains-.pexels-matheus-wladeka-6501336-CVR.jpg","width":1366,"height":600,"caption":"Mountain biking"},{"@type":"BreadcrumbList","@id":"https:\/\/www.welovecycling.com\/hu\/kozosseg-es-kultura\/a-kerekparosok-20-keresztje\/#breadcrumb","itemListElement":[{"@type":"ListItem","position":1,"name":"Home","item":"https:\/\/www.welovecycling.com\/hu\/"},{"@type":"ListItem","position":2,"name":"A ker\u00e9kp\u00e1rosok 20 keresztje"}]},{"@type":"WebSite","@id":"https:\/\/www.welovecycling.com\/hu\/#website","url":"https:\/\/www.welovecycling.com\/hu\/","name":"\u0160koda We Love Cycling - Magyarorsz\u00e1g","description":"\u0160koda WeLoveCycling","potentialAction":[{"@type":"SearchAction","target":{"@type":"EntryPoint","urlTemplate":"https:\/\/www.welovecycling.com\/hu\/?s={search_term_string}"},"query-input":{"@type":"PropertyValueSpecification","valueRequired":true,"valueName":"search_term_string"}}],"inLanguage":"hu"},{"@type":"Person","@id":"https:\/\/www.welovecycling.com\/hu\/#\/schema\/person\/414a2aebf1801691a5320edb6468e194","name":"hegyizs","image":{"@type":"ImageObject","inLanguage":"hu","@id":"https:\/\/www.welovecycling.com\/hu\/#\/schema\/person\/image\/","url":"https:\/\/secure.gravatar.com\/avatar\/02cf8a7906b8cf90cecb4679defac7cfd33a1c2e3b88e4903d947f3bb58eedd3?s=96&d=mm&r=g","contentUrl":"https:\/\/secure.gravatar.com\/avatar\/02cf8a7906b8cf90cecb4679defac7cfd33a1c2e3b88e4903d947f3bb58eedd3?s=96&d=mm&r=g","caption":"hegyizs"},"url":"https:\/\/www.welovecycling.com\/hu\/author\/hegyizs\/"}]}},"_links":{"self":[{"href":"https:\/\/www.welovecycling.com\/hu\/wp-json\/wp\/v2\/posts\/13586","targetHints":{"allow":["GET"]}}],"collection":[{"href":"https:\/\/www.welovecycling.com\/hu\/wp-json\/wp\/v2\/posts"}],"about":[{"href":"https:\/\/www.welovecycling.com\/hu\/wp-json\/wp\/v2\/types\/post"}],"author":[{"embeddable":true,"href":"https:\/\/www.welovecycling.com\/hu\/wp-json\/wp\/v2\/users\/71"}],"replies":[{"embeddable":true,"href":"https:\/\/www.welovecycling.com\/hu\/wp-json\/wp\/v2\/comments?post=13586"}],"version-history":[{"count":1,"href":"https:\/\/www.welovecycling.com\/hu\/wp-json\/wp\/v2\/posts\/13586\/revisions"}],"predecessor-version":[{"id":13602,"href":"https:\/\/www.welovecycling.com\/hu\/wp-json\/wp\/v2\/posts\/13586\/revisions\/13602"}],"wp:featuredmedia":[{"embeddable":true,"href":"https:\/\/www.welovecycling.com\/hu\/wp-json\/wp\/v2\/media\/13587"}],"wp:attachment":[{"href":"https:\/\/www.welovecycling.com\/hu\/wp-json\/wp\/v2\/media?parent=13586"}],"wp:term":[{"taxonomy":"category","embeddable":true,"href":"https:\/\/www.welovecycling.com\/hu\/wp-json\/wp\/v2\/categories?post=13586"},{"taxonomy":"post_tag","embeddable":true,"href":"https:\/\/www.welovecycling.com\/hu\/wp-json\/wp\/v2\/tags?post=13586"},{"taxonomy":"global-categories","embeddable":true,"href":"https:\/\/www.welovecycling.com\/hu\/wp-json\/wp\/v2\/global-categories?post=13586"}],"curies":[{"name":"wp","href":"https:\/\/api.w.org\/{rel}","templated":true}]}}