{"id":13583,"date":"2022-02-14T08:00:18","date_gmt":"2022-02-14T06:00:18","guid":{"rendered":"https:\/\/www.welovecycling.com\/hu\/?p=13583"},"modified":"2022-02-11T17:26:31","modified_gmt":"2022-02-11T15:26:31","slug":"roglic-a-jumbo-vismanak-jol-gondoljatok-at-a-strategiat","status":"publish","type":"post","link":"https:\/\/www.welovecycling.com\/hu\/orszaguti-kerekpar\/roglic-a-jumbo-vismanak-jol-gondoljatok-at-a-strategiat\/","title":{"rendered":"Rogli\u010d a Jumbo-Vism\u00e1nak: J\u00f3l gondolj\u00e1tok \u00e1t a strat\u00e9gi\u00e1t!"},"content":{"rendered":"<p><strong>B\u00e1r m\u00e9g majdnem hat h\u00f3nap van h\u00e1tra a Tour de France-ig, m\u00e1r majdnem biztosan besz\u00e9lhet\u00fcnk arr\u00f3l, kik lesznek a favoritok \u00e9s kik a f\u0151 riv\u00e1lisok (lesz\u00e1m\u00edtva az esetleges betegs\u00e9geket vagy s\u00e9r\u00fcl\u00e9seket).<\/strong><\/p>\n<p><!--more--><\/p>\n<p>Azt p\u00e9ld\u00e1ul magabiztosan kijelenthetj\u00fck, hogy a Jumbo-Visma lesz a mez\u0151ny leger\u0151sebb csapata, nem egy, nem kett\u0151, hanem h\u00e1rom es\u00e9lyessel az \u00e9len: az \u00f6r\u00f6k kedvenc, Primoz Rogli\u010d, a tavalyi meglepet\u00e9s, Jonas Vingegaard \u00e9s a sokoldal\u00fa Wout van Aert is a csapat tagja.<\/p>\n<p>Probl\u00e9m\u00e1t tal\u00e1n a t\u00fal sok tehets\u00e9g jelenthet sz\u00e1mukra, hiszen Rogli\u010d \u00e9s Vingegaard egyar\u00e1nt a s\u00e1rga trik\u00f3t, Aert pedig a z\u00f6ld mezt szeretn\u00e9 megc\u00e9lozni. Ahogy Rogli\u010d elmondta, a csapat m\u00e9g a p\u00f6tty\u00f6s mez megszerz\u00e9s\u00e9ben is rem\u00e9nykedhet, ha Sepp Kuss, a remek hegym\u00e1sz\u00f3 a v\u00e1rakoz\u00e1soknak megfelel\u0151en indul a Tour-on.<\/p>\n<div class=\"embed-controller-wrapper\">\n<blockquote class=\"twitter-tweet\" data-width=\"500\" data-dnt=\"true\">\n<p lang=\"en\" dir=\"ltr\">We wish @JumboVismaIce good luck at the Olympics!\ud83d\udcaa\ud83c\udffc<br \/>Here are 5 tips from our side\ud83d\ude1c<a href=\"https:\/\/twitter.com\/hashtag\/olympics?src=hash&amp;ref_src=twsrc%5Etfw\">#olympics<\/a> <a href=\"https:\/\/twitter.com\/hashtag\/Beijing2022?src=hash&amp;ref_src=twsrc%5Etfw\">#Beijing2022<\/a> <a href=\"https:\/\/t.co\/lCj1cimEJF\">pic.twitter.com\/lCj1cimEJF<\/a><\/p>\n<p>&mdash; Team Visma | Lease a Bike (@vismaleaseabike) <a href=\"https:\/\/twitter.com\/vismaleaseabike\/status\/1487025478703722501?ref_src=twsrc%5Etfw\">January 28, 2022<\/a><\/p><\/blockquote>\n<p><script async data-src=\"https:\/\/platform.twitter.com\/widgets.js\" charset=\"utf-8\"><\/script><\/div>\n<p>Rogli\u010d \u2013 aki a k\u00f6zelm\u00faltban 2025-ig meghosszabb\u00edtotta szerz\u0151d\u00e9s\u00e9t a holland csapattal \u2013 tart a c\u00e9lok \u00f6ssze\u00fctk\u00f6z\u00e9s\u00e9t\u0151l, \u00e9s arra k\u00e9rte a csapatot, alaposan gondolj\u00e1k \u00e1t, hogyan k\u00f6zel\u00edtik meg a 2022-es Tour de France-t.<\/p>\n<p>Az, hogy van Aert nyilv\u00e1nosan is kijelentette, hogy id\u00e9n a z\u00f6ld \u0160koda mez megszerz\u00e9s\u00e9t t\u0171zte ki maga el\u00e9, probl\u00e9m\u00e1t jelenthet a m\u00e1sik k\u00e9t csapatvezet\u0151, Rogli\u010d \u00e9s Vingegaard sz\u00e1m\u00e1ra.<\/p>\n<p>A belga l\u00e9tfontoss\u00e1g\u00fa szerepet t\u00f6lt\u00f6tt be eddig abban, hogy Rogli\u010d a s\u00e1rga trik\u00f3\u00e9rt induljon, a szakaszgy\u0151zelmekben \u00e9s a lehet\u0151s\u00e9gek kihaszn\u00e1l\u00e1sban.<\/p>\n<p>Rogli\u010d a Het Laatste Nieuws belga \u00fajs\u00e1gnak adott interj\u00faj\u00e1ban elmondta, fenn\u00e1ll a vesz\u00e9lye annak, hogy a csapat t\u00fals\u00e1gosan sz\u00e9tsz\u00f3rja er\u0151forr\u00e1sait, k\u00fcl\u00f6n\u00f6sen, ha k\u00e9t versenyz\u0151 ugyanaz\u00e9rt a d\u00edj\u00e9rt indul.<\/p>\n<p><em>\u201eElm\u00e9letileg b\u00e1rmi lehets\u00e9ges\u201d<\/em> \u2013 mondta. <em>\u201eDe a csapatnak meg kell hat\u00e1roznia, hogy mi a f\u0151 c\u00e9l, \u00e9s ahhoz igaz\u00edtani egy olyan tervet, ami mindkett\u0151nk sz\u00e1m\u00e1ra m\u0171k\u00f6d\u0151k\u00e9pes. Ebben alapnak kell lennie, hogy Wout \u00e9s \u00e9n seg\u00edt\u00fcnk egym\u00e1snak. Meg kell tal\u00e1lnunk a m\u00f3dj\u00e1t, hogy \u0151 szakaszgy\u0151zelmet tudjon szerezni, \u00e9n pedig megpr\u00f3b\u00e1lhatok egy kis id\u0151t szerezni. Ezt alaposan \u00e1t kell gondolnunk.\u201d<\/em><\/p>\n<p>Szerinte az \u00f6sszetett gy\u0151zelemre val\u00f3 t\u00f6rekv\u00e9se, nem \u201emegsz\u00e1llotts\u00e1g\u201d. Ink\u00e1bb azt szeretn\u00e9, ha mint \u201eharcos\u201d eml\u00e9kezn\u00e9nek r\u00e1, \u00e9s ne a megszerzett d\u00edjak alapj\u00e1n \u00edt\u00e9lj\u00e9k meg. M\u00e9gis, 32 \u00e9vesen ez lehet az utols\u00f3 es\u00e9lye, hogy megnyerje a s\u00e1rga trik\u00f3t.<\/p>\n<p>\u201eTerm\u00e9szetesen szeretn\u00e9m megnyerni a Tourt, de nem akarom, hogy \u00fagy eml\u00e9kezzenek r\u00e1m, mint aki megnyerte vagy nem nyerte meg a Tourt\u201d \u2013 mondta Rogli\u010d. <em>\u201eSzeretn\u00e9m, ha az emberek \u00fagy gondoln\u00e1nak r\u00e1m, mint aki minden alkalommal k\u00fczd\u00f6tt \u00e9rte, aki minden versenyen a legjobbat adta mag\u00e1b\u00f3l. Ez az, aki lenni szeretn\u00e9k.&#8221;<\/em><\/p>\n<p>A szlov\u00e9n a 2018-as Tour \u00f6sszes\u00edt\u00e9s\u00e9ben a negyedik helyen v\u00e9gzett, ami \u00e1tt\u00f6r\u00e9st jelentett sz\u00e1m\u00e1ra \u00e9s beker\u00fclt a potenci\u00e1lis Grand Tour-bajnokok k\u00f6z\u00e9. 2020-ban t\u00e9rt vissza a versenyre, miut\u00e1n megnyerte a Vuelta a Espa\u00f1\u00e1t, de az utols\u00f3 el\u0151tti napon sz\u00edvszor\u00edt\u00f3 veres\u00e9get szenvedett honfit\u00e1rs\u00e1t\u00f3l, Tadej Poga\u010dart\u00f3l. Egy korai buk\u00e1s vetett v\u00e9get tavalyi amb\u00edci\u00f3inak.<\/p>\n<p>A k\u00e9rd\u00e9sre, hogy tov\u00e1bbra is hisz-e benne, hogy megnyerheti a s\u00e1rga trik\u00f3t, egy hat\u00e1rozott igen volt a v\u00e1lasz.<\/p>\n","protected":false},"excerpt":{"rendered":"<p>B\u00e1r m\u00e9g majdnem hat h\u00f3nap van h\u00e1tra a Tour de France-ig, m\u00e1r majdnem biztosan besz\u00e9lhet\u00fcnk arr\u00f3l, kik lesznek a favoritok [&hellip;]<\/p>\n","protected":false},"author":71,"featured_media":13585,"comment_status":"open","ping_status":"open","sticky":false,"template":"","format":"standard","meta":{"footnotes":""},"categories":[8],"tags":[],"global-categories":[],"class_list":["post-13583","post","type-post","status-publish","format-standard","has-post-thumbnail","hentry","category-orszaguti-kerekpar"],"yoast_head":"<!-- This site is optimized with the Yoast SEO Premium plugin v25.3 (Yoast SEO v25.9) - https:\/\/yoast.com\/wordpress\/plugins\/seo\/ -->\n<title>Rogli\u010d a Jumbo-Vism\u00e1nak: J\u00f3l gondolj\u00e1tok \u00e1t a strat\u00e9gi\u00e1t!<\/title>\n<meta name=\"description\" content=\"B\u00e1r m\u00e9g majdnem hat h\u00f3nap van h\u00e1tra a Tour de France-ig, m\u00e1r majdnem biztosan besz\u00e9lhet\u00fcnk arr\u00f3l, kik lesznek a favoritok \u00e9s kik a f\u0151 riv\u00e1lisok (lesz\u00e1m\u00edtva az esetleges betegs\u00e9geket vagy s\u00e9r\u00fcl\u00e9seket).\" \/>\n<meta name=\"robots\" content=\"index, follow, max-snippet:-1, max-image-preview:large, max-video-preview:-1\" \/>\n<link rel=\"canonical\" href=\"https:\/\/www.welovecycling.com\/hu\/orszaguti-kerekpar\/roglic-a-jumbo-vismanak-jol-gondoljatok-at-a-strategiat\/\" \/>\n<meta property=\"og:locale\" content=\"hu_HU\" \/>\n<meta property=\"og:type\" content=\"article\" \/>\n<meta property=\"og:title\" content=\"Rogli\u010d a Jumbo-Vism\u00e1nak: J\u00f3l gondolj\u00e1tok \u00e1t a strat\u00e9gi\u00e1t!\" \/>\n<meta property=\"og:description\" content=\"B\u00e1r m\u00e9g majdnem hat h\u00f3nap van h\u00e1tra a Tour de France-ig, m\u00e1r majdnem biztosan besz\u00e9lhet\u00fcnk arr\u00f3l, kik lesznek a favoritok \u00e9s kik a f\u0151 riv\u00e1lisok (lesz\u00e1m\u00edtva az esetleges betegs\u00e9geket vagy s\u00e9r\u00fcl\u00e9seket).\" \/>\n<meta property=\"og:url\" content=\"https:\/\/www.welovecycling.com\/hu\/orszaguti-kerekpar\/roglic-a-jumbo-vismanak-jol-gondoljatok-at-a-strategiat\/\" \/>\n<meta property=\"og:site_name\" content=\"\u0160koda We Love Cycling - Magyarorsz\u00e1g\" \/>\n<meta property=\"article:publisher\" content=\"https:\/\/www.facebook.com\/WeLoveCyclingHungary\/\" \/>\n<meta property=\"article:published_time\" content=\"2022-02-14T06:00:18+00:00\" \/>\n<meta property=\"og:image\" content=\"https:\/\/d2p6e6u75xmxt8.cloudfront.net\/12\/2022\/02\/Primoz-Roglic-profimedia-0651974953-CVR.jpg\" \/>\n\t<meta property=\"og:image:width\" content=\"1366\" \/>\n\t<meta property=\"og:image:height\" content=\"600\" \/>\n\t<meta property=\"og:image:type\" content=\"image\/jpeg\" \/>\n<meta name=\"author\" content=\"hegyizs\" \/>\n<meta name=\"twitter:card\" content=\"summary_large_image\" \/>\n<meta name=\"twitter:label1\" content=\"Written by\" \/>\n\t<meta name=\"twitter:data1\" content=\"Siegfried Mortkowitz\" \/>\n\t<meta name=\"twitter:label2\" content=\"Est. reading time\" \/>\n\t<meta name=\"twitter:data2\" content=\"5\" \/>\n<script type=\"application\/ld+json\" class=\"yoast-schema-graph\">{\"@context\":\"https:\/\/schema.org\",\"@graph\":[{\"@type\":\"WebPage\",\"@id\":\"https:\/\/www.welovecycling.com\/hu\/orszaguti-kerekpar\/roglic-a-jumbo-vismanak-jol-gondoljatok-at-a-strategiat\/\",\"url\":\"https:\/\/www.welovecycling.com\/hu\/orszaguti-kerekpar\/roglic-a-jumbo-vismanak-jol-gondoljatok-at-a-strategiat\/\",\"name\":\"Rogli\u010d a Jumbo-Vism\u00e1nak: J\u00f3l gondolj\u00e1tok \u00e1t a strat\u00e9gi\u00e1t!\",\"isPartOf\":{\"@id\":\"https:\/\/www.welovecycling.com\/hu\/#website\"},\"primaryImageOfPage\":{\"@id\":\"https:\/\/www.welovecycling.com\/hu\/orszaguti-kerekpar\/roglic-a-jumbo-vismanak-jol-gondoljatok-at-a-strategiat\/#primaryimage\"},\"image\":{\"@id\":\"https:\/\/www.welovecycling.com\/hu\/orszaguti-kerekpar\/roglic-a-jumbo-vismanak-jol-gondoljatok-at-a-strategiat\/#primaryimage\"},\"thumbnailUrl\":\"https:\/\/d2p6e6u75xmxt8.cloudfront.net\/12\/2022\/02\/Primoz-Roglic-profimedia-0651974953-CVR.jpg\",\"datePublished\":\"2022-02-14T06:00:18+00:00\",\"author\":{\"@id\":\"https:\/\/www.welovecycling.com\/hu\/#\/schema\/person\/414a2aebf1801691a5320edb6468e194\"},\"description\":\"B\u00e1r m\u00e9g majdnem hat h\u00f3nap van h\u00e1tra a Tour de France-ig, m\u00e1r majdnem biztosan besz\u00e9lhet\u00fcnk arr\u00f3l, kik lesznek a favoritok \u00e9s kik a f\u0151 riv\u00e1lisok (lesz\u00e1m\u00edtva az esetleges betegs\u00e9geket vagy s\u00e9r\u00fcl\u00e9seket).\",\"breadcrumb\":{\"@id\":\"https:\/\/www.welovecycling.com\/hu\/orszaguti-kerekpar\/roglic-a-jumbo-vismanak-jol-gondoljatok-at-a-strategiat\/#breadcrumb\"},\"inLanguage\":\"hu\",\"potentialAction\":[{\"@type\":\"ReadAction\",\"target\":[\"https:\/\/www.welovecycling.com\/hu\/orszaguti-kerekpar\/roglic-a-jumbo-vismanak-jol-gondoljatok-at-a-strategiat\/\"]}]},{\"@type\":\"ImageObject\",\"inLanguage\":\"hu\",\"@id\":\"https:\/\/www.welovecycling.com\/hu\/orszaguti-kerekpar\/roglic-a-jumbo-vismanak-jol-gondoljatok-at-a-strategiat\/#primaryimage\",\"url\":\"https:\/\/d2p6e6u75xmxt8.cloudfront.net\/12\/2022\/02\/Primoz-Roglic-profimedia-0651974953-CVR.jpg\",\"contentUrl\":\"https:\/\/d2p6e6u75xmxt8.cloudfront.net\/12\/2022\/02\/Primoz-Roglic-profimedia-0651974953-CVR.jpg\",\"width\":1366,\"height\":600,\"caption\":\"Primo\u017e Rogli\u010d\"},{\"@type\":\"BreadcrumbList\",\"@id\":\"https:\/\/www.welovecycling.com\/hu\/orszaguti-kerekpar\/roglic-a-jumbo-vismanak-jol-gondoljatok-at-a-strategiat\/#breadcrumb\",\"itemListElement\":[{\"@type\":\"ListItem\",\"position\":1,\"name\":\"Home\",\"item\":\"https:\/\/www.welovecycling.com\/hu\/\"},{\"@type\":\"ListItem\",\"position\":2,\"name\":\"Rogli\u010d a Jumbo-Vism\u00e1nak: J\u00f3l gondolj\u00e1tok \u00e1t a strat\u00e9gi\u00e1t!\"}]},{\"@type\":\"WebSite\",\"@id\":\"https:\/\/www.welovecycling.com\/hu\/#website\",\"url\":\"https:\/\/www.welovecycling.com\/hu\/\",\"name\":\"\u0160koda We Love Cycling - Magyarorsz\u00e1g\",\"description\":\"\u0160koda WeLoveCycling\",\"potentialAction\":[{\"@type\":\"SearchAction\",\"target\":{\"@type\":\"EntryPoint\",\"urlTemplate\":\"https:\/\/www.welovecycling.com\/hu\/?s={search_term_string}\"},\"query-input\":{\"@type\":\"PropertyValueSpecification\",\"valueRequired\":true,\"valueName\":\"search_term_string\"}}],\"inLanguage\":\"hu\"},{\"@type\":\"Person\",\"@id\":\"https:\/\/www.welovecycling.com\/hu\/#\/schema\/person\/414a2aebf1801691a5320edb6468e194\",\"name\":\"hegyizs\",\"image\":{\"@type\":\"ImageObject\",\"inLanguage\":\"hu\",\"@id\":\"https:\/\/www.welovecycling.com\/hu\/#\/schema\/person\/image\/\",\"url\":\"https:\/\/secure.gravatar.com\/avatar\/02cf8a7906b8cf90cecb4679defac7cfd33a1c2e3b88e4903d947f3bb58eedd3?s=96&d=mm&r=g\",\"contentUrl\":\"https:\/\/secure.gravatar.com\/avatar\/02cf8a7906b8cf90cecb4679defac7cfd33a1c2e3b88e4903d947f3bb58eedd3?s=96&d=mm&r=g\",\"caption\":\"hegyizs\"},\"url\":\"https:\/\/www.welovecycling.com\/hu\/author\/hegyizs\/\"}]}<\/script>\n<!-- \/ Yoast SEO Premium plugin. -->","yoast_head_json":{"title":"Rogli\u010d a Jumbo-Vism\u00e1nak: J\u00f3l gondolj\u00e1tok \u00e1t a strat\u00e9gi\u00e1t!","description":"B\u00e1r m\u00e9g majdnem hat h\u00f3nap van h\u00e1tra a Tour de France-ig, m\u00e1r majdnem biztosan besz\u00e9lhet\u00fcnk arr\u00f3l, kik lesznek a favoritok \u00e9s kik a f\u0151 riv\u00e1lisok (lesz\u00e1m\u00edtva az esetleges betegs\u00e9geket vagy s\u00e9r\u00fcl\u00e9seket).","robots":{"index":"index","follow":"follow","max-snippet":"max-snippet:-1","max-image-preview":"max-image-preview:large","max-video-preview":"max-video-preview:-1"},"canonical":"https:\/\/www.welovecycling.com\/hu\/orszaguti-kerekpar\/roglic-a-jumbo-vismanak-jol-gondoljatok-at-a-strategiat\/","og_locale":"hu_HU","og_type":"article","og_title":"Rogli\u010d a Jumbo-Vism\u00e1nak: J\u00f3l gondolj\u00e1tok \u00e1t a strat\u00e9gi\u00e1t!","og_description":"B\u00e1r m\u00e9g majdnem hat h\u00f3nap van h\u00e1tra a Tour de France-ig, m\u00e1r majdnem biztosan besz\u00e9lhet\u00fcnk arr\u00f3l, kik lesznek a favoritok \u00e9s kik a f\u0151 riv\u00e1lisok (lesz\u00e1m\u00edtva az esetleges betegs\u00e9geket vagy s\u00e9r\u00fcl\u00e9seket).","og_url":"https:\/\/www.welovecycling.com\/hu\/orszaguti-kerekpar\/roglic-a-jumbo-vismanak-jol-gondoljatok-at-a-strategiat\/","og_site_name":"\u0160koda We Love Cycling - Magyarorsz\u00e1g","article_publisher":"https:\/\/www.facebook.com\/WeLoveCyclingHungary\/","article_published_time":"2022-02-14T06:00:18+00:00","og_image":[{"width":1366,"height":600,"url":"https:\/\/d2p6e6u75xmxt8.cloudfront.net\/12\/2022\/02\/Primoz-Roglic-profimedia-0651974953-CVR.jpg","type":"image\/jpeg"}],"author":"hegyizs","twitter_card":"summary_large_image","twitter_misc":{"Written by":"Siegfried Mortkowitz","Est. reading time":"5"},"schema":{"@context":"https:\/\/schema.org","@graph":[{"@type":"WebPage","@id":"https:\/\/www.welovecycling.com\/hu\/orszaguti-kerekpar\/roglic-a-jumbo-vismanak-jol-gondoljatok-at-a-strategiat\/","url":"https:\/\/www.welovecycling.com\/hu\/orszaguti-kerekpar\/roglic-a-jumbo-vismanak-jol-gondoljatok-at-a-strategiat\/","name":"Rogli\u010d a Jumbo-Vism\u00e1nak: J\u00f3l gondolj\u00e1tok \u00e1t a strat\u00e9gi\u00e1t!","isPartOf":{"@id":"https:\/\/www.welovecycling.com\/hu\/#website"},"primaryImageOfPage":{"@id":"https:\/\/www.welovecycling.com\/hu\/orszaguti-kerekpar\/roglic-a-jumbo-vismanak-jol-gondoljatok-at-a-strategiat\/#primaryimage"},"image":{"@id":"https:\/\/www.welovecycling.com\/hu\/orszaguti-kerekpar\/roglic-a-jumbo-vismanak-jol-gondoljatok-at-a-strategiat\/#primaryimage"},"thumbnailUrl":"https:\/\/d2p6e6u75xmxt8.cloudfront.net\/12\/2022\/02\/Primoz-Roglic-profimedia-0651974953-CVR.jpg","datePublished":"2022-02-14T06:00:18+00:00","author":{"@id":"https:\/\/www.welovecycling.com\/hu\/#\/schema\/person\/414a2aebf1801691a5320edb6468e194"},"description":"B\u00e1r m\u00e9g majdnem hat h\u00f3nap van h\u00e1tra a Tour de France-ig, m\u00e1r majdnem biztosan besz\u00e9lhet\u00fcnk arr\u00f3l, kik lesznek a favoritok \u00e9s kik a f\u0151 riv\u00e1lisok (lesz\u00e1m\u00edtva az esetleges betegs\u00e9geket vagy s\u00e9r\u00fcl\u00e9seket).","breadcrumb":{"@id":"https:\/\/www.welovecycling.com\/hu\/orszaguti-kerekpar\/roglic-a-jumbo-vismanak-jol-gondoljatok-at-a-strategiat\/#breadcrumb"},"inLanguage":"hu","potentialAction":[{"@type":"ReadAction","target":["https:\/\/www.welovecycling.com\/hu\/orszaguti-kerekpar\/roglic-a-jumbo-vismanak-jol-gondoljatok-at-a-strategiat\/"]}]},{"@type":"ImageObject","inLanguage":"hu","@id":"https:\/\/www.welovecycling.com\/hu\/orszaguti-kerekpar\/roglic-a-jumbo-vismanak-jol-gondoljatok-at-a-strategiat\/#primaryimage","url":"https:\/\/d2p6e6u75xmxt8.cloudfront.net\/12\/2022\/02\/Primoz-Roglic-profimedia-0651974953-CVR.jpg","contentUrl":"https:\/\/d2p6e6u75xmxt8.cloudfront.net\/12\/2022\/02\/Primoz-Roglic-profimedia-0651974953-CVR.jpg","width":1366,"height":600,"caption":"Primo\u017e Rogli\u010d"},{"@type":"BreadcrumbList","@id":"https:\/\/www.welovecycling.com\/hu\/orszaguti-kerekpar\/roglic-a-jumbo-vismanak-jol-gondoljatok-at-a-strategiat\/#breadcrumb","itemListElement":[{"@type":"ListItem","position":1,"name":"Home","item":"https:\/\/www.welovecycling.com\/hu\/"},{"@type":"ListItem","position":2,"name":"Rogli\u010d a Jumbo-Vism\u00e1nak: J\u00f3l gondolj\u00e1tok \u00e1t a strat\u00e9gi\u00e1t!"}]},{"@type":"WebSite","@id":"https:\/\/www.welovecycling.com\/hu\/#website","url":"https:\/\/www.welovecycling.com\/hu\/","name":"\u0160koda We Love Cycling - Magyarorsz\u00e1g","description":"\u0160koda WeLoveCycling","potentialAction":[{"@type":"SearchAction","target":{"@type":"EntryPoint","urlTemplate":"https:\/\/www.welovecycling.com\/hu\/?s={search_term_string}"},"query-input":{"@type":"PropertyValueSpecification","valueRequired":true,"valueName":"search_term_string"}}],"inLanguage":"hu"},{"@type":"Person","@id":"https:\/\/www.welovecycling.com\/hu\/#\/schema\/person\/414a2aebf1801691a5320edb6468e194","name":"hegyizs","image":{"@type":"ImageObject","inLanguage":"hu","@id":"https:\/\/www.welovecycling.com\/hu\/#\/schema\/person\/image\/","url":"https:\/\/secure.gravatar.com\/avatar\/02cf8a7906b8cf90cecb4679defac7cfd33a1c2e3b88e4903d947f3bb58eedd3?s=96&d=mm&r=g","contentUrl":"https:\/\/secure.gravatar.com\/avatar\/02cf8a7906b8cf90cecb4679defac7cfd33a1c2e3b88e4903d947f3bb58eedd3?s=96&d=mm&r=g","caption":"hegyizs"},"url":"https:\/\/www.welovecycling.com\/hu\/author\/hegyizs\/"}]}},"_links":{"self":[{"href":"https:\/\/www.welovecycling.com\/hu\/wp-json\/wp\/v2\/posts\/13583","targetHints":{"allow":["GET"]}}],"collection":[{"href":"https:\/\/www.welovecycling.com\/hu\/wp-json\/wp\/v2\/posts"}],"about":[{"href":"https:\/\/www.welovecycling.com\/hu\/wp-json\/wp\/v2\/types\/post"}],"author":[{"embeddable":true,"href":"https:\/\/www.welovecycling.com\/hu\/wp-json\/wp\/v2\/users\/71"}],"replies":[{"embeddable":true,"href":"https:\/\/www.welovecycling.com\/hu\/wp-json\/wp\/v2\/comments?post=13583"}],"version-history":[{"count":1,"href":"https:\/\/www.welovecycling.com\/hu\/wp-json\/wp\/v2\/posts\/13583\/revisions"}],"predecessor-version":[{"id":13601,"href":"https:\/\/www.welovecycling.com\/hu\/wp-json\/wp\/v2\/posts\/13583\/revisions\/13601"}],"wp:featuredmedia":[{"embeddable":true,"href":"https:\/\/www.welovecycling.com\/hu\/wp-json\/wp\/v2\/media\/13585"}],"wp:attachment":[{"href":"https:\/\/www.welovecycling.com\/hu\/wp-json\/wp\/v2\/media?parent=13583"}],"wp:term":[{"taxonomy":"category","embeddable":true,"href":"https:\/\/www.welovecycling.com\/hu\/wp-json\/wp\/v2\/categories?post=13583"},{"taxonomy":"post_tag","embeddable":true,"href":"https:\/\/www.welovecycling.com\/hu\/wp-json\/wp\/v2\/tags?post=13583"},{"taxonomy":"global-categories","embeddable":true,"href":"https:\/\/www.welovecycling.com\/hu\/wp-json\/wp\/v2\/global-categories?post=13583"}],"curies":[{"name":"wp","href":"https:\/\/api.w.org\/{rel}","templated":true}]}}